{"id":253772,"date":"2024-12-18T07:38:59","date_gmt":"2024-12-18T10:38:59","guid":{"rendered":"https:\/\/franciscanos.org.br\/noticias\/?p=253772"},"modified":"2024-12-18T07:39:43","modified_gmt":"2024-12-18T10:39:43","slug":"papa-inicia-novo-ciclo-de-catequeses-sobre-a-esperanca","status":"publish","type":"post","link":"https:\/\/franciscanos.org.br\/noticias\/papa-inicia-novo-ciclo-de-catequeses-sobre-a-esperanca.html","title":{"rendered":"Papa inicia novo ciclo de catequeses sobre a esperan\u00e7a"},"content":{"rendered":"<p><img loading=\"lazy\" class=\"aligncenter wp-image-253777 size-full\" src=\"https:\/\/franciscanos.org.br\/noticias\/wp-content\/uploads\/2024\/12\/materia-18.12.jpg\" alt=\"\" width=\"1280\" height=\"720\" srcset=\"https:\/\/franciscanos.org.br\/noticias\/wp-content\/uploads\/2024\/12\/materia-18.12.jpg 1280w, https:\/\/franciscanos.org.br\/noticias\/wp-content\/uploads\/2024\/12\/materia-18.12-450x253.jpg 450w, https:\/\/franciscanos.org.br\/noticias\/wp-content\/uploads\/2024\/12\/materia-18.12-1024x576.jpg 1024w, https:\/\/franciscanos.org.br\/noticias\/wp-content\/uploads\/2024\/12\/materia-18.12-768x432.jpg 768w, https:\/\/franciscanos.org.br\/noticias\/wp-content\/uploads\/2024\/12\/materia-18.12-150x84.jpg 150w\" sizes=\"(max-width: 1280px) 100vw, 1280px\" \/><\/p>\n<p>O Papa Francisco introduziu, na manh\u00e3 desta quarta-feira, 18 de dezembro, o ciclo de catequeses com o tema: \u201cJesus Cristo, nossa esperan\u00e7a\u201d, que se desenvolver\u00e1 no decorrer do Ano Santo. Aos milhares de fi\u00e9is reunidos na Sala Paulo VI, o Pont\u00edfice destacou que a reflex\u00e3o ser\u00e1 dividida em partes, come\u00e7ando com a inf\u00e2ncia de Jesus, narrada pelos Evangelistas Mateus e Lucas. \u201cOs Evangelhos da inf\u00e2ncia relatam a concep\u00e7\u00e3o virginal de Jesus, seu nascimento do ventre de Maria, e a paternidade legal de Jos\u00e9, que insere o Filho de Deus na dinastia de Davi\u201d, explicou Francisco.<\/p>\n<p>\u201cJesus nos \u00e9 apresentado como rec\u00e9m-nascido, crian\u00e7a e adolescente, submisso a seus pais e, ao mesmo tempo, consciente de estar totalmente dedicado ao Pai e ao seu Reino.\u201d<\/p>\n<p><strong>A genealogia de Jesus\u00a0<\/strong><\/p>\n<p>O Papa ressaltou a import\u00e2ncia da genealogia apresentada no Evangelho de Mateus, que inaugura o Novo Testamento: \u201cA genealogia de Jesus Cristo, filho de Davi, filho de Abra\u00e3o\u201d (Mt 1,1). Trata-se de uma lista que demonstra \u201ca verdade da hist\u00f3ria e da vida humana\u201d, disse Francisco, sublinhando que ela revela uma narrativa rica em significado espiritual:<\/p>\n<p><i>\u201cA genealogia do Senhor \u00e9 constitu\u00edda a partir da hist\u00f3ria verdadeira, onde se encontram nomes no m\u00ednimo problem\u00e1ticos e se sublinha o pecado do rei Davi&#8230; Tudo, por\u00e9m, conclui-se e floresce em Maria e em Cristo\u201d.<\/i><\/p>\n<p>O Santo Padre destacou tr\u00eas elementos presentes na genealogia: um nome, que cont\u00e9m uma identidade e miss\u00e3o \u00fanicas; a perten\u00e7a a uma fam\u00edlia e povo; e a ades\u00e3o de f\u00e9 ao Deus de Israel.<\/p>\n<p><strong>O papel das mulheres\u00a0<\/strong><\/p>\n<p><img loading=\"lazy\" class=\"size-medium wp-image-253774 alignright\" src=\"https:\/\/franciscanos.org.br\/noticias\/wp-content\/uploads\/2024\/12\/18.12-3-450x253.jpeg\" alt=\"\" width=\"450\" height=\"253\" srcset=\"https:\/\/franciscanos.org.br\/noticias\/wp-content\/uploads\/2024\/12\/18.12-3-450x253.jpeg 450w, https:\/\/franciscanos.org.br\/noticias\/wp-content\/uploads\/2024\/12\/18.12-3-150x84.jpeg 150w, https:\/\/franciscanos.org.br\/noticias\/wp-content\/uploads\/2024\/12\/18.12-3.jpeg 750w\" sizes=\"(max-width: 450px) 100vw, 450px\" \/>Uma particularidade do Evangelho de Mateus \u00e9 a inclus\u00e3o de cinco mulheres na genealogia de Jesus: Tamar, Raab, Rute, Betsab\u00e9ia e Maria. Francisco enfatizou que, enquanto as primeiras quatro s\u00e3o estrangeiras, o que sinaliza a universalidade da miss\u00e3o de Cristo, Maria inaugura algo completamente novo:<\/p>\n<p><i>\u201cMaria marca um novo in\u00edcio, porque em sua hist\u00f3ria j\u00e1 n\u00e3o \u00e9 a criatura humana a protagonista da gera\u00e7\u00e3o, mas o pr\u00f3prio Deus. \u2018Jac\u00f3 gerou Jos\u00e9, o esposo de Maria, da qual nasceu Jesus, que \u00e9 chamado o Cristo\u2019 (Mt 1,16).\u201d<\/i><\/p>\n<p><strong>Jesus, verdadeiro Deus e verdadeiro homem\u00a0<\/strong><\/p>\n<p>&#8220;Jesus \u00e9 filho de Davi, inserido por Jos\u00e9 nessa dinastia e destinado a ser o\u00a0<i>Messias de Israel<\/i>, mas \u00e9 tamb\u00e9m filho de Abra\u00e3o e de mulheres estrangeiras, destinado a ser &#8216;<i>Luz das na\u00e7\u00f5es<\/i>&#8216; (cf. Lc 2,32).&#8221;<\/p>\n<p>Francisco se deteve tamb\u00e9m na dimens\u00e3o profundamente humana de Jesus, que, apesar de sua miss\u00e3o divina, foi reconhecido em Nazar\u00e9 como \u201cfilho de Jos\u00e9\u201d ou \u201cfilho do carpinteiro\u201d (Jo 6,42; Mt 13,55). \u201cO Filho de Deus entrou no mundo como todos os filhos dos homens, tanto que em Nazar\u00e9 ser\u00e1 chamado assim\u201d, sublinhou o Pont\u00edfice.<\/p>\n<p><strong><img loading=\"lazy\" class=\"aligncenter wp-image-253775 size-full\" src=\"https:\/\/franciscanos.org.br\/noticias\/wp-content\/uploads\/2024\/12\/18.12-2.jpeg\" alt=\"\" width=\"750\" height=\"422\" srcset=\"https:\/\/franciscanos.org.br\/noticias\/wp-content\/uploads\/2024\/12\/18.12-2.jpeg 750w, https:\/\/franciscanos.org.br\/noticias\/wp-content\/uploads\/2024\/12\/18.12-2-450x253.jpeg 450w, https:\/\/franciscanos.org.br\/noticias\/wp-content\/uploads\/2024\/12\/18.12-2-150x84.jpeg 150w\" sizes=\"(max-width: 750px) 100vw, 750px\" \/>Gratid\u00e3o aos antepassados e \u00e0 Igreja\u00a0<\/strong><\/p>\n<p>Concluindo a catequese, o Papa convidou os fi\u00e9is a despertarem a mem\u00f3ria grata pelos seus antepassados e pela Igreja, que nos transmite a vida eterna em Jesus Cristo: \u201cRendamos gra\u00e7as a Deus, que, por meio da m\u00e3e Igreja, nos gerou para a vida eterna, a vida de Jesus, nossa esperan\u00e7a.\u201d<\/p>\n<hr \/>\n<p><em>Thulio Fonseca &#8211; Vatican News<\/em><\/p>\n","protected":false},"excerpt":{"rendered":"<p>Audi\u00eancia Geral <\/p>\n","protected":false},"author":11,"featured_media":253780,"comment_status":"open","ping_status":"open","sticky":false,"template":"","format":"standard","meta":[],"categories":[1,1428],"tags":[487,55],"acf":[],"yoast_head":"<!-- This site is optimized with the Yoast SEO plugin v19.2 - https:\/\/yoast.com\/wordpress\/plugins\/seo\/ -->\n<title>Papa inicia novo ciclo de catequeses sobre a esperan\u00e7a - Not\u00edcias - Franciscanos<\/title>\n<meta name=\"robots\" content=\"index, follow, max-snippet:-1, max-image-preview:large, max-video-preview:-1\" \/>\n<link rel=\"canonical\" href=\"https:\/\/franciscanos.org.br\/noticias\/papa-inicia-novo-ciclo-de-catequeses-sobre-a-esperanca.html\" \/>\n<meta property=\"og:locale\" content=\"pt_BR\" \/>\n<meta property=\"og:type\" content=\"article\" \/>\n<meta property=\"og:title\" content=\"Papa inicia novo ciclo de catequeses sobre a esperan\u00e7a - Not\u00edcias - Franciscanos\" \/>\n<meta property=\"og:description\" content=\"Audi\u00eancia Geral\" \/>\n<meta property=\"og:url\" content=\"https:\/\/franciscanos.org.br\/noticias\/papa-inicia-novo-ciclo-de-catequeses-sobre-a-esperanca.html\" \/>\n<meta property=\"og:site_name\" content=\"Not\u00edcias - Franciscanos\" \/>\n<meta property=\"article:published_time\" content=\"2024-12-18T10:38:59+00:00\" \/>\n<meta property=\"article:modified_time\" content=\"2024-12-18T10:39:43+00:00\" \/>\n<meta property=\"og:image\" content=\"https:\/\/franciscanos.org.br\/noticias\/wp-content\/uploads\/2024\/12\/CHAMADA-18.12.jpg\" \/>\n\t<meta property=\"og:image:width\" content=\"800\" \/>\n\t<meta property=\"og:image:height\" content=\"550\" \/>\n\t<meta property=\"og:image:type\" content=\"image\/jpeg\" \/>\n<meta name=\"author\" content=\"Adriana Rabelo\" \/>\n<meta name=\"twitter:card\" content=\"summary_large_image\" \/>\n<meta name=\"twitter:label1\" content=\"Escrito por\" \/>\n\t<meta name=\"twitter:data1\" content=\"Adriana Rabelo\" \/>\n\t<meta name=\"twitter:label2\" content=\"Est. tempo de leitura\" \/>\n\t<meta name=\"twitter:data2\" content=\"3 minutos\" \/>\n<script type=\"application\/ld+json\" class=\"yoast-schema-graph\">{\"@context\":\"https:\/\/schema.org\",\"@graph\":[{\"@type\":\"WebSite\",\"@id\":\"https:\/\/franciscanos.org.br\/noticias\/#website\",\"url\":\"https:\/\/franciscanos.org.br\/noticias\/\",\"name\":\"Not\u00edcias - Franciscanos\",\"description\":\"Prov\u00edncia Franciscana da Imaculada Concei\u00e7\u00e3o do Brasil - Ordem dos Frades Menores - OFM\",\"potentialAction\":[{\"@type\":\"SearchAction\",\"target\":{\"@type\":\"EntryPoint\",\"urlTemplate\":\"https:\/\/franciscanos.org.br\/noticias\/?s={search_term_string}\"},\"query-input\":\"required name=search_term_string\"}],\"inLanguage\":\"pt-BR\"},{\"@type\":\"ImageObject\",\"inLanguage\":\"pt-BR\",\"@id\":\"https:\/\/franciscanos.org.br\/noticias\/papa-inicia-novo-ciclo-de-catequeses-sobre-a-esperanca.html#primaryimage\",\"url\":\"https:\/\/franciscanos.org.br\/noticias\/wp-content\/uploads\/2024\/12\/CHAMADA-18.12.jpg\",\"contentUrl\":\"https:\/\/franciscanos.org.br\/noticias\/wp-content\/uploads\/2024\/12\/CHAMADA-18.12.jpg\",\"width\":800,\"height\":550},{\"@type\":\"WebPage\",\"@id\":\"https:\/\/franciscanos.org.br\/noticias\/papa-inicia-novo-ciclo-de-catequeses-sobre-a-esperanca.html#webpage\",\"url\":\"https:\/\/franciscanos.org.br\/noticias\/papa-inicia-novo-ciclo-de-catequeses-sobre-a-esperanca.html\",\"name\":\"Papa inicia novo ciclo de catequeses sobre a esperan\u00e7a - Not\u00edcias - Franciscanos\",\"isPartOf\":{\"@id\":\"https:\/\/franciscanos.org.br\/noticias\/#website\"},\"primaryImageOfPage\":{\"@id\":\"https:\/\/franciscanos.org.br\/noticias\/papa-inicia-novo-ciclo-de-catequeses-sobre-a-esperanca.html#primaryimage\"},\"datePublished\":\"2024-12-18T10:38:59+00:00\",\"dateModified\":\"2024-12-18T10:39:43+00:00\",\"author\":{\"@id\":\"https:\/\/franciscanos.org.br\/noticias\/#\/schema\/person\/d9422e83121c3ad3b0f423d195f5bb25\"},\"breadcrumb\":{\"@id\":\"https:\/\/franciscanos.org.br\/noticias\/papa-inicia-novo-ciclo-de-catequeses-sobre-a-esperanca.html#breadcrumb\"},\"inLanguage\":\"pt-BR\",\"potentialAction\":[{\"@type\":\"ReadAction\",\"target\":[\"https:\/\/franciscanos.org.br\/noticias\/papa-inicia-novo-ciclo-de-catequeses-sobre-a-esperanca.html\"]}]},{\"@type\":\"BreadcrumbList\",\"@id\":\"https:\/\/franciscanos.org.br\/noticias\/papa-inicia-novo-ciclo-de-catequeses-sobre-a-esperanca.html#breadcrumb\",\"itemListElement\":[{\"@type\":\"ListItem\",\"position\":1,\"name\":\"Home\",\"item\":\"https:\/\/franciscanos.org.br\/noticias\"},{\"@type\":\"ListItem\",\"position\":2,\"name\":\"Papa inicia novo ciclo de catequeses sobre a esperan\u00e7a\"}]},{\"@type\":\"Person\",\"@id\":\"https:\/\/franciscanos.org.br\/noticias\/#\/schema\/person\/d9422e83121c3ad3b0f423d195f5bb25\",\"name\":\"Adriana Rabelo\",\"image\":{\"@type\":\"ImageObject\",\"inLanguage\":\"pt-BR\",\"@id\":\"https:\/\/franciscanos.org.br\/noticias\/#\/schema\/person\/image\/\",\"url\":\"https:\/\/secure.gravatar.com\/avatar\/0a937b7500cd7df77540cfb8bede877d?s=96&d=mm&r=g\",\"contentUrl\":\"https:\/\/secure.gravatar.com\/avatar\/0a937b7500cd7df77540cfb8bede877d?s=96&d=mm&r=g\",\"caption\":\"Adriana Rabelo\"},\"url\":\"https:\/\/franciscanos.org.br\/noticias\/author\/adrianarabelo\"}]}<\/script>\n<!-- \/ Yoast SEO plugin. -->","yoast_head_json":{"title":"Papa inicia novo ciclo de catequeses sobre a esperan\u00e7a - Not\u00edcias - Franciscanos","robots":{"index":"index","follow":"follow","max-snippet":"max-snippet:-1","max-image-preview":"max-image-preview:large","max-video-preview":"max-video-preview:-1"},"canonical":"https:\/\/franciscanos.org.br\/noticias\/papa-inicia-novo-ciclo-de-catequeses-sobre-a-esperanca.html","og_locale":"pt_BR","og_type":"article","og_title":"Papa inicia novo ciclo de catequeses sobre a esperan\u00e7a - Not\u00edcias - Franciscanos","og_description":"Audi\u00eancia Geral","og_url":"https:\/\/franciscanos.org.br\/noticias\/papa-inicia-novo-ciclo-de-catequeses-sobre-a-esperanca.html","og_site_name":"Not\u00edcias - Franciscanos","article_published_time":"2024-12-18T10:38:59+00:00","article_modified_time":"2024-12-18T10:39:43+00:00","og_image":[{"width":800,"height":550,"url":"https:\/\/franciscanos.org.br\/noticias\/wp-content\/uploads\/2024\/12\/CHAMADA-18.12.jpg","type":"image\/jpeg"}],"author":"Adriana Rabelo","twitter_card":"summary_large_image","twitter_misc":{"Escrito por":"Adriana Rabelo","Est. tempo de leitura":"3 minutos"},"schema":{"@context":"https:\/\/schema.org","@graph":[{"@type":"WebSite","@id":"https:\/\/franciscanos.org.br\/noticias\/#website","url":"https:\/\/franciscanos.org.br\/noticias\/","name":"Not\u00edcias - Franciscanos","description":"Prov\u00edncia Franciscana da Imaculada Concei\u00e7\u00e3o do Brasil - Ordem dos Frades Menores - OFM","potentialAction":[{"@type":"SearchAction","target":{"@type":"EntryPoint","urlTemplate":"https:\/\/franciscanos.org.br\/noticias\/?s={search_term_string}"},"query-input":"required name=search_term_string"}],"inLanguage":"pt-BR"},{"@type":"ImageObject","inLanguage":"pt-BR","@id":"https:\/\/franciscanos.org.br\/noticias\/papa-inicia-novo-ciclo-de-catequeses-sobre-a-esperanca.html#primaryimage","url":"https:\/\/franciscanos.org.br\/noticias\/wp-content\/uploads\/2024\/12\/CHAMADA-18.12.jpg","contentUrl":"https:\/\/franciscanos.org.br\/noticias\/wp-content\/uploads\/2024\/12\/CHAMADA-18.12.jpg","width":800,"height":550},{"@type":"WebPage","@id":"https:\/\/franciscanos.org.br\/noticias\/papa-inicia-novo-ciclo-de-catequeses-sobre-a-esperanca.html#webpage","url":"https:\/\/franciscanos.org.br\/noticias\/papa-inicia-novo-ciclo-de-catequeses-sobre-a-esperanca.html","name":"Papa inicia novo ciclo de catequeses sobre a esperan\u00e7a - Not\u00edcias - Franciscanos","isPartOf":{"@id":"https:\/\/franciscanos.org.br\/noticias\/#website"},"primaryImageOfPage":{"@id":"https:\/\/franciscanos.org.br\/noticias\/papa-inicia-novo-ciclo-de-catequeses-sobre-a-esperanca.html#primaryimage"},"datePublished":"2024-12-18T10:38:59+00:00","dateModified":"2024-12-18T10:39:43+00:00","author":{"@id":"https:\/\/franciscanos.org.br\/noticias\/#\/schema\/person\/d9422e83121c3ad3b0f423d195f5bb25"},"breadcrumb":{"@id":"https:\/\/franciscanos.org.br\/noticias\/papa-inicia-novo-ciclo-de-catequeses-sobre-a-esperanca.html#breadcrumb"},"inLanguage":"pt-BR","potentialAction":[{"@type":"ReadAction","target":["https:\/\/franciscanos.org.br\/noticias\/papa-inicia-novo-ciclo-de-catequeses-sobre-a-esperanca.html"]}]},{"@type":"BreadcrumbList","@id":"https:\/\/franciscanos.org.br\/noticias\/papa-inicia-novo-ciclo-de-catequeses-sobre-a-esperanca.html#breadcrumb","itemListElement":[{"@type":"ListItem","position":1,"name":"Home","item":"https:\/\/franciscanos.org.br\/noticias"},{"@type":"ListItem","position":2,"name":"Papa inicia novo ciclo de catequeses sobre a esperan\u00e7a"}]},{"@type":"Person","@id":"https:\/\/franciscanos.org.br\/noticias\/#\/schema\/person\/d9422e83121c3ad3b0f423d195f5bb25","name":"Adriana Rabelo","image":{"@type":"ImageObject","inLanguage":"pt-BR","@id":"https:\/\/franciscanos.org.br\/noticias\/#\/schema\/person\/image\/","url":"https:\/\/secure.gravatar.com\/avatar\/0a937b7500cd7df77540cfb8bede877d?s=96&d=mm&r=g","contentUrl":"https:\/\/secure.gravatar.com\/avatar\/0a937b7500cd7df77540cfb8bede877d?s=96&d=mm&r=g","caption":"Adriana Rabelo"},"url":"https:\/\/franciscanos.org.br\/noticias\/author\/adrianarabelo"}]}},"_links":{"self":[{"href":"https:\/\/franciscanos.org.br\/noticias\/wp-json\/wp\/v2\/posts\/253772"}],"collection":[{"href":"https:\/\/franciscanos.org.br\/noticias\/wp-json\/wp\/v2\/posts"}],"about":[{"href":"https:\/\/franciscanos.org.br\/noticias\/wp-json\/wp\/v2\/types\/post"}],"author":[{"embeddable":true,"href":"https:\/\/franciscanos.org.br\/noticias\/wp-json\/wp\/v2\/users\/11"}],"replies":[{"embeddable":true,"href":"https:\/\/franciscanos.org.br\/noticias\/wp-json\/wp\/v2\/comments?post=253772"}],"version-history":[{"count":4,"href":"https:\/\/franciscanos.org.br\/noticias\/wp-json\/wp\/v2\/posts\/253772\/revisions"}],"predecessor-version":[{"id":253781,"href":"https:\/\/franciscanos.org.br\/noticias\/wp-json\/wp\/v2\/posts\/253772\/revisions\/253781"}],"wp:featuredmedia":[{"embeddable":true,"href":"https:\/\/franciscanos.org.br\/noticias\/wp-json\/wp\/v2\/media\/253780"}],"wp:attachment":[{"href":"https:\/\/franciscanos.org.br\/noticias\/wp-json\/wp\/v2\/media?parent=253772"}],"wp:term":[{"taxonomy":"category","embeddable":true,"href":"https:\/\/franciscanos.org.br\/noticias\/wp-json\/wp\/v2\/categories?post=253772"},{"taxonomy":"post_tag","embeddable":true,"href":"https:\/\/franciscanos.org.br\/noticias\/wp-json\/wp\/v2\/tags?post=253772"}],"curies":[{"name":"wp","href":"https:\/\/api.w.org\/{rel}","templated":true}]}}