{"id":253636,"date":"2024-12-13T15:47:25","date_gmt":"2024-12-13T18:47:25","guid":{"rendered":"https:\/\/franciscanos.org.br\/noticias\/?p=253636"},"modified":"2024-12-16T14:22:13","modified_gmt":"2024-12-16T17:22:13","slug":"fraternidades-franciscanas-acolhem-o-menino-jesus-com-grandes-exposicoes-de-presepios","status":"publish","type":"post","link":"https:\/\/franciscanos.org.br\/noticias\/fraternidades-franciscanas-acolhem-o-menino-jesus-com-grandes-exposicoes-de-presepios.html","title":{"rendered":"C\u00e2ntico das Criaturas e os pres\u00e9pios franciscanos 2024"},"content":{"rendered":"<p><img loading=\"lazy\" class=\"aligncenter wp-image-253638 size-full\" src=\"https:\/\/franciscanos.org.br\/noticias\/wp-content\/uploads\/2024\/12\/MATERIA-5.jpg\" alt=\"\" width=\"1280\" height=\"720\" srcset=\"https:\/\/franciscanos.org.br\/noticias\/wp-content\/uploads\/2024\/12\/MATERIA-5.jpg 1280w, https:\/\/franciscanos.org.br\/noticias\/wp-content\/uploads\/2024\/12\/MATERIA-5-450x253.jpg 450w, https:\/\/franciscanos.org.br\/noticias\/wp-content\/uploads\/2024\/12\/MATERIA-5-1024x576.jpg 1024w, https:\/\/franciscanos.org.br\/noticias\/wp-content\/uploads\/2024\/12\/MATERIA-5-768x432.jpg 768w, https:\/\/franciscanos.org.br\/noticias\/wp-content\/uploads\/2024\/12\/MATERIA-5-150x84.jpg 150w\" sizes=\"(max-width: 1280px) 100vw, 1280px\" \/><\/p>\n<p>Como manjedouras, as fraternidades da Prov\u00edncia Franciscana da Imaculada Concei\u00e7\u00e3o do Brasil est\u00e3o preparadas para acolher o Menino Jesus, renovando uma tradi\u00e7\u00e3o iniciada por S\u00e3o Francisco de Assis h\u00e1 mais de 800 anos.<\/p>\n<p>O pres\u00e9pio, uma das mais fortes tradi\u00e7\u00f5es franciscanas, teve origem em Greccio, na It\u00e1lia, no ano de 1223. Tom\u00e1s de Celano, em seus relatos, descreve os momentos vividos pelo Santo Ser\u00e1fico, fiel seguidor do Evangelho, ao decidir representar o nascimento de Jesus Cristo.<\/p>\n<p><em>Havia naquela terra um homem de nome Jo\u00e3o, de boa fama, mas de vida melhor, a quem o bem-aventurado Francisco amava com especial afei\u00e7\u00e3o, porque, como fosse muito nobre e louv\u00e1vel em sua terra, tendo desprezado a nobreza da carne, seguiu a nobreza do esp\u00edrito. E o bem-aventurado Francisco, como muitas vezes acontecia, quase quinze dias antes do Natal do Senhor, mandou que ele fosse chamado e disse-lhe: \u2018Se desejas que celebremos, em Greccio, a presente festividade do Senhor, apressa-te e prepara diligentemente as coisas que te digo. Pois quero celebrar a mem\u00f3ria daquele Menino que nasceu em Bel\u00e9m e ver de algum modo, com os olhos corporais, os apuros e necessidades da inf\u00e2ncia dele, como foi reclinado no pres\u00e9pio e como, estando presentes o boi e o burro, foi colocado sobre o feno\u2019. O bom e fiel homem, ouvindo isto, correu mais apressadamente e preparou no predito lugar tudo o que o santo dissera.<\/em><\/p>\n<p><em>E aproximou-se o dia da alegria, chegou o tempo da exulta\u00e7\u00e3o. Os irm\u00e3os foram chamados de muitos lugares; homens e mulheres daquela terra, com \u00e2nimos exultantes, preparam, segundo suas possibilidades, velas e tochas para iluminar a noite que com o astro cintilante iluminou todos os dias e anos. Veio finalmente o santo de Deus e, encontrando tudo preparado, viu e alegrou-se. E, de fato, prepara-se o pres\u00e9pio, traz-se o feno, s\u00e3o conduzidos o boi e o burro. Ali se honra a simplicidade, se exalta a pobreza, se elogia a humildade; e de Greccio se fez com que uma nova Bel\u00e9m. Ilumina-se a noite como o dia e torna-se deliciosa para os homens e animais. As pessoas chegam ao novo mist\u00e9rio e alegram-se com novas alegrias. O bosque faz ressoar as vozes, e as rochas respondem aos que se rejubilam. Os irm\u00e3os cantam, rendendo os devidos louvores ao Senhor, e toda a noite dan\u00e7a de j\u00fabilo. O santo de Deus est\u00e1 de p\u00e9 diante do pres\u00e9pio, cheio de suspiros, contrito de piedade e transbordante de admir\u00e1vel alegria. \u201d (Cel 30,4).<\/em><\/p>\n<p>Seguindo os passos de S\u00e3o Francisco, os frades franciscanos, todos os anos, repetem de forma simb\u00f3lica o gesto do criador da Ordem dos Frades Menores, montando os pres\u00e9pios que, de Greccio, passaram a ocupar os lares, as igrejas e outros espa\u00e7os onde todos desejam anunciar a vinda do Salvador.<\/p>\n<p>Especialmente neste ano, as exposi\u00e7\u00f5es de pres\u00e9pios est\u00e3o com tem\u00e1ticas voltadas ao <strong>\u201cC\u00e2ntico das Criaturas\u201d<\/strong>, \u00faltimo momento das celebra\u00e7\u00f5es do VIII Centen\u00e1rio Franciscano, iniciado em 2023, com a aprova\u00e7\u00e3o da Regra Bulada, o Natal de Greccio e os Estigmas, neste ano de 2024.<\/p>\n<p>De acordo com o texto de Frei Marx Rodrigues dos Reis, publicado na Revista Casa Comum, o \u201cC\u00e2ntico das Criaturas&#8221; \u00e9 uma obra liter\u00e1ria, po\u00e9tica, atemporal e muito relevante para os dias atuais. A composi\u00e7\u00e3o \u00e9 um convite de louvor a Deus por todas as suas criaturas, nos levando \u00e0 conscientiza\u00e7\u00e3o e \u00e0 reflex\u00e3o para reconhecer que somos parte da natureza e coautores da Cria\u00e7\u00e3o, uma ecologia integral. S\u00e3o Francisco reconheceu em toda Cria\u00e7\u00e3o a fraternidade universal e, consequentemente, a nossa rela\u00e7\u00e3o n\u00e3o deve ser a de autoridade e\/ou superioridade, mas de irm\u00e3os e irm\u00e3s de toda criatura.\u201d<\/p>\n\n\t\t<style type=\"text\/css\">\n\t\t\t#gallery-1 {\n\t\t\t\tmargin: auto;\n\t\t\t}\n\t\t\t#gallery-1 .gallery-item {\n\t\t\t\tfloat: left;\n\t\t\t\tmargin-top: 10px;\n\t\t\t\ttext-align: center;\n\t\t\t\twidth: 25%;\n\t\t\t}\n\t\t\t#gallery-1 img {\n\t\t\t\tborder: 2px solid #cfcfcf;\n\t\t\t}\n\t\t\t#gallery-1 .gallery-caption {\n\t\t\t\tmargin-left: 0;\n\t\t\t}\n\t\t\t\/* see gallery_shortcode() in wp-includes\/media.php *\/\n\t\t<\/style>\n\t\t<div id='gallery-1' class='gallery galleryid-253636 gallery-columns-4 gallery-size-thumbnail'><dl class='gallery-item'>\n\t\t\t<dt class='gallery-icon portrait'>\n\t\t\t\t<a href='https:\/\/franciscanos.org.br\/noticias\/wp-content\/uploads\/2024\/12\/WhatsApp-Image-2024-12-13-at-19.25.14.jpeg'><img width=\"300\" height=\"300\" src=\"https:\/\/franciscanos.org.br\/noticias\/wp-content\/uploads\/2024\/12\/WhatsApp-Image-2024-12-13-at-19.25.14-300x300.jpeg\" class=\"attachment-thumbnail size-thumbnail\" alt=\"\" loading=\"lazy\" aria-describedby=\"gallery-1-253643\" srcset=\"https:\/\/franciscanos.org.br\/noticias\/wp-content\/uploads\/2024\/12\/WhatsApp-Image-2024-12-13-at-19.25.14-300x300.jpeg 300w, https:\/\/franciscanos.org.br\/noticias\/wp-content\/uploads\/2024\/12\/WhatsApp-Image-2024-12-13-at-19.25.14-100x100.jpeg 100w\" sizes=\"(max-width: 300px) 100vw, 300px\" \/><\/a>\n\t\t\t<\/dt>\n\t\t\t\t<dd class='wp-caption-text gallery-caption' id='gallery-1-253643'>\n\t\t\t\tConvento Santo Antonio\n\t\t\t\t<\/dd><\/dl><dl class='gallery-item'>\n\t\t\t<dt class='gallery-icon landscape'>\n\t\t\t\t<a href='https:\/\/franciscanos.org.br\/noticias\/wp-content\/uploads\/2024\/12\/IMG_0160-scaled.jpg'><img width=\"300\" height=\"300\" src=\"https:\/\/franciscanos.org.br\/noticias\/wp-content\/uploads\/2024\/12\/IMG_0160-300x300.jpg\" class=\"attachment-thumbnail size-thumbnail\" alt=\"\" loading=\"lazy\" aria-describedby=\"gallery-1-253644\" srcset=\"https:\/\/franciscanos.org.br\/noticias\/wp-content\/uploads\/2024\/12\/IMG_0160-300x300.jpg 300w, https:\/\/franciscanos.org.br\/noticias\/wp-content\/uploads\/2024\/12\/IMG_0160-100x100.jpg 100w\" sizes=\"(max-width: 300px) 100vw, 300px\" \/><\/a>\n\t\t\t<\/dt>\n\t\t\t\t<dd class='wp-caption-text gallery-caption' id='gallery-1-253644'>\n\t\t\t\tSantu\u00e1rio Esp\u00edrito Santo\n\t\t\t\t<\/dd><\/dl><dl class='gallery-item'>\n\t\t\t<dt class='gallery-icon landscape'>\n\t\t\t\t<a href='https:\/\/franciscanos.org.br\/noticias\/wp-content\/uploads\/2024\/12\/Exposicao-de-Presepios-2024-33-1536x1024-1.jpg'><img width=\"300\" height=\"300\" src=\"https:\/\/franciscanos.org.br\/noticias\/wp-content\/uploads\/2024\/12\/Exposicao-de-Presepios-2024-33-1536x1024-1-300x300.jpg\" class=\"attachment-thumbnail size-thumbnail\" alt=\"\" loading=\"lazy\" aria-describedby=\"gallery-1-253646\" srcset=\"https:\/\/franciscanos.org.br\/noticias\/wp-content\/uploads\/2024\/12\/Exposicao-de-Presepios-2024-33-1536x1024-1-300x300.jpg 300w, https:\/\/franciscanos.org.br\/noticias\/wp-content\/uploads\/2024\/12\/Exposicao-de-Presepios-2024-33-1536x1024-1-100x100.jpg 100w\" sizes=\"(max-width: 300px) 100vw, 300px\" \/><\/a>\n\t\t\t<\/dt>\n\t\t\t\t<dd class='wp-caption-text gallery-caption' id='gallery-1-253646'>\n\t\t\t\tConvento da Penha\n\t\t\t\t<\/dd><\/dl><dl class='gallery-item'>\n\t\t\t<dt class='gallery-icon landscape'>\n\t\t\t\t<a href='https:\/\/franciscanos.org.br\/noticias\/wp-content\/uploads\/2024\/12\/WhatsApp-Image-2024-12-13-at-11.55.18.jpeg'><img width=\"300\" height=\"300\" src=\"https:\/\/franciscanos.org.br\/noticias\/wp-content\/uploads\/2024\/12\/WhatsApp-Image-2024-12-13-at-11.55.18-300x300.jpeg\" class=\"attachment-thumbnail size-thumbnail\" alt=\"\" loading=\"lazy\" aria-describedby=\"gallery-1-253645\" srcset=\"https:\/\/franciscanos.org.br\/noticias\/wp-content\/uploads\/2024\/12\/WhatsApp-Image-2024-12-13-at-11.55.18-300x300.jpeg 300w, https:\/\/franciscanos.org.br\/noticias\/wp-content\/uploads\/2024\/12\/WhatsApp-Image-2024-12-13-at-11.55.18-100x100.jpeg 100w\" sizes=\"(max-width: 300px) 100vw, 300px\" \/><\/a>\n\t\t\t<\/dt>\n\t\t\t\t<dd class='wp-caption-text gallery-caption' id='gallery-1-253645'>\n\t\t\t\tSantu\u00e1rio S\u00e3o Francisco\n\t\t\t\t<\/dd><\/dl><br style=\"clear: both\" \/>\n\t\t<\/div>\n\n<p>As exposi\u00e7\u00f5es das fraternidades s\u00e3o conhecidas entre os fi\u00e9is, que aguardam entusiasmados todos os anos por esse momento. Essa tradi\u00e7\u00e3o come\u00e7ou em meados dos anos 70, com Frei Paulo Limper e Frei Est\u00eav\u00e3o Ottenbreit. O acervo da Prov\u00edncia conta com uma grande cole\u00e7\u00e3o de pres\u00e9pios do mundo inteiro que revelam o mist\u00e9rio do Nascimento de Jesus nas mais variadas formas, materiais e t\u00e9cnicas de representa\u00e7\u00e3o pl\u00e1stica.<\/p>\n<p>Essa maneira original e criativa revela a import\u00e2ncia desse momento significativo na vida do crist\u00e3o. As imagens refor\u00e7am o quanto somos pequenos diante da grandeza do Senhor, que nos presenteou com seu Filho amado e mostrou que o amor incondicional est\u00e1 na vida humilde, despojada de riquezas, mas repleta de compaix\u00e3o, solidariedade e esperan\u00e7a.<\/p>\n<p><strong>O in\u00edcio das exposi\u00e7\u00f5es dos pres\u00e9pios franciscanos<\/strong><\/p>\n<p><img loading=\"lazy\" class=\"aligncenter wp-image-253639 size-full\" src=\"https:\/\/franciscanos.org.br\/noticias\/wp-content\/uploads\/2024\/12\/materia-espirito2.jpg\" alt=\"\" width=\"1280\" height=\"720\" srcset=\"https:\/\/franciscanos.org.br\/noticias\/wp-content\/uploads\/2024\/12\/materia-espirito2.jpg 1280w, https:\/\/franciscanos.org.br\/noticias\/wp-content\/uploads\/2024\/12\/materia-espirito2-450x253.jpg 450w, https:\/\/franciscanos.org.br\/noticias\/wp-content\/uploads\/2024\/12\/materia-espirito2-1024x576.jpg 1024w, https:\/\/franciscanos.org.br\/noticias\/wp-content\/uploads\/2024\/12\/materia-espirito2-768x432.jpg 768w, https:\/\/franciscanos.org.br\/noticias\/wp-content\/uploads\/2024\/12\/materia-espirito2-150x84.jpg 150w\" sizes=\"(max-width: 1280px) 100vw, 1280px\" \/><\/p>\n<p>O Primeiro Domingo do Advento deste ano, 1 de dezembro, marcou o in\u00edcio das celebra\u00e7\u00f5es do Natal e a montagem dos pres\u00e9pios. Na Prov\u00edncia, a maioria das exposi\u00e7\u00f5es foram abertas ao p\u00fablico no dia 6 deste m\u00eas, permitindo que os fi\u00e9is vivam os trinta dias de celebra\u00e7\u00f5es at\u00e9 6 de janeiro, Dia dos Reis Magos e Epifania do Senhor, quando o ciclo lit\u00fargico \u00e9 encerrado e os pres\u00e9pios s\u00e3o desmontados.<\/p>\n<p>Na Fraternidade Divino Esp\u00edrito Santo, onde est\u00e3o o Santu\u00e1rio que leva o mesmo nome e a Par\u00f3quia Nossa Senhora do Ros\u00e1rio, em Vila Velha (ES), o pres\u00e9pio foi apresentado \u00e0 comunidade no dia 1\u00ba de dezembro, conforme a tradi\u00e7\u00e3o.<\/p>\n<p>Na celebra\u00e7\u00e3o presidida pelo p\u00e1roco, Frei Vanderlei Neves, um casal acendeu a primeira vela da Coroa do Advento, que neste ano traz a figura do Anjo Gabriel com um pergaminho em suas m\u00e3os contendo um trecho do primeiro cap\u00edtulo do Evangelho de Jo\u00e3o: \u201cNo princ\u00edpio era o Verbo, e o Verbo estava junto de Deus e o Verbo era Deus. Ele estava no princ\u00edpio junto de Deus. Tudo foi feito por ele, e sem ele nada foi feito. Nele havia a vida, e a vida era a luz dos homens.\u201d<\/p>\n<p><img loading=\"lazy\" class=\"size-medium wp-image-253647 alignright\" src=\"https:\/\/franciscanos.org.br\/noticias\/wp-content\/uploads\/2024\/12\/IMG_9822-450x300.jpg\" alt=\"\" width=\"450\" height=\"300\" srcset=\"https:\/\/franciscanos.org.br\/noticias\/wp-content\/uploads\/2024\/12\/IMG_9822-450x300.jpg 450w, https:\/\/franciscanos.org.br\/noticias\/wp-content\/uploads\/2024\/12\/IMG_9822-1024x683.jpg 1024w, https:\/\/franciscanos.org.br\/noticias\/wp-content\/uploads\/2024\/12\/IMG_9822-768x512.jpg 768w, https:\/\/franciscanos.org.br\/noticias\/wp-content\/uploads\/2024\/12\/IMG_9822-1536x1024.jpg 1536w, https:\/\/franciscanos.org.br\/noticias\/wp-content\/uploads\/2024\/12\/IMG_9822-2048x1365.jpg 2048w, https:\/\/franciscanos.org.br\/noticias\/wp-content\/uploads\/2024\/12\/IMG_9822-150x100.jpg 150w, https:\/\/franciscanos.org.br\/noticias\/wp-content\/uploads\/2024\/12\/IMG_9822-scaled.jpg 1620w\" sizes=\"(max-width: 450px) 100vw, 450px\" \/>A montagem da decora\u00e7\u00e3o de Natal deste ano foi realizada por uma grande equipe, assistida de perto por Frei Clar\u00eancio Neotti, que ficou respons\u00e1vel pela apresenta\u00e7\u00e3o do projeto.<\/p>\n<p>O Pres\u00e9pio de 2024 faz alus\u00e3o aos centen\u00e1rios que envolvem a figura de S\u00e3o Francisco de Assis: 800 anos do pres\u00e9pio; 800 anos das Chagas de S\u00e3o Francisco; 800 anos da composi\u00e7\u00e3o do C\u00e2ntico do Sol, obra-prima da literatura mundial; e 800 anos da morte de S\u00e3o Francisco.<\/p>\n<p>\u201cPara chegar \u00e0 gruta de Bel\u00e9m, neste ano, voc\u00ea vai passar por cima de um Tau. O Tau tem a forma da nossa letra T. Ele \u00e9 a \u00faltima letra do alfabeto hebraico, l\u00edngua em que foi escrito o Antigo Testamento. Diz o profeta Ezequiel (9,4) que Deus, antes de castigar os maus, mandou assinalar a testa dos bons com a letra Tau. Por isso o Tau passou a ser s\u00edmbolo da miseric\u00f3rdia divina e da prote\u00e7\u00e3o de Deus. S\u00e3o Francisco de Assis adotou o Tau como assinatura. Os Franciscanos t\u00eam devo\u00e7\u00e3o ao Tau e muitos o levam ao pesco\u00e7o, para se lembrarem da miseric\u00f3rdia de Deus e do dever de serem misericordiosos. Gravamos em cer\u00e2mica um Tau no caminho que leva \u00e0 gruta. Este Tau n\u00f3s copiamos de uma janela de um convento franciscano. Traz as duas iniciais SF (S\u00e3o Francisco) e as tr\u00eas cruzes, que significam as tr\u00eas Ordens fundadas por S\u00e3o Francisco. Tr\u00eas ordens fundadas na miseric\u00f3rdia de Deus; tr\u00eas Ordens menores que t\u00eam prote\u00e7\u00e3o divina na sua miss\u00e3o de irem pelo mundo (por isso o Tau tem duas pernas), levando o Cristo-Miseric\u00f3rdia\u201d, explicou o frade.<\/p>\n<p>Em sua descri\u00e7\u00e3o, o frade destacou a intencionalidade de um caminho criado de forma que a comunidade possa viver a experi\u00eancia da entrega, assim como fez S\u00e3o Francisco de Assis. \u201cSem passar pelo caminho da miseric\u00f3rdia, voc\u00ea n\u00e3o alcan\u00e7a o Menino de Bel\u00e9m, que \u00e9 a encarna\u00e7\u00e3o da miseric\u00f3rdia divina. A gruta de Bel\u00e9m est\u00e1 diante da fachada da Capela da Porci\u00fancula, uma pequena igreja restaurada por S\u00e3o Francisco, dedicada \u00e0 Nossa Senhora dos Anjos. L\u00e1 S\u00e3o Francisco fundou as tr\u00eas Ordens e consagrou Santa Clara. Naquele lugar sagrado ele pediu ao Papa a gra\u00e7a da Indulg\u00eancia do Grande Perd\u00e3o, no dia 2 de agosto. E, nessa capela, S\u00e3o Francisco foi para os bra\u00e7os do Pai. Hoje a Capela da Porci\u00fancula est\u00e1 dentro de uma grande bas\u00edlica. Continua sendo s\u00edmbolo do nascimento, s\u00edmbolo da miseric\u00f3rdia e reconcilia\u00e7\u00e3o, s\u00edmbolo do encontro entre o divino e o humano, como o \u00e9 a gruta de Bel\u00e9m. Revestido de miseric\u00f3rdia no momento em que voc\u00ea passa por cima do Tau, voc\u00ea alcan\u00e7a, diante da Capela da miseric\u00f3rdia, o Menino Deus, encarna\u00e7\u00e3o da miseric\u00f3rdia divina, entre duas criaturas, Maria e Jos\u00e9, modelos perfeitos da miseric\u00f3rdia humana.\u201d<\/p>\n\n\t\t<style type=\"text\/css\">\n\t\t\t#gallery-2 {\n\t\t\t\tmargin: auto;\n\t\t\t}\n\t\t\t#gallery-2 .gallery-item {\n\t\t\t\tfloat: left;\n\t\t\t\tmargin-top: 10px;\n\t\t\t\ttext-align: center;\n\t\t\t\twidth: 25%;\n\t\t\t}\n\t\t\t#gallery-2 img {\n\t\t\t\tborder: 2px solid #cfcfcf;\n\t\t\t}\n\t\t\t#gallery-2 .gallery-caption {\n\t\t\t\tmargin-left: 0;\n\t\t\t}\n\t\t\t\/* see gallery_shortcode() in wp-includes\/media.php *\/\n\t\t<\/style>\n\t\t<div id='gallery-2' class='gallery galleryid-253636 gallery-columns-4 gallery-size-thumbnail'><dl class='gallery-item'>\n\t\t\t<dt class='gallery-icon landscape'>\n\t\t\t\t<a href='https:\/\/franciscanos.org.br\/noticias\/wp-content\/uploads\/2024\/12\/IMG_9925-scaled.jpg'><img width=\"300\" height=\"300\" src=\"https:\/\/franciscanos.org.br\/noticias\/wp-content\/uploads\/2024\/12\/IMG_9925-300x300.jpg\" class=\"attachment-thumbnail size-thumbnail\" alt=\"\" loading=\"lazy\" srcset=\"https:\/\/franciscanos.org.br\/noticias\/wp-content\/uploads\/2024\/12\/IMG_9925-300x300.jpg 300w, https:\/\/franciscanos.org.br\/noticias\/wp-content\/uploads\/2024\/12\/IMG_9925-100x100.jpg 100w\" sizes=\"(max-width: 300px) 100vw, 300px\" \/><\/a>\n\t\t\t<\/dt><\/dl><dl class='gallery-item'>\n\t\t\t<dt class='gallery-icon landscape'>\n\t\t\t\t<a href='https:\/\/franciscanos.org.br\/noticias\/wp-content\/uploads\/2024\/12\/IMG_0022-scaled.jpg'><img width=\"300\" height=\"300\" src=\"https:\/\/franciscanos.org.br\/noticias\/wp-content\/uploads\/2024\/12\/IMG_0022-300x300.jpg\" class=\"attachment-thumbnail size-thumbnail\" alt=\"\" loading=\"lazy\" srcset=\"https:\/\/franciscanos.org.br\/noticias\/wp-content\/uploads\/2024\/12\/IMG_0022-300x300.jpg 300w, https:\/\/franciscanos.org.br\/noticias\/wp-content\/uploads\/2024\/12\/IMG_0022-100x100.jpg 100w\" sizes=\"(max-width: 300px) 100vw, 300px\" \/><\/a>\n\t\t\t<\/dt><\/dl><dl class='gallery-item'>\n\t\t\t<dt class='gallery-icon landscape'>\n\t\t\t\t<a href='https:\/\/franciscanos.org.br\/noticias\/wp-content\/uploads\/2024\/12\/IMG_9827-scaled.jpg'><img width=\"300\" height=\"300\" src=\"https:\/\/franciscanos.org.br\/noticias\/wp-content\/uploads\/2024\/12\/IMG_9827-300x300.jpg\" class=\"attachment-thumbnail size-thumbnail\" alt=\"\" loading=\"lazy\" srcset=\"https:\/\/franciscanos.org.br\/noticias\/wp-content\/uploads\/2024\/12\/IMG_9827-300x300.jpg 300w, https:\/\/franciscanos.org.br\/noticias\/wp-content\/uploads\/2024\/12\/IMG_9827-100x100.jpg 100w\" sizes=\"(max-width: 300px) 100vw, 300px\" \/><\/a>\n\t\t\t<\/dt><\/dl><dl class='gallery-item'>\n\t\t\t<dt class='gallery-icon landscape'>\n\t\t\t\t<a href='https:\/\/franciscanos.org.br\/noticias\/wp-content\/uploads\/2024\/12\/IMG_9856-scaled.jpg'><img width=\"300\" height=\"300\" src=\"https:\/\/franciscanos.org.br\/noticias\/wp-content\/uploads\/2024\/12\/IMG_9856-300x300.jpg\" class=\"attachment-thumbnail size-thumbnail\" alt=\"\" loading=\"lazy\" srcset=\"https:\/\/franciscanos.org.br\/noticias\/wp-content\/uploads\/2024\/12\/IMG_9856-300x300.jpg 300w, https:\/\/franciscanos.org.br\/noticias\/wp-content\/uploads\/2024\/12\/IMG_9856-100x100.jpg 100w\" sizes=\"(max-width: 300px) 100vw, 300px\" \/><\/a>\n\t\t\t<\/dt><\/dl><br style=\"clear: both\" \/>\n\t\t<\/div>\n\n<p>A representa\u00e7\u00e3o da gruta de Bel\u00e9m ocupa todo o presbit\u00e9rio, onde tamb\u00e9m est\u00e3o 60 pres\u00e9pios, em diferentes estilos art\u00edsticos, de muitos pa\u00edses dos cinco continentes, que, segundo o frade, concretizam o verso do Salmo 117: \u201cNa\u00e7\u00f5es todas louvai o Senhor, povos do mundo inteiro glorificai-o!\u201d<\/p>\n<p><img loading=\"lazy\" class=\"alignleft wp-image-253667 size-thumbnail\" src=\"https:\/\/franciscanos.org.br\/noticias\/wp-content\/uploads\/2024\/12\/IMG_0053-300x300.jpg\" alt=\"\" width=\"300\" height=\"300\" srcset=\"https:\/\/franciscanos.org.br\/noticias\/wp-content\/uploads\/2024\/12\/IMG_0053-300x300.jpg 300w, https:\/\/franciscanos.org.br\/noticias\/wp-content\/uploads\/2024\/12\/IMG_0053-100x100.jpg 100w\" sizes=\"(max-width: 300px) 100vw, 300px\" \/>Na ocasi\u00e3o, todos tiveram acesso a um QR CODE com informa\u00e7\u00f5es sobre a origem de todos os pres\u00e9pios expostos.<\/p>\n<p>Antes da b\u00ean\u00e7\u00e3o dos pres\u00e9pios expostos e daqueles levados pelas fam\u00edlias, foi tecida uma rede com fios de l\u00e3 coloridos sobre os fi\u00e9is, representando os cinco continentes. Foi pedido a todos que segurassem os fios, e a explica\u00e7\u00e3o foi a seguinte: \u201cJesus comparou o Reino de Deus na terra, ou seja, a comunidade crist\u00e3 (Mt 13,47), a uma rede.\u201d A atividade simbolizou a uni\u00e3o da comunidade a partir do nascimento de Jesus. Enquanto a rede era tecida, o coral das crian\u00e7as cantou: \u201cNada tenho, nada sou, por\u00e9m, por teu amor, te pe\u00e7o me emprestes um fio dos teus dons, para ajudar o meu irm\u00e3o a te encontrar. Serei assim um instrumento de tua paz. Quando o mundo estiver envolvido e encharcado de miseric\u00f3rdia natalina, florir\u00e1 e frutificar\u00e1 paz\u201d, finalizou Frei Clar\u00eancio.<\/p>\n<p>&nbsp;<\/p>\n<p><strong>Natal do Senhor no Convento da Penha<\/strong><\/p>\n<p><img loading=\"lazy\" class=\"aligncenter wp-image-253640 size-full\" src=\"https:\/\/franciscanos.org.br\/noticias\/wp-content\/uploads\/2024\/12\/materia-convento.jpg\" alt=\"\" width=\"1280\" height=\"720\" srcset=\"https:\/\/franciscanos.org.br\/noticias\/wp-content\/uploads\/2024\/12\/materia-convento.jpg 1280w, https:\/\/franciscanos.org.br\/noticias\/wp-content\/uploads\/2024\/12\/materia-convento-450x253.jpg 450w, https:\/\/franciscanos.org.br\/noticias\/wp-content\/uploads\/2024\/12\/materia-convento-1024x576.jpg 1024w, https:\/\/franciscanos.org.br\/noticias\/wp-content\/uploads\/2024\/12\/materia-convento-768x432.jpg 768w, https:\/\/franciscanos.org.br\/noticias\/wp-content\/uploads\/2024\/12\/materia-convento-150x84.jpg 150w\" sizes=\"(max-width: 1280px) 100vw, 1280px\" \/><\/p>\n<p>Ainda em Vila Velha, na Fraternidade Nossa Senhora da Penha, os pres\u00e9pios instalados no convento tamb\u00e9m preparam o povo de Deus para o Natal.<\/p>\n<p>Com o tema \u201cPres\u00e9pios da Penha \u2013 Somos Peregrinos da Esperan\u00e7a\u201d, a exposi\u00e7\u00e3o, com 10 representa\u00e7\u00f5es art\u00edsticas confeccionadas em diversos materiais e cen\u00e1rios, \u00e9 uma tradi\u00e7\u00e3o do local e retrata express\u00f5es do Natal de Jesus, por meio de caracter\u00edsticas de lugares como Angola, It\u00e1lia, Holanda e Brasil.<\/p>\n\n\t\t<style type=\"text\/css\">\n\t\t\t#gallery-3 {\n\t\t\t\tmargin: auto;\n\t\t\t}\n\t\t\t#gallery-3 .gallery-item {\n\t\t\t\tfloat: left;\n\t\t\t\tmargin-top: 10px;\n\t\t\t\ttext-align: center;\n\t\t\t\twidth: 25%;\n\t\t\t}\n\t\t\t#gallery-3 img {\n\t\t\t\tborder: 2px solid #cfcfcf;\n\t\t\t}\n\t\t\t#gallery-3 .gallery-caption {\n\t\t\t\tmargin-left: 0;\n\t\t\t}\n\t\t\t\/* see gallery_shortcode() in wp-includes\/media.php *\/\n\t\t<\/style>\n\t\t<div id='gallery-3' class='gallery galleryid-253636 gallery-columns-4 gallery-size-thumbnail'><dl class='gallery-item'>\n\t\t\t<dt class='gallery-icon landscape'>\n\t\t\t\t<a href='https:\/\/franciscanos.org.br\/noticias\/wp-content\/uploads\/2024\/12\/Exposicao-de-Presepios-2024-17-1536x1024-1.jpg'><img width=\"300\" height=\"300\" src=\"https:\/\/franciscanos.org.br\/noticias\/wp-content\/uploads\/2024\/12\/Exposicao-de-Presepios-2024-17-1536x1024-1-300x300.jpg\" class=\"attachment-thumbnail size-thumbnail\" alt=\"\" loading=\"lazy\" srcset=\"https:\/\/franciscanos.org.br\/noticias\/wp-content\/uploads\/2024\/12\/Exposicao-de-Presepios-2024-17-1536x1024-1-300x300.jpg 300w, https:\/\/franciscanos.org.br\/noticias\/wp-content\/uploads\/2024\/12\/Exposicao-de-Presepios-2024-17-1536x1024-1-100x100.jpg 100w\" sizes=\"(max-width: 300px) 100vw, 300px\" \/><\/a>\n\t\t\t<\/dt><\/dl><dl class='gallery-item'>\n\t\t\t<dt class='gallery-icon landscape'>\n\t\t\t\t<a href='https:\/\/franciscanos.org.br\/noticias\/wp-content\/uploads\/2024\/12\/Exposicao-de-Presepios-2024-14-1536x1024-1.jpg'><img width=\"300\" height=\"300\" src=\"https:\/\/franciscanos.org.br\/noticias\/wp-content\/uploads\/2024\/12\/Exposicao-de-Presepios-2024-14-1536x1024-1-300x300.jpg\" class=\"attachment-thumbnail size-thumbnail\" alt=\"\" loading=\"lazy\" srcset=\"https:\/\/franciscanos.org.br\/noticias\/wp-content\/uploads\/2024\/12\/Exposicao-de-Presepios-2024-14-1536x1024-1-300x300.jpg 300w, https:\/\/franciscanos.org.br\/noticias\/wp-content\/uploads\/2024\/12\/Exposicao-de-Presepios-2024-14-1536x1024-1-100x100.jpg 100w\" sizes=\"(max-width: 300px) 100vw, 300px\" \/><\/a>\n\t\t\t<\/dt><\/dl><dl class='gallery-item'>\n\t\t\t<dt class='gallery-icon landscape'>\n\t\t\t\t<a href='https:\/\/franciscanos.org.br\/noticias\/wp-content\/uploads\/2024\/12\/Exposicao-de-Presepios-2024-5-1536x1024-1.jpg'><img width=\"300\" height=\"300\" src=\"https:\/\/franciscanos.org.br\/noticias\/wp-content\/uploads\/2024\/12\/Exposicao-de-Presepios-2024-5-1536x1024-1-300x300.jpg\" class=\"attachment-thumbnail size-thumbnail\" alt=\"\" loading=\"lazy\" srcset=\"https:\/\/franciscanos.org.br\/noticias\/wp-content\/uploads\/2024\/12\/Exposicao-de-Presepios-2024-5-1536x1024-1-300x300.jpg 300w, https:\/\/franciscanos.org.br\/noticias\/wp-content\/uploads\/2024\/12\/Exposicao-de-Presepios-2024-5-1536x1024-1-100x100.jpg 100w\" sizes=\"(max-width: 300px) 100vw, 300px\" \/><\/a>\n\t\t\t<\/dt><\/dl><dl class='gallery-item'>\n\t\t\t<dt class='gallery-icon landscape'>\n\t\t\t\t<a href='https:\/\/franciscanos.org.br\/noticias\/wp-content\/uploads\/2024\/12\/Exposicao-de-Presepios-2024-6-1536x1024-1.jpg'><img width=\"300\" height=\"300\" src=\"https:\/\/franciscanos.org.br\/noticias\/wp-content\/uploads\/2024\/12\/Exposicao-de-Presepios-2024-6-1536x1024-1-300x300.jpg\" class=\"attachment-thumbnail size-thumbnail\" alt=\"\" loading=\"lazy\" srcset=\"https:\/\/franciscanos.org.br\/noticias\/wp-content\/uploads\/2024\/12\/Exposicao-de-Presepios-2024-6-1536x1024-1-300x300.jpg 300w, https:\/\/franciscanos.org.br\/noticias\/wp-content\/uploads\/2024\/12\/Exposicao-de-Presepios-2024-6-1536x1024-1-100x100.jpg 100w\" sizes=\"(max-width: 300px) 100vw, 300px\" \/><\/a>\n\t\t\t<\/dt><\/dl><br style=\"clear: both\" \/>\n\t\t<\/div>\n\n<p>A abertura ocorreu durante a Solenidade da Imaculada Concei\u00e7\u00e3o da Virgem Maria, no dia 8 de dezembro. \u201cPara n\u00f3s \u00e9 muito importante realizar uma exposi\u00e7\u00e3o de pres\u00e9pios, porque foi S\u00e3o Francisco de Assis que o criou em Greccio, na It\u00e1lia, no ano de 1223, ou seja, esse ano s\u00e3o 801 anos dessa bonita express\u00e3o, de representa\u00e7\u00e3o do Natal do Senhor&#8221;, salientou Frei Djalmo Fuck, guardi\u00e3o e reitor do Convento da Penha.<\/p>\n<p><iframe loading=\"lazy\" title=\"Convento realiza exposi\u00e7\u00e3o de pres\u00e9pios de dez pa\u00edses\" width=\"500\" height=\"281\" src=\"https:\/\/www.youtube.com\/embed\/diAi53rVsXo?start=5&#038;feature=oembed\" frameborder=\"0\" allow=\"accelerometer; autoplay; clipboard-write; encrypted-media; gyroscope; picture-in-picture; web-share\" referrerpolicy=\"strict-origin-when-cross-origin\" allowfullscreen><\/iframe><\/p>\n<p>A exposi\u00e7\u00e3o foi organizada pelo Frei Jorge L\u00e1zaro de Souza, que j\u00e1 morou em Marrocos, e contou com a ajuda de volunt\u00e1rios como Marcos Antoniazi, Ailton Tadeu e Penha Zan\u00e3o.<\/p>\n<p>Frei Jorge destacou a import\u00e2ncia de perceber que Cristo nasce para todos. \u201cCom essa exposi\u00e7\u00e3o, queremos dizer que Deus veio para todos. Ele tanto nos amou que enviou seu Filho para nossa salva\u00e7\u00e3o. O Menino Jesus veio para a salva\u00e7\u00e3o de todos, todas as l\u00ednguas, lugares, povos, pa\u00edses, situa\u00e7\u00f5es.\u201d, disse.<\/p>\n<p><strong>Santu\u00e1rio e Convento S\u00e3o Francisco \u00e0 espera do Menino Jesus<\/strong><\/p>\n<p><img loading=\"lazy\" class=\"aligncenter wp-image-253641 size-full\" src=\"https:\/\/franciscanos.org.br\/noticias\/wp-content\/uploads\/2024\/12\/materia-santuario-sao-francisco.jpg\" alt=\"\" width=\"1280\" height=\"720\" srcset=\"https:\/\/franciscanos.org.br\/noticias\/wp-content\/uploads\/2024\/12\/materia-santuario-sao-francisco.jpg 1280w, https:\/\/franciscanos.org.br\/noticias\/wp-content\/uploads\/2024\/12\/materia-santuario-sao-francisco-450x253.jpg 450w, https:\/\/franciscanos.org.br\/noticias\/wp-content\/uploads\/2024\/12\/materia-santuario-sao-francisco-1024x576.jpg 1024w, https:\/\/franciscanos.org.br\/noticias\/wp-content\/uploads\/2024\/12\/materia-santuario-sao-francisco-768x432.jpg 768w, https:\/\/franciscanos.org.br\/noticias\/wp-content\/uploads\/2024\/12\/materia-santuario-sao-francisco-150x84.jpg 150w\" sizes=\"(max-width: 1280px) 100vw, 1280px\" \/><\/p>\n<p>Em S\u00e3o Paulo (SP), a abertura da 35\u00aa Exposi\u00e7\u00e3o Franciscana de Pres\u00e9pio, na Fraternidade Franciscana S\u00e3o Francisco, onde est\u00e3o o Santu\u00e1rio e Convento que levam o mesmo nome do Santo Ser\u00e1fico, foi no primeiro Domingo do Advento, 1 de dezembro. O tema escolhido para este ano, \u201c800 anos do C\u00e2ntico das Criaturas\u201d, reuniu no local fi\u00e9is que acompanham essa tradi\u00e7\u00e3o e aqueles que, de alguma forma, sentiram-se tocados pela m\u00edstica franciscana da espera pela chegada do Menino Jesus.<\/p>\n\n\t\t<style type=\"text\/css\">\n\t\t\t#gallery-4 {\n\t\t\t\tmargin: auto;\n\t\t\t}\n\t\t\t#gallery-4 .gallery-item {\n\t\t\t\tfloat: left;\n\t\t\t\tmargin-top: 10px;\n\t\t\t\ttext-align: center;\n\t\t\t\twidth: 25%;\n\t\t\t}\n\t\t\t#gallery-4 img {\n\t\t\t\tborder: 2px solid #cfcfcf;\n\t\t\t}\n\t\t\t#gallery-4 .gallery-caption {\n\t\t\t\tmargin-left: 0;\n\t\t\t}\n\t\t\t\/* see gallery_shortcode() in wp-includes\/media.php *\/\n\t\t<\/style>\n\t\t<div id='gallery-4' class='gallery galleryid-253636 gallery-columns-4 gallery-size-thumbnail'><dl class='gallery-item'>\n\t\t\t<dt class='gallery-icon portrait'>\n\t\t\t\t<a href='https:\/\/franciscanos.org.br\/noticias\/wp-content\/uploads\/2024\/12\/WhatsApp-Image-2024-12-13-at-11.55.18-3.jpeg'><img width=\"300\" height=\"300\" src=\"https:\/\/franciscanos.org.br\/noticias\/wp-content\/uploads\/2024\/12\/WhatsApp-Image-2024-12-13-at-11.55.18-3-300x300.jpeg\" class=\"attachment-thumbnail size-thumbnail\" alt=\"\" loading=\"lazy\" srcset=\"https:\/\/franciscanos.org.br\/noticias\/wp-content\/uploads\/2024\/12\/WhatsApp-Image-2024-12-13-at-11.55.18-3-300x300.jpeg 300w, https:\/\/franciscanos.org.br\/noticias\/wp-content\/uploads\/2024\/12\/WhatsApp-Image-2024-12-13-at-11.55.18-3-100x100.jpeg 100w\" sizes=\"(max-width: 300px) 100vw, 300px\" \/><\/a>\n\t\t\t<\/dt><\/dl><dl class='gallery-item'>\n\t\t\t<dt class='gallery-icon portrait'>\n\t\t\t\t<a href='https:\/\/franciscanos.org.br\/noticias\/wp-content\/uploads\/2024\/12\/WhatsApp-Image-2024-12-13-at-11.55.17.jpeg'><img width=\"300\" height=\"300\" src=\"https:\/\/franciscanos.org.br\/noticias\/wp-content\/uploads\/2024\/12\/WhatsApp-Image-2024-12-13-at-11.55.17-300x300.jpeg\" class=\"attachment-thumbnail size-thumbnail\" alt=\"\" loading=\"lazy\" srcset=\"https:\/\/franciscanos.org.br\/noticias\/wp-content\/uploads\/2024\/12\/WhatsApp-Image-2024-12-13-at-11.55.17-300x300.jpeg 300w, https:\/\/franciscanos.org.br\/noticias\/wp-content\/uploads\/2024\/12\/WhatsApp-Image-2024-12-13-at-11.55.17-100x100.jpeg 100w\" sizes=\"(max-width: 300px) 100vw, 300px\" \/><\/a>\n\t\t\t<\/dt><\/dl><dl class='gallery-item'>\n\t\t\t<dt class='gallery-icon portrait'>\n\t\t\t\t<a href='https:\/\/franciscanos.org.br\/noticias\/wp-content\/uploads\/2024\/12\/WhatsApp-Image-2024-12-13-at-11.55.17-2.jpeg'><img width=\"300\" height=\"300\" src=\"https:\/\/franciscanos.org.br\/noticias\/wp-content\/uploads\/2024\/12\/WhatsApp-Image-2024-12-13-at-11.55.17-2-300x300.jpeg\" class=\"attachment-thumbnail size-thumbnail\" alt=\"\" loading=\"lazy\" srcset=\"https:\/\/franciscanos.org.br\/noticias\/wp-content\/uploads\/2024\/12\/WhatsApp-Image-2024-12-13-at-11.55.17-2-300x300.jpeg 300w, https:\/\/franciscanos.org.br\/noticias\/wp-content\/uploads\/2024\/12\/WhatsApp-Image-2024-12-13-at-11.55.17-2-100x100.jpeg 100w\" sizes=\"(max-width: 300px) 100vw, 300px\" \/><\/a>\n\t\t\t<\/dt><\/dl><dl class='gallery-item'>\n\t\t\t<dt class='gallery-icon portrait'>\n\t\t\t\t<a href='https:\/\/franciscanos.org.br\/noticias\/wp-content\/uploads\/2024\/12\/WhatsApp-Image-2024-12-13-at-11.55.16-1.jpeg'><img width=\"300\" height=\"300\" src=\"https:\/\/franciscanos.org.br\/noticias\/wp-content\/uploads\/2024\/12\/WhatsApp-Image-2024-12-13-at-11.55.16-1-300x300.jpeg\" class=\"attachment-thumbnail size-thumbnail\" alt=\"\" loading=\"lazy\" srcset=\"https:\/\/franciscanos.org.br\/noticias\/wp-content\/uploads\/2024\/12\/WhatsApp-Image-2024-12-13-at-11.55.16-1-300x300.jpeg 300w, https:\/\/franciscanos.org.br\/noticias\/wp-content\/uploads\/2024\/12\/WhatsApp-Image-2024-12-13-at-11.55.16-1-100x100.jpeg 100w\" sizes=\"(max-width: 300px) 100vw, 300px\" \/><\/a>\n\t\t\t<\/dt><\/dl><br style=\"clear: both\" \/>\n\t\t<\/div>\n\n<p>Realizada pela primeira vez em 1989, a Exposi\u00e7\u00e3o Franciscana de Pres\u00e9pios do Santu\u00e1rio e Convento S\u00e3o Francisco de Assis traz, a cada edi\u00e7\u00e3o, pe\u00e7as que revelam o mist\u00e9rio do nascimento de Jesus nas mais variadas formas, materiais e t\u00e9cnicas de representa\u00e7\u00e3o art\u00edstica. Ao todo, mais de 900 pres\u00e9pios, vindos de v\u00e1rias partes do Brasil e tamb\u00e9m de outros pa\u00edses, j\u00e1 fizeram parte da mostra.<\/p>\n<p><strong>Convento Santo Ant\u00f4nio e o C\u00e2ntico das Criaturas<\/strong><\/p>\n<p><img loading=\"lazy\" class=\"aligncenter wp-image-253642 size-full\" src=\"https:\/\/franciscanos.org.br\/noticias\/wp-content\/uploads\/2024\/12\/materia-Santo-antonio.jpg\" alt=\"\" width=\"1280\" height=\"720\" srcset=\"https:\/\/franciscanos.org.br\/noticias\/wp-content\/uploads\/2024\/12\/materia-Santo-antonio.jpg 1280w, https:\/\/franciscanos.org.br\/noticias\/wp-content\/uploads\/2024\/12\/materia-Santo-antonio-450x253.jpg 450w, https:\/\/franciscanos.org.br\/noticias\/wp-content\/uploads\/2024\/12\/materia-Santo-antonio-1024x576.jpg 1024w, https:\/\/franciscanos.org.br\/noticias\/wp-content\/uploads\/2024\/12\/materia-Santo-antonio-768x432.jpg 768w, https:\/\/franciscanos.org.br\/noticias\/wp-content\/uploads\/2024\/12\/materia-Santo-antonio-150x84.jpg 150w\" sizes=\"(max-width: 1280px) 100vw, 1280px\" \/><\/p>\n<p>Desde o dia 6 de dezembro, o Convento Santo Ant\u00f4nio, do Largo da Carioca (RJ), est\u00e1 aberto a todos os filhos e filhas de Deus que queiram visitar a 8\u00aa Exposi\u00e7\u00e3o Franciscana de Pres\u00e9pios. O objetivo \u00e9 tamb\u00e9m celebrar o jubileu franciscano dos 800 anos do C\u00e2ntico das Criaturas, composto por S\u00e3o Francisco de Assis, datado entre 1224 e 1225, dialogando com a Campanha da Fraternidade da Igreja no Brasil, cujo tema \u00e9: \u201cFraternidade e Ecologia Integral\u201d.<\/p>\n<p>Cada pres\u00e9pio, confeccionado manual ou industrialmente, em sua cenografia aborda a tem\u00e1tica do C\u00e2ntico das Criaturas, direcionando o visitante \u00e0 contempla\u00e7\u00e3o da beleza e ao cuidado da Casa Comum.<\/p>\n\n\t\t<style type=\"text\/css\">\n\t\t\t#gallery-5 {\n\t\t\t\tmargin: auto;\n\t\t\t}\n\t\t\t#gallery-5 .gallery-item {\n\t\t\t\tfloat: left;\n\t\t\t\tmargin-top: 10px;\n\t\t\t\ttext-align: center;\n\t\t\t\twidth: 25%;\n\t\t\t}\n\t\t\t#gallery-5 img {\n\t\t\t\tborder: 2px solid #cfcfcf;\n\t\t\t}\n\t\t\t#gallery-5 .gallery-caption {\n\t\t\t\tmargin-left: 0;\n\t\t\t}\n\t\t\t\/* see gallery_shortcode() in wp-includes\/media.php *\/\n\t\t<\/style>\n\t\t<div id='gallery-5' class='gallery galleryid-253636 gallery-columns-4 gallery-size-thumbnail'><dl class='gallery-item'>\n\t\t\t<dt class='gallery-icon portrait'>\n\t\t\t\t<a href='https:\/\/franciscanos.org.br\/noticias\/wp-content\/uploads\/2024\/12\/WhatsApp-Image-2024-12-13-at-19.19.21.jpeg'><img width=\"300\" height=\"300\" src=\"https:\/\/franciscanos.org.br\/noticias\/wp-content\/uploads\/2024\/12\/WhatsApp-Image-2024-12-13-at-19.19.21-300x300.jpeg\" class=\"attachment-thumbnail size-thumbnail\" alt=\"\" loading=\"lazy\" srcset=\"https:\/\/franciscanos.org.br\/noticias\/wp-content\/uploads\/2024\/12\/WhatsApp-Image-2024-12-13-at-19.19.21-300x300.jpeg 300w, https:\/\/franciscanos.org.br\/noticias\/wp-content\/uploads\/2024\/12\/WhatsApp-Image-2024-12-13-at-19.19.21-100x100.jpeg 100w\" sizes=\"(max-width: 300px) 100vw, 300px\" \/><\/a>\n\t\t\t<\/dt><\/dl><dl class='gallery-item'>\n\t\t\t<dt class='gallery-icon portrait'>\n\t\t\t\t<a href='https:\/\/franciscanos.org.br\/noticias\/wp-content\/uploads\/2024\/12\/WhatsApp-Image-2024-12-13-at-19.23.17.jpeg'><img width=\"300\" height=\"300\" src=\"https:\/\/franciscanos.org.br\/noticias\/wp-content\/uploads\/2024\/12\/WhatsApp-Image-2024-12-13-at-19.23.17-300x300.jpeg\" class=\"attachment-thumbnail size-thumbnail\" alt=\"\" loading=\"lazy\" srcset=\"https:\/\/franciscanos.org.br\/noticias\/wp-content\/uploads\/2024\/12\/WhatsApp-Image-2024-12-13-at-19.23.17-300x300.jpeg 300w, https:\/\/franciscanos.org.br\/noticias\/wp-content\/uploads\/2024\/12\/WhatsApp-Image-2024-12-13-at-19.23.17-100x100.jpeg 100w\" sizes=\"(max-width: 300px) 100vw, 300px\" \/><\/a>\n\t\t\t<\/dt><\/dl><dl class='gallery-item'>\n\t\t\t<dt class='gallery-icon portrait'>\n\t\t\t\t<a href='https:\/\/franciscanos.org.br\/noticias\/wp-content\/uploads\/2024\/12\/WhatsApp-Image-2024-12-13-at-19.25.14-1.jpeg'><img width=\"300\" height=\"300\" src=\"https:\/\/franciscanos.org.br\/noticias\/wp-content\/uploads\/2024\/12\/WhatsApp-Image-2024-12-13-at-19.25.14-1-300x300.jpeg\" class=\"attachment-thumbnail size-thumbnail\" alt=\"\" loading=\"lazy\" srcset=\"https:\/\/franciscanos.org.br\/noticias\/wp-content\/uploads\/2024\/12\/WhatsApp-Image-2024-12-13-at-19.25.14-1-300x300.jpeg 300w, https:\/\/franciscanos.org.br\/noticias\/wp-content\/uploads\/2024\/12\/WhatsApp-Image-2024-12-13-at-19.25.14-1-100x100.jpeg 100w\" sizes=\"(max-width: 300px) 100vw, 300px\" \/><\/a>\n\t\t\t<\/dt><\/dl><dl class='gallery-item'>\n\t\t\t<dt class='gallery-icon portrait'>\n\t\t\t\t<a href='https:\/\/franciscanos.org.br\/noticias\/wp-content\/uploads\/2024\/12\/WhatsApp-Image-2024-12-13-at-19.21.45.jpeg'><img width=\"300\" height=\"300\" src=\"https:\/\/franciscanos.org.br\/noticias\/wp-content\/uploads\/2024\/12\/WhatsApp-Image-2024-12-13-at-19.21.45-300x300.jpeg\" class=\"attachment-thumbnail size-thumbnail\" alt=\"\" loading=\"lazy\" srcset=\"https:\/\/franciscanos.org.br\/noticias\/wp-content\/uploads\/2024\/12\/WhatsApp-Image-2024-12-13-at-19.21.45-300x300.jpeg 300w, https:\/\/franciscanos.org.br\/noticias\/wp-content\/uploads\/2024\/12\/WhatsApp-Image-2024-12-13-at-19.21.45-100x100.jpeg 100w\" sizes=\"(max-width: 300px) 100vw, 300px\" \/><\/a>\n\t\t\t<\/dt><\/dl><br style=\"clear: both\" \/>\n\t\t<\/div>\n\n<p>A exposi\u00e7\u00e3o conta com a zelosa curadoria do muse\u00f3logo Frei R\u00f3ger Brunorio, que, ao longo do ano, se dedica a buscar pres\u00e9pios para serem expostos nesta ocasi\u00e3o. Por isso, cada edi\u00e7\u00e3o conta com pres\u00e9pios in\u00e9ditos; inclusive neste ano, o frade foi em busca de artistas que utilizam variados materiais, incluindo reciclados. Al\u00e9m de obras do Brasil e de diversos pa\u00edses, arte, cultura, espiritualidade e hist\u00f3ria est\u00e3o presentes na exposi\u00e7\u00e3o.<\/p>\n<p><iframe loading=\"lazy\" title=\"Not\u00edcia 8\u00aa Exposi\u00e7\u00e3o Franciscana de Pres\u00e9pios do Convento Santo Ant\u00f4nio\" width=\"500\" height=\"281\" src=\"https:\/\/www.youtube.com\/embed\/eqKHG9tMIg0?feature=oembed\" frameborder=\"0\" allow=\"accelerometer; autoplay; clipboard-write; encrypted-media; gyroscope; picture-in-picture; web-share\" referrerpolicy=\"strict-origin-when-cross-origin\" allowfullscreen><\/iframe><\/p>\n<p>Segundo o frade, a exposi\u00e7\u00e3o carrega para os franciscanos o compromisso herdado de S\u00e3o Francisco de Assis, que h\u00e1 mais de 800 anos celebrou de forma \u00fanica, em Greccio, na It\u00e1lia, o nascimento do Filho de Deus de forma teatral. \u201cCarregamos o t\u00edtulo de exposi\u00e7\u00e3o franciscana de pres\u00e9pios, pois nossa sensibilidade est\u00e1 embutida em cada cenografia, e nesses trabalhos validamos o modo franciscano de pensar e agir\u201d, salientou.<\/p>\n<p>A exposi\u00e7\u00e3o do Convento Santo Ant\u00f4nio ser\u00e1 encerrada no dia 29 de dezembro.<\/p>\n<p><strong>Pres\u00e9pios do Semin\u00e1rio Frei Galv\u00e3o: trajeto peregrino<\/strong><\/p>\n<p>No segundo domingo do Advento, a comunidade se reuniu ap\u00f3s a Santa Missa, na Fraternidade S\u00e3o Jos\u00e9, em Guaratinguet\u00e1 (SP), onde est\u00e1 o Semin\u00e1rio Frei Galv\u00e3o, para a b\u00ean\u00e7\u00e3o e abertura da Exposi\u00e7\u00e3o Franciscana de Pres\u00e9pios.<\/p>\n<p>Este ano, a montagem dos pres\u00e9pios ficou sob a responsabilidade de Frei Alexandre Rohling e da equipe de manuten\u00e7\u00e3o da casa. A pedido da fraternidade local, o tema escolhido foi &#8220;Louvado sejas&#8230;&#8221;, em comemora\u00e7\u00e3o aos 800 anos do C\u00e2ntico das Criaturas. O principal foco \u00e9 o cuidado com a Casa Comum, destacando especialmente o t\u00f3pico &#8220;Peregrinos da Esperan\u00e7a&#8221;.<\/p>\n<p>A sala de exposi\u00e7\u00e3o tem como cor predominante o azul claro, simbolizando o descanso, o aconchego e o c\u00e9u. Ao entrar, o visitante se depara com um quadro de S\u00e3o Francisco e as Criaturas, uma r\u00e9plica de um afresco da Bas\u00edlica de S\u00e3o Francisco em Assis, It\u00e1lia. Caminhando entre as obras \u00e9 poss\u00edvel contemplar dezessete nichos com pres\u00e9pios de diferentes tamanhos, materiais e origens.<\/p>\n<p>Neste ano, alguns espa\u00e7os cenogr\u00e1ficos fazem refer\u00eancia \u00e0s estrofes do C\u00e2ntico das Criaturas: o terceiro nicho com a irm\u00e3 Lua, o quarto com o irm\u00e3o Fogo, o sexto com a irm\u00e3 \u00c1gua, o oitavo com a M\u00e3e Terra e as Flores, o d\u00e9cimo segundo com os bem-aventurados que perdoam e o d\u00e9cimo terceiro com Francisco e as aves.<\/p>\n<p>No primeiro nicho, \u00e9 celebrada a fartura da terra; no s\u00e9timo, o cheiro dos temperos da comida da casa de m\u00e3e; e no d\u00e9cimo primeiro, uma mensagem sobre a necessidade de &#8220;menos consumo e mais amor&#8221;. Al\u00e9m disso, entre os nichos, h\u00e1 diversas curiosidades que s\u00f3 quem visita a exposi\u00e7\u00e3o pode descobrir.<\/p>\n<p>No acervo art\u00edstico da casa, est\u00e3o catalogadas v\u00e1rias pinturas de Frei Geraldo Roderfeld. Dentre elas, uma cole\u00e7\u00e3o de pequenos quadros sobre o C\u00e2ntico das Criaturas, exposta no refeit\u00f3rio da fraternidade. Em homenagem a este talentoso confrade, est\u00e1 sendo organizada uma exposi\u00e7\u00e3o p\u00f3stuma dessas obras.<\/p>\n<p>As apresenta\u00e7\u00f5es dos pres\u00e9pios na Prov\u00edncia Franciscana da Imaculada Concei\u00e7\u00e3o do Brasil n\u00e3o se limitam aos locais citados neste texto. Esses foram alguns exemplos da grande celebra\u00e7\u00e3o que \u00e9 realizada durante o Advento nos Estados de S\u00e3o Paulo, Rio de Janeiro, Esp\u00edrito Santo, Paran\u00e1 e Santa Catarina, nesse tempo que esperamos pela vinda de Jesus Cristo, por meio da M\u00e3e Imaculada.<\/p>\n<p>A espera alimenta nossa esperan\u00e7a por dias melhores, sem conflitos, sem dores, com mais compaix\u00e3o, amor, fraternidade e paz, assim como expressou o Papa Francisco, no \u00faltimo dia 7, quando inaugurou o pres\u00e9pio deste ano na Sala Paulo VI, no Vaticano, em Roma.<\/p>\n<p>\u201cCom l\u00e1grimas nos olhos, elevamos nossa ora\u00e7\u00e3o pela paz. Irm\u00e3os e irm\u00e3s, chega de guerras, chega de viol\u00eancia! Voc\u00eas sabiam que um dos investimentos mais lucrativos \u00e9 na f\u00e1brica de armas? Lucrar por matar\u2026 mas por qu\u00ea? Chega de guerras! Que haja paz em todo o mundo e para todas as pessoas, a quem Deus ama!\u201d, disse o Pont\u00edfice.<\/p>\n<hr \/>\n<p><em>Adriana Rabelo<\/em><\/p>\n","protected":false},"excerpt":{"rendered":"<p>Pres\u00e9pios Franciscanos<\/p>\n","protected":false},"author":11,"featured_media":253637,"comment_status":"open","ping_status":"open","sticky":false,"template":"","format":"standard","meta":[],"categories":[1],"tags":[248,1153,2273,1369],"acf":[],"yoast_head":"<!-- This site is optimized with the Yoast SEO plugin v19.2 - https:\/\/yoast.com\/wordpress\/plugins\/seo\/ -->\n<title>C\u00e2ntico das Criaturas e os pres\u00e9pios franciscanos 2024 - Not\u00edcias - Franciscanos<\/title>\n<meta name=\"robots\" content=\"index, follow, max-snippet:-1, max-image-preview:large, max-video-preview:-1\" \/>\n<link rel=\"canonical\" href=\"https:\/\/franciscanos.org.br\/noticias\/fraternidades-franciscanas-acolhem-o-menino-jesus-com-grandes-exposicoes-de-presepios.html\" \/>\n<meta property=\"og:locale\" content=\"pt_BR\" \/>\n<meta property=\"og:type\" content=\"article\" \/>\n<meta property=\"og:title\" content=\"C\u00e2ntico das Criaturas e os pres\u00e9pios franciscanos 2024 - Not\u00edcias - Franciscanos\" \/>\n<meta property=\"og:description\" content=\"Pres\u00e9pios Franciscanos\" \/>\n<meta property=\"og:url\" content=\"https:\/\/franciscanos.org.br\/noticias\/fraternidades-franciscanas-acolhem-o-menino-jesus-com-grandes-exposicoes-de-presepios.html\" \/>\n<meta property=\"og:site_name\" content=\"Not\u00edcias - Franciscanos\" \/>\n<meta property=\"article:published_time\" content=\"2024-12-13T18:47:25+00:00\" \/>\n<meta property=\"article:modified_time\" content=\"2024-12-16T17:22:13+00:00\" \/>\n<meta property=\"og:image\" content=\"https:\/\/franciscanos.org.br\/noticias\/wp-content\/uploads\/2024\/12\/CHAMADA-5.jpg\" \/>\n\t<meta property=\"og:image:width\" content=\"800\" \/>\n\t<meta property=\"og:image:height\" content=\"550\" \/>\n\t<meta property=\"og:image:type\" content=\"image\/jpeg\" \/>\n<meta name=\"author\" content=\"Adriana Rabelo\" \/>\n<meta name=\"twitter:card\" content=\"summary_large_image\" \/>\n<meta name=\"twitter:label1\" content=\"Escrito por\" \/>\n\t<meta name=\"twitter:data1\" content=\"Adriana Rabelo\" \/>\n\t<meta name=\"twitter:label2\" content=\"Est. tempo de leitura\" \/>\n\t<meta name=\"twitter:data2\" content=\"17 minutos\" \/>\n<script type=\"application\/ld+json\" class=\"yoast-schema-graph\">{\"@context\":\"https:\/\/schema.org\",\"@graph\":[{\"@type\":\"WebSite\",\"@id\":\"https:\/\/franciscanos.org.br\/noticias\/#website\",\"url\":\"https:\/\/franciscanos.org.br\/noticias\/\",\"name\":\"Not\u00edcias - Franciscanos\",\"description\":\"Prov\u00edncia Franciscana da Imaculada Concei\u00e7\u00e3o do Brasil - Ordem dos Frades Menores - OFM\",\"potentialAction\":[{\"@type\":\"SearchAction\",\"target\":{\"@type\":\"EntryPoint\",\"urlTemplate\":\"https:\/\/franciscanos.org.br\/noticias\/?s={search_term_string}\"},\"query-input\":\"required name=search_term_string\"}],\"inLanguage\":\"pt-BR\"},{\"@type\":\"ImageObject\",\"inLanguage\":\"pt-BR\",\"@id\":\"https:\/\/franciscanos.org.br\/noticias\/fraternidades-franciscanas-acolhem-o-menino-jesus-com-grandes-exposicoes-de-presepios.html#primaryimage\",\"url\":\"https:\/\/franciscanos.org.br\/noticias\/wp-content\/uploads\/2024\/12\/CHAMADA-5.jpg\",\"contentUrl\":\"https:\/\/franciscanos.org.br\/noticias\/wp-content\/uploads\/2024\/12\/CHAMADA-5.jpg\",\"width\":800,\"height\":550},{\"@type\":\"WebPage\",\"@id\":\"https:\/\/franciscanos.org.br\/noticias\/fraternidades-franciscanas-acolhem-o-menino-jesus-com-grandes-exposicoes-de-presepios.html#webpage\",\"url\":\"https:\/\/franciscanos.org.br\/noticias\/fraternidades-franciscanas-acolhem-o-menino-jesus-com-grandes-exposicoes-de-presepios.html\",\"name\":\"C\u00e2ntico das Criaturas e os pres\u00e9pios franciscanos 2024 - Not\u00edcias - Franciscanos\",\"isPartOf\":{\"@id\":\"https:\/\/franciscanos.org.br\/noticias\/#website\"},\"primaryImageOfPage\":{\"@id\":\"https:\/\/franciscanos.org.br\/noticias\/fraternidades-franciscanas-acolhem-o-menino-jesus-com-grandes-exposicoes-de-presepios.html#primaryimage\"},\"datePublished\":\"2024-12-13T18:47:25+00:00\",\"dateModified\":\"2024-12-16T17:22:13+00:00\",\"author\":{\"@id\":\"https:\/\/franciscanos.org.br\/noticias\/#\/schema\/person\/d9422e83121c3ad3b0f423d195f5bb25\"},\"breadcrumb\":{\"@id\":\"https:\/\/franciscanos.org.br\/noticias\/fraternidades-franciscanas-acolhem-o-menino-jesus-com-grandes-exposicoes-de-presepios.html#breadcrumb\"},\"inLanguage\":\"pt-BR\",\"potentialAction\":[{\"@type\":\"ReadAction\",\"target\":[\"https:\/\/franciscanos.org.br\/noticias\/fraternidades-franciscanas-acolhem-o-menino-jesus-com-grandes-exposicoes-de-presepios.html\"]}]},{\"@type\":\"BreadcrumbList\",\"@id\":\"https:\/\/franciscanos.org.br\/noticias\/fraternidades-franciscanas-acolhem-o-menino-jesus-com-grandes-exposicoes-de-presepios.html#breadcrumb\",\"itemListElement\":[{\"@type\":\"ListItem\",\"position\":1,\"name\":\"Home\",\"item\":\"https:\/\/franciscanos.org.br\/noticias\"},{\"@type\":\"ListItem\",\"position\":2,\"name\":\"C\u00e2ntico das Criaturas e os pres\u00e9pios franciscanos 2024\"}]},{\"@type\":\"Person\",\"@id\":\"https:\/\/franciscanos.org.br\/noticias\/#\/schema\/person\/d9422e83121c3ad3b0f423d195f5bb25\",\"name\":\"Adriana Rabelo\",\"image\":{\"@type\":\"ImageObject\",\"inLanguage\":\"pt-BR\",\"@id\":\"https:\/\/franciscanos.org.br\/noticias\/#\/schema\/person\/image\/\",\"url\":\"https:\/\/secure.gravatar.com\/avatar\/0a937b7500cd7df77540cfb8bede877d?s=96&d=mm&r=g\",\"contentUrl\":\"https:\/\/secure.gravatar.com\/avatar\/0a937b7500cd7df77540cfb8bede877d?s=96&d=mm&r=g\",\"caption\":\"Adriana Rabelo\"},\"url\":\"https:\/\/franciscanos.org.br\/noticias\/author\/adrianarabelo\"}]}<\/script>\n<!-- \/ Yoast SEO plugin. -->","yoast_head_json":{"title":"C\u00e2ntico das Criaturas e os pres\u00e9pios franciscanos 2024 - Not\u00edcias - Franciscanos","robots":{"index":"index","follow":"follow","max-snippet":"max-snippet:-1","max-image-preview":"max-image-preview:large","max-video-preview":"max-video-preview:-1"},"canonical":"https:\/\/franciscanos.org.br\/noticias\/fraternidades-franciscanas-acolhem-o-menino-jesus-com-grandes-exposicoes-de-presepios.html","og_locale":"pt_BR","og_type":"article","og_title":"C\u00e2ntico das Criaturas e os pres\u00e9pios franciscanos 2024 - Not\u00edcias - Franciscanos","og_description":"Pres\u00e9pios Franciscanos","og_url":"https:\/\/franciscanos.org.br\/noticias\/fraternidades-franciscanas-acolhem-o-menino-jesus-com-grandes-exposicoes-de-presepios.html","og_site_name":"Not\u00edcias - Franciscanos","article_published_time":"2024-12-13T18:47:25+00:00","article_modified_time":"2024-12-16T17:22:13+00:00","og_image":[{"width":800,"height":550,"url":"https:\/\/franciscanos.org.br\/noticias\/wp-content\/uploads\/2024\/12\/CHAMADA-5.jpg","type":"image\/jpeg"}],"author":"Adriana Rabelo","twitter_card":"summary_large_image","twitter_misc":{"Escrito por":"Adriana Rabelo","Est. tempo de leitura":"17 minutos"},"schema":{"@context":"https:\/\/schema.org","@graph":[{"@type":"WebSite","@id":"https:\/\/franciscanos.org.br\/noticias\/#website","url":"https:\/\/franciscanos.org.br\/noticias\/","name":"Not\u00edcias - Franciscanos","description":"Prov\u00edncia Franciscana da Imaculada Concei\u00e7\u00e3o do Brasil - Ordem dos Frades Menores - OFM","potentialAction":[{"@type":"SearchAction","target":{"@type":"EntryPoint","urlTemplate":"https:\/\/franciscanos.org.br\/noticias\/?s={search_term_string}"},"query-input":"required name=search_term_string"}],"inLanguage":"pt-BR"},{"@type":"ImageObject","inLanguage":"pt-BR","@id":"https:\/\/franciscanos.org.br\/noticias\/fraternidades-franciscanas-acolhem-o-menino-jesus-com-grandes-exposicoes-de-presepios.html#primaryimage","url":"https:\/\/franciscanos.org.br\/noticias\/wp-content\/uploads\/2024\/12\/CHAMADA-5.jpg","contentUrl":"https:\/\/franciscanos.org.br\/noticias\/wp-content\/uploads\/2024\/12\/CHAMADA-5.jpg","width":800,"height":550},{"@type":"WebPage","@id":"https:\/\/franciscanos.org.br\/noticias\/fraternidades-franciscanas-acolhem-o-menino-jesus-com-grandes-exposicoes-de-presepios.html#webpage","url":"https:\/\/franciscanos.org.br\/noticias\/fraternidades-franciscanas-acolhem-o-menino-jesus-com-grandes-exposicoes-de-presepios.html","name":"C\u00e2ntico das Criaturas e os pres\u00e9pios franciscanos 2024 - Not\u00edcias - Franciscanos","isPartOf":{"@id":"https:\/\/franciscanos.org.br\/noticias\/#website"},"primaryImageOfPage":{"@id":"https:\/\/franciscanos.org.br\/noticias\/fraternidades-franciscanas-acolhem-o-menino-jesus-com-grandes-exposicoes-de-presepios.html#primaryimage"},"datePublished":"2024-12-13T18:47:25+00:00","dateModified":"2024-12-16T17:22:13+00:00","author":{"@id":"https:\/\/franciscanos.org.br\/noticias\/#\/schema\/person\/d9422e83121c3ad3b0f423d195f5bb25"},"breadcrumb":{"@id":"https:\/\/franciscanos.org.br\/noticias\/fraternidades-franciscanas-acolhem-o-menino-jesus-com-grandes-exposicoes-de-presepios.html#breadcrumb"},"inLanguage":"pt-BR","potentialAction":[{"@type":"ReadAction","target":["https:\/\/franciscanos.org.br\/noticias\/fraternidades-franciscanas-acolhem-o-menino-jesus-com-grandes-exposicoes-de-presepios.html"]}]},{"@type":"BreadcrumbList","@id":"https:\/\/franciscanos.org.br\/noticias\/fraternidades-franciscanas-acolhem-o-menino-jesus-com-grandes-exposicoes-de-presepios.html#breadcrumb","itemListElement":[{"@type":"ListItem","position":1,"name":"Home","item":"https:\/\/franciscanos.org.br\/noticias"},{"@type":"ListItem","position":2,"name":"C\u00e2ntico das Criaturas e os pres\u00e9pios franciscanos 2024"}]},{"@type":"Person","@id":"https:\/\/franciscanos.org.br\/noticias\/#\/schema\/person\/d9422e83121c3ad3b0f423d195f5bb25","name":"Adriana Rabelo","image":{"@type":"ImageObject","inLanguage":"pt-BR","@id":"https:\/\/franciscanos.org.br\/noticias\/#\/schema\/person\/image\/","url":"https:\/\/secure.gravatar.com\/avatar\/0a937b7500cd7df77540cfb8bede877d?s=96&d=mm&r=g","contentUrl":"https:\/\/secure.gravatar.com\/avatar\/0a937b7500cd7df77540cfb8bede877d?s=96&d=mm&r=g","caption":"Adriana Rabelo"},"url":"https:\/\/franciscanos.org.br\/noticias\/author\/adrianarabelo"}]}},"_links":{"self":[{"href":"https:\/\/franciscanos.org.br\/noticias\/wp-json\/wp\/v2\/posts\/253636"}],"collection":[{"href":"https:\/\/franciscanos.org.br\/noticias\/wp-json\/wp\/v2\/posts"}],"about":[{"href":"https:\/\/franciscanos.org.br\/noticias\/wp-json\/wp\/v2\/types\/post"}],"author":[{"embeddable":true,"href":"https:\/\/franciscanos.org.br\/noticias\/wp-json\/wp\/v2\/users\/11"}],"replies":[{"embeddable":true,"href":"https:\/\/franciscanos.org.br\/noticias\/wp-json\/wp\/v2\/comments?post=253636"}],"version-history":[{"count":15,"href":"https:\/\/franciscanos.org.br\/noticias\/wp-json\/wp\/v2\/posts\/253636\/revisions"}],"predecessor-version":[{"id":253765,"href":"https:\/\/franciscanos.org.br\/noticias\/wp-json\/wp\/v2\/posts\/253636\/revisions\/253765"}],"wp:featuredmedia":[{"embeddable":true,"href":"https:\/\/franciscanos.org.br\/noticias\/wp-json\/wp\/v2\/media\/253637"}],"wp:attachment":[{"href":"https:\/\/franciscanos.org.br\/noticias\/wp-json\/wp\/v2\/media?parent=253636"}],"wp:term":[{"taxonomy":"category","embeddable":true,"href":"https:\/\/franciscanos.org.br\/noticias\/wp-json\/wp\/v2\/categories?post=253636"},{"taxonomy":"post_tag","embeddable":true,"href":"https:\/\/franciscanos.org.br\/noticias\/wp-json\/wp\/v2\/tags?post=253636"}],"curies":[{"name":"wp","href":"https:\/\/api.w.org\/{rel}","templated":true}]}}