{"id":253614,"date":"2024-12-10T15:37:25","date_gmt":"2024-12-10T18:37:25","guid":{"rendered":"https:\/\/franciscanos.org.br\/noticias\/?p=253614"},"modified":"2025-03-10T16:17:37","modified_gmt":"2025-03-10T19:17:37","slug":"fimda-cresce-em-vocacoes-vinte-e-dois-frades-renovam-votos-religiosos","status":"publish","type":"post","link":"https:\/\/franciscanos.org.br\/noticias\/fimda-cresce-em-vocacoes-vinte-e-dois-frades-renovam-votos-religiosos.html","title":{"rendered":"FIMDA cresce em voca\u00e7\u00f5es: Vinte e dois frades renovam votos religiosos"},"content":{"rendered":"<p><img loading=\"lazy\" class=\"aligncenter wp-image-253615 size-full\" src=\"https:\/\/franciscanos.org.br\/noticias\/wp-content\/uploads\/2024\/12\/materia-renovacao.jpg\" alt=\"\" width=\"1280\" height=\"720\" srcset=\"https:\/\/franciscanos.org.br\/noticias\/wp-content\/uploads\/2024\/12\/materia-renovacao.jpg 1280w, https:\/\/franciscanos.org.br\/noticias\/wp-content\/uploads\/2024\/12\/materia-renovacao-450x253.jpg 450w, https:\/\/franciscanos.org.br\/noticias\/wp-content\/uploads\/2024\/12\/materia-renovacao-1024x576.jpg 1024w, https:\/\/franciscanos.org.br\/noticias\/wp-content\/uploads\/2024\/12\/materia-renovacao-768x432.jpg 768w, https:\/\/franciscanos.org.br\/noticias\/wp-content\/uploads\/2024\/12\/materia-renovacao-150x84.jpg 150w\" sizes=\"(max-width: 1280px) 100vw, 1280px\" \/><\/p>\n<p>A Par\u00f3quia Santos M\u00e1rtires de Uganda, na prov\u00edncia de Malange, em Angola, festejou a renova\u00e7\u00e3o dos votos de 22 professos tempor\u00e1rios da Funda\u00e7\u00e3o Imaculada M\u00e3e de Deus de Angola (FIMDA). A cerim\u00f4nia ocorreu, no \u00faltimo dia 8 de dezembro, durante a celebra\u00e7\u00e3o eucar\u00edstica do II Domingo do Advento, presidida por Frei Andr\u00e9 dos Santos Sungo Mingas.<\/p>\n<p>Os frades em forma\u00e7\u00e3o reafirmaram o compromisso assumido no dia da Primeiria Profiss\u00e3o Religiosa, quando deram o &#8220;sim&#8221; \u00e0 caminhada na Ordem dos Frades Menores, gesto que tamb\u00e9m simboliza o amor a Deus, \u00e0 Igreja, aos irm\u00e3os e \u00e0 Cria\u00e7\u00e3o. Frei Ivair Bueno de Carvalho, presidente da FIMDA, teve a responsabilidade de receber a renova\u00e7\u00e3o dos confrades em tempo de forma\u00e7\u00e3o.<\/p>\n<p><img loading=\"lazy\" class=\"size-medium wp-image-253626 alignright\" src=\"https:\/\/franciscanos.org.br\/noticias\/wp-content\/uploads\/2024\/12\/RENOVACAO-DOS-VOTOS-angola-0259-450x300.jpg\" alt=\"\" width=\"450\" height=\"300\" srcset=\"https:\/\/franciscanos.org.br\/noticias\/wp-content\/uploads\/2024\/12\/RENOVACAO-DOS-VOTOS-angola-0259-450x300.jpg 450w, https:\/\/franciscanos.org.br\/noticias\/wp-content\/uploads\/2024\/12\/RENOVACAO-DOS-VOTOS-angola-0259-1024x682.jpg 1024w, https:\/\/franciscanos.org.br\/noticias\/wp-content\/uploads\/2024\/12\/RENOVACAO-DOS-VOTOS-angola-0259-768x512.jpg 768w, https:\/\/franciscanos.org.br\/noticias\/wp-content\/uploads\/2024\/12\/RENOVACAO-DOS-VOTOS-angola-0259-1536x1023.jpg 1536w, https:\/\/franciscanos.org.br\/noticias\/wp-content\/uploads\/2024\/12\/RENOVACAO-DOS-VOTOS-angola-0259-150x100.jpg 150w, https:\/\/franciscanos.org.br\/noticias\/wp-content\/uploads\/2024\/12\/RENOVACAO-DOS-VOTOS-angola-0259.jpg 1600w\" sizes=\"(max-width: 450px) 100vw, 450px\" \/>Estiveram presentes frades de todas as \u00a0fraternidades que comp\u00f5em a FIMDA, entidade vinculada \u00e0 Prov\u00edncia Franciscana da Imaculada Concei\u00e7\u00e3o do Brasil. A homilia foi proferida por Frei Jos\u00e9 Morais Cambolo, que destacou que a Renova\u00e7\u00e3o dos Votos \u00e9 um sinal de amor a Deus e um compromisso com o caminho da salva\u00e7\u00e3o.<\/p>\n<p>&#8220;Nosso Deus \u00e9 Pai e libertador. Ele nos convida a levantar, pois o caminho para a salva\u00e7\u00e3o est\u00e1 pr\u00f3ximo&#8221;, afirmou Frei Jos\u00e9, exortando os fi\u00e9is a se revestirem do temor a Deus e da salva\u00e7\u00e3o.<\/p>\n<p>Frei Manuel Coloi Armando Comungua, expressou sua alegria por reafirmar sua voca\u00e7\u00e3o atrav\u00e9s da renova\u00e7\u00e3o do Voto Tempor\u00e1rio, destacando a import\u00e2ncia desse gesto tanto pelo desejo pessoal, quanto pelo dever que ele representa dentro da Ordem.<\/p>\n\n\t\t<style type=\"text\/css\">\n\t\t\t#gallery-1 {\n\t\t\t\tmargin: auto;\n\t\t\t}\n\t\t\t#gallery-1 .gallery-item {\n\t\t\t\tfloat: left;\n\t\t\t\tmargin-top: 10px;\n\t\t\t\ttext-align: center;\n\t\t\t\twidth: 33%;\n\t\t\t}\n\t\t\t#gallery-1 img {\n\t\t\t\tborder: 2px solid #cfcfcf;\n\t\t\t}\n\t\t\t#gallery-1 .gallery-caption {\n\t\t\t\tmargin-left: 0;\n\t\t\t}\n\t\t\t\/* see gallery_shortcode() in wp-includes\/media.php *\/\n\t\t<\/style>\n\t\t<div id='gallery-1' class='gallery galleryid-253614 gallery-columns-3 gallery-size-thumbnail'><dl class='gallery-item'>\n\t\t\t<dt class='gallery-icon landscape'>\n\t\t\t\t<a href='https:\/\/franciscanos.org.br\/noticias\/wp-content\/uploads\/2024\/12\/RENOVACAO-DOS-VOTOS-angola-0234.jpg'><img width=\"300\" height=\"300\" src=\"https:\/\/franciscanos.org.br\/noticias\/wp-content\/uploads\/2024\/12\/RENOVACAO-DOS-VOTOS-angola-0234-300x300.jpg\" class=\"attachment-thumbnail size-thumbnail\" alt=\"\" loading=\"lazy\" srcset=\"https:\/\/franciscanos.org.br\/noticias\/wp-content\/uploads\/2024\/12\/RENOVACAO-DOS-VOTOS-angola-0234-300x300.jpg 300w, https:\/\/franciscanos.org.br\/noticias\/wp-content\/uploads\/2024\/12\/RENOVACAO-DOS-VOTOS-angola-0234-100x100.jpg 100w\" sizes=\"(max-width: 300px) 100vw, 300px\" \/><\/a>\n\t\t\t<\/dt><\/dl><dl class='gallery-item'>\n\t\t\t<dt class='gallery-icon landscape'>\n\t\t\t\t<a href='https:\/\/franciscanos.org.br\/noticias\/wp-content\/uploads\/2024\/12\/RENOVACAO-DOS-VOTOS-angola-0248.jpg'><img width=\"300\" height=\"300\" src=\"https:\/\/franciscanos.org.br\/noticias\/wp-content\/uploads\/2024\/12\/RENOVACAO-DOS-VOTOS-angola-0248-300x300.jpg\" class=\"attachment-thumbnail size-thumbnail\" alt=\"\" loading=\"lazy\" srcset=\"https:\/\/franciscanos.org.br\/noticias\/wp-content\/uploads\/2024\/12\/RENOVACAO-DOS-VOTOS-angola-0248-300x300.jpg 300w, https:\/\/franciscanos.org.br\/noticias\/wp-content\/uploads\/2024\/12\/RENOVACAO-DOS-VOTOS-angola-0248-100x100.jpg 100w\" sizes=\"(max-width: 300px) 100vw, 300px\" \/><\/a>\n\t\t\t<\/dt><\/dl><dl class='gallery-item'>\n\t\t\t<dt class='gallery-icon landscape'>\n\t\t\t\t<a href='https:\/\/franciscanos.org.br\/noticias\/wp-content\/uploads\/2024\/12\/RENOVACAO-DOS-VOTOS-angola-0231.jpg'><img width=\"300\" height=\"300\" src=\"https:\/\/franciscanos.org.br\/noticias\/wp-content\/uploads\/2024\/12\/RENOVACAO-DOS-VOTOS-angola-0231-300x300.jpg\" class=\"attachment-thumbnail size-thumbnail\" alt=\"\" loading=\"lazy\" srcset=\"https:\/\/franciscanos.org.br\/noticias\/wp-content\/uploads\/2024\/12\/RENOVACAO-DOS-VOTOS-angola-0231-300x300.jpg 300w, https:\/\/franciscanos.org.br\/noticias\/wp-content\/uploads\/2024\/12\/RENOVACAO-DOS-VOTOS-angola-0231-100x100.jpg 100w\" sizes=\"(max-width: 300px) 100vw, 300px\" \/><\/a>\n\t\t\t<\/dt><\/dl><br style=\"clear: both\" \/>\n\t\t<\/div>\n\n<p>Por sua vez, Frei Daniel Bungwe Soma comentou que a renova\u00e7\u00e3o dos votos ocorre anualmente e simboliza mais um tempo de perman\u00eancia na Ordem dos Frades Menores, vivida segundo o exemplo de S\u00e3o Francisco de Assis. Ele enfatizou a import\u00e2ncia deste ato, motivado pela sua vontade e pelo compromisso assumido com a Ordem desde sua entrada.<\/p>\n<p>Vale ressaltar que a Renova\u00e7\u00e3o dos Votos \u00e9, acima de tudo, um sinal de amor a Deus e acontece todos os anos at\u00e9 a profiss\u00e3o solene, momento em que os frades assumem a forma\u00e7\u00e3o permanente dentro da Ordem.<\/p>\n<p><strong>Saiba quem s\u00e3o os frades que fizeram a renova\u00e7\u00e3o dos votos:<\/strong><\/p>\n<p>Frei Abel Ernesto Nen\u00e9<\/p>\n<p>Frei Adriano Fernando Sumbelelo<\/p>\n<p>Frei Alberto Joaquim Manuel Gamba<\/p>\n<p>Frei Borracha Raimundo Eduardo<\/p>\n<p>Frei Daniel Bungwe Soma<\/p>\n<p>Frei Dion\u00edsio Katengue Tchingui<\/p>\n<p>Frei Eduardo C\u00e9sar Himi<\/p>\n<p>Frei Escovalo Gabriel Domingos<\/p>\n<p>Frei Gualter Filipe Jo\u00e3o Pascoal<\/p>\n<p>Frei Janu\u00e1rio Mendon\u00e7a Barreto de Carvalho<\/p>\n<p>Frei Lu\u00eds Ant\u00f3nio Gungo<\/p>\n<p>Frei Lu\u00eds Jos\u00e9 Fernandes<\/p>\n<p>Frei Lu\u00eds Manuel Mugiba<\/p>\n<p>Frei Manuel Coloi Armando Camongua<\/p>\n<p>Frei Manuel Franco Mununga<\/p>\n<p>Frei Manuel Katchingangu Singue<\/p>\n<p>Frei M\u00e1rio Catimba Dumbo Baptista<\/p>\n<p>Frei Paulo Camuanguina Alexandre<\/p>\n<p>Frei Paulo Ngungu Ngumbe Gabriel<\/p>\n<p>Frei Pedro Caiombe Samuco<\/p>\n<p>Frei Sim\u00e3o Albino Katenha Kaquinta<\/p>\n<p>Frei Sime\u00e3o Kapi\u00f1gala Jamba<\/p>\n<hr \/>\n<p><em>Pascom Par\u00f3quia Santos M\u00e1rtires de Uganda<\/em><\/p>\n","protected":false},"excerpt":{"rendered":"<p>Renova\u00e7\u00e3o dos Votos <\/p>\n","protected":false},"author":11,"featured_media":253620,"comment_status":"open","ping_status":"open","sticky":false,"template":"","format":"standard","meta":[],"categories":[1],"tags":[195,1152,2056],"acf":[],"yoast_head":"<!-- This site is optimized with the Yoast SEO plugin v19.2 - https:\/\/yoast.com\/wordpress\/plugins\/seo\/ -->\n<title>FIMDA cresce em voca\u00e7\u00f5es: Vinte e dois frades renovam votos religiosos - Not\u00edcias - Franciscanos<\/title>\n<meta name=\"robots\" content=\"index, follow, max-snippet:-1, max-image-preview:large, max-video-preview:-1\" \/>\n<link rel=\"canonical\" href=\"https:\/\/franciscanos.org.br\/noticias\/fimda-cresce-em-vocacoes-vinte-e-dois-frades-renovam-votos-religiosos.html\" \/>\n<meta property=\"og:locale\" content=\"pt_BR\" \/>\n<meta property=\"og:type\" content=\"article\" \/>\n<meta property=\"og:title\" content=\"FIMDA cresce em voca\u00e7\u00f5es: Vinte e dois frades renovam votos religiosos - Not\u00edcias - Franciscanos\" \/>\n<meta property=\"og:description\" content=\"Renova\u00e7\u00e3o dos Votos\" \/>\n<meta property=\"og:url\" content=\"https:\/\/franciscanos.org.br\/noticias\/fimda-cresce-em-vocacoes-vinte-e-dois-frades-renovam-votos-religiosos.html\" \/>\n<meta property=\"og:site_name\" content=\"Not\u00edcias - Franciscanos\" \/>\n<meta property=\"article:published_time\" content=\"2024-12-10T18:37:25+00:00\" \/>\n<meta property=\"article:modified_time\" content=\"2025-03-10T19:17:37+00:00\" \/>\n<meta property=\"og:image\" content=\"https:\/\/franciscanos.org.br\/noticias\/wp-content\/uploads\/2024\/12\/chamada-renovacao.jpg\" \/>\n\t<meta property=\"og:image:width\" content=\"800\" \/>\n\t<meta property=\"og:image:height\" content=\"550\" \/>\n\t<meta property=\"og:image:type\" content=\"image\/jpeg\" \/>\n<meta name=\"author\" content=\"Adriana Rabelo\" \/>\n<meta name=\"twitter:card\" content=\"summary_large_image\" \/>\n<meta name=\"twitter:label1\" content=\"Escrito por\" \/>\n\t<meta name=\"twitter:data1\" content=\"Adriana Rabelo\" \/>\n\t<meta name=\"twitter:label2\" content=\"Est. tempo de leitura\" \/>\n\t<meta name=\"twitter:data2\" content=\"2 minutos\" \/>\n<script type=\"application\/ld+json\" class=\"yoast-schema-graph\">{\"@context\":\"https:\/\/schema.org\",\"@graph\":[{\"@type\":\"WebSite\",\"@id\":\"https:\/\/franciscanos.org.br\/noticias\/#website\",\"url\":\"https:\/\/franciscanos.org.br\/noticias\/\",\"name\":\"Not\u00edcias - Franciscanos\",\"description\":\"Prov\u00edncia Franciscana da Imaculada Concei\u00e7\u00e3o do Brasil - Ordem dos Frades Menores - OFM\",\"potentialAction\":[{\"@type\":\"SearchAction\",\"target\":{\"@type\":\"EntryPoint\",\"urlTemplate\":\"https:\/\/franciscanos.org.br\/noticias\/?s={search_term_string}\"},\"query-input\":\"required name=search_term_string\"}],\"inLanguage\":\"pt-BR\"},{\"@type\":\"ImageObject\",\"inLanguage\":\"pt-BR\",\"@id\":\"https:\/\/franciscanos.org.br\/noticias\/fimda-cresce-em-vocacoes-vinte-e-dois-frades-renovam-votos-religiosos.html#primaryimage\",\"url\":\"https:\/\/franciscanos.org.br\/noticias\/wp-content\/uploads\/2024\/12\/chamada-renovacao.jpg\",\"contentUrl\":\"https:\/\/franciscanos.org.br\/noticias\/wp-content\/uploads\/2024\/12\/chamada-renovacao.jpg\",\"width\":800,\"height\":550},{\"@type\":\"WebPage\",\"@id\":\"https:\/\/franciscanos.org.br\/noticias\/fimda-cresce-em-vocacoes-vinte-e-dois-frades-renovam-votos-religiosos.html#webpage\",\"url\":\"https:\/\/franciscanos.org.br\/noticias\/fimda-cresce-em-vocacoes-vinte-e-dois-frades-renovam-votos-religiosos.html\",\"name\":\"FIMDA cresce em voca\u00e7\u00f5es: Vinte e dois frades renovam votos religiosos - Not\u00edcias - Franciscanos\",\"isPartOf\":{\"@id\":\"https:\/\/franciscanos.org.br\/noticias\/#website\"},\"primaryImageOfPage\":{\"@id\":\"https:\/\/franciscanos.org.br\/noticias\/fimda-cresce-em-vocacoes-vinte-e-dois-frades-renovam-votos-religiosos.html#primaryimage\"},\"datePublished\":\"2024-12-10T18:37:25+00:00\",\"dateModified\":\"2025-03-10T19:17:37+00:00\",\"author\":{\"@id\":\"https:\/\/franciscanos.org.br\/noticias\/#\/schema\/person\/d9422e83121c3ad3b0f423d195f5bb25\"},\"breadcrumb\":{\"@id\":\"https:\/\/franciscanos.org.br\/noticias\/fimda-cresce-em-vocacoes-vinte-e-dois-frades-renovam-votos-religiosos.html#breadcrumb\"},\"inLanguage\":\"pt-BR\",\"potentialAction\":[{\"@type\":\"ReadAction\",\"target\":[\"https:\/\/franciscanos.org.br\/noticias\/fimda-cresce-em-vocacoes-vinte-e-dois-frades-renovam-votos-religiosos.html\"]}]},{\"@type\":\"BreadcrumbList\",\"@id\":\"https:\/\/franciscanos.org.br\/noticias\/fimda-cresce-em-vocacoes-vinte-e-dois-frades-renovam-votos-religiosos.html#breadcrumb\",\"itemListElement\":[{\"@type\":\"ListItem\",\"position\":1,\"name\":\"Home\",\"item\":\"https:\/\/franciscanos.org.br\/noticias\"},{\"@type\":\"ListItem\",\"position\":2,\"name\":\"FIMDA cresce em voca\u00e7\u00f5es: Vinte e dois frades renovam votos religiosos\"}]},{\"@type\":\"Person\",\"@id\":\"https:\/\/franciscanos.org.br\/noticias\/#\/schema\/person\/d9422e83121c3ad3b0f423d195f5bb25\",\"name\":\"Adriana Rabelo\",\"image\":{\"@type\":\"ImageObject\",\"inLanguage\":\"pt-BR\",\"@id\":\"https:\/\/franciscanos.org.br\/noticias\/#\/schema\/person\/image\/\",\"url\":\"https:\/\/secure.gravatar.com\/avatar\/0a937b7500cd7df77540cfb8bede877d?s=96&d=mm&r=g\",\"contentUrl\":\"https:\/\/secure.gravatar.com\/avatar\/0a937b7500cd7df77540cfb8bede877d?s=96&d=mm&r=g\",\"caption\":\"Adriana Rabelo\"},\"url\":\"https:\/\/franciscanos.org.br\/noticias\/author\/adrianarabelo\"}]}<\/script>\n<!-- \/ Yoast SEO plugin. -->","yoast_head_json":{"title":"FIMDA cresce em voca\u00e7\u00f5es: Vinte e dois frades renovam votos religiosos - Not\u00edcias - Franciscanos","robots":{"index":"index","follow":"follow","max-snippet":"max-snippet:-1","max-image-preview":"max-image-preview:large","max-video-preview":"max-video-preview:-1"},"canonical":"https:\/\/franciscanos.org.br\/noticias\/fimda-cresce-em-vocacoes-vinte-e-dois-frades-renovam-votos-religiosos.html","og_locale":"pt_BR","og_type":"article","og_title":"FIMDA cresce em voca\u00e7\u00f5es: Vinte e dois frades renovam votos religiosos - Not\u00edcias - Franciscanos","og_description":"Renova\u00e7\u00e3o dos Votos","og_url":"https:\/\/franciscanos.org.br\/noticias\/fimda-cresce-em-vocacoes-vinte-e-dois-frades-renovam-votos-religiosos.html","og_site_name":"Not\u00edcias - Franciscanos","article_published_time":"2024-12-10T18:37:25+00:00","article_modified_time":"2025-03-10T19:17:37+00:00","og_image":[{"width":800,"height":550,"url":"https:\/\/franciscanos.org.br\/noticias\/wp-content\/uploads\/2024\/12\/chamada-renovacao.jpg","type":"image\/jpeg"}],"author":"Adriana Rabelo","twitter_card":"summary_large_image","twitter_misc":{"Escrito por":"Adriana Rabelo","Est. tempo de leitura":"2 minutos"},"schema":{"@context":"https:\/\/schema.org","@graph":[{"@type":"WebSite","@id":"https:\/\/franciscanos.org.br\/noticias\/#website","url":"https:\/\/franciscanos.org.br\/noticias\/","name":"Not\u00edcias - Franciscanos","description":"Prov\u00edncia Franciscana da Imaculada Concei\u00e7\u00e3o do Brasil - Ordem dos Frades Menores - OFM","potentialAction":[{"@type":"SearchAction","target":{"@type":"EntryPoint","urlTemplate":"https:\/\/franciscanos.org.br\/noticias\/?s={search_term_string}"},"query-input":"required name=search_term_string"}],"inLanguage":"pt-BR"},{"@type":"ImageObject","inLanguage":"pt-BR","@id":"https:\/\/franciscanos.org.br\/noticias\/fimda-cresce-em-vocacoes-vinte-e-dois-frades-renovam-votos-religiosos.html#primaryimage","url":"https:\/\/franciscanos.org.br\/noticias\/wp-content\/uploads\/2024\/12\/chamada-renovacao.jpg","contentUrl":"https:\/\/franciscanos.org.br\/noticias\/wp-content\/uploads\/2024\/12\/chamada-renovacao.jpg","width":800,"height":550},{"@type":"WebPage","@id":"https:\/\/franciscanos.org.br\/noticias\/fimda-cresce-em-vocacoes-vinte-e-dois-frades-renovam-votos-religiosos.html#webpage","url":"https:\/\/franciscanos.org.br\/noticias\/fimda-cresce-em-vocacoes-vinte-e-dois-frades-renovam-votos-religiosos.html","name":"FIMDA cresce em voca\u00e7\u00f5es: Vinte e dois frades renovam votos religiosos - Not\u00edcias - Franciscanos","isPartOf":{"@id":"https:\/\/franciscanos.org.br\/noticias\/#website"},"primaryImageOfPage":{"@id":"https:\/\/franciscanos.org.br\/noticias\/fimda-cresce-em-vocacoes-vinte-e-dois-frades-renovam-votos-religiosos.html#primaryimage"},"datePublished":"2024-12-10T18:37:25+00:00","dateModified":"2025-03-10T19:17:37+00:00","author":{"@id":"https:\/\/franciscanos.org.br\/noticias\/#\/schema\/person\/d9422e83121c3ad3b0f423d195f5bb25"},"breadcrumb":{"@id":"https:\/\/franciscanos.org.br\/noticias\/fimda-cresce-em-vocacoes-vinte-e-dois-frades-renovam-votos-religiosos.html#breadcrumb"},"inLanguage":"pt-BR","potentialAction":[{"@type":"ReadAction","target":["https:\/\/franciscanos.org.br\/noticias\/fimda-cresce-em-vocacoes-vinte-e-dois-frades-renovam-votos-religiosos.html"]}]},{"@type":"BreadcrumbList","@id":"https:\/\/franciscanos.org.br\/noticias\/fimda-cresce-em-vocacoes-vinte-e-dois-frades-renovam-votos-religiosos.html#breadcrumb","itemListElement":[{"@type":"ListItem","position":1,"name":"Home","item":"https:\/\/franciscanos.org.br\/noticias"},{"@type":"ListItem","position":2,"name":"FIMDA cresce em voca\u00e7\u00f5es: Vinte e dois frades renovam votos religiosos"}]},{"@type":"Person","@id":"https:\/\/franciscanos.org.br\/noticias\/#\/schema\/person\/d9422e83121c3ad3b0f423d195f5bb25","name":"Adriana Rabelo","image":{"@type":"ImageObject","inLanguage":"pt-BR","@id":"https:\/\/franciscanos.org.br\/noticias\/#\/schema\/person\/image\/","url":"https:\/\/secure.gravatar.com\/avatar\/0a937b7500cd7df77540cfb8bede877d?s=96&d=mm&r=g","contentUrl":"https:\/\/secure.gravatar.com\/avatar\/0a937b7500cd7df77540cfb8bede877d?s=96&d=mm&r=g","caption":"Adriana Rabelo"},"url":"https:\/\/franciscanos.org.br\/noticias\/author\/adrianarabelo"}]}},"_links":{"self":[{"href":"https:\/\/franciscanos.org.br\/noticias\/wp-json\/wp\/v2\/posts\/253614"}],"collection":[{"href":"https:\/\/franciscanos.org.br\/noticias\/wp-json\/wp\/v2\/posts"}],"about":[{"href":"https:\/\/franciscanos.org.br\/noticias\/wp-json\/wp\/v2\/types\/post"}],"author":[{"embeddable":true,"href":"https:\/\/franciscanos.org.br\/noticias\/wp-json\/wp\/v2\/users\/11"}],"replies":[{"embeddable":true,"href":"https:\/\/franciscanos.org.br\/noticias\/wp-json\/wp\/v2\/comments?post=253614"}],"version-history":[{"count":5,"href":"https:\/\/franciscanos.org.br\/noticias\/wp-json\/wp\/v2\/posts\/253614\/revisions"}],"predecessor-version":[{"id":253632,"href":"https:\/\/franciscanos.org.br\/noticias\/wp-json\/wp\/v2\/posts\/253614\/revisions\/253632"}],"wp:featuredmedia":[{"embeddable":true,"href":"https:\/\/franciscanos.org.br\/noticias\/wp-json\/wp\/v2\/media\/253620"}],"wp:attachment":[{"href":"https:\/\/franciscanos.org.br\/noticias\/wp-json\/wp\/v2\/media?parent=253614"}],"wp:term":[{"taxonomy":"category","embeddable":true,"href":"https:\/\/franciscanos.org.br\/noticias\/wp-json\/wp\/v2\/categories?post=253614"},{"taxonomy":"post_tag","embeddable":true,"href":"https:\/\/franciscanos.org.br\/noticias\/wp-json\/wp\/v2\/tags?post=253614"}],"curies":[{"name":"wp","href":"https:\/\/api.w.org\/{rel}","templated":true}]}}