{"id":253542,"date":"2024-12-10T15:36:50","date_gmt":"2024-12-10T18:36:50","guid":{"rendered":"https:\/\/franciscanos.org.br\/noticias\/?p=253542"},"modified":"2025-03-10T16:18:23","modified_gmt":"2025-03-10T19:18:23","slug":"253542","status":"publish","type":"post","link":"https:\/\/franciscanos.org.br\/noticias\/253542.html","title":{"rendered":"Frei Andr\u00e9 e Frei Miguel s\u00e3o ordenados presb\u00edteros em Angola"},"content":{"rendered":"<p><img loading=\"lazy\" class=\"aligncenter wp-image-253543 size-full\" src=\"https:\/\/franciscanos.org.br\/noticias\/wp-content\/uploads\/2024\/12\/materia-4.jpg\" alt=\"\" width=\"1280\" height=\"720\" srcset=\"https:\/\/franciscanos.org.br\/noticias\/wp-content\/uploads\/2024\/12\/materia-4.jpg 1280w, https:\/\/franciscanos.org.br\/noticias\/wp-content\/uploads\/2024\/12\/materia-4-450x253.jpg 450w, https:\/\/franciscanos.org.br\/noticias\/wp-content\/uploads\/2024\/12\/materia-4-1024x576.jpg 1024w, https:\/\/franciscanos.org.br\/noticias\/wp-content\/uploads\/2024\/12\/materia-4-768x432.jpg 768w, https:\/\/franciscanos.org.br\/noticias\/wp-content\/uploads\/2024\/12\/materia-4-150x84.jpg 150w\" sizes=\"(max-width: 1280px) 100vw, 1280px\" \/><\/p>\n<p>Frei Andr\u00e9 dos Santos Sungo Mingas e Frei Miguel Tchiteculo Tchindjonbo Filipe foram ordenados presb\u00edteros no dia 7 de dezembro de 2024, na Par\u00f3quia Santos M\u00e1rtires de Uganda, bairro Catepa, em Malange. A cerim\u00f4nia foi presidida por Dom Luzizila Kiala, Arcebispo Metropolitano de Malange, que conferiu o sacramento da Ordem por meio da imposi\u00e7\u00e3o das m\u00e3os e da prece de ordena\u00e7\u00e3o.<\/p>\n<p>A celebra\u00e7\u00e3o contou com a presen\u00e7a de um grande n\u00famero de membros do clero religioso e secular, \u00a0al\u00e9m de religiosas e religiosos de diversas congrega\u00e7\u00f5es, bem como do povo de Deus e de autoridades pol\u00edticas, civis e militares, com destaque para o Governador da prov\u00edncia de Malange, Marcos Alexandre Nhunga.<\/p>\n<p><img loading=\"lazy\" class=\"size-medium wp-image-253546 alignleft\" src=\"https:\/\/franciscanos.org.br\/noticias\/wp-content\/uploads\/2024\/12\/IMG-20241209-WA0228-450x300.jpg\" alt=\"\" width=\"450\" height=\"300\" srcset=\"https:\/\/franciscanos.org.br\/noticias\/wp-content\/uploads\/2024\/12\/IMG-20241209-WA0228-450x300.jpg 450w, https:\/\/franciscanos.org.br\/noticias\/wp-content\/uploads\/2024\/12\/IMG-20241209-WA0228-1024x682.jpg 1024w, https:\/\/franciscanos.org.br\/noticias\/wp-content\/uploads\/2024\/12\/IMG-20241209-WA0228-768x512.jpg 768w, https:\/\/franciscanos.org.br\/noticias\/wp-content\/uploads\/2024\/12\/IMG-20241209-WA0228-1536x1023.jpg 1536w, https:\/\/franciscanos.org.br\/noticias\/wp-content\/uploads\/2024\/12\/IMG-20241209-WA0228-150x100.jpg 150w, https:\/\/franciscanos.org.br\/noticias\/wp-content\/uploads\/2024\/12\/IMG-20241209-WA0228.jpg 1600w\" sizes=\"(max-width: 450px) 100vw, 450px\" \/>Ap\u00f3s a proclama\u00e7\u00e3o do Evangelho, os eleitos, acompahados por seus pais, foram chamados por Frei Jos\u00e9 Morais Cambolo, que deu in\u00edcio ao rito da ordena\u00e7\u00e3o. Durante a homilia, Dom Luzizila destacou que \u201cCristo \u00e9 Sacerdote para sempre\u201d e que os neo-sacerdotes devem modelar suas vidas pelo exemplo de Jesus, que \u00e9 o instrumento vivo de salva\u00e7\u00e3o.<\/p>\n<p>\u201cO sacerd\u00f3cio \u00e9 destinado \u00e0 Igreja e ao mundo. Ele \u00e9 um chamado social, pois o Senhor nos disse: \u2018Ide e evangelizai\u2019. Ser sacerdote n\u00e3o \u00e9 f\u00e1cil, mas \u00e9 fundamental seguir os passos de Cristo para caminhar na vida crist\u00e3\u201d, afirmou o arcebispo, sublinhando que a vida consagrada \u00e9 um compromisso pela salva\u00e7\u00e3o. Dom Luzizila tamb\u00e9m advertiu os novos presb\u00edteros sobre a administra\u00e7\u00e3o dos bens, enfatizando que, embora o dinheiro tenha sua import\u00e2ncia, ele nunca deve ser prioridade para um sacerdote, que deve manter Cristo como o centro de sua voca\u00e7\u00e3o.<\/p>\n<p>O rito seguiu com o di\u00e1logo com os eleitos, a prostra\u00e7\u00e3o (s\u00edmbolo de despojamento total), a imposi\u00e7\u00e3o das m\u00e3os, a prece de ordena\u00e7\u00e3o, a vesti\u00e7\u00e3o das vestes sacerdotais, a entrega do c\u00e1lice e da patena, e o acolhimento ao presbit\u00e9rio pelo Bispo e demais concelebrantes.<\/p>\n<p>Na mesma celebra\u00e7\u00e3o tamb\u00e9m foram ordenados di\u00e1conos os minoristas Jos\u00e9 Dias, Ant\u00f3nio Pintinho e Benedito Calei, pertencentes \u00e0 arquidiocese de Malange.<\/p>\n<p><img loading=\"lazy\" class=\"aligncenter wp-image-253548 size-large\" src=\"https:\/\/franciscanos.org.br\/noticias\/wp-content\/uploads\/2024\/12\/IMG_20241207_164958800_HDR-1024x461.jpg\" alt=\"\" width=\"1024\" height=\"461\" srcset=\"https:\/\/franciscanos.org.br\/noticias\/wp-content\/uploads\/2024\/12\/IMG_20241207_164958800_HDR-1024x461.jpg 1024w, https:\/\/franciscanos.org.br\/noticias\/wp-content\/uploads\/2024\/12\/IMG_20241207_164958800_HDR-450x202.jpg 450w, https:\/\/franciscanos.org.br\/noticias\/wp-content\/uploads\/2024\/12\/IMG_20241207_164958800_HDR-768x345.jpg 768w, https:\/\/franciscanos.org.br\/noticias\/wp-content\/uploads\/2024\/12\/IMG_20241207_164958800_HDR-1536x691.jpg 1536w, https:\/\/franciscanos.org.br\/noticias\/wp-content\/uploads\/2024\/12\/IMG_20241207_164958800_HDR-2048x921.jpg 2048w, https:\/\/franciscanos.org.br\/noticias\/wp-content\/uploads\/2024\/12\/IMG_20241207_164958800_HDR-150x67.jpg 150w, https:\/\/franciscanos.org.br\/noticias\/wp-content\/uploads\/2024\/12\/IMG_20241207_164958800_HDR-scaled.jpg 1920w\" sizes=\"(max-width: 1024px) 100vw, 1024px\" \/>Ao final da Santa Missa, Frei Andr\u00e9 Mingas, em nome dos rec\u00e9m-ordenados, agradeceu a Deus, \u00e0 Igreja, \u00e0 Ordem, \u00e0 fam\u00edlia e a todos os presentes. Frei Ivair Bueno de Carvalho, presidente a FIMDA, tamb\u00e9m expressou sua gratid\u00e3o a Dom Luzizila por ter aceitado o convite para presidir a ordena\u00e7\u00e3o.<\/p>\n<p><strong>Testemunhos<\/strong><\/p>\n<p>Frei Miguel Tchiteculo afirmou estar feliz e orgulhoso por sua escolha e encorajou aqueles que sentem o chamado \u00e0 voca\u00e7\u00e3o a acreditarem mais em sua f\u00e9. J\u00e1 Frei Andr\u00e9 Mingas destacou que sua caminhada vocacional foi marcada por discernimento e compromisso desde o batismo e a Ordena\u00e7\u00e3o Diaconal, prometendo consolidar suas virtudes como sacerdote.<\/p>\n<p>Maria Teresa, uma fiel presente na celebra\u00e7\u00e3o, falou sobre sua alegria pelo fato de a Par\u00f3quia Santos M\u00e1rtires de Uganda ter sido escolhida para o evento e aconselhou os vocacionados a terem coragem e f\u00e9 para seguir o chamado de Deus.<\/p>\n<p>Neste ano, a Par\u00f3quia Santos M\u00e1rtires de Uganda acolheu cinco ordena\u00e7\u00f5es, sendo duas sacerdotais e tr\u00eas diaconais, marcando um per\u00edodo de grande celebra\u00e7\u00e3o e renova\u00e7\u00e3o para a comunidade.<\/p>\n<p><strong>Primeira missa dos frades ordenados presb\u00edteros<\/strong><\/p>\n<p>Frei Andr\u00e9 e\u00a0 Frei Miguel celebraram a primeira Santa Missa na Par\u00f3quia Santos M\u00e1rtires de Uganda no domingo, 8 de dezembro. Na mesma ocasi\u00e3o, vinte e dois (22) professos tempor\u00e1rios da Funda\u00e7\u00e3o Imaculada M\u00e3e de Deus de Angola\u00a0 fizeram a Renova\u00e7\u00e3o dos Votos perante a comunidade e convidados.<\/p>\n<p>A Celebra\u00e7\u00e3o Eucar\u00edstica foi presidida por Frei Andre, acompanhado por seus confrades e por dois sacerdotes do Clero de Cabinda, tamb\u00e9m prov\u00edncia de Angola.<\/p>\n<p>A homilia foi proferida por Frei Jos\u00e9 Morais Cambolo, que destacou: \u201cAo nos reunirmos, celebramos o memorial da morte e ressurrei\u00e7\u00e3o de Cristo, discernindo o caminho que conduz \u00e0 salva\u00e7\u00e3o, entendida como uma oferta gratuita de Deus. Deus quer que todos salvem\u201d. Sgundo ele, o sacerdote tem a Miss\u00e3o de facilitar essa salva\u00e7\u00e3o.<\/p>\n<p><img loading=\"lazy\" class=\"size-medium wp-image-253547 alignright\" src=\"https:\/\/franciscanos.org.br\/noticias\/wp-content\/uploads\/2024\/12\/IMG-20241209-WA0248-450x300.jpg\" alt=\"\" width=\"450\" height=\"300\" srcset=\"https:\/\/franciscanos.org.br\/noticias\/wp-content\/uploads\/2024\/12\/IMG-20241209-WA0248-450x300.jpg 450w, https:\/\/franciscanos.org.br\/noticias\/wp-content\/uploads\/2024\/12\/IMG-20241209-WA0248-1024x682.jpg 1024w, https:\/\/franciscanos.org.br\/noticias\/wp-content\/uploads\/2024\/12\/IMG-20241209-WA0248-768x512.jpg 768w, https:\/\/franciscanos.org.br\/noticias\/wp-content\/uploads\/2024\/12\/IMG-20241209-WA0248-1536x1023.jpg 1536w, https:\/\/franciscanos.org.br\/noticias\/wp-content\/uploads\/2024\/12\/IMG-20241209-WA0248-150x100.jpg 150w, https:\/\/franciscanos.org.br\/noticias\/wp-content\/uploads\/2024\/12\/IMG-20241209-WA0248.jpg 1600w\" sizes=\"(max-width: 450px) 100vw, 450px\" \/><\/p>\n<p>O p\u00e1roco da Par\u00f3quia Santos M\u00e1rtires de Uganda, Frei Santana Sebasti\u00e3o Cafunda, \u00a0expressou sua gratid\u00e3o aos neo-presb\u00edteros e \u00e0 comunidade em geral. Em sua mensagem, pediu que os rec\u00e9m-ordenados mantivessem sempre os fi\u00e9is em seus cora\u00e7\u00f5es.<\/p>\n<p>Frei Ermelindo Francisco Bambi, coordenador do SAV-Angola, tamb\u00e9m manifestou agradecimentos \u00e0 comunidade pelo apoio no processo de organiza\u00e7\u00e3o dos eventos relacionados \u00e0s ordena\u00e7\u00f5es. Ele destacou que, com o apoio de outras pessoas, especialmente por meio da ora\u00e7\u00e3o, tudo se tornou poss\u00edvel.<\/p>\n<p>O frade aproveitou ainda para anunciar a cria\u00e7\u00e3o de um projeto voltado aos fi\u00e9is interessados em contribuir espontaneamente com a Ordem dos Frades Menores, chamado Pr\u00f3-Voca\u00e7\u00f5es Franciscanas Angola. A iniciativa prev\u00ea o preenchimento de uma ficha de ades\u00e3o, com o objetivo de garantir a continuidade da forma\u00e7\u00e3o dos frades em diferentes regi\u00f5es do pa\u00eds.<\/p>\n<p><strong>Semana Mission\u00e1ria em prepara\u00e7\u00e3o as ordena\u00e7\u00f5es presbiterais <\/strong><\/p>\n<p>Antes do Ordena\u00e7\u00e3o Presbieral, os frades e a comunidade viveram momentos imporante de prepara\u00e7\u00e3o. Acompahe como foi.<\/p>\n<p><strong>1\u00ba Dia \u2013 In\u00edcio das Atividades Mission\u00e1rias<\/strong><\/p>\n<p>&nbsp;<\/p>\n<p><img loading=\"lazy\" class=\" wp-image-253555 alignleft\" src=\"https:\/\/franciscanos.org.br\/noticias\/wp-content\/uploads\/2024\/12\/IMG_20241203_083036256-450x202.jpg\" alt=\"\" width=\"417\" height=\"187\" srcset=\"https:\/\/franciscanos.org.br\/noticias\/wp-content\/uploads\/2024\/12\/IMG_20241203_083036256-450x202.jpg 450w, https:\/\/franciscanos.org.br\/noticias\/wp-content\/uploads\/2024\/12\/IMG_20241203_083036256-1024x461.jpg 1024w, https:\/\/franciscanos.org.br\/noticias\/wp-content\/uploads\/2024\/12\/IMG_20241203_083036256-768x345.jpg 768w, https:\/\/franciscanos.org.br\/noticias\/wp-content\/uploads\/2024\/12\/IMG_20241203_083036256-1536x691.jpg 1536w, https:\/\/franciscanos.org.br\/noticias\/wp-content\/uploads\/2024\/12\/IMG_20241203_083036256-2048x921.jpg 2048w, https:\/\/franciscanos.org.br\/noticias\/wp-content\/uploads\/2024\/12\/IMG_20241203_083036256-150x67.jpg 150w, https:\/\/franciscanos.org.br\/noticias\/wp-content\/uploads\/2024\/12\/IMG_20241203_083036256-scaled.jpg 1920w\" sizes=\"(max-width: 417px) 100vw, 417px\" \/>A Semana Mission\u00e1ria Franciscana teve in\u00edcio na Par\u00f3quia Santos M\u00e1rtires da Uganda com a Santa Missa celebrada \u00e0s 18h, reunindo mission\u00e1rios e fi\u00e9is em um ambiente de espiritualidade e comunh\u00e3o. Esse momento marcou o ponto de partida das atividades em prepara\u00e7\u00e3o \u00e0s ordena\u00e7\u00f5es presbiterais.<\/p>\n<p>A celebra\u00e7\u00e3o enfatizou o significado da miss\u00e3o como um chamado \u00e0 doa\u00e7\u00e3o, ao servi\u00e7o e ao testemunho do carisma franciscano. Foi uma noite de alegria, reflex\u00e3o e esperan\u00e7a, que preparou espiritualmente os participantes para os desafios da evangeliza\u00e7\u00e3o nos dias seguintes.<\/p>\n<p>&nbsp;<\/p>\n<p><strong><img loading=\"lazy\" class=\"size-medium wp-image-253550 alignright\" src=\"https:\/\/franciscanos.org.br\/noticias\/wp-content\/uploads\/2024\/12\/IMG_20241203_095537310_HDR-450x202.jpg\" alt=\"\" width=\"450\" height=\"202\" srcset=\"https:\/\/franciscanos.org.br\/noticias\/wp-content\/uploads\/2024\/12\/IMG_20241203_095537310_HDR-450x202.jpg 450w, https:\/\/franciscanos.org.br\/noticias\/wp-content\/uploads\/2024\/12\/IMG_20241203_095537310_HDR-1024x461.jpg 1024w, https:\/\/franciscanos.org.br\/noticias\/wp-content\/uploads\/2024\/12\/IMG_20241203_095537310_HDR-768x345.jpg 768w, https:\/\/franciscanos.org.br\/noticias\/wp-content\/uploads\/2024\/12\/IMG_20241203_095537310_HDR-1536x691.jpg 1536w, https:\/\/franciscanos.org.br\/noticias\/wp-content\/uploads\/2024\/12\/IMG_20241203_095537310_HDR-2048x921.jpg 2048w, https:\/\/franciscanos.org.br\/noticias\/wp-content\/uploads\/2024\/12\/IMG_20241203_095537310_HDR-150x67.jpg 150w, https:\/\/franciscanos.org.br\/noticias\/wp-content\/uploads\/2024\/12\/IMG_20241203_095537310_HDR-scaled.jpg 1920w\" sizes=\"(max-width: 450px) 100vw, 450px\" \/>2\u00ba Dia \u2013 Miss\u00e3o na Casa das Irm\u00e3s Clarissas<\/strong><\/p>\n<p>Em 3 de dezembro, o segundo dia da Semana Mission\u00e1ria ocorreu na Casa das Irm\u00e3s Clarissas, destacando os valores de simplicidade, fraternidade e servi\u00e7o, que fundamentam o carisma de S\u00e3o Francisco de Assis e Santa Clara.<\/p>\n<p>As atividades inclu\u00edram momentos de confraterniza\u00e7\u00e3o e visita ao cemit\u00e9rio das Irm\u00e3s Clarissas, onde se encontram os restos mortais da Irm\u00e3 C\u00e2ndida, como um gesto de mem\u00f3ria e gratid\u00e3o pelo seu legado espiritual.<\/p>\n<p>O dia culminou com a Miss\u00e3o Santa Teresinha do Menino Jesus, em Cangandala. Esse encerramento refor\u00e7ou o impacto da miss\u00e3o franciscana como instrumento de evangeliza\u00e7\u00e3o e renova\u00e7\u00e3o espiritual, deixando marcas profundas na comunidade e nos mission\u00e1rios.<\/p>\n<p>&nbsp;<\/p>\n<p><strong><img loading=\"lazy\" class=\" wp-image-253551 alignleft\" src=\"https:\/\/franciscanos.org.br\/noticias\/wp-content\/uploads\/2024\/12\/IMG_20241203_183558970_HDR-450x202.jpg\" alt=\"\" width=\"434\" height=\"195\" srcset=\"https:\/\/franciscanos.org.br\/noticias\/wp-content\/uploads\/2024\/12\/IMG_20241203_183558970_HDR-450x202.jpg 450w, https:\/\/franciscanos.org.br\/noticias\/wp-content\/uploads\/2024\/12\/IMG_20241203_183558970_HDR-1024x461.jpg 1024w, https:\/\/franciscanos.org.br\/noticias\/wp-content\/uploads\/2024\/12\/IMG_20241203_183558970_HDR-768x345.jpg 768w, https:\/\/franciscanos.org.br\/noticias\/wp-content\/uploads\/2024\/12\/IMG_20241203_183558970_HDR-1536x691.jpg 1536w, https:\/\/franciscanos.org.br\/noticias\/wp-content\/uploads\/2024\/12\/IMG_20241203_183558970_HDR-2048x921.jpg 2048w, https:\/\/franciscanos.org.br\/noticias\/wp-content\/uploads\/2024\/12\/IMG_20241203_183558970_HDR-150x67.jpg 150w, https:\/\/franciscanos.org.br\/noticias\/wp-content\/uploads\/2024\/12\/IMG_20241203_183558970_HDR-scaled.jpg 1920w\" sizes=\"(max-width: 434px) 100vw, 434px\" \/>3\u00ba Dia \u2013 Espiritualidade e Compromisso<\/strong><\/p>\n<p>Na quinta-feira, 5 de dezembro, as atividades iniciaram, \u00e0s 6h30, na Par\u00f3quia Santos M\u00e1rtires de Uganda, com a Santa Missa matinal. Fi\u00e9is, frades e postulantes participaram com fervor, celebrando a unidade e a f\u00e9.<\/p>\n<p>\u00c0 tarde, o ponto alto foi a Adora\u00e7\u00e3o ao Sant\u00edssimo Sacramento, marcada por c\u00e2nticos, ora\u00e7\u00f5es e reflex\u00f5es que envolveram a todos em um esp\u00edrito de entrega e louvor. Nesse momento solene, Frei Andr\u00e9 Mingas e Frei Miguel Tchiteculo fizeram o juramento de fidelidade \u00e0 doutrina da Igreja e professaram publicamente sua f\u00e9 diante da comunidade.<\/p>\n<p>A alegria e a gratid\u00e3o eram evidentes nos rostos dos participantes, que testemunharam a import\u00e2ncia dessa viv\u00eancia de f\u00e9. Os frades e postulantes renovaram seu compromisso com a miss\u00e3o e o servi\u00e7o, refor\u00e7ando o esp\u00edrito de fraternidade franciscana.<\/p>\n<p>A Semana Mission\u00e1ria concluiu-se como um verdadeiro hino de louvor a Deus, que guiou cada momento, e ao povo de Deus, cuja participa\u00e7\u00e3o tornou tudo ainda mais especial. A experi\u00eancia fortaleceu os la\u00e7os da comunidade franciscana e deixou um legado espiritual profundo.<\/p>\n<hr \/>\n<p><em>Frei Nascimento Artur Hebo e \u00a0Pascom Par\u00f3quia Santos M\u00e1rtires de Uganda\u00a0<\/em><\/p>\n\n\t\t<style type=\"text\/css\">\n\t\t\t#gallery-1 {\n\t\t\t\tmargin: auto;\n\t\t\t}\n\t\t\t#gallery-1 .gallery-item {\n\t\t\t\tfloat: left;\n\t\t\t\tmargin-top: 10px;\n\t\t\t\ttext-align: center;\n\t\t\t\twidth: 25%;\n\t\t\t}\n\t\t\t#gallery-1 img {\n\t\t\t\tborder: 2px solid #cfcfcf;\n\t\t\t}\n\t\t\t#gallery-1 .gallery-caption {\n\t\t\t\tmargin-left: 0;\n\t\t\t}\n\t\t\t\/* see gallery_shortcode() in wp-includes\/media.php *\/\n\t\t<\/style>\n\t\t<div id='gallery-1' class='gallery galleryid-253542 gallery-columns-4 gallery-size-thumbnail'><dl class='gallery-item'>\n\t\t\t<dt class='gallery-icon landscape'>\n\t\t\t\t<a href='https:\/\/franciscanos.org.br\/noticias\/wp-content\/uploads\/2024\/12\/IMG_20241204_074343406_MF_PORTRAIT-scaled.jpg'><img width=\"300\" height=\"300\" src=\"https:\/\/franciscanos.org.br\/noticias\/wp-content\/uploads\/2024\/12\/IMG_20241204_074343406_MF_PORTRAIT-300x300.jpg\" class=\"attachment-thumbnail size-thumbnail\" alt=\"\" loading=\"lazy\" srcset=\"https:\/\/franciscanos.org.br\/noticias\/wp-content\/uploads\/2024\/12\/IMG_20241204_074343406_MF_PORTRAIT-300x300.jpg 300w, https:\/\/franciscanos.org.br\/noticias\/wp-content\/uploads\/2024\/12\/IMG_20241204_074343406_MF_PORTRAIT-100x100.jpg 100w\" sizes=\"(max-width: 300px) 100vw, 300px\" \/><\/a>\n\t\t\t<\/dt><\/dl><dl class='gallery-item'>\n\t\t\t<dt class='gallery-icon landscape'>\n\t\t\t\t<a href='https:\/\/franciscanos.org.br\/noticias\/wp-content\/uploads\/2024\/12\/IMG_20241203_185657670-1-scaled.jpg'><img width=\"300\" height=\"300\" src=\"https:\/\/franciscanos.org.br\/noticias\/wp-content\/uploads\/2024\/12\/IMG_20241203_185657670-1-300x300.jpg\" class=\"attachment-thumbnail size-thumbnail\" alt=\"\" loading=\"lazy\" srcset=\"https:\/\/franciscanos.org.br\/noticias\/wp-content\/uploads\/2024\/12\/IMG_20241203_185657670-1-300x300.jpg 300w, https:\/\/franciscanos.org.br\/noticias\/wp-content\/uploads\/2024\/12\/IMG_20241203_185657670-1-100x100.jpg 100w\" sizes=\"(max-width: 300px) 100vw, 300px\" \/><\/a>\n\t\t\t<\/dt><\/dl><dl class='gallery-item'>\n\t\t\t<dt class='gallery-icon landscape'>\n\t\t\t\t<a href='https:\/\/franciscanos.org.br\/noticias\/wp-content\/uploads\/2024\/12\/IMG_20241204_064358837-1-scaled.jpg'><img width=\"300\" height=\"300\" src=\"https:\/\/franciscanos.org.br\/noticias\/wp-content\/uploads\/2024\/12\/IMG_20241204_064358837-1-300x300.jpg\" class=\"attachment-thumbnail size-thumbnail\" alt=\"\" loading=\"lazy\" srcset=\"https:\/\/franciscanos.org.br\/noticias\/wp-content\/uploads\/2024\/12\/IMG_20241204_064358837-1-300x300.jpg 300w, https:\/\/franciscanos.org.br\/noticias\/wp-content\/uploads\/2024\/12\/IMG_20241204_064358837-1-100x100.jpg 100w\" sizes=\"(max-width: 300px) 100vw, 300px\" \/><\/a>\n\t\t\t<\/dt><\/dl><dl class='gallery-item'>\n\t\t\t<dt class='gallery-icon landscape'>\n\t\t\t\t<a href='https:\/\/franciscanos.org.br\/noticias\/wp-content\/uploads\/2024\/12\/IMG_20241203_184451197_HDR-scaled.jpg'><img width=\"300\" height=\"300\" src=\"https:\/\/franciscanos.org.br\/noticias\/wp-content\/uploads\/2024\/12\/IMG_20241203_184451197_HDR-300x300.jpg\" class=\"attachment-thumbnail size-thumbnail\" alt=\"\" loading=\"lazy\" srcset=\"https:\/\/franciscanos.org.br\/noticias\/wp-content\/uploads\/2024\/12\/IMG_20241203_184451197_HDR-300x300.jpg 300w, https:\/\/franciscanos.org.br\/noticias\/wp-content\/uploads\/2024\/12\/IMG_20241203_184451197_HDR-100x100.jpg 100w\" sizes=\"(max-width: 300px) 100vw, 300px\" \/><\/a>\n\t\t\t<\/dt><\/dl><br style=\"clear: both\" \/><dl class='gallery-item'>\n\t\t\t<dt class='gallery-icon landscape'>\n\t\t\t\t<a href='https:\/\/franciscanos.org.br\/noticias\/wp-content\/uploads\/2024\/12\/IMG-20241209-WA0177.jpg'><img width=\"300\" height=\"300\" src=\"https:\/\/franciscanos.org.br\/noticias\/wp-content\/uploads\/2024\/12\/IMG-20241209-WA0177-300x300.jpg\" class=\"attachment-thumbnail size-thumbnail\" alt=\"\" loading=\"lazy\" srcset=\"https:\/\/franciscanos.org.br\/noticias\/wp-content\/uploads\/2024\/12\/IMG-20241209-WA0177-300x300.jpg 300w, https:\/\/franciscanos.org.br\/noticias\/wp-content\/uploads\/2024\/12\/IMG-20241209-WA0177-100x100.jpg 100w\" sizes=\"(max-width: 300px) 100vw, 300px\" \/><\/a>\n\t\t\t<\/dt><\/dl><dl class='gallery-item'>\n\t\t\t<dt class='gallery-icon landscape'>\n\t\t\t\t<a href='https:\/\/franciscanos.org.br\/noticias\/wp-content\/uploads\/2024\/12\/IMG-20241209-WA0181.jpg'><img width=\"300\" height=\"300\" src=\"https:\/\/franciscanos.org.br\/noticias\/wp-content\/uploads\/2024\/12\/IMG-20241209-WA0181-300x300.jpg\" class=\"attachment-thumbnail size-thumbnail\" alt=\"\" loading=\"lazy\" srcset=\"https:\/\/franciscanos.org.br\/noticias\/wp-content\/uploads\/2024\/12\/IMG-20241209-WA0181-300x300.jpg 300w, https:\/\/franciscanos.org.br\/noticias\/wp-content\/uploads\/2024\/12\/IMG-20241209-WA0181-100x100.jpg 100w\" sizes=\"(max-width: 300px) 100vw, 300px\" \/><\/a>\n\t\t\t<\/dt><\/dl><dl class='gallery-item'>\n\t\t\t<dt class='gallery-icon landscape'>\n\t\t\t\t<a href='https:\/\/franciscanos.org.br\/noticias\/wp-content\/uploads\/2024\/12\/IMG-20241209-WA0183.jpg'><img width=\"300\" height=\"300\" src=\"https:\/\/franciscanos.org.br\/noticias\/wp-content\/uploads\/2024\/12\/IMG-20241209-WA0183-300x300.jpg\" class=\"attachment-thumbnail size-thumbnail\" alt=\"\" loading=\"lazy\" srcset=\"https:\/\/franciscanos.org.br\/noticias\/wp-content\/uploads\/2024\/12\/IMG-20241209-WA0183-300x300.jpg 300w, https:\/\/franciscanos.org.br\/noticias\/wp-content\/uploads\/2024\/12\/IMG-20241209-WA0183-100x100.jpg 100w\" sizes=\"(max-width: 300px) 100vw, 300px\" \/><\/a>\n\t\t\t<\/dt><\/dl><dl class='gallery-item'>\n\t\t\t<dt class='gallery-icon landscape'>\n\t\t\t\t<a href='https:\/\/franciscanos.org.br\/noticias\/wp-content\/uploads\/2024\/12\/IMG-20241209-WA0191.jpg'><img width=\"300\" height=\"300\" src=\"https:\/\/franciscanos.org.br\/noticias\/wp-content\/uploads\/2024\/12\/IMG-20241209-WA0191-300x300.jpg\" class=\"attachment-thumbnail size-thumbnail\" alt=\"\" loading=\"lazy\" srcset=\"https:\/\/franciscanos.org.br\/noticias\/wp-content\/uploads\/2024\/12\/IMG-20241209-WA0191-300x300.jpg 300w, https:\/\/franciscanos.org.br\/noticias\/wp-content\/uploads\/2024\/12\/IMG-20241209-WA0191-100x100.jpg 100w\" sizes=\"(max-width: 300px) 100vw, 300px\" \/><\/a>\n\t\t\t<\/dt><\/dl><br style=\"clear: both\" \/><dl class='gallery-item'>\n\t\t\t<dt class='gallery-icon landscape'>\n\t\t\t\t<a href='https:\/\/franciscanos.org.br\/noticias\/wp-content\/uploads\/2024\/12\/IMG-20241209-WA0228-1.jpg'><img width=\"300\" height=\"300\" src=\"https:\/\/franciscanos.org.br\/noticias\/wp-content\/uploads\/2024\/12\/IMG-20241209-WA0228-1-300x300.jpg\" class=\"attachment-thumbnail size-thumbnail\" alt=\"\" loading=\"lazy\" srcset=\"https:\/\/franciscanos.org.br\/noticias\/wp-content\/uploads\/2024\/12\/IMG-20241209-WA0228-1-300x300.jpg 300w, https:\/\/franciscanos.org.br\/noticias\/wp-content\/uploads\/2024\/12\/IMG-20241209-WA0228-1-100x100.jpg 100w\" sizes=\"(max-width: 300px) 100vw, 300px\" \/><\/a>\n\t\t\t<\/dt><\/dl><dl class='gallery-item'>\n\t\t\t<dt class='gallery-icon landscape'>\n\t\t\t\t<a href='https:\/\/franciscanos.org.br\/noticias\/wp-content\/uploads\/2024\/12\/IMG-20241209-WA0231.jpg'><img width=\"300\" height=\"300\" src=\"https:\/\/franciscanos.org.br\/noticias\/wp-content\/uploads\/2024\/12\/IMG-20241209-WA0231-300x300.jpg\" class=\"attachment-thumbnail size-thumbnail\" alt=\"\" loading=\"lazy\" srcset=\"https:\/\/franciscanos.org.br\/noticias\/wp-content\/uploads\/2024\/12\/IMG-20241209-WA0231-300x300.jpg 300w, https:\/\/franciscanos.org.br\/noticias\/wp-content\/uploads\/2024\/12\/IMG-20241209-WA0231-100x100.jpg 100w\" sizes=\"(max-width: 300px) 100vw, 300px\" \/><\/a>\n\t\t\t<\/dt><\/dl><dl class='gallery-item'>\n\t\t\t<dt class='gallery-icon landscape'>\n\t\t\t\t<a href='https:\/\/franciscanos.org.br\/noticias\/wp-content\/uploads\/2024\/12\/IMG-20241209-WA0234.jpg'><img width=\"300\" height=\"300\" src=\"https:\/\/franciscanos.org.br\/noticias\/wp-content\/uploads\/2024\/12\/IMG-20241209-WA0234-300x300.jpg\" class=\"attachment-thumbnail size-thumbnail\" alt=\"\" loading=\"lazy\" srcset=\"https:\/\/franciscanos.org.br\/noticias\/wp-content\/uploads\/2024\/12\/IMG-20241209-WA0234-300x300.jpg 300w, https:\/\/franciscanos.org.br\/noticias\/wp-content\/uploads\/2024\/12\/IMG-20241209-WA0234-100x100.jpg 100w\" sizes=\"(max-width: 300px) 100vw, 300px\" \/><\/a>\n\t\t\t<\/dt><\/dl><dl class='gallery-item'>\n\t\t\t<dt class='gallery-icon landscape'>\n\t\t\t\t<a href='https:\/\/franciscanos.org.br\/noticias\/wp-content\/uploads\/2024\/12\/IMG-20241209-WA0246.jpg'><img width=\"300\" height=\"300\" src=\"https:\/\/franciscanos.org.br\/noticias\/wp-content\/uploads\/2024\/12\/IMG-20241209-WA0246-300x300.jpg\" class=\"attachment-thumbnail size-thumbnail\" alt=\"\" loading=\"lazy\" srcset=\"https:\/\/franciscanos.org.br\/noticias\/wp-content\/uploads\/2024\/12\/IMG-20241209-WA0246-300x300.jpg 300w, https:\/\/franciscanos.org.br\/noticias\/wp-content\/uploads\/2024\/12\/IMG-20241209-WA0246-100x100.jpg 100w\" sizes=\"(max-width: 300px) 100vw, 300px\" \/><\/a>\n\t\t\t<\/dt><\/dl><br style=\"clear: both\" \/><dl class='gallery-item'>\n\t\t\t<dt class='gallery-icon landscape'>\n\t\t\t\t<a href='https:\/\/franciscanos.org.br\/noticias\/wp-content\/uploads\/2024\/12\/IMG-20241209-WA0256.jpg'><img width=\"300\" height=\"300\" src=\"https:\/\/franciscanos.org.br\/noticias\/wp-content\/uploads\/2024\/12\/IMG-20241209-WA0256-300x300.jpg\" class=\"attachment-thumbnail size-thumbnail\" alt=\"\" loading=\"lazy\" srcset=\"https:\/\/franciscanos.org.br\/noticias\/wp-content\/uploads\/2024\/12\/IMG-20241209-WA0256-300x300.jpg 300w, https:\/\/franciscanos.org.br\/noticias\/wp-content\/uploads\/2024\/12\/IMG-20241209-WA0256-100x100.jpg 100w\" sizes=\"(max-width: 300px) 100vw, 300px\" \/><\/a>\n\t\t\t<\/dt><\/dl><dl class='gallery-item'>\n\t\t\t<dt class='gallery-icon landscape'>\n\t\t\t\t<a href='https:\/\/franciscanos.org.br\/noticias\/wp-content\/uploads\/2024\/12\/IMG-20241209-WA0257.jpg'><img width=\"300\" height=\"300\" src=\"https:\/\/franciscanos.org.br\/noticias\/wp-content\/uploads\/2024\/12\/IMG-20241209-WA0257-300x300.jpg\" class=\"attachment-thumbnail size-thumbnail\" alt=\"\" loading=\"lazy\" srcset=\"https:\/\/franciscanos.org.br\/noticias\/wp-content\/uploads\/2024\/12\/IMG-20241209-WA0257-300x300.jpg 300w, https:\/\/franciscanos.org.br\/noticias\/wp-content\/uploads\/2024\/12\/IMG-20241209-WA0257-100x100.jpg 100w\" sizes=\"(max-width: 300px) 100vw, 300px\" \/><\/a>\n\t\t\t<\/dt><\/dl><dl class='gallery-item'>\n\t\t\t<dt class='gallery-icon landscape'>\n\t\t\t\t<a href='https:\/\/franciscanos.org.br\/noticias\/wp-content\/uploads\/2024\/12\/IMG-20241209-WA0259.jpg'><img width=\"300\" height=\"300\" src=\"https:\/\/franciscanos.org.br\/noticias\/wp-content\/uploads\/2024\/12\/IMG-20241209-WA0259-300x300.jpg\" class=\"attachment-thumbnail size-thumbnail\" alt=\"\" loading=\"lazy\" srcset=\"https:\/\/franciscanos.org.br\/noticias\/wp-content\/uploads\/2024\/12\/IMG-20241209-WA0259-300x300.jpg 300w, https:\/\/franciscanos.org.br\/noticias\/wp-content\/uploads\/2024\/12\/IMG-20241209-WA0259-100x100.jpg 100w\" sizes=\"(max-width: 300px) 100vw, 300px\" \/><\/a>\n\t\t\t<\/dt><\/dl><dl class='gallery-item'>\n\t\t\t<dt class='gallery-icon landscape'>\n\t\t\t\t<a href='https:\/\/franciscanos.org.br\/noticias\/wp-content\/uploads\/2024\/12\/IMG-20241209-WA0270.jpg'><img width=\"300\" height=\"300\" src=\"https:\/\/franciscanos.org.br\/noticias\/wp-content\/uploads\/2024\/12\/IMG-20241209-WA0270-300x300.jpg\" class=\"attachment-thumbnail size-thumbnail\" alt=\"\" loading=\"lazy\" srcset=\"https:\/\/franciscanos.org.br\/noticias\/wp-content\/uploads\/2024\/12\/IMG-20241209-WA0270-300x300.jpg 300w, https:\/\/franciscanos.org.br\/noticias\/wp-content\/uploads\/2024\/12\/IMG-20241209-WA0270-100x100.jpg 100w\" sizes=\"(max-width: 300px) 100vw, 300px\" \/><\/a>\n\t\t\t<\/dt><\/dl><br style=\"clear: both\" \/>\n\t\t<\/div>\n\n","protected":false},"excerpt":{"rendered":"<p>Ordena\u00e7\u00e3o Presbiteral<\/p>\n","protected":false},"author":11,"featured_media":253544,"comment_status":"open","ping_status":"open","sticky":false,"template":"","format":"standard","meta":[],"categories":[1],"tags":[195,2266,2056],"acf":[],"yoast_head":"<!-- This site is optimized with the Yoast SEO plugin v19.2 - https:\/\/yoast.com\/wordpress\/plugins\/seo\/ -->\n<title>Frei Andr\u00e9 e Frei Miguel s\u00e3o ordenados presb\u00edteros em Angola - Not\u00edcias - Franciscanos<\/title>\n<meta name=\"robots\" content=\"index, follow, max-snippet:-1, max-image-preview:large, max-video-preview:-1\" \/>\n<link rel=\"canonical\" href=\"https:\/\/franciscanos.org.br\/noticias\/253542.html\" \/>\n<meta property=\"og:locale\" content=\"pt_BR\" \/>\n<meta property=\"og:type\" content=\"article\" \/>\n<meta property=\"og:title\" content=\"Frei Andr\u00e9 e Frei Miguel s\u00e3o ordenados presb\u00edteros em Angola - Not\u00edcias - Franciscanos\" \/>\n<meta property=\"og:description\" content=\"Ordena\u00e7\u00e3o Presbiteral\" \/>\n<meta property=\"og:url\" content=\"https:\/\/franciscanos.org.br\/noticias\/253542.html\" \/>\n<meta property=\"og:site_name\" content=\"Not\u00edcias - Franciscanos\" \/>\n<meta property=\"article:published_time\" content=\"2024-12-10T18:36:50+00:00\" \/>\n<meta property=\"article:modified_time\" content=\"2025-03-10T19:18:23+00:00\" \/>\n<meta property=\"og:image\" content=\"https:\/\/franciscanos.org.br\/noticias\/wp-content\/uploads\/2024\/12\/CHAMADA-4.jpg\" \/>\n\t<meta property=\"og:image:width\" content=\"800\" \/>\n\t<meta property=\"og:image:height\" content=\"550\" \/>\n\t<meta property=\"og:image:type\" content=\"image\/jpeg\" \/>\n<meta name=\"author\" content=\"Adriana Rabelo\" \/>\n<meta name=\"twitter:card\" content=\"summary_large_image\" \/>\n<meta name=\"twitter:label1\" content=\"Escrito por\" \/>\n\t<meta name=\"twitter:data1\" content=\"Adriana Rabelo\" \/>\n\t<meta name=\"twitter:label2\" content=\"Est. tempo de leitura\" \/>\n\t<meta name=\"twitter:data2\" content=\"7 minutos\" \/>\n<script type=\"application\/ld+json\" class=\"yoast-schema-graph\">{\"@context\":\"https:\/\/schema.org\",\"@graph\":[{\"@type\":\"WebSite\",\"@id\":\"https:\/\/franciscanos.org.br\/noticias\/#website\",\"url\":\"https:\/\/franciscanos.org.br\/noticias\/\",\"name\":\"Not\u00edcias - Franciscanos\",\"description\":\"Prov\u00edncia Franciscana da Imaculada Concei\u00e7\u00e3o do Brasil - Ordem dos Frades Menores - OFM\",\"potentialAction\":[{\"@type\":\"SearchAction\",\"target\":{\"@type\":\"EntryPoint\",\"urlTemplate\":\"https:\/\/franciscanos.org.br\/noticias\/?s={search_term_string}\"},\"query-input\":\"required name=search_term_string\"}],\"inLanguage\":\"pt-BR\"},{\"@type\":\"ImageObject\",\"inLanguage\":\"pt-BR\",\"@id\":\"https:\/\/franciscanos.org.br\/noticias\/253542.html#primaryimage\",\"url\":\"https:\/\/franciscanos.org.br\/noticias\/wp-content\/uploads\/2024\/12\/CHAMADA-4.jpg\",\"contentUrl\":\"https:\/\/franciscanos.org.br\/noticias\/wp-content\/uploads\/2024\/12\/CHAMADA-4.jpg\",\"width\":800,\"height\":550},{\"@type\":\"WebPage\",\"@id\":\"https:\/\/franciscanos.org.br\/noticias\/253542.html#webpage\",\"url\":\"https:\/\/franciscanos.org.br\/noticias\/253542.html\",\"name\":\"Frei Andr\u00e9 e Frei Miguel s\u00e3o ordenados presb\u00edteros em Angola - Not\u00edcias - Franciscanos\",\"isPartOf\":{\"@id\":\"https:\/\/franciscanos.org.br\/noticias\/#website\"},\"primaryImageOfPage\":{\"@id\":\"https:\/\/franciscanos.org.br\/noticias\/253542.html#primaryimage\"},\"datePublished\":\"2024-12-10T18:36:50+00:00\",\"dateModified\":\"2025-03-10T19:18:23+00:00\",\"author\":{\"@id\":\"https:\/\/franciscanos.org.br\/noticias\/#\/schema\/person\/d9422e83121c3ad3b0f423d195f5bb25\"},\"breadcrumb\":{\"@id\":\"https:\/\/franciscanos.org.br\/noticias\/253542.html#breadcrumb\"},\"inLanguage\":\"pt-BR\",\"potentialAction\":[{\"@type\":\"ReadAction\",\"target\":[\"https:\/\/franciscanos.org.br\/noticias\/253542.html\"]}]},{\"@type\":\"BreadcrumbList\",\"@id\":\"https:\/\/franciscanos.org.br\/noticias\/253542.html#breadcrumb\",\"itemListElement\":[{\"@type\":\"ListItem\",\"position\":1,\"name\":\"Home\",\"item\":\"https:\/\/franciscanos.org.br\/noticias\"},{\"@type\":\"ListItem\",\"position\":2,\"name\":\"Frei Andr\u00e9 e Frei Miguel s\u00e3o ordenados presb\u00edteros em Angola\"}]},{\"@type\":\"Person\",\"@id\":\"https:\/\/franciscanos.org.br\/noticias\/#\/schema\/person\/d9422e83121c3ad3b0f423d195f5bb25\",\"name\":\"Adriana Rabelo\",\"image\":{\"@type\":\"ImageObject\",\"inLanguage\":\"pt-BR\",\"@id\":\"https:\/\/franciscanos.org.br\/noticias\/#\/schema\/person\/image\/\",\"url\":\"https:\/\/secure.gravatar.com\/avatar\/0a937b7500cd7df77540cfb8bede877d?s=96&d=mm&r=g\",\"contentUrl\":\"https:\/\/secure.gravatar.com\/avatar\/0a937b7500cd7df77540cfb8bede877d?s=96&d=mm&r=g\",\"caption\":\"Adriana Rabelo\"},\"url\":\"https:\/\/franciscanos.org.br\/noticias\/author\/adrianarabelo\"}]}<\/script>\n<!-- \/ Yoast SEO plugin. -->","yoast_head_json":{"title":"Frei Andr\u00e9 e Frei Miguel s\u00e3o ordenados presb\u00edteros em Angola - Not\u00edcias - Franciscanos","robots":{"index":"index","follow":"follow","max-snippet":"max-snippet:-1","max-image-preview":"max-image-preview:large","max-video-preview":"max-video-preview:-1"},"canonical":"https:\/\/franciscanos.org.br\/noticias\/253542.html","og_locale":"pt_BR","og_type":"article","og_title":"Frei Andr\u00e9 e Frei Miguel s\u00e3o ordenados presb\u00edteros em Angola - Not\u00edcias - Franciscanos","og_description":"Ordena\u00e7\u00e3o Presbiteral","og_url":"https:\/\/franciscanos.org.br\/noticias\/253542.html","og_site_name":"Not\u00edcias - Franciscanos","article_published_time":"2024-12-10T18:36:50+00:00","article_modified_time":"2025-03-10T19:18:23+00:00","og_image":[{"width":800,"height":550,"url":"https:\/\/franciscanos.org.br\/noticias\/wp-content\/uploads\/2024\/12\/CHAMADA-4.jpg","type":"image\/jpeg"}],"author":"Adriana Rabelo","twitter_card":"summary_large_image","twitter_misc":{"Escrito por":"Adriana Rabelo","Est. tempo de leitura":"7 minutos"},"schema":{"@context":"https:\/\/schema.org","@graph":[{"@type":"WebSite","@id":"https:\/\/franciscanos.org.br\/noticias\/#website","url":"https:\/\/franciscanos.org.br\/noticias\/","name":"Not\u00edcias - Franciscanos","description":"Prov\u00edncia Franciscana da Imaculada Concei\u00e7\u00e3o do Brasil - Ordem dos Frades Menores - OFM","potentialAction":[{"@type":"SearchAction","target":{"@type":"EntryPoint","urlTemplate":"https:\/\/franciscanos.org.br\/noticias\/?s={search_term_string}"},"query-input":"required name=search_term_string"}],"inLanguage":"pt-BR"},{"@type":"ImageObject","inLanguage":"pt-BR","@id":"https:\/\/franciscanos.org.br\/noticias\/253542.html#primaryimage","url":"https:\/\/franciscanos.org.br\/noticias\/wp-content\/uploads\/2024\/12\/CHAMADA-4.jpg","contentUrl":"https:\/\/franciscanos.org.br\/noticias\/wp-content\/uploads\/2024\/12\/CHAMADA-4.jpg","width":800,"height":550},{"@type":"WebPage","@id":"https:\/\/franciscanos.org.br\/noticias\/253542.html#webpage","url":"https:\/\/franciscanos.org.br\/noticias\/253542.html","name":"Frei Andr\u00e9 e Frei Miguel s\u00e3o ordenados presb\u00edteros em Angola - Not\u00edcias - Franciscanos","isPartOf":{"@id":"https:\/\/franciscanos.org.br\/noticias\/#website"},"primaryImageOfPage":{"@id":"https:\/\/franciscanos.org.br\/noticias\/253542.html#primaryimage"},"datePublished":"2024-12-10T18:36:50+00:00","dateModified":"2025-03-10T19:18:23+00:00","author":{"@id":"https:\/\/franciscanos.org.br\/noticias\/#\/schema\/person\/d9422e83121c3ad3b0f423d195f5bb25"},"breadcrumb":{"@id":"https:\/\/franciscanos.org.br\/noticias\/253542.html#breadcrumb"},"inLanguage":"pt-BR","potentialAction":[{"@type":"ReadAction","target":["https:\/\/franciscanos.org.br\/noticias\/253542.html"]}]},{"@type":"BreadcrumbList","@id":"https:\/\/franciscanos.org.br\/noticias\/253542.html#breadcrumb","itemListElement":[{"@type":"ListItem","position":1,"name":"Home","item":"https:\/\/franciscanos.org.br\/noticias"},{"@type":"ListItem","position":2,"name":"Frei Andr\u00e9 e Frei Miguel s\u00e3o ordenados presb\u00edteros em Angola"}]},{"@type":"Person","@id":"https:\/\/franciscanos.org.br\/noticias\/#\/schema\/person\/d9422e83121c3ad3b0f423d195f5bb25","name":"Adriana Rabelo","image":{"@type":"ImageObject","inLanguage":"pt-BR","@id":"https:\/\/franciscanos.org.br\/noticias\/#\/schema\/person\/image\/","url":"https:\/\/secure.gravatar.com\/avatar\/0a937b7500cd7df77540cfb8bede877d?s=96&d=mm&r=g","contentUrl":"https:\/\/secure.gravatar.com\/avatar\/0a937b7500cd7df77540cfb8bede877d?s=96&d=mm&r=g","caption":"Adriana Rabelo"},"url":"https:\/\/franciscanos.org.br\/noticias\/author\/adrianarabelo"}]}},"_links":{"self":[{"href":"https:\/\/franciscanos.org.br\/noticias\/wp-json\/wp\/v2\/posts\/253542"}],"collection":[{"href":"https:\/\/franciscanos.org.br\/noticias\/wp-json\/wp\/v2\/posts"}],"about":[{"href":"https:\/\/franciscanos.org.br\/noticias\/wp-json\/wp\/v2\/types\/post"}],"author":[{"embeddable":true,"href":"https:\/\/franciscanos.org.br\/noticias\/wp-json\/wp\/v2\/users\/11"}],"replies":[{"embeddable":true,"href":"https:\/\/franciscanos.org.br\/noticias\/wp-json\/wp\/v2\/comments?post=253542"}],"version-history":[{"count":20,"href":"https:\/\/franciscanos.org.br\/noticias\/wp-json\/wp\/v2\/posts\/253542\/revisions"}],"predecessor-version":[{"id":253613,"href":"https:\/\/franciscanos.org.br\/noticias\/wp-json\/wp\/v2\/posts\/253542\/revisions\/253613"}],"wp:featuredmedia":[{"embeddable":true,"href":"https:\/\/franciscanos.org.br\/noticias\/wp-json\/wp\/v2\/media\/253544"}],"wp:attachment":[{"href":"https:\/\/franciscanos.org.br\/noticias\/wp-json\/wp\/v2\/media?parent=253542"}],"wp:term":[{"taxonomy":"category","embeddable":true,"href":"https:\/\/franciscanos.org.br\/noticias\/wp-json\/wp\/v2\/categories?post=253542"},{"taxonomy":"post_tag","embeddable":true,"href":"https:\/\/franciscanos.org.br\/noticias\/wp-json\/wp\/v2\/tags?post=253542"}],"curies":[{"name":"wp","href":"https:\/\/api.w.org\/{rel}","templated":true}]}}