{"id":253404,"date":"2024-12-11T08:26:37","date_gmt":"2024-12-11T11:26:37","guid":{"rendered":"https:\/\/franciscanos.org.br\/noticias\/?p=253404"},"modified":"2024-12-11T08:26:37","modified_gmt":"2024-12-11T11:26:37","slug":"o-cristao-deve-irradiar-esperanca-ser-semeador-de-esperanca","status":"publish","type":"post","link":"https:\/\/franciscanos.org.br\/noticias\/o-cristao-deve-irradiar-esperanca-ser-semeador-de-esperanca.html","title":{"rendered":"O crist\u00e3o deve irradiar esperan\u00e7a, ser semeador de esperan\u00e7a"},"content":{"rendered":"<p><img loading=\"lazy\" class=\"aligncenter wp-image-253405 size-full\" src=\"https:\/\/franciscanos.org.br\/noticias\/wp-content\/uploads\/2024\/12\/MATERIA-AUDIENCIA-11.12.jpg\" alt=\"\" width=\"1280\" height=\"720\" srcset=\"https:\/\/franciscanos.org.br\/noticias\/wp-content\/uploads\/2024\/12\/MATERIA-AUDIENCIA-11.12.jpg 1280w, https:\/\/franciscanos.org.br\/noticias\/wp-content\/uploads\/2024\/12\/MATERIA-AUDIENCIA-11.12-450x253.jpg 450w, https:\/\/franciscanos.org.br\/noticias\/wp-content\/uploads\/2024\/12\/MATERIA-AUDIENCIA-11.12-1024x576.jpg 1024w, https:\/\/franciscanos.org.br\/noticias\/wp-content\/uploads\/2024\/12\/MATERIA-AUDIENCIA-11.12-768x432.jpg 768w, https:\/\/franciscanos.org.br\/noticias\/wp-content\/uploads\/2024\/12\/MATERIA-AUDIENCIA-11.12-150x84.jpg 150w\" sizes=\"(max-width: 1280px) 100vw, 1280px\" \/><\/p>\n<p>Na audi\u00eancia geral desta quarta-feira (11\/12), o Santo Padre encerrou a s\u00e9rie de catequeses sobre o Esp\u00edrito Santo e a Igreja, dedicando a \u00faltima reflex\u00e3o ao t\u00edtulo dado a todo o ciclo: \u201cO Esp\u00edrito e a Esposa. O Esp\u00edrito Santo guia o Povo de Deus ao encontro de Jesus, nossa esperan\u00e7a\u201d.<\/p>\n<p>O Pont\u00edfice explicou que este t\u00edtulo refere-se a um dos \u00faltimos vers\u00edculos da B\u00edblia, no livro do Apocalipse, que diz: \u201cO Esp\u00edrito e a Esposa dizem: Vem!\u201d (Ap 22,17). A quem se dirige esta invoca\u00e7\u00e3o? \u2013 perguntou. Ao Cristo ressuscitado. Com efeito, tanto S\u00e3o Paulo (1Cor 16,22) como a Didaqu\u00e9, um escrito dos tempos apost\u00f3licos, atestam que nas reuni\u00f5es lit\u00fargicas dos primeiros crist\u00e3os ressoava em voz alta o grito \u201cMaranata!\u201d, que significa \u201cSenhor, vem!\u201d em aramaico. Uma ora\u00e7\u00e3o a Cristo para que venha, acrescentou Francisco:<\/p>\n<p>Naquela fase mais antiga a invoca\u00e7\u00e3o tinha um fundo a que hoje dir\u00edamos escatol\u00f3gico. Com efeito, exprimia a ardente expetativa do regresso glorioso do Senhor. E este grito e a expetativa que ele exprime nunca morreram na Igreja. Ainda hoje, na Missa, imediatamente ap\u00f3s a consagra\u00e7\u00e3o, ela proclama a morte e ressurrei\u00e7\u00e3o de Cristo \u201cVinde, Senhor Jesus!\u201d. A Igreja est\u00e1 \u00e0 espera da vinda do Senhor.<\/p>\n<p>Mas a expectativa da vinda final de Cristo, observou o Papa, n\u00e3o permaneceu a \u00fanica. A ela juntou-se tamb\u00e9m a expetativa da sua vinda cont\u00ednua na situa\u00e7\u00e3o presente e peregrinante da Igreja. E \u00e9 nesta vinda que a Igreja pensa sobretudo quando, animada pelo Esp\u00edrito Santo, clama a Jesus: \u201cVinde!\u201d<\/p>\n<p>Ocorreu uma mudan\u00e7a \u2013 ou melhor, digamos, um desenvolvimento \u2013 pleno de significado em rela\u00e7\u00e3o ao grito \u201cVinde!\u201d, \u201cVinde Senhor!\u201d Geralmente n\u00e3o \u00e9 dirigido apenas a Cristo, mas tamb\u00e9m ao pr\u00f3prio Esp\u00edrito Santo! Aquele que grita agora \u00e9 tamb\u00e9m Aquele a quem se grita. \u201cVinde!\u201d \u00e9 a invoca\u00e7\u00e3o com que come\u00e7am quase todos os hinos e ora\u00e7\u00f5es da Igreja dirigidos ao Esp\u00edrito Santo:<\/p>\n<p>\u201cVinde, Esp\u00edrito Santo\u201d, dizemos no Veni Creator, e \u201cVinde, Santo Esp\u00edrito\u201d, \u201cVeni Sancte Spiritus\u201d, na sequ\u00eancia do Pentecostes; e assim em muitas outras ora\u00e7\u00f5es. \u00c9 certo que assim seja, porque, depois da Ressurrei\u00e7\u00e3o, o Esp\u00edrito Santo \u00e9 o verdadeiro \u201calter ego\u201d de Cristo, Aquele que toma o seu lugar, que o torna presente e atuante na Igreja. \u00c9 Ele que \u201canunciar-vos-\u00e1 as coisas que vir\u00e3o\u201d (ver Jo 16,13) e nos faz desej\u00e1-las e esper\u00e1-las. \u00c9 por isso que Cristo e o Esp\u00edrito s\u00e3o insepar\u00e1veis, mesmo na economia da salva\u00e7\u00e3o.<\/p>\n<p>O Papa acrescentou que o Esp\u00edrito Santo \u00e9 a fonte sempre jorrante da esperan\u00e7a crist\u00e3. S\u00e3o Paulo deixou-nos estas preciosas palavras, assim diz S\u00e3o Paulo: \u201cO Deus da esperan\u00e7a vos encha de toda a alegria e de toda a paz na vossa f\u00e9, para que pela virtude do Esp\u00edrito Santo transbordeis de esperan\u00e7a!\u201d. Se a Igreja \u00e9 um barco, o Esp\u00edrito Santo \u00e9 a vela que o empurra e o faz avan\u00e7ar no mar da hist\u00f3ria, hoje como no passado!<\/p>\n<p>A esperan\u00e7a n\u00e3o \u00e9 uma palavra v\u00e3, nem o nosso vago desejo de que tudo corra bem: a esperan\u00e7a \u00e9 uma certeza, porque assenta na fidelidade de Deus \u00e0s suas promessas. E por isso se chama virtude teologal: porque \u00e9 infundida por Deus e tem Deus como garante. N\u00e3o \u00e9 uma virtude passiva, que simplesmente espera que as coisas aconte\u00e7am. \u00c9 uma virtude supremamente ativa que ajuda a faz\u00ea-las acontecer. Algu\u00e9m que lutou pela liberta\u00e7\u00e3o dos pobres escreveu estas palavras: \u201cO Esp\u00edrito Santo est\u00e1 na origem do grito dos pobres. \u00c9 a for\u00e7a dada \u00e0queles que n\u00e3o t\u00eam for\u00e7as. Ele lidera a luta pela emancipa\u00e7\u00e3o e pela plena realiza\u00e7\u00e3o do povo dos oprimidos\u201d.<\/p>\n<p>O crist\u00e3o n\u00e3o pode contentar-se em ter esperan\u00e7a; deve tamb\u00e9m irradiar esperan\u00e7a, ser semeador de esperan\u00e7a. \u00c9 o dom mais belo que a Igreja pode dar a toda a humanidade, sobretudo nos momentos em que tudo parece levar-nos a baixar as velas.<\/p>\n<p>Queridos irm\u00e3os e irm\u00e3s, concluiu o Pont\u00edfice, o Esp\u00edrito ajude-nos sempre a \u201cabundar em esperan\u00e7a pela virtude do Esp\u00edrito Santo\u201d!<\/p>\n<hr \/>\n<p><em>Raimundo de Lima \u2013 Vatican News<\/em><\/p>\n","protected":false},"excerpt":{"rendered":"<p>Audi\u00eancia Geral \u2013 Papa Francisco<\/p>\n","protected":false},"author":11,"featured_media":253406,"comment_status":"open","ping_status":"open","sticky":false,"template":"","format":"standard","meta":[],"categories":[1,1428],"tags":[487,55],"acf":[],"yoast_head":"<!-- This site is optimized with the Yoast SEO plugin v19.2 - https:\/\/yoast.com\/wordpress\/plugins\/seo\/ -->\n<title>O crist\u00e3o deve irradiar esperan\u00e7a, ser semeador de esperan\u00e7a - Not\u00edcias - Franciscanos<\/title>\n<meta name=\"robots\" content=\"index, follow, max-snippet:-1, max-image-preview:large, max-video-preview:-1\" \/>\n<link rel=\"canonical\" href=\"https:\/\/franciscanos.org.br\/noticias\/o-cristao-deve-irradiar-esperanca-ser-semeador-de-esperanca.html\" \/>\n<meta property=\"og:locale\" content=\"pt_BR\" \/>\n<meta property=\"og:type\" content=\"article\" \/>\n<meta property=\"og:title\" content=\"O crist\u00e3o deve irradiar esperan\u00e7a, ser semeador de esperan\u00e7a - Not\u00edcias - Franciscanos\" \/>\n<meta property=\"og:description\" content=\"Audi\u00eancia Geral \u2013 Papa Francisco\" \/>\n<meta property=\"og:url\" content=\"https:\/\/franciscanos.org.br\/noticias\/o-cristao-deve-irradiar-esperanca-ser-semeador-de-esperanca.html\" \/>\n<meta property=\"og:site_name\" content=\"Not\u00edcias - Franciscanos\" \/>\n<meta property=\"article:published_time\" content=\"2024-12-11T11:26:37+00:00\" \/>\n<meta property=\"og:image\" content=\"https:\/\/franciscanos.org.br\/noticias\/wp-content\/uploads\/2024\/12\/CHAMADA-AUDIENCIA-11.12.jpg\" \/>\n\t<meta property=\"og:image:width\" content=\"800\" \/>\n\t<meta property=\"og:image:height\" content=\"550\" \/>\n\t<meta property=\"og:image:type\" content=\"image\/jpeg\" \/>\n<meta name=\"author\" content=\"Adriana Rabelo\" \/>\n<meta name=\"twitter:card\" content=\"summary_large_image\" \/>\n<meta name=\"twitter:label1\" content=\"Escrito por\" \/>\n\t<meta name=\"twitter:data1\" content=\"Adriana Rabelo\" \/>\n\t<meta name=\"twitter:label2\" content=\"Est. tempo de leitura\" \/>\n\t<meta name=\"twitter:data2\" content=\"4 minutos\" \/>\n<script type=\"application\/ld+json\" class=\"yoast-schema-graph\">{\"@context\":\"https:\/\/schema.org\",\"@graph\":[{\"@type\":\"WebSite\",\"@id\":\"https:\/\/franciscanos.org.br\/noticias\/#website\",\"url\":\"https:\/\/franciscanos.org.br\/noticias\/\",\"name\":\"Not\u00edcias - Franciscanos\",\"description\":\"Prov\u00edncia Franciscana da Imaculada Concei\u00e7\u00e3o do Brasil - Ordem dos Frades Menores - OFM\",\"potentialAction\":[{\"@type\":\"SearchAction\",\"target\":{\"@type\":\"EntryPoint\",\"urlTemplate\":\"https:\/\/franciscanos.org.br\/noticias\/?s={search_term_string}\"},\"query-input\":\"required name=search_term_string\"}],\"inLanguage\":\"pt-BR\"},{\"@type\":\"ImageObject\",\"inLanguage\":\"pt-BR\",\"@id\":\"https:\/\/franciscanos.org.br\/noticias\/o-cristao-deve-irradiar-esperanca-ser-semeador-de-esperanca.html#primaryimage\",\"url\":\"https:\/\/franciscanos.org.br\/noticias\/wp-content\/uploads\/2024\/12\/CHAMADA-AUDIENCIA-11.12.jpg\",\"contentUrl\":\"https:\/\/franciscanos.org.br\/noticias\/wp-content\/uploads\/2024\/12\/CHAMADA-AUDIENCIA-11.12.jpg\",\"width\":800,\"height\":550},{\"@type\":\"WebPage\",\"@id\":\"https:\/\/franciscanos.org.br\/noticias\/o-cristao-deve-irradiar-esperanca-ser-semeador-de-esperanca.html#webpage\",\"url\":\"https:\/\/franciscanos.org.br\/noticias\/o-cristao-deve-irradiar-esperanca-ser-semeador-de-esperanca.html\",\"name\":\"O crist\u00e3o deve irradiar esperan\u00e7a, ser semeador de esperan\u00e7a - Not\u00edcias - Franciscanos\",\"isPartOf\":{\"@id\":\"https:\/\/franciscanos.org.br\/noticias\/#website\"},\"primaryImageOfPage\":{\"@id\":\"https:\/\/franciscanos.org.br\/noticias\/o-cristao-deve-irradiar-esperanca-ser-semeador-de-esperanca.html#primaryimage\"},\"datePublished\":\"2024-12-11T11:26:37+00:00\",\"dateModified\":\"2024-12-11T11:26:37+00:00\",\"author\":{\"@id\":\"https:\/\/franciscanos.org.br\/noticias\/#\/schema\/person\/d9422e83121c3ad3b0f423d195f5bb25\"},\"breadcrumb\":{\"@id\":\"https:\/\/franciscanos.org.br\/noticias\/o-cristao-deve-irradiar-esperanca-ser-semeador-de-esperanca.html#breadcrumb\"},\"inLanguage\":\"pt-BR\",\"potentialAction\":[{\"@type\":\"ReadAction\",\"target\":[\"https:\/\/franciscanos.org.br\/noticias\/o-cristao-deve-irradiar-esperanca-ser-semeador-de-esperanca.html\"]}]},{\"@type\":\"BreadcrumbList\",\"@id\":\"https:\/\/franciscanos.org.br\/noticias\/o-cristao-deve-irradiar-esperanca-ser-semeador-de-esperanca.html#breadcrumb\",\"itemListElement\":[{\"@type\":\"ListItem\",\"position\":1,\"name\":\"Home\",\"item\":\"https:\/\/franciscanos.org.br\/noticias\"},{\"@type\":\"ListItem\",\"position\":2,\"name\":\"O crist\u00e3o deve irradiar esperan\u00e7a, ser semeador de esperan\u00e7a\"}]},{\"@type\":\"Person\",\"@id\":\"https:\/\/franciscanos.org.br\/noticias\/#\/schema\/person\/d9422e83121c3ad3b0f423d195f5bb25\",\"name\":\"Adriana Rabelo\",\"image\":{\"@type\":\"ImageObject\",\"inLanguage\":\"pt-BR\",\"@id\":\"https:\/\/franciscanos.org.br\/noticias\/#\/schema\/person\/image\/\",\"url\":\"https:\/\/secure.gravatar.com\/avatar\/0a937b7500cd7df77540cfb8bede877d?s=96&d=mm&r=g\",\"contentUrl\":\"https:\/\/secure.gravatar.com\/avatar\/0a937b7500cd7df77540cfb8bede877d?s=96&d=mm&r=g\",\"caption\":\"Adriana Rabelo\"},\"url\":\"https:\/\/franciscanos.org.br\/noticias\/author\/adrianarabelo\"}]}<\/script>\n<!-- \/ Yoast SEO plugin. -->","yoast_head_json":{"title":"O crist\u00e3o deve irradiar esperan\u00e7a, ser semeador de esperan\u00e7a - Not\u00edcias - Franciscanos","robots":{"index":"index","follow":"follow","max-snippet":"max-snippet:-1","max-image-preview":"max-image-preview:large","max-video-preview":"max-video-preview:-1"},"canonical":"https:\/\/franciscanos.org.br\/noticias\/o-cristao-deve-irradiar-esperanca-ser-semeador-de-esperanca.html","og_locale":"pt_BR","og_type":"article","og_title":"O crist\u00e3o deve irradiar esperan\u00e7a, ser semeador de esperan\u00e7a - Not\u00edcias - Franciscanos","og_description":"Audi\u00eancia Geral \u2013 Papa Francisco","og_url":"https:\/\/franciscanos.org.br\/noticias\/o-cristao-deve-irradiar-esperanca-ser-semeador-de-esperanca.html","og_site_name":"Not\u00edcias - Franciscanos","article_published_time":"2024-12-11T11:26:37+00:00","og_image":[{"width":800,"height":550,"url":"https:\/\/franciscanos.org.br\/noticias\/wp-content\/uploads\/2024\/12\/CHAMADA-AUDIENCIA-11.12.jpg","type":"image\/jpeg"}],"author":"Adriana Rabelo","twitter_card":"summary_large_image","twitter_misc":{"Escrito por":"Adriana Rabelo","Est. tempo de leitura":"4 minutos"},"schema":{"@context":"https:\/\/schema.org","@graph":[{"@type":"WebSite","@id":"https:\/\/franciscanos.org.br\/noticias\/#website","url":"https:\/\/franciscanos.org.br\/noticias\/","name":"Not\u00edcias - Franciscanos","description":"Prov\u00edncia Franciscana da Imaculada Concei\u00e7\u00e3o do Brasil - Ordem dos Frades Menores - OFM","potentialAction":[{"@type":"SearchAction","target":{"@type":"EntryPoint","urlTemplate":"https:\/\/franciscanos.org.br\/noticias\/?s={search_term_string}"},"query-input":"required name=search_term_string"}],"inLanguage":"pt-BR"},{"@type":"ImageObject","inLanguage":"pt-BR","@id":"https:\/\/franciscanos.org.br\/noticias\/o-cristao-deve-irradiar-esperanca-ser-semeador-de-esperanca.html#primaryimage","url":"https:\/\/franciscanos.org.br\/noticias\/wp-content\/uploads\/2024\/12\/CHAMADA-AUDIENCIA-11.12.jpg","contentUrl":"https:\/\/franciscanos.org.br\/noticias\/wp-content\/uploads\/2024\/12\/CHAMADA-AUDIENCIA-11.12.jpg","width":800,"height":550},{"@type":"WebPage","@id":"https:\/\/franciscanos.org.br\/noticias\/o-cristao-deve-irradiar-esperanca-ser-semeador-de-esperanca.html#webpage","url":"https:\/\/franciscanos.org.br\/noticias\/o-cristao-deve-irradiar-esperanca-ser-semeador-de-esperanca.html","name":"O crist\u00e3o deve irradiar esperan\u00e7a, ser semeador de esperan\u00e7a - Not\u00edcias - Franciscanos","isPartOf":{"@id":"https:\/\/franciscanos.org.br\/noticias\/#website"},"primaryImageOfPage":{"@id":"https:\/\/franciscanos.org.br\/noticias\/o-cristao-deve-irradiar-esperanca-ser-semeador-de-esperanca.html#primaryimage"},"datePublished":"2024-12-11T11:26:37+00:00","dateModified":"2024-12-11T11:26:37+00:00","author":{"@id":"https:\/\/franciscanos.org.br\/noticias\/#\/schema\/person\/d9422e83121c3ad3b0f423d195f5bb25"},"breadcrumb":{"@id":"https:\/\/franciscanos.org.br\/noticias\/o-cristao-deve-irradiar-esperanca-ser-semeador-de-esperanca.html#breadcrumb"},"inLanguage":"pt-BR","potentialAction":[{"@type":"ReadAction","target":["https:\/\/franciscanos.org.br\/noticias\/o-cristao-deve-irradiar-esperanca-ser-semeador-de-esperanca.html"]}]},{"@type":"BreadcrumbList","@id":"https:\/\/franciscanos.org.br\/noticias\/o-cristao-deve-irradiar-esperanca-ser-semeador-de-esperanca.html#breadcrumb","itemListElement":[{"@type":"ListItem","position":1,"name":"Home","item":"https:\/\/franciscanos.org.br\/noticias"},{"@type":"ListItem","position":2,"name":"O crist\u00e3o deve irradiar esperan\u00e7a, ser semeador de esperan\u00e7a"}]},{"@type":"Person","@id":"https:\/\/franciscanos.org.br\/noticias\/#\/schema\/person\/d9422e83121c3ad3b0f423d195f5bb25","name":"Adriana Rabelo","image":{"@type":"ImageObject","inLanguage":"pt-BR","@id":"https:\/\/franciscanos.org.br\/noticias\/#\/schema\/person\/image\/","url":"https:\/\/secure.gravatar.com\/avatar\/0a937b7500cd7df77540cfb8bede877d?s=96&d=mm&r=g","contentUrl":"https:\/\/secure.gravatar.com\/avatar\/0a937b7500cd7df77540cfb8bede877d?s=96&d=mm&r=g","caption":"Adriana Rabelo"},"url":"https:\/\/franciscanos.org.br\/noticias\/author\/adrianarabelo"}]}},"_links":{"self":[{"href":"https:\/\/franciscanos.org.br\/noticias\/wp-json\/wp\/v2\/posts\/253404"}],"collection":[{"href":"https:\/\/franciscanos.org.br\/noticias\/wp-json\/wp\/v2\/posts"}],"about":[{"href":"https:\/\/franciscanos.org.br\/noticias\/wp-json\/wp\/v2\/types\/post"}],"author":[{"embeddable":true,"href":"https:\/\/franciscanos.org.br\/noticias\/wp-json\/wp\/v2\/users\/11"}],"replies":[{"embeddable":true,"href":"https:\/\/franciscanos.org.br\/noticias\/wp-json\/wp\/v2\/comments?post=253404"}],"version-history":[{"count":1,"href":"https:\/\/franciscanos.org.br\/noticias\/wp-json\/wp\/v2\/posts\/253404\/revisions"}],"predecessor-version":[{"id":253407,"href":"https:\/\/franciscanos.org.br\/noticias\/wp-json\/wp\/v2\/posts\/253404\/revisions\/253407"}],"wp:featuredmedia":[{"embeddable":true,"href":"https:\/\/franciscanos.org.br\/noticias\/wp-json\/wp\/v2\/media\/253406"}],"wp:attachment":[{"href":"https:\/\/franciscanos.org.br\/noticias\/wp-json\/wp\/v2\/media?parent=253404"}],"wp:term":[{"taxonomy":"category","embeddable":true,"href":"https:\/\/franciscanos.org.br\/noticias\/wp-json\/wp\/v2\/categories?post=253404"},{"taxonomy":"post_tag","embeddable":true,"href":"https:\/\/franciscanos.org.br\/noticias\/wp-json\/wp\/v2\/tags?post=253404"}],"curies":[{"name":"wp","href":"https:\/\/api.w.org\/{rel}","templated":true}]}}