{"id":253379,"date":"2024-12-10T16:14:33","date_gmt":"2024-12-10T19:14:33","guid":{"rendered":"https:\/\/franciscanos.org.br\/noticias\/?p=253379"},"modified":"2025-03-10T16:19:38","modified_gmt":"2025-03-10T19:19:38","slug":"dia-de-missao-2025-no-louvor-a-deus-com-toda-a-criacao","status":"publish","type":"post","link":"https:\/\/franciscanos.org.br\/noticias\/dia-de-missao-2025-no-louvor-a-deus-com-toda-a-criacao.html","title":{"rendered":"Dia de Miss\u00e3o 2025: No louvor a Deus com toda a Cria\u00e7\u00e3o"},"content":{"rendered":"<p><img loading=\"lazy\" class=\"aligncenter wp-image-253381 size-full\" src=\"https:\/\/franciscanos.org.br\/noticias\/wp-content\/uploads\/2024\/12\/Dia-de-Missa\u0303o-Site.png\" alt=\"\" width=\"1280\" height=\"720\" srcset=\"https:\/\/franciscanos.org.br\/noticias\/wp-content\/uploads\/2024\/12\/Dia-de-Missa\u0303o-Site.png 1280w, https:\/\/franciscanos.org.br\/noticias\/wp-content\/uploads\/2024\/12\/Dia-de-Missa\u0303o-Site-450x253.png 450w, https:\/\/franciscanos.org.br\/noticias\/wp-content\/uploads\/2024\/12\/Dia-de-Missa\u0303o-Site-1024x576.png 1024w, https:\/\/franciscanos.org.br\/noticias\/wp-content\/uploads\/2024\/12\/Dia-de-Missa\u0303o-Site-768x432.png 768w, https:\/\/franciscanos.org.br\/noticias\/wp-content\/uploads\/2024\/12\/Dia-de-Missa\u0303o-Site-150x84.png 150w\" sizes=\"(max-width: 1280px) 100vw, 1280px\" \/><\/p>\n<p>Entre os dias 1\u00ba e 2 de fevereiro de 2025, as Juventudes da Prov\u00edncia Franciscana da Imaculada Concei\u00e7\u00e3o do Brasil est\u00e3o convidadas a participarem de mais uma edi\u00e7\u00e3o do Dia de Miss\u00e3o. Este \u00e9 um momento que os jovens possam vivenciar e fomentar a\u00e7\u00f5es concretas de evangeliza\u00e7\u00e3o mission\u00e1ria e fortalecer o protagonismo juvenil na Igreja e na Prov\u00edncia.<\/p>\n<p>Com o tema \u201cMission\u00e1rios da Esperan\u00e7a\u201d e o lema \u201cNo louvor a Deus com toda a Cria\u00e7\u00e3o\u201d, o evento busca mobilizar os jovens franciscanos em suas comunidades e realidades locais, levando a mensagem do Evangelho de forma criativa e ousada.<\/p>\n<p>Al\u00e9m disso, o Dia de Miss\u00e3o 2025 ser\u00e1 tamb\u00e9m um marco em tr\u00eas momentos importantes de nosso tempo: o \u201cJubileu da Esperan\u00e7a\u201d da Igreja, que recorda os 2025 anos da Encarna\u00e7\u00e3o de Jesus Cristo e o Centen\u00e1rio dos 800 anos do C\u00e2ntico das Criaturas, de S\u00e3o Francisco de Assis. Vem de encontro tamb\u00e9m com a Campanha da Fraternidade do ano que vem que tem como tema a \u201cEcologia Integral\u201d e lema: \u201cDeus viu que tudo era muito bom\u201d (Gn 1,31). Uma oportunidade para colocarmos toda a juventude franciscana em movimento e em sintonia.<\/p>\n<p>Assim, os grupos de jovens s\u00e3o incentivados a realizar a\u00e7\u00f5es mission\u00e1rias simples e significativas, como visitas a fam\u00edlias, comunidades carentes ou casas de repouso; mutir\u00f5es de limpeza; atividades ecol\u00f3gicas; momentos de ora\u00e7\u00e3o e catequese entre outras.<\/p>\n<p>O objetivo \u00e9 transformar pequenos gestos em grandes sinais de esperan\u00e7a e de renova\u00e7\u00e3o espiritual. O importante \u00e9 levar a alegria franciscana a quem mais precisa! Cada a\u00e7\u00e3o ser\u00e1 uma oportunidade de louvar a Deus com toda a cria\u00e7\u00e3o e mostrar que, juntos, podemos ser mission\u00e1rios da esperan\u00e7a.<\/p>\n<p><strong>Programa\u00e7\u00e3o Especial<\/strong><\/p>\n<ul>\n<li>Antes do \u201cDia de Miss\u00e3o\u201d: Re\u00fana seu grupo para planejar as atividades mission\u00e1rias. Convide os freis e lideran\u00e7as;<\/li>\n<li>Duante o \u201cDia de Miss\u00e3o\u201d: Fomente momentos de ora\u00e7\u00f5es, atividades mission\u00e1rias, se poss\u00edvel, participem de uma celebra\u00e7\u00e3o;<\/li>\n<li>Live de Encerramento: No dia 2 de fevereiro, \u00e0s 20h30, todos est\u00e3o convidados a acompanhar uma live para coroar esse fim de semana de miss\u00e3o. Que tal reunir o grupo para assistir juntos?<\/li>\n<\/ul>\n<p><strong>Dicas Importantes<\/strong><\/p>\n<ul>\n<li>Escolha uma camiseta ou acess\u00f3rio que identifique o grupo.<\/li>\n<li>Fa\u00e7a registros fotogr\u00e1ficos das atividades e compartilhe nas redes sociais marcando @juventudesdaprovincia e @provinciafranciscana, usando as hashtags #diademissao e #franciscanos.<\/li>\n<li>Opte por a\u00e7\u00f5es simples e acess\u00edveis, lembrando que o mais importante \u00e9 o esp\u00edrito de fraternidade e servi\u00e7o.<\/li>\n<\/ul>\n<p>Essa \u00e9 a chance de transformar pequenos gestos em grandes sinais de esperan\u00e7a e f\u00e9. Convide seu grupo e participe do Dia de Miss\u00e3o! Vamos juntos levar a face de Cristo e de S\u00e3o Francisco para tantas realidades que clamam por esperan\u00e7a e amor. Contamos com voc\u00ea!<\/p>\n<p><a href=\"https:\/\/franciscanos.org.br\/banca\/wp-content\/uploads\/2024\/12\/Gui-Missionario-2025.pdf\"><span style=\"color: #000080;\"><strong>ACESSE\u00a0 AQUI O GUIA MISSION\u00c1RIO<\/strong><\/span><\/a><\/p>\n<hr \/>\n<p><em>Equipe de Evangeliza\u00e7\u00e3o com as Juventudes da Prov\u00edncia<\/em><\/p>\n","protected":false},"excerpt":{"rendered":"<p>Juventude Franciscana<\/p>\n","protected":false},"author":11,"featured_media":253382,"comment_status":"open","ping_status":"open","sticky":false,"template":"","format":"standard","meta":[],"categories":[1],"tags":[2272,478,2056],"acf":[],"yoast_head":"<!-- This site is optimized with the Yoast SEO plugin v19.2 - https:\/\/yoast.com\/wordpress\/plugins\/seo\/ -->\n<title>Dia de Miss\u00e3o 2025: No louvor a Deus com toda a Cria\u00e7\u00e3o - Not\u00edcias - Franciscanos<\/title>\n<meta name=\"robots\" content=\"index, follow, max-snippet:-1, max-image-preview:large, max-video-preview:-1\" \/>\n<link rel=\"canonical\" href=\"https:\/\/franciscanos.org.br\/noticias\/dia-de-missao-2025-no-louvor-a-deus-com-toda-a-criacao.html\" \/>\n<meta property=\"og:locale\" content=\"pt_BR\" \/>\n<meta property=\"og:type\" content=\"article\" \/>\n<meta property=\"og:title\" content=\"Dia de Miss\u00e3o 2025: No louvor a Deus com toda a Cria\u00e7\u00e3o - Not\u00edcias - Franciscanos\" \/>\n<meta property=\"og:description\" content=\"Juventude Franciscana\" \/>\n<meta property=\"og:url\" content=\"https:\/\/franciscanos.org.br\/noticias\/dia-de-missao-2025-no-louvor-a-deus-com-toda-a-criacao.html\" \/>\n<meta property=\"og:site_name\" content=\"Not\u00edcias - Franciscanos\" \/>\n<meta property=\"article:published_time\" content=\"2024-12-10T19:14:33+00:00\" \/>\n<meta property=\"article:modified_time\" content=\"2025-03-10T19:19:38+00:00\" \/>\n<meta property=\"og:image\" content=\"https:\/\/franciscanos.org.br\/noticias\/wp-content\/uploads\/2024\/12\/juventude.jpg\" \/>\n\t<meta property=\"og:image:width\" content=\"800\" \/>\n\t<meta property=\"og:image:height\" content=\"550\" \/>\n\t<meta property=\"og:image:type\" content=\"image\/jpeg\" \/>\n<meta name=\"author\" content=\"Adriana Rabelo\" \/>\n<meta name=\"twitter:card\" content=\"summary_large_image\" \/>\n<meta name=\"twitter:label1\" content=\"Escrito por\" \/>\n\t<meta name=\"twitter:data1\" content=\"Adriana Rabelo\" \/>\n\t<meta name=\"twitter:label2\" content=\"Est. tempo de leitura\" \/>\n\t<meta name=\"twitter:data2\" content=\"3 minutos\" \/>\n<script type=\"application\/ld+json\" class=\"yoast-schema-graph\">{\"@context\":\"https:\/\/schema.org\",\"@graph\":[{\"@type\":\"WebSite\",\"@id\":\"https:\/\/franciscanos.org.br\/noticias\/#website\",\"url\":\"https:\/\/franciscanos.org.br\/noticias\/\",\"name\":\"Not\u00edcias - Franciscanos\",\"description\":\"Prov\u00edncia Franciscana da Imaculada Concei\u00e7\u00e3o do Brasil - Ordem dos Frades Menores - OFM\",\"potentialAction\":[{\"@type\":\"SearchAction\",\"target\":{\"@type\":\"EntryPoint\",\"urlTemplate\":\"https:\/\/franciscanos.org.br\/noticias\/?s={search_term_string}\"},\"query-input\":\"required name=search_term_string\"}],\"inLanguage\":\"pt-BR\"},{\"@type\":\"ImageObject\",\"inLanguage\":\"pt-BR\",\"@id\":\"https:\/\/franciscanos.org.br\/noticias\/dia-de-missao-2025-no-louvor-a-deus-com-toda-a-criacao.html#primaryimage\",\"url\":\"https:\/\/franciscanos.org.br\/noticias\/wp-content\/uploads\/2024\/12\/juventude.jpg\",\"contentUrl\":\"https:\/\/franciscanos.org.br\/noticias\/wp-content\/uploads\/2024\/12\/juventude.jpg\",\"width\":800,\"height\":550},{\"@type\":\"WebPage\",\"@id\":\"https:\/\/franciscanos.org.br\/noticias\/dia-de-missao-2025-no-louvor-a-deus-com-toda-a-criacao.html#webpage\",\"url\":\"https:\/\/franciscanos.org.br\/noticias\/dia-de-missao-2025-no-louvor-a-deus-com-toda-a-criacao.html\",\"name\":\"Dia de Miss\u00e3o 2025: No louvor a Deus com toda a Cria\u00e7\u00e3o - Not\u00edcias - Franciscanos\",\"isPartOf\":{\"@id\":\"https:\/\/franciscanos.org.br\/noticias\/#website\"},\"primaryImageOfPage\":{\"@id\":\"https:\/\/franciscanos.org.br\/noticias\/dia-de-missao-2025-no-louvor-a-deus-com-toda-a-criacao.html#primaryimage\"},\"datePublished\":\"2024-12-10T19:14:33+00:00\",\"dateModified\":\"2025-03-10T19:19:38+00:00\",\"author\":{\"@id\":\"https:\/\/franciscanos.org.br\/noticias\/#\/schema\/person\/d9422e83121c3ad3b0f423d195f5bb25\"},\"breadcrumb\":{\"@id\":\"https:\/\/franciscanos.org.br\/noticias\/dia-de-missao-2025-no-louvor-a-deus-com-toda-a-criacao.html#breadcrumb\"},\"inLanguage\":\"pt-BR\",\"potentialAction\":[{\"@type\":\"ReadAction\",\"target\":[\"https:\/\/franciscanos.org.br\/noticias\/dia-de-missao-2025-no-louvor-a-deus-com-toda-a-criacao.html\"]}]},{\"@type\":\"BreadcrumbList\",\"@id\":\"https:\/\/franciscanos.org.br\/noticias\/dia-de-missao-2025-no-louvor-a-deus-com-toda-a-criacao.html#breadcrumb\",\"itemListElement\":[{\"@type\":\"ListItem\",\"position\":1,\"name\":\"Home\",\"item\":\"https:\/\/franciscanos.org.br\/noticias\"},{\"@type\":\"ListItem\",\"position\":2,\"name\":\"Dia de Miss\u00e3o 2025: No louvor a Deus com toda a Cria\u00e7\u00e3o\"}]},{\"@type\":\"Person\",\"@id\":\"https:\/\/franciscanos.org.br\/noticias\/#\/schema\/person\/d9422e83121c3ad3b0f423d195f5bb25\",\"name\":\"Adriana Rabelo\",\"image\":{\"@type\":\"ImageObject\",\"inLanguage\":\"pt-BR\",\"@id\":\"https:\/\/franciscanos.org.br\/noticias\/#\/schema\/person\/image\/\",\"url\":\"https:\/\/secure.gravatar.com\/avatar\/0a937b7500cd7df77540cfb8bede877d?s=96&d=mm&r=g\",\"contentUrl\":\"https:\/\/secure.gravatar.com\/avatar\/0a937b7500cd7df77540cfb8bede877d?s=96&d=mm&r=g\",\"caption\":\"Adriana Rabelo\"},\"url\":\"https:\/\/franciscanos.org.br\/noticias\/author\/adrianarabelo\"}]}<\/script>\n<!-- \/ Yoast SEO plugin. -->","yoast_head_json":{"title":"Dia de Miss\u00e3o 2025: No louvor a Deus com toda a Cria\u00e7\u00e3o - Not\u00edcias - Franciscanos","robots":{"index":"index","follow":"follow","max-snippet":"max-snippet:-1","max-image-preview":"max-image-preview:large","max-video-preview":"max-video-preview:-1"},"canonical":"https:\/\/franciscanos.org.br\/noticias\/dia-de-missao-2025-no-louvor-a-deus-com-toda-a-criacao.html","og_locale":"pt_BR","og_type":"article","og_title":"Dia de Miss\u00e3o 2025: No louvor a Deus com toda a Cria\u00e7\u00e3o - Not\u00edcias - Franciscanos","og_description":"Juventude Franciscana","og_url":"https:\/\/franciscanos.org.br\/noticias\/dia-de-missao-2025-no-louvor-a-deus-com-toda-a-criacao.html","og_site_name":"Not\u00edcias - Franciscanos","article_published_time":"2024-12-10T19:14:33+00:00","article_modified_time":"2025-03-10T19:19:38+00:00","og_image":[{"width":800,"height":550,"url":"https:\/\/franciscanos.org.br\/noticias\/wp-content\/uploads\/2024\/12\/juventude.jpg","type":"image\/jpeg"}],"author":"Adriana Rabelo","twitter_card":"summary_large_image","twitter_misc":{"Escrito por":"Adriana Rabelo","Est. tempo de leitura":"3 minutos"},"schema":{"@context":"https:\/\/schema.org","@graph":[{"@type":"WebSite","@id":"https:\/\/franciscanos.org.br\/noticias\/#website","url":"https:\/\/franciscanos.org.br\/noticias\/","name":"Not\u00edcias - Franciscanos","description":"Prov\u00edncia Franciscana da Imaculada Concei\u00e7\u00e3o do Brasil - Ordem dos Frades Menores - OFM","potentialAction":[{"@type":"SearchAction","target":{"@type":"EntryPoint","urlTemplate":"https:\/\/franciscanos.org.br\/noticias\/?s={search_term_string}"},"query-input":"required name=search_term_string"}],"inLanguage":"pt-BR"},{"@type":"ImageObject","inLanguage":"pt-BR","@id":"https:\/\/franciscanos.org.br\/noticias\/dia-de-missao-2025-no-louvor-a-deus-com-toda-a-criacao.html#primaryimage","url":"https:\/\/franciscanos.org.br\/noticias\/wp-content\/uploads\/2024\/12\/juventude.jpg","contentUrl":"https:\/\/franciscanos.org.br\/noticias\/wp-content\/uploads\/2024\/12\/juventude.jpg","width":800,"height":550},{"@type":"WebPage","@id":"https:\/\/franciscanos.org.br\/noticias\/dia-de-missao-2025-no-louvor-a-deus-com-toda-a-criacao.html#webpage","url":"https:\/\/franciscanos.org.br\/noticias\/dia-de-missao-2025-no-louvor-a-deus-com-toda-a-criacao.html","name":"Dia de Miss\u00e3o 2025: No louvor a Deus com toda a Cria\u00e7\u00e3o - Not\u00edcias - Franciscanos","isPartOf":{"@id":"https:\/\/franciscanos.org.br\/noticias\/#website"},"primaryImageOfPage":{"@id":"https:\/\/franciscanos.org.br\/noticias\/dia-de-missao-2025-no-louvor-a-deus-com-toda-a-criacao.html#primaryimage"},"datePublished":"2024-12-10T19:14:33+00:00","dateModified":"2025-03-10T19:19:38+00:00","author":{"@id":"https:\/\/franciscanos.org.br\/noticias\/#\/schema\/person\/d9422e83121c3ad3b0f423d195f5bb25"},"breadcrumb":{"@id":"https:\/\/franciscanos.org.br\/noticias\/dia-de-missao-2025-no-louvor-a-deus-com-toda-a-criacao.html#breadcrumb"},"inLanguage":"pt-BR","potentialAction":[{"@type":"ReadAction","target":["https:\/\/franciscanos.org.br\/noticias\/dia-de-missao-2025-no-louvor-a-deus-com-toda-a-criacao.html"]}]},{"@type":"BreadcrumbList","@id":"https:\/\/franciscanos.org.br\/noticias\/dia-de-missao-2025-no-louvor-a-deus-com-toda-a-criacao.html#breadcrumb","itemListElement":[{"@type":"ListItem","position":1,"name":"Home","item":"https:\/\/franciscanos.org.br\/noticias"},{"@type":"ListItem","position":2,"name":"Dia de Miss\u00e3o 2025: No louvor a Deus com toda a Cria\u00e7\u00e3o"}]},{"@type":"Person","@id":"https:\/\/franciscanos.org.br\/noticias\/#\/schema\/person\/d9422e83121c3ad3b0f423d195f5bb25","name":"Adriana Rabelo","image":{"@type":"ImageObject","inLanguage":"pt-BR","@id":"https:\/\/franciscanos.org.br\/noticias\/#\/schema\/person\/image\/","url":"https:\/\/secure.gravatar.com\/avatar\/0a937b7500cd7df77540cfb8bede877d?s=96&d=mm&r=g","contentUrl":"https:\/\/secure.gravatar.com\/avatar\/0a937b7500cd7df77540cfb8bede877d?s=96&d=mm&r=g","caption":"Adriana Rabelo"},"url":"https:\/\/franciscanos.org.br\/noticias\/author\/adrianarabelo"}]}},"_links":{"self":[{"href":"https:\/\/franciscanos.org.br\/noticias\/wp-json\/wp\/v2\/posts\/253379"}],"collection":[{"href":"https:\/\/franciscanos.org.br\/noticias\/wp-json\/wp\/v2\/posts"}],"about":[{"href":"https:\/\/franciscanos.org.br\/noticias\/wp-json\/wp\/v2\/types\/post"}],"author":[{"embeddable":true,"href":"https:\/\/franciscanos.org.br\/noticias\/wp-json\/wp\/v2\/users\/11"}],"replies":[{"embeddable":true,"href":"https:\/\/franciscanos.org.br\/noticias\/wp-json\/wp\/v2\/comments?post=253379"}],"version-history":[{"count":2,"href":"https:\/\/franciscanos.org.br\/noticias\/wp-json\/wp\/v2\/posts\/253379\/revisions"}],"predecessor-version":[{"id":253384,"href":"https:\/\/franciscanos.org.br\/noticias\/wp-json\/wp\/v2\/posts\/253379\/revisions\/253384"}],"wp:featuredmedia":[{"embeddable":true,"href":"https:\/\/franciscanos.org.br\/noticias\/wp-json\/wp\/v2\/media\/253382"}],"wp:attachment":[{"href":"https:\/\/franciscanos.org.br\/noticias\/wp-json\/wp\/v2\/media?parent=253379"}],"wp:term":[{"taxonomy":"category","embeddable":true,"href":"https:\/\/franciscanos.org.br\/noticias\/wp-json\/wp\/v2\/categories?post=253379"},{"taxonomy":"post_tag","embeddable":true,"href":"https:\/\/franciscanos.org.br\/noticias\/wp-json\/wp\/v2\/tags?post=253379"}],"curies":[{"name":"wp","href":"https:\/\/api.w.org\/{rel}","templated":true}]}}