{"id":253364,"date":"2024-12-09T16:18:13","date_gmt":"2024-12-09T19:18:13","guid":{"rendered":"https:\/\/franciscanos.org.br\/noticias\/?p=253364"},"modified":"2024-12-09T16:20:20","modified_gmt":"2024-12-09T19:20:20","slug":"inaugurado-o-barco-hospital-sao-joao-xxiii-inicia-sua-missao-levando-saude-as-comunidades-ao-longo-do-amazonas","status":"publish","type":"post","link":"https:\/\/franciscanos.org.br\/noticias\/inaugurado-o-barco-hospital-sao-joao-xxiii-inicia-sua-missao-levando-saude-as-comunidades-ao-longo-do-amazonas.html","title":{"rendered":"Inaugurado o Barco Hospital S\u00e3o Jo\u00e3o XXIII: inicia sua miss\u00e3o levando sa\u00fade \u00e0s comunidades do Amazonas"},"content":{"rendered":"<div id=\"attachment_253365\" style=\"width: 1290px\" class=\"wp-caption alignnone\"><img aria-describedby=\"caption-attachment-253365\" loading=\"lazy\" class=\"wp-image-253365 size-full\" src=\"https:\/\/franciscanos.org.br\/noticias\/wp-content\/uploads\/2024\/12\/MATERIA-BARCO-HOSPITAL.jpg\" alt=\"\" width=\"1280\" height=\"720\" srcset=\"https:\/\/franciscanos.org.br\/noticias\/wp-content\/uploads\/2024\/12\/MATERIA-BARCO-HOSPITAL.jpg 1280w, https:\/\/franciscanos.org.br\/noticias\/wp-content\/uploads\/2024\/12\/MATERIA-BARCO-HOSPITAL-450x253.jpg 450w, https:\/\/franciscanos.org.br\/noticias\/wp-content\/uploads\/2024\/12\/MATERIA-BARCO-HOSPITAL-1024x576.jpg 1024w, https:\/\/franciscanos.org.br\/noticias\/wp-content\/uploads\/2024\/12\/MATERIA-BARCO-HOSPITAL-768x432.jpg 768w, https:\/\/franciscanos.org.br\/noticias\/wp-content\/uploads\/2024\/12\/MATERIA-BARCO-HOSPITAL-150x84.jpg 150w\" sizes=\"(max-width: 1280px) 100vw, 1280px\" \/><p id=\"caption-attachment-253365\" class=\"wp-caption-text\">Barco Hospital S\u00e3o Jo\u00e3o XXIII<\/p><\/div>\n<p>Os rios da Amaz\u00f4nia e as pessoas que moram nas comunidades ind\u00edgenas e ribeirinhas poder\u00e3o disfrutar em breve de mais um gesto de amor atrav\u00e9s do Barco Hospital S\u00e3o Jo\u00e3o XXIII na Provid\u00eancia de Deus, um nome que lembra a figura do Papa bom, o Papa do sorriso e da caridade, que agora estar\u00e1 presente na vida do povo da regi\u00e3o. O barco, que iniciou seus trabalhos neste domingo, 8 de dezembro, servir\u00e1 as comunidades locais, levando sa\u00fade e caridade.<\/p>\n<div id=\"attachment_253367\" style=\"width: 460px\" class=\"wp-caption alignright\"><img aria-describedby=\"caption-attachment-253367\" loading=\"lazy\" class=\"wp-image-253367 size-medium\" src=\"https:\/\/franciscanos.org.br\/noticias\/wp-content\/uploads\/2024\/12\/CARDEAL-LEONARDO-STEINER-450x253.jpeg\" alt=\"\" width=\"450\" height=\"253\" srcset=\"https:\/\/franciscanos.org.br\/noticias\/wp-content\/uploads\/2024\/12\/CARDEAL-LEONARDO-STEINER-450x253.jpeg 450w, https:\/\/franciscanos.org.br\/noticias\/wp-content\/uploads\/2024\/12\/CARDEAL-LEONARDO-STEINER-150x84.jpeg 150w, https:\/\/franciscanos.org.br\/noticias\/wp-content\/uploads\/2024\/12\/CARDEAL-LEONARDO-STEINER.jpeg 750w\" sizes=\"(max-width: 450px) 100vw, 450px\" \/><p id=\"caption-attachment-253367\" class=\"wp-caption-text\">Cardeal Dom Leonardo Steiner<\/p><\/div>\n<p>Uma missa presidida pelo arcebispo de Manaus (AM), Cardeal Dom Leonardo Ulrich Steiner, que contou com a presen\u00e7a do bispo de \u00d3bidos (PA), Dom Bernardo Baumann, do bispo auxiliar de Manaus, Dom Zenildo Lima, e do bispo em\u00e9rito de Primavera do Leste-Paranatinga, Dom Derek Byrne, iniciou um ato que contou com a presen\u00e7a de diversas autoridades do Estado do Amazonas e de outras regi\u00f5es do Brasil.<\/p>\n<p>O barco hospital \u00e9 um sinal de sa\u00fade, segundo o Cardeal Steiner, que agradeceu a Deus por \u201ctodas as m\u00e3os generosas que nos ajudaram na constru\u00e7\u00e3o deste barco, para que ele pudesse agora servir as nossas comunidades ribeirinhas\u201d. Igualmente agradeceu os freis Franciscanos que concretizaram a ideia.<\/p>\n<p>O arcebispo de Manaus destacou como Deus vai em busca de Ad\u00e3o e Eva, que tinham se distanciado D\u00b4Ele, \u201cvai em busca e encontra\u201d. Uma procura que Deus tamb\u00e9m fez com Maria, \u201cEle procura Maria, aquela da aldeia l\u00e1 de Nazar\u00e9, aquela jovem, adolescente, Deus a procura porque quer estar junto dos seus filhos e filhas\u201d. O cardeal lembrou que \u201cDeus teve a delicadeza de perguntar, voc\u00ea aceita? E ela disse sim. Sim, porque percebe que Deus a procurou, porque a buscou, e se fez um de n\u00f3s\u201d.<\/p>\n<div id=\"attachment_253368\" style=\"width: 760px\" class=\"wp-caption alignnone\"><img aria-describedby=\"caption-attachment-253368\" loading=\"lazy\" class=\"wp-image-253368 size-full\" src=\"https:\/\/franciscanos.org.br\/noticias\/wp-content\/uploads\/2024\/12\/Missa-presidida-pelo-arcebispo-de-Manaus-cardeal-Leonardo-Ulrich-Steiner.jpeg\" alt=\"\" width=\"750\" height=\"422\" srcset=\"https:\/\/franciscanos.org.br\/noticias\/wp-content\/uploads\/2024\/12\/Missa-presidida-pelo-arcebispo-de-Manaus-cardeal-Leonardo-Ulrich-Steiner.jpeg 750w, https:\/\/franciscanos.org.br\/noticias\/wp-content\/uploads\/2024\/12\/Missa-presidida-pelo-arcebispo-de-Manaus-cardeal-Leonardo-Ulrich-Steiner-450x253.jpeg 450w, https:\/\/franciscanos.org.br\/noticias\/wp-content\/uploads\/2024\/12\/Missa-presidida-pelo-arcebispo-de-Manaus-cardeal-Leonardo-Ulrich-Steiner-150x84.jpeg 150w\" sizes=\"(max-width: 750px) 100vw, 750px\" \/><p id=\"caption-attachment-253368\" class=\"wp-caption-text\">Missa presidida pelo arcebispo de Manaus, Cardeal Dom Leonardo Ulrich Steiner<\/p><\/div>\n<p>Uma atitude que se faz presente com o barco, \u201cn\u00f3s n\u00e3o esperaremos, n\u00f3s buscaremos. N\u00f3s desejamos ir ao encontro e desejamos perguntar onde voc\u00ea est\u00e1 para poder cuidar da sua sa\u00fade, seja da sa\u00fade do corpo, seja da sa\u00fade do esp\u00edrito\u201d. Algo que \u00e9 feito, \u201cporque ele se fez providente no meio de n\u00f3s, em Jesus. \u00c9 em nome de Jesus que n\u00f3s vamos fazer, em nome de Jesus que l\u00e1 vamos estar, em nome de Jesus que queremos ser tamb\u00e9m evangelizadores atrav\u00e9s da caridade\u201d, fazendo um chamado a \u201cseguir os passos de Deus e fazer essa procura e buscar todos os irm\u00e3os e as irm\u00e3s que t\u00eam necessidade\u201d, destacando o grande n\u00famero de pessoas envolvidas no projeto que vai ajudar a ser \u201cessa express\u00e3o de Deus\u201d, e chegar \u201cat\u00e9 os lugares onde n\u00f3s achamos que n\u00e3o tem ningu\u00e9m, mas l\u00e1 tem algu\u00e9m que est\u00e1 necessitado\u201d.<\/p>\n<p>O Cardeal Steiner insistiu em \u201cagradecer a todos que ajudaram, colaboraram, para que este barco possa ser realmente um sinal da nossa fraternidade, possa ser um sinal da justi\u00e7a, onde todos t\u00eam direito \u00e0 sa\u00fade, possa ser sinal de paz, mas possa ser tamb\u00e9m sinal de salva\u00e7\u00e3o\u201d, aben\u00e7oando os presentes com uma rel\u00edquia de S\u00e3o Jo\u00e3o XXIII que acompanhar\u00e1 os atendimentos do barco.<\/p>\n<p>Dom Bernardo Baumann lembrou que os barcos hospitais, Papa Francisco, S\u00e3o Jo\u00e3o Paulo II e S\u00e3o Jo\u00e3o XXIII, come\u00e7aram a ser idealizados em 2013, como forma de dar resposta \u00e0 necessidade de muitas pessoas doentes que n\u00e3o conseguiam chegar nas cidades para serem atendidos, por falta de dinheiro para chegar o pelas longas filas que faziam eles ter perdido a esperan\u00e7a, surgindo a ideia de fazer realidade um hospital que vai at\u00e9 o paciente. Foi assim que foi plantada \u201cuma semente de mostarda que de repente cresceu e se tornou uma grande \u00e1rvore\u201d.<\/p>\n<p>O bispo de \u00d3bidos destacou que muitas pessoas t\u00eam ajudado nesse sonho, \u201cporque n\u00f3s compreendemos tamb\u00e9m que a caridade nunca pode parar\u201d, afirmando que quando \u201ca gente coloca a caridade a funcionar, vai crescendo\u201d. Em cinco anos, o barco hospital Papa Francisco j\u00e1 fez 500 mil atendimentos, resgatando muitas vidas, sobretudo na pandemia, sendo instrumento para levar esperan\u00e7a para as pessoas e levar paz para as pessoas\u201d.<\/p>\n<p>Um barco que \u00e9 exemplo concreto de uma Igreja em sa\u00edda, segundo Frei Francisco Belotti, \u201cn\u00e3o apenas uma igreja que s\u00f3 sai, mas uma Igreja que anuncia e que tamb\u00e9m proporciona assist\u00eancia \u00e0 cura das pessoas, como Jesus fazia\u201d. Ele insistiu em que, com a ajuda das pessoas, nada \u00e9 imposs\u00edvel, agradecendo \u00e0s pessoas que ajudam para a constru\u00e7\u00e3o e funcionamento dos barcos hospital, para que os milagres possam acontecer. O frade disse que \u201co estado do Amazonas hoje ganha uma p\u00e9rola, uma preciosidade, uma preciosidade que \u00e9 para toda a popula\u00e7\u00e3o, para que as pessoas possam encontrar sa\u00fade, e possam encontrar tamb\u00e9m o seu tratamento\u201d.<\/p>\n<p>Ele recordou as palavras de S\u00e3o Francisco, que diz que \u201cdevemos come\u00e7ar fazendo o necess\u00e1rio, depois o poss\u00edvel e depois alcan\u00e7ar o imposs\u00edvel\u201d, de S\u00e3o Jo\u00e3o XXIII: \u201co milagre acontece quando a vontade dos homens se une \u00e0 vontade de Deus\u201d, e de Gandhi: \u201ccarrego nos ombros toda a transforma\u00e7\u00e3o que eu quero ver nesse mundo\u201d. Palavras que inspiram o barco hospital, \u201cum hospital que anda\u201d, que \u201cnavega pelos rios\u201d, ajudando as pessoas a superar as dificuldades que existem na Amaz\u00f4nia para chegar nos hospitais.<\/p>\n<p><img loading=\"lazy\" class=\"wp-image-253369 size-full aligncenter\" src=\"https:\/\/franciscanos.org.br\/noticias\/wp-content\/uploads\/2024\/12\/Barco-Hospital-Sao-Joao-XXIII-2.jpeg\" alt=\"\" width=\"750\" height=\"422\" srcset=\"https:\/\/franciscanos.org.br\/noticias\/wp-content\/uploads\/2024\/12\/Barco-Hospital-Sao-Joao-XXIII-2.jpeg 750w, https:\/\/franciscanos.org.br\/noticias\/wp-content\/uploads\/2024\/12\/Barco-Hospital-Sao-Joao-XXIII-2-450x253.jpeg 450w, https:\/\/franciscanos.org.br\/noticias\/wp-content\/uploads\/2024\/12\/Barco-Hospital-Sao-Joao-XXIII-2-150x84.jpeg 150w\" sizes=\"(max-width: 750px) 100vw, 750px\" \/><\/p>\n<p>Um barco que \u201cvai ao encontro das pessoas\u201d, o que \u00e9 muito importante, segundo Frei Belotti, que disse que o barco \u201c\u00e9 o maior e o melhor plano de sa\u00fade que pode existir em nosso Brasil\u201d, dado que \u201ca gente chega, consulta, faz os exames, se necess\u00e1rio, interna, se necess\u00e1rio faz cirurgias, recebe alimenta\u00e7\u00e3o, recebe os medicamentos e ainda com a possibilidade das ambulanchas levarem at\u00e9 a sua resid\u00eancia\u201d. Ele agradeceu ao Minist\u00e9rio P\u00fablico de Trabalho, ao Tribunal Regional de Trabalho, ao Governo do Estado do Amazonas, \u00e0 Assembleia Legislativa do Estado do Amazonas, \u00e0 Prefeitura de Manaus, ao Sistema \u00danico de Sa\u00fade, e outras entidades e empresas, assim como \u00e0 Arquidiocese de Manaus, que desde o primeiro momento abriu seus bra\u00e7os, abriu o cora\u00e7\u00e3o. Ele n\u00e3o esqueceu dos colaboradores, que fazem seu trabalho de forma volunt\u00e1ria, fazendo que os milagres aconte\u00e7am todos os dias.<\/p>\n<p>O Procurador Regional do Minist\u00e9rio P\u00fablico do Trabalho do Amazonas, Dr. Jorsinei Dourado do Nascimento, destacou a import\u00e2ncia de um barco, altamente equipado, que vai cuidar de milhares de ribeirinhos, comunidades ind\u00edgenas e quilombolas, que est\u00e3o situadas ao longo das sinuosas margens dos rios do Amazonas, e que tem uma miss\u00e3o de vida, ir ao encontro daqueles que mais necessitam, que se encontram em situa\u00e7\u00e3o de vulnerabilidade social. Na mesma linha, a subprocuradora geral do trabalho do Estado do Amazonas Dra. Ivana Auxiliadora Mendon\u00e7a dos Santos, destacou a import\u00e2ncia do barco como \u201cpoderosa ferramenta de inclus\u00e3o e cuidado\u201d, e \u201cmitigando os cru\u00e9is desafios log\u00edsticos que as longas horas de navega\u00e7\u00e3o para obter atendimento m\u00e9dico representam para milhares de pessoas\u201d.<\/p>\n<p>Junto com Minist\u00e9rio P\u00fablico do Trabalho, a empresa MARFRIG \u00e9 uma das grandes parceiras do projeto. Segundo seu presidente, Marcus Molina, \u00e9 uma honra fazer parte desse projeto, anunciando a constru\u00e7\u00e3o de mais um barco. O ministro do Superior Tribunal de Justi\u00e7a e Corregedor Nacional de Justi\u00e7a, Mauro Campbell, destacou a figura de S\u00e3o Jo\u00e3o XXIII, que transformou sua f\u00e9 em obras, lembrando as dificuldades de acesso \u00e0 sa\u00fade na Amaz\u00f4nia. O barco hospital Jo\u00e3o XXIII conta com a parceria do Estado do Amazonas, que, em seu governador, Wilson Lima, agradeceu a realiza\u00e7\u00e3o do projeto, assegurando a parceria e os recursos para um barco que ir\u00e1 fazer parte da pol\u00edtica p\u00fablica de sa\u00fade do Estado do Amazonas.<\/p>\n<hr \/>\n<p><em>Padre Modino \u2013 Regional Norte 1 da CNBB<\/em><\/p>\n<p>Fonte: Vatican News<\/p>\n","protected":false},"excerpt":{"rendered":"<p>Barco Hospital S\u00e3o Jo\u00e3o XXIII<\/p>\n","protected":false},"author":11,"featured_media":253366,"comment_status":"open","ping_status":"open","sticky":false,"template":"","format":"standard","meta":[],"categories":[1],"tags":[1636,1242,2271],"acf":[],"yoast_head":"<!-- This site is optimized with the Yoast SEO plugin v19.2 - https:\/\/yoast.com\/wordpress\/plugins\/seo\/ -->\n<title>Inaugurado o Barco Hospital S\u00e3o Jo\u00e3o XXIII: inicia sua miss\u00e3o levando sa\u00fade \u00e0s comunidades do Amazonas - Not\u00edcias - Franciscanos<\/title>\n<meta name=\"robots\" content=\"index, follow, max-snippet:-1, max-image-preview:large, max-video-preview:-1\" \/>\n<link rel=\"canonical\" href=\"https:\/\/franciscanos.org.br\/noticias\/inaugurado-o-barco-hospital-sao-joao-xxiii-inicia-sua-missao-levando-saude-as-comunidades-ao-longo-do-amazonas.html\" \/>\n<meta property=\"og:locale\" content=\"pt_BR\" \/>\n<meta property=\"og:type\" content=\"article\" \/>\n<meta property=\"og:title\" content=\"Inaugurado o Barco Hospital S\u00e3o Jo\u00e3o XXIII: inicia sua miss\u00e3o levando sa\u00fade \u00e0s comunidades do Amazonas - Not\u00edcias - Franciscanos\" \/>\n<meta property=\"og:description\" content=\"Barco Hospital S\u00e3o Jo\u00e3o XXIII\" \/>\n<meta property=\"og:url\" content=\"https:\/\/franciscanos.org.br\/noticias\/inaugurado-o-barco-hospital-sao-joao-xxiii-inicia-sua-missao-levando-saude-as-comunidades-ao-longo-do-amazonas.html\" \/>\n<meta property=\"og:site_name\" content=\"Not\u00edcias - Franciscanos\" \/>\n<meta property=\"article:published_time\" content=\"2024-12-09T19:18:13+00:00\" \/>\n<meta property=\"article:modified_time\" content=\"2024-12-09T19:20:20+00:00\" \/>\n<meta property=\"og:image\" content=\"https:\/\/franciscanos.org.br\/noticias\/wp-content\/uploads\/2024\/12\/CHAMADA-HOSPITAL.jpg\" \/>\n\t<meta property=\"og:image:width\" content=\"800\" \/>\n\t<meta property=\"og:image:height\" content=\"550\" \/>\n\t<meta property=\"og:image:type\" content=\"image\/jpeg\" \/>\n<meta name=\"author\" content=\"Adriana Rabelo\" \/>\n<meta name=\"twitter:card\" content=\"summary_large_image\" \/>\n<meta name=\"twitter:label1\" content=\"Escrito por\" \/>\n\t<meta name=\"twitter:data1\" content=\"Adriana Rabelo\" \/>\n\t<meta name=\"twitter:label2\" content=\"Est. tempo de leitura\" \/>\n\t<meta name=\"twitter:data2\" content=\"7 minutos\" \/>\n<script type=\"application\/ld+json\" class=\"yoast-schema-graph\">{\"@context\":\"https:\/\/schema.org\",\"@graph\":[{\"@type\":\"WebSite\",\"@id\":\"https:\/\/franciscanos.org.br\/noticias\/#website\",\"url\":\"https:\/\/franciscanos.org.br\/noticias\/\",\"name\":\"Not\u00edcias - Franciscanos\",\"description\":\"Prov\u00edncia Franciscana da Imaculada Concei\u00e7\u00e3o do Brasil - Ordem dos Frades Menores - OFM\",\"potentialAction\":[{\"@type\":\"SearchAction\",\"target\":{\"@type\":\"EntryPoint\",\"urlTemplate\":\"https:\/\/franciscanos.org.br\/noticias\/?s={search_term_string}\"},\"query-input\":\"required name=search_term_string\"}],\"inLanguage\":\"pt-BR\"},{\"@type\":\"ImageObject\",\"inLanguage\":\"pt-BR\",\"@id\":\"https:\/\/franciscanos.org.br\/noticias\/inaugurado-o-barco-hospital-sao-joao-xxiii-inicia-sua-missao-levando-saude-as-comunidades-ao-longo-do-amazonas.html#primaryimage\",\"url\":\"https:\/\/franciscanos.org.br\/noticias\/wp-content\/uploads\/2024\/12\/CHAMADA-HOSPITAL.jpg\",\"contentUrl\":\"https:\/\/franciscanos.org.br\/noticias\/wp-content\/uploads\/2024\/12\/CHAMADA-HOSPITAL.jpg\",\"width\":800,\"height\":550},{\"@type\":\"WebPage\",\"@id\":\"https:\/\/franciscanos.org.br\/noticias\/inaugurado-o-barco-hospital-sao-joao-xxiii-inicia-sua-missao-levando-saude-as-comunidades-ao-longo-do-amazonas.html#webpage\",\"url\":\"https:\/\/franciscanos.org.br\/noticias\/inaugurado-o-barco-hospital-sao-joao-xxiii-inicia-sua-missao-levando-saude-as-comunidades-ao-longo-do-amazonas.html\",\"name\":\"Inaugurado o Barco Hospital S\u00e3o Jo\u00e3o XXIII: inicia sua miss\u00e3o levando sa\u00fade \u00e0s comunidades do Amazonas - Not\u00edcias - Franciscanos\",\"isPartOf\":{\"@id\":\"https:\/\/franciscanos.org.br\/noticias\/#website\"},\"primaryImageOfPage\":{\"@id\":\"https:\/\/franciscanos.org.br\/noticias\/inaugurado-o-barco-hospital-sao-joao-xxiii-inicia-sua-missao-levando-saude-as-comunidades-ao-longo-do-amazonas.html#primaryimage\"},\"datePublished\":\"2024-12-09T19:18:13+00:00\",\"dateModified\":\"2024-12-09T19:20:20+00:00\",\"author\":{\"@id\":\"https:\/\/franciscanos.org.br\/noticias\/#\/schema\/person\/d9422e83121c3ad3b0f423d195f5bb25\"},\"breadcrumb\":{\"@id\":\"https:\/\/franciscanos.org.br\/noticias\/inaugurado-o-barco-hospital-sao-joao-xxiii-inicia-sua-missao-levando-saude-as-comunidades-ao-longo-do-amazonas.html#breadcrumb\"},\"inLanguage\":\"pt-BR\",\"potentialAction\":[{\"@type\":\"ReadAction\",\"target\":[\"https:\/\/franciscanos.org.br\/noticias\/inaugurado-o-barco-hospital-sao-joao-xxiii-inicia-sua-missao-levando-saude-as-comunidades-ao-longo-do-amazonas.html\"]}]},{\"@type\":\"BreadcrumbList\",\"@id\":\"https:\/\/franciscanos.org.br\/noticias\/inaugurado-o-barco-hospital-sao-joao-xxiii-inicia-sua-missao-levando-saude-as-comunidades-ao-longo-do-amazonas.html#breadcrumb\",\"itemListElement\":[{\"@type\":\"ListItem\",\"position\":1,\"name\":\"Home\",\"item\":\"https:\/\/franciscanos.org.br\/noticias\"},{\"@type\":\"ListItem\",\"position\":2,\"name\":\"Inaugurado o Barco Hospital S\u00e3o Jo\u00e3o XXIII: inicia sua miss\u00e3o levando sa\u00fade \u00e0s comunidades do Amazonas\"}]},{\"@type\":\"Person\",\"@id\":\"https:\/\/franciscanos.org.br\/noticias\/#\/schema\/person\/d9422e83121c3ad3b0f423d195f5bb25\",\"name\":\"Adriana Rabelo\",\"image\":{\"@type\":\"ImageObject\",\"inLanguage\":\"pt-BR\",\"@id\":\"https:\/\/franciscanos.org.br\/noticias\/#\/schema\/person\/image\/\",\"url\":\"https:\/\/secure.gravatar.com\/avatar\/0a937b7500cd7df77540cfb8bede877d?s=96&d=mm&r=g\",\"contentUrl\":\"https:\/\/secure.gravatar.com\/avatar\/0a937b7500cd7df77540cfb8bede877d?s=96&d=mm&r=g\",\"caption\":\"Adriana Rabelo\"},\"url\":\"https:\/\/franciscanos.org.br\/noticias\/author\/adrianarabelo\"}]}<\/script>\n<!-- \/ Yoast SEO plugin. -->","yoast_head_json":{"title":"Inaugurado o Barco Hospital S\u00e3o Jo\u00e3o XXIII: inicia sua miss\u00e3o levando sa\u00fade \u00e0s comunidades do Amazonas - Not\u00edcias - Franciscanos","robots":{"index":"index","follow":"follow","max-snippet":"max-snippet:-1","max-image-preview":"max-image-preview:large","max-video-preview":"max-video-preview:-1"},"canonical":"https:\/\/franciscanos.org.br\/noticias\/inaugurado-o-barco-hospital-sao-joao-xxiii-inicia-sua-missao-levando-saude-as-comunidades-ao-longo-do-amazonas.html","og_locale":"pt_BR","og_type":"article","og_title":"Inaugurado o Barco Hospital S\u00e3o Jo\u00e3o XXIII: inicia sua miss\u00e3o levando sa\u00fade \u00e0s comunidades do Amazonas - Not\u00edcias - Franciscanos","og_description":"Barco Hospital S\u00e3o Jo\u00e3o XXIII","og_url":"https:\/\/franciscanos.org.br\/noticias\/inaugurado-o-barco-hospital-sao-joao-xxiii-inicia-sua-missao-levando-saude-as-comunidades-ao-longo-do-amazonas.html","og_site_name":"Not\u00edcias - Franciscanos","article_published_time":"2024-12-09T19:18:13+00:00","article_modified_time":"2024-12-09T19:20:20+00:00","og_image":[{"width":800,"height":550,"url":"https:\/\/franciscanos.org.br\/noticias\/wp-content\/uploads\/2024\/12\/CHAMADA-HOSPITAL.jpg","type":"image\/jpeg"}],"author":"Adriana Rabelo","twitter_card":"summary_large_image","twitter_misc":{"Escrito por":"Adriana Rabelo","Est. tempo de leitura":"7 minutos"},"schema":{"@context":"https:\/\/schema.org","@graph":[{"@type":"WebSite","@id":"https:\/\/franciscanos.org.br\/noticias\/#website","url":"https:\/\/franciscanos.org.br\/noticias\/","name":"Not\u00edcias - Franciscanos","description":"Prov\u00edncia Franciscana da Imaculada Concei\u00e7\u00e3o do Brasil - Ordem dos Frades Menores - OFM","potentialAction":[{"@type":"SearchAction","target":{"@type":"EntryPoint","urlTemplate":"https:\/\/franciscanos.org.br\/noticias\/?s={search_term_string}"},"query-input":"required name=search_term_string"}],"inLanguage":"pt-BR"},{"@type":"ImageObject","inLanguage":"pt-BR","@id":"https:\/\/franciscanos.org.br\/noticias\/inaugurado-o-barco-hospital-sao-joao-xxiii-inicia-sua-missao-levando-saude-as-comunidades-ao-longo-do-amazonas.html#primaryimage","url":"https:\/\/franciscanos.org.br\/noticias\/wp-content\/uploads\/2024\/12\/CHAMADA-HOSPITAL.jpg","contentUrl":"https:\/\/franciscanos.org.br\/noticias\/wp-content\/uploads\/2024\/12\/CHAMADA-HOSPITAL.jpg","width":800,"height":550},{"@type":"WebPage","@id":"https:\/\/franciscanos.org.br\/noticias\/inaugurado-o-barco-hospital-sao-joao-xxiii-inicia-sua-missao-levando-saude-as-comunidades-ao-longo-do-amazonas.html#webpage","url":"https:\/\/franciscanos.org.br\/noticias\/inaugurado-o-barco-hospital-sao-joao-xxiii-inicia-sua-missao-levando-saude-as-comunidades-ao-longo-do-amazonas.html","name":"Inaugurado o Barco Hospital S\u00e3o Jo\u00e3o XXIII: inicia sua miss\u00e3o levando sa\u00fade \u00e0s comunidades do Amazonas - Not\u00edcias - Franciscanos","isPartOf":{"@id":"https:\/\/franciscanos.org.br\/noticias\/#website"},"primaryImageOfPage":{"@id":"https:\/\/franciscanos.org.br\/noticias\/inaugurado-o-barco-hospital-sao-joao-xxiii-inicia-sua-missao-levando-saude-as-comunidades-ao-longo-do-amazonas.html#primaryimage"},"datePublished":"2024-12-09T19:18:13+00:00","dateModified":"2024-12-09T19:20:20+00:00","author":{"@id":"https:\/\/franciscanos.org.br\/noticias\/#\/schema\/person\/d9422e83121c3ad3b0f423d195f5bb25"},"breadcrumb":{"@id":"https:\/\/franciscanos.org.br\/noticias\/inaugurado-o-barco-hospital-sao-joao-xxiii-inicia-sua-missao-levando-saude-as-comunidades-ao-longo-do-amazonas.html#breadcrumb"},"inLanguage":"pt-BR","potentialAction":[{"@type":"ReadAction","target":["https:\/\/franciscanos.org.br\/noticias\/inaugurado-o-barco-hospital-sao-joao-xxiii-inicia-sua-missao-levando-saude-as-comunidades-ao-longo-do-amazonas.html"]}]},{"@type":"BreadcrumbList","@id":"https:\/\/franciscanos.org.br\/noticias\/inaugurado-o-barco-hospital-sao-joao-xxiii-inicia-sua-missao-levando-saude-as-comunidades-ao-longo-do-amazonas.html#breadcrumb","itemListElement":[{"@type":"ListItem","position":1,"name":"Home","item":"https:\/\/franciscanos.org.br\/noticias"},{"@type":"ListItem","position":2,"name":"Inaugurado o Barco Hospital S\u00e3o Jo\u00e3o XXIII: inicia sua miss\u00e3o levando sa\u00fade \u00e0s comunidades do Amazonas"}]},{"@type":"Person","@id":"https:\/\/franciscanos.org.br\/noticias\/#\/schema\/person\/d9422e83121c3ad3b0f423d195f5bb25","name":"Adriana Rabelo","image":{"@type":"ImageObject","inLanguage":"pt-BR","@id":"https:\/\/franciscanos.org.br\/noticias\/#\/schema\/person\/image\/","url":"https:\/\/secure.gravatar.com\/avatar\/0a937b7500cd7df77540cfb8bede877d?s=96&d=mm&r=g","contentUrl":"https:\/\/secure.gravatar.com\/avatar\/0a937b7500cd7df77540cfb8bede877d?s=96&d=mm&r=g","caption":"Adriana Rabelo"},"url":"https:\/\/franciscanos.org.br\/noticias\/author\/adrianarabelo"}]}},"_links":{"self":[{"href":"https:\/\/franciscanos.org.br\/noticias\/wp-json\/wp\/v2\/posts\/253364"}],"collection":[{"href":"https:\/\/franciscanos.org.br\/noticias\/wp-json\/wp\/v2\/posts"}],"about":[{"href":"https:\/\/franciscanos.org.br\/noticias\/wp-json\/wp\/v2\/types\/post"}],"author":[{"embeddable":true,"href":"https:\/\/franciscanos.org.br\/noticias\/wp-json\/wp\/v2\/users\/11"}],"replies":[{"embeddable":true,"href":"https:\/\/franciscanos.org.br\/noticias\/wp-json\/wp\/v2\/comments?post=253364"}],"version-history":[{"count":8,"href":"https:\/\/franciscanos.org.br\/noticias\/wp-json\/wp\/v2\/posts\/253364\/revisions"}],"predecessor-version":[{"id":253377,"href":"https:\/\/franciscanos.org.br\/noticias\/wp-json\/wp\/v2\/posts\/253364\/revisions\/253377"}],"wp:featuredmedia":[{"embeddable":true,"href":"https:\/\/franciscanos.org.br\/noticias\/wp-json\/wp\/v2\/media\/253366"}],"wp:attachment":[{"href":"https:\/\/franciscanos.org.br\/noticias\/wp-json\/wp\/v2\/media?parent=253364"}],"wp:term":[{"taxonomy":"category","embeddable":true,"href":"https:\/\/franciscanos.org.br\/noticias\/wp-json\/wp\/v2\/categories?post=253364"},{"taxonomy":"post_tag","embeddable":true,"href":"https:\/\/franciscanos.org.br\/noticias\/wp-json\/wp\/v2\/tags?post=253364"}],"curies":[{"name":"wp","href":"https:\/\/api.w.org\/{rel}","templated":true}]}}