{"id":253333,"date":"2024-12-09T11:10:25","date_gmt":"2024-12-09T14:10:25","guid":{"rendered":"https:\/\/franciscanos.org.br\/noticias\/?p=253333"},"modified":"2025-09-17T14:17:11","modified_gmt":"2025-09-17T17:17:11","slug":"frades-renovam-votos-em-campo-largo-na-solenidade-da-imaculada-conceicao","status":"publish","type":"post","link":"https:\/\/franciscanos.org.br\/noticias\/frades-renovam-votos-em-campo-largo-na-solenidade-da-imaculada-conceicao.html","title":{"rendered":"Frades renovam Votos, em Campo Largo, na Solenidade da Imaculada Concei\u00e7\u00e3o"},"content":{"rendered":"<p><img loading=\"lazy\" class=\"aligncenter wp-image-253533 size-full\" src=\"https:\/\/franciscanos.org.br\/noticias\/wp-content\/uploads\/2024\/12\/MATERIA-2-1.jpg\" alt=\"\" width=\"1280\" height=\"720\" srcset=\"https:\/\/franciscanos.org.br\/noticias\/wp-content\/uploads\/2024\/12\/MATERIA-2-1.jpg 1280w, https:\/\/franciscanos.org.br\/noticias\/wp-content\/uploads\/2024\/12\/MATERIA-2-1-450x253.jpg 450w, https:\/\/franciscanos.org.br\/noticias\/wp-content\/uploads\/2024\/12\/MATERIA-2-1-1024x576.jpg 1024w, https:\/\/franciscanos.org.br\/noticias\/wp-content\/uploads\/2024\/12\/MATERIA-2-1-768x432.jpg 768w, https:\/\/franciscanos.org.br\/noticias\/wp-content\/uploads\/2024\/12\/MATERIA-2-1-150x84.jpg 150w\" sizes=\"(max-width: 1280px) 100vw, 1280px\" \/><\/p>\n<p>No dia 08 de dezembro, data que marca a Solenidade da Imaculada Concei\u00e7\u00e3o de Maria, 20 jovens frades renovaram os seus votos de viver em obedi\u00eancia, sem nada de pr\u00f3prio e em castidade por mais um ano de suas vidas, abra\u00e7ando livremente a voca\u00e7\u00e3o de seguir a Jesus Cristo nas pegadas de S\u00e3o Francisco de Assis. A celebra\u00e7\u00e3o foi realizada no Convento S\u00e3o Boaventura, na cidade de Campo Largo (PR), e foi presidida pelo Ministro provincial Frei Paulo Roberto Pereira.<\/p>\n<p>Al\u00e9m dos frades que comp\u00f5em a fraternidade S\u00e3o Boaventura, estiveram presentes Frei Jo\u00e3o Mannes, Frei Gabriel Vargas Dias Alves, guardi\u00e3o da Fraternidade de Pato Branco (PR), onde Frei Bruno Almeida de Mello residiu durante o seu ano mission\u00e1rio, professores do curso de Filosofia da FAE e agentes de pastoral que acompanharam a caminhada dos frades professos tempor\u00e1rios ao longo deste ano.<\/p>\n<p><img loading=\"lazy\" class=\"size-medium wp-image-253536 alignright\" src=\"https:\/\/franciscanos.org.br\/noticias\/wp-content\/uploads\/2024\/12\/RENOVACAO-DOS-VOTOS-CAMPO-LARGO-6837-1-450x300.jpg\" alt=\"\" width=\"450\" height=\"300\" srcset=\"https:\/\/franciscanos.org.br\/noticias\/wp-content\/uploads\/2024\/12\/RENOVACAO-DOS-VOTOS-CAMPO-LARGO-6837-1-450x300.jpg 450w, https:\/\/franciscanos.org.br\/noticias\/wp-content\/uploads\/2024\/12\/RENOVACAO-DOS-VOTOS-CAMPO-LARGO-6837-1-1024x683.jpg 1024w, https:\/\/franciscanos.org.br\/noticias\/wp-content\/uploads\/2024\/12\/RENOVACAO-DOS-VOTOS-CAMPO-LARGO-6837-1-768x512.jpg 768w, https:\/\/franciscanos.org.br\/noticias\/wp-content\/uploads\/2024\/12\/RENOVACAO-DOS-VOTOS-CAMPO-LARGO-6837-1-1536x1024.jpg 1536w, https:\/\/franciscanos.org.br\/noticias\/wp-content\/uploads\/2024\/12\/RENOVACAO-DOS-VOTOS-CAMPO-LARGO-6837-1-150x100.jpg 150w, https:\/\/franciscanos.org.br\/noticias\/wp-content\/uploads\/2024\/12\/RENOVACAO-DOS-VOTOS-CAMPO-LARGO-6837-1.jpg 1600w\" sizes=\"(max-width: 450px) 100vw, 450px\" \/>Frei Paulo, em sua homilia, exaltou a importante data em que \u00e9 celebrada a padroeira da Prov\u00edncia e da Funda\u00e7\u00e3o Franciscana Imaculada M\u00e3e de Deus de Angola (FIMDA). Ressaltou ainda que \u201cS\u00e3o Francisco tinha um amor predileto por Nossa Senhora, porque entendia que a \u2018Virgem feita Igreja\u2019, como ele a chamava, foi a pessoa humana que melhor entendeu a proposta de Deus e que, com uma liberdade inestim\u00e1vel, se p\u00f4s \u00e0 disposi\u00e7\u00e3o do Senhor. Por isso, S\u00e3o Francisco olhava para Nossa Senhora como a perfei\u00e7\u00e3o e um dos elementos que mais chamavam a aten\u00e7\u00e3o dele ao contemplar o sim generoso de Maria era a sua pobreza. A m\u00e3e do Senhor diante de uma obra t\u00e3o maravilhosa n\u00e3o reteve nada para si, foi toda doa\u00e7\u00e3o e viveu pobremente, na confian\u00e7a do Senhor\u201d.<\/p>\n<p>O presidente da celebra\u00e7\u00e3o ainda trouxe \u00e0 reflex\u00e3o o tempo forte que a Igreja vive, momento de prepara\u00e7\u00e3o para vinda do Senhor, o Advento. Recordou com carinho as tradi\u00e7\u00f5es antigas de se preparar para o Natal do Senhor, dias antes j\u00e1 se sentia a diferen\u00e7a dentro das casas, o cheiro das guloseimas, das bolachas pr\u00f3prias desta \u00e9poca, a montagem dos pres\u00e9pios e \u00e1rvores, mas advertiu: \u201cIsso tudo \u00e9 prepara\u00e7\u00e3o externa, s\u00e3o sinais da nossa espera, o Advento n\u00e3o depende de n\u00f3s, j\u00e1 \u00e9 promessa cumprida do Senhor, e a parte dele Ele faz, porque \u00e9 fiel. Mas prepararmo-nos para aquilo que h\u00e1 de vir, \u00e9 tarefa nossa, n\u00e3o podemos abrir m\u00e3o!\u201d.<\/p>\n<p><img loading=\"lazy\" class=\"size-medium wp-image-253529 alignright\" src=\"https:\/\/franciscanos.org.br\/noticias\/wp-content\/uploads\/2024\/12\/RENOVACAO-DOS-VOTOS-CAMPO-LARGO-6794-2-450x300.jpg\" alt=\"\" width=\"450\" height=\"300\" srcset=\"https:\/\/franciscanos.org.br\/noticias\/wp-content\/uploads\/2024\/12\/RENOVACAO-DOS-VOTOS-CAMPO-LARGO-6794-2-450x300.jpg 450w, https:\/\/franciscanos.org.br\/noticias\/wp-content\/uploads\/2024\/12\/RENOVACAO-DOS-VOTOS-CAMPO-LARGO-6794-2-1024x683.jpg 1024w, https:\/\/franciscanos.org.br\/noticias\/wp-content\/uploads\/2024\/12\/RENOVACAO-DOS-VOTOS-CAMPO-LARGO-6794-2-768x512.jpg 768w, https:\/\/franciscanos.org.br\/noticias\/wp-content\/uploads\/2024\/12\/RENOVACAO-DOS-VOTOS-CAMPO-LARGO-6794-2-1536x1024.jpg 1536w, https:\/\/franciscanos.org.br\/noticias\/wp-content\/uploads\/2024\/12\/RENOVACAO-DOS-VOTOS-CAMPO-LARGO-6794-2-150x100.jpg 150w, https:\/\/franciscanos.org.br\/noticias\/wp-content\/uploads\/2024\/12\/RENOVACAO-DOS-VOTOS-CAMPO-LARGO-6794-2.jpg 1600w\" sizes=\"(max-width: 450px) 100vw, 450px\" \/>Aos frades presentes para a renova\u00e7\u00e3o de seus votos, Frei Paulo pediu: \u201cAlimentai-vos de esperan\u00e7a, de confian\u00e7a\u201d e acrescentou: \u201cAlgumas vezes passa pela nossa cabe\u00e7a que somos fr\u00e1geis demais para suportarmos essa caminhada de consagra\u00e7\u00e3o plena. \u00c9 exatamente ali no reconhecimento das nossas fragilidades que est\u00e1 o caminho. De fato, nossas limita\u00e7\u00f5es s\u00e3o maiores que nossas potencialidades, mas quem nos chama? A quem n\u00f3s queremos servir? Quem \u00e9 maior? Aquele que \u00e9 chamado ou aquele que convoca? Ele, na sua miseric\u00f3rdia, quer contar conosco, apesar de n\u00f3s, apesar de nossas limita\u00e7\u00f5es. Respondamos sem medo, com confian\u00e7a, como Maria: \u2018Eis-me aqui\u2019! \u201d.<\/p>\n<p>Frei Paulo ainda exortou os jovens frades: \u201cN\u00e3o pensem que os votos tempor\u00e1rios sejam votos d\u00e9beis, prec\u00e1rios ou incompletos, para ser voto religioso, ser sinal da consagra\u00e7\u00e3o, ou \u00e9 total, completo ou n\u00e3o \u00e9 voto! \u201d.<\/p>\n<p>&nbsp;<\/p>\n\n\t\t<style type=\"text\/css\">\n\t\t\t#gallery-1 {\n\t\t\t\tmargin: auto;\n\t\t\t}\n\t\t\t#gallery-1 .gallery-item {\n\t\t\t\tfloat: left;\n\t\t\t\tmargin-top: 10px;\n\t\t\t\ttext-align: center;\n\t\t\t\twidth: 33%;\n\t\t\t}\n\t\t\t#gallery-1 img {\n\t\t\t\tborder: 2px solid #cfcfcf;\n\t\t\t}\n\t\t\t#gallery-1 .gallery-caption {\n\t\t\t\tmargin-left: 0;\n\t\t\t}\n\t\t\t\/* see gallery_shortcode() in wp-includes\/media.php *\/\n\t\t<\/style>\n\t\t<div id='gallery-1' class='gallery galleryid-253333 gallery-columns-3 gallery-size-thumbnail'><dl class='gallery-item'>\n\t\t\t<dt class='gallery-icon landscape'>\n\t\t\t\t<a href='https:\/\/franciscanos.org.br\/noticias\/wp-content\/uploads\/2024\/12\/RENOVACAO-DOS-VOTOS-CAMPO-LARGO-6970.jpg'><img width=\"300\" height=\"300\" src=\"https:\/\/franciscanos.org.br\/noticias\/wp-content\/uploads\/2024\/12\/RENOVACAO-DOS-VOTOS-CAMPO-LARGO-6970-300x300.jpg\" class=\"attachment-thumbnail size-thumbnail\" alt=\"\" loading=\"lazy\" aria-describedby=\"gallery-1-253341\" srcset=\"https:\/\/franciscanos.org.br\/noticias\/wp-content\/uploads\/2024\/12\/RENOVACAO-DOS-VOTOS-CAMPO-LARGO-6970-300x300.jpg 300w, https:\/\/franciscanos.org.br\/noticias\/wp-content\/uploads\/2024\/12\/RENOVACAO-DOS-VOTOS-CAMPO-LARGO-6970-100x100.jpg 100w\" sizes=\"(max-width: 300px) 100vw, 300px\" \/><\/a>\n\t\t\t<\/dt>\n\t\t\t\t<dd class='wp-caption-text gallery-caption' id='gallery-1-253341'>\n\t\t\t\tFrei Daniel Dellandrea\n\t\t\t\t<\/dd><\/dl><dl class='gallery-item'>\n\t\t\t<dt class='gallery-icon landscape'>\n\t\t\t\t<a href='https:\/\/franciscanos.org.br\/noticias\/wp-content\/uploads\/2024\/12\/WhatsApp-Image-2024-12-11-at-12.01.05-4-scaled.jpeg'><img width=\"300\" height=\"300\" src=\"https:\/\/franciscanos.org.br\/noticias\/wp-content\/uploads\/2024\/12\/WhatsApp-Image-2024-12-11-at-12.01.05-4-300x300.jpeg\" class=\"attachment-thumbnail size-thumbnail\" alt=\"\" loading=\"lazy\" srcset=\"https:\/\/franciscanos.org.br\/noticias\/wp-content\/uploads\/2024\/12\/WhatsApp-Image-2024-12-11-at-12.01.05-4-300x300.jpeg 300w, https:\/\/franciscanos.org.br\/noticias\/wp-content\/uploads\/2024\/12\/WhatsApp-Image-2024-12-11-at-12.01.05-4-100x100.jpeg 100w\" sizes=\"(max-width: 300px) 100vw, 300px\" \/><\/a>\n\t\t\t<\/dt><\/dl><dl class='gallery-item'>\n\t\t\t<dt class='gallery-icon landscape'>\n\t\t\t\t<a href='https:\/\/franciscanos.org.br\/noticias\/wp-content\/uploads\/2024\/12\/RENOVACAO-DOS-VOTOS-CAMPO-LARGO-6798.jpg'><img width=\"300\" height=\"300\" src=\"https:\/\/franciscanos.org.br\/noticias\/wp-content\/uploads\/2024\/12\/RENOVACAO-DOS-VOTOS-CAMPO-LARGO-6798-300x300.jpg\" class=\"attachment-thumbnail size-thumbnail\" alt=\"\" loading=\"lazy\" srcset=\"https:\/\/franciscanos.org.br\/noticias\/wp-content\/uploads\/2024\/12\/RENOVACAO-DOS-VOTOS-CAMPO-LARGO-6798-300x300.jpg 300w, https:\/\/franciscanos.org.br\/noticias\/wp-content\/uploads\/2024\/12\/RENOVACAO-DOS-VOTOS-CAMPO-LARGO-6798-100x100.jpg 100w\" sizes=\"(max-width: 300px) 100vw, 300px\" \/><\/a>\n\t\t\t<\/dt><\/dl><br style=\"clear: both\" \/>\n\t\t<\/div>\n\n<p>O rito da renova\u00e7\u00e3o teve in\u00edcio logo ap\u00f3s a homilia, Frei Roger Strapazzon, Mestre desta casa de forma\u00e7\u00e3o, convidou cada um dos frades professos tempor\u00e1rios a se colocarem em p\u00e9 diante do Ministro provincial e confirmou a \u00edndole e o desejo deles em renovarem os seus votos. Em coro os frades rezaram a f\u00f3rmula da profiss\u00e3o pedindo a gra\u00e7a de viver por mais um ano os conselhos evang\u00e9licos sob os cuidados desta Fraternidade Provincial.<\/p>\n<div id=\"attachment_253340\" style=\"width: 460px\" class=\"wp-caption alignright\"><img aria-describedby=\"caption-attachment-253340\" loading=\"lazy\" class=\"wp-image-253340 size-medium\" src=\"https:\/\/franciscanos.org.br\/noticias\/wp-content\/uploads\/2024\/12\/RENOVACAO-DOS-VOTOS-CAMPO-LARGO-6968-450x300.jpg\" alt=\"\" width=\"450\" height=\"300\" srcset=\"https:\/\/franciscanos.org.br\/noticias\/wp-content\/uploads\/2024\/12\/RENOVACAO-DOS-VOTOS-CAMPO-LARGO-6968-450x300.jpg 450w, https:\/\/franciscanos.org.br\/noticias\/wp-content\/uploads\/2024\/12\/RENOVACAO-DOS-VOTOS-CAMPO-LARGO-6968-1024x683.jpg 1024w, https:\/\/franciscanos.org.br\/noticias\/wp-content\/uploads\/2024\/12\/RENOVACAO-DOS-VOTOS-CAMPO-LARGO-6968-768x512.jpg 768w, https:\/\/franciscanos.org.br\/noticias\/wp-content\/uploads\/2024\/12\/RENOVACAO-DOS-VOTOS-CAMPO-LARGO-6968-1536x1024.jpg 1536w, https:\/\/franciscanos.org.br\/noticias\/wp-content\/uploads\/2024\/12\/RENOVACAO-DOS-VOTOS-CAMPO-LARGO-6968-150x100.jpg 150w, https:\/\/franciscanos.org.br\/noticias\/wp-content\/uploads\/2024\/12\/RENOVACAO-DOS-VOTOS-CAMPO-LARGO-6968.jpg 1600w\" sizes=\"(max-width: 450px) 100vw, 450px\" \/><p id=\"caption-attachment-253340\" class=\"wp-caption-text\">Frei Manuel Mbuta Chicunho<\/p><\/div>\n<p>Ao final da celebra\u00e7\u00e3o, Frei Manuel Mbuta Chicunho, representando os frades professos tempor\u00e1rios, agradeceu ao ministro provincial pela presen\u00e7a, bem como a fraternidade formativa do Convento S\u00e3o Boaventura e aos frades do Regional de Curitiba que, com solicitude fraterna, os exortou na caminhada da vida religiosa franciscana.<\/p>\n<p>Frei Daniel Dellandrea, Definidor e guardi\u00e3o desta casa de forma\u00e7\u00e3o, agradeceu ao Frei Paulo por estar presente nesta data t\u00e3o importante para a nossa Prov\u00edncia. Ele ressaltou seu esfor\u00e7o em querer ser esse \u201cirm\u00e3o entre os irm\u00e3os\u201d, agradeceu tamb\u00e9m ao Frei Roger e ao Frei Leandro Ferreira Silva, mestre e vice-mestre, pelo zelo e acompanhamento dos confrades. Por fim, fez votos de uma fecunda caminhada aos frades que partem para uma nova miss\u00e3o e aos que continuar\u00e3o os seus trabalhos no convento ainda no pr\u00f3ximo ano.<\/p>\n<p>A celebra\u00e7\u00e3o foi encerrada com a ben\u00e7\u00e3o solene por intercess\u00e3o da Imaculada Concei\u00e7\u00e3o de Maria, nossa rainha e protetora.<\/p>\n<p><img loading=\"lazy\" class=\"aligncenter wp-image-253540 size-full\" src=\"https:\/\/franciscanos.org.br\/noticias\/wp-content\/uploads\/2024\/12\/RENOVACAO-DOS-VOTOS-CAMPO-LARGO-.jpg\" alt=\"\" width=\"1600\" height=\"1067\" srcset=\"https:\/\/franciscanos.org.br\/noticias\/wp-content\/uploads\/2024\/12\/RENOVACAO-DOS-VOTOS-CAMPO-LARGO-.jpg 1600w, https:\/\/franciscanos.org.br\/noticias\/wp-content\/uploads\/2024\/12\/RENOVACAO-DOS-VOTOS-CAMPO-LARGO--450x300.jpg 450w, https:\/\/franciscanos.org.br\/noticias\/wp-content\/uploads\/2024\/12\/RENOVACAO-DOS-VOTOS-CAMPO-LARGO--1024x683.jpg 1024w, https:\/\/franciscanos.org.br\/noticias\/wp-content\/uploads\/2024\/12\/RENOVACAO-DOS-VOTOS-CAMPO-LARGO--768x512.jpg 768w, https:\/\/franciscanos.org.br\/noticias\/wp-content\/uploads\/2024\/12\/RENOVACAO-DOS-VOTOS-CAMPO-LARGO--1536x1024.jpg 1536w, https:\/\/franciscanos.org.br\/noticias\/wp-content\/uploads\/2024\/12\/RENOVACAO-DOS-VOTOS-CAMPO-LARGO--150x100.jpg 150w\" sizes=\"(max-width: 1600px) 100vw, 1600px\" \/><\/p>\n<p><strong>Frades que fizeram a renova\u00e7\u00e3o dos votos:<\/strong><\/p>\n<p>Frei Bernardino Quessongo<\/p>\n<p>Frei Benedito Cassoma<\/p>\n<p>Frei Benjamim Njle Songa<\/p>\n<p>Frei Bruno Almeida de Mello (cumpria ano mission\u00e1rio em Pato Branco <strong>\u2013<\/strong>\u00a0PR)<\/p>\n<p>Frei Caio Santos da Silva<\/p>\n<p>Frei Cristian dos Santos Lopes<\/p>\n<p>Frei D\u00e2maso Tchembeka Muhepe<\/p>\n<p>Frei Felipe Fernando de Noronha<\/p>\n<p>Frei Felipe Zaros Granusso<\/p>\n<p>Frei Filipo Carpi Gir\u00e3o<\/p>\n<p>Frei Francisco Barbosa Mouzinho Junior<\/p>\n<p>Frei Francisco Fernando Kanhanga Tchingandu<\/p>\n<p>Frei Gilberto Silveira da Costa Junior<\/p>\n<p>Frei Jos\u00e9 Cambanda Catimba<\/p>\n<p>Frei Manuel Mbuta Chicunha<\/p>\n<p>Frei Manuel Sabino Anapaz Kassindula<\/p>\n<p>Frei Miguel Armindo Caquarta<\/p>\n<p>Frei Pio Cutopa Chongolola<\/p>\n<p>Frei Valter Muhongo Quimbundo<\/p>\n<p>Frei Vin\u00edcius de Oliveira Betim (cumpria ano mission\u00e1rio em Colatina <strong>\u2013 <\/strong>ES)<\/p>\n<hr \/>\n<p><em>Frei Gilberto Silveira da Costa Junior<\/em><\/p>\n","protected":false},"excerpt":{"rendered":"<p>Renova\u00e7\u00e3o de votos<\/p>\n","protected":false},"author":11,"featured_media":253334,"comment_status":"open","ping_status":"open","sticky":false,"template":"","format":"standard","meta":[],"categories":[1],"tags":[2269,1152,2056],"acf":[],"yoast_head":"<!-- This site is optimized with the Yoast SEO plugin v19.2 - https:\/\/yoast.com\/wordpress\/plugins\/seo\/ -->\n<title>Frades renovam Votos, em Campo Largo, na Solenidade da Imaculada Concei\u00e7\u00e3o - Not\u00edcias - Franciscanos<\/title>\n<meta name=\"robots\" content=\"index, follow, max-snippet:-1, max-image-preview:large, max-video-preview:-1\" \/>\n<link rel=\"canonical\" href=\"https:\/\/franciscanos.org.br\/noticias\/frades-renovam-votos-em-campo-largo-na-solenidade-da-imaculada-conceicao.html\" \/>\n<meta property=\"og:locale\" content=\"pt_BR\" \/>\n<meta property=\"og:type\" content=\"article\" \/>\n<meta property=\"og:title\" content=\"Frades renovam Votos, em Campo Largo, na Solenidade da Imaculada Concei\u00e7\u00e3o - Not\u00edcias - Franciscanos\" \/>\n<meta property=\"og:description\" content=\"Renova\u00e7\u00e3o de votos\" \/>\n<meta property=\"og:url\" content=\"https:\/\/franciscanos.org.br\/noticias\/frades-renovam-votos-em-campo-largo-na-solenidade-da-imaculada-conceicao.html\" \/>\n<meta property=\"og:site_name\" content=\"Not\u00edcias - Franciscanos\" \/>\n<meta property=\"article:published_time\" content=\"2024-12-09T14:10:25+00:00\" \/>\n<meta property=\"article:modified_time\" content=\"2025-09-17T17:17:11+00:00\" \/>\n<meta property=\"og:image\" content=\"https:\/\/franciscanos.org.br\/noticias\/wp-content\/uploads\/2024\/12\/CHAMADA-1.jpg\" \/>\n\t<meta property=\"og:image:width\" content=\"800\" \/>\n\t<meta property=\"og:image:height\" content=\"550\" \/>\n\t<meta property=\"og:image:type\" content=\"image\/jpeg\" \/>\n<meta name=\"author\" content=\"Adriana Rabelo\" \/>\n<meta name=\"twitter:card\" content=\"summary_large_image\" \/>\n<meta name=\"twitter:label1\" content=\"Escrito por\" \/>\n\t<meta name=\"twitter:data1\" content=\"Adriana Rabelo\" \/>\n\t<meta name=\"twitter:label2\" content=\"Est. tempo de leitura\" \/>\n\t<meta name=\"twitter:data2\" content=\"5 minutos\" \/>\n<script type=\"application\/ld+json\" class=\"yoast-schema-graph\">{\"@context\":\"https:\/\/schema.org\",\"@graph\":[{\"@type\":\"WebSite\",\"@id\":\"https:\/\/franciscanos.org.br\/noticias\/#website\",\"url\":\"https:\/\/franciscanos.org.br\/noticias\/\",\"name\":\"Not\u00edcias - Franciscanos\",\"description\":\"Prov\u00edncia Franciscana da Imaculada Concei\u00e7\u00e3o do Brasil - Ordem dos Frades Menores - OFM\",\"potentialAction\":[{\"@type\":\"SearchAction\",\"target\":{\"@type\":\"EntryPoint\",\"urlTemplate\":\"https:\/\/franciscanos.org.br\/noticias\/?s={search_term_string}\"},\"query-input\":\"required name=search_term_string\"}],\"inLanguage\":\"pt-BR\"},{\"@type\":\"ImageObject\",\"inLanguage\":\"pt-BR\",\"@id\":\"https:\/\/franciscanos.org.br\/noticias\/frades-renovam-votos-em-campo-largo-na-solenidade-da-imaculada-conceicao.html#primaryimage\",\"url\":\"https:\/\/franciscanos.org.br\/noticias\/wp-content\/uploads\/2024\/12\/CHAMADA-1.jpg\",\"contentUrl\":\"https:\/\/franciscanos.org.br\/noticias\/wp-content\/uploads\/2024\/12\/CHAMADA-1.jpg\",\"width\":800,\"height\":550},{\"@type\":\"WebPage\",\"@id\":\"https:\/\/franciscanos.org.br\/noticias\/frades-renovam-votos-em-campo-largo-na-solenidade-da-imaculada-conceicao.html#webpage\",\"url\":\"https:\/\/franciscanos.org.br\/noticias\/frades-renovam-votos-em-campo-largo-na-solenidade-da-imaculada-conceicao.html\",\"name\":\"Frades renovam Votos, em Campo Largo, na Solenidade da Imaculada Concei\u00e7\u00e3o - Not\u00edcias - Franciscanos\",\"isPartOf\":{\"@id\":\"https:\/\/franciscanos.org.br\/noticias\/#website\"},\"primaryImageOfPage\":{\"@id\":\"https:\/\/franciscanos.org.br\/noticias\/frades-renovam-votos-em-campo-largo-na-solenidade-da-imaculada-conceicao.html#primaryimage\"},\"datePublished\":\"2024-12-09T14:10:25+00:00\",\"dateModified\":\"2025-09-17T17:17:11+00:00\",\"author\":{\"@id\":\"https:\/\/franciscanos.org.br\/noticias\/#\/schema\/person\/d9422e83121c3ad3b0f423d195f5bb25\"},\"breadcrumb\":{\"@id\":\"https:\/\/franciscanos.org.br\/noticias\/frades-renovam-votos-em-campo-largo-na-solenidade-da-imaculada-conceicao.html#breadcrumb\"},\"inLanguage\":\"pt-BR\",\"potentialAction\":[{\"@type\":\"ReadAction\",\"target\":[\"https:\/\/franciscanos.org.br\/noticias\/frades-renovam-votos-em-campo-largo-na-solenidade-da-imaculada-conceicao.html\"]}]},{\"@type\":\"BreadcrumbList\",\"@id\":\"https:\/\/franciscanos.org.br\/noticias\/frades-renovam-votos-em-campo-largo-na-solenidade-da-imaculada-conceicao.html#breadcrumb\",\"itemListElement\":[{\"@type\":\"ListItem\",\"position\":1,\"name\":\"Home\",\"item\":\"https:\/\/franciscanos.org.br\/noticias\"},{\"@type\":\"ListItem\",\"position\":2,\"name\":\"Frades renovam Votos, em Campo Largo, na Solenidade da Imaculada Concei\u00e7\u00e3o\"}]},{\"@type\":\"Person\",\"@id\":\"https:\/\/franciscanos.org.br\/noticias\/#\/schema\/person\/d9422e83121c3ad3b0f423d195f5bb25\",\"name\":\"Adriana Rabelo\",\"image\":{\"@type\":\"ImageObject\",\"inLanguage\":\"pt-BR\",\"@id\":\"https:\/\/franciscanos.org.br\/noticias\/#\/schema\/person\/image\/\",\"url\":\"https:\/\/secure.gravatar.com\/avatar\/0a937b7500cd7df77540cfb8bede877d?s=96&d=mm&r=g\",\"contentUrl\":\"https:\/\/secure.gravatar.com\/avatar\/0a937b7500cd7df77540cfb8bede877d?s=96&d=mm&r=g\",\"caption\":\"Adriana Rabelo\"},\"url\":\"https:\/\/franciscanos.org.br\/noticias\/author\/adrianarabelo\"}]}<\/script>\n<!-- \/ Yoast SEO plugin. -->","yoast_head_json":{"title":"Frades renovam Votos, em Campo Largo, na Solenidade da Imaculada Concei\u00e7\u00e3o - Not\u00edcias - Franciscanos","robots":{"index":"index","follow":"follow","max-snippet":"max-snippet:-1","max-image-preview":"max-image-preview:large","max-video-preview":"max-video-preview:-1"},"canonical":"https:\/\/franciscanos.org.br\/noticias\/frades-renovam-votos-em-campo-largo-na-solenidade-da-imaculada-conceicao.html","og_locale":"pt_BR","og_type":"article","og_title":"Frades renovam Votos, em Campo Largo, na Solenidade da Imaculada Concei\u00e7\u00e3o - Not\u00edcias - Franciscanos","og_description":"Renova\u00e7\u00e3o de votos","og_url":"https:\/\/franciscanos.org.br\/noticias\/frades-renovam-votos-em-campo-largo-na-solenidade-da-imaculada-conceicao.html","og_site_name":"Not\u00edcias - Franciscanos","article_published_time":"2024-12-09T14:10:25+00:00","article_modified_time":"2025-09-17T17:17:11+00:00","og_image":[{"width":800,"height":550,"url":"https:\/\/franciscanos.org.br\/noticias\/wp-content\/uploads\/2024\/12\/CHAMADA-1.jpg","type":"image\/jpeg"}],"author":"Adriana Rabelo","twitter_card":"summary_large_image","twitter_misc":{"Escrito por":"Adriana Rabelo","Est. tempo de leitura":"5 minutos"},"schema":{"@context":"https:\/\/schema.org","@graph":[{"@type":"WebSite","@id":"https:\/\/franciscanos.org.br\/noticias\/#website","url":"https:\/\/franciscanos.org.br\/noticias\/","name":"Not\u00edcias - Franciscanos","description":"Prov\u00edncia Franciscana da Imaculada Concei\u00e7\u00e3o do Brasil - Ordem dos Frades Menores - OFM","potentialAction":[{"@type":"SearchAction","target":{"@type":"EntryPoint","urlTemplate":"https:\/\/franciscanos.org.br\/noticias\/?s={search_term_string}"},"query-input":"required name=search_term_string"}],"inLanguage":"pt-BR"},{"@type":"ImageObject","inLanguage":"pt-BR","@id":"https:\/\/franciscanos.org.br\/noticias\/frades-renovam-votos-em-campo-largo-na-solenidade-da-imaculada-conceicao.html#primaryimage","url":"https:\/\/franciscanos.org.br\/noticias\/wp-content\/uploads\/2024\/12\/CHAMADA-1.jpg","contentUrl":"https:\/\/franciscanos.org.br\/noticias\/wp-content\/uploads\/2024\/12\/CHAMADA-1.jpg","width":800,"height":550},{"@type":"WebPage","@id":"https:\/\/franciscanos.org.br\/noticias\/frades-renovam-votos-em-campo-largo-na-solenidade-da-imaculada-conceicao.html#webpage","url":"https:\/\/franciscanos.org.br\/noticias\/frades-renovam-votos-em-campo-largo-na-solenidade-da-imaculada-conceicao.html","name":"Frades renovam Votos, em Campo Largo, na Solenidade da Imaculada Concei\u00e7\u00e3o - Not\u00edcias - Franciscanos","isPartOf":{"@id":"https:\/\/franciscanos.org.br\/noticias\/#website"},"primaryImageOfPage":{"@id":"https:\/\/franciscanos.org.br\/noticias\/frades-renovam-votos-em-campo-largo-na-solenidade-da-imaculada-conceicao.html#primaryimage"},"datePublished":"2024-12-09T14:10:25+00:00","dateModified":"2025-09-17T17:17:11+00:00","author":{"@id":"https:\/\/franciscanos.org.br\/noticias\/#\/schema\/person\/d9422e83121c3ad3b0f423d195f5bb25"},"breadcrumb":{"@id":"https:\/\/franciscanos.org.br\/noticias\/frades-renovam-votos-em-campo-largo-na-solenidade-da-imaculada-conceicao.html#breadcrumb"},"inLanguage":"pt-BR","potentialAction":[{"@type":"ReadAction","target":["https:\/\/franciscanos.org.br\/noticias\/frades-renovam-votos-em-campo-largo-na-solenidade-da-imaculada-conceicao.html"]}]},{"@type":"BreadcrumbList","@id":"https:\/\/franciscanos.org.br\/noticias\/frades-renovam-votos-em-campo-largo-na-solenidade-da-imaculada-conceicao.html#breadcrumb","itemListElement":[{"@type":"ListItem","position":1,"name":"Home","item":"https:\/\/franciscanos.org.br\/noticias"},{"@type":"ListItem","position":2,"name":"Frades renovam Votos, em Campo Largo, na Solenidade da Imaculada Concei\u00e7\u00e3o"}]},{"@type":"Person","@id":"https:\/\/franciscanos.org.br\/noticias\/#\/schema\/person\/d9422e83121c3ad3b0f423d195f5bb25","name":"Adriana Rabelo","image":{"@type":"ImageObject","inLanguage":"pt-BR","@id":"https:\/\/franciscanos.org.br\/noticias\/#\/schema\/person\/image\/","url":"https:\/\/secure.gravatar.com\/avatar\/0a937b7500cd7df77540cfb8bede877d?s=96&d=mm&r=g","contentUrl":"https:\/\/secure.gravatar.com\/avatar\/0a937b7500cd7df77540cfb8bede877d?s=96&d=mm&r=g","caption":"Adriana Rabelo"},"url":"https:\/\/franciscanos.org.br\/noticias\/author\/adrianarabelo"}]}},"_links":{"self":[{"href":"https:\/\/franciscanos.org.br\/noticias\/wp-json\/wp\/v2\/posts\/253333"}],"collection":[{"href":"https:\/\/franciscanos.org.br\/noticias\/wp-json\/wp\/v2\/posts"}],"about":[{"href":"https:\/\/franciscanos.org.br\/noticias\/wp-json\/wp\/v2\/types\/post"}],"author":[{"embeddable":true,"href":"https:\/\/franciscanos.org.br\/noticias\/wp-json\/wp\/v2\/users\/11"}],"replies":[{"embeddable":true,"href":"https:\/\/franciscanos.org.br\/noticias\/wp-json\/wp\/v2\/comments?post=253333"}],"version-history":[{"count":17,"href":"https:\/\/franciscanos.org.br\/noticias\/wp-json\/wp\/v2\/posts\/253333\/revisions"}],"predecessor-version":[{"id":260295,"href":"https:\/\/franciscanos.org.br\/noticias\/wp-json\/wp\/v2\/posts\/253333\/revisions\/260295"}],"wp:featuredmedia":[{"embeddable":true,"href":"https:\/\/franciscanos.org.br\/noticias\/wp-json\/wp\/v2\/media\/253334"}],"wp:attachment":[{"href":"https:\/\/franciscanos.org.br\/noticias\/wp-json\/wp\/v2\/media?parent=253333"}],"wp:term":[{"taxonomy":"category","embeddable":true,"href":"https:\/\/franciscanos.org.br\/noticias\/wp-json\/wp\/v2\/categories?post=253333"},{"taxonomy":"post_tag","embeddable":true,"href":"https:\/\/franciscanos.org.br\/noticias\/wp-json\/wp\/v2\/tags?post=253333"}],"curies":[{"name":"wp","href":"https:\/\/api.w.org\/{rel}","templated":true}]}}