{"id":253325,"date":"2024-12-08T08:57:48","date_gmt":"2024-12-08T11:57:48","guid":{"rendered":"https:\/\/franciscanos.org.br\/noticias\/?p=253325"},"modified":"2024-12-08T08:59:34","modified_gmt":"2024-12-08T11:59:34","slug":"papa-cria-21-novos-cardeais-em-consistorio-como-o-brasileiro-jaime-spengler","status":"publish","type":"post","link":"https:\/\/franciscanos.org.br\/noticias\/papa-cria-21-novos-cardeais-em-consistorio-como-o-brasileiro-jaime-spengler.html","title":{"rendered":"Papa cria 21 novos cardeais em Consist\u00f3rio, como o brasileiro Jaime Spengler"},"content":{"rendered":"<p><img loading=\"lazy\" class=\"aligncenter wp-image-253326 size-full\" src=\"https:\/\/franciscanos.org.br\/noticias\/wp-content\/uploads\/2024\/12\/MATERIA-DOM-JAIME-NOMEACAO.jpg\" alt=\"\" width=\"1280\" height=\"720\" srcset=\"https:\/\/franciscanos.org.br\/noticias\/wp-content\/uploads\/2024\/12\/MATERIA-DOM-JAIME-NOMEACAO.jpg 1280w, https:\/\/franciscanos.org.br\/noticias\/wp-content\/uploads\/2024\/12\/MATERIA-DOM-JAIME-NOMEACAO-450x253.jpg 450w, https:\/\/franciscanos.org.br\/noticias\/wp-content\/uploads\/2024\/12\/MATERIA-DOM-JAIME-NOMEACAO-1024x576.jpg 1024w, https:\/\/franciscanos.org.br\/noticias\/wp-content\/uploads\/2024\/12\/MATERIA-DOM-JAIME-NOMEACAO-768x432.jpg 768w, https:\/\/franciscanos.org.br\/noticias\/wp-content\/uploads\/2024\/12\/MATERIA-DOM-JAIME-NOMEACAO-150x84.jpg 150w\" sizes=\"(max-width: 1280px) 100vw, 1280px\" \/><\/p>\n<p>Dom Jaime Spengler, franciscano brasileiro de 64 anos, foi criado cardeal pelo Papa Francisco neste s\u00e1bado, 7 de dezembro, na Bas\u00edlica de S\u00e3o Pedro, durante o Consist\u00f3rio Ordin\u00e1rio P\u00fablico. O arcebispo de Porto Alegre, no Rio Grande do Sul, \u00e9 presidente da CNBB (Confer\u00eancia Nacional dos Bispos do Brasil) e do Celam (Conselho Episcopal Latino-Americano e Caribenho), al\u00e9m de ser membro dos dicast\u00e9rios para o Culto Divino e Disciplina dos Sacramentos e do Instituto de Vida Consagrada e Sociedades de Vida Apost\u00f3lica da Santa S\u00e9, no Vaticano.<\/p>\n<p><strong>O rito de cria\u00e7\u00e3o dos novos cardeais<\/strong><\/p>\n<p>A celebra\u00e7\u00e3o come\u00e7ou com o canto\u00a0<i>Tu es Petrus<\/i>\u00a0e as palavras de agradecimento a Francisco pronunciadas pelo primeiro cardeal da lista, Angelo Acerbi, ex-n\u00fancio apost\u00f3lico. Em seguida, o Papa pronunciou a f\u00f3rmula para a cria\u00e7\u00e3o dos novos purpurados, que juraram fidelidade e obedi\u00eancia ao Pont\u00edfice e a seus sucessores &#8220;at\u00e9 o derramamento de sangue&#8221;. Um a um eles se aproximaram da sede do Papa para receber os s\u00edmbolos do cardinalato de joelhos: solid\u00e9u vermelho, barrete, anel e a atribui\u00e7\u00e3o a um T\u00edtulo ou Diaconia.\u00a0Ap\u00f3s, todos receberam o abra\u00e7o de paz de Francisco.<\/p>\n<p>Dom Jaime Spengler, por exemplo, recebeu o t\u00edtulo da igreja de &#8220;S. Gregorio Magno alla Magliana Nuova&#8221;, que est\u00e1 localizada no bairro Portuense, em Roma, com sede paroquial desde 14 de dezembro de 1963. A partir de 26 de agosto de 2023 o t\u00edtulo estava vacante.\u00a0O t\u00edtulo cardinal\u00edcio, diferentemente do cargo eclesi\u00e1stico espec\u00edfico a que um cardeal pode ser chamado, \u00e9 vital\u00edcio e simboliza a participa\u00e7\u00e3o do cardeal no clero romano e a unidade do Col\u00e9gio de Cardeais como um instrumento de apoio \u00e0 atividade pastoral do Bispo de Roma: o Papa. \u00c9\u00a0uma \u201cperten\u00e7a que exprime a unidade da Igreja e o v\u00ednculo de todas as Igrejas com a Igreja de Roma\u201d, como j\u00e1 havia escrito o pr\u00f3prio Papa Francisco em\u00a0<a href=\"https:\/\/www.vaticannews.va\/pt\/papa\/news\/2024-10\/papa-francisco-carta-novos-cardeais-titulo-servidor-eminencia.html\" target=\"_blank\" rel=\"noopener\">carta divulgada em 12 de outubro<\/a>\u00a0dirigida a todos os novos cardeais deste 7 de dezembro.<\/p>\n<p><img loading=\"lazy\" class=\"aligncenter wp-image-253327 size-full\" src=\"https:\/\/franciscanos.org.br\/noticias\/wp-content\/uploads\/2024\/12\/dom-jaime.jpeg\" alt=\"\" width=\"750\" height=\"422\" srcset=\"https:\/\/franciscanos.org.br\/noticias\/wp-content\/uploads\/2024\/12\/dom-jaime.jpeg 750w, https:\/\/franciscanos.org.br\/noticias\/wp-content\/uploads\/2024\/12\/dom-jaime-450x253.jpeg 450w, https:\/\/franciscanos.org.br\/noticias\/wp-content\/uploads\/2024\/12\/dom-jaime-150x84.jpeg 150w\" sizes=\"(max-width: 750px) 100vw, 750px\" \/><\/p>\n<hr \/>\n<p><b>Andressa Collet &#8211; Vatican News<\/b><\/p>\n","protected":false},"excerpt":{"rendered":"<p>Dom Jaime Spengler<\/p>\n","protected":false},"author":11,"featured_media":0,"comment_status":"open","ping_status":"open","sticky":false,"template":"","format":"standard","meta":[],"categories":[1],"tags":[1242,449],"acf":[],"yoast_head":"<!-- This site is optimized with the Yoast SEO plugin v19.2 - https:\/\/yoast.com\/wordpress\/plugins\/seo\/ -->\n<title>Papa cria 21 novos cardeais em Consist\u00f3rio, como o brasileiro Jaime Spengler - Not\u00edcias - Franciscanos<\/title>\n<meta name=\"robots\" content=\"index, follow, max-snippet:-1, max-image-preview:large, max-video-preview:-1\" \/>\n<link rel=\"canonical\" href=\"https:\/\/franciscanos.org.br\/noticias\/papa-cria-21-novos-cardeais-em-consistorio-como-o-brasileiro-jaime-spengler.html\" \/>\n<meta property=\"og:locale\" content=\"pt_BR\" \/>\n<meta property=\"og:type\" content=\"article\" \/>\n<meta property=\"og:title\" content=\"Papa cria 21 novos cardeais em Consist\u00f3rio, como o brasileiro Jaime Spengler - Not\u00edcias - Franciscanos\" \/>\n<meta property=\"og:description\" content=\"Dom Jaime Spengler\" \/>\n<meta property=\"og:url\" content=\"https:\/\/franciscanos.org.br\/noticias\/papa-cria-21-novos-cardeais-em-consistorio-como-o-brasileiro-jaime-spengler.html\" \/>\n<meta property=\"og:site_name\" content=\"Not\u00edcias - Franciscanos\" \/>\n<meta property=\"article:published_time\" content=\"2024-12-08T11:57:48+00:00\" \/>\n<meta property=\"article:modified_time\" content=\"2024-12-08T11:59:34+00:00\" \/>\n<meta property=\"og:image\" content=\"https:\/\/franciscanos.org.br\/noticias\/wp-content\/uploads\/2024\/12\/MATERIA-DOM-JAIME-NOMEACAO.jpg\" \/>\n<meta name=\"author\" content=\"Adriana Rabelo\" \/>\n<meta name=\"twitter:card\" content=\"summary_large_image\" \/>\n<meta name=\"twitter:label1\" content=\"Escrito por\" \/>\n\t<meta name=\"twitter:data1\" content=\"Adriana Rabelo\" \/>\n\t<meta name=\"twitter:label2\" content=\"Est. tempo de leitura\" \/>\n\t<meta name=\"twitter:data2\" content=\"2 minutos\" \/>\n<script type=\"application\/ld+json\" class=\"yoast-schema-graph\">{\"@context\":\"https:\/\/schema.org\",\"@graph\":[{\"@type\":\"WebSite\",\"@id\":\"https:\/\/franciscanos.org.br\/noticias\/#website\",\"url\":\"https:\/\/franciscanos.org.br\/noticias\/\",\"name\":\"Not\u00edcias - Franciscanos\",\"description\":\"Prov\u00edncia Franciscana da Imaculada Concei\u00e7\u00e3o do Brasil - Ordem dos Frades Menores - OFM\",\"potentialAction\":[{\"@type\":\"SearchAction\",\"target\":{\"@type\":\"EntryPoint\",\"urlTemplate\":\"https:\/\/franciscanos.org.br\/noticias\/?s={search_term_string}\"},\"query-input\":\"required name=search_term_string\"}],\"inLanguage\":\"pt-BR\"},{\"@type\":\"ImageObject\",\"inLanguage\":\"pt-BR\",\"@id\":\"https:\/\/franciscanos.org.br\/noticias\/papa-cria-21-novos-cardeais-em-consistorio-como-o-brasileiro-jaime-spengler.html#primaryimage\",\"url\":\"https:\/\/franciscanos.org.br\/noticias\/wp-content\/uploads\/2024\/12\/MATERIA-DOM-JAIME-NOMEACAO.jpg\",\"contentUrl\":\"https:\/\/franciscanos.org.br\/noticias\/wp-content\/uploads\/2024\/12\/MATERIA-DOM-JAIME-NOMEACAO.jpg\",\"width\":1280,\"height\":720},{\"@type\":\"WebPage\",\"@id\":\"https:\/\/franciscanos.org.br\/noticias\/papa-cria-21-novos-cardeais-em-consistorio-como-o-brasileiro-jaime-spengler.html#webpage\",\"url\":\"https:\/\/franciscanos.org.br\/noticias\/papa-cria-21-novos-cardeais-em-consistorio-como-o-brasileiro-jaime-spengler.html\",\"name\":\"Papa cria 21 novos cardeais em Consist\u00f3rio, como o brasileiro Jaime Spengler - Not\u00edcias - Franciscanos\",\"isPartOf\":{\"@id\":\"https:\/\/franciscanos.org.br\/noticias\/#website\"},\"primaryImageOfPage\":{\"@id\":\"https:\/\/franciscanos.org.br\/noticias\/papa-cria-21-novos-cardeais-em-consistorio-como-o-brasileiro-jaime-spengler.html#primaryimage\"},\"datePublished\":\"2024-12-08T11:57:48+00:00\",\"dateModified\":\"2024-12-08T11:59:34+00:00\",\"author\":{\"@id\":\"https:\/\/franciscanos.org.br\/noticias\/#\/schema\/person\/d9422e83121c3ad3b0f423d195f5bb25\"},\"breadcrumb\":{\"@id\":\"https:\/\/franciscanos.org.br\/noticias\/papa-cria-21-novos-cardeais-em-consistorio-como-o-brasileiro-jaime-spengler.html#breadcrumb\"},\"inLanguage\":\"pt-BR\",\"potentialAction\":[{\"@type\":\"ReadAction\",\"target\":[\"https:\/\/franciscanos.org.br\/noticias\/papa-cria-21-novos-cardeais-em-consistorio-como-o-brasileiro-jaime-spengler.html\"]}]},{\"@type\":\"BreadcrumbList\",\"@id\":\"https:\/\/franciscanos.org.br\/noticias\/papa-cria-21-novos-cardeais-em-consistorio-como-o-brasileiro-jaime-spengler.html#breadcrumb\",\"itemListElement\":[{\"@type\":\"ListItem\",\"position\":1,\"name\":\"Home\",\"item\":\"https:\/\/franciscanos.org.br\/noticias\"},{\"@type\":\"ListItem\",\"position\":2,\"name\":\"Papa cria 21 novos cardeais em Consist\u00f3rio, como o brasileiro Jaime Spengler\"}]},{\"@type\":\"Person\",\"@id\":\"https:\/\/franciscanos.org.br\/noticias\/#\/schema\/person\/d9422e83121c3ad3b0f423d195f5bb25\",\"name\":\"Adriana Rabelo\",\"image\":{\"@type\":\"ImageObject\",\"inLanguage\":\"pt-BR\",\"@id\":\"https:\/\/franciscanos.org.br\/noticias\/#\/schema\/person\/image\/\",\"url\":\"https:\/\/secure.gravatar.com\/avatar\/0a937b7500cd7df77540cfb8bede877d?s=96&d=mm&r=g\",\"contentUrl\":\"https:\/\/secure.gravatar.com\/avatar\/0a937b7500cd7df77540cfb8bede877d?s=96&d=mm&r=g\",\"caption\":\"Adriana Rabelo\"},\"url\":\"https:\/\/franciscanos.org.br\/noticias\/author\/adrianarabelo\"}]}<\/script>\n<!-- \/ Yoast SEO plugin. -->","yoast_head_json":{"title":"Papa cria 21 novos cardeais em Consist\u00f3rio, como o brasileiro Jaime Spengler - Not\u00edcias - Franciscanos","robots":{"index":"index","follow":"follow","max-snippet":"max-snippet:-1","max-image-preview":"max-image-preview:large","max-video-preview":"max-video-preview:-1"},"canonical":"https:\/\/franciscanos.org.br\/noticias\/papa-cria-21-novos-cardeais-em-consistorio-como-o-brasileiro-jaime-spengler.html","og_locale":"pt_BR","og_type":"article","og_title":"Papa cria 21 novos cardeais em Consist\u00f3rio, como o brasileiro Jaime Spengler - Not\u00edcias - Franciscanos","og_description":"Dom Jaime Spengler","og_url":"https:\/\/franciscanos.org.br\/noticias\/papa-cria-21-novos-cardeais-em-consistorio-como-o-brasileiro-jaime-spengler.html","og_site_name":"Not\u00edcias - Franciscanos","article_published_time":"2024-12-08T11:57:48+00:00","article_modified_time":"2024-12-08T11:59:34+00:00","og_image":[{"url":"https:\/\/franciscanos.org.br\/noticias\/wp-content\/uploads\/2024\/12\/MATERIA-DOM-JAIME-NOMEACAO.jpg"}],"author":"Adriana Rabelo","twitter_card":"summary_large_image","twitter_misc":{"Escrito por":"Adriana Rabelo","Est. tempo de leitura":"2 minutos"},"schema":{"@context":"https:\/\/schema.org","@graph":[{"@type":"WebSite","@id":"https:\/\/franciscanos.org.br\/noticias\/#website","url":"https:\/\/franciscanos.org.br\/noticias\/","name":"Not\u00edcias - Franciscanos","description":"Prov\u00edncia Franciscana da Imaculada Concei\u00e7\u00e3o do Brasil - Ordem dos Frades Menores - OFM","potentialAction":[{"@type":"SearchAction","target":{"@type":"EntryPoint","urlTemplate":"https:\/\/franciscanos.org.br\/noticias\/?s={search_term_string}"},"query-input":"required name=search_term_string"}],"inLanguage":"pt-BR"},{"@type":"ImageObject","inLanguage":"pt-BR","@id":"https:\/\/franciscanos.org.br\/noticias\/papa-cria-21-novos-cardeais-em-consistorio-como-o-brasileiro-jaime-spengler.html#primaryimage","url":"https:\/\/franciscanos.org.br\/noticias\/wp-content\/uploads\/2024\/12\/MATERIA-DOM-JAIME-NOMEACAO.jpg","contentUrl":"https:\/\/franciscanos.org.br\/noticias\/wp-content\/uploads\/2024\/12\/MATERIA-DOM-JAIME-NOMEACAO.jpg","width":1280,"height":720},{"@type":"WebPage","@id":"https:\/\/franciscanos.org.br\/noticias\/papa-cria-21-novos-cardeais-em-consistorio-como-o-brasileiro-jaime-spengler.html#webpage","url":"https:\/\/franciscanos.org.br\/noticias\/papa-cria-21-novos-cardeais-em-consistorio-como-o-brasileiro-jaime-spengler.html","name":"Papa cria 21 novos cardeais em Consist\u00f3rio, como o brasileiro Jaime Spengler - Not\u00edcias - Franciscanos","isPartOf":{"@id":"https:\/\/franciscanos.org.br\/noticias\/#website"},"primaryImageOfPage":{"@id":"https:\/\/franciscanos.org.br\/noticias\/papa-cria-21-novos-cardeais-em-consistorio-como-o-brasileiro-jaime-spengler.html#primaryimage"},"datePublished":"2024-12-08T11:57:48+00:00","dateModified":"2024-12-08T11:59:34+00:00","author":{"@id":"https:\/\/franciscanos.org.br\/noticias\/#\/schema\/person\/d9422e83121c3ad3b0f423d195f5bb25"},"breadcrumb":{"@id":"https:\/\/franciscanos.org.br\/noticias\/papa-cria-21-novos-cardeais-em-consistorio-como-o-brasileiro-jaime-spengler.html#breadcrumb"},"inLanguage":"pt-BR","potentialAction":[{"@type":"ReadAction","target":["https:\/\/franciscanos.org.br\/noticias\/papa-cria-21-novos-cardeais-em-consistorio-como-o-brasileiro-jaime-spengler.html"]}]},{"@type":"BreadcrumbList","@id":"https:\/\/franciscanos.org.br\/noticias\/papa-cria-21-novos-cardeais-em-consistorio-como-o-brasileiro-jaime-spengler.html#breadcrumb","itemListElement":[{"@type":"ListItem","position":1,"name":"Home","item":"https:\/\/franciscanos.org.br\/noticias"},{"@type":"ListItem","position":2,"name":"Papa cria 21 novos cardeais em Consist\u00f3rio, como o brasileiro Jaime Spengler"}]},{"@type":"Person","@id":"https:\/\/franciscanos.org.br\/noticias\/#\/schema\/person\/d9422e83121c3ad3b0f423d195f5bb25","name":"Adriana Rabelo","image":{"@type":"ImageObject","inLanguage":"pt-BR","@id":"https:\/\/franciscanos.org.br\/noticias\/#\/schema\/person\/image\/","url":"https:\/\/secure.gravatar.com\/avatar\/0a937b7500cd7df77540cfb8bede877d?s=96&d=mm&r=g","contentUrl":"https:\/\/secure.gravatar.com\/avatar\/0a937b7500cd7df77540cfb8bede877d?s=96&d=mm&r=g","caption":"Adriana Rabelo"},"url":"https:\/\/franciscanos.org.br\/noticias\/author\/adrianarabelo"}]}},"_links":{"self":[{"href":"https:\/\/franciscanos.org.br\/noticias\/wp-json\/wp\/v2\/posts\/253325"}],"collection":[{"href":"https:\/\/franciscanos.org.br\/noticias\/wp-json\/wp\/v2\/posts"}],"about":[{"href":"https:\/\/franciscanos.org.br\/noticias\/wp-json\/wp\/v2\/types\/post"}],"author":[{"embeddable":true,"href":"https:\/\/franciscanos.org.br\/noticias\/wp-json\/wp\/v2\/users\/11"}],"replies":[{"embeddable":true,"href":"https:\/\/franciscanos.org.br\/noticias\/wp-json\/wp\/v2\/comments?post=253325"}],"version-history":[{"count":3,"href":"https:\/\/franciscanos.org.br\/noticias\/wp-json\/wp\/v2\/posts\/253325\/revisions"}],"predecessor-version":[{"id":253330,"href":"https:\/\/franciscanos.org.br\/noticias\/wp-json\/wp\/v2\/posts\/253325\/revisions\/253330"}],"wp:attachment":[{"href":"https:\/\/franciscanos.org.br\/noticias\/wp-json\/wp\/v2\/media?parent=253325"}],"wp:term":[{"taxonomy":"category","embeddable":true,"href":"https:\/\/franciscanos.org.br\/noticias\/wp-json\/wp\/v2\/categories?post=253325"},{"taxonomy":"post_tag","embeddable":true,"href":"https:\/\/franciscanos.org.br\/noticias\/wp-json\/wp\/v2\/tags?post=253325"}],"curies":[{"name":"wp","href":"https:\/\/api.w.org\/{rel}","templated":true}]}}