{"id":253290,"date":"2024-12-06T08:58:18","date_gmt":"2024-12-06T11:58:18","guid":{"rendered":"https:\/\/franciscanos.org.br\/noticias\/?p=253290"},"modified":"2024-12-06T11:19:34","modified_gmt":"2024-12-06T14:19:34","slug":"unifag-celebra-30-anos-de-historia","status":"publish","type":"post","link":"https:\/\/franciscanos.org.br\/noticias\/unifag-celebra-30-anos-de-historia.html","title":{"rendered":"UNIFAG celebra 30 anos de hist\u00f3ria"},"content":{"rendered":"<p><img loading=\"lazy\" class=\"aligncenter wp-image-253291 size-full\" src=\"https:\/\/franciscanos.org.br\/noticias\/wp-content\/uploads\/2024\/12\/MATERIA-USF.jpg\" alt=\"\" width=\"1280\" height=\"720\" srcset=\"https:\/\/franciscanos.org.br\/noticias\/wp-content\/uploads\/2024\/12\/MATERIA-USF.jpg 1280w, https:\/\/franciscanos.org.br\/noticias\/wp-content\/uploads\/2024\/12\/MATERIA-USF-450x253.jpg 450w, https:\/\/franciscanos.org.br\/noticias\/wp-content\/uploads\/2024\/12\/MATERIA-USF-1024x576.jpg 1024w, https:\/\/franciscanos.org.br\/noticias\/wp-content\/uploads\/2024\/12\/MATERIA-USF-768x432.jpg 768w, https:\/\/franciscanos.org.br\/noticias\/wp-content\/uploads\/2024\/12\/MATERIA-USF-150x84.jpg 150w\" sizes=\"(max-width: 1280px) 100vw, 1280px\" \/><\/p>\n<p>A Unidade Integrada de Farmacologia e Gastroenterologia (UNIFAG) da Universidade S\u00e3o Francisco (USF) comemorou, no dia 4 de dezembro, seus 30 anos de hist\u00f3ria. A cerim\u00f4nia foi no Centro Comunit\u00e1rio da institui\u00e7\u00e3o, reunindo profissionais, professores e representantes da reitoria da USF, bem como da Mantenedora Casa Nossa Senhora da Paz &#8211; A\u00e7\u00e3o Social Franciscana (CNSP-ASF).<\/p>\n<p>A institui\u00e7\u00e3o universit\u00e1ria integra o grupo da Frente de Evangeliza\u00e7\u00e3o em Educa\u00e7\u00e3o da Prov\u00edncia Franciscana da Imaculada Concei\u00e7\u00e3o do Brasil.<\/p>\n<p>Participaram do evento: o Diretor-Presidente da CNSP-ASF, Frei Daniel Dellandrea; o Diretor-Vice-Presidente, Frei Alvaci Mendes da Luz; o Diretor Administrativo, Frei Je\u00e2 Paulo Andrade; os Conselheiros Frei Jo\u00e3o Mannes e Frei Robson Luiz Scudela; o Diretor Geral, Jorge Ap\u00f3stolos Siarcos; o Reitor da USF, Frei Gilberto Gon\u00e7alves Garcia; o Pr\u00f3-Reitor de Ensino, Pesquisa e Extens\u00e3o, professor Dilnei Lorenzi; o Pr\u00f3-Reitor de Administra\u00e7\u00e3o e Planejamento, professor Adriel de Moura Cabral; o Administrador dos C\u00e2mpus, Rodrigo Ribeiro Paiva; a Diretora do C\u00e2mpus Bragan\u00e7a Paulista, professora Patr\u00edcia Teixeira Costa; o Diretor do C\u00e2mpus Campinas, professor Paulo Eduardo Silveira; o Diretor do C\u00e2mpus Itatiba, professor Renato Adriano Pezenti; a Coordenadora do Centro e Pesquisadora Principal da UNIFAG, professora M\u00e1rcia Aparecida Antonio; e a respons\u00e1vel pela Gest\u00e3o Administrativa, Fabiana Araujo.<\/p>\n<p>A Celebra\u00e7\u00e3o de A\u00e7\u00e3o de Gra\u00e7as foi conduzida por Frei Alvaci, que renovou a f\u00e9 e o agradecimento a Deus por todas as b\u00ean\u00e7\u00e3os recebidas ao longo da trajet\u00f3ria da UNIFAG. \u201cNesse momento inicial, em que vamos celebrar, rezar e orar juntos, vamos ouvir algumas leituras escolhidas para essa ocasi\u00e3o: um salmo, uma leitura do Antigo Testamento e um Evangelho do Novo Testamento, que interligam o significado do termo agradecer, ser grato, com gestos concretos de miseric\u00f3rdia e compaix\u00e3o. A UNIFAG chegou at\u00e9 aqui porque conseguiu, ao longo dos seus 30 anos, conciliar essas duas \u00f3ticas: agradecer e olhar para o outro\u201d, comentou o frade.<\/p>\n<p><img loading=\"lazy\" class=\"wp-image-253293 size-medium alignleft\" src=\"https:\/\/franciscanos.org.br\/noticias\/wp-content\/uploads\/2024\/12\/IC4A3481-450x300.jpg\" alt=\"\" width=\"450\" height=\"300\" srcset=\"https:\/\/franciscanos.org.br\/noticias\/wp-content\/uploads\/2024\/12\/IC4A3481-450x300.jpg 450w, https:\/\/franciscanos.org.br\/noticias\/wp-content\/uploads\/2024\/12\/IC4A3481-1024x683.jpg 1024w, https:\/\/franciscanos.org.br\/noticias\/wp-content\/uploads\/2024\/12\/IC4A3481-768x512.jpg 768w, https:\/\/franciscanos.org.br\/noticias\/wp-content\/uploads\/2024\/12\/IC4A3481-1536x1024.jpg 1536w, https:\/\/franciscanos.org.br\/noticias\/wp-content\/uploads\/2024\/12\/IC4A3481-2048x1365.jpg 2048w, https:\/\/franciscanos.org.br\/noticias\/wp-content\/uploads\/2024\/12\/IC4A3481-150x100.jpg 150w, https:\/\/franciscanos.org.br\/noticias\/wp-content\/uploads\/2024\/12\/IC4A3481-scaled.jpg 1620w\" sizes=\"(max-width: 450px) 100vw, 450px\" \/>Durante sua fala, o reitor da USF relembrou a trajet\u00f3ria da UNIFAG, destacando sua origem nos cursos de Medicina e Farm\u00e1cia e celebrando as tr\u00eas d\u00e9cadas de exist\u00eancia da institui\u00e7\u00e3o. Ele ressaltou o valor social da UNIFAG desde sua funda\u00e7\u00e3o. \u201cHoje, ela \u00e9 reconhecida n\u00e3o apenas pelos funcion\u00e1rios, mas tamb\u00e9m por colaboradores de outras unidades e professores. Eu mesmo tenho a oportunidade de levar o nome da UNIFAG pelo Brasil afora. Em confer\u00eancias, encontros de reitores e associa\u00e7\u00f5es, quando precisamos apresentar cases de inova\u00e7\u00e3o e pesquisa, trago a UNIFAG. As universidades ficam surpresas com essa obra e seu impacto\u201d, afirmou o reitor.<\/p>\n<p>&nbsp;<\/p>\n<p>&nbsp;<\/p>\n<p>A UNIFAG oferece uma ampla gama de servi\u00e7os, com destaque para pesquisas envolvendo medicamentos gen\u00e9ricos e similares, desenvolvimento de novos produtos farmac\u00eauticos e medicamentos inovadores. \u201cEu acompanho a UNIFAG h\u00e1 cerca de 25 anos. Ela era um servi\u00e7o muito menor do que \u00e9 hoje. Hoje, se v\u00ea a transforma\u00e7\u00e3o do mercado em que atua e a transforma\u00e7\u00e3o dentro da pr\u00f3pria UNIFAG. N\u00e3o s\u00e3o s\u00f3 os n\u00fameros que s\u00e3o levados em conta; \u00e9 o prop\u00f3sito do servi\u00e7o que \u00e9 feito dentro da UNIFAG. Voc\u00eas est\u00e3o ajudando na sa\u00fade dos seres humanos, ajudando a ter mais acesso e a certificar a qualidade dos medicamentos\u201d, disse Siarcos.<\/p>\n<p><img loading=\"lazy\" class=\"alignright wp-image-253292 size-thumbnail\" src=\"https:\/\/franciscanos.org.br\/noticias\/wp-content\/uploads\/2024\/12\/IC4A3579-300x300.jpg\" alt=\"\" width=\"300\" height=\"300\" srcset=\"https:\/\/franciscanos.org.br\/noticias\/wp-content\/uploads\/2024\/12\/IC4A3579-300x300.jpg 300w, https:\/\/franciscanos.org.br\/noticias\/wp-content\/uploads\/2024\/12\/IC4A3579-100x100.jpg 100w\" sizes=\"(max-width: 300px) 100vw, 300px\" \/>Ao longo de toda sua trajet\u00f3ria, a UNIFAG j\u00e1 realizou mais de 1.000 (mil) estudos, com cerca de 120 publica\u00e7\u00f5es cient\u00edficas e um banco de dados com mais de 30 mil participantes cadastrados. A institui\u00e7\u00e3o \u00e9 pioneira na valida\u00e7\u00e3o de m\u00e9todos de pesquisa, na an\u00e1lise da qualidade f\u00edsico-qu\u00edmica de medicamentos e no desenvolvimento de solu\u00e7\u00f5es inovadoras para a ind\u00fastria farmac\u00eautica. \u201cDesejamos que a UNIFAG possa se desenvolver sempre mais naquilo que faz com excel\u00eancia: a pesquisa. E que n\u00f3s possamos, como CNSP-ASF, dispor do que \u00e9 necess\u00e1rio para que o desenvolvimento da institui\u00e7\u00e3o ocorra por muitos anos\u201d, definiu o presidente da Mantenedora, Frei Daniel.<\/p>\n<p>No encerramento do evento, a coordenadora e pesquisadora principal da UNIFAG, professora M\u00e1rcia, resgatou a miss\u00e3o da institui\u00e7\u00e3o. \u201cEssa miss\u00e3o \u00e9 o que nos diferencia. N\u00e3o somos apenas uma institui\u00e7\u00e3o voltada para fins comerciais. Somos uma organiza\u00e7\u00e3o confessional, alicer\u00e7ada nos valores do nosso patrono, S\u00e3o Francisco de Assis, e comprometida com a constru\u00e7\u00e3o de uma cultura organizacional humana, \u00e9tica e pr\u00f3spera\u201d, concluiu.<\/p>\n<p><strong><a href=\"https:\/\/unifag.com.br\/\">Acesse para conhecer<\/a><\/strong><\/p>\n<p><img loading=\"lazy\" class=\"aligncenter wp-image-253300 size-full\" src=\"https:\/\/franciscanos.org.br\/noticias\/wp-content\/uploads\/2024\/12\/USF-Captura-de-tela-2024-12-06-085037.png\" alt=\"\" width=\"1328\" height=\"518\" srcset=\"https:\/\/franciscanos.org.br\/noticias\/wp-content\/uploads\/2024\/12\/USF-Captura-de-tela-2024-12-06-085037.png 1328w, https:\/\/franciscanos.org.br\/noticias\/wp-content\/uploads\/2024\/12\/USF-Captura-de-tela-2024-12-06-085037-450x176.png 450w, https:\/\/franciscanos.org.br\/noticias\/wp-content\/uploads\/2024\/12\/USF-Captura-de-tela-2024-12-06-085037-1024x399.png 1024w, https:\/\/franciscanos.org.br\/noticias\/wp-content\/uploads\/2024\/12\/USF-Captura-de-tela-2024-12-06-085037-768x300.png 768w, https:\/\/franciscanos.org.br\/noticias\/wp-content\/uploads\/2024\/12\/USF-Captura-de-tela-2024-12-06-085037-150x59.png 150w\" sizes=\"(max-width: 1328px) 100vw, 1328px\" \/><\/p>\n<p>&nbsp;<\/p>\n<hr \/>\n<p>Ana Paula Moreira de Souza- assessoria USF<\/p>\n","protected":false},"excerpt":{"rendered":"<p>Celebra\u00e7\u00e3o USF<\/p>\n","protected":false},"author":11,"featured_media":253297,"comment_status":"open","ping_status":"open","sticky":false,"template":"","format":"standard","meta":[],"categories":[1],"tags":[2268,354],"acf":[],"yoast_head":"<!-- This site is optimized with the Yoast SEO plugin v19.2 - https:\/\/yoast.com\/wordpress\/plugins\/seo\/ -->\n<title>UNIFAG celebra 30 anos de hist\u00f3ria - Not\u00edcias - Franciscanos<\/title>\n<meta name=\"robots\" content=\"index, follow, max-snippet:-1, max-image-preview:large, max-video-preview:-1\" \/>\n<link rel=\"canonical\" href=\"https:\/\/franciscanos.org.br\/noticias\/unifag-celebra-30-anos-de-historia.html\" \/>\n<meta property=\"og:locale\" content=\"pt_BR\" \/>\n<meta property=\"og:type\" content=\"article\" \/>\n<meta property=\"og:title\" content=\"UNIFAG celebra 30 anos de hist\u00f3ria - Not\u00edcias - Franciscanos\" \/>\n<meta property=\"og:description\" content=\"Celebra\u00e7\u00e3o USF\" \/>\n<meta property=\"og:url\" content=\"https:\/\/franciscanos.org.br\/noticias\/unifag-celebra-30-anos-de-historia.html\" \/>\n<meta property=\"og:site_name\" content=\"Not\u00edcias - Franciscanos\" \/>\n<meta property=\"article:published_time\" content=\"2024-12-06T11:58:18+00:00\" \/>\n<meta property=\"article:modified_time\" content=\"2024-12-06T14:19:34+00:00\" \/>\n<meta property=\"og:image\" content=\"https:\/\/franciscanos.org.br\/noticias\/wp-content\/uploads\/2024\/12\/CHAMADA-USF.jpg\" \/>\n\t<meta property=\"og:image:width\" content=\"800\" \/>\n\t<meta property=\"og:image:height\" content=\"550\" \/>\n\t<meta property=\"og:image:type\" content=\"image\/jpeg\" \/>\n<meta name=\"author\" content=\"Adriana Rabelo\" \/>\n<meta name=\"twitter:card\" content=\"summary_large_image\" \/>\n<meta name=\"twitter:label1\" content=\"Escrito por\" \/>\n\t<meta name=\"twitter:data1\" content=\"Adriana Rabelo\" \/>\n\t<meta name=\"twitter:label2\" content=\"Est. tempo de leitura\" \/>\n\t<meta name=\"twitter:data2\" content=\"4 minutos\" \/>\n<script type=\"application\/ld+json\" class=\"yoast-schema-graph\">{\"@context\":\"https:\/\/schema.org\",\"@graph\":[{\"@type\":\"WebSite\",\"@id\":\"https:\/\/franciscanos.org.br\/noticias\/#website\",\"url\":\"https:\/\/franciscanos.org.br\/noticias\/\",\"name\":\"Not\u00edcias - Franciscanos\",\"description\":\"Prov\u00edncia Franciscana da Imaculada Concei\u00e7\u00e3o do Brasil - Ordem dos Frades Menores - OFM\",\"potentialAction\":[{\"@type\":\"SearchAction\",\"target\":{\"@type\":\"EntryPoint\",\"urlTemplate\":\"https:\/\/franciscanos.org.br\/noticias\/?s={search_term_string}\"},\"query-input\":\"required name=search_term_string\"}],\"inLanguage\":\"pt-BR\"},{\"@type\":\"ImageObject\",\"inLanguage\":\"pt-BR\",\"@id\":\"https:\/\/franciscanos.org.br\/noticias\/unifag-celebra-30-anos-de-historia.html#primaryimage\",\"url\":\"https:\/\/franciscanos.org.br\/noticias\/wp-content\/uploads\/2024\/12\/CHAMADA-USF.jpg\",\"contentUrl\":\"https:\/\/franciscanos.org.br\/noticias\/wp-content\/uploads\/2024\/12\/CHAMADA-USF.jpg\",\"width\":800,\"height\":550},{\"@type\":\"WebPage\",\"@id\":\"https:\/\/franciscanos.org.br\/noticias\/unifag-celebra-30-anos-de-historia.html#webpage\",\"url\":\"https:\/\/franciscanos.org.br\/noticias\/unifag-celebra-30-anos-de-historia.html\",\"name\":\"UNIFAG celebra 30 anos de hist\u00f3ria - Not\u00edcias - Franciscanos\",\"isPartOf\":{\"@id\":\"https:\/\/franciscanos.org.br\/noticias\/#website\"},\"primaryImageOfPage\":{\"@id\":\"https:\/\/franciscanos.org.br\/noticias\/unifag-celebra-30-anos-de-historia.html#primaryimage\"},\"datePublished\":\"2024-12-06T11:58:18+00:00\",\"dateModified\":\"2024-12-06T14:19:34+00:00\",\"author\":{\"@id\":\"https:\/\/franciscanos.org.br\/noticias\/#\/schema\/person\/d9422e83121c3ad3b0f423d195f5bb25\"},\"breadcrumb\":{\"@id\":\"https:\/\/franciscanos.org.br\/noticias\/unifag-celebra-30-anos-de-historia.html#breadcrumb\"},\"inLanguage\":\"pt-BR\",\"potentialAction\":[{\"@type\":\"ReadAction\",\"target\":[\"https:\/\/franciscanos.org.br\/noticias\/unifag-celebra-30-anos-de-historia.html\"]}]},{\"@type\":\"BreadcrumbList\",\"@id\":\"https:\/\/franciscanos.org.br\/noticias\/unifag-celebra-30-anos-de-historia.html#breadcrumb\",\"itemListElement\":[{\"@type\":\"ListItem\",\"position\":1,\"name\":\"Home\",\"item\":\"https:\/\/franciscanos.org.br\/noticias\"},{\"@type\":\"ListItem\",\"position\":2,\"name\":\"UNIFAG celebra 30 anos de hist\u00f3ria\"}]},{\"@type\":\"Person\",\"@id\":\"https:\/\/franciscanos.org.br\/noticias\/#\/schema\/person\/d9422e83121c3ad3b0f423d195f5bb25\",\"name\":\"Adriana Rabelo\",\"image\":{\"@type\":\"ImageObject\",\"inLanguage\":\"pt-BR\",\"@id\":\"https:\/\/franciscanos.org.br\/noticias\/#\/schema\/person\/image\/\",\"url\":\"https:\/\/secure.gravatar.com\/avatar\/0a937b7500cd7df77540cfb8bede877d?s=96&d=mm&r=g\",\"contentUrl\":\"https:\/\/secure.gravatar.com\/avatar\/0a937b7500cd7df77540cfb8bede877d?s=96&d=mm&r=g\",\"caption\":\"Adriana Rabelo\"},\"url\":\"https:\/\/franciscanos.org.br\/noticias\/author\/adrianarabelo\"}]}<\/script>\n<!-- \/ Yoast SEO plugin. -->","yoast_head_json":{"title":"UNIFAG celebra 30 anos de hist\u00f3ria - Not\u00edcias - Franciscanos","robots":{"index":"index","follow":"follow","max-snippet":"max-snippet:-1","max-image-preview":"max-image-preview:large","max-video-preview":"max-video-preview:-1"},"canonical":"https:\/\/franciscanos.org.br\/noticias\/unifag-celebra-30-anos-de-historia.html","og_locale":"pt_BR","og_type":"article","og_title":"UNIFAG celebra 30 anos de hist\u00f3ria - Not\u00edcias - Franciscanos","og_description":"Celebra\u00e7\u00e3o USF","og_url":"https:\/\/franciscanos.org.br\/noticias\/unifag-celebra-30-anos-de-historia.html","og_site_name":"Not\u00edcias - Franciscanos","article_published_time":"2024-12-06T11:58:18+00:00","article_modified_time":"2024-12-06T14:19:34+00:00","og_image":[{"width":800,"height":550,"url":"https:\/\/franciscanos.org.br\/noticias\/wp-content\/uploads\/2024\/12\/CHAMADA-USF.jpg","type":"image\/jpeg"}],"author":"Adriana Rabelo","twitter_card":"summary_large_image","twitter_misc":{"Escrito por":"Adriana Rabelo","Est. tempo de leitura":"4 minutos"},"schema":{"@context":"https:\/\/schema.org","@graph":[{"@type":"WebSite","@id":"https:\/\/franciscanos.org.br\/noticias\/#website","url":"https:\/\/franciscanos.org.br\/noticias\/","name":"Not\u00edcias - Franciscanos","description":"Prov\u00edncia Franciscana da Imaculada Concei\u00e7\u00e3o do Brasil - Ordem dos Frades Menores - OFM","potentialAction":[{"@type":"SearchAction","target":{"@type":"EntryPoint","urlTemplate":"https:\/\/franciscanos.org.br\/noticias\/?s={search_term_string}"},"query-input":"required name=search_term_string"}],"inLanguage":"pt-BR"},{"@type":"ImageObject","inLanguage":"pt-BR","@id":"https:\/\/franciscanos.org.br\/noticias\/unifag-celebra-30-anos-de-historia.html#primaryimage","url":"https:\/\/franciscanos.org.br\/noticias\/wp-content\/uploads\/2024\/12\/CHAMADA-USF.jpg","contentUrl":"https:\/\/franciscanos.org.br\/noticias\/wp-content\/uploads\/2024\/12\/CHAMADA-USF.jpg","width":800,"height":550},{"@type":"WebPage","@id":"https:\/\/franciscanos.org.br\/noticias\/unifag-celebra-30-anos-de-historia.html#webpage","url":"https:\/\/franciscanos.org.br\/noticias\/unifag-celebra-30-anos-de-historia.html","name":"UNIFAG celebra 30 anos de hist\u00f3ria - Not\u00edcias - Franciscanos","isPartOf":{"@id":"https:\/\/franciscanos.org.br\/noticias\/#website"},"primaryImageOfPage":{"@id":"https:\/\/franciscanos.org.br\/noticias\/unifag-celebra-30-anos-de-historia.html#primaryimage"},"datePublished":"2024-12-06T11:58:18+00:00","dateModified":"2024-12-06T14:19:34+00:00","author":{"@id":"https:\/\/franciscanos.org.br\/noticias\/#\/schema\/person\/d9422e83121c3ad3b0f423d195f5bb25"},"breadcrumb":{"@id":"https:\/\/franciscanos.org.br\/noticias\/unifag-celebra-30-anos-de-historia.html#breadcrumb"},"inLanguage":"pt-BR","potentialAction":[{"@type":"ReadAction","target":["https:\/\/franciscanos.org.br\/noticias\/unifag-celebra-30-anos-de-historia.html"]}]},{"@type":"BreadcrumbList","@id":"https:\/\/franciscanos.org.br\/noticias\/unifag-celebra-30-anos-de-historia.html#breadcrumb","itemListElement":[{"@type":"ListItem","position":1,"name":"Home","item":"https:\/\/franciscanos.org.br\/noticias"},{"@type":"ListItem","position":2,"name":"UNIFAG celebra 30 anos de hist\u00f3ria"}]},{"@type":"Person","@id":"https:\/\/franciscanos.org.br\/noticias\/#\/schema\/person\/d9422e83121c3ad3b0f423d195f5bb25","name":"Adriana Rabelo","image":{"@type":"ImageObject","inLanguage":"pt-BR","@id":"https:\/\/franciscanos.org.br\/noticias\/#\/schema\/person\/image\/","url":"https:\/\/secure.gravatar.com\/avatar\/0a937b7500cd7df77540cfb8bede877d?s=96&d=mm&r=g","contentUrl":"https:\/\/secure.gravatar.com\/avatar\/0a937b7500cd7df77540cfb8bede877d?s=96&d=mm&r=g","caption":"Adriana Rabelo"},"url":"https:\/\/franciscanos.org.br\/noticias\/author\/adrianarabelo"}]}},"_links":{"self":[{"href":"https:\/\/franciscanos.org.br\/noticias\/wp-json\/wp\/v2\/posts\/253290"}],"collection":[{"href":"https:\/\/franciscanos.org.br\/noticias\/wp-json\/wp\/v2\/posts"}],"about":[{"href":"https:\/\/franciscanos.org.br\/noticias\/wp-json\/wp\/v2\/types\/post"}],"author":[{"embeddable":true,"href":"https:\/\/franciscanos.org.br\/noticias\/wp-json\/wp\/v2\/users\/11"}],"replies":[{"embeddable":true,"href":"https:\/\/franciscanos.org.br\/noticias\/wp-json\/wp\/v2\/comments?post=253290"}],"version-history":[{"count":6,"href":"https:\/\/franciscanos.org.br\/noticias\/wp-json\/wp\/v2\/posts\/253290\/revisions"}],"predecessor-version":[{"id":253301,"href":"https:\/\/franciscanos.org.br\/noticias\/wp-json\/wp\/v2\/posts\/253290\/revisions\/253301"}],"wp:featuredmedia":[{"embeddable":true,"href":"https:\/\/franciscanos.org.br\/noticias\/wp-json\/wp\/v2\/media\/253297"}],"wp:attachment":[{"href":"https:\/\/franciscanos.org.br\/noticias\/wp-json\/wp\/v2\/media?parent=253290"}],"wp:term":[{"taxonomy":"category","embeddable":true,"href":"https:\/\/franciscanos.org.br\/noticias\/wp-json\/wp\/v2\/categories?post=253290"},{"taxonomy":"post_tag","embeddable":true,"href":"https:\/\/franciscanos.org.br\/noticias\/wp-json\/wp\/v2\/tags?post=253290"}],"curies":[{"name":"wp","href":"https:\/\/api.w.org\/{rel}","templated":true}]}}