{"id":253284,"date":"2024-12-04T11:12:28","date_gmt":"2024-12-04T14:12:28","guid":{"rendered":"https:\/\/franciscanos.org.br\/noticias\/?p=253284"},"modified":"2024-12-04T11:12:28","modified_gmt":"2024-12-04T14:12:28","slug":"frades-da-fimda-serao-ordenados-presbiteros-em-angola","status":"publish","type":"post","link":"https:\/\/franciscanos.org.br\/noticias\/frades-da-fimda-serao-ordenados-presbiteros-em-angola.html","title":{"rendered":"Frades da FIMDA ser\u00e3o ordenados presb\u00edteros em Angola"},"content":{"rendered":"<p><img loading=\"lazy\" class=\"aligncenter wp-image-253286 size-full\" src=\"https:\/\/franciscanos.org.br\/noticias\/wp-content\/uploads\/2024\/12\/WhatsApp-Image-2024-12-04-at-09.39.29-1.jpeg\" alt=\"\" width=\"1280\" height=\"720\" srcset=\"https:\/\/franciscanos.org.br\/noticias\/wp-content\/uploads\/2024\/12\/WhatsApp-Image-2024-12-04-at-09.39.29-1.jpeg 1280w, https:\/\/franciscanos.org.br\/noticias\/wp-content\/uploads\/2024\/12\/WhatsApp-Image-2024-12-04-at-09.39.29-1-450x253.jpeg 450w, https:\/\/franciscanos.org.br\/noticias\/wp-content\/uploads\/2024\/12\/WhatsApp-Image-2024-12-04-at-09.39.29-1-1024x576.jpeg 1024w, https:\/\/franciscanos.org.br\/noticias\/wp-content\/uploads\/2024\/12\/WhatsApp-Image-2024-12-04-at-09.39.29-1-768x432.jpeg 768w, https:\/\/franciscanos.org.br\/noticias\/wp-content\/uploads\/2024\/12\/WhatsApp-Image-2024-12-04-at-09.39.29-1-150x84.jpeg 150w\" sizes=\"(max-width: 1280px) 100vw, 1280px\" \/><\/p>\n<p>A Prov\u00edncia Franciscana da Imaculada Concei\u00e7\u00e3o do Brasil e a Funda\u00e7\u00e3o Imaculada M\u00e3e de Deus de Angola celebram, no pr\u00f3ximo s\u00e1bado, 7 de dezembro, \u00e0s 9h, a ordena\u00e7\u00e3o presbiteral de dois di\u00e1conos: Frei Andr\u00e9 dos Santos Sungo Mingas e Frei Miguel Tchiteculo Tchindjombo Filipe.<\/p>\n<p>O lema escolhido para a ordena\u00e7\u00e3o: \u201cN\u00e3o fostes v\u00f3s que me escolhestes, mas fui eu que vos escolhi\u201d (Jo 15,16), ser\u00e1 a base de toda reflex\u00e3o da Santa Missa que ser\u00e1 celebrada na Par\u00f3quia Santos Martires de Uganda, localizada no bairro Catepa, na cidade de Malange, em Angola. Os frades ser\u00e3o ordenados pela imposi\u00e7\u00e3o das m\u00e3os do arcebispo da arquidiocese local, Dom Luzizila Kiala.<\/p>\n\n\t\t<style type=\"text\/css\">\n\t\t\t#gallery-1 {\n\t\t\t\tmargin: auto;\n\t\t\t}\n\t\t\t#gallery-1 .gallery-item {\n\t\t\t\tfloat: left;\n\t\t\t\tmargin-top: 10px;\n\t\t\t\ttext-align: center;\n\t\t\t\twidth: 50%;\n\t\t\t}\n\t\t\t#gallery-1 img {\n\t\t\t\tborder: 2px solid #cfcfcf;\n\t\t\t}\n\t\t\t#gallery-1 .gallery-caption {\n\t\t\t\tmargin-left: 0;\n\t\t\t}\n\t\t\t\/* see gallery_shortcode() in wp-includes\/media.php *\/\n\t\t<\/style>\n\t\t<div id='gallery-1' class='gallery galleryid-253284 gallery-columns-2 gallery-size-large'><dl class='gallery-item'>\n\t\t\t<dt class='gallery-icon landscape'>\n\t\t\t\t<a href='https:\/\/franciscanos.org.br\/noticias\/wp-content\/uploads\/2024\/12\/20231217_095525.jpg'><img width=\"1024\" height=\"768\" src=\"https:\/\/franciscanos.org.br\/noticias\/wp-content\/uploads\/2024\/12\/20231217_095525.jpg\" class=\"attachment-large size-large\" alt=\"\" loading=\"lazy\" aria-describedby=\"gallery-1-253288\" \/><\/a>\n\t\t\t<\/dt>\n\t\t\t\t<dd class='wp-caption-text gallery-caption' id='gallery-1-253288'>\n\t\t\t\tFrei Andr\u00e9\n\t\t\t\t<\/dd><\/dl><dl class='gallery-item'>\n\t\t\t<dt class='gallery-icon landscape'>\n\t\t\t\t<a href='https:\/\/franciscanos.org.br\/noticias\/wp-content\/uploads\/2024\/12\/20231217_095536.jpg'><img width=\"1024\" height=\"768\" src=\"https:\/\/franciscanos.org.br\/noticias\/wp-content\/uploads\/2024\/12\/20231217_095536.jpg\" class=\"attachment-large size-large\" alt=\"\" loading=\"lazy\" aria-describedby=\"gallery-1-253287\" \/><\/a>\n\t\t\t<\/dt>\n\t\t\t\t<dd class='wp-caption-text gallery-caption' id='gallery-1-253287'>\n\t\t\t\tFrei Miguel\n\t\t\t\t<\/dd><\/dl><br style=\"clear: both\" \/>\n\t\t<\/div>\n\n<p>Frei Andr\u00e9 nasceu em 2 de janeiro de 1986 e \u00e9 natural de Cabinda, em Angola. \u00a0Filho de Maria da Concei\u00e7\u00e3o Laba Sungo e Joaquim Ant\u00f3nio Mingas. Em sua caminhada franciscana, sua vesti\u00e7\u00e3o foi em 15 de janeiro de 2025; a Primeira Profiss\u00e3o em 05 de janeiro de 2016 e a Profiss\u00e3o Solene, no dia 13 de novembro de 2021.<\/p>\n<p>Frei Miguel \u00e9 angolano, nascido no dia 13 de janeiro de 1990, em Lobito. Filho de Filomena Namoma Tchiveve Vitorino e Ant\u00f3nio Filipe. Sua vesti\u00e7\u00e3o foi em 15 de janeiro de 2015 e a Primeira Profiss\u00e3o no dia 5 de janeiro de 2026. J\u00e1 a Profiss\u00e3o Solene foi em 13 de novembro de 2021.<\/p>\n<p>A expectativa \u00e9 receber grande parte da comunidade, al\u00e9m dos frades da FIMDA, religiosos e religiosas, familiares e convidados para celebrar com louvor os novos sacerdotes franciscanos.<\/p>\n<p><strong>O rito da ordena\u00e7\u00e3o presbiteral<\/strong><\/p>\n<p>De acordo com o site Franciscanos, o sacramento da Ordem \u00e9 constitu\u00eddo por tr\u00eas graus: episcopal, presbiteral e diaconal. Cada qual possui um rito de ordena\u00e7\u00e3o pr\u00f3prio, por\u00e9m o comum entre eles \u00e9 a imposi\u00e7\u00e3o das m\u00e3os e a prece de ordena\u00e7\u00e3o.<\/p>\n<p>O segundo grau do minist\u00e9rio da Ordem \u00e9 o presbiteral, denominado tamb\u00e9m por sacerdotal. Segundo o Pontifical Romano, a ordena\u00e7\u00e3o presbiteral \u00e9 constitu\u00edda por seis partes: elei\u00e7\u00e3o do candidato, homilia, prop\u00f3sito do eleito, ladainha, imposi\u00e7\u00e3o das m\u00e3os e prece de ordena\u00e7\u00e3o, un\u00e7\u00e3o das m\u00e3os e entrega da patena e do c\u00e1lice.<\/p>\n<p>Como as demais ordena\u00e7\u00f5es, a sacerdotal \u00e9 realizada dentro da Eucaristia. Logo ap\u00f3s a Liturgia da Palavra, d\u00e1-se in\u00edcio ao Rito de Ordena\u00e7\u00e3o Presbiteral.<\/p>\n<p>O rito segue uma ordem e \u00e9 encerrado com a b\u00ean\u00e7\u00e3o final do bispo que diz com as m\u00e3os estendidas sobre o ordenado e sobre o povo dizendo:<\/p>\n<p>\u201cDeus, pastor e guia da Igreja, te guarde constantemente com sua gra\u00e7a para cumprirdes com fidelidade os deveres de presb\u00edtero. Am\u00e9m.<\/p>\n<p>Ele te fa\u00e7a no mundo servo e testemunha da verdade e do amor de Deus e ministro fiel da reconcilia\u00e7\u00e3o. Am\u00e9m.<\/p>\n<p>Ele te fa\u00e7a verdadeiro pastor que leve ao seu povo o P\u00e3o vivo e a Palavra de vida, para que cres\u00e7a na unidade do Corpo de Cristo. Am\u00e9m.<\/p>\n<p>E a todos v\u00f3s aqui reunidos, aben\u00e7oe-vos Deus todo-poderoso, Pai e Filho e Esp\u00edrito Santo. Am\u00e9m\u201d.<\/p>\n<p>Desta forma, os jovens angolanos, Frei Andr\u00e9 e Frei Miguel, dar\u00e3o continuidade \u00e0 caminhada religiosa assumida junto \u00e0 Ordem dos Frades Menores, como sacerdotes, com as b\u00ean\u00e7\u00e3os de Deus e do Seu povo.<\/p>\n<hr \/>\n<p>Adriana Rabelo<\/p>\n","protected":false},"excerpt":{"rendered":"<p>Ordena\u00e7\u00e3o Presbiteral<\/p>\n","protected":false},"author":11,"featured_media":253285,"comment_status":"open","ping_status":"open","sticky":false,"template":"","format":"standard","meta":[],"categories":[1],"tags":[195,2266],"acf":[],"yoast_head":"<!-- This site is optimized with the Yoast SEO plugin v19.2 - https:\/\/yoast.com\/wordpress\/plugins\/seo\/ -->\n<title>Frades da FIMDA ser\u00e3o ordenados presb\u00edteros em Angola - Not\u00edcias - Franciscanos<\/title>\n<meta name=\"robots\" content=\"index, follow, max-snippet:-1, max-image-preview:large, max-video-preview:-1\" \/>\n<link rel=\"canonical\" href=\"https:\/\/franciscanos.org.br\/noticias\/frades-da-fimda-serao-ordenados-presbiteros-em-angola.html\" \/>\n<meta property=\"og:locale\" content=\"pt_BR\" \/>\n<meta property=\"og:type\" content=\"article\" \/>\n<meta property=\"og:title\" content=\"Frades da FIMDA ser\u00e3o ordenados presb\u00edteros em Angola - Not\u00edcias - Franciscanos\" \/>\n<meta property=\"og:description\" content=\"Ordena\u00e7\u00e3o Presbiteral\" \/>\n<meta property=\"og:url\" content=\"https:\/\/franciscanos.org.br\/noticias\/frades-da-fimda-serao-ordenados-presbiteros-em-angola.html\" \/>\n<meta property=\"og:site_name\" content=\"Not\u00edcias - Franciscanos\" \/>\n<meta property=\"article:published_time\" content=\"2024-12-04T14:12:28+00:00\" \/>\n<meta property=\"og:image\" content=\"https:\/\/franciscanos.org.br\/noticias\/wp-content\/uploads\/2024\/12\/WhatsApp-Image-2024-12-04-at-09.39.29-2.jpeg\" \/>\n\t<meta property=\"og:image:width\" content=\"800\" \/>\n\t<meta property=\"og:image:height\" content=\"550\" \/>\n\t<meta property=\"og:image:type\" content=\"image\/jpeg\" \/>\n<meta name=\"author\" content=\"Adriana Rabelo\" \/>\n<meta name=\"twitter:card\" content=\"summary_large_image\" \/>\n<meta name=\"twitter:label1\" content=\"Escrito por\" \/>\n\t<meta name=\"twitter:data1\" content=\"Adriana Rabelo\" \/>\n\t<meta name=\"twitter:label2\" content=\"Est. tempo de leitura\" \/>\n\t<meta name=\"twitter:data2\" content=\"3 minutos\" \/>\n<script type=\"application\/ld+json\" class=\"yoast-schema-graph\">{\"@context\":\"https:\/\/schema.org\",\"@graph\":[{\"@type\":\"WebSite\",\"@id\":\"https:\/\/franciscanos.org.br\/noticias\/#website\",\"url\":\"https:\/\/franciscanos.org.br\/noticias\/\",\"name\":\"Not\u00edcias - Franciscanos\",\"description\":\"Prov\u00edncia Franciscana da Imaculada Concei\u00e7\u00e3o do Brasil - Ordem dos Frades Menores - OFM\",\"potentialAction\":[{\"@type\":\"SearchAction\",\"target\":{\"@type\":\"EntryPoint\",\"urlTemplate\":\"https:\/\/franciscanos.org.br\/noticias\/?s={search_term_string}\"},\"query-input\":\"required name=search_term_string\"}],\"inLanguage\":\"pt-BR\"},{\"@type\":\"ImageObject\",\"inLanguage\":\"pt-BR\",\"@id\":\"https:\/\/franciscanos.org.br\/noticias\/frades-da-fimda-serao-ordenados-presbiteros-em-angola.html#primaryimage\",\"url\":\"https:\/\/franciscanos.org.br\/noticias\/wp-content\/uploads\/2024\/12\/WhatsApp-Image-2024-12-04-at-09.39.29-2.jpeg\",\"contentUrl\":\"https:\/\/franciscanos.org.br\/noticias\/wp-content\/uploads\/2024\/12\/WhatsApp-Image-2024-12-04-at-09.39.29-2.jpeg\",\"width\":800,\"height\":550},{\"@type\":\"WebPage\",\"@id\":\"https:\/\/franciscanos.org.br\/noticias\/frades-da-fimda-serao-ordenados-presbiteros-em-angola.html#webpage\",\"url\":\"https:\/\/franciscanos.org.br\/noticias\/frades-da-fimda-serao-ordenados-presbiteros-em-angola.html\",\"name\":\"Frades da FIMDA ser\u00e3o ordenados presb\u00edteros em Angola - Not\u00edcias - Franciscanos\",\"isPartOf\":{\"@id\":\"https:\/\/franciscanos.org.br\/noticias\/#website\"},\"primaryImageOfPage\":{\"@id\":\"https:\/\/franciscanos.org.br\/noticias\/frades-da-fimda-serao-ordenados-presbiteros-em-angola.html#primaryimage\"},\"datePublished\":\"2024-12-04T14:12:28+00:00\",\"dateModified\":\"2024-12-04T14:12:28+00:00\",\"author\":{\"@id\":\"https:\/\/franciscanos.org.br\/noticias\/#\/schema\/person\/d9422e83121c3ad3b0f423d195f5bb25\"},\"breadcrumb\":{\"@id\":\"https:\/\/franciscanos.org.br\/noticias\/frades-da-fimda-serao-ordenados-presbiteros-em-angola.html#breadcrumb\"},\"inLanguage\":\"pt-BR\",\"potentialAction\":[{\"@type\":\"ReadAction\",\"target\":[\"https:\/\/franciscanos.org.br\/noticias\/frades-da-fimda-serao-ordenados-presbiteros-em-angola.html\"]}]},{\"@type\":\"BreadcrumbList\",\"@id\":\"https:\/\/franciscanos.org.br\/noticias\/frades-da-fimda-serao-ordenados-presbiteros-em-angola.html#breadcrumb\",\"itemListElement\":[{\"@type\":\"ListItem\",\"position\":1,\"name\":\"Home\",\"item\":\"https:\/\/franciscanos.org.br\/noticias\"},{\"@type\":\"ListItem\",\"position\":2,\"name\":\"Frades da FIMDA ser\u00e3o ordenados presb\u00edteros em Angola\"}]},{\"@type\":\"Person\",\"@id\":\"https:\/\/franciscanos.org.br\/noticias\/#\/schema\/person\/d9422e83121c3ad3b0f423d195f5bb25\",\"name\":\"Adriana Rabelo\",\"image\":{\"@type\":\"ImageObject\",\"inLanguage\":\"pt-BR\",\"@id\":\"https:\/\/franciscanos.org.br\/noticias\/#\/schema\/person\/image\/\",\"url\":\"https:\/\/secure.gravatar.com\/avatar\/0a937b7500cd7df77540cfb8bede877d?s=96&d=mm&r=g\",\"contentUrl\":\"https:\/\/secure.gravatar.com\/avatar\/0a937b7500cd7df77540cfb8bede877d?s=96&d=mm&r=g\",\"caption\":\"Adriana Rabelo\"},\"url\":\"https:\/\/franciscanos.org.br\/noticias\/author\/adrianarabelo\"}]}<\/script>\n<!-- \/ Yoast SEO plugin. -->","yoast_head_json":{"title":"Frades da FIMDA ser\u00e3o ordenados presb\u00edteros em Angola - Not\u00edcias - Franciscanos","robots":{"index":"index","follow":"follow","max-snippet":"max-snippet:-1","max-image-preview":"max-image-preview:large","max-video-preview":"max-video-preview:-1"},"canonical":"https:\/\/franciscanos.org.br\/noticias\/frades-da-fimda-serao-ordenados-presbiteros-em-angola.html","og_locale":"pt_BR","og_type":"article","og_title":"Frades da FIMDA ser\u00e3o ordenados presb\u00edteros em Angola - Not\u00edcias - Franciscanos","og_description":"Ordena\u00e7\u00e3o Presbiteral","og_url":"https:\/\/franciscanos.org.br\/noticias\/frades-da-fimda-serao-ordenados-presbiteros-em-angola.html","og_site_name":"Not\u00edcias - Franciscanos","article_published_time":"2024-12-04T14:12:28+00:00","og_image":[{"width":800,"height":550,"url":"https:\/\/franciscanos.org.br\/noticias\/wp-content\/uploads\/2024\/12\/WhatsApp-Image-2024-12-04-at-09.39.29-2.jpeg","type":"image\/jpeg"}],"author":"Adriana Rabelo","twitter_card":"summary_large_image","twitter_misc":{"Escrito por":"Adriana Rabelo","Est. tempo de leitura":"3 minutos"},"schema":{"@context":"https:\/\/schema.org","@graph":[{"@type":"WebSite","@id":"https:\/\/franciscanos.org.br\/noticias\/#website","url":"https:\/\/franciscanos.org.br\/noticias\/","name":"Not\u00edcias - Franciscanos","description":"Prov\u00edncia Franciscana da Imaculada Concei\u00e7\u00e3o do Brasil - Ordem dos Frades Menores - OFM","potentialAction":[{"@type":"SearchAction","target":{"@type":"EntryPoint","urlTemplate":"https:\/\/franciscanos.org.br\/noticias\/?s={search_term_string}"},"query-input":"required name=search_term_string"}],"inLanguage":"pt-BR"},{"@type":"ImageObject","inLanguage":"pt-BR","@id":"https:\/\/franciscanos.org.br\/noticias\/frades-da-fimda-serao-ordenados-presbiteros-em-angola.html#primaryimage","url":"https:\/\/franciscanos.org.br\/noticias\/wp-content\/uploads\/2024\/12\/WhatsApp-Image-2024-12-04-at-09.39.29-2.jpeg","contentUrl":"https:\/\/franciscanos.org.br\/noticias\/wp-content\/uploads\/2024\/12\/WhatsApp-Image-2024-12-04-at-09.39.29-2.jpeg","width":800,"height":550},{"@type":"WebPage","@id":"https:\/\/franciscanos.org.br\/noticias\/frades-da-fimda-serao-ordenados-presbiteros-em-angola.html#webpage","url":"https:\/\/franciscanos.org.br\/noticias\/frades-da-fimda-serao-ordenados-presbiteros-em-angola.html","name":"Frades da FIMDA ser\u00e3o ordenados presb\u00edteros em Angola - Not\u00edcias - Franciscanos","isPartOf":{"@id":"https:\/\/franciscanos.org.br\/noticias\/#website"},"primaryImageOfPage":{"@id":"https:\/\/franciscanos.org.br\/noticias\/frades-da-fimda-serao-ordenados-presbiteros-em-angola.html#primaryimage"},"datePublished":"2024-12-04T14:12:28+00:00","dateModified":"2024-12-04T14:12:28+00:00","author":{"@id":"https:\/\/franciscanos.org.br\/noticias\/#\/schema\/person\/d9422e83121c3ad3b0f423d195f5bb25"},"breadcrumb":{"@id":"https:\/\/franciscanos.org.br\/noticias\/frades-da-fimda-serao-ordenados-presbiteros-em-angola.html#breadcrumb"},"inLanguage":"pt-BR","potentialAction":[{"@type":"ReadAction","target":["https:\/\/franciscanos.org.br\/noticias\/frades-da-fimda-serao-ordenados-presbiteros-em-angola.html"]}]},{"@type":"BreadcrumbList","@id":"https:\/\/franciscanos.org.br\/noticias\/frades-da-fimda-serao-ordenados-presbiteros-em-angola.html#breadcrumb","itemListElement":[{"@type":"ListItem","position":1,"name":"Home","item":"https:\/\/franciscanos.org.br\/noticias"},{"@type":"ListItem","position":2,"name":"Frades da FIMDA ser\u00e3o ordenados presb\u00edteros em Angola"}]},{"@type":"Person","@id":"https:\/\/franciscanos.org.br\/noticias\/#\/schema\/person\/d9422e83121c3ad3b0f423d195f5bb25","name":"Adriana Rabelo","image":{"@type":"ImageObject","inLanguage":"pt-BR","@id":"https:\/\/franciscanos.org.br\/noticias\/#\/schema\/person\/image\/","url":"https:\/\/secure.gravatar.com\/avatar\/0a937b7500cd7df77540cfb8bede877d?s=96&d=mm&r=g","contentUrl":"https:\/\/secure.gravatar.com\/avatar\/0a937b7500cd7df77540cfb8bede877d?s=96&d=mm&r=g","caption":"Adriana Rabelo"},"url":"https:\/\/franciscanos.org.br\/noticias\/author\/adrianarabelo"}]}},"_links":{"self":[{"href":"https:\/\/franciscanos.org.br\/noticias\/wp-json\/wp\/v2\/posts\/253284"}],"collection":[{"href":"https:\/\/franciscanos.org.br\/noticias\/wp-json\/wp\/v2\/posts"}],"about":[{"href":"https:\/\/franciscanos.org.br\/noticias\/wp-json\/wp\/v2\/types\/post"}],"author":[{"embeddable":true,"href":"https:\/\/franciscanos.org.br\/noticias\/wp-json\/wp\/v2\/users\/11"}],"replies":[{"embeddable":true,"href":"https:\/\/franciscanos.org.br\/noticias\/wp-json\/wp\/v2\/comments?post=253284"}],"version-history":[{"count":1,"href":"https:\/\/franciscanos.org.br\/noticias\/wp-json\/wp\/v2\/posts\/253284\/revisions"}],"predecessor-version":[{"id":253289,"href":"https:\/\/franciscanos.org.br\/noticias\/wp-json\/wp\/v2\/posts\/253284\/revisions\/253289"}],"wp:featuredmedia":[{"embeddable":true,"href":"https:\/\/franciscanos.org.br\/noticias\/wp-json\/wp\/v2\/media\/253285"}],"wp:attachment":[{"href":"https:\/\/franciscanos.org.br\/noticias\/wp-json\/wp\/v2\/media?parent=253284"}],"wp:term":[{"taxonomy":"category","embeddable":true,"href":"https:\/\/franciscanos.org.br\/noticias\/wp-json\/wp\/v2\/categories?post=253284"},{"taxonomy":"post_tag","embeddable":true,"href":"https:\/\/franciscanos.org.br\/noticias\/wp-json\/wp\/v2\/tags?post=253284"}],"curies":[{"name":"wp","href":"https:\/\/api.w.org\/{rel}","templated":true}]}}