{"id":253235,"date":"2024-12-02T16:07:30","date_gmt":"2024-12-02T19:07:30","guid":{"rendered":"https:\/\/franciscanos.org.br\/noticias\/?p=253235"},"modified":"2024-12-02T16:45:35","modified_gmt":"2024-12-02T19:45:35","slug":"especial-de-natal-na-paroquia-senhor-bom-jesus-dos-perdoes","status":"publish","type":"post","link":"https:\/\/franciscanos.org.br\/noticias\/especial-de-natal-na-paroquia-senhor-bom-jesus-dos-perdoes.html","title":{"rendered":"Especial de Natal na Par\u00f3quia Senhor Bom Jesus dos Perd\u00f5es"},"content":{"rendered":"<p><img loading=\"lazy\" class=\"aligncenter wp-image-253236 size-full\" src=\"https:\/\/franciscanos.org.br\/noticias\/wp-content\/uploads\/2024\/12\/banner-site-0.2-1.png\" alt=\"\" width=\"1280\" height=\"720\" srcset=\"https:\/\/franciscanos.org.br\/noticias\/wp-content\/uploads\/2024\/12\/banner-site-0.2-1.png 1280w, https:\/\/franciscanos.org.br\/noticias\/wp-content\/uploads\/2024\/12\/banner-site-0.2-1-450x253.png 450w, https:\/\/franciscanos.org.br\/noticias\/wp-content\/uploads\/2024\/12\/banner-site-0.2-1-1024x576.png 1024w, https:\/\/franciscanos.org.br\/noticias\/wp-content\/uploads\/2024\/12\/banner-site-0.2-1-768x432.png 768w, https:\/\/franciscanos.org.br\/noticias\/wp-content\/uploads\/2024\/12\/banner-site-0.2-1-150x84.png 150w\" sizes=\"(max-width: 1280px) 100vw, 1280px\" \/><\/p>\n<p>Como forma de celebrar o Advento, importante tempo de reflex\u00e3o para os crist\u00e3os cat\u00f3licos, a Par\u00f3quia Senhor Bom Jesus dos Perd\u00f5es, localizada no centro de Curitiba (PR), iniciou, no \u00faltimo dia 28 de novembro, eventos especiais em prepara\u00e7\u00e3o ao Natal de Nosso Senhor Jesus Cristo.<\/p>\n<p>A primeira atividade foi a apresenta\u00e7\u00e3o do &#8220;26\u00b0 Concerto Natalino Beneficente de \u00d3rg\u00e3o&#8221;. O evento reuniu os fi\u00e9is para prestigiar renomados m\u00fasicos e grupos, como:<\/p>\n<p><strong>Maria Esther Arce Loayza<\/strong>, de nacionalidade peruana, que iniciou os seus estudos de piano a partir dos sete anos na Escola Nacional de M\u00fasica de Lima, cursando at\u00e9 o n\u00edvel superior. Formou-se no Bacharelado de \u00d3rg\u00e3o na EMBAP (Escola de m\u00fasica e Belas Artes do Paran\u00e1). Estudou An\u00e1lise e Harmonia e foi integrante do Coral Collegium Cantorum e Nova Philarmonia. Organizadora dos Concertos Beneficentes Natalinos de \u00d3rg\u00e3o, agora em seu 25\u1d52 ano, realizada na Igreja Bom Jesus e, no ano retrasado, na Catedral Metropolitana de Curitiba. \u00c9 organista ativa em v\u00e1rias igrejas da cidade. Em 2011, organizou o Encontro Nacional de Organistas em Curitiba.<\/p>\n<p><strong>Marise Farias<\/strong>, soprano, formada em Bacharelado em canto pela Escola de M\u00fasica e Belas Artes do Paran\u00e1. Atualmente, \u00e9 professora de t\u00e9cnica vocal e atua na \u00e1rea de eventos, como casamentos, bodas, missas e cultos, serenatas e m\u00fasica ambiente para recep\u00e7\u00f5es.<\/p>\n<p><strong>Jeanine Franke Mundstock<\/strong>, natural de Porto Alegre (RS), \u00e9 primeira mestra em \u00f3rg\u00e3o formada pelo PPGMUS-UFRGS, em Pr\u00e1ticas Interpretativas. Finalizou seus estudos de piano no Conservat\u00f3rio de M\u00fasica L\u00e9o Schneider em Porto Alegre, em 1990, ano em que come\u00e7ou seus estudos iniciais de \u00d3rg\u00e3o. Fez especializa\u00e7\u00e3o em Canoas (RS). Participa anualmente de Encontros Nacionais e Latino-americanos promovidos pela ABO-Associa\u00e7\u00e3o Brasileira de Organistas, tendo exercido a fun\u00e7\u00e3o de presidente da mesma no bi\u00eanio 2009-2010. \u00c9 organista na Comunidade Evang\u00e9lica de Confiss\u00e3o Luterana S\u00e3o Marcos, tamb\u00e9m em Porto Alegre. Professora concertista solista e de c\u00e2mara em diversos locais do Brasil e exterior. Participou do Projeto \u201cConcertos Brasileiros de \u00d3rg\u00e3o\u201d, onde tocou em Riga (Let\u00f4nia) e Aveiro (Portugal), assim como dos concertos do Festival de M\u00fasica na Let\u00f4nia. Foi professora no Curso de Especializa\u00e7\u00e3o em \u00d3rg\u00e3o na Catedral de Florian\u00f3polis, em julho de 2017, promovido pela UDESC.<img loading=\"lazy\" class=\"size-medium wp-image-253237 alignright\" src=\"https:\/\/franciscanos.org.br\/noticias\/wp-content\/uploads\/2024\/12\/WhatsApp-Image-2024-12-02-at-12.02.02-3-360x450.jpeg\" alt=\"\" width=\"360\" height=\"450\" srcset=\"https:\/\/franciscanos.org.br\/noticias\/wp-content\/uploads\/2024\/12\/WhatsApp-Image-2024-12-02-at-12.02.02-3-360x450.jpeg 360w, https:\/\/franciscanos.org.br\/noticias\/wp-content\/uploads\/2024\/12\/WhatsApp-Image-2024-12-02-at-12.02.02-3-819x1024.jpeg 819w, https:\/\/franciscanos.org.br\/noticias\/wp-content\/uploads\/2024\/12\/WhatsApp-Image-2024-12-02-at-12.02.02-3-768x960.jpeg 768w, https:\/\/franciscanos.org.br\/noticias\/wp-content\/uploads\/2024\/12\/WhatsApp-Image-2024-12-02-at-12.02.02-3-150x188.jpeg 150w, https:\/\/franciscanos.org.br\/noticias\/wp-content\/uploads\/2024\/12\/WhatsApp-Image-2024-12-02-at-12.02.02-3.jpeg 864w\" sizes=\"(max-width: 360px) 100vw, 360px\" \/><\/p>\n<p><strong>Orly Bach<\/strong>, de Ponta Grossa (PR), estudou canto com o professor colombiano Miguel Oviedo; participou de festivais sendo sempre homenageada. Atua como volunt\u00e1ria no Centro de Letras do Paran\u00e1, da Academia Paranaense da Poesia, da Academia Feminina de Letras do Paran\u00e1, do Centro Paranaense Feminino de Cultura e do Instituto Neo-Pitag\u00f3rico do Paran\u00e1.<\/p>\n<p><strong>Anderson L. Ombrellino<\/strong>, maestro e um dos idealizadores do \u201c<strong>Coral VOKX<\/strong>,\u201d um grupo vocal que realiza apresenta\u00e7\u00f5es e interpreta\u00e7\u00e3o de diversos estilos musicais, especialmente Sacro, L\u00edrico e Cantatas Natalinas, que tamb\u00e9m se apresentou no evento. Ombrellino \u00e9 regente do \u201cCoral Folcl\u00f3rico Italiano Santa Felicidade\u201d. Foi maestro dos coros It\u00e1lico-CCI (Centro de Cultura Italiana), Escola de Cantores S\u00e3o Pio X e Petrobr\u00e1s Bacharel em Canto L\u00edrico, sob orienta\u00e7\u00e3o da renomada mestre mezzo-soprano Denise Sartori e da soprano Neyde Thomaz.<\/p>\n<p><strong>Coral Bom Jesus<\/strong> foi formado em 2004 por Maria Esther Arce Loayza. \u00c9 um coro de vozes mistas. Atualmente participa das celebra\u00e7\u00f5es lit\u00fargicas da Igreja Bom Jesus dos Perd\u00f5es.<\/p>\n<p><strong>Trio Barroco<\/strong> nasceu de forma despretensiosa, para participar do evento \u201cM\u00fasica e Timbre,\u201d promovido no Audit\u00f3rio Grande do SEPT-UFPR em 28 de abril deste ano. Ap\u00f3s esse evento, seus participantes animaram-se a manter o grupo musical. O Trio realizou ent\u00e3o mais tr\u00eas concertos neste meio tempo, o principal deles na cidade da Lapa, em 17 de agosto passado. O grupo \u00e9 composto pelos m\u00fasicos citados abaixo:<\/p>\n<p><strong>Alo\u00edsio Leoni Schmid<\/strong>, violinista nascido em Curitiba, atuante tanto no \u00e2mbito da m\u00fasica erudita como no da m\u00fasica popular. \u00c9 engenheiro mec\u00e2nico e professor da UFPR, na qual trabalha desde 2008, no Curso Superior de Luteria.<\/p>\n<p><strong>Orlando Fraga<\/strong>, concertista e professor de viol\u00e3o. Estudou no Conservat\u00f3rio Universit\u00e1rio de M\u00fasica de Montevid\u00e9u (Uruguai). Mestre pela The University of Western Ontario, no Canad\u00e1 e Doutor em Performance pela Eastman School of Music da Univ. de Rochester, nos Estados Unidos. \u00c9 professor titular de viol\u00e3o (gradua\u00e7\u00e3o) e de an\u00e1lise musical (p\u00f3s-gradua\u00e7\u00e3o), na Escola de M\u00fasica e Belas Artes do Paran\u00e1. Criou e dirigiu o Festival de M\u00fasica Nova, Semin\u00e1rio de Viol\u00e3o de Curitiba, Ciclo de Viol\u00e3o de Curitiba e o Simp\u00f3sio Acad\u00eamico de Viol\u00e3o da EMBAP.<\/p>\n<p><strong>Eug\u00eanio Gall<\/strong>, graduado em \u00f3rg\u00e3o pela Escola de M\u00fasica da UFRJ (Universidade Federal do Rio de Janeiro) e mestre em m\u00fasica pela mesma institui\u00e7\u00e3o. Foi organista das Igrejas Luterana do Redentor, Cristianismo Decidido e PIB em Curitiba. Atuou como colaborador do minist\u00e9rio de m\u00fasica da Primeira Igreja Batista do Rio de Janeiro. Foi por 15 anos (1999 a 2014), organista e regente na Igreja Luterana Martin Luther, \u00a0no Rio de Janeiro. Tamb\u00e9m foi organista na Igreja Batista Itacuru\u00e7\u00e1, no Rio de Janeiro e na First Baptist Mexican Church de San Antonio, no Texas, Estados Unidos.<\/p>\n<p>\u201cO\u00a026\u00b0 Concerto Natalino Beneficente de \u00d3rg\u00e3o, realizado no dia 28 de novembro, foi uma noite inesquec\u00edvel de m\u00fasica e solidariedade. Marcou o in\u00edcio da prepara\u00e7\u00e3o para o Natal com esp\u00edrito de uni\u00e3o e f\u00e9 em nossa Par\u00f3quia. E no pr\u00f3ximo dia 13 teremos o Auto de Natal, que tamb\u00e9m promete muita emo\u00e7\u00e3o\u201d, salientou o vig\u00e1rio paroquial, Frei Florival Mariano de Toledo.<\/p>\n<p>O pr\u00f3ximo evento, \u201cAuto de Natal\u201d, ser\u00e1 no dia\u00a013 de dezembro, \u00e0s\u00a019h30, e contar\u00e1 com a participa\u00e7\u00e3o de Frei Florival e membros da comunidade local, encenando a mensagem central do nascimento de Cristo, com o tema\u00a0\u201cEle Est\u00e1 no Meio de N\u00f3s\u201d.<\/p>\n<p>A participa\u00e7\u00e3o nas duas apresenta\u00e7\u00f5es \u00e9 marcada por um gesto solid\u00e1rio, por meio da doa\u00e7\u00e3o de 1 quilo de alimento n\u00e3o perec\u00edvel. Toda coleta ser\u00e1 destinada \u00e0s fam\u00edlias carentes da cidade.<\/p>\n<hr \/>\n<p>Adriana Rabelo \/ Joka Madureira- Pascom<\/p>\n","protected":false},"excerpt":{"rendered":"<p>Celebra\u00e7\u00e3o do Advento<\/p>\n","protected":false},"author":11,"featured_media":253239,"comment_status":"open","ping_status":"open","sticky":false,"template":"","format":"standard","meta":[],"categories":[1],"tags":[2257],"acf":[],"yoast_head":"<!-- This site is optimized with the Yoast SEO plugin v19.2 - https:\/\/yoast.com\/wordpress\/plugins\/seo\/ -->\n<title>Especial de Natal na Par\u00f3quia Senhor Bom Jesus dos Perd\u00f5es - Not\u00edcias - Franciscanos<\/title>\n<meta name=\"robots\" content=\"index, follow, max-snippet:-1, max-image-preview:large, max-video-preview:-1\" \/>\n<link rel=\"canonical\" href=\"https:\/\/franciscanos.org.br\/noticias\/especial-de-natal-na-paroquia-senhor-bom-jesus-dos-perdoes.html\" \/>\n<meta property=\"og:locale\" content=\"pt_BR\" \/>\n<meta property=\"og:type\" content=\"article\" \/>\n<meta property=\"og:title\" content=\"Especial de Natal na Par\u00f3quia Senhor Bom Jesus dos Perd\u00f5es - Not\u00edcias - Franciscanos\" \/>\n<meta property=\"og:description\" content=\"Celebra\u00e7\u00e3o do Advento\" \/>\n<meta property=\"og:url\" content=\"https:\/\/franciscanos.org.br\/noticias\/especial-de-natal-na-paroquia-senhor-bom-jesus-dos-perdoes.html\" \/>\n<meta property=\"og:site_name\" content=\"Not\u00edcias - Franciscanos\" \/>\n<meta property=\"article:published_time\" content=\"2024-12-02T19:07:30+00:00\" \/>\n<meta property=\"article:modified_time\" content=\"2024-12-02T19:45:35+00:00\" \/>\n<meta property=\"og:image\" content=\"https:\/\/franciscanos.org.br\/noticias\/wp-content\/uploads\/2024\/12\/banner-site-0.1.png\" \/>\n\t<meta property=\"og:image:width\" content=\"800\" \/>\n\t<meta property=\"og:image:height\" content=\"550\" \/>\n\t<meta property=\"og:image:type\" content=\"image\/png\" \/>\n<meta name=\"author\" content=\"Adriana Rabelo\" \/>\n<meta name=\"twitter:card\" content=\"summary_large_image\" \/>\n<meta name=\"twitter:label1\" content=\"Escrito por\" \/>\n\t<meta name=\"twitter:data1\" content=\"Adriana Rabelo\" \/>\n\t<meta name=\"twitter:label2\" content=\"Est. tempo de leitura\" \/>\n\t<meta name=\"twitter:data2\" content=\"5 minutos\" \/>\n<script type=\"application\/ld+json\" class=\"yoast-schema-graph\">{\"@context\":\"https:\/\/schema.org\",\"@graph\":[{\"@type\":\"WebSite\",\"@id\":\"https:\/\/franciscanos.org.br\/noticias\/#website\",\"url\":\"https:\/\/franciscanos.org.br\/noticias\/\",\"name\":\"Not\u00edcias - Franciscanos\",\"description\":\"Prov\u00edncia Franciscana da Imaculada Concei\u00e7\u00e3o do Brasil - Ordem dos Frades Menores - OFM\",\"potentialAction\":[{\"@type\":\"SearchAction\",\"target\":{\"@type\":\"EntryPoint\",\"urlTemplate\":\"https:\/\/franciscanos.org.br\/noticias\/?s={search_term_string}\"},\"query-input\":\"required name=search_term_string\"}],\"inLanguage\":\"pt-BR\"},{\"@type\":\"ImageObject\",\"inLanguage\":\"pt-BR\",\"@id\":\"https:\/\/franciscanos.org.br\/noticias\/especial-de-natal-na-paroquia-senhor-bom-jesus-dos-perdoes.html#primaryimage\",\"url\":\"https:\/\/franciscanos.org.br\/noticias\/wp-content\/uploads\/2024\/12\/banner-site-0.1.png\",\"contentUrl\":\"https:\/\/franciscanos.org.br\/noticias\/wp-content\/uploads\/2024\/12\/banner-site-0.1.png\",\"width\":800,\"height\":550},{\"@type\":\"WebPage\",\"@id\":\"https:\/\/franciscanos.org.br\/noticias\/especial-de-natal-na-paroquia-senhor-bom-jesus-dos-perdoes.html#webpage\",\"url\":\"https:\/\/franciscanos.org.br\/noticias\/especial-de-natal-na-paroquia-senhor-bom-jesus-dos-perdoes.html\",\"name\":\"Especial de Natal na Par\u00f3quia Senhor Bom Jesus dos Perd\u00f5es - Not\u00edcias - Franciscanos\",\"isPartOf\":{\"@id\":\"https:\/\/franciscanos.org.br\/noticias\/#website\"},\"primaryImageOfPage\":{\"@id\":\"https:\/\/franciscanos.org.br\/noticias\/especial-de-natal-na-paroquia-senhor-bom-jesus-dos-perdoes.html#primaryimage\"},\"datePublished\":\"2024-12-02T19:07:30+00:00\",\"dateModified\":\"2024-12-02T19:45:35+00:00\",\"author\":{\"@id\":\"https:\/\/franciscanos.org.br\/noticias\/#\/schema\/person\/d9422e83121c3ad3b0f423d195f5bb25\"},\"breadcrumb\":{\"@id\":\"https:\/\/franciscanos.org.br\/noticias\/especial-de-natal-na-paroquia-senhor-bom-jesus-dos-perdoes.html#breadcrumb\"},\"inLanguage\":\"pt-BR\",\"potentialAction\":[{\"@type\":\"ReadAction\",\"target\":[\"https:\/\/franciscanos.org.br\/noticias\/especial-de-natal-na-paroquia-senhor-bom-jesus-dos-perdoes.html\"]}]},{\"@type\":\"BreadcrumbList\",\"@id\":\"https:\/\/franciscanos.org.br\/noticias\/especial-de-natal-na-paroquia-senhor-bom-jesus-dos-perdoes.html#breadcrumb\",\"itemListElement\":[{\"@type\":\"ListItem\",\"position\":1,\"name\":\"Home\",\"item\":\"https:\/\/franciscanos.org.br\/noticias\"},{\"@type\":\"ListItem\",\"position\":2,\"name\":\"Especial de Natal na Par\u00f3quia Senhor Bom Jesus dos Perd\u00f5es\"}]},{\"@type\":\"Person\",\"@id\":\"https:\/\/franciscanos.org.br\/noticias\/#\/schema\/person\/d9422e83121c3ad3b0f423d195f5bb25\",\"name\":\"Adriana Rabelo\",\"image\":{\"@type\":\"ImageObject\",\"inLanguage\":\"pt-BR\",\"@id\":\"https:\/\/franciscanos.org.br\/noticias\/#\/schema\/person\/image\/\",\"url\":\"https:\/\/secure.gravatar.com\/avatar\/0a937b7500cd7df77540cfb8bede877d?s=96&d=mm&r=g\",\"contentUrl\":\"https:\/\/secure.gravatar.com\/avatar\/0a937b7500cd7df77540cfb8bede877d?s=96&d=mm&r=g\",\"caption\":\"Adriana Rabelo\"},\"url\":\"https:\/\/franciscanos.org.br\/noticias\/author\/adrianarabelo\"}]}<\/script>\n<!-- \/ Yoast SEO plugin. -->","yoast_head_json":{"title":"Especial de Natal na Par\u00f3quia Senhor Bom Jesus dos Perd\u00f5es - Not\u00edcias - Franciscanos","robots":{"index":"index","follow":"follow","max-snippet":"max-snippet:-1","max-image-preview":"max-image-preview:large","max-video-preview":"max-video-preview:-1"},"canonical":"https:\/\/franciscanos.org.br\/noticias\/especial-de-natal-na-paroquia-senhor-bom-jesus-dos-perdoes.html","og_locale":"pt_BR","og_type":"article","og_title":"Especial de Natal na Par\u00f3quia Senhor Bom Jesus dos Perd\u00f5es - Not\u00edcias - Franciscanos","og_description":"Celebra\u00e7\u00e3o do Advento","og_url":"https:\/\/franciscanos.org.br\/noticias\/especial-de-natal-na-paroquia-senhor-bom-jesus-dos-perdoes.html","og_site_name":"Not\u00edcias - Franciscanos","article_published_time":"2024-12-02T19:07:30+00:00","article_modified_time":"2024-12-02T19:45:35+00:00","og_image":[{"width":800,"height":550,"url":"https:\/\/franciscanos.org.br\/noticias\/wp-content\/uploads\/2024\/12\/banner-site-0.1.png","type":"image\/png"}],"author":"Adriana Rabelo","twitter_card":"summary_large_image","twitter_misc":{"Escrito por":"Adriana Rabelo","Est. tempo de leitura":"5 minutos"},"schema":{"@context":"https:\/\/schema.org","@graph":[{"@type":"WebSite","@id":"https:\/\/franciscanos.org.br\/noticias\/#website","url":"https:\/\/franciscanos.org.br\/noticias\/","name":"Not\u00edcias - Franciscanos","description":"Prov\u00edncia Franciscana da Imaculada Concei\u00e7\u00e3o do Brasil - Ordem dos Frades Menores - OFM","potentialAction":[{"@type":"SearchAction","target":{"@type":"EntryPoint","urlTemplate":"https:\/\/franciscanos.org.br\/noticias\/?s={search_term_string}"},"query-input":"required name=search_term_string"}],"inLanguage":"pt-BR"},{"@type":"ImageObject","inLanguage":"pt-BR","@id":"https:\/\/franciscanos.org.br\/noticias\/especial-de-natal-na-paroquia-senhor-bom-jesus-dos-perdoes.html#primaryimage","url":"https:\/\/franciscanos.org.br\/noticias\/wp-content\/uploads\/2024\/12\/banner-site-0.1.png","contentUrl":"https:\/\/franciscanos.org.br\/noticias\/wp-content\/uploads\/2024\/12\/banner-site-0.1.png","width":800,"height":550},{"@type":"WebPage","@id":"https:\/\/franciscanos.org.br\/noticias\/especial-de-natal-na-paroquia-senhor-bom-jesus-dos-perdoes.html#webpage","url":"https:\/\/franciscanos.org.br\/noticias\/especial-de-natal-na-paroquia-senhor-bom-jesus-dos-perdoes.html","name":"Especial de Natal na Par\u00f3quia Senhor Bom Jesus dos Perd\u00f5es - Not\u00edcias - Franciscanos","isPartOf":{"@id":"https:\/\/franciscanos.org.br\/noticias\/#website"},"primaryImageOfPage":{"@id":"https:\/\/franciscanos.org.br\/noticias\/especial-de-natal-na-paroquia-senhor-bom-jesus-dos-perdoes.html#primaryimage"},"datePublished":"2024-12-02T19:07:30+00:00","dateModified":"2024-12-02T19:45:35+00:00","author":{"@id":"https:\/\/franciscanos.org.br\/noticias\/#\/schema\/person\/d9422e83121c3ad3b0f423d195f5bb25"},"breadcrumb":{"@id":"https:\/\/franciscanos.org.br\/noticias\/especial-de-natal-na-paroquia-senhor-bom-jesus-dos-perdoes.html#breadcrumb"},"inLanguage":"pt-BR","potentialAction":[{"@type":"ReadAction","target":["https:\/\/franciscanos.org.br\/noticias\/especial-de-natal-na-paroquia-senhor-bom-jesus-dos-perdoes.html"]}]},{"@type":"BreadcrumbList","@id":"https:\/\/franciscanos.org.br\/noticias\/especial-de-natal-na-paroquia-senhor-bom-jesus-dos-perdoes.html#breadcrumb","itemListElement":[{"@type":"ListItem","position":1,"name":"Home","item":"https:\/\/franciscanos.org.br\/noticias"},{"@type":"ListItem","position":2,"name":"Especial de Natal na Par\u00f3quia Senhor Bom Jesus dos Perd\u00f5es"}]},{"@type":"Person","@id":"https:\/\/franciscanos.org.br\/noticias\/#\/schema\/person\/d9422e83121c3ad3b0f423d195f5bb25","name":"Adriana Rabelo","image":{"@type":"ImageObject","inLanguage":"pt-BR","@id":"https:\/\/franciscanos.org.br\/noticias\/#\/schema\/person\/image\/","url":"https:\/\/secure.gravatar.com\/avatar\/0a937b7500cd7df77540cfb8bede877d?s=96&d=mm&r=g","contentUrl":"https:\/\/secure.gravatar.com\/avatar\/0a937b7500cd7df77540cfb8bede877d?s=96&d=mm&r=g","caption":"Adriana Rabelo"},"url":"https:\/\/franciscanos.org.br\/noticias\/author\/adrianarabelo"}]}},"_links":{"self":[{"href":"https:\/\/franciscanos.org.br\/noticias\/wp-json\/wp\/v2\/posts\/253235"}],"collection":[{"href":"https:\/\/franciscanos.org.br\/noticias\/wp-json\/wp\/v2\/posts"}],"about":[{"href":"https:\/\/franciscanos.org.br\/noticias\/wp-json\/wp\/v2\/types\/post"}],"author":[{"embeddable":true,"href":"https:\/\/franciscanos.org.br\/noticias\/wp-json\/wp\/v2\/users\/11"}],"replies":[{"embeddable":true,"href":"https:\/\/franciscanos.org.br\/noticias\/wp-json\/wp\/v2\/comments?post=253235"}],"version-history":[{"count":4,"href":"https:\/\/franciscanos.org.br\/noticias\/wp-json\/wp\/v2\/posts\/253235\/revisions"}],"predecessor-version":[{"id":253243,"href":"https:\/\/franciscanos.org.br\/noticias\/wp-json\/wp\/v2\/posts\/253235\/revisions\/253243"}],"wp:featuredmedia":[{"embeddable":true,"href":"https:\/\/franciscanos.org.br\/noticias\/wp-json\/wp\/v2\/media\/253239"}],"wp:attachment":[{"href":"https:\/\/franciscanos.org.br\/noticias\/wp-json\/wp\/v2\/media?parent=253235"}],"wp:term":[{"taxonomy":"category","embeddable":true,"href":"https:\/\/franciscanos.org.br\/noticias\/wp-json\/wp\/v2\/categories?post=253235"},{"taxonomy":"post_tag","embeddable":true,"href":"https:\/\/franciscanos.org.br\/noticias\/wp-json\/wp\/v2\/tags?post=253235"}],"curies":[{"name":"wp","href":"https:\/\/api.w.org\/{rel}","templated":true}]}}