{"id":253215,"date":"2024-11-27T07:20:05","date_gmt":"2024-11-27T10:20:05","guid":{"rendered":"https:\/\/franciscanos.org.br\/noticias\/?p=253215"},"modified":"2024-11-27T07:20:05","modified_gmt":"2024-11-27T10:20:05","slug":"o-evangelho-e-boa-noticia-nao-se-comunica-com-a-cara-fechada","status":"publish","type":"post","link":"https:\/\/franciscanos.org.br\/noticias\/o-evangelho-e-boa-noticia-nao-se-comunica-com-a-cara-fechada.html","title":{"rendered":"O Evangelho \u00e9 boa not\u00edcia, n\u00e3o se comunica com a &#8220;cara fechada&#8221;"},"content":{"rendered":"<p><img loading=\"lazy\" class=\"aligncenter wp-image-253216 size-full\" src=\"https:\/\/franciscanos.org.br\/noticias\/wp-content\/uploads\/2024\/11\/AUDIENCIA-GERAL-MATERIA-27.11.jpg\" alt=\"\" width=\"1280\" height=\"720\" srcset=\"https:\/\/franciscanos.org.br\/noticias\/wp-content\/uploads\/2024\/11\/AUDIENCIA-GERAL-MATERIA-27.11.jpg 1280w, https:\/\/franciscanos.org.br\/noticias\/wp-content\/uploads\/2024\/11\/AUDIENCIA-GERAL-MATERIA-27.11-450x253.jpg 450w, https:\/\/franciscanos.org.br\/noticias\/wp-content\/uploads\/2024\/11\/AUDIENCIA-GERAL-MATERIA-27.11-1024x576.jpg 1024w, https:\/\/franciscanos.org.br\/noticias\/wp-content\/uploads\/2024\/11\/AUDIENCIA-GERAL-MATERIA-27.11-768x432.jpg 768w, https:\/\/franciscanos.org.br\/noticias\/wp-content\/uploads\/2024\/11\/AUDIENCIA-GERAL-MATERIA-27.11-150x84.jpg 150w\" sizes=\"(max-width: 1280px) 100vw, 1280px\" \/><\/p>\n<p>Na Audi\u00eancia Geral desta quarta-feira (27\/11), o Papa Francisco, rodeado por adolescente que ele mesmo convidou para estarem ao seu lado na Pra\u00e7a S\u00e3o Pedro, dedicou sua catequese aos frutos do Esp\u00edrito Santo, com especial \u00eanfase na alegria. Inspirado pela Ep\u00edstola aos G\u00e1latas, onde S\u00e3o Paulo descreve os frutos do Esp\u00edrito como \u201ccaridade, alegria, paz, paci\u00eancia, afabilidade, bondade, fidelidade, brandura, temperan\u00e7a\u201d (Gl 5,22), o Pont\u00edfice destacou que esses frutos nascem de uma colabora\u00e7\u00e3o entre a gra\u00e7a divina e a liberdade humana e exprimem sempre &#8220;a criatividade da pessoa, na qual \u2018a f\u00e9 opera pela caridade\u2019 (Gl 5,6), por vezes de forma surpreendente e alegre\u201d.<\/p>\n<p>&#8220;Nem todos na Igreja podem ser ap\u00f3stolos, profetas, evangelistas; mas todos n\u00f3s, sim, devemos ser caridosos, devemos ser pacientes, devemos ser humildes, construtores de paz e n\u00e3o de guerra.&#8221;<\/p>\n<p><strong>A alegria evang\u00e9lica, uma fonte inesgot\u00e1vel<\/strong><\/p>\n<p>Francisco relembrou as palavras iniciais de sua Exorta\u00e7\u00e3o Apost\u00f3lica Evangelii gaudium, sublinhando que \u201ca alegria do Evangelho enche o cora\u00e7\u00e3o e a vida inteira daqueles que se encontram com Jesus\u201d. Essa alegria, explicou o Santo Padre, n\u00e3o se desgasta com o tempo e se multiplica quando compartilhada. Diferente de qualquer outra alegria humana, marcada pela transitoriedade, a alegria evang\u00e9lica pode renovar-se diariamente e tornar-se contagiosa:<\/p>\n<p>\u201cSomente gra\u00e7as a este encontro \u2013 ou reencontro \u2013 com o amor de Deus, que se converte em amizade feliz, \u00e9 que somos resgatados da nossa consci\u00eancia isolada e da autorreferencialidade.&#8221;<\/p>\n<p><strong><img loading=\"lazy\" class=\"size-medium wp-image-253218 alignright\" src=\"https:\/\/franciscanos.org.br\/noticias\/wp-content\/uploads\/2024\/11\/AUDIENCIA-GERAL-2-27.11-450x253.jpeg\" alt=\"\" width=\"450\" height=\"253\" srcset=\"https:\/\/franciscanos.org.br\/noticias\/wp-content\/uploads\/2024\/11\/AUDIENCIA-GERAL-2-27.11-450x253.jpeg 450w, https:\/\/franciscanos.org.br\/noticias\/wp-content\/uploads\/2024\/11\/AUDIENCIA-GERAL-2-27.11-150x84.jpeg 150w, https:\/\/franciscanos.org.br\/noticias\/wp-content\/uploads\/2024\/11\/AUDIENCIA-GERAL-2-27.11.jpeg 750w\" sizes=\"(max-width: 450px) 100vw, 450px\" \/>Com Jesus, h\u00e1 sempre alegria e paz<\/strong><\/p>\n<p>Ao recordar que, na vida, haver\u00e1 momentos tristes, o Papa sublinhou que sempre haver\u00e1 paz, pois com Jesus h\u00e1 alegria e paz:<\/p>\n<p>&#8220;Tudo passa r\u00e1pido. Pensemos juntos: a juventude, a mocidade \u2013 passa r\u00e1pido \u2013, a sa\u00fade, as for\u00e7as, o bem-estar, as amizades, os amores&#8230; Duram cem anos, mas depois&#8230; n\u00e3o mais que isso. Passa r\u00e1pido. Ali\u00e1s, mesmo que essas coisas n\u00e3o passassem t\u00e3o r\u00e1pido, depois de um tempo j\u00e1 n\u00e3o bastam ou at\u00e9 se tornam tediosas, porque, como dizia Santo Agostinho dirigindo-se a Deus: &#8216;Tu nos fizeste para Ti, Senhor, e o nosso cora\u00e7\u00e3o est\u00e1 inquieto enquanto n\u00e3o repousa em Ti&#8217;. Existe essa inquieta\u00e7\u00e3o do cora\u00e7\u00e3o na busca pela beleza, pela paz, pelo amor, pela alegria.&#8221;<\/p>\n<p><strong>O exemplo de S\u00e3o Filipe Neri<\/strong><\/p>\n<p>O Papa destacou que a palavra \u201cEvangelho\u201d significa boa nova e, por isso, n\u00e3o pode ser comunicada com \u201crostos sombrios e caras fechadas\u201d. Ao recordar a exorta\u00e7\u00e3o de S\u00e3o Paulo aos Filipenses: \u201cAlegrai-vos sempre no Senhor. Repito: alegrai-vos!\u201d (Fp 4,4), o Pont\u00edfice enfatizou a import\u00e2ncia da alegria na evangeliza\u00e7\u00e3o e citou S\u00e3o Filipe Neri, conhecido como o \u201csanto da alegria\u201d:<\/p>\n<p>&#8220;S\u00e3o Filipe Neri tinha tanto amor por Deus que, por vezes, parecia que o seu cora\u00e7\u00e3o ia explodir no peito. A sua alegria era, no sentido mais pleno, um fruto do Esp\u00edrito. O santo participou do Jubileu de 1575, que ele enriqueceu com a pr\u00e1tica, mantida mais tarde, de visitar as Sete Igrejas. Foi, no seu tempo, um verdadeiro evangelizador pela alegria. E ele tinha isso justamente de Jesus, que sempre perdoava, perdoava tudo. Talvez algu\u00e9m de n\u00f3s possa pensar: &#8216;Mas eu cometi este pecado, e este n\u00e3o ter\u00e1 perd\u00e3o\u2026&#8217;. Escutem bem isto: Deus perdoa tudo, Deus perdoa sempre. E essa \u00e9 a alegria: ser perdoado por Deus. E aos padres e confessores eu sempre digo: &#8216;Perdoem tudo, n\u00e3o perguntem demais; mas perdoem tudo, tudo e sempre&#8217;.&#8221;<\/p>\n<p><strong>A for\u00e7a da evangeliza\u00e7\u00e3o<\/strong><\/p>\n<p>Ao concluir a catequese, o Papa incentivou os fi\u00e9is a refletirem sobre como compartilham a alegria do Evangelho em sua vida di\u00e1ria. \u201cA alegria de quem encontrou o tesouro escondido e a p\u00e9rola preciosa \u00e9 a verdadeira for\u00e7a da evangeliza\u00e7\u00e3o\u201d, afirmou o Pont\u00edfice, convidando todos a viver e comunicar o Evangelho com um cora\u00e7\u00e3o transbordante de alegria.<\/p>\n<p>&#8220;Caros irm\u00e3os e irm\u00e3s, sejam alegres com a alegria de Jesus em nosso cora\u00e7\u00e3o.&#8221;<\/p>\n<hr \/>\n<p><em>Thulio Fonseca &#8211; Vatican News<\/em><\/p>\n","protected":false},"excerpt":{"rendered":"<p>Audi\u00eancia Geral<\/p>\n","protected":false},"author":11,"featured_media":253217,"comment_status":"open","ping_status":"open","sticky":false,"template":"","format":"standard","meta":[],"categories":[1],"tags":[487,55],"acf":[],"yoast_head":"<!-- This site is optimized with the Yoast SEO plugin v19.2 - https:\/\/yoast.com\/wordpress\/plugins\/seo\/ -->\n<title>O Evangelho \u00e9 boa not\u00edcia, n\u00e3o se comunica com a &quot;cara fechada&quot; - Not\u00edcias - Franciscanos<\/title>\n<meta name=\"robots\" content=\"index, follow, max-snippet:-1, max-image-preview:large, max-video-preview:-1\" \/>\n<link rel=\"canonical\" href=\"https:\/\/franciscanos.org.br\/noticias\/o-evangelho-e-boa-noticia-nao-se-comunica-com-a-cara-fechada.html\" \/>\n<meta property=\"og:locale\" content=\"pt_BR\" \/>\n<meta property=\"og:type\" content=\"article\" \/>\n<meta property=\"og:title\" content=\"O Evangelho \u00e9 boa not\u00edcia, n\u00e3o se comunica com a &quot;cara fechada&quot; - Not\u00edcias - Franciscanos\" \/>\n<meta property=\"og:description\" content=\"Audi\u00eancia Geral\" \/>\n<meta property=\"og:url\" content=\"https:\/\/franciscanos.org.br\/noticias\/o-evangelho-e-boa-noticia-nao-se-comunica-com-a-cara-fechada.html\" \/>\n<meta property=\"og:site_name\" content=\"Not\u00edcias - Franciscanos\" \/>\n<meta property=\"article:published_time\" content=\"2024-11-27T10:20:05+00:00\" \/>\n<meta property=\"og:image\" content=\"https:\/\/franciscanos.org.br\/noticias\/wp-content\/uploads\/2024\/11\/audiencia-geral-chamada-27.11.jpg\" \/>\n\t<meta property=\"og:image:width\" content=\"800\" \/>\n\t<meta property=\"og:image:height\" content=\"550\" \/>\n\t<meta property=\"og:image:type\" content=\"image\/jpeg\" \/>\n<meta name=\"author\" content=\"Adriana Rabelo\" \/>\n<meta name=\"twitter:card\" content=\"summary_large_image\" \/>\n<meta name=\"twitter:label1\" content=\"Escrito por\" \/>\n\t<meta name=\"twitter:data1\" content=\"Adriana Rabelo\" \/>\n\t<meta name=\"twitter:label2\" content=\"Est. tempo de leitura\" \/>\n\t<meta name=\"twitter:data2\" content=\"3 minutos\" \/>\n<script type=\"application\/ld+json\" class=\"yoast-schema-graph\">{\"@context\":\"https:\/\/schema.org\",\"@graph\":[{\"@type\":\"WebSite\",\"@id\":\"https:\/\/franciscanos.org.br\/noticias\/#website\",\"url\":\"https:\/\/franciscanos.org.br\/noticias\/\",\"name\":\"Not\u00edcias - Franciscanos\",\"description\":\"Prov\u00edncia Franciscana da Imaculada Concei\u00e7\u00e3o do Brasil - Ordem dos Frades Menores - OFM\",\"potentialAction\":[{\"@type\":\"SearchAction\",\"target\":{\"@type\":\"EntryPoint\",\"urlTemplate\":\"https:\/\/franciscanos.org.br\/noticias\/?s={search_term_string}\"},\"query-input\":\"required name=search_term_string\"}],\"inLanguage\":\"pt-BR\"},{\"@type\":\"ImageObject\",\"inLanguage\":\"pt-BR\",\"@id\":\"https:\/\/franciscanos.org.br\/noticias\/o-evangelho-e-boa-noticia-nao-se-comunica-com-a-cara-fechada.html#primaryimage\",\"url\":\"https:\/\/franciscanos.org.br\/noticias\/wp-content\/uploads\/2024\/11\/audiencia-geral-chamada-27.11.jpg\",\"contentUrl\":\"https:\/\/franciscanos.org.br\/noticias\/wp-content\/uploads\/2024\/11\/audiencia-geral-chamada-27.11.jpg\",\"width\":800,\"height\":550},{\"@type\":\"WebPage\",\"@id\":\"https:\/\/franciscanos.org.br\/noticias\/o-evangelho-e-boa-noticia-nao-se-comunica-com-a-cara-fechada.html#webpage\",\"url\":\"https:\/\/franciscanos.org.br\/noticias\/o-evangelho-e-boa-noticia-nao-se-comunica-com-a-cara-fechada.html\",\"name\":\"O Evangelho \u00e9 boa not\u00edcia, n\u00e3o se comunica com a \\\"cara fechada\\\" - Not\u00edcias - Franciscanos\",\"isPartOf\":{\"@id\":\"https:\/\/franciscanos.org.br\/noticias\/#website\"},\"primaryImageOfPage\":{\"@id\":\"https:\/\/franciscanos.org.br\/noticias\/o-evangelho-e-boa-noticia-nao-se-comunica-com-a-cara-fechada.html#primaryimage\"},\"datePublished\":\"2024-11-27T10:20:05+00:00\",\"dateModified\":\"2024-11-27T10:20:05+00:00\",\"author\":{\"@id\":\"https:\/\/franciscanos.org.br\/noticias\/#\/schema\/person\/d9422e83121c3ad3b0f423d195f5bb25\"},\"breadcrumb\":{\"@id\":\"https:\/\/franciscanos.org.br\/noticias\/o-evangelho-e-boa-noticia-nao-se-comunica-com-a-cara-fechada.html#breadcrumb\"},\"inLanguage\":\"pt-BR\",\"potentialAction\":[{\"@type\":\"ReadAction\",\"target\":[\"https:\/\/franciscanos.org.br\/noticias\/o-evangelho-e-boa-noticia-nao-se-comunica-com-a-cara-fechada.html\"]}]},{\"@type\":\"BreadcrumbList\",\"@id\":\"https:\/\/franciscanos.org.br\/noticias\/o-evangelho-e-boa-noticia-nao-se-comunica-com-a-cara-fechada.html#breadcrumb\",\"itemListElement\":[{\"@type\":\"ListItem\",\"position\":1,\"name\":\"Home\",\"item\":\"https:\/\/franciscanos.org.br\/noticias\"},{\"@type\":\"ListItem\",\"position\":2,\"name\":\"O Evangelho \u00e9 boa not\u00edcia, n\u00e3o se comunica com a &#8220;cara fechada&#8221;\"}]},{\"@type\":\"Person\",\"@id\":\"https:\/\/franciscanos.org.br\/noticias\/#\/schema\/person\/d9422e83121c3ad3b0f423d195f5bb25\",\"name\":\"Adriana Rabelo\",\"image\":{\"@type\":\"ImageObject\",\"inLanguage\":\"pt-BR\",\"@id\":\"https:\/\/franciscanos.org.br\/noticias\/#\/schema\/person\/image\/\",\"url\":\"https:\/\/secure.gravatar.com\/avatar\/0a937b7500cd7df77540cfb8bede877d?s=96&d=mm&r=g\",\"contentUrl\":\"https:\/\/secure.gravatar.com\/avatar\/0a937b7500cd7df77540cfb8bede877d?s=96&d=mm&r=g\",\"caption\":\"Adriana Rabelo\"},\"url\":\"https:\/\/franciscanos.org.br\/noticias\/author\/adrianarabelo\"}]}<\/script>\n<!-- \/ Yoast SEO plugin. -->","yoast_head_json":{"title":"O Evangelho \u00e9 boa not\u00edcia, n\u00e3o se comunica com a \"cara fechada\" - Not\u00edcias - Franciscanos","robots":{"index":"index","follow":"follow","max-snippet":"max-snippet:-1","max-image-preview":"max-image-preview:large","max-video-preview":"max-video-preview:-1"},"canonical":"https:\/\/franciscanos.org.br\/noticias\/o-evangelho-e-boa-noticia-nao-se-comunica-com-a-cara-fechada.html","og_locale":"pt_BR","og_type":"article","og_title":"O Evangelho \u00e9 boa not\u00edcia, n\u00e3o se comunica com a \"cara fechada\" - Not\u00edcias - Franciscanos","og_description":"Audi\u00eancia Geral","og_url":"https:\/\/franciscanos.org.br\/noticias\/o-evangelho-e-boa-noticia-nao-se-comunica-com-a-cara-fechada.html","og_site_name":"Not\u00edcias - Franciscanos","article_published_time":"2024-11-27T10:20:05+00:00","og_image":[{"width":800,"height":550,"url":"https:\/\/franciscanos.org.br\/noticias\/wp-content\/uploads\/2024\/11\/audiencia-geral-chamada-27.11.jpg","type":"image\/jpeg"}],"author":"Adriana Rabelo","twitter_card":"summary_large_image","twitter_misc":{"Escrito por":"Adriana Rabelo","Est. tempo de leitura":"3 minutos"},"schema":{"@context":"https:\/\/schema.org","@graph":[{"@type":"WebSite","@id":"https:\/\/franciscanos.org.br\/noticias\/#website","url":"https:\/\/franciscanos.org.br\/noticias\/","name":"Not\u00edcias - Franciscanos","description":"Prov\u00edncia Franciscana da Imaculada Concei\u00e7\u00e3o do Brasil - Ordem dos Frades Menores - OFM","potentialAction":[{"@type":"SearchAction","target":{"@type":"EntryPoint","urlTemplate":"https:\/\/franciscanos.org.br\/noticias\/?s={search_term_string}"},"query-input":"required name=search_term_string"}],"inLanguage":"pt-BR"},{"@type":"ImageObject","inLanguage":"pt-BR","@id":"https:\/\/franciscanos.org.br\/noticias\/o-evangelho-e-boa-noticia-nao-se-comunica-com-a-cara-fechada.html#primaryimage","url":"https:\/\/franciscanos.org.br\/noticias\/wp-content\/uploads\/2024\/11\/audiencia-geral-chamada-27.11.jpg","contentUrl":"https:\/\/franciscanos.org.br\/noticias\/wp-content\/uploads\/2024\/11\/audiencia-geral-chamada-27.11.jpg","width":800,"height":550},{"@type":"WebPage","@id":"https:\/\/franciscanos.org.br\/noticias\/o-evangelho-e-boa-noticia-nao-se-comunica-com-a-cara-fechada.html#webpage","url":"https:\/\/franciscanos.org.br\/noticias\/o-evangelho-e-boa-noticia-nao-se-comunica-com-a-cara-fechada.html","name":"O Evangelho \u00e9 boa not\u00edcia, n\u00e3o se comunica com a \"cara fechada\" - Not\u00edcias - Franciscanos","isPartOf":{"@id":"https:\/\/franciscanos.org.br\/noticias\/#website"},"primaryImageOfPage":{"@id":"https:\/\/franciscanos.org.br\/noticias\/o-evangelho-e-boa-noticia-nao-se-comunica-com-a-cara-fechada.html#primaryimage"},"datePublished":"2024-11-27T10:20:05+00:00","dateModified":"2024-11-27T10:20:05+00:00","author":{"@id":"https:\/\/franciscanos.org.br\/noticias\/#\/schema\/person\/d9422e83121c3ad3b0f423d195f5bb25"},"breadcrumb":{"@id":"https:\/\/franciscanos.org.br\/noticias\/o-evangelho-e-boa-noticia-nao-se-comunica-com-a-cara-fechada.html#breadcrumb"},"inLanguage":"pt-BR","potentialAction":[{"@type":"ReadAction","target":["https:\/\/franciscanos.org.br\/noticias\/o-evangelho-e-boa-noticia-nao-se-comunica-com-a-cara-fechada.html"]}]},{"@type":"BreadcrumbList","@id":"https:\/\/franciscanos.org.br\/noticias\/o-evangelho-e-boa-noticia-nao-se-comunica-com-a-cara-fechada.html#breadcrumb","itemListElement":[{"@type":"ListItem","position":1,"name":"Home","item":"https:\/\/franciscanos.org.br\/noticias"},{"@type":"ListItem","position":2,"name":"O Evangelho \u00e9 boa not\u00edcia, n\u00e3o se comunica com a &#8220;cara fechada&#8221;"}]},{"@type":"Person","@id":"https:\/\/franciscanos.org.br\/noticias\/#\/schema\/person\/d9422e83121c3ad3b0f423d195f5bb25","name":"Adriana Rabelo","image":{"@type":"ImageObject","inLanguage":"pt-BR","@id":"https:\/\/franciscanos.org.br\/noticias\/#\/schema\/person\/image\/","url":"https:\/\/secure.gravatar.com\/avatar\/0a937b7500cd7df77540cfb8bede877d?s=96&d=mm&r=g","contentUrl":"https:\/\/secure.gravatar.com\/avatar\/0a937b7500cd7df77540cfb8bede877d?s=96&d=mm&r=g","caption":"Adriana Rabelo"},"url":"https:\/\/franciscanos.org.br\/noticias\/author\/adrianarabelo"}]}},"_links":{"self":[{"href":"https:\/\/franciscanos.org.br\/noticias\/wp-json\/wp\/v2\/posts\/253215"}],"collection":[{"href":"https:\/\/franciscanos.org.br\/noticias\/wp-json\/wp\/v2\/posts"}],"about":[{"href":"https:\/\/franciscanos.org.br\/noticias\/wp-json\/wp\/v2\/types\/post"}],"author":[{"embeddable":true,"href":"https:\/\/franciscanos.org.br\/noticias\/wp-json\/wp\/v2\/users\/11"}],"replies":[{"embeddable":true,"href":"https:\/\/franciscanos.org.br\/noticias\/wp-json\/wp\/v2\/comments?post=253215"}],"version-history":[{"count":1,"href":"https:\/\/franciscanos.org.br\/noticias\/wp-json\/wp\/v2\/posts\/253215\/revisions"}],"predecessor-version":[{"id":253219,"href":"https:\/\/franciscanos.org.br\/noticias\/wp-json\/wp\/v2\/posts\/253215\/revisions\/253219"}],"wp:featuredmedia":[{"embeddable":true,"href":"https:\/\/franciscanos.org.br\/noticias\/wp-json\/wp\/v2\/media\/253217"}],"wp:attachment":[{"href":"https:\/\/franciscanos.org.br\/noticias\/wp-json\/wp\/v2\/media?parent=253215"}],"wp:term":[{"taxonomy":"category","embeddable":true,"href":"https:\/\/franciscanos.org.br\/noticias\/wp-json\/wp\/v2\/categories?post=253215"},{"taxonomy":"post_tag","embeddable":true,"href":"https:\/\/franciscanos.org.br\/noticias\/wp-json\/wp\/v2\/tags?post=253215"}],"curies":[{"name":"wp","href":"https:\/\/api.w.org\/{rel}","templated":true}]}}