{"id":252904,"date":"2024-11-19T12:45:07","date_gmt":"2024-11-19T15:45:07","guid":{"rendered":"https:\/\/franciscanos.org.br\/noticias\/?p=252904"},"modified":"2024-11-19T12:45:07","modified_gmt":"2024-11-19T15:45:07","slug":"paroquia-sao-luiz-gonzaga-em-xaxim-celebra-nossa-senhora-da-saude","status":"publish","type":"post","link":"https:\/\/franciscanos.org.br\/noticias\/paroquia-sao-luiz-gonzaga-em-xaxim-celebra-nossa-senhora-da-saude.html","title":{"rendered":"Par\u00f3quia S\u00e3o Luiz Gonzaga, em Xaxim, celebra Nossa Senhora da Sa\u00fade"},"content":{"rendered":"<p><img loading=\"lazy\" class=\"aligncenter wp-image-252906 size-full\" src=\"https:\/\/franciscanos.org.br\/noticias\/wp-content\/uploads\/2024\/11\/MATERIA-20.jpg\" alt=\"\" width=\"1280\" height=\"720\" srcset=\"https:\/\/franciscanos.org.br\/noticias\/wp-content\/uploads\/2024\/11\/MATERIA-20.jpg 1280w, https:\/\/franciscanos.org.br\/noticias\/wp-content\/uploads\/2024\/11\/MATERIA-20-450x253.jpg 450w, https:\/\/franciscanos.org.br\/noticias\/wp-content\/uploads\/2024\/11\/MATERIA-20-1024x576.jpg 1024w, https:\/\/franciscanos.org.br\/noticias\/wp-content\/uploads\/2024\/11\/MATERIA-20-768x432.jpg 768w, https:\/\/franciscanos.org.br\/noticias\/wp-content\/uploads\/2024\/11\/MATERIA-20-150x84.jpg 150w\" sizes=\"(max-width: 1280px) 100vw, 1280px\" \/><\/p>\n<p class=\"paragraph\" style=\"margin: 0cm; margin-bottom: .0001pt; text-align: justify; line-height: 150%; vertical-align: baseline;\"><span class=\"normaltextrun\"><span style=\"font-family: 'Times',serif;\">A Par\u00f3quia S\u00e3o Luiz Gonzaga, em Xaxim (SC), celebrou com festa a sua co-padroeira, Nossa Senhora da Sa\u00fade, no 17 de novembro, \u00e0s 10h, na Igreja Matriz. A Santa Missa foi presidida por Frei Gilson Kammer e concelebrada por Frei Jacir Antonio Zolet. A comunidade do Bairro Santa Terezinha foi a respons\u00e1vel pela liturgia e cantos.<\/span><\/span><\/p>\n<p class=\"paragraph\" style=\"margin: 0cm; margin-bottom: .0001pt; text-align: justify; line-height: 150%; vertical-align: baseline;\"><span class=\"normaltextrun\"><span style=\"font-family: 'Times',serif;\"><img loading=\"lazy\" class=\"size-medium wp-image-252908 alignright\" src=\"https:\/\/franciscanos.org.br\/noticias\/wp-content\/uploads\/2024\/11\/d957435f-adcf-4a3c-bd7b-6a82aa37c47a-338x450.jpg\" alt=\"\" width=\"338\" height=\"450\" srcset=\"https:\/\/franciscanos.org.br\/noticias\/wp-content\/uploads\/2024\/11\/d957435f-adcf-4a3c-bd7b-6a82aa37c47a-338x450.jpg 338w, https:\/\/franciscanos.org.br\/noticias\/wp-content\/uploads\/2024\/11\/d957435f-adcf-4a3c-bd7b-6a82aa37c47a-768x1024.jpg 768w, https:\/\/franciscanos.org.br\/noticias\/wp-content\/uploads\/2024\/11\/d957435f-adcf-4a3c-bd7b-6a82aa37c47a-1152x1536.jpg 1152w, https:\/\/franciscanos.org.br\/noticias\/wp-content\/uploads\/2024\/11\/d957435f-adcf-4a3c-bd7b-6a82aa37c47a-1536x2048.jpg 1536w, https:\/\/franciscanos.org.br\/noticias\/wp-content\/uploads\/2024\/11\/d957435f-adcf-4a3c-bd7b-6a82aa37c47a-150x200.jpg 150w, https:\/\/franciscanos.org.br\/noticias\/wp-content\/uploads\/2024\/11\/d957435f-adcf-4a3c-bd7b-6a82aa37c47a-scaled.jpg 810w\" sizes=\"(max-width: 338px) 100vw, 338px\" \/>Para bem celebrar Nossa Senhora da Sa\u00fade, as zeladoras de Capelinha foram convidadas a participar deste momento de f\u00e9 e devo\u00e7\u00e3o na novena, que teve in\u00edcio no dia 08 de novembro. \u00a0A cada noite o grupo juntamente com sua comunidade rezaram o ter\u00e7o. No domingo festivo, diante do altar.<\/span><\/span><span class=\"eop\"><span style=\"font-family: 'Times',serif;\"> Pelo corredor central, a representa\u00e7\u00e3o de Nossa Senhora da Sa\u00fade juntamente com os s\u00edmbolos como o estetosc\u00f3pio, as ervas medicinais, o jaleco branco foi apresentado aos fi\u00e9is presentes na igreja e aos que acompanhavam nas redes sociais da par\u00f3quia no Facebook e YouTube.<\/span><\/span><\/p>\n<p><span class=\"eop\"><span style=\"font-family: 'Times',serif;\">O Evangelho do dia foi proclamado por Frei Jacir Zolet. Em sua homilia, Frei Gilson destacou a esperan\u00e7a. \u201cEstimado Frei Jacir, as comunidades presentes nesse dia, especialmente a Comunidade do Bairro Santa Terezinha que nos ajuda a celebrar essa festa dedicada \u00e0 Nossa Senhora da Sa\u00fade. A liturgia do 33\u00ba Domingo do Tempo Comum nos coloca na perspectiva da esperan\u00e7a do futuro. [&#8230;] Hoje, talvez um desses s\u00edmbolos da nossa esperan\u00e7a, ou melhor, v\u00e1rios s\u00edmbolos foram colocados aqui diante do altar, que s\u00e3o as capelinhas de Nossa Senhora que passam na grande maioria das fam\u00edlias das nossas Comunidades. Um trabalho de muito esfor\u00e7o, de muita f\u00e9, especialmente das zeladoras. E, por isso, hoje, fa\u00e7o quest\u00e3o de agradecer a cada uma de voc\u00eas por esse trabalho, por essa dedica\u00e7\u00e3o. Hoje, essa \u00e9 a esperan\u00e7a que nos alimenta para podermos celebrar Nossa Senhora da Sa\u00fade\u201d, disse o sacerdote.<\/span><\/span><\/p>\n\n\t\t<style type=\"text\/css\">\n\t\t\t#gallery-1 {\n\t\t\t\tmargin: auto;\n\t\t\t}\n\t\t\t#gallery-1 .gallery-item {\n\t\t\t\tfloat: left;\n\t\t\t\tmargin-top: 10px;\n\t\t\t\ttext-align: center;\n\t\t\t\twidth: 33%;\n\t\t\t}\n\t\t\t#gallery-1 img {\n\t\t\t\tborder: 2px solid #cfcfcf;\n\t\t\t}\n\t\t\t#gallery-1 .gallery-caption {\n\t\t\t\tmargin-left: 0;\n\t\t\t}\n\t\t\t\/* see gallery_shortcode() in wp-includes\/media.php *\/\n\t\t<\/style>\n\t\t<div id='gallery-1' class='gallery galleryid-252904 gallery-columns-3 gallery-size-thumbnail'><dl class='gallery-item'>\n\t\t\t<dt class='gallery-icon landscape'>\n\t\t\t\t<a href='https:\/\/franciscanos.org.br\/noticias\/wp-content\/uploads\/2024\/11\/1afb345e-1247-4ad9-838f-fb68cc841773-scaled.jpg'><img width=\"300\" height=\"300\" src=\"https:\/\/franciscanos.org.br\/noticias\/wp-content\/uploads\/2024\/11\/1afb345e-1247-4ad9-838f-fb68cc841773-300x300.jpg\" class=\"attachment-thumbnail size-thumbnail\" alt=\"\" loading=\"lazy\" srcset=\"https:\/\/franciscanos.org.br\/noticias\/wp-content\/uploads\/2024\/11\/1afb345e-1247-4ad9-838f-fb68cc841773-300x300.jpg 300w, https:\/\/franciscanos.org.br\/noticias\/wp-content\/uploads\/2024\/11\/1afb345e-1247-4ad9-838f-fb68cc841773-100x100.jpg 100w\" sizes=\"(max-width: 300px) 100vw, 300px\" \/><\/a>\n\t\t\t<\/dt><\/dl><dl class='gallery-item'>\n\t\t\t<dt class='gallery-icon landscape'>\n\t\t\t\t<a href='https:\/\/franciscanos.org.br\/noticias\/wp-content\/uploads\/2024\/11\/37d97f86-b14a-4011-aaf2-52eaa6b28053-scaled.jpg'><img width=\"300\" height=\"300\" src=\"https:\/\/franciscanos.org.br\/noticias\/wp-content\/uploads\/2024\/11\/37d97f86-b14a-4011-aaf2-52eaa6b28053-300x300.jpg\" class=\"attachment-thumbnail size-thumbnail\" alt=\"\" loading=\"lazy\" srcset=\"https:\/\/franciscanos.org.br\/noticias\/wp-content\/uploads\/2024\/11\/37d97f86-b14a-4011-aaf2-52eaa6b28053-300x300.jpg 300w, https:\/\/franciscanos.org.br\/noticias\/wp-content\/uploads\/2024\/11\/37d97f86-b14a-4011-aaf2-52eaa6b28053-100x100.jpg 100w\" sizes=\"(max-width: 300px) 100vw, 300px\" \/><\/a>\n\t\t\t<\/dt><\/dl><dl class='gallery-item'>\n\t\t\t<dt class='gallery-icon landscape'>\n\t\t\t\t<a href='https:\/\/franciscanos.org.br\/noticias\/wp-content\/uploads\/2024\/11\/1513be92-4b9e-49bf-8cf9-ff01702a71d8-scaled.jpg'><img width=\"300\" height=\"300\" src=\"https:\/\/franciscanos.org.br\/noticias\/wp-content\/uploads\/2024\/11\/1513be92-4b9e-49bf-8cf9-ff01702a71d8-300x300.jpg\" class=\"attachment-thumbnail size-thumbnail\" alt=\"\" loading=\"lazy\" srcset=\"https:\/\/franciscanos.org.br\/noticias\/wp-content\/uploads\/2024\/11\/1513be92-4b9e-49bf-8cf9-ff01702a71d8-300x300.jpg 300w, https:\/\/franciscanos.org.br\/noticias\/wp-content\/uploads\/2024\/11\/1513be92-4b9e-49bf-8cf9-ff01702a71d8-100x100.jpg 100w\" sizes=\"(max-width: 300px) 100vw, 300px\" \/><\/a>\n\t\t\t<\/dt><\/dl><br style=\"clear: both\" \/>\n\t\t<\/div>\n\n<p class=\"paragraph\" style=\"margin: 0cm; margin-bottom: .0001pt; text-align: justify; line-height: 150%; vertical-align: baseline;\"><span class=\"eop\"><span style=\"font-family: 'Times',serif;\"><img loading=\"lazy\" class=\"alignright wp-image-252913 size-thumbnail\" src=\"https:\/\/franciscanos.org.br\/noticias\/wp-content\/uploads\/2024\/11\/75f10968-52f3-4369-b91c-84ae63d3eacc-2-300x300.jpg\" alt=\"\" width=\"300\" height=\"300\" srcset=\"https:\/\/franciscanos.org.br\/noticias\/wp-content\/uploads\/2024\/11\/75f10968-52f3-4369-b91c-84ae63d3eacc-2-300x300.jpg 300w, https:\/\/franciscanos.org.br\/noticias\/wp-content\/uploads\/2024\/11\/75f10968-52f3-4369-b91c-84ae63d3eacc-2-100x100.jpg 100w\" sizes=\"(max-width: 300px) 100vw, 300px\" \/>As preces foram preparadas pela comunidade pedindo pela sa\u00fade e tamb\u00e9m pelos frades da par\u00f3quia, Frei Gilson, Frei Jacir, e Danilo Santos Oliveira que se prepara para sua ordena\u00e7\u00e3o em Itapeva (SP).<\/span><\/span><span class=\"eop\"><span style=\"font-family: 'Times',serif;\">Em nome da Comunidade Matriz, Rosane Gasperin, representante do conselho, agradeceu a Comunidade do Bairro Santa Terezinha, por prontamente aceitar o convite e celebrar lindamente Nossa Senhora da Sa\u00fade. A comentarista L\u00facia Paludo, em nome da Comunidade do bairro, agradeceu o convite e alegria em celebrar Nossa Senhora da Sa\u00fade. \u201cSempre digo, pe\u00e7o, que Nossa Senhora da Sa\u00fade nos de a sa\u00fade do corpo, da alma e do esp\u00edrito\u201d, afirmou Lucia.<\/span><\/span><\/p>\n<p><span class=\"eop\"><span style=\"font-family: 'Times',serif;\">Frei Gilson convidou todos a ficarem de p\u00e9. As zeladoras se colocaram em frete ao altar para receber a b\u00ean\u00e7\u00e3o com as capelinhas. Ao final, ele agradeceu a todos pela presen\u00e7a e pela participa\u00e7\u00e3o na novena e convidou para a festa social no sal\u00e3o paroquial.<\/span><\/span><\/p>\n<hr \/>\n<p class=\"paragraph\" style=\"margin: 0cm; margin-bottom: .0001pt; text-align: justify; line-height: 150%; vertical-align: baseline;\"><em>Camila Mendo- Pascom<\/em><\/p>\n","protected":false},"excerpt":{"rendered":"<p>Festa de Nossa Senhora da Sa\u00fade<\/p>\n","protected":false},"author":11,"featured_media":252918,"comment_status":"open","ping_status":"open","sticky":false,"template":"","format":"standard","meta":[],"categories":[1],"tags":[2181,1591],"acf":[],"yoast_head":"<!-- This site is optimized with the Yoast SEO plugin v19.2 - https:\/\/yoast.com\/wordpress\/plugins\/seo\/ -->\n<title>Par\u00f3quia S\u00e3o Luiz Gonzaga, em Xaxim, celebra Nossa Senhora da Sa\u00fade - Not\u00edcias - Franciscanos<\/title>\n<meta name=\"robots\" content=\"index, follow, max-snippet:-1, max-image-preview:large, max-video-preview:-1\" \/>\n<link rel=\"canonical\" href=\"https:\/\/franciscanos.org.br\/noticias\/paroquia-sao-luiz-gonzaga-em-xaxim-celebra-nossa-senhora-da-saude.html\" \/>\n<meta property=\"og:locale\" content=\"pt_BR\" \/>\n<meta property=\"og:type\" content=\"article\" \/>\n<meta property=\"og:title\" content=\"Par\u00f3quia S\u00e3o Luiz Gonzaga, em Xaxim, celebra Nossa Senhora da Sa\u00fade - Not\u00edcias - Franciscanos\" \/>\n<meta property=\"og:description\" content=\"Festa de Nossa Senhora da Sa\u00fade\" \/>\n<meta property=\"og:url\" content=\"https:\/\/franciscanos.org.br\/noticias\/paroquia-sao-luiz-gonzaga-em-xaxim-celebra-nossa-senhora-da-saude.html\" \/>\n<meta property=\"og:site_name\" content=\"Not\u00edcias - Franciscanos\" \/>\n<meta property=\"article:published_time\" content=\"2024-11-19T15:45:07+00:00\" \/>\n<meta property=\"og:image\" content=\"https:\/\/franciscanos.org.br\/noticias\/wp-content\/uploads\/2024\/11\/CHAMADA-20.jpg\" \/>\n\t<meta property=\"og:image:width\" content=\"800\" \/>\n\t<meta property=\"og:image:height\" content=\"550\" \/>\n\t<meta property=\"og:image:type\" content=\"image\/jpeg\" \/>\n<meta name=\"author\" content=\"Adriana Rabelo\" \/>\n<meta name=\"twitter:card\" content=\"summary_large_image\" \/>\n<meta name=\"twitter:label1\" content=\"Escrito por\" \/>\n\t<meta name=\"twitter:data1\" content=\"Adriana Rabelo\" \/>\n\t<meta name=\"twitter:label2\" content=\"Est. tempo de leitura\" \/>\n\t<meta name=\"twitter:data2\" content=\"2 minutos\" \/>\n<script type=\"application\/ld+json\" class=\"yoast-schema-graph\">{\"@context\":\"https:\/\/schema.org\",\"@graph\":[{\"@type\":\"WebSite\",\"@id\":\"https:\/\/franciscanos.org.br\/noticias\/#website\",\"url\":\"https:\/\/franciscanos.org.br\/noticias\/\",\"name\":\"Not\u00edcias - Franciscanos\",\"description\":\"Prov\u00edncia Franciscana da Imaculada Concei\u00e7\u00e3o do Brasil - Ordem dos Frades Menores - OFM\",\"potentialAction\":[{\"@type\":\"SearchAction\",\"target\":{\"@type\":\"EntryPoint\",\"urlTemplate\":\"https:\/\/franciscanos.org.br\/noticias\/?s={search_term_string}\"},\"query-input\":\"required name=search_term_string\"}],\"inLanguage\":\"pt-BR\"},{\"@type\":\"ImageObject\",\"inLanguage\":\"pt-BR\",\"@id\":\"https:\/\/franciscanos.org.br\/noticias\/paroquia-sao-luiz-gonzaga-em-xaxim-celebra-nossa-senhora-da-saude.html#primaryimage\",\"url\":\"https:\/\/franciscanos.org.br\/noticias\/wp-content\/uploads\/2024\/11\/CHAMADA-20.jpg\",\"contentUrl\":\"https:\/\/franciscanos.org.br\/noticias\/wp-content\/uploads\/2024\/11\/CHAMADA-20.jpg\",\"width\":800,\"height\":550},{\"@type\":\"WebPage\",\"@id\":\"https:\/\/franciscanos.org.br\/noticias\/paroquia-sao-luiz-gonzaga-em-xaxim-celebra-nossa-senhora-da-saude.html#webpage\",\"url\":\"https:\/\/franciscanos.org.br\/noticias\/paroquia-sao-luiz-gonzaga-em-xaxim-celebra-nossa-senhora-da-saude.html\",\"name\":\"Par\u00f3quia S\u00e3o Luiz Gonzaga, em Xaxim, celebra Nossa Senhora da Sa\u00fade - Not\u00edcias - Franciscanos\",\"isPartOf\":{\"@id\":\"https:\/\/franciscanos.org.br\/noticias\/#website\"},\"primaryImageOfPage\":{\"@id\":\"https:\/\/franciscanos.org.br\/noticias\/paroquia-sao-luiz-gonzaga-em-xaxim-celebra-nossa-senhora-da-saude.html#primaryimage\"},\"datePublished\":\"2024-11-19T15:45:07+00:00\",\"dateModified\":\"2024-11-19T15:45:07+00:00\",\"author\":{\"@id\":\"https:\/\/franciscanos.org.br\/noticias\/#\/schema\/person\/d9422e83121c3ad3b0f423d195f5bb25\"},\"breadcrumb\":{\"@id\":\"https:\/\/franciscanos.org.br\/noticias\/paroquia-sao-luiz-gonzaga-em-xaxim-celebra-nossa-senhora-da-saude.html#breadcrumb\"},\"inLanguage\":\"pt-BR\",\"potentialAction\":[{\"@type\":\"ReadAction\",\"target\":[\"https:\/\/franciscanos.org.br\/noticias\/paroquia-sao-luiz-gonzaga-em-xaxim-celebra-nossa-senhora-da-saude.html\"]}]},{\"@type\":\"BreadcrumbList\",\"@id\":\"https:\/\/franciscanos.org.br\/noticias\/paroquia-sao-luiz-gonzaga-em-xaxim-celebra-nossa-senhora-da-saude.html#breadcrumb\",\"itemListElement\":[{\"@type\":\"ListItem\",\"position\":1,\"name\":\"Home\",\"item\":\"https:\/\/franciscanos.org.br\/noticias\"},{\"@type\":\"ListItem\",\"position\":2,\"name\":\"Par\u00f3quia S\u00e3o Luiz Gonzaga, em Xaxim, celebra Nossa Senhora da Sa\u00fade\"}]},{\"@type\":\"Person\",\"@id\":\"https:\/\/franciscanos.org.br\/noticias\/#\/schema\/person\/d9422e83121c3ad3b0f423d195f5bb25\",\"name\":\"Adriana Rabelo\",\"image\":{\"@type\":\"ImageObject\",\"inLanguage\":\"pt-BR\",\"@id\":\"https:\/\/franciscanos.org.br\/noticias\/#\/schema\/person\/image\/\",\"url\":\"https:\/\/secure.gravatar.com\/avatar\/0a937b7500cd7df77540cfb8bede877d?s=96&d=mm&r=g\",\"contentUrl\":\"https:\/\/secure.gravatar.com\/avatar\/0a937b7500cd7df77540cfb8bede877d?s=96&d=mm&r=g\",\"caption\":\"Adriana Rabelo\"},\"url\":\"https:\/\/franciscanos.org.br\/noticias\/author\/adrianarabelo\"}]}<\/script>\n<!-- \/ Yoast SEO plugin. -->","yoast_head_json":{"title":"Par\u00f3quia S\u00e3o Luiz Gonzaga, em Xaxim, celebra Nossa Senhora da Sa\u00fade - Not\u00edcias - Franciscanos","robots":{"index":"index","follow":"follow","max-snippet":"max-snippet:-1","max-image-preview":"max-image-preview:large","max-video-preview":"max-video-preview:-1"},"canonical":"https:\/\/franciscanos.org.br\/noticias\/paroquia-sao-luiz-gonzaga-em-xaxim-celebra-nossa-senhora-da-saude.html","og_locale":"pt_BR","og_type":"article","og_title":"Par\u00f3quia S\u00e3o Luiz Gonzaga, em Xaxim, celebra Nossa Senhora da Sa\u00fade - Not\u00edcias - Franciscanos","og_description":"Festa de Nossa Senhora da Sa\u00fade","og_url":"https:\/\/franciscanos.org.br\/noticias\/paroquia-sao-luiz-gonzaga-em-xaxim-celebra-nossa-senhora-da-saude.html","og_site_name":"Not\u00edcias - Franciscanos","article_published_time":"2024-11-19T15:45:07+00:00","og_image":[{"width":800,"height":550,"url":"https:\/\/franciscanos.org.br\/noticias\/wp-content\/uploads\/2024\/11\/CHAMADA-20.jpg","type":"image\/jpeg"}],"author":"Adriana Rabelo","twitter_card":"summary_large_image","twitter_misc":{"Escrito por":"Adriana Rabelo","Est. tempo de leitura":"2 minutos"},"schema":{"@context":"https:\/\/schema.org","@graph":[{"@type":"WebSite","@id":"https:\/\/franciscanos.org.br\/noticias\/#website","url":"https:\/\/franciscanos.org.br\/noticias\/","name":"Not\u00edcias - Franciscanos","description":"Prov\u00edncia Franciscana da Imaculada Concei\u00e7\u00e3o do Brasil - Ordem dos Frades Menores - OFM","potentialAction":[{"@type":"SearchAction","target":{"@type":"EntryPoint","urlTemplate":"https:\/\/franciscanos.org.br\/noticias\/?s={search_term_string}"},"query-input":"required name=search_term_string"}],"inLanguage":"pt-BR"},{"@type":"ImageObject","inLanguage":"pt-BR","@id":"https:\/\/franciscanos.org.br\/noticias\/paroquia-sao-luiz-gonzaga-em-xaxim-celebra-nossa-senhora-da-saude.html#primaryimage","url":"https:\/\/franciscanos.org.br\/noticias\/wp-content\/uploads\/2024\/11\/CHAMADA-20.jpg","contentUrl":"https:\/\/franciscanos.org.br\/noticias\/wp-content\/uploads\/2024\/11\/CHAMADA-20.jpg","width":800,"height":550},{"@type":"WebPage","@id":"https:\/\/franciscanos.org.br\/noticias\/paroquia-sao-luiz-gonzaga-em-xaxim-celebra-nossa-senhora-da-saude.html#webpage","url":"https:\/\/franciscanos.org.br\/noticias\/paroquia-sao-luiz-gonzaga-em-xaxim-celebra-nossa-senhora-da-saude.html","name":"Par\u00f3quia S\u00e3o Luiz Gonzaga, em Xaxim, celebra Nossa Senhora da Sa\u00fade - Not\u00edcias - Franciscanos","isPartOf":{"@id":"https:\/\/franciscanos.org.br\/noticias\/#website"},"primaryImageOfPage":{"@id":"https:\/\/franciscanos.org.br\/noticias\/paroquia-sao-luiz-gonzaga-em-xaxim-celebra-nossa-senhora-da-saude.html#primaryimage"},"datePublished":"2024-11-19T15:45:07+00:00","dateModified":"2024-11-19T15:45:07+00:00","author":{"@id":"https:\/\/franciscanos.org.br\/noticias\/#\/schema\/person\/d9422e83121c3ad3b0f423d195f5bb25"},"breadcrumb":{"@id":"https:\/\/franciscanos.org.br\/noticias\/paroquia-sao-luiz-gonzaga-em-xaxim-celebra-nossa-senhora-da-saude.html#breadcrumb"},"inLanguage":"pt-BR","potentialAction":[{"@type":"ReadAction","target":["https:\/\/franciscanos.org.br\/noticias\/paroquia-sao-luiz-gonzaga-em-xaxim-celebra-nossa-senhora-da-saude.html"]}]},{"@type":"BreadcrumbList","@id":"https:\/\/franciscanos.org.br\/noticias\/paroquia-sao-luiz-gonzaga-em-xaxim-celebra-nossa-senhora-da-saude.html#breadcrumb","itemListElement":[{"@type":"ListItem","position":1,"name":"Home","item":"https:\/\/franciscanos.org.br\/noticias"},{"@type":"ListItem","position":2,"name":"Par\u00f3quia S\u00e3o Luiz Gonzaga, em Xaxim, celebra Nossa Senhora da Sa\u00fade"}]},{"@type":"Person","@id":"https:\/\/franciscanos.org.br\/noticias\/#\/schema\/person\/d9422e83121c3ad3b0f423d195f5bb25","name":"Adriana Rabelo","image":{"@type":"ImageObject","inLanguage":"pt-BR","@id":"https:\/\/franciscanos.org.br\/noticias\/#\/schema\/person\/image\/","url":"https:\/\/secure.gravatar.com\/avatar\/0a937b7500cd7df77540cfb8bede877d?s=96&d=mm&r=g","contentUrl":"https:\/\/secure.gravatar.com\/avatar\/0a937b7500cd7df77540cfb8bede877d?s=96&d=mm&r=g","caption":"Adriana Rabelo"},"url":"https:\/\/franciscanos.org.br\/noticias\/author\/adrianarabelo"}]}},"_links":{"self":[{"href":"https:\/\/franciscanos.org.br\/noticias\/wp-json\/wp\/v2\/posts\/252904"}],"collection":[{"href":"https:\/\/franciscanos.org.br\/noticias\/wp-json\/wp\/v2\/posts"}],"about":[{"href":"https:\/\/franciscanos.org.br\/noticias\/wp-json\/wp\/v2\/types\/post"}],"author":[{"embeddable":true,"href":"https:\/\/franciscanos.org.br\/noticias\/wp-json\/wp\/v2\/users\/11"}],"replies":[{"embeddable":true,"href":"https:\/\/franciscanos.org.br\/noticias\/wp-json\/wp\/v2\/comments?post=252904"}],"version-history":[{"count":6,"href":"https:\/\/franciscanos.org.br\/noticias\/wp-json\/wp\/v2\/posts\/252904\/revisions"}],"predecessor-version":[{"id":252919,"href":"https:\/\/franciscanos.org.br\/noticias\/wp-json\/wp\/v2\/posts\/252904\/revisions\/252919"}],"wp:featuredmedia":[{"embeddable":true,"href":"https:\/\/franciscanos.org.br\/noticias\/wp-json\/wp\/v2\/media\/252918"}],"wp:attachment":[{"href":"https:\/\/franciscanos.org.br\/noticias\/wp-json\/wp\/v2\/media?parent=252904"}],"wp:term":[{"taxonomy":"category","embeddable":true,"href":"https:\/\/franciscanos.org.br\/noticias\/wp-json\/wp\/v2\/categories?post=252904"},{"taxonomy":"post_tag","embeddable":true,"href":"https:\/\/franciscanos.org.br\/noticias\/wp-json\/wp\/v2\/tags?post=252904"}],"curies":[{"name":"wp","href":"https:\/\/api.w.org\/{rel}","templated":true}]}}