{"id":252885,"date":"2024-11-19T10:15:48","date_gmt":"2024-11-19T13:15:48","guid":{"rendered":"https:\/\/franciscanos.org.br\/noticias\/?p=252885"},"modified":"2024-11-19T14:46:06","modified_gmt":"2024-11-19T17:46:06","slug":"desafios-e-esperancas-na-luta-contra-o-suicidio-ecologico","status":"publish","type":"post","link":"https:\/\/franciscanos.org.br\/noticias\/desafios-e-esperancas-na-luta-contra-o-suicidio-ecologico.html","title":{"rendered":"Desafios e esperan\u00e7as na luta contra o &#8220;Suic\u00eddio Ecol\u00f3gico&#8221;"},"content":{"rendered":"<div id=\"attachment_252886\" style=\"width: 1290px\" class=\"wp-caption alignnone\"><img aria-describedby=\"caption-attachment-252886\" loading=\"lazy\" class=\"wp-image-252886 size-full\" src=\"https:\/\/franciscanos.org.br\/noticias\/wp-content\/uploads\/2024\/11\/materia-19.jpg\" alt=\"\" width=\"1280\" height=\"720\" srcset=\"https:\/\/franciscanos.org.br\/noticias\/wp-content\/uploads\/2024\/11\/materia-19.jpg 1280w, https:\/\/franciscanos.org.br\/noticias\/wp-content\/uploads\/2024\/11\/materia-19-450x253.jpg 450w, https:\/\/franciscanos.org.br\/noticias\/wp-content\/uploads\/2024\/11\/materia-19-1024x576.jpg 1024w, https:\/\/franciscanos.org.br\/noticias\/wp-content\/uploads\/2024\/11\/materia-19-768x432.jpg 768w, https:\/\/franciscanos.org.br\/noticias\/wp-content\/uploads\/2024\/11\/materia-19-150x84.jpg 150w\" sizes=\"(max-width: 1280px) 100vw, 1280px\" \/><p id=\"caption-attachment-252886\" class=\"wp-caption-text\">Ag\u00eancia Gov | via BNDES<\/p><\/div>\n<p>O mundo est\u00e1 vivendo momentos importantes para tomadas de decis\u00f5es que envolvem metas para o enfrentamento das quest\u00f5es clim\u00e1ticas que t\u00eam afetado intensamente a humanidade nos \u00faltimos anos, mas especialmente neste ano de 2024.<\/p>\n<p>L\u00edderes globais, representantes de governos, organiza\u00e7\u00f5es n\u00e3o governamentais e especialistas est\u00e3o reunidos em Baku, Arzeibaij\u00e3o, desde o dia 11 de novembro, para debater e apresentar solu\u00e7\u00f5es para o fortalecimento dos compromissos clim\u00e1ticos nacionais (NDCs), o financiamento clim\u00e1tico e a busca por mecanismos de perdas e danos para apoiar comunidades afetadas pelas mudan\u00e7as clim\u00e1ticas.<\/p>\n<div id=\"attachment_252887\" style=\"width: 460px\" class=\"wp-caption alignright\"><img aria-describedby=\"caption-attachment-252887\" loading=\"lazy\" class=\"wp-image-252887 size-medium\" src=\"https:\/\/franciscanos.org.br\/noticias\/wp-content\/uploads\/2024\/11\/cop-29-450x269.webp\" alt=\"\" width=\"450\" height=\"269\" srcset=\"https:\/\/franciscanos.org.br\/noticias\/wp-content\/uploads\/2024\/11\/cop-29-450x269.webp 450w, https:\/\/franciscanos.org.br\/noticias\/wp-content\/uploads\/2024\/11\/cop-29-1024x613.webp 1024w, https:\/\/franciscanos.org.br\/noticias\/wp-content\/uploads\/2024\/11\/cop-29-768x459.webp 768w, https:\/\/franciscanos.org.br\/noticias\/wp-content\/uploads\/2024\/11\/cop-29-150x90.webp 150w, https:\/\/franciscanos.org.br\/noticias\/wp-content\/uploads\/2024\/11\/cop-29.webp 1170w\" sizes=\"(max-width: 450px) 100vw, 450px\" \/><p id=\"caption-attachment-252887\" class=\"wp-caption-text\">APEXBrasil\/Divulga\u00e7\u00e3o<\/p><\/div>\n<p>H\u00e1 tamb\u00e9m um foco em mercados de carbono e a\u00e7\u00f5es de adapta\u00e7\u00e3o, como a amplia\u00e7\u00e3o de financiamento para projetos resilientes em pa\u00edses em desenvolvimento. As atividades ser\u00e3o encerradas no pr\u00f3ximo dia 22. Organizado anualmente pela ONU como parte da Conven\u00e7\u00e3o-Quadro das Na\u00e7\u00f5es Unidas sobre Mudan\u00e7a do Clima (UNFCCC), este \u00e9 o principal f\u00f3rum global para negocia\u00e7\u00f5es clim\u00e1ticas, tendo sido estabelecido na C\u00fapula da Terra de 1992, no Rio de Janeiro, com a participa\u00e7\u00e3o de mais de 190 pa\u00edses.<\/p>\n<p>J\u00e1 no Brasil, nesta segunda e ter\u00e7a-feira, 18 e 19 de novembro, re\u00fane-se o G20, Grupo dos Vinte, que \u00e9 um f\u00f3rum internacional formado pelas 19 maiores economias do mundo mais a Uni\u00e3o Europeia. Ele foi criado em 1999 para promover a coopera\u00e7\u00e3o econ\u00f4mica e financeira global, sendo considerado um dos principais espa\u00e7os para discuss\u00e3o de quest\u00f5es econ\u00f4micas e pol\u00edticas globais.<\/p>\n<p>Na atualidade, o G20 desempenha papel fundamental no enfrentamento de crises econ\u00f4micas e ambientais. Este \u00e9 o primeiro ano que o pa\u00eds sedia a c\u00fapula, com foco em sustentabilidade, mudan\u00e7as clim\u00e1ticas e coopera\u00e7\u00e3o para o desenvolvimento\u200b. O fato \u00e9 considerado uma oportunidade hist\u00f3rica para o Brasil, que assume um papel de destaque em discuss\u00f5es globais a partir de temas relevantes para o futuro da humanidade.<\/p>\n<p>Paralelo a esse evento, entre os dias 14 e 16 deste m\u00eas, tamb\u00e9m ocorreu na capital carioca a C\u00fapula dos Povos Frente ao G20, com o tema: \u201cVida acima do Lucro: Povos e Natureza n\u00e3o est\u00e3o \u00e0 venda!\u201d. A iniciativa \u00e9 de organiza\u00e7\u00f5es da sociedade civil e movimentos sociais, que desde 2012 ocorre no mesmo per\u00edodo das grandes confer\u00eancias globais, com o objetivo de ressaltar a agenda popular e o compromisso com as necessidades dos mais vulner\u00e1veis.<\/p>\n<div id=\"attachment_252890\" style=\"width: 496px\" class=\"wp-caption alignleft\"><img aria-describedby=\"caption-attachment-252890\" loading=\"lazy\" class=\"wp-image-252890 \" src=\"https:\/\/franciscanos.org.br\/noticias\/wp-content\/uploads\/2024\/11\/g20-450x226.jpeg\" alt=\"\" width=\"486\" height=\"244\" srcset=\"https:\/\/franciscanos.org.br\/noticias\/wp-content\/uploads\/2024\/11\/g20-450x226.jpeg 450w, https:\/\/franciscanos.org.br\/noticias\/wp-content\/uploads\/2024\/11\/g20-150x75.jpeg 150w, https:\/\/franciscanos.org.br\/noticias\/wp-content\/uploads\/2024\/11\/g20.jpeg 768w\" sizes=\"(max-width: 486px) 100vw, 486px\" \/><p id=\"caption-attachment-252890\" class=\"wp-caption-text\">Ricardo Stuckert\/PR<\/p><\/div>\n<p>Neste ano, o Sefras \u2013 A\u00e7\u00e3o Social Franciscana \u2013, organiza\u00e7\u00e3o humanit\u00e1ria vinculada \u00e0 Prov\u00edncia Franciscana da Imaculada Concei\u00e7\u00e3o do Brasil, esteve presente com o prop\u00f3sito de fortalecer a \u201cagenda dos invisibilizados\u201d, abordando temas essenciais para as pessoas em situa\u00e7\u00e3o de rua, idosos, imigrantes e outros grupos em situa\u00e7\u00e3o de vulnerabilidade.<\/p>\n<p>Enquanto a COP29 e o G20 trabalham com mecanismos pol\u00edticos e econ\u00f4micos, a Enc\u00edclica Laudato Si\u2019 oferece uma base moral e espiritual para as a\u00e7\u00f5es clim\u00e1ticas, incentivando governos e indiv\u00edduos a tomarem decis\u00f5es que beneficiem toda a cria\u00e7\u00e3o e promovam a equidade global na luta pela preserva\u00e7\u00e3o da Casa Comum.<\/p>\n<p>Nesses ambientes de debates e acordos, nos quais as lideran\u00e7as e c\u00e9lulas da sociedade est\u00e3o envolvidos, a Igreja Cat\u00f3lica tamb\u00e9m ganha for\u00e7a com pautas que j\u00e1 est\u00e3o sendo refletidas e levadas para o debate h\u00e1 anos e fortalecidas pela Enc\u00edclica Laudato Si\u2019, que foi publicada em 2015 pelo Papa Francisco, tendo como inspira\u00e7\u00e3o as palavras de S\u00e3o Francisco de Assis \u201cLouvado sejas, meu Senhor\u201d. Foi um documento nunca antes abordado por um Papa, trazendo \u00e0 tona importantes reflex\u00f5es sobre o forte agravamento da crise clim\u00e1tica e a preocupa\u00e7\u00e3o do Pont\u00edfice com uma convers\u00e3o ecol\u00f3gica urgente de \u201ctodas as pessoas de boa vontade\u201d.<\/p>\n<p>De acordo com o Movimento Laudato Si\u2019, uma rede global dedicada \u00e0 promo\u00e7\u00e3o e mobiliza\u00e7\u00e3o dos princ\u00edpios da Enc\u00edclica do Papa Francisco sobre o cuidado com a nossa Casa Comum, as palavras de outros papas, bispos e santos fizeram Francisco se conscientizar de que a Igreja precisava de um texto sobre a ecologia integral. Seu objetivo era levar os cat\u00f3licos e todas as pessoas ao redor do mundo a agirem para reduzir o impacto humano sobre o meio ambiente e preservar nossa Casa Comum para as gera\u00e7\u00f5es presentes e futuras. Pr\u00f3xima de completar 10 anos, a Enc\u00edclica continua sendo atual e fonte de importantes reflex\u00f5es para o futuro da humanidade.<\/p>\n<p><strong>Entrevista com Carlos Nobre<\/strong><\/p>\n<div id=\"attachment_252893\" style=\"width: 460px\" class=\"wp-caption alignright\"><img aria-describedby=\"caption-attachment-252893\" loading=\"lazy\" class=\"wp-image-252893 size-medium\" src=\"https:\/\/franciscanos.org.br\/noticias\/wp-content\/uploads\/2024\/11\/WhatsApp-Image-2024-11-19-at-10.06.53-450x375.jpeg\" alt=\"\" width=\"450\" height=\"375\" srcset=\"https:\/\/franciscanos.org.br\/noticias\/wp-content\/uploads\/2024\/11\/WhatsApp-Image-2024-11-19-at-10.06.53-450x375.jpeg 450w, https:\/\/franciscanos.org.br\/noticias\/wp-content\/uploads\/2024\/11\/WhatsApp-Image-2024-11-19-at-10.06.53-768x640.jpeg 768w, https:\/\/franciscanos.org.br\/noticias\/wp-content\/uploads\/2024\/11\/WhatsApp-Image-2024-11-19-at-10.06.53-150x125.jpeg 150w, https:\/\/franciscanos.org.br\/noticias\/wp-content\/uploads\/2024\/11\/WhatsApp-Image-2024-11-19-at-10.06.53.jpeg 1024w\" sizes=\"(max-width: 450px) 100vw, 450px\" \/><p id=\"caption-attachment-252893\" class=\"wp-caption-text\">Cientista Carlos Nobre<\/p><\/div>\n<p>Em entrevista ao Site Franciscanos, o climatologista Carlos Nobre, um dos cientistas brasileiros mais conhecidos mundialmente, falou sobre a COP 29, a situa\u00e7\u00e3o do Brasil e a import\u00e2ncia da extens\u00e3o dos debates sobre a situa\u00e7\u00e3o clim\u00e1tica no mundo, com o prop\u00f3sito de evitar o que chama de \u201csuic\u00eddio ecol\u00f3gico\u201d.<\/p>\n<p>\u201cDesde o acordo de Paris, em 2015, e depois quando foi reformulado na COP 26, em 2021, na Esc\u00f3cia, quando foram colocadas metas muito abrangentes e desafiadoras. No entanto, a ci\u00eancia, naquela \u00e9poca, indicava que n\u00e3o poder\u00edamos deixar o aquecimento global passar de 1,5\u00b0 C e, se chegasse a 2\u00b0 C, seria um desastre, o que significaria um suic\u00eddio ecol\u00f3gico para o planeta. Na ocasi\u00e3o, todos os pa\u00edses assinaram e colocaram suas metas para n\u00e3o deixar a temperatura passar de 1,5\u00b0 C.<\/p>\n<p>Segundo ele, a quest\u00e3o \u00e9 que j\u00e1 chegamos na temperatura que era para ser evitada e estamos assim h\u00e1 16 meses. Entre janeiro e setembro deste ano, o planeta est\u00e1 1,54\u00b0 C mais quente, explicou. Ele salientou que esse aumento de temperatura estava sendo associado ao fen\u00f4meno <em>El Ni\u00f1o<\/em>, acreditando que a situa\u00e7\u00e3o passaria, mas isso n\u00e3o aconteceu com o final dessa manifesta\u00e7\u00e3o da natureza. O cientista ainda explicou que o aquecimento anormal e a persistente da superf\u00edcie do Oceano Pac\u00edfico na linha do Equador provocado pelo <em>El Ni\u00f1o<\/em> induziram \u00e0 seca recorde na Amaz\u00f4nia.<\/p>\n<p>\u201cSe a temperatura continuar subindo dessa forma at\u00e9 2026, a situa\u00e7\u00e3o ir\u00e1 se agravar ainda mais, pois, na verdade, essa alta era esperada para 2050. Diante disso, todas as metas relacionadas \u00e0 emiss\u00e3o dever\u00e3o ser muito mais r\u00e1pidas e, consequentemente, mais desafiadoras. Essa \u00e9 uma das realidades da COP\u201d, salientou.<\/p>\n<p>Carlos Nobre afirmou que, at\u00e9 o momento, n\u00e3o se discute muito a necessidade de acelerar a redu\u00e7\u00e3o das emiss\u00f5es. \u201cNas \u00faltimas COPs, apenas deram continuidade \u00e0s ideias das metas de 2023 para redu\u00e7\u00e3o de emiss\u00e3o em 43% at\u00e9 2025 e zerar as emiss\u00f5es l\u00edquidas at\u00e9 2050.<\/p>\n<p>Como crit\u00e9rio de esclarecimento, a redu\u00e7\u00e3o de emiss\u00f5es refere-se \u00e0s a\u00e7\u00f5es e medidas tomadas para diminuir a quantidade de gases de efeito estufa ou outros poluentes emitidos na atmosfera. Essas emiss\u00f5es podem ser provenientes de diversas atividades humanas, como a queima de combust\u00edveis f\u00f3sseis, desmatamento, agricultura, processos industriais e transporte.<\/p>\n<p>Com a manuten\u00e7\u00e3o da alta da temperatura, o cientista questiona: \u201cSer\u00e1 que a COP29 vai acelerar? Vai buscar metas mais abrangentes?\u201d Ele ainda lembrou que os pa\u00edses t\u00eam at\u00e9 o primeiro semestre de 2025 para colocarem suas novas metas.<\/p>\n<p>De acordo com o site de not\u00edcias G1, no \u00faltimo dia 8 de novembro o Brasil apresentou seu posicionamento. O vice-presidente Geraldo Alckmin defendeu e classificou como &#8220;ambiciosa&#8221; a meta brasileira de redu\u00e7\u00e3o de gases do efeito estufa em at\u00e9 67% antes de 2035.<\/p>\n<p>Diante do cen\u00e1rio alarmante, Carlos Nobre citou as elei\u00e7\u00f5es norte-americanas e a volta do presidente Donald Trump, e disse ser um momento muito preocupante. \u201cEle j\u00e1 disse que far\u00e1 novamente o que fez em 2017, quando tirou os Estados Unidos do acordo de Paris. Desta vez, o presidente da Argentina, Javier Milei, retirou sua delega\u00e7\u00e3o da COP. Ele disse que faria isso quando foi eleito.\u201d<\/p>\n<p>J\u00e1 no encontro do G20, o presidente argentino assinou, nesta segunda-feira (18\/11), a ades\u00e3o formal \u00e0 Alian\u00e7a Global contra a Fome e a Pobreza, proposta do Brasil e uma das prioridades do presidente Luiz In\u00e1cio Lula da Silva para o grupo.<\/p>\n<p>Voltando \u00e0 quest\u00e3o do clima e \u00e0 participa\u00e7\u00e3o do Brasil, o climatologista explicou que o pa\u00eds est\u00e1 progredindo em suas a\u00e7\u00f5es com a redu\u00e7\u00e3o do n\u00famero de desmatamento na Amaz\u00f4nia e no Serrado. De acordo com ele, o objetivo \u00e9 zerar o desmatamento at\u00e9 2030. Na COP28, o governo brasileiro lan\u00e7ou a meta em suas Contribui\u00e7\u00f5es Nacionais Determinadas (NDCs, na sigla em ingl\u00eas) de restaurar 240 mil quil\u00f4metros quadrados na Amaz\u00f4nia brasileira. \u201cIsso \u00e9 muito importante, assim como a transi\u00e7\u00e3o energ\u00e9tica que vai ajudar a reduzir a queima de combust\u00edveis f\u00f3sseis.\u201d No entanto, Carlos Nobre alertou que um ponto mais complicado s\u00e3o as emiss\u00f5es da agropecu\u00e1ria.<\/p>\n<p>Quando questionado sobre as quest\u00f5es clim\u00e1ticas, os impactos na sociedade, especialmente entre a popula\u00e7\u00e3o mais carente e o posicionamento da Igreja Cat\u00f3lica diante das quest\u00f5es de preserva\u00e7\u00e3o da Casa Comum, a partir da enc\u00edclica Laudato Si\u2019, o cientista foi esclarecedor. \u201cOs extremos clim\u00e1ticos que batemos em 2024, com as ondas de calor, seca, inunda\u00e7\u00f5es, chuvas, rajadas de vento, provocou uma enorme perturba\u00e7\u00e3o e um enorme desafio tamb\u00e9m para o equil\u00edbrio socioecon\u00f4mico. As pessoas mais pobres s\u00e3o as mais afetadas por esses eventos. Buscar uma solu\u00e7\u00e3o para a emerg\u00eancia clim\u00e1tica \u00e9 tamb\u00e9m n\u00e3o causar a destrui\u00e7\u00e3o da vida das popula\u00e7\u00f5es mais vulner\u00e1veis, pois s\u00e3o as que mais sofrem\u201d, afirmou.<\/p>\n<p>De acordo com o cientista, n\u00e3o podemos permitir um suic\u00eddio ecol\u00f3gico do planeta. \u201cPrecisamos reduzir drasticamente a emiss\u00e3o, assim como um projeto de recupera\u00e7\u00e3o dos biomas que perturbamos por muitos s\u00e9culos.\u201d<\/p>\n<p>Carlos Nobre considera a mensagem do Papa Francisco muito interessante, porque de fato tamb\u00e9m representa um reconhecimento da cultura de preserva\u00e7\u00e3o dos povos ind\u00edgenas que sempre mantiveram os biomas e conseguiram lidar com a biodiversidade, fazendo uso dela, se alimentando, sem destruir. \u201cPor isso acredito que a ecologia integral \u00e9 o caminho para que possamos proteger e recuperar a biodiversidade.\u201d<\/p>\n<p>A cita\u00e7\u00e3o 13 da Enc\u00edclica Laudato Si\u2019, diz que: \u201c O urgente desafio de proteger a nossa Casa Comum inclui a preocupa\u00e7\u00e3o de unir toda a fam\u00edlia humana na busca de um desenvolvimento sustent\u00e1vel e integral, pois sabemos que as coisas podem mudar\u201d.<\/p>\n<p><strong>Solidariedade Global<\/strong><\/p>\n<div id=\"attachment_252895\" style=\"width: 460px\" class=\"wp-caption alignright\"><img aria-describedby=\"caption-attachment-252895\" loading=\"lazy\" class=\"wp-image-252895 size-medium\" src=\"https:\/\/franciscanos.org.br\/noticias\/wp-content\/uploads\/2024\/11\/g20-papa-450x253.jpeg\" alt=\"\" width=\"450\" height=\"253\" srcset=\"https:\/\/franciscanos.org.br\/noticias\/wp-content\/uploads\/2024\/11\/g20-papa-450x253.jpeg 450w, https:\/\/franciscanos.org.br\/noticias\/wp-content\/uploads\/2024\/11\/g20-papa-150x84.jpeg 150w, https:\/\/franciscanos.org.br\/noticias\/wp-content\/uploads\/2024\/11\/g20-papa.jpeg 750w\" sizes=\"(max-width: 450px) 100vw, 450px\" \/><p id=\"caption-attachment-252895\" class=\"wp-caption-text\">Cardeal Pietro Parolin, no G20<\/p><\/div>\n<p>Nesta segunda-feira, 18 de novembro, dia da abertura da reuni\u00e3o do G20, no Rio de Janeiro, o Papa Francisco enviou uma mensagem, que foi lida pelo Secret\u00e1rio de Estado do Vaticano, cardeal Pietro Parolin, durante o lan\u00e7amento da Alian\u00e7a Global Contra a Fome e a Pobreza.<\/p>\n<p>De acordo com o site Vatican News, no texto endere\u00e7ado ao presidente do Brasil, Luiz In\u00e1cio Lula da Silva, o Pont\u00edfice faz um apelo por solidariedade global e coordena\u00e7\u00e3o entre as na\u00e7\u00f5es para enfrentar injusti\u00e7as sociais e econ\u00f4micas, e sublinha que a\u00e7\u00f5es imediatas e conjuntas s\u00e3o indispens\u00e1veis para erradicar a fome e a pobreza, com foco na dignidade humana, no acesso aos bens essenciais e na redistribui\u00e7\u00e3o justa de recursos.<\/p>\n<p>\u201cA implementa\u00e7\u00e3o de medidas eficazes requer um compromisso concreto dos governos, das organiza\u00e7\u00f5es internacionais e da sociedade como um todo. A centralidade da dignidade humana, dada por Deus, de cada indiv\u00edduo, o acesso aos bens essenciais e a justa distribui\u00e7\u00e3o de recursos devem ser priorizados em todas as agendas pol\u00edticas e sociais\u201d, afirmou o Pont\u00edfice.<\/p>\n<hr \/>\n<p><em>Adriana Rabelo<\/em><\/p>\n","protected":false},"excerpt":{"rendered":"<p>Casa Comum<\/p>\n","protected":false},"author":11,"featured_media":252898,"comment_status":"open","ping_status":"open","sticky":false,"template":"","format":"standard","meta":[],"categories":[1],"tags":[2259,2258,2260],"acf":[],"yoast_head":"<!-- This site is optimized with the Yoast SEO plugin v19.2 - https:\/\/yoast.com\/wordpress\/plugins\/seo\/ -->\n<title>Desafios e esperan\u00e7as na luta contra o &quot;Suic\u00eddio Ecol\u00f3gico&quot; - Not\u00edcias - Franciscanos<\/title>\n<meta name=\"robots\" content=\"index, follow, max-snippet:-1, max-image-preview:large, max-video-preview:-1\" \/>\n<link rel=\"canonical\" href=\"https:\/\/franciscanos.org.br\/noticias\/desafios-e-esperancas-na-luta-contra-o-suicidio-ecologico.html\" \/>\n<meta property=\"og:locale\" content=\"pt_BR\" \/>\n<meta property=\"og:type\" content=\"article\" \/>\n<meta property=\"og:title\" content=\"Desafios e esperan\u00e7as na luta contra o &quot;Suic\u00eddio Ecol\u00f3gico&quot; - Not\u00edcias - Franciscanos\" \/>\n<meta property=\"og:description\" content=\"Casa Comum\" \/>\n<meta property=\"og:url\" content=\"https:\/\/franciscanos.org.br\/noticias\/desafios-e-esperancas-na-luta-contra-o-suicidio-ecologico.html\" \/>\n<meta property=\"og:site_name\" content=\"Not\u00edcias - Franciscanos\" \/>\n<meta property=\"article:published_time\" content=\"2024-11-19T13:15:48+00:00\" \/>\n<meta property=\"article:modified_time\" content=\"2024-11-19T17:46:06+00:00\" \/>\n<meta property=\"og:image\" content=\"https:\/\/franciscanos.org.br\/noticias\/wp-content\/uploads\/2024\/11\/CHAMADA-19.jpg\" \/>\n\t<meta property=\"og:image:width\" content=\"800\" \/>\n\t<meta property=\"og:image:height\" content=\"550\" \/>\n\t<meta property=\"og:image:type\" content=\"image\/jpeg\" \/>\n<meta name=\"author\" content=\"Adriana Rabelo\" \/>\n<meta name=\"twitter:card\" content=\"summary_large_image\" \/>\n<meta name=\"twitter:label1\" content=\"Escrito por\" \/>\n\t<meta name=\"twitter:data1\" content=\"Adriana Rabelo\" \/>\n\t<meta name=\"twitter:label2\" content=\"Est. tempo de leitura\" \/>\n\t<meta name=\"twitter:data2\" content=\"10 minutos\" \/>\n<script type=\"application\/ld+json\" class=\"yoast-schema-graph\">{\"@context\":\"https:\/\/schema.org\",\"@graph\":[{\"@type\":\"WebSite\",\"@id\":\"https:\/\/franciscanos.org.br\/noticias\/#website\",\"url\":\"https:\/\/franciscanos.org.br\/noticias\/\",\"name\":\"Not\u00edcias - Franciscanos\",\"description\":\"Prov\u00edncia Franciscana da Imaculada Concei\u00e7\u00e3o do Brasil - Ordem dos Frades Menores - OFM\",\"potentialAction\":[{\"@type\":\"SearchAction\",\"target\":{\"@type\":\"EntryPoint\",\"urlTemplate\":\"https:\/\/franciscanos.org.br\/noticias\/?s={search_term_string}\"},\"query-input\":\"required name=search_term_string\"}],\"inLanguage\":\"pt-BR\"},{\"@type\":\"ImageObject\",\"inLanguage\":\"pt-BR\",\"@id\":\"https:\/\/franciscanos.org.br\/noticias\/desafios-e-esperancas-na-luta-contra-o-suicidio-ecologico.html#primaryimage\",\"url\":\"https:\/\/franciscanos.org.br\/noticias\/wp-content\/uploads\/2024\/11\/CHAMADA-19.jpg\",\"contentUrl\":\"https:\/\/franciscanos.org.br\/noticias\/wp-content\/uploads\/2024\/11\/CHAMADA-19.jpg\",\"width\":800,\"height\":550},{\"@type\":\"WebPage\",\"@id\":\"https:\/\/franciscanos.org.br\/noticias\/desafios-e-esperancas-na-luta-contra-o-suicidio-ecologico.html#webpage\",\"url\":\"https:\/\/franciscanos.org.br\/noticias\/desafios-e-esperancas-na-luta-contra-o-suicidio-ecologico.html\",\"name\":\"Desafios e esperan\u00e7as na luta contra o \\\"Suic\u00eddio Ecol\u00f3gico\\\" - Not\u00edcias - Franciscanos\",\"isPartOf\":{\"@id\":\"https:\/\/franciscanos.org.br\/noticias\/#website\"},\"primaryImageOfPage\":{\"@id\":\"https:\/\/franciscanos.org.br\/noticias\/desafios-e-esperancas-na-luta-contra-o-suicidio-ecologico.html#primaryimage\"},\"datePublished\":\"2024-11-19T13:15:48+00:00\",\"dateModified\":\"2024-11-19T17:46:06+00:00\",\"author\":{\"@id\":\"https:\/\/franciscanos.org.br\/noticias\/#\/schema\/person\/d9422e83121c3ad3b0f423d195f5bb25\"},\"breadcrumb\":{\"@id\":\"https:\/\/franciscanos.org.br\/noticias\/desafios-e-esperancas-na-luta-contra-o-suicidio-ecologico.html#breadcrumb\"},\"inLanguage\":\"pt-BR\",\"potentialAction\":[{\"@type\":\"ReadAction\",\"target\":[\"https:\/\/franciscanos.org.br\/noticias\/desafios-e-esperancas-na-luta-contra-o-suicidio-ecologico.html\"]}]},{\"@type\":\"BreadcrumbList\",\"@id\":\"https:\/\/franciscanos.org.br\/noticias\/desafios-e-esperancas-na-luta-contra-o-suicidio-ecologico.html#breadcrumb\",\"itemListElement\":[{\"@type\":\"ListItem\",\"position\":1,\"name\":\"Home\",\"item\":\"https:\/\/franciscanos.org.br\/noticias\"},{\"@type\":\"ListItem\",\"position\":2,\"name\":\"Desafios e esperan\u00e7as na luta contra o &#8220;Suic\u00eddio Ecol\u00f3gico&#8221;\"}]},{\"@type\":\"Person\",\"@id\":\"https:\/\/franciscanos.org.br\/noticias\/#\/schema\/person\/d9422e83121c3ad3b0f423d195f5bb25\",\"name\":\"Adriana Rabelo\",\"image\":{\"@type\":\"ImageObject\",\"inLanguage\":\"pt-BR\",\"@id\":\"https:\/\/franciscanos.org.br\/noticias\/#\/schema\/person\/image\/\",\"url\":\"https:\/\/secure.gravatar.com\/avatar\/0a937b7500cd7df77540cfb8bede877d?s=96&d=mm&r=g\",\"contentUrl\":\"https:\/\/secure.gravatar.com\/avatar\/0a937b7500cd7df77540cfb8bede877d?s=96&d=mm&r=g\",\"caption\":\"Adriana Rabelo\"},\"url\":\"https:\/\/franciscanos.org.br\/noticias\/author\/adrianarabelo\"}]}<\/script>\n<!-- \/ Yoast SEO plugin. -->","yoast_head_json":{"title":"Desafios e esperan\u00e7as na luta contra o \"Suic\u00eddio Ecol\u00f3gico\" - Not\u00edcias - Franciscanos","robots":{"index":"index","follow":"follow","max-snippet":"max-snippet:-1","max-image-preview":"max-image-preview:large","max-video-preview":"max-video-preview:-1"},"canonical":"https:\/\/franciscanos.org.br\/noticias\/desafios-e-esperancas-na-luta-contra-o-suicidio-ecologico.html","og_locale":"pt_BR","og_type":"article","og_title":"Desafios e esperan\u00e7as na luta contra o \"Suic\u00eddio Ecol\u00f3gico\" - Not\u00edcias - Franciscanos","og_description":"Casa Comum","og_url":"https:\/\/franciscanos.org.br\/noticias\/desafios-e-esperancas-na-luta-contra-o-suicidio-ecologico.html","og_site_name":"Not\u00edcias - Franciscanos","article_published_time":"2024-11-19T13:15:48+00:00","article_modified_time":"2024-11-19T17:46:06+00:00","og_image":[{"width":800,"height":550,"url":"https:\/\/franciscanos.org.br\/noticias\/wp-content\/uploads\/2024\/11\/CHAMADA-19.jpg","type":"image\/jpeg"}],"author":"Adriana Rabelo","twitter_card":"summary_large_image","twitter_misc":{"Escrito por":"Adriana Rabelo","Est. tempo de leitura":"10 minutos"},"schema":{"@context":"https:\/\/schema.org","@graph":[{"@type":"WebSite","@id":"https:\/\/franciscanos.org.br\/noticias\/#website","url":"https:\/\/franciscanos.org.br\/noticias\/","name":"Not\u00edcias - Franciscanos","description":"Prov\u00edncia Franciscana da Imaculada Concei\u00e7\u00e3o do Brasil - Ordem dos Frades Menores - OFM","potentialAction":[{"@type":"SearchAction","target":{"@type":"EntryPoint","urlTemplate":"https:\/\/franciscanos.org.br\/noticias\/?s={search_term_string}"},"query-input":"required name=search_term_string"}],"inLanguage":"pt-BR"},{"@type":"ImageObject","inLanguage":"pt-BR","@id":"https:\/\/franciscanos.org.br\/noticias\/desafios-e-esperancas-na-luta-contra-o-suicidio-ecologico.html#primaryimage","url":"https:\/\/franciscanos.org.br\/noticias\/wp-content\/uploads\/2024\/11\/CHAMADA-19.jpg","contentUrl":"https:\/\/franciscanos.org.br\/noticias\/wp-content\/uploads\/2024\/11\/CHAMADA-19.jpg","width":800,"height":550},{"@type":"WebPage","@id":"https:\/\/franciscanos.org.br\/noticias\/desafios-e-esperancas-na-luta-contra-o-suicidio-ecologico.html#webpage","url":"https:\/\/franciscanos.org.br\/noticias\/desafios-e-esperancas-na-luta-contra-o-suicidio-ecologico.html","name":"Desafios e esperan\u00e7as na luta contra o \"Suic\u00eddio Ecol\u00f3gico\" - Not\u00edcias - Franciscanos","isPartOf":{"@id":"https:\/\/franciscanos.org.br\/noticias\/#website"},"primaryImageOfPage":{"@id":"https:\/\/franciscanos.org.br\/noticias\/desafios-e-esperancas-na-luta-contra-o-suicidio-ecologico.html#primaryimage"},"datePublished":"2024-11-19T13:15:48+00:00","dateModified":"2024-11-19T17:46:06+00:00","author":{"@id":"https:\/\/franciscanos.org.br\/noticias\/#\/schema\/person\/d9422e83121c3ad3b0f423d195f5bb25"},"breadcrumb":{"@id":"https:\/\/franciscanos.org.br\/noticias\/desafios-e-esperancas-na-luta-contra-o-suicidio-ecologico.html#breadcrumb"},"inLanguage":"pt-BR","potentialAction":[{"@type":"ReadAction","target":["https:\/\/franciscanos.org.br\/noticias\/desafios-e-esperancas-na-luta-contra-o-suicidio-ecologico.html"]}]},{"@type":"BreadcrumbList","@id":"https:\/\/franciscanos.org.br\/noticias\/desafios-e-esperancas-na-luta-contra-o-suicidio-ecologico.html#breadcrumb","itemListElement":[{"@type":"ListItem","position":1,"name":"Home","item":"https:\/\/franciscanos.org.br\/noticias"},{"@type":"ListItem","position":2,"name":"Desafios e esperan\u00e7as na luta contra o &#8220;Suic\u00eddio Ecol\u00f3gico&#8221;"}]},{"@type":"Person","@id":"https:\/\/franciscanos.org.br\/noticias\/#\/schema\/person\/d9422e83121c3ad3b0f423d195f5bb25","name":"Adriana Rabelo","image":{"@type":"ImageObject","inLanguage":"pt-BR","@id":"https:\/\/franciscanos.org.br\/noticias\/#\/schema\/person\/image\/","url":"https:\/\/secure.gravatar.com\/avatar\/0a937b7500cd7df77540cfb8bede877d?s=96&d=mm&r=g","contentUrl":"https:\/\/secure.gravatar.com\/avatar\/0a937b7500cd7df77540cfb8bede877d?s=96&d=mm&r=g","caption":"Adriana Rabelo"},"url":"https:\/\/franciscanos.org.br\/noticias\/author\/adrianarabelo"}]}},"_links":{"self":[{"href":"https:\/\/franciscanos.org.br\/noticias\/wp-json\/wp\/v2\/posts\/252885"}],"collection":[{"href":"https:\/\/franciscanos.org.br\/noticias\/wp-json\/wp\/v2\/posts"}],"about":[{"href":"https:\/\/franciscanos.org.br\/noticias\/wp-json\/wp\/v2\/types\/post"}],"author":[{"embeddable":true,"href":"https:\/\/franciscanos.org.br\/noticias\/wp-json\/wp\/v2\/users\/11"}],"replies":[{"embeddable":true,"href":"https:\/\/franciscanos.org.br\/noticias\/wp-json\/wp\/v2\/comments?post=252885"}],"version-history":[{"count":13,"href":"https:\/\/franciscanos.org.br\/noticias\/wp-json\/wp\/v2\/posts\/252885\/revisions"}],"predecessor-version":[{"id":252921,"href":"https:\/\/franciscanos.org.br\/noticias\/wp-json\/wp\/v2\/posts\/252885\/revisions\/252921"}],"wp:featuredmedia":[{"embeddable":true,"href":"https:\/\/franciscanos.org.br\/noticias\/wp-json\/wp\/v2\/media\/252898"}],"wp:attachment":[{"href":"https:\/\/franciscanos.org.br\/noticias\/wp-json\/wp\/v2\/media?parent=252885"}],"wp:term":[{"taxonomy":"category","embeddable":true,"href":"https:\/\/franciscanos.org.br\/noticias\/wp-json\/wp\/v2\/categories?post=252885"},{"taxonomy":"post_tag","embeddable":true,"href":"https:\/\/franciscanos.org.br\/noticias\/wp-json\/wp\/v2\/tags?post=252885"}],"curies":[{"name":"wp","href":"https:\/\/api.w.org\/{rel}","templated":true}]}}