{"id":252874,"date":"2024-11-19T09:00:40","date_gmt":"2024-11-19T12:00:40","guid":{"rendered":"https:\/\/franciscanos.org.br\/noticias\/?p=252874"},"modified":"2025-03-10T16:14:29","modified_gmt":"2025-03-10T19:14:29","slug":"estagios-vocacionais-13-jovens-no-caminho-do-sav-ao-ceu","status":"publish","type":"post","link":"https:\/\/franciscanos.org.br\/noticias\/estagios-vocacionais-13-jovens-no-caminho-do-sav-ao-ceu.html","title":{"rendered":"Est\u00e1gios vocacionais: 13 jovens no caminho do SAV ao c\u00e9u"},"content":{"rendered":"<p><img loading=\"lazy\" class=\"aligncenter wp-image-252875 size-full\" src=\"https:\/\/franciscanos.org.br\/noticias\/wp-content\/uploads\/2024\/11\/banner-site-0.2.png\" alt=\"\" width=\"1280\" height=\"720\" srcset=\"https:\/\/franciscanos.org.br\/noticias\/wp-content\/uploads\/2024\/11\/banner-site-0.2.png 1280w, https:\/\/franciscanos.org.br\/noticias\/wp-content\/uploads\/2024\/11\/banner-site-0.2-450x253.png 450w, https:\/\/franciscanos.org.br\/noticias\/wp-content\/uploads\/2024\/11\/banner-site-0.2-1024x576.png 1024w, https:\/\/franciscanos.org.br\/noticias\/wp-content\/uploads\/2024\/11\/banner-site-0.2-768x432.png 768w, https:\/\/franciscanos.org.br\/noticias\/wp-content\/uploads\/2024\/11\/banner-site-0.2-150x84.png 150w\" sizes=\"(max-width: 1280px) 100vw, 1280px\" \/><\/p>\n<p>\u201cO que vamos fazer no meio do caminho?\u201d \u2013 na nossa exist\u00eancia passeamos em duas certezas: a de que n\u00e3o podemos mudar o in\u00edcio dela (escolher em qual fam\u00edlia nasceremos, o per\u00edodo hist\u00f3rico que passaremos por essa terra, se teremos mais irm\u00e3os&#8230;); e a de que estamos de passagem e qualquer hora chegaremos ao fim de nossa peregrina\u00e7\u00e3o, sem saber o dia ou a hora. Dado isto, poder\u00edamos assumir uma postura de quem tenta mudar o passado que n\u00e3o muda ou ent\u00e3o prever o futuro imprevis\u00edvel. Um gasto energ\u00e9tico \u00e0 toa. N\u00e3o nos cabe mudar o in\u00edcio ou marcar o fim. Mas ent\u00e3o, o que nos resta? Curtir o meio do caminho.<\/p>\n<div id=\"attachment_252876\" style=\"width: 1290px\" class=\"wp-caption alignnone\"><img aria-describedby=\"caption-attachment-252876\" loading=\"lazy\" class=\"wp-image-252876 size-full\" src=\"https:\/\/franciscanos.org.br\/noticias\/wp-content\/uploads\/2024\/11\/materia-1-SAV.jpg\" alt=\"\" width=\"1280\" height=\"720\" srcset=\"https:\/\/franciscanos.org.br\/noticias\/wp-content\/uploads\/2024\/11\/materia-1-SAV.jpg 1280w, https:\/\/franciscanos.org.br\/noticias\/wp-content\/uploads\/2024\/11\/materia-1-SAV-450x253.jpg 450w, https:\/\/franciscanos.org.br\/noticias\/wp-content\/uploads\/2024\/11\/materia-1-SAV-1024x576.jpg 1024w, https:\/\/franciscanos.org.br\/noticias\/wp-content\/uploads\/2024\/11\/materia-1-SAV-768x432.jpg 768w, https:\/\/franciscanos.org.br\/noticias\/wp-content\/uploads\/2024\/11\/materia-1-SAV-150x84.jpg 150w\" sizes=\"(max-width: 1280px) 100vw, 1280px\" \/><p id=\"caption-attachment-252876\" class=\"wp-caption-text\">Jovens no Semin\u00e1rio Frei Galv\u00e3o<\/p><\/div>\n<p>\u00c9 o que seis jovens buscaram realizar entre 31 de outubro e 3 de novembro, em Guaratinguet\u00e1 (SP), no Semin\u00e1rio Frei Galv\u00e3o e outros sete, em Curitiba (PR), nos dias 15 e 17 de novembro, na Fraternidade Senhor Bom Jesus dos Perd\u00f5es: curtir o meio do caminho. Neste per\u00edodo conhecido como est\u00e1gio vocacional eles procuraram discernir aquilo que lhes \u00e9 dado conhecer: a sua voca\u00e7\u00e3o, dom do meio do caminho. S\u00e1bios que s\u00e3o, n\u00e3o perderam tempo com tentar entender o in\u00edcio ou controlar o fim, mas perceberam que a gra\u00e7a est\u00e1 em justamente perceber o seu lugar no mundo, na Igreja e especialmente, no cora\u00e7\u00e3o da pr\u00f3pria consci\u00eancia, livre para amar e servir.<\/p>\n<p>Neste discernimento foram oportunizados momentos de reflex\u00e3o, forma\u00e7\u00e3o, autoconhecimento, atividades laborais, conviv\u00eancia fraterna, ora\u00e7\u00e3o, medita\u00e7\u00e3o e lazer. O respiro de rotinas cansativas tamb\u00e9m oportunizou a parada necess\u00e1ria para alinhar bem o que se faz no caminho, uma vez que quando n\u00e3o se sabe a dire\u00e7\u00e3o, qualquer rota serve. Mas para os 13 jovens n\u00e3o! N\u00e3o serve qualquer destino: o Cristo \u00e9 o fim.<\/p>\n<div id=\"attachment_252877\" style=\"width: 1290px\" class=\"wp-caption alignnone\"><img aria-describedby=\"caption-attachment-252877\" loading=\"lazy\" class=\"wp-image-252877 size-full\" src=\"https:\/\/franciscanos.org.br\/noticias\/wp-content\/uploads\/2024\/11\/materia-2-SAV.jpg\" alt=\"\" width=\"1280\" height=\"720\" srcset=\"https:\/\/franciscanos.org.br\/noticias\/wp-content\/uploads\/2024\/11\/materia-2-SAV.jpg 1280w, https:\/\/franciscanos.org.br\/noticias\/wp-content\/uploads\/2024\/11\/materia-2-SAV-450x253.jpg 450w, https:\/\/franciscanos.org.br\/noticias\/wp-content\/uploads\/2024\/11\/materia-2-SAV-1024x576.jpg 1024w, https:\/\/franciscanos.org.br\/noticias\/wp-content\/uploads\/2024\/11\/materia-2-SAV-768x432.jpg 768w, https:\/\/franciscanos.org.br\/noticias\/wp-content\/uploads\/2024\/11\/materia-2-SAV-150x84.jpg 150w\" sizes=\"(max-width: 1280px) 100vw, 1280px\" \/><p id=\"caption-attachment-252877\" class=\"wp-caption-text\">Est\u00e1gio na Fraternidade Senhor Bom Jesus dos Perd\u00f5es<\/p><\/div>\n<p>A partir desse est\u00e1gio o discernimento continua sendo aprofundado na conviv\u00eancia com os frades menores, procurando observar como que a nossa Ordem diz uma resposta de qualidade para aproveitar o tempo entre o feto e o p\u00f3, entre o SAV e o c\u00e9u. Estes encontros foram focados naqueles jovens que j\u00e1 possuem o ensino m\u00e9dio. A partir do pr\u00f3ximo ano viver\u00e3o a experi\u00eancia de acompanhar mais de perto a vida de uma fraternidade, sendo inseridos numa realidade da Prov\u00edncia para bem discernirem meio do caminho e depois ingressar no Postulantado.<\/p>\n<p>Para os jovens que n\u00e3o conclu\u00edram o Ensino M\u00e9dio, outra modalidade est\u00e1 sendo prevista: encontros mensais nas fraternidades e, nas f\u00e9rias de janeiro e julho, um per\u00edodo mais intenso em uma de nossas fraternidades, reunindo o grupo todo. Assim, sonhamos a t\u00e3o amada cultura vocacional. N\u00e3o queremos apenas que eles sejam frades, mas, antes de tudo, no discernimento, encontrem a felicidade, a realiza\u00e7\u00e3o de suas aspira\u00e7\u00f5es. E se essas comungarem conosco, Deus seja louvado! Irm\u00e3o, seja bem-vindo! Rezemos pelas voca\u00e7\u00f5es!<\/p>\n<hr \/>\n<p>Frei Gabriel Dellandrea e Frei Je\u00e2 Paulo Andrade<\/p>\n\n\t\t<style type=\"text\/css\">\n\t\t\t#gallery-1 {\n\t\t\t\tmargin: auto;\n\t\t\t}\n\t\t\t#gallery-1 .gallery-item {\n\t\t\t\tfloat: left;\n\t\t\t\tmargin-top: 10px;\n\t\t\t\ttext-align: center;\n\t\t\t\twidth: 50%;\n\t\t\t}\n\t\t\t#gallery-1 img {\n\t\t\t\tborder: 2px solid #cfcfcf;\n\t\t\t}\n\t\t\t#gallery-1 .gallery-caption {\n\t\t\t\tmargin-left: 0;\n\t\t\t}\n\t\t\t\/* see gallery_shortcode() in wp-includes\/media.php *\/\n\t\t<\/style>\n\t\t<div id='gallery-1' class='gallery galleryid-252874 gallery-columns-2 gallery-size-medium'><dl class='gallery-item'>\n\t\t\t<dt class='gallery-icon landscape'>\n\t\t\t\t<a href='https:\/\/franciscanos.org.br\/noticias\/wp-content\/uploads\/2024\/11\/IMG20241116074253-1-scaled.jpg'><img width=\"450\" height=\"338\" src=\"https:\/\/franciscanos.org.br\/noticias\/wp-content\/uploads\/2024\/11\/IMG20241116074253-1-450x338.jpg\" class=\"attachment-medium size-medium\" alt=\"\" loading=\"lazy\" srcset=\"https:\/\/franciscanos.org.br\/noticias\/wp-content\/uploads\/2024\/11\/IMG20241116074253-1-450x338.jpg 450w, https:\/\/franciscanos.org.br\/noticias\/wp-content\/uploads\/2024\/11\/IMG20241116074253-1-1024x768.jpg 1024w, https:\/\/franciscanos.org.br\/noticias\/wp-content\/uploads\/2024\/11\/IMG20241116074253-1-768x576.jpg 768w, https:\/\/franciscanos.org.br\/noticias\/wp-content\/uploads\/2024\/11\/IMG20241116074253-1-1536x1152.jpg 1536w, https:\/\/franciscanos.org.br\/noticias\/wp-content\/uploads\/2024\/11\/IMG20241116074253-1-2048x1536.jpg 2048w, https:\/\/franciscanos.org.br\/noticias\/wp-content\/uploads\/2024\/11\/IMG20241116074253-1-150x113.jpg 150w, https:\/\/franciscanos.org.br\/noticias\/wp-content\/uploads\/2024\/11\/IMG20241116074253-1-600x450.jpg 600w, https:\/\/franciscanos.org.br\/noticias\/wp-content\/uploads\/2024\/11\/IMG20241116074253-1-scaled.jpg 1440w\" sizes=\"(max-width: 450px) 100vw, 450px\" \/><\/a>\n\t\t\t<\/dt><\/dl><dl class='gallery-item'>\n\t\t\t<dt class='gallery-icon landscape'>\n\t\t\t\t<a href='https:\/\/franciscanos.org.br\/noticias\/wp-content\/uploads\/2024\/11\/IMG20241116104545-scaled.jpg'><img width=\"450\" height=\"338\" src=\"https:\/\/franciscanos.org.br\/noticias\/wp-content\/uploads\/2024\/11\/IMG20241116104545-450x338.jpg\" class=\"attachment-medium size-medium\" alt=\"\" loading=\"lazy\" srcset=\"https:\/\/franciscanos.org.br\/noticias\/wp-content\/uploads\/2024\/11\/IMG20241116104545-450x338.jpg 450w, https:\/\/franciscanos.org.br\/noticias\/wp-content\/uploads\/2024\/11\/IMG20241116104545-1024x768.jpg 1024w, https:\/\/franciscanos.org.br\/noticias\/wp-content\/uploads\/2024\/11\/IMG20241116104545-768x576.jpg 768w, https:\/\/franciscanos.org.br\/noticias\/wp-content\/uploads\/2024\/11\/IMG20241116104545-1536x1152.jpg 1536w, https:\/\/franciscanos.org.br\/noticias\/wp-content\/uploads\/2024\/11\/IMG20241116104545-2048x1536.jpg 2048w, https:\/\/franciscanos.org.br\/noticias\/wp-content\/uploads\/2024\/11\/IMG20241116104545-150x113.jpg 150w, https:\/\/franciscanos.org.br\/noticias\/wp-content\/uploads\/2024\/11\/IMG20241116104545-600x450.jpg 600w, https:\/\/franciscanos.org.br\/noticias\/wp-content\/uploads\/2024\/11\/IMG20241116104545-scaled.jpg 1440w\" sizes=\"(max-width: 450px) 100vw, 450px\" \/><\/a>\n\t\t\t<\/dt><\/dl><br style=\"clear: both\" \/><dl class='gallery-item'>\n\t\t\t<dt class='gallery-icon landscape'>\n\t\t\t\t<a href='https:\/\/franciscanos.org.br\/noticias\/wp-content\/uploads\/2024\/11\/Imagem-do-WhatsApp-de-2024-11-02-as-17.46.54_b0db49a0.jpg'><img width=\"450\" height=\"338\" src=\"https:\/\/franciscanos.org.br\/noticias\/wp-content\/uploads\/2024\/11\/Imagem-do-WhatsApp-de-2024-11-02-as-17.46.54_b0db49a0-450x338.jpg\" class=\"attachment-medium size-medium\" alt=\"\" loading=\"lazy\" srcset=\"https:\/\/franciscanos.org.br\/noticias\/wp-content\/uploads\/2024\/11\/Imagem-do-WhatsApp-de-2024-11-02-as-17.46.54_b0db49a0-450x338.jpg 450w, https:\/\/franciscanos.org.br\/noticias\/wp-content\/uploads\/2024\/11\/Imagem-do-WhatsApp-de-2024-11-02-as-17.46.54_b0db49a0-1024x768.jpg 1024w, https:\/\/franciscanos.org.br\/noticias\/wp-content\/uploads\/2024\/11\/Imagem-do-WhatsApp-de-2024-11-02-as-17.46.54_b0db49a0-768x576.jpg 768w, https:\/\/franciscanos.org.br\/noticias\/wp-content\/uploads\/2024\/11\/Imagem-do-WhatsApp-de-2024-11-02-as-17.46.54_b0db49a0-1536x1152.jpg 1536w, https:\/\/franciscanos.org.br\/noticias\/wp-content\/uploads\/2024\/11\/Imagem-do-WhatsApp-de-2024-11-02-as-17.46.54_b0db49a0-150x113.jpg 150w, https:\/\/franciscanos.org.br\/noticias\/wp-content\/uploads\/2024\/11\/Imagem-do-WhatsApp-de-2024-11-02-as-17.46.54_b0db49a0-600x450.jpg 600w, https:\/\/franciscanos.org.br\/noticias\/wp-content\/uploads\/2024\/11\/Imagem-do-WhatsApp-de-2024-11-02-as-17.46.54_b0db49a0.jpg 1440w\" sizes=\"(max-width: 450px) 100vw, 450px\" \/><\/a>\n\t\t\t<\/dt><\/dl><dl class='gallery-item'>\n\t\t\t<dt class='gallery-icon landscape'>\n\t\t\t\t<a href='https:\/\/franciscanos.org.br\/noticias\/wp-content\/uploads\/2024\/11\/Imagem-do-WhatsApp-de-2024-11-17-as-17.53.21_9573f5e7.jpg'><img width=\"450\" height=\"359\" src=\"https:\/\/franciscanos.org.br\/noticias\/wp-content\/uploads\/2024\/11\/Imagem-do-WhatsApp-de-2024-11-17-as-17.53.21_9573f5e7-450x359.jpg\" class=\"attachment-medium size-medium\" alt=\"\" loading=\"lazy\" srcset=\"https:\/\/franciscanos.org.br\/noticias\/wp-content\/uploads\/2024\/11\/Imagem-do-WhatsApp-de-2024-11-17-as-17.53.21_9573f5e7-450x359.jpg 450w, https:\/\/franciscanos.org.br\/noticias\/wp-content\/uploads\/2024\/11\/Imagem-do-WhatsApp-de-2024-11-17-as-17.53.21_9573f5e7-1024x818.jpg 1024w, https:\/\/franciscanos.org.br\/noticias\/wp-content\/uploads\/2024\/11\/Imagem-do-WhatsApp-de-2024-11-17-as-17.53.21_9573f5e7-768x613.jpg 768w, https:\/\/franciscanos.org.br\/noticias\/wp-content\/uploads\/2024\/11\/Imagem-do-WhatsApp-de-2024-11-17-as-17.53.21_9573f5e7-150x120.jpg 150w, https:\/\/franciscanos.org.br\/noticias\/wp-content\/uploads\/2024\/11\/Imagem-do-WhatsApp-de-2024-11-17-as-17.53.21_9573f5e7.jpg 1246w\" sizes=\"(max-width: 450px) 100vw, 450px\" \/><\/a>\n\t\t\t<\/dt><\/dl><br style=\"clear: both\" \/>\n\t\t<\/div>\n\n","protected":false},"excerpt":{"rendered":"<p>SAV \u2013 Est\u00e1gios Vocacionais<\/p>\n","protected":false},"author":11,"featured_media":252882,"comment_status":"open","ping_status":"open","sticky":false,"template":"","format":"standard","meta":[],"categories":[1],"tags":[2257,552,421,2056],"acf":[],"yoast_head":"<!-- This site is optimized with the Yoast SEO plugin v19.2 - https:\/\/yoast.com\/wordpress\/plugins\/seo\/ -->\n<title>Est\u00e1gios vocacionais: 13 jovens no caminho do SAV ao c\u00e9u - Not\u00edcias - Franciscanos<\/title>\n<meta name=\"robots\" content=\"index, follow, max-snippet:-1, max-image-preview:large, max-video-preview:-1\" \/>\n<link rel=\"canonical\" href=\"https:\/\/franciscanos.org.br\/noticias\/estagios-vocacionais-13-jovens-no-caminho-do-sav-ao-ceu.html\" \/>\n<meta property=\"og:locale\" content=\"pt_BR\" \/>\n<meta property=\"og:type\" content=\"article\" \/>\n<meta property=\"og:title\" content=\"Est\u00e1gios vocacionais: 13 jovens no caminho do SAV ao c\u00e9u - Not\u00edcias - Franciscanos\" \/>\n<meta property=\"og:description\" content=\"SAV \u2013 Est\u00e1gios Vocacionais\" \/>\n<meta property=\"og:url\" content=\"https:\/\/franciscanos.org.br\/noticias\/estagios-vocacionais-13-jovens-no-caminho-do-sav-ao-ceu.html\" \/>\n<meta property=\"og:site_name\" content=\"Not\u00edcias - Franciscanos\" \/>\n<meta property=\"article:published_time\" content=\"2024-11-19T12:00:40+00:00\" \/>\n<meta property=\"article:modified_time\" content=\"2025-03-10T19:14:29+00:00\" \/>\n<meta property=\"og:image\" content=\"https:\/\/franciscanos.org.br\/noticias\/wp-content\/uploads\/2024\/11\/chamada-SAV.jpg\" \/>\n\t<meta property=\"og:image:width\" content=\"800\" \/>\n\t<meta property=\"og:image:height\" content=\"550\" \/>\n\t<meta property=\"og:image:type\" content=\"image\/jpeg\" \/>\n<meta name=\"author\" content=\"Adriana Rabelo\" \/>\n<meta name=\"twitter:card\" content=\"summary_large_image\" \/>\n<meta name=\"twitter:label1\" content=\"Escrito por\" \/>\n\t<meta name=\"twitter:data1\" content=\"Adriana Rabelo\" \/>\n\t<meta name=\"twitter:label2\" content=\"Est. tempo de leitura\" \/>\n\t<meta name=\"twitter:data2\" content=\"3 minutos\" \/>\n<script type=\"application\/ld+json\" class=\"yoast-schema-graph\">{\"@context\":\"https:\/\/schema.org\",\"@graph\":[{\"@type\":\"WebSite\",\"@id\":\"https:\/\/franciscanos.org.br\/noticias\/#website\",\"url\":\"https:\/\/franciscanos.org.br\/noticias\/\",\"name\":\"Not\u00edcias - Franciscanos\",\"description\":\"Prov\u00edncia Franciscana da Imaculada Concei\u00e7\u00e3o do Brasil - Ordem dos Frades Menores - OFM\",\"potentialAction\":[{\"@type\":\"SearchAction\",\"target\":{\"@type\":\"EntryPoint\",\"urlTemplate\":\"https:\/\/franciscanos.org.br\/noticias\/?s={search_term_string}\"},\"query-input\":\"required name=search_term_string\"}],\"inLanguage\":\"pt-BR\"},{\"@type\":\"ImageObject\",\"inLanguage\":\"pt-BR\",\"@id\":\"https:\/\/franciscanos.org.br\/noticias\/estagios-vocacionais-13-jovens-no-caminho-do-sav-ao-ceu.html#primaryimage\",\"url\":\"https:\/\/franciscanos.org.br\/noticias\/wp-content\/uploads\/2024\/11\/chamada-SAV.jpg\",\"contentUrl\":\"https:\/\/franciscanos.org.br\/noticias\/wp-content\/uploads\/2024\/11\/chamada-SAV.jpg\",\"width\":800,\"height\":550},{\"@type\":\"WebPage\",\"@id\":\"https:\/\/franciscanos.org.br\/noticias\/estagios-vocacionais-13-jovens-no-caminho-do-sav-ao-ceu.html#webpage\",\"url\":\"https:\/\/franciscanos.org.br\/noticias\/estagios-vocacionais-13-jovens-no-caminho-do-sav-ao-ceu.html\",\"name\":\"Est\u00e1gios vocacionais: 13 jovens no caminho do SAV ao c\u00e9u - Not\u00edcias - Franciscanos\",\"isPartOf\":{\"@id\":\"https:\/\/franciscanos.org.br\/noticias\/#website\"},\"primaryImageOfPage\":{\"@id\":\"https:\/\/franciscanos.org.br\/noticias\/estagios-vocacionais-13-jovens-no-caminho-do-sav-ao-ceu.html#primaryimage\"},\"datePublished\":\"2024-11-19T12:00:40+00:00\",\"dateModified\":\"2025-03-10T19:14:29+00:00\",\"author\":{\"@id\":\"https:\/\/franciscanos.org.br\/noticias\/#\/schema\/person\/d9422e83121c3ad3b0f423d195f5bb25\"},\"breadcrumb\":{\"@id\":\"https:\/\/franciscanos.org.br\/noticias\/estagios-vocacionais-13-jovens-no-caminho-do-sav-ao-ceu.html#breadcrumb\"},\"inLanguage\":\"pt-BR\",\"potentialAction\":[{\"@type\":\"ReadAction\",\"target\":[\"https:\/\/franciscanos.org.br\/noticias\/estagios-vocacionais-13-jovens-no-caminho-do-sav-ao-ceu.html\"]}]},{\"@type\":\"BreadcrumbList\",\"@id\":\"https:\/\/franciscanos.org.br\/noticias\/estagios-vocacionais-13-jovens-no-caminho-do-sav-ao-ceu.html#breadcrumb\",\"itemListElement\":[{\"@type\":\"ListItem\",\"position\":1,\"name\":\"Home\",\"item\":\"https:\/\/franciscanos.org.br\/noticias\"},{\"@type\":\"ListItem\",\"position\":2,\"name\":\"Est\u00e1gios vocacionais: 13 jovens no caminho do SAV ao c\u00e9u\"}]},{\"@type\":\"Person\",\"@id\":\"https:\/\/franciscanos.org.br\/noticias\/#\/schema\/person\/d9422e83121c3ad3b0f423d195f5bb25\",\"name\":\"Adriana Rabelo\",\"image\":{\"@type\":\"ImageObject\",\"inLanguage\":\"pt-BR\",\"@id\":\"https:\/\/franciscanos.org.br\/noticias\/#\/schema\/person\/image\/\",\"url\":\"https:\/\/secure.gravatar.com\/avatar\/0a937b7500cd7df77540cfb8bede877d?s=96&d=mm&r=g\",\"contentUrl\":\"https:\/\/secure.gravatar.com\/avatar\/0a937b7500cd7df77540cfb8bede877d?s=96&d=mm&r=g\",\"caption\":\"Adriana Rabelo\"},\"url\":\"https:\/\/franciscanos.org.br\/noticias\/author\/adrianarabelo\"}]}<\/script>\n<!-- \/ Yoast SEO plugin. -->","yoast_head_json":{"title":"Est\u00e1gios vocacionais: 13 jovens no caminho do SAV ao c\u00e9u - Not\u00edcias - Franciscanos","robots":{"index":"index","follow":"follow","max-snippet":"max-snippet:-1","max-image-preview":"max-image-preview:large","max-video-preview":"max-video-preview:-1"},"canonical":"https:\/\/franciscanos.org.br\/noticias\/estagios-vocacionais-13-jovens-no-caminho-do-sav-ao-ceu.html","og_locale":"pt_BR","og_type":"article","og_title":"Est\u00e1gios vocacionais: 13 jovens no caminho do SAV ao c\u00e9u - Not\u00edcias - Franciscanos","og_description":"SAV \u2013 Est\u00e1gios Vocacionais","og_url":"https:\/\/franciscanos.org.br\/noticias\/estagios-vocacionais-13-jovens-no-caminho-do-sav-ao-ceu.html","og_site_name":"Not\u00edcias - Franciscanos","article_published_time":"2024-11-19T12:00:40+00:00","article_modified_time":"2025-03-10T19:14:29+00:00","og_image":[{"width":800,"height":550,"url":"https:\/\/franciscanos.org.br\/noticias\/wp-content\/uploads\/2024\/11\/chamada-SAV.jpg","type":"image\/jpeg"}],"author":"Adriana Rabelo","twitter_card":"summary_large_image","twitter_misc":{"Escrito por":"Adriana Rabelo","Est. tempo de leitura":"3 minutos"},"schema":{"@context":"https:\/\/schema.org","@graph":[{"@type":"WebSite","@id":"https:\/\/franciscanos.org.br\/noticias\/#website","url":"https:\/\/franciscanos.org.br\/noticias\/","name":"Not\u00edcias - Franciscanos","description":"Prov\u00edncia Franciscana da Imaculada Concei\u00e7\u00e3o do Brasil - Ordem dos Frades Menores - OFM","potentialAction":[{"@type":"SearchAction","target":{"@type":"EntryPoint","urlTemplate":"https:\/\/franciscanos.org.br\/noticias\/?s={search_term_string}"},"query-input":"required name=search_term_string"}],"inLanguage":"pt-BR"},{"@type":"ImageObject","inLanguage":"pt-BR","@id":"https:\/\/franciscanos.org.br\/noticias\/estagios-vocacionais-13-jovens-no-caminho-do-sav-ao-ceu.html#primaryimage","url":"https:\/\/franciscanos.org.br\/noticias\/wp-content\/uploads\/2024\/11\/chamada-SAV.jpg","contentUrl":"https:\/\/franciscanos.org.br\/noticias\/wp-content\/uploads\/2024\/11\/chamada-SAV.jpg","width":800,"height":550},{"@type":"WebPage","@id":"https:\/\/franciscanos.org.br\/noticias\/estagios-vocacionais-13-jovens-no-caminho-do-sav-ao-ceu.html#webpage","url":"https:\/\/franciscanos.org.br\/noticias\/estagios-vocacionais-13-jovens-no-caminho-do-sav-ao-ceu.html","name":"Est\u00e1gios vocacionais: 13 jovens no caminho do SAV ao c\u00e9u - Not\u00edcias - Franciscanos","isPartOf":{"@id":"https:\/\/franciscanos.org.br\/noticias\/#website"},"primaryImageOfPage":{"@id":"https:\/\/franciscanos.org.br\/noticias\/estagios-vocacionais-13-jovens-no-caminho-do-sav-ao-ceu.html#primaryimage"},"datePublished":"2024-11-19T12:00:40+00:00","dateModified":"2025-03-10T19:14:29+00:00","author":{"@id":"https:\/\/franciscanos.org.br\/noticias\/#\/schema\/person\/d9422e83121c3ad3b0f423d195f5bb25"},"breadcrumb":{"@id":"https:\/\/franciscanos.org.br\/noticias\/estagios-vocacionais-13-jovens-no-caminho-do-sav-ao-ceu.html#breadcrumb"},"inLanguage":"pt-BR","potentialAction":[{"@type":"ReadAction","target":["https:\/\/franciscanos.org.br\/noticias\/estagios-vocacionais-13-jovens-no-caminho-do-sav-ao-ceu.html"]}]},{"@type":"BreadcrumbList","@id":"https:\/\/franciscanos.org.br\/noticias\/estagios-vocacionais-13-jovens-no-caminho-do-sav-ao-ceu.html#breadcrumb","itemListElement":[{"@type":"ListItem","position":1,"name":"Home","item":"https:\/\/franciscanos.org.br\/noticias"},{"@type":"ListItem","position":2,"name":"Est\u00e1gios vocacionais: 13 jovens no caminho do SAV ao c\u00e9u"}]},{"@type":"Person","@id":"https:\/\/franciscanos.org.br\/noticias\/#\/schema\/person\/d9422e83121c3ad3b0f423d195f5bb25","name":"Adriana Rabelo","image":{"@type":"ImageObject","inLanguage":"pt-BR","@id":"https:\/\/franciscanos.org.br\/noticias\/#\/schema\/person\/image\/","url":"https:\/\/secure.gravatar.com\/avatar\/0a937b7500cd7df77540cfb8bede877d?s=96&d=mm&r=g","contentUrl":"https:\/\/secure.gravatar.com\/avatar\/0a937b7500cd7df77540cfb8bede877d?s=96&d=mm&r=g","caption":"Adriana Rabelo"},"url":"https:\/\/franciscanos.org.br\/noticias\/author\/adrianarabelo"}]}},"_links":{"self":[{"href":"https:\/\/franciscanos.org.br\/noticias\/wp-json\/wp\/v2\/posts\/252874"}],"collection":[{"href":"https:\/\/franciscanos.org.br\/noticias\/wp-json\/wp\/v2\/posts"}],"about":[{"href":"https:\/\/franciscanos.org.br\/noticias\/wp-json\/wp\/v2\/types\/post"}],"author":[{"embeddable":true,"href":"https:\/\/franciscanos.org.br\/noticias\/wp-json\/wp\/v2\/users\/11"}],"replies":[{"embeddable":true,"href":"https:\/\/franciscanos.org.br\/noticias\/wp-json\/wp\/v2\/comments?post=252874"}],"version-history":[{"count":2,"href":"https:\/\/franciscanos.org.br\/noticias\/wp-json\/wp\/v2\/posts\/252874\/revisions"}],"predecessor-version":[{"id":252884,"href":"https:\/\/franciscanos.org.br\/noticias\/wp-json\/wp\/v2\/posts\/252874\/revisions\/252884"}],"wp:featuredmedia":[{"embeddable":true,"href":"https:\/\/franciscanos.org.br\/noticias\/wp-json\/wp\/v2\/media\/252882"}],"wp:attachment":[{"href":"https:\/\/franciscanos.org.br\/noticias\/wp-json\/wp\/v2\/media?parent=252874"}],"wp:term":[{"taxonomy":"category","embeddable":true,"href":"https:\/\/franciscanos.org.br\/noticias\/wp-json\/wp\/v2\/categories?post=252874"},{"taxonomy":"post_tag","embeddable":true,"href":"https:\/\/franciscanos.org.br\/noticias\/wp-json\/wp\/v2\/tags?post=252874"}],"curies":[{"name":"wp","href":"https:\/\/api.w.org\/{rel}","templated":true}]}}