{"id":252839,"date":"2024-11-16T21:05:40","date_gmt":"2024-11-17T00:05:40","guid":{"rendered":"https:\/\/franciscanos.org.br\/noticias\/?p=252839"},"modified":"2024-11-16T23:15:09","modified_gmt":"2024-11-17T02:15:09","slug":"viii-dia-mundial-dos-pobres-oracao-e-atitude-a-favor-dos-que-sofrem","status":"publish","type":"post","link":"https:\/\/franciscanos.org.br\/noticias\/viii-dia-mundial-dos-pobres-oracao-e-atitude-a-favor-dos-que-sofrem.html","title":{"rendered":"VIII Dia Mundial dos Pobres:  Ora\u00e7\u00e3o e atitude em favor dos que sofrem"},"content":{"rendered":"<div id=\"attachment_252841\" style=\"width: 1290px\" class=\"wp-caption alignnone\"><img aria-describedby=\"caption-attachment-252841\" loading=\"lazy\" class=\"wp-image-252841 size-full\" src=\"https:\/\/franciscanos.org.br\/noticias\/wp-content\/uploads\/2024\/11\/MATERIA-DIA-MUNDIAL-DOS-POBRES.jpg\" alt=\"\" width=\"1280\" height=\"720\" srcset=\"https:\/\/franciscanos.org.br\/noticias\/wp-content\/uploads\/2024\/11\/MATERIA-DIA-MUNDIAL-DOS-POBRES.jpg 1280w, https:\/\/franciscanos.org.br\/noticias\/wp-content\/uploads\/2024\/11\/MATERIA-DIA-MUNDIAL-DOS-POBRES-450x253.jpg 450w, https:\/\/franciscanos.org.br\/noticias\/wp-content\/uploads\/2024\/11\/MATERIA-DIA-MUNDIAL-DOS-POBRES-1024x576.jpg 1024w, https:\/\/franciscanos.org.br\/noticias\/wp-content\/uploads\/2024\/11\/MATERIA-DIA-MUNDIAL-DOS-POBRES-768x432.jpg 768w, https:\/\/franciscanos.org.br\/noticias\/wp-content\/uploads\/2024\/11\/MATERIA-DIA-MUNDIAL-DOS-POBRES-150x84.jpg 150w\" sizes=\"(max-width: 1280px) 100vw, 1280px\" \/><p id=\"caption-attachment-252841\" class=\"wp-caption-text\">Foto: Francio de Holanda<\/p><\/div>\n<p>Toda ora\u00e7\u00e3o feita com fervor chega a Deus como clamor de quem deseja ser ouvido e busca a intimidade com Aquele que o criou. Neste dia 17 de novembro, a Igreja celebra o <strong>VIII Dia Mundial dos Pobres<\/strong>. A data foi institu\u00edda atrav\u00e9s da Carta Apost\u00f3lica <em>Misericordia et Misera<\/em>, em 20 de novembro de 2016, no final do Ano Jubilar da Miseric\u00f3rdia, e celebrada pela primeira vez em novembro de 2017.<\/p>\n<p>Em sua mensagem deste ano, o Papa Francisco traz o tema: \u201cA ora\u00e7\u00e3o do pobre eleva-se at\u00e9 Deus\u201d (cf. Sir 21, 5), que vai ao encontro deste ano de ora\u00e7\u00f5es em virtude do Jubileu Ordin\u00e1rio de 2025. No texto, o Pont\u00edfice exalta a import\u00e2ncia da ora\u00e7\u00e3o e afirma que \u201cprecisamos fazer da nossa a ora\u00e7\u00e3o dos pobres e rezar com eles\u201d, pois toda ora\u00e7\u00e3o feita com fervor encontra eco no cora\u00e7\u00e3o de Deus.<\/p>\n<p>O Santo Padre ainda ressalta que a ora\u00e7\u00e3o verdadeira est\u00e1 vinculada \u00e0 capacidade que, individualmente e coletivamente, precisamos alimentar em nossas a\u00e7\u00f5es pastorais a favor dos pobres, sem esquecer o cuidado espiritual com essa popula\u00e7\u00e3o. Isso requer um \u201ccora\u00e7\u00e3o humilde, que tenha a coragem de se tornar mendigo. Um cora\u00e7\u00e3o pronto a reconhecer-se pobre e necessitado. Existe, efetivamente, uma correspond\u00eancia entre pobreza, humildade e confian\u00e7a. Isto porque o verdadeiro pobre \u00e9 o humilde e a sua confian\u00e7a est\u00e1 em Deus.\u201d<\/p>\n<p>Sem perder o foco sobre mazelas do mundo, o Papa Francisco tamb\u00e9m lembra que: \u201cOs pobres t\u00eam ainda muito para ensinar, porque, numa cultura que colocou a riqueza em primeiro lugar e que sacrifica muitas vezes a dignidade das pessoas no altar dos bens materiais, eles remam contra a corrente, tornando claro que o essencial da vida \u00e9 outra coisa.\u201d<\/p>\n<p>Ou seja, aqueles que sofrem pelas m\u00e3os dos que desejam o poder a qualquer custo, ignorando qualquer senso de humanidade, sabem que \u201ca felicidade n\u00e3o se adquire espezinhando os direitos e a dignidade dos outros.\u201d Mesmo diante desse cen\u00e1rio, o povo humilde e humilhado acredita e sonha com um mundo melhor e mais digno, no qual todos os filhos e filhas de Deus tenham a oportunidade de viver em paz. Justamente por isso, a mensagem ressalta que \u201cda pobreza, portanto, pode brotar o canto da mais genu\u00edna esperan\u00e7a.\u201d<\/p>\n<p><strong>Na ora\u00e7\u00e3o tamb\u00e9m est\u00e1 a for\u00e7a para a a\u00e7\u00e3o<\/strong><\/p>\n<p>De acordo com o Papa, \u201co Dia Mundial dos Pobres tornou-se um compromisso na agenda de cada comunidade eclesial. \u00c9 uma oportunidade pastoral que n\u00e3o deve ser subestimada, porque desafia cada fiel a escutar a ora\u00e7\u00e3o dos pobres, tomando consci\u00eancia da sua presen\u00e7a e das suas necessidades. \u00c9 uma ocasi\u00e3o prop\u00edcia para realizar iniciativas que ajudem concretamente os pobres e tamb\u00e9m para reconhecer e apoiar os numerosos volunt\u00e1rios que se dedicam com paix\u00e3o aos mais necessitados.\u201d<\/p>\n<p>Por isso, na ora\u00e7\u00e3o tamb\u00e9m est\u00e1 a for\u00e7a para a a\u00e7\u00e3o, pois \u201cencontra o certificado da sua autenticidade na caridade que se transforma em encontro e proximidade. Se a ora\u00e7\u00e3o n\u00e3o se traduz em a\u00e7\u00f5es concretas, \u00e9 v\u00e3; efetivamente, \u00aba f\u00e9 sem obras est\u00e1 morta\u201d (Tg 2, 26), diz o Pont\u00edfice em sua mensagem. \u201cContudo, a caridade sem ora\u00e7\u00e3o corre o risco de se tornar uma filantropia que rapidamente se esgota\u201d, salienta.<\/p>\n<p>Como em um processo de efervesc\u00eancia, a ora\u00e7\u00e3o e a f\u00e9 s\u00e3o fontes de energia geradas pela proximidade com Deus, que garante nosso encontro com os ensinamentos de Jesus Cristo. Ele fez sua op\u00e7\u00e3o preferencial pelos pobres, assim como S\u00e3o Francisco de Assis, que se despojou de todas as riquezas, preconceitos e impress\u00f5es equivocadas impostas por este mundo, para viver em fun\u00e7\u00e3o dos pobres.<\/p>\n<p>Seguindo os passos do Santo Ser\u00e1fico, a Prov\u00edncia Franciscana da Imaculada Concei\u00e7\u00e3o do Brasil trabalha a favor dos pobres e encontra no Evangelho sua principal refer\u00eancia para o desenvolvimento de a\u00e7\u00f5es a favor dos mais humildes. Por meio do Sefras \u2013 A\u00e7\u00e3o Social Franciscana, uma organiza\u00e7\u00e3o social de princ\u00edpios franciscanos com mais de 23 anos de atua\u00e7\u00e3o em 17 territ\u00f3rios pelo pa\u00eds, a Prov\u00edncia realiza importantes trabalhos.<\/p>\n<p>Guiado pelos valores de acolher, cuidar e defender, o Sefras atende mais de 4 mil pessoas diariamente, atuando no combate \u00e0s viola\u00e7\u00f5es de direitos e promovendo a inser\u00e7\u00e3o econ\u00f4mica e social de popula\u00e7\u00f5es extremamente vulner\u00e1veis: pessoas idosas, migrantes e refugiados, crian\u00e7as e adolescentes, popula\u00e7\u00e3o em situa\u00e7\u00e3o de rua e pessoas acometidas pela hansen\u00edase.<\/p>\n<p>Al\u00e9m do Sefras, a Prov\u00edncia Franciscana da Imaculada tamb\u00e9m realiza a\u00e7\u00f5es sociais voltadas aos pobres por meio das Fraternidades localizadas nos cinco Estados brasileiros (Esp\u00edrito Santo, Rio de Janeiro, S\u00e3o Paulo, Paran\u00e1 e Santa Catarina), onde est\u00e1 presente, e em Angola, na Funda\u00e7\u00e3o Franciscana Imaculada M\u00e3e de Deus de Angola (FIMDA), atuante no pa\u00eds h\u00e1 34 anos.<\/p>\n<p>Assim como o Papa Francisco, a Prov\u00edncia tamb\u00e9m acredita que: \u201cEm todas as circunst\u00e2ncias, somos chamados a ser amigos dos pobres, seguindo os passos de Jesus, que foi o primeiro a solidarizar-se com os \u00faltimos.\u201d<\/p>\n<p><a href=\"https:\/\/franciscanos.org.br\/vidacrista\/mensagem-do-santo-padre-francisco-para-o-viii-dia-mundial-dos-pobres\/#gsc.tab=0\"><span style=\"color: #000080;\"><strong>ACESSE A MENSAGEM DO PAPA FRANCISCO<\/strong><\/span><\/a><\/p>\n<p><strong>Sefras em n\u00fameros:<\/strong><\/p>\n<ul>\n<li>18 Casas de Atendimento e Cuidado<\/li>\n<li>6 Casas Perfeita Alegria: crian\u00e7as e adolescentes<\/li>\n<li>5 Casas Franciscanas: popula\u00e7\u00e3o em situa\u00e7\u00e3o de rua<\/li>\n<li>1 Casa de Alice: pessoas com hansen\u00edase<\/li>\n<li>2 Casas de Assis: imigrantes e refugiados<\/li>\n<li>3 Casas de Clara: pessoas idosas<\/li>\n<li>1 Frei Galv\u00e3o Solid\u00e1rio: crian\u00e7as e adolescentes em Guaratinguet\u00e1 (SP)<\/li>\n<\/ul>\n<p><strong>P\u00fablicos atendidos diariamente<\/strong><\/p>\n<ul>\n<li>160 fam\u00edlias de pessoas com hansen\u00edase<\/li>\n<li>522 crian\u00e7as, adolescentes e suas fam\u00edlias<\/li>\n<li>371 pessoas idosas<\/li>\n<li>177 imigrantes e refugiados<\/li>\n<li>1.476 pessoas em situa\u00e7\u00e3o de rua<\/li>\n<\/ul>\n<p><strong>Servi\u00e7os realizados mensalmente<\/strong><\/p>\n<ul>\n<li>60.201 atendimentos<\/li>\n<li>107.237 refei\u00e7\u00f5es (53 toneladas de alimentos produzidos)<\/li>\n<li>10.030 banhos<\/li>\n<li>2.400 vagas para pernoite<\/li>\n<li>6.762 cobertores entregues<\/li>\n<li>4.345 atendimentos e encaminhamentos sociais<\/li>\n<li>704 atividades socioeducativas<\/li>\n<li>42 pessoas inseridas no mercado de trabalho<\/li>\n<\/ul>\n<hr \/>\n<p>Texto: Adriana Rabelo<\/p>\n<p>&nbsp;<\/p>\n","protected":false},"excerpt":{"rendered":"<p>Dia Mundial dos Pobres<\/p>\n","protected":false},"author":11,"featured_media":252840,"comment_status":"open","ping_status":"open","sticky":false,"template":"","format":"standard","meta":[],"categories":[1],"tags":[1114],"acf":[],"yoast_head":"<!-- This site is optimized with the Yoast SEO plugin v19.2 - https:\/\/yoast.com\/wordpress\/plugins\/seo\/ -->\n<title>VIII Dia Mundial dos Pobres: Ora\u00e7\u00e3o e atitude em favor dos que sofrem - Not\u00edcias - Franciscanos<\/title>\n<meta name=\"robots\" content=\"index, follow, max-snippet:-1, max-image-preview:large, max-video-preview:-1\" \/>\n<link rel=\"canonical\" href=\"https:\/\/franciscanos.org.br\/noticias\/viii-dia-mundial-dos-pobres-oracao-e-atitude-a-favor-dos-que-sofrem.html\" \/>\n<meta property=\"og:locale\" content=\"pt_BR\" \/>\n<meta property=\"og:type\" content=\"article\" \/>\n<meta property=\"og:title\" content=\"VIII Dia Mundial dos Pobres: Ora\u00e7\u00e3o e atitude em favor dos que sofrem - Not\u00edcias - Franciscanos\" \/>\n<meta property=\"og:description\" content=\"Dia Mundial dos Pobres\" \/>\n<meta property=\"og:url\" content=\"https:\/\/franciscanos.org.br\/noticias\/viii-dia-mundial-dos-pobres-oracao-e-atitude-a-favor-dos-que-sofrem.html\" \/>\n<meta property=\"og:site_name\" content=\"Not\u00edcias - Franciscanos\" \/>\n<meta property=\"article:published_time\" content=\"2024-11-17T00:05:40+00:00\" \/>\n<meta property=\"article:modified_time\" content=\"2024-11-17T02:15:09+00:00\" \/>\n<meta property=\"og:image\" content=\"https:\/\/franciscanos.org.br\/noticias\/wp-content\/uploads\/2024\/11\/CHAMADA-DIA-MUNDIAL-DOS-POBRES-FOTO-SEFRAS.jpg\" \/>\n\t<meta property=\"og:image:width\" content=\"800\" \/>\n\t<meta property=\"og:image:height\" content=\"550\" \/>\n\t<meta property=\"og:image:type\" content=\"image\/jpeg\" \/>\n<meta name=\"author\" content=\"Adriana Rabelo\" \/>\n<meta name=\"twitter:card\" content=\"summary_large_image\" \/>\n<meta name=\"twitter:label1\" content=\"Escrito por\" \/>\n\t<meta name=\"twitter:data1\" content=\"Adriana Rabelo\" \/>\n\t<meta name=\"twitter:label2\" content=\"Est. tempo de leitura\" \/>\n\t<meta name=\"twitter:data2\" content=\"5 minutos\" \/>\n<script type=\"application\/ld+json\" class=\"yoast-schema-graph\">{\"@context\":\"https:\/\/schema.org\",\"@graph\":[{\"@type\":\"WebSite\",\"@id\":\"https:\/\/franciscanos.org.br\/noticias\/#website\",\"url\":\"https:\/\/franciscanos.org.br\/noticias\/\",\"name\":\"Not\u00edcias - Franciscanos\",\"description\":\"Prov\u00edncia Franciscana da Imaculada Concei\u00e7\u00e3o do Brasil - Ordem dos Frades Menores - OFM\",\"potentialAction\":[{\"@type\":\"SearchAction\",\"target\":{\"@type\":\"EntryPoint\",\"urlTemplate\":\"https:\/\/franciscanos.org.br\/noticias\/?s={search_term_string}\"},\"query-input\":\"required name=search_term_string\"}],\"inLanguage\":\"pt-BR\"},{\"@type\":\"ImageObject\",\"inLanguage\":\"pt-BR\",\"@id\":\"https:\/\/franciscanos.org.br\/noticias\/viii-dia-mundial-dos-pobres-oracao-e-atitude-a-favor-dos-que-sofrem.html#primaryimage\",\"url\":\"https:\/\/franciscanos.org.br\/noticias\/wp-content\/uploads\/2024\/11\/CHAMADA-DIA-MUNDIAL-DOS-POBRES-FOTO-SEFRAS.jpg\",\"contentUrl\":\"https:\/\/franciscanos.org.br\/noticias\/wp-content\/uploads\/2024\/11\/CHAMADA-DIA-MUNDIAL-DOS-POBRES-FOTO-SEFRAS.jpg\",\"width\":800,\"height\":550},{\"@type\":\"WebPage\",\"@id\":\"https:\/\/franciscanos.org.br\/noticias\/viii-dia-mundial-dos-pobres-oracao-e-atitude-a-favor-dos-que-sofrem.html#webpage\",\"url\":\"https:\/\/franciscanos.org.br\/noticias\/viii-dia-mundial-dos-pobres-oracao-e-atitude-a-favor-dos-que-sofrem.html\",\"name\":\"VIII Dia Mundial dos Pobres: Ora\u00e7\u00e3o e atitude em favor dos que sofrem - Not\u00edcias - Franciscanos\",\"isPartOf\":{\"@id\":\"https:\/\/franciscanos.org.br\/noticias\/#website\"},\"primaryImageOfPage\":{\"@id\":\"https:\/\/franciscanos.org.br\/noticias\/viii-dia-mundial-dos-pobres-oracao-e-atitude-a-favor-dos-que-sofrem.html#primaryimage\"},\"datePublished\":\"2024-11-17T00:05:40+00:00\",\"dateModified\":\"2024-11-17T02:15:09+00:00\",\"author\":{\"@id\":\"https:\/\/franciscanos.org.br\/noticias\/#\/schema\/person\/d9422e83121c3ad3b0f423d195f5bb25\"},\"breadcrumb\":{\"@id\":\"https:\/\/franciscanos.org.br\/noticias\/viii-dia-mundial-dos-pobres-oracao-e-atitude-a-favor-dos-que-sofrem.html#breadcrumb\"},\"inLanguage\":\"pt-BR\",\"potentialAction\":[{\"@type\":\"ReadAction\",\"target\":[\"https:\/\/franciscanos.org.br\/noticias\/viii-dia-mundial-dos-pobres-oracao-e-atitude-a-favor-dos-que-sofrem.html\"]}]},{\"@type\":\"BreadcrumbList\",\"@id\":\"https:\/\/franciscanos.org.br\/noticias\/viii-dia-mundial-dos-pobres-oracao-e-atitude-a-favor-dos-que-sofrem.html#breadcrumb\",\"itemListElement\":[{\"@type\":\"ListItem\",\"position\":1,\"name\":\"Home\",\"item\":\"https:\/\/franciscanos.org.br\/noticias\"},{\"@type\":\"ListItem\",\"position\":2,\"name\":\"VIII Dia Mundial dos Pobres: Ora\u00e7\u00e3o e atitude em favor dos que sofrem\"}]},{\"@type\":\"Person\",\"@id\":\"https:\/\/franciscanos.org.br\/noticias\/#\/schema\/person\/d9422e83121c3ad3b0f423d195f5bb25\",\"name\":\"Adriana Rabelo\",\"image\":{\"@type\":\"ImageObject\",\"inLanguage\":\"pt-BR\",\"@id\":\"https:\/\/franciscanos.org.br\/noticias\/#\/schema\/person\/image\/\",\"url\":\"https:\/\/secure.gravatar.com\/avatar\/0a937b7500cd7df77540cfb8bede877d?s=96&d=mm&r=g\",\"contentUrl\":\"https:\/\/secure.gravatar.com\/avatar\/0a937b7500cd7df77540cfb8bede877d?s=96&d=mm&r=g\",\"caption\":\"Adriana Rabelo\"},\"url\":\"https:\/\/franciscanos.org.br\/noticias\/author\/adrianarabelo\"}]}<\/script>\n<!-- \/ Yoast SEO plugin. -->","yoast_head_json":{"title":"VIII Dia Mundial dos Pobres: Ora\u00e7\u00e3o e atitude em favor dos que sofrem - Not\u00edcias - Franciscanos","robots":{"index":"index","follow":"follow","max-snippet":"max-snippet:-1","max-image-preview":"max-image-preview:large","max-video-preview":"max-video-preview:-1"},"canonical":"https:\/\/franciscanos.org.br\/noticias\/viii-dia-mundial-dos-pobres-oracao-e-atitude-a-favor-dos-que-sofrem.html","og_locale":"pt_BR","og_type":"article","og_title":"VIII Dia Mundial dos Pobres: Ora\u00e7\u00e3o e atitude em favor dos que sofrem - Not\u00edcias - Franciscanos","og_description":"Dia Mundial dos Pobres","og_url":"https:\/\/franciscanos.org.br\/noticias\/viii-dia-mundial-dos-pobres-oracao-e-atitude-a-favor-dos-que-sofrem.html","og_site_name":"Not\u00edcias - Franciscanos","article_published_time":"2024-11-17T00:05:40+00:00","article_modified_time":"2024-11-17T02:15:09+00:00","og_image":[{"width":800,"height":550,"url":"https:\/\/franciscanos.org.br\/noticias\/wp-content\/uploads\/2024\/11\/CHAMADA-DIA-MUNDIAL-DOS-POBRES-FOTO-SEFRAS.jpg","type":"image\/jpeg"}],"author":"Adriana Rabelo","twitter_card":"summary_large_image","twitter_misc":{"Escrito por":"Adriana Rabelo","Est. tempo de leitura":"5 minutos"},"schema":{"@context":"https:\/\/schema.org","@graph":[{"@type":"WebSite","@id":"https:\/\/franciscanos.org.br\/noticias\/#website","url":"https:\/\/franciscanos.org.br\/noticias\/","name":"Not\u00edcias - Franciscanos","description":"Prov\u00edncia Franciscana da Imaculada Concei\u00e7\u00e3o do Brasil - Ordem dos Frades Menores - OFM","potentialAction":[{"@type":"SearchAction","target":{"@type":"EntryPoint","urlTemplate":"https:\/\/franciscanos.org.br\/noticias\/?s={search_term_string}"},"query-input":"required name=search_term_string"}],"inLanguage":"pt-BR"},{"@type":"ImageObject","inLanguage":"pt-BR","@id":"https:\/\/franciscanos.org.br\/noticias\/viii-dia-mundial-dos-pobres-oracao-e-atitude-a-favor-dos-que-sofrem.html#primaryimage","url":"https:\/\/franciscanos.org.br\/noticias\/wp-content\/uploads\/2024\/11\/CHAMADA-DIA-MUNDIAL-DOS-POBRES-FOTO-SEFRAS.jpg","contentUrl":"https:\/\/franciscanos.org.br\/noticias\/wp-content\/uploads\/2024\/11\/CHAMADA-DIA-MUNDIAL-DOS-POBRES-FOTO-SEFRAS.jpg","width":800,"height":550},{"@type":"WebPage","@id":"https:\/\/franciscanos.org.br\/noticias\/viii-dia-mundial-dos-pobres-oracao-e-atitude-a-favor-dos-que-sofrem.html#webpage","url":"https:\/\/franciscanos.org.br\/noticias\/viii-dia-mundial-dos-pobres-oracao-e-atitude-a-favor-dos-que-sofrem.html","name":"VIII Dia Mundial dos Pobres: Ora\u00e7\u00e3o e atitude em favor dos que sofrem - Not\u00edcias - Franciscanos","isPartOf":{"@id":"https:\/\/franciscanos.org.br\/noticias\/#website"},"primaryImageOfPage":{"@id":"https:\/\/franciscanos.org.br\/noticias\/viii-dia-mundial-dos-pobres-oracao-e-atitude-a-favor-dos-que-sofrem.html#primaryimage"},"datePublished":"2024-11-17T00:05:40+00:00","dateModified":"2024-11-17T02:15:09+00:00","author":{"@id":"https:\/\/franciscanos.org.br\/noticias\/#\/schema\/person\/d9422e83121c3ad3b0f423d195f5bb25"},"breadcrumb":{"@id":"https:\/\/franciscanos.org.br\/noticias\/viii-dia-mundial-dos-pobres-oracao-e-atitude-a-favor-dos-que-sofrem.html#breadcrumb"},"inLanguage":"pt-BR","potentialAction":[{"@type":"ReadAction","target":["https:\/\/franciscanos.org.br\/noticias\/viii-dia-mundial-dos-pobres-oracao-e-atitude-a-favor-dos-que-sofrem.html"]}]},{"@type":"BreadcrumbList","@id":"https:\/\/franciscanos.org.br\/noticias\/viii-dia-mundial-dos-pobres-oracao-e-atitude-a-favor-dos-que-sofrem.html#breadcrumb","itemListElement":[{"@type":"ListItem","position":1,"name":"Home","item":"https:\/\/franciscanos.org.br\/noticias"},{"@type":"ListItem","position":2,"name":"VIII Dia Mundial dos Pobres: Ora\u00e7\u00e3o e atitude em favor dos que sofrem"}]},{"@type":"Person","@id":"https:\/\/franciscanos.org.br\/noticias\/#\/schema\/person\/d9422e83121c3ad3b0f423d195f5bb25","name":"Adriana Rabelo","image":{"@type":"ImageObject","inLanguage":"pt-BR","@id":"https:\/\/franciscanos.org.br\/noticias\/#\/schema\/person\/image\/","url":"https:\/\/secure.gravatar.com\/avatar\/0a937b7500cd7df77540cfb8bede877d?s=96&d=mm&r=g","contentUrl":"https:\/\/secure.gravatar.com\/avatar\/0a937b7500cd7df77540cfb8bede877d?s=96&d=mm&r=g","caption":"Adriana Rabelo"},"url":"https:\/\/franciscanos.org.br\/noticias\/author\/adrianarabelo"}]}},"_links":{"self":[{"href":"https:\/\/franciscanos.org.br\/noticias\/wp-json\/wp\/v2\/posts\/252839"}],"collection":[{"href":"https:\/\/franciscanos.org.br\/noticias\/wp-json\/wp\/v2\/posts"}],"about":[{"href":"https:\/\/franciscanos.org.br\/noticias\/wp-json\/wp\/v2\/types\/post"}],"author":[{"embeddable":true,"href":"https:\/\/franciscanos.org.br\/noticias\/wp-json\/wp\/v2\/users\/11"}],"replies":[{"embeddable":true,"href":"https:\/\/franciscanos.org.br\/noticias\/wp-json\/wp\/v2\/comments?post=252839"}],"version-history":[{"count":12,"href":"https:\/\/franciscanos.org.br\/noticias\/wp-json\/wp\/v2\/posts\/252839\/revisions"}],"predecessor-version":[{"id":252853,"href":"https:\/\/franciscanos.org.br\/noticias\/wp-json\/wp\/v2\/posts\/252839\/revisions\/252853"}],"wp:featuredmedia":[{"embeddable":true,"href":"https:\/\/franciscanos.org.br\/noticias\/wp-json\/wp\/v2\/media\/252840"}],"wp:attachment":[{"href":"https:\/\/franciscanos.org.br\/noticias\/wp-json\/wp\/v2\/media?parent=252839"}],"wp:term":[{"taxonomy":"category","embeddable":true,"href":"https:\/\/franciscanos.org.br\/noticias\/wp-json\/wp\/v2\/categories?post=252839"},{"taxonomy":"post_tag","embeddable":true,"href":"https:\/\/franciscanos.org.br\/noticias\/wp-json\/wp\/v2\/tags?post=252839"}],"curies":[{"name":"wp","href":"https:\/\/api.w.org\/{rel}","templated":true}]}}