{"id":252806,"date":"2024-11-19T09:30:07","date_gmt":"2024-11-19T12:30:07","guid":{"rendered":"https:\/\/franciscanos.org.br\/noticias\/?p=252806"},"modified":"2025-03-10T16:14:51","modified_gmt":"2025-03-10T19:14:51","slug":"frei-danilo-sera-ordenado-presbitero","status":"publish","type":"post","link":"https:\/\/franciscanos.org.br\/noticias\/frei-danilo-sera-ordenado-presbitero.html","title":{"rendered":"Frei Danilo ser\u00e1 ordenado presb\u00edtero"},"content":{"rendered":"<p><img loading=\"lazy\" class=\"aligncenter wp-image-252808 size-full\" src=\"https:\/\/franciscanos.org.br\/noticias\/wp-content\/uploads\/2024\/11\/MATERIA-17.jpg\" alt=\"\" width=\"1280\" height=\"720\" srcset=\"https:\/\/franciscanos.org.br\/noticias\/wp-content\/uploads\/2024\/11\/MATERIA-17.jpg 1280w, https:\/\/franciscanos.org.br\/noticias\/wp-content\/uploads\/2024\/11\/MATERIA-17-450x253.jpg 450w, https:\/\/franciscanos.org.br\/noticias\/wp-content\/uploads\/2024\/11\/MATERIA-17-1024x576.jpg 1024w, https:\/\/franciscanos.org.br\/noticias\/wp-content\/uploads\/2024\/11\/MATERIA-17-768x432.jpg 768w, https:\/\/franciscanos.org.br\/noticias\/wp-content\/uploads\/2024\/11\/MATERIA-17-150x84.jpg 150w\" sizes=\"(max-width: 1280px) 100vw, 1280px\" \/><\/p>\n<p>Frei Danilo Santos Oliveira ser\u00e1 ordenado presb\u00edtero pelo bispo diocesano de Itapeva (SP), Dom\u00a0 Eduardo Malaspina, no dia 23 de novembro, \u00e0s 17h, na Igreja Catedral Sant\u2019Ana, em Itapeva, e a\u00a0 Primeira Missa presidida por ele ser\u00e1 no domingo, 24 de novembro, \u00e0s 10 horas, na Par\u00f3quia Santo Ant\u00f4nio, localizada na mesma cidade.<\/p>\n<p>Natural de Itapeva, o frade nasceu no dia 10 de julho de 1989. Ingressou no Semin\u00e1rio Santo Ant\u00f4nio, em Agudos (SP), onde cursou o Ensino M\u00e9dio, ingressando tamb\u00e9m na etapa formativa que correspondia ao Aspirantado. Fez o Noviciado em Rodeio (SC) durante o ano de 2015 at\u00e9 5 de janeiro de 2016, data de sua primeira profiss\u00e3o religiosa. Cursou filosofia em Curitiba (PR) durante os anos de 2016 a 2018. Em 2019, viveu o Ano Mission\u00e1rio em Colatina (ES). Cursou Teologia de 2020 a 2023 em Petr\u00f3polis (RJ). Nesse per\u00edodo exerceu suas atividades pastorais no Col\u00e9gio Bom Jesus (Itaipava) e na Par\u00f3quia Nossa Senhora Aparecida, em Nil\u00f3polis (RJ). Em 17 de setembro de 2022 fez sua Profiss\u00e3o Solene. Desde o come\u00e7o deste ano (2024) est\u00e1 a servi\u00e7o da evangeliza\u00e7\u00e3o como di\u00e1cono em Xaxim (SC), na Fraternidade Franciscana S\u00e3o Luiz Gonzaga.<\/p>\n<p><strong>Site Franciscanos \u2013 Quem \u00e9 Frei Danilo? <\/strong><\/p>\n<p><strong>Frei Danilo \u2013<\/strong> Fazer uma autodescri\u00e7\u00e3o \u00e9 sempre uma tarefa desafiadora, no entanto, me identifico, a princ\u00edpio, por ser t\u00edmido e de poucas palavras e um tanto reservado, mas, a partir da conviv\u00eancia e maior conhecimento, expresso o meu modo alegre. Creio ser uma pessoa de f\u00e1cil relacionamento, e vejo um enorme valor na comunh\u00e3o de vida entre os irm\u00e3os que a fraternidade franciscana nos possibilita. Fui aprendendo, ao longo da caminhada, que a vida fraterna \u00e9 um grande exerc\u00edcio e uma das marcas do ser franciscano. Nasci no dia 10 de julho de 1989, portanto, tenho 35 anos, em uma cidade do sudoeste paulista. Meus pais, Vicente Paschoal Domingues de Oliveira e Doracina Antunes Fonseca \u2013 ambos in memoriam \u2013 formaram uma fam\u00edlia um tanto numerosa, pois eram vi\u00favos quando se conheceram. Sendo assim, tenho 6 irm\u00e3os paternos, 4 maternos e outros 2 filhos de ambos, sendo eu o mais novo. Juntos, totalizamos 12 filhos. Gra\u00e7as a Deus sempre fomos muito pr\u00f3ximos e unidos. Sou muito grato \u00e0 minha fam\u00edlia por todos os valores e exemplos de vida que me proporcionaram.<\/p>\n<p><strong><img loading=\"lazy\" class=\"size-medium wp-image-252809 alignleft\" src=\"https:\/\/franciscanos.org.br\/noticias\/wp-content\/uploads\/2024\/11\/IMG_1313-1-450x300.jpg\" alt=\"\" width=\"450\" height=\"300\" srcset=\"https:\/\/franciscanos.org.br\/noticias\/wp-content\/uploads\/2024\/11\/IMG_1313-1-450x300.jpg 450w, https:\/\/franciscanos.org.br\/noticias\/wp-content\/uploads\/2024\/11\/IMG_1313-1-1024x683.jpg 1024w, https:\/\/franciscanos.org.br\/noticias\/wp-content\/uploads\/2024\/11\/IMG_1313-1-768x512.jpg 768w, https:\/\/franciscanos.org.br\/noticias\/wp-content\/uploads\/2024\/11\/IMG_1313-1-1536x1024.jpg 1536w, https:\/\/franciscanos.org.br\/noticias\/wp-content\/uploads\/2024\/11\/IMG_1313-1-150x100.jpg 150w, https:\/\/franciscanos.org.br\/noticias\/wp-content\/uploads\/2024\/11\/IMG_1313-1-scaled.jpg 1620w\" sizes=\"(max-width: 450px) 100vw, 450px\" \/>Site Franciscanos \u2013 Como foi sua caminhada religiosa?<\/strong><\/p>\n<p><strong>Frei Danilo \u2013<\/strong> Sou de fam\u00edlia majoritariamente cat\u00f3lica, onde desde crian\u00e7a fui educado com princ\u00edpios crist\u00e3os e incentivado a participar da comunidade. Fazia isso com muito gosto e disponibilidade, minha realiza\u00e7\u00e3o era estar presente nos eventos da Igreja. Conforme fui crescendo e amadurecendo na f\u00e9, pude ir alimentando minha espiritualidade crist\u00e3 e a vida em comunidade por meio das atividades pastorais nas quais me envolvia. Na diocese havia \u201cencontros vocacionais mistos\u201d e recebi o convite para participar. At\u00e9 aquele momento n\u00e3o pensava em ser religioso ou padre, mas, como gostava dos encontros promovidos pela Igreja, fui participar e gostava muito da conviv\u00eancia. Nesse contexto, n\u00e3o tinha ainda nenhum conhecimento sobre a vida franciscana. Em um certo tempo, veio residir e participar na comunidade a qual perten\u00e7o uma vocacionada das Irm\u00e3s Franciscanas de Siessen e com ela pude ir me inteirando sobre a riqueza que a espiritualidade franciscana transmitia, come\u00e7ando pelo Tau, um elemento que ela usava e me despertou curiosidade. Depois fui ler e saber mais sobre S\u00e3o Francisco, sobre o despojar-se e acolher o fragilizado e, especialmente, sobre a fraternidade. Essas marcas de S\u00e3o Francisco foram me motivando a uma convers\u00e3o. Conheci os franciscanos em uma visita que fizemos ao Convento das Irm\u00e3s de Siessen, em Guaratinguet\u00e1 (SP) e elas nos levaram para conhecer o Postulantado Santo Ant\u00f4nio de Santana Galv\u00e3o, ou \u201cSemin\u00e1rio Frei Galv\u00e3o\u201d. Um frade de h\u00e1bito nos acolheu com alegria e muita cordialidade \u2013 isso me chamou muito a aten\u00e7\u00e3o \u2013 e nos levou para fazer uma expedi\u00e7\u00e3o no semin\u00e1rio. Foi uma boa propaganda vocacional, por ser uma casa de forma\u00e7\u00e3o, embora n\u00e3o tivesse formandos porque era janeiro, per\u00edodo de f\u00e9rias. Os encaminhamentos foram feitos e o desejo de conhecer mais de perto a vida franciscana aumentou. Em 2005, com 15 anos, comecei os encontros na Fraternidade S\u00e3o Boaventura, de Campo Largo (PR) e, em 2006, ingressei no Semin\u00e1rio Santo Ant\u00f4nio, de Agudos (SP). Subsequente, percorri as etapas formativas normalmente. Quando cursava Filosofia, em 2010, senti a necessidade de interromper o processo formativo, voltando para minha fam\u00edlia para pensar melhor na voca\u00e7\u00e3o e amadurecer em outras experi\u00eancias. Minha perman\u00eancia fora do convento foi de 4 anos. Por fim, senti novamente o desejo de ser consagrado franciscano e solicitei o retorno \u00e0 Prov\u00edncia e, com muita benevol\u00eancia, fui admitido para continuar o processo formativo. Retornei em 2015 refazendo o noviciado, uma etapa muito importante na nossa vida religiosa. Afirmo que Deus esteve em todo momento me direcionando e me conduziu para o melhor caminho. Estou muito feliz e realizado por ser um frade franciscano.<\/p>\n<p><strong>Site Franciscanos \u2013 O que representa para voc\u00ea ser um frade franciscano?<\/strong><\/p>\n<p><strong>Frei Danilo \u2013<\/strong> Ser um frade franciscano \u00e9 um grande dom, \u00e9 viver uma vida de simplicidade e devo\u00e7\u00e3o, seguindo a Jesus Cristo nos passos de S\u00e3o Francisco em busca de uma rela\u00e7\u00e3o mais \u00edntima com Deus e de servi\u00e7o \u00e0 humanidade, aos que mais sofrem e s\u00e3o exclu\u00eddos de nossa sociedade.<\/p>\n<p><strong>Site Franciscanos \u2013 Qual o sentido da ordena\u00e7\u00e3o presbiteral em sua vida?<\/strong><\/p>\n<p><strong>Frei Danilo \u2013<\/strong> Diante de um minist\u00e9rio t\u00e3o grande, \u00e9 dif\u00edcil expressar em palavras a sua import\u00e2ncia. Mas, na minha voca\u00e7\u00e3o de Frade Menor, \u00e9 a plenitude do servi\u00e7o ao qual nos dedicamos na Igreja. Pelo sacramento da Ordem, fazer a mem\u00f3ria da Paix\u00e3o e Ressurrei\u00e7\u00e3o de Cristo, que est\u00e1 encarnado na humanidade, com suas lutas e vit\u00f3rias di\u00e1rias. \u00c9 ser um pai na f\u00e9, um guia espiritual, que traz esperan\u00e7a e favorece uma dire\u00e7\u00e3o ao povo pelo alimento da Palavra e da Eucaristia.<\/p>\n<p><strong>Site Franciscanos \u2013 \u00a0\u201cEu vim para que todos tenham vida e vida em abund\u00e2ncia\u201d (Jo 10, 10). Qual a rela\u00e7\u00e3o do lema da ordena\u00e7\u00e3o com a sua caminhada religiosa?<\/strong><\/p>\n<p><strong><img loading=\"lazy\" class=\"size-medium wp-image-252810 alignright\" src=\"https:\/\/franciscanos.org.br\/noticias\/wp-content\/uploads\/2024\/11\/IMG_1243-1-450x300.jpg\" alt=\"\" width=\"450\" height=\"300\" srcset=\"https:\/\/franciscanos.org.br\/noticias\/wp-content\/uploads\/2024\/11\/IMG_1243-1-450x300.jpg 450w, https:\/\/franciscanos.org.br\/noticias\/wp-content\/uploads\/2024\/11\/IMG_1243-1-1024x683.jpg 1024w, https:\/\/franciscanos.org.br\/noticias\/wp-content\/uploads\/2024\/11\/IMG_1243-1-768x512.jpg 768w, https:\/\/franciscanos.org.br\/noticias\/wp-content\/uploads\/2024\/11\/IMG_1243-1-1536x1024.jpg 1536w, https:\/\/franciscanos.org.br\/noticias\/wp-content\/uploads\/2024\/11\/IMG_1243-1-150x100.jpg 150w, https:\/\/franciscanos.org.br\/noticias\/wp-content\/uploads\/2024\/11\/IMG_1243-1-scaled.jpg 1620w\" sizes=\"(max-width: 450px) 100vw, 450px\" \/>Frei Danilo \u2013<\/strong> A vida crist\u00e3 sempre \u00e9 direcionada para a identifica\u00e7\u00e3o com Cristo, que coloca em destaque os marginalizados, os pequenos, os exclu\u00eddos, aqueles que sofrem. O Cristo que se coloca no meio do povo para caminhar junto, orientando-o com suas palavras e pelo testemunho. Portanto, no meu processo religioso, sendo franciscano, fui percebendo pela vida de S\u00e3o Francisco o quanto isso precisa ser lembrado e testemunhado em nossa sociedade, porque toda vida humana e a Cria\u00e7\u00e3o, precisam de respeito e dignidade que favore\u00e7am a vida. Por isso tomei essa passagem b\u00edblica de Jo\u00e3o para nortear meu minist\u00e9rio, por esse servi\u00e7o, somos respons\u00e1veis por resgatar todas as vidas comprometidas pelo sofrimento, injusti\u00e7a e segrega\u00e7\u00e3o.<\/p>\n<p><strong>Site Franciscanos \u2013 Como est\u00e1 a expectativa na fam\u00edlia e na cidade?<\/strong><\/p>\n<p><strong>Frei Danilo \u2013<\/strong> Na fam\u00edlia n\u00e3o tem ningu\u00e9m que seguiu a vida consagrada al\u00e9m de mim, e, na cidade, \u00e9 a primeira ordena\u00e7\u00e3o de um frade franciscano. Portanto, percebe-se uma grande empolga\u00e7\u00e3o e alegria por esse momento celebrativo e comunh\u00e3o com a Igreja local.<\/p>\n<p><strong>Site Franciscanos \u2013 \u00a0Em meio a tantos desafios da juventude, qual mensagem deixaria para os jovens que s\u00e3o vocacionados \u00e0 vida religiosa franciscana?<\/strong><\/p>\n<p><strong>Frei Danilo \u2013<\/strong> Estamos diante de uma sociedade bem desafiadora com a propaga\u00e7\u00e3o de contra-valores. Assim, o medo e a inseguran\u00e7a de se entregar a Deus sendo um consagrado \u00e9 mais presente. No entanto, jovem, se voc\u00ea tem o desejo de seguir a Cristo se consagrando, n\u00e3o tenha medo de se lan\u00e7ar, desafie-se, confie em Deus, perceba os sinais nas pequenas coisas, pois Deus est\u00e1 a\u00ed. Lembre-se, o caminho vocacional se d\u00e1 pela escuta, ora\u00e7\u00e3o e abertura de cora\u00e7\u00e3o e pensamento. A Igreja precisa de pessoas corajosas, dispostas a amar sem limites, a viver para os outros e a testemunhar o Santo Evangelho com a pr\u00f3pria vida. A vida franciscana nos presenteia com isso e vale muito a pena.<\/p>\n<p><img loading=\"lazy\" class=\"aligncenter wp-image-252811 size-full\" src=\"https:\/\/franciscanos.org.br\/noticias\/wp-content\/uploads\/2024\/11\/convite_digital-1-scaled.jpg\" alt=\"\" width=\"1920\" height=\"1080\" srcset=\"https:\/\/franciscanos.org.br\/noticias\/wp-content\/uploads\/2024\/11\/convite_digital-1-scaled.jpg 1920w, https:\/\/franciscanos.org.br\/noticias\/wp-content\/uploads\/2024\/11\/convite_digital-1-450x253.jpg 450w, https:\/\/franciscanos.org.br\/noticias\/wp-content\/uploads\/2024\/11\/convite_digital-1-1024x576.jpg 1024w, https:\/\/franciscanos.org.br\/noticias\/wp-content\/uploads\/2024\/11\/convite_digital-1-768x432.jpg 768w, https:\/\/franciscanos.org.br\/noticias\/wp-content\/uploads\/2024\/11\/convite_digital-1-1536x864.jpg 1536w, https:\/\/franciscanos.org.br\/noticias\/wp-content\/uploads\/2024\/11\/convite_digital-1-2048x1152.jpg 2048w, https:\/\/franciscanos.org.br\/noticias\/wp-content\/uploads\/2024\/11\/convite_digital-1-150x84.jpg 150w\" sizes=\"(max-width: 1920px) 100vw, 1920px\" \/><\/p>\n<p>&nbsp;<\/p>\n<hr \/>\n<p><em>Adriana Rabelo<\/em><\/p>\n","protected":false},"excerpt":{"rendered":"<p>Ordena\u00e7\u00e3o Presbiteral<\/p>\n","protected":false},"author":11,"featured_media":252834,"comment_status":"open","ping_status":"open","sticky":false,"template":"","format":"standard","meta":[],"categories":[758,1],"tags":[157,2056],"acf":[],"yoast_head":"<!-- This site is optimized with the Yoast SEO plugin v19.2 - https:\/\/yoast.com\/wordpress\/plugins\/seo\/ -->\n<title>Frei Danilo ser\u00e1 ordenado presb\u00edtero - Not\u00edcias - Franciscanos<\/title>\n<meta name=\"robots\" content=\"index, follow, max-snippet:-1, max-image-preview:large, max-video-preview:-1\" \/>\n<link rel=\"canonical\" href=\"https:\/\/franciscanos.org.br\/noticias\/frei-danilo-sera-ordenado-presbitero.html\" \/>\n<meta property=\"og:locale\" content=\"pt_BR\" \/>\n<meta property=\"og:type\" content=\"article\" \/>\n<meta property=\"og:title\" content=\"Frei Danilo ser\u00e1 ordenado presb\u00edtero - Not\u00edcias - Franciscanos\" \/>\n<meta property=\"og:description\" content=\"Ordena\u00e7\u00e3o Presbiteral\" \/>\n<meta property=\"og:url\" content=\"https:\/\/franciscanos.org.br\/noticias\/frei-danilo-sera-ordenado-presbitero.html\" \/>\n<meta property=\"og:site_name\" content=\"Not\u00edcias - Franciscanos\" \/>\n<meta property=\"article:published_time\" content=\"2024-11-19T12:30:07+00:00\" \/>\n<meta property=\"article:modified_time\" content=\"2025-03-10T19:14:51+00:00\" \/>\n<meta property=\"og:image\" content=\"https:\/\/franciscanos.org.br\/noticias\/wp-content\/uploads\/2024\/11\/CHAMADA-17.jpg\" \/>\n\t<meta property=\"og:image:width\" content=\"800\" \/>\n\t<meta property=\"og:image:height\" content=\"550\" \/>\n\t<meta property=\"og:image:type\" content=\"image\/jpeg\" \/>\n<meta name=\"author\" content=\"Adriana Rabelo\" \/>\n<meta name=\"twitter:card\" content=\"summary_large_image\" \/>\n<meta name=\"twitter:label1\" content=\"Escrito por\" \/>\n\t<meta name=\"twitter:data1\" content=\"Adriana Rabelo\" \/>\n\t<meta name=\"twitter:label2\" content=\"Est. tempo de leitura\" \/>\n\t<meta name=\"twitter:data2\" content=\"7 minutos\" \/>\n<script type=\"application\/ld+json\" class=\"yoast-schema-graph\">{\"@context\":\"https:\/\/schema.org\",\"@graph\":[{\"@type\":\"WebSite\",\"@id\":\"https:\/\/franciscanos.org.br\/noticias\/#website\",\"url\":\"https:\/\/franciscanos.org.br\/noticias\/\",\"name\":\"Not\u00edcias - Franciscanos\",\"description\":\"Prov\u00edncia Franciscana da Imaculada Concei\u00e7\u00e3o do Brasil - Ordem dos Frades Menores - OFM\",\"potentialAction\":[{\"@type\":\"SearchAction\",\"target\":{\"@type\":\"EntryPoint\",\"urlTemplate\":\"https:\/\/franciscanos.org.br\/noticias\/?s={search_term_string}\"},\"query-input\":\"required name=search_term_string\"}],\"inLanguage\":\"pt-BR\"},{\"@type\":\"ImageObject\",\"inLanguage\":\"pt-BR\",\"@id\":\"https:\/\/franciscanos.org.br\/noticias\/frei-danilo-sera-ordenado-presbitero.html#primaryimage\",\"url\":\"https:\/\/franciscanos.org.br\/noticias\/wp-content\/uploads\/2024\/11\/CHAMADA-17.jpg\",\"contentUrl\":\"https:\/\/franciscanos.org.br\/noticias\/wp-content\/uploads\/2024\/11\/CHAMADA-17.jpg\",\"width\":800,\"height\":550},{\"@type\":\"WebPage\",\"@id\":\"https:\/\/franciscanos.org.br\/noticias\/frei-danilo-sera-ordenado-presbitero.html#webpage\",\"url\":\"https:\/\/franciscanos.org.br\/noticias\/frei-danilo-sera-ordenado-presbitero.html\",\"name\":\"Frei Danilo ser\u00e1 ordenado presb\u00edtero - Not\u00edcias - Franciscanos\",\"isPartOf\":{\"@id\":\"https:\/\/franciscanos.org.br\/noticias\/#website\"},\"primaryImageOfPage\":{\"@id\":\"https:\/\/franciscanos.org.br\/noticias\/frei-danilo-sera-ordenado-presbitero.html#primaryimage\"},\"datePublished\":\"2024-11-19T12:30:07+00:00\",\"dateModified\":\"2025-03-10T19:14:51+00:00\",\"author\":{\"@id\":\"https:\/\/franciscanos.org.br\/noticias\/#\/schema\/person\/d9422e83121c3ad3b0f423d195f5bb25\"},\"breadcrumb\":{\"@id\":\"https:\/\/franciscanos.org.br\/noticias\/frei-danilo-sera-ordenado-presbitero.html#breadcrumb\"},\"inLanguage\":\"pt-BR\",\"potentialAction\":[{\"@type\":\"ReadAction\",\"target\":[\"https:\/\/franciscanos.org.br\/noticias\/frei-danilo-sera-ordenado-presbitero.html\"]}]},{\"@type\":\"BreadcrumbList\",\"@id\":\"https:\/\/franciscanos.org.br\/noticias\/frei-danilo-sera-ordenado-presbitero.html#breadcrumb\",\"itemListElement\":[{\"@type\":\"ListItem\",\"position\":1,\"name\":\"Home\",\"item\":\"https:\/\/franciscanos.org.br\/noticias\"},{\"@type\":\"ListItem\",\"position\":2,\"name\":\"Frei Danilo ser\u00e1 ordenado presb\u00edtero\"}]},{\"@type\":\"Person\",\"@id\":\"https:\/\/franciscanos.org.br\/noticias\/#\/schema\/person\/d9422e83121c3ad3b0f423d195f5bb25\",\"name\":\"Adriana Rabelo\",\"image\":{\"@type\":\"ImageObject\",\"inLanguage\":\"pt-BR\",\"@id\":\"https:\/\/franciscanos.org.br\/noticias\/#\/schema\/person\/image\/\",\"url\":\"https:\/\/secure.gravatar.com\/avatar\/0a937b7500cd7df77540cfb8bede877d?s=96&d=mm&r=g\",\"contentUrl\":\"https:\/\/secure.gravatar.com\/avatar\/0a937b7500cd7df77540cfb8bede877d?s=96&d=mm&r=g\",\"caption\":\"Adriana Rabelo\"},\"url\":\"https:\/\/franciscanos.org.br\/noticias\/author\/adrianarabelo\"}]}<\/script>\n<!-- \/ Yoast SEO plugin. -->","yoast_head_json":{"title":"Frei Danilo ser\u00e1 ordenado presb\u00edtero - Not\u00edcias - Franciscanos","robots":{"index":"index","follow":"follow","max-snippet":"max-snippet:-1","max-image-preview":"max-image-preview:large","max-video-preview":"max-video-preview:-1"},"canonical":"https:\/\/franciscanos.org.br\/noticias\/frei-danilo-sera-ordenado-presbitero.html","og_locale":"pt_BR","og_type":"article","og_title":"Frei Danilo ser\u00e1 ordenado presb\u00edtero - Not\u00edcias - Franciscanos","og_description":"Ordena\u00e7\u00e3o Presbiteral","og_url":"https:\/\/franciscanos.org.br\/noticias\/frei-danilo-sera-ordenado-presbitero.html","og_site_name":"Not\u00edcias - Franciscanos","article_published_time":"2024-11-19T12:30:07+00:00","article_modified_time":"2025-03-10T19:14:51+00:00","og_image":[{"width":800,"height":550,"url":"https:\/\/franciscanos.org.br\/noticias\/wp-content\/uploads\/2024\/11\/CHAMADA-17.jpg","type":"image\/jpeg"}],"author":"Adriana Rabelo","twitter_card":"summary_large_image","twitter_misc":{"Escrito por":"Adriana Rabelo","Est. tempo de leitura":"7 minutos"},"schema":{"@context":"https:\/\/schema.org","@graph":[{"@type":"WebSite","@id":"https:\/\/franciscanos.org.br\/noticias\/#website","url":"https:\/\/franciscanos.org.br\/noticias\/","name":"Not\u00edcias - Franciscanos","description":"Prov\u00edncia Franciscana da Imaculada Concei\u00e7\u00e3o do Brasil - Ordem dos Frades Menores - OFM","potentialAction":[{"@type":"SearchAction","target":{"@type":"EntryPoint","urlTemplate":"https:\/\/franciscanos.org.br\/noticias\/?s={search_term_string}"},"query-input":"required name=search_term_string"}],"inLanguage":"pt-BR"},{"@type":"ImageObject","inLanguage":"pt-BR","@id":"https:\/\/franciscanos.org.br\/noticias\/frei-danilo-sera-ordenado-presbitero.html#primaryimage","url":"https:\/\/franciscanos.org.br\/noticias\/wp-content\/uploads\/2024\/11\/CHAMADA-17.jpg","contentUrl":"https:\/\/franciscanos.org.br\/noticias\/wp-content\/uploads\/2024\/11\/CHAMADA-17.jpg","width":800,"height":550},{"@type":"WebPage","@id":"https:\/\/franciscanos.org.br\/noticias\/frei-danilo-sera-ordenado-presbitero.html#webpage","url":"https:\/\/franciscanos.org.br\/noticias\/frei-danilo-sera-ordenado-presbitero.html","name":"Frei Danilo ser\u00e1 ordenado presb\u00edtero - Not\u00edcias - Franciscanos","isPartOf":{"@id":"https:\/\/franciscanos.org.br\/noticias\/#website"},"primaryImageOfPage":{"@id":"https:\/\/franciscanos.org.br\/noticias\/frei-danilo-sera-ordenado-presbitero.html#primaryimage"},"datePublished":"2024-11-19T12:30:07+00:00","dateModified":"2025-03-10T19:14:51+00:00","author":{"@id":"https:\/\/franciscanos.org.br\/noticias\/#\/schema\/person\/d9422e83121c3ad3b0f423d195f5bb25"},"breadcrumb":{"@id":"https:\/\/franciscanos.org.br\/noticias\/frei-danilo-sera-ordenado-presbitero.html#breadcrumb"},"inLanguage":"pt-BR","potentialAction":[{"@type":"ReadAction","target":["https:\/\/franciscanos.org.br\/noticias\/frei-danilo-sera-ordenado-presbitero.html"]}]},{"@type":"BreadcrumbList","@id":"https:\/\/franciscanos.org.br\/noticias\/frei-danilo-sera-ordenado-presbitero.html#breadcrumb","itemListElement":[{"@type":"ListItem","position":1,"name":"Home","item":"https:\/\/franciscanos.org.br\/noticias"},{"@type":"ListItem","position":2,"name":"Frei Danilo ser\u00e1 ordenado presb\u00edtero"}]},{"@type":"Person","@id":"https:\/\/franciscanos.org.br\/noticias\/#\/schema\/person\/d9422e83121c3ad3b0f423d195f5bb25","name":"Adriana Rabelo","image":{"@type":"ImageObject","inLanguage":"pt-BR","@id":"https:\/\/franciscanos.org.br\/noticias\/#\/schema\/person\/image\/","url":"https:\/\/secure.gravatar.com\/avatar\/0a937b7500cd7df77540cfb8bede877d?s=96&d=mm&r=g","contentUrl":"https:\/\/secure.gravatar.com\/avatar\/0a937b7500cd7df77540cfb8bede877d?s=96&d=mm&r=g","caption":"Adriana Rabelo"},"url":"https:\/\/franciscanos.org.br\/noticias\/author\/adrianarabelo"}]}},"_links":{"self":[{"href":"https:\/\/franciscanos.org.br\/noticias\/wp-json\/wp\/v2\/posts\/252806"}],"collection":[{"href":"https:\/\/franciscanos.org.br\/noticias\/wp-json\/wp\/v2\/posts"}],"about":[{"href":"https:\/\/franciscanos.org.br\/noticias\/wp-json\/wp\/v2\/types\/post"}],"author":[{"embeddable":true,"href":"https:\/\/franciscanos.org.br\/noticias\/wp-json\/wp\/v2\/users\/11"}],"replies":[{"embeddable":true,"href":"https:\/\/franciscanos.org.br\/noticias\/wp-json\/wp\/v2\/comments?post=252806"}],"version-history":[{"count":28,"href":"https:\/\/franciscanos.org.br\/noticias\/wp-json\/wp\/v2\/posts\/252806\/revisions"}],"predecessor-version":[{"id":252873,"href":"https:\/\/franciscanos.org.br\/noticias\/wp-json\/wp\/v2\/posts\/252806\/revisions\/252873"}],"wp:featuredmedia":[{"embeddable":true,"href":"https:\/\/franciscanos.org.br\/noticias\/wp-json\/wp\/v2\/media\/252834"}],"wp:attachment":[{"href":"https:\/\/franciscanos.org.br\/noticias\/wp-json\/wp\/v2\/media?parent=252806"}],"wp:term":[{"taxonomy":"category","embeddable":true,"href":"https:\/\/franciscanos.org.br\/noticias\/wp-json\/wp\/v2\/categories?post=252806"},{"taxonomy":"post_tag","embeddable":true,"href":"https:\/\/franciscanos.org.br\/noticias\/wp-json\/wp\/v2\/tags?post=252806"}],"curies":[{"name":"wp","href":"https:\/\/api.w.org\/{rel}","templated":true}]}}