{"id":252801,"date":"2024-11-13T13:02:54","date_gmt":"2024-11-13T16:02:54","guid":{"rendered":"https:\/\/franciscanos.org.br\/noticias\/?p=252801"},"modified":"2024-11-13T14:57:56","modified_gmt":"2024-11-13T17:57:56","slug":"sefras-na-cupula-dos-povos-em-defesa-dos-invisibilizados-e-da-casa-comum","status":"publish","type":"post","link":"https:\/\/franciscanos.org.br\/noticias\/sefras-na-cupula-dos-povos-em-defesa-dos-invisibilizados-e-da-casa-comum.html","title":{"rendered":"Sefras na C\u00fapula dos Povos: em defesa dos invisibilizados e da Casa Comum"},"content":{"rendered":"<p><img loading=\"lazy\" class=\"aligncenter wp-image-252802 size-full\" src=\"https:\/\/franciscanos.org.br\/noticias\/wp-content\/uploads\/2024\/11\/CHAMADA-16.jpg\" alt=\"\" width=\"1280\" height=\"720\" srcset=\"https:\/\/franciscanos.org.br\/noticias\/wp-content\/uploads\/2024\/11\/CHAMADA-16.jpg 1280w, https:\/\/franciscanos.org.br\/noticias\/wp-content\/uploads\/2024\/11\/CHAMADA-16-450x253.jpg 450w, https:\/\/franciscanos.org.br\/noticias\/wp-content\/uploads\/2024\/11\/CHAMADA-16-1024x576.jpg 1024w, https:\/\/franciscanos.org.br\/noticias\/wp-content\/uploads\/2024\/11\/CHAMADA-16-768x432.jpg 768w, https:\/\/franciscanos.org.br\/noticias\/wp-content\/uploads\/2024\/11\/CHAMADA-16-150x84.jpg 150w\" sizes=\"(max-width: 1280px) 100vw, 1280px\" \/><\/p>\n<p>Entre os dias 14 e 16 de novembro, Sefras &#8211; A\u00e7\u00e3o Social Franciscana &#8211; participar\u00e1 da C\u00fapula dos Povos Frente ao G20, evento paralelo ao encontro do G20 no Rio de Janeiro. Sob o tema \u201cVida acima do Lucro: Povos e Natureza n\u00e3o est\u00e3o \u00e0 venda!\u201d, o encontro \u00e9 uma iniciativa de organiza\u00e7\u00f5es da sociedade civil e movimentos sociais, que desde 2012 ocorre paralelamente \u00e0s grandes confer\u00eancias globais para ressaltar a agenda popular e o compromisso com as necessidades dos mais vulner\u00e1veis.<\/p>\n<p>Este ano, o Sefras integra a C\u00fapula dos Povos para fortalecer a \u201cagenda dos invisibilizados\u201d, abordando temas essenciais para as pessoas em situa\u00e7\u00e3o de rua, idosos, imigrantes e outros grupos em situa\u00e7\u00e3o de vulnerabilidade. Nossa atua\u00e7\u00e3o busca pautar a\u00e7\u00f5es, resultados e demandas a partir de vis\u00f5es franciscanas, contribuindo para um espa\u00e7o onde as vozes da sociedade civil ganhem destaque em contraponto aos interesses econ\u00f4micos globais. O evento oferece uma oportunidade valiosa para reafirmarmos o compromisso com a justi\u00e7a social e o cuidado com a Casa Comum.<\/p>\n<p>Segundo a Talita Guimar\u00e3es, do setor de incid\u00eancia pol\u00edtica do Sefras e presidente do Jubileu Sul: &#8220;O Sefras tem como compromisso mobilizar nossas agendas sob o grande guarda-chuva da &#8216;Agenda dos Invisibilizados&#8217;, trazendo nossas vozes e rostos para evidenciar nossas pautas. Estamos tamb\u00e9m mobilizados para participar a partir da nossa Casa Franciscana no Rio de Janeiro, onde tanto participantes quanto trabalhadores se organizaram para estar presentes nas atividades da C\u00fapula dos Povos e na grande marcha que ocorrer\u00e1 no dia 16,&#8221; afirma Talita, destacando o empenho da organiza\u00e7\u00e3o em fortalecer a presen\u00e7a das causas mais vulner\u00e1veis no cen\u00e1rio global.\u201d<\/p>\n<p>O Sefras se integra a essas a\u00e7\u00f5es com o objetivo de demonstrar os caminhos que estamos trilhando em dire\u00e7\u00e3o ao cuidado com a Casa Comum, refor\u00e7ando nosso compromisso com a sustentabilidade e a dignidade dos mais vulner\u00e1veis.<\/p>\n<p>Esse engajamento tamb\u00e9m \u00e9 uma prepara\u00e7\u00e3o para a COP30, onde aprofundaremos nossa atua\u00e7\u00e3o junto \u00e0s pautas ambientais e sociais que impactam diretamente as popula\u00e7\u00f5es em situa\u00e7\u00e3o de risco.<\/p>\n<p><strong>Veja como ser\u00e1 agenda da C\u00fapula <\/strong><\/p>\n<p>No dia 14, ocorrer\u00e1 o encontro da C\u00fapula dos Povos durante todo o dia, com atividades autogestionadas que incluir\u00e3o uma interven\u00e7\u00e3o conduzida por Frei Marx. No dia 15, as atividades continuam com o Tribunal dos Povos, colocando o imperialismo \u201cno banco dos r\u00e9us\u201d.\u00a0 No \u00faltimo dia, 16, os movimentos sociais e populares realizar\u00e3o uma marcha nas ruas do Rio de Janeiro, encerrando com um ato que contar\u00e1 com a presen\u00e7a do presidente Lula e do presidente da \u00c1frica do Sul.<\/p>\n<p><strong>O que \u00e9 o G20 e a C\u00fapula dos Povos<\/strong><\/p>\n<p>O G20 \u00e9 um grupo formado pelas principais economias do mundo, incluindo pa\u00edses desenvolvidos e emergentes, que se re\u00fane anualmente para discutir temas econ\u00f4micos, sociais e ambientais globais, como combate \u00e0 fome, mudan\u00e7as clim\u00e1ticas e regulamenta\u00e7\u00f5es financeiras. Neste ano, o Brasil assumiu a presid\u00eancia do G20, promovendo o tema \u201cConstruindo um Mundo Justo e um Planeta Sustent\u00e1vel\u201d, com \u00eanfase em inclus\u00e3o social, combate \u00e0s desigualdades e transi\u00e7\u00e3o energ\u00e9tica.<\/p>\n<p>A C\u00fapula dos Povos \u00e9 uma mobiliza\u00e7\u00e3o de organiza\u00e7\u00f5es da sociedade civil e movimentos populares que acontece paralelamente ao G20 desde 2012. Este espa\u00e7o independente busca representar as demandas da sociedade frente \u00e0s grandes pot\u00eancias, questionando solu\u00e7\u00f5es globais que muitas vezes atendem aos interesses do mercado e deixam de lado as necessidades das popula\u00e7\u00f5es mais vulner\u00e1veis e do meio ambiente. Em 2024, a C\u00fapula dos Povos se organiza para reafirmar que \u201cPovos e Natureza n\u00e3o est\u00e3o \u00e0 venda\u201d, defendendo a dignidade humana e o cuidado com a Casa Comum.<\/p>\n<hr \/>\n<p><em>Melissa Galdino \u2013 Sefras<\/em><\/p>\n","protected":false},"excerpt":{"rendered":"<p>Sefras<\/p>\n","protected":false},"author":11,"featured_media":252803,"comment_status":"open","ping_status":"open","sticky":false,"template":"","format":"standard","meta":[],"categories":[1],"tags":[228],"acf":[],"yoast_head":"<!-- This site is optimized with the Yoast SEO plugin v19.2 - https:\/\/yoast.com\/wordpress\/plugins\/seo\/ -->\n<title>Sefras na C\u00fapula dos Povos: em defesa dos invisibilizados e da Casa Comum - Not\u00edcias - Franciscanos<\/title>\n<meta name=\"robots\" content=\"index, follow, max-snippet:-1, max-image-preview:large, max-video-preview:-1\" \/>\n<link rel=\"canonical\" href=\"https:\/\/franciscanos.org.br\/noticias\/sefras-na-cupula-dos-povos-em-defesa-dos-invisibilizados-e-da-casa-comum.html\" \/>\n<meta property=\"og:locale\" content=\"pt_BR\" \/>\n<meta property=\"og:type\" content=\"article\" \/>\n<meta property=\"og:title\" content=\"Sefras na C\u00fapula dos Povos: em defesa dos invisibilizados e da Casa Comum - Not\u00edcias - Franciscanos\" \/>\n<meta property=\"og:description\" content=\"Sefras\" \/>\n<meta property=\"og:url\" content=\"https:\/\/franciscanos.org.br\/noticias\/sefras-na-cupula-dos-povos-em-defesa-dos-invisibilizados-e-da-casa-comum.html\" \/>\n<meta property=\"og:site_name\" content=\"Not\u00edcias - Franciscanos\" \/>\n<meta property=\"article:published_time\" content=\"2024-11-13T16:02:54+00:00\" \/>\n<meta property=\"article:modified_time\" content=\"2024-11-13T17:57:56+00:00\" \/>\n<meta property=\"og:image\" content=\"https:\/\/franciscanos.org.br\/noticias\/wp-content\/uploads\/2024\/11\/CHAMADA2-1.jpg\" \/>\n\t<meta property=\"og:image:width\" content=\"800\" \/>\n\t<meta property=\"og:image:height\" content=\"550\" \/>\n\t<meta property=\"og:image:type\" content=\"image\/jpeg\" \/>\n<meta name=\"author\" content=\"Adriana Rabelo\" \/>\n<meta name=\"twitter:card\" content=\"summary_large_image\" \/>\n<meta name=\"twitter:label1\" content=\"Escrito por\" \/>\n\t<meta name=\"twitter:data1\" content=\"Adriana Rabelo\" \/>\n\t<meta name=\"twitter:label2\" content=\"Est. tempo de leitura\" \/>\n\t<meta name=\"twitter:data2\" content=\"3 minutos\" \/>\n<script type=\"application\/ld+json\" class=\"yoast-schema-graph\">{\"@context\":\"https:\/\/schema.org\",\"@graph\":[{\"@type\":\"WebSite\",\"@id\":\"https:\/\/franciscanos.org.br\/noticias\/#website\",\"url\":\"https:\/\/franciscanos.org.br\/noticias\/\",\"name\":\"Not\u00edcias - Franciscanos\",\"description\":\"Prov\u00edncia Franciscana da Imaculada Concei\u00e7\u00e3o do Brasil - Ordem dos Frades Menores - OFM\",\"potentialAction\":[{\"@type\":\"SearchAction\",\"target\":{\"@type\":\"EntryPoint\",\"urlTemplate\":\"https:\/\/franciscanos.org.br\/noticias\/?s={search_term_string}\"},\"query-input\":\"required name=search_term_string\"}],\"inLanguage\":\"pt-BR\"},{\"@type\":\"ImageObject\",\"inLanguage\":\"pt-BR\",\"@id\":\"https:\/\/franciscanos.org.br\/noticias\/sefras-na-cupula-dos-povos-em-defesa-dos-invisibilizados-e-da-casa-comum.html#primaryimage\",\"url\":\"https:\/\/franciscanos.org.br\/noticias\/wp-content\/uploads\/2024\/11\/CHAMADA2-1.jpg\",\"contentUrl\":\"https:\/\/franciscanos.org.br\/noticias\/wp-content\/uploads\/2024\/11\/CHAMADA2-1.jpg\",\"width\":800,\"height\":550},{\"@type\":\"WebPage\",\"@id\":\"https:\/\/franciscanos.org.br\/noticias\/sefras-na-cupula-dos-povos-em-defesa-dos-invisibilizados-e-da-casa-comum.html#webpage\",\"url\":\"https:\/\/franciscanos.org.br\/noticias\/sefras-na-cupula-dos-povos-em-defesa-dos-invisibilizados-e-da-casa-comum.html\",\"name\":\"Sefras na C\u00fapula dos Povos: em defesa dos invisibilizados e da Casa Comum - Not\u00edcias - Franciscanos\",\"isPartOf\":{\"@id\":\"https:\/\/franciscanos.org.br\/noticias\/#website\"},\"primaryImageOfPage\":{\"@id\":\"https:\/\/franciscanos.org.br\/noticias\/sefras-na-cupula-dos-povos-em-defesa-dos-invisibilizados-e-da-casa-comum.html#primaryimage\"},\"datePublished\":\"2024-11-13T16:02:54+00:00\",\"dateModified\":\"2024-11-13T17:57:56+00:00\",\"author\":{\"@id\":\"https:\/\/franciscanos.org.br\/noticias\/#\/schema\/person\/d9422e83121c3ad3b0f423d195f5bb25\"},\"breadcrumb\":{\"@id\":\"https:\/\/franciscanos.org.br\/noticias\/sefras-na-cupula-dos-povos-em-defesa-dos-invisibilizados-e-da-casa-comum.html#breadcrumb\"},\"inLanguage\":\"pt-BR\",\"potentialAction\":[{\"@type\":\"ReadAction\",\"target\":[\"https:\/\/franciscanos.org.br\/noticias\/sefras-na-cupula-dos-povos-em-defesa-dos-invisibilizados-e-da-casa-comum.html\"]}]},{\"@type\":\"BreadcrumbList\",\"@id\":\"https:\/\/franciscanos.org.br\/noticias\/sefras-na-cupula-dos-povos-em-defesa-dos-invisibilizados-e-da-casa-comum.html#breadcrumb\",\"itemListElement\":[{\"@type\":\"ListItem\",\"position\":1,\"name\":\"Home\",\"item\":\"https:\/\/franciscanos.org.br\/noticias\"},{\"@type\":\"ListItem\",\"position\":2,\"name\":\"Sefras na C\u00fapula dos Povos: em defesa dos invisibilizados e da Casa Comum\"}]},{\"@type\":\"Person\",\"@id\":\"https:\/\/franciscanos.org.br\/noticias\/#\/schema\/person\/d9422e83121c3ad3b0f423d195f5bb25\",\"name\":\"Adriana Rabelo\",\"image\":{\"@type\":\"ImageObject\",\"inLanguage\":\"pt-BR\",\"@id\":\"https:\/\/franciscanos.org.br\/noticias\/#\/schema\/person\/image\/\",\"url\":\"https:\/\/secure.gravatar.com\/avatar\/0a937b7500cd7df77540cfb8bede877d?s=96&d=mm&r=g\",\"contentUrl\":\"https:\/\/secure.gravatar.com\/avatar\/0a937b7500cd7df77540cfb8bede877d?s=96&d=mm&r=g\",\"caption\":\"Adriana Rabelo\"},\"url\":\"https:\/\/franciscanos.org.br\/noticias\/author\/adrianarabelo\"}]}<\/script>\n<!-- \/ Yoast SEO plugin. -->","yoast_head_json":{"title":"Sefras na C\u00fapula dos Povos: em defesa dos invisibilizados e da Casa Comum - Not\u00edcias - Franciscanos","robots":{"index":"index","follow":"follow","max-snippet":"max-snippet:-1","max-image-preview":"max-image-preview:large","max-video-preview":"max-video-preview:-1"},"canonical":"https:\/\/franciscanos.org.br\/noticias\/sefras-na-cupula-dos-povos-em-defesa-dos-invisibilizados-e-da-casa-comum.html","og_locale":"pt_BR","og_type":"article","og_title":"Sefras na C\u00fapula dos Povos: em defesa dos invisibilizados e da Casa Comum - Not\u00edcias - Franciscanos","og_description":"Sefras","og_url":"https:\/\/franciscanos.org.br\/noticias\/sefras-na-cupula-dos-povos-em-defesa-dos-invisibilizados-e-da-casa-comum.html","og_site_name":"Not\u00edcias - Franciscanos","article_published_time":"2024-11-13T16:02:54+00:00","article_modified_time":"2024-11-13T17:57:56+00:00","og_image":[{"width":800,"height":550,"url":"https:\/\/franciscanos.org.br\/noticias\/wp-content\/uploads\/2024\/11\/CHAMADA2-1.jpg","type":"image\/jpeg"}],"author":"Adriana Rabelo","twitter_card":"summary_large_image","twitter_misc":{"Escrito por":"Adriana Rabelo","Est. tempo de leitura":"3 minutos"},"schema":{"@context":"https:\/\/schema.org","@graph":[{"@type":"WebSite","@id":"https:\/\/franciscanos.org.br\/noticias\/#website","url":"https:\/\/franciscanos.org.br\/noticias\/","name":"Not\u00edcias - Franciscanos","description":"Prov\u00edncia Franciscana da Imaculada Concei\u00e7\u00e3o do Brasil - Ordem dos Frades Menores - OFM","potentialAction":[{"@type":"SearchAction","target":{"@type":"EntryPoint","urlTemplate":"https:\/\/franciscanos.org.br\/noticias\/?s={search_term_string}"},"query-input":"required name=search_term_string"}],"inLanguage":"pt-BR"},{"@type":"ImageObject","inLanguage":"pt-BR","@id":"https:\/\/franciscanos.org.br\/noticias\/sefras-na-cupula-dos-povos-em-defesa-dos-invisibilizados-e-da-casa-comum.html#primaryimage","url":"https:\/\/franciscanos.org.br\/noticias\/wp-content\/uploads\/2024\/11\/CHAMADA2-1.jpg","contentUrl":"https:\/\/franciscanos.org.br\/noticias\/wp-content\/uploads\/2024\/11\/CHAMADA2-1.jpg","width":800,"height":550},{"@type":"WebPage","@id":"https:\/\/franciscanos.org.br\/noticias\/sefras-na-cupula-dos-povos-em-defesa-dos-invisibilizados-e-da-casa-comum.html#webpage","url":"https:\/\/franciscanos.org.br\/noticias\/sefras-na-cupula-dos-povos-em-defesa-dos-invisibilizados-e-da-casa-comum.html","name":"Sefras na C\u00fapula dos Povos: em defesa dos invisibilizados e da Casa Comum - Not\u00edcias - Franciscanos","isPartOf":{"@id":"https:\/\/franciscanos.org.br\/noticias\/#website"},"primaryImageOfPage":{"@id":"https:\/\/franciscanos.org.br\/noticias\/sefras-na-cupula-dos-povos-em-defesa-dos-invisibilizados-e-da-casa-comum.html#primaryimage"},"datePublished":"2024-11-13T16:02:54+00:00","dateModified":"2024-11-13T17:57:56+00:00","author":{"@id":"https:\/\/franciscanos.org.br\/noticias\/#\/schema\/person\/d9422e83121c3ad3b0f423d195f5bb25"},"breadcrumb":{"@id":"https:\/\/franciscanos.org.br\/noticias\/sefras-na-cupula-dos-povos-em-defesa-dos-invisibilizados-e-da-casa-comum.html#breadcrumb"},"inLanguage":"pt-BR","potentialAction":[{"@type":"ReadAction","target":["https:\/\/franciscanos.org.br\/noticias\/sefras-na-cupula-dos-povos-em-defesa-dos-invisibilizados-e-da-casa-comum.html"]}]},{"@type":"BreadcrumbList","@id":"https:\/\/franciscanos.org.br\/noticias\/sefras-na-cupula-dos-povos-em-defesa-dos-invisibilizados-e-da-casa-comum.html#breadcrumb","itemListElement":[{"@type":"ListItem","position":1,"name":"Home","item":"https:\/\/franciscanos.org.br\/noticias"},{"@type":"ListItem","position":2,"name":"Sefras na C\u00fapula dos Povos: em defesa dos invisibilizados e da Casa Comum"}]},{"@type":"Person","@id":"https:\/\/franciscanos.org.br\/noticias\/#\/schema\/person\/d9422e83121c3ad3b0f423d195f5bb25","name":"Adriana Rabelo","image":{"@type":"ImageObject","inLanguage":"pt-BR","@id":"https:\/\/franciscanos.org.br\/noticias\/#\/schema\/person\/image\/","url":"https:\/\/secure.gravatar.com\/avatar\/0a937b7500cd7df77540cfb8bede877d?s=96&d=mm&r=g","contentUrl":"https:\/\/secure.gravatar.com\/avatar\/0a937b7500cd7df77540cfb8bede877d?s=96&d=mm&r=g","caption":"Adriana Rabelo"},"url":"https:\/\/franciscanos.org.br\/noticias\/author\/adrianarabelo"}]}},"_links":{"self":[{"href":"https:\/\/franciscanos.org.br\/noticias\/wp-json\/wp\/v2\/posts\/252801"}],"collection":[{"href":"https:\/\/franciscanos.org.br\/noticias\/wp-json\/wp\/v2\/posts"}],"about":[{"href":"https:\/\/franciscanos.org.br\/noticias\/wp-json\/wp\/v2\/types\/post"}],"author":[{"embeddable":true,"href":"https:\/\/franciscanos.org.br\/noticias\/wp-json\/wp\/v2\/users\/11"}],"replies":[{"embeddable":true,"href":"https:\/\/franciscanos.org.br\/noticias\/wp-json\/wp\/v2\/comments?post=252801"}],"version-history":[{"count":2,"href":"https:\/\/franciscanos.org.br\/noticias\/wp-json\/wp\/v2\/posts\/252801\/revisions"}],"predecessor-version":[{"id":252805,"href":"https:\/\/franciscanos.org.br\/noticias\/wp-json\/wp\/v2\/posts\/252801\/revisions\/252805"}],"wp:featuredmedia":[{"embeddable":true,"href":"https:\/\/franciscanos.org.br\/noticias\/wp-json\/wp\/v2\/media\/252803"}],"wp:attachment":[{"href":"https:\/\/franciscanos.org.br\/noticias\/wp-json\/wp\/v2\/media?parent=252801"}],"wp:term":[{"taxonomy":"category","embeddable":true,"href":"https:\/\/franciscanos.org.br\/noticias\/wp-json\/wp\/v2\/categories?post=252801"},{"taxonomy":"post_tag","embeddable":true,"href":"https:\/\/franciscanos.org.br\/noticias\/wp-json\/wp\/v2\/tags?post=252801"}],"curies":[{"name":"wp","href":"https:\/\/api.w.org\/{rel}","templated":true}]}}