{"id":252795,"date":"2024-11-13T09:00:24","date_gmt":"2024-11-13T12:00:24","guid":{"rendered":"https:\/\/franciscanos.org.br\/noticias\/?p=252795"},"modified":"2024-11-13T09:04:57","modified_gmt":"2024-11-13T12:04:57","slug":"maria-e-instrumento-do-espirito-santo-na-sua-acao-santificadora","status":"publish","type":"post","link":"https:\/\/franciscanos.org.br\/noticias\/maria-e-instrumento-do-espirito-santo-na-sua-acao-santificadora.html","title":{"rendered":"Maria \u00e9 instrumento do Esp\u00edrito Santo na sua a\u00e7\u00e3o santificadora"},"content":{"rendered":"<p><img loading=\"lazy\" class=\"aligncenter wp-image-252796 size-full\" src=\"https:\/\/franciscanos.org.br\/noticias\/wp-content\/uploads\/2024\/11\/MATERIA-AUDIENCIA-GERAL-13.11.jpg\" alt=\"\" width=\"1280\" height=\"720\" srcset=\"https:\/\/franciscanos.org.br\/noticias\/wp-content\/uploads\/2024\/11\/MATERIA-AUDIENCIA-GERAL-13.11.jpg 1280w, https:\/\/franciscanos.org.br\/noticias\/wp-content\/uploads\/2024\/11\/MATERIA-AUDIENCIA-GERAL-13.11-450x253.jpg 450w, https:\/\/franciscanos.org.br\/noticias\/wp-content\/uploads\/2024\/11\/MATERIA-AUDIENCIA-GERAL-13.11-1024x576.jpg 1024w, https:\/\/franciscanos.org.br\/noticias\/wp-content\/uploads\/2024\/11\/MATERIA-AUDIENCIA-GERAL-13.11-768x432.jpg 768w, https:\/\/franciscanos.org.br\/noticias\/wp-content\/uploads\/2024\/11\/MATERIA-AUDIENCIA-GERAL-13.11-150x84.jpg 150w\" sizes=\"(max-width: 1280px) 100vw, 1280px\" \/><\/p>\n<p>O Papa Francisco deu continuidade ao ciclo de catequeses sobre o Esp\u00edrito Santo na Audi\u00eancia Geral, desta quarta-feira (13\/11), realizada na Pra\u00e7a S\u00e3o Pedro.<\/p>\n<p>&#8220;Entre os v\u00e1rios meios pelos quais o Esp\u00edrito Santo realiza a sua obra de santifica\u00e7\u00e3o na Igreja \u2013 Palavra de Deus, Sacramentos, ora\u00e7\u00e3o \u2013 h\u00e1 um muito especial: a piedade mariana&#8221;, disse o Papa no in\u00edcio de sua catequese.<\/p>\n<p>Segundo Francisco, &#8220;na tradi\u00e7\u00e3o cat\u00f3lica h\u00e1 sempre este lema, esta express\u00e3o: &#8220;Ad Iesum per Mariam&#8221;. Nossa Senhora nos faz ver Jesus. Ela nos abre as portas, sempre! Nossa Senhora \u00e9 a m\u00e3e que nos conduz pela m\u00e3o em dire\u00e7\u00e3o a Jesus. Maria nunca aponta para si mesma: Nossa Senhora aponta para Jesus. Esta \u00e9 a piedade mariana: a Jesus pelas m\u00e3os de Nossa Senhora&#8221;.<\/p>\n<p>&#8220;S\u00e3o Paulo define a comunidade crist\u00e3 como \u201cuma carta de Cristo, redigida por nosso minist\u00e9rio e escrita, n\u00e3o com tinta, mas com o Esp\u00edrito de Deus vivo, n\u00e3o em t\u00e1buas de pedra, mas em t\u00e1buas de carne, isto \u00e9, em vossos cora\u00e7\u00f5es\u201d. Maria, como primeira disc\u00edpula e figura da Igreja, \u00e9 tamb\u00e9m uma carta escrita com o Esp\u00edrito de Deus vivo&#8221;, disse ainda Francisco.<\/p>\n<p>Ao dizer o seu \u201csim\u201d ao an\u00fancio do anjo \u00e9 como se Maria dissesse a Deus: \u201cEis-me aqui, sou uma t\u00e1bua de escrever: que o Escritor escreva o que quiser, fa\u00e7a de mim o que quiser o Senhor de todas as coisas\u201d.<\/p>\n<p>Eis, portanto, como a M\u00e3e de Deus \u00e9 instrumento do Esp\u00edrito Santo na sua a\u00e7\u00e3o santificadora. No meio da profus\u00e3o intermin\u00e1vel de palavras ditas e escritas sobre Deus, sobre a Igreja e sobre a santidade, ela sugere apenas duas palavras que todos, mesmo os mais simples, podem pronunciar em qualquer ocasi\u00e3o: \u201cEis-me aqui\u201d e \u201cfiat\u201d. Maria \u00e9 aquela que disse \u201csim\u201d a Deus e, com o seu exemplo e a sua intercess\u00e3o, incita-nos a dizer-Lhe tamb\u00e9m o nosso \u201csim\u201d, cada vez que nos vemos confrontados com uma obedi\u00eancia a cumprir ou uma prova a vencer.<\/p>\n<p>De acordo com o Papa, &#8220;em todos os momentos da sua hist\u00f3ria, mas particularmente neste momento, a Igreja encontra-se na situa\u00e7\u00e3o em que se encontrava a comunidade crist\u00e3 ap\u00f3s a Ascens\u00e3o de Jesus ao c\u00e9u. Ela deve anunciar o Evangelho a todos os povos, mas est\u00e1 \u00e0 espera do \u201cpoder do alto\u201d para o poder fazer. E n\u00e3o esque\u00e7amos que, naquele momento, como lemos nos Atos dos Ap\u00f3stolos, os disc\u00edpulos estavam reunidos ao redor de \u201cMaria, m\u00e3e de Jesus\u201d.<\/p>\n<p>\u00c9 verdade que havia outras mulheres com ela no cen\u00e1culo, mas a sua presen\u00e7a \u00e9 diferente e \u00fanica entre todas. Entre ela e o Esp\u00edrito Santo existe um v\u00ednculo \u00fanico e eternamente indestrut\u00edvel que \u00e9 a pr\u00f3pria pessoa de Cristo, \u201cencarnado pelo Esp\u00edrito Santo no seio da Virgem Maria\u201d, como rezamos no Credo. O evangelista Lucas sublinha deliberadamente a correspond\u00eancia entre a vinda do Esp\u00edrito Santo sobre Maria na Anuncia\u00e7\u00e3o e a sua vinda sobre os disc\u00edpulos no Pentecostes, usando algumas express\u00f5es id\u00eanticas em ambos os casos.<\/p>\n<p>O Papa recordou que S\u00e3o Francisco de Assis, &#8220;numa das suas ora\u00e7\u00f5es, sa\u00fada a Virgem como \u201cfilha e serva do Rei Alt\u00edssimo, o Pai Celeste, m\u00e3e do Sant\u00edssimo Senhor Jesus Cristo, esposa do Esp\u00edrito Santo\u201d. Filha do Pai, M\u00e3e do Filho, Esposa do Esp\u00edrito Santo! Nenhuma palavra mais simples poderia ilustrar a rela\u00e7\u00e3o \u00fanica de Maria com a Trindade&#8221;.<\/p>\n<p>&#8220;Como todas as imagens, esta da \u201cesposa do Esp\u00edrito Santo\u201d n\u00e3o deve ser absolutizada, mas tomada pela quantidade de verdade que cont\u00e9m, e \u00e9 uma verdade muito bela. Ela \u00e9 a esposa, mas \u00e9, antes disso, a disc\u00edpula do Esp\u00edrito Santo&#8221;, disse ainda Francisco. &#8220;Aprendamos com ela a ser d\u00f3ceis \u00e0s inspira\u00e7\u00f5es do Esp\u00edrito, especialmente quando Ele nos sugere que \u201cnos levantemos depressa\u201d e vamos ajudar algu\u00e9m em necessidade, como ela fez logo depois que o anjo a deixou&#8221;, concluiu.<\/p>\n<hr \/>\n<p><em>Mariangela Jaguraba &#8211; Vatican News<\/em><\/p>\n","protected":false},"excerpt":{"rendered":"<p>Audi\u00eancia Geral \u2013 Papa Francisco<\/p>\n","protected":false},"author":11,"featured_media":252797,"comment_status":"open","ping_status":"open","sticky":false,"template":"","format":"standard","meta":[],"categories":[1,1428],"tags":[487,55],"acf":[],"yoast_head":"<!-- This site is optimized with the Yoast SEO plugin v19.2 - https:\/\/yoast.com\/wordpress\/plugins\/seo\/ -->\n<title>Maria \u00e9 instrumento do Esp\u00edrito Santo na sua a\u00e7\u00e3o santificadora - Not\u00edcias - Franciscanos<\/title>\n<meta name=\"robots\" content=\"index, follow, max-snippet:-1, max-image-preview:large, max-video-preview:-1\" \/>\n<link rel=\"canonical\" href=\"https:\/\/franciscanos.org.br\/noticias\/maria-e-instrumento-do-espirito-santo-na-sua-acao-santificadora.html\" \/>\n<meta property=\"og:locale\" content=\"pt_BR\" \/>\n<meta property=\"og:type\" content=\"article\" \/>\n<meta property=\"og:title\" content=\"Maria \u00e9 instrumento do Esp\u00edrito Santo na sua a\u00e7\u00e3o santificadora - Not\u00edcias - Franciscanos\" \/>\n<meta property=\"og:description\" content=\"Audi\u00eancia Geral \u2013 Papa Francisco\" \/>\n<meta property=\"og:url\" content=\"https:\/\/franciscanos.org.br\/noticias\/maria-e-instrumento-do-espirito-santo-na-sua-acao-santificadora.html\" \/>\n<meta property=\"og:site_name\" content=\"Not\u00edcias - Franciscanos\" \/>\n<meta property=\"article:published_time\" content=\"2024-11-13T12:00:24+00:00\" \/>\n<meta property=\"article:modified_time\" content=\"2024-11-13T12:04:57+00:00\" \/>\n<meta property=\"og:image\" content=\"https:\/\/franciscanos.org.br\/noticias\/wp-content\/uploads\/2024\/11\/CHAMADA-AUDIENCIA-13.11.jpg\" \/>\n\t<meta property=\"og:image:width\" content=\"800\" \/>\n\t<meta property=\"og:image:height\" content=\"550\" \/>\n\t<meta property=\"og:image:type\" content=\"image\/jpeg\" \/>\n<meta name=\"author\" content=\"Adriana Rabelo\" \/>\n<meta name=\"twitter:card\" content=\"summary_large_image\" \/>\n<meta name=\"twitter:label1\" content=\"Escrito por\" \/>\n\t<meta name=\"twitter:data1\" content=\"Adriana Rabelo\" \/>\n\t<meta name=\"twitter:label2\" content=\"Est. tempo de leitura\" \/>\n\t<meta name=\"twitter:data2\" content=\"4 minutos\" \/>\n<script type=\"application\/ld+json\" class=\"yoast-schema-graph\">{\"@context\":\"https:\/\/schema.org\",\"@graph\":[{\"@type\":\"WebSite\",\"@id\":\"https:\/\/franciscanos.org.br\/noticias\/#website\",\"url\":\"https:\/\/franciscanos.org.br\/noticias\/\",\"name\":\"Not\u00edcias - Franciscanos\",\"description\":\"Prov\u00edncia Franciscana da Imaculada Concei\u00e7\u00e3o do Brasil - Ordem dos Frades Menores - OFM\",\"potentialAction\":[{\"@type\":\"SearchAction\",\"target\":{\"@type\":\"EntryPoint\",\"urlTemplate\":\"https:\/\/franciscanos.org.br\/noticias\/?s={search_term_string}\"},\"query-input\":\"required name=search_term_string\"}],\"inLanguage\":\"pt-BR\"},{\"@type\":\"ImageObject\",\"inLanguage\":\"pt-BR\",\"@id\":\"https:\/\/franciscanos.org.br\/noticias\/maria-e-instrumento-do-espirito-santo-na-sua-acao-santificadora.html#primaryimage\",\"url\":\"https:\/\/franciscanos.org.br\/noticias\/wp-content\/uploads\/2024\/11\/CHAMADA-AUDIENCIA-13.11.jpg\",\"contentUrl\":\"https:\/\/franciscanos.org.br\/noticias\/wp-content\/uploads\/2024\/11\/CHAMADA-AUDIENCIA-13.11.jpg\",\"width\":800,\"height\":550},{\"@type\":\"WebPage\",\"@id\":\"https:\/\/franciscanos.org.br\/noticias\/maria-e-instrumento-do-espirito-santo-na-sua-acao-santificadora.html#webpage\",\"url\":\"https:\/\/franciscanos.org.br\/noticias\/maria-e-instrumento-do-espirito-santo-na-sua-acao-santificadora.html\",\"name\":\"Maria \u00e9 instrumento do Esp\u00edrito Santo na sua a\u00e7\u00e3o santificadora - Not\u00edcias - Franciscanos\",\"isPartOf\":{\"@id\":\"https:\/\/franciscanos.org.br\/noticias\/#website\"},\"primaryImageOfPage\":{\"@id\":\"https:\/\/franciscanos.org.br\/noticias\/maria-e-instrumento-do-espirito-santo-na-sua-acao-santificadora.html#primaryimage\"},\"datePublished\":\"2024-11-13T12:00:24+00:00\",\"dateModified\":\"2024-11-13T12:04:57+00:00\",\"author\":{\"@id\":\"https:\/\/franciscanos.org.br\/noticias\/#\/schema\/person\/d9422e83121c3ad3b0f423d195f5bb25\"},\"breadcrumb\":{\"@id\":\"https:\/\/franciscanos.org.br\/noticias\/maria-e-instrumento-do-espirito-santo-na-sua-acao-santificadora.html#breadcrumb\"},\"inLanguage\":\"pt-BR\",\"potentialAction\":[{\"@type\":\"ReadAction\",\"target\":[\"https:\/\/franciscanos.org.br\/noticias\/maria-e-instrumento-do-espirito-santo-na-sua-acao-santificadora.html\"]}]},{\"@type\":\"BreadcrumbList\",\"@id\":\"https:\/\/franciscanos.org.br\/noticias\/maria-e-instrumento-do-espirito-santo-na-sua-acao-santificadora.html#breadcrumb\",\"itemListElement\":[{\"@type\":\"ListItem\",\"position\":1,\"name\":\"Home\",\"item\":\"https:\/\/franciscanos.org.br\/noticias\"},{\"@type\":\"ListItem\",\"position\":2,\"name\":\"Maria \u00e9 instrumento do Esp\u00edrito Santo na sua a\u00e7\u00e3o santificadora\"}]},{\"@type\":\"Person\",\"@id\":\"https:\/\/franciscanos.org.br\/noticias\/#\/schema\/person\/d9422e83121c3ad3b0f423d195f5bb25\",\"name\":\"Adriana Rabelo\",\"image\":{\"@type\":\"ImageObject\",\"inLanguage\":\"pt-BR\",\"@id\":\"https:\/\/franciscanos.org.br\/noticias\/#\/schema\/person\/image\/\",\"url\":\"https:\/\/secure.gravatar.com\/avatar\/0a937b7500cd7df77540cfb8bede877d?s=96&d=mm&r=g\",\"contentUrl\":\"https:\/\/secure.gravatar.com\/avatar\/0a937b7500cd7df77540cfb8bede877d?s=96&d=mm&r=g\",\"caption\":\"Adriana Rabelo\"},\"url\":\"https:\/\/franciscanos.org.br\/noticias\/author\/adrianarabelo\"}]}<\/script>\n<!-- \/ Yoast SEO plugin. -->","yoast_head_json":{"title":"Maria \u00e9 instrumento do Esp\u00edrito Santo na sua a\u00e7\u00e3o santificadora - Not\u00edcias - Franciscanos","robots":{"index":"index","follow":"follow","max-snippet":"max-snippet:-1","max-image-preview":"max-image-preview:large","max-video-preview":"max-video-preview:-1"},"canonical":"https:\/\/franciscanos.org.br\/noticias\/maria-e-instrumento-do-espirito-santo-na-sua-acao-santificadora.html","og_locale":"pt_BR","og_type":"article","og_title":"Maria \u00e9 instrumento do Esp\u00edrito Santo na sua a\u00e7\u00e3o santificadora - Not\u00edcias - Franciscanos","og_description":"Audi\u00eancia Geral \u2013 Papa Francisco","og_url":"https:\/\/franciscanos.org.br\/noticias\/maria-e-instrumento-do-espirito-santo-na-sua-acao-santificadora.html","og_site_name":"Not\u00edcias - Franciscanos","article_published_time":"2024-11-13T12:00:24+00:00","article_modified_time":"2024-11-13T12:04:57+00:00","og_image":[{"width":800,"height":550,"url":"https:\/\/franciscanos.org.br\/noticias\/wp-content\/uploads\/2024\/11\/CHAMADA-AUDIENCIA-13.11.jpg","type":"image\/jpeg"}],"author":"Adriana Rabelo","twitter_card":"summary_large_image","twitter_misc":{"Escrito por":"Adriana Rabelo","Est. tempo de leitura":"4 minutos"},"schema":{"@context":"https:\/\/schema.org","@graph":[{"@type":"WebSite","@id":"https:\/\/franciscanos.org.br\/noticias\/#website","url":"https:\/\/franciscanos.org.br\/noticias\/","name":"Not\u00edcias - Franciscanos","description":"Prov\u00edncia Franciscana da Imaculada Concei\u00e7\u00e3o do Brasil - Ordem dos Frades Menores - OFM","potentialAction":[{"@type":"SearchAction","target":{"@type":"EntryPoint","urlTemplate":"https:\/\/franciscanos.org.br\/noticias\/?s={search_term_string}"},"query-input":"required name=search_term_string"}],"inLanguage":"pt-BR"},{"@type":"ImageObject","inLanguage":"pt-BR","@id":"https:\/\/franciscanos.org.br\/noticias\/maria-e-instrumento-do-espirito-santo-na-sua-acao-santificadora.html#primaryimage","url":"https:\/\/franciscanos.org.br\/noticias\/wp-content\/uploads\/2024\/11\/CHAMADA-AUDIENCIA-13.11.jpg","contentUrl":"https:\/\/franciscanos.org.br\/noticias\/wp-content\/uploads\/2024\/11\/CHAMADA-AUDIENCIA-13.11.jpg","width":800,"height":550},{"@type":"WebPage","@id":"https:\/\/franciscanos.org.br\/noticias\/maria-e-instrumento-do-espirito-santo-na-sua-acao-santificadora.html#webpage","url":"https:\/\/franciscanos.org.br\/noticias\/maria-e-instrumento-do-espirito-santo-na-sua-acao-santificadora.html","name":"Maria \u00e9 instrumento do Esp\u00edrito Santo na sua a\u00e7\u00e3o santificadora - Not\u00edcias - Franciscanos","isPartOf":{"@id":"https:\/\/franciscanos.org.br\/noticias\/#website"},"primaryImageOfPage":{"@id":"https:\/\/franciscanos.org.br\/noticias\/maria-e-instrumento-do-espirito-santo-na-sua-acao-santificadora.html#primaryimage"},"datePublished":"2024-11-13T12:00:24+00:00","dateModified":"2024-11-13T12:04:57+00:00","author":{"@id":"https:\/\/franciscanos.org.br\/noticias\/#\/schema\/person\/d9422e83121c3ad3b0f423d195f5bb25"},"breadcrumb":{"@id":"https:\/\/franciscanos.org.br\/noticias\/maria-e-instrumento-do-espirito-santo-na-sua-acao-santificadora.html#breadcrumb"},"inLanguage":"pt-BR","potentialAction":[{"@type":"ReadAction","target":["https:\/\/franciscanos.org.br\/noticias\/maria-e-instrumento-do-espirito-santo-na-sua-acao-santificadora.html"]}]},{"@type":"BreadcrumbList","@id":"https:\/\/franciscanos.org.br\/noticias\/maria-e-instrumento-do-espirito-santo-na-sua-acao-santificadora.html#breadcrumb","itemListElement":[{"@type":"ListItem","position":1,"name":"Home","item":"https:\/\/franciscanos.org.br\/noticias"},{"@type":"ListItem","position":2,"name":"Maria \u00e9 instrumento do Esp\u00edrito Santo na sua a\u00e7\u00e3o santificadora"}]},{"@type":"Person","@id":"https:\/\/franciscanos.org.br\/noticias\/#\/schema\/person\/d9422e83121c3ad3b0f423d195f5bb25","name":"Adriana Rabelo","image":{"@type":"ImageObject","inLanguage":"pt-BR","@id":"https:\/\/franciscanos.org.br\/noticias\/#\/schema\/person\/image\/","url":"https:\/\/secure.gravatar.com\/avatar\/0a937b7500cd7df77540cfb8bede877d?s=96&d=mm&r=g","contentUrl":"https:\/\/secure.gravatar.com\/avatar\/0a937b7500cd7df77540cfb8bede877d?s=96&d=mm&r=g","caption":"Adriana Rabelo"},"url":"https:\/\/franciscanos.org.br\/noticias\/author\/adrianarabelo"}]}},"_links":{"self":[{"href":"https:\/\/franciscanos.org.br\/noticias\/wp-json\/wp\/v2\/posts\/252795"}],"collection":[{"href":"https:\/\/franciscanos.org.br\/noticias\/wp-json\/wp\/v2\/posts"}],"about":[{"href":"https:\/\/franciscanos.org.br\/noticias\/wp-json\/wp\/v2\/types\/post"}],"author":[{"embeddable":true,"href":"https:\/\/franciscanos.org.br\/noticias\/wp-json\/wp\/v2\/users\/11"}],"replies":[{"embeddable":true,"href":"https:\/\/franciscanos.org.br\/noticias\/wp-json\/wp\/v2\/comments?post=252795"}],"version-history":[{"count":3,"href":"https:\/\/franciscanos.org.br\/noticias\/wp-json\/wp\/v2\/posts\/252795\/revisions"}],"predecessor-version":[{"id":252800,"href":"https:\/\/franciscanos.org.br\/noticias\/wp-json\/wp\/v2\/posts\/252795\/revisions\/252800"}],"wp:featuredmedia":[{"embeddable":true,"href":"https:\/\/franciscanos.org.br\/noticias\/wp-json\/wp\/v2\/media\/252797"}],"wp:attachment":[{"href":"https:\/\/franciscanos.org.br\/noticias\/wp-json\/wp\/v2\/media?parent=252795"}],"wp:term":[{"taxonomy":"category","embeddable":true,"href":"https:\/\/franciscanos.org.br\/noticias\/wp-json\/wp\/v2\/categories?post=252795"},{"taxonomy":"post_tag","embeddable":true,"href":"https:\/\/franciscanos.org.br\/noticias\/wp-json\/wp\/v2\/tags?post=252795"}],"curies":[{"name":"wp","href":"https:\/\/api.w.org\/{rel}","templated":true}]}}