{"id":252680,"date":"2024-11-12T13:05:39","date_gmt":"2024-11-12T16:05:39","guid":{"rendered":"https:\/\/franciscanos.org.br\/noticias\/?p=252680"},"modified":"2024-11-12T13:13:39","modified_gmt":"2024-11-12T16:13:39","slug":"capitulo-provincial-caminha-para-o-encerramento-com-reflexoes-sobre-o-jeito-de-ser-franciscano","status":"publish","type":"post","link":"https:\/\/franciscanos.org.br\/noticias\/capitulo-provincial-caminha-para-o-encerramento-com-reflexoes-sobre-o-jeito-de-ser-franciscano.html","title":{"rendered":"Cap\u00edtulo Provincial e as reflex\u00f5es sobre o jeito de ser franciscano"},"content":{"rendered":"<p><img loading=\"lazy\" class=\"aligncenter wp-image-252681 size-full\" src=\"https:\/\/franciscanos.org.br\/noticias\/wp-content\/uploads\/2024\/11\/MATERIA-16.jpg\" alt=\"\" width=\"1280\" height=\"720\" srcset=\"https:\/\/franciscanos.org.br\/noticias\/wp-content\/uploads\/2024\/11\/MATERIA-16.jpg 1280w, https:\/\/franciscanos.org.br\/noticias\/wp-content\/uploads\/2024\/11\/MATERIA-16-450x253.jpg 450w, https:\/\/franciscanos.org.br\/noticias\/wp-content\/uploads\/2024\/11\/MATERIA-16-1024x576.jpg 1024w, https:\/\/franciscanos.org.br\/noticias\/wp-content\/uploads\/2024\/11\/MATERIA-16-768x432.jpg 768w, https:\/\/franciscanos.org.br\/noticias\/wp-content\/uploads\/2024\/11\/MATERIA-16-150x84.jpg 150w\" sizes=\"(max-width: 1280px) 100vw, 1280px\" \/><\/p>\n<p>A alegria e a perseveran\u00e7a no amor fraterno est\u00e3o conduzindo o \u00faltimo dia do Cap\u00edtulo Provincial, realizado no Semin\u00e1rio Santo Ant\u00f4nio, em Agudos (SP), neste dia 12 de novembro. Durante nove dias, os mais de 100 frades dos cinco Estados (Esp\u00edrito Santo, Rio de Janeiro, S\u00e3o Paulo, Paran\u00e1 e Santa Catarina) onde a Prov\u00edncia mant\u00e9m presen\u00e7a, revisitaram suas origens franciscanas e imergiram em momentos de ora\u00e7\u00e3o, reflex\u00f5es e debates sobre tr\u00eas linhas determinantes para a vida em fraternidade: Forma\u00e7\u00e3o, Evangeliza\u00e7\u00e3o, Economia e Administra\u00e7\u00e3o.<\/p>\n<p>Na manh\u00e3 desta ter\u00e7a-feira, como em todos os demais dias, os compromissos come\u00e7aram com o caf\u00e9 da manh\u00e3, \u00e0s 7h e \u00e0s 8h a Celebra\u00e7\u00e3o Eucar\u00edstica presidida por Frei Jo\u00e3o Miguel Silva da Cruz e concelebrada pelos confrades do Regional Leste Catarinense. \u00a0Em sua homilia, no dia que \u00e9 celebrada a mem\u00f3ria de S\u00e3o Josaf\u00e1, bispo e m\u00e1rtir, Frei Jo\u00e3o falou sobre a import\u00e2ncia da uni\u00e3o e da preserva\u00e7\u00e3o do amor fraterno, assim como fizeram os santos. \u201cFi\u00e9is \u00e0 alian\u00e7a do Senhor e \u00e0s leis dos seus pa\u00edses os santos de Deus perseveraram no amor fraterno porque permaneceram unidos num s\u00f3 esp\u00edrito e numa s\u00f3 f\u00e9\u201d, disse.<\/p>\n\n\t\t<style type=\"text\/css\">\n\t\t\t#gallery-1 {\n\t\t\t\tmargin: auto;\n\t\t\t}\n\t\t\t#gallery-1 .gallery-item {\n\t\t\t\tfloat: left;\n\t\t\t\tmargin-top: 10px;\n\t\t\t\ttext-align: center;\n\t\t\t\twidth: 25%;\n\t\t\t}\n\t\t\t#gallery-1 img {\n\t\t\t\tborder: 2px solid #cfcfcf;\n\t\t\t}\n\t\t\t#gallery-1 .gallery-caption {\n\t\t\t\tmargin-left: 0;\n\t\t\t}\n\t\t\t\/* see gallery_shortcode() in wp-includes\/media.php *\/\n\t\t<\/style>\n\t\t<div id='gallery-1' class='gallery galleryid-252680 gallery-columns-4 gallery-size-thumbnail'><dl class='gallery-item'>\n\t\t\t<dt class='gallery-icon landscape'>\n\t\t\t\t<a href='https:\/\/franciscanos.org.br\/noticias\/wp-content\/uploads\/2024\/11\/CAPITULO-PROVINCIAL-2024-DIA-12-5196.jpg'><img width=\"300\" height=\"300\" src=\"https:\/\/franciscanos.org.br\/noticias\/wp-content\/uploads\/2024\/11\/CAPITULO-PROVINCIAL-2024-DIA-12-5196-300x300.jpg\" class=\"attachment-thumbnail size-thumbnail\" alt=\"\" loading=\"lazy\" srcset=\"https:\/\/franciscanos.org.br\/noticias\/wp-content\/uploads\/2024\/11\/CAPITULO-PROVINCIAL-2024-DIA-12-5196-300x300.jpg 300w, https:\/\/franciscanos.org.br\/noticias\/wp-content\/uploads\/2024\/11\/CAPITULO-PROVINCIAL-2024-DIA-12-5196-100x100.jpg 100w\" sizes=\"(max-width: 300px) 100vw, 300px\" \/><\/a>\n\t\t\t<\/dt><\/dl><dl class='gallery-item'>\n\t\t\t<dt class='gallery-icon landscape'>\n\t\t\t\t<a href='https:\/\/franciscanos.org.br\/noticias\/wp-content\/uploads\/2024\/11\/CAPITULO-PROVINCIAL-2024-DIA-12-5234.jpg'><img width=\"300\" height=\"300\" src=\"https:\/\/franciscanos.org.br\/noticias\/wp-content\/uploads\/2024\/11\/CAPITULO-PROVINCIAL-2024-DIA-12-5234-300x300.jpg\" class=\"attachment-thumbnail size-thumbnail\" alt=\"\" loading=\"lazy\" srcset=\"https:\/\/franciscanos.org.br\/noticias\/wp-content\/uploads\/2024\/11\/CAPITULO-PROVINCIAL-2024-DIA-12-5234-300x300.jpg 300w, https:\/\/franciscanos.org.br\/noticias\/wp-content\/uploads\/2024\/11\/CAPITULO-PROVINCIAL-2024-DIA-12-5234-100x100.jpg 100w\" sizes=\"(max-width: 300px) 100vw, 300px\" \/><\/a>\n\t\t\t<\/dt><\/dl><dl class='gallery-item'>\n\t\t\t<dt class='gallery-icon landscape'>\n\t\t\t\t<a href='https:\/\/franciscanos.org.br\/noticias\/wp-content\/uploads\/2024\/11\/CAPITULO-PROVINCIAL-2024-DIA-12-5247.jpg'><img width=\"300\" height=\"300\" src=\"https:\/\/franciscanos.org.br\/noticias\/wp-content\/uploads\/2024\/11\/CAPITULO-PROVINCIAL-2024-DIA-12-5247-300x300.jpg\" class=\"attachment-thumbnail size-thumbnail\" alt=\"\" loading=\"lazy\" srcset=\"https:\/\/franciscanos.org.br\/noticias\/wp-content\/uploads\/2024\/11\/CAPITULO-PROVINCIAL-2024-DIA-12-5247-300x300.jpg 300w, https:\/\/franciscanos.org.br\/noticias\/wp-content\/uploads\/2024\/11\/CAPITULO-PROVINCIAL-2024-DIA-12-5247-100x100.jpg 100w\" sizes=\"(max-width: 300px) 100vw, 300px\" \/><\/a>\n\t\t\t<\/dt><\/dl><dl class='gallery-item'>\n\t\t\t<dt class='gallery-icon landscape'>\n\t\t\t\t<a href='https:\/\/franciscanos.org.br\/noticias\/wp-content\/uploads\/2024\/11\/CAPITULO-PROVINCIAL-2024-DIA-12-5200.jpg'><img width=\"300\" height=\"300\" src=\"https:\/\/franciscanos.org.br\/noticias\/wp-content\/uploads\/2024\/11\/CAPITULO-PROVINCIAL-2024-DIA-12-5200-300x300.jpg\" class=\"attachment-thumbnail size-thumbnail\" alt=\"\" loading=\"lazy\" srcset=\"https:\/\/franciscanos.org.br\/noticias\/wp-content\/uploads\/2024\/11\/CAPITULO-PROVINCIAL-2024-DIA-12-5200-300x300.jpg 300w, https:\/\/franciscanos.org.br\/noticias\/wp-content\/uploads\/2024\/11\/CAPITULO-PROVINCIAL-2024-DIA-12-5200-100x100.jpg 100w\" sizes=\"(max-width: 300px) 100vw, 300px\" \/><\/a>\n\t\t\t<\/dt><\/dl><br style=\"clear: both\" \/>\n\t\t<\/div>\n\n<p>Inspirado na Carta de S\u00e3o Paulo a Tito, o frade salientou aos capitulares que \u201ca gra\u00e7a de Deus se manifestou trazendo salva\u00e7\u00e3o para todos os homens. Ela nos ensina abandonar a impiedade e as paix\u00f5es mundanas e a viver neste mundo com equil\u00edbrio, justi\u00e7a e piedade, aguardando a feliz esperan\u00e7a\u201d.<\/p>\n<p>Segundo ele, no mundo em que vivemos tornou-se corriqueiro desejar e buscar o poder. Recordou que at\u00e9 mesmo os disc\u00edpulos do Senhor \u201ccerta vez perguntaram quem dentre eles ocuparia o primeiro lugar no Reino de Deus, mas Jesus aproveitou a ocasi\u00e3o para ensin\u00e1-los a servir e n\u00e3o serem servidos\u201d.<\/p>\n<p>Somos todos servidores de Deus e de toda sua cria\u00e7\u00e3o, portanto, \u2018os t\u00edtulos que recebemos, (na igreja) n\u00e3o significam condecora\u00e7\u00e3o, pr\u00eamio ou ind\u00edcio de grandeza. Mas, sim, maior responsabilidade, maior doa\u00e7\u00e3o, maior empenho na condu\u00e7\u00e3o e no exerc\u00edcio das nossas fun\u00e7\u00f5es. Por isso, somos todos servos in\u00fateis e s\u00f3 devemos fazer aquilo que nos foi determinado, pois o \u00fanico Senhor \u00e9 Deus. Por isso, Maria nos mostra e confirma: \u2018Eis a serva do Senhor\u2019\u201d (Lc1,38).<\/p>\n<p><strong>Jeito de ser franciscano<\/strong><\/p>\n<p>Ap\u00f3s a missa os frades se reuniram para avaliar as decis\u00f5es e acordos do Cap\u00edtulo. Frei Roberto Carlos Nunes, motivou os frades a partir do jeito de ser franciscano. \u201cQue possamos sair em miss\u00e3o com o compromisso de Anunciar o Evangelho como peregrinos da Esperan\u00e7a\u201d. Com base na \u201cLegenda dos Tr\u00eas Companheiros\u201d, o frade destacou a maneira de Franscisco de Assis evangelizar. \u201cFalar do Evangelho, a partir do modo de viver o Evangelho, faz de Frei Francisco um homem que se deixa envolver pela a\u00e7\u00e3o do Esp\u00edrito Santo\u201d.<\/p>\n\n\t\t<style type=\"text\/css\">\n\t\t\t#gallery-2 {\n\t\t\t\tmargin: auto;\n\t\t\t}\n\t\t\t#gallery-2 .gallery-item {\n\t\t\t\tfloat: left;\n\t\t\t\tmargin-top: 10px;\n\t\t\t\ttext-align: center;\n\t\t\t\twidth: 33%;\n\t\t\t}\n\t\t\t#gallery-2 img {\n\t\t\t\tborder: 2px solid #cfcfcf;\n\t\t\t}\n\t\t\t#gallery-2 .gallery-caption {\n\t\t\t\tmargin-left: 0;\n\t\t\t}\n\t\t\t\/* see gallery_shortcode() in wp-includes\/media.php *\/\n\t\t<\/style>\n\t\t<div id='gallery-2' class='gallery galleryid-252680 gallery-columns-3 gallery-size-thumbnail'><dl class='gallery-item'>\n\t\t\t<dt class='gallery-icon landscape'>\n\t\t\t\t<a href='https:\/\/franciscanos.org.br\/noticias\/wp-content\/uploads\/2024\/11\/CAPITULO-PROVINCIAL-2024-DIA-12-5304.jpg'><img width=\"300\" height=\"300\" src=\"https:\/\/franciscanos.org.br\/noticias\/wp-content\/uploads\/2024\/11\/CAPITULO-PROVINCIAL-2024-DIA-12-5304-300x300.jpg\" class=\"attachment-thumbnail size-thumbnail\" alt=\"\" loading=\"lazy\" srcset=\"https:\/\/franciscanos.org.br\/noticias\/wp-content\/uploads\/2024\/11\/CAPITULO-PROVINCIAL-2024-DIA-12-5304-300x300.jpg 300w, https:\/\/franciscanos.org.br\/noticias\/wp-content\/uploads\/2024\/11\/CAPITULO-PROVINCIAL-2024-DIA-12-5304-100x100.jpg 100w\" sizes=\"(max-width: 300px) 100vw, 300px\" \/><\/a>\n\t\t\t<\/dt><\/dl><dl class='gallery-item'>\n\t\t\t<dt class='gallery-icon landscape'>\n\t\t\t\t<a href='https:\/\/franciscanos.org.br\/noticias\/wp-content\/uploads\/2024\/11\/CAPITULO-PROVINCIAL-2024-DIA-12-5264.jpg'><img width=\"300\" height=\"300\" src=\"https:\/\/franciscanos.org.br\/noticias\/wp-content\/uploads\/2024\/11\/CAPITULO-PROVINCIAL-2024-DIA-12-5264-300x300.jpg\" class=\"attachment-thumbnail size-thumbnail\" alt=\"\" loading=\"lazy\" srcset=\"https:\/\/franciscanos.org.br\/noticias\/wp-content\/uploads\/2024\/11\/CAPITULO-PROVINCIAL-2024-DIA-12-5264-300x300.jpg 300w, https:\/\/franciscanos.org.br\/noticias\/wp-content\/uploads\/2024\/11\/CAPITULO-PROVINCIAL-2024-DIA-12-5264-100x100.jpg 100w\" sizes=\"(max-width: 300px) 100vw, 300px\" \/><\/a>\n\t\t\t<\/dt><\/dl><dl class='gallery-item'>\n\t\t\t<dt class='gallery-icon landscape'>\n\t\t\t\t<a href='https:\/\/franciscanos.org.br\/noticias\/wp-content\/uploads\/2024\/11\/CAPITULO-PROVINCIAL-2024-DIA-12-6681.jpg'><img width=\"300\" height=\"300\" src=\"https:\/\/franciscanos.org.br\/noticias\/wp-content\/uploads\/2024\/11\/CAPITULO-PROVINCIAL-2024-DIA-12-6681-300x300.jpg\" class=\"attachment-thumbnail size-thumbnail\" alt=\"\" loading=\"lazy\" srcset=\"https:\/\/franciscanos.org.br\/noticias\/wp-content\/uploads\/2024\/11\/CAPITULO-PROVINCIAL-2024-DIA-12-6681-300x300.jpg 300w, https:\/\/franciscanos.org.br\/noticias\/wp-content\/uploads\/2024\/11\/CAPITULO-PROVINCIAL-2024-DIA-12-6681-100x100.jpg 100w\" sizes=\"(max-width: 300px) 100vw, 300px\" \/><\/a>\n\t\t\t<\/dt><\/dl><br style=\"clear: both\" \/>\n\t\t<\/div>\n\n<p>O texto fortaleceu o compromisso assumido pelos frades, por meio da forma como Frei Francisco pregava o Evangelho de forma perfeita, pois sentia chamado a seguir Jesus, n\u00e3o apenas como um mero espectador, e sim, por inteiro. \u00a0Al\u00e9m disso, o Pai Ser\u00e1fico pregava a Palavra a partir do modo que vivia e n\u00e3o empregava qualquer adula\u00e7\u00e3o\u201d. Esse contexto vivido e deixado por S\u00e3o Francisco de Assis concretiza que \u201co seguimento Jesus Cristo \u00e9 insepar\u00e1vel da miss\u00e3o\u201d. Por isso, \u201cFrei Francisco e seus companheiros sentem a raz\u00e3o de ser servos e arautos do Grande Rei\u201d, salientou o frade.<\/p>\n<p>Em seguida foram apresentadas as tem\u00e1ticas dos trabalhos capitulares e decis\u00f5es, propostas que integrar\u00e3o os documentos finais a serem aprovados para o tri\u00eanio 2025-2027. A agenda deste \u00faltimo dia de atividades segue cheia, com a aprova\u00e7\u00e3o das Atas dos eixos de forma\u00e7\u00e3o: Economia, Miss\u00e3o, Evangeliza\u00e7\u00e3o, Comunica\u00e7\u00e3o, Forma\u00e7\u00e3o e as demais.<\/p>\n<p>O t\u00e9rmino das atividades est\u00e1 previsto para \u00e0s 17h30. Em seguida haver\u00e1 os louvores ao Sumo Bem, quando os Definidores eleitos ser\u00e3o empossados e enviados. A noite ser\u00e1 encerrada com um jantar. Paz e Bem!<\/p>\n<hr \/>\n<p><em>Frei Elias Hebo Lu\u00eds e Frei Rodrigo da Silva Santos<\/em><\/p>\n\n\t\t<style type=\"text\/css\">\n\t\t\t#gallery-3 {\n\t\t\t\tmargin: auto;\n\t\t\t}\n\t\t\t#gallery-3 .gallery-item {\n\t\t\t\tfloat: left;\n\t\t\t\tmargin-top: 10px;\n\t\t\t\ttext-align: center;\n\t\t\t\twidth: 33%;\n\t\t\t}\n\t\t\t#gallery-3 img {\n\t\t\t\tborder: 2px solid #cfcfcf;\n\t\t\t}\n\t\t\t#gallery-3 .gallery-caption {\n\t\t\t\tmargin-left: 0;\n\t\t\t}\n\t\t\t\/* see gallery_shortcode() in wp-includes\/media.php *\/\n\t\t<\/style>\n\t\t<div id='gallery-3' class='gallery galleryid-252680 gallery-columns-3 gallery-size-thumbnail'><dl class='gallery-item'>\n\t\t\t<dt class='gallery-icon landscape'>\n\t\t\t\t<a href='https:\/\/franciscanos.org.br\/noticias\/wp-content\/uploads\/2024\/11\/CAPITULO-PROVINCIAL-2024-DIA-12-5104.jpg'><img width=\"300\" height=\"300\" src=\"https:\/\/franciscanos.org.br\/noticias\/wp-content\/uploads\/2024\/11\/CAPITULO-PROVINCIAL-2024-DIA-12-5104-300x300.jpg\" class=\"attachment-thumbnail size-thumbnail\" alt=\"\" loading=\"lazy\" srcset=\"https:\/\/franciscanos.org.br\/noticias\/wp-content\/uploads\/2024\/11\/CAPITULO-PROVINCIAL-2024-DIA-12-5104-300x300.jpg 300w, https:\/\/franciscanos.org.br\/noticias\/wp-content\/uploads\/2024\/11\/CAPITULO-PROVINCIAL-2024-DIA-12-5104-100x100.jpg 100w\" sizes=\"(max-width: 300px) 100vw, 300px\" \/><\/a>\n\t\t\t<\/dt><\/dl><dl class='gallery-item'>\n\t\t\t<dt class='gallery-icon landscape'>\n\t\t\t\t<a href='https:\/\/franciscanos.org.br\/noticias\/wp-content\/uploads\/2024\/11\/CAPITULO-PROVINCIAL-2024-DIA-12-6673.jpg'><img width=\"300\" height=\"300\" src=\"https:\/\/franciscanos.org.br\/noticias\/wp-content\/uploads\/2024\/11\/CAPITULO-PROVINCIAL-2024-DIA-12-6673-300x300.jpg\" class=\"attachment-thumbnail size-thumbnail\" alt=\"\" loading=\"lazy\" srcset=\"https:\/\/franciscanos.org.br\/noticias\/wp-content\/uploads\/2024\/11\/CAPITULO-PROVINCIAL-2024-DIA-12-6673-300x300.jpg 300w, https:\/\/franciscanos.org.br\/noticias\/wp-content\/uploads\/2024\/11\/CAPITULO-PROVINCIAL-2024-DIA-12-6673-100x100.jpg 100w\" sizes=\"(max-width: 300px) 100vw, 300px\" \/><\/a>\n\t\t\t<\/dt><\/dl><dl class='gallery-item'>\n\t\t\t<dt class='gallery-icon portrait'>\n\t\t\t\t<a href='https:\/\/franciscanos.org.br\/noticias\/wp-content\/uploads\/2024\/11\/CAPITULO-PROVINCIAL-2024-DIA-12-6640.jpg'><img width=\"300\" height=\"300\" src=\"https:\/\/franciscanos.org.br\/noticias\/wp-content\/uploads\/2024\/11\/CAPITULO-PROVINCIAL-2024-DIA-12-6640-300x300.jpg\" class=\"attachment-thumbnail size-thumbnail\" alt=\"\" loading=\"lazy\" srcset=\"https:\/\/franciscanos.org.br\/noticias\/wp-content\/uploads\/2024\/11\/CAPITULO-PROVINCIAL-2024-DIA-12-6640-300x300.jpg 300w, https:\/\/franciscanos.org.br\/noticias\/wp-content\/uploads\/2024\/11\/CAPITULO-PROVINCIAL-2024-DIA-12-6640-100x100.jpg 100w\" sizes=\"(max-width: 300px) 100vw, 300px\" \/><\/a>\n\t\t\t<\/dt><\/dl><br style=\"clear: both\" \/><dl class='gallery-item'>\n\t\t\t<dt class='gallery-icon landscape'>\n\t\t\t\t<a href='https:\/\/franciscanos.org.br\/noticias\/wp-content\/uploads\/2024\/11\/CAPITULO-PROVINCIAL-2024-DIA-12-6660.jpg'><img width=\"300\" height=\"300\" src=\"https:\/\/franciscanos.org.br\/noticias\/wp-content\/uploads\/2024\/11\/CAPITULO-PROVINCIAL-2024-DIA-12-6660-300x300.jpg\" class=\"attachment-thumbnail size-thumbnail\" alt=\"\" loading=\"lazy\" srcset=\"https:\/\/franciscanos.org.br\/noticias\/wp-content\/uploads\/2024\/11\/CAPITULO-PROVINCIAL-2024-DIA-12-6660-300x300.jpg 300w, https:\/\/franciscanos.org.br\/noticias\/wp-content\/uploads\/2024\/11\/CAPITULO-PROVINCIAL-2024-DIA-12-6660-100x100.jpg 100w\" sizes=\"(max-width: 300px) 100vw, 300px\" \/><\/a>\n\t\t\t<\/dt><\/dl><dl class='gallery-item'>\n\t\t\t<dt class='gallery-icon landscape'>\n\t\t\t\t<a href='https:\/\/franciscanos.org.br\/noticias\/wp-content\/uploads\/2024\/11\/CAPITULO-PROVINCIAL-2024-DIA-12-5129.jpg'><img width=\"300\" height=\"300\" src=\"https:\/\/franciscanos.org.br\/noticias\/wp-content\/uploads\/2024\/11\/CAPITULO-PROVINCIAL-2024-DIA-12-5129-300x300.jpg\" class=\"attachment-thumbnail size-thumbnail\" alt=\"\" loading=\"lazy\" srcset=\"https:\/\/franciscanos.org.br\/noticias\/wp-content\/uploads\/2024\/11\/CAPITULO-PROVINCIAL-2024-DIA-12-5129-300x300.jpg 300w, https:\/\/franciscanos.org.br\/noticias\/wp-content\/uploads\/2024\/11\/CAPITULO-PROVINCIAL-2024-DIA-12-5129-100x100.jpg 100w\" sizes=\"(max-width: 300px) 100vw, 300px\" \/><\/a>\n\t\t\t<\/dt><\/dl><dl class='gallery-item'>\n\t\t\t<dt class='gallery-icon landscape'>\n\t\t\t\t<a href='https:\/\/franciscanos.org.br\/noticias\/wp-content\/uploads\/2024\/11\/CAPITULO-PROVINCIAL-2024-DIA-12-5148.jpg'><img width=\"300\" height=\"300\" src=\"https:\/\/franciscanos.org.br\/noticias\/wp-content\/uploads\/2024\/11\/CAPITULO-PROVINCIAL-2024-DIA-12-5148-300x300.jpg\" class=\"attachment-thumbnail size-thumbnail\" alt=\"\" loading=\"lazy\" srcset=\"https:\/\/franciscanos.org.br\/noticias\/wp-content\/uploads\/2024\/11\/CAPITULO-PROVINCIAL-2024-DIA-12-5148-300x300.jpg 300w, https:\/\/franciscanos.org.br\/noticias\/wp-content\/uploads\/2024\/11\/CAPITULO-PROVINCIAL-2024-DIA-12-5148-100x100.jpg 100w\" sizes=\"(max-width: 300px) 100vw, 300px\" \/><\/a>\n\t\t\t<\/dt><\/dl><br style=\"clear: both\" \/><dl class='gallery-item'>\n\t\t\t<dt class='gallery-icon landscape'>\n\t\t\t\t<a href='https:\/\/franciscanos.org.br\/noticias\/wp-content\/uploads\/2024\/11\/CAPITULO-PROVINCIAL-2024-DIA-12-5152.jpg'><img width=\"300\" height=\"300\" src=\"https:\/\/franciscanos.org.br\/noticias\/wp-content\/uploads\/2024\/11\/CAPITULO-PROVINCIAL-2024-DIA-12-5152-300x300.jpg\" class=\"attachment-thumbnail size-thumbnail\" alt=\"\" loading=\"lazy\" srcset=\"https:\/\/franciscanos.org.br\/noticias\/wp-content\/uploads\/2024\/11\/CAPITULO-PROVINCIAL-2024-DIA-12-5152-300x300.jpg 300w, https:\/\/franciscanos.org.br\/noticias\/wp-content\/uploads\/2024\/11\/CAPITULO-PROVINCIAL-2024-DIA-12-5152-100x100.jpg 100w\" sizes=\"(max-width: 300px) 100vw, 300px\" \/><\/a>\n\t\t\t<\/dt><\/dl><dl class='gallery-item'>\n\t\t\t<dt class='gallery-icon landscape'>\n\t\t\t\t<a href='https:\/\/franciscanos.org.br\/noticias\/wp-content\/uploads\/2024\/11\/CAPITULO-PROVINCIAL-2024-DIA-12-5247-1.jpg'><img width=\"300\" height=\"300\" src=\"https:\/\/franciscanos.org.br\/noticias\/wp-content\/uploads\/2024\/11\/CAPITULO-PROVINCIAL-2024-DIA-12-5247-1-300x300.jpg\" class=\"attachment-thumbnail size-thumbnail\" alt=\"\" loading=\"lazy\" srcset=\"https:\/\/franciscanos.org.br\/noticias\/wp-content\/uploads\/2024\/11\/CAPITULO-PROVINCIAL-2024-DIA-12-5247-1-300x300.jpg 300w, https:\/\/franciscanos.org.br\/noticias\/wp-content\/uploads\/2024\/11\/CAPITULO-PROVINCIAL-2024-DIA-12-5247-1-100x100.jpg 100w\" sizes=\"(max-width: 300px) 100vw, 300px\" \/><\/a>\n\t\t\t<\/dt><\/dl><dl class='gallery-item'>\n\t\t\t<dt class='gallery-icon landscape'>\n\t\t\t\t<a href='https:\/\/franciscanos.org.br\/noticias\/wp-content\/uploads\/2024\/11\/CAPITULO-PROVINCIAL-2024-DIA-12-5254.jpg'><img width=\"300\" height=\"300\" src=\"https:\/\/franciscanos.org.br\/noticias\/wp-content\/uploads\/2024\/11\/CAPITULO-PROVINCIAL-2024-DIA-12-5254-300x300.jpg\" class=\"attachment-thumbnail size-thumbnail\" alt=\"\" loading=\"lazy\" srcset=\"https:\/\/franciscanos.org.br\/noticias\/wp-content\/uploads\/2024\/11\/CAPITULO-PROVINCIAL-2024-DIA-12-5254-300x300.jpg 300w, https:\/\/franciscanos.org.br\/noticias\/wp-content\/uploads\/2024\/11\/CAPITULO-PROVINCIAL-2024-DIA-12-5254-100x100.jpg 100w\" sizes=\"(max-width: 300px) 100vw, 300px\" \/><\/a>\n\t\t\t<\/dt><\/dl><br style=\"clear: both\" \/><dl class='gallery-item'>\n\t\t\t<dt class='gallery-icon landscape'>\n\t\t\t\t<a href='https:\/\/franciscanos.org.br\/noticias\/wp-content\/uploads\/2024\/11\/CAPITULO-PROVINCIAL-2024-DIA-12-5241-1.jpg'><img width=\"300\" height=\"300\" src=\"https:\/\/franciscanos.org.br\/noticias\/wp-content\/uploads\/2024\/11\/CAPITULO-PROVINCIAL-2024-DIA-12-5241-1-300x300.jpg\" class=\"attachment-thumbnail size-thumbnail\" alt=\"\" loading=\"lazy\" srcset=\"https:\/\/franciscanos.org.br\/noticias\/wp-content\/uploads\/2024\/11\/CAPITULO-PROVINCIAL-2024-DIA-12-5241-1-300x300.jpg 300w, https:\/\/franciscanos.org.br\/noticias\/wp-content\/uploads\/2024\/11\/CAPITULO-PROVINCIAL-2024-DIA-12-5241-1-100x100.jpg 100w\" sizes=\"(max-width: 300px) 100vw, 300px\" \/><\/a>\n\t\t\t<\/dt><\/dl><dl class='gallery-item'>\n\t\t\t<dt class='gallery-icon landscape'>\n\t\t\t\t<a href='https:\/\/franciscanos.org.br\/noticias\/wp-content\/uploads\/2024\/11\/CAPITULO-PROVINCIAL-2024-DIA-12-6602.jpg'><img width=\"300\" height=\"300\" src=\"https:\/\/franciscanos.org.br\/noticias\/wp-content\/uploads\/2024\/11\/CAPITULO-PROVINCIAL-2024-DIA-12-6602-300x300.jpg\" class=\"attachment-thumbnail size-thumbnail\" alt=\"\" loading=\"lazy\" srcset=\"https:\/\/franciscanos.org.br\/noticias\/wp-content\/uploads\/2024\/11\/CAPITULO-PROVINCIAL-2024-DIA-12-6602-300x300.jpg 300w, https:\/\/franciscanos.org.br\/noticias\/wp-content\/uploads\/2024\/11\/CAPITULO-PROVINCIAL-2024-DIA-12-6602-100x100.jpg 100w\" sizes=\"(max-width: 300px) 100vw, 300px\" \/><\/a>\n\t\t\t<\/dt><\/dl><dl class='gallery-item'>\n\t\t\t<dt class='gallery-icon landscape'>\n\t\t\t\t<a href='https:\/\/franciscanos.org.br\/noticias\/wp-content\/uploads\/2024\/11\/CAPITULO-PROVINCIAL-2024-DIA-12-5200-1.jpg'><img width=\"300\" height=\"300\" src=\"https:\/\/franciscanos.org.br\/noticias\/wp-content\/uploads\/2024\/11\/CAPITULO-PROVINCIAL-2024-DIA-12-5200-1-300x300.jpg\" class=\"attachment-thumbnail size-thumbnail\" alt=\"\" loading=\"lazy\" srcset=\"https:\/\/franciscanos.org.br\/noticias\/wp-content\/uploads\/2024\/11\/CAPITULO-PROVINCIAL-2024-DIA-12-5200-1-300x300.jpg 300w, https:\/\/franciscanos.org.br\/noticias\/wp-content\/uploads\/2024\/11\/CAPITULO-PROVINCIAL-2024-DIA-12-5200-1-100x100.jpg 100w\" sizes=\"(max-width: 300px) 100vw, 300px\" \/><\/a>\n\t\t\t<\/dt><\/dl><br style=\"clear: both\" \/><dl class='gallery-item'>\n\t\t\t<dt class='gallery-icon landscape'>\n\t\t\t\t<a href='https:\/\/franciscanos.org.br\/noticias\/wp-content\/uploads\/2024\/11\/CAPITULO-PROVINCIAL-2024-DIA-12-6626.jpg'><img width=\"300\" height=\"300\" src=\"https:\/\/franciscanos.org.br\/noticias\/wp-content\/uploads\/2024\/11\/CAPITULO-PROVINCIAL-2024-DIA-12-6626-300x300.jpg\" class=\"attachment-thumbnail size-thumbnail\" alt=\"\" loading=\"lazy\" srcset=\"https:\/\/franciscanos.org.br\/noticias\/wp-content\/uploads\/2024\/11\/CAPITULO-PROVINCIAL-2024-DIA-12-6626-300x300.jpg 300w, https:\/\/franciscanos.org.br\/noticias\/wp-content\/uploads\/2024\/11\/CAPITULO-PROVINCIAL-2024-DIA-12-6626-100x100.jpg 100w\" sizes=\"(max-width: 300px) 100vw, 300px\" \/><\/a>\n\t\t\t<\/dt><\/dl><dl class='gallery-item'>\n\t\t\t<dt class='gallery-icon landscape'>\n\t\t\t\t<a href='https:\/\/franciscanos.org.br\/noticias\/wp-content\/uploads\/2024\/11\/CAPITULO-PROVINCIAL-2024-DIA-12-6633.jpg'><img width=\"300\" height=\"300\" src=\"https:\/\/franciscanos.org.br\/noticias\/wp-content\/uploads\/2024\/11\/CAPITULO-PROVINCIAL-2024-DIA-12-6633-300x300.jpg\" class=\"attachment-thumbnail size-thumbnail\" alt=\"\" loading=\"lazy\" srcset=\"https:\/\/franciscanos.org.br\/noticias\/wp-content\/uploads\/2024\/11\/CAPITULO-PROVINCIAL-2024-DIA-12-6633-300x300.jpg 300w, https:\/\/franciscanos.org.br\/noticias\/wp-content\/uploads\/2024\/11\/CAPITULO-PROVINCIAL-2024-DIA-12-6633-100x100.jpg 100w\" sizes=\"(max-width: 300px) 100vw, 300px\" \/><\/a>\n\t\t\t<\/dt><\/dl><dl class='gallery-item'>\n\t\t\t<dt class='gallery-icon landscape'>\n\t\t\t\t<a href='https:\/\/franciscanos.org.br\/noticias\/wp-content\/uploads\/2024\/11\/CAPITULO-PROVINCIAL-2024-DIA-12-6646.jpg'><img width=\"300\" height=\"300\" src=\"https:\/\/franciscanos.org.br\/noticias\/wp-content\/uploads\/2024\/11\/CAPITULO-PROVINCIAL-2024-DIA-12-6646-300x300.jpg\" class=\"attachment-thumbnail size-thumbnail\" alt=\"\" loading=\"lazy\" srcset=\"https:\/\/franciscanos.org.br\/noticias\/wp-content\/uploads\/2024\/11\/CAPITULO-PROVINCIAL-2024-DIA-12-6646-300x300.jpg 300w, https:\/\/franciscanos.org.br\/noticias\/wp-content\/uploads\/2024\/11\/CAPITULO-PROVINCIAL-2024-DIA-12-6646-100x100.jpg 100w\" sizes=\"(max-width: 300px) 100vw, 300px\" \/><\/a>\n\t\t\t<\/dt><\/dl><br style=\"clear: both\" \/><dl class='gallery-item'>\n\t\t\t<dt class='gallery-icon portrait'>\n\t\t\t\t<a href='https:\/\/franciscanos.org.br\/noticias\/wp-content\/uploads\/2024\/11\/CAPITULO-PROVINCIAL-2024-DIA-12-6656.jpg'><img width=\"300\" height=\"300\" src=\"https:\/\/franciscanos.org.br\/noticias\/wp-content\/uploads\/2024\/11\/CAPITULO-PROVINCIAL-2024-DIA-12-6656-300x300.jpg\" class=\"attachment-thumbnail size-thumbnail\" alt=\"\" loading=\"lazy\" srcset=\"https:\/\/franciscanos.org.br\/noticias\/wp-content\/uploads\/2024\/11\/CAPITULO-PROVINCIAL-2024-DIA-12-6656-300x300.jpg 300w, https:\/\/franciscanos.org.br\/noticias\/wp-content\/uploads\/2024\/11\/CAPITULO-PROVINCIAL-2024-DIA-12-6656-100x100.jpg 100w\" sizes=\"(max-width: 300px) 100vw, 300px\" \/><\/a>\n\t\t\t<\/dt><\/dl><dl class='gallery-item'>\n\t\t\t<dt class='gallery-icon landscape'>\n\t\t\t\t<a href='https:\/\/franciscanos.org.br\/noticias\/wp-content\/uploads\/2024\/11\/CAPITULO-PROVINCIAL-2024-DIA-12-5182.jpg'><img width=\"300\" height=\"300\" src=\"https:\/\/franciscanos.org.br\/noticias\/wp-content\/uploads\/2024\/11\/CAPITULO-PROVINCIAL-2024-DIA-12-5182-300x300.jpg\" class=\"attachment-thumbnail size-thumbnail\" alt=\"\" loading=\"lazy\" srcset=\"https:\/\/franciscanos.org.br\/noticias\/wp-content\/uploads\/2024\/11\/CAPITULO-PROVINCIAL-2024-DIA-12-5182-300x300.jpg 300w, https:\/\/franciscanos.org.br\/noticias\/wp-content\/uploads\/2024\/11\/CAPITULO-PROVINCIAL-2024-DIA-12-5182-100x100.jpg 100w\" sizes=\"(max-width: 300px) 100vw, 300px\" \/><\/a>\n\t\t\t<\/dt><\/dl><dl class='gallery-item'>\n\t\t\t<dt class='gallery-icon landscape'>\n\t\t\t\t<a href='https:\/\/franciscanos.org.br\/noticias\/wp-content\/uploads\/2024\/11\/CAPITULO-PROVINCIAL-2024-DIA-12-5291.jpg'><img width=\"300\" height=\"300\" src=\"https:\/\/franciscanos.org.br\/noticias\/wp-content\/uploads\/2024\/11\/CAPITULO-PROVINCIAL-2024-DIA-12-5291-300x300.jpg\" class=\"attachment-thumbnail size-thumbnail\" alt=\"\" loading=\"lazy\" srcset=\"https:\/\/franciscanos.org.br\/noticias\/wp-content\/uploads\/2024\/11\/CAPITULO-PROVINCIAL-2024-DIA-12-5291-300x300.jpg 300w, https:\/\/franciscanos.org.br\/noticias\/wp-content\/uploads\/2024\/11\/CAPITULO-PROVINCIAL-2024-DIA-12-5291-100x100.jpg 100w\" sizes=\"(max-width: 300px) 100vw, 300px\" \/><\/a>\n\t\t\t<\/dt><\/dl><br style=\"clear: both\" \/><dl class='gallery-item'>\n\t\t\t<dt class='gallery-icon landscape'>\n\t\t\t\t<a href='https:\/\/franciscanos.org.br\/noticias\/wp-content\/uploads\/2024\/11\/CAPITULO-PROVINCIAL-2024-DIA-12-5304-1.jpg'><img width=\"300\" height=\"300\" src=\"https:\/\/franciscanos.org.br\/noticias\/wp-content\/uploads\/2024\/11\/CAPITULO-PROVINCIAL-2024-DIA-12-5304-1-300x300.jpg\" class=\"attachment-thumbnail size-thumbnail\" alt=\"\" loading=\"lazy\" srcset=\"https:\/\/franciscanos.org.br\/noticias\/wp-content\/uploads\/2024\/11\/CAPITULO-PROVINCIAL-2024-DIA-12-5304-1-300x300.jpg 300w, https:\/\/franciscanos.org.br\/noticias\/wp-content\/uploads\/2024\/11\/CAPITULO-PROVINCIAL-2024-DIA-12-5304-1-100x100.jpg 100w\" sizes=\"(max-width: 300px) 100vw, 300px\" \/><\/a>\n\t\t\t<\/dt><\/dl><dl class='gallery-item'>\n\t\t\t<dt class='gallery-icon landscape'>\n\t\t\t\t<a href='https:\/\/franciscanos.org.br\/noticias\/wp-content\/uploads\/2024\/11\/CAPITULO-PROVINCIAL-2024-DIA-12-6676.jpg'><img width=\"300\" height=\"300\" src=\"https:\/\/franciscanos.org.br\/noticias\/wp-content\/uploads\/2024\/11\/CAPITULO-PROVINCIAL-2024-DIA-12-6676-300x300.jpg\" class=\"attachment-thumbnail size-thumbnail\" alt=\"\" loading=\"lazy\" srcset=\"https:\/\/franciscanos.org.br\/noticias\/wp-content\/uploads\/2024\/11\/CAPITULO-PROVINCIAL-2024-DIA-12-6676-300x300.jpg 300w, https:\/\/franciscanos.org.br\/noticias\/wp-content\/uploads\/2024\/11\/CAPITULO-PROVINCIAL-2024-DIA-12-6676-100x100.jpg 100w\" sizes=\"(max-width: 300px) 100vw, 300px\" \/><\/a>\n\t\t\t<\/dt><\/dl><dl class='gallery-item'>\n\t\t\t<dt class='gallery-icon landscape'>\n\t\t\t\t<a href='https:\/\/franciscanos.org.br\/noticias\/wp-content\/uploads\/2024\/11\/CAPITULO-PROVINCIAL-2024-DIA-12-5303.jpg'><img width=\"300\" height=\"300\" src=\"https:\/\/franciscanos.org.br\/noticias\/wp-content\/uploads\/2024\/11\/CAPITULO-PROVINCIAL-2024-DIA-12-5303-300x300.jpg\" class=\"attachment-thumbnail size-thumbnail\" alt=\"\" loading=\"lazy\" srcset=\"https:\/\/franciscanos.org.br\/noticias\/wp-content\/uploads\/2024\/11\/CAPITULO-PROVINCIAL-2024-DIA-12-5303-300x300.jpg 300w, https:\/\/franciscanos.org.br\/noticias\/wp-content\/uploads\/2024\/11\/CAPITULO-PROVINCIAL-2024-DIA-12-5303-100x100.jpg 100w\" sizes=\"(max-width: 300px) 100vw, 300px\" \/><\/a>\n\t\t\t<\/dt><\/dl><br style=\"clear: both\" \/>\n\t\t<\/div>\n\n","protected":false},"excerpt":{"rendered":"<p>Cap\u00edtulo Provincial 2024<\/p>\n","protected":false},"author":11,"featured_media":252682,"comment_status":"open","ping_status":"open","sticky":false,"template":"","format":"standard","meta":[],"categories":[1],"tags":[2255],"acf":[],"yoast_head":"<!-- This site is optimized with the Yoast SEO plugin v19.2 - https:\/\/yoast.com\/wordpress\/plugins\/seo\/ -->\n<title>Cap\u00edtulo Provincial e as reflex\u00f5es sobre o jeito de ser franciscano - Not\u00edcias - Franciscanos<\/title>\n<meta name=\"robots\" content=\"index, follow, max-snippet:-1, max-image-preview:large, max-video-preview:-1\" \/>\n<link rel=\"canonical\" href=\"https:\/\/franciscanos.org.br\/noticias\/capitulo-provincial-caminha-para-o-encerramento-com-reflexoes-sobre-o-jeito-de-ser-franciscano.html\" \/>\n<meta property=\"og:locale\" content=\"pt_BR\" \/>\n<meta property=\"og:type\" content=\"article\" \/>\n<meta property=\"og:title\" content=\"Cap\u00edtulo Provincial e as reflex\u00f5es sobre o jeito de ser franciscano - Not\u00edcias - Franciscanos\" \/>\n<meta property=\"og:description\" content=\"Cap\u00edtulo Provincial 2024\" \/>\n<meta property=\"og:url\" content=\"https:\/\/franciscanos.org.br\/noticias\/capitulo-provincial-caminha-para-o-encerramento-com-reflexoes-sobre-o-jeito-de-ser-franciscano.html\" \/>\n<meta property=\"og:site_name\" content=\"Not\u00edcias - Franciscanos\" \/>\n<meta property=\"article:published_time\" content=\"2024-11-12T16:05:39+00:00\" \/>\n<meta property=\"article:modified_time\" content=\"2024-11-12T16:13:39+00:00\" \/>\n<meta property=\"og:image\" content=\"https:\/\/franciscanos.org.br\/noticias\/wp-content\/uploads\/2024\/11\/CHAMADA-15.jpg\" \/>\n\t<meta property=\"og:image:width\" content=\"800\" \/>\n\t<meta property=\"og:image:height\" content=\"550\" \/>\n\t<meta property=\"og:image:type\" content=\"image\/jpeg\" \/>\n<meta name=\"author\" content=\"Adriana Rabelo\" \/>\n<meta name=\"twitter:card\" content=\"summary_large_image\" \/>\n<meta name=\"twitter:label1\" content=\"Escrito por\" \/>\n\t<meta name=\"twitter:data1\" content=\"Adriana Rabelo\" \/>\n\t<meta name=\"twitter:label2\" content=\"Est. tempo de leitura\" \/>\n\t<meta name=\"twitter:data2\" content=\"4 minutos\" \/>\n<script type=\"application\/ld+json\" class=\"yoast-schema-graph\">{\"@context\":\"https:\/\/schema.org\",\"@graph\":[{\"@type\":\"WebSite\",\"@id\":\"https:\/\/franciscanos.org.br\/noticias\/#website\",\"url\":\"https:\/\/franciscanos.org.br\/noticias\/\",\"name\":\"Not\u00edcias - Franciscanos\",\"description\":\"Prov\u00edncia Franciscana da Imaculada Concei\u00e7\u00e3o do Brasil - Ordem dos Frades Menores - OFM\",\"potentialAction\":[{\"@type\":\"SearchAction\",\"target\":{\"@type\":\"EntryPoint\",\"urlTemplate\":\"https:\/\/franciscanos.org.br\/noticias\/?s={search_term_string}\"},\"query-input\":\"required name=search_term_string\"}],\"inLanguage\":\"pt-BR\"},{\"@type\":\"ImageObject\",\"inLanguage\":\"pt-BR\",\"@id\":\"https:\/\/franciscanos.org.br\/noticias\/capitulo-provincial-caminha-para-o-encerramento-com-reflexoes-sobre-o-jeito-de-ser-franciscano.html#primaryimage\",\"url\":\"https:\/\/franciscanos.org.br\/noticias\/wp-content\/uploads\/2024\/11\/CHAMADA-15.jpg\",\"contentUrl\":\"https:\/\/franciscanos.org.br\/noticias\/wp-content\/uploads\/2024\/11\/CHAMADA-15.jpg\",\"width\":800,\"height\":550},{\"@type\":\"WebPage\",\"@id\":\"https:\/\/franciscanos.org.br\/noticias\/capitulo-provincial-caminha-para-o-encerramento-com-reflexoes-sobre-o-jeito-de-ser-franciscano.html#webpage\",\"url\":\"https:\/\/franciscanos.org.br\/noticias\/capitulo-provincial-caminha-para-o-encerramento-com-reflexoes-sobre-o-jeito-de-ser-franciscano.html\",\"name\":\"Cap\u00edtulo Provincial e as reflex\u00f5es sobre o jeito de ser franciscano - Not\u00edcias - Franciscanos\",\"isPartOf\":{\"@id\":\"https:\/\/franciscanos.org.br\/noticias\/#website\"},\"primaryImageOfPage\":{\"@id\":\"https:\/\/franciscanos.org.br\/noticias\/capitulo-provincial-caminha-para-o-encerramento-com-reflexoes-sobre-o-jeito-de-ser-franciscano.html#primaryimage\"},\"datePublished\":\"2024-11-12T16:05:39+00:00\",\"dateModified\":\"2024-11-12T16:13:39+00:00\",\"author\":{\"@id\":\"https:\/\/franciscanos.org.br\/noticias\/#\/schema\/person\/d9422e83121c3ad3b0f423d195f5bb25\"},\"breadcrumb\":{\"@id\":\"https:\/\/franciscanos.org.br\/noticias\/capitulo-provincial-caminha-para-o-encerramento-com-reflexoes-sobre-o-jeito-de-ser-franciscano.html#breadcrumb\"},\"inLanguage\":\"pt-BR\",\"potentialAction\":[{\"@type\":\"ReadAction\",\"target\":[\"https:\/\/franciscanos.org.br\/noticias\/capitulo-provincial-caminha-para-o-encerramento-com-reflexoes-sobre-o-jeito-de-ser-franciscano.html\"]}]},{\"@type\":\"BreadcrumbList\",\"@id\":\"https:\/\/franciscanos.org.br\/noticias\/capitulo-provincial-caminha-para-o-encerramento-com-reflexoes-sobre-o-jeito-de-ser-franciscano.html#breadcrumb\",\"itemListElement\":[{\"@type\":\"ListItem\",\"position\":1,\"name\":\"Home\",\"item\":\"https:\/\/franciscanos.org.br\/noticias\"},{\"@type\":\"ListItem\",\"position\":2,\"name\":\"Cap\u00edtulo Provincial e as reflex\u00f5es sobre o jeito de ser franciscano\"}]},{\"@type\":\"Person\",\"@id\":\"https:\/\/franciscanos.org.br\/noticias\/#\/schema\/person\/d9422e83121c3ad3b0f423d195f5bb25\",\"name\":\"Adriana Rabelo\",\"image\":{\"@type\":\"ImageObject\",\"inLanguage\":\"pt-BR\",\"@id\":\"https:\/\/franciscanos.org.br\/noticias\/#\/schema\/person\/image\/\",\"url\":\"https:\/\/secure.gravatar.com\/avatar\/0a937b7500cd7df77540cfb8bede877d?s=96&d=mm&r=g\",\"contentUrl\":\"https:\/\/secure.gravatar.com\/avatar\/0a937b7500cd7df77540cfb8bede877d?s=96&d=mm&r=g\",\"caption\":\"Adriana Rabelo\"},\"url\":\"https:\/\/franciscanos.org.br\/noticias\/author\/adrianarabelo\"}]}<\/script>\n<!-- \/ Yoast SEO plugin. -->","yoast_head_json":{"title":"Cap\u00edtulo Provincial e as reflex\u00f5es sobre o jeito de ser franciscano - Not\u00edcias - Franciscanos","robots":{"index":"index","follow":"follow","max-snippet":"max-snippet:-1","max-image-preview":"max-image-preview:large","max-video-preview":"max-video-preview:-1"},"canonical":"https:\/\/franciscanos.org.br\/noticias\/capitulo-provincial-caminha-para-o-encerramento-com-reflexoes-sobre-o-jeito-de-ser-franciscano.html","og_locale":"pt_BR","og_type":"article","og_title":"Cap\u00edtulo Provincial e as reflex\u00f5es sobre o jeito de ser franciscano - Not\u00edcias - Franciscanos","og_description":"Cap\u00edtulo Provincial 2024","og_url":"https:\/\/franciscanos.org.br\/noticias\/capitulo-provincial-caminha-para-o-encerramento-com-reflexoes-sobre-o-jeito-de-ser-franciscano.html","og_site_name":"Not\u00edcias - Franciscanos","article_published_time":"2024-11-12T16:05:39+00:00","article_modified_time":"2024-11-12T16:13:39+00:00","og_image":[{"width":800,"height":550,"url":"https:\/\/franciscanos.org.br\/noticias\/wp-content\/uploads\/2024\/11\/CHAMADA-15.jpg","type":"image\/jpeg"}],"author":"Adriana Rabelo","twitter_card":"summary_large_image","twitter_misc":{"Escrito por":"Adriana Rabelo","Est. tempo de leitura":"4 minutos"},"schema":{"@context":"https:\/\/schema.org","@graph":[{"@type":"WebSite","@id":"https:\/\/franciscanos.org.br\/noticias\/#website","url":"https:\/\/franciscanos.org.br\/noticias\/","name":"Not\u00edcias - Franciscanos","description":"Prov\u00edncia Franciscana da Imaculada Concei\u00e7\u00e3o do Brasil - Ordem dos Frades Menores - OFM","potentialAction":[{"@type":"SearchAction","target":{"@type":"EntryPoint","urlTemplate":"https:\/\/franciscanos.org.br\/noticias\/?s={search_term_string}"},"query-input":"required name=search_term_string"}],"inLanguage":"pt-BR"},{"@type":"ImageObject","inLanguage":"pt-BR","@id":"https:\/\/franciscanos.org.br\/noticias\/capitulo-provincial-caminha-para-o-encerramento-com-reflexoes-sobre-o-jeito-de-ser-franciscano.html#primaryimage","url":"https:\/\/franciscanos.org.br\/noticias\/wp-content\/uploads\/2024\/11\/CHAMADA-15.jpg","contentUrl":"https:\/\/franciscanos.org.br\/noticias\/wp-content\/uploads\/2024\/11\/CHAMADA-15.jpg","width":800,"height":550},{"@type":"WebPage","@id":"https:\/\/franciscanos.org.br\/noticias\/capitulo-provincial-caminha-para-o-encerramento-com-reflexoes-sobre-o-jeito-de-ser-franciscano.html#webpage","url":"https:\/\/franciscanos.org.br\/noticias\/capitulo-provincial-caminha-para-o-encerramento-com-reflexoes-sobre-o-jeito-de-ser-franciscano.html","name":"Cap\u00edtulo Provincial e as reflex\u00f5es sobre o jeito de ser franciscano - Not\u00edcias - Franciscanos","isPartOf":{"@id":"https:\/\/franciscanos.org.br\/noticias\/#website"},"primaryImageOfPage":{"@id":"https:\/\/franciscanos.org.br\/noticias\/capitulo-provincial-caminha-para-o-encerramento-com-reflexoes-sobre-o-jeito-de-ser-franciscano.html#primaryimage"},"datePublished":"2024-11-12T16:05:39+00:00","dateModified":"2024-11-12T16:13:39+00:00","author":{"@id":"https:\/\/franciscanos.org.br\/noticias\/#\/schema\/person\/d9422e83121c3ad3b0f423d195f5bb25"},"breadcrumb":{"@id":"https:\/\/franciscanos.org.br\/noticias\/capitulo-provincial-caminha-para-o-encerramento-com-reflexoes-sobre-o-jeito-de-ser-franciscano.html#breadcrumb"},"inLanguage":"pt-BR","potentialAction":[{"@type":"ReadAction","target":["https:\/\/franciscanos.org.br\/noticias\/capitulo-provincial-caminha-para-o-encerramento-com-reflexoes-sobre-o-jeito-de-ser-franciscano.html"]}]},{"@type":"BreadcrumbList","@id":"https:\/\/franciscanos.org.br\/noticias\/capitulo-provincial-caminha-para-o-encerramento-com-reflexoes-sobre-o-jeito-de-ser-franciscano.html#breadcrumb","itemListElement":[{"@type":"ListItem","position":1,"name":"Home","item":"https:\/\/franciscanos.org.br\/noticias"},{"@type":"ListItem","position":2,"name":"Cap\u00edtulo Provincial e as reflex\u00f5es sobre o jeito de ser franciscano"}]},{"@type":"Person","@id":"https:\/\/franciscanos.org.br\/noticias\/#\/schema\/person\/d9422e83121c3ad3b0f423d195f5bb25","name":"Adriana Rabelo","image":{"@type":"ImageObject","inLanguage":"pt-BR","@id":"https:\/\/franciscanos.org.br\/noticias\/#\/schema\/person\/image\/","url":"https:\/\/secure.gravatar.com\/avatar\/0a937b7500cd7df77540cfb8bede877d?s=96&d=mm&r=g","contentUrl":"https:\/\/secure.gravatar.com\/avatar\/0a937b7500cd7df77540cfb8bede877d?s=96&d=mm&r=g","caption":"Adriana Rabelo"},"url":"https:\/\/franciscanos.org.br\/noticias\/author\/adrianarabelo"}]}},"_links":{"self":[{"href":"https:\/\/franciscanos.org.br\/noticias\/wp-json\/wp\/v2\/posts\/252680"}],"collection":[{"href":"https:\/\/franciscanos.org.br\/noticias\/wp-json\/wp\/v2\/posts"}],"about":[{"href":"https:\/\/franciscanos.org.br\/noticias\/wp-json\/wp\/v2\/types\/post"}],"author":[{"embeddable":true,"href":"https:\/\/franciscanos.org.br\/noticias\/wp-json\/wp\/v2\/users\/11"}],"replies":[{"embeddable":true,"href":"https:\/\/franciscanos.org.br\/noticias\/wp-json\/wp\/v2\/comments?post=252680"}],"version-history":[{"count":5,"href":"https:\/\/franciscanos.org.br\/noticias\/wp-json\/wp\/v2\/posts\/252680\/revisions"}],"predecessor-version":[{"id":252744,"href":"https:\/\/franciscanos.org.br\/noticias\/wp-json\/wp\/v2\/posts\/252680\/revisions\/252744"}],"wp:featuredmedia":[{"embeddable":true,"href":"https:\/\/franciscanos.org.br\/noticias\/wp-json\/wp\/v2\/media\/252682"}],"wp:attachment":[{"href":"https:\/\/franciscanos.org.br\/noticias\/wp-json\/wp\/v2\/media?parent=252680"}],"wp:term":[{"taxonomy":"category","embeddable":true,"href":"https:\/\/franciscanos.org.br\/noticias\/wp-json\/wp\/v2\/categories?post=252680"},{"taxonomy":"post_tag","embeddable":true,"href":"https:\/\/franciscanos.org.br\/noticias\/wp-json\/wp\/v2\/tags?post=252680"}],"curies":[{"name":"wp","href":"https:\/\/api.w.org\/{rel}","templated":true}]}}