{"id":252664,"date":"2024-11-12T07:04:47","date_gmt":"2024-11-12T10:04:47","guid":{"rendered":"https:\/\/franciscanos.org.br\/noticias\/?p=252664"},"modified":"2024-11-25T13:52:46","modified_gmt":"2024-11-25T16:52:46","slug":"252664","status":"publish","type":"post","link":"https:\/\/franciscanos.org.br\/noticias\/252664.html","title":{"rendered":"Prote\u00e7\u00e3o e cuidado da vida fraterna marcam pen\u00faltimo dia do Cap\u00edtulo Provincial"},"content":{"rendered":"<p><img loading=\"lazy\" class=\"aligncenter wp-image-252666 size-full\" src=\"https:\/\/franciscanos.org.br\/noticias\/wp-content\/uploads\/2024\/11\/materia-2-4.jpg\" alt=\"\" width=\"1280\" height=\"720\" srcset=\"https:\/\/franciscanos.org.br\/noticias\/wp-content\/uploads\/2024\/11\/materia-2-4.jpg 1280w, https:\/\/franciscanos.org.br\/noticias\/wp-content\/uploads\/2024\/11\/materia-2-4-450x253.jpg 450w, https:\/\/franciscanos.org.br\/noticias\/wp-content\/uploads\/2024\/11\/materia-2-4-1024x576.jpg 1024w, https:\/\/franciscanos.org.br\/noticias\/wp-content\/uploads\/2024\/11\/materia-2-4-768x432.jpg 768w, https:\/\/franciscanos.org.br\/noticias\/wp-content\/uploads\/2024\/11\/materia-2-4-150x84.jpg 150w\" sizes=\"(max-width: 1280px) 100vw, 1280px\" \/><\/p>\n<p>Esta segunda-feira, dia 11 de novembro, foi o pen\u00faltimo dia do Cap\u00edtulo Provincial da Prov\u00edncia Franciscana da Imaculada Concei\u00e7\u00e3o do Brasil, iniciado no \u00faltimo dia 4, no Semin\u00e1rio Santo Ant\u00f4nio, de Agudos (SP). A programa\u00e7\u00e3o do dia previa os estudos de alguns documentos da Prov\u00edncia, assim como os resultados finais de alguns encontros importantes que foram realizados no decorrer do tri\u00eanio.<\/p>\n<p>O dia foi iniciado com a Celebra\u00e7\u00e3o Eucar\u00edstica presidida por frades ligados \u00e0 Funda\u00e7\u00e3o Franciscana da Imaculada M\u00e3e de Deus de Angola. Frei Andr\u00e9 Luiz da Rocha Henriques presidiu a celebra\u00e7\u00e3o. Ele \u00e9, atualmente, p\u00e1roco da Par\u00f3quia S\u00e3o Lucas, no Palanca, regi\u00e3o metropolitana de Luanda. Concelebraram Frei Robson Luiz Scudela, Definidor que tem sido refer\u00eancia para os assuntos da Funda\u00e7\u00e3o, e Frei Samuel Ferreira de Lima, que j\u00e1 foi mission\u00e1rio em Angola h\u00e1 alguns anos e, recentemente, teve a oportunidade de retornar para pregar retiros aos frades.<\/p>\n\n\t\t<style type=\"text\/css\">\n\t\t\t#gallery-1 {\n\t\t\t\tmargin: auto;\n\t\t\t}\n\t\t\t#gallery-1 .gallery-item {\n\t\t\t\tfloat: left;\n\t\t\t\tmargin-top: 10px;\n\t\t\t\ttext-align: center;\n\t\t\t\twidth: 33%;\n\t\t\t}\n\t\t\t#gallery-1 img {\n\t\t\t\tborder: 2px solid #cfcfcf;\n\t\t\t}\n\t\t\t#gallery-1 .gallery-caption {\n\t\t\t\tmargin-left: 0;\n\t\t\t}\n\t\t\t\/* see gallery_shortcode() in wp-includes\/media.php *\/\n\t\t<\/style>\n\t\t<div id='gallery-1' class='gallery galleryid-252664 gallery-columns-3 gallery-size-thumbnail'><dl class='gallery-item'>\n\t\t\t<dt class='gallery-icon landscape'>\n\t\t\t\t<a href='https:\/\/franciscanos.org.br\/noticias\/wp-content\/uploads\/2024\/11\/CAPITULO-PROVINCIAL-2024-DIA-11-4971-2.jpg'><img width=\"300\" height=\"300\" src=\"https:\/\/franciscanos.org.br\/noticias\/wp-content\/uploads\/2024\/11\/CAPITULO-PROVINCIAL-2024-DIA-11-4971-2-300x300.jpg\" class=\"attachment-thumbnail size-thumbnail\" alt=\"\" loading=\"lazy\" srcset=\"https:\/\/franciscanos.org.br\/noticias\/wp-content\/uploads\/2024\/11\/CAPITULO-PROVINCIAL-2024-DIA-11-4971-2-300x300.jpg 300w, https:\/\/franciscanos.org.br\/noticias\/wp-content\/uploads\/2024\/11\/CAPITULO-PROVINCIAL-2024-DIA-11-4971-2-100x100.jpg 100w\" sizes=\"(max-width: 300px) 100vw, 300px\" \/><\/a>\n\t\t\t<\/dt><\/dl><dl class='gallery-item'>\n\t\t\t<dt class='gallery-icon landscape'>\n\t\t\t\t<a href='https:\/\/franciscanos.org.br\/noticias\/wp-content\/uploads\/2024\/11\/CAPITULO-PROVINCIAL-2024-DIA-11-4989-2.jpg'><img width=\"300\" height=\"300\" src=\"https:\/\/franciscanos.org.br\/noticias\/wp-content\/uploads\/2024\/11\/CAPITULO-PROVINCIAL-2024-DIA-11-4989-2-300x300.jpg\" class=\"attachment-thumbnail size-thumbnail\" alt=\"\" loading=\"lazy\" srcset=\"https:\/\/franciscanos.org.br\/noticias\/wp-content\/uploads\/2024\/11\/CAPITULO-PROVINCIAL-2024-DIA-11-4989-2-300x300.jpg 300w, https:\/\/franciscanos.org.br\/noticias\/wp-content\/uploads\/2024\/11\/CAPITULO-PROVINCIAL-2024-DIA-11-4989-2-100x100.jpg 100w\" sizes=\"(max-width: 300px) 100vw, 300px\" \/><\/a>\n\t\t\t<\/dt><\/dl><dl class='gallery-item'>\n\t\t\t<dt class='gallery-icon landscape'>\n\t\t\t\t<a href='https:\/\/franciscanos.org.br\/noticias\/wp-content\/uploads\/2024\/11\/CAPITULO-PROVINCIAL-2024-DIA-11-5001-1.jpg'><img width=\"300\" height=\"300\" src=\"https:\/\/franciscanos.org.br\/noticias\/wp-content\/uploads\/2024\/11\/CAPITULO-PROVINCIAL-2024-DIA-11-5001-1-300x300.jpg\" class=\"attachment-thumbnail size-thumbnail\" alt=\"\" loading=\"lazy\" srcset=\"https:\/\/franciscanos.org.br\/noticias\/wp-content\/uploads\/2024\/11\/CAPITULO-PROVINCIAL-2024-DIA-11-5001-1-300x300.jpg 300w, https:\/\/franciscanos.org.br\/noticias\/wp-content\/uploads\/2024\/11\/CAPITULO-PROVINCIAL-2024-DIA-11-5001-1-100x100.jpg 100w\" sizes=\"(max-width: 300px) 100vw, 300px\" \/><\/a>\n\t\t\t<\/dt><\/dl><br style=\"clear: both\" \/>\n\t\t<\/div>\n\n<p>O momento de reflex\u00e3o e espiritualidade, que dava in\u00edcio aos trabalhos capitulares, foi motivado por Frei Francisco Mor\u00e1s, Frei Jo\u00e3o Manoel Zechinatto e Frei Elias Hebo Lu\u00eds. Os frades refletiram sobre a esperan\u00e7a, \u00e0 luz dos textos do fil\u00f3sofo sul-coreano, Byung-Chul Han, unindo o lema do Cap\u00edtulo Provincial \u2013 \u201cChagados pelo amor, peregrinos da esperan\u00e7a\u201d \u2013, com uma reflex\u00e3o existencial sobre a esperan\u00e7a, necess\u00e1ria em todos os tempos e culturas para se vislumbrar com nitidez os novos horizontes que se descortinam.<\/p>\n<p><strong>Prote\u00e7\u00e3o e Cuidado<\/strong><\/p>\n<p>Ap\u00f3s o momento de motiva\u00e7\u00e3o, os frades tomaram conhecimento do documento Pol\u00edtica Provincial de Prote\u00e7\u00e3o, que visa estabelecer protocolos e c\u00f3digos de conduta a fim de assegurar ambientes seguros para todas as pessoas de toda e qualquer forma de abuso. Trata-se da resposta institucional e pessoal de cada frade, colaborador e volunt\u00e1rio ligados \u00e0 Prov\u00edncia, ao compromisso de toda a Igreja com a dignidade humana. O documento prev\u00ea a exist\u00eancia do Servi\u00e7o Provincial de Prote\u00e7\u00e3o, cujos membros atuar\u00e3o em nome do Ministro provincial na recep\u00e7\u00e3o e lida de poss\u00edveis den\u00fancias na \u00e1rea dos abusos, assim como termos de responsabilidade pessoal e institucional a serem assinados e expostos para conhecimento p\u00fablico.<\/p>\n<p>Al\u00e9m disso, como parte da pol\u00edtica institucional sobre esta quest\u00e3o, uma gama de tem\u00e1ticas dever\u00e1 entrar no programa formativo tanto da Forma\u00e7\u00e3o Inicial, quanto da Permanente, assim como na pol\u00edtica de atualiza\u00e7\u00e3o formativa dos colaboradores e volunt\u00e1rios. A Pol\u00edtica Provincial de Prote\u00e7\u00e3o j\u00e1 havia sido aprovada pela C\u00faria Geral da Ordem dos Frades Menores e, no pr\u00f3ximo ano, j\u00e1 dever\u00e1 entrar em vigor na Prov\u00edncia.<\/p>\n<p><strong>Estatutos da Prov\u00edncia<\/strong><\/p>\n<p>\u00c9 uma pr\u00e1tica jur\u00eddica de, quando os documentos maiores s\u00e3o atualizados, todos aqueles que dele dependem sofram altera\u00e7\u00f5es para estarem em conson\u00e2ncia com a lei maior e isso n\u00e3o \u00e9 diferente na Igreja. Em 2021, a Ordem dos Frades Menores celebrou o Cap\u00edtulo Geral e, entre os assuntos discutidos, houve a atualiza\u00e7\u00e3o dos Estatutos Gerais da Ordem. Entre as principais mudan\u00e7as estava, justamente, a inclus\u00e3o da tem\u00e1tica da tutela dos menores em sua normativa.<\/p>\n<p>Assim, cada prov\u00edncia e cust\u00f3dia deveria atualizar seus pr\u00f3prios Estatutos Particulares para incluir este aspecto e ajustar outros elementos para que abarquem as pr\u00e1ticas e realidade da pr\u00f3pria entidade, sem se afastar do que \u00e9 previsto para todos os frades franciscanos. Em outras palavras, nenhuma entidade pode decidir n\u00e3o cumprir algo que seja essencial para a identidade da vida religiosa e do que \u00e9 previsto pelo carisma institucional, mas pode definir alguns aspectos de como se dar\u00e1 esta observ\u00e2ncia.<\/p>\n<p>Assim, uma comiss\u00e3o foi composta para atualizar os Estatutos Particulares da Prov\u00edncia e a proposta de novo texto foi apresentada aos frades capitulares. Os frades fizeram suas considera\u00e7\u00f5es e emendas e o texto foi aprovado. Agora ele dever\u00e1 ser enviado \u00e0 C\u00faria Geral, que avaliar\u00e1 as mudan\u00e7as e, se tamb\u00e9m for aprovado, o texto poder\u00e1 ser promulgado pelo Ministro provincial e entrar em vigor na Prov\u00edncia.<\/p>\n<p><strong>Encontros Diversos<\/strong><\/p>\n<p><img loading=\"lazy\" class=\"alignright wp-image-252672 size-medium\" src=\"https:\/\/franciscanos.org.br\/noticias\/wp-content\/uploads\/2024\/11\/CAPITULO-PROVINCIAL-2024-DIA-11-5004-450x300.jpg\" alt=\"\" width=\"450\" height=\"300\" srcset=\"https:\/\/franciscanos.org.br\/noticias\/wp-content\/uploads\/2024\/11\/CAPITULO-PROVINCIAL-2024-DIA-11-5004-450x300.jpg 450w, https:\/\/franciscanos.org.br\/noticias\/wp-content\/uploads\/2024\/11\/CAPITULO-PROVINCIAL-2024-DIA-11-5004-1024x683.jpg 1024w, https:\/\/franciscanos.org.br\/noticias\/wp-content\/uploads\/2024\/11\/CAPITULO-PROVINCIAL-2024-DIA-11-5004-768x512.jpg 768w, https:\/\/franciscanos.org.br\/noticias\/wp-content\/uploads\/2024\/11\/CAPITULO-PROVINCIAL-2024-DIA-11-5004-1536x1024.jpg 1536w, https:\/\/franciscanos.org.br\/noticias\/wp-content\/uploads\/2024\/11\/CAPITULO-PROVINCIAL-2024-DIA-11-5004-150x100.jpg 150w, https:\/\/franciscanos.org.br\/noticias\/wp-content\/uploads\/2024\/11\/CAPITULO-PROVINCIAL-2024-DIA-11-5004.jpg 1600w\" sizes=\"(max-width: 450px) 100vw, 450px\" \/>Os resultados de quatro encontros distintos foram apresentados no decorrer do dia aos capitulares. Mais que uma presta\u00e7\u00e3o de contas, tratavam-se de provoca\u00e7\u00f5es para este processo de revis\u00e3o, atualiza\u00e7\u00e3o e renova\u00e7\u00e3o do an\u00fancio a partir do testemunho e da miss\u00e3o pelos frades.<\/p>\n<p>O Encontro com os Assistentes Espirituais da Ordem Franciscana Secular, que contou com a presen\u00e7a de membros das fraternidades seculares assistidas foi um deles. Recordou-se a import\u00e2ncia desta proximidade entre as duas ordens franciscanas e o dever espiritual que os frades t\u00eam de animar e assistir a caminhada dos irm\u00e3os franciscanos seculares. Por outro lado, recordou-se que a OFS \u00e9 uma ordem aut\u00f4noma, com plenos direitos e deveres. Assim, deve-se discernir quais os trabalhos comuns que podem ser desenvolvidos pelos frades e membros da OFS, especialmente na linha do Servi\u00e7o de Justi\u00e7a, Paz e Integridade da Cria\u00e7\u00e3o e da Anima\u00e7\u00e3o Vocacional.<\/p>\n<p>Quanto ao Encontro dos Frades Estudantes e os encontros do Frades <em>Under Ten<\/em> \u2013 estes \u00faltimos envolvendo frades que tenham at\u00e9 10 anos de Profiss\u00e3o Solene na Ordem \u2013, a apresenta\u00e7\u00e3o ofereceu um retrato real de nossas fraternidades, de alguns desafios enfrentados pelas novas gera\u00e7\u00f5es neste processo de transi\u00e7\u00e3o da Forma\u00e7\u00e3o Inicial \u00e0 Permanente, de in\u00edcio da responsabiliza\u00e7\u00e3o direta por miss\u00f5es e trabalhos espec\u00edficos da evangeliza\u00e7\u00e3o provincial, da vida fraterna e pessoal. Al\u00e9m dos desafios, apresentaram um belo quadro de seus sonhos para o futuro da Prov\u00edncia, um olhar jovial sobre o que nossa vida e miss\u00e3o foi chamada a ser e que, talvez no decorrer da caminhada religiosa, fique um pouco \u201cnublada\u201d na consci\u00eancia das gera\u00e7\u00f5es mais velhas. Por fim, ofereceram pontos com perspectivas que instigaram os irm\u00e3os \u00e0 reflex\u00e3o e que merecer\u00e3o, certamente, a retomada em novas oportunidades.<\/p>\n<p>O Cap\u00edtulo das Esteiras tamb\u00e9m foi recordado. Diferentemente da modalidade tradicional que prev\u00ea a participa\u00e7\u00e3o apenas de frades, sendo um encontro celebrativo e experi\u00eancia de encontro fraterno, o Cap\u00edtulo das Esteiras celebrado no primeiro semestre de 2024 promoveu a participa\u00e7\u00e3o de leigos e religiosas, contemplativas e de vida ativa, todos membros de congrega\u00e7\u00f5es e entidades franciscanas para um tempo de parada e di\u00e1logo sobre o modo de presen\u00e7a e atua\u00e7\u00e3o dos franciscanos e franciscanas no mundo de hoje. Importantes questionamentos foram levantados, assim como a manifesta\u00e7\u00e3o de certa preocupa\u00e7\u00e3o em rela\u00e7\u00e3o ao ativismo, \u00e0 despreocupa\u00e7\u00e3o com a sa\u00fade mental e \u00e0 vida espiritual. Leigos e religiosas provocaram os frades e recordarem-se do grande potencial do testemunho que oferecem \u00e0 Igreja e ao mundo se se mantiverem fi\u00e9is ao que prometeram ser por toda a vida.<\/p>\n<p>A segunda-feira foi um dia intenso de reflex\u00e3o e trabalhos e concluiu a apresenta\u00e7\u00e3o de todas as tem\u00e1ticas preparadas para o Cap\u00edtulo Provincial 2024. Amanh\u00e3, o \u00faltimo dia do Cap\u00edtulo, os frades retornar\u00e3o aos assuntos j\u00e1 discutidos com a expectativa da amarra\u00e7\u00e3o das ideias, vota\u00e7\u00e3o das propostas e discernimento dos mandatos e orienta\u00e7\u00f5es que nortear\u00e3o tanto o trabalho do Definit\u00f3rio provincial, quanto das fraternidades e presen\u00e7as evangelizadoras no novo tri\u00eanio (2025-2027) que ser\u00e1 iniciado.<\/p>\n<hr \/>\n<p><em>Frei Elias Hebo Lu\u00eds e Frei Rodrigo da Silva Santos<\/em><\/p>\n","protected":false},"excerpt":{"rendered":"<p>Cap\u00edtulo Provincial 2024<\/p>\n","protected":false},"author":11,"featured_media":252674,"comment_status":"open","ping_status":"open","sticky":false,"template":"","format":"standard","meta":[],"categories":[1],"tags":[2255],"acf":[],"yoast_head":"<!-- This site is optimized with the Yoast SEO plugin v19.2 - https:\/\/yoast.com\/wordpress\/plugins\/seo\/ -->\n<title>Prote\u00e7\u00e3o e cuidado da vida fraterna marcam pen\u00faltimo dia do Cap\u00edtulo Provincial - Not\u00edcias - Franciscanos<\/title>\n<meta name=\"robots\" content=\"index, follow, max-snippet:-1, max-image-preview:large, max-video-preview:-1\" \/>\n<link rel=\"canonical\" href=\"https:\/\/franciscanos.org.br\/noticias\/252664.html\" \/>\n<meta property=\"og:locale\" content=\"pt_BR\" \/>\n<meta property=\"og:type\" content=\"article\" \/>\n<meta property=\"og:title\" content=\"Prote\u00e7\u00e3o e cuidado da vida fraterna marcam pen\u00faltimo dia do Cap\u00edtulo Provincial - Not\u00edcias - Franciscanos\" \/>\n<meta property=\"og:description\" content=\"Cap\u00edtulo Provincial 2024\" \/>\n<meta property=\"og:url\" content=\"https:\/\/franciscanos.org.br\/noticias\/252664.html\" \/>\n<meta property=\"og:site_name\" content=\"Not\u00edcias - Franciscanos\" \/>\n<meta property=\"article:published_time\" content=\"2024-11-12T10:04:47+00:00\" \/>\n<meta property=\"article:modified_time\" content=\"2024-11-25T16:52:46+00:00\" \/>\n<meta property=\"og:image\" content=\"https:\/\/franciscanos.org.br\/noticias\/wp-content\/uploads\/2024\/11\/chamada-2-2.jpg\" \/>\n\t<meta property=\"og:image:width\" content=\"800\" \/>\n\t<meta property=\"og:image:height\" content=\"550\" \/>\n\t<meta property=\"og:image:type\" content=\"image\/jpeg\" \/>\n<meta name=\"author\" content=\"Adriana Rabelo\" \/>\n<meta name=\"twitter:card\" content=\"summary_large_image\" \/>\n<meta name=\"twitter:label1\" content=\"Escrito por\" \/>\n\t<meta name=\"twitter:data1\" content=\"Adriana Rabelo\" \/>\n\t<meta name=\"twitter:label2\" content=\"Est. tempo de leitura\" \/>\n\t<meta name=\"twitter:data2\" content=\"6 minutos\" \/>\n<script type=\"application\/ld+json\" class=\"yoast-schema-graph\">{\"@context\":\"https:\/\/schema.org\",\"@graph\":[{\"@type\":\"WebSite\",\"@id\":\"https:\/\/franciscanos.org.br\/noticias\/#website\",\"url\":\"https:\/\/franciscanos.org.br\/noticias\/\",\"name\":\"Not\u00edcias - Franciscanos\",\"description\":\"Prov\u00edncia Franciscana da Imaculada Concei\u00e7\u00e3o do Brasil - Ordem dos Frades Menores - OFM\",\"potentialAction\":[{\"@type\":\"SearchAction\",\"target\":{\"@type\":\"EntryPoint\",\"urlTemplate\":\"https:\/\/franciscanos.org.br\/noticias\/?s={search_term_string}\"},\"query-input\":\"required name=search_term_string\"}],\"inLanguage\":\"pt-BR\"},{\"@type\":\"ImageObject\",\"inLanguage\":\"pt-BR\",\"@id\":\"https:\/\/franciscanos.org.br\/noticias\/252664.html#primaryimage\",\"url\":\"https:\/\/franciscanos.org.br\/noticias\/wp-content\/uploads\/2024\/11\/chamada-2-2.jpg\",\"contentUrl\":\"https:\/\/franciscanos.org.br\/noticias\/wp-content\/uploads\/2024\/11\/chamada-2-2.jpg\",\"width\":800,\"height\":550},{\"@type\":\"WebPage\",\"@id\":\"https:\/\/franciscanos.org.br\/noticias\/252664.html#webpage\",\"url\":\"https:\/\/franciscanos.org.br\/noticias\/252664.html\",\"name\":\"Prote\u00e7\u00e3o e cuidado da vida fraterna marcam pen\u00faltimo dia do Cap\u00edtulo Provincial - Not\u00edcias - Franciscanos\",\"isPartOf\":{\"@id\":\"https:\/\/franciscanos.org.br\/noticias\/#website\"},\"primaryImageOfPage\":{\"@id\":\"https:\/\/franciscanos.org.br\/noticias\/252664.html#primaryimage\"},\"datePublished\":\"2024-11-12T10:04:47+00:00\",\"dateModified\":\"2024-11-25T16:52:46+00:00\",\"author\":{\"@id\":\"https:\/\/franciscanos.org.br\/noticias\/#\/schema\/person\/d9422e83121c3ad3b0f423d195f5bb25\"},\"breadcrumb\":{\"@id\":\"https:\/\/franciscanos.org.br\/noticias\/252664.html#breadcrumb\"},\"inLanguage\":\"pt-BR\",\"potentialAction\":[{\"@type\":\"ReadAction\",\"target\":[\"https:\/\/franciscanos.org.br\/noticias\/252664.html\"]}]},{\"@type\":\"BreadcrumbList\",\"@id\":\"https:\/\/franciscanos.org.br\/noticias\/252664.html#breadcrumb\",\"itemListElement\":[{\"@type\":\"ListItem\",\"position\":1,\"name\":\"Home\",\"item\":\"https:\/\/franciscanos.org.br\/noticias\"},{\"@type\":\"ListItem\",\"position\":2,\"name\":\"Prote\u00e7\u00e3o e cuidado da vida fraterna marcam pen\u00faltimo dia do Cap\u00edtulo Provincial\"}]},{\"@type\":\"Person\",\"@id\":\"https:\/\/franciscanos.org.br\/noticias\/#\/schema\/person\/d9422e83121c3ad3b0f423d195f5bb25\",\"name\":\"Adriana Rabelo\",\"image\":{\"@type\":\"ImageObject\",\"inLanguage\":\"pt-BR\",\"@id\":\"https:\/\/franciscanos.org.br\/noticias\/#\/schema\/person\/image\/\",\"url\":\"https:\/\/secure.gravatar.com\/avatar\/0a937b7500cd7df77540cfb8bede877d?s=96&d=mm&r=g\",\"contentUrl\":\"https:\/\/secure.gravatar.com\/avatar\/0a937b7500cd7df77540cfb8bede877d?s=96&d=mm&r=g\",\"caption\":\"Adriana Rabelo\"},\"url\":\"https:\/\/franciscanos.org.br\/noticias\/author\/adrianarabelo\"}]}<\/script>\n<!-- \/ Yoast SEO plugin. -->","yoast_head_json":{"title":"Prote\u00e7\u00e3o e cuidado da vida fraterna marcam pen\u00faltimo dia do Cap\u00edtulo Provincial - Not\u00edcias - Franciscanos","robots":{"index":"index","follow":"follow","max-snippet":"max-snippet:-1","max-image-preview":"max-image-preview:large","max-video-preview":"max-video-preview:-1"},"canonical":"https:\/\/franciscanos.org.br\/noticias\/252664.html","og_locale":"pt_BR","og_type":"article","og_title":"Prote\u00e7\u00e3o e cuidado da vida fraterna marcam pen\u00faltimo dia do Cap\u00edtulo Provincial - Not\u00edcias - Franciscanos","og_description":"Cap\u00edtulo Provincial 2024","og_url":"https:\/\/franciscanos.org.br\/noticias\/252664.html","og_site_name":"Not\u00edcias - Franciscanos","article_published_time":"2024-11-12T10:04:47+00:00","article_modified_time":"2024-11-25T16:52:46+00:00","og_image":[{"width":800,"height":550,"url":"https:\/\/franciscanos.org.br\/noticias\/wp-content\/uploads\/2024\/11\/chamada-2-2.jpg","type":"image\/jpeg"}],"author":"Adriana Rabelo","twitter_card":"summary_large_image","twitter_misc":{"Escrito por":"Adriana Rabelo","Est. tempo de leitura":"6 minutos"},"schema":{"@context":"https:\/\/schema.org","@graph":[{"@type":"WebSite","@id":"https:\/\/franciscanos.org.br\/noticias\/#website","url":"https:\/\/franciscanos.org.br\/noticias\/","name":"Not\u00edcias - Franciscanos","description":"Prov\u00edncia Franciscana da Imaculada Concei\u00e7\u00e3o do Brasil - Ordem dos Frades Menores - OFM","potentialAction":[{"@type":"SearchAction","target":{"@type":"EntryPoint","urlTemplate":"https:\/\/franciscanos.org.br\/noticias\/?s={search_term_string}"},"query-input":"required name=search_term_string"}],"inLanguage":"pt-BR"},{"@type":"ImageObject","inLanguage":"pt-BR","@id":"https:\/\/franciscanos.org.br\/noticias\/252664.html#primaryimage","url":"https:\/\/franciscanos.org.br\/noticias\/wp-content\/uploads\/2024\/11\/chamada-2-2.jpg","contentUrl":"https:\/\/franciscanos.org.br\/noticias\/wp-content\/uploads\/2024\/11\/chamada-2-2.jpg","width":800,"height":550},{"@type":"WebPage","@id":"https:\/\/franciscanos.org.br\/noticias\/252664.html#webpage","url":"https:\/\/franciscanos.org.br\/noticias\/252664.html","name":"Prote\u00e7\u00e3o e cuidado da vida fraterna marcam pen\u00faltimo dia do Cap\u00edtulo Provincial - Not\u00edcias - Franciscanos","isPartOf":{"@id":"https:\/\/franciscanos.org.br\/noticias\/#website"},"primaryImageOfPage":{"@id":"https:\/\/franciscanos.org.br\/noticias\/252664.html#primaryimage"},"datePublished":"2024-11-12T10:04:47+00:00","dateModified":"2024-11-25T16:52:46+00:00","author":{"@id":"https:\/\/franciscanos.org.br\/noticias\/#\/schema\/person\/d9422e83121c3ad3b0f423d195f5bb25"},"breadcrumb":{"@id":"https:\/\/franciscanos.org.br\/noticias\/252664.html#breadcrumb"},"inLanguage":"pt-BR","potentialAction":[{"@type":"ReadAction","target":["https:\/\/franciscanos.org.br\/noticias\/252664.html"]}]},{"@type":"BreadcrumbList","@id":"https:\/\/franciscanos.org.br\/noticias\/252664.html#breadcrumb","itemListElement":[{"@type":"ListItem","position":1,"name":"Home","item":"https:\/\/franciscanos.org.br\/noticias"},{"@type":"ListItem","position":2,"name":"Prote\u00e7\u00e3o e cuidado da vida fraterna marcam pen\u00faltimo dia do Cap\u00edtulo Provincial"}]},{"@type":"Person","@id":"https:\/\/franciscanos.org.br\/noticias\/#\/schema\/person\/d9422e83121c3ad3b0f423d195f5bb25","name":"Adriana Rabelo","image":{"@type":"ImageObject","inLanguage":"pt-BR","@id":"https:\/\/franciscanos.org.br\/noticias\/#\/schema\/person\/image\/","url":"https:\/\/secure.gravatar.com\/avatar\/0a937b7500cd7df77540cfb8bede877d?s=96&d=mm&r=g","contentUrl":"https:\/\/secure.gravatar.com\/avatar\/0a937b7500cd7df77540cfb8bede877d?s=96&d=mm&r=g","caption":"Adriana Rabelo"},"url":"https:\/\/franciscanos.org.br\/noticias\/author\/adrianarabelo"}]}},"_links":{"self":[{"href":"https:\/\/franciscanos.org.br\/noticias\/wp-json\/wp\/v2\/posts\/252664"}],"collection":[{"href":"https:\/\/franciscanos.org.br\/noticias\/wp-json\/wp\/v2\/posts"}],"about":[{"href":"https:\/\/franciscanos.org.br\/noticias\/wp-json\/wp\/v2\/types\/post"}],"author":[{"embeddable":true,"href":"https:\/\/franciscanos.org.br\/noticias\/wp-json\/wp\/v2\/users\/11"}],"replies":[{"embeddable":true,"href":"https:\/\/franciscanos.org.br\/noticias\/wp-json\/wp\/v2\/comments?post=252664"}],"version-history":[{"count":7,"href":"https:\/\/franciscanos.org.br\/noticias\/wp-json\/wp\/v2\/posts\/252664\/revisions"}],"predecessor-version":[{"id":253159,"href":"https:\/\/franciscanos.org.br\/noticias\/wp-json\/wp\/v2\/posts\/252664\/revisions\/253159"}],"wp:featuredmedia":[{"embeddable":true,"href":"https:\/\/franciscanos.org.br\/noticias\/wp-json\/wp\/v2\/media\/252674"}],"wp:attachment":[{"href":"https:\/\/franciscanos.org.br\/noticias\/wp-json\/wp\/v2\/media?parent=252664"}],"wp:term":[{"taxonomy":"category","embeddable":true,"href":"https:\/\/franciscanos.org.br\/noticias\/wp-json\/wp\/v2\/categories?post=252664"},{"taxonomy":"post_tag","embeddable":true,"href":"https:\/\/franciscanos.org.br\/noticias\/wp-json\/wp\/v2\/tags?post=252664"}],"curies":[{"name":"wp","href":"https:\/\/api.w.org\/{rel}","templated":true}]}}