{"id":252622,"date":"2024-11-10T18:37:02","date_gmt":"2024-11-10T21:37:02","guid":{"rendered":"https:\/\/franciscanos.org.br\/noticias\/?p=252622"},"modified":"2024-11-10T18:37:33","modified_gmt":"2024-11-10T21:37:33","slug":"entrevista-com-frei-almir-e-frei-ruan-lacos-fraternos-da-missao-franciscana","status":"publish","type":"post","link":"https:\/\/franciscanos.org.br\/noticias\/entrevista-com-frei-almir-e-frei-ruan-lacos-fraternos-da-missao-franciscana.html","title":{"rendered":"Entrevista com Frei Almir e Frei Ruan: La\u00e7os fraternos da miss\u00e3o franciscana"},"content":{"rendered":"<p><img loading=\"lazy\" class=\"aligncenter wp-image-252623 size-full\" src=\"https:\/\/franciscanos.org.br\/noticias\/wp-content\/uploads\/2024\/11\/foto-materia.jpg\" alt=\"\" width=\"1280\" height=\"720\" srcset=\"https:\/\/franciscanos.org.br\/noticias\/wp-content\/uploads\/2024\/11\/foto-materia.jpg 1280w, https:\/\/franciscanos.org.br\/noticias\/wp-content\/uploads\/2024\/11\/foto-materia-450x253.jpg 450w, https:\/\/franciscanos.org.br\/noticias\/wp-content\/uploads\/2024\/11\/foto-materia-1024x576.jpg 1024w, https:\/\/franciscanos.org.br\/noticias\/wp-content\/uploads\/2024\/11\/foto-materia-768x432.jpg 768w, https:\/\/franciscanos.org.br\/noticias\/wp-content\/uploads\/2024\/11\/foto-materia-150x84.jpg 150w\" sizes=\"(max-width: 1280px) 100vw, 1280px\" \/><\/p>\n<p>O Cap\u00edtulo Provincial 2024 da Prov\u00edncia Franciscana da Imaculada Concei\u00e7\u00e3o do Brasil reuniu mais de 100 frades para, juntos, refletirem sobre a realidade provincial e as expectativas que a Igreja e o mundo lan\u00e7am sobre nossa presen\u00e7a evangelizadora e testemunho carism\u00e1tico. Os frades est\u00e3o reunidos desde a segunda-feira, dia 4, no Semin\u00e1rio Santo Ant\u00f4nio, de Agudos (SP) e ali permanecer\u00e3o at\u00e9 a pr\u00f3xima ter\u00e7a-feira, dia 12.<\/p>\n<p>Considerando o n\u00famero de irm\u00e3os e suas diferentes proveni\u00eancias a partir de fraternidades de cinco Estados diferentes e, at\u00e9 mesmo, de Angola, a Equipe de Comunica\u00e7\u00e3o fez uma <strong>breve entrevista com dois expoentes do grupo de irm\u00e3os<\/strong>, separados por anos de experi\u00eancia de vida biol\u00f3gica e religiosa. Foram escolhidos <strong>Frei Almir Ribeiro Guimar\u00e3es<\/strong>, o frade decano entre os participantes, com 86 anos de vida e 64 de vida religiosa, que ofereceu ao longo dos anos extensa contribui\u00e7\u00e3o como professor, conferencista, assistente da Ordem Franciscana Secular e editor de revistas de teologia e espiritualidade; e <strong>Frei Ruan Felipe Sguissardi<\/strong>, frade com 26 anos de idade e 6 anos de vida religiosa, sendo o irm\u00e3o mais novo entre os capitulares.<\/p>\n<p><strong>Site Franciscanos \u2013 \u00a0H\u00e1 alguns anos, os Estatutos Particulares da Prov\u00edncia foram alterados para permitir a participa\u00e7\u00e3o de todos os frades que quisessem no Cap\u00edtulo Provincial. Qual \u00e9 sua motiva\u00e7\u00e3o \u00e0 participa\u00e7\u00e3o e porque voc\u00ea considera importante que mais irm\u00e3os tenham a possibilidade de tomar parte desta reuni\u00e3o?<\/strong><\/p>\n<p><strong>Frei Almir \u2013 <\/strong>Uma das experi\u00eancias mais fortes da vida franciscana s\u00e3o estes encontros em grande n\u00famero. Penso que os frades jovens, de quem hoje h\u00e1 grande insist\u00eancia de participa\u00e7\u00e3o, tomam conhecimento da dimens\u00e3o hist\u00f3rica de toda a Prov\u00edncia, percebendo que ela \u00e9 maior que aquela fraternidade ou \u201cmundinho\u201d onde vivem e nasceram, mas que h\u00e1 trajet\u00f3rias e pessoas mais velhas. Estas, por sua vez, se sentem reconfortados com a presen\u00e7a desta nova gera\u00e7\u00e3o.<\/p>\n<p><strong>Frei Ruan \u2013 <\/strong>Este \u00e9 o primeiro Cap\u00edtulo no qual participo, depois de 10 anos de forma\u00e7\u00e3o. Acredito que \u00e9 de grande interesse para todos os frades estar aqui, interrompendo as atividades que levamos em nossas casas, e nos focando em quest\u00f5es fundamentais para a renova\u00e7\u00e3o e crescimento da Prov\u00edncia. A participa\u00e7\u00e3o de mais de 100 frades neste Cap\u00edtulo \u00e9 essencial para garantir que as decis\u00f5es sejam tomadas de forma inclusiva, com a contribui\u00e7\u00f5es de mais pessoas. Eu me senti motivado para participar do Cap\u00edtulo por ser este um momento oportuno para rever e atualizar nossa vida para melhor anunciar nosso carisma enquanto Prov\u00edncia.<\/p>\n<p><strong>Site Franciscanos \u2013 \u00a0\u00a0J\u00e1 estamos nos aproximando do final do Cap\u00edtulo Provincial e os principais temas preparados para a reflex\u00e3o e discuss\u00e3o j\u00e1 foram apresentados. Como voc\u00ea considera as proposi\u00e7\u00f5es levantadas e os trabalhos realizados at\u00e9 agora?<\/strong><\/p>\n<p><strong>Frei Almir \u2013 <\/strong>N\u00e3o preciso dizer que vivemos em um tempo de profundas mudan\u00e7as. Uma pessoa como eu, que j\u00e1 passou dos 80 anos, sente certo desconforto com tudo isso. Entretanto, posso notar que h\u00e1 um desejo muito grande de fazer com que tenhamos um lugar claro neste novo mundo em que vivemos. Posso dizer que este programa da forma\u00e7\u00e3o que foi apresentado me interessou muito e espero que se consiga, atrav\u00e9s dele promover uma maturidade humana e franciscana a todos os frades. N\u00e3o vou dizer que o programa atual n\u00e3o tenha conseguido, mas creio que agora v\u00e3o surgir frades novos atrav\u00e9s desta forma\u00e7\u00e3o. O que sempre me desperta grande dificuldade \u00e9 a quest\u00e3o das Obras que a Prov\u00edncia tem e que, se n\u00e3o cuidamos, elas se desvinculam do conjunto provincial e, por melhor que sejam dirigidas, parecem sempre uma \u201canomalia\u201d ao todo da Prov\u00edncia. O que percebo agora, nos grupos de reflex\u00e3o que participei, que h\u00e1 um forte desejo de que as Obras estejam mais unidas \u00e0 Prov\u00edncia.<\/p>\n<p><strong>Frei Ruan \u2013 <\/strong>Considero que todas as proposi\u00e7\u00f5es levantadas, todos os trabalhos, reflex\u00f5es e partilhas at\u00e9 agora foram muito relevantes por refletirem essencialmente a necessidade da Prov\u00edncia de renova\u00e7\u00e3o de suas estruturas e metodologias para melhor servir a Igreja, a Ordem e a sociedade. Vejo que, neste Cap\u00edtulo, todas as discuss\u00f5es t\u00eam sido muito ricas e produtivas. Estou confiante de que todas as decis\u00f5es tomadas neste momento v\u00e3o nos orientar para um futuro mais promissor, que nos enriquecer\u00e1 como Frades Menores.<\/p>\n<p><strong>Site Franciscanos \u2013 \u00a0Este Cap\u00edtulo Provincial teve como uma marca caracter\u00edstica a redu\u00e7\u00e3o dr\u00e1stica do uso do papel e a aposta no uso das possibilidades tecnol\u00f3gicas para favorecer a organiza\u00e7\u00e3o, a informa\u00e7\u00e3o e a discuss\u00e3o? Como voc\u00ea enxerga esta mudan\u00e7a?<\/strong><\/p>\n<p><strong>Frei Almir \u2013 <\/strong>Para mim \u00e9 muito dif\u00edcil. N\u00e3o sendo uma pessoa \u201cesclerosada\u201d (risos), sinto que poderia me esfor\u00e7ar mais para me acostumar com estes novos mecanismos. Fico contente, e at\u00e9 inveja (risos novamente), de todos aqueles que fizeram este trabalho. Creio que a aus\u00eancia da \u201cpapelada\u201d que est\u00e1vamos acostumados \u00e9 um sinal positivo muito grande. Esta facilidade dos meios eletr\u00f4nicos informa as pessoas a todo momento, enquanto est\u00e1 caminhando, dormindo ou fazendo outras atividades, n\u00e3o somente quando ela est\u00e1 participando das atividades do cap\u00edtulo. Parece que a tecnologia provoca o envolvimento a todo momento dos acontecimentos. S\u00f3 posso dizer, parab\u00e9ns \u00e0 iniciativa.<\/p>\n<p><strong>Frei Ruan \u2013 <\/strong>Como este \u00e9 o primeiro Cap\u00edtulo no qual participo, vejo que estamos evoluindo com a sociedade, o que \u00e9 positivo. Neste Cap\u00edtulo, a decis\u00e3o de n\u00e3o utilizar o papel e apostar na utiliza\u00e7\u00e3o do site interno reflete numa importante pauta que a sociedade vem assumindo, de diminuir o consumo de recursos em vista da contribui\u00e7\u00e3o ecol\u00f3gica, pedido que o pr\u00f3prio Papa Francisco provoca a todos n\u00f3s. Considero, ainda, como um ponto positivo os question\u00e1rios disponibilizados para receber contribui\u00e7\u00f5es dos irm\u00e3os, visto que nem todos os irm\u00e3os conseguem expressar suas opini\u00f5es atrav\u00e9s da fala diante de todos, mas pode faz\u00ea-lo enviando contribui\u00e7\u00f5es. Este m\u00e9todo tamb\u00e9m favorece maior participa\u00e7\u00e3o, visto que, devido ao tempo, nem todos t\u00eam a possibilidade de falar.<\/p>\n<p><strong>Site Franciscanos \u2013 \u00a0\u00a0Quais s\u00e3o as suas perspectivas para as decis\u00f5es e rumos que est\u00e3o sendo pensados para a Prov\u00edncia para os\u00a0pr\u00f3ximos\u00a0anos?<\/strong><\/p>\n<p><strong>Frei Almir \u2013 <\/strong>Esta \u00e9 uma pergunta dif\u00edcil de responder. Sinto como uma apreens\u00e3o quanto ao futuro a terr\u00edvel diminui\u00e7\u00e3o do n\u00famero de frades diante de todas as frentes de trabalho que temos e precisamos continuar. Precisaremos nos reorganizar, nos reestruturar. Penso que a tarefa pelos pr\u00f3ximos tr\u00eas, seis, nove anos ser\u00e1 colocar os frades onde eles se realizar\u00e3o e onde \u00e9 preciso que estejam para contribu\u00edrem com a Igreja. Penso que os passos que damos agora n\u00e3o s\u00e3o t\u00e3o t\u00edmidos frente ao que se precisa. S\u00e3o, pelo contr\u00e1rio, corajosos, mas precisar\u00e3o de revis\u00e3o em um espa\u00e7o de tempo n\u00e3o muito long\u00ednquo. Acredito que, em nossa Prov\u00edncia, a forma\u00e7\u00e3o merece receber especial aten\u00e7\u00e3o, assim como ela est\u00e1 recebendo agora. O problema \u00e9 sempre garantir que a equipe de formadores seja coesa e possa realizar um trabalho satisfat\u00f3rio.<\/p>\n<p><strong>Frei Ruan \u2013<\/strong> Creio que, a partir deste Cap\u00edtulo Provincial que estamos vivenciando, este \u00e9 um momento em que est\u00e3o sento tomadas algumas decis\u00f5es importantes para o futuro da Prov\u00edncia. Acredito que sairemos daqui com uma nova perspectiva sobre nossa realidade provincial. Estes dias t\u00eam sido uma experi\u00eancia rica e frutuosa e espero que possamos voltar \u00e0s nossas Casas com a certeza de que estivemos aqui para favorecer e fomentar o engajamento de todos os frades na paix\u00e3o pela evangeliza\u00e7\u00e3o assumida pela Prov\u00edncia como um todo.<\/p>\n<hr \/>\n<p><em>Frei Elias Hebo Lu\u00eds e Frei Rodrigo da Silva Santos<\/em><\/p>\n","protected":false},"excerpt":{"rendered":"<p>Cap\u00edtulo Provincial 2024<\/p>\n","protected":false},"author":11,"featured_media":252624,"comment_status":"open","ping_status":"open","sticky":false,"template":"","format":"standard","meta":[],"categories":[758,1],"tags":[2255],"acf":[],"yoast_head":"<!-- This site is optimized with the Yoast SEO plugin v19.2 - https:\/\/yoast.com\/wordpress\/plugins\/seo\/ -->\n<title>Entrevista com Frei Almir e Frei Ruan: La\u00e7os fraternos da miss\u00e3o franciscana - Not\u00edcias - Franciscanos<\/title>\n<meta name=\"robots\" content=\"index, follow, max-snippet:-1, max-image-preview:large, max-video-preview:-1\" \/>\n<link rel=\"canonical\" href=\"https:\/\/franciscanos.org.br\/noticias\/entrevista-com-frei-almir-e-frei-ruan-lacos-fraternos-da-missao-franciscana.html\" \/>\n<meta property=\"og:locale\" content=\"pt_BR\" \/>\n<meta property=\"og:type\" content=\"article\" \/>\n<meta property=\"og:title\" content=\"Entrevista com Frei Almir e Frei Ruan: La\u00e7os fraternos da miss\u00e3o franciscana - Not\u00edcias - Franciscanos\" \/>\n<meta property=\"og:description\" content=\"Cap\u00edtulo Provincial 2024\" \/>\n<meta property=\"og:url\" content=\"https:\/\/franciscanos.org.br\/noticias\/entrevista-com-frei-almir-e-frei-ruan-lacos-fraternos-da-missao-franciscana.html\" \/>\n<meta property=\"og:site_name\" content=\"Not\u00edcias - Franciscanos\" \/>\n<meta property=\"article:published_time\" content=\"2024-11-10T21:37:02+00:00\" \/>\n<meta property=\"article:modified_time\" content=\"2024-11-10T21:37:33+00:00\" \/>\n<meta property=\"og:image\" content=\"https:\/\/franciscanos.org.br\/noticias\/wp-content\/uploads\/2024\/11\/CHAMADA-13.jpg\" \/>\n\t<meta property=\"og:image:width\" content=\"800\" \/>\n\t<meta property=\"og:image:height\" content=\"550\" \/>\n\t<meta property=\"og:image:type\" content=\"image\/jpeg\" \/>\n<meta name=\"author\" content=\"Adriana Rabelo\" \/>\n<meta name=\"twitter:card\" content=\"summary_large_image\" \/>\n<meta name=\"twitter:label1\" content=\"Escrito por\" \/>\n\t<meta name=\"twitter:data1\" content=\"Adriana Rabelo\" \/>\n\t<meta name=\"twitter:label2\" content=\"Est. tempo de leitura\" \/>\n\t<meta name=\"twitter:data2\" content=\"7 minutos\" \/>\n<script type=\"application\/ld+json\" class=\"yoast-schema-graph\">{\"@context\":\"https:\/\/schema.org\",\"@graph\":[{\"@type\":\"WebSite\",\"@id\":\"https:\/\/franciscanos.org.br\/noticias\/#website\",\"url\":\"https:\/\/franciscanos.org.br\/noticias\/\",\"name\":\"Not\u00edcias - Franciscanos\",\"description\":\"Prov\u00edncia Franciscana da Imaculada Concei\u00e7\u00e3o do Brasil - Ordem dos Frades Menores - OFM\",\"potentialAction\":[{\"@type\":\"SearchAction\",\"target\":{\"@type\":\"EntryPoint\",\"urlTemplate\":\"https:\/\/franciscanos.org.br\/noticias\/?s={search_term_string}\"},\"query-input\":\"required name=search_term_string\"}],\"inLanguage\":\"pt-BR\"},{\"@type\":\"ImageObject\",\"inLanguage\":\"pt-BR\",\"@id\":\"https:\/\/franciscanos.org.br\/noticias\/entrevista-com-frei-almir-e-frei-ruan-lacos-fraternos-da-missao-franciscana.html#primaryimage\",\"url\":\"https:\/\/franciscanos.org.br\/noticias\/wp-content\/uploads\/2024\/11\/CHAMADA-13.jpg\",\"contentUrl\":\"https:\/\/franciscanos.org.br\/noticias\/wp-content\/uploads\/2024\/11\/CHAMADA-13.jpg\",\"width\":800,\"height\":550},{\"@type\":\"WebPage\",\"@id\":\"https:\/\/franciscanos.org.br\/noticias\/entrevista-com-frei-almir-e-frei-ruan-lacos-fraternos-da-missao-franciscana.html#webpage\",\"url\":\"https:\/\/franciscanos.org.br\/noticias\/entrevista-com-frei-almir-e-frei-ruan-lacos-fraternos-da-missao-franciscana.html\",\"name\":\"Entrevista com Frei Almir e Frei Ruan: La\u00e7os fraternos da miss\u00e3o franciscana - Not\u00edcias - Franciscanos\",\"isPartOf\":{\"@id\":\"https:\/\/franciscanos.org.br\/noticias\/#website\"},\"primaryImageOfPage\":{\"@id\":\"https:\/\/franciscanos.org.br\/noticias\/entrevista-com-frei-almir-e-frei-ruan-lacos-fraternos-da-missao-franciscana.html#primaryimage\"},\"datePublished\":\"2024-11-10T21:37:02+00:00\",\"dateModified\":\"2024-11-10T21:37:33+00:00\",\"author\":{\"@id\":\"https:\/\/franciscanos.org.br\/noticias\/#\/schema\/person\/d9422e83121c3ad3b0f423d195f5bb25\"},\"breadcrumb\":{\"@id\":\"https:\/\/franciscanos.org.br\/noticias\/entrevista-com-frei-almir-e-frei-ruan-lacos-fraternos-da-missao-franciscana.html#breadcrumb\"},\"inLanguage\":\"pt-BR\",\"potentialAction\":[{\"@type\":\"ReadAction\",\"target\":[\"https:\/\/franciscanos.org.br\/noticias\/entrevista-com-frei-almir-e-frei-ruan-lacos-fraternos-da-missao-franciscana.html\"]}]},{\"@type\":\"BreadcrumbList\",\"@id\":\"https:\/\/franciscanos.org.br\/noticias\/entrevista-com-frei-almir-e-frei-ruan-lacos-fraternos-da-missao-franciscana.html#breadcrumb\",\"itemListElement\":[{\"@type\":\"ListItem\",\"position\":1,\"name\":\"Home\",\"item\":\"https:\/\/franciscanos.org.br\/noticias\"},{\"@type\":\"ListItem\",\"position\":2,\"name\":\"Entrevista com Frei Almir e Frei Ruan: La\u00e7os fraternos da miss\u00e3o franciscana\"}]},{\"@type\":\"Person\",\"@id\":\"https:\/\/franciscanos.org.br\/noticias\/#\/schema\/person\/d9422e83121c3ad3b0f423d195f5bb25\",\"name\":\"Adriana Rabelo\",\"image\":{\"@type\":\"ImageObject\",\"inLanguage\":\"pt-BR\",\"@id\":\"https:\/\/franciscanos.org.br\/noticias\/#\/schema\/person\/image\/\",\"url\":\"https:\/\/secure.gravatar.com\/avatar\/0a937b7500cd7df77540cfb8bede877d?s=96&d=mm&r=g\",\"contentUrl\":\"https:\/\/secure.gravatar.com\/avatar\/0a937b7500cd7df77540cfb8bede877d?s=96&d=mm&r=g\",\"caption\":\"Adriana Rabelo\"},\"url\":\"https:\/\/franciscanos.org.br\/noticias\/author\/adrianarabelo\"}]}<\/script>\n<!-- \/ Yoast SEO plugin. -->","yoast_head_json":{"title":"Entrevista com Frei Almir e Frei Ruan: La\u00e7os fraternos da miss\u00e3o franciscana - Not\u00edcias - Franciscanos","robots":{"index":"index","follow":"follow","max-snippet":"max-snippet:-1","max-image-preview":"max-image-preview:large","max-video-preview":"max-video-preview:-1"},"canonical":"https:\/\/franciscanos.org.br\/noticias\/entrevista-com-frei-almir-e-frei-ruan-lacos-fraternos-da-missao-franciscana.html","og_locale":"pt_BR","og_type":"article","og_title":"Entrevista com Frei Almir e Frei Ruan: La\u00e7os fraternos da miss\u00e3o franciscana - Not\u00edcias - Franciscanos","og_description":"Cap\u00edtulo Provincial 2024","og_url":"https:\/\/franciscanos.org.br\/noticias\/entrevista-com-frei-almir-e-frei-ruan-lacos-fraternos-da-missao-franciscana.html","og_site_name":"Not\u00edcias - Franciscanos","article_published_time":"2024-11-10T21:37:02+00:00","article_modified_time":"2024-11-10T21:37:33+00:00","og_image":[{"width":800,"height":550,"url":"https:\/\/franciscanos.org.br\/noticias\/wp-content\/uploads\/2024\/11\/CHAMADA-13.jpg","type":"image\/jpeg"}],"author":"Adriana Rabelo","twitter_card":"summary_large_image","twitter_misc":{"Escrito por":"Adriana Rabelo","Est. tempo de leitura":"7 minutos"},"schema":{"@context":"https:\/\/schema.org","@graph":[{"@type":"WebSite","@id":"https:\/\/franciscanos.org.br\/noticias\/#website","url":"https:\/\/franciscanos.org.br\/noticias\/","name":"Not\u00edcias - Franciscanos","description":"Prov\u00edncia Franciscana da Imaculada Concei\u00e7\u00e3o do Brasil - Ordem dos Frades Menores - OFM","potentialAction":[{"@type":"SearchAction","target":{"@type":"EntryPoint","urlTemplate":"https:\/\/franciscanos.org.br\/noticias\/?s={search_term_string}"},"query-input":"required name=search_term_string"}],"inLanguage":"pt-BR"},{"@type":"ImageObject","inLanguage":"pt-BR","@id":"https:\/\/franciscanos.org.br\/noticias\/entrevista-com-frei-almir-e-frei-ruan-lacos-fraternos-da-missao-franciscana.html#primaryimage","url":"https:\/\/franciscanos.org.br\/noticias\/wp-content\/uploads\/2024\/11\/CHAMADA-13.jpg","contentUrl":"https:\/\/franciscanos.org.br\/noticias\/wp-content\/uploads\/2024\/11\/CHAMADA-13.jpg","width":800,"height":550},{"@type":"WebPage","@id":"https:\/\/franciscanos.org.br\/noticias\/entrevista-com-frei-almir-e-frei-ruan-lacos-fraternos-da-missao-franciscana.html#webpage","url":"https:\/\/franciscanos.org.br\/noticias\/entrevista-com-frei-almir-e-frei-ruan-lacos-fraternos-da-missao-franciscana.html","name":"Entrevista com Frei Almir e Frei Ruan: La\u00e7os fraternos da miss\u00e3o franciscana - Not\u00edcias - Franciscanos","isPartOf":{"@id":"https:\/\/franciscanos.org.br\/noticias\/#website"},"primaryImageOfPage":{"@id":"https:\/\/franciscanos.org.br\/noticias\/entrevista-com-frei-almir-e-frei-ruan-lacos-fraternos-da-missao-franciscana.html#primaryimage"},"datePublished":"2024-11-10T21:37:02+00:00","dateModified":"2024-11-10T21:37:33+00:00","author":{"@id":"https:\/\/franciscanos.org.br\/noticias\/#\/schema\/person\/d9422e83121c3ad3b0f423d195f5bb25"},"breadcrumb":{"@id":"https:\/\/franciscanos.org.br\/noticias\/entrevista-com-frei-almir-e-frei-ruan-lacos-fraternos-da-missao-franciscana.html#breadcrumb"},"inLanguage":"pt-BR","potentialAction":[{"@type":"ReadAction","target":["https:\/\/franciscanos.org.br\/noticias\/entrevista-com-frei-almir-e-frei-ruan-lacos-fraternos-da-missao-franciscana.html"]}]},{"@type":"BreadcrumbList","@id":"https:\/\/franciscanos.org.br\/noticias\/entrevista-com-frei-almir-e-frei-ruan-lacos-fraternos-da-missao-franciscana.html#breadcrumb","itemListElement":[{"@type":"ListItem","position":1,"name":"Home","item":"https:\/\/franciscanos.org.br\/noticias"},{"@type":"ListItem","position":2,"name":"Entrevista com Frei Almir e Frei Ruan: La\u00e7os fraternos da miss\u00e3o franciscana"}]},{"@type":"Person","@id":"https:\/\/franciscanos.org.br\/noticias\/#\/schema\/person\/d9422e83121c3ad3b0f423d195f5bb25","name":"Adriana Rabelo","image":{"@type":"ImageObject","inLanguage":"pt-BR","@id":"https:\/\/franciscanos.org.br\/noticias\/#\/schema\/person\/image\/","url":"https:\/\/secure.gravatar.com\/avatar\/0a937b7500cd7df77540cfb8bede877d?s=96&d=mm&r=g","contentUrl":"https:\/\/secure.gravatar.com\/avatar\/0a937b7500cd7df77540cfb8bede877d?s=96&d=mm&r=g","caption":"Adriana Rabelo"},"url":"https:\/\/franciscanos.org.br\/noticias\/author\/adrianarabelo"}]}},"_links":{"self":[{"href":"https:\/\/franciscanos.org.br\/noticias\/wp-json\/wp\/v2\/posts\/252622"}],"collection":[{"href":"https:\/\/franciscanos.org.br\/noticias\/wp-json\/wp\/v2\/posts"}],"about":[{"href":"https:\/\/franciscanos.org.br\/noticias\/wp-json\/wp\/v2\/types\/post"}],"author":[{"embeddable":true,"href":"https:\/\/franciscanos.org.br\/noticias\/wp-json\/wp\/v2\/users\/11"}],"replies":[{"embeddable":true,"href":"https:\/\/franciscanos.org.br\/noticias\/wp-json\/wp\/v2\/comments?post=252622"}],"version-history":[{"count":2,"href":"https:\/\/franciscanos.org.br\/noticias\/wp-json\/wp\/v2\/posts\/252622\/revisions"}],"predecessor-version":[{"id":252626,"href":"https:\/\/franciscanos.org.br\/noticias\/wp-json\/wp\/v2\/posts\/252622\/revisions\/252626"}],"wp:featuredmedia":[{"embeddable":true,"href":"https:\/\/franciscanos.org.br\/noticias\/wp-json\/wp\/v2\/media\/252624"}],"wp:attachment":[{"href":"https:\/\/franciscanos.org.br\/noticias\/wp-json\/wp\/v2\/media?parent=252622"}],"wp:term":[{"taxonomy":"category","embeddable":true,"href":"https:\/\/franciscanos.org.br\/noticias\/wp-json\/wp\/v2\/categories?post=252622"},{"taxonomy":"post_tag","embeddable":true,"href":"https:\/\/franciscanos.org.br\/noticias\/wp-json\/wp\/v2\/tags?post=252622"}],"curies":[{"name":"wp","href":"https:\/\/api.w.org\/{rel}","templated":true}]}}