{"id":252590,"date":"2024-11-10T14:53:16","date_gmt":"2024-11-10T17:53:16","guid":{"rendered":"https:\/\/franciscanos.org.br\/noticias\/?p=252590"},"modified":"2024-11-22T06:20:15","modified_gmt":"2024-11-22T09:20:15","slug":"frades-da-provincia-da-imaculada-conceicao-elegem-novo-definitorio-provincial-em-capitulo","status":"publish","type":"post","link":"https:\/\/franciscanos.org.br\/noticias\/frades-da-provincia-da-imaculada-conceicao-elegem-novo-definitorio-provincial-em-capitulo.html","title":{"rendered":"Frades da Prov\u00edncia da Imaculada Concei\u00e7\u00e3o elegem novo Definit\u00f3rio provincial em Cap\u00edtulo"},"content":{"rendered":"<p><img loading=\"lazy\" class=\"aligncenter wp-image-252603 size-full\" src=\"https:\/\/franciscanos.org.br\/noticias\/wp-content\/uploads\/2024\/11\/Definidores-1280x720-1-scaled.jpg\" alt=\"\" width=\"1920\" height=\"1077\" srcset=\"https:\/\/franciscanos.org.br\/noticias\/wp-content\/uploads\/2024\/11\/Definidores-1280x720-1-scaled.jpg 1920w, https:\/\/franciscanos.org.br\/noticias\/wp-content\/uploads\/2024\/11\/Definidores-1280x720-1-450x252.jpg 450w, https:\/\/franciscanos.org.br\/noticias\/wp-content\/uploads\/2024\/11\/Definidores-1280x720-1-1024x574.jpg 1024w, https:\/\/franciscanos.org.br\/noticias\/wp-content\/uploads\/2024\/11\/Definidores-1280x720-1-768x431.jpg 768w, https:\/\/franciscanos.org.br\/noticias\/wp-content\/uploads\/2024\/11\/Definidores-1280x720-1-1536x861.jpg 1536w, https:\/\/franciscanos.org.br\/noticias\/wp-content\/uploads\/2024\/11\/Definidores-1280x720-1-2048x1149.jpg 2048w, https:\/\/franciscanos.org.br\/noticias\/wp-content\/uploads\/2024\/11\/Definidores-1280x720-1-150x84.jpg 150w\" sizes=\"(max-width: 1920px) 100vw, 1920px\" \/><\/p>\n<p>Na manh\u00e3 deste domingo, 10 de novembro, os mais de 100 frades reunidos no Cap\u00edtulo Provincial frades capitulares presentes no Semin\u00e1rio Santo Ant\u00f4nio de Agudos, elegeram os seis Definidores que formar\u00e3o o novo governo da Prov\u00edncia da Imaculada Concei\u00e7\u00e3o para o pr\u00f3ximo tri\u00eanio (2025-2027).<\/p>\n<p>Desde o in\u00edcio das atividades do encontro, os capitulares est\u00e3o imersos em tr\u00eas linhas de reflex\u00f5es determinantes: Forma\u00e7\u00e3o, Evangeliza\u00e7\u00e3o e, ainda, Economia e Administra\u00e7\u00e3o. O prop\u00f3sito \u00e9 olhar para o presente da Prov\u00edncia, para que seja poss\u00edvel estruturar as medidas necess\u00e1rias para o futuro dessa grande fraternidade e dos locais onde a miss\u00e3o franciscana se faz presente.<\/p>\n<p>A elei\u00e7\u00e3o do novo Definit\u00f3rio provincial representa a chega de irm\u00e3os ao grupo que dever\u00e1 colocar em a\u00e7\u00e3o as decis\u00f5es capitulares, animando a Prov\u00edncia em uma mesma dire\u00e7\u00e3o. Todos os frades da Prov\u00edncia j\u00e1 haviam participado de uma pr\u00e9via consulta, indicando nomes para o of\u00edcio. Agora, esse conselho composto por 6 membros, \u00e9 consolidado por voto dos capitulares, em uma mostra do sentido sinodal e fraterna.<\/p>\n<p><strong>O novo Definit\u00f3rio provincial ficou definido da seguinte forma:<\/strong><\/p>\n<p><strong><img loading=\"lazy\" class=\"alignright wp-image-252591 size-thumbnail\" src=\"https:\/\/franciscanos.org.br\/noticias\/wp-content\/uploads\/2024\/11\/Frei-Robson-1-300x300.jpg\" alt=\"\" width=\"300\" height=\"300\" srcset=\"https:\/\/franciscanos.org.br\/noticias\/wp-content\/uploads\/2024\/11\/Frei-Robson-1-300x300.jpg 300w, https:\/\/franciscanos.org.br\/noticias\/wp-content\/uploads\/2024\/11\/Frei-Robson-1-450x450.jpg 450w, https:\/\/franciscanos.org.br\/noticias\/wp-content\/uploads\/2024\/11\/Frei-Robson-1-1024x1024.jpg 1024w, https:\/\/franciscanos.org.br\/noticias\/wp-content\/uploads\/2024\/11\/Frei-Robson-1-768x768.jpg 768w, https:\/\/franciscanos.org.br\/noticias\/wp-content\/uploads\/2024\/11\/Frei-Robson-1-1536x1536.jpg 1536w, https:\/\/franciscanos.org.br\/noticias\/wp-content\/uploads\/2024\/11\/Frei-Robson-1-2048x2048.jpg 2048w, https:\/\/franciscanos.org.br\/noticias\/wp-content\/uploads\/2024\/11\/Frei-Robson-1-150x150.jpg 150w, https:\/\/franciscanos.org.br\/noticias\/wp-content\/uploads\/2024\/11\/Frei-Robson-1-100x100.jpg 100w, https:\/\/franciscanos.org.br\/noticias\/wp-content\/uploads\/2024\/11\/Frei-Robson-1-scaled.jpg 1080w\" sizes=\"(max-width: 300px) 100vw, 300px\" \/><\/strong>Natural de Cordilheira Alta, no Oeste Catarinense, <strong>Frei Robson Luiz Scudela<\/strong> nasceu no dia 27 de outubro de 1986 e vestiu o h\u00e1bito franciscano no dia 8 de janeiro de 2006, em Rodeio (SC), e fez sua primeira profiss\u00e3o no dia 28 de dezembro do mesmo ano. Professou solenemente os votos em 4 de janeiro de 2012, tendo sido ordenado presb\u00edtero em 29 de outubro de 2016.<\/p>\n<p>Frei Robson teve como primeira transfer\u00eancia o Semin\u00e1rio de Ituporanga (SC), onde foi como orientador, entre os anos de 2016-2018.<\/p>\n<p>Em 2018, Frei Robson foi nomeado Ec\u00f4nomo provincial, coordenador do Pr\u00f3-Voca\u00e7\u00f5es e Miss\u00f5es Franciscanas e coordenador da Frente das Miss\u00f5es entre 2019-2024. Eleito Definidor para o tri\u00eanio 2021-2024, \u00e9 agora reeleito para um segundo tri\u00eanio.<\/p>\n<hr \/>\n<p><img loading=\"lazy\" class=\"alignleft wp-image-252593 size-thumbnail\" src=\"https:\/\/franciscanos.org.br\/noticias\/wp-content\/uploads\/2024\/11\/Frei-Daniel-1-300x300.jpg\" alt=\"\" width=\"300\" height=\"300\" srcset=\"https:\/\/franciscanos.org.br\/noticias\/wp-content\/uploads\/2024\/11\/Frei-Daniel-1-300x300.jpg 300w, https:\/\/franciscanos.org.br\/noticias\/wp-content\/uploads\/2024\/11\/Frei-Daniel-1-450x450.jpg 450w, https:\/\/franciscanos.org.br\/noticias\/wp-content\/uploads\/2024\/11\/Frei-Daniel-1-1024x1024.jpg 1024w, https:\/\/franciscanos.org.br\/noticias\/wp-content\/uploads\/2024\/11\/Frei-Daniel-1-768x768.jpg 768w, https:\/\/franciscanos.org.br\/noticias\/wp-content\/uploads\/2024\/11\/Frei-Daniel-1-1536x1536.jpg 1536w, https:\/\/franciscanos.org.br\/noticias\/wp-content\/uploads\/2024\/11\/Frei-Daniel-1-2048x2048.jpg 2048w, https:\/\/franciscanos.org.br\/noticias\/wp-content\/uploads\/2024\/11\/Frei-Daniel-1-150x150.jpg 150w, https:\/\/franciscanos.org.br\/noticias\/wp-content\/uploads\/2024\/11\/Frei-Daniel-1-100x100.jpg 100w, https:\/\/franciscanos.org.br\/noticias\/wp-content\/uploads\/2024\/11\/Frei-Daniel-1-scaled.jpg 1080w\" sizes=\"(max-width: 300px) 100vw, 300px\" \/><\/p>\n<p>&nbsp;<\/p>\n<p>Natural de Ascurra (SC), <strong>Frei Daniel Dellandrea<\/strong> nasceu no dia 25 de janeiro de 1981. Vestiu o h\u00e1bito de S\u00e3o Francisco no Noviciado de Rodeio, onde sua fam\u00edlia reside, no dia 10 de janeiro de 2000. Fez a profiss\u00e3o solene no dia 2 de agosto de 2005. Foi ordenado di\u00e1cono no dia 21 de abril de 2007 e presb\u00edtero no dia 18 de outubro de 2008.<\/p>\n<p>O frade teve como primeira transfer\u00eancia o Semin\u00e1rio Santo Ant\u00f4nio em Agudos (SP). Depois foi transferido para o Semin\u00e1rio Frei Galv\u00e3o, em Guaratinguet\u00e1 (SP), como guardi\u00e3o, seguindo depois para a Par\u00f3quia Santo Amaro da Imperatriz, onde foi p\u00e1roco e vig\u00e1rio da Fraternidade. Entre 2019-2021, assumiu a fun\u00e7\u00e3o de vice-secret\u00e1rio do Secretariado da Evangeliza\u00e7\u00e3o.<\/p>\n<p>Foi p\u00e1roco da Par\u00f3quia Santa In\u00eas, em Balne\u00e1rio Cambori\u00fa (SC) e Definidor da Prov\u00edncia de 2019 a 2024. Hoje, \u00e9 guardi\u00e3o da Fraternidade S\u00e3o Boaventura, de Campo Largo (PR), est\u00e1 a servi\u00e7o da Frente de Evangeliza\u00e7\u00e3o para Educa\u00e7\u00e3o e \u00e9 Diretor-Presidente da Casa Nossa Senhora da Paz.<\/p>\n<hr \/>\n<p><img loading=\"lazy\" class=\"alignright wp-image-252594 size-thumbnail\" src=\"https:\/\/franciscanos.org.br\/noticias\/wp-content\/uploads\/2024\/11\/Frei-Diego-1-300x300.jpg\" alt=\"\" width=\"300\" height=\"300\" srcset=\"https:\/\/franciscanos.org.br\/noticias\/wp-content\/uploads\/2024\/11\/Frei-Diego-1-300x300.jpg 300w, https:\/\/franciscanos.org.br\/noticias\/wp-content\/uploads\/2024\/11\/Frei-Diego-1-450x450.jpg 450w, https:\/\/franciscanos.org.br\/noticias\/wp-content\/uploads\/2024\/11\/Frei-Diego-1-1024x1024.jpg 1024w, https:\/\/franciscanos.org.br\/noticias\/wp-content\/uploads\/2024\/11\/Frei-Diego-1-768x768.jpg 768w, https:\/\/franciscanos.org.br\/noticias\/wp-content\/uploads\/2024\/11\/Frei-Diego-1-1536x1536.jpg 1536w, https:\/\/franciscanos.org.br\/noticias\/wp-content\/uploads\/2024\/11\/Frei-Diego-1-2048x2048.jpg 2048w, https:\/\/franciscanos.org.br\/noticias\/wp-content\/uploads\/2024\/11\/Frei-Diego-1-150x150.jpg 150w, https:\/\/franciscanos.org.br\/noticias\/wp-content\/uploads\/2024\/11\/Frei-Diego-1-100x100.jpg 100w, https:\/\/franciscanos.org.br\/noticias\/wp-content\/uploads\/2024\/11\/Frei-Diego-1-scaled.jpg 1080w\" sizes=\"(max-width: 300px) 100vw, 300px\" \/>Natural de Lages (SC), <strong>Frei Diego Atalino de Melo<\/strong> nasceu em 26 de agosto de 1983 e tem hoje 41 anos. Vestiu o h\u00e1bito franciscano em 2004 e fez a primeira profiss\u00e3o em 29 de dezembro de 2004, tendo 20 anos de Vida Religiosa. Professou solenemente na Ordem dos Frades Menores em 05 de novembro de 2009. Foi ordenado presb\u00edtero no dia 11 de fevereiro de 2012, tendo 12 anos de sacerd\u00f3cio.<\/p>\n<p>Atuou, entre os anos de 2012 e 2020 como Animador Vocacional Provincial, residindo em diferentes fraternidades e unindo muitas das atividades com o que hoje \u00e9 consolidado como o Servi\u00e7o de Evangeliza\u00e7\u00e3o com as Juventudes. Entre 2019 e 2020, foi Animador do Servi\u00e7o de Justi\u00e7a, Paz e Integridade da Cria\u00e7\u00e3o e Coordenador da Frente de Solidariedade para com os Empobrecidos.<\/p>\n<p>Desde 2020, \u00e9 reitor do Santu\u00e1rio Arquidiocesano de Santo Ant\u00f4nio de Sant\u2019Anna Galv\u00e3o e, um tempo mais tarde, foi nomeado um dos Coordenadores da Frente das Par\u00f3quias e Santu\u00e1rios e Vice-Secret\u00e1rio da Evangeliza\u00e7\u00e3o.<\/p>\n<hr \/>\n<p><img loading=\"lazy\" class=\"wp-image-252595 size-thumbnail alignleft\" src=\"https:\/\/franciscanos.org.br\/noticias\/wp-content\/uploads\/2024\/11\/Frei-Volney-1-300x300.jpg\" alt=\"\" width=\"300\" height=\"300\" srcset=\"https:\/\/franciscanos.org.br\/noticias\/wp-content\/uploads\/2024\/11\/Frei-Volney-1-300x300.jpg 300w, https:\/\/franciscanos.org.br\/noticias\/wp-content\/uploads\/2024\/11\/Frei-Volney-1-450x450.jpg 450w, https:\/\/franciscanos.org.br\/noticias\/wp-content\/uploads\/2024\/11\/Frei-Volney-1-1024x1024.jpg 1024w, https:\/\/franciscanos.org.br\/noticias\/wp-content\/uploads\/2024\/11\/Frei-Volney-1-768x768.jpg 768w, https:\/\/franciscanos.org.br\/noticias\/wp-content\/uploads\/2024\/11\/Frei-Volney-1-1536x1536.jpg 1536w, https:\/\/franciscanos.org.br\/noticias\/wp-content\/uploads\/2024\/11\/Frei-Volney-1-2048x2048.jpg 2048w, https:\/\/franciscanos.org.br\/noticias\/wp-content\/uploads\/2024\/11\/Frei-Volney-1-150x150.jpg 150w, https:\/\/franciscanos.org.br\/noticias\/wp-content\/uploads\/2024\/11\/Frei-Volney-1-100x100.jpg 100w, https:\/\/franciscanos.org.br\/noticias\/wp-content\/uploads\/2024\/11\/Frei-Volney-1-scaled.jpg 1080w\" sizes=\"(max-width: 300px) 100vw, 300px\" \/>Natural de Forquilhinha, SC, <strong>Frei Volney Jos\u00e9 Berkenbrock<\/strong> nasceu em 24 de novembro de 1960 e tem hoje 63 anos. Vestiu o h\u00e1bito franciscano em 1979 e fez a primeira profiss\u00e3o em 20 de janeiro de 1980, tendo 44 anos de Vida Religiosa. Professou solenemente na Ordem dos Frades Menores em 02 de agosto de 1983. Foi ordenado presb\u00edtero no dia 04 de janeiro de 1986, tendo 38 anos de sacerd\u00f3cio.<\/p>\n<p>Desde 1986 tem atuado no of\u00edcio de professor em diferentes graus, tendo iniciado no Semin\u00e1rio Santo Ant\u00f4nio, de Agudos (SP), lecionando aos seminaristas de Ensino M\u00e9dio e, mais tarde, ap\u00f3s estudos de mestrado e doutorado na Alemanha, retomando a doc\u00eancia j\u00e1 no Instituto Teol\u00f3gico Franciscano, a partir de 1995. No mesmo per\u00edodo, ou seja, em 1995, iniciou sua contribui\u00e7\u00e3o e servi\u00e7o na Editora Vozes, onde atua at\u00e9 os dias atuais.<\/p>\n<hr \/>\n<p><img loading=\"lazy\" class=\"alignright wp-image-252596 size-thumbnail\" src=\"https:\/\/franciscanos.org.br\/noticias\/wp-content\/uploads\/2024\/11\/Frei-Gilberto-300x300.jpeg\" alt=\"\" width=\"300\" height=\"300\" srcset=\"https:\/\/franciscanos.org.br\/noticias\/wp-content\/uploads\/2024\/11\/Frei-Gilberto-300x300.jpeg 300w, https:\/\/franciscanos.org.br\/noticias\/wp-content\/uploads\/2024\/11\/Frei-Gilberto-450x450.jpeg 450w, https:\/\/franciscanos.org.br\/noticias\/wp-content\/uploads\/2024\/11\/Frei-Gilberto-1024x1024.jpeg 1024w, https:\/\/franciscanos.org.br\/noticias\/wp-content\/uploads\/2024\/11\/Frei-Gilberto-768x768.jpeg 768w, https:\/\/franciscanos.org.br\/noticias\/wp-content\/uploads\/2024\/11\/Frei-Gilberto-1536x1536.jpeg 1536w, https:\/\/franciscanos.org.br\/noticias\/wp-content\/uploads\/2024\/11\/Frei-Gilberto-2048x2048.jpeg 2048w, https:\/\/franciscanos.org.br\/noticias\/wp-content\/uploads\/2024\/11\/Frei-Gilberto-150x150.jpeg 150w, https:\/\/franciscanos.org.br\/noticias\/wp-content\/uploads\/2024\/11\/Frei-Gilberto-100x100.jpeg 100w, https:\/\/franciscanos.org.br\/noticias\/wp-content\/uploads\/2024\/11\/Frei-Gilberto-scaled.jpeg 1080w\" sizes=\"(max-width: 300px) 100vw, 300px\" \/><\/p>\n<p>&nbsp;<\/p>\n<p>Natural de Jacarezinho (PR), <strong>Frei Gilberto da Silva<\/strong> nasceu em 24 de maio de 1982 e tem hoje 42 anos. Vestiu o h\u00e1bito franciscano em 2003 e fez a primeira profiss\u00e3o em 28 de dezembro de 2003, tendo 21 anos de Vida Religiosa. Professou solenemente na Ordem dos Frades Menores em 05 de novembro de 2009. Foi ordenado presb\u00edtero no dia 28 de abril de 2012, tendo 12 anos de sacerd\u00f3cio.<\/p>\n<p>Frei Gilberto, entre 2012 e 2015, atuou como Orientador no Semin\u00e1rio S\u00e3o Francisco de Assis, de Ituporanga (SC), nas etapas do Ensino M\u00e9dio e Aspirantado. Em 2015 iniciou os estudos de mestrado e doutorado em Roma, na \u00e1rea da Espiritualidade Franciscana. Retornou em 2022, transferido para a Fraternidade Sagrado Cora\u00e7\u00e3o de Jesus, de Petr\u00f3polis (RJ), quando assumiu o of\u00edcio de Vice-Mestre para o Tempo de Profiss\u00e3o Tempor\u00e1ria e professor no Instituto Teol\u00f3gico Franciscano.<\/p>\n<hr \/>\n<p><img loading=\"lazy\" class=\"wp-image-252607 size-thumbnail alignleft\" src=\"https:\/\/franciscanos.org.br\/noticias\/wp-content\/uploads\/2024\/11\/Frei-Gilson-Kemmer-1-300x300.jpg\" alt=\"\" width=\"300\" height=\"300\" srcset=\"https:\/\/franciscanos.org.br\/noticias\/wp-content\/uploads\/2024\/11\/Frei-Gilson-Kemmer-1-300x300.jpg 300w, https:\/\/franciscanos.org.br\/noticias\/wp-content\/uploads\/2024\/11\/Frei-Gilson-Kemmer-1-450x450.jpg 450w, https:\/\/franciscanos.org.br\/noticias\/wp-content\/uploads\/2024\/11\/Frei-Gilson-Kemmer-1-1024x1024.jpg 1024w, https:\/\/franciscanos.org.br\/noticias\/wp-content\/uploads\/2024\/11\/Frei-Gilson-Kemmer-1-768x768.jpg 768w, https:\/\/franciscanos.org.br\/noticias\/wp-content\/uploads\/2024\/11\/Frei-Gilson-Kemmer-1-1536x1536.jpg 1536w, https:\/\/franciscanos.org.br\/noticias\/wp-content\/uploads\/2024\/11\/Frei-Gilson-Kemmer-1-2048x2048.jpg 2048w, https:\/\/franciscanos.org.br\/noticias\/wp-content\/uploads\/2024\/11\/Frei-Gilson-Kemmer-1-150x150.jpg 150w, https:\/\/franciscanos.org.br\/noticias\/wp-content\/uploads\/2024\/11\/Frei-Gilson-Kemmer-1-100x100.jpg 100w, https:\/\/franciscanos.org.br\/noticias\/wp-content\/uploads\/2024\/11\/Frei-Gilson-Kemmer-1-scaled.jpg 1920w\" sizes=\"(max-width: 300px) 100vw, 300px\" \/><\/p>\n<p>&nbsp;<\/p>\n<p>&nbsp;<\/p>\n<p>&nbsp;<\/p>\n<p>Natural de Atalanta (SC), <strong>Frei Gilson Krammer<\/strong> nasceu em 19 de fevereiro de 1983 e, hoje, tem 41 anos. Vestiu o h\u00e1bito em 12 de janeiro de 2001 e fez a primeira profiss\u00e3o em 5 de janeiro de 2002. Os votos solenes foram professados em 2 de agosto de 2008, tendo sido ordenado presb\u00edtero em 14 de maio de 2011.<\/p>\n<p>Entre 2011 e 2018, esteve na Fraternidade Santo Ant\u00f4nio de Santana Galv\u00e3o, atuando como p\u00e1roco e coordenador da fraternidade. A partir de 2019 at\u00e9 os dias atuais, \u00e9 p\u00e1roco da Par\u00f3quia S\u00e3o Luiz Gonzaga, de Xaxim (SC).<\/p>\n<p>&nbsp;<\/p>\n<p>&nbsp;<\/p>\n<hr \/>\n<p><strong>Compreendendo a estrutura do Definit\u00f3rio provincial<\/strong><\/p>\n<p>A Prov\u00edncia Franciscana da Imaculada Concei\u00e7\u00e3o est\u00e1 presente no Brasil e em Angola. No Brasil, tem fraternidades nos Estados de Santa Catarina, Paran\u00e1, S\u00e3o Paulo, Rio de Janeiro e Esp\u00edrito Santo, agrupadas em 6 Regionais.<\/p>\n<p>Em \u00e2mbito provincial, a anima\u00e7\u00e3o e coordena\u00e7\u00e3o da vida e miss\u00e3o dos frades s\u00e3o feitas pelo Ministro provincial, Frei Paulo Roberto Pereira; com o Vig\u00e1rio provincial, Frei Gustavo Wayand Medella; e pelo Definidores provinciais. Estes, somados ao Vig\u00e1rio provincial, atuam como um conselho para as diversas quest\u00f5es que competem o governo do Ministro provincial, ajudando-o no discernimento dos assuntos.<\/p>\n<hr \/>\n<p><em>Frei Elias Hebo Lu\u00eds , Frei Rodrigo da Silva Santos e Adriana Rabelo<\/em><\/p>\n","protected":false},"excerpt":{"rendered":"<p>Cap\u00edtulo Provincial 2024<\/p>\n","protected":false},"author":11,"featured_media":252604,"comment_status":"open","ping_status":"open","sticky":false,"template":"","format":"standard","meta":[],"categories":[1],"tags":[2255],"acf":[],"yoast_head":"<!-- This site is optimized with the Yoast SEO plugin v19.2 - https:\/\/yoast.com\/wordpress\/plugins\/seo\/ -->\n<title>Frades da Prov\u00edncia da Imaculada Concei\u00e7\u00e3o elegem novo Definit\u00f3rio provincial em Cap\u00edtulo - Not\u00edcias - Franciscanos<\/title>\n<meta name=\"robots\" content=\"index, follow, max-snippet:-1, max-image-preview:large, max-video-preview:-1\" \/>\n<link rel=\"canonical\" href=\"https:\/\/franciscanos.org.br\/noticias\/frades-da-provincia-da-imaculada-conceicao-elegem-novo-definitorio-provincial-em-capitulo.html\" \/>\n<meta property=\"og:locale\" content=\"pt_BR\" \/>\n<meta property=\"og:type\" content=\"article\" \/>\n<meta property=\"og:title\" content=\"Frades da Prov\u00edncia da Imaculada Concei\u00e7\u00e3o elegem novo Definit\u00f3rio provincial em Cap\u00edtulo - Not\u00edcias - Franciscanos\" \/>\n<meta property=\"og:description\" content=\"Cap\u00edtulo Provincial 2024\" \/>\n<meta property=\"og:url\" content=\"https:\/\/franciscanos.org.br\/noticias\/frades-da-provincia-da-imaculada-conceicao-elegem-novo-definitorio-provincial-em-capitulo.html\" \/>\n<meta property=\"og:site_name\" content=\"Not\u00edcias - Franciscanos\" \/>\n<meta property=\"article:published_time\" content=\"2024-11-10T17:53:16+00:00\" \/>\n<meta property=\"article:modified_time\" content=\"2024-11-22T09:20:15+00:00\" \/>\n<meta property=\"og:image\" content=\"https:\/\/franciscanos.org.br\/noticias\/wp-content\/uploads\/2024\/11\/Definidores-800x550-1.jpg\" \/>\n\t<meta property=\"og:image:width\" content=\"800\" \/>\n\t<meta property=\"og:image:height\" content=\"551\" \/>\n\t<meta property=\"og:image:type\" content=\"image\/jpeg\" \/>\n<meta name=\"author\" content=\"Adriana Rabelo\" \/>\n<meta name=\"twitter:card\" content=\"summary_large_image\" \/>\n<meta name=\"twitter:label1\" content=\"Escrito por\" \/>\n\t<meta name=\"twitter:data1\" content=\"Adriana Rabelo\" \/>\n\t<meta name=\"twitter:label2\" content=\"Est. tempo de leitura\" \/>\n\t<meta name=\"twitter:data2\" content=\"6 minutos\" \/>\n<script type=\"application\/ld+json\" class=\"yoast-schema-graph\">{\"@context\":\"https:\/\/schema.org\",\"@graph\":[{\"@type\":\"WebSite\",\"@id\":\"https:\/\/franciscanos.org.br\/noticias\/#website\",\"url\":\"https:\/\/franciscanos.org.br\/noticias\/\",\"name\":\"Not\u00edcias - Franciscanos\",\"description\":\"Prov\u00edncia Franciscana da Imaculada Concei\u00e7\u00e3o do Brasil - Ordem dos Frades Menores - OFM\",\"potentialAction\":[{\"@type\":\"SearchAction\",\"target\":{\"@type\":\"EntryPoint\",\"urlTemplate\":\"https:\/\/franciscanos.org.br\/noticias\/?s={search_term_string}\"},\"query-input\":\"required name=search_term_string\"}],\"inLanguage\":\"pt-BR\"},{\"@type\":\"ImageObject\",\"inLanguage\":\"pt-BR\",\"@id\":\"https:\/\/franciscanos.org.br\/noticias\/frades-da-provincia-da-imaculada-conceicao-elegem-novo-definitorio-provincial-em-capitulo.html#primaryimage\",\"url\":\"https:\/\/franciscanos.org.br\/noticias\/wp-content\/uploads\/2024\/11\/Definidores-800x550-1.jpg\",\"contentUrl\":\"https:\/\/franciscanos.org.br\/noticias\/wp-content\/uploads\/2024\/11\/Definidores-800x550-1.jpg\",\"width\":800,\"height\":551},{\"@type\":\"WebPage\",\"@id\":\"https:\/\/franciscanos.org.br\/noticias\/frades-da-provincia-da-imaculada-conceicao-elegem-novo-definitorio-provincial-em-capitulo.html#webpage\",\"url\":\"https:\/\/franciscanos.org.br\/noticias\/frades-da-provincia-da-imaculada-conceicao-elegem-novo-definitorio-provincial-em-capitulo.html\",\"name\":\"Frades da Prov\u00edncia da Imaculada Concei\u00e7\u00e3o elegem novo Definit\u00f3rio provincial em Cap\u00edtulo - Not\u00edcias - Franciscanos\",\"isPartOf\":{\"@id\":\"https:\/\/franciscanos.org.br\/noticias\/#website\"},\"primaryImageOfPage\":{\"@id\":\"https:\/\/franciscanos.org.br\/noticias\/frades-da-provincia-da-imaculada-conceicao-elegem-novo-definitorio-provincial-em-capitulo.html#primaryimage\"},\"datePublished\":\"2024-11-10T17:53:16+00:00\",\"dateModified\":\"2024-11-22T09:20:15+00:00\",\"author\":{\"@id\":\"https:\/\/franciscanos.org.br\/noticias\/#\/schema\/person\/d9422e83121c3ad3b0f423d195f5bb25\"},\"breadcrumb\":{\"@id\":\"https:\/\/franciscanos.org.br\/noticias\/frades-da-provincia-da-imaculada-conceicao-elegem-novo-definitorio-provincial-em-capitulo.html#breadcrumb\"},\"inLanguage\":\"pt-BR\",\"potentialAction\":[{\"@type\":\"ReadAction\",\"target\":[\"https:\/\/franciscanos.org.br\/noticias\/frades-da-provincia-da-imaculada-conceicao-elegem-novo-definitorio-provincial-em-capitulo.html\"]}]},{\"@type\":\"BreadcrumbList\",\"@id\":\"https:\/\/franciscanos.org.br\/noticias\/frades-da-provincia-da-imaculada-conceicao-elegem-novo-definitorio-provincial-em-capitulo.html#breadcrumb\",\"itemListElement\":[{\"@type\":\"ListItem\",\"position\":1,\"name\":\"Home\",\"item\":\"https:\/\/franciscanos.org.br\/noticias\"},{\"@type\":\"ListItem\",\"position\":2,\"name\":\"Frades da Prov\u00edncia da Imaculada Concei\u00e7\u00e3o elegem novo Definit\u00f3rio provincial em Cap\u00edtulo\"}]},{\"@type\":\"Person\",\"@id\":\"https:\/\/franciscanos.org.br\/noticias\/#\/schema\/person\/d9422e83121c3ad3b0f423d195f5bb25\",\"name\":\"Adriana Rabelo\",\"image\":{\"@type\":\"ImageObject\",\"inLanguage\":\"pt-BR\",\"@id\":\"https:\/\/franciscanos.org.br\/noticias\/#\/schema\/person\/image\/\",\"url\":\"https:\/\/secure.gravatar.com\/avatar\/0a937b7500cd7df77540cfb8bede877d?s=96&d=mm&r=g\",\"contentUrl\":\"https:\/\/secure.gravatar.com\/avatar\/0a937b7500cd7df77540cfb8bede877d?s=96&d=mm&r=g\",\"caption\":\"Adriana Rabelo\"},\"url\":\"https:\/\/franciscanos.org.br\/noticias\/author\/adrianarabelo\"}]}<\/script>\n<!-- \/ Yoast SEO plugin. -->","yoast_head_json":{"title":"Frades da Prov\u00edncia da Imaculada Concei\u00e7\u00e3o elegem novo Definit\u00f3rio provincial em Cap\u00edtulo - Not\u00edcias - Franciscanos","robots":{"index":"index","follow":"follow","max-snippet":"max-snippet:-1","max-image-preview":"max-image-preview:large","max-video-preview":"max-video-preview:-1"},"canonical":"https:\/\/franciscanos.org.br\/noticias\/frades-da-provincia-da-imaculada-conceicao-elegem-novo-definitorio-provincial-em-capitulo.html","og_locale":"pt_BR","og_type":"article","og_title":"Frades da Prov\u00edncia da Imaculada Concei\u00e7\u00e3o elegem novo Definit\u00f3rio provincial em Cap\u00edtulo - Not\u00edcias - Franciscanos","og_description":"Cap\u00edtulo Provincial 2024","og_url":"https:\/\/franciscanos.org.br\/noticias\/frades-da-provincia-da-imaculada-conceicao-elegem-novo-definitorio-provincial-em-capitulo.html","og_site_name":"Not\u00edcias - Franciscanos","article_published_time":"2024-11-10T17:53:16+00:00","article_modified_time":"2024-11-22T09:20:15+00:00","og_image":[{"width":800,"height":551,"url":"https:\/\/franciscanos.org.br\/noticias\/wp-content\/uploads\/2024\/11\/Definidores-800x550-1.jpg","type":"image\/jpeg"}],"author":"Adriana Rabelo","twitter_card":"summary_large_image","twitter_misc":{"Escrito por":"Adriana Rabelo","Est. tempo de leitura":"6 minutos"},"schema":{"@context":"https:\/\/schema.org","@graph":[{"@type":"WebSite","@id":"https:\/\/franciscanos.org.br\/noticias\/#website","url":"https:\/\/franciscanos.org.br\/noticias\/","name":"Not\u00edcias - Franciscanos","description":"Prov\u00edncia Franciscana da Imaculada Concei\u00e7\u00e3o do Brasil - Ordem dos Frades Menores - OFM","potentialAction":[{"@type":"SearchAction","target":{"@type":"EntryPoint","urlTemplate":"https:\/\/franciscanos.org.br\/noticias\/?s={search_term_string}"},"query-input":"required name=search_term_string"}],"inLanguage":"pt-BR"},{"@type":"ImageObject","inLanguage":"pt-BR","@id":"https:\/\/franciscanos.org.br\/noticias\/frades-da-provincia-da-imaculada-conceicao-elegem-novo-definitorio-provincial-em-capitulo.html#primaryimage","url":"https:\/\/franciscanos.org.br\/noticias\/wp-content\/uploads\/2024\/11\/Definidores-800x550-1.jpg","contentUrl":"https:\/\/franciscanos.org.br\/noticias\/wp-content\/uploads\/2024\/11\/Definidores-800x550-1.jpg","width":800,"height":551},{"@type":"WebPage","@id":"https:\/\/franciscanos.org.br\/noticias\/frades-da-provincia-da-imaculada-conceicao-elegem-novo-definitorio-provincial-em-capitulo.html#webpage","url":"https:\/\/franciscanos.org.br\/noticias\/frades-da-provincia-da-imaculada-conceicao-elegem-novo-definitorio-provincial-em-capitulo.html","name":"Frades da Prov\u00edncia da Imaculada Concei\u00e7\u00e3o elegem novo Definit\u00f3rio provincial em Cap\u00edtulo - Not\u00edcias - Franciscanos","isPartOf":{"@id":"https:\/\/franciscanos.org.br\/noticias\/#website"},"primaryImageOfPage":{"@id":"https:\/\/franciscanos.org.br\/noticias\/frades-da-provincia-da-imaculada-conceicao-elegem-novo-definitorio-provincial-em-capitulo.html#primaryimage"},"datePublished":"2024-11-10T17:53:16+00:00","dateModified":"2024-11-22T09:20:15+00:00","author":{"@id":"https:\/\/franciscanos.org.br\/noticias\/#\/schema\/person\/d9422e83121c3ad3b0f423d195f5bb25"},"breadcrumb":{"@id":"https:\/\/franciscanos.org.br\/noticias\/frades-da-provincia-da-imaculada-conceicao-elegem-novo-definitorio-provincial-em-capitulo.html#breadcrumb"},"inLanguage":"pt-BR","potentialAction":[{"@type":"ReadAction","target":["https:\/\/franciscanos.org.br\/noticias\/frades-da-provincia-da-imaculada-conceicao-elegem-novo-definitorio-provincial-em-capitulo.html"]}]},{"@type":"BreadcrumbList","@id":"https:\/\/franciscanos.org.br\/noticias\/frades-da-provincia-da-imaculada-conceicao-elegem-novo-definitorio-provincial-em-capitulo.html#breadcrumb","itemListElement":[{"@type":"ListItem","position":1,"name":"Home","item":"https:\/\/franciscanos.org.br\/noticias"},{"@type":"ListItem","position":2,"name":"Frades da Prov\u00edncia da Imaculada Concei\u00e7\u00e3o elegem novo Definit\u00f3rio provincial em Cap\u00edtulo"}]},{"@type":"Person","@id":"https:\/\/franciscanos.org.br\/noticias\/#\/schema\/person\/d9422e83121c3ad3b0f423d195f5bb25","name":"Adriana Rabelo","image":{"@type":"ImageObject","inLanguage":"pt-BR","@id":"https:\/\/franciscanos.org.br\/noticias\/#\/schema\/person\/image\/","url":"https:\/\/secure.gravatar.com\/avatar\/0a937b7500cd7df77540cfb8bede877d?s=96&d=mm&r=g","contentUrl":"https:\/\/secure.gravatar.com\/avatar\/0a937b7500cd7df77540cfb8bede877d?s=96&d=mm&r=g","caption":"Adriana Rabelo"},"url":"https:\/\/franciscanos.org.br\/noticias\/author\/adrianarabelo"}]}},"_links":{"self":[{"href":"https:\/\/franciscanos.org.br\/noticias\/wp-json\/wp\/v2\/posts\/252590"}],"collection":[{"href":"https:\/\/franciscanos.org.br\/noticias\/wp-json\/wp\/v2\/posts"}],"about":[{"href":"https:\/\/franciscanos.org.br\/noticias\/wp-json\/wp\/v2\/types\/post"}],"author":[{"embeddable":true,"href":"https:\/\/franciscanos.org.br\/noticias\/wp-json\/wp\/v2\/users\/11"}],"replies":[{"embeddable":true,"href":"https:\/\/franciscanos.org.br\/noticias\/wp-json\/wp\/v2\/comments?post=252590"}],"version-history":[{"count":23,"href":"https:\/\/franciscanos.org.br\/noticias\/wp-json\/wp\/v2\/posts\/252590\/revisions"}],"predecessor-version":[{"id":252995,"href":"https:\/\/franciscanos.org.br\/noticias\/wp-json\/wp\/v2\/posts\/252590\/revisions\/252995"}],"wp:featuredmedia":[{"embeddable":true,"href":"https:\/\/franciscanos.org.br\/noticias\/wp-json\/wp\/v2\/media\/252604"}],"wp:attachment":[{"href":"https:\/\/franciscanos.org.br\/noticias\/wp-json\/wp\/v2\/media?parent=252590"}],"wp:term":[{"taxonomy":"category","embeddable":true,"href":"https:\/\/franciscanos.org.br\/noticias\/wp-json\/wp\/v2\/categories?post=252590"},{"taxonomy":"post_tag","embeddable":true,"href":"https:\/\/franciscanos.org.br\/noticias\/wp-json\/wp\/v2\/tags?post=252590"}],"curies":[{"name":"wp","href":"https:\/\/api.w.org\/{rel}","templated":true}]}}