{"id":252478,"date":"2024-11-09T11:50:34","date_gmt":"2024-11-09T14:50:34","guid":{"rendered":"https:\/\/franciscanos.org.br\/noticias\/?p=252478"},"modified":"2024-11-09T15:43:23","modified_gmt":"2024-11-09T18:43:23","slug":"capitulo-provincial-toda-fraternidade-e-uma-casa-de-cuidado","status":"publish","type":"post","link":"https:\/\/franciscanos.org.br\/noticias\/capitulo-provincial-toda-fraternidade-e-uma-casa-de-cuidado.html","title":{"rendered":"Cap\u00edtulo Provincial: \u201cToda Fraternidade \u00e9 uma casa de cuidado\u201d"},"content":{"rendered":"<h5><img loading=\"lazy\" class=\"aligncenter wp-image-252540 size-full\" src=\"https:\/\/franciscanos.org.br\/noticias\/wp-content\/uploads\/2024\/11\/MATERIA2.jpg\" alt=\"\" width=\"1280\" height=\"720\" srcset=\"https:\/\/franciscanos.org.br\/noticias\/wp-content\/uploads\/2024\/11\/MATERIA2.jpg 1280w, https:\/\/franciscanos.org.br\/noticias\/wp-content\/uploads\/2024\/11\/MATERIA2-450x253.jpg 450w, https:\/\/franciscanos.org.br\/noticias\/wp-content\/uploads\/2024\/11\/MATERIA2-1024x576.jpg 1024w, https:\/\/franciscanos.org.br\/noticias\/wp-content\/uploads\/2024\/11\/MATERIA2-768x432.jpg 768w, https:\/\/franciscanos.org.br\/noticias\/wp-content\/uploads\/2024\/11\/MATERIA2-150x84.jpg 150w\" sizes=\"(max-width: 1280px) 100vw, 1280px\" \/><\/h5>\n<h5><strong>Pol\u00edtica de Prote\u00e7\u00e3o, Cuidado com os Idosos e Doentes, Preserva\u00e7\u00e3o dos Acervos Culturais s\u00e3o destaques\u00a0 no sexto dia do Cap\u00edtulo Provincial<\/strong><\/h5>\n<p>Neste s\u00e1bado, 9 de novembro, as atividades come\u00e7aram com a Celebra\u00e7\u00e3o Eucar\u00edstica, no dia em que celebramos a <em>Dedica\u00e7\u00e3o da<\/em> <em>Bas\u00edlica de Latr\u00e3o <\/em>(Catedral de Roma), a Igreja M\u00e3e de todas as igrejas de Roma.<\/p>\n<p>Em seguida, frades se dirigiram \u00e0 Sala Capitular para as motiva\u00e7\u00f5es que foram feitas pelo Frei Gabriel Dellandrea. O frade exortou a todos dizendo: \u201cComo em todo exerc\u00edcio f\u00edsico, quando estamos perto do fim, mas n\u00e3o no final, \u00e9 preciso recuperar o f\u00f4lego para completar com bom \u00eaxito. Pode vir sobre n\u00f3s o cansa\u00e7o, mas n\u00e3o \u00e9 hora de desistir e sim, de buscar o descanso e o est\u00edmulo. Por isso, recobremos nossas for\u00e7as entoando um trecho do salmo que muitas vezes nos \u00e9 abrigo e refor\u00e7o na caminhada: \u201cPelos prados e campinas&#8230;\u201d e salientou ainda, \u201cprovidencialmente este dia pr\u00f3ximo do fim, mas longe dele, ao mesmo tempo \u00e9 um s\u00e1bado: ocasi\u00e3o que a Igreja comumente recorda a presen\u00e7a materna de Maria na hist\u00f3ria da Salva\u00e7\u00e3o.<\/p>\n\n\t\t<style type=\"text\/css\">\n\t\t\t#gallery-1 {\n\t\t\t\tmargin: auto;\n\t\t\t}\n\t\t\t#gallery-1 .gallery-item {\n\t\t\t\tfloat: left;\n\t\t\t\tmargin-top: 10px;\n\t\t\t\ttext-align: center;\n\t\t\t\twidth: 33%;\n\t\t\t}\n\t\t\t#gallery-1 img {\n\t\t\t\tborder: 2px solid #cfcfcf;\n\t\t\t}\n\t\t\t#gallery-1 .gallery-caption {\n\t\t\t\tmargin-left: 0;\n\t\t\t}\n\t\t\t\/* see gallery_shortcode() in wp-includes\/media.php *\/\n\t\t<\/style>\n\t\t<div id='gallery-1' class='gallery galleryid-252478 gallery-columns-3 gallery-size-thumbnail'><dl class='gallery-item'>\n\t\t\t<dt class='gallery-icon landscape'>\n\t\t\t\t<a href='https:\/\/franciscanos.org.br\/noticias\/wp-content\/uploads\/2024\/11\/CAPITULO-PROVINCIAL-2024-DIA-9-3998.jpg'><img width=\"300\" height=\"300\" src=\"https:\/\/franciscanos.org.br\/noticias\/wp-content\/uploads\/2024\/11\/CAPITULO-PROVINCIAL-2024-DIA-9-3998-300x300.jpg\" class=\"attachment-thumbnail size-thumbnail\" alt=\"\" loading=\"lazy\" srcset=\"https:\/\/franciscanos.org.br\/noticias\/wp-content\/uploads\/2024\/11\/CAPITULO-PROVINCIAL-2024-DIA-9-3998-300x300.jpg 300w, https:\/\/franciscanos.org.br\/noticias\/wp-content\/uploads\/2024\/11\/CAPITULO-PROVINCIAL-2024-DIA-9-3998-100x100.jpg 100w\" sizes=\"(max-width: 300px) 100vw, 300px\" \/><\/a>\n\t\t\t<\/dt><\/dl><dl class='gallery-item'>\n\t\t\t<dt class='gallery-icon landscape'>\n\t\t\t\t<a href='https:\/\/franciscanos.org.br\/noticias\/wp-content\/uploads\/2024\/11\/CAPITULO-PROVINCIAL-2024-DIA-9-4114.jpg'><img width=\"300\" height=\"300\" src=\"https:\/\/franciscanos.org.br\/noticias\/wp-content\/uploads\/2024\/11\/CAPITULO-PROVINCIAL-2024-DIA-9-4114-300x300.jpg\" class=\"attachment-thumbnail size-thumbnail\" alt=\"\" loading=\"lazy\" srcset=\"https:\/\/franciscanos.org.br\/noticias\/wp-content\/uploads\/2024\/11\/CAPITULO-PROVINCIAL-2024-DIA-9-4114-300x300.jpg 300w, https:\/\/franciscanos.org.br\/noticias\/wp-content\/uploads\/2024\/11\/CAPITULO-PROVINCIAL-2024-DIA-9-4114-100x100.jpg 100w\" sizes=\"(max-width: 300px) 100vw, 300px\" \/><\/a>\n\t\t\t<\/dt><\/dl><dl class='gallery-item'>\n\t\t\t<dt class='gallery-icon landscape'>\n\t\t\t\t<a href='https:\/\/franciscanos.org.br\/noticias\/wp-content\/uploads\/2024\/11\/CAPITULO-PROVINCIAL-2024-DIA-9-4123.jpg'><img width=\"300\" height=\"300\" src=\"https:\/\/franciscanos.org.br\/noticias\/wp-content\/uploads\/2024\/11\/CAPITULO-PROVINCIAL-2024-DIA-9-4123-300x300.jpg\" class=\"attachment-thumbnail size-thumbnail\" alt=\"\" loading=\"lazy\" srcset=\"https:\/\/franciscanos.org.br\/noticias\/wp-content\/uploads\/2024\/11\/CAPITULO-PROVINCIAL-2024-DIA-9-4123-300x300.jpg 300w, https:\/\/franciscanos.org.br\/noticias\/wp-content\/uploads\/2024\/11\/CAPITULO-PROVINCIAL-2024-DIA-9-4123-100x100.jpg 100w\" sizes=\"(max-width: 300px) 100vw, 300px\" \/><\/a>\n\t\t\t<\/dt><\/dl><br style=\"clear: both\" \/>\n\t\t<\/div>\n\n<p>Segundo o frade, a presen\u00e7a da M\u00e3e Sant\u00edssima consola e anima na caminhada, especialmente diante do cansa\u00e7o de seus filhos. \u201cMas ela nos afaga e uma vez descansados, nos convida a seguirmos adiante, pois n\u00e3o \u00e9 a M\u00e3e dos parados, mas dos caminhantes\u201d. A fala de Frei Daniel nos leva a refletir que muitas vezes esquecemos ou substitu\u00edmos o papel de mam\u00e3e Maria em nossas vidas e Fraternidades. Portanto, \u00e9 necess\u00e1rio um \u201cequil\u00edbrio da devo\u00e7\u00e3o mariana\u201d, assim, como o encontramos em nosso Pai S\u00e3o Francisco de Assis.<\/p>\n<p><img loading=\"lazy\" class=\"size-medium wp-image-252486 alignleft\" src=\"https:\/\/franciscanos.org.br\/noticias\/wp-content\/uploads\/2024\/11\/CAPITULO-PROVINCIAL-2024-DIA-9-4176-450x300.jpg\" alt=\"\" width=\"450\" height=\"300\" srcset=\"https:\/\/franciscanos.org.br\/noticias\/wp-content\/uploads\/2024\/11\/CAPITULO-PROVINCIAL-2024-DIA-9-4176-450x300.jpg 450w, https:\/\/franciscanos.org.br\/noticias\/wp-content\/uploads\/2024\/11\/CAPITULO-PROVINCIAL-2024-DIA-9-4176-1024x682.jpg 1024w, https:\/\/franciscanos.org.br\/noticias\/wp-content\/uploads\/2024\/11\/CAPITULO-PROVINCIAL-2024-DIA-9-4176-768x512.jpg 768w, https:\/\/franciscanos.org.br\/noticias\/wp-content\/uploads\/2024\/11\/CAPITULO-PROVINCIAL-2024-DIA-9-4176-1536x1023.jpg 1536w, https:\/\/franciscanos.org.br\/noticias\/wp-content\/uploads\/2024\/11\/CAPITULO-PROVINCIAL-2024-DIA-9-4176-150x100.jpg 150w, https:\/\/franciscanos.org.br\/noticias\/wp-content\/uploads\/2024\/11\/CAPITULO-PROVINCIAL-2024-DIA-9-4176.jpg 1600w\" sizes=\"(max-width: 450px) 100vw, 450px\" \/>\u201cN\u00e3o vive falando dela, mas n\u00e3o deixa de mencionar sua presen\u00e7a carinhosa. Na Porci\u00fancula, Maria \u00e9 modelo de pobreza para o seguimento a Jesus. Em Greccio ela \u00e9 a materializa\u00e7\u00e3o do como Deus se fez gente, entre o boi e o burro. Na \u2018Sauda\u00e7\u00e3o \u00e0 M\u00e3e de Deus\u2019, Francisco reconhece a realeza da serva, eleita pelo Sant\u00edssimo Pai, n\u00e3o por m\u00e9rito pr\u00f3prio, mas eleita, para ser a morada, o manto, a serva, a M\u00e3e do Senhor\u201d, concluiu o frade.<\/p>\n<p>Coincid\u00eancia ou n\u00e3o, com o tema proposto e o que Frei Gabriel falou, a liturgia de hoje fala do cuidado de tudo que pertence a Deus, seja o espiritual, bem como material: <em>Se algu\u00e9m destruir o Santu\u00e1rio de Deus, Deus o destruir\u00e1, pois o Santu\u00e1rio de Deus e\u0301 santo, e vo\u0301s sois esse santu\u00e1rio<\/em> (Cor 11,17). E ainda<em>: E disse aos que vendiam pombas: Tirai isto daqui! N\u00e3o fa\u00e7ais da casa de meu Pai uma casa de com\u00e9rcio!\u00a0\u00a0Seus disc\u00edpulos lembraram-se, mais tarde, que a Escritura diz: O zelo por tua casa me consumir\u00e1 <\/em>(Jo 2,16-17). Ou seja, \u00e9 mister o cuidado para com tudo. E como bem o disse Frei Gabriel: \u201cassertivo de nossa parte \u00e9 pensar: \u201cToda Fraternidade \u00e9 uma casa de cuidado\u201d<em>.<\/em><\/p>\n<p>Feitas as motiva\u00e7\u00f5es e anima\u00e7\u00f5es foi realizada uma Plen\u00e1ria para apresentar as discuss\u00f5es desta sexta-feira, 8 de novembro, sobre as propostas dos Eixos Econ\u00f4micos. Na sequ\u00eancia, ser\u00e3o iniciados os trabalhos relacionados \u00e0s tem\u00e1ticas deste dia: Convento Santo Ant\u00f4nio, sob a responsabilidade de Frei Tiago Gomes Elias; Funda\u00e7\u00e3o Franciscana da Imaculada M\u00e3e de Deus de Angola, por Frei Ivair Bueno de Carvalho; Cuidado com Idosos e Doentes<em>, <\/em>apresentado por Frei Jo\u00e3o Francisco da Silva; Conv\u00eanios, com Frei Alex Sandro Ciarnoscki; e, por fim, Arquivo e Patrim\u00f4nio Bibliogr\u00e1fico e Cultural, apresentado por Frei Alvaci Mendes da Luz. \u00c0 tarde os trabalhos come\u00e7ar\u00e3o \u00e0s 14h30, depois haver\u00e1 uma pausa para a Devo\u00e7\u00e3o Mariana. Ap\u00f3s o jantar, os frades retornar\u00e3o \u00e0s 20h30, com previs\u00e3o do t\u00e9rmino \u00e0s 21h30.<\/p>\n<hr \/>\n<p><em>Frei Elias Hebo Lu\u00eds e Frei Rodrigo da Silva Santos<\/em><\/p>\n\n\t\t<style type=\"text\/css\">\n\t\t\t#gallery-2 {\n\t\t\t\tmargin: auto;\n\t\t\t}\n\t\t\t#gallery-2 .gallery-item {\n\t\t\t\tfloat: left;\n\t\t\t\tmargin-top: 10px;\n\t\t\t\ttext-align: center;\n\t\t\t\twidth: 33%;\n\t\t\t}\n\t\t\t#gallery-2 img {\n\t\t\t\tborder: 2px solid #cfcfcf;\n\t\t\t}\n\t\t\t#gallery-2 .gallery-caption {\n\t\t\t\tmargin-left: 0;\n\t\t\t}\n\t\t\t\/* see gallery_shortcode() in wp-includes\/media.php *\/\n\t\t<\/style>\n\t\t<div id='gallery-2' class='gallery galleryid-252478 gallery-columns-3 gallery-size-thumbnail'><dl class='gallery-item'>\n\t\t\t<dt class='gallery-icon landscape'>\n\t\t\t\t<a href='https:\/\/franciscanos.org.br\/noticias\/wp-content\/uploads\/2024\/11\/CAPITULO-PROVINCIAL-2024-DIA-9-3971.jpg'><img width=\"300\" height=\"300\" src=\"https:\/\/franciscanos.org.br\/noticias\/wp-content\/uploads\/2024\/11\/CAPITULO-PROVINCIAL-2024-DIA-9-3971-300x300.jpg\" class=\"attachment-thumbnail size-thumbnail\" alt=\"\" loading=\"lazy\" srcset=\"https:\/\/franciscanos.org.br\/noticias\/wp-content\/uploads\/2024\/11\/CAPITULO-PROVINCIAL-2024-DIA-9-3971-300x300.jpg 300w, https:\/\/franciscanos.org.br\/noticias\/wp-content\/uploads\/2024\/11\/CAPITULO-PROVINCIAL-2024-DIA-9-3971-100x100.jpg 100w\" sizes=\"(max-width: 300px) 100vw, 300px\" \/><\/a>\n\t\t\t<\/dt><\/dl><dl class='gallery-item'>\n\t\t\t<dt class='gallery-icon landscape'>\n\t\t\t\t<a href='https:\/\/franciscanos.org.br\/noticias\/wp-content\/uploads\/2024\/11\/CAPITULO-PROVINCIAL-2024-DIA-9-4009.jpg'><img width=\"300\" height=\"300\" src=\"https:\/\/franciscanos.org.br\/noticias\/wp-content\/uploads\/2024\/11\/CAPITULO-PROVINCIAL-2024-DIA-9-4009-300x300.jpg\" class=\"attachment-thumbnail size-thumbnail\" alt=\"\" loading=\"lazy\" srcset=\"https:\/\/franciscanos.org.br\/noticias\/wp-content\/uploads\/2024\/11\/CAPITULO-PROVINCIAL-2024-DIA-9-4009-300x300.jpg 300w, https:\/\/franciscanos.org.br\/noticias\/wp-content\/uploads\/2024\/11\/CAPITULO-PROVINCIAL-2024-DIA-9-4009-100x100.jpg 100w\" sizes=\"(max-width: 300px) 100vw, 300px\" \/><\/a>\n\t\t\t<\/dt><\/dl><dl class='gallery-item'>\n\t\t\t<dt class='gallery-icon landscape'>\n\t\t\t\t<a href='https:\/\/franciscanos.org.br\/noticias\/wp-content\/uploads\/2024\/11\/CAPITULO-PROVINCIAL-2024-DIA-9-4017.jpg'><img width=\"300\" height=\"300\" src=\"https:\/\/franciscanos.org.br\/noticias\/wp-content\/uploads\/2024\/11\/CAPITULO-PROVINCIAL-2024-DIA-9-4017-300x300.jpg\" class=\"attachment-thumbnail size-thumbnail\" alt=\"\" loading=\"lazy\" srcset=\"https:\/\/franciscanos.org.br\/noticias\/wp-content\/uploads\/2024\/11\/CAPITULO-PROVINCIAL-2024-DIA-9-4017-300x300.jpg 300w, https:\/\/franciscanos.org.br\/noticias\/wp-content\/uploads\/2024\/11\/CAPITULO-PROVINCIAL-2024-DIA-9-4017-100x100.jpg 100w\" sizes=\"(max-width: 300px) 100vw, 300px\" \/><\/a>\n\t\t\t<\/dt><\/dl><br style=\"clear: both\" \/><dl class='gallery-item'>\n\t\t\t<dt class='gallery-icon landscape'>\n\t\t\t\t<a href='https:\/\/franciscanos.org.br\/noticias\/wp-content\/uploads\/2024\/11\/CAPITULO-PROVINCIAL-2024-DIA-9-4035.jpg'><img width=\"300\" height=\"300\" src=\"https:\/\/franciscanos.org.br\/noticias\/wp-content\/uploads\/2024\/11\/CAPITULO-PROVINCIAL-2024-DIA-9-4035-300x300.jpg\" class=\"attachment-thumbnail size-thumbnail\" alt=\"\" loading=\"lazy\" srcset=\"https:\/\/franciscanos.org.br\/noticias\/wp-content\/uploads\/2024\/11\/CAPITULO-PROVINCIAL-2024-DIA-9-4035-300x300.jpg 300w, https:\/\/franciscanos.org.br\/noticias\/wp-content\/uploads\/2024\/11\/CAPITULO-PROVINCIAL-2024-DIA-9-4035-100x100.jpg 100w\" sizes=\"(max-width: 300px) 100vw, 300px\" \/><\/a>\n\t\t\t<\/dt><\/dl><dl class='gallery-item'>\n\t\t\t<dt class='gallery-icon landscape'>\n\t\t\t\t<a href='https:\/\/franciscanos.org.br\/noticias\/wp-content\/uploads\/2024\/11\/CAPITULO-PROVINCIAL-2024-DIA-9-4038.jpg'><img width=\"300\" height=\"300\" src=\"https:\/\/franciscanos.org.br\/noticias\/wp-content\/uploads\/2024\/11\/CAPITULO-PROVINCIAL-2024-DIA-9-4038-300x300.jpg\" class=\"attachment-thumbnail size-thumbnail\" alt=\"\" loading=\"lazy\" srcset=\"https:\/\/franciscanos.org.br\/noticias\/wp-content\/uploads\/2024\/11\/CAPITULO-PROVINCIAL-2024-DIA-9-4038-300x300.jpg 300w, https:\/\/franciscanos.org.br\/noticias\/wp-content\/uploads\/2024\/11\/CAPITULO-PROVINCIAL-2024-DIA-9-4038-100x100.jpg 100w\" sizes=\"(max-width: 300px) 100vw, 300px\" \/><\/a>\n\t\t\t<\/dt><\/dl><dl class='gallery-item'>\n\t\t\t<dt class='gallery-icon landscape'>\n\t\t\t\t<a href='https:\/\/franciscanos.org.br\/noticias\/wp-content\/uploads\/2024\/11\/CAPITULO-PROVINCIAL-2024-DIA-9-4052.jpg'><img width=\"300\" height=\"300\" src=\"https:\/\/franciscanos.org.br\/noticias\/wp-content\/uploads\/2024\/11\/CAPITULO-PROVINCIAL-2024-DIA-9-4052-300x300.jpg\" class=\"attachment-thumbnail size-thumbnail\" alt=\"\" loading=\"lazy\" srcset=\"https:\/\/franciscanos.org.br\/noticias\/wp-content\/uploads\/2024\/11\/CAPITULO-PROVINCIAL-2024-DIA-9-4052-300x300.jpg 300w, https:\/\/franciscanos.org.br\/noticias\/wp-content\/uploads\/2024\/11\/CAPITULO-PROVINCIAL-2024-DIA-9-4052-100x100.jpg 100w\" sizes=\"(max-width: 300px) 100vw, 300px\" \/><\/a>\n\t\t\t<\/dt><\/dl><br style=\"clear: both\" \/><dl class='gallery-item'>\n\t\t\t<dt class='gallery-icon landscape'>\n\t\t\t\t<a href='https:\/\/franciscanos.org.br\/noticias\/wp-content\/uploads\/2024\/11\/CAPITULO-PROVINCIAL-2024-DIA-9-4080.jpg'><img width=\"300\" height=\"300\" src=\"https:\/\/franciscanos.org.br\/noticias\/wp-content\/uploads\/2024\/11\/CAPITULO-PROVINCIAL-2024-DIA-9-4080-300x300.jpg\" class=\"attachment-thumbnail size-thumbnail\" alt=\"\" loading=\"lazy\" srcset=\"https:\/\/franciscanos.org.br\/noticias\/wp-content\/uploads\/2024\/11\/CAPITULO-PROVINCIAL-2024-DIA-9-4080-300x300.jpg 300w, https:\/\/franciscanos.org.br\/noticias\/wp-content\/uploads\/2024\/11\/CAPITULO-PROVINCIAL-2024-DIA-9-4080-100x100.jpg 100w\" sizes=\"(max-width: 300px) 100vw, 300px\" \/><\/a>\n\t\t\t<\/dt><\/dl><dl class='gallery-item'>\n\t\t\t<dt class='gallery-icon landscape'>\n\t\t\t\t<a href='https:\/\/franciscanos.org.br\/noticias\/wp-content\/uploads\/2024\/11\/CAPITULO-PROVINCIAL-2024-DIA-9-4095.jpg'><img width=\"300\" height=\"300\" src=\"https:\/\/franciscanos.org.br\/noticias\/wp-content\/uploads\/2024\/11\/CAPITULO-PROVINCIAL-2024-DIA-9-4095-300x300.jpg\" class=\"attachment-thumbnail size-thumbnail\" alt=\"\" loading=\"lazy\" srcset=\"https:\/\/franciscanos.org.br\/noticias\/wp-content\/uploads\/2024\/11\/CAPITULO-PROVINCIAL-2024-DIA-9-4095-300x300.jpg 300w, https:\/\/franciscanos.org.br\/noticias\/wp-content\/uploads\/2024\/11\/CAPITULO-PROVINCIAL-2024-DIA-9-4095-100x100.jpg 100w\" sizes=\"(max-width: 300px) 100vw, 300px\" \/><\/a>\n\t\t\t<\/dt><\/dl><dl class='gallery-item'>\n\t\t\t<dt class='gallery-icon landscape'>\n\t\t\t\t<a href='https:\/\/franciscanos.org.br\/noticias\/wp-content\/uploads\/2024\/11\/CAPITULO-PROVINCIAL-2024-DIA-9-4109.jpg'><img width=\"300\" height=\"300\" src=\"https:\/\/franciscanos.org.br\/noticias\/wp-content\/uploads\/2024\/11\/CAPITULO-PROVINCIAL-2024-DIA-9-4109-300x300.jpg\" class=\"attachment-thumbnail size-thumbnail\" alt=\"\" loading=\"lazy\" srcset=\"https:\/\/franciscanos.org.br\/noticias\/wp-content\/uploads\/2024\/11\/CAPITULO-PROVINCIAL-2024-DIA-9-4109-300x300.jpg 300w, https:\/\/franciscanos.org.br\/noticias\/wp-content\/uploads\/2024\/11\/CAPITULO-PROVINCIAL-2024-DIA-9-4109-100x100.jpg 100w\" sizes=\"(max-width: 300px) 100vw, 300px\" \/><\/a>\n\t\t\t<\/dt><\/dl><br style=\"clear: both\" \/><dl class='gallery-item'>\n\t\t\t<dt class='gallery-icon landscape'>\n\t\t\t\t<a href='https:\/\/franciscanos.org.br\/noticias\/wp-content\/uploads\/2024\/11\/CAPITULO-PROVINCIAL-2024-DIA-9-4137.jpg'><img width=\"300\" height=\"300\" src=\"https:\/\/franciscanos.org.br\/noticias\/wp-content\/uploads\/2024\/11\/CAPITULO-PROVINCIAL-2024-DIA-9-4137-300x300.jpg\" class=\"attachment-thumbnail size-thumbnail\" alt=\"\" loading=\"lazy\" srcset=\"https:\/\/franciscanos.org.br\/noticias\/wp-content\/uploads\/2024\/11\/CAPITULO-PROVINCIAL-2024-DIA-9-4137-300x300.jpg 300w, https:\/\/franciscanos.org.br\/noticias\/wp-content\/uploads\/2024\/11\/CAPITULO-PROVINCIAL-2024-DIA-9-4137-100x100.jpg 100w\" sizes=\"(max-width: 300px) 100vw, 300px\" \/><\/a>\n\t\t\t<\/dt><\/dl><dl class='gallery-item'>\n\t\t\t<dt class='gallery-icon landscape'>\n\t\t\t\t<a href='https:\/\/franciscanos.org.br\/noticias\/wp-content\/uploads\/2024\/11\/CAPITULO-PROVINCIAL-2024-DIA-9-4163-1.jpg'><img width=\"300\" height=\"300\" src=\"https:\/\/franciscanos.org.br\/noticias\/wp-content\/uploads\/2024\/11\/CAPITULO-PROVINCIAL-2024-DIA-9-4163-1-300x300.jpg\" class=\"attachment-thumbnail size-thumbnail\" alt=\"\" loading=\"lazy\" srcset=\"https:\/\/franciscanos.org.br\/noticias\/wp-content\/uploads\/2024\/11\/CAPITULO-PROVINCIAL-2024-DIA-9-4163-1-300x300.jpg 300w, https:\/\/franciscanos.org.br\/noticias\/wp-content\/uploads\/2024\/11\/CAPITULO-PROVINCIAL-2024-DIA-9-4163-1-100x100.jpg 100w\" sizes=\"(max-width: 300px) 100vw, 300px\" \/><\/a>\n\t\t\t<\/dt><\/dl><dl class='gallery-item'>\n\t\t\t<dt class='gallery-icon landscape'>\n\t\t\t\t<a href='https:\/\/franciscanos.org.br\/noticias\/wp-content\/uploads\/2024\/11\/CAPITULO-PROVINCIAL-2024-DIA-9-4167.jpg'><img width=\"300\" height=\"300\" src=\"https:\/\/franciscanos.org.br\/noticias\/wp-content\/uploads\/2024\/11\/CAPITULO-PROVINCIAL-2024-DIA-9-4167-300x300.jpg\" class=\"attachment-thumbnail size-thumbnail\" alt=\"\" loading=\"lazy\" srcset=\"https:\/\/franciscanos.org.br\/noticias\/wp-content\/uploads\/2024\/11\/CAPITULO-PROVINCIAL-2024-DIA-9-4167-300x300.jpg 300w, https:\/\/franciscanos.org.br\/noticias\/wp-content\/uploads\/2024\/11\/CAPITULO-PROVINCIAL-2024-DIA-9-4167-100x100.jpg 100w\" sizes=\"(max-width: 300px) 100vw, 300px\" \/><\/a>\n\t\t\t<\/dt><\/dl><br style=\"clear: both\" \/><dl class='gallery-item'>\n\t\t\t<dt class='gallery-icon landscape'>\n\t\t\t\t<a href='https:\/\/franciscanos.org.br\/noticias\/wp-content\/uploads\/2024\/11\/CAPITULO-PROVINCIAL-2024-DIA-9-4168.jpg'><img width=\"300\" height=\"300\" src=\"https:\/\/franciscanos.org.br\/noticias\/wp-content\/uploads\/2024\/11\/CAPITULO-PROVINCIAL-2024-DIA-9-4168-300x300.jpg\" class=\"attachment-thumbnail size-thumbnail\" alt=\"\" loading=\"lazy\" srcset=\"https:\/\/franciscanos.org.br\/noticias\/wp-content\/uploads\/2024\/11\/CAPITULO-PROVINCIAL-2024-DIA-9-4168-300x300.jpg 300w, https:\/\/franciscanos.org.br\/noticias\/wp-content\/uploads\/2024\/11\/CAPITULO-PROVINCIAL-2024-DIA-9-4168-100x100.jpg 100w\" sizes=\"(max-width: 300px) 100vw, 300px\" \/><\/a>\n\t\t\t<\/dt><\/dl><dl class='gallery-item'>\n\t\t\t<dt class='gallery-icon landscape'>\n\t\t\t\t<a href='https:\/\/franciscanos.org.br\/noticias\/wp-content\/uploads\/2024\/11\/CAPITULO-PROVINCIAL-2024-DIA-9-4169.jpg'><img width=\"300\" height=\"300\" src=\"https:\/\/franciscanos.org.br\/noticias\/wp-content\/uploads\/2024\/11\/CAPITULO-PROVINCIAL-2024-DIA-9-4169-300x300.jpg\" class=\"attachment-thumbnail size-thumbnail\" alt=\"\" loading=\"lazy\" srcset=\"https:\/\/franciscanos.org.br\/noticias\/wp-content\/uploads\/2024\/11\/CAPITULO-PROVINCIAL-2024-DIA-9-4169-300x300.jpg 300w, https:\/\/franciscanos.org.br\/noticias\/wp-content\/uploads\/2024\/11\/CAPITULO-PROVINCIAL-2024-DIA-9-4169-100x100.jpg 100w\" sizes=\"(max-width: 300px) 100vw, 300px\" \/><\/a>\n\t\t\t<\/dt><\/dl><dl class='gallery-item'>\n\t\t\t<dt class='gallery-icon landscape'>\n\t\t\t\t<a href='https:\/\/franciscanos.org.br\/noticias\/wp-content\/uploads\/2024\/11\/CAPITULO-PROVINCIAL-2024-DIA-9-4174.jpg'><img width=\"300\" height=\"300\" src=\"https:\/\/franciscanos.org.br\/noticias\/wp-content\/uploads\/2024\/11\/CAPITULO-PROVINCIAL-2024-DIA-9-4174-300x300.jpg\" class=\"attachment-thumbnail size-thumbnail\" alt=\"\" loading=\"lazy\" srcset=\"https:\/\/franciscanos.org.br\/noticias\/wp-content\/uploads\/2024\/11\/CAPITULO-PROVINCIAL-2024-DIA-9-4174-300x300.jpg 300w, https:\/\/franciscanos.org.br\/noticias\/wp-content\/uploads\/2024\/11\/CAPITULO-PROVINCIAL-2024-DIA-9-4174-100x100.jpg 100w\" sizes=\"(max-width: 300px) 100vw, 300px\" \/><\/a>\n\t\t\t<\/dt><\/dl><br style=\"clear: both\" \/><dl class='gallery-item'>\n\t\t\t<dt class='gallery-icon landscape'>\n\t\t\t\t<a href='https:\/\/franciscanos.org.br\/noticias\/wp-content\/uploads\/2024\/11\/CAPITULO-PROVINCIAL-2024-DIA-9-4179.jpg'><img width=\"300\" height=\"300\" src=\"https:\/\/franciscanos.org.br\/noticias\/wp-content\/uploads\/2024\/11\/CAPITULO-PROVINCIAL-2024-DIA-9-4179-300x300.jpg\" class=\"attachment-thumbnail size-thumbnail\" alt=\"\" loading=\"lazy\" srcset=\"https:\/\/franciscanos.org.br\/noticias\/wp-content\/uploads\/2024\/11\/CAPITULO-PROVINCIAL-2024-DIA-9-4179-300x300.jpg 300w, https:\/\/franciscanos.org.br\/noticias\/wp-content\/uploads\/2024\/11\/CAPITULO-PROVINCIAL-2024-DIA-9-4179-100x100.jpg 100w\" sizes=\"(max-width: 300px) 100vw, 300px\" \/><\/a>\n\t\t\t<\/dt><\/dl><dl class='gallery-item'>\n\t\t\t<dt class='gallery-icon landscape'>\n\t\t\t\t<a href='https:\/\/franciscanos.org.br\/noticias\/wp-content\/uploads\/2024\/11\/CAPITULO-PROVINCIAL-2024-DIA-9-6248.jpg'><img width=\"300\" height=\"300\" src=\"https:\/\/franciscanos.org.br\/noticias\/wp-content\/uploads\/2024\/11\/CAPITULO-PROVINCIAL-2024-DIA-9-6248-300x300.jpg\" class=\"attachment-thumbnail size-thumbnail\" alt=\"\" loading=\"lazy\" srcset=\"https:\/\/franciscanos.org.br\/noticias\/wp-content\/uploads\/2024\/11\/CAPITULO-PROVINCIAL-2024-DIA-9-6248-300x300.jpg 300w, https:\/\/franciscanos.org.br\/noticias\/wp-content\/uploads\/2024\/11\/CAPITULO-PROVINCIAL-2024-DIA-9-6248-100x100.jpg 100w\" sizes=\"(max-width: 300px) 100vw, 300px\" \/><\/a>\n\t\t\t<\/dt><\/dl><dl class='gallery-item'>\n\t\t\t<dt class='gallery-icon landscape'>\n\t\t\t\t<a href='https:\/\/franciscanos.org.br\/noticias\/wp-content\/uploads\/2024\/11\/CAPITULO-PROVINCIAL-2024-DIA-9-6263.jpg'><img width=\"300\" height=\"300\" src=\"https:\/\/franciscanos.org.br\/noticias\/wp-content\/uploads\/2024\/11\/CAPITULO-PROVINCIAL-2024-DIA-9-6263-300x300.jpg\" class=\"attachment-thumbnail size-thumbnail\" alt=\"\" loading=\"lazy\" srcset=\"https:\/\/franciscanos.org.br\/noticias\/wp-content\/uploads\/2024\/11\/CAPITULO-PROVINCIAL-2024-DIA-9-6263-300x300.jpg 300w, https:\/\/franciscanos.org.br\/noticias\/wp-content\/uploads\/2024\/11\/CAPITULO-PROVINCIAL-2024-DIA-9-6263-100x100.jpg 100w\" sizes=\"(max-width: 300px) 100vw, 300px\" \/><\/a>\n\t\t\t<\/dt><\/dl><br style=\"clear: both\" \/><dl class='gallery-item'>\n\t\t\t<dt class='gallery-icon landscape'>\n\t\t\t\t<a href='https:\/\/franciscanos.org.br\/noticias\/wp-content\/uploads\/2024\/11\/CAPITULO-PROVINCIAL-2024-DIA-9-6264.jpg'><img width=\"300\" height=\"300\" src=\"https:\/\/franciscanos.org.br\/noticias\/wp-content\/uploads\/2024\/11\/CAPITULO-PROVINCIAL-2024-DIA-9-6264-300x300.jpg\" class=\"attachment-thumbnail size-thumbnail\" alt=\"\" loading=\"lazy\" srcset=\"https:\/\/franciscanos.org.br\/noticias\/wp-content\/uploads\/2024\/11\/CAPITULO-PROVINCIAL-2024-DIA-9-6264-300x300.jpg 300w, https:\/\/franciscanos.org.br\/noticias\/wp-content\/uploads\/2024\/11\/CAPITULO-PROVINCIAL-2024-DIA-9-6264-100x100.jpg 100w\" sizes=\"(max-width: 300px) 100vw, 300px\" \/><\/a>\n\t\t\t<\/dt><\/dl><dl class='gallery-item'>\n\t\t\t<dt class='gallery-icon portrait'>\n\t\t\t\t<a href='https:\/\/franciscanos.org.br\/noticias\/wp-content\/uploads\/2024\/11\/CAPITULO-PROVINCIAL-2024-DIA-9-6269.jpg'><img width=\"300\" height=\"300\" src=\"https:\/\/franciscanos.org.br\/noticias\/wp-content\/uploads\/2024\/11\/CAPITULO-PROVINCIAL-2024-DIA-9-6269-300x300.jpg\" class=\"attachment-thumbnail size-thumbnail\" alt=\"\" loading=\"lazy\" srcset=\"https:\/\/franciscanos.org.br\/noticias\/wp-content\/uploads\/2024\/11\/CAPITULO-PROVINCIAL-2024-DIA-9-6269-300x300.jpg 300w, https:\/\/franciscanos.org.br\/noticias\/wp-content\/uploads\/2024\/11\/CAPITULO-PROVINCIAL-2024-DIA-9-6269-100x100.jpg 100w\" sizes=\"(max-width: 300px) 100vw, 300px\" \/><\/a>\n\t\t\t<\/dt><\/dl><dl class='gallery-item'>\n\t\t\t<dt class='gallery-icon landscape'>\n\t\t\t\t<a href='https:\/\/franciscanos.org.br\/noticias\/wp-content\/uploads\/2024\/11\/CAPITULO-PROVINCIAL-2024-DIA-9-6272.jpg'><img width=\"300\" height=\"300\" src=\"https:\/\/franciscanos.org.br\/noticias\/wp-content\/uploads\/2024\/11\/CAPITULO-PROVINCIAL-2024-DIA-9-6272-300x300.jpg\" class=\"attachment-thumbnail size-thumbnail\" alt=\"\" loading=\"lazy\" srcset=\"https:\/\/franciscanos.org.br\/noticias\/wp-content\/uploads\/2024\/11\/CAPITULO-PROVINCIAL-2024-DIA-9-6272-300x300.jpg 300w, https:\/\/franciscanos.org.br\/noticias\/wp-content\/uploads\/2024\/11\/CAPITULO-PROVINCIAL-2024-DIA-9-6272-100x100.jpg 100w\" sizes=\"(max-width: 300px) 100vw, 300px\" \/><\/a>\n\t\t\t<\/dt><\/dl><br style=\"clear: both\" \/><dl class='gallery-item'>\n\t\t\t<dt class='gallery-icon landscape'>\n\t\t\t\t<a href='https:\/\/franciscanos.org.br\/noticias\/wp-content\/uploads\/2024\/11\/CAPITULO-PROVINCIAL-2024-DIA-9-6279.jpg'><img width=\"300\" height=\"300\" src=\"https:\/\/franciscanos.org.br\/noticias\/wp-content\/uploads\/2024\/11\/CAPITULO-PROVINCIAL-2024-DIA-9-6279-300x300.jpg\" class=\"attachment-thumbnail size-thumbnail\" alt=\"\" loading=\"lazy\" srcset=\"https:\/\/franciscanos.org.br\/noticias\/wp-content\/uploads\/2024\/11\/CAPITULO-PROVINCIAL-2024-DIA-9-6279-300x300.jpg 300w, https:\/\/franciscanos.org.br\/noticias\/wp-content\/uploads\/2024\/11\/CAPITULO-PROVINCIAL-2024-DIA-9-6279-100x100.jpg 100w\" sizes=\"(max-width: 300px) 100vw, 300px\" \/><\/a>\n\t\t\t<\/dt><\/dl><dl class='gallery-item'>\n\t\t\t<dt class='gallery-icon landscape'>\n\t\t\t\t<a href='https:\/\/franciscanos.org.br\/noticias\/wp-content\/uploads\/2024\/11\/CAPITULO-PROVINCIAL-2024-DIA-9-6285.jpg'><img width=\"300\" height=\"300\" src=\"https:\/\/franciscanos.org.br\/noticias\/wp-content\/uploads\/2024\/11\/CAPITULO-PROVINCIAL-2024-DIA-9-6285-300x300.jpg\" class=\"attachment-thumbnail size-thumbnail\" alt=\"\" loading=\"lazy\" srcset=\"https:\/\/franciscanos.org.br\/noticias\/wp-content\/uploads\/2024\/11\/CAPITULO-PROVINCIAL-2024-DIA-9-6285-300x300.jpg 300w, https:\/\/franciscanos.org.br\/noticias\/wp-content\/uploads\/2024\/11\/CAPITULO-PROVINCIAL-2024-DIA-9-6285-100x100.jpg 100w\" sizes=\"(max-width: 300px) 100vw, 300px\" \/><\/a>\n\t\t\t<\/dt><\/dl><dl class='gallery-item'>\n\t\t\t<dt class='gallery-icon landscape'>\n\t\t\t\t<a href='https:\/\/franciscanos.org.br\/noticias\/wp-content\/uploads\/2024\/11\/CAPITULO-PROVINCIAL-2024-DIA-9-6300.jpg'><img width=\"300\" height=\"300\" src=\"https:\/\/franciscanos.org.br\/noticias\/wp-content\/uploads\/2024\/11\/CAPITULO-PROVINCIAL-2024-DIA-9-6300-300x300.jpg\" class=\"attachment-thumbnail size-thumbnail\" alt=\"\" loading=\"lazy\" srcset=\"https:\/\/franciscanos.org.br\/noticias\/wp-content\/uploads\/2024\/11\/CAPITULO-PROVINCIAL-2024-DIA-9-6300-300x300.jpg 300w, https:\/\/franciscanos.org.br\/noticias\/wp-content\/uploads\/2024\/11\/CAPITULO-PROVINCIAL-2024-DIA-9-6300-100x100.jpg 100w\" sizes=\"(max-width: 300px) 100vw, 300px\" \/><\/a>\n\t\t\t<\/dt><\/dl><br style=\"clear: both\" \/><dl class='gallery-item'>\n\t\t\t<dt class='gallery-icon landscape'>\n\t\t\t\t<a href='https:\/\/franciscanos.org.br\/noticias\/wp-content\/uploads\/2024\/11\/CAPITULO-PROVINCIAL-2024-DIA-9-6304.jpg'><img width=\"300\" height=\"300\" src=\"https:\/\/franciscanos.org.br\/noticias\/wp-content\/uploads\/2024\/11\/CAPITULO-PROVINCIAL-2024-DIA-9-6304-300x300.jpg\" class=\"attachment-thumbnail size-thumbnail\" alt=\"\" loading=\"lazy\" srcset=\"https:\/\/franciscanos.org.br\/noticias\/wp-content\/uploads\/2024\/11\/CAPITULO-PROVINCIAL-2024-DIA-9-6304-300x300.jpg 300w, https:\/\/franciscanos.org.br\/noticias\/wp-content\/uploads\/2024\/11\/CAPITULO-PROVINCIAL-2024-DIA-9-6304-100x100.jpg 100w\" sizes=\"(max-width: 300px) 100vw, 300px\" \/><\/a>\n\t\t\t<\/dt><\/dl><dl class='gallery-item'>\n\t\t\t<dt class='gallery-icon landscape'>\n\t\t\t\t<a href='https:\/\/franciscanos.org.br\/noticias\/wp-content\/uploads\/2024\/11\/CAPITULO-PROVINCIAL-2024-DIA-9-6359.jpg'><img width=\"300\" height=\"300\" src=\"https:\/\/franciscanos.org.br\/noticias\/wp-content\/uploads\/2024\/11\/CAPITULO-PROVINCIAL-2024-DIA-9-6359-300x300.jpg\" class=\"attachment-thumbnail size-thumbnail\" alt=\"\" loading=\"lazy\" srcset=\"https:\/\/franciscanos.org.br\/noticias\/wp-content\/uploads\/2024\/11\/CAPITULO-PROVINCIAL-2024-DIA-9-6359-300x300.jpg 300w, https:\/\/franciscanos.org.br\/noticias\/wp-content\/uploads\/2024\/11\/CAPITULO-PROVINCIAL-2024-DIA-9-6359-100x100.jpg 100w\" sizes=\"(max-width: 300px) 100vw, 300px\" \/><\/a>\n\t\t\t<\/dt><\/dl><dl class='gallery-item'>\n\t\t\t<dt class='gallery-icon landscape'>\n\t\t\t\t<a href='https:\/\/franciscanos.org.br\/noticias\/wp-content\/uploads\/2024\/11\/CAPITULO-PROVINCIAL-2024-DIA-9-6371.jpg'><img width=\"300\" height=\"300\" src=\"https:\/\/franciscanos.org.br\/noticias\/wp-content\/uploads\/2024\/11\/CAPITULO-PROVINCIAL-2024-DIA-9-6371-300x300.jpg\" class=\"attachment-thumbnail size-thumbnail\" alt=\"\" loading=\"lazy\" srcset=\"https:\/\/franciscanos.org.br\/noticias\/wp-content\/uploads\/2024\/11\/CAPITULO-PROVINCIAL-2024-DIA-9-6371-300x300.jpg 300w, https:\/\/franciscanos.org.br\/noticias\/wp-content\/uploads\/2024\/11\/CAPITULO-PROVINCIAL-2024-DIA-9-6371-100x100.jpg 100w\" sizes=\"(max-width: 300px) 100vw, 300px\" \/><\/a>\n\t\t\t<\/dt><\/dl><br style=\"clear: both\" \/><dl class='gallery-item'>\n\t\t\t<dt class='gallery-icon landscape'>\n\t\t\t\t<a href='https:\/\/franciscanos.org.br\/noticias\/wp-content\/uploads\/2024\/11\/CAPITULO-PROVINCIAL-2024-DIA-9-6392.jpg'><img width=\"300\" height=\"300\" src=\"https:\/\/franciscanos.org.br\/noticias\/wp-content\/uploads\/2024\/11\/CAPITULO-PROVINCIAL-2024-DIA-9-6392-300x300.jpg\" class=\"attachment-thumbnail size-thumbnail\" alt=\"\" loading=\"lazy\" srcset=\"https:\/\/franciscanos.org.br\/noticias\/wp-content\/uploads\/2024\/11\/CAPITULO-PROVINCIAL-2024-DIA-9-6392-300x300.jpg 300w, https:\/\/franciscanos.org.br\/noticias\/wp-content\/uploads\/2024\/11\/CAPITULO-PROVINCIAL-2024-DIA-9-6392-100x100.jpg 100w\" sizes=\"(max-width: 300px) 100vw, 300px\" \/><\/a>\n\t\t\t<\/dt><\/dl><dl class='gallery-item'>\n\t\t\t<dt class='gallery-icon landscape'>\n\t\t\t\t<a href='https:\/\/franciscanos.org.br\/noticias\/wp-content\/uploads\/2024\/11\/CAPITULO-PROVINCIAL-2024-DIA-9-6399.jpg'><img width=\"300\" height=\"300\" src=\"https:\/\/franciscanos.org.br\/noticias\/wp-content\/uploads\/2024\/11\/CAPITULO-PROVINCIAL-2024-DIA-9-6399-300x300.jpg\" class=\"attachment-thumbnail size-thumbnail\" alt=\"\" loading=\"lazy\" srcset=\"https:\/\/franciscanos.org.br\/noticias\/wp-content\/uploads\/2024\/11\/CAPITULO-PROVINCIAL-2024-DIA-9-6399-300x300.jpg 300w, https:\/\/franciscanos.org.br\/noticias\/wp-content\/uploads\/2024\/11\/CAPITULO-PROVINCIAL-2024-DIA-9-6399-100x100.jpg 100w\" sizes=\"(max-width: 300px) 100vw, 300px\" \/><\/a>\n\t\t\t<\/dt><\/dl><dl class='gallery-item'>\n\t\t\t<dt class='gallery-icon landscape'>\n\t\t\t\t<a href='https:\/\/franciscanos.org.br\/noticias\/wp-content\/uploads\/2024\/11\/CAPITULO-PROVINCIAL-2024-DIA-9-6405.jpg'><img width=\"300\" height=\"300\" src=\"https:\/\/franciscanos.org.br\/noticias\/wp-content\/uploads\/2024\/11\/CAPITULO-PROVINCIAL-2024-DIA-9-6405-300x300.jpg\" class=\"attachment-thumbnail size-thumbnail\" alt=\"\" loading=\"lazy\" srcset=\"https:\/\/franciscanos.org.br\/noticias\/wp-content\/uploads\/2024\/11\/CAPITULO-PROVINCIAL-2024-DIA-9-6405-300x300.jpg 300w, https:\/\/franciscanos.org.br\/noticias\/wp-content\/uploads\/2024\/11\/CAPITULO-PROVINCIAL-2024-DIA-9-6405-100x100.jpg 100w\" sizes=\"(max-width: 300px) 100vw, 300px\" \/><\/a>\n\t\t\t<\/dt><\/dl><br style=\"clear: both\" \/><dl class='gallery-item'>\n\t\t\t<dt class='gallery-icon landscape'>\n\t\t\t\t<a href='https:\/\/franciscanos.org.br\/noticias\/wp-content\/uploads\/2024\/11\/CAPITULO-PROVINCIAL-2024-DIA-9-6409.jpg'><img width=\"300\" height=\"300\" src=\"https:\/\/franciscanos.org.br\/noticias\/wp-content\/uploads\/2024\/11\/CAPITULO-PROVINCIAL-2024-DIA-9-6409-300x300.jpg\" class=\"attachment-thumbnail size-thumbnail\" alt=\"\" loading=\"lazy\" srcset=\"https:\/\/franciscanos.org.br\/noticias\/wp-content\/uploads\/2024\/11\/CAPITULO-PROVINCIAL-2024-DIA-9-6409-300x300.jpg 300w, https:\/\/franciscanos.org.br\/noticias\/wp-content\/uploads\/2024\/11\/CAPITULO-PROVINCIAL-2024-DIA-9-6409-100x100.jpg 100w\" sizes=\"(max-width: 300px) 100vw, 300px\" \/><\/a>\n\t\t\t<\/dt><\/dl><dl class='gallery-item'>\n\t\t\t<dt class='gallery-icon landscape'>\n\t\t\t\t<a href='https:\/\/franciscanos.org.br\/noticias\/wp-content\/uploads\/2024\/11\/CAPITULO-PROVINCIAL-2024-DIA-9-6413.jpg'><img width=\"300\" height=\"300\" src=\"https:\/\/franciscanos.org.br\/noticias\/wp-content\/uploads\/2024\/11\/CAPITULO-PROVINCIAL-2024-DIA-9-6413-300x300.jpg\" class=\"attachment-thumbnail size-thumbnail\" alt=\"\" loading=\"lazy\" srcset=\"https:\/\/franciscanos.org.br\/noticias\/wp-content\/uploads\/2024\/11\/CAPITULO-PROVINCIAL-2024-DIA-9-6413-300x300.jpg 300w, https:\/\/franciscanos.org.br\/noticias\/wp-content\/uploads\/2024\/11\/CAPITULO-PROVINCIAL-2024-DIA-9-6413-100x100.jpg 100w\" sizes=\"(max-width: 300px) 100vw, 300px\" \/><\/a>\n\t\t\t<\/dt><\/dl><dl class='gallery-item'>\n\t\t\t<dt class='gallery-icon landscape'>\n\t\t\t\t<a href='https:\/\/franciscanos.org.br\/noticias\/wp-content\/uploads\/2024\/11\/CAPITULO-PROVINCIAL-2024-DIA-9-6417.jpg'><img width=\"300\" height=\"300\" src=\"https:\/\/franciscanos.org.br\/noticias\/wp-content\/uploads\/2024\/11\/CAPITULO-PROVINCIAL-2024-DIA-9-6417-300x300.jpg\" class=\"attachment-thumbnail size-thumbnail\" alt=\"\" loading=\"lazy\" srcset=\"https:\/\/franciscanos.org.br\/noticias\/wp-content\/uploads\/2024\/11\/CAPITULO-PROVINCIAL-2024-DIA-9-6417-300x300.jpg 300w, https:\/\/franciscanos.org.br\/noticias\/wp-content\/uploads\/2024\/11\/CAPITULO-PROVINCIAL-2024-DIA-9-6417-100x100.jpg 100w\" sizes=\"(max-width: 300px) 100vw, 300px\" \/><\/a>\n\t\t\t<\/dt><\/dl><br style=\"clear: both\" \/><dl class='gallery-item'>\n\t\t\t<dt class='gallery-icon landscape'>\n\t\t\t\t<a href='https:\/\/franciscanos.org.br\/noticias\/wp-content\/uploads\/2024\/11\/CAPITULO-PROVINCIAL-2024-DIA-9-6421.jpg'><img width=\"300\" height=\"300\" src=\"https:\/\/franciscanos.org.br\/noticias\/wp-content\/uploads\/2024\/11\/CAPITULO-PROVINCIAL-2024-DIA-9-6421-300x300.jpg\" class=\"attachment-thumbnail size-thumbnail\" alt=\"\" loading=\"lazy\" srcset=\"https:\/\/franciscanos.org.br\/noticias\/wp-content\/uploads\/2024\/11\/CAPITULO-PROVINCIAL-2024-DIA-9-6421-300x300.jpg 300w, https:\/\/franciscanos.org.br\/noticias\/wp-content\/uploads\/2024\/11\/CAPITULO-PROVINCIAL-2024-DIA-9-6421-100x100.jpg 100w\" sizes=\"(max-width: 300px) 100vw, 300px\" \/><\/a>\n\t\t\t<\/dt><\/dl><dl class='gallery-item'>\n\t\t\t<dt class='gallery-icon landscape'>\n\t\t\t\t<a href='https:\/\/franciscanos.org.br\/noticias\/wp-content\/uploads\/2024\/11\/CAPITULO-PROVINCIAL-2024-DIA-9-6425.jpg'><img width=\"300\" height=\"300\" src=\"https:\/\/franciscanos.org.br\/noticias\/wp-content\/uploads\/2024\/11\/CAPITULO-PROVINCIAL-2024-DIA-9-6425-300x300.jpg\" class=\"attachment-thumbnail size-thumbnail\" alt=\"\" loading=\"lazy\" srcset=\"https:\/\/franciscanos.org.br\/noticias\/wp-content\/uploads\/2024\/11\/CAPITULO-PROVINCIAL-2024-DIA-9-6425-300x300.jpg 300w, https:\/\/franciscanos.org.br\/noticias\/wp-content\/uploads\/2024\/11\/CAPITULO-PROVINCIAL-2024-DIA-9-6425-100x100.jpg 100w\" sizes=\"(max-width: 300px) 100vw, 300px\" \/><\/a>\n\t\t\t<\/dt><\/dl><dl class='gallery-item'>\n\t\t\t<dt class='gallery-icon landscape'>\n\t\t\t\t<a href='https:\/\/franciscanos.org.br\/noticias\/wp-content\/uploads\/2024\/11\/CAPITULO-PROVINCIAL-2024-DIA-9-6431.jpg'><img width=\"300\" height=\"300\" src=\"https:\/\/franciscanos.org.br\/noticias\/wp-content\/uploads\/2024\/11\/CAPITULO-PROVINCIAL-2024-DIA-9-6431-300x300.jpg\" class=\"attachment-thumbnail size-thumbnail\" alt=\"\" loading=\"lazy\" srcset=\"https:\/\/franciscanos.org.br\/noticias\/wp-content\/uploads\/2024\/11\/CAPITULO-PROVINCIAL-2024-DIA-9-6431-300x300.jpg 300w, https:\/\/franciscanos.org.br\/noticias\/wp-content\/uploads\/2024\/11\/CAPITULO-PROVINCIAL-2024-DIA-9-6431-100x100.jpg 100w\" sizes=\"(max-width: 300px) 100vw, 300px\" \/><\/a>\n\t\t\t<\/dt><\/dl><br style=\"clear: both\" \/>\n\t\t<\/div>\n\n","protected":false},"excerpt":{"rendered":"<p>Cap\u00edtulo Provincial 2024<\/p>\n","protected":false},"author":11,"featured_media":252479,"comment_status":"open","ping_status":"open","sticky":false,"template":"","format":"standard","meta":[],"categories":[1],"tags":[2255],"acf":[],"yoast_head":"<!-- This site is optimized with the Yoast SEO plugin v19.2 - https:\/\/yoast.com\/wordpress\/plugins\/seo\/ -->\n<title>Cap\u00edtulo Provincial: \u201cToda Fraternidade \u00e9 uma casa de cuidado\u201d - Not\u00edcias - Franciscanos<\/title>\n<meta name=\"robots\" content=\"index, follow, max-snippet:-1, max-image-preview:large, max-video-preview:-1\" \/>\n<link rel=\"canonical\" href=\"https:\/\/franciscanos.org.br\/noticias\/capitulo-provincial-toda-fraternidade-e-uma-casa-de-cuidado.html\" \/>\n<meta property=\"og:locale\" content=\"pt_BR\" \/>\n<meta property=\"og:type\" content=\"article\" \/>\n<meta property=\"og:title\" content=\"Cap\u00edtulo Provincial: \u201cToda Fraternidade \u00e9 uma casa de cuidado\u201d - Not\u00edcias - Franciscanos\" \/>\n<meta property=\"og:description\" content=\"Cap\u00edtulo Provincial 2024\" \/>\n<meta property=\"og:url\" content=\"https:\/\/franciscanos.org.br\/noticias\/capitulo-provincial-toda-fraternidade-e-uma-casa-de-cuidado.html\" \/>\n<meta property=\"og:site_name\" content=\"Not\u00edcias - Franciscanos\" \/>\n<meta property=\"article:published_time\" content=\"2024-11-09T14:50:34+00:00\" \/>\n<meta property=\"article:modified_time\" content=\"2024-11-09T18:43:23+00:00\" \/>\n<meta property=\"og:image\" content=\"https:\/\/franciscanos.org.br\/noticias\/wp-content\/uploads\/2024\/11\/CHAMADA-11.jpg\" \/>\n\t<meta property=\"og:image:width\" content=\"800\" \/>\n\t<meta property=\"og:image:height\" content=\"550\" \/>\n\t<meta property=\"og:image:type\" content=\"image\/jpeg\" \/>\n<meta name=\"author\" content=\"Adriana Rabelo\" \/>\n<meta name=\"twitter:card\" content=\"summary_large_image\" \/>\n<meta name=\"twitter:label1\" content=\"Escrito por\" \/>\n\t<meta name=\"twitter:data1\" content=\"Adriana Rabelo\" \/>\n\t<meta name=\"twitter:label2\" content=\"Est. tempo de leitura\" \/>\n\t<meta name=\"twitter:data2\" content=\"4 minutos\" \/>\n<script type=\"application\/ld+json\" class=\"yoast-schema-graph\">{\"@context\":\"https:\/\/schema.org\",\"@graph\":[{\"@type\":\"WebSite\",\"@id\":\"https:\/\/franciscanos.org.br\/noticias\/#website\",\"url\":\"https:\/\/franciscanos.org.br\/noticias\/\",\"name\":\"Not\u00edcias - Franciscanos\",\"description\":\"Prov\u00edncia Franciscana da Imaculada Concei\u00e7\u00e3o do Brasil - Ordem dos Frades Menores - OFM\",\"potentialAction\":[{\"@type\":\"SearchAction\",\"target\":{\"@type\":\"EntryPoint\",\"urlTemplate\":\"https:\/\/franciscanos.org.br\/noticias\/?s={search_term_string}\"},\"query-input\":\"required name=search_term_string\"}],\"inLanguage\":\"pt-BR\"},{\"@type\":\"ImageObject\",\"inLanguage\":\"pt-BR\",\"@id\":\"https:\/\/franciscanos.org.br\/noticias\/capitulo-provincial-toda-fraternidade-e-uma-casa-de-cuidado.html#primaryimage\",\"url\":\"https:\/\/franciscanos.org.br\/noticias\/wp-content\/uploads\/2024\/11\/CHAMADA-11.jpg\",\"contentUrl\":\"https:\/\/franciscanos.org.br\/noticias\/wp-content\/uploads\/2024\/11\/CHAMADA-11.jpg\",\"width\":800,\"height\":550},{\"@type\":\"WebPage\",\"@id\":\"https:\/\/franciscanos.org.br\/noticias\/capitulo-provincial-toda-fraternidade-e-uma-casa-de-cuidado.html#webpage\",\"url\":\"https:\/\/franciscanos.org.br\/noticias\/capitulo-provincial-toda-fraternidade-e-uma-casa-de-cuidado.html\",\"name\":\"Cap\u00edtulo Provincial: \u201cToda Fraternidade \u00e9 uma casa de cuidado\u201d - Not\u00edcias - Franciscanos\",\"isPartOf\":{\"@id\":\"https:\/\/franciscanos.org.br\/noticias\/#website\"},\"primaryImageOfPage\":{\"@id\":\"https:\/\/franciscanos.org.br\/noticias\/capitulo-provincial-toda-fraternidade-e-uma-casa-de-cuidado.html#primaryimage\"},\"datePublished\":\"2024-11-09T14:50:34+00:00\",\"dateModified\":\"2024-11-09T18:43:23+00:00\",\"author\":{\"@id\":\"https:\/\/franciscanos.org.br\/noticias\/#\/schema\/person\/d9422e83121c3ad3b0f423d195f5bb25\"},\"breadcrumb\":{\"@id\":\"https:\/\/franciscanos.org.br\/noticias\/capitulo-provincial-toda-fraternidade-e-uma-casa-de-cuidado.html#breadcrumb\"},\"inLanguage\":\"pt-BR\",\"potentialAction\":[{\"@type\":\"ReadAction\",\"target\":[\"https:\/\/franciscanos.org.br\/noticias\/capitulo-provincial-toda-fraternidade-e-uma-casa-de-cuidado.html\"]}]},{\"@type\":\"BreadcrumbList\",\"@id\":\"https:\/\/franciscanos.org.br\/noticias\/capitulo-provincial-toda-fraternidade-e-uma-casa-de-cuidado.html#breadcrumb\",\"itemListElement\":[{\"@type\":\"ListItem\",\"position\":1,\"name\":\"Home\",\"item\":\"https:\/\/franciscanos.org.br\/noticias\"},{\"@type\":\"ListItem\",\"position\":2,\"name\":\"Cap\u00edtulo Provincial: \u201cToda Fraternidade \u00e9 uma casa de cuidado\u201d\"}]},{\"@type\":\"Person\",\"@id\":\"https:\/\/franciscanos.org.br\/noticias\/#\/schema\/person\/d9422e83121c3ad3b0f423d195f5bb25\",\"name\":\"Adriana Rabelo\",\"image\":{\"@type\":\"ImageObject\",\"inLanguage\":\"pt-BR\",\"@id\":\"https:\/\/franciscanos.org.br\/noticias\/#\/schema\/person\/image\/\",\"url\":\"https:\/\/secure.gravatar.com\/avatar\/0a937b7500cd7df77540cfb8bede877d?s=96&d=mm&r=g\",\"contentUrl\":\"https:\/\/secure.gravatar.com\/avatar\/0a937b7500cd7df77540cfb8bede877d?s=96&d=mm&r=g\",\"caption\":\"Adriana Rabelo\"},\"url\":\"https:\/\/franciscanos.org.br\/noticias\/author\/adrianarabelo\"}]}<\/script>\n<!-- \/ Yoast SEO plugin. -->","yoast_head_json":{"title":"Cap\u00edtulo Provincial: \u201cToda Fraternidade \u00e9 uma casa de cuidado\u201d - Not\u00edcias - Franciscanos","robots":{"index":"index","follow":"follow","max-snippet":"max-snippet:-1","max-image-preview":"max-image-preview:large","max-video-preview":"max-video-preview:-1"},"canonical":"https:\/\/franciscanos.org.br\/noticias\/capitulo-provincial-toda-fraternidade-e-uma-casa-de-cuidado.html","og_locale":"pt_BR","og_type":"article","og_title":"Cap\u00edtulo Provincial: \u201cToda Fraternidade \u00e9 uma casa de cuidado\u201d - Not\u00edcias - Franciscanos","og_description":"Cap\u00edtulo Provincial 2024","og_url":"https:\/\/franciscanos.org.br\/noticias\/capitulo-provincial-toda-fraternidade-e-uma-casa-de-cuidado.html","og_site_name":"Not\u00edcias - Franciscanos","article_published_time":"2024-11-09T14:50:34+00:00","article_modified_time":"2024-11-09T18:43:23+00:00","og_image":[{"width":800,"height":550,"url":"https:\/\/franciscanos.org.br\/noticias\/wp-content\/uploads\/2024\/11\/CHAMADA-11.jpg","type":"image\/jpeg"}],"author":"Adriana Rabelo","twitter_card":"summary_large_image","twitter_misc":{"Escrito por":"Adriana Rabelo","Est. tempo de leitura":"4 minutos"},"schema":{"@context":"https:\/\/schema.org","@graph":[{"@type":"WebSite","@id":"https:\/\/franciscanos.org.br\/noticias\/#website","url":"https:\/\/franciscanos.org.br\/noticias\/","name":"Not\u00edcias - Franciscanos","description":"Prov\u00edncia Franciscana da Imaculada Concei\u00e7\u00e3o do Brasil - Ordem dos Frades Menores - OFM","potentialAction":[{"@type":"SearchAction","target":{"@type":"EntryPoint","urlTemplate":"https:\/\/franciscanos.org.br\/noticias\/?s={search_term_string}"},"query-input":"required name=search_term_string"}],"inLanguage":"pt-BR"},{"@type":"ImageObject","inLanguage":"pt-BR","@id":"https:\/\/franciscanos.org.br\/noticias\/capitulo-provincial-toda-fraternidade-e-uma-casa-de-cuidado.html#primaryimage","url":"https:\/\/franciscanos.org.br\/noticias\/wp-content\/uploads\/2024\/11\/CHAMADA-11.jpg","contentUrl":"https:\/\/franciscanos.org.br\/noticias\/wp-content\/uploads\/2024\/11\/CHAMADA-11.jpg","width":800,"height":550},{"@type":"WebPage","@id":"https:\/\/franciscanos.org.br\/noticias\/capitulo-provincial-toda-fraternidade-e-uma-casa-de-cuidado.html#webpage","url":"https:\/\/franciscanos.org.br\/noticias\/capitulo-provincial-toda-fraternidade-e-uma-casa-de-cuidado.html","name":"Cap\u00edtulo Provincial: \u201cToda Fraternidade \u00e9 uma casa de cuidado\u201d - Not\u00edcias - Franciscanos","isPartOf":{"@id":"https:\/\/franciscanos.org.br\/noticias\/#website"},"primaryImageOfPage":{"@id":"https:\/\/franciscanos.org.br\/noticias\/capitulo-provincial-toda-fraternidade-e-uma-casa-de-cuidado.html#primaryimage"},"datePublished":"2024-11-09T14:50:34+00:00","dateModified":"2024-11-09T18:43:23+00:00","author":{"@id":"https:\/\/franciscanos.org.br\/noticias\/#\/schema\/person\/d9422e83121c3ad3b0f423d195f5bb25"},"breadcrumb":{"@id":"https:\/\/franciscanos.org.br\/noticias\/capitulo-provincial-toda-fraternidade-e-uma-casa-de-cuidado.html#breadcrumb"},"inLanguage":"pt-BR","potentialAction":[{"@type":"ReadAction","target":["https:\/\/franciscanos.org.br\/noticias\/capitulo-provincial-toda-fraternidade-e-uma-casa-de-cuidado.html"]}]},{"@type":"BreadcrumbList","@id":"https:\/\/franciscanos.org.br\/noticias\/capitulo-provincial-toda-fraternidade-e-uma-casa-de-cuidado.html#breadcrumb","itemListElement":[{"@type":"ListItem","position":1,"name":"Home","item":"https:\/\/franciscanos.org.br\/noticias"},{"@type":"ListItem","position":2,"name":"Cap\u00edtulo Provincial: \u201cToda Fraternidade \u00e9 uma casa de cuidado\u201d"}]},{"@type":"Person","@id":"https:\/\/franciscanos.org.br\/noticias\/#\/schema\/person\/d9422e83121c3ad3b0f423d195f5bb25","name":"Adriana Rabelo","image":{"@type":"ImageObject","inLanguage":"pt-BR","@id":"https:\/\/franciscanos.org.br\/noticias\/#\/schema\/person\/image\/","url":"https:\/\/secure.gravatar.com\/avatar\/0a937b7500cd7df77540cfb8bede877d?s=96&d=mm&r=g","contentUrl":"https:\/\/secure.gravatar.com\/avatar\/0a937b7500cd7df77540cfb8bede877d?s=96&d=mm&r=g","caption":"Adriana Rabelo"},"url":"https:\/\/franciscanos.org.br\/noticias\/author\/adrianarabelo"}]}},"_links":{"self":[{"href":"https:\/\/franciscanos.org.br\/noticias\/wp-json\/wp\/v2\/posts\/252478"}],"collection":[{"href":"https:\/\/franciscanos.org.br\/noticias\/wp-json\/wp\/v2\/posts"}],"about":[{"href":"https:\/\/franciscanos.org.br\/noticias\/wp-json\/wp\/v2\/types\/post"}],"author":[{"embeddable":true,"href":"https:\/\/franciscanos.org.br\/noticias\/wp-json\/wp\/v2\/users\/11"}],"replies":[{"embeddable":true,"href":"https:\/\/franciscanos.org.br\/noticias\/wp-json\/wp\/v2\/comments?post=252478"}],"version-history":[{"count":14,"href":"https:\/\/franciscanos.org.br\/noticias\/wp-json\/wp\/v2\/posts\/252478\/revisions"}],"predecessor-version":[{"id":252543,"href":"https:\/\/franciscanos.org.br\/noticias\/wp-json\/wp\/v2\/posts\/252478\/revisions\/252543"}],"wp:featuredmedia":[{"embeddable":true,"href":"https:\/\/franciscanos.org.br\/noticias\/wp-json\/wp\/v2\/media\/252479"}],"wp:attachment":[{"href":"https:\/\/franciscanos.org.br\/noticias\/wp-json\/wp\/v2\/media?parent=252478"}],"wp:term":[{"taxonomy":"category","embeddable":true,"href":"https:\/\/franciscanos.org.br\/noticias\/wp-json\/wp\/v2\/categories?post=252478"},{"taxonomy":"post_tag","embeddable":true,"href":"https:\/\/franciscanos.org.br\/noticias\/wp-json\/wp\/v2\/tags?post=252478"}],"curies":[{"name":"wp","href":"https:\/\/api.w.org\/{rel}","templated":true}]}}