{"id":252377,"date":"2024-11-08T09:52:42","date_gmt":"2024-11-08T12:52:42","guid":{"rendered":"https:\/\/franciscanos.org.br\/noticias\/?p=252377"},"modified":"2024-11-08T14:40:45","modified_gmt":"2024-11-08T17:40:45","slug":"pobreza-e-solidariedade-marcam-reflexoes-e-debates-no-capitulo-provincial","status":"publish","type":"post","link":"https:\/\/franciscanos.org.br\/noticias\/pobreza-e-solidariedade-marcam-reflexoes-e-debates-no-capitulo-provincial.html","title":{"rendered":"Pobreza e solidariedade marcam reflex\u00f5es e debates no Cap\u00edtulo Provincial"},"content":{"rendered":"<p><img loading=\"lazy\" class=\"aligncenter wp-image-252429 size-full\" src=\"https:\/\/franciscanos.org.br\/noticias\/wp-content\/uploads\/2024\/11\/MATERIA-2-3.jpg\" alt=\"\" width=\"1280\" height=\"720\" srcset=\"https:\/\/franciscanos.org.br\/noticias\/wp-content\/uploads\/2024\/11\/MATERIA-2-3.jpg 1280w, https:\/\/franciscanos.org.br\/noticias\/wp-content\/uploads\/2024\/11\/MATERIA-2-3-450x253.jpg 450w, https:\/\/franciscanos.org.br\/noticias\/wp-content\/uploads\/2024\/11\/MATERIA-2-3-1024x576.jpg 1024w, https:\/\/franciscanos.org.br\/noticias\/wp-content\/uploads\/2024\/11\/MATERIA-2-3-768x432.jpg 768w, https:\/\/franciscanos.org.br\/noticias\/wp-content\/uploads\/2024\/11\/MATERIA-2-3-150x84.jpg 150w\" sizes=\"(max-width: 1280px) 100vw, 1280px\" \/><\/p>\n<p>Nesta manh\u00e3 de sexta-feira, 8 de novembro, quinto dia capitular, as atividades come\u00e7aram com o caf\u00e9 da manh\u00e3, \u00e0s 7h, e em seguinte a Santa Missa, que marcou a celebra\u00e7\u00e3o da mem\u00f3ria do Bem-aventurado<em> Duns Scotus<\/em>. \u00c0s 9 h, os frades seguiram para a Sala Capitular, dando continuidade \u00e0s discuss\u00f5es sobre as pr\u00f3ximas viv\u00eancias da Fraternidade Provincial.<\/p>\n<p>Nesta manh\u00e3 a reflex\u00e3o motivacional foi conduzida pelo Frei Tiago Gomes Elias, que abordou a tem\u00e1tica da Solidariedade, partindo da sua experi\u00eancia com os mais necessitados, campo no qual ele tem atuado nos \u00faltimos anos.<\/p>\n\n\t\t<style type=\"text\/css\">\n\t\t\t#gallery-1 {\n\t\t\t\tmargin: auto;\n\t\t\t}\n\t\t\t#gallery-1 .gallery-item {\n\t\t\t\tfloat: left;\n\t\t\t\tmargin-top: 10px;\n\t\t\t\ttext-align: center;\n\t\t\t\twidth: 25%;\n\t\t\t}\n\t\t\t#gallery-1 img {\n\t\t\t\tborder: 2px solid #cfcfcf;\n\t\t\t}\n\t\t\t#gallery-1 .gallery-caption {\n\t\t\t\tmargin-left: 0;\n\t\t\t}\n\t\t\t\/* see gallery_shortcode() in wp-includes\/media.php *\/\n\t\t<\/style>\n\t\t<div id='gallery-1' class='gallery galleryid-252377 gallery-columns-4 gallery-size-thumbnail'><dl class='gallery-item'>\n\t\t\t<dt class='gallery-icon landscape'>\n\t\t\t\t<a href='https:\/\/franciscanos.org.br\/noticias\/wp-content\/uploads\/2024\/11\/CAPITULO-PROVINCIAL-2024-DIA-8-10.jpg'><img width=\"300\" height=\"300\" src=\"https:\/\/franciscanos.org.br\/noticias\/wp-content\/uploads\/2024\/11\/CAPITULO-PROVINCIAL-2024-DIA-8-10-300x300.jpg\" class=\"attachment-thumbnail size-thumbnail\" alt=\"\" loading=\"lazy\" srcset=\"https:\/\/franciscanos.org.br\/noticias\/wp-content\/uploads\/2024\/11\/CAPITULO-PROVINCIAL-2024-DIA-8-10-300x300.jpg 300w, https:\/\/franciscanos.org.br\/noticias\/wp-content\/uploads\/2024\/11\/CAPITULO-PROVINCIAL-2024-DIA-8-10-100x100.jpg 100w\" sizes=\"(max-width: 300px) 100vw, 300px\" \/><\/a>\n\t\t\t<\/dt><\/dl><dl class='gallery-item'>\n\t\t\t<dt class='gallery-icon landscape'>\n\t\t\t\t<a href='https:\/\/franciscanos.org.br\/noticias\/wp-content\/uploads\/2024\/11\/CAPITULO-PROVINCIAL-2024-DIA-8-11.jpg'><img width=\"300\" height=\"300\" src=\"https:\/\/franciscanos.org.br\/noticias\/wp-content\/uploads\/2024\/11\/CAPITULO-PROVINCIAL-2024-DIA-8-11-300x300.jpg\" class=\"attachment-thumbnail size-thumbnail\" alt=\"\" loading=\"lazy\" srcset=\"https:\/\/franciscanos.org.br\/noticias\/wp-content\/uploads\/2024\/11\/CAPITULO-PROVINCIAL-2024-DIA-8-11-300x300.jpg 300w, https:\/\/franciscanos.org.br\/noticias\/wp-content\/uploads\/2024\/11\/CAPITULO-PROVINCIAL-2024-DIA-8-11-100x100.jpg 100w\" sizes=\"(max-width: 300px) 100vw, 300px\" \/><\/a>\n\t\t\t<\/dt><\/dl><dl class='gallery-item'>\n\t\t\t<dt class='gallery-icon landscape'>\n\t\t\t\t<a href='https:\/\/franciscanos.org.br\/noticias\/wp-content\/uploads\/2024\/11\/CAPITULO-PROVINCIAL-2024-DIA-8-12.jpg'><img width=\"300\" height=\"300\" src=\"https:\/\/franciscanos.org.br\/noticias\/wp-content\/uploads\/2024\/11\/CAPITULO-PROVINCIAL-2024-DIA-8-12-300x300.jpg\" class=\"attachment-thumbnail size-thumbnail\" alt=\"\" loading=\"lazy\" srcset=\"https:\/\/franciscanos.org.br\/noticias\/wp-content\/uploads\/2024\/11\/CAPITULO-PROVINCIAL-2024-DIA-8-12-300x300.jpg 300w, https:\/\/franciscanos.org.br\/noticias\/wp-content\/uploads\/2024\/11\/CAPITULO-PROVINCIAL-2024-DIA-8-12-100x100.jpg 100w\" sizes=\"(max-width: 300px) 100vw, 300px\" \/><\/a>\n\t\t\t<\/dt><\/dl><dl class='gallery-item'>\n\t\t\t<dt class='gallery-icon landscape'>\n\t\t\t\t<a href='https:\/\/franciscanos.org.br\/noticias\/wp-content\/uploads\/2024\/11\/CAPITULO-PROVINCIAL-2024-DIA-8-13.jpg'><img width=\"300\" height=\"300\" src=\"https:\/\/franciscanos.org.br\/noticias\/wp-content\/uploads\/2024\/11\/CAPITULO-PROVINCIAL-2024-DIA-8-13-300x300.jpg\" class=\"attachment-thumbnail size-thumbnail\" alt=\"\" loading=\"lazy\" srcset=\"https:\/\/franciscanos.org.br\/noticias\/wp-content\/uploads\/2024\/11\/CAPITULO-PROVINCIAL-2024-DIA-8-13-300x300.jpg 300w, https:\/\/franciscanos.org.br\/noticias\/wp-content\/uploads\/2024\/11\/CAPITULO-PROVINCIAL-2024-DIA-8-13-100x100.jpg 100w\" sizes=\"(max-width: 300px) 100vw, 300px\" \/><\/a>\n\t\t\t<\/dt><\/dl><br style=\"clear: both\" \/>\n\t\t<\/div>\n\n<p>A imagem do lobo de Gubbio, \u00e0 luz dos <em>Fioretti<\/em>, em que S\u00e3o Francisco de Assis conversa e procura fazer estabelecer a paz e o bem entre a cidade de Gubbio e o lobo feroz, iluminar\u00e1 a medita\u00e7\u00e3o do Frei Tiago Elias. Esta cena do di\u00e1logo perpassa a imagem de solidariedade, entendida como \u201cforma mais simples e concreta de humildade\u201d. Ou melhor, \u201cabaixar-se para olhar no olho do lobo e compreender sua viol\u00eancia \u00e9, j\u00e1, o in\u00edcio da revers\u00e3o do atual momento de nossa sociedade embriagada de si mesma, de suas certezas e meritocracias&#8230;\u201d<\/p>\n<p>O di\u00e1logo com o lobo de Gubbio mostra tamb\u00e9m que fazemos parte desta Casa comum: \u201c<em>Fratelli Tutti<\/em>\u201d e, somos todos respons\u00e1veis. \u00c9 neste sentido que a caridade de Francisco era t\u00e3o grande a ponto de a todos querer se doar e salvar. \u00c9 o \u201cirm\u00e3o da natureza e amigo do Senhor\u201d, aquele que gritou aos \u201chomens surdos o respeito pela paz\u201d e bem, e que pediu liberdade para as aves cantarem sem serem chagadas, a natureza crescer imaculada e, \u201cos homens viverem a Fraternidade\u201d, ou seja, partirem e repartirem o p\u00e3o, e assim todos louvarem o Senhor do Universo.<\/p>\n\n\t\t<style type=\"text\/css\">\n\t\t\t#gallery-2 {\n\t\t\t\tmargin: auto;\n\t\t\t}\n\t\t\t#gallery-2 .gallery-item {\n\t\t\t\tfloat: left;\n\t\t\t\tmargin-top: 10px;\n\t\t\t\ttext-align: center;\n\t\t\t\twidth: 33%;\n\t\t\t}\n\t\t\t#gallery-2 img {\n\t\t\t\tborder: 2px solid #cfcfcf;\n\t\t\t}\n\t\t\t#gallery-2 .gallery-caption {\n\t\t\t\tmargin-left: 0;\n\t\t\t}\n\t\t\t\/* see gallery_shortcode() in wp-includes\/media.php *\/\n\t\t<\/style>\n\t\t<div id='gallery-2' class='gallery galleryid-252377 gallery-columns-3 gallery-size-thumbnail'><dl class='gallery-item'>\n\t\t\t<dt class='gallery-icon landscape'>\n\t\t\t\t<a href='https:\/\/franciscanos.org.br\/noticias\/wp-content\/uploads\/2024\/11\/CAPITULO-PROVINCIAL-2024-DIA-8-1.jpg'><img width=\"300\" height=\"300\" src=\"https:\/\/franciscanos.org.br\/noticias\/wp-content\/uploads\/2024\/11\/CAPITULO-PROVINCIAL-2024-DIA-8-1-300x300.jpg\" class=\"attachment-thumbnail size-thumbnail\" alt=\"\" loading=\"lazy\" srcset=\"https:\/\/franciscanos.org.br\/noticias\/wp-content\/uploads\/2024\/11\/CAPITULO-PROVINCIAL-2024-DIA-8-1-300x300.jpg 300w, https:\/\/franciscanos.org.br\/noticias\/wp-content\/uploads\/2024\/11\/CAPITULO-PROVINCIAL-2024-DIA-8-1-100x100.jpg 100w\" sizes=\"(max-width: 300px) 100vw, 300px\" \/><\/a>\n\t\t\t<\/dt><\/dl><dl class='gallery-item'>\n\t\t\t<dt class='gallery-icon landscape'>\n\t\t\t\t<a href='https:\/\/franciscanos.org.br\/noticias\/wp-content\/uploads\/2024\/11\/CAPITULO-PROVINCIAL-2024-DIA-8-2.jpg'><img width=\"300\" height=\"300\" src=\"https:\/\/franciscanos.org.br\/noticias\/wp-content\/uploads\/2024\/11\/CAPITULO-PROVINCIAL-2024-DIA-8-2-300x300.jpg\" class=\"attachment-thumbnail size-thumbnail\" alt=\"\" loading=\"lazy\" srcset=\"https:\/\/franciscanos.org.br\/noticias\/wp-content\/uploads\/2024\/11\/CAPITULO-PROVINCIAL-2024-DIA-8-2-300x300.jpg 300w, https:\/\/franciscanos.org.br\/noticias\/wp-content\/uploads\/2024\/11\/CAPITULO-PROVINCIAL-2024-DIA-8-2-100x100.jpg 100w\" sizes=\"(max-width: 300px) 100vw, 300px\" \/><\/a>\n\t\t\t<\/dt><\/dl><dl class='gallery-item'>\n\t\t\t<dt class='gallery-icon landscape'>\n\t\t\t\t<a href='https:\/\/franciscanos.org.br\/noticias\/wp-content\/uploads\/2024\/11\/CAPITULO-PROVINCIAL-2024-DIA-8-42.jpg'><img width=\"300\" height=\"300\" src=\"https:\/\/franciscanos.org.br\/noticias\/wp-content\/uploads\/2024\/11\/CAPITULO-PROVINCIAL-2024-DIA-8-42-300x300.jpg\" class=\"attachment-thumbnail size-thumbnail\" alt=\"\" loading=\"lazy\" srcset=\"https:\/\/franciscanos.org.br\/noticias\/wp-content\/uploads\/2024\/11\/CAPITULO-PROVINCIAL-2024-DIA-8-42-300x300.jpg 300w, https:\/\/franciscanos.org.br\/noticias\/wp-content\/uploads\/2024\/11\/CAPITULO-PROVINCIAL-2024-DIA-8-42-100x100.jpg 100w\" sizes=\"(max-width: 300px) 100vw, 300px\" \/><\/a>\n\t\t\t<\/dt><\/dl><br style=\"clear: both\" \/>\n\t\t<\/div>\n\n<p>Em seguida, \u00e0s 9h30, os frades se reuniram para as plen\u00e1rias, com esclarecimentos sobres os assuntos dos Eixos de Forma\u00e7\u00e3o e Estudos, discutidos na quinta-feira, 7 de novembro. E, a partir das 11h, as discuss\u00f5es ser\u00e3o feitas entre os grupos sobre <em>Eixos Tem\u00e1ticos da Economia <\/em>e <em>Administra\u00e7\u00e3o dos Bens<\/em>.<\/p>\n<p>A administra\u00e7\u00e3o da economia e dos bens comuns \u00e9 um elemento muito importante para a Espiritualidade Franciscana. Os bens (dinheiro, resid\u00eancias dos frades, TVs, R\u00e1dios, Editora de livros etc.) que os frades possuem s\u00e3o patrim\u00f4nio da Prov\u00edncia, pertencente \u00e0 Fraternidade Provincial, destinado para o uso da Fraternidade local, a fim de que esta possa cumprir melhor a sua miss\u00e3o de evangelizar. Mas, a cada tri\u00eanio este patrim\u00f4nio fica sob os cuidados de uma nova Fraternidade que os administra. Consequentemente, \u201co cuidado com este patrim\u00f4nio, sua preserva\u00e7\u00e3o e boas condi\u00e7\u00f5es tamb\u00e9m s\u00e3o express\u00f5es do voto de pobreza, pois traduzem o bom uso por um tempo determinado, sem se apossar dele, at\u00e9 ser confiado a outros irm\u00e3os\u201d.<\/p>\n<p>Coincidentemente, o Evangelho proposto para hoje aborda esta realidade da administra\u00e7\u00e3o dos bens. No Evangelho de S\u00e3o Lucas (16,1-8), Jesus conta a par\u00e1bola de um homem rico que tinha um administrador que foi acusado de prodigalizar os seus bens.\u00a0\u201c<em>Ele o chamou e disse: Que \u00e9 isto que ou\u00e7o a teu respeito? Presta contas da tua administra\u00e7\u00e3o, pois j\u00e1 n\u00e3o podes mais administrar meus bens.\u00a0O administrador ent\u00e3o come\u00e7ou a refletir: O senhor vai me tirar a administra\u00e7\u00e3o. Que vou fazer? Para cavar, n\u00e3o tenho for\u00e7as; de mendigar, tenho vergonha<\/em>\u201d<em>. <\/em>Este administrador teve uma atitude brilhante \u201c<em>chamou cada um dos que estavam devendo ao seu patr\u00e3o, e perguntou ao primeiro: Quanto deves ao meu patr\u00e3o?\u00a0Ele respondeu: Cem barris de \u00f3leo!\u2019 <\/em>O administrador disse<em>: Pega a tua conta, senta-te, depressa, e escreve cinquenta!<\/em>\u201d\u00a0E, foi elogiado pelo seu patr\u00e3o: \u201c<em>E o senhor elogiou o administrador desonesto, porque ele agiu com esperteza<\/em>\u201d.<\/p>\n<p>O caso do administrador desonesto n\u00e3o \u00e9 o nosso caso. N\u00e3o precisamos agir com esperteza. Entretanto, \u00e9 uma atitude que nos questiona. Por isso, \u00e9 preciso rever nossa maneira de usar os bens comuns. Com efeito, as grandes inquieta\u00e7\u00f5es dos capitulares s\u00e3o:<\/p>\n<ul>\n<li>Quais seriam as considera\u00e7\u00f5es do Cap\u00edtulo em rela\u00e7\u00e3o ao caixa comum?<\/li>\n<li>O que o Cap\u00edtulo Provincial indica para os Cap\u00edtulos Locais, a fim de que o caixa comum, express\u00e3o do nosso carisma, possa superar poss\u00edveis desafios do dia a dia, caso ainda se fa\u00e7am presentes?<\/li>\n<li>Haveria algo mais a fazer para aprimorar a pr\u00e1tica do Caixa comum?<\/li>\n<\/ul>\n<p>Para responder tais inquietudes os capitulares ser\u00e3o ajudados pelas divis\u00f5es dos eixos e seus devidos moderadores: <em>Comiss\u00e3o das Obras<\/em>, com Frei Alex Sandro Ciarnoscki;<em> Administra\u00e7\u00e3o Di\u00e1ria<\/em>, com o Frei Roger Strapazzon e<em> Administra\u00e7\u00e3o Franciscana<\/em>, sob a responsabilidade do Frei Robson Luiz Scudela.<\/p>\n\n\t\t<style type=\"text\/css\">\n\t\t\t#gallery-3 {\n\t\t\t\tmargin: auto;\n\t\t\t}\n\t\t\t#gallery-3 .gallery-item {\n\t\t\t\tfloat: left;\n\t\t\t\tmargin-top: 10px;\n\t\t\t\ttext-align: center;\n\t\t\t\twidth: 33%;\n\t\t\t}\n\t\t\t#gallery-3 img {\n\t\t\t\tborder: 2px solid #cfcfcf;\n\t\t\t}\n\t\t\t#gallery-3 .gallery-caption {\n\t\t\t\tmargin-left: 0;\n\t\t\t}\n\t\t\t\/* see gallery_shortcode() in wp-includes\/media.php *\/\n\t\t<\/style>\n\t\t<div id='gallery-3' class='gallery galleryid-252377 gallery-columns-3 gallery-size-thumbnail'><dl class='gallery-item'>\n\t\t\t<dt class='gallery-icon landscape'>\n\t\t\t\t<a href='https:\/\/franciscanos.org.br\/noticias\/wp-content\/uploads\/2024\/11\/CAPITULO-PROVINCIAL-2024-DIA-8-5-2.jpg'><img width=\"300\" height=\"300\" src=\"https:\/\/franciscanos.org.br\/noticias\/wp-content\/uploads\/2024\/11\/CAPITULO-PROVINCIAL-2024-DIA-8-5-2-300x300.jpg\" class=\"attachment-thumbnail size-thumbnail\" alt=\"\" loading=\"lazy\" srcset=\"https:\/\/franciscanos.org.br\/noticias\/wp-content\/uploads\/2024\/11\/CAPITULO-PROVINCIAL-2024-DIA-8-5-2-300x300.jpg 300w, https:\/\/franciscanos.org.br\/noticias\/wp-content\/uploads\/2024\/11\/CAPITULO-PROVINCIAL-2024-DIA-8-5-2-100x100.jpg 100w\" sizes=\"(max-width: 300px) 100vw, 300px\" \/><\/a>\n\t\t\t<\/dt><\/dl><dl class='gallery-item'>\n\t\t\t<dt class='gallery-icon landscape'>\n\t\t\t\t<a href='https:\/\/franciscanos.org.br\/noticias\/wp-content\/uploads\/2024\/11\/CAPITULO-PROVINCIAL-2024-DIA-8-7-2.jpg'><img width=\"300\" height=\"300\" src=\"https:\/\/franciscanos.org.br\/noticias\/wp-content\/uploads\/2024\/11\/CAPITULO-PROVINCIAL-2024-DIA-8-7-2-300x300.jpg\" class=\"attachment-thumbnail size-thumbnail\" alt=\"\" loading=\"lazy\" srcset=\"https:\/\/franciscanos.org.br\/noticias\/wp-content\/uploads\/2024\/11\/CAPITULO-PROVINCIAL-2024-DIA-8-7-2-300x300.jpg 300w, https:\/\/franciscanos.org.br\/noticias\/wp-content\/uploads\/2024\/11\/CAPITULO-PROVINCIAL-2024-DIA-8-7-2-100x100.jpg 100w\" sizes=\"(max-width: 300px) 100vw, 300px\" \/><\/a>\n\t\t\t<\/dt><\/dl><dl class='gallery-item'>\n\t\t\t<dt class='gallery-icon landscape'>\n\t\t\t\t<a href='https:\/\/franciscanos.org.br\/noticias\/wp-content\/uploads\/2024\/11\/CAPITULO-PROVINCIAL-2024-DIA-8-3-2.jpg'><img width=\"300\" height=\"300\" src=\"https:\/\/franciscanos.org.br\/noticias\/wp-content\/uploads\/2024\/11\/CAPITULO-PROVINCIAL-2024-DIA-8-3-2-300x300.jpg\" class=\"attachment-thumbnail size-thumbnail\" alt=\"\" loading=\"lazy\" srcset=\"https:\/\/franciscanos.org.br\/noticias\/wp-content\/uploads\/2024\/11\/CAPITULO-PROVINCIAL-2024-DIA-8-3-2-300x300.jpg 300w, https:\/\/franciscanos.org.br\/noticias\/wp-content\/uploads\/2024\/11\/CAPITULO-PROVINCIAL-2024-DIA-8-3-2-100x100.jpg 100w\" sizes=\"(max-width: 300px) 100vw, 300px\" \/><\/a>\n\t\t\t<\/dt><\/dl><br style=\"clear: both\" \/>\n\t\t<\/div>\n\n<p>As discuss\u00f5es sobre esta tem\u00e1tica continuar\u00e3o no per\u00edodo da tarde nas Salas Tem\u00e1ticas, com os seus devidos Grupos. O t\u00e9rmino dos trabalhos de discuss\u00e3o est\u00e1 previsto para 16h e, \u00e0s 18h30, \u201ccomo cidad\u00e3os do c\u00e9u\u201d (Fl 4,20), enquanto \u201co dia j\u00e1 declina, a tarde traz ocaso, o sol vai morrendo e deixando o mundo \u00e0s trevas\u201d, por meio das ora\u00e7\u00e3o das V\u00e9speras louvaremos o autor da luz: Deus. Por fim, finalizando as atividades do dia, \u00e0s 20h30, teremos as pr\u00e9vias para elei\u00e7\u00f5es de Definidores, o novo conselho do Ministro provincial que ser\u00e1 eleito no domingo para atuar no pr\u00f3ximo tri\u00eanio.<\/p>\n<hr \/>\n<p><em>Frei Elias Hebo Lu\u00eds e Frei Rodrigo da Silva Santos<\/em><\/p>\n\n\t\t<style type=\"text\/css\">\n\t\t\t#gallery-4 {\n\t\t\t\tmargin: auto;\n\t\t\t}\n\t\t\t#gallery-4 .gallery-item {\n\t\t\t\tfloat: left;\n\t\t\t\tmargin-top: 10px;\n\t\t\t\ttext-align: center;\n\t\t\t\twidth: 33%;\n\t\t\t}\n\t\t\t#gallery-4 img {\n\t\t\t\tborder: 2px solid #cfcfcf;\n\t\t\t}\n\t\t\t#gallery-4 .gallery-caption {\n\t\t\t\tmargin-left: 0;\n\t\t\t}\n\t\t\t\/* see gallery_shortcode() in wp-includes\/media.php *\/\n\t\t<\/style>\n\t\t<div id='gallery-4' class='gallery galleryid-252377 gallery-columns-3 gallery-size-thumbnail'><dl class='gallery-item'>\n\t\t\t<dt class='gallery-icon landscape'>\n\t\t\t\t<a href='https:\/\/franciscanos.org.br\/noticias\/wp-content\/uploads\/2024\/11\/CAPITULO-PROVINCIAL-2024-DIA-8-3.jpg'><img width=\"300\" height=\"300\" src=\"https:\/\/franciscanos.org.br\/noticias\/wp-content\/uploads\/2024\/11\/CAPITULO-PROVINCIAL-2024-DIA-8-3-300x300.jpg\" class=\"attachment-thumbnail size-thumbnail\" alt=\"\" loading=\"lazy\" srcset=\"https:\/\/franciscanos.org.br\/noticias\/wp-content\/uploads\/2024\/11\/CAPITULO-PROVINCIAL-2024-DIA-8-3-300x300.jpg 300w, https:\/\/franciscanos.org.br\/noticias\/wp-content\/uploads\/2024\/11\/CAPITULO-PROVINCIAL-2024-DIA-8-3-100x100.jpg 100w\" sizes=\"(max-width: 300px) 100vw, 300px\" \/><\/a>\n\t\t\t<\/dt><\/dl><dl class='gallery-item'>\n\t\t\t<dt class='gallery-icon landscape'>\n\t\t\t\t<a href='https:\/\/franciscanos.org.br\/noticias\/wp-content\/uploads\/2024\/11\/CAPITULO-PROVINCIAL-2024-DIA-8-4.jpg'><img width=\"300\" height=\"300\" src=\"https:\/\/franciscanos.org.br\/noticias\/wp-content\/uploads\/2024\/11\/CAPITULO-PROVINCIAL-2024-DIA-8-4-300x300.jpg\" class=\"attachment-thumbnail size-thumbnail\" alt=\"\" loading=\"lazy\" srcset=\"https:\/\/franciscanos.org.br\/noticias\/wp-content\/uploads\/2024\/11\/CAPITULO-PROVINCIAL-2024-DIA-8-4-300x300.jpg 300w, https:\/\/franciscanos.org.br\/noticias\/wp-content\/uploads\/2024\/11\/CAPITULO-PROVINCIAL-2024-DIA-8-4-100x100.jpg 100w\" sizes=\"(max-width: 300px) 100vw, 300px\" \/><\/a>\n\t\t\t<\/dt><\/dl><dl class='gallery-item'>\n\t\t\t<dt class='gallery-icon landscape'>\n\t\t\t\t<a href='https:\/\/franciscanos.org.br\/noticias\/wp-content\/uploads\/2024\/11\/CAPITULO-PROVINCIAL-2024-DIA-8-5.jpg'><img width=\"300\" height=\"300\" src=\"https:\/\/franciscanos.org.br\/noticias\/wp-content\/uploads\/2024\/11\/CAPITULO-PROVINCIAL-2024-DIA-8-5-300x300.jpg\" class=\"attachment-thumbnail size-thumbnail\" alt=\"\" loading=\"lazy\" srcset=\"https:\/\/franciscanos.org.br\/noticias\/wp-content\/uploads\/2024\/11\/CAPITULO-PROVINCIAL-2024-DIA-8-5-300x300.jpg 300w, https:\/\/franciscanos.org.br\/noticias\/wp-content\/uploads\/2024\/11\/CAPITULO-PROVINCIAL-2024-DIA-8-5-100x100.jpg 100w\" sizes=\"(max-width: 300px) 100vw, 300px\" \/><\/a>\n\t\t\t<\/dt><\/dl><br style=\"clear: both\" \/><dl class='gallery-item'>\n\t\t\t<dt class='gallery-icon landscape'>\n\t\t\t\t<a href='https:\/\/franciscanos.org.br\/noticias\/wp-content\/uploads\/2024\/11\/CAPITULO-PROVINCIAL-2024-DIA-8-6.jpg'><img width=\"300\" height=\"300\" src=\"https:\/\/franciscanos.org.br\/noticias\/wp-content\/uploads\/2024\/11\/CAPITULO-PROVINCIAL-2024-DIA-8-6-300x300.jpg\" class=\"attachment-thumbnail size-thumbnail\" alt=\"\" loading=\"lazy\" srcset=\"https:\/\/franciscanos.org.br\/noticias\/wp-content\/uploads\/2024\/11\/CAPITULO-PROVINCIAL-2024-DIA-8-6-300x300.jpg 300w, https:\/\/franciscanos.org.br\/noticias\/wp-content\/uploads\/2024\/11\/CAPITULO-PROVINCIAL-2024-DIA-8-6-100x100.jpg 100w\" sizes=\"(max-width: 300px) 100vw, 300px\" \/><\/a>\n\t\t\t<\/dt><\/dl><dl class='gallery-item'>\n\t\t\t<dt class='gallery-icon landscape'>\n\t\t\t\t<a href='https:\/\/franciscanos.org.br\/noticias\/wp-content\/uploads\/2024\/11\/CAPITULO-PROVINCIAL-2024-DIA-8-7.jpg'><img width=\"300\" height=\"300\" src=\"https:\/\/franciscanos.org.br\/noticias\/wp-content\/uploads\/2024\/11\/CAPITULO-PROVINCIAL-2024-DIA-8-7-300x300.jpg\" class=\"attachment-thumbnail size-thumbnail\" alt=\"\" loading=\"lazy\" srcset=\"https:\/\/franciscanos.org.br\/noticias\/wp-content\/uploads\/2024\/11\/CAPITULO-PROVINCIAL-2024-DIA-8-7-300x300.jpg 300w, https:\/\/franciscanos.org.br\/noticias\/wp-content\/uploads\/2024\/11\/CAPITULO-PROVINCIAL-2024-DIA-8-7-100x100.jpg 100w\" sizes=\"(max-width: 300px) 100vw, 300px\" \/><\/a>\n\t\t\t<\/dt><\/dl><dl class='gallery-item'>\n\t\t\t<dt class='gallery-icon landscape'>\n\t\t\t\t<a href='https:\/\/franciscanos.org.br\/noticias\/wp-content\/uploads\/2024\/11\/CAPITULO-PROVINCIAL-2024-DIA-8-8.jpg'><img width=\"300\" height=\"300\" src=\"https:\/\/franciscanos.org.br\/noticias\/wp-content\/uploads\/2024\/11\/CAPITULO-PROVINCIAL-2024-DIA-8-8-300x300.jpg\" class=\"attachment-thumbnail size-thumbnail\" alt=\"\" loading=\"lazy\" srcset=\"https:\/\/franciscanos.org.br\/noticias\/wp-content\/uploads\/2024\/11\/CAPITULO-PROVINCIAL-2024-DIA-8-8-300x300.jpg 300w, https:\/\/franciscanos.org.br\/noticias\/wp-content\/uploads\/2024\/11\/CAPITULO-PROVINCIAL-2024-DIA-8-8-100x100.jpg 100w\" sizes=\"(max-width: 300px) 100vw, 300px\" \/><\/a>\n\t\t\t<\/dt><\/dl><br style=\"clear: both\" \/><dl class='gallery-item'>\n\t\t\t<dt class='gallery-icon landscape'>\n\t\t\t\t<a href='https:\/\/franciscanos.org.br\/noticias\/wp-content\/uploads\/2024\/11\/CAPITULO-PROVINCIAL-2024-DIA-8-14.jpg'><img width=\"300\" height=\"300\" src=\"https:\/\/franciscanos.org.br\/noticias\/wp-content\/uploads\/2024\/11\/CAPITULO-PROVINCIAL-2024-DIA-8-14-300x300.jpg\" class=\"attachment-thumbnail size-thumbnail\" alt=\"\" loading=\"lazy\" srcset=\"https:\/\/franciscanos.org.br\/noticias\/wp-content\/uploads\/2024\/11\/CAPITULO-PROVINCIAL-2024-DIA-8-14-300x300.jpg 300w, https:\/\/franciscanos.org.br\/noticias\/wp-content\/uploads\/2024\/11\/CAPITULO-PROVINCIAL-2024-DIA-8-14-100x100.jpg 100w\" sizes=\"(max-width: 300px) 100vw, 300px\" \/><\/a>\n\t\t\t<\/dt><\/dl><dl class='gallery-item'>\n\t\t\t<dt class='gallery-icon landscape'>\n\t\t\t\t<a href='https:\/\/franciscanos.org.br\/noticias\/wp-content\/uploads\/2024\/11\/CAPITULO-PROVINCIAL-2024-DIA-8-15.jpg'><img width=\"300\" height=\"300\" src=\"https:\/\/franciscanos.org.br\/noticias\/wp-content\/uploads\/2024\/11\/CAPITULO-PROVINCIAL-2024-DIA-8-15-300x300.jpg\" class=\"attachment-thumbnail size-thumbnail\" alt=\"\" loading=\"lazy\" srcset=\"https:\/\/franciscanos.org.br\/noticias\/wp-content\/uploads\/2024\/11\/CAPITULO-PROVINCIAL-2024-DIA-8-15-300x300.jpg 300w, https:\/\/franciscanos.org.br\/noticias\/wp-content\/uploads\/2024\/11\/CAPITULO-PROVINCIAL-2024-DIA-8-15-100x100.jpg 100w\" sizes=\"(max-width: 300px) 100vw, 300px\" \/><\/a>\n\t\t\t<\/dt><\/dl><dl class='gallery-item'>\n\t\t\t<dt class='gallery-icon landscape'>\n\t\t\t\t<a href='https:\/\/franciscanos.org.br\/noticias\/wp-content\/uploads\/2024\/11\/CAPITULO-PROVINCIAL-2024-DIA-8-16.jpg'><img width=\"300\" height=\"300\" src=\"https:\/\/franciscanos.org.br\/noticias\/wp-content\/uploads\/2024\/11\/CAPITULO-PROVINCIAL-2024-DIA-8-16-300x300.jpg\" class=\"attachment-thumbnail size-thumbnail\" alt=\"\" loading=\"lazy\" srcset=\"https:\/\/franciscanos.org.br\/noticias\/wp-content\/uploads\/2024\/11\/CAPITULO-PROVINCIAL-2024-DIA-8-16-300x300.jpg 300w, https:\/\/franciscanos.org.br\/noticias\/wp-content\/uploads\/2024\/11\/CAPITULO-PROVINCIAL-2024-DIA-8-16-100x100.jpg 100w\" sizes=\"(max-width: 300px) 100vw, 300px\" \/><\/a>\n\t\t\t<\/dt><\/dl><br style=\"clear: both\" \/><dl class='gallery-item'>\n\t\t\t<dt class='gallery-icon landscape'>\n\t\t\t\t<a href='https:\/\/franciscanos.org.br\/noticias\/wp-content\/uploads\/2024\/11\/CAPITULO-PROVINCIAL-2024-DIA-8-17.jpg'><img width=\"300\" height=\"300\" src=\"https:\/\/franciscanos.org.br\/noticias\/wp-content\/uploads\/2024\/11\/CAPITULO-PROVINCIAL-2024-DIA-8-17-300x300.jpg\" class=\"attachment-thumbnail size-thumbnail\" alt=\"\" loading=\"lazy\" srcset=\"https:\/\/franciscanos.org.br\/noticias\/wp-content\/uploads\/2024\/11\/CAPITULO-PROVINCIAL-2024-DIA-8-17-300x300.jpg 300w, https:\/\/franciscanos.org.br\/noticias\/wp-content\/uploads\/2024\/11\/CAPITULO-PROVINCIAL-2024-DIA-8-17-100x100.jpg 100w\" sizes=\"(max-width: 300px) 100vw, 300px\" \/><\/a>\n\t\t\t<\/dt><\/dl><dl class='gallery-item'>\n\t\t\t<dt class='gallery-icon landscape'>\n\t\t\t\t<a href='https:\/\/franciscanos.org.br\/noticias\/wp-content\/uploads\/2024\/11\/CAPITULO-PROVINCIAL-2024-DIA-8-18.jpg'><img width=\"300\" height=\"300\" src=\"https:\/\/franciscanos.org.br\/noticias\/wp-content\/uploads\/2024\/11\/CAPITULO-PROVINCIAL-2024-DIA-8-18-300x300.jpg\" class=\"attachment-thumbnail size-thumbnail\" alt=\"\" loading=\"lazy\" srcset=\"https:\/\/franciscanos.org.br\/noticias\/wp-content\/uploads\/2024\/11\/CAPITULO-PROVINCIAL-2024-DIA-8-18-300x300.jpg 300w, https:\/\/franciscanos.org.br\/noticias\/wp-content\/uploads\/2024\/11\/CAPITULO-PROVINCIAL-2024-DIA-8-18-100x100.jpg 100w\" sizes=\"(max-width: 300px) 100vw, 300px\" \/><\/a>\n\t\t\t<\/dt><\/dl><dl class='gallery-item'>\n\t\t\t<dt class='gallery-icon landscape'>\n\t\t\t\t<a href='https:\/\/franciscanos.org.br\/noticias\/wp-content\/uploads\/2024\/11\/CAPITULO-PROVINCIAL-2024-DIA-8-19.jpg'><img width=\"300\" height=\"300\" src=\"https:\/\/franciscanos.org.br\/noticias\/wp-content\/uploads\/2024\/11\/CAPITULO-PROVINCIAL-2024-DIA-8-19-300x300.jpg\" class=\"attachment-thumbnail size-thumbnail\" alt=\"\" loading=\"lazy\" srcset=\"https:\/\/franciscanos.org.br\/noticias\/wp-content\/uploads\/2024\/11\/CAPITULO-PROVINCIAL-2024-DIA-8-19-300x300.jpg 300w, https:\/\/franciscanos.org.br\/noticias\/wp-content\/uploads\/2024\/11\/CAPITULO-PROVINCIAL-2024-DIA-8-19-100x100.jpg 100w\" sizes=\"(max-width: 300px) 100vw, 300px\" \/><\/a>\n\t\t\t<\/dt><\/dl><br style=\"clear: both\" \/><dl class='gallery-item'>\n\t\t\t<dt class='gallery-icon landscape'>\n\t\t\t\t<a href='https:\/\/franciscanos.org.br\/noticias\/wp-content\/uploads\/2024\/11\/CAPITULO-PROVINCIAL-2024-DIA-8-20.jpg'><img width=\"300\" height=\"300\" src=\"https:\/\/franciscanos.org.br\/noticias\/wp-content\/uploads\/2024\/11\/CAPITULO-PROVINCIAL-2024-DIA-8-20-300x300.jpg\" class=\"attachment-thumbnail size-thumbnail\" alt=\"\" loading=\"lazy\" srcset=\"https:\/\/franciscanos.org.br\/noticias\/wp-content\/uploads\/2024\/11\/CAPITULO-PROVINCIAL-2024-DIA-8-20-300x300.jpg 300w, https:\/\/franciscanos.org.br\/noticias\/wp-content\/uploads\/2024\/11\/CAPITULO-PROVINCIAL-2024-DIA-8-20-100x100.jpg 100w\" sizes=\"(max-width: 300px) 100vw, 300px\" \/><\/a>\n\t\t\t<\/dt><\/dl><dl class='gallery-item'>\n\t\t\t<dt class='gallery-icon landscape'>\n\t\t\t\t<a href='https:\/\/franciscanos.org.br\/noticias\/wp-content\/uploads\/2024\/11\/CAPITULO-PROVINCIAL-2024-DIA-8-21.jpg'><img width=\"300\" height=\"300\" src=\"https:\/\/franciscanos.org.br\/noticias\/wp-content\/uploads\/2024\/11\/CAPITULO-PROVINCIAL-2024-DIA-8-21-300x300.jpg\" class=\"attachment-thumbnail size-thumbnail\" alt=\"\" loading=\"lazy\" srcset=\"https:\/\/franciscanos.org.br\/noticias\/wp-content\/uploads\/2024\/11\/CAPITULO-PROVINCIAL-2024-DIA-8-21-300x300.jpg 300w, https:\/\/franciscanos.org.br\/noticias\/wp-content\/uploads\/2024\/11\/CAPITULO-PROVINCIAL-2024-DIA-8-21-100x100.jpg 100w\" sizes=\"(max-width: 300px) 100vw, 300px\" \/><\/a>\n\t\t\t<\/dt><\/dl><dl class='gallery-item'>\n\t\t\t<dt class='gallery-icon landscape'>\n\t\t\t\t<a href='https:\/\/franciscanos.org.br\/noticias\/wp-content\/uploads\/2024\/11\/CAPITULO-PROVINCIAL-2024-DIA-8-22.jpg'><img width=\"300\" height=\"300\" src=\"https:\/\/franciscanos.org.br\/noticias\/wp-content\/uploads\/2024\/11\/CAPITULO-PROVINCIAL-2024-DIA-8-22-300x300.jpg\" class=\"attachment-thumbnail size-thumbnail\" alt=\"\" loading=\"lazy\" srcset=\"https:\/\/franciscanos.org.br\/noticias\/wp-content\/uploads\/2024\/11\/CAPITULO-PROVINCIAL-2024-DIA-8-22-300x300.jpg 300w, https:\/\/franciscanos.org.br\/noticias\/wp-content\/uploads\/2024\/11\/CAPITULO-PROVINCIAL-2024-DIA-8-22-100x100.jpg 100w\" sizes=\"(max-width: 300px) 100vw, 300px\" \/><\/a>\n\t\t\t<\/dt><\/dl><br style=\"clear: both\" \/><dl class='gallery-item'>\n\t\t\t<dt class='gallery-icon landscape'>\n\t\t\t\t<a href='https:\/\/franciscanos.org.br\/noticias\/wp-content\/uploads\/2024\/11\/CAPITULO-PROVINCIAL-2024-DIA-8-23.jpg'><img width=\"300\" height=\"300\" src=\"https:\/\/franciscanos.org.br\/noticias\/wp-content\/uploads\/2024\/11\/CAPITULO-PROVINCIAL-2024-DIA-8-23-300x300.jpg\" class=\"attachment-thumbnail size-thumbnail\" alt=\"\" loading=\"lazy\" srcset=\"https:\/\/franciscanos.org.br\/noticias\/wp-content\/uploads\/2024\/11\/CAPITULO-PROVINCIAL-2024-DIA-8-23-300x300.jpg 300w, https:\/\/franciscanos.org.br\/noticias\/wp-content\/uploads\/2024\/11\/CAPITULO-PROVINCIAL-2024-DIA-8-23-100x100.jpg 100w\" sizes=\"(max-width: 300px) 100vw, 300px\" \/><\/a>\n\t\t\t<\/dt><\/dl><dl class='gallery-item'>\n\t\t\t<dt class='gallery-icon landscape'>\n\t\t\t\t<a href='https:\/\/franciscanos.org.br\/noticias\/wp-content\/uploads\/2024\/11\/CAPITULO-PROVINCIAL-2024-DIA-8-24.jpg'><img width=\"300\" height=\"300\" src=\"https:\/\/franciscanos.org.br\/noticias\/wp-content\/uploads\/2024\/11\/CAPITULO-PROVINCIAL-2024-DIA-8-24-300x300.jpg\" class=\"attachment-thumbnail size-thumbnail\" alt=\"\" loading=\"lazy\" srcset=\"https:\/\/franciscanos.org.br\/noticias\/wp-content\/uploads\/2024\/11\/CAPITULO-PROVINCIAL-2024-DIA-8-24-300x300.jpg 300w, https:\/\/franciscanos.org.br\/noticias\/wp-content\/uploads\/2024\/11\/CAPITULO-PROVINCIAL-2024-DIA-8-24-100x100.jpg 100w\" sizes=\"(max-width: 300px) 100vw, 300px\" \/><\/a>\n\t\t\t<\/dt><\/dl><dl class='gallery-item'>\n\t\t\t<dt class='gallery-icon landscape'>\n\t\t\t\t<a href='https:\/\/franciscanos.org.br\/noticias\/wp-content\/uploads\/2024\/11\/CAPITULO-PROVINCIAL-2024-DIA-8-25.jpg'><img width=\"300\" height=\"300\" src=\"https:\/\/franciscanos.org.br\/noticias\/wp-content\/uploads\/2024\/11\/CAPITULO-PROVINCIAL-2024-DIA-8-25-300x300.jpg\" class=\"attachment-thumbnail size-thumbnail\" alt=\"\" loading=\"lazy\" srcset=\"https:\/\/franciscanos.org.br\/noticias\/wp-content\/uploads\/2024\/11\/CAPITULO-PROVINCIAL-2024-DIA-8-25-300x300.jpg 300w, https:\/\/franciscanos.org.br\/noticias\/wp-content\/uploads\/2024\/11\/CAPITULO-PROVINCIAL-2024-DIA-8-25-100x100.jpg 100w\" sizes=\"(max-width: 300px) 100vw, 300px\" \/><\/a>\n\t\t\t<\/dt><\/dl><br style=\"clear: both\" \/><dl class='gallery-item'>\n\t\t\t<dt class='gallery-icon landscape'>\n\t\t\t\t<a href='https:\/\/franciscanos.org.br\/noticias\/wp-content\/uploads\/2024\/11\/CAPITULO-PROVINCIAL-2024-DIA-8-26.jpg'><img width=\"300\" height=\"300\" src=\"https:\/\/franciscanos.org.br\/noticias\/wp-content\/uploads\/2024\/11\/CAPITULO-PROVINCIAL-2024-DIA-8-26-300x300.jpg\" class=\"attachment-thumbnail size-thumbnail\" alt=\"\" loading=\"lazy\" srcset=\"https:\/\/franciscanos.org.br\/noticias\/wp-content\/uploads\/2024\/11\/CAPITULO-PROVINCIAL-2024-DIA-8-26-300x300.jpg 300w, https:\/\/franciscanos.org.br\/noticias\/wp-content\/uploads\/2024\/11\/CAPITULO-PROVINCIAL-2024-DIA-8-26-100x100.jpg 100w\" sizes=\"(max-width: 300px) 100vw, 300px\" \/><\/a>\n\t\t\t<\/dt><\/dl><dl class='gallery-item'>\n\t\t\t<dt class='gallery-icon landscape'>\n\t\t\t\t<a href='https:\/\/franciscanos.org.br\/noticias\/wp-content\/uploads\/2024\/11\/CAPITULO-PROVINCIAL-2024-DIA-8-27.jpg'><img width=\"300\" height=\"300\" src=\"https:\/\/franciscanos.org.br\/noticias\/wp-content\/uploads\/2024\/11\/CAPITULO-PROVINCIAL-2024-DIA-8-27-300x300.jpg\" class=\"attachment-thumbnail size-thumbnail\" alt=\"\" loading=\"lazy\" srcset=\"https:\/\/franciscanos.org.br\/noticias\/wp-content\/uploads\/2024\/11\/CAPITULO-PROVINCIAL-2024-DIA-8-27-300x300.jpg 300w, https:\/\/franciscanos.org.br\/noticias\/wp-content\/uploads\/2024\/11\/CAPITULO-PROVINCIAL-2024-DIA-8-27-100x100.jpg 100w\" sizes=\"(max-width: 300px) 100vw, 300px\" \/><\/a>\n\t\t\t<\/dt><\/dl><dl class='gallery-item'>\n\t\t\t<dt class='gallery-icon landscape'>\n\t\t\t\t<a href='https:\/\/franciscanos.org.br\/noticias\/wp-content\/uploads\/2024\/11\/CAPITULO-PROVINCIAL-2024-DIA-8-28.jpg'><img width=\"300\" height=\"300\" src=\"https:\/\/franciscanos.org.br\/noticias\/wp-content\/uploads\/2024\/11\/CAPITULO-PROVINCIAL-2024-DIA-8-28-300x300.jpg\" class=\"attachment-thumbnail size-thumbnail\" alt=\"\" loading=\"lazy\" srcset=\"https:\/\/franciscanos.org.br\/noticias\/wp-content\/uploads\/2024\/11\/CAPITULO-PROVINCIAL-2024-DIA-8-28-300x300.jpg 300w, https:\/\/franciscanos.org.br\/noticias\/wp-content\/uploads\/2024\/11\/CAPITULO-PROVINCIAL-2024-DIA-8-28-100x100.jpg 100w\" sizes=\"(max-width: 300px) 100vw, 300px\" \/><\/a>\n\t\t\t<\/dt><\/dl><br style=\"clear: both\" \/><dl class='gallery-item'>\n\t\t\t<dt class='gallery-icon landscape'>\n\t\t\t\t<a href='https:\/\/franciscanos.org.br\/noticias\/wp-content\/uploads\/2024\/11\/CAPITULO-PROVINCIAL-2024-DIA-8-29.jpg'><img width=\"300\" height=\"300\" src=\"https:\/\/franciscanos.org.br\/noticias\/wp-content\/uploads\/2024\/11\/CAPITULO-PROVINCIAL-2024-DIA-8-29-300x300.jpg\" class=\"attachment-thumbnail size-thumbnail\" alt=\"\" loading=\"lazy\" srcset=\"https:\/\/franciscanos.org.br\/noticias\/wp-content\/uploads\/2024\/11\/CAPITULO-PROVINCIAL-2024-DIA-8-29-300x300.jpg 300w, https:\/\/franciscanos.org.br\/noticias\/wp-content\/uploads\/2024\/11\/CAPITULO-PROVINCIAL-2024-DIA-8-29-100x100.jpg 100w\" sizes=\"(max-width: 300px) 100vw, 300px\" \/><\/a>\n\t\t\t<\/dt><\/dl><dl class='gallery-item'>\n\t\t\t<dt class='gallery-icon landscape'>\n\t\t\t\t<a href='https:\/\/franciscanos.org.br\/noticias\/wp-content\/uploads\/2024\/11\/CAPITULO-PROVINCIAL-2024-DIA-8-30.jpg'><img width=\"300\" height=\"300\" src=\"https:\/\/franciscanos.org.br\/noticias\/wp-content\/uploads\/2024\/11\/CAPITULO-PROVINCIAL-2024-DIA-8-30-300x300.jpg\" class=\"attachment-thumbnail size-thumbnail\" alt=\"\" loading=\"lazy\" srcset=\"https:\/\/franciscanos.org.br\/noticias\/wp-content\/uploads\/2024\/11\/CAPITULO-PROVINCIAL-2024-DIA-8-30-300x300.jpg 300w, https:\/\/franciscanos.org.br\/noticias\/wp-content\/uploads\/2024\/11\/CAPITULO-PROVINCIAL-2024-DIA-8-30-100x100.jpg 100w\" sizes=\"(max-width: 300px) 100vw, 300px\" \/><\/a>\n\t\t\t<\/dt><\/dl><dl class='gallery-item'>\n\t\t\t<dt class='gallery-icon landscape'>\n\t\t\t\t<a href='https:\/\/franciscanos.org.br\/noticias\/wp-content\/uploads\/2024\/11\/CAPITULO-PROVINCIAL-2024-DIA-8-32.jpg'><img width=\"300\" height=\"300\" src=\"https:\/\/franciscanos.org.br\/noticias\/wp-content\/uploads\/2024\/11\/CAPITULO-PROVINCIAL-2024-DIA-8-32-300x300.jpg\" class=\"attachment-thumbnail size-thumbnail\" alt=\"\" loading=\"lazy\" srcset=\"https:\/\/franciscanos.org.br\/noticias\/wp-content\/uploads\/2024\/11\/CAPITULO-PROVINCIAL-2024-DIA-8-32-300x300.jpg 300w, https:\/\/franciscanos.org.br\/noticias\/wp-content\/uploads\/2024\/11\/CAPITULO-PROVINCIAL-2024-DIA-8-32-100x100.jpg 100w\" sizes=\"(max-width: 300px) 100vw, 300px\" \/><\/a>\n\t\t\t<\/dt><\/dl><br style=\"clear: both\" \/><dl class='gallery-item'>\n\t\t\t<dt class='gallery-icon landscape'>\n\t\t\t\t<a href='https:\/\/franciscanos.org.br\/noticias\/wp-content\/uploads\/2024\/11\/CAPITULO-PROVINCIAL-2024-DIA-8-33.jpg'><img width=\"300\" height=\"300\" src=\"https:\/\/franciscanos.org.br\/noticias\/wp-content\/uploads\/2024\/11\/CAPITULO-PROVINCIAL-2024-DIA-8-33-300x300.jpg\" class=\"attachment-thumbnail size-thumbnail\" alt=\"\" loading=\"lazy\" srcset=\"https:\/\/franciscanos.org.br\/noticias\/wp-content\/uploads\/2024\/11\/CAPITULO-PROVINCIAL-2024-DIA-8-33-300x300.jpg 300w, https:\/\/franciscanos.org.br\/noticias\/wp-content\/uploads\/2024\/11\/CAPITULO-PROVINCIAL-2024-DIA-8-33-100x100.jpg 100w\" sizes=\"(max-width: 300px) 100vw, 300px\" \/><\/a>\n\t\t\t<\/dt><\/dl><dl class='gallery-item'>\n\t\t\t<dt class='gallery-icon portrait'>\n\t\t\t\t<a href='https:\/\/franciscanos.org.br\/noticias\/wp-content\/uploads\/2024\/11\/CAPITULO-PROVINCIAL-2024-DIA-8-34.jpg'><img width=\"300\" height=\"300\" src=\"https:\/\/franciscanos.org.br\/noticias\/wp-content\/uploads\/2024\/11\/CAPITULO-PROVINCIAL-2024-DIA-8-34-300x300.jpg\" class=\"attachment-thumbnail size-thumbnail\" alt=\"\" loading=\"lazy\" srcset=\"https:\/\/franciscanos.org.br\/noticias\/wp-content\/uploads\/2024\/11\/CAPITULO-PROVINCIAL-2024-DIA-8-34-300x300.jpg 300w, https:\/\/franciscanos.org.br\/noticias\/wp-content\/uploads\/2024\/11\/CAPITULO-PROVINCIAL-2024-DIA-8-34-100x100.jpg 100w\" sizes=\"(max-width: 300px) 100vw, 300px\" \/><\/a>\n\t\t\t<\/dt><\/dl><dl class='gallery-item'>\n\t\t\t<dt class='gallery-icon landscape'>\n\t\t\t\t<a href='https:\/\/franciscanos.org.br\/noticias\/wp-content\/uploads\/2024\/11\/CAPITULO-PROVINCIAL-2024-DIA-8-35.jpg'><img width=\"300\" height=\"300\" src=\"https:\/\/franciscanos.org.br\/noticias\/wp-content\/uploads\/2024\/11\/CAPITULO-PROVINCIAL-2024-DIA-8-35-300x300.jpg\" class=\"attachment-thumbnail size-thumbnail\" alt=\"\" loading=\"lazy\" srcset=\"https:\/\/franciscanos.org.br\/noticias\/wp-content\/uploads\/2024\/11\/CAPITULO-PROVINCIAL-2024-DIA-8-35-300x300.jpg 300w, https:\/\/franciscanos.org.br\/noticias\/wp-content\/uploads\/2024\/11\/CAPITULO-PROVINCIAL-2024-DIA-8-35-100x100.jpg 100w\" sizes=\"(max-width: 300px) 100vw, 300px\" \/><\/a>\n\t\t\t<\/dt><\/dl><br style=\"clear: both\" \/><dl class='gallery-item'>\n\t\t\t<dt class='gallery-icon landscape'>\n\t\t\t\t<a href='https:\/\/franciscanos.org.br\/noticias\/wp-content\/uploads\/2024\/11\/CAPITULO-PROVINCIAL-2024-DIA-8-36.jpg'><img width=\"300\" height=\"300\" src=\"https:\/\/franciscanos.org.br\/noticias\/wp-content\/uploads\/2024\/11\/CAPITULO-PROVINCIAL-2024-DIA-8-36-300x300.jpg\" class=\"attachment-thumbnail size-thumbnail\" alt=\"\" loading=\"lazy\" srcset=\"https:\/\/franciscanos.org.br\/noticias\/wp-content\/uploads\/2024\/11\/CAPITULO-PROVINCIAL-2024-DIA-8-36-300x300.jpg 300w, https:\/\/franciscanos.org.br\/noticias\/wp-content\/uploads\/2024\/11\/CAPITULO-PROVINCIAL-2024-DIA-8-36-100x100.jpg 100w\" sizes=\"(max-width: 300px) 100vw, 300px\" \/><\/a>\n\t\t\t<\/dt><\/dl><dl class='gallery-item'>\n\t\t\t<dt class='gallery-icon landscape'>\n\t\t\t\t<a href='https:\/\/franciscanos.org.br\/noticias\/wp-content\/uploads\/2024\/11\/CAPITULO-PROVINCIAL-2024-DIA-8-37.jpg'><img width=\"300\" height=\"300\" src=\"https:\/\/franciscanos.org.br\/noticias\/wp-content\/uploads\/2024\/11\/CAPITULO-PROVINCIAL-2024-DIA-8-37-300x300.jpg\" class=\"attachment-thumbnail size-thumbnail\" alt=\"\" loading=\"lazy\" srcset=\"https:\/\/franciscanos.org.br\/noticias\/wp-content\/uploads\/2024\/11\/CAPITULO-PROVINCIAL-2024-DIA-8-37-300x300.jpg 300w, https:\/\/franciscanos.org.br\/noticias\/wp-content\/uploads\/2024\/11\/CAPITULO-PROVINCIAL-2024-DIA-8-37-100x100.jpg 100w\" sizes=\"(max-width: 300px) 100vw, 300px\" \/><\/a>\n\t\t\t<\/dt><\/dl><dl class='gallery-item'>\n\t\t\t<dt class='gallery-icon landscape'>\n\t\t\t\t<a href='https:\/\/franciscanos.org.br\/noticias\/wp-content\/uploads\/2024\/11\/CAPITULO-PROVINCIAL-2024-DIA-8-38.jpg'><img width=\"300\" height=\"300\" src=\"https:\/\/franciscanos.org.br\/noticias\/wp-content\/uploads\/2024\/11\/CAPITULO-PROVINCIAL-2024-DIA-8-38-300x300.jpg\" class=\"attachment-thumbnail size-thumbnail\" alt=\"\" loading=\"lazy\" srcset=\"https:\/\/franciscanos.org.br\/noticias\/wp-content\/uploads\/2024\/11\/CAPITULO-PROVINCIAL-2024-DIA-8-38-300x300.jpg 300w, https:\/\/franciscanos.org.br\/noticias\/wp-content\/uploads\/2024\/11\/CAPITULO-PROVINCIAL-2024-DIA-8-38-100x100.jpg 100w\" sizes=\"(max-width: 300px) 100vw, 300px\" \/><\/a>\n\t\t\t<\/dt><\/dl><br style=\"clear: both\" \/><dl class='gallery-item'>\n\t\t\t<dt class='gallery-icon portrait'>\n\t\t\t\t<a href='https:\/\/franciscanos.org.br\/noticias\/wp-content\/uploads\/2024\/11\/CAPITULO-PROVINCIAL-2024-DIA-8-39.jpg'><img width=\"300\" height=\"300\" src=\"https:\/\/franciscanos.org.br\/noticias\/wp-content\/uploads\/2024\/11\/CAPITULO-PROVINCIAL-2024-DIA-8-39-300x300.jpg\" class=\"attachment-thumbnail size-thumbnail\" alt=\"\" loading=\"lazy\" srcset=\"https:\/\/franciscanos.org.br\/noticias\/wp-content\/uploads\/2024\/11\/CAPITULO-PROVINCIAL-2024-DIA-8-39-300x300.jpg 300w, https:\/\/franciscanos.org.br\/noticias\/wp-content\/uploads\/2024\/11\/CAPITULO-PROVINCIAL-2024-DIA-8-39-100x100.jpg 100w\" sizes=\"(max-width: 300px) 100vw, 300px\" \/><\/a>\n\t\t\t<\/dt><\/dl><dl class='gallery-item'>\n\t\t\t<dt class='gallery-icon landscape'>\n\t\t\t\t<a href='https:\/\/franciscanos.org.br\/noticias\/wp-content\/uploads\/2024\/11\/CAPITULO-PROVINCIAL-2024-DIA-8-9-2.jpg'><img width=\"300\" height=\"300\" src=\"https:\/\/franciscanos.org.br\/noticias\/wp-content\/uploads\/2024\/11\/CAPITULO-PROVINCIAL-2024-DIA-8-9-2-300x300.jpg\" class=\"attachment-thumbnail size-thumbnail\" alt=\"\" loading=\"lazy\" srcset=\"https:\/\/franciscanos.org.br\/noticias\/wp-content\/uploads\/2024\/11\/CAPITULO-PROVINCIAL-2024-DIA-8-9-2-300x300.jpg 300w, https:\/\/franciscanos.org.br\/noticias\/wp-content\/uploads\/2024\/11\/CAPITULO-PROVINCIAL-2024-DIA-8-9-2-100x100.jpg 100w\" sizes=\"(max-width: 300px) 100vw, 300px\" \/><\/a>\n\t\t\t<\/dt><\/dl><dl class='gallery-item'>\n\t\t\t<dt class='gallery-icon landscape'>\n\t\t\t\t<a href='https:\/\/franciscanos.org.br\/noticias\/wp-content\/uploads\/2024\/11\/CAPITULO-PROVINCIAL-2024-DIA-8-4-2.jpg'><img width=\"300\" height=\"300\" src=\"https:\/\/franciscanos.org.br\/noticias\/wp-content\/uploads\/2024\/11\/CAPITULO-PROVINCIAL-2024-DIA-8-4-2-300x300.jpg\" class=\"attachment-thumbnail size-thumbnail\" alt=\"\" loading=\"lazy\" srcset=\"https:\/\/franciscanos.org.br\/noticias\/wp-content\/uploads\/2024\/11\/CAPITULO-PROVINCIAL-2024-DIA-8-4-2-300x300.jpg 300w, https:\/\/franciscanos.org.br\/noticias\/wp-content\/uploads\/2024\/11\/CAPITULO-PROVINCIAL-2024-DIA-8-4-2-100x100.jpg 100w\" sizes=\"(max-width: 300px) 100vw, 300px\" \/><\/a>\n\t\t\t<\/dt><\/dl><br style=\"clear: both\" \/><dl class='gallery-item'>\n\t\t\t<dt class='gallery-icon landscape'>\n\t\t\t\t<a href='https:\/\/franciscanos.org.br\/noticias\/wp-content\/uploads\/2024\/11\/CAPITULO-PROVINCIAL-2024-DIA-8-8-2.jpg'><img width=\"300\" height=\"300\" src=\"https:\/\/franciscanos.org.br\/noticias\/wp-content\/uploads\/2024\/11\/CAPITULO-PROVINCIAL-2024-DIA-8-8-2-300x300.jpg\" class=\"attachment-thumbnail size-thumbnail\" alt=\"\" loading=\"lazy\" srcset=\"https:\/\/franciscanos.org.br\/noticias\/wp-content\/uploads\/2024\/11\/CAPITULO-PROVINCIAL-2024-DIA-8-8-2-300x300.jpg 300w, https:\/\/franciscanos.org.br\/noticias\/wp-content\/uploads\/2024\/11\/CAPITULO-PROVINCIAL-2024-DIA-8-8-2-100x100.jpg 100w\" sizes=\"(max-width: 300px) 100vw, 300px\" \/><\/a>\n\t\t\t<\/dt><\/dl><dl class='gallery-item'>\n\t\t\t<dt class='gallery-icon landscape'>\n\t\t\t\t<a href='https:\/\/franciscanos.org.br\/noticias\/wp-content\/uploads\/2024\/11\/CAPITULO-PROVINCIAL-2024-DIA-8-3-2.jpg'><img width=\"300\" height=\"300\" src=\"https:\/\/franciscanos.org.br\/noticias\/wp-content\/uploads\/2024\/11\/CAPITULO-PROVINCIAL-2024-DIA-8-3-2-300x300.jpg\" class=\"attachment-thumbnail size-thumbnail\" alt=\"\" loading=\"lazy\" srcset=\"https:\/\/franciscanos.org.br\/noticias\/wp-content\/uploads\/2024\/11\/CAPITULO-PROVINCIAL-2024-DIA-8-3-2-300x300.jpg 300w, https:\/\/franciscanos.org.br\/noticias\/wp-content\/uploads\/2024\/11\/CAPITULO-PROVINCIAL-2024-DIA-8-3-2-100x100.jpg 100w\" sizes=\"(max-width: 300px) 100vw, 300px\" \/><\/a>\n\t\t\t<\/dt><\/dl><dl class='gallery-item'>\n\t\t\t<dt class='gallery-icon landscape'>\n\t\t\t\t<a href='https:\/\/franciscanos.org.br\/noticias\/wp-content\/uploads\/2024\/11\/CAPITULO-PROVINCIAL-2024-DIA-8-2-2.jpg'><img width=\"300\" height=\"300\" src=\"https:\/\/franciscanos.org.br\/noticias\/wp-content\/uploads\/2024\/11\/CAPITULO-PROVINCIAL-2024-DIA-8-2-2-300x300.jpg\" class=\"attachment-thumbnail size-thumbnail\" alt=\"\" loading=\"lazy\" srcset=\"https:\/\/franciscanos.org.br\/noticias\/wp-content\/uploads\/2024\/11\/CAPITULO-PROVINCIAL-2024-DIA-8-2-2-300x300.jpg 300w, https:\/\/franciscanos.org.br\/noticias\/wp-content\/uploads\/2024\/11\/CAPITULO-PROVINCIAL-2024-DIA-8-2-2-100x100.jpg 100w\" sizes=\"(max-width: 300px) 100vw, 300px\" \/><\/a>\n\t\t\t<\/dt><\/dl><br style=\"clear: both\" \/>\n\t\t<\/div>\n\n","protected":false},"excerpt":{"rendered":"<p>Cap\u00edtulo Provincial 2024<\/p>\n","protected":false},"author":11,"featured_media":252420,"comment_status":"open","ping_status":"open","sticky":false,"template":"","format":"standard","meta":[],"categories":[1],"tags":[2255],"acf":[],"yoast_head":"<!-- This site is optimized with the Yoast SEO plugin v19.2 - https:\/\/yoast.com\/wordpress\/plugins\/seo\/ -->\n<title>Pobreza e solidariedade marcam reflex\u00f5es e debates no Cap\u00edtulo Provincial - Not\u00edcias - Franciscanos<\/title>\n<meta name=\"robots\" content=\"index, follow, max-snippet:-1, max-image-preview:large, max-video-preview:-1\" \/>\n<link rel=\"canonical\" href=\"https:\/\/franciscanos.org.br\/noticias\/pobreza-e-solidariedade-marcam-reflexoes-e-debates-no-capitulo-provincial.html\" \/>\n<meta property=\"og:locale\" content=\"pt_BR\" \/>\n<meta property=\"og:type\" content=\"article\" \/>\n<meta property=\"og:title\" content=\"Pobreza e solidariedade marcam reflex\u00f5es e debates no Cap\u00edtulo Provincial - Not\u00edcias - Franciscanos\" \/>\n<meta property=\"og:description\" content=\"Cap\u00edtulo Provincial 2024\" \/>\n<meta property=\"og:url\" content=\"https:\/\/franciscanos.org.br\/noticias\/pobreza-e-solidariedade-marcam-reflexoes-e-debates-no-capitulo-provincial.html\" \/>\n<meta property=\"og:site_name\" content=\"Not\u00edcias - Franciscanos\" \/>\n<meta property=\"article:published_time\" content=\"2024-11-08T12:52:42+00:00\" \/>\n<meta property=\"article:modified_time\" content=\"2024-11-08T17:40:45+00:00\" \/>\n<meta property=\"og:image\" content=\"https:\/\/franciscanos.org.br\/noticias\/wp-content\/uploads\/2024\/11\/CHAMADA-9.jpg\" \/>\n\t<meta property=\"og:image:width\" content=\"800\" \/>\n\t<meta property=\"og:image:height\" content=\"550\" \/>\n\t<meta property=\"og:image:type\" content=\"image\/jpeg\" \/>\n<meta name=\"author\" content=\"Adriana Rabelo\" \/>\n<meta name=\"twitter:card\" content=\"summary_large_image\" \/>\n<meta name=\"twitter:label1\" content=\"Escrito por\" \/>\n\t<meta name=\"twitter:data1\" content=\"Adriana Rabelo\" \/>\n\t<meta name=\"twitter:label2\" content=\"Est. tempo de leitura\" \/>\n\t<meta name=\"twitter:data2\" content=\"5 minutos\" \/>\n<script type=\"application\/ld+json\" class=\"yoast-schema-graph\">{\"@context\":\"https:\/\/schema.org\",\"@graph\":[{\"@type\":\"WebSite\",\"@id\":\"https:\/\/franciscanos.org.br\/noticias\/#website\",\"url\":\"https:\/\/franciscanos.org.br\/noticias\/\",\"name\":\"Not\u00edcias - Franciscanos\",\"description\":\"Prov\u00edncia Franciscana da Imaculada Concei\u00e7\u00e3o do Brasil - Ordem dos Frades Menores - OFM\",\"potentialAction\":[{\"@type\":\"SearchAction\",\"target\":{\"@type\":\"EntryPoint\",\"urlTemplate\":\"https:\/\/franciscanos.org.br\/noticias\/?s={search_term_string}\"},\"query-input\":\"required name=search_term_string\"}],\"inLanguage\":\"pt-BR\"},{\"@type\":\"ImageObject\",\"inLanguage\":\"pt-BR\",\"@id\":\"https:\/\/franciscanos.org.br\/noticias\/pobreza-e-solidariedade-marcam-reflexoes-e-debates-no-capitulo-provincial.html#primaryimage\",\"url\":\"https:\/\/franciscanos.org.br\/noticias\/wp-content\/uploads\/2024\/11\/CHAMADA-9.jpg\",\"contentUrl\":\"https:\/\/franciscanos.org.br\/noticias\/wp-content\/uploads\/2024\/11\/CHAMADA-9.jpg\",\"width\":800,\"height\":550},{\"@type\":\"WebPage\",\"@id\":\"https:\/\/franciscanos.org.br\/noticias\/pobreza-e-solidariedade-marcam-reflexoes-e-debates-no-capitulo-provincial.html#webpage\",\"url\":\"https:\/\/franciscanos.org.br\/noticias\/pobreza-e-solidariedade-marcam-reflexoes-e-debates-no-capitulo-provincial.html\",\"name\":\"Pobreza e solidariedade marcam reflex\u00f5es e debates no Cap\u00edtulo Provincial - Not\u00edcias - Franciscanos\",\"isPartOf\":{\"@id\":\"https:\/\/franciscanos.org.br\/noticias\/#website\"},\"primaryImageOfPage\":{\"@id\":\"https:\/\/franciscanos.org.br\/noticias\/pobreza-e-solidariedade-marcam-reflexoes-e-debates-no-capitulo-provincial.html#primaryimage\"},\"datePublished\":\"2024-11-08T12:52:42+00:00\",\"dateModified\":\"2024-11-08T17:40:45+00:00\",\"author\":{\"@id\":\"https:\/\/franciscanos.org.br\/noticias\/#\/schema\/person\/d9422e83121c3ad3b0f423d195f5bb25\"},\"breadcrumb\":{\"@id\":\"https:\/\/franciscanos.org.br\/noticias\/pobreza-e-solidariedade-marcam-reflexoes-e-debates-no-capitulo-provincial.html#breadcrumb\"},\"inLanguage\":\"pt-BR\",\"potentialAction\":[{\"@type\":\"ReadAction\",\"target\":[\"https:\/\/franciscanos.org.br\/noticias\/pobreza-e-solidariedade-marcam-reflexoes-e-debates-no-capitulo-provincial.html\"]}]},{\"@type\":\"BreadcrumbList\",\"@id\":\"https:\/\/franciscanos.org.br\/noticias\/pobreza-e-solidariedade-marcam-reflexoes-e-debates-no-capitulo-provincial.html#breadcrumb\",\"itemListElement\":[{\"@type\":\"ListItem\",\"position\":1,\"name\":\"Home\",\"item\":\"https:\/\/franciscanos.org.br\/noticias\"},{\"@type\":\"ListItem\",\"position\":2,\"name\":\"Pobreza e solidariedade marcam reflex\u00f5es e debates no Cap\u00edtulo Provincial\"}]},{\"@type\":\"Person\",\"@id\":\"https:\/\/franciscanos.org.br\/noticias\/#\/schema\/person\/d9422e83121c3ad3b0f423d195f5bb25\",\"name\":\"Adriana Rabelo\",\"image\":{\"@type\":\"ImageObject\",\"inLanguage\":\"pt-BR\",\"@id\":\"https:\/\/franciscanos.org.br\/noticias\/#\/schema\/person\/image\/\",\"url\":\"https:\/\/secure.gravatar.com\/avatar\/0a937b7500cd7df77540cfb8bede877d?s=96&d=mm&r=g\",\"contentUrl\":\"https:\/\/secure.gravatar.com\/avatar\/0a937b7500cd7df77540cfb8bede877d?s=96&d=mm&r=g\",\"caption\":\"Adriana Rabelo\"},\"url\":\"https:\/\/franciscanos.org.br\/noticias\/author\/adrianarabelo\"}]}<\/script>\n<!-- \/ Yoast SEO plugin. -->","yoast_head_json":{"title":"Pobreza e solidariedade marcam reflex\u00f5es e debates no Cap\u00edtulo Provincial - Not\u00edcias - Franciscanos","robots":{"index":"index","follow":"follow","max-snippet":"max-snippet:-1","max-image-preview":"max-image-preview:large","max-video-preview":"max-video-preview:-1"},"canonical":"https:\/\/franciscanos.org.br\/noticias\/pobreza-e-solidariedade-marcam-reflexoes-e-debates-no-capitulo-provincial.html","og_locale":"pt_BR","og_type":"article","og_title":"Pobreza e solidariedade marcam reflex\u00f5es e debates no Cap\u00edtulo Provincial - Not\u00edcias - Franciscanos","og_description":"Cap\u00edtulo Provincial 2024","og_url":"https:\/\/franciscanos.org.br\/noticias\/pobreza-e-solidariedade-marcam-reflexoes-e-debates-no-capitulo-provincial.html","og_site_name":"Not\u00edcias - Franciscanos","article_published_time":"2024-11-08T12:52:42+00:00","article_modified_time":"2024-11-08T17:40:45+00:00","og_image":[{"width":800,"height":550,"url":"https:\/\/franciscanos.org.br\/noticias\/wp-content\/uploads\/2024\/11\/CHAMADA-9.jpg","type":"image\/jpeg"}],"author":"Adriana Rabelo","twitter_card":"summary_large_image","twitter_misc":{"Escrito por":"Adriana Rabelo","Est. tempo de leitura":"5 minutos"},"schema":{"@context":"https:\/\/schema.org","@graph":[{"@type":"WebSite","@id":"https:\/\/franciscanos.org.br\/noticias\/#website","url":"https:\/\/franciscanos.org.br\/noticias\/","name":"Not\u00edcias - Franciscanos","description":"Prov\u00edncia Franciscana da Imaculada Concei\u00e7\u00e3o do Brasil - Ordem dos Frades Menores - OFM","potentialAction":[{"@type":"SearchAction","target":{"@type":"EntryPoint","urlTemplate":"https:\/\/franciscanos.org.br\/noticias\/?s={search_term_string}"},"query-input":"required name=search_term_string"}],"inLanguage":"pt-BR"},{"@type":"ImageObject","inLanguage":"pt-BR","@id":"https:\/\/franciscanos.org.br\/noticias\/pobreza-e-solidariedade-marcam-reflexoes-e-debates-no-capitulo-provincial.html#primaryimage","url":"https:\/\/franciscanos.org.br\/noticias\/wp-content\/uploads\/2024\/11\/CHAMADA-9.jpg","contentUrl":"https:\/\/franciscanos.org.br\/noticias\/wp-content\/uploads\/2024\/11\/CHAMADA-9.jpg","width":800,"height":550},{"@type":"WebPage","@id":"https:\/\/franciscanos.org.br\/noticias\/pobreza-e-solidariedade-marcam-reflexoes-e-debates-no-capitulo-provincial.html#webpage","url":"https:\/\/franciscanos.org.br\/noticias\/pobreza-e-solidariedade-marcam-reflexoes-e-debates-no-capitulo-provincial.html","name":"Pobreza e solidariedade marcam reflex\u00f5es e debates no Cap\u00edtulo Provincial - Not\u00edcias - Franciscanos","isPartOf":{"@id":"https:\/\/franciscanos.org.br\/noticias\/#website"},"primaryImageOfPage":{"@id":"https:\/\/franciscanos.org.br\/noticias\/pobreza-e-solidariedade-marcam-reflexoes-e-debates-no-capitulo-provincial.html#primaryimage"},"datePublished":"2024-11-08T12:52:42+00:00","dateModified":"2024-11-08T17:40:45+00:00","author":{"@id":"https:\/\/franciscanos.org.br\/noticias\/#\/schema\/person\/d9422e83121c3ad3b0f423d195f5bb25"},"breadcrumb":{"@id":"https:\/\/franciscanos.org.br\/noticias\/pobreza-e-solidariedade-marcam-reflexoes-e-debates-no-capitulo-provincial.html#breadcrumb"},"inLanguage":"pt-BR","potentialAction":[{"@type":"ReadAction","target":["https:\/\/franciscanos.org.br\/noticias\/pobreza-e-solidariedade-marcam-reflexoes-e-debates-no-capitulo-provincial.html"]}]},{"@type":"BreadcrumbList","@id":"https:\/\/franciscanos.org.br\/noticias\/pobreza-e-solidariedade-marcam-reflexoes-e-debates-no-capitulo-provincial.html#breadcrumb","itemListElement":[{"@type":"ListItem","position":1,"name":"Home","item":"https:\/\/franciscanos.org.br\/noticias"},{"@type":"ListItem","position":2,"name":"Pobreza e solidariedade marcam reflex\u00f5es e debates no Cap\u00edtulo Provincial"}]},{"@type":"Person","@id":"https:\/\/franciscanos.org.br\/noticias\/#\/schema\/person\/d9422e83121c3ad3b0f423d195f5bb25","name":"Adriana Rabelo","image":{"@type":"ImageObject","inLanguage":"pt-BR","@id":"https:\/\/franciscanos.org.br\/noticias\/#\/schema\/person\/image\/","url":"https:\/\/secure.gravatar.com\/avatar\/0a937b7500cd7df77540cfb8bede877d?s=96&d=mm&r=g","contentUrl":"https:\/\/secure.gravatar.com\/avatar\/0a937b7500cd7df77540cfb8bede877d?s=96&d=mm&r=g","caption":"Adriana Rabelo"},"url":"https:\/\/franciscanos.org.br\/noticias\/author\/adrianarabelo"}]}},"_links":{"self":[{"href":"https:\/\/franciscanos.org.br\/noticias\/wp-json\/wp\/v2\/posts\/252377"}],"collection":[{"href":"https:\/\/franciscanos.org.br\/noticias\/wp-json\/wp\/v2\/posts"}],"about":[{"href":"https:\/\/franciscanos.org.br\/noticias\/wp-json\/wp\/v2\/types\/post"}],"author":[{"embeddable":true,"href":"https:\/\/franciscanos.org.br\/noticias\/wp-json\/wp\/v2\/users\/11"}],"replies":[{"embeddable":true,"href":"https:\/\/franciscanos.org.br\/noticias\/wp-json\/wp\/v2\/comments?post=252377"}],"version-history":[{"count":8,"href":"https:\/\/franciscanos.org.br\/noticias\/wp-json\/wp\/v2\/posts\/252377\/revisions"}],"predecessor-version":[{"id":252439,"href":"https:\/\/franciscanos.org.br\/noticias\/wp-json\/wp\/v2\/posts\/252377\/revisions\/252439"}],"wp:featuredmedia":[{"embeddable":true,"href":"https:\/\/franciscanos.org.br\/noticias\/wp-json\/wp\/v2\/media\/252420"}],"wp:attachment":[{"href":"https:\/\/franciscanos.org.br\/noticias\/wp-json\/wp\/v2\/media?parent=252377"}],"wp:term":[{"taxonomy":"category","embeddable":true,"href":"https:\/\/franciscanos.org.br\/noticias\/wp-json\/wp\/v2\/categories?post=252377"},{"taxonomy":"post_tag","embeddable":true,"href":"https:\/\/franciscanos.org.br\/noticias\/wp-json\/wp\/v2\/tags?post=252377"}],"curies":[{"name":"wp","href":"https:\/\/api.w.org\/{rel}","templated":true}]}}