{"id":252240,"date":"2024-11-07T09:22:42","date_gmt":"2024-11-07T12:22:42","guid":{"rendered":"https:\/\/franciscanos.org.br\/noticias\/?p=252240"},"modified":"2024-11-07T09:22:42","modified_gmt":"2024-11-07T12:22:42","slug":"a-odisseia-do-sagrado-entre-os-lancamentos-da-editora-vozes","status":"publish","type":"post","link":"https:\/\/franciscanos.org.br\/noticias\/a-odisseia-do-sagrado-entre-os-lancamentos-da-editora-vozes.html","title":{"rendered":"&#8220;A Odisseia do Sagrado&#8221; entre os lan\u00e7amentos da Editora Vozes"},"content":{"rendered":"<p><img loading=\"lazy\" src=\"https:\/\/franciscanos.org.br\/noticias\/wp-content\/uploads\/2024\/11\/Vozes-1280.jpg\" alt=\"\" width=\"1374\" height=\"773\" \/><\/p>\n<h3><strong>A odisseia do sagrado<\/strong><\/h3>\n<p><strong>A grande hist\u00f3ria das cren\u00e7as e das espiritualidades<\/strong><\/p>\n<p>Desde seu surgimento, o homo sapiens sente tanto admira\u00e7\u00e3o quanto temor diante da for\u00e7a da natureza e questiona o enigma de sua exist\u00eancia. Desse sentimento do sagrado nasceram todas as grandes correntes espirituais e religiosas do mundo.<\/p>\n<p>Por que o <em>homo sapiens<\/em> \u00e9 tamb\u00e9m <em>spiritus<\/em>: o \u00fanico animal que busca dar sentido \u00e0 sua vida, pratica rituais funer\u00e1rios, cria grandes narrativas coletivas e frequentemente acredita em for\u00e7as invis\u00edveis?<\/p>\n<p>Fr\u00e9d\u00e9ric Lenoir responde a essas quest\u00f5es e mostra, ao longo deste percurso temporal, a rela\u00e7\u00e3o entre as grandes revolu\u00e7\u00f5es espirituais e as transforma\u00e7\u00f5es das sociedades humanas: da sedentariza\u00e7\u00e3o ao mundo conectado, passando pelo nascimento das cidades, civiliza\u00e7\u00f5es, imp\u00e9rios e da Modernidade.<\/p>\n<p>Nesta obra, Fr\u00e9d\u00e9ric Lenoir explora a busca do ser humano por significado e transcend\u00eancia. O autor analisa como a espiritualidade moldou nossas sociedades e influenciou nossas vidas, desde os prim\u00f3rdios da civiliza\u00e7\u00e3o at\u00e9 os dias atuais.<\/p>\n<p>No contexto contempor\u00e2neo, o sagrado \u00e9 percebido de maneiras variadas e, muitas vezes, conflitantes. O autor aborda quest\u00f5es fundamentais sobre a natureza humana e nossa rela\u00e7\u00e3o com o sagrado, questionando como a espiritualidade pode se manifestar em um mundo cada vez mais secularizado. Ele nos convida a refletir sobre o papel do sagrado na vida cotidiana, desafiando-nos a reconsiderar nossas cren\u00e7as e valores \u00e0 luz das tradi\u00e7\u00f5es religiosas e das novas formas de espiritualidade emergentes.<\/p>\n<p>Uma obra que prop\u00f5e um olhar renovado sobre a espiritualidade, destacando sua relev\u00e2ncia cont\u00ednua e sua capacidade de oferecer respostas significativas \u00e0s inquieta\u00e7\u00f5es do nosso tempo.<\/p>\n<hr \/>\n<h3><strong>O caldeir\u00e3o sagrado<\/strong><\/h3>\n<p><strong>Psicoterapia como uma pr\u00e1tica espiritual<\/strong><\/p>\n<p>Num momento em que a psicoterapia parece ser uma busca puramente secular, sem conex\u00e3o com o sagrado, esta obra faz a surpreendente afirma\u00e7\u00e3o de que o trabalho psicoterap\u00eautico \u00e9, na verdade, uma disciplina espiritual. Este livro revela como a psique manifesta o sagrado e fornece o campo transpessoal onde a terapia ocorre, demonstrando como uma sensibilidade espiritual pode enriquecer os aspectos t\u00e9cnicos da psicoterapia. Combinando conhecimentos acad\u00eamicos e experi\u00eancia cl\u00ednica, Corbett oferece uma vis\u00e3o reflexiva e instrutiva, ressaltando a import\u00e2ncia da terapia como um ve\u00edculo para a cura e o engajamento com o numinoso.<\/p>\n<p>O caldeir\u00e3o sagrado do t\u00edtulo refere-se \u00e0s analogias entre a psicoterapia e o hexagrama 50 do I Ching, \u201cO caldeir\u00e3o\u201d, que simboliza remover o velho e aceitar o novo. Esse conceito, baseado nos escritos de Jung, liga a psicoterapia \u00e0 dimens\u00e3o espiritual e \u00e0 renova\u00e7\u00e3o. O caldeir\u00e3o, como recipiente sagrado, simboliza a conex\u00e3o com nossos ancestrais e o exame profundo de nossa situa\u00e7\u00e3o, liberando energia transformadora. Assim, a pr\u00e1tica psicoterap\u00eautica \u00e9 vista como uma pr\u00e1tica espiritual.<\/p>\n<hr \/>\n<h3><strong>Estoicismo<\/strong><\/h3>\n<p>Uma das escolas filos\u00f3ficas mais populares da Antiguidade, o estoicismo, floresceu por cerca de 500 anos e continua a influenciar a filosofia ocidental. Suas doutrinas atra\u00edram pessoas de todas as camadas sociais, desde o escravo Epiteto at\u00e9 o Imperador Marco Aur\u00e9lio.<\/p>\n<p>Este livro oferece uma introdu\u00e7\u00e3o clara e abrangente a essa grande escola filos\u00f3fica, cobrindo sua hist\u00f3ria, filosofia como sistema e os tr\u00eas principais ramos da teoria estoica: l\u00f3gica, f\u00edsica e \u00e9tica.<\/p>\n<p>John Sellars inclui informa\u00e7\u00f5es sobre a vida e as obras dos fil\u00f3sofos estoicos antigos, al\u00e9m de an\u00e1lises de suas principais doutrinas. A obra tamb\u00e9m apresenta um gloss\u00e1rio e uma cronologia, tornando-a a escolha ideal para estudantes, acad\u00eamicos e leitores interessados no significado do estoicismo para a civiliza\u00e7\u00e3o ocidental.<\/p>\n<p>\u201cA filosofia n\u00e3o \u00e9 uma habilidade para exibir em p\u00fablico, n\u00e3o se destina a servir de espet\u00e1culo; a filosofia n\u00e3o consiste em palavras, mas em a\u00e7\u00f5es. O seu fim n\u00e3o consiste em nos fazer passar o tempo com alguma distra\u00e7\u00e3o, nem em libertar o \u00f3cio do t\u00e9dio. O objetivo da filosofia consiste em dar forma e estrutura \u00e0 nossa alma, em nos ensinar um rumo na vida, em orientar os nossos atos, em nos apontar o que devemos fazer ou p\u00f4r de lado [&#8230;]. Sem ela ningu\u00e9m pode viver sem temor, ningu\u00e9m pode viver em seguran\u00e7a.\u201d<\/p>\n<hr \/>\n<h3><strong>Como observar a moral e os costumes<\/strong><\/h3>\n<p>Em 1834, a escritora brit\u00e2nica Harriet Martineau (1802-1876) cruzava o Oceano Atl\u00e2ntico rumo aos Estados Unidos, onde estudaria a democracia daquele jovem pa\u00eds. Sem tempo a perder, ela trabalhou na cabine do navio, esbo\u00e7ando um novo livro. A proposta era modesta: ajudar viajantes a observar outras sociedades de maneira menos aned\u00f3tica e mais cient\u00edfica. No entanto, Martineau foi al\u00e9m e acabou criando a primeira obra sociol\u00f3gica de metodologia e epistemologia conhecida. Agora, os leitores brasileiros podem se encantar e se surpreender com \u201c<em>Como observar a moral e os costumes\u201d<\/em> (1838).<\/p>\n<p>Nesta obra, Martineau prop\u00f5e uma \u201cci\u00eancia da moral\u201d baseada na observa\u00e7\u00e3o emp\u00edrica e no exerc\u00edcio da empatia. Oferecendo li\u00e7\u00f5es atemporais, ela guia os leitores a praticar um olhar sistem\u00e1tico, refletir sobre suas emo\u00e7\u00f5es, rejeitar preconceitos, e trabalhar com documentos, artefatos, institui\u00e7\u00f5es e discursos. A escrita f\u00e1cil cria uma impress\u00e3o ilus\u00f3ria de simplicidade: a autora aborda discuss\u00f5es te\u00f3ricas sobre os elementos comuns \u00e0s sociedades humanas, as condi\u00e7\u00f5es de produ\u00e7\u00e3o de conhecimento sobre o social, os valores e seu lugar na pesquisa, at\u00e9 as formas mais promissoras de lidar com a diferen\u00e7a e alteridade.<\/p>\n<hr \/>\n<h3><strong>Hist\u00f3ria da transfer\u00eancia da capital federal do Brasil<\/strong><\/h3>\n<p><strong>Igreja e pol\u00edtica no Planalto Central (1891-1960)<\/strong><\/p>\n<p>Sob controv\u00e9rsias sem fim, na d\u00e9cada de 1950 a capital federal do Brasil foi arrancada do Rio de Janeiro e transferida para o Planalto Central. At\u00e9 um \u201csonho de Dom Bosco\u201d veio em favor da constru\u00e7\u00e3o de Bras\u00edlia: mito fundacional, s\u00edmbolo ps\u00edquico de um m\u00edstico vision\u00e1rio ou instrumentaliza\u00e7\u00e3o pol\u00edtica de uma narrativa on\u00edrica?<\/p>\n<p>Em <em>A hist\u00f3ria da transfer\u00eancia da capital federal do Brasil<\/em> houve diversos protagonismos; pelo seu ineditismo, sobressaiu-se a Igreja, quando ainda em seu antigo perfil de Cristandade, que militava combativamente para restaurar a sua hegemonia, no novo contexto de instaura\u00e7\u00e3o do Estado laico e republicano.<\/p>\n<p>Nesta obra, o autor conduz o leitor \u00e0s tramas e bastidores do poder religioso, pol\u00edtico e econ\u00f4mico; leva a visitar aquele interior sertanejo do pa\u00eds, no oeste brasileiro, para onde se dirigia uma imensa onda migrat\u00f3ria; apresenta a emblem\u00e1tica biografia de personagens que atuavam na penumbra, para mudar a geografia pol\u00edtica do pa\u00eds; situa o imagin\u00e1rio crist\u00e3o brasileiro, o fen\u00f4meno milenarista e at\u00e9 uma ocorr\u00eancia miraculosa enquanto se constru\u00eda Bras\u00edlia; e revela como e por que a Igreja Cat\u00f3lica e as demais igrejas e religi\u00f5es se inseriram no espa\u00e7o urbano da capital federal e pr\u00f3ximas ao centro dos poderes da Rep\u00fablica.<\/p>\n<p>\u00c9 uma hist\u00f3ria fascinante \u2013 com informa\u00e7\u00f5es, narrativas e abordagens in\u00e9ditas \u2013 que ajuda a compreender melhor o projeto de na\u00e7\u00e3o e o Brasil que hoje temos!<\/p>\n<hr \/>\n<p style=\"padding-left: 40px;\">Todos esses produtos podem ser adquiridos pelos sites<br \/>\n<a href=\"http:\/\/www.livrariavozes.com.br\/\">www.livrariavozes.com.br<\/a><br \/>\n<a href=\"http:\/\/vozes.com.br\/\">http:\/\/vozes.com.br<\/a><\/p>\n<p style=\"padding-left: 40px;\">E-mail:\u00a0<a href=\"mailto:contato@vozes.com.br\">contato@vozes.com.br<\/a><br \/>\nTel. 11 3101 8451<br \/>\n<em><strong>Editora Vozes<\/strong><\/em><\/p>\n","protected":false},"excerpt":{"rendered":"<p>Editora Vozes<\/p>\n","protected":false},"author":7,"featured_media":252241,"comment_status":"open","ping_status":"open","sticky":false,"template":"","format":"standard","meta":[],"categories":[1],"tags":[238],"acf":[],"yoast_head":"<!-- This site is optimized with the Yoast SEO plugin v19.2 - https:\/\/yoast.com\/wordpress\/plugins\/seo\/ -->\n<title>&quot;A Odisseia do Sagrado&quot; entre os lan\u00e7amentos da Editora Vozes - Not\u00edcias - Franciscanos<\/title>\n<meta name=\"robots\" content=\"index, follow, max-snippet:-1, max-image-preview:large, max-video-preview:-1\" \/>\n<link rel=\"canonical\" href=\"https:\/\/franciscanos.org.br\/noticias\/a-odisseia-do-sagrado-entre-os-lancamentos-da-editora-vozes.html\" \/>\n<meta property=\"og:locale\" content=\"pt_BR\" \/>\n<meta property=\"og:type\" content=\"article\" \/>\n<meta property=\"og:title\" content=\"&quot;A Odisseia do Sagrado&quot; entre os lan\u00e7amentos da Editora Vozes - Not\u00edcias - Franciscanos\" \/>\n<meta property=\"og:description\" content=\"Editora Vozes\" \/>\n<meta property=\"og:url\" content=\"https:\/\/franciscanos.org.br\/noticias\/a-odisseia-do-sagrado-entre-os-lancamentos-da-editora-vozes.html\" \/>\n<meta property=\"og:site_name\" content=\"Not\u00edcias - Franciscanos\" \/>\n<meta property=\"article:published_time\" content=\"2024-11-07T12:22:42+00:00\" \/>\n<meta property=\"og:image\" content=\"https:\/\/franciscanos.org.br\/noticias\/wp-content\/uploads\/2024\/11\/Vozes-800.jpg\" \/>\n\t<meta property=\"og:image:width\" content=\"1136\" \/>\n\t<meta property=\"og:image:height\" content=\"781\" \/>\n\t<meta property=\"og:image:type\" content=\"image\/jpeg\" \/>\n<meta name=\"author\" content=\"jovenal\" \/>\n<meta name=\"twitter:card\" content=\"summary_large_image\" \/>\n<meta name=\"twitter:label1\" content=\"Escrito por\" \/>\n\t<meta name=\"twitter:data1\" content=\"jovenal\" \/>\n\t<meta name=\"twitter:label2\" content=\"Est. tempo de leitura\" \/>\n\t<meta name=\"twitter:data2\" content=\"6 minutos\" \/>\n<script type=\"application\/ld+json\" class=\"yoast-schema-graph\">{\"@context\":\"https:\/\/schema.org\",\"@graph\":[{\"@type\":\"WebSite\",\"@id\":\"https:\/\/franciscanos.org.br\/noticias\/#website\",\"url\":\"https:\/\/franciscanos.org.br\/noticias\/\",\"name\":\"Not\u00edcias - Franciscanos\",\"description\":\"Prov\u00edncia Franciscana da Imaculada Concei\u00e7\u00e3o do Brasil - Ordem dos Frades Menores - OFM\",\"potentialAction\":[{\"@type\":\"SearchAction\",\"target\":{\"@type\":\"EntryPoint\",\"urlTemplate\":\"https:\/\/franciscanos.org.br\/noticias\/?s={search_term_string}\"},\"query-input\":\"required name=search_term_string\"}],\"inLanguage\":\"pt-BR\"},{\"@type\":\"ImageObject\",\"inLanguage\":\"pt-BR\",\"@id\":\"https:\/\/franciscanos.org.br\/noticias\/a-odisseia-do-sagrado-entre-os-lancamentos-da-editora-vozes.html#primaryimage\",\"url\":\"https:\/\/franciscanos.org.br\/noticias\/wp-content\/uploads\/2024\/11\/Vozes-800.jpg\",\"contentUrl\":\"https:\/\/franciscanos.org.br\/noticias\/wp-content\/uploads\/2024\/11\/Vozes-800.jpg\",\"width\":1136,\"height\":781},{\"@type\":\"WebPage\",\"@id\":\"https:\/\/franciscanos.org.br\/noticias\/a-odisseia-do-sagrado-entre-os-lancamentos-da-editora-vozes.html#webpage\",\"url\":\"https:\/\/franciscanos.org.br\/noticias\/a-odisseia-do-sagrado-entre-os-lancamentos-da-editora-vozes.html\",\"name\":\"\\\"A Odisseia do Sagrado\\\" entre os lan\u00e7amentos da Editora Vozes - Not\u00edcias - Franciscanos\",\"isPartOf\":{\"@id\":\"https:\/\/franciscanos.org.br\/noticias\/#website\"},\"primaryImageOfPage\":{\"@id\":\"https:\/\/franciscanos.org.br\/noticias\/a-odisseia-do-sagrado-entre-os-lancamentos-da-editora-vozes.html#primaryimage\"},\"datePublished\":\"2024-11-07T12:22:42+00:00\",\"dateModified\":\"2024-11-07T12:22:42+00:00\",\"author\":{\"@id\":\"https:\/\/franciscanos.org.br\/noticias\/#\/schema\/person\/c3a26b08313dd1772495ce300ab257cc\"},\"breadcrumb\":{\"@id\":\"https:\/\/franciscanos.org.br\/noticias\/a-odisseia-do-sagrado-entre-os-lancamentos-da-editora-vozes.html#breadcrumb\"},\"inLanguage\":\"pt-BR\",\"potentialAction\":[{\"@type\":\"ReadAction\",\"target\":[\"https:\/\/franciscanos.org.br\/noticias\/a-odisseia-do-sagrado-entre-os-lancamentos-da-editora-vozes.html\"]}]},{\"@type\":\"BreadcrumbList\",\"@id\":\"https:\/\/franciscanos.org.br\/noticias\/a-odisseia-do-sagrado-entre-os-lancamentos-da-editora-vozes.html#breadcrumb\",\"itemListElement\":[{\"@type\":\"ListItem\",\"position\":1,\"name\":\"Home\",\"item\":\"https:\/\/franciscanos.org.br\/noticias\"},{\"@type\":\"ListItem\",\"position\":2,\"name\":\"&#8220;A Odisseia do Sagrado&#8221; entre os lan\u00e7amentos da Editora Vozes\"}]},{\"@type\":\"Person\",\"@id\":\"https:\/\/franciscanos.org.br\/noticias\/#\/schema\/person\/c3a26b08313dd1772495ce300ab257cc\",\"name\":\"jovenal\",\"image\":{\"@type\":\"ImageObject\",\"inLanguage\":\"pt-BR\",\"@id\":\"https:\/\/franciscanos.org.br\/noticias\/#\/schema\/person\/image\/\",\"url\":\"https:\/\/secure.gravatar.com\/avatar\/e94509f531086e2eaf97e72f29ea00f9?s=96&d=mm&r=g\",\"contentUrl\":\"https:\/\/secure.gravatar.com\/avatar\/e94509f531086e2eaf97e72f29ea00f9?s=96&d=mm&r=g\",\"caption\":\"jovenal\"},\"url\":\"https:\/\/franciscanos.org.br\/noticias\/author\/jovenal\"}]}<\/script>\n<!-- \/ Yoast SEO plugin. -->","yoast_head_json":{"title":"\"A Odisseia do Sagrado\" entre os lan\u00e7amentos da Editora Vozes - Not\u00edcias - Franciscanos","robots":{"index":"index","follow":"follow","max-snippet":"max-snippet:-1","max-image-preview":"max-image-preview:large","max-video-preview":"max-video-preview:-1"},"canonical":"https:\/\/franciscanos.org.br\/noticias\/a-odisseia-do-sagrado-entre-os-lancamentos-da-editora-vozes.html","og_locale":"pt_BR","og_type":"article","og_title":"\"A Odisseia do Sagrado\" entre os lan\u00e7amentos da Editora Vozes - Not\u00edcias - Franciscanos","og_description":"Editora Vozes","og_url":"https:\/\/franciscanos.org.br\/noticias\/a-odisseia-do-sagrado-entre-os-lancamentos-da-editora-vozes.html","og_site_name":"Not\u00edcias - Franciscanos","article_published_time":"2024-11-07T12:22:42+00:00","og_image":[{"width":1136,"height":781,"url":"https:\/\/franciscanos.org.br\/noticias\/wp-content\/uploads\/2024\/11\/Vozes-800.jpg","type":"image\/jpeg"}],"author":"jovenal","twitter_card":"summary_large_image","twitter_misc":{"Escrito por":"jovenal","Est. tempo de leitura":"6 minutos"},"schema":{"@context":"https:\/\/schema.org","@graph":[{"@type":"WebSite","@id":"https:\/\/franciscanos.org.br\/noticias\/#website","url":"https:\/\/franciscanos.org.br\/noticias\/","name":"Not\u00edcias - Franciscanos","description":"Prov\u00edncia Franciscana da Imaculada Concei\u00e7\u00e3o do Brasil - Ordem dos Frades Menores - OFM","potentialAction":[{"@type":"SearchAction","target":{"@type":"EntryPoint","urlTemplate":"https:\/\/franciscanos.org.br\/noticias\/?s={search_term_string}"},"query-input":"required name=search_term_string"}],"inLanguage":"pt-BR"},{"@type":"ImageObject","inLanguage":"pt-BR","@id":"https:\/\/franciscanos.org.br\/noticias\/a-odisseia-do-sagrado-entre-os-lancamentos-da-editora-vozes.html#primaryimage","url":"https:\/\/franciscanos.org.br\/noticias\/wp-content\/uploads\/2024\/11\/Vozes-800.jpg","contentUrl":"https:\/\/franciscanos.org.br\/noticias\/wp-content\/uploads\/2024\/11\/Vozes-800.jpg","width":1136,"height":781},{"@type":"WebPage","@id":"https:\/\/franciscanos.org.br\/noticias\/a-odisseia-do-sagrado-entre-os-lancamentos-da-editora-vozes.html#webpage","url":"https:\/\/franciscanos.org.br\/noticias\/a-odisseia-do-sagrado-entre-os-lancamentos-da-editora-vozes.html","name":"\"A Odisseia do Sagrado\" entre os lan\u00e7amentos da Editora Vozes - Not\u00edcias - Franciscanos","isPartOf":{"@id":"https:\/\/franciscanos.org.br\/noticias\/#website"},"primaryImageOfPage":{"@id":"https:\/\/franciscanos.org.br\/noticias\/a-odisseia-do-sagrado-entre-os-lancamentos-da-editora-vozes.html#primaryimage"},"datePublished":"2024-11-07T12:22:42+00:00","dateModified":"2024-11-07T12:22:42+00:00","author":{"@id":"https:\/\/franciscanos.org.br\/noticias\/#\/schema\/person\/c3a26b08313dd1772495ce300ab257cc"},"breadcrumb":{"@id":"https:\/\/franciscanos.org.br\/noticias\/a-odisseia-do-sagrado-entre-os-lancamentos-da-editora-vozes.html#breadcrumb"},"inLanguage":"pt-BR","potentialAction":[{"@type":"ReadAction","target":["https:\/\/franciscanos.org.br\/noticias\/a-odisseia-do-sagrado-entre-os-lancamentos-da-editora-vozes.html"]}]},{"@type":"BreadcrumbList","@id":"https:\/\/franciscanos.org.br\/noticias\/a-odisseia-do-sagrado-entre-os-lancamentos-da-editora-vozes.html#breadcrumb","itemListElement":[{"@type":"ListItem","position":1,"name":"Home","item":"https:\/\/franciscanos.org.br\/noticias"},{"@type":"ListItem","position":2,"name":"&#8220;A Odisseia do Sagrado&#8221; entre os lan\u00e7amentos da Editora Vozes"}]},{"@type":"Person","@id":"https:\/\/franciscanos.org.br\/noticias\/#\/schema\/person\/c3a26b08313dd1772495ce300ab257cc","name":"jovenal","image":{"@type":"ImageObject","inLanguage":"pt-BR","@id":"https:\/\/franciscanos.org.br\/noticias\/#\/schema\/person\/image\/","url":"https:\/\/secure.gravatar.com\/avatar\/e94509f531086e2eaf97e72f29ea00f9?s=96&d=mm&r=g","contentUrl":"https:\/\/secure.gravatar.com\/avatar\/e94509f531086e2eaf97e72f29ea00f9?s=96&d=mm&r=g","caption":"jovenal"},"url":"https:\/\/franciscanos.org.br\/noticias\/author\/jovenal"}]}},"_links":{"self":[{"href":"https:\/\/franciscanos.org.br\/noticias\/wp-json\/wp\/v2\/posts\/252240"}],"collection":[{"href":"https:\/\/franciscanos.org.br\/noticias\/wp-json\/wp\/v2\/posts"}],"about":[{"href":"https:\/\/franciscanos.org.br\/noticias\/wp-json\/wp\/v2\/types\/post"}],"author":[{"embeddable":true,"href":"https:\/\/franciscanos.org.br\/noticias\/wp-json\/wp\/v2\/users\/7"}],"replies":[{"embeddable":true,"href":"https:\/\/franciscanos.org.br\/noticias\/wp-json\/wp\/v2\/comments?post=252240"}],"version-history":[{"count":1,"href":"https:\/\/franciscanos.org.br\/noticias\/wp-json\/wp\/v2\/posts\/252240\/revisions"}],"predecessor-version":[{"id":252243,"href":"https:\/\/franciscanos.org.br\/noticias\/wp-json\/wp\/v2\/posts\/252240\/revisions\/252243"}],"wp:featuredmedia":[{"embeddable":true,"href":"https:\/\/franciscanos.org.br\/noticias\/wp-json\/wp\/v2\/media\/252241"}],"wp:attachment":[{"href":"https:\/\/franciscanos.org.br\/noticias\/wp-json\/wp\/v2\/media?parent=252240"}],"wp:term":[{"taxonomy":"category","embeddable":true,"href":"https:\/\/franciscanos.org.br\/noticias\/wp-json\/wp\/v2\/categories?post=252240"},{"taxonomy":"post_tag","embeddable":true,"href":"https:\/\/franciscanos.org.br\/noticias\/wp-json\/wp\/v2\/tags?post=252240"}],"curies":[{"name":"wp","href":"https:\/\/api.w.org\/{rel}","templated":true}]}}