{"id":252041,"date":"2024-11-05T20:55:38","date_gmt":"2024-11-05T23:55:38","guid":{"rendered":"https:\/\/franciscanos.org.br\/noticias\/?p=252041"},"modified":"2024-11-08T09:59:29","modified_gmt":"2024-11-08T12:59:29","slug":"capitulo-provincial-segundo-dia-exalta-aspectos-do-rever","status":"publish","type":"post","link":"https:\/\/franciscanos.org.br\/noticias\/capitulo-provincial-segundo-dia-exalta-aspectos-do-rever.html","title":{"rendered":"Cap\u00edtulo Provincial: Segundo dia exalta aspectos do \u201cRever\u201d"},"content":{"rendered":"<p><img loading=\"lazy\" class=\"aligncenter wp-image-252042 size-full\" src=\"https:\/\/franciscanos.org.br\/noticias\/wp-content\/uploads\/2024\/11\/MATERIA-5.jpg\" alt=\"\" width=\"1280\" height=\"720\" srcset=\"https:\/\/franciscanos.org.br\/noticias\/wp-content\/uploads\/2024\/11\/MATERIA-5.jpg 1280w, https:\/\/franciscanos.org.br\/noticias\/wp-content\/uploads\/2024\/11\/MATERIA-5-450x253.jpg 450w, https:\/\/franciscanos.org.br\/noticias\/wp-content\/uploads\/2024\/11\/MATERIA-5-1024x576.jpg 1024w, https:\/\/franciscanos.org.br\/noticias\/wp-content\/uploads\/2024\/11\/MATERIA-5-768x432.jpg 768w, https:\/\/franciscanos.org.br\/noticias\/wp-content\/uploads\/2024\/11\/MATERIA-5-150x84.jpg 150w\" sizes=\"(max-width: 1280px) 100vw, 1280px\" \/><\/p>\n<p>O segundo dia do Cap\u00edtulo Provincial 2024 foi dedicado \u00e0 escuta e reverbera\u00e7\u00e3o do Relat\u00f3rio do Ministro provincial. Frei Paulo Roberto Pereira apresentou uma s\u00edntese da sua perspectiva a partir de um tri\u00eanio de atua\u00e7\u00e3o na anima\u00e7\u00e3o e governo da Prov\u00edncia Franciscana da Imaculada Concei\u00e7\u00e3o do Brasil, bem como das visitas realizadas em todas as fraternidades no Brasil e em Angola. Segundo ele, al\u00e9m de uma importante inst\u00e2ncia de proximidade e escuta, tamb\u00e9m foi uma rica experi\u00eancia de conhecimento da realidade provincial.<\/p>\n<p><strong>Motiva\u00e7\u00e3o \u00e0 Revis\u00e3o<\/strong><\/p>\n<p>O dia come\u00e7ou com a Celebra\u00e7\u00e3o Eucar\u00edstica, votiva ao Esp\u00edrito Santo, presidida por Frei Paulo e concelebrada por Frei Gustavo Wayand Medella, Vig\u00e1rio provincial, e Frei Claudino Gilz, Coordenador da Comiss\u00e3o Preparat\u00f3ria do Cap\u00edtulo Provincial. Logo ap\u00f3s a celebra\u00e7\u00e3o, os mais de 100 frades reunidos no Semin\u00e1rio Santo Ant\u00f4nio, de Agudos (SP), iniciaram seus trabalhos \u00e0 luz da reflex\u00e3o sobre a Vida Fraterna, conduzida por Frei Vagner Sassi.<\/p>\n\n\t\t<style type=\"text\/css\">\n\t\t\t#gallery-1 {\n\t\t\t\tmargin: auto;\n\t\t\t}\n\t\t\t#gallery-1 .gallery-item {\n\t\t\t\tfloat: left;\n\t\t\t\tmargin-top: 10px;\n\t\t\t\ttext-align: center;\n\t\t\t\twidth: 33%;\n\t\t\t}\n\t\t\t#gallery-1 img {\n\t\t\t\tborder: 2px solid #cfcfcf;\n\t\t\t}\n\t\t\t#gallery-1 .gallery-caption {\n\t\t\t\tmargin-left: 0;\n\t\t\t}\n\t\t\t\/* see gallery_shortcode() in wp-includes\/media.php *\/\n\t\t<\/style>\n\t\t<div id='gallery-1' class='gallery galleryid-252041 gallery-columns-3 gallery-size-thumbnail'><dl class='gallery-item'>\n\t\t\t<dt class='gallery-icon landscape'>\n\t\t\t\t<a href='https:\/\/franciscanos.org.br\/noticias\/wp-content\/uploads\/2024\/11\/IMG_2823-scaled.jpg'><img width=\"300\" height=\"300\" src=\"https:\/\/franciscanos.org.br\/noticias\/wp-content\/uploads\/2024\/11\/IMG_2823-300x300.jpg\" class=\"attachment-thumbnail size-thumbnail\" alt=\"\" loading=\"lazy\" srcset=\"https:\/\/franciscanos.org.br\/noticias\/wp-content\/uploads\/2024\/11\/IMG_2823-300x300.jpg 300w, https:\/\/franciscanos.org.br\/noticias\/wp-content\/uploads\/2024\/11\/IMG_2823-100x100.jpg 100w\" sizes=\"(max-width: 300px) 100vw, 300px\" \/><\/a>\n\t\t\t<\/dt><\/dl><dl class='gallery-item'>\n\t\t\t<dt class='gallery-icon landscape'>\n\t\t\t\t<a href='https:\/\/franciscanos.org.br\/noticias\/wp-content\/uploads\/2024\/11\/IMG_2804-scaled.jpg'><img width=\"300\" height=\"300\" src=\"https:\/\/franciscanos.org.br\/noticias\/wp-content\/uploads\/2024\/11\/IMG_2804-300x300.jpg\" class=\"attachment-thumbnail size-thumbnail\" alt=\"\" loading=\"lazy\" srcset=\"https:\/\/franciscanos.org.br\/noticias\/wp-content\/uploads\/2024\/11\/IMG_2804-300x300.jpg 300w, https:\/\/franciscanos.org.br\/noticias\/wp-content\/uploads\/2024\/11\/IMG_2804-100x100.jpg 100w\" sizes=\"(max-width: 300px) 100vw, 300px\" \/><\/a>\n\t\t\t<\/dt><\/dl><dl class='gallery-item'>\n\t\t\t<dt class='gallery-icon landscape'>\n\t\t\t\t<a href='https:\/\/franciscanos.org.br\/noticias\/wp-content\/uploads\/2024\/11\/IMG_2839-scaled.jpg'><img width=\"300\" height=\"300\" src=\"https:\/\/franciscanos.org.br\/noticias\/wp-content\/uploads\/2024\/11\/IMG_2839-300x300.jpg\" class=\"attachment-thumbnail size-thumbnail\" alt=\"\" loading=\"lazy\" srcset=\"https:\/\/franciscanos.org.br\/noticias\/wp-content\/uploads\/2024\/11\/IMG_2839-300x300.jpg 300w, https:\/\/franciscanos.org.br\/noticias\/wp-content\/uploads\/2024\/11\/IMG_2839-100x100.jpg 100w\" sizes=\"(max-width: 300px) 100vw, 300px\" \/><\/a>\n\t\t\t<\/dt><\/dl><br style=\"clear: both\" \/>\n\t\t<\/div>\n\n<p>Seguindo a inspira\u00e7\u00e3o do primeiro verbo do tema do Cap\u00edtulo: \u201cRever\u201d, Frei Vagner convidou os irm\u00e3os \u00e0 recorda\u00e7\u00e3o do Ser\u00e1fico Pai, S\u00e3o Francisco de Assis, percorrendo os caminhos da \u00dambria, apreciando as paisagens e o toque da Cria\u00e7\u00e3o. Provocou o reconhecimento de que Francisco foi um homem movido pela esperan\u00e7a de se manter em cont\u00ednuo processo de transforma\u00e7\u00e3o e convers\u00e3o. Segundo ele, os pobres seriam a fa\u00edsca de um processo de revis\u00e3o que, diante da constata\u00e7\u00e3o das pr\u00f3prias fragilidades, nos levar\u00e1 ao abandono na miseric\u00f3rdia divina.<\/p>\n<p>Na percep\u00e7\u00e3o dos frades, esta revis\u00e3o exigir\u00e1 uma mudan\u00e7a no pr\u00f3prio olhar, para ser poss\u00edvel rever, com olhos sadios e esperan\u00e7osos, o encanto da Boa Nova franciscana presente no mundo. Envoltos pela reflex\u00e3o, coube a pergunta: \u00a0\u201cComo revigorar o olhar para que a revis\u00e3o seja proveitosa \u00e0 vida e ao modo de evangeliza\u00e7\u00e3o? \u201d<\/p>\n<p>O frade respondeu que \u00e9 preciso se deixar marcar pelas \u201cchagas do amor\u201d, pelos \u201cmesmos sentimentos que Cristo teve\u201d (Fl 2,5.7), pelo desejo de ter o mesmo \u201cEsp\u00edrito do Senhor e seu santo modo de operar\u201d (RB 10,9). \u00c9 preciso apostar na vida fraterna, renovar a esperan\u00e7a de que os irm\u00e3os e irm\u00e3s s\u00e3o dom que o pr\u00f3prio Senhor revela seu valor.<\/p>\n<p><strong>Relat\u00f3rio do Ministro Provincial<\/strong><\/p>\n<p>Na sequ\u00eancia, deu-se in\u00edcio \u00e0 atividade principal do dia que era a leitura do Relat\u00f3rio do Ministro provincial. Frei Paulo, tomando a palavra, recordou que o Cap\u00edtulo \u00e9 uma rica oportunidade para olhar para tr\u00e1s, n\u00e3o como simples movimento nost\u00e1lgico, mas como um passo atr\u00e1s para enxergar melhor o que est\u00e1 acontecendo agora ou o que poder\u00e1 vir a acontecer. \u201c\u00c9 oportunidade para cada um rever a pr\u00f3pria decis\u00e3o vocacional para se reintroduzir nesta etapa dos 350 anos de caminhada da Prov\u00edncia que nos acolheu um dia e dos 800 anos de acontecimentos que marcaram a vida de S\u00e3o Francisco de Assis e repercutiram na hist\u00f3ria da Ordem at\u00e9 os nossos dias\u201d, disse.<\/p>\n\n\t\t<style type=\"text\/css\">\n\t\t\t#gallery-2 {\n\t\t\t\tmargin: auto;\n\t\t\t}\n\t\t\t#gallery-2 .gallery-item {\n\t\t\t\tfloat: left;\n\t\t\t\tmargin-top: 10px;\n\t\t\t\ttext-align: center;\n\t\t\t\twidth: 50%;\n\t\t\t}\n\t\t\t#gallery-2 img {\n\t\t\t\tborder: 2px solid #cfcfcf;\n\t\t\t}\n\t\t\t#gallery-2 .gallery-caption {\n\t\t\t\tmargin-left: 0;\n\t\t\t}\n\t\t\t\/* see gallery_shortcode() in wp-includes\/media.php *\/\n\t\t<\/style>\n\t\t<div id='gallery-2' class='gallery galleryid-252041 gallery-columns-2 gallery-size-thumbnail'><dl class='gallery-item'>\n\t\t\t<dt class='gallery-icon landscape'>\n\t\t\t\t<a href='https:\/\/franciscanos.org.br\/noticias\/wp-content\/uploads\/2024\/11\/IMG_2971-scaled.jpg'><img width=\"300\" height=\"300\" src=\"https:\/\/franciscanos.org.br\/noticias\/wp-content\/uploads\/2024\/11\/IMG_2971-300x300.jpg\" class=\"attachment-thumbnail size-thumbnail\" alt=\"\" loading=\"lazy\" srcset=\"https:\/\/franciscanos.org.br\/noticias\/wp-content\/uploads\/2024\/11\/IMG_2971-300x300.jpg 300w, https:\/\/franciscanos.org.br\/noticias\/wp-content\/uploads\/2024\/11\/IMG_2971-100x100.jpg 100w\" sizes=\"(max-width: 300px) 100vw, 300px\" \/><\/a>\n\t\t\t<\/dt><\/dl><dl class='gallery-item'>\n\t\t\t<dt class='gallery-icon landscape'>\n\t\t\t\t<a href='https:\/\/franciscanos.org.br\/noticias\/wp-content\/uploads\/2024\/11\/IMG_2912-scaled.jpg'><img width=\"300\" height=\"300\" src=\"https:\/\/franciscanos.org.br\/noticias\/wp-content\/uploads\/2024\/11\/IMG_2912-300x300.jpg\" class=\"attachment-thumbnail size-thumbnail\" alt=\"\" loading=\"lazy\" srcset=\"https:\/\/franciscanos.org.br\/noticias\/wp-content\/uploads\/2024\/11\/IMG_2912-300x300.jpg 300w, https:\/\/franciscanos.org.br\/noticias\/wp-content\/uploads\/2024\/11\/IMG_2912-100x100.jpg 100w\" sizes=\"(max-width: 300px) 100vw, 300px\" \/><\/a>\n\t\t\t<\/dt><\/dl><br style=\"clear: both\" \/>\n\t\t<\/div>\n\n<p>Frei Paulo recordou que este Cap\u00edtulo foi organizado segundo tr\u00eas eixos norteadores: a Forma\u00e7\u00e3o, a Evangeliza\u00e7\u00e3o e a Administra\u00e7\u00e3o dos Bens. Estas tr\u00eas dimens\u00f5es d\u00e3o forma e vida \u00e0 miss\u00e3o fraterna e agrupam os esfor\u00e7os de todos os irm\u00e3os, mesmo que em diferentes trabalhos, a encontrar formas criativas de anunciar o Evangelho, de testemunhar o carisma abra\u00e7ado, de atrair pessoas a abra\u00e7ar um mesmo projeto de vida. \u00a0Segundo o Ministro provincial, a reflex\u00e3o do Cap\u00edtulo deve permitir a cada irm\u00e3o renovar o sentido de perten\u00e7a a uma mesma fam\u00edlia institucional, ao envolvimento criativo com suas responsabilidades e rela\u00e7\u00f5es cultivadas com a sociedade, com a Igreja e, mais que isso, com cada pessoa humana.<\/p>\n<p>Frei Paulo alertou, ainda, ao risco da entrega ao individualismo que exige do religioso cada vez maior espa\u00e7o de tempo de sua vida ao cultivo de \u201cum tempo para si mesmo\u201d. Este tempo, consequentemente, acaba sendo subtra\u00eddo daquele que poderia estar sendo dedicado ao trabalho evangelizador, \u00e0 constru\u00e7\u00e3o de rela\u00e7\u00f5es fraternas, \u00e0 dedica\u00e7\u00e3o ao outro. Recordou que este \u201ctempo para si mesmo\u201d n\u00e3o deveria ser assumido como um direito individual, apregoado por uma sociedade ensimesmada, mas como uma triste perda do tempo que poderia ser entregue ao outro, caso nos lembremos que prometemos imitar aquele que \u201cveio para servir\u201d (Mt 20,28).<\/p>\n<p>As palavras de Frei Paulo, expectativa compartilhada pelos irm\u00e3os, resumem o sentido do Cap\u00edtulo: \u201cQue os dias de Cap\u00edtulo tenham a marca da sinceridade para reconhecer os eventuais equ\u00edvocos e at\u00e9 mesmo a fragilidade no modo de assumir os compromissos apontados pelo discernimento da Fraternidade reunida. Ao mesmo tempo, que os dias de Cap\u00edtulo sejam carregados de firme disposi\u00e7\u00e3o que nos fa\u00e7a alcan\u00e7ar a leveza, o desprendimento e a confian\u00e7a para reavivar o dom de viver e promover a fraternidade\u201d.<\/p>\n<p><strong>Uma s\u00edntese do tri\u00eanio 2022-2024<\/strong><\/p>\n<p>Tomando a palavra, Frei Rodrigo da Silva Santos, Secret\u00e1rio provincial, descreveu as atividades realizadas pela Secretaria Provincial nos \u00faltimos tr\u00eas anos. Destacou o cont\u00ednuo processo de transposi\u00e7\u00e3o dos arquivos f\u00edsicos ao servidor digital, o que permitir\u00e1 melhor acesso \u00e0s informa\u00e7\u00f5es dos frades e fraternidades. Frutos deste trabalho s\u00e3o as \u201ccarteirinhas franciscanas\u201d, com as quais os frades podem se apresentar em outros lugares comprovando sua perten\u00e7a institucional \u00e0 Prov\u00edncia.<img loading=\"lazy\" class=\" wp-image-252052 alignleft\" src=\"https:\/\/franciscanos.org.br\/noticias\/wp-content\/uploads\/2024\/11\/IMG_2968-450x253.jpg\" alt=\"\" width=\"594\" height=\"334\" srcset=\"https:\/\/franciscanos.org.br\/noticias\/wp-content\/uploads\/2024\/11\/IMG_2968-450x253.jpg 450w, https:\/\/franciscanos.org.br\/noticias\/wp-content\/uploads\/2024\/11\/IMG_2968-1024x575.jpg 1024w, https:\/\/franciscanos.org.br\/noticias\/wp-content\/uploads\/2024\/11\/IMG_2968-768x431.jpg 768w, https:\/\/franciscanos.org.br\/noticias\/wp-content\/uploads\/2024\/11\/IMG_2968-1536x862.jpg 1536w, https:\/\/franciscanos.org.br\/noticias\/wp-content\/uploads\/2024\/11\/IMG_2968-2048x1150.jpg 2048w, https:\/\/franciscanos.org.br\/noticias\/wp-content\/uploads\/2024\/11\/IMG_2968-150x84.jpg 150w, https:\/\/franciscanos.org.br\/noticias\/wp-content\/uploads\/2024\/11\/IMG_2968-scaled.jpg 1920w\" sizes=\"(max-width: 594px) 100vw, 594px\" \/><\/p>\n<p>Frei Rodrigo tamb\u00e9m esclareceu os diversos processos de separa\u00e7\u00e3o da fraternidade que foram realizados com o objetivo de regularizar o estado de vida de irm\u00e3os que deixaram a Ordem h\u00e1 anos e responder ao pedido da gra\u00e7a daqueles que desejavam iniciar um processo de discernimento vocacional ou, j\u00e1 decididos, dar passos em um novo estado de vida como leigos crist\u00e3os na sociedade. Por fim, foram apresentados os trabalhos do Setor de Comunica\u00e7\u00e3o da Sede Provincial, entre publica\u00e7\u00f5es f\u00edsicas e manuten\u00e7\u00e3o do site e redes sociais.<\/p>\n<p>Frei Gustavo Wayand Medella, Secret\u00e1rio para a Evangeliza\u00e7\u00e3o, ent\u00e3o dedicou-se \u00e0 apresenta\u00e7\u00e3o dos trabalhos das cinco frentes de Evangeliza\u00e7\u00e3o, passando pela situa\u00e7\u00e3o institucional das Obras da Prov\u00edncia nos campos da Educa\u00e7\u00e3o, da Comunica\u00e7\u00e3o e da Solidariedade. Ressaltou os v\u00ednculos de entreajuda que t\u00eam sido poss\u00edvel construir entre uma obra e outra, a fim de que as for\u00e7as sejam somadas e o carisma franciscano melhor evidenciado.<\/p>\n<p>Frei Marcos Antonio de Andrade, Secret\u00e1rio para a Forma\u00e7\u00e3o e os Estudos, tomando a palavra descreveu as atividades ligadas \u00e0 Forma\u00e7\u00e3o realizadas no decorrer do tri\u00eanio, dando especial enfoque ao F\u00f3rum para a Forma\u00e7\u00e3o e os Estudos que tra\u00e7ou as diretrizes da atualiza\u00e7\u00e3o do programa formativo que seria desenhado nos meses que se seguiriam. Frei Marcos indicou, ainda, os n\u00fameros de cada uma das Etapas da Forma\u00e7\u00e3o, os desafios que precisam ser refletidos e respondidos pelos frades ligados a esta miss\u00e3o. Destaca-se a constata\u00e7\u00e3o da significativa parcela de voca\u00e7\u00f5es que v\u00eam das capitais onde a Prov\u00edncia tem presen\u00e7a. Embora muitos tenham feito o primeiro contato pela Internet, nesses lugares tem sido poss\u00edvel fazer um acompanhamento peri\u00f3dico presencial, o que fortalece o processo de discernimento. Constatou-se tamb\u00e9m que o maior \u00edndice de perseveran\u00e7a est\u00e1 entre jovens na casa dos 20 anos, faixa a qual se deve dar maior aten\u00e7\u00e3o. <img loading=\"lazy\" class=\"size-medium wp-image-252060 alignright\" src=\"https:\/\/franciscanos.org.br\/noticias\/wp-content\/uploads\/2024\/11\/IMG_2942-450x300.jpg\" alt=\"\" width=\"450\" height=\"300\" srcset=\"https:\/\/franciscanos.org.br\/noticias\/wp-content\/uploads\/2024\/11\/IMG_2942-450x300.jpg 450w, https:\/\/franciscanos.org.br\/noticias\/wp-content\/uploads\/2024\/11\/IMG_2942-1024x683.jpg 1024w, https:\/\/franciscanos.org.br\/noticias\/wp-content\/uploads\/2024\/11\/IMG_2942-768x512.jpg 768w, https:\/\/franciscanos.org.br\/noticias\/wp-content\/uploads\/2024\/11\/IMG_2942-1536x1024.jpg 1536w, https:\/\/franciscanos.org.br\/noticias\/wp-content\/uploads\/2024\/11\/IMG_2942-2048x1365.jpg 2048w, https:\/\/franciscanos.org.br\/noticias\/wp-content\/uploads\/2024\/11\/IMG_2942-150x100.jpg 150w, https:\/\/franciscanos.org.br\/noticias\/wp-content\/uploads\/2024\/11\/IMG_2942-scaled.jpg 1620w\" sizes=\"(max-width: 450px) 100vw, 450px\" \/><\/p>\n<p>No per\u00edodo da tarde, Frei Robson Luiz Scudela, Ec\u00f4nomo provincial, apresentou os balan\u00e7os cont\u00e1beis da Prov\u00edncia, dos tr\u00eas primeiros trimestres de 2024. O enfoque da abordagem seguiu a metodologia dos documentos da Igreja sobre economia, buscando identificar as fontes da renda institucional e o destino da mesma em sua propor\u00e7\u00e3o quanto \u00e0 manuten\u00e7\u00e3o das estruturas e dos pr\u00f3prios frades, e se esta parcela \u00e9 adequada \u00e0quela que se destina \u00e0 miss\u00e3o e restitui\u00e7\u00e3o aos pobres. Tal abordagem serve tanto ao conhecimento da sa\u00fade financeira institucional, quanto \u00e0 provoca\u00e7\u00e3o do que mais podemos ser e fazer em fidelidade ao carisma abra\u00e7ado.<\/p>\n<p>Frei Paulo, ent\u00e3o, tomando a palavra novamente, retomou alguns aspectos da dimens\u00e3o da Evangeliza\u00e7\u00e3o para refor\u00e7ar elementos abordados por Frei Gustavo. Recordou a realidade em transforma\u00e7\u00e3o na qual estamos inseridos e as s\u00e9rias provoca\u00e7\u00f5es que esta faz ao nosso estilo de vida religioso e nosso modo de evangelizar nas par\u00f3quias e outras frentes de miss\u00e3o. De acordo com o frade, se evangelizar \u00e9 a raz\u00e3o de ser da pr\u00f3pria Igreja, n\u00e3o podemos ser indiferentes a estas mudan\u00e7as na esperan\u00e7a de que a institui\u00e7\u00e3o perdurar\u00e1 intocada aos movimentos da sociedade. N\u00e3o h\u00e1 d\u00favida de que h\u00e1 esfor\u00e7os na busca por renova\u00e7\u00e3o e inser\u00e7\u00e3o, mas \u00e9 preciso permitir que as provoca\u00e7\u00f5es do mundo, como diz Papa Francisco, reverberem mais nas fraternidades, que a tenta\u00e7\u00e3o do apego \u00e0s estruturas e a tend\u00eancia \u00e0 autorreferencialidade, de forma que n\u00e3o nublem nossa capacidade de di\u00e1logo e revis\u00e3o.<\/p>\n<p><strong>Mensagem do Ministro Geral<\/strong><\/p>\n<p>O Ministro geral, Frei Massimo Fusarelli, escreveu aos frades capitulares uma carta, entregue na \u00faltima semana e lida nesta tarde. A carta certamente marcada por um irm\u00e3o com profundo sentido de cuidado e proximidade, ressalta elementos percebidos em primeira m\u00e3o ap\u00f3s sua visita \u00e0 Prov\u00edncia no ano passado. O frade n\u00e3o deixou de provocar ao vislumbre de uma Prov\u00edncia que pode amadurecer no h\u00e1bito da saud\u00e1vel altern\u00e2ncia dos of\u00edcios, em vista da renova\u00e7\u00e3o criativa de novos olhares e mentalidades; na confian\u00e7a fraterna em que a partilha dos dons e receitas reforcem o compromisso com a pobreza e fraternidade; na supera\u00e7\u00e3o de qualquer esp\u00edrito de competi\u00e7\u00e3o e divis\u00e3o nascidas do individualismo e da busca de seguran\u00e7as, para que os irm\u00e3os possam discernir novos caminhos na fidelidade aos que abra\u00e7aram ser e, juntos, trilhar passos.<\/p>\n<p>\u00c0 noite, os frades ir\u00e3o conversar\u00a0 sobre as tem\u00e1ticas abordadas no decorrer do dia, apontando seus destaques aos elementos do relat\u00f3rio, suas d\u00favidas para que possam ser melhor esclarecidas e contrapontos para enriquecer a discuss\u00e3o.<\/p>\n<hr \/>\n<p><em>Frei Elias Hebo Lu\u00eds e Frei Rodrigo da Silva Santos<\/em><\/p>\n\n\t\t<style type=\"text\/css\">\n\t\t\t#gallery-3 {\n\t\t\t\tmargin: auto;\n\t\t\t}\n\t\t\t#gallery-3 .gallery-item {\n\t\t\t\tfloat: left;\n\t\t\t\tmargin-top: 10px;\n\t\t\t\ttext-align: center;\n\t\t\t\twidth: 33%;\n\t\t\t}\n\t\t\t#gallery-3 img {\n\t\t\t\tborder: 2px solid #cfcfcf;\n\t\t\t}\n\t\t\t#gallery-3 .gallery-caption {\n\t\t\t\tmargin-left: 0;\n\t\t\t}\n\t\t\t\/* see gallery_shortcode() in wp-includes\/media.php *\/\n\t\t<\/style>\n\t\t<div id='gallery-3' class='gallery galleryid-252041 gallery-columns-3 gallery-size-thumbnail'><dl class='gallery-item'>\n\t\t\t<dt class='gallery-icon landscape'>\n\t\t\t\t<a href='https:\/\/franciscanos.org.br\/noticias\/capitulo-provincial-segundo-dia-exalta-aspectos-do-rever.html\/img_3026-1'><img width=\"300\" height=\"300\" src=\"https:\/\/franciscanos.org.br\/noticias\/wp-content\/uploads\/2024\/11\/IMG_3026-1-300x300.jpg\" class=\"attachment-thumbnail size-thumbnail\" alt=\"\" loading=\"lazy\" srcset=\"https:\/\/franciscanos.org.br\/noticias\/wp-content\/uploads\/2024\/11\/IMG_3026-1-300x300.jpg 300w, https:\/\/franciscanos.org.br\/noticias\/wp-content\/uploads\/2024\/11\/IMG_3026-1-100x100.jpg 100w\" sizes=\"(max-width: 300px) 100vw, 300px\" \/><\/a>\n\t\t\t<\/dt><\/dl><dl class='gallery-item'>\n\t\t\t<dt class='gallery-icon landscape'>\n\t\t\t\t<a href='https:\/\/franciscanos.org.br\/noticias\/capitulo-provincial-segundo-dia-exalta-aspectos-do-rever.html\/img_5157-1'><img width=\"300\" height=\"300\" src=\"https:\/\/franciscanos.org.br\/noticias\/wp-content\/uploads\/2024\/11\/IMG_5157-1-1-300x300.jpg\" class=\"attachment-thumbnail size-thumbnail\" alt=\"\" loading=\"lazy\" srcset=\"https:\/\/franciscanos.org.br\/noticias\/wp-content\/uploads\/2024\/11\/IMG_5157-1-1-300x300.jpg 300w, https:\/\/franciscanos.org.br\/noticias\/wp-content\/uploads\/2024\/11\/IMG_5157-1-1-100x100.jpg 100w\" sizes=\"(max-width: 300px) 100vw, 300px\" \/><\/a>\n\t\t\t<\/dt><\/dl><dl class='gallery-item'>\n\t\t\t<dt class='gallery-icon landscape'>\n\t\t\t\t<a href='https:\/\/franciscanos.org.br\/noticias\/capitulo-provincial-segundo-dia-exalta-aspectos-do-rever.html\/img_5156'><img width=\"300\" height=\"300\" src=\"https:\/\/franciscanos.org.br\/noticias\/wp-content\/uploads\/2024\/11\/IMG_5156-300x300.jpg\" class=\"attachment-thumbnail size-thumbnail\" alt=\"\" loading=\"lazy\" srcset=\"https:\/\/franciscanos.org.br\/noticias\/wp-content\/uploads\/2024\/11\/IMG_5156-300x300.jpg 300w, https:\/\/franciscanos.org.br\/noticias\/wp-content\/uploads\/2024\/11\/IMG_5156-100x100.jpg 100w\" sizes=\"(max-width: 300px) 100vw, 300px\" \/><\/a>\n\t\t\t<\/dt><\/dl><br style=\"clear: both\" \/><dl class='gallery-item'>\n\t\t\t<dt class='gallery-icon landscape'>\n\t\t\t\t<a href='https:\/\/franciscanos.org.br\/noticias\/capitulo-provincial-segundo-dia-exalta-aspectos-do-rever.html\/img_5188'><img width=\"300\" height=\"300\" src=\"https:\/\/franciscanos.org.br\/noticias\/wp-content\/uploads\/2024\/11\/IMG_5188-300x300.jpg\" class=\"attachment-thumbnail size-thumbnail\" alt=\"\" loading=\"lazy\" srcset=\"https:\/\/franciscanos.org.br\/noticias\/wp-content\/uploads\/2024\/11\/IMG_5188-300x300.jpg 300w, https:\/\/franciscanos.org.br\/noticias\/wp-content\/uploads\/2024\/11\/IMG_5188-100x100.jpg 100w\" sizes=\"(max-width: 300px) 100vw, 300px\" \/><\/a>\n\t\t\t<\/dt><\/dl><dl class='gallery-item'>\n\t\t\t<dt class='gallery-icon landscape'>\n\t\t\t\t<a href='https:\/\/franciscanos.org.br\/noticias\/capitulo-provincial-segundo-dia-exalta-aspectos-do-rever.html\/img_5209'><img width=\"300\" height=\"300\" src=\"https:\/\/franciscanos.org.br\/noticias\/wp-content\/uploads\/2024\/11\/IMG_5209-300x300.jpg\" class=\"attachment-thumbnail size-thumbnail\" alt=\"\" loading=\"lazy\" srcset=\"https:\/\/franciscanos.org.br\/noticias\/wp-content\/uploads\/2024\/11\/IMG_5209-300x300.jpg 300w, https:\/\/franciscanos.org.br\/noticias\/wp-content\/uploads\/2024\/11\/IMG_5209-100x100.jpg 100w\" sizes=\"(max-width: 300px) 100vw, 300px\" \/><\/a>\n\t\t\t<\/dt><\/dl><dl class='gallery-item'>\n\t\t\t<dt class='gallery-icon landscape'>\n\t\t\t\t<a href='https:\/\/franciscanos.org.br\/noticias\/capitulo-provincial-segundo-dia-exalta-aspectos-do-rever.html\/img_5255'><img width=\"300\" height=\"300\" src=\"https:\/\/franciscanos.org.br\/noticias\/wp-content\/uploads\/2024\/11\/IMG_5255-300x300.jpg\" class=\"attachment-thumbnail size-thumbnail\" alt=\"\" loading=\"lazy\" srcset=\"https:\/\/franciscanos.org.br\/noticias\/wp-content\/uploads\/2024\/11\/IMG_5255-300x300.jpg 300w, https:\/\/franciscanos.org.br\/noticias\/wp-content\/uploads\/2024\/11\/IMG_5255-100x100.jpg 100w\" sizes=\"(max-width: 300px) 100vw, 300px\" \/><\/a>\n\t\t\t<\/dt><\/dl><br style=\"clear: both\" \/><dl class='gallery-item'>\n\t\t\t<dt class='gallery-icon landscape'>\n\t\t\t\t<a href='https:\/\/franciscanos.org.br\/noticias\/capitulo-provincial-segundo-dia-exalta-aspectos-do-rever.html\/img_5253'><img width=\"300\" height=\"300\" src=\"https:\/\/franciscanos.org.br\/noticias\/wp-content\/uploads\/2024\/11\/IMG_5253-300x300.jpg\" class=\"attachment-thumbnail size-thumbnail\" alt=\"\" loading=\"lazy\" srcset=\"https:\/\/franciscanos.org.br\/noticias\/wp-content\/uploads\/2024\/11\/IMG_5253-300x300.jpg 300w, https:\/\/franciscanos.org.br\/noticias\/wp-content\/uploads\/2024\/11\/IMG_5253-100x100.jpg 100w\" sizes=\"(max-width: 300px) 100vw, 300px\" \/><\/a>\n\t\t\t<\/dt><\/dl><dl class='gallery-item'>\n\t\t\t<dt class='gallery-icon landscape'>\n\t\t\t\t<a href='https:\/\/franciscanos.org.br\/noticias\/capitulo-provincial-segundo-dia-exalta-aspectos-do-rever.html\/img_2919-2'><img width=\"300\" height=\"300\" src=\"https:\/\/franciscanos.org.br\/noticias\/wp-content\/uploads\/2024\/11\/IMG_2919-300x300.jpg\" class=\"attachment-thumbnail size-thumbnail\" alt=\"\" loading=\"lazy\" srcset=\"https:\/\/franciscanos.org.br\/noticias\/wp-content\/uploads\/2024\/11\/IMG_2919-300x300.jpg 300w, https:\/\/franciscanos.org.br\/noticias\/wp-content\/uploads\/2024\/11\/IMG_2919-100x100.jpg 100w\" sizes=\"(max-width: 300px) 100vw, 300px\" \/><\/a>\n\t\t\t<\/dt><\/dl><dl class='gallery-item'>\n\t\t\t<dt class='gallery-icon landscape'>\n\t\t\t\t<a href='https:\/\/franciscanos.org.br\/noticias\/capitulo-provincial-segundo-dia-exalta-aspectos-do-rever.html\/img_2759'><img width=\"300\" height=\"300\" src=\"https:\/\/franciscanos.org.br\/noticias\/wp-content\/uploads\/2024\/11\/IMG_2759-300x300.jpg\" class=\"attachment-thumbnail size-thumbnail\" alt=\"\" loading=\"lazy\" srcset=\"https:\/\/franciscanos.org.br\/noticias\/wp-content\/uploads\/2024\/11\/IMG_2759-300x300.jpg 300w, https:\/\/franciscanos.org.br\/noticias\/wp-content\/uploads\/2024\/11\/IMG_2759-100x100.jpg 100w\" sizes=\"(max-width: 300px) 100vw, 300px\" \/><\/a>\n\t\t\t<\/dt><\/dl><br style=\"clear: both\" \/><dl class='gallery-item'>\n\t\t\t<dt class='gallery-icon landscape'>\n\t\t\t\t<a href='https:\/\/franciscanos.org.br\/noticias\/capitulo-provincial-segundo-dia-exalta-aspectos-do-rever.html\/img_2763'><img width=\"300\" height=\"300\" src=\"https:\/\/franciscanos.org.br\/noticias\/wp-content\/uploads\/2024\/11\/IMG_2763-300x300.jpg\" class=\"attachment-thumbnail size-thumbnail\" alt=\"\" loading=\"lazy\" srcset=\"https:\/\/franciscanos.org.br\/noticias\/wp-content\/uploads\/2024\/11\/IMG_2763-300x300.jpg 300w, https:\/\/franciscanos.org.br\/noticias\/wp-content\/uploads\/2024\/11\/IMG_2763-100x100.jpg 100w\" sizes=\"(max-width: 300px) 100vw, 300px\" \/><\/a>\n\t\t\t<\/dt><\/dl><dl class='gallery-item'>\n\t\t\t<dt class='gallery-icon landscape'>\n\t\t\t\t<a href='https:\/\/franciscanos.org.br\/noticias\/capitulo-provincial-segundo-dia-exalta-aspectos-do-rever.html\/img_2786'><img width=\"300\" height=\"300\" src=\"https:\/\/franciscanos.org.br\/noticias\/wp-content\/uploads\/2024\/11\/IMG_2786-300x300.jpg\" class=\"attachment-thumbnail size-thumbnail\" alt=\"\" loading=\"lazy\" srcset=\"https:\/\/franciscanos.org.br\/noticias\/wp-content\/uploads\/2024\/11\/IMG_2786-300x300.jpg 300w, https:\/\/franciscanos.org.br\/noticias\/wp-content\/uploads\/2024\/11\/IMG_2786-100x100.jpg 100w\" sizes=\"(max-width: 300px) 100vw, 300px\" \/><\/a>\n\t\t\t<\/dt><\/dl><dl class='gallery-item'>\n\t\t\t<dt class='gallery-icon landscape'>\n\t\t\t\t<a href='https:\/\/franciscanos.org.br\/noticias\/capitulo-provincial-segundo-dia-exalta-aspectos-do-rever.html\/img_2782'><img width=\"300\" height=\"300\" src=\"https:\/\/franciscanos.org.br\/noticias\/wp-content\/uploads\/2024\/11\/IMG_2782-300x300.jpg\" class=\"attachment-thumbnail size-thumbnail\" alt=\"\" loading=\"lazy\" srcset=\"https:\/\/franciscanos.org.br\/noticias\/wp-content\/uploads\/2024\/11\/IMG_2782-300x300.jpg 300w, https:\/\/franciscanos.org.br\/noticias\/wp-content\/uploads\/2024\/11\/IMG_2782-100x100.jpg 100w\" sizes=\"(max-width: 300px) 100vw, 300px\" \/><\/a>\n\t\t\t<\/dt><\/dl><br style=\"clear: both\" \/><dl class='gallery-item'>\n\t\t\t<dt class='gallery-icon landscape'>\n\t\t\t\t<a href='https:\/\/franciscanos.org.br\/noticias\/capitulo-provincial-segundo-dia-exalta-aspectos-do-rever.html\/img_2785'><img width=\"300\" height=\"300\" src=\"https:\/\/franciscanos.org.br\/noticias\/wp-content\/uploads\/2024\/11\/IMG_2785-300x300.jpg\" class=\"attachment-thumbnail size-thumbnail\" alt=\"\" loading=\"lazy\" srcset=\"https:\/\/franciscanos.org.br\/noticias\/wp-content\/uploads\/2024\/11\/IMG_2785-300x300.jpg 300w, https:\/\/franciscanos.org.br\/noticias\/wp-content\/uploads\/2024\/11\/IMG_2785-100x100.jpg 100w\" sizes=\"(max-width: 300px) 100vw, 300px\" \/><\/a>\n\t\t\t<\/dt><\/dl><dl class='gallery-item'>\n\t\t\t<dt class='gallery-icon landscape'>\n\t\t\t\t<a href='https:\/\/franciscanos.org.br\/noticias\/capitulo-provincial-segundo-dia-exalta-aspectos-do-rever.html\/img_2799-1'><img width=\"300\" height=\"300\" src=\"https:\/\/franciscanos.org.br\/noticias\/wp-content\/uploads\/2024\/11\/IMG_2799-1-300x300.jpg\" class=\"attachment-thumbnail size-thumbnail\" alt=\"\" loading=\"lazy\" srcset=\"https:\/\/franciscanos.org.br\/noticias\/wp-content\/uploads\/2024\/11\/IMG_2799-1-300x300.jpg 300w, https:\/\/franciscanos.org.br\/noticias\/wp-content\/uploads\/2024\/11\/IMG_2799-1-100x100.jpg 100w\" sizes=\"(max-width: 300px) 100vw, 300px\" \/><\/a>\n\t\t\t<\/dt><\/dl><dl class='gallery-item'>\n\t\t\t<dt class='gallery-icon landscape'>\n\t\t\t\t<a href='https:\/\/franciscanos.org.br\/noticias\/capitulo-provincial-segundo-dia-exalta-aspectos-do-rever.html\/img_2859-1'><img width=\"300\" height=\"300\" src=\"https:\/\/franciscanos.org.br\/noticias\/wp-content\/uploads\/2024\/11\/IMG_2859-1-300x300.jpg\" class=\"attachment-thumbnail size-thumbnail\" alt=\"\" loading=\"lazy\" srcset=\"https:\/\/franciscanos.org.br\/noticias\/wp-content\/uploads\/2024\/11\/IMG_2859-1-300x300.jpg 300w, https:\/\/franciscanos.org.br\/noticias\/wp-content\/uploads\/2024\/11\/IMG_2859-1-100x100.jpg 100w\" sizes=\"(max-width: 300px) 100vw, 300px\" \/><\/a>\n\t\t\t<\/dt><\/dl><br style=\"clear: both\" \/><dl class='gallery-item'>\n\t\t\t<dt class='gallery-icon landscape'>\n\t\t\t\t<a href='https:\/\/franciscanos.org.br\/noticias\/capitulo-provincial-segundo-dia-exalta-aspectos-do-rever.html\/img_2904'><img width=\"300\" height=\"300\" src=\"https:\/\/franciscanos.org.br\/noticias\/wp-content\/uploads\/2024\/11\/IMG_2904-300x300.jpg\" class=\"attachment-thumbnail size-thumbnail\" alt=\"\" loading=\"lazy\" srcset=\"https:\/\/franciscanos.org.br\/noticias\/wp-content\/uploads\/2024\/11\/IMG_2904-300x300.jpg 300w, https:\/\/franciscanos.org.br\/noticias\/wp-content\/uploads\/2024\/11\/IMG_2904-100x100.jpg 100w\" sizes=\"(max-width: 300px) 100vw, 300px\" \/><\/a>\n\t\t\t<\/dt><\/dl><dl class='gallery-item'>\n\t\t\t<dt class='gallery-icon landscape'>\n\t\t\t\t<a href='https:\/\/franciscanos.org.br\/noticias\/capitulo-provincial-segundo-dia-exalta-aspectos-do-rever.html\/img_3000'><img width=\"300\" height=\"300\" src=\"https:\/\/franciscanos.org.br\/noticias\/wp-content\/uploads\/2024\/11\/IMG_3000-300x300.jpg\" class=\"attachment-thumbnail size-thumbnail\" alt=\"\" loading=\"lazy\" srcset=\"https:\/\/franciscanos.org.br\/noticias\/wp-content\/uploads\/2024\/11\/IMG_3000-300x300.jpg 300w, https:\/\/franciscanos.org.br\/noticias\/wp-content\/uploads\/2024\/11\/IMG_3000-100x100.jpg 100w\" sizes=\"(max-width: 300px) 100vw, 300px\" \/><\/a>\n\t\t\t<\/dt><\/dl><dl class='gallery-item'>\n\t\t\t<dt class='gallery-icon landscape'>\n\t\t\t\t<a href='https:\/\/franciscanos.org.br\/noticias\/capitulo-provincial-segundo-dia-exalta-aspectos-do-rever.html\/img_2964'><img width=\"300\" height=\"300\" src=\"https:\/\/franciscanos.org.br\/noticias\/wp-content\/uploads\/2024\/11\/IMG_2964-300x300.jpg\" class=\"attachment-thumbnail size-thumbnail\" alt=\"\" loading=\"lazy\" srcset=\"https:\/\/franciscanos.org.br\/noticias\/wp-content\/uploads\/2024\/11\/IMG_2964-300x300.jpg 300w, https:\/\/franciscanos.org.br\/noticias\/wp-content\/uploads\/2024\/11\/IMG_2964-100x100.jpg 100w\" sizes=\"(max-width: 300px) 100vw, 300px\" \/><\/a>\n\t\t\t<\/dt><\/dl><br style=\"clear: both\" \/><dl class='gallery-item'>\n\t\t\t<dt class='gallery-icon landscape'>\n\t\t\t\t<a href='https:\/\/franciscanos.org.br\/noticias\/capitulo-provincial-segundo-dia-exalta-aspectos-do-rever.html\/img_2952-2'><img width=\"300\" height=\"300\" src=\"https:\/\/franciscanos.org.br\/noticias\/wp-content\/uploads\/2024\/11\/IMG_2952-300x300.jpg\" class=\"attachment-thumbnail size-thumbnail\" alt=\"\" loading=\"lazy\" srcset=\"https:\/\/franciscanos.org.br\/noticias\/wp-content\/uploads\/2024\/11\/IMG_2952-300x300.jpg 300w, https:\/\/franciscanos.org.br\/noticias\/wp-content\/uploads\/2024\/11\/IMG_2952-100x100.jpg 100w\" sizes=\"(max-width: 300px) 100vw, 300px\" \/><\/a>\n\t\t\t<\/dt><\/dl><dl class='gallery-item'>\n\t\t\t<dt class='gallery-icon landscape'>\n\t\t\t\t<a href='https:\/\/franciscanos.org.br\/noticias\/capitulo-provincial-segundo-dia-exalta-aspectos-do-rever.html\/img_2950'><img width=\"300\" height=\"300\" src=\"https:\/\/franciscanos.org.br\/noticias\/wp-content\/uploads\/2024\/11\/IMG_2950-300x300.jpg\" class=\"attachment-thumbnail size-thumbnail\" alt=\"\" loading=\"lazy\" srcset=\"https:\/\/franciscanos.org.br\/noticias\/wp-content\/uploads\/2024\/11\/IMG_2950-300x300.jpg 300w, https:\/\/franciscanos.org.br\/noticias\/wp-content\/uploads\/2024\/11\/IMG_2950-100x100.jpg 100w\" sizes=\"(max-width: 300px) 100vw, 300px\" \/><\/a>\n\t\t\t<\/dt><\/dl><dl class='gallery-item'>\n\t\t\t<dt class='gallery-icon landscape'>\n\t\t\t\t<a href='https:\/\/franciscanos.org.br\/noticias\/capitulo-provincial-segundo-dia-exalta-aspectos-do-rever.html\/img_2949'><img width=\"300\" height=\"300\" src=\"https:\/\/franciscanos.org.br\/noticias\/wp-content\/uploads\/2024\/11\/IMG_2949-300x300.jpg\" class=\"attachment-thumbnail size-thumbnail\" alt=\"\" loading=\"lazy\" srcset=\"https:\/\/franciscanos.org.br\/noticias\/wp-content\/uploads\/2024\/11\/IMG_2949-300x300.jpg 300w, https:\/\/franciscanos.org.br\/noticias\/wp-content\/uploads\/2024\/11\/IMG_2949-100x100.jpg 100w\" sizes=\"(max-width: 300px) 100vw, 300px\" \/><\/a>\n\t\t\t<\/dt><\/dl><br style=\"clear: both\" \/><dl class='gallery-item'>\n\t\t\t<dt class='gallery-icon landscape'>\n\t\t\t\t<a href='https:\/\/franciscanos.org.br\/noticias\/capitulo-provincial-segundo-dia-exalta-aspectos-do-rever.html\/img_2946'><img width=\"300\" height=\"300\" src=\"https:\/\/franciscanos.org.br\/noticias\/wp-content\/uploads\/2024\/11\/IMG_2946-300x300.jpg\" class=\"attachment-thumbnail size-thumbnail\" alt=\"\" loading=\"lazy\" srcset=\"https:\/\/franciscanos.org.br\/noticias\/wp-content\/uploads\/2024\/11\/IMG_2946-300x300.jpg 300w, https:\/\/franciscanos.org.br\/noticias\/wp-content\/uploads\/2024\/11\/IMG_2946-100x100.jpg 100w\" sizes=\"(max-width: 300px) 100vw, 300px\" \/><\/a>\n\t\t\t<\/dt><\/dl><dl class='gallery-item'>\n\t\t\t<dt class='gallery-icon landscape'>\n\t\t\t\t<a href='https:\/\/franciscanos.org.br\/noticias\/capitulo-provincial-segundo-dia-exalta-aspectos-do-rever.html\/img_2945-2'><img width=\"300\" height=\"300\" src=\"https:\/\/franciscanos.org.br\/noticias\/wp-content\/uploads\/2024\/11\/IMG_2945-300x300.jpg\" class=\"attachment-thumbnail size-thumbnail\" alt=\"\" loading=\"lazy\" srcset=\"https:\/\/franciscanos.org.br\/noticias\/wp-content\/uploads\/2024\/11\/IMG_2945-300x300.jpg 300w, https:\/\/franciscanos.org.br\/noticias\/wp-content\/uploads\/2024\/11\/IMG_2945-100x100.jpg 100w\" sizes=\"(max-width: 300px) 100vw, 300px\" \/><\/a>\n\t\t\t<\/dt><\/dl><dl class='gallery-item'>\n\t\t\t<dt class='gallery-icon landscape'>\n\t\t\t\t<a href='https:\/\/franciscanos.org.br\/noticias\/capitulo-provincial-segundo-dia-exalta-aspectos-do-rever.html\/img_2938'><img width=\"300\" height=\"300\" src=\"https:\/\/franciscanos.org.br\/noticias\/wp-content\/uploads\/2024\/11\/IMG_2938-300x300.jpg\" class=\"attachment-thumbnail size-thumbnail\" alt=\"\" loading=\"lazy\" srcset=\"https:\/\/franciscanos.org.br\/noticias\/wp-content\/uploads\/2024\/11\/IMG_2938-300x300.jpg 300w, https:\/\/franciscanos.org.br\/noticias\/wp-content\/uploads\/2024\/11\/IMG_2938-100x100.jpg 100w\" sizes=\"(max-width: 300px) 100vw, 300px\" \/><\/a>\n\t\t\t<\/dt><\/dl><br style=\"clear: both\" \/><dl class='gallery-item'>\n\t\t\t<dt class='gallery-icon landscape'>\n\t\t\t\t<a href='https:\/\/franciscanos.org.br\/noticias\/capitulo-provincial-segundo-dia-exalta-aspectos-do-rever.html\/img_2935'><img width=\"300\" height=\"300\" src=\"https:\/\/franciscanos.org.br\/noticias\/wp-content\/uploads\/2024\/11\/IMG_2935-300x300.jpg\" class=\"attachment-thumbnail size-thumbnail\" alt=\"\" loading=\"lazy\" srcset=\"https:\/\/franciscanos.org.br\/noticias\/wp-content\/uploads\/2024\/11\/IMG_2935-300x300.jpg 300w, https:\/\/franciscanos.org.br\/noticias\/wp-content\/uploads\/2024\/11\/IMG_2935-100x100.jpg 100w\" sizes=\"(max-width: 300px) 100vw, 300px\" \/><\/a>\n\t\t\t<\/dt><\/dl><dl class='gallery-item'>\n\t\t\t<dt class='gallery-icon landscape'>\n\t\t\t\t<a href='https:\/\/franciscanos.org.br\/noticias\/capitulo-provincial-segundo-dia-exalta-aspectos-do-rever.html\/img_2933'><img width=\"300\" height=\"300\" src=\"https:\/\/franciscanos.org.br\/noticias\/wp-content\/uploads\/2024\/11\/IMG_2933-300x300.jpg\" class=\"attachment-thumbnail size-thumbnail\" alt=\"\" loading=\"lazy\" srcset=\"https:\/\/franciscanos.org.br\/noticias\/wp-content\/uploads\/2024\/11\/IMG_2933-300x300.jpg 300w, https:\/\/franciscanos.org.br\/noticias\/wp-content\/uploads\/2024\/11\/IMG_2933-100x100.jpg 100w\" sizes=\"(max-width: 300px) 100vw, 300px\" \/><\/a>\n\t\t\t<\/dt><\/dl><dl class='gallery-item'>\n\t\t\t<dt class='gallery-icon landscape'>\n\t\t\t\t<a href='https:\/\/franciscanos.org.br\/noticias\/capitulo-provincial-segundo-dia-exalta-aspectos-do-rever.html\/img_3026-1-2'><img width=\"300\" height=\"300\" src=\"https:\/\/franciscanos.org.br\/noticias\/wp-content\/uploads\/2024\/11\/IMG_3026-1-1-300x300.jpg\" class=\"attachment-thumbnail size-thumbnail\" alt=\"\" loading=\"lazy\" srcset=\"https:\/\/franciscanos.org.br\/noticias\/wp-content\/uploads\/2024\/11\/IMG_3026-1-1-300x300.jpg 300w, https:\/\/franciscanos.org.br\/noticias\/wp-content\/uploads\/2024\/11\/IMG_3026-1-1-100x100.jpg 100w\" sizes=\"(max-width: 300px) 100vw, 300px\" \/><\/a>\n\t\t\t<\/dt><\/dl><br style=\"clear: both\" \/><dl class='gallery-item'>\n\t\t\t<dt class='gallery-icon landscape'>\n\t\t\t\t<a href='https:\/\/franciscanos.org.br\/noticias\/capitulo-provincial-segundo-dia-exalta-aspectos-do-rever.html\/img_2987'><img width=\"300\" height=\"300\" src=\"https:\/\/franciscanos.org.br\/noticias\/wp-content\/uploads\/2024\/11\/IMG_2987-300x300.jpg\" class=\"attachment-thumbnail size-thumbnail\" alt=\"\" loading=\"lazy\" srcset=\"https:\/\/franciscanos.org.br\/noticias\/wp-content\/uploads\/2024\/11\/IMG_2987-300x300.jpg 300w, https:\/\/franciscanos.org.br\/noticias\/wp-content\/uploads\/2024\/11\/IMG_2987-100x100.jpg 100w\" sizes=\"(max-width: 300px) 100vw, 300px\" \/><\/a>\n\t\t\t<\/dt><\/dl><dl class='gallery-item'>\n\t\t\t<dt class='gallery-icon landscape'>\n\t\t\t\t<a href='https:\/\/franciscanos.org.br\/noticias\/capitulo-provincial-segundo-dia-exalta-aspectos-do-rever.html\/img_2993-2'><img width=\"300\" height=\"300\" src=\"https:\/\/franciscanos.org.br\/noticias\/wp-content\/uploads\/2024\/11\/IMG_2993-300x300.jpg\" class=\"attachment-thumbnail size-thumbnail\" alt=\"\" loading=\"lazy\" srcset=\"https:\/\/franciscanos.org.br\/noticias\/wp-content\/uploads\/2024\/11\/IMG_2993-300x300.jpg 300w, https:\/\/franciscanos.org.br\/noticias\/wp-content\/uploads\/2024\/11\/IMG_2993-100x100.jpg 100w\" sizes=\"(max-width: 300px) 100vw, 300px\" \/><\/a>\n\t\t\t<\/dt><\/dl><dl class='gallery-item'>\n\t\t\t<dt class='gallery-icon landscape'>\n\t\t\t\t<a href='https:\/\/franciscanos.org.br\/noticias\/capitulo-provincial-segundo-dia-exalta-aspectos-do-rever.html\/img_3010'><img width=\"300\" height=\"300\" src=\"https:\/\/franciscanos.org.br\/noticias\/wp-content\/uploads\/2024\/11\/IMG_3010-300x300.jpg\" class=\"attachment-thumbnail size-thumbnail\" alt=\"\" loading=\"lazy\" srcset=\"https:\/\/franciscanos.org.br\/noticias\/wp-content\/uploads\/2024\/11\/IMG_3010-300x300.jpg 300w, https:\/\/franciscanos.org.br\/noticias\/wp-content\/uploads\/2024\/11\/IMG_3010-100x100.jpg 100w\" sizes=\"(max-width: 300px) 100vw, 300px\" \/><\/a>\n\t\t\t<\/dt><\/dl><br style=\"clear: both\" \/>\n\t\t<\/div>\n\n","protected":false},"excerpt":{"rendered":"<p>Cap\u00edtulo Provincial 2024<\/p>\n","protected":false},"author":11,"featured_media":252043,"comment_status":"open","ping_status":"open","sticky":false,"template":"","format":"standard","meta":[],"categories":[1],"tags":[2255],"acf":[],"yoast_head":"<!-- This site is optimized with the Yoast SEO plugin v19.2 - https:\/\/yoast.com\/wordpress\/plugins\/seo\/ -->\n<title>Cap\u00edtulo Provincial: Segundo dia exalta aspectos do \u201cRever\u201d - Not\u00edcias - Franciscanos<\/title>\n<meta name=\"robots\" content=\"index, follow, max-snippet:-1, max-image-preview:large, max-video-preview:-1\" \/>\n<link rel=\"canonical\" href=\"https:\/\/franciscanos.org.br\/noticias\/capitulo-provincial-segundo-dia-exalta-aspectos-do-rever.html\" \/>\n<meta property=\"og:locale\" content=\"pt_BR\" \/>\n<meta property=\"og:type\" content=\"article\" \/>\n<meta property=\"og:title\" content=\"Cap\u00edtulo Provincial: Segundo dia exalta aspectos do \u201cRever\u201d - Not\u00edcias - Franciscanos\" \/>\n<meta property=\"og:description\" content=\"Cap\u00edtulo Provincial 2024\" \/>\n<meta property=\"og:url\" content=\"https:\/\/franciscanos.org.br\/noticias\/capitulo-provincial-segundo-dia-exalta-aspectos-do-rever.html\" \/>\n<meta property=\"og:site_name\" content=\"Not\u00edcias - Franciscanos\" \/>\n<meta property=\"article:published_time\" content=\"2024-11-05T23:55:38+00:00\" \/>\n<meta property=\"article:modified_time\" content=\"2024-11-08T12:59:29+00:00\" \/>\n<meta property=\"og:image\" content=\"https:\/\/franciscanos.org.br\/noticias\/wp-content\/uploads\/2024\/11\/chamada-5.jpg\" \/>\n\t<meta property=\"og:image:width\" content=\"800\" \/>\n\t<meta property=\"og:image:height\" content=\"550\" \/>\n\t<meta property=\"og:image:type\" content=\"image\/jpeg\" \/>\n<meta name=\"author\" content=\"Adriana Rabelo\" \/>\n<meta name=\"twitter:card\" content=\"summary_large_image\" \/>\n<meta name=\"twitter:label1\" content=\"Escrito por\" \/>\n\t<meta name=\"twitter:data1\" content=\"Adriana Rabelo\" \/>\n\t<meta name=\"twitter:label2\" content=\"Est. tempo de leitura\" \/>\n\t<meta name=\"twitter:data2\" content=\"9 minutos\" \/>\n<script type=\"application\/ld+json\" class=\"yoast-schema-graph\">{\"@context\":\"https:\/\/schema.org\",\"@graph\":[{\"@type\":\"WebSite\",\"@id\":\"https:\/\/franciscanos.org.br\/noticias\/#website\",\"url\":\"https:\/\/franciscanos.org.br\/noticias\/\",\"name\":\"Not\u00edcias - Franciscanos\",\"description\":\"Prov\u00edncia Franciscana da Imaculada Concei\u00e7\u00e3o do Brasil - Ordem dos Frades Menores - OFM\",\"potentialAction\":[{\"@type\":\"SearchAction\",\"target\":{\"@type\":\"EntryPoint\",\"urlTemplate\":\"https:\/\/franciscanos.org.br\/noticias\/?s={search_term_string}\"},\"query-input\":\"required name=search_term_string\"}],\"inLanguage\":\"pt-BR\"},{\"@type\":\"ImageObject\",\"inLanguage\":\"pt-BR\",\"@id\":\"https:\/\/franciscanos.org.br\/noticias\/capitulo-provincial-segundo-dia-exalta-aspectos-do-rever.html#primaryimage\",\"url\":\"https:\/\/franciscanos.org.br\/noticias\/wp-content\/uploads\/2024\/11\/chamada-5.jpg\",\"contentUrl\":\"https:\/\/franciscanos.org.br\/noticias\/wp-content\/uploads\/2024\/11\/chamada-5.jpg\",\"width\":800,\"height\":550},{\"@type\":\"WebPage\",\"@id\":\"https:\/\/franciscanos.org.br\/noticias\/capitulo-provincial-segundo-dia-exalta-aspectos-do-rever.html#webpage\",\"url\":\"https:\/\/franciscanos.org.br\/noticias\/capitulo-provincial-segundo-dia-exalta-aspectos-do-rever.html\",\"name\":\"Cap\u00edtulo Provincial: Segundo dia exalta aspectos do \u201cRever\u201d - Not\u00edcias - Franciscanos\",\"isPartOf\":{\"@id\":\"https:\/\/franciscanos.org.br\/noticias\/#website\"},\"primaryImageOfPage\":{\"@id\":\"https:\/\/franciscanos.org.br\/noticias\/capitulo-provincial-segundo-dia-exalta-aspectos-do-rever.html#primaryimage\"},\"datePublished\":\"2024-11-05T23:55:38+00:00\",\"dateModified\":\"2024-11-08T12:59:29+00:00\",\"author\":{\"@id\":\"https:\/\/franciscanos.org.br\/noticias\/#\/schema\/person\/d9422e83121c3ad3b0f423d195f5bb25\"},\"breadcrumb\":{\"@id\":\"https:\/\/franciscanos.org.br\/noticias\/capitulo-provincial-segundo-dia-exalta-aspectos-do-rever.html#breadcrumb\"},\"inLanguage\":\"pt-BR\",\"potentialAction\":[{\"@type\":\"ReadAction\",\"target\":[\"https:\/\/franciscanos.org.br\/noticias\/capitulo-provincial-segundo-dia-exalta-aspectos-do-rever.html\"]}]},{\"@type\":\"BreadcrumbList\",\"@id\":\"https:\/\/franciscanos.org.br\/noticias\/capitulo-provincial-segundo-dia-exalta-aspectos-do-rever.html#breadcrumb\",\"itemListElement\":[{\"@type\":\"ListItem\",\"position\":1,\"name\":\"Home\",\"item\":\"https:\/\/franciscanos.org.br\/noticias\"},{\"@type\":\"ListItem\",\"position\":2,\"name\":\"Cap\u00edtulo Provincial: Segundo dia exalta aspectos do \u201cRever\u201d\"}]},{\"@type\":\"Person\",\"@id\":\"https:\/\/franciscanos.org.br\/noticias\/#\/schema\/person\/d9422e83121c3ad3b0f423d195f5bb25\",\"name\":\"Adriana Rabelo\",\"image\":{\"@type\":\"ImageObject\",\"inLanguage\":\"pt-BR\",\"@id\":\"https:\/\/franciscanos.org.br\/noticias\/#\/schema\/person\/image\/\",\"url\":\"https:\/\/secure.gravatar.com\/avatar\/0a937b7500cd7df77540cfb8bede877d?s=96&d=mm&r=g\",\"contentUrl\":\"https:\/\/secure.gravatar.com\/avatar\/0a937b7500cd7df77540cfb8bede877d?s=96&d=mm&r=g\",\"caption\":\"Adriana Rabelo\"},\"url\":\"https:\/\/franciscanos.org.br\/noticias\/author\/adrianarabelo\"}]}<\/script>\n<!-- \/ Yoast SEO plugin. -->","yoast_head_json":{"title":"Cap\u00edtulo Provincial: Segundo dia exalta aspectos do \u201cRever\u201d - Not\u00edcias - Franciscanos","robots":{"index":"index","follow":"follow","max-snippet":"max-snippet:-1","max-image-preview":"max-image-preview:large","max-video-preview":"max-video-preview:-1"},"canonical":"https:\/\/franciscanos.org.br\/noticias\/capitulo-provincial-segundo-dia-exalta-aspectos-do-rever.html","og_locale":"pt_BR","og_type":"article","og_title":"Cap\u00edtulo Provincial: Segundo dia exalta aspectos do \u201cRever\u201d - Not\u00edcias - Franciscanos","og_description":"Cap\u00edtulo Provincial 2024","og_url":"https:\/\/franciscanos.org.br\/noticias\/capitulo-provincial-segundo-dia-exalta-aspectos-do-rever.html","og_site_name":"Not\u00edcias - Franciscanos","article_published_time":"2024-11-05T23:55:38+00:00","article_modified_time":"2024-11-08T12:59:29+00:00","og_image":[{"width":800,"height":550,"url":"https:\/\/franciscanos.org.br\/noticias\/wp-content\/uploads\/2024\/11\/chamada-5.jpg","type":"image\/jpeg"}],"author":"Adriana Rabelo","twitter_card":"summary_large_image","twitter_misc":{"Escrito por":"Adriana Rabelo","Est. tempo de leitura":"9 minutos"},"schema":{"@context":"https:\/\/schema.org","@graph":[{"@type":"WebSite","@id":"https:\/\/franciscanos.org.br\/noticias\/#website","url":"https:\/\/franciscanos.org.br\/noticias\/","name":"Not\u00edcias - Franciscanos","description":"Prov\u00edncia Franciscana da Imaculada Concei\u00e7\u00e3o do Brasil - Ordem dos Frades Menores - OFM","potentialAction":[{"@type":"SearchAction","target":{"@type":"EntryPoint","urlTemplate":"https:\/\/franciscanos.org.br\/noticias\/?s={search_term_string}"},"query-input":"required name=search_term_string"}],"inLanguage":"pt-BR"},{"@type":"ImageObject","inLanguage":"pt-BR","@id":"https:\/\/franciscanos.org.br\/noticias\/capitulo-provincial-segundo-dia-exalta-aspectos-do-rever.html#primaryimage","url":"https:\/\/franciscanos.org.br\/noticias\/wp-content\/uploads\/2024\/11\/chamada-5.jpg","contentUrl":"https:\/\/franciscanos.org.br\/noticias\/wp-content\/uploads\/2024\/11\/chamada-5.jpg","width":800,"height":550},{"@type":"WebPage","@id":"https:\/\/franciscanos.org.br\/noticias\/capitulo-provincial-segundo-dia-exalta-aspectos-do-rever.html#webpage","url":"https:\/\/franciscanos.org.br\/noticias\/capitulo-provincial-segundo-dia-exalta-aspectos-do-rever.html","name":"Cap\u00edtulo Provincial: Segundo dia exalta aspectos do \u201cRever\u201d - Not\u00edcias - Franciscanos","isPartOf":{"@id":"https:\/\/franciscanos.org.br\/noticias\/#website"},"primaryImageOfPage":{"@id":"https:\/\/franciscanos.org.br\/noticias\/capitulo-provincial-segundo-dia-exalta-aspectos-do-rever.html#primaryimage"},"datePublished":"2024-11-05T23:55:38+00:00","dateModified":"2024-11-08T12:59:29+00:00","author":{"@id":"https:\/\/franciscanos.org.br\/noticias\/#\/schema\/person\/d9422e83121c3ad3b0f423d195f5bb25"},"breadcrumb":{"@id":"https:\/\/franciscanos.org.br\/noticias\/capitulo-provincial-segundo-dia-exalta-aspectos-do-rever.html#breadcrumb"},"inLanguage":"pt-BR","potentialAction":[{"@type":"ReadAction","target":["https:\/\/franciscanos.org.br\/noticias\/capitulo-provincial-segundo-dia-exalta-aspectos-do-rever.html"]}]},{"@type":"BreadcrumbList","@id":"https:\/\/franciscanos.org.br\/noticias\/capitulo-provincial-segundo-dia-exalta-aspectos-do-rever.html#breadcrumb","itemListElement":[{"@type":"ListItem","position":1,"name":"Home","item":"https:\/\/franciscanos.org.br\/noticias"},{"@type":"ListItem","position":2,"name":"Cap\u00edtulo Provincial: Segundo dia exalta aspectos do \u201cRever\u201d"}]},{"@type":"Person","@id":"https:\/\/franciscanos.org.br\/noticias\/#\/schema\/person\/d9422e83121c3ad3b0f423d195f5bb25","name":"Adriana Rabelo","image":{"@type":"ImageObject","inLanguage":"pt-BR","@id":"https:\/\/franciscanos.org.br\/noticias\/#\/schema\/person\/image\/","url":"https:\/\/secure.gravatar.com\/avatar\/0a937b7500cd7df77540cfb8bede877d?s=96&d=mm&r=g","contentUrl":"https:\/\/secure.gravatar.com\/avatar\/0a937b7500cd7df77540cfb8bede877d?s=96&d=mm&r=g","caption":"Adriana Rabelo"},"url":"https:\/\/franciscanos.org.br\/noticias\/author\/adrianarabelo"}]}},"_links":{"self":[{"href":"https:\/\/franciscanos.org.br\/noticias\/wp-json\/wp\/v2\/posts\/252041"}],"collection":[{"href":"https:\/\/franciscanos.org.br\/noticias\/wp-json\/wp\/v2\/posts"}],"about":[{"href":"https:\/\/franciscanos.org.br\/noticias\/wp-json\/wp\/v2\/types\/post"}],"author":[{"embeddable":true,"href":"https:\/\/franciscanos.org.br\/noticias\/wp-json\/wp\/v2\/users\/11"}],"replies":[{"embeddable":true,"href":"https:\/\/franciscanos.org.br\/noticias\/wp-json\/wp\/v2\/comments?post=252041"}],"version-history":[{"count":12,"href":"https:\/\/franciscanos.org.br\/noticias\/wp-json\/wp\/v2\/posts\/252041\/revisions"}],"predecessor-version":[{"id":252427,"href":"https:\/\/franciscanos.org.br\/noticias\/wp-json\/wp\/v2\/posts\/252041\/revisions\/252427"}],"wp:featuredmedia":[{"embeddable":true,"href":"https:\/\/franciscanos.org.br\/noticias\/wp-json\/wp\/v2\/media\/252043"}],"wp:attachment":[{"href":"https:\/\/franciscanos.org.br\/noticias\/wp-json\/wp\/v2\/media?parent=252041"}],"wp:term":[{"taxonomy":"category","embeddable":true,"href":"https:\/\/franciscanos.org.br\/noticias\/wp-json\/wp\/v2\/categories?post=252041"},{"taxonomy":"post_tag","embeddable":true,"href":"https:\/\/franciscanos.org.br\/noticias\/wp-json\/wp\/v2\/tags?post=252041"}],"curies":[{"name":"wp","href":"https:\/\/api.w.org\/{rel}","templated":true}]}}