{"id":251993,"date":"2024-11-05T11:06:11","date_gmt":"2024-11-05T14:06:11","guid":{"rendered":"https:\/\/franciscanos.org.br\/noticias\/?p=251993"},"modified":"2024-11-05T11:22:54","modified_gmt":"2024-11-05T14:22:54","slug":"frei-clarencio-lanca-novo-livro-com-abordagem-mariana","status":"publish","type":"post","link":"https:\/\/franciscanos.org.br\/noticias\/frei-clarencio-lanca-novo-livro-com-abordagem-mariana.html","title":{"rendered":"Frei Clar\u00eancio lan\u00e7a novo livro com abordagem mariana"},"content":{"rendered":"<p><img loading=\"lazy\" class=\"aligncenter wp-image-251994 size-full\" src=\"https:\/\/franciscanos.org.br\/noticias\/wp-content\/uploads\/2024\/11\/materia-3.jpg\" alt=\"\" width=\"1280\" height=\"720\" srcset=\"https:\/\/franciscanos.org.br\/noticias\/wp-content\/uploads\/2024\/11\/materia-3.jpg 1280w, https:\/\/franciscanos.org.br\/noticias\/wp-content\/uploads\/2024\/11\/materia-3-450x253.jpg 450w, https:\/\/franciscanos.org.br\/noticias\/wp-content\/uploads\/2024\/11\/materia-3-1024x576.jpg 1024w, https:\/\/franciscanos.org.br\/noticias\/wp-content\/uploads\/2024\/11\/materia-3-768x432.jpg 768w, https:\/\/franciscanos.org.br\/noticias\/wp-content\/uploads\/2024\/11\/materia-3-150x84.jpg 150w\" sizes=\"(max-width: 1280px) 100vw, 1280px\" \/><\/p>\n<p>&#8220;Maria, M\u00e3e de Deus e da Humanidade&#8221; \u00e9 a mais nova produ\u00e7\u00e3o do Frei Clar\u00eancio Neotti. O lan\u00e7amento do livro, publicado pela Editora Santu\u00e1rio, ser\u00e1\u00a0 na Par\u00f3quia e Santu\u00e1rio Divino Esp\u00edrito Santo, em Vila Velha (ES), nos dias 9 e 10 de novembro, ap\u00f3s as Celebra\u00e7\u00f5es Eucar\u00edsticas: no s\u00e1bado, \u00e0s 17h, e no domingo, \u00e0s 17h e 19h. Nessas ocasi\u00f5es, os interessados em adquirir a publica\u00e7\u00e3o poder\u00e3o receber um aut\u00f3grafo do autor.<\/p>\n<p>O frade franciscano da Prov\u00edncia da Imaculada Concei\u00e7\u00e3o tem mais de 50 publica\u00e7\u00f5es, sendo que boa parte delas est\u00e1 relacionada \u00e0 hist\u00f3ria e devo\u00e7\u00e3o a S\u00e3o Francisco, Santo Ant\u00f4nio e S\u00e3o Benedito, como: \u201cS\u00e3o Francisco das Chagas \u2013 Dois serm\u00f5es do Padre Ant\u00f4nio Vieira\u201d, \u201cOrar 15 dias com Santo Ant\u00f4nio\u201d, \u201cTrezena de Santo Ant\u00f4nio\u201d, \u201cSanto Ant\u00f4nio, simpatia de Deus e do povo\u201d, e \u201cSanto Ant\u00f4nio, Mestre da Vida\u201d. Tamb\u00e9m publicou os livros \u201cS\u00e3o Benedito, homem de Deus e do povo\u201d, \u201cAnimais no Altar: um estudo de iconografia e simbologia\u201d, \u201cMinist\u00e9rio da Palavra\u201d (tr\u00eas volumes: Ano A, B e C), \u201cMinist\u00e9rio da Esperan\u00e7a\u201d (Roteiros para vel\u00f3rios e ex\u00e9quias) e Creio \u2013 a identidade do Crist\u00e3o<em>.<\/em> Pela Editora Vozes, lan\u00e7ou: \u201cSanto Ant\u00f4nio, luz do mundo\u201d (nove serm\u00f5es do Padre Ant\u00f4nio Vieira).<img loading=\"lazy\" class=\" wp-image-251995 alignright\" src=\"https:\/\/franciscanos.org.br\/noticias\/wp-content\/uploads\/2024\/11\/LIVRO-FREI-CLARENCIO--450x447.jpg\" alt=\"\" width=\"437\" height=\"434\" srcset=\"https:\/\/franciscanos.org.br\/noticias\/wp-content\/uploads\/2024\/11\/LIVRO-FREI-CLARENCIO--450x447.jpg 450w, https:\/\/franciscanos.org.br\/noticias\/wp-content\/uploads\/2024\/11\/LIVRO-FREI-CLARENCIO--150x149.jpg 150w, https:\/\/franciscanos.org.br\/noticias\/wp-content\/uploads\/2024\/11\/LIVRO-FREI-CLARENCIO--100x100.jpg 100w, https:\/\/franciscanos.org.br\/noticias\/wp-content\/uploads\/2024\/11\/LIVRO-FREI-CLARENCIO-.jpg 595w\" sizes=\"(max-width: 437px) 100vw, 437px\" \/><\/p>\n<p>Este \u00e9 o segundo livro de Frei Clar\u00eancio voltado \u00e0s quest\u00f5es marianas. Em 2004, publicou \u201cImaculada Concei\u00e7\u00e3o de Maria: 150 anos da proclama\u00e7\u00e3o do dogma\u201d.<\/p>\n<p>Em entrevista ao site Franciscanos, Frei Clar\u00eancio falou sobre suas inspira\u00e7\u00f5es e o objetivo de sua nova produ\u00e7\u00e3o.<\/p>\n<p><strong>Site Franciscanos \u2013<\/strong> O que motivou o senhor a escrever sobre Maria?<\/p>\n<p><strong>Frei Clar\u00eancio Neotti \u2013<\/strong>Depois que publiquei o livro <em>Creio \u2013 a identidade do Crist\u00e3o<\/em>, muitos, sobretudo bispos, pediram-me um livro semelhante sobre Maria. Uma produ\u00e7\u00e3o acess\u00edvel a adultos, por exemplo, especialmente aqueles que se preparam para a Crisma ou \u00e0 Primeira Eucaristia. Na par\u00f3quia em que trabalho, temos neste ano 78 adultos na catequese. O livro <em>Creio<\/em> foi escrito pensando nessas pessoas. E foi pensando nesses filhos e filhas de Deus que escrevi sobre Maria.<\/p>\n<p>H\u00e1 muita confus\u00e3o na cabe\u00e7a dos nossos cat\u00f3licos sobre Maria. Procurei distinguir bem o que \u00e9, de fato, hist\u00f3ria sobre ela e o que \u00e9 lenda (e o valor da lenda); o que \u00e9 verdade de f\u00e9 e o que \u00e9 piedade popular. Exemplifico: de Maria Menina nada sabemos pela hist\u00f3ria, nem o nome dos pais, nem o lugar e quando nasceu. Sabemos pelo Evangelho que ela tinha uma irm\u00e3 de sangue, casada com um senhor chamado Cl\u00e9ofas. Esta irm\u00e3 dela acompanhou Maria no Calv\u00e1rio (Jo 19,25). J\u00e1 pela lenda sabemos que seus pais se chamavam Joaquim e Ana.<\/p>\n<p>Pelas verdades de f\u00e9, sabemos que Maria foi concebida sem o pecado original e que era virgem ao casar-se com Jos\u00e9 e permaneceu virgem ao dar \u00e0 luz a Jesus. Pela piedade popular se diz que foi consagrada no Templo aos tr\u00eas anos de idade, e l\u00e1 permaneceu entre as virgens bordadeiras do v\u00e9u do templo at\u00e9 os 14 anos e teria feito voto de castidade perfeita. A mesma distin\u00e7\u00e3o fa\u00e7o com Maria adulta, esposa de Jos\u00e9 e m\u00e3e de Jesus; e com Maria nos anos depois da P\u00e1scoa de Jesus at\u00e9 a sua morte. \u00c9 muito rica a piedade popular. Rico tamb\u00e9m o lend\u00e1rio. Mas, h\u00e1 apenas uma verdade de f\u00e9: terminados os dias de sua vida terrena, ela foi elevada em corpo e alma ao c\u00e9u, sem que tenhamos uma defini\u00e7\u00e3o de morte, de corpo, de alma ou de c\u00e9u.<\/p>\n<p><strong>Site Franciscanos \u2013<\/strong> Por que a escolha do t\u00edtulo: &#8220;Maria, M\u00e3e de Deus e da Humanidade&#8221;?<\/p>\n<p><strong>Frei Clar\u00eancio\u00a0 \u2013 <\/strong>Maria \u00e9 Maria porque tornou-se a M\u00e3e de Deus. Sua maternidade divina \u00e9 a raz\u00e3o de todos os outros privil\u00e9gios e grandezas. O evangelista Lucas historiou o momento e as circunst\u00e2ncias em que ela se tornou a M\u00e3e de Deus (Lc 1,26-38). O mesmo evangelista conta no Atos (1,34) que Maria estava no cen\u00e1culo quando, em Pentecostes, nasceu a Igreja. Maria recebeu oficialmente o t\u00edtulo de M\u00e3e da Igreja no final do Conc\u00edlio Vaticano II. No Calv\u00e1rio ela foi entregue a Jo\u00e3o e a Igreja v\u00ea em Jo\u00e3o toda a humanidade. Ent\u00e3o Maria, al\u00e9m de M\u00e3e de Deus \u00e9 tamb\u00e9m M\u00e3e da Igreja e tamb\u00e9m de toda a humanidade, mesmo daquela parte n\u00e3o crist\u00e3. Ali\u00e1s, o Conc\u00edlio a chamou de \u201cM\u00e3e dos Homens\u201d (LG 54). Em portugu\u00eas a express\u00e3o corre o risco de ser interpretada como exclus\u00e3o das mulheres. Por isso, escrevi \u201chumanidade\u201d.<\/p>\n<p><strong>Site Franciscanos \u2013<\/strong> \u00c9 primeira vez que escreve um livro com tem\u00e1tica mariana?<\/p>\n<p><strong>Frei Clar\u00eancio\u00a0 \u2013 <\/strong>Em 2004 publiquei o livro <em>Imaculada Concei\u00e7\u00e3o de Maria: 150 anos da proclama\u00e7\u00e3o do dogma<\/em>. Foi um livro pedido pelas Irm\u00e3s Concepcionistas do Rio de Janeiro, que o mandaram a todos os mosteiros da Ordem de Santa Beatriz. Este novo livro <em>Maria M\u00e3e de Deus e da Humanidade<\/em> \u00e9 meu 50\u00ba livro publicado.<\/p>\n<p><strong>Site Franciscanos \u2013<\/strong> Como o senhor descreve a sua obra?<\/p>\n<p><strong>Frei Clar\u00eancio\u00a0 \u2013 <\/strong>O livro est\u00e1 dividido em 19 cap\u00edtulos, seguindo os acontecimentos da vida de Maria. No final do livro acrescentei uma pequena biografia dos autores que s\u00e3o citados ao longo do texto, porque a maioria dos leitores a que se destina n\u00e3o sabe localizar no tempo, por exemplo, Santo Agostinho, S\u00e3o Le\u00e3o Magno, S\u00e3o Jo\u00e3o Damasceno, S\u00e3o Bernardo, Santo Ant\u00f4nio, Pio IX. S\u00e3o exatamente 50 autores. Publico na \u00edntegra o hino <em>Ak\u00e1thistos<\/em>, o mais famoso hino mariano da Igreja Oriental. Apresento tamb\u00e9m a \u00edntegra do texto de consagra\u00e7\u00e3o do mundo a Maria, de autoria do Papa Francisco, divulgado em 25 de mar\u00e7o de 2022.<\/p>\n<p><strong>Site Franciscanos \u2013<\/strong>Qual a inten\u00e7\u00e3o do senhor com essa publica\u00e7\u00e3o?<\/p>\n<p><strong>Frei Clar\u00eancio\u00a0 \u2013 <\/strong>O livro foi elaborado com fins catequ\u00e9ticos. H\u00e1 muita literatura mariana, bem como textos com linguagem pr\u00f3pria da teologia, utilizada por professores do curso e pouco conhecida pela popula\u00e7\u00e3o em geral. Outros, mais populares, com as express\u00f5es \u201cMaria vai na frente ou passa adiante\u201d. Al\u00e9m de conte\u00fados voltados \u00e0s vis\u00f5es e apari\u00e7\u00f5es. Pensando em catequisandos adultos, procurei mostrar Maria como uma mulher normal, mergulhada em alegrias e dores como todas as mulheres. Mas, essa serva de Deus foi escolhida para ser o caminho da Sua encarna\u00e7\u00e3o na natureza humana. Atrav\u00e9s da carne de Maria, Deus elevou as criaturas \u00e0 inef\u00e1vel dignidade divina.<\/p>\n<p><strong>Site Franciscanos \u2013 <\/strong>Qual mensagem deixaria para os leitores do livro do senhor?<\/p>\n<p><strong>Frei Clar\u00eancio\u00a0 \u2013 <\/strong>Aconselho o livro para leitura no Advento e Natal. Na primeira orelha da publica\u00e7\u00e3o escrevi a frase do Papa S\u00e3o Jo\u00e3o Paulo II, na Enc\u00edclica <em>Redemptoris Mater<\/em>: \u201cA Igreja mant\u00e9m em toda a sua vida, uma liga\u00e7\u00e3o com a M\u00e3e de Deus que abra\u00e7a, no mist\u00e9rio salv\u00edfico, o passado, o presente e o futuro; e venera-a como M\u00e3e da Humanidade\u201d.<\/p>\n<p>Ap\u00f3s o lan\u00e7amento, o livro ser\u00e1 comercializado na secretaria paroquial, anexa ao Santu\u00e1rio e pela internet.<\/p>\n<hr \/>\n<p><em>Adriana Rabelo<\/em><\/p>\n","protected":false},"excerpt":{"rendered":"<p>Frei Clar\u00eancio Neotti<\/p>\n","protected":false},"author":11,"featured_media":252000,"comment_status":"open","ping_status":"open","sticky":false,"template":"","format":"standard","meta":[],"categories":[758,1],"tags":[1245],"acf":[],"yoast_head":"<!-- This site is optimized with the Yoast SEO plugin v19.2 - https:\/\/yoast.com\/wordpress\/plugins\/seo\/ -->\n<title>Frei Clar\u00eancio lan\u00e7a novo livro com abordagem mariana - Not\u00edcias - Franciscanos<\/title>\n<meta name=\"robots\" content=\"index, follow, max-snippet:-1, max-image-preview:large, max-video-preview:-1\" \/>\n<link rel=\"canonical\" href=\"https:\/\/franciscanos.org.br\/noticias\/frei-clarencio-lanca-novo-livro-com-abordagem-mariana.html\" \/>\n<meta property=\"og:locale\" content=\"pt_BR\" \/>\n<meta property=\"og:type\" content=\"article\" \/>\n<meta property=\"og:title\" content=\"Frei Clar\u00eancio lan\u00e7a novo livro com abordagem mariana - Not\u00edcias - Franciscanos\" \/>\n<meta property=\"og:description\" content=\"Frei Clar\u00eancio Neotti\" \/>\n<meta property=\"og:url\" content=\"https:\/\/franciscanos.org.br\/noticias\/frei-clarencio-lanca-novo-livro-com-abordagem-mariana.html\" \/>\n<meta property=\"og:site_name\" content=\"Not\u00edcias - Franciscanos\" \/>\n<meta property=\"article:published_time\" content=\"2024-11-05T14:06:11+00:00\" \/>\n<meta property=\"article:modified_time\" content=\"2024-11-05T14:22:54+00:00\" \/>\n<meta property=\"og:image\" content=\"https:\/\/franciscanos.org.br\/noticias\/wp-content\/uploads\/2024\/11\/Chamada-3.jpg\" \/>\n\t<meta property=\"og:image:width\" content=\"800\" \/>\n\t<meta property=\"og:image:height\" content=\"550\" \/>\n\t<meta property=\"og:image:type\" content=\"image\/jpeg\" \/>\n<meta name=\"author\" content=\"Adriana Rabelo\" \/>\n<meta name=\"twitter:card\" content=\"summary_large_image\" \/>\n<meta name=\"twitter:label1\" content=\"Escrito por\" \/>\n\t<meta name=\"twitter:data1\" content=\"Adriana Rabelo\" \/>\n\t<meta name=\"twitter:label2\" content=\"Est. tempo de leitura\" \/>\n\t<meta name=\"twitter:data2\" content=\"6 minutos\" \/>\n<script type=\"application\/ld+json\" class=\"yoast-schema-graph\">{\"@context\":\"https:\/\/schema.org\",\"@graph\":[{\"@type\":\"WebSite\",\"@id\":\"https:\/\/franciscanos.org.br\/noticias\/#website\",\"url\":\"https:\/\/franciscanos.org.br\/noticias\/\",\"name\":\"Not\u00edcias - Franciscanos\",\"description\":\"Prov\u00edncia Franciscana da Imaculada Concei\u00e7\u00e3o do Brasil - Ordem dos Frades Menores - OFM\",\"potentialAction\":[{\"@type\":\"SearchAction\",\"target\":{\"@type\":\"EntryPoint\",\"urlTemplate\":\"https:\/\/franciscanos.org.br\/noticias\/?s={search_term_string}\"},\"query-input\":\"required name=search_term_string\"}],\"inLanguage\":\"pt-BR\"},{\"@type\":\"ImageObject\",\"inLanguage\":\"pt-BR\",\"@id\":\"https:\/\/franciscanos.org.br\/noticias\/frei-clarencio-lanca-novo-livro-com-abordagem-mariana.html#primaryimage\",\"url\":\"https:\/\/franciscanos.org.br\/noticias\/wp-content\/uploads\/2024\/11\/Chamada-3.jpg\",\"contentUrl\":\"https:\/\/franciscanos.org.br\/noticias\/wp-content\/uploads\/2024\/11\/Chamada-3.jpg\",\"width\":800,\"height\":550},{\"@type\":\"WebPage\",\"@id\":\"https:\/\/franciscanos.org.br\/noticias\/frei-clarencio-lanca-novo-livro-com-abordagem-mariana.html#webpage\",\"url\":\"https:\/\/franciscanos.org.br\/noticias\/frei-clarencio-lanca-novo-livro-com-abordagem-mariana.html\",\"name\":\"Frei Clar\u00eancio lan\u00e7a novo livro com abordagem mariana - Not\u00edcias - Franciscanos\",\"isPartOf\":{\"@id\":\"https:\/\/franciscanos.org.br\/noticias\/#website\"},\"primaryImageOfPage\":{\"@id\":\"https:\/\/franciscanos.org.br\/noticias\/frei-clarencio-lanca-novo-livro-com-abordagem-mariana.html#primaryimage\"},\"datePublished\":\"2024-11-05T14:06:11+00:00\",\"dateModified\":\"2024-11-05T14:22:54+00:00\",\"author\":{\"@id\":\"https:\/\/franciscanos.org.br\/noticias\/#\/schema\/person\/d9422e83121c3ad3b0f423d195f5bb25\"},\"breadcrumb\":{\"@id\":\"https:\/\/franciscanos.org.br\/noticias\/frei-clarencio-lanca-novo-livro-com-abordagem-mariana.html#breadcrumb\"},\"inLanguage\":\"pt-BR\",\"potentialAction\":[{\"@type\":\"ReadAction\",\"target\":[\"https:\/\/franciscanos.org.br\/noticias\/frei-clarencio-lanca-novo-livro-com-abordagem-mariana.html\"]}]},{\"@type\":\"BreadcrumbList\",\"@id\":\"https:\/\/franciscanos.org.br\/noticias\/frei-clarencio-lanca-novo-livro-com-abordagem-mariana.html#breadcrumb\",\"itemListElement\":[{\"@type\":\"ListItem\",\"position\":1,\"name\":\"Home\",\"item\":\"https:\/\/franciscanos.org.br\/noticias\"},{\"@type\":\"ListItem\",\"position\":2,\"name\":\"Frei Clar\u00eancio lan\u00e7a novo livro com abordagem mariana\"}]},{\"@type\":\"Person\",\"@id\":\"https:\/\/franciscanos.org.br\/noticias\/#\/schema\/person\/d9422e83121c3ad3b0f423d195f5bb25\",\"name\":\"Adriana Rabelo\",\"image\":{\"@type\":\"ImageObject\",\"inLanguage\":\"pt-BR\",\"@id\":\"https:\/\/franciscanos.org.br\/noticias\/#\/schema\/person\/image\/\",\"url\":\"https:\/\/secure.gravatar.com\/avatar\/0a937b7500cd7df77540cfb8bede877d?s=96&d=mm&r=g\",\"contentUrl\":\"https:\/\/secure.gravatar.com\/avatar\/0a937b7500cd7df77540cfb8bede877d?s=96&d=mm&r=g\",\"caption\":\"Adriana Rabelo\"},\"url\":\"https:\/\/franciscanos.org.br\/noticias\/author\/adrianarabelo\"}]}<\/script>\n<!-- \/ Yoast SEO plugin. -->","yoast_head_json":{"title":"Frei Clar\u00eancio lan\u00e7a novo livro com abordagem mariana - Not\u00edcias - Franciscanos","robots":{"index":"index","follow":"follow","max-snippet":"max-snippet:-1","max-image-preview":"max-image-preview:large","max-video-preview":"max-video-preview:-1"},"canonical":"https:\/\/franciscanos.org.br\/noticias\/frei-clarencio-lanca-novo-livro-com-abordagem-mariana.html","og_locale":"pt_BR","og_type":"article","og_title":"Frei Clar\u00eancio lan\u00e7a novo livro com abordagem mariana - Not\u00edcias - Franciscanos","og_description":"Frei Clar\u00eancio Neotti","og_url":"https:\/\/franciscanos.org.br\/noticias\/frei-clarencio-lanca-novo-livro-com-abordagem-mariana.html","og_site_name":"Not\u00edcias - Franciscanos","article_published_time":"2024-11-05T14:06:11+00:00","article_modified_time":"2024-11-05T14:22:54+00:00","og_image":[{"width":800,"height":550,"url":"https:\/\/franciscanos.org.br\/noticias\/wp-content\/uploads\/2024\/11\/Chamada-3.jpg","type":"image\/jpeg"}],"author":"Adriana Rabelo","twitter_card":"summary_large_image","twitter_misc":{"Escrito por":"Adriana Rabelo","Est. tempo de leitura":"6 minutos"},"schema":{"@context":"https:\/\/schema.org","@graph":[{"@type":"WebSite","@id":"https:\/\/franciscanos.org.br\/noticias\/#website","url":"https:\/\/franciscanos.org.br\/noticias\/","name":"Not\u00edcias - Franciscanos","description":"Prov\u00edncia Franciscana da Imaculada Concei\u00e7\u00e3o do Brasil - Ordem dos Frades Menores - OFM","potentialAction":[{"@type":"SearchAction","target":{"@type":"EntryPoint","urlTemplate":"https:\/\/franciscanos.org.br\/noticias\/?s={search_term_string}"},"query-input":"required name=search_term_string"}],"inLanguage":"pt-BR"},{"@type":"ImageObject","inLanguage":"pt-BR","@id":"https:\/\/franciscanos.org.br\/noticias\/frei-clarencio-lanca-novo-livro-com-abordagem-mariana.html#primaryimage","url":"https:\/\/franciscanos.org.br\/noticias\/wp-content\/uploads\/2024\/11\/Chamada-3.jpg","contentUrl":"https:\/\/franciscanos.org.br\/noticias\/wp-content\/uploads\/2024\/11\/Chamada-3.jpg","width":800,"height":550},{"@type":"WebPage","@id":"https:\/\/franciscanos.org.br\/noticias\/frei-clarencio-lanca-novo-livro-com-abordagem-mariana.html#webpage","url":"https:\/\/franciscanos.org.br\/noticias\/frei-clarencio-lanca-novo-livro-com-abordagem-mariana.html","name":"Frei Clar\u00eancio lan\u00e7a novo livro com abordagem mariana - Not\u00edcias - Franciscanos","isPartOf":{"@id":"https:\/\/franciscanos.org.br\/noticias\/#website"},"primaryImageOfPage":{"@id":"https:\/\/franciscanos.org.br\/noticias\/frei-clarencio-lanca-novo-livro-com-abordagem-mariana.html#primaryimage"},"datePublished":"2024-11-05T14:06:11+00:00","dateModified":"2024-11-05T14:22:54+00:00","author":{"@id":"https:\/\/franciscanos.org.br\/noticias\/#\/schema\/person\/d9422e83121c3ad3b0f423d195f5bb25"},"breadcrumb":{"@id":"https:\/\/franciscanos.org.br\/noticias\/frei-clarencio-lanca-novo-livro-com-abordagem-mariana.html#breadcrumb"},"inLanguage":"pt-BR","potentialAction":[{"@type":"ReadAction","target":["https:\/\/franciscanos.org.br\/noticias\/frei-clarencio-lanca-novo-livro-com-abordagem-mariana.html"]}]},{"@type":"BreadcrumbList","@id":"https:\/\/franciscanos.org.br\/noticias\/frei-clarencio-lanca-novo-livro-com-abordagem-mariana.html#breadcrumb","itemListElement":[{"@type":"ListItem","position":1,"name":"Home","item":"https:\/\/franciscanos.org.br\/noticias"},{"@type":"ListItem","position":2,"name":"Frei Clar\u00eancio lan\u00e7a novo livro com abordagem mariana"}]},{"@type":"Person","@id":"https:\/\/franciscanos.org.br\/noticias\/#\/schema\/person\/d9422e83121c3ad3b0f423d195f5bb25","name":"Adriana Rabelo","image":{"@type":"ImageObject","inLanguage":"pt-BR","@id":"https:\/\/franciscanos.org.br\/noticias\/#\/schema\/person\/image\/","url":"https:\/\/secure.gravatar.com\/avatar\/0a937b7500cd7df77540cfb8bede877d?s=96&d=mm&r=g","contentUrl":"https:\/\/secure.gravatar.com\/avatar\/0a937b7500cd7df77540cfb8bede877d?s=96&d=mm&r=g","caption":"Adriana Rabelo"},"url":"https:\/\/franciscanos.org.br\/noticias\/author\/adrianarabelo"}]}},"_links":{"self":[{"href":"https:\/\/franciscanos.org.br\/noticias\/wp-json\/wp\/v2\/posts\/251993"}],"collection":[{"href":"https:\/\/franciscanos.org.br\/noticias\/wp-json\/wp\/v2\/posts"}],"about":[{"href":"https:\/\/franciscanos.org.br\/noticias\/wp-json\/wp\/v2\/types\/post"}],"author":[{"embeddable":true,"href":"https:\/\/franciscanos.org.br\/noticias\/wp-json\/wp\/v2\/users\/11"}],"replies":[{"embeddable":true,"href":"https:\/\/franciscanos.org.br\/noticias\/wp-json\/wp\/v2\/comments?post=251993"}],"version-history":[{"count":6,"href":"https:\/\/franciscanos.org.br\/noticias\/wp-json\/wp\/v2\/posts\/251993\/revisions"}],"predecessor-version":[{"id":252002,"href":"https:\/\/franciscanos.org.br\/noticias\/wp-json\/wp\/v2\/posts\/251993\/revisions\/252002"}],"wp:featuredmedia":[{"embeddable":true,"href":"https:\/\/franciscanos.org.br\/noticias\/wp-json\/wp\/v2\/media\/252000"}],"wp:attachment":[{"href":"https:\/\/franciscanos.org.br\/noticias\/wp-json\/wp\/v2\/media?parent=251993"}],"wp:term":[{"taxonomy":"category","embeddable":true,"href":"https:\/\/franciscanos.org.br\/noticias\/wp-json\/wp\/v2\/categories?post=251993"},{"taxonomy":"post_tag","embeddable":true,"href":"https:\/\/franciscanos.org.br\/noticias\/wp-json\/wp\/v2\/tags?post=251993"}],"curies":[{"name":"wp","href":"https:\/\/api.w.org\/{rel}","templated":true}]}}