{"id":251924,"date":"2024-11-04T09:20:58","date_gmt":"2024-11-04T12:20:58","guid":{"rendered":"https:\/\/franciscanos.org.br\/noticias\/?p=251924"},"modified":"2024-11-04T09:20:58","modified_gmt":"2024-11-04T12:20:58","slug":"capitulo-provincial-reune-mais-de-100-frades-em-agudos","status":"publish","type":"post","link":"https:\/\/franciscanos.org.br\/noticias\/capitulo-provincial-reune-mais-de-100-frades-em-agudos.html","title":{"rendered":"Cap\u00edtulo Provincial re\u00fane mais de 100 frades em Agudos"},"content":{"rendered":"<p><img loading=\"lazy\" class=\"aligncenter wp-image-251926 size-full\" src=\"https:\/\/franciscanos.org.br\/noticias\/wp-content\/uploads\/2024\/11\/materia.jpg\" alt=\"\" width=\"1280\" height=\"720\" srcset=\"https:\/\/franciscanos.org.br\/noticias\/wp-content\/uploads\/2024\/11\/materia.jpg 1280w, https:\/\/franciscanos.org.br\/noticias\/wp-content\/uploads\/2024\/11\/materia-450x253.jpg 450w, https:\/\/franciscanos.org.br\/noticias\/wp-content\/uploads\/2024\/11\/materia-1024x576.jpg 1024w, https:\/\/franciscanos.org.br\/noticias\/wp-content\/uploads\/2024\/11\/materia-768x432.jpg 768w, https:\/\/franciscanos.org.br\/noticias\/wp-content\/uploads\/2024\/11\/materia-150x84.jpg 150w\" sizes=\"(max-width: 1280px) 100vw, 1280px\" \/><\/p>\n<p>\u00c9 chegado o dia! O Cap\u00edtulo Provincial 2024, da Prov\u00edncia Franciscana da Imaculada Concei\u00e7\u00e3o do Brasil, ter\u00e1 in\u00edcio hoje, dia 4 de novembro, no Semin\u00e1rio Santo Ant\u00f4nio, em Agudos (SP). Ser\u00e3o 9 dias de reuni\u00e3o em que os 111 frades capitulares refletir\u00e3o sobre os passos dados no \u00faltimo tri\u00eanio (2022-2024), enquanto delineiam os projetos para o pr\u00f3ximo (2025-2027).<\/p>\n<p>Durante todo o dia, frades dos cinco Estados onde a Prov\u00edncia mant\u00e9m presen\u00e7as (Esp\u00edrito Santo, Rio de Janeiro, S\u00e3o Paulo, Paran\u00e1 e Santa Catarina), estar\u00e3o em viagem para o mesmo destino: o Semin\u00e1rio Santo Ant\u00f4nio, ber\u00e7o de muitas das voca\u00e7\u00f5es da Prov\u00edncia da Imaculada. O Semin\u00e1rio iniciou suas atividades formativas em 1950, acolhendo seminaristas que cursariam o Ensino M\u00e9dio. Hoje, ele j\u00e1 n\u00e3o mais atende a esta fun\u00e7\u00e3o, sendo espa\u00e7o para encontros e reuni\u00f5es dos frades da Prov\u00edncia e de diversos outros grupos que procuram ali hospedagem, mas tamb\u00e9m espa\u00e7o para reflex\u00e3o e lazer. A casa \u00e9 gigantesca, constru\u00edda para acolher 300 seminaristas, com jardins e \u00e1reas de passeio que encantam os visitantes.<\/p>\n<p><img loading=\"lazy\" class=\"wp-image-251929 size-thumbnail alignright\" src=\"https:\/\/franciscanos.org.br\/noticias\/wp-content\/uploads\/2024\/11\/20241102_171358-300x300.jpg\" alt=\"\" width=\"300\" height=\"300\" srcset=\"https:\/\/franciscanos.org.br\/noticias\/wp-content\/uploads\/2024\/11\/20241102_171358-300x300.jpg 300w, https:\/\/franciscanos.org.br\/noticias\/wp-content\/uploads\/2024\/11\/20241102_171358-100x100.jpg 100w\" sizes=\"(max-width: 300px) 100vw, 300px\" \/>Dos 111 frades que formar\u00e3o a assembleia capitular, h\u00e1 uma grande diversidade de culturas \u2013 com irm\u00e3os nascidos nestes Estados j\u00e1 mencionados e em muitos outros, al\u00e9m daqueles nascidos em Angola \u2013, e gera\u00e7\u00f5es, j\u00e1 que teremos frades entre 26 a 85 anos de idade, todos unidos por um mesmo carisma franciscano e pelo desejo de amadurecer pessoal e fraternalmente em uma Prov\u00edncia que j\u00e1 caminha e serve a Igreja por 349 anos!<\/p>\n<p>O Cap\u00edtulo Provincial iniciar\u00e1 oficialmente \u00e0 noite. A sess\u00e3o de Instala\u00e7\u00e3o e Abertura est\u00e1 prevista para \u00e0s 20h30. Ali ser\u00e1 apresentado o Regimento do Cap\u00edtulo, que pretende estabelecer as normas que organizar\u00e3o as atividades durante todo o tempo da reuni\u00e3o. Este Regimento dever\u00e1 ser aprovado pela maioria dos frades capitulares antes de tudo. A partir de ent\u00e3o, alguns dos of\u00edcios importantes para a condu\u00e7\u00e3o das atividades ser\u00e3o distribu\u00eddos entre os irm\u00e3os.<\/p>\n<p><img loading=\"lazy\" class=\"wp-image-251928 size-thumbnail alignleft\" src=\"https:\/\/franciscanos.org.br\/noticias\/wp-content\/uploads\/2024\/11\/20241102_173405-300x300.jpg\" alt=\"\" width=\"300\" height=\"300\" srcset=\"https:\/\/franciscanos.org.br\/noticias\/wp-content\/uploads\/2024\/11\/20241102_173405-300x300.jpg 300w, https:\/\/franciscanos.org.br\/noticias\/wp-content\/uploads\/2024\/11\/20241102_173405-100x100.jpg 100w\" sizes=\"(max-width: 300px) 100vw, 300px\" \/>Este Cap\u00edtulo tem uma particularidade que exigir\u00e1 de todos especial dedica\u00e7\u00e3o: os trabalhos preparat\u00f3rios discerniram que era o momento para realizarmos uma grande reuni\u00e3o com o uso m\u00ednimo de papel e outros itens descart\u00e1veis. Todos os documentos e materiais que ser\u00e3o utilizados no Cap\u00edtulo estar\u00e3o dispon\u00edveis exclusivamente em forma digital atrav\u00e9s de espa\u00e7o virtual restrito. H\u00e1, inclusive, a possibilidade de que parte das contribui\u00e7\u00f5es e consultas sejam feitas por pesquisa eletr\u00f4nica, para favorecer e facilitar a participa\u00e7\u00e3o e organiza\u00e7\u00e3o do material recolhido.<\/p>\n<p>H\u00e1 uma boa expectativa para o Cap\u00edtulo Provincial 2024. Mensagens de apoio e ora\u00e7\u00f5es t\u00eam chegado de diversas congrega\u00e7\u00f5es e outras entidades religiosas. Todos se mostrando unidos em ora\u00e7\u00e3o para que o Esp\u00edrito Santo, verdadeiro Ministro geral da Ordem, conduza o importante trabalho que os irm\u00e3os assumir\u00e3o nos pr\u00f3ximos dias. Contamos com as ora\u00e7\u00f5es de todos!<\/p>\n<hr \/>\n<p>Frei Rodrigo da Silva Santos<\/p>\n","protected":false},"excerpt":{"rendered":"<p>Cap\u00edtulo Provincial 2024<\/p>\n","protected":false},"author":11,"featured_media":251925,"comment_status":"open","ping_status":"open","sticky":false,"template":"","format":"standard","meta":[],"categories":[1],"tags":[2255],"acf":[],"yoast_head":"<!-- This site is optimized with the Yoast SEO plugin v19.2 - https:\/\/yoast.com\/wordpress\/plugins\/seo\/ -->\n<title>Cap\u00edtulo Provincial re\u00fane mais de 100 frades em Agudos - Not\u00edcias - Franciscanos<\/title>\n<meta name=\"robots\" content=\"index, follow, max-snippet:-1, max-image-preview:large, max-video-preview:-1\" \/>\n<link rel=\"canonical\" href=\"https:\/\/franciscanos.org.br\/noticias\/capitulo-provincial-reune-mais-de-100-frades-em-agudos.html\" \/>\n<meta property=\"og:locale\" content=\"pt_BR\" \/>\n<meta property=\"og:type\" content=\"article\" \/>\n<meta property=\"og:title\" content=\"Cap\u00edtulo Provincial re\u00fane mais de 100 frades em Agudos - Not\u00edcias - Franciscanos\" \/>\n<meta property=\"og:description\" content=\"Cap\u00edtulo Provincial 2024\" \/>\n<meta property=\"og:url\" content=\"https:\/\/franciscanos.org.br\/noticias\/capitulo-provincial-reune-mais-de-100-frades-em-agudos.html\" \/>\n<meta property=\"og:site_name\" content=\"Not\u00edcias - Franciscanos\" \/>\n<meta property=\"article:published_time\" content=\"2024-11-04T12:20:58+00:00\" \/>\n<meta property=\"og:image\" content=\"https:\/\/franciscanos.org.br\/noticias\/wp-content\/uploads\/2024\/11\/chamada.jpg\" \/>\n\t<meta property=\"og:image:width\" content=\"800\" \/>\n\t<meta property=\"og:image:height\" content=\"550\" \/>\n\t<meta property=\"og:image:type\" content=\"image\/jpeg\" \/>\n<meta name=\"author\" content=\"Adriana Rabelo\" \/>\n<meta name=\"twitter:card\" content=\"summary_large_image\" \/>\n<meta name=\"twitter:label1\" content=\"Escrito por\" \/>\n\t<meta name=\"twitter:data1\" content=\"Adriana Rabelo\" \/>\n\t<meta name=\"twitter:label2\" content=\"Est. tempo de leitura\" \/>\n\t<meta name=\"twitter:data2\" content=\"3 minutos\" \/>\n<script type=\"application\/ld+json\" class=\"yoast-schema-graph\">{\"@context\":\"https:\/\/schema.org\",\"@graph\":[{\"@type\":\"WebSite\",\"@id\":\"https:\/\/franciscanos.org.br\/noticias\/#website\",\"url\":\"https:\/\/franciscanos.org.br\/noticias\/\",\"name\":\"Not\u00edcias - Franciscanos\",\"description\":\"Prov\u00edncia Franciscana da Imaculada Concei\u00e7\u00e3o do Brasil - Ordem dos Frades Menores - OFM\",\"potentialAction\":[{\"@type\":\"SearchAction\",\"target\":{\"@type\":\"EntryPoint\",\"urlTemplate\":\"https:\/\/franciscanos.org.br\/noticias\/?s={search_term_string}\"},\"query-input\":\"required name=search_term_string\"}],\"inLanguage\":\"pt-BR\"},{\"@type\":\"ImageObject\",\"inLanguage\":\"pt-BR\",\"@id\":\"https:\/\/franciscanos.org.br\/noticias\/capitulo-provincial-reune-mais-de-100-frades-em-agudos.html#primaryimage\",\"url\":\"https:\/\/franciscanos.org.br\/noticias\/wp-content\/uploads\/2024\/11\/chamada.jpg\",\"contentUrl\":\"https:\/\/franciscanos.org.br\/noticias\/wp-content\/uploads\/2024\/11\/chamada.jpg\",\"width\":800,\"height\":550},{\"@type\":\"WebPage\",\"@id\":\"https:\/\/franciscanos.org.br\/noticias\/capitulo-provincial-reune-mais-de-100-frades-em-agudos.html#webpage\",\"url\":\"https:\/\/franciscanos.org.br\/noticias\/capitulo-provincial-reune-mais-de-100-frades-em-agudos.html\",\"name\":\"Cap\u00edtulo Provincial re\u00fane mais de 100 frades em Agudos - Not\u00edcias - Franciscanos\",\"isPartOf\":{\"@id\":\"https:\/\/franciscanos.org.br\/noticias\/#website\"},\"primaryImageOfPage\":{\"@id\":\"https:\/\/franciscanos.org.br\/noticias\/capitulo-provincial-reune-mais-de-100-frades-em-agudos.html#primaryimage\"},\"datePublished\":\"2024-11-04T12:20:58+00:00\",\"dateModified\":\"2024-11-04T12:20:58+00:00\",\"author\":{\"@id\":\"https:\/\/franciscanos.org.br\/noticias\/#\/schema\/person\/d9422e83121c3ad3b0f423d195f5bb25\"},\"breadcrumb\":{\"@id\":\"https:\/\/franciscanos.org.br\/noticias\/capitulo-provincial-reune-mais-de-100-frades-em-agudos.html#breadcrumb\"},\"inLanguage\":\"pt-BR\",\"potentialAction\":[{\"@type\":\"ReadAction\",\"target\":[\"https:\/\/franciscanos.org.br\/noticias\/capitulo-provincial-reune-mais-de-100-frades-em-agudos.html\"]}]},{\"@type\":\"BreadcrumbList\",\"@id\":\"https:\/\/franciscanos.org.br\/noticias\/capitulo-provincial-reune-mais-de-100-frades-em-agudos.html#breadcrumb\",\"itemListElement\":[{\"@type\":\"ListItem\",\"position\":1,\"name\":\"Home\",\"item\":\"https:\/\/franciscanos.org.br\/noticias\"},{\"@type\":\"ListItem\",\"position\":2,\"name\":\"Cap\u00edtulo Provincial re\u00fane mais de 100 frades em Agudos\"}]},{\"@type\":\"Person\",\"@id\":\"https:\/\/franciscanos.org.br\/noticias\/#\/schema\/person\/d9422e83121c3ad3b0f423d195f5bb25\",\"name\":\"Adriana Rabelo\",\"image\":{\"@type\":\"ImageObject\",\"inLanguage\":\"pt-BR\",\"@id\":\"https:\/\/franciscanos.org.br\/noticias\/#\/schema\/person\/image\/\",\"url\":\"https:\/\/secure.gravatar.com\/avatar\/0a937b7500cd7df77540cfb8bede877d?s=96&d=mm&r=g\",\"contentUrl\":\"https:\/\/secure.gravatar.com\/avatar\/0a937b7500cd7df77540cfb8bede877d?s=96&d=mm&r=g\",\"caption\":\"Adriana Rabelo\"},\"url\":\"https:\/\/franciscanos.org.br\/noticias\/author\/adrianarabelo\"}]}<\/script>\n<!-- \/ Yoast SEO plugin. -->","yoast_head_json":{"title":"Cap\u00edtulo Provincial re\u00fane mais de 100 frades em Agudos - Not\u00edcias - Franciscanos","robots":{"index":"index","follow":"follow","max-snippet":"max-snippet:-1","max-image-preview":"max-image-preview:large","max-video-preview":"max-video-preview:-1"},"canonical":"https:\/\/franciscanos.org.br\/noticias\/capitulo-provincial-reune-mais-de-100-frades-em-agudos.html","og_locale":"pt_BR","og_type":"article","og_title":"Cap\u00edtulo Provincial re\u00fane mais de 100 frades em Agudos - Not\u00edcias - Franciscanos","og_description":"Cap\u00edtulo Provincial 2024","og_url":"https:\/\/franciscanos.org.br\/noticias\/capitulo-provincial-reune-mais-de-100-frades-em-agudos.html","og_site_name":"Not\u00edcias - Franciscanos","article_published_time":"2024-11-04T12:20:58+00:00","og_image":[{"width":800,"height":550,"url":"https:\/\/franciscanos.org.br\/noticias\/wp-content\/uploads\/2024\/11\/chamada.jpg","type":"image\/jpeg"}],"author":"Adriana Rabelo","twitter_card":"summary_large_image","twitter_misc":{"Escrito por":"Adriana Rabelo","Est. tempo de leitura":"3 minutos"},"schema":{"@context":"https:\/\/schema.org","@graph":[{"@type":"WebSite","@id":"https:\/\/franciscanos.org.br\/noticias\/#website","url":"https:\/\/franciscanos.org.br\/noticias\/","name":"Not\u00edcias - Franciscanos","description":"Prov\u00edncia Franciscana da Imaculada Concei\u00e7\u00e3o do Brasil - Ordem dos Frades Menores - OFM","potentialAction":[{"@type":"SearchAction","target":{"@type":"EntryPoint","urlTemplate":"https:\/\/franciscanos.org.br\/noticias\/?s={search_term_string}"},"query-input":"required name=search_term_string"}],"inLanguage":"pt-BR"},{"@type":"ImageObject","inLanguage":"pt-BR","@id":"https:\/\/franciscanos.org.br\/noticias\/capitulo-provincial-reune-mais-de-100-frades-em-agudos.html#primaryimage","url":"https:\/\/franciscanos.org.br\/noticias\/wp-content\/uploads\/2024\/11\/chamada.jpg","contentUrl":"https:\/\/franciscanos.org.br\/noticias\/wp-content\/uploads\/2024\/11\/chamada.jpg","width":800,"height":550},{"@type":"WebPage","@id":"https:\/\/franciscanos.org.br\/noticias\/capitulo-provincial-reune-mais-de-100-frades-em-agudos.html#webpage","url":"https:\/\/franciscanos.org.br\/noticias\/capitulo-provincial-reune-mais-de-100-frades-em-agudos.html","name":"Cap\u00edtulo Provincial re\u00fane mais de 100 frades em Agudos - Not\u00edcias - Franciscanos","isPartOf":{"@id":"https:\/\/franciscanos.org.br\/noticias\/#website"},"primaryImageOfPage":{"@id":"https:\/\/franciscanos.org.br\/noticias\/capitulo-provincial-reune-mais-de-100-frades-em-agudos.html#primaryimage"},"datePublished":"2024-11-04T12:20:58+00:00","dateModified":"2024-11-04T12:20:58+00:00","author":{"@id":"https:\/\/franciscanos.org.br\/noticias\/#\/schema\/person\/d9422e83121c3ad3b0f423d195f5bb25"},"breadcrumb":{"@id":"https:\/\/franciscanos.org.br\/noticias\/capitulo-provincial-reune-mais-de-100-frades-em-agudos.html#breadcrumb"},"inLanguage":"pt-BR","potentialAction":[{"@type":"ReadAction","target":["https:\/\/franciscanos.org.br\/noticias\/capitulo-provincial-reune-mais-de-100-frades-em-agudos.html"]}]},{"@type":"BreadcrumbList","@id":"https:\/\/franciscanos.org.br\/noticias\/capitulo-provincial-reune-mais-de-100-frades-em-agudos.html#breadcrumb","itemListElement":[{"@type":"ListItem","position":1,"name":"Home","item":"https:\/\/franciscanos.org.br\/noticias"},{"@type":"ListItem","position":2,"name":"Cap\u00edtulo Provincial re\u00fane mais de 100 frades em Agudos"}]},{"@type":"Person","@id":"https:\/\/franciscanos.org.br\/noticias\/#\/schema\/person\/d9422e83121c3ad3b0f423d195f5bb25","name":"Adriana Rabelo","image":{"@type":"ImageObject","inLanguage":"pt-BR","@id":"https:\/\/franciscanos.org.br\/noticias\/#\/schema\/person\/image\/","url":"https:\/\/secure.gravatar.com\/avatar\/0a937b7500cd7df77540cfb8bede877d?s=96&d=mm&r=g","contentUrl":"https:\/\/secure.gravatar.com\/avatar\/0a937b7500cd7df77540cfb8bede877d?s=96&d=mm&r=g","caption":"Adriana Rabelo"},"url":"https:\/\/franciscanos.org.br\/noticias\/author\/adrianarabelo"}]}},"_links":{"self":[{"href":"https:\/\/franciscanos.org.br\/noticias\/wp-json\/wp\/v2\/posts\/251924"}],"collection":[{"href":"https:\/\/franciscanos.org.br\/noticias\/wp-json\/wp\/v2\/posts"}],"about":[{"href":"https:\/\/franciscanos.org.br\/noticias\/wp-json\/wp\/v2\/types\/post"}],"author":[{"embeddable":true,"href":"https:\/\/franciscanos.org.br\/noticias\/wp-json\/wp\/v2\/users\/11"}],"replies":[{"embeddable":true,"href":"https:\/\/franciscanos.org.br\/noticias\/wp-json\/wp\/v2\/comments?post=251924"}],"version-history":[{"count":4,"href":"https:\/\/franciscanos.org.br\/noticias\/wp-json\/wp\/v2\/posts\/251924\/revisions"}],"predecessor-version":[{"id":251932,"href":"https:\/\/franciscanos.org.br\/noticias\/wp-json\/wp\/v2\/posts\/251924\/revisions\/251932"}],"wp:featuredmedia":[{"embeddable":true,"href":"https:\/\/franciscanos.org.br\/noticias\/wp-json\/wp\/v2\/media\/251925"}],"wp:attachment":[{"href":"https:\/\/franciscanos.org.br\/noticias\/wp-json\/wp\/v2\/media?parent=251924"}],"wp:term":[{"taxonomy":"category","embeddable":true,"href":"https:\/\/franciscanos.org.br\/noticias\/wp-json\/wp\/v2\/categories?post=251924"},{"taxonomy":"post_tag","embeddable":true,"href":"https:\/\/franciscanos.org.br\/noticias\/wp-json\/wp\/v2\/tags?post=251924"}],"curies":[{"name":"wp","href":"https:\/\/api.w.org\/{rel}","templated":true}]}}