{"id":251915,"date":"2024-11-01T14:53:34","date_gmt":"2024-11-01T17:53:34","guid":{"rendered":"https:\/\/franciscanos.org.br\/noticias\/?p=251915"},"modified":"2024-11-01T15:14:37","modified_gmt":"2024-11-01T18:14:37","slug":"precisamos-estar-sempre-prontos-para-aquilo-que-a-igreja-solicitardom-jaime-spengler-o-novo-cardeal-franciscano","status":"publish","type":"post","link":"https:\/\/franciscanos.org.br\/noticias\/precisamos-estar-sempre-prontos-para-aquilo-que-a-igreja-solicitardom-jaime-spengler-o-novo-cardeal-franciscano.html","title":{"rendered":"Entrevista Dom Jaime Spengler: \u201cPrecisamos estar sempre prontos para aquilo que a Igreja solicitar\u201d"},"content":{"rendered":"<p><img loading=\"lazy\" class=\"aligncenter wp-image-251916 size-full\" src=\"https:\/\/franciscanos.org.br\/noticias\/wp-content\/uploads\/2024\/11\/dom-jaime.jpeg\" alt=\"\" width=\"750\" height=\"422\" srcset=\"https:\/\/franciscanos.org.br\/noticias\/wp-content\/uploads\/2024\/11\/dom-jaime.jpeg 750w, https:\/\/franciscanos.org.br\/noticias\/wp-content\/uploads\/2024\/11\/dom-jaime-450x253.jpeg 450w, https:\/\/franciscanos.org.br\/noticias\/wp-content\/uploads\/2024\/11\/dom-jaime-150x84.jpeg 150w\" sizes=\"(max-width: 750px) 100vw, 750px\" \/><\/p>\n<p>A Prov\u00edncia Franciscana da Imaculada Concei\u00e7\u00e3o do Brasil ter\u00e1 a gra\u00e7a de registrar em sua hist\u00f3ria mais um cardeal: Dom Jaime Spengler.<\/p>\n<p>No \u00c2ngelus do dia 6 de outubro, o Papa Francisco anunciou o Consist\u00f3rio para a cria\u00e7\u00e3o de 21 novos cardeais em 7 de dezembro. O Santo Padre leu a lista da janela do Pal\u00e1cio Apost\u00f3lico, seguindo seu costume dos \u00faltimos 12 anos, surpreendendo com os an\u00fancios ap\u00f3s o Angelus.<\/p>\n<p>Al\u00e9m do presidente da CNBB e do Celam, tamb\u00e9m foram indicados representantes de pa\u00edses como Ir\u00e3, Indon\u00e9sia, Jap\u00e3o, Filipinas, Costa do Marfim e It\u00e1lia.<\/p>\n<p>O momento tamb\u00e9m foi marcado pela realiza\u00e7\u00e3o da Assembleia Geral do S\u00ednodo dos Bispos, em Roma.\u00a0 Na ocasi\u00e3o, Francisco destacou que a diversidade dos indicados reflete a universalidade da Igreja e o v\u00ednculo insepar\u00e1vel entre a S\u00e9 de Pedro e as Igrejas espalhadas pelo mundo.<\/p>\n<p>Dom Jaime Spengler expressou surpresa e gratid\u00e3o pela nomea\u00e7\u00e3o. Em v\u00eddeo, agradeceu ao Papa, ao povo brasileiro e latino-americano, especialmente \u00e0s v\u00edtimas das trag\u00e9dias clim\u00e1ticas no Rio Grande do Sul. O arcebispo enfatizou a import\u00e2ncia de caminhar juntos em comunh\u00e3o para promover o Reino de Deus e sua justi\u00e7a.<\/p>\n<p>Em entrevista \u00e0 edi\u00e7\u00e3o de novembro da Revista Comunica\u00e7\u00f5es, Dom Jaime falou sobre o an\u00fancio e suas expectativas.<\/p>\n<p>\u201cComo pessoa que assumiu vida consagrada, precisamos estar sempre prontos para aquilo que a igreja solicitar. E neste momento, a Igreja solicita disposi\u00e7\u00e3o\u201d.<\/p>\n<p><strong>Revista Comunica\u00e7\u00f5es \u2013 <\/strong>Como franciscano, qual a import\u00e2ncia desse an\u00fancio do Papa Francisco para o senhor?<\/p>\n<p><strong>Dom Jaime \u2013<\/strong>\u00a0Sempre gostei de algo que est\u00e1 na Regra Franciscana, quando S\u00e3o Francisco diz: \u201cEu Frei Francisco, prometo obedi\u00eancia e reverencia ao s Papa On\u00f3rio e seus sucessores\u201d. Certamente, essa indica\u00e7\u00e3o exigir\u00e1 de n\u00f3s ainda mais o cultivo dessa reverencia e dessa obedi\u00eancia a Pedro, o Papa, em nosso caso. \u00c9 um marco na caminhada de vida pessoal. Esperamos poder colaborar da melhor forma poss\u00edvel, com aquilo que estiver ao nosso alcance e ao que nos for solicitado.<\/p>\n<p><strong>Revista Comunica\u00e7\u00f5es<\/strong> \u2013 Como futuro cardeal, quais ser\u00e3o os compromissos do senhor? Pergunto porque atualmente o senhor \u00e9 o presidente da CNBB e do Celam.<\/p>\n<p><strong>Dom Jaime<\/strong> \u2013 Isso \u00e9 uma boa pergunta, pois ningu\u00e9m ainda contou como ser\u00e1. Por enquanto conhecemos aquilo que corresponde \u00e0 tarefa de um cardeal. Primeiro, ele deve colaborar com o bispo de Roma. Em segundo lugar, colaborar com o bispo de Roma no Exerc\u00edcio do seu minist\u00e9rio para o bem de todo o povo de Deus. Espero que, de forma muito simples e discreta n\u00f3s possamos continuar aquilo que j\u00e1 hav\u00edamos trazendo, como arcebispo na Arquidiocese de Porto Alegre. Nos pr\u00f3ximos anos ainda temos esse servi\u00e7o \u00e0 Confer\u00eancia Nacional dos Bispos do Brasil (CNBB). Estamos concluindo esse primeiro ano e meio \u00e0 frente da confer\u00eancia e tamb\u00e9m do Conselho Episcopal Latino Americano, o Celam.<\/p>\n<p>Ainda n\u00e3o sei o que vir\u00e1 pela frente, mas, h\u00e1 sempre explicita a miss\u00e3o de participar da escolha do Pont\u00edfice Romano. Fa\u00e7o votos de que o Papa Francisco possa viver muitos anos com sa\u00fade, disposi\u00e7\u00e3o, com sabedoria, guinado a Igreja como tem feito at\u00e9 aqui. Se de repente, num determinado momento da hist\u00f3ria formos convocados para tanto, e o esp\u00edrito de Deus verdadeiramente no ilumine para que n\u00f3s possamos estar nessa sintonia para bem realizar tamb\u00e9m essa miss\u00e3o que podemos ser chamados a participar.<\/p>\n<p><strong>Revista Comunica\u00e7\u00f5es\u2013<\/strong>\u00a0Al\u00e9m do senhor, outros frades menores ser\u00e3o elevados a cardeais em dezembro. Como senhor acompanha essa presen\u00e7a dos franciscanos como cardeais mais pr\u00f3ximos do bispo de Roma?<\/p>\n<p><strong>Dom Jaime \u2013<\/strong>\u00a0Ser\u00e3o tr\u00eas provenientes da Ordem dos Frades Menores, sendo um arcebispo do Equador, outro da Indon\u00e9sia, eu do Brasil e um outro franciscano conventual que ser\u00e1 elevado a cardeal. Tendo presente aquilo que \u00e9 a tradi\u00e7\u00e3o, a hist\u00f3ria, espiritualidade franciscana se trata de um servi\u00e7o especial que, como frades menores somos chamados a desenvolver.\u00a0 Nesse contexto vale recordar sempre o querer de Francisco de Assis que os frades pudessem sempre colaborar com a Igreja, da melhor forma poss\u00edvel, ode fosse necess\u00e1rio. Anunciado o Evangelho de forma simples, com o testemunho de vida, sobretudo, e com alegria. Creio que talvez nessas express\u00f5es sejam sintetizados o estilo franciscano de ser um evangelizador na atualidade.<\/p>\n<p><strong>Revista Comunica\u00e7\u00f5es \u2013<\/strong>\u00a0Na Prov\u00edncia Franciscana da Imaculada Concei\u00e7\u00e3o do Brasil, de onde origina toda a caminhada religiosa do senhor tamb\u00e9m, tivemos outro cardeal, que foi Dom Paulo Evaristo Arns. O que isso representa para o senhor neste momento que recebe o an\u00fancio do Papa?<\/p>\n<p><strong>Dom Jaime \u2013<\/strong>\u00a0Antes de tudo eu sou muito grato por tudo aquilo que, ao longo dos anos, a Prov\u00edncia Franciscana da Imaculada Concei\u00e7\u00e3o do Brasil me proporcionou em todos os sentidos.\u00a0 Seja no \u00e2mbito da forma\u00e7\u00e3o, nas oportunidades de exerc\u00edcio do minist\u00e9rio, os trabalhos que me foram solicitados. Creio que tudo isso me ajudou na caminhada humana, crist\u00e3 e na minha caminhada franciscana. Serei eternamente grato por tudo aquilo que a Prov\u00edncia me proporcionou.<\/p>\n<p>Na verdade, tivermos na hist\u00f3ria dom Paulo Evaristo Arns como Cardeal Arcebispo de S\u00e3o Paulo, numa etapa delicada da hist\u00f3ria brasileira. Foi um homem que se dedicou de forma apaixonada a promover a paz, a reconcilia\u00e7\u00e3o, os direitos humanos no nosso Brasil. Nosso pa\u00eds deve muito a figura de Dom Paulo Evaristo Arns. Temos tamb\u00e9m atualmente, Dom Leonardo Ulrich Steiner, arcebispo de Manaus, que tamb\u00e9m foi secret\u00e1rio da Confer\u00eancia Nacional dos Bispos do Brasil por dois mandatos. Antes ele havia sido bispo na Prelazia de S\u00e3o F\u00e9lix do Araguaia, no Par\u00e1. Como arcebispo de Manaus tem um horizonte de trabalho intenso, haja visto o cuidado e promo\u00e7\u00e3o do bioma amaz\u00f4nico, em virtude do futuro saud\u00e1vel do planeta.<\/p>\n<p>Poder recordar essas figuras nos chamam para uma responsabilidade maior. N\u00e3o sei o que ser\u00e1 me solicitado daqui para frente, mas fa\u00e7o votos de que possa responder na melhor forma poss\u00edvel aquilo que foram as solicita\u00e7\u00f5es do tempo, da hist\u00f3ria e da sociedade, da Igreja, a fim de ser testemunha do Evangelho e promotor de vida e vida em abund\u00e2ncia para todos.<\/p>\n<p>Sobre a carta enviada pelo Papa aos futuros cardeais. Do Jaime relembrou tr\u00eas atitudes com as quais um poeta argentino \u2013 Francisco Luis Bern\u00e1rdez \u2013 descreveu S\u00e3o Jo\u00e3o da Cruz: \u00a0\u201colhos altos, m\u00e3os juntas, p\u00e9s descal\u00e7os\u201d.<\/p>\n<p>Olhos altos porque o servi\u00e7o vai exigir a amplitude do olhar, a expans\u00e3o do cora\u00e7\u00e3o para poder olhar mais longe e amar de forma mais intensa e universal.\u00a0\u00a0 M\u00e3os juntas porque a ora\u00e7\u00e3o \u00e9 o que mais a Igreja necessita para poder levar adiante a tarefa para apascentar o rebanho de Cristo e promover a obra da evangeliza\u00e7\u00e3o. E a terceira atitude \u00e9 referente aos p\u00e9s descal\u00e7os, ou seja, tocar a aspereza das diversas realidades marcadas pelo sofrimento e pela dor, lembrando das guerras das persegui\u00e7\u00f5es, fome, mis\u00e9ria, enfim, as diversas forma de pobreza.<\/p>\n<p>Essas tr\u00eas atitudes que o Santo Padre nos pede, creio que, de alguma forma, devem caracterizar o servi\u00e7o que fomos chamados a prestar daqui para frente em favor de toda a Igreja.<\/p>\n<p>Ele termina com uma express\u00e3o muito bonita. \u201c O t\u00edtulo de servidor ofusque cada vez mais o de \u201cemin\u00eancia\u201d.<\/p>\n<p>Oxal\u00e1 que possamos servir ainda melhor a Igreja que amamos, a Igreja que um dia nos acolheu, a Igreja que busca de forma empenhada e ativa levar adiante a obra da evangeliza\u00e7\u00e3o.<\/p>\n<hr \/>\n<p>Adriana Rabelo<\/p>\n","protected":false},"excerpt":{"rendered":"<p>Dom Jaime Spengler<\/p>\n","protected":false},"author":11,"featured_media":251917,"comment_status":"open","ping_status":"open","sticky":false,"template":"","format":"standard","meta":[],"categories":[758],"tags":[449],"acf":[],"yoast_head":"<!-- This site is optimized with the Yoast SEO plugin v19.2 - https:\/\/yoast.com\/wordpress\/plugins\/seo\/ -->\n<title>Entrevista Dom Jaime Spengler: \u201cPrecisamos estar sempre prontos para aquilo que a Igreja solicitar\u201d - Not\u00edcias - Franciscanos<\/title>\n<meta name=\"robots\" content=\"index, follow, max-snippet:-1, max-image-preview:large, max-video-preview:-1\" \/>\n<link rel=\"canonical\" href=\"https:\/\/franciscanos.org.br\/noticias\/precisamos-estar-sempre-prontos-para-aquilo-que-a-igreja-solicitardom-jaime-spengler-o-novo-cardeal-franciscano.html\" \/>\n<meta property=\"og:locale\" content=\"pt_BR\" \/>\n<meta property=\"og:type\" content=\"article\" \/>\n<meta property=\"og:title\" content=\"Entrevista Dom Jaime Spengler: \u201cPrecisamos estar sempre prontos para aquilo que a Igreja solicitar\u201d - Not\u00edcias - Franciscanos\" \/>\n<meta property=\"og:description\" content=\"Dom Jaime Spengler\" \/>\n<meta property=\"og:url\" content=\"https:\/\/franciscanos.org.br\/noticias\/precisamos-estar-sempre-prontos-para-aquilo-que-a-igreja-solicitardom-jaime-spengler-o-novo-cardeal-franciscano.html\" \/>\n<meta property=\"og:site_name\" content=\"Not\u00edcias - Franciscanos\" \/>\n<meta property=\"article:published_time\" content=\"2024-11-01T17:53:34+00:00\" \/>\n<meta property=\"article:modified_time\" content=\"2024-11-01T18:14:37+00:00\" \/>\n<meta property=\"og:image\" content=\"https:\/\/franciscanos.org.br\/noticias\/wp-content\/uploads\/2024\/11\/chamada-dom-jaime.jpg\" \/>\n\t<meta property=\"og:image:width\" content=\"800\" \/>\n\t<meta property=\"og:image:height\" content=\"550\" \/>\n\t<meta property=\"og:image:type\" content=\"image\/jpeg\" \/>\n<meta name=\"author\" content=\"Adriana Rabelo\" \/>\n<meta name=\"twitter:card\" content=\"summary_large_image\" \/>\n<meta name=\"twitter:label1\" content=\"Escrito por\" \/>\n\t<meta name=\"twitter:data1\" content=\"Adriana Rabelo\" \/>\n\t<meta name=\"twitter:label2\" content=\"Est. tempo de leitura\" \/>\n\t<meta name=\"twitter:data2\" content=\"7 minutos\" \/>\n<script type=\"application\/ld+json\" class=\"yoast-schema-graph\">{\"@context\":\"https:\/\/schema.org\",\"@graph\":[{\"@type\":\"WebSite\",\"@id\":\"https:\/\/franciscanos.org.br\/noticias\/#website\",\"url\":\"https:\/\/franciscanos.org.br\/noticias\/\",\"name\":\"Not\u00edcias - Franciscanos\",\"description\":\"Prov\u00edncia Franciscana da Imaculada Concei\u00e7\u00e3o do Brasil - Ordem dos Frades Menores - OFM\",\"potentialAction\":[{\"@type\":\"SearchAction\",\"target\":{\"@type\":\"EntryPoint\",\"urlTemplate\":\"https:\/\/franciscanos.org.br\/noticias\/?s={search_term_string}\"},\"query-input\":\"required name=search_term_string\"}],\"inLanguage\":\"pt-BR\"},{\"@type\":\"ImageObject\",\"inLanguage\":\"pt-BR\",\"@id\":\"https:\/\/franciscanos.org.br\/noticias\/precisamos-estar-sempre-prontos-para-aquilo-que-a-igreja-solicitardom-jaime-spengler-o-novo-cardeal-franciscano.html#primaryimage\",\"url\":\"https:\/\/franciscanos.org.br\/noticias\/wp-content\/uploads\/2024\/11\/chamada-dom-jaime.jpg\",\"contentUrl\":\"https:\/\/franciscanos.org.br\/noticias\/wp-content\/uploads\/2024\/11\/chamada-dom-jaime.jpg\",\"width\":800,\"height\":550},{\"@type\":\"WebPage\",\"@id\":\"https:\/\/franciscanos.org.br\/noticias\/precisamos-estar-sempre-prontos-para-aquilo-que-a-igreja-solicitardom-jaime-spengler-o-novo-cardeal-franciscano.html#webpage\",\"url\":\"https:\/\/franciscanos.org.br\/noticias\/precisamos-estar-sempre-prontos-para-aquilo-que-a-igreja-solicitardom-jaime-spengler-o-novo-cardeal-franciscano.html\",\"name\":\"Entrevista Dom Jaime Spengler: \u201cPrecisamos estar sempre prontos para aquilo que a Igreja solicitar\u201d - Not\u00edcias - Franciscanos\",\"isPartOf\":{\"@id\":\"https:\/\/franciscanos.org.br\/noticias\/#website\"},\"primaryImageOfPage\":{\"@id\":\"https:\/\/franciscanos.org.br\/noticias\/precisamos-estar-sempre-prontos-para-aquilo-que-a-igreja-solicitardom-jaime-spengler-o-novo-cardeal-franciscano.html#primaryimage\"},\"datePublished\":\"2024-11-01T17:53:34+00:00\",\"dateModified\":\"2024-11-01T18:14:37+00:00\",\"author\":{\"@id\":\"https:\/\/franciscanos.org.br\/noticias\/#\/schema\/person\/d9422e83121c3ad3b0f423d195f5bb25\"},\"breadcrumb\":{\"@id\":\"https:\/\/franciscanos.org.br\/noticias\/precisamos-estar-sempre-prontos-para-aquilo-que-a-igreja-solicitardom-jaime-spengler-o-novo-cardeal-franciscano.html#breadcrumb\"},\"inLanguage\":\"pt-BR\",\"potentialAction\":[{\"@type\":\"ReadAction\",\"target\":[\"https:\/\/franciscanos.org.br\/noticias\/precisamos-estar-sempre-prontos-para-aquilo-que-a-igreja-solicitardom-jaime-spengler-o-novo-cardeal-franciscano.html\"]}]},{\"@type\":\"BreadcrumbList\",\"@id\":\"https:\/\/franciscanos.org.br\/noticias\/precisamos-estar-sempre-prontos-para-aquilo-que-a-igreja-solicitardom-jaime-spengler-o-novo-cardeal-franciscano.html#breadcrumb\",\"itemListElement\":[{\"@type\":\"ListItem\",\"position\":1,\"name\":\"Home\",\"item\":\"https:\/\/franciscanos.org.br\/noticias\"},{\"@type\":\"ListItem\",\"position\":2,\"name\":\"Entrevista Dom Jaime Spengler: \u201cPrecisamos estar sempre prontos para aquilo que a Igreja solicitar\u201d\"}]},{\"@type\":\"Person\",\"@id\":\"https:\/\/franciscanos.org.br\/noticias\/#\/schema\/person\/d9422e83121c3ad3b0f423d195f5bb25\",\"name\":\"Adriana Rabelo\",\"image\":{\"@type\":\"ImageObject\",\"inLanguage\":\"pt-BR\",\"@id\":\"https:\/\/franciscanos.org.br\/noticias\/#\/schema\/person\/image\/\",\"url\":\"https:\/\/secure.gravatar.com\/avatar\/0a937b7500cd7df77540cfb8bede877d?s=96&d=mm&r=g\",\"contentUrl\":\"https:\/\/secure.gravatar.com\/avatar\/0a937b7500cd7df77540cfb8bede877d?s=96&d=mm&r=g\",\"caption\":\"Adriana Rabelo\"},\"url\":\"https:\/\/franciscanos.org.br\/noticias\/author\/adrianarabelo\"}]}<\/script>\n<!-- \/ Yoast SEO plugin. -->","yoast_head_json":{"title":"Entrevista Dom Jaime Spengler: \u201cPrecisamos estar sempre prontos para aquilo que a Igreja solicitar\u201d - Not\u00edcias - Franciscanos","robots":{"index":"index","follow":"follow","max-snippet":"max-snippet:-1","max-image-preview":"max-image-preview:large","max-video-preview":"max-video-preview:-1"},"canonical":"https:\/\/franciscanos.org.br\/noticias\/precisamos-estar-sempre-prontos-para-aquilo-que-a-igreja-solicitardom-jaime-spengler-o-novo-cardeal-franciscano.html","og_locale":"pt_BR","og_type":"article","og_title":"Entrevista Dom Jaime Spengler: \u201cPrecisamos estar sempre prontos para aquilo que a Igreja solicitar\u201d - Not\u00edcias - Franciscanos","og_description":"Dom Jaime Spengler","og_url":"https:\/\/franciscanos.org.br\/noticias\/precisamos-estar-sempre-prontos-para-aquilo-que-a-igreja-solicitardom-jaime-spengler-o-novo-cardeal-franciscano.html","og_site_name":"Not\u00edcias - Franciscanos","article_published_time":"2024-11-01T17:53:34+00:00","article_modified_time":"2024-11-01T18:14:37+00:00","og_image":[{"width":800,"height":550,"url":"https:\/\/franciscanos.org.br\/noticias\/wp-content\/uploads\/2024\/11\/chamada-dom-jaime.jpg","type":"image\/jpeg"}],"author":"Adriana Rabelo","twitter_card":"summary_large_image","twitter_misc":{"Escrito por":"Adriana Rabelo","Est. tempo de leitura":"7 minutos"},"schema":{"@context":"https:\/\/schema.org","@graph":[{"@type":"WebSite","@id":"https:\/\/franciscanos.org.br\/noticias\/#website","url":"https:\/\/franciscanos.org.br\/noticias\/","name":"Not\u00edcias - Franciscanos","description":"Prov\u00edncia Franciscana da Imaculada Concei\u00e7\u00e3o do Brasil - Ordem dos Frades Menores - OFM","potentialAction":[{"@type":"SearchAction","target":{"@type":"EntryPoint","urlTemplate":"https:\/\/franciscanos.org.br\/noticias\/?s={search_term_string}"},"query-input":"required name=search_term_string"}],"inLanguage":"pt-BR"},{"@type":"ImageObject","inLanguage":"pt-BR","@id":"https:\/\/franciscanos.org.br\/noticias\/precisamos-estar-sempre-prontos-para-aquilo-que-a-igreja-solicitardom-jaime-spengler-o-novo-cardeal-franciscano.html#primaryimage","url":"https:\/\/franciscanos.org.br\/noticias\/wp-content\/uploads\/2024\/11\/chamada-dom-jaime.jpg","contentUrl":"https:\/\/franciscanos.org.br\/noticias\/wp-content\/uploads\/2024\/11\/chamada-dom-jaime.jpg","width":800,"height":550},{"@type":"WebPage","@id":"https:\/\/franciscanos.org.br\/noticias\/precisamos-estar-sempre-prontos-para-aquilo-que-a-igreja-solicitardom-jaime-spengler-o-novo-cardeal-franciscano.html#webpage","url":"https:\/\/franciscanos.org.br\/noticias\/precisamos-estar-sempre-prontos-para-aquilo-que-a-igreja-solicitardom-jaime-spengler-o-novo-cardeal-franciscano.html","name":"Entrevista Dom Jaime Spengler: \u201cPrecisamos estar sempre prontos para aquilo que a Igreja solicitar\u201d - Not\u00edcias - Franciscanos","isPartOf":{"@id":"https:\/\/franciscanos.org.br\/noticias\/#website"},"primaryImageOfPage":{"@id":"https:\/\/franciscanos.org.br\/noticias\/precisamos-estar-sempre-prontos-para-aquilo-que-a-igreja-solicitardom-jaime-spengler-o-novo-cardeal-franciscano.html#primaryimage"},"datePublished":"2024-11-01T17:53:34+00:00","dateModified":"2024-11-01T18:14:37+00:00","author":{"@id":"https:\/\/franciscanos.org.br\/noticias\/#\/schema\/person\/d9422e83121c3ad3b0f423d195f5bb25"},"breadcrumb":{"@id":"https:\/\/franciscanos.org.br\/noticias\/precisamos-estar-sempre-prontos-para-aquilo-que-a-igreja-solicitardom-jaime-spengler-o-novo-cardeal-franciscano.html#breadcrumb"},"inLanguage":"pt-BR","potentialAction":[{"@type":"ReadAction","target":["https:\/\/franciscanos.org.br\/noticias\/precisamos-estar-sempre-prontos-para-aquilo-que-a-igreja-solicitardom-jaime-spengler-o-novo-cardeal-franciscano.html"]}]},{"@type":"BreadcrumbList","@id":"https:\/\/franciscanos.org.br\/noticias\/precisamos-estar-sempre-prontos-para-aquilo-que-a-igreja-solicitardom-jaime-spengler-o-novo-cardeal-franciscano.html#breadcrumb","itemListElement":[{"@type":"ListItem","position":1,"name":"Home","item":"https:\/\/franciscanos.org.br\/noticias"},{"@type":"ListItem","position":2,"name":"Entrevista Dom Jaime Spengler: \u201cPrecisamos estar sempre prontos para aquilo que a Igreja solicitar\u201d"}]},{"@type":"Person","@id":"https:\/\/franciscanos.org.br\/noticias\/#\/schema\/person\/d9422e83121c3ad3b0f423d195f5bb25","name":"Adriana Rabelo","image":{"@type":"ImageObject","inLanguage":"pt-BR","@id":"https:\/\/franciscanos.org.br\/noticias\/#\/schema\/person\/image\/","url":"https:\/\/secure.gravatar.com\/avatar\/0a937b7500cd7df77540cfb8bede877d?s=96&d=mm&r=g","contentUrl":"https:\/\/secure.gravatar.com\/avatar\/0a937b7500cd7df77540cfb8bede877d?s=96&d=mm&r=g","caption":"Adriana Rabelo"},"url":"https:\/\/franciscanos.org.br\/noticias\/author\/adrianarabelo"}]}},"_links":{"self":[{"href":"https:\/\/franciscanos.org.br\/noticias\/wp-json\/wp\/v2\/posts\/251915"}],"collection":[{"href":"https:\/\/franciscanos.org.br\/noticias\/wp-json\/wp\/v2\/posts"}],"about":[{"href":"https:\/\/franciscanos.org.br\/noticias\/wp-json\/wp\/v2\/types\/post"}],"author":[{"embeddable":true,"href":"https:\/\/franciscanos.org.br\/noticias\/wp-json\/wp\/v2\/users\/11"}],"replies":[{"embeddable":true,"href":"https:\/\/franciscanos.org.br\/noticias\/wp-json\/wp\/v2\/comments?post=251915"}],"version-history":[{"count":6,"href":"https:\/\/franciscanos.org.br\/noticias\/wp-json\/wp\/v2\/posts\/251915\/revisions"}],"predecessor-version":[{"id":251923,"href":"https:\/\/franciscanos.org.br\/noticias\/wp-json\/wp\/v2\/posts\/251915\/revisions\/251923"}],"wp:featuredmedia":[{"embeddable":true,"href":"https:\/\/franciscanos.org.br\/noticias\/wp-json\/wp\/v2\/media\/251917"}],"wp:attachment":[{"href":"https:\/\/franciscanos.org.br\/noticias\/wp-json\/wp\/v2\/media?parent=251915"}],"wp:term":[{"taxonomy":"category","embeddable":true,"href":"https:\/\/franciscanos.org.br\/noticias\/wp-json\/wp\/v2\/categories?post=251915"},{"taxonomy":"post_tag","embeddable":true,"href":"https:\/\/franciscanos.org.br\/noticias\/wp-json\/wp\/v2\/tags?post=251915"}],"curies":[{"name":"wp","href":"https:\/\/api.w.org\/{rel}","templated":true}]}}