{"id":251896,"date":"2024-10-31T11:09:00","date_gmt":"2024-10-31T14:09:00","guid":{"rendered":"https:\/\/franciscanos.org.br\/noticias\/?p=251896"},"modified":"2024-10-31T13:48:21","modified_gmt":"2024-10-31T16:48:21","slug":"cnbb-agradece-ao-legado-de-frei-joel-postma-que-faleceu-nesta-quarta-feira-30-em-belo-horizonte-mg","status":"publish","type":"post","link":"https:\/\/franciscanos.org.br\/noticias\/cnbb-agradece-ao-legado-de-frei-joel-postma-que-faleceu-nesta-quarta-feira-30-em-belo-horizonte-mg.html","title":{"rendered":"CNBB agradece ao legado de Frei Joel Postma falecido em Belo Horizonte"},"content":{"rendered":"<p><img loading=\"lazy\" class=\"aligncenter wp-image-251897 size-full\" src=\"https:\/\/franciscanos.org.br\/noticias\/wp-content\/uploads\/2024\/10\/MATAERIA-FREI-JOEL.jpg\" alt=\"\" width=\"1280\" height=\"720\" srcset=\"https:\/\/franciscanos.org.br\/noticias\/wp-content\/uploads\/2024\/10\/MATAERIA-FREI-JOEL.jpg 1280w, https:\/\/franciscanos.org.br\/noticias\/wp-content\/uploads\/2024\/10\/MATAERIA-FREI-JOEL-450x253.jpg 450w, https:\/\/franciscanos.org.br\/noticias\/wp-content\/uploads\/2024\/10\/MATAERIA-FREI-JOEL-1024x576.jpg 1024w, https:\/\/franciscanos.org.br\/noticias\/wp-content\/uploads\/2024\/10\/MATAERIA-FREI-JOEL-768x432.jpg 768w, https:\/\/franciscanos.org.br\/noticias\/wp-content\/uploads\/2024\/10\/MATAERIA-FREI-JOEL-150x84.jpg 150w\" sizes=\"(max-width: 1280px) 100vw, 1280px\" \/><\/p>\n<p>Faleceu na quarta-feira, 30 de outubro, em Belo Horizonte (MG), o m\u00fasico e compositor holand\u00eas Frei Joel Postma, OFM, que foi assessor do Setor de M\u00fasica Lit\u00fargica da Confer\u00eancia Nacional dois Bispos do Brasil (CNBB) por 13 anos, no per\u00edodo que vai de 1984 a 1997. Na Confer\u00eancia, pelos menos tr\u00eas grandes frutos surgiram do trabalho do frade.<\/p>\n<p>O primeiro deles \u00e9 o Curso Ecum\u00eanico de Forma\u00e7\u00e3o e Atualiza\u00e7\u00e3o Lit\u00fargico-musical (Celmu). O segundo fruto n\u00e3o nasceu como uma iniciativa direta do Setor de M\u00fasica Lit\u00fargica da CNBB, mas teve, no religioso, um grande colaborador e incentivador: o Of\u00edcio Divino das Comunidades (ODC) e o terceiro foi a sistematiza\u00e7\u00e3o e organiza\u00e7\u00e3o dos Hin\u00e1rios Lit\u00fargicos da CNBB, iniciado durante o seu trabalho no Setor de M\u00fasica Lit\u00fargica.<\/p>\n<p>A presid\u00eancia da CNBB publicou uma nota de pesar pela morte e enviou condol\u00eancias ao ministro provincial da Ordem dos Frades Menores, frei Vicente Paulo do Nascimento, e aos frades da prov\u00edncia Santa Cruz.<\/p>\n<p>No documento, a CNBB refor\u00e7ou que na beleza das composi\u00e7\u00f5es desse franciscano, encontramos \u201ca tradi\u00e7\u00e3o musical da Igreja, que excede todas as outras express\u00f5es de arte, porque constitui parte integrante da Liturgia solene\u201d (cf. SC 112). No seu generoso servi\u00e7o, ele pode organizar as primeiras edi\u00e7\u00f5es do Hin\u00e1rio Lit\u00fargico da CNBB, publicadas pela Paulus, e atuou decisivamente para criar o Curso Ecum\u00eanico de Liturgia e M\u00fasica (CELMU).<\/p>\n<p>\u201cNossa gratid\u00e3o a Deus pela vida e obra de Frei Joel, que cantou a liturgia com a vida e inspira nossas comunidades a cantar em fidelidade \u00e0 tradi\u00e7\u00e3o b\u00edblico-lit\u00fargica, a experi\u00eancia eclesial latino-americana e a cultura musical do nosso pa\u00eds, na variedade de suas regi\u00f5es. Somos imensamente gratos! Na certeza de que a vida n\u00e3o \u00e9 tirada, mas transformada, pedimos que o Ressuscitado seja o vosso consolo\u201d, pontuou a presid\u00eancia da CNBB. Por Willian Bonfim com informa\u00e7\u00f5es <a href=\"https:\/\/ofm.org.br\/faleceu-frei-joel-postma-musico-e-compositor\/\" target=\"_blank\" rel=\"noopener\">www.ofm.org.br<\/a><\/p>\n<p><a href=\"https:\/\/franciscanos.org.br\/banca\/wp-content\/uploads\/2024\/10\/Nota-de-pesar-Frei-Joel.pdf\"><span style=\"color: #0000ff;\"><strong>CONFIRA A NOTA DA CNBB<\/strong><\/span><\/a><\/p>\n<hr \/>\n<p><em>Willian Bonfim, com informa\u00e7\u00f5es <a href=\"https:\/\/ofm.org.br\/faleceu-frei-joel-postma-musico-e-compositor\/\" target=\"_blank\" rel=\"noopener\">www.ofm.org.br<\/a><\/em><\/p>\n<p>Fonte: <a href=\"https:\/\/www.cnbb.org.br\/cnbb-agradece-ao-legado-de-frei-joel-postma-que-faleceu-nesta-quarta-feira-30\/\">https:\/\/www.cnbb.org.br\/cnbb-agradece-ao-legado-de-frei-joel-postma-que-faleceu-nesta-quarta-feira-30\/<\/a><\/p>\n<p>&nbsp;<\/p>\n","protected":false},"excerpt":{"rendered":"<p>Falecimento<\/p>\n","protected":false},"author":11,"featured_media":251899,"comment_status":"open","ping_status":"open","sticky":false,"template":"","format":"standard","meta":[],"categories":[1],"tags":[2251],"acf":[],"yoast_head":"<!-- This site is optimized with the Yoast SEO plugin v19.2 - https:\/\/yoast.com\/wordpress\/plugins\/seo\/ -->\n<title>CNBB agradece ao legado de Frei Joel Postma falecido em Belo Horizonte - Not\u00edcias - Franciscanos<\/title>\n<meta name=\"robots\" content=\"index, follow, max-snippet:-1, max-image-preview:large, max-video-preview:-1\" \/>\n<link rel=\"canonical\" href=\"https:\/\/franciscanos.org.br\/noticias\/cnbb-agradece-ao-legado-de-frei-joel-postma-que-faleceu-nesta-quarta-feira-30-em-belo-horizonte-mg.html\" \/>\n<meta property=\"og:locale\" content=\"pt_BR\" \/>\n<meta property=\"og:type\" content=\"article\" \/>\n<meta property=\"og:title\" content=\"CNBB agradece ao legado de Frei Joel Postma falecido em Belo Horizonte - Not\u00edcias - Franciscanos\" \/>\n<meta property=\"og:description\" content=\"Falecimento\" \/>\n<meta property=\"og:url\" content=\"https:\/\/franciscanos.org.br\/noticias\/cnbb-agradece-ao-legado-de-frei-joel-postma-que-faleceu-nesta-quarta-feira-30-em-belo-horizonte-mg.html\" \/>\n<meta property=\"og:site_name\" content=\"Not\u00edcias - Franciscanos\" \/>\n<meta property=\"article:published_time\" content=\"2024-10-31T14:09:00+00:00\" \/>\n<meta property=\"article:modified_time\" content=\"2024-10-31T16:48:21+00:00\" \/>\n<meta property=\"og:image\" content=\"https:\/\/franciscanos.org.br\/noticias\/wp-content\/uploads\/2024\/10\/chamada-Frei-Joel.jpg\" \/>\n\t<meta property=\"og:image:width\" content=\"800\" \/>\n\t<meta property=\"og:image:height\" content=\"550\" \/>\n\t<meta property=\"og:image:type\" content=\"image\/jpeg\" \/>\n<meta name=\"author\" content=\"Adriana Rabelo\" \/>\n<meta name=\"twitter:card\" content=\"summary_large_image\" \/>\n<meta name=\"twitter:label1\" content=\"Escrito por\" \/>\n\t<meta name=\"twitter:data1\" content=\"Adriana Rabelo\" \/>\n\t<meta name=\"twitter:label2\" content=\"Est. tempo de leitura\" \/>\n\t<meta name=\"twitter:data2\" content=\"2 minutos\" \/>\n<script type=\"application\/ld+json\" class=\"yoast-schema-graph\">{\"@context\":\"https:\/\/schema.org\",\"@graph\":[{\"@type\":\"WebSite\",\"@id\":\"https:\/\/franciscanos.org.br\/noticias\/#website\",\"url\":\"https:\/\/franciscanos.org.br\/noticias\/\",\"name\":\"Not\u00edcias - Franciscanos\",\"description\":\"Prov\u00edncia Franciscana da Imaculada Concei\u00e7\u00e3o do Brasil - Ordem dos Frades Menores - OFM\",\"potentialAction\":[{\"@type\":\"SearchAction\",\"target\":{\"@type\":\"EntryPoint\",\"urlTemplate\":\"https:\/\/franciscanos.org.br\/noticias\/?s={search_term_string}\"},\"query-input\":\"required name=search_term_string\"}],\"inLanguage\":\"pt-BR\"},{\"@type\":\"ImageObject\",\"inLanguage\":\"pt-BR\",\"@id\":\"https:\/\/franciscanos.org.br\/noticias\/cnbb-agradece-ao-legado-de-frei-joel-postma-que-faleceu-nesta-quarta-feira-30-em-belo-horizonte-mg.html#primaryimage\",\"url\":\"https:\/\/franciscanos.org.br\/noticias\/wp-content\/uploads\/2024\/10\/chamada-Frei-Joel.jpg\",\"contentUrl\":\"https:\/\/franciscanos.org.br\/noticias\/wp-content\/uploads\/2024\/10\/chamada-Frei-Joel.jpg\",\"width\":800,\"height\":550},{\"@type\":\"WebPage\",\"@id\":\"https:\/\/franciscanos.org.br\/noticias\/cnbb-agradece-ao-legado-de-frei-joel-postma-que-faleceu-nesta-quarta-feira-30-em-belo-horizonte-mg.html#webpage\",\"url\":\"https:\/\/franciscanos.org.br\/noticias\/cnbb-agradece-ao-legado-de-frei-joel-postma-que-faleceu-nesta-quarta-feira-30-em-belo-horizonte-mg.html\",\"name\":\"CNBB agradece ao legado de Frei Joel Postma falecido em Belo Horizonte - Not\u00edcias - Franciscanos\",\"isPartOf\":{\"@id\":\"https:\/\/franciscanos.org.br\/noticias\/#website\"},\"primaryImageOfPage\":{\"@id\":\"https:\/\/franciscanos.org.br\/noticias\/cnbb-agradece-ao-legado-de-frei-joel-postma-que-faleceu-nesta-quarta-feira-30-em-belo-horizonte-mg.html#primaryimage\"},\"datePublished\":\"2024-10-31T14:09:00+00:00\",\"dateModified\":\"2024-10-31T16:48:21+00:00\",\"author\":{\"@id\":\"https:\/\/franciscanos.org.br\/noticias\/#\/schema\/person\/d9422e83121c3ad3b0f423d195f5bb25\"},\"breadcrumb\":{\"@id\":\"https:\/\/franciscanos.org.br\/noticias\/cnbb-agradece-ao-legado-de-frei-joel-postma-que-faleceu-nesta-quarta-feira-30-em-belo-horizonte-mg.html#breadcrumb\"},\"inLanguage\":\"pt-BR\",\"potentialAction\":[{\"@type\":\"ReadAction\",\"target\":[\"https:\/\/franciscanos.org.br\/noticias\/cnbb-agradece-ao-legado-de-frei-joel-postma-que-faleceu-nesta-quarta-feira-30-em-belo-horizonte-mg.html\"]}]},{\"@type\":\"BreadcrumbList\",\"@id\":\"https:\/\/franciscanos.org.br\/noticias\/cnbb-agradece-ao-legado-de-frei-joel-postma-que-faleceu-nesta-quarta-feira-30-em-belo-horizonte-mg.html#breadcrumb\",\"itemListElement\":[{\"@type\":\"ListItem\",\"position\":1,\"name\":\"Home\",\"item\":\"https:\/\/franciscanos.org.br\/noticias\"},{\"@type\":\"ListItem\",\"position\":2,\"name\":\"CNBB agradece ao legado de Frei Joel Postma falecido em Belo Horizonte\"}]},{\"@type\":\"Person\",\"@id\":\"https:\/\/franciscanos.org.br\/noticias\/#\/schema\/person\/d9422e83121c3ad3b0f423d195f5bb25\",\"name\":\"Adriana Rabelo\",\"image\":{\"@type\":\"ImageObject\",\"inLanguage\":\"pt-BR\",\"@id\":\"https:\/\/franciscanos.org.br\/noticias\/#\/schema\/person\/image\/\",\"url\":\"https:\/\/secure.gravatar.com\/avatar\/0a937b7500cd7df77540cfb8bede877d?s=96&d=mm&r=g\",\"contentUrl\":\"https:\/\/secure.gravatar.com\/avatar\/0a937b7500cd7df77540cfb8bede877d?s=96&d=mm&r=g\",\"caption\":\"Adriana Rabelo\"},\"url\":\"https:\/\/franciscanos.org.br\/noticias\/author\/adrianarabelo\"}]}<\/script>\n<!-- \/ Yoast SEO plugin. -->","yoast_head_json":{"title":"CNBB agradece ao legado de Frei Joel Postma falecido em Belo Horizonte - Not\u00edcias - Franciscanos","robots":{"index":"index","follow":"follow","max-snippet":"max-snippet:-1","max-image-preview":"max-image-preview:large","max-video-preview":"max-video-preview:-1"},"canonical":"https:\/\/franciscanos.org.br\/noticias\/cnbb-agradece-ao-legado-de-frei-joel-postma-que-faleceu-nesta-quarta-feira-30-em-belo-horizonte-mg.html","og_locale":"pt_BR","og_type":"article","og_title":"CNBB agradece ao legado de Frei Joel Postma falecido em Belo Horizonte - Not\u00edcias - Franciscanos","og_description":"Falecimento","og_url":"https:\/\/franciscanos.org.br\/noticias\/cnbb-agradece-ao-legado-de-frei-joel-postma-que-faleceu-nesta-quarta-feira-30-em-belo-horizonte-mg.html","og_site_name":"Not\u00edcias - Franciscanos","article_published_time":"2024-10-31T14:09:00+00:00","article_modified_time":"2024-10-31T16:48:21+00:00","og_image":[{"width":800,"height":550,"url":"https:\/\/franciscanos.org.br\/noticias\/wp-content\/uploads\/2024\/10\/chamada-Frei-Joel.jpg","type":"image\/jpeg"}],"author":"Adriana Rabelo","twitter_card":"summary_large_image","twitter_misc":{"Escrito por":"Adriana Rabelo","Est. tempo de leitura":"2 minutos"},"schema":{"@context":"https:\/\/schema.org","@graph":[{"@type":"WebSite","@id":"https:\/\/franciscanos.org.br\/noticias\/#website","url":"https:\/\/franciscanos.org.br\/noticias\/","name":"Not\u00edcias - Franciscanos","description":"Prov\u00edncia Franciscana da Imaculada Concei\u00e7\u00e3o do Brasil - Ordem dos Frades Menores - OFM","potentialAction":[{"@type":"SearchAction","target":{"@type":"EntryPoint","urlTemplate":"https:\/\/franciscanos.org.br\/noticias\/?s={search_term_string}"},"query-input":"required name=search_term_string"}],"inLanguage":"pt-BR"},{"@type":"ImageObject","inLanguage":"pt-BR","@id":"https:\/\/franciscanos.org.br\/noticias\/cnbb-agradece-ao-legado-de-frei-joel-postma-que-faleceu-nesta-quarta-feira-30-em-belo-horizonte-mg.html#primaryimage","url":"https:\/\/franciscanos.org.br\/noticias\/wp-content\/uploads\/2024\/10\/chamada-Frei-Joel.jpg","contentUrl":"https:\/\/franciscanos.org.br\/noticias\/wp-content\/uploads\/2024\/10\/chamada-Frei-Joel.jpg","width":800,"height":550},{"@type":"WebPage","@id":"https:\/\/franciscanos.org.br\/noticias\/cnbb-agradece-ao-legado-de-frei-joel-postma-que-faleceu-nesta-quarta-feira-30-em-belo-horizonte-mg.html#webpage","url":"https:\/\/franciscanos.org.br\/noticias\/cnbb-agradece-ao-legado-de-frei-joel-postma-que-faleceu-nesta-quarta-feira-30-em-belo-horizonte-mg.html","name":"CNBB agradece ao legado de Frei Joel Postma falecido em Belo Horizonte - Not\u00edcias - Franciscanos","isPartOf":{"@id":"https:\/\/franciscanos.org.br\/noticias\/#website"},"primaryImageOfPage":{"@id":"https:\/\/franciscanos.org.br\/noticias\/cnbb-agradece-ao-legado-de-frei-joel-postma-que-faleceu-nesta-quarta-feira-30-em-belo-horizonte-mg.html#primaryimage"},"datePublished":"2024-10-31T14:09:00+00:00","dateModified":"2024-10-31T16:48:21+00:00","author":{"@id":"https:\/\/franciscanos.org.br\/noticias\/#\/schema\/person\/d9422e83121c3ad3b0f423d195f5bb25"},"breadcrumb":{"@id":"https:\/\/franciscanos.org.br\/noticias\/cnbb-agradece-ao-legado-de-frei-joel-postma-que-faleceu-nesta-quarta-feira-30-em-belo-horizonte-mg.html#breadcrumb"},"inLanguage":"pt-BR","potentialAction":[{"@type":"ReadAction","target":["https:\/\/franciscanos.org.br\/noticias\/cnbb-agradece-ao-legado-de-frei-joel-postma-que-faleceu-nesta-quarta-feira-30-em-belo-horizonte-mg.html"]}]},{"@type":"BreadcrumbList","@id":"https:\/\/franciscanos.org.br\/noticias\/cnbb-agradece-ao-legado-de-frei-joel-postma-que-faleceu-nesta-quarta-feira-30-em-belo-horizonte-mg.html#breadcrumb","itemListElement":[{"@type":"ListItem","position":1,"name":"Home","item":"https:\/\/franciscanos.org.br\/noticias"},{"@type":"ListItem","position":2,"name":"CNBB agradece ao legado de Frei Joel Postma falecido em Belo Horizonte"}]},{"@type":"Person","@id":"https:\/\/franciscanos.org.br\/noticias\/#\/schema\/person\/d9422e83121c3ad3b0f423d195f5bb25","name":"Adriana Rabelo","image":{"@type":"ImageObject","inLanguage":"pt-BR","@id":"https:\/\/franciscanos.org.br\/noticias\/#\/schema\/person\/image\/","url":"https:\/\/secure.gravatar.com\/avatar\/0a937b7500cd7df77540cfb8bede877d?s=96&d=mm&r=g","contentUrl":"https:\/\/secure.gravatar.com\/avatar\/0a937b7500cd7df77540cfb8bede877d?s=96&d=mm&r=g","caption":"Adriana Rabelo"},"url":"https:\/\/franciscanos.org.br\/noticias\/author\/adrianarabelo"}]}},"_links":{"self":[{"href":"https:\/\/franciscanos.org.br\/noticias\/wp-json\/wp\/v2\/posts\/251896"}],"collection":[{"href":"https:\/\/franciscanos.org.br\/noticias\/wp-json\/wp\/v2\/posts"}],"about":[{"href":"https:\/\/franciscanos.org.br\/noticias\/wp-json\/wp\/v2\/types\/post"}],"author":[{"embeddable":true,"href":"https:\/\/franciscanos.org.br\/noticias\/wp-json\/wp\/v2\/users\/11"}],"replies":[{"embeddable":true,"href":"https:\/\/franciscanos.org.br\/noticias\/wp-json\/wp\/v2\/comments?post=251896"}],"version-history":[{"count":5,"href":"https:\/\/franciscanos.org.br\/noticias\/wp-json\/wp\/v2\/posts\/251896\/revisions"}],"predecessor-version":[{"id":251903,"href":"https:\/\/franciscanos.org.br\/noticias\/wp-json\/wp\/v2\/posts\/251896\/revisions\/251903"}],"wp:featuredmedia":[{"embeddable":true,"href":"https:\/\/franciscanos.org.br\/noticias\/wp-json\/wp\/v2\/media\/251899"}],"wp:attachment":[{"href":"https:\/\/franciscanos.org.br\/noticias\/wp-json\/wp\/v2\/media?parent=251896"}],"wp:term":[{"taxonomy":"category","embeddable":true,"href":"https:\/\/franciscanos.org.br\/noticias\/wp-json\/wp\/v2\/categories?post=251896"},{"taxonomy":"post_tag","embeddable":true,"href":"https:\/\/franciscanos.org.br\/noticias\/wp-json\/wp\/v2\/tags?post=251896"}],"curies":[{"name":"wp","href":"https:\/\/api.w.org\/{rel}","templated":true}]}}