{"id":251889,"date":"2024-10-30T09:53:20","date_gmt":"2024-10-30T12:53:20","guid":{"rendered":"https:\/\/franciscanos.org.br\/noticias\/?p=251889"},"modified":"2024-10-30T09:54:31","modified_gmt":"2024-10-30T12:54:31","slug":"a-crisma-nao-pode-ser-o-sacramento-de-despedida-da-igreja","status":"publish","type":"post","link":"https:\/\/franciscanos.org.br\/noticias\/a-crisma-nao-pode-ser-o-sacramento-de-despedida-da-igreja.html","title":{"rendered":"A Crisma n\u00e3o pode ser o sacramento de despedida da Igreja"},"content":{"rendered":"<p><img loading=\"lazy\" class=\"aligncenter wp-image-251891 size-full\" src=\"https:\/\/franciscanos.org.br\/noticias\/wp-content\/uploads\/2024\/10\/25.092-1.jpg\" alt=\"\" width=\"1280\" height=\"720\" srcset=\"https:\/\/franciscanos.org.br\/noticias\/wp-content\/uploads\/2024\/10\/25.092-1.jpg 1280w, https:\/\/franciscanos.org.br\/noticias\/wp-content\/uploads\/2024\/10\/25.092-1-450x253.jpg 450w, https:\/\/franciscanos.org.br\/noticias\/wp-content\/uploads\/2024\/10\/25.092-1-1024x576.jpg 1024w, https:\/\/franciscanos.org.br\/noticias\/wp-content\/uploads\/2024\/10\/25.092-1-768x432.jpg 768w, https:\/\/franciscanos.org.br\/noticias\/wp-content\/uploads\/2024\/10\/25.092-1-150x84.jpg 150w\" sizes=\"(max-width: 1280px) 100vw, 1280px\" \/><\/p>\n<p>Durante a Audi\u00eancia Geral desta quarta-feira (30\/10), o Papa Francisco deu continuidade ao ciclo de catequeses sobre a presen\u00e7a e a a\u00e7\u00e3o do Esp\u00edrito Santo na vida da Igreja, com foco no papel transformador dos Sacramentos.<\/p>\n<p>O Santo Padre ressaltou que o Esp\u00edrito Santo atua de maneira particular atrav\u00e9s da Crisma, ou Confirma\u00e7\u00e3o, sacramento que ele definiu como o \u201cPentecostes\u201d pessoal para cada crist\u00e3o. &#8220;Se pelo Batismo nascemos, pela Crisma crescemos&#8221;, sublinhou o Papa, destacando que a Crisma representa o fortalecimento da f\u00e9 e o compromisso de viver e testemunhar a mensagem crist\u00e3 na maturidade espiritual.<\/p>\n<p><strong>O &#8220;selo&#8221; de Cristo<\/strong><\/p>\n<p>Francisco enfatizou que, desde o Novo Testamento, os ap\u00f3stolos reconheceram a import\u00e2ncia da imposi\u00e7\u00e3o das m\u00e3os para a comunica\u00e7\u00e3o do Esp\u00edrito Santo. Citando o relato dos Atos dos Ap\u00f3stolos, o Pont\u00edfice lembrou o momento em que Pedro e Jo\u00e3o, ao ouvirem que os samaritanos haviam recebido a Palavra de Deus, oraram e impuseram as m\u00e3os sobre eles para que recebessem o Esp\u00edrito Santo: \u201cEstes, assim que chegaram, fizeram ora\u00e7\u00e3o pelos novos fi\u00e9is, a fim de receberem o Esp\u00edrito Santo\u201d (At 8,14-17).<\/p>\n<p>O Papa tamb\u00e9m recordou as palavras de S\u00e3o Paulo aos Cor\u00edntios, que descrevem o Esp\u00edrito como \u201cpenhor\u201d da nossa f\u00e9. \u201cO Esp\u00edrito Santo \u00e9 o selo com o qual Cristo nos confirma como filhos de Deus e testemunhas de sua verdade. Ele nos marca com o seu selo e nos consagra para viver em Cristo e com Cristo\u201d, afirmou o Papa, citando a passagem: \u201cQuem nos confirma em Cristo, e nos consagrou, \u00e9 Deus. Ele nos marcou com o seu selo e deu aos nossos cora\u00e7\u00f5es o penhor do Esp\u00edrito\u201d (2Cor 1,21-22).<\/p>\n<p><strong>O Sacramento do crescimento espiritual<\/strong><\/p>\n<p>Ao ressaltar que a Crisma \u00e9 um sacramento de crescimento e maturidade, essencial para fortalecer a vida crist\u00e3 e a identidade espiritual dos fi\u00e9is, o Pont\u00edfice explicou: \u201cAssim como o Batismo \u00e9 o sacramento do nascimento, a Crisma \u00e9 o sacramento do crescimento. \u00c9 ele que nos confere a for\u00e7a para testemunhar a f\u00e9 e assumir uma vida crist\u00e3 madura\u201d. Segundo Francisco, a Crisma \u00e9 um chamado ao compromisso com a miss\u00e3o prof\u00e9tica, real e sacerdotal, e exortou os fi\u00e9is a n\u00e3o encararem o sacramento como uma \u201cextrema un\u00e7\u00e3o\u201d ou um marco de despedida, mas como o in\u00edcio de uma participa\u00e7\u00e3o ativa e comprometida na Igreja.<\/p>\n<p>\u201cDizem que \u00e9 o sacramento da despedida, pois, uma vez que os jovens o recebem, eles v\u00e3o embora e s\u00f3 voltar\u00e3o para o casamento. \u00c9 o que as pessoas dizem&#8230; Mas precisamos fazer com que seja o sacrif\u00edcio de uma participa\u00e7\u00e3o, uma participa\u00e7\u00e3o ativa na vida da Igreja.\u201d<\/p>\n<p>Para este efeito, sublinha o Santo Padre, &#8220;pode ser \u00fatil obter ajuda na prepara\u00e7\u00e3o para o Sacramento de fi\u00e9is leigos que tiveram um encontro pessoal com Cristo e uma verdadeira experi\u00eancia do Esp\u00edrito. Algumas pessoas dizem que o experimentaram como um florescimento do Sacramento da Crisma que receberam quando eram crian\u00e7as.\u201d<\/p>\n<p><strong>Reavivar a chama do Esp\u00edrito Santo<\/strong><\/p>\n<p>Por fim, o Papa fez um apelo para que todos os batizados reavivem a chama do Esp\u00edrito Santo em suas vidas, seguido de um convite aos fi\u00e9is, com uma bela meta para o Ano Santo que se aproxima:<\/p>\n<p>\u201cS\u00e3o Paulo exortava Tim\u00f3teo a \u2018reavivar a chama do dom de Deus\u2019 (2Tm 1,6) e o verbo utilizado sugere a imagem de algu\u00e9m que sopra o fogo para reacender a sua chama. Eis um belo objetivo para o ano jubilar! Retirar as cinzas do h\u00e1bito e do descomprometimento, tornarmo-nos, como os portadores da tocha nas Olimp\u00edadas, portadores da chama do Esp\u00edrito. Que o Esp\u00edrito nos ajude a dar alguns passos neste sentido!\u201d<\/p>\n<hr \/>\n<p><em>Thulio Fonseca &#8211; Vatican News<\/em><\/p>\n","protected":false},"excerpt":{"rendered":"<p>Audi\u00eancia Geral<\/p>\n","protected":false},"author":11,"featured_media":251893,"comment_status":"open","ping_status":"open","sticky":false,"template":"","format":"standard","meta":[],"categories":[1,1428],"tags":[487,55],"acf":[],"yoast_head":"<!-- This site is optimized with the Yoast SEO plugin v19.2 - https:\/\/yoast.com\/wordpress\/plugins\/seo\/ -->\n<title>A Crisma n\u00e3o pode ser o sacramento de despedida da Igreja - Not\u00edcias - Franciscanos<\/title>\n<meta name=\"robots\" content=\"index, follow, max-snippet:-1, max-image-preview:large, max-video-preview:-1\" \/>\n<link rel=\"canonical\" href=\"https:\/\/franciscanos.org.br\/noticias\/a-crisma-nao-pode-ser-o-sacramento-de-despedida-da-igreja.html\" \/>\n<meta property=\"og:locale\" content=\"pt_BR\" \/>\n<meta property=\"og:type\" content=\"article\" \/>\n<meta property=\"og:title\" content=\"A Crisma n\u00e3o pode ser o sacramento de despedida da Igreja - Not\u00edcias - Franciscanos\" \/>\n<meta property=\"og:description\" content=\"Audi\u00eancia Geral\" \/>\n<meta property=\"og:url\" content=\"https:\/\/franciscanos.org.br\/noticias\/a-crisma-nao-pode-ser-o-sacramento-de-despedida-da-igreja.html\" \/>\n<meta property=\"og:site_name\" content=\"Not\u00edcias - Franciscanos\" \/>\n<meta property=\"article:published_time\" content=\"2024-10-30T12:53:20+00:00\" \/>\n<meta property=\"article:modified_time\" content=\"2024-10-30T12:54:31+00:00\" \/>\n<meta property=\"og:image\" content=\"https:\/\/franciscanos.org.br\/noticias\/wp-content\/uploads\/2024\/10\/chamada-papa-30.10.jpg\" \/>\n\t<meta property=\"og:image:width\" content=\"800\" \/>\n\t<meta property=\"og:image:height\" content=\"550\" \/>\n\t<meta property=\"og:image:type\" content=\"image\/jpeg\" \/>\n<meta name=\"author\" content=\"Adriana Rabelo\" \/>\n<meta name=\"twitter:card\" content=\"summary_large_image\" \/>\n<meta name=\"twitter:label1\" content=\"Escrito por\" \/>\n\t<meta name=\"twitter:data1\" content=\"Adriana Rabelo\" \/>\n\t<meta name=\"twitter:label2\" content=\"Est. tempo de leitura\" \/>\n\t<meta name=\"twitter:data2\" content=\"3 minutos\" \/>\n<script type=\"application\/ld+json\" class=\"yoast-schema-graph\">{\"@context\":\"https:\/\/schema.org\",\"@graph\":[{\"@type\":\"WebSite\",\"@id\":\"https:\/\/franciscanos.org.br\/noticias\/#website\",\"url\":\"https:\/\/franciscanos.org.br\/noticias\/\",\"name\":\"Not\u00edcias - Franciscanos\",\"description\":\"Prov\u00edncia Franciscana da Imaculada Concei\u00e7\u00e3o do Brasil - Ordem dos Frades Menores - OFM\",\"potentialAction\":[{\"@type\":\"SearchAction\",\"target\":{\"@type\":\"EntryPoint\",\"urlTemplate\":\"https:\/\/franciscanos.org.br\/noticias\/?s={search_term_string}\"},\"query-input\":\"required name=search_term_string\"}],\"inLanguage\":\"pt-BR\"},{\"@type\":\"ImageObject\",\"inLanguage\":\"pt-BR\",\"@id\":\"https:\/\/franciscanos.org.br\/noticias\/a-crisma-nao-pode-ser-o-sacramento-de-despedida-da-igreja.html#primaryimage\",\"url\":\"https:\/\/franciscanos.org.br\/noticias\/wp-content\/uploads\/2024\/10\/chamada-papa-30.10.jpg\",\"contentUrl\":\"https:\/\/franciscanos.org.br\/noticias\/wp-content\/uploads\/2024\/10\/chamada-papa-30.10.jpg\",\"width\":800,\"height\":550},{\"@type\":\"WebPage\",\"@id\":\"https:\/\/franciscanos.org.br\/noticias\/a-crisma-nao-pode-ser-o-sacramento-de-despedida-da-igreja.html#webpage\",\"url\":\"https:\/\/franciscanos.org.br\/noticias\/a-crisma-nao-pode-ser-o-sacramento-de-despedida-da-igreja.html\",\"name\":\"A Crisma n\u00e3o pode ser o sacramento de despedida da Igreja - Not\u00edcias - Franciscanos\",\"isPartOf\":{\"@id\":\"https:\/\/franciscanos.org.br\/noticias\/#website\"},\"primaryImageOfPage\":{\"@id\":\"https:\/\/franciscanos.org.br\/noticias\/a-crisma-nao-pode-ser-o-sacramento-de-despedida-da-igreja.html#primaryimage\"},\"datePublished\":\"2024-10-30T12:53:20+00:00\",\"dateModified\":\"2024-10-30T12:54:31+00:00\",\"author\":{\"@id\":\"https:\/\/franciscanos.org.br\/noticias\/#\/schema\/person\/d9422e83121c3ad3b0f423d195f5bb25\"},\"breadcrumb\":{\"@id\":\"https:\/\/franciscanos.org.br\/noticias\/a-crisma-nao-pode-ser-o-sacramento-de-despedida-da-igreja.html#breadcrumb\"},\"inLanguage\":\"pt-BR\",\"potentialAction\":[{\"@type\":\"ReadAction\",\"target\":[\"https:\/\/franciscanos.org.br\/noticias\/a-crisma-nao-pode-ser-o-sacramento-de-despedida-da-igreja.html\"]}]},{\"@type\":\"BreadcrumbList\",\"@id\":\"https:\/\/franciscanos.org.br\/noticias\/a-crisma-nao-pode-ser-o-sacramento-de-despedida-da-igreja.html#breadcrumb\",\"itemListElement\":[{\"@type\":\"ListItem\",\"position\":1,\"name\":\"Home\",\"item\":\"https:\/\/franciscanos.org.br\/noticias\"},{\"@type\":\"ListItem\",\"position\":2,\"name\":\"A Crisma n\u00e3o pode ser o sacramento de despedida da Igreja\"}]},{\"@type\":\"Person\",\"@id\":\"https:\/\/franciscanos.org.br\/noticias\/#\/schema\/person\/d9422e83121c3ad3b0f423d195f5bb25\",\"name\":\"Adriana Rabelo\",\"image\":{\"@type\":\"ImageObject\",\"inLanguage\":\"pt-BR\",\"@id\":\"https:\/\/franciscanos.org.br\/noticias\/#\/schema\/person\/image\/\",\"url\":\"https:\/\/secure.gravatar.com\/avatar\/0a937b7500cd7df77540cfb8bede877d?s=96&d=mm&r=g\",\"contentUrl\":\"https:\/\/secure.gravatar.com\/avatar\/0a937b7500cd7df77540cfb8bede877d?s=96&d=mm&r=g\",\"caption\":\"Adriana Rabelo\"},\"url\":\"https:\/\/franciscanos.org.br\/noticias\/author\/adrianarabelo\"}]}<\/script>\n<!-- \/ Yoast SEO plugin. -->","yoast_head_json":{"title":"A Crisma n\u00e3o pode ser o sacramento de despedida da Igreja - Not\u00edcias - Franciscanos","robots":{"index":"index","follow":"follow","max-snippet":"max-snippet:-1","max-image-preview":"max-image-preview:large","max-video-preview":"max-video-preview:-1"},"canonical":"https:\/\/franciscanos.org.br\/noticias\/a-crisma-nao-pode-ser-o-sacramento-de-despedida-da-igreja.html","og_locale":"pt_BR","og_type":"article","og_title":"A Crisma n\u00e3o pode ser o sacramento de despedida da Igreja - Not\u00edcias - Franciscanos","og_description":"Audi\u00eancia Geral","og_url":"https:\/\/franciscanos.org.br\/noticias\/a-crisma-nao-pode-ser-o-sacramento-de-despedida-da-igreja.html","og_site_name":"Not\u00edcias - Franciscanos","article_published_time":"2024-10-30T12:53:20+00:00","article_modified_time":"2024-10-30T12:54:31+00:00","og_image":[{"width":800,"height":550,"url":"https:\/\/franciscanos.org.br\/noticias\/wp-content\/uploads\/2024\/10\/chamada-papa-30.10.jpg","type":"image\/jpeg"}],"author":"Adriana Rabelo","twitter_card":"summary_large_image","twitter_misc":{"Escrito por":"Adriana Rabelo","Est. tempo de leitura":"3 minutos"},"schema":{"@context":"https:\/\/schema.org","@graph":[{"@type":"WebSite","@id":"https:\/\/franciscanos.org.br\/noticias\/#website","url":"https:\/\/franciscanos.org.br\/noticias\/","name":"Not\u00edcias - Franciscanos","description":"Prov\u00edncia Franciscana da Imaculada Concei\u00e7\u00e3o do Brasil - Ordem dos Frades Menores - OFM","potentialAction":[{"@type":"SearchAction","target":{"@type":"EntryPoint","urlTemplate":"https:\/\/franciscanos.org.br\/noticias\/?s={search_term_string}"},"query-input":"required name=search_term_string"}],"inLanguage":"pt-BR"},{"@type":"ImageObject","inLanguage":"pt-BR","@id":"https:\/\/franciscanos.org.br\/noticias\/a-crisma-nao-pode-ser-o-sacramento-de-despedida-da-igreja.html#primaryimage","url":"https:\/\/franciscanos.org.br\/noticias\/wp-content\/uploads\/2024\/10\/chamada-papa-30.10.jpg","contentUrl":"https:\/\/franciscanos.org.br\/noticias\/wp-content\/uploads\/2024\/10\/chamada-papa-30.10.jpg","width":800,"height":550},{"@type":"WebPage","@id":"https:\/\/franciscanos.org.br\/noticias\/a-crisma-nao-pode-ser-o-sacramento-de-despedida-da-igreja.html#webpage","url":"https:\/\/franciscanos.org.br\/noticias\/a-crisma-nao-pode-ser-o-sacramento-de-despedida-da-igreja.html","name":"A Crisma n\u00e3o pode ser o sacramento de despedida da Igreja - Not\u00edcias - Franciscanos","isPartOf":{"@id":"https:\/\/franciscanos.org.br\/noticias\/#website"},"primaryImageOfPage":{"@id":"https:\/\/franciscanos.org.br\/noticias\/a-crisma-nao-pode-ser-o-sacramento-de-despedida-da-igreja.html#primaryimage"},"datePublished":"2024-10-30T12:53:20+00:00","dateModified":"2024-10-30T12:54:31+00:00","author":{"@id":"https:\/\/franciscanos.org.br\/noticias\/#\/schema\/person\/d9422e83121c3ad3b0f423d195f5bb25"},"breadcrumb":{"@id":"https:\/\/franciscanos.org.br\/noticias\/a-crisma-nao-pode-ser-o-sacramento-de-despedida-da-igreja.html#breadcrumb"},"inLanguage":"pt-BR","potentialAction":[{"@type":"ReadAction","target":["https:\/\/franciscanos.org.br\/noticias\/a-crisma-nao-pode-ser-o-sacramento-de-despedida-da-igreja.html"]}]},{"@type":"BreadcrumbList","@id":"https:\/\/franciscanos.org.br\/noticias\/a-crisma-nao-pode-ser-o-sacramento-de-despedida-da-igreja.html#breadcrumb","itemListElement":[{"@type":"ListItem","position":1,"name":"Home","item":"https:\/\/franciscanos.org.br\/noticias"},{"@type":"ListItem","position":2,"name":"A Crisma n\u00e3o pode ser o sacramento de despedida da Igreja"}]},{"@type":"Person","@id":"https:\/\/franciscanos.org.br\/noticias\/#\/schema\/person\/d9422e83121c3ad3b0f423d195f5bb25","name":"Adriana Rabelo","image":{"@type":"ImageObject","inLanguage":"pt-BR","@id":"https:\/\/franciscanos.org.br\/noticias\/#\/schema\/person\/image\/","url":"https:\/\/secure.gravatar.com\/avatar\/0a937b7500cd7df77540cfb8bede877d?s=96&d=mm&r=g","contentUrl":"https:\/\/secure.gravatar.com\/avatar\/0a937b7500cd7df77540cfb8bede877d?s=96&d=mm&r=g","caption":"Adriana Rabelo"},"url":"https:\/\/franciscanos.org.br\/noticias\/author\/adrianarabelo"}]}},"_links":{"self":[{"href":"https:\/\/franciscanos.org.br\/noticias\/wp-json\/wp\/v2\/posts\/251889"}],"collection":[{"href":"https:\/\/franciscanos.org.br\/noticias\/wp-json\/wp\/v2\/posts"}],"about":[{"href":"https:\/\/franciscanos.org.br\/noticias\/wp-json\/wp\/v2\/types\/post"}],"author":[{"embeddable":true,"href":"https:\/\/franciscanos.org.br\/noticias\/wp-json\/wp\/v2\/users\/11"}],"replies":[{"embeddable":true,"href":"https:\/\/franciscanos.org.br\/noticias\/wp-json\/wp\/v2\/comments?post=251889"}],"version-history":[{"count":2,"href":"https:\/\/franciscanos.org.br\/noticias\/wp-json\/wp\/v2\/posts\/251889\/revisions"}],"predecessor-version":[{"id":251895,"href":"https:\/\/franciscanos.org.br\/noticias\/wp-json\/wp\/v2\/posts\/251889\/revisions\/251895"}],"wp:featuredmedia":[{"embeddable":true,"href":"https:\/\/franciscanos.org.br\/noticias\/wp-json\/wp\/v2\/media\/251893"}],"wp:attachment":[{"href":"https:\/\/franciscanos.org.br\/noticias\/wp-json\/wp\/v2\/media?parent=251889"}],"wp:term":[{"taxonomy":"category","embeddable":true,"href":"https:\/\/franciscanos.org.br\/noticias\/wp-json\/wp\/v2\/categories?post=251889"},{"taxonomy":"post_tag","embeddable":true,"href":"https:\/\/franciscanos.org.br\/noticias\/wp-json\/wp\/v2\/tags?post=251889"}],"curies":[{"name":"wp","href":"https:\/\/api.w.org\/{rel}","templated":true}]}}