{"id":251863,"date":"2024-10-29T14:45:18","date_gmt":"2024-10-29T17:45:18","guid":{"rendered":"https:\/\/franciscanos.org.br\/noticias\/?p=251863"},"modified":"2024-10-29T14:48:11","modified_gmt":"2024-10-29T17:48:11","slug":"editora-vozes-cresce-o-numero-de-vendas-em-50-na-bienal-de-sao-paulo-2024","status":"publish","type":"post","link":"https:\/\/franciscanos.org.br\/noticias\/editora-vozes-cresce-o-numero-de-vendas-em-50-na-bienal-de-sao-paulo-2024.html","title":{"rendered":"Editora Vozes cresce o n\u00famero de vendas em 50% na Bienal de S\u00e3o Paulo 2024"},"content":{"rendered":"<p><img loading=\"lazy\" class=\"aligncenter wp-image-251864 size-full\" src=\"https:\/\/franciscanos.org.br\/noticias\/wp-content\/uploads\/2024\/10\/MATERIA-19.jpg\" alt=\"\" width=\"1280\" height=\"720\" srcset=\"https:\/\/franciscanos.org.br\/noticias\/wp-content\/uploads\/2024\/10\/MATERIA-19.jpg 1280w, https:\/\/franciscanos.org.br\/noticias\/wp-content\/uploads\/2024\/10\/MATERIA-19-450x253.jpg 450w, https:\/\/franciscanos.org.br\/noticias\/wp-content\/uploads\/2024\/10\/MATERIA-19-1024x576.jpg 1024w, https:\/\/franciscanos.org.br\/noticias\/wp-content\/uploads\/2024\/10\/MATERIA-19-768x432.jpg 768w, https:\/\/franciscanos.org.br\/noticias\/wp-content\/uploads\/2024\/10\/MATERIA-19-150x84.jpg 150w\" sizes=\"(max-width: 1280px) 100vw, 1280px\" \/><\/p>\n<p><em>Na edi\u00e7\u00e3o anterior, a casa editorial j\u00e1 apresentou resultados robustos<\/em><\/p>\n<p>A cada edi\u00e7\u00e3o, um novo desafio. Historicamente, a Editora Vozes prop\u00f5e-se a atingir metas ousadas de vendas no principal evento do livro no mercado brasileiro. Este ano n\u00e3o foi diferente. A proposta para a equipe era superar o n\u00famero de vendas da edi\u00e7\u00e3o anterior, e a 27\u00aa Bienal Internacional do Livro de S\u00e3o Paulo n\u00e3o decepcionou: a editora cresceu o n\u00famero de vendas em 50%.<\/p>\n<p>A Vozes possui um cat\u00e1logo bastante amplo de Religi\u00e3o, Ci\u00eancias Humanas e Ci\u00eancias Sociais. Atualmente, sua receita \u00e9 composta por 35% de produtos cat\u00f3licos e 65% de Obras gerais. Este \u00faltimo se divide em duas partes: 50% de Obras gerais especializadas e 50% <em>trade <\/em>\u2013 que s\u00e3o os livros voltados para o p\u00fablico geral n\u00e3o especializado.<\/p>\n<p>Ap\u00f3s o fechamento do evento, os relat\u00f3rios demonstraram a venda de mais de 5 mil livros somente de Filosofia &#8211; \u00e1rea que concentra o maior volume de obras classificadas como <em>trade<\/em>. Destacam-se as obras do autor sul-coreano Byung-Chul Han, consagrado pelo livro <em>Sociedade do cansa\u00e7o,<\/em> e os cl\u00e1ssicos da Filosofia, publicados no Selo Vozes de Bolso. A \u00e1rea da Psicologia tamb\u00e9m representa uma importante fatia nas vendas, com destaque para os t\u00edtulos <em>O Corpo Fala<\/em>, <em>Em busca de sentido<\/em>, <em>Sobre o sentido<\/em> <em>da vida<\/em> e <em>Espiritualidade e transcend\u00eancia<\/em>.<\/p>\n<p><img loading=\"lazy\" class=\"size-medium wp-image-251865 alignleft\" src=\"https:\/\/franciscanos.org.br\/noticias\/wp-content\/uploads\/2024\/10\/IMG-20240909-WA0352-1-338x450.jpg\" alt=\"\" width=\"338\" height=\"450\" srcset=\"https:\/\/franciscanos.org.br\/noticias\/wp-content\/uploads\/2024\/10\/IMG-20240909-WA0352-1-338x450.jpg 338w, https:\/\/franciscanos.org.br\/noticias\/wp-content\/uploads\/2024\/10\/IMG-20240909-WA0352-1-768x1024.jpg 768w, https:\/\/franciscanos.org.br\/noticias\/wp-content\/uploads\/2024\/10\/IMG-20240909-WA0352-1-1152x1536.jpg 1152w, https:\/\/franciscanos.org.br\/noticias\/wp-content\/uploads\/2024\/10\/IMG-20240909-WA0352-1-1536x2048.jpg 1536w, https:\/\/franciscanos.org.br\/noticias\/wp-content\/uploads\/2024\/10\/IMG-20240909-WA0352-1-150x200.jpg 150w, https:\/\/franciscanos.org.br\/noticias\/wp-content\/uploads\/2024\/10\/IMG-20240909-WA0352-1-scaled.jpg 1440w\" sizes=\"(max-width: 338px) 100vw, 338px\" \/>Essa Bienal comprova uma tend\u00eancia de crescimento das obras voltadas para o p\u00fablico geral, que j\u00e1 vem se consolidando nos \u00faltimos anos. Acompanhando essa inclina\u00e7\u00e3o do mercado editorial, a Vozes mant\u00e9m-se sob o pilar de investir cada vez mais nessas obras, tendo em vista suprir a necessidade do leitor em encontrar livros sobre temas que questionem e expliquem fen\u00f4menos sociais e de autoconhecimento. E tem tido sucesso na aposta.<\/p>\n<p>A participa\u00e7\u00e3o em bienais e feiras \u00e9 importante por v\u00e1rias raz\u00f5es. Dentre elas:<\/p>\n<p><strong>Promo\u00e7\u00e3o do livro e da leitura e a forma\u00e7\u00e3o de novos leitores<\/strong><\/p>\n<p>Na experi\u00eancia da Vozes, \u00e9 poss\u00edvel observar uma mudan\u00e7a radical no perfil dos frequentadores do nosso stand. No passado, o foco era o professor. Aos poucos, atra\u00edmos outros p\u00fablicos especializados \u2013 leitores de Filosofia, Psicologia, Hist\u00f3ria, Ci\u00eancias Sociais \u2013 e, nas \u00faltimas edi\u00e7\u00f5es, leitores de obras gerais de n\u00e3o-fic\u00e7\u00e3o, incluindo adolescentes e jovens. Nesta constru\u00e7\u00e3o, foi muito importante o reposicionamento da marca \u2013 investimento no <em>layout \u2013 <\/em>a constru\u00e7\u00e3o de um cat\u00e1logo de obras gerais e sua exposi\u00e7\u00e3o em vitrines e balc\u00f5es centrais (Nobilis, Vozes de Bolso, mas tamb\u00e9m do Selo Vozes), sess\u00f5es de aut\u00f3grafos com autores deste perfil, entre outros.<\/p>\n<p>&nbsp;<\/p>\n<p><strong>2-Encontro com leitores<\/strong><\/p>\n<p><img loading=\"lazy\" class=\"size-medium wp-image-251866 alignright\" src=\"https:\/\/franciscanos.org.br\/noticias\/wp-content\/uploads\/2024\/10\/IMG-20240916-WA0145-1-450x338.jpg\" alt=\"\" width=\"450\" height=\"338\" srcset=\"https:\/\/franciscanos.org.br\/noticias\/wp-content\/uploads\/2024\/10\/IMG-20240916-WA0145-1-450x338.jpg 450w, https:\/\/franciscanos.org.br\/noticias\/wp-content\/uploads\/2024\/10\/IMG-20240916-WA0145-1-1024x768.jpg 1024w, https:\/\/franciscanos.org.br\/noticias\/wp-content\/uploads\/2024\/10\/IMG-20240916-WA0145-1-768x576.jpg 768w, https:\/\/franciscanos.org.br\/noticias\/wp-content\/uploads\/2024\/10\/IMG-20240916-WA0145-1-1536x1152.jpg 1536w, https:\/\/franciscanos.org.br\/noticias\/wp-content\/uploads\/2024\/10\/IMG-20240916-WA0145-1-2048x1536.jpg 2048w, https:\/\/franciscanos.org.br\/noticias\/wp-content\/uploads\/2024\/10\/IMG-20240916-WA0145-1-150x113.jpg 150w, https:\/\/franciscanos.org.br\/noticias\/wp-content\/uploads\/2024\/10\/IMG-20240916-WA0145-1-600x450.jpg 600w, https:\/\/franciscanos.org.br\/noticias\/wp-content\/uploads\/2024\/10\/IMG-20240916-WA0145-1-scaled.jpg 1440w\" sizes=\"(max-width: 450px) 100vw, 450px\" \/>Se no passado a Bienal era um local para encontro do mercado editorial e livreiro, agora se tonou um espa\u00e7o de encontro com os leitores. As feiras criam uma atmosfera diferente, a presen\u00e7a de livros, eventos, atividades e trocas relacionadas \u00e0 leitura, criam um espa\u00e7o \u00fanico no qual os livros e os leitores se tornam o centro de tudo. Esse contato direto permite que o leitor fa\u00e7a perguntas, registre o momento, obtenha aut\u00f3grafos, receba feedbacks e divida o impacto que a literatura teve em suas vidas. Al\u00e9m disso, os participantes est\u00e3o mais abertos a conhecer novos t\u00edtulos, novos autores e pessoas.<\/p>\n<p><strong>3-Testar novos autores, produtos, pre\u00e7os e promo\u00e7\u00f5es<\/strong><\/p>\n<p>As feiras aumentam a visibilidade das obras expostas. Com isso, traz uma excelente oportunidade para testar autores, novas obras, cole\u00e7\u00f5es, selos e faixas de pre\u00e7o e promo\u00e7\u00f5es. Na Bienal do ano passado, que aconteceu no Rio de Janeiro, testamos algumas linhas de produtos que ao longo do ano foram sendo trabalhadas nas livrarias com proposta de \u201cObras Gerais\u201d: Verena Kast; Cole\u00e7\u00e3o Mitos; Os novos livros do Jung; Cole\u00e7\u00e3o Educa\u00e7\u00e3o Inclusiva.<\/p>\n<p>Em S\u00e3o Paulo, testamos algumas novidades: Byung-Chul Han no Selo Nobilis; Pastor Berlofa; Cl\u00e1ssicos da espiritualidade \u2013 sem orelha.<\/p>\n<p><strong>4-Desenvolvimento da equipe de vendas<\/strong><\/p>\n<p>Ao participar de uma feira de livros, o profissional de vendas desenvolve um olhar diferente para os produtos. Assim, poder\u00e1 criar novos argumentos, baseado em uma experi\u00eancia de sucesso.<\/p>\n<hr \/>\n<p><em>Priscilla Alves- Assessoria Editora Vozes<\/em><\/p>\n","protected":false},"excerpt":{"rendered":"<p>Frente de Evangeliza\u00e7\u00e3o para Educa\u00e7\u00e3o<\/p>\n","protected":false},"author":11,"featured_media":251874,"comment_status":"open","ping_status":"open","sticky":false,"template":"","format":"standard","meta":[],"categories":[1],"tags":[238],"acf":[],"yoast_head":"<!-- This site is optimized with the Yoast SEO plugin v19.2 - https:\/\/yoast.com\/wordpress\/plugins\/seo\/ -->\n<title>Editora Vozes cresce o n\u00famero de vendas em 50% na Bienal de S\u00e3o Paulo 2024 - Not\u00edcias - Franciscanos<\/title>\n<meta name=\"robots\" content=\"index, follow, max-snippet:-1, max-image-preview:large, max-video-preview:-1\" \/>\n<link rel=\"canonical\" href=\"https:\/\/franciscanos.org.br\/noticias\/editora-vozes-cresce-o-numero-de-vendas-em-50-na-bienal-de-sao-paulo-2024.html\" \/>\n<meta property=\"og:locale\" content=\"pt_BR\" \/>\n<meta property=\"og:type\" content=\"article\" \/>\n<meta property=\"og:title\" content=\"Editora Vozes cresce o n\u00famero de vendas em 50% na Bienal de S\u00e3o Paulo 2024 - Not\u00edcias - Franciscanos\" \/>\n<meta property=\"og:description\" content=\"Frente de Evangeliza\u00e7\u00e3o para Educa\u00e7\u00e3o\" \/>\n<meta property=\"og:url\" content=\"https:\/\/franciscanos.org.br\/noticias\/editora-vozes-cresce-o-numero-de-vendas-em-50-na-bienal-de-sao-paulo-2024.html\" \/>\n<meta property=\"og:site_name\" content=\"Not\u00edcias - Franciscanos\" \/>\n<meta property=\"article:published_time\" content=\"2024-10-29T17:45:18+00:00\" \/>\n<meta property=\"article:modified_time\" content=\"2024-10-29T17:48:11+00:00\" \/>\n<meta property=\"og:image\" content=\"https:\/\/franciscanos.org.br\/noticias\/wp-content\/uploads\/2024\/10\/CHAMADA-23.jpg\" \/>\n\t<meta property=\"og:image:width\" content=\"800\" \/>\n\t<meta property=\"og:image:height\" content=\"550\" \/>\n\t<meta property=\"og:image:type\" content=\"image\/jpeg\" \/>\n<meta name=\"author\" content=\"Adriana Rabelo\" \/>\n<meta name=\"twitter:card\" content=\"summary_large_image\" \/>\n<meta name=\"twitter:label1\" content=\"Escrito por\" \/>\n\t<meta name=\"twitter:data1\" content=\"Adriana Rabelo\" \/>\n\t<meta name=\"twitter:label2\" content=\"Est. tempo de leitura\" \/>\n\t<meta name=\"twitter:data2\" content=\"4 minutos\" \/>\n<script type=\"application\/ld+json\" class=\"yoast-schema-graph\">{\"@context\":\"https:\/\/schema.org\",\"@graph\":[{\"@type\":\"WebSite\",\"@id\":\"https:\/\/franciscanos.org.br\/noticias\/#website\",\"url\":\"https:\/\/franciscanos.org.br\/noticias\/\",\"name\":\"Not\u00edcias - Franciscanos\",\"description\":\"Prov\u00edncia Franciscana da Imaculada Concei\u00e7\u00e3o do Brasil - Ordem dos Frades Menores - OFM\",\"potentialAction\":[{\"@type\":\"SearchAction\",\"target\":{\"@type\":\"EntryPoint\",\"urlTemplate\":\"https:\/\/franciscanos.org.br\/noticias\/?s={search_term_string}\"},\"query-input\":\"required name=search_term_string\"}],\"inLanguage\":\"pt-BR\"},{\"@type\":\"ImageObject\",\"inLanguage\":\"pt-BR\",\"@id\":\"https:\/\/franciscanos.org.br\/noticias\/editora-vozes-cresce-o-numero-de-vendas-em-50-na-bienal-de-sao-paulo-2024.html#primaryimage\",\"url\":\"https:\/\/franciscanos.org.br\/noticias\/wp-content\/uploads\/2024\/10\/CHAMADA-23.jpg\",\"contentUrl\":\"https:\/\/franciscanos.org.br\/noticias\/wp-content\/uploads\/2024\/10\/CHAMADA-23.jpg\",\"width\":800,\"height\":550},{\"@type\":\"WebPage\",\"@id\":\"https:\/\/franciscanos.org.br\/noticias\/editora-vozes-cresce-o-numero-de-vendas-em-50-na-bienal-de-sao-paulo-2024.html#webpage\",\"url\":\"https:\/\/franciscanos.org.br\/noticias\/editora-vozes-cresce-o-numero-de-vendas-em-50-na-bienal-de-sao-paulo-2024.html\",\"name\":\"Editora Vozes cresce o n\u00famero de vendas em 50% na Bienal de S\u00e3o Paulo 2024 - Not\u00edcias - Franciscanos\",\"isPartOf\":{\"@id\":\"https:\/\/franciscanos.org.br\/noticias\/#website\"},\"primaryImageOfPage\":{\"@id\":\"https:\/\/franciscanos.org.br\/noticias\/editora-vozes-cresce-o-numero-de-vendas-em-50-na-bienal-de-sao-paulo-2024.html#primaryimage\"},\"datePublished\":\"2024-10-29T17:45:18+00:00\",\"dateModified\":\"2024-10-29T17:48:11+00:00\",\"author\":{\"@id\":\"https:\/\/franciscanos.org.br\/noticias\/#\/schema\/person\/d9422e83121c3ad3b0f423d195f5bb25\"},\"breadcrumb\":{\"@id\":\"https:\/\/franciscanos.org.br\/noticias\/editora-vozes-cresce-o-numero-de-vendas-em-50-na-bienal-de-sao-paulo-2024.html#breadcrumb\"},\"inLanguage\":\"pt-BR\",\"potentialAction\":[{\"@type\":\"ReadAction\",\"target\":[\"https:\/\/franciscanos.org.br\/noticias\/editora-vozes-cresce-o-numero-de-vendas-em-50-na-bienal-de-sao-paulo-2024.html\"]}]},{\"@type\":\"BreadcrumbList\",\"@id\":\"https:\/\/franciscanos.org.br\/noticias\/editora-vozes-cresce-o-numero-de-vendas-em-50-na-bienal-de-sao-paulo-2024.html#breadcrumb\",\"itemListElement\":[{\"@type\":\"ListItem\",\"position\":1,\"name\":\"Home\",\"item\":\"https:\/\/franciscanos.org.br\/noticias\"},{\"@type\":\"ListItem\",\"position\":2,\"name\":\"Editora Vozes cresce o n\u00famero de vendas em 50% na Bienal de S\u00e3o Paulo 2024\"}]},{\"@type\":\"Person\",\"@id\":\"https:\/\/franciscanos.org.br\/noticias\/#\/schema\/person\/d9422e83121c3ad3b0f423d195f5bb25\",\"name\":\"Adriana Rabelo\",\"image\":{\"@type\":\"ImageObject\",\"inLanguage\":\"pt-BR\",\"@id\":\"https:\/\/franciscanos.org.br\/noticias\/#\/schema\/person\/image\/\",\"url\":\"https:\/\/secure.gravatar.com\/avatar\/0a937b7500cd7df77540cfb8bede877d?s=96&d=mm&r=g\",\"contentUrl\":\"https:\/\/secure.gravatar.com\/avatar\/0a937b7500cd7df77540cfb8bede877d?s=96&d=mm&r=g\",\"caption\":\"Adriana Rabelo\"},\"url\":\"https:\/\/franciscanos.org.br\/noticias\/author\/adrianarabelo\"}]}<\/script>\n<!-- \/ Yoast SEO plugin. -->","yoast_head_json":{"title":"Editora Vozes cresce o n\u00famero de vendas em 50% na Bienal de S\u00e3o Paulo 2024 - Not\u00edcias - Franciscanos","robots":{"index":"index","follow":"follow","max-snippet":"max-snippet:-1","max-image-preview":"max-image-preview:large","max-video-preview":"max-video-preview:-1"},"canonical":"https:\/\/franciscanos.org.br\/noticias\/editora-vozes-cresce-o-numero-de-vendas-em-50-na-bienal-de-sao-paulo-2024.html","og_locale":"pt_BR","og_type":"article","og_title":"Editora Vozes cresce o n\u00famero de vendas em 50% na Bienal de S\u00e3o Paulo 2024 - Not\u00edcias - Franciscanos","og_description":"Frente de Evangeliza\u00e7\u00e3o para Educa\u00e7\u00e3o","og_url":"https:\/\/franciscanos.org.br\/noticias\/editora-vozes-cresce-o-numero-de-vendas-em-50-na-bienal-de-sao-paulo-2024.html","og_site_name":"Not\u00edcias - Franciscanos","article_published_time":"2024-10-29T17:45:18+00:00","article_modified_time":"2024-10-29T17:48:11+00:00","og_image":[{"width":800,"height":550,"url":"https:\/\/franciscanos.org.br\/noticias\/wp-content\/uploads\/2024\/10\/CHAMADA-23.jpg","type":"image\/jpeg"}],"author":"Adriana Rabelo","twitter_card":"summary_large_image","twitter_misc":{"Escrito por":"Adriana Rabelo","Est. tempo de leitura":"4 minutos"},"schema":{"@context":"https:\/\/schema.org","@graph":[{"@type":"WebSite","@id":"https:\/\/franciscanos.org.br\/noticias\/#website","url":"https:\/\/franciscanos.org.br\/noticias\/","name":"Not\u00edcias - Franciscanos","description":"Prov\u00edncia Franciscana da Imaculada Concei\u00e7\u00e3o do Brasil - Ordem dos Frades Menores - OFM","potentialAction":[{"@type":"SearchAction","target":{"@type":"EntryPoint","urlTemplate":"https:\/\/franciscanos.org.br\/noticias\/?s={search_term_string}"},"query-input":"required name=search_term_string"}],"inLanguage":"pt-BR"},{"@type":"ImageObject","inLanguage":"pt-BR","@id":"https:\/\/franciscanos.org.br\/noticias\/editora-vozes-cresce-o-numero-de-vendas-em-50-na-bienal-de-sao-paulo-2024.html#primaryimage","url":"https:\/\/franciscanos.org.br\/noticias\/wp-content\/uploads\/2024\/10\/CHAMADA-23.jpg","contentUrl":"https:\/\/franciscanos.org.br\/noticias\/wp-content\/uploads\/2024\/10\/CHAMADA-23.jpg","width":800,"height":550},{"@type":"WebPage","@id":"https:\/\/franciscanos.org.br\/noticias\/editora-vozes-cresce-o-numero-de-vendas-em-50-na-bienal-de-sao-paulo-2024.html#webpage","url":"https:\/\/franciscanos.org.br\/noticias\/editora-vozes-cresce-o-numero-de-vendas-em-50-na-bienal-de-sao-paulo-2024.html","name":"Editora Vozes cresce o n\u00famero de vendas em 50% na Bienal de S\u00e3o Paulo 2024 - Not\u00edcias - Franciscanos","isPartOf":{"@id":"https:\/\/franciscanos.org.br\/noticias\/#website"},"primaryImageOfPage":{"@id":"https:\/\/franciscanos.org.br\/noticias\/editora-vozes-cresce-o-numero-de-vendas-em-50-na-bienal-de-sao-paulo-2024.html#primaryimage"},"datePublished":"2024-10-29T17:45:18+00:00","dateModified":"2024-10-29T17:48:11+00:00","author":{"@id":"https:\/\/franciscanos.org.br\/noticias\/#\/schema\/person\/d9422e83121c3ad3b0f423d195f5bb25"},"breadcrumb":{"@id":"https:\/\/franciscanos.org.br\/noticias\/editora-vozes-cresce-o-numero-de-vendas-em-50-na-bienal-de-sao-paulo-2024.html#breadcrumb"},"inLanguage":"pt-BR","potentialAction":[{"@type":"ReadAction","target":["https:\/\/franciscanos.org.br\/noticias\/editora-vozes-cresce-o-numero-de-vendas-em-50-na-bienal-de-sao-paulo-2024.html"]}]},{"@type":"BreadcrumbList","@id":"https:\/\/franciscanos.org.br\/noticias\/editora-vozes-cresce-o-numero-de-vendas-em-50-na-bienal-de-sao-paulo-2024.html#breadcrumb","itemListElement":[{"@type":"ListItem","position":1,"name":"Home","item":"https:\/\/franciscanos.org.br\/noticias"},{"@type":"ListItem","position":2,"name":"Editora Vozes cresce o n\u00famero de vendas em 50% na Bienal de S\u00e3o Paulo 2024"}]},{"@type":"Person","@id":"https:\/\/franciscanos.org.br\/noticias\/#\/schema\/person\/d9422e83121c3ad3b0f423d195f5bb25","name":"Adriana Rabelo","image":{"@type":"ImageObject","inLanguage":"pt-BR","@id":"https:\/\/franciscanos.org.br\/noticias\/#\/schema\/person\/image\/","url":"https:\/\/secure.gravatar.com\/avatar\/0a937b7500cd7df77540cfb8bede877d?s=96&d=mm&r=g","contentUrl":"https:\/\/secure.gravatar.com\/avatar\/0a937b7500cd7df77540cfb8bede877d?s=96&d=mm&r=g","caption":"Adriana Rabelo"},"url":"https:\/\/franciscanos.org.br\/noticias\/author\/adrianarabelo"}]}},"_links":{"self":[{"href":"https:\/\/franciscanos.org.br\/noticias\/wp-json\/wp\/v2\/posts\/251863"}],"collection":[{"href":"https:\/\/franciscanos.org.br\/noticias\/wp-json\/wp\/v2\/posts"}],"about":[{"href":"https:\/\/franciscanos.org.br\/noticias\/wp-json\/wp\/v2\/types\/post"}],"author":[{"embeddable":true,"href":"https:\/\/franciscanos.org.br\/noticias\/wp-json\/wp\/v2\/users\/11"}],"replies":[{"embeddable":true,"href":"https:\/\/franciscanos.org.br\/noticias\/wp-json\/wp\/v2\/comments?post=251863"}],"version-history":[{"count":8,"href":"https:\/\/franciscanos.org.br\/noticias\/wp-json\/wp\/v2\/posts\/251863\/revisions"}],"predecessor-version":[{"id":251875,"href":"https:\/\/franciscanos.org.br\/noticias\/wp-json\/wp\/v2\/posts\/251863\/revisions\/251875"}],"wp:featuredmedia":[{"embeddable":true,"href":"https:\/\/franciscanos.org.br\/noticias\/wp-json\/wp\/v2\/media\/251874"}],"wp:attachment":[{"href":"https:\/\/franciscanos.org.br\/noticias\/wp-json\/wp\/v2\/media?parent=251863"}],"wp:term":[{"taxonomy":"category","embeddable":true,"href":"https:\/\/franciscanos.org.br\/noticias\/wp-json\/wp\/v2\/categories?post=251863"},{"taxonomy":"post_tag","embeddable":true,"href":"https:\/\/franciscanos.org.br\/noticias\/wp-json\/wp\/v2\/tags?post=251863"}],"curies":[{"name":"wp","href":"https:\/\/api.w.org\/{rel}","templated":true}]}}