{"id":251857,"date":"2024-10-29T10:24:37","date_gmt":"2024-10-29T13:24:37","guid":{"rendered":"https:\/\/franciscanos.org.br\/noticias\/?p=251857"},"modified":"2024-10-29T10:25:12","modified_gmt":"2024-10-29T13:25:12","slug":"preparativos-finais-o-capitulo-provincial-se-aproxima","status":"publish","type":"post","link":"https:\/\/franciscanos.org.br\/noticias\/preparativos-finais-o-capitulo-provincial-se-aproxima.html","title":{"rendered":"Preparativos finais: o Cap\u00edtulo Provincial se aproxima"},"content":{"rendered":"<p><img loading=\"lazy\" class=\"aligncenter wp-image-251858 size-full\" src=\"https:\/\/franciscanos.org.br\/noticias\/wp-content\/uploads\/2024\/10\/Sem-nome-1280-x-720-px-800-x-550-px.png\" alt=\"\" width=\"800\" height=\"550\" srcset=\"https:\/\/franciscanos.org.br\/noticias\/wp-content\/uploads\/2024\/10\/Sem-nome-1280-x-720-px-800-x-550-px.png 800w, https:\/\/franciscanos.org.br\/noticias\/wp-content\/uploads\/2024\/10\/Sem-nome-1280-x-720-px-800-x-550-px-450x309.png 450w, https:\/\/franciscanos.org.br\/noticias\/wp-content\/uploads\/2024\/10\/Sem-nome-1280-x-720-px-800-x-550-px-768x528.png 768w, https:\/\/franciscanos.org.br\/noticias\/wp-content\/uploads\/2024\/10\/Sem-nome-1280-x-720-px-800-x-550-px-150x103.png 150w, https:\/\/franciscanos.org.br\/noticias\/wp-content\/uploads\/2024\/10\/Sem-nome-1280-x-720-px-800-x-550-px-320x220.png 320w\" sizes=\"(max-width: 800px) 100vw, 800px\" \/><\/p>\n<p>Come\u00e7a na pr\u00f3xima segunda-feira, 4 de novembro, o Cap\u00edtulo Provincial 2024 da Prov\u00edncia Franciscana da Imaculada Concei\u00e7\u00e3o do Brasil. A reuni\u00e3o ser\u00e1 realizada no Semin\u00e1rio Santo Ant\u00f4nio, de Agudos (SP), e acolher\u00e1, entre os dias 4 a 12, cerca de 120 frades provenientes dos 5 Estados brasileiros onde a Prov\u00edncia mant\u00e9m presen\u00e7as evangelizadoras (Esp\u00edrito Santo, Rio de Janeiro, S\u00e3o Paulo, Paran\u00e1 e Santa Catarina), e de Angola, onde j\u00e1 por 34 anos, a presen\u00e7a franciscana est\u00e1 estabelecida.<\/p>\n<p>O Cap\u00edtulo Provincial 2024 ser\u00e1 um <strong>cap\u00edtulo intermedi\u00e1rio<\/strong>, ou seja, ele \u00e9 realizado na metade do mandato do atual Ministro provincial, Frei Paulo Roberto Pereira que, em novembro de 2021 fora eleito por 6 anos. Um cap\u00edtulo intermedi\u00e1rio se prop\u00f5e a ser uma celebra\u00e7\u00e3o de <strong>revis\u00e3o dos trabalhos realizados no primeiro tri\u00eanio<\/strong>, implantando as pol\u00edticas e mandatos aprovados no \u00faltimo cap\u00edtulo eletivo. \u00c9 tamb\u00e9m tempo de revisitar o Plano de Evangeliza\u00e7\u00e3o da Prov\u00edncia e refletir sobre como as prioridades assumidas t\u00eam sido, efetivamente, realizadas pelas fraternidades e obras.<\/p>\n<p><strong>Rever, Atualizar e Anunciar<\/strong><\/p>\n<p><img loading=\"lazy\" class=\"size-medium wp-image-251859 alignleft\" src=\"https:\/\/franciscanos.org.br\/noticias\/wp-content\/uploads\/2024\/10\/capa-A4-capitulo-318x450.png\" alt=\"\" width=\"318\" height=\"450\" srcset=\"https:\/\/franciscanos.org.br\/noticias\/wp-content\/uploads\/2024\/10\/capa-A4-capitulo-318x450.png 318w, https:\/\/franciscanos.org.br\/noticias\/wp-content\/uploads\/2024\/10\/capa-A4-capitulo-724x1024.png 724w, https:\/\/franciscanos.org.br\/noticias\/wp-content\/uploads\/2024\/10\/capa-A4-capitulo-768x1086.png 768w, https:\/\/franciscanos.org.br\/noticias\/wp-content\/uploads\/2024\/10\/capa-A4-capitulo-1086x1536.png 1086w, https:\/\/franciscanos.org.br\/noticias\/wp-content\/uploads\/2024\/10\/capa-A4-capitulo-150x212.png 150w, https:\/\/franciscanos.org.br\/noticias\/wp-content\/uploads\/2024\/10\/capa-A4-capitulo.png 764w\" sizes=\"(max-width: 318px) 100vw, 318px\" \/>Mas n\u00e3o \u00e9 s\u00f3 para revis\u00e3o que o Cap\u00edtulo Provincial 2024 foi preparado! Acompanhando o <strong>tema proposto: \u201cRever, Atualizar e Anunciar\u201d<\/strong>, os Capitulares tamb\u00e9m assumem o compromisso de <strong>atualizar, repactuar, renovar sua identidade religiosa franciscana<\/strong> diante das demandas e desafios de nossa atualidade. Sob esta perspectiva, o programa formativo permanente da Prov\u00edncia foi atualizado, abarcando as diretrizes que v\u00e3o desde o acompanhamento vocacional at\u00e9 o fim da vida do Frade Menor, concluindo sua Forma\u00e7\u00e3o Permanente. Soma-se a esta rica discuss\u00e3o a Pol\u00edtica Provincial de Prote\u00e7\u00e3o, como compromisso com o cuidado e garantia da dignidade para todos os irm\u00e3os e irm\u00e3os. Estes s\u00e3o alguns dos temas que ser\u00e3o refletidos e discutidos pela assembleia capitular, que tamb\u00e9m refletir\u00e1 sobre temas ligados \u00e0 evangeliza\u00e7\u00e3o e \u00e0 administra\u00e7\u00e3o econ\u00f4mica.<\/p>\n<p>Por fim, <strong>o an\u00fancio do nosso sonho provincial sobre como podemos viver nossa Forma de Vida e anunciar a f\u00e9 que abra\u00e7amos<\/strong> \u00e9 o objetivo final do Cap\u00edtulo Provincial 2024. Clarificar a Prov\u00edncia que queremos e, mais importante, a Prov\u00edncia que somos chamados a formar por Deus, na Igreja, para o mundo. Esperamos que cada decis\u00e3o seja tomada nesta dire\u00e7\u00e3o, a fim de que o Cap\u00edtulo seja, verdadeiramente, uma nova p\u00e1gina desta bela e sagrada hist\u00f3ria de doa\u00e7\u00e3o e servi\u00e7o de tantos frades que nos antecederam e permitiram que a Prov\u00edncia Franciscana da Imaculada Concei\u00e7\u00e3o se aproximasse de seus <strong>350 anos de hist\u00f3ria<\/strong>!<\/p>\n<p>A frase anterior lan\u00e7a luz sobre as expectativas sobre o novo tri\u00eanio que iniciaremos em 2025. Um ano jubilar, marcado pela gra\u00e7a do reconhecimento e gratid\u00e3o pelo que j\u00e1 foi vivido e constru\u00eddo; pelo determinado compromisso de renovar e reassumir a voca\u00e7\u00e3o e miss\u00e3o que hoje experimentamos; e pela responsabilidade de levar a Prov\u00edncia ao futuro, sem nunca se afastar da fidelidade \u00e0 sagrada inspira\u00e7\u00e3o que levou a sua cria\u00e7\u00e3o.<\/p>\n<p>Que nosso Ser\u00e1fico Pai S\u00e3o Francisco de Assis interceda a Deus pelos frades desta Prov\u00edncia, capitulares ou n\u00e3o, para que seu Esp\u00edrito os ilumine neste importante trabalho que ter\u00e3o nestes dias!<\/p>\n<hr \/>\n<p>Frei Rodrigo da Silva Santos<\/p>\n","protected":false},"excerpt":{"rendered":"<p>Cap\u00edtulo Provincial 2024<\/p>\n","protected":false},"author":11,"featured_media":251860,"comment_status":"open","ping_status":"open","sticky":false,"template":"","format":"standard","meta":[],"categories":[1],"tags":[2255],"acf":[],"yoast_head":"<!-- This site is optimized with the Yoast SEO plugin v19.2 - https:\/\/yoast.com\/wordpress\/plugins\/seo\/ -->\n<title>Preparativos finais: o Cap\u00edtulo Provincial se aproxima - Not\u00edcias - Franciscanos<\/title>\n<meta name=\"robots\" content=\"index, follow, max-snippet:-1, max-image-preview:large, max-video-preview:-1\" \/>\n<link rel=\"canonical\" href=\"https:\/\/franciscanos.org.br\/noticias\/preparativos-finais-o-capitulo-provincial-se-aproxima.html\" \/>\n<meta property=\"og:locale\" content=\"pt_BR\" \/>\n<meta property=\"og:type\" content=\"article\" \/>\n<meta property=\"og:title\" content=\"Preparativos finais: o Cap\u00edtulo Provincial se aproxima - Not\u00edcias - Franciscanos\" \/>\n<meta property=\"og:description\" content=\"Cap\u00edtulo Provincial 2024\" \/>\n<meta property=\"og:url\" content=\"https:\/\/franciscanos.org.br\/noticias\/preparativos-finais-o-capitulo-provincial-se-aproxima.html\" \/>\n<meta property=\"og:site_name\" content=\"Not\u00edcias - Franciscanos\" \/>\n<meta property=\"article:published_time\" content=\"2024-10-29T13:24:37+00:00\" \/>\n<meta property=\"article:modified_time\" content=\"2024-10-29T13:25:12+00:00\" \/>\n<meta property=\"og:image\" content=\"https:\/\/franciscanos.org.br\/noticias\/wp-content\/uploads\/2024\/10\/Sem-nome-1280-x-720-px-800-x-550-px-1.png\" \/>\n\t<meta property=\"og:image:width\" content=\"800\" \/>\n\t<meta property=\"og:image:height\" content=\"550\" \/>\n\t<meta property=\"og:image:type\" content=\"image\/png\" \/>\n<meta name=\"author\" content=\"Adriana Rabelo\" \/>\n<meta name=\"twitter:card\" content=\"summary_large_image\" \/>\n<meta name=\"twitter:label1\" content=\"Escrito por\" \/>\n\t<meta name=\"twitter:data1\" content=\"Adriana Rabelo\" \/>\n\t<meta name=\"twitter:label2\" content=\"Est. tempo de leitura\" \/>\n\t<meta name=\"twitter:data2\" content=\"3 minutos\" \/>\n<script type=\"application\/ld+json\" class=\"yoast-schema-graph\">{\"@context\":\"https:\/\/schema.org\",\"@graph\":[{\"@type\":\"WebSite\",\"@id\":\"https:\/\/franciscanos.org.br\/noticias\/#website\",\"url\":\"https:\/\/franciscanos.org.br\/noticias\/\",\"name\":\"Not\u00edcias - Franciscanos\",\"description\":\"Prov\u00edncia Franciscana da Imaculada Concei\u00e7\u00e3o do Brasil - Ordem dos Frades Menores - OFM\",\"potentialAction\":[{\"@type\":\"SearchAction\",\"target\":{\"@type\":\"EntryPoint\",\"urlTemplate\":\"https:\/\/franciscanos.org.br\/noticias\/?s={search_term_string}\"},\"query-input\":\"required name=search_term_string\"}],\"inLanguage\":\"pt-BR\"},{\"@type\":\"ImageObject\",\"inLanguage\":\"pt-BR\",\"@id\":\"https:\/\/franciscanos.org.br\/noticias\/preparativos-finais-o-capitulo-provincial-se-aproxima.html#primaryimage\",\"url\":\"https:\/\/franciscanos.org.br\/noticias\/wp-content\/uploads\/2024\/10\/Sem-nome-1280-x-720-px-800-x-550-px-1.png\",\"contentUrl\":\"https:\/\/franciscanos.org.br\/noticias\/wp-content\/uploads\/2024\/10\/Sem-nome-1280-x-720-px-800-x-550-px-1.png\",\"width\":800,\"height\":550},{\"@type\":\"WebPage\",\"@id\":\"https:\/\/franciscanos.org.br\/noticias\/preparativos-finais-o-capitulo-provincial-se-aproxima.html#webpage\",\"url\":\"https:\/\/franciscanos.org.br\/noticias\/preparativos-finais-o-capitulo-provincial-se-aproxima.html\",\"name\":\"Preparativos finais: o Cap\u00edtulo Provincial se aproxima - Not\u00edcias - Franciscanos\",\"isPartOf\":{\"@id\":\"https:\/\/franciscanos.org.br\/noticias\/#website\"},\"primaryImageOfPage\":{\"@id\":\"https:\/\/franciscanos.org.br\/noticias\/preparativos-finais-o-capitulo-provincial-se-aproxima.html#primaryimage\"},\"datePublished\":\"2024-10-29T13:24:37+00:00\",\"dateModified\":\"2024-10-29T13:25:12+00:00\",\"author\":{\"@id\":\"https:\/\/franciscanos.org.br\/noticias\/#\/schema\/person\/d9422e83121c3ad3b0f423d195f5bb25\"},\"breadcrumb\":{\"@id\":\"https:\/\/franciscanos.org.br\/noticias\/preparativos-finais-o-capitulo-provincial-se-aproxima.html#breadcrumb\"},\"inLanguage\":\"pt-BR\",\"potentialAction\":[{\"@type\":\"ReadAction\",\"target\":[\"https:\/\/franciscanos.org.br\/noticias\/preparativos-finais-o-capitulo-provincial-se-aproxima.html\"]}]},{\"@type\":\"BreadcrumbList\",\"@id\":\"https:\/\/franciscanos.org.br\/noticias\/preparativos-finais-o-capitulo-provincial-se-aproxima.html#breadcrumb\",\"itemListElement\":[{\"@type\":\"ListItem\",\"position\":1,\"name\":\"Home\",\"item\":\"https:\/\/franciscanos.org.br\/noticias\"},{\"@type\":\"ListItem\",\"position\":2,\"name\":\"Preparativos finais: o Cap\u00edtulo Provincial se aproxima\"}]},{\"@type\":\"Person\",\"@id\":\"https:\/\/franciscanos.org.br\/noticias\/#\/schema\/person\/d9422e83121c3ad3b0f423d195f5bb25\",\"name\":\"Adriana Rabelo\",\"image\":{\"@type\":\"ImageObject\",\"inLanguage\":\"pt-BR\",\"@id\":\"https:\/\/franciscanos.org.br\/noticias\/#\/schema\/person\/image\/\",\"url\":\"https:\/\/secure.gravatar.com\/avatar\/0a937b7500cd7df77540cfb8bede877d?s=96&d=mm&r=g\",\"contentUrl\":\"https:\/\/secure.gravatar.com\/avatar\/0a937b7500cd7df77540cfb8bede877d?s=96&d=mm&r=g\",\"caption\":\"Adriana Rabelo\"},\"url\":\"https:\/\/franciscanos.org.br\/noticias\/author\/adrianarabelo\"}]}<\/script>\n<!-- \/ Yoast SEO plugin. -->","yoast_head_json":{"title":"Preparativos finais: o Cap\u00edtulo Provincial se aproxima - Not\u00edcias - Franciscanos","robots":{"index":"index","follow":"follow","max-snippet":"max-snippet:-1","max-image-preview":"max-image-preview:large","max-video-preview":"max-video-preview:-1"},"canonical":"https:\/\/franciscanos.org.br\/noticias\/preparativos-finais-o-capitulo-provincial-se-aproxima.html","og_locale":"pt_BR","og_type":"article","og_title":"Preparativos finais: o Cap\u00edtulo Provincial se aproxima - Not\u00edcias - Franciscanos","og_description":"Cap\u00edtulo Provincial 2024","og_url":"https:\/\/franciscanos.org.br\/noticias\/preparativos-finais-o-capitulo-provincial-se-aproxima.html","og_site_name":"Not\u00edcias - Franciscanos","article_published_time":"2024-10-29T13:24:37+00:00","article_modified_time":"2024-10-29T13:25:12+00:00","og_image":[{"width":800,"height":550,"url":"https:\/\/franciscanos.org.br\/noticias\/wp-content\/uploads\/2024\/10\/Sem-nome-1280-x-720-px-800-x-550-px-1.png","type":"image\/png"}],"author":"Adriana Rabelo","twitter_card":"summary_large_image","twitter_misc":{"Escrito por":"Adriana Rabelo","Est. tempo de leitura":"3 minutos"},"schema":{"@context":"https:\/\/schema.org","@graph":[{"@type":"WebSite","@id":"https:\/\/franciscanos.org.br\/noticias\/#website","url":"https:\/\/franciscanos.org.br\/noticias\/","name":"Not\u00edcias - Franciscanos","description":"Prov\u00edncia Franciscana da Imaculada Concei\u00e7\u00e3o do Brasil - Ordem dos Frades Menores - OFM","potentialAction":[{"@type":"SearchAction","target":{"@type":"EntryPoint","urlTemplate":"https:\/\/franciscanos.org.br\/noticias\/?s={search_term_string}"},"query-input":"required name=search_term_string"}],"inLanguage":"pt-BR"},{"@type":"ImageObject","inLanguage":"pt-BR","@id":"https:\/\/franciscanos.org.br\/noticias\/preparativos-finais-o-capitulo-provincial-se-aproxima.html#primaryimage","url":"https:\/\/franciscanos.org.br\/noticias\/wp-content\/uploads\/2024\/10\/Sem-nome-1280-x-720-px-800-x-550-px-1.png","contentUrl":"https:\/\/franciscanos.org.br\/noticias\/wp-content\/uploads\/2024\/10\/Sem-nome-1280-x-720-px-800-x-550-px-1.png","width":800,"height":550},{"@type":"WebPage","@id":"https:\/\/franciscanos.org.br\/noticias\/preparativos-finais-o-capitulo-provincial-se-aproxima.html#webpage","url":"https:\/\/franciscanos.org.br\/noticias\/preparativos-finais-o-capitulo-provincial-se-aproxima.html","name":"Preparativos finais: o Cap\u00edtulo Provincial se aproxima - Not\u00edcias - Franciscanos","isPartOf":{"@id":"https:\/\/franciscanos.org.br\/noticias\/#website"},"primaryImageOfPage":{"@id":"https:\/\/franciscanos.org.br\/noticias\/preparativos-finais-o-capitulo-provincial-se-aproxima.html#primaryimage"},"datePublished":"2024-10-29T13:24:37+00:00","dateModified":"2024-10-29T13:25:12+00:00","author":{"@id":"https:\/\/franciscanos.org.br\/noticias\/#\/schema\/person\/d9422e83121c3ad3b0f423d195f5bb25"},"breadcrumb":{"@id":"https:\/\/franciscanos.org.br\/noticias\/preparativos-finais-o-capitulo-provincial-se-aproxima.html#breadcrumb"},"inLanguage":"pt-BR","potentialAction":[{"@type":"ReadAction","target":["https:\/\/franciscanos.org.br\/noticias\/preparativos-finais-o-capitulo-provincial-se-aproxima.html"]}]},{"@type":"BreadcrumbList","@id":"https:\/\/franciscanos.org.br\/noticias\/preparativos-finais-o-capitulo-provincial-se-aproxima.html#breadcrumb","itemListElement":[{"@type":"ListItem","position":1,"name":"Home","item":"https:\/\/franciscanos.org.br\/noticias"},{"@type":"ListItem","position":2,"name":"Preparativos finais: o Cap\u00edtulo Provincial se aproxima"}]},{"@type":"Person","@id":"https:\/\/franciscanos.org.br\/noticias\/#\/schema\/person\/d9422e83121c3ad3b0f423d195f5bb25","name":"Adriana Rabelo","image":{"@type":"ImageObject","inLanguage":"pt-BR","@id":"https:\/\/franciscanos.org.br\/noticias\/#\/schema\/person\/image\/","url":"https:\/\/secure.gravatar.com\/avatar\/0a937b7500cd7df77540cfb8bede877d?s=96&d=mm&r=g","contentUrl":"https:\/\/secure.gravatar.com\/avatar\/0a937b7500cd7df77540cfb8bede877d?s=96&d=mm&r=g","caption":"Adriana Rabelo"},"url":"https:\/\/franciscanos.org.br\/noticias\/author\/adrianarabelo"}]}},"_links":{"self":[{"href":"https:\/\/franciscanos.org.br\/noticias\/wp-json\/wp\/v2\/posts\/251857"}],"collection":[{"href":"https:\/\/franciscanos.org.br\/noticias\/wp-json\/wp\/v2\/posts"}],"about":[{"href":"https:\/\/franciscanos.org.br\/noticias\/wp-json\/wp\/v2\/types\/post"}],"author":[{"embeddable":true,"href":"https:\/\/franciscanos.org.br\/noticias\/wp-json\/wp\/v2\/users\/11"}],"replies":[{"embeddable":true,"href":"https:\/\/franciscanos.org.br\/noticias\/wp-json\/wp\/v2\/comments?post=251857"}],"version-history":[{"count":2,"href":"https:\/\/franciscanos.org.br\/noticias\/wp-json\/wp\/v2\/posts\/251857\/revisions"}],"predecessor-version":[{"id":251862,"href":"https:\/\/franciscanos.org.br\/noticias\/wp-json\/wp\/v2\/posts\/251857\/revisions\/251862"}],"wp:featuredmedia":[{"embeddable":true,"href":"https:\/\/franciscanos.org.br\/noticias\/wp-json\/wp\/v2\/media\/251860"}],"wp:attachment":[{"href":"https:\/\/franciscanos.org.br\/noticias\/wp-json\/wp\/v2\/media?parent=251857"}],"wp:term":[{"taxonomy":"category","embeddable":true,"href":"https:\/\/franciscanos.org.br\/noticias\/wp-json\/wp\/v2\/categories?post=251857"},{"taxonomy":"post_tag","embeddable":true,"href":"https:\/\/franciscanos.org.br\/noticias\/wp-json\/wp\/v2\/tags?post=251857"}],"curies":[{"name":"wp","href":"https:\/\/api.w.org\/{rel}","templated":true}]}}