{"id":251835,"date":"2024-10-29T09:18:36","date_gmt":"2024-10-29T12:18:36","guid":{"rendered":"https:\/\/franciscanos.org.br\/noticias\/?p=251835"},"modified":"2024-10-29T09:22:03","modified_gmt":"2024-10-29T12:22:03","slug":"novos-franciscanos-para-a-ordem-secular-de-colatina","status":"publish","type":"post","link":"https:\/\/franciscanos.org.br\/noticias\/novos-franciscanos-para-a-ordem-secular-de-colatina.html","title":{"rendered":"Novos franciscanos para a Ordem Secular de Colatina"},"content":{"rendered":"<p><img loading=\"lazy\" class=\"aligncenter wp-image-251853 size-full\" src=\"https:\/\/franciscanos.org.br\/noticias\/wp-content\/uploads\/2024\/10\/MATERIA-18.jpg\" alt=\"\" width=\"1280\" height=\"720\" srcset=\"https:\/\/franciscanos.org.br\/noticias\/wp-content\/uploads\/2024\/10\/MATERIA-18.jpg 1280w, https:\/\/franciscanos.org.br\/noticias\/wp-content\/uploads\/2024\/10\/MATERIA-18-450x253.jpg 450w, https:\/\/franciscanos.org.br\/noticias\/wp-content\/uploads\/2024\/10\/MATERIA-18-1024x576.jpg 1024w, https:\/\/franciscanos.org.br\/noticias\/wp-content\/uploads\/2024\/10\/MATERIA-18-768x432.jpg 768w, https:\/\/franciscanos.org.br\/noticias\/wp-content\/uploads\/2024\/10\/MATERIA-18-150x84.jpg 150w\" sizes=\"(max-width: 1280px) 100vw, 1280px\" \/><\/p>\n<p>A Fraternidade Sagrado Cora\u00e7\u00e3o de Jesus, pertencente \u00e0 Ordem Franciscana Secular do Brasil, Regi\u00e3o Sudeste II, reuniu-se no \u00faltimo domingo, 27 de outubro,\u00a0 para uma Celebra\u00e7\u00e3o Eucar\u00edstica especial presidida por Frei Augusto Luiz Gabriel, Assistente Espiritual. O rito, ocorrido \u00e0s 19h, na Igreja S\u00e3o Vicente de Paulo, da Par\u00f3quia Santa Clara de Assis, em Colatina (ES), marcou o ingresso e a profiss\u00e3o definitiva de novos membros na fraternidade, com destaque para a celebra\u00e7\u00e3o da Profiss\u00e3o de Filomena Neves de Oliveira, que assumiu o compromisso de seguir o carisma franciscano secular de forma integral e definitiva.<\/p>\n<p><strong>Um chamado \u00e0 fraternidade e ao servi\u00e7o<\/strong><\/p>\n<p>A celebra\u00e7\u00e3o teve in\u00edcio com um coment\u00e1rio convidando a comunidade \u00e0 participa\u00e7\u00e3o e explicando o prop\u00f3sito da ocasi\u00e3o: agradecer pelo dom da voca\u00e7\u00e3o franciscana e acolher novos membros, fortalecendo o compromisso com o Evangelho no meio do mundo, conforme o esp\u00edrito das bem-aventuran\u00e7as. o frade refletiu sobre o significado da profiss\u00e3o definitiva, descrevendo-a como uma resposta ao chamado de seguir a Cristo com simplicidade e compromisso na vida secular, no modelo de S\u00e3o Francisco de Assis.<\/p>\n<p>Na homilia, que refletiu sobre a liturgia do 30\u00ba Domingo do Tempo Comum, o celebrante enfatizou a leitura do Evangelho de Marcos, que relata a cura de Bartimeu, o cego de Jeric\u00f3, e ressaltou o poder transformador da f\u00e9 e da confian\u00e7a em Deus. Em suas palavras, o religioso enfatizou a import\u00e2ncia da perseveran\u00e7a na ora\u00e7\u00e3o e da cura da cegueira f\u00edsica e espiritual, tra\u00e7ando paralelos com a miss\u00e3o franciscana secular.<\/p>\n<p>\u201cUnidos em esp\u00edrito e voca\u00e7\u00e3o franciscana, recordamos a for\u00e7a da f\u00e9 que restaura, que ilumina os nossos caminhos, como vemos no testemunho de Bartimeu e na mensagem de Jeremias, que nos fala de esperan\u00e7a e retorno. Neste 30\u00ba Domingo do Tempo Comum, a liturgia nos convida a refletir sobre confian\u00e7a, perseveran\u00e7a e f\u00e9.\u201d<\/p>\n<p>Ele prosseguiu, citando o profeta Jeremias, que trazia uma mensagem de acolhida e restaura\u00e7\u00e3o aos mais fr\u00e1geis. \u201cAssim como o povo de Israel, somos todos convidados a essa confian\u00e7a: mesmo em nossas fraquezas, Deus est\u00e1 sempre disposto a nos acolher e a nos guiar de volta ao caminho da vida. E como a fam\u00edlia franciscana, recordamos que somos tamb\u00e9m acolhidos por este Pai amoroso, que cuida de n\u00f3s, nos restaura e nos chama a um caminho de vida em meio \u00e0s nossas fragilidades\u201d, frisou.<\/p>\n<p>No encerramento da homilia, Frei Augusto reiterou o chamado \u00e0 f\u00e9 confiante de Bartimeu, que representa todos n\u00f3s em nossa busca por Deus, pedindo aos presentes que reflitam sobre o que em suas vidas necessita de cura para seguir com mais fidelidade o caminho do discipulado. \u201cQue possamos viver a experi\u00eancia de Bartimeu, recebendo a gra\u00e7a de enxergar novamente, para caminhar com alegria e f\u00e9, conscientes de que somos amados profundamente por Deus. E que Nossa Senhora, a Virgem orante, nos acompanhe nesse caminho, ajudando-nos a sempre dirigir-nos a Deus de todo o cora\u00e7\u00e3o\u201d.<\/p>\n\n\t\t<style type=\"text\/css\">\n\t\t\t#gallery-1 {\n\t\t\t\tmargin: auto;\n\t\t\t}\n\t\t\t#gallery-1 .gallery-item {\n\t\t\t\tfloat: left;\n\t\t\t\tmargin-top: 10px;\n\t\t\t\ttext-align: center;\n\t\t\t\twidth: 33%;\n\t\t\t}\n\t\t\t#gallery-1 img {\n\t\t\t\tborder: 2px solid #cfcfcf;\n\t\t\t}\n\t\t\t#gallery-1 .gallery-caption {\n\t\t\t\tmargin-left: 0;\n\t\t\t}\n\t\t\t\/* see gallery_shortcode() in wp-includes\/media.php *\/\n\t\t<\/style>\n\t\t<div id='gallery-1' class='gallery galleryid-251835 gallery-columns-3 gallery-size-thumbnail'><dl class='gallery-item'>\n\t\t\t<dt class='gallery-icon landscape'>\n\t\t\t\t<a href='https:\/\/franciscanos.org.br\/noticias\/wp-content\/uploads\/2024\/10\/IMG_7384-scaled.jpg'><img width=\"300\" height=\"300\" src=\"https:\/\/franciscanos.org.br\/noticias\/wp-content\/uploads\/2024\/10\/IMG_7384-300x300.jpg\" class=\"attachment-thumbnail size-thumbnail\" alt=\"\" loading=\"lazy\" srcset=\"https:\/\/franciscanos.org.br\/noticias\/wp-content\/uploads\/2024\/10\/IMG_7384-300x300.jpg 300w, https:\/\/franciscanos.org.br\/noticias\/wp-content\/uploads\/2024\/10\/IMG_7384-100x100.jpg 100w\" sizes=\"(max-width: 300px) 100vw, 300px\" \/><\/a>\n\t\t\t<\/dt><\/dl><dl class='gallery-item'>\n\t\t\t<dt class='gallery-icon landscape'>\n\t\t\t\t<a href='https:\/\/franciscanos.org.br\/noticias\/wp-content\/uploads\/2024\/10\/IMG_7286-scaled.jpg'><img width=\"300\" height=\"300\" src=\"https:\/\/franciscanos.org.br\/noticias\/wp-content\/uploads\/2024\/10\/IMG_7286-300x300.jpg\" class=\"attachment-thumbnail size-thumbnail\" alt=\"\" loading=\"lazy\" srcset=\"https:\/\/franciscanos.org.br\/noticias\/wp-content\/uploads\/2024\/10\/IMG_7286-300x300.jpg 300w, https:\/\/franciscanos.org.br\/noticias\/wp-content\/uploads\/2024\/10\/IMG_7286-100x100.jpg 100w\" sizes=\"(max-width: 300px) 100vw, 300px\" \/><\/a>\n\t\t\t<\/dt><\/dl><dl class='gallery-item'>\n\t\t\t<dt class='gallery-icon portrait'>\n\t\t\t\t<a href='https:\/\/franciscanos.org.br\/noticias\/wp-content\/uploads\/2024\/10\/IMG_7290-scaled.jpg'><img width=\"300\" height=\"300\" src=\"https:\/\/franciscanos.org.br\/noticias\/wp-content\/uploads\/2024\/10\/IMG_7290-300x300.jpg\" class=\"attachment-thumbnail size-thumbnail\" alt=\"\" loading=\"lazy\" srcset=\"https:\/\/franciscanos.org.br\/noticias\/wp-content\/uploads\/2024\/10\/IMG_7290-300x300.jpg 300w, https:\/\/franciscanos.org.br\/noticias\/wp-content\/uploads\/2024\/10\/IMG_7290-100x100.jpg 100w\" sizes=\"(max-width: 300px) 100vw, 300px\" \/><\/a>\n\t\t\t<\/dt><\/dl><br style=\"clear: both\" \/>\n\t\t<\/div>\n\n<p><strong>Rito de inicia\u00e7\u00e3o em compromisso franciscano<\/strong><\/p>\n<p>Ap\u00f3s a homilia, seguiu-se com o Rito do Tempo de Inicia\u00e7\u00e3o para os candidatos que, ao serem chamados, manifestaram publicamente o desejo de seguir o carisma franciscano. Em seguida,\u00a0 o frade entregou a cada candidato o \u201cLivro do Tempo de Inicia\u00e7\u00e3o na Ordem Franciscana Secular\u201d com uma biografia de S\u00e3o Francisco, explicando que este per\u00edodo de forma\u00e7\u00e3o ser\u00e1 essencial para aprofundar a voca\u00e7\u00e3o secular.<\/p>\n<p>A ministra da Fraternidade, Eudina Silva, acolheu os novos iniciantes com palavras de incentivo e destacou a import\u00e2ncia da forma\u00e7\u00e3o espiritual e fraterna para fortalecer a caminhada franciscana.<\/p>\n<p><strong>Profiss\u00e3o definitiva de Filomena Neves de Oliveira<\/strong><\/p>\n<p><strong>\u00a0<\/strong>O momento mais solene da celebra\u00e7\u00e3o foi a Profiss\u00e3o Definitiva de Filomena Neves de Oliveira. Questionada pela ministra sobre seu desejo de aderir de forma irrevog\u00e1vel \u00e0 Regra da Ordem Franciscana Secular, Filomena respondeu com firmeza: \u201cSim, quero.\u201d Em seguida, declarou:<\/p>\n<p><img loading=\"lazy\" class=\"size-medium wp-image-251839 alignleft\" src=\"https:\/\/franciscanos.org.br\/noticias\/wp-content\/uploads\/2024\/10\/ofs_271024_8-338x450.jpeg\" alt=\"\" width=\"338\" height=\"450\" srcset=\"https:\/\/franciscanos.org.br\/noticias\/wp-content\/uploads\/2024\/10\/ofs_271024_8-338x450.jpeg 338w, https:\/\/franciscanos.org.br\/noticias\/wp-content\/uploads\/2024\/10\/ofs_271024_8-768x1024.jpeg 768w, https:\/\/franciscanos.org.br\/noticias\/wp-content\/uploads\/2024\/10\/ofs_271024_8-150x200.jpeg 150w, https:\/\/franciscanos.org.br\/noticias\/wp-content\/uploads\/2024\/10\/ofs_271024_8.jpeg 810w\" sizes=\"(max-width: 338px) 100vw, 338px\" \/>\u201cA experi\u00eancia do Tempo de Forma\u00e7\u00e3o confirmou em mim a convic\u00e7\u00e3o de que o Senhor me chama a viver o Evangelho, seguindo os passos de S\u00e3o Francisco de Assis\u201d.<\/p>\n<p>A Fraternidade manifestou alegria e gratid\u00e3o ao acolher a nova professanda, que, com uma vela acesa em m\u00e3os, proferiu a f\u00f3rmula de compromisso, renovando suas promessas batismais e consagrando-se ao servi\u00e7o de Deus na vida secular, seguindo o exemplo de Francisco.<\/p>\n<p>\u201cEu, Filomena Neves de Oliveira, tendo recebido do Senhor a gra\u00e7a de professar, renovo as minhas promessas do Batismo e me consagro ao servi\u00e7o do seu Reino. Prometo, pois, viver no meu estado secular por todo o tempo de minha vida, o Evangelho de Jesus Cristo na Ordem Franciscana Secular, observando a sua Regra. A gra\u00e7a do Esp\u00edrito Santo, a intercess\u00e3o da Bem-Aventurada Virgem Maria e de S\u00e3o Francisco e a comunh\u00e3o fraterna me ajudem sempre a conseguir a perfei\u00e7\u00e3o da caridade crist\u00e3\u201d.<\/p>\n<p>Frei Augusto invocou ent\u00e3o a b\u00ean\u00e7\u00e3o de Deus sobre a professanda, enquanto os membros da fraternidade e toda comunidade presente entoaram um hino em louvor ao Esp\u00edrito Santo, selando o compromisso de Filomena com a vida evang\u00e9lica na Ordem Franciscana Secular. E em seguida, todos acolheram-se mutuamente, com a sauda\u00e7\u00e3o franciscana de Paz e Bem.<\/p>\n<p><strong>Sobre a Ordem Franciscana Secular de Colatina<\/strong><\/p>\n<p><img loading=\"lazy\" class=\"size-medium wp-image-251840 alignright\" src=\"https:\/\/franciscanos.org.br\/noticias\/wp-content\/uploads\/2024\/10\/Logo-OFS-Colatina-450x450.png\" alt=\"\" width=\"450\" height=\"450\" srcset=\"https:\/\/franciscanos.org.br\/noticias\/wp-content\/uploads\/2024\/10\/Logo-OFS-Colatina-450x450.png 450w, https:\/\/franciscanos.org.br\/noticias\/wp-content\/uploads\/2024\/10\/Logo-OFS-Colatina-1024x1024.png 1024w, https:\/\/franciscanos.org.br\/noticias\/wp-content\/uploads\/2024\/10\/Logo-OFS-Colatina-300x300.png 300w, https:\/\/franciscanos.org.br\/noticias\/wp-content\/uploads\/2024\/10\/Logo-OFS-Colatina-768x768.png 768w, https:\/\/franciscanos.org.br\/noticias\/wp-content\/uploads\/2024\/10\/Logo-OFS-Colatina-1536x1536.png 1536w, https:\/\/franciscanos.org.br\/noticias\/wp-content\/uploads\/2024\/10\/Logo-OFS-Colatina-150x150.png 150w, https:\/\/franciscanos.org.br\/noticias\/wp-content\/uploads\/2024\/10\/Logo-OFS-Colatina-100x100.png 100w, https:\/\/franciscanos.org.br\/noticias\/wp-content\/uploads\/2024\/10\/Logo-OFS-Colatina.png 1080w\" sizes=\"(max-width: 450px) 100vw, 450px\" \/>No \u00faltimo dia 15 de outubro de 2024, a Fraternidade do Sagrado Cora\u00e7\u00e3o de Jesus da Ordem Franciscana Secular (OFS) de Colatina celebrou com alegria os 19 anos de sua funda\u00e7\u00e3o e a Profiss\u00e3o Solene dos primeiros membros. Na ocasi\u00e3o, um dia marcado por profunda devo\u00e7\u00e3o e simplicidade franciscana, aconteceu a cerim\u00f4nia que deu in\u00edcio a essa caminhada fraterna.<\/p>\n<p>Os primeiros 14 membros, ap\u00f3s anos de cruz e vit\u00f3ria, desafios e alegrias, fizeram seu compromisso p\u00fablico com a voca\u00e7\u00e3o franciscana. A celebra\u00e7\u00e3o come\u00e7ou com a coroa franciscana, rezada com as Irm\u00e3s Clarissas, onde cada mist\u00e9rio foi recitado com fervor, refletindo a trajet\u00f3ria espiritual de cada um at\u00e9 aquele momento. Segundo as cr\u00f4nicas da fraternidade, a emo\u00e7\u00e3o era vis\u00edvel nos rostos dos membros, alguns com l\u00e1grimas de gratid\u00e3o, conscientes da responsabilidade que assumiam ao seguir os passos de S\u00e3o Francisco de Assis.<\/p>\n<p>A cerim\u00f4nia culminou com a Santa Missa, momento em que todos, unidos em ora\u00e7\u00e3o e a\u00e7\u00e3o de gra\u00e7as, testemunharam a ades\u00e3o dos professos \u00e0 vida franciscana. O brilho das velas, guardadas como rel\u00edquias, simbolizava a luz da f\u00e9 que iluminaria a miss\u00e3o de viver o Evangelho. Ap\u00f3s a missa, a confraterniza\u00e7\u00e3o trouxe ainda mais alegria, selando esse marco na hist\u00f3ria da fraternidade.<\/p>\n<p>Hoje, 19 anos depois, a Fraternidade do Sagrado Cora\u00e7\u00e3o de Jesus continua sua miss\u00e3o de amor, servi\u00e7o e evangeliza\u00e7\u00e3o, inspirada pela simplicidade e alegria de S\u00e3o Francisco de Assis. Lembramos com carinho os primeiros passos dessa fraternidade, que floresce em Colatina, carregando o legado de fraternidade, f\u00e9 e compromisso com o pr\u00f3ximo.<\/p>\n<hr \/>\n<p><em>PASCOM da Par\u00f3quia Santa Clara de Assis<\/em><\/p>\n\n\t\t<style type=\"text\/css\">\n\t\t\t#gallery-2 {\n\t\t\t\tmargin: auto;\n\t\t\t}\n\t\t\t#gallery-2 .gallery-item {\n\t\t\t\tfloat: left;\n\t\t\t\tmargin-top: 10px;\n\t\t\t\ttext-align: center;\n\t\t\t\twidth: 25%;\n\t\t\t}\n\t\t\t#gallery-2 img {\n\t\t\t\tborder: 2px solid #cfcfcf;\n\t\t\t}\n\t\t\t#gallery-2 .gallery-caption {\n\t\t\t\tmargin-left: 0;\n\t\t\t}\n\t\t\t\/* see gallery_shortcode() in wp-includes\/media.php *\/\n\t\t<\/style>\n\t\t<div id='gallery-2' class='gallery galleryid-251835 gallery-columns-4 gallery-size-thumbnail'><dl class='gallery-item'>\n\t\t\t<dt class='gallery-icon portrait'>\n\t\t\t\t<a href='https:\/\/franciscanos.org.br\/noticias\/wp-content\/uploads\/2024\/10\/IMG_7303-scaled.jpg'><img width=\"300\" height=\"300\" src=\"https:\/\/franciscanos.org.br\/noticias\/wp-content\/uploads\/2024\/10\/IMG_7303-300x300.jpg\" class=\"attachment-thumbnail size-thumbnail\" alt=\"\" loading=\"lazy\" srcset=\"https:\/\/franciscanos.org.br\/noticias\/wp-content\/uploads\/2024\/10\/IMG_7303-300x300.jpg 300w, https:\/\/franciscanos.org.br\/noticias\/wp-content\/uploads\/2024\/10\/IMG_7303-100x100.jpg 100w\" sizes=\"(max-width: 300px) 100vw, 300px\" \/><\/a>\n\t\t\t<\/dt><\/dl><dl class='gallery-item'>\n\t\t\t<dt class='gallery-icon portrait'>\n\t\t\t\t<a href='https:\/\/franciscanos.org.br\/noticias\/wp-content\/uploads\/2024\/10\/IMG_7306-scaled.jpg'><img width=\"300\" height=\"300\" src=\"https:\/\/franciscanos.org.br\/noticias\/wp-content\/uploads\/2024\/10\/IMG_7306-300x300.jpg\" class=\"attachment-thumbnail size-thumbnail\" alt=\"\" loading=\"lazy\" srcset=\"https:\/\/franciscanos.org.br\/noticias\/wp-content\/uploads\/2024\/10\/IMG_7306-300x300.jpg 300w, https:\/\/franciscanos.org.br\/noticias\/wp-content\/uploads\/2024\/10\/IMG_7306-100x100.jpg 100w\" sizes=\"(max-width: 300px) 100vw, 300px\" \/><\/a>\n\t\t\t<\/dt><\/dl><dl class='gallery-item'>\n\t\t\t<dt class='gallery-icon portrait'>\n\t\t\t\t<a href='https:\/\/franciscanos.org.br\/noticias\/wp-content\/uploads\/2024\/10\/IMG_7337-scaled.jpg'><img width=\"300\" height=\"300\" src=\"https:\/\/franciscanos.org.br\/noticias\/wp-content\/uploads\/2024\/10\/IMG_7337-300x300.jpg\" class=\"attachment-thumbnail size-thumbnail\" alt=\"\" loading=\"lazy\" srcset=\"https:\/\/franciscanos.org.br\/noticias\/wp-content\/uploads\/2024\/10\/IMG_7337-300x300.jpg 300w, https:\/\/franciscanos.org.br\/noticias\/wp-content\/uploads\/2024\/10\/IMG_7337-100x100.jpg 100w\" sizes=\"(max-width: 300px) 100vw, 300px\" \/><\/a>\n\t\t\t<\/dt><\/dl><dl class='gallery-item'>\n\t\t\t<dt class='gallery-icon portrait'>\n\t\t\t\t<a href='https:\/\/franciscanos.org.br\/noticias\/wp-content\/uploads\/2024\/10\/ofs_271024_2.jpeg'><img width=\"300\" height=\"300\" src=\"https:\/\/franciscanos.org.br\/noticias\/wp-content\/uploads\/2024\/10\/ofs_271024_2-300x300.jpeg\" class=\"attachment-thumbnail size-thumbnail\" alt=\"\" loading=\"lazy\" srcset=\"https:\/\/franciscanos.org.br\/noticias\/wp-content\/uploads\/2024\/10\/ofs_271024_2-300x300.jpeg 300w, https:\/\/franciscanos.org.br\/noticias\/wp-content\/uploads\/2024\/10\/ofs_271024_2-100x100.jpeg 100w\" sizes=\"(max-width: 300px) 100vw, 300px\" \/><\/a>\n\t\t\t<\/dt><\/dl><br style=\"clear: both\" \/><dl class='gallery-item'>\n\t\t\t<dt class='gallery-icon landscape'>\n\t\t\t\t<a href='https:\/\/franciscanos.org.br\/noticias\/wp-content\/uploads\/2024\/10\/ofs_271024_11.jpeg'><img width=\"300\" height=\"300\" src=\"https:\/\/franciscanos.org.br\/noticias\/wp-content\/uploads\/2024\/10\/ofs_271024_11-300x300.jpeg\" class=\"attachment-thumbnail size-thumbnail\" alt=\"\" loading=\"lazy\" srcset=\"https:\/\/franciscanos.org.br\/noticias\/wp-content\/uploads\/2024\/10\/ofs_271024_11-300x300.jpeg 300w, https:\/\/franciscanos.org.br\/noticias\/wp-content\/uploads\/2024\/10\/ofs_271024_11-100x100.jpeg 100w\" sizes=\"(max-width: 300px) 100vw, 300px\" \/><\/a>\n\t\t\t<\/dt><\/dl><dl class='gallery-item'>\n\t\t\t<dt class='gallery-icon portrait'>\n\t\t\t\t<a href='https:\/\/franciscanos.org.br\/noticias\/wp-content\/uploads\/2024\/10\/ofs_271024_12.jpeg'><img width=\"300\" height=\"300\" src=\"https:\/\/franciscanos.org.br\/noticias\/wp-content\/uploads\/2024\/10\/ofs_271024_12-300x300.jpeg\" class=\"attachment-thumbnail size-thumbnail\" alt=\"\" loading=\"lazy\" srcset=\"https:\/\/franciscanos.org.br\/noticias\/wp-content\/uploads\/2024\/10\/ofs_271024_12-300x300.jpeg 300w, https:\/\/franciscanos.org.br\/noticias\/wp-content\/uploads\/2024\/10\/ofs_271024_12-100x100.jpeg 100w\" sizes=\"(max-width: 300px) 100vw, 300px\" \/><\/a>\n\t\t\t<\/dt><\/dl><dl class='gallery-item'>\n\t\t\t<dt class='gallery-icon portrait'>\n\t\t\t\t<a href='https:\/\/franciscanos.org.br\/noticias\/wp-content\/uploads\/2024\/10\/ofs_271024_13.jpeg'><img width=\"300\" height=\"300\" src=\"https:\/\/franciscanos.org.br\/noticias\/wp-content\/uploads\/2024\/10\/ofs_271024_13-300x300.jpeg\" class=\"attachment-thumbnail size-thumbnail\" alt=\"\" loading=\"lazy\" srcset=\"https:\/\/franciscanos.org.br\/noticias\/wp-content\/uploads\/2024\/10\/ofs_271024_13-300x300.jpeg 300w, https:\/\/franciscanos.org.br\/noticias\/wp-content\/uploads\/2024\/10\/ofs_271024_13-100x100.jpeg 100w\" sizes=\"(max-width: 300px) 100vw, 300px\" \/><\/a>\n\t\t\t<\/dt><\/dl><dl class='gallery-item'>\n\t\t\t<dt class='gallery-icon portrait'>\n\t\t\t\t<a href='https:\/\/franciscanos.org.br\/noticias\/wp-content\/uploads\/2024\/10\/ofs_271024_23.jpeg'><img width=\"300\" height=\"300\" src=\"https:\/\/franciscanos.org.br\/noticias\/wp-content\/uploads\/2024\/10\/ofs_271024_23-300x300.jpeg\" class=\"attachment-thumbnail size-thumbnail\" alt=\"\" loading=\"lazy\" srcset=\"https:\/\/franciscanos.org.br\/noticias\/wp-content\/uploads\/2024\/10\/ofs_271024_23-300x300.jpeg 300w, https:\/\/franciscanos.org.br\/noticias\/wp-content\/uploads\/2024\/10\/ofs_271024_23-100x100.jpeg 100w\" sizes=\"(max-width: 300px) 100vw, 300px\" \/><\/a>\n\t\t\t<\/dt><\/dl><br style=\"clear: both\" \/>\n\t\t<\/div>\n\n<p>&nbsp;<\/p>\n","protected":false},"excerpt":{"rendered":"<p>OFS<\/p>\n","protected":false},"author":11,"featured_media":251856,"comment_status":"open","ping_status":"open","sticky":false,"template":"","format":"standard","meta":[],"categories":[1],"tags":[60,2254],"acf":[],"yoast_head":"<!-- This site is optimized with the Yoast SEO plugin v19.2 - https:\/\/yoast.com\/wordpress\/plugins\/seo\/ -->\n<title>Novos franciscanos para a Ordem Secular de Colatina - Not\u00edcias - Franciscanos<\/title>\n<meta name=\"robots\" content=\"index, follow, max-snippet:-1, max-image-preview:large, max-video-preview:-1\" \/>\n<link rel=\"canonical\" href=\"https:\/\/franciscanos.org.br\/noticias\/novos-franciscanos-para-a-ordem-secular-de-colatina.html\" \/>\n<meta property=\"og:locale\" content=\"pt_BR\" \/>\n<meta property=\"og:type\" content=\"article\" \/>\n<meta property=\"og:title\" content=\"Novos franciscanos para a Ordem Secular de Colatina - Not\u00edcias - Franciscanos\" \/>\n<meta property=\"og:description\" content=\"OFS\" \/>\n<meta property=\"og:url\" content=\"https:\/\/franciscanos.org.br\/noticias\/novos-franciscanos-para-a-ordem-secular-de-colatina.html\" \/>\n<meta property=\"og:site_name\" content=\"Not\u00edcias - Franciscanos\" \/>\n<meta property=\"article:published_time\" content=\"2024-10-29T12:18:36+00:00\" \/>\n<meta property=\"article:modified_time\" content=\"2024-10-29T12:22:03+00:00\" \/>\n<meta property=\"og:image\" content=\"https:\/\/franciscanos.org.br\/noticias\/wp-content\/uploads\/2024\/10\/CHAMADA-2-5.jpg\" \/>\n\t<meta property=\"og:image:width\" content=\"800\" \/>\n\t<meta property=\"og:image:height\" content=\"550\" \/>\n\t<meta property=\"og:image:type\" content=\"image\/jpeg\" \/>\n<meta name=\"author\" content=\"Adriana Rabelo\" \/>\n<meta name=\"twitter:card\" content=\"summary_large_image\" \/>\n<meta name=\"twitter:label1\" content=\"Escrito por\" \/>\n\t<meta name=\"twitter:data1\" content=\"Adriana Rabelo\" \/>\n\t<meta name=\"twitter:label2\" content=\"Est. tempo de leitura\" \/>\n\t<meta name=\"twitter:data2\" content=\"6 minutos\" \/>\n<script type=\"application\/ld+json\" class=\"yoast-schema-graph\">{\"@context\":\"https:\/\/schema.org\",\"@graph\":[{\"@type\":\"WebSite\",\"@id\":\"https:\/\/franciscanos.org.br\/noticias\/#website\",\"url\":\"https:\/\/franciscanos.org.br\/noticias\/\",\"name\":\"Not\u00edcias - Franciscanos\",\"description\":\"Prov\u00edncia Franciscana da Imaculada Concei\u00e7\u00e3o do Brasil - Ordem dos Frades Menores - OFM\",\"potentialAction\":[{\"@type\":\"SearchAction\",\"target\":{\"@type\":\"EntryPoint\",\"urlTemplate\":\"https:\/\/franciscanos.org.br\/noticias\/?s={search_term_string}\"},\"query-input\":\"required name=search_term_string\"}],\"inLanguage\":\"pt-BR\"},{\"@type\":\"ImageObject\",\"inLanguage\":\"pt-BR\",\"@id\":\"https:\/\/franciscanos.org.br\/noticias\/novos-franciscanos-para-a-ordem-secular-de-colatina.html#primaryimage\",\"url\":\"https:\/\/franciscanos.org.br\/noticias\/wp-content\/uploads\/2024\/10\/CHAMADA-2-5.jpg\",\"contentUrl\":\"https:\/\/franciscanos.org.br\/noticias\/wp-content\/uploads\/2024\/10\/CHAMADA-2-5.jpg\",\"width\":800,\"height\":550},{\"@type\":\"WebPage\",\"@id\":\"https:\/\/franciscanos.org.br\/noticias\/novos-franciscanos-para-a-ordem-secular-de-colatina.html#webpage\",\"url\":\"https:\/\/franciscanos.org.br\/noticias\/novos-franciscanos-para-a-ordem-secular-de-colatina.html\",\"name\":\"Novos franciscanos para a Ordem Secular de Colatina - Not\u00edcias - Franciscanos\",\"isPartOf\":{\"@id\":\"https:\/\/franciscanos.org.br\/noticias\/#website\"},\"primaryImageOfPage\":{\"@id\":\"https:\/\/franciscanos.org.br\/noticias\/novos-franciscanos-para-a-ordem-secular-de-colatina.html#primaryimage\"},\"datePublished\":\"2024-10-29T12:18:36+00:00\",\"dateModified\":\"2024-10-29T12:22:03+00:00\",\"author\":{\"@id\":\"https:\/\/franciscanos.org.br\/noticias\/#\/schema\/person\/d9422e83121c3ad3b0f423d195f5bb25\"},\"breadcrumb\":{\"@id\":\"https:\/\/franciscanos.org.br\/noticias\/novos-franciscanos-para-a-ordem-secular-de-colatina.html#breadcrumb\"},\"inLanguage\":\"pt-BR\",\"potentialAction\":[{\"@type\":\"ReadAction\",\"target\":[\"https:\/\/franciscanos.org.br\/noticias\/novos-franciscanos-para-a-ordem-secular-de-colatina.html\"]}]},{\"@type\":\"BreadcrumbList\",\"@id\":\"https:\/\/franciscanos.org.br\/noticias\/novos-franciscanos-para-a-ordem-secular-de-colatina.html#breadcrumb\",\"itemListElement\":[{\"@type\":\"ListItem\",\"position\":1,\"name\":\"Home\",\"item\":\"https:\/\/franciscanos.org.br\/noticias\"},{\"@type\":\"ListItem\",\"position\":2,\"name\":\"Novos franciscanos para a Ordem Secular de Colatina\"}]},{\"@type\":\"Person\",\"@id\":\"https:\/\/franciscanos.org.br\/noticias\/#\/schema\/person\/d9422e83121c3ad3b0f423d195f5bb25\",\"name\":\"Adriana Rabelo\",\"image\":{\"@type\":\"ImageObject\",\"inLanguage\":\"pt-BR\",\"@id\":\"https:\/\/franciscanos.org.br\/noticias\/#\/schema\/person\/image\/\",\"url\":\"https:\/\/secure.gravatar.com\/avatar\/0a937b7500cd7df77540cfb8bede877d?s=96&d=mm&r=g\",\"contentUrl\":\"https:\/\/secure.gravatar.com\/avatar\/0a937b7500cd7df77540cfb8bede877d?s=96&d=mm&r=g\",\"caption\":\"Adriana Rabelo\"},\"url\":\"https:\/\/franciscanos.org.br\/noticias\/author\/adrianarabelo\"}]}<\/script>\n<!-- \/ Yoast SEO plugin. -->","yoast_head_json":{"title":"Novos franciscanos para a Ordem Secular de Colatina - Not\u00edcias - Franciscanos","robots":{"index":"index","follow":"follow","max-snippet":"max-snippet:-1","max-image-preview":"max-image-preview:large","max-video-preview":"max-video-preview:-1"},"canonical":"https:\/\/franciscanos.org.br\/noticias\/novos-franciscanos-para-a-ordem-secular-de-colatina.html","og_locale":"pt_BR","og_type":"article","og_title":"Novos franciscanos para a Ordem Secular de Colatina - Not\u00edcias - Franciscanos","og_description":"OFS","og_url":"https:\/\/franciscanos.org.br\/noticias\/novos-franciscanos-para-a-ordem-secular-de-colatina.html","og_site_name":"Not\u00edcias - Franciscanos","article_published_time":"2024-10-29T12:18:36+00:00","article_modified_time":"2024-10-29T12:22:03+00:00","og_image":[{"width":800,"height":550,"url":"https:\/\/franciscanos.org.br\/noticias\/wp-content\/uploads\/2024\/10\/CHAMADA-2-5.jpg","type":"image\/jpeg"}],"author":"Adriana Rabelo","twitter_card":"summary_large_image","twitter_misc":{"Escrito por":"Adriana Rabelo","Est. tempo de leitura":"6 minutos"},"schema":{"@context":"https:\/\/schema.org","@graph":[{"@type":"WebSite","@id":"https:\/\/franciscanos.org.br\/noticias\/#website","url":"https:\/\/franciscanos.org.br\/noticias\/","name":"Not\u00edcias - Franciscanos","description":"Prov\u00edncia Franciscana da Imaculada Concei\u00e7\u00e3o do Brasil - Ordem dos Frades Menores - OFM","potentialAction":[{"@type":"SearchAction","target":{"@type":"EntryPoint","urlTemplate":"https:\/\/franciscanos.org.br\/noticias\/?s={search_term_string}"},"query-input":"required name=search_term_string"}],"inLanguage":"pt-BR"},{"@type":"ImageObject","inLanguage":"pt-BR","@id":"https:\/\/franciscanos.org.br\/noticias\/novos-franciscanos-para-a-ordem-secular-de-colatina.html#primaryimage","url":"https:\/\/franciscanos.org.br\/noticias\/wp-content\/uploads\/2024\/10\/CHAMADA-2-5.jpg","contentUrl":"https:\/\/franciscanos.org.br\/noticias\/wp-content\/uploads\/2024\/10\/CHAMADA-2-5.jpg","width":800,"height":550},{"@type":"WebPage","@id":"https:\/\/franciscanos.org.br\/noticias\/novos-franciscanos-para-a-ordem-secular-de-colatina.html#webpage","url":"https:\/\/franciscanos.org.br\/noticias\/novos-franciscanos-para-a-ordem-secular-de-colatina.html","name":"Novos franciscanos para a Ordem Secular de Colatina - Not\u00edcias - Franciscanos","isPartOf":{"@id":"https:\/\/franciscanos.org.br\/noticias\/#website"},"primaryImageOfPage":{"@id":"https:\/\/franciscanos.org.br\/noticias\/novos-franciscanos-para-a-ordem-secular-de-colatina.html#primaryimage"},"datePublished":"2024-10-29T12:18:36+00:00","dateModified":"2024-10-29T12:22:03+00:00","author":{"@id":"https:\/\/franciscanos.org.br\/noticias\/#\/schema\/person\/d9422e83121c3ad3b0f423d195f5bb25"},"breadcrumb":{"@id":"https:\/\/franciscanos.org.br\/noticias\/novos-franciscanos-para-a-ordem-secular-de-colatina.html#breadcrumb"},"inLanguage":"pt-BR","potentialAction":[{"@type":"ReadAction","target":["https:\/\/franciscanos.org.br\/noticias\/novos-franciscanos-para-a-ordem-secular-de-colatina.html"]}]},{"@type":"BreadcrumbList","@id":"https:\/\/franciscanos.org.br\/noticias\/novos-franciscanos-para-a-ordem-secular-de-colatina.html#breadcrumb","itemListElement":[{"@type":"ListItem","position":1,"name":"Home","item":"https:\/\/franciscanos.org.br\/noticias"},{"@type":"ListItem","position":2,"name":"Novos franciscanos para a Ordem Secular de Colatina"}]},{"@type":"Person","@id":"https:\/\/franciscanos.org.br\/noticias\/#\/schema\/person\/d9422e83121c3ad3b0f423d195f5bb25","name":"Adriana Rabelo","image":{"@type":"ImageObject","inLanguage":"pt-BR","@id":"https:\/\/franciscanos.org.br\/noticias\/#\/schema\/person\/image\/","url":"https:\/\/secure.gravatar.com\/avatar\/0a937b7500cd7df77540cfb8bede877d?s=96&d=mm&r=g","contentUrl":"https:\/\/secure.gravatar.com\/avatar\/0a937b7500cd7df77540cfb8bede877d?s=96&d=mm&r=g","caption":"Adriana Rabelo"},"url":"https:\/\/franciscanos.org.br\/noticias\/author\/adrianarabelo"}]}},"_links":{"self":[{"href":"https:\/\/franciscanos.org.br\/noticias\/wp-json\/wp\/v2\/posts\/251835"}],"collection":[{"href":"https:\/\/franciscanos.org.br\/noticias\/wp-json\/wp\/v2\/posts"}],"about":[{"href":"https:\/\/franciscanos.org.br\/noticias\/wp-json\/wp\/v2\/types\/post"}],"author":[{"embeddable":true,"href":"https:\/\/franciscanos.org.br\/noticias\/wp-json\/wp\/v2\/users\/11"}],"replies":[{"embeddable":true,"href":"https:\/\/franciscanos.org.br\/noticias\/wp-json\/wp\/v2\/comments?post=251835"}],"version-history":[{"count":4,"href":"https:\/\/franciscanos.org.br\/noticias\/wp-json\/wp\/v2\/posts\/251835\/revisions"}],"predecessor-version":[{"id":251855,"href":"https:\/\/franciscanos.org.br\/noticias\/wp-json\/wp\/v2\/posts\/251835\/revisions\/251855"}],"wp:featuredmedia":[{"embeddable":true,"href":"https:\/\/franciscanos.org.br\/noticias\/wp-json\/wp\/v2\/media\/251856"}],"wp:attachment":[{"href":"https:\/\/franciscanos.org.br\/noticias\/wp-json\/wp\/v2\/media?parent=251835"}],"wp:term":[{"taxonomy":"category","embeddable":true,"href":"https:\/\/franciscanos.org.br\/noticias\/wp-json\/wp\/v2\/categories?post=251835"},{"taxonomy":"post_tag","embeddable":true,"href":"https:\/\/franciscanos.org.br\/noticias\/wp-json\/wp\/v2\/tags?post=251835"}],"curies":[{"name":"wp","href":"https:\/\/api.w.org\/{rel}","templated":true}]}}