{"id":251812,"date":"2024-10-28T17:13:16","date_gmt":"2024-10-28T20:13:16","guid":{"rendered":"https:\/\/franciscanos.org.br\/noticias\/?p=251812"},"modified":"2024-10-28T17:21:40","modified_gmt":"2024-10-28T20:21:40","slug":"devotos-celebram-frei-galvao-em-sao-paulo","status":"publish","type":"post","link":"https:\/\/franciscanos.org.br\/noticias\/devotos-celebram-frei-galvao-em-sao-paulo.html","title":{"rendered":"Devotos celebram Frei Galv\u00e3o em S\u00e3o Paulo"},"content":{"rendered":"<p><img loading=\"lazy\" class=\"aligncenter wp-image-251813 size-full\" src=\"https:\/\/franciscanos.org.br\/noticias\/wp-content\/uploads\/2024\/10\/MATERIA-FREI-GALVAO.jpg\" alt=\"\" width=\"1280\" height=\"720\" srcset=\"https:\/\/franciscanos.org.br\/noticias\/wp-content\/uploads\/2024\/10\/MATERIA-FREI-GALVAO.jpg 1280w, https:\/\/franciscanos.org.br\/noticias\/wp-content\/uploads\/2024\/10\/MATERIA-FREI-GALVAO-450x253.jpg 450w, https:\/\/franciscanos.org.br\/noticias\/wp-content\/uploads\/2024\/10\/MATERIA-FREI-GALVAO-1024x576.jpg 1024w, https:\/\/franciscanos.org.br\/noticias\/wp-content\/uploads\/2024\/10\/MATERIA-FREI-GALVAO-768x432.jpg 768w, https:\/\/franciscanos.org.br\/noticias\/wp-content\/uploads\/2024\/10\/MATERIA-FREI-GALVAO-150x84.jpg 150w\" sizes=\"(max-width: 1280px) 100vw, 1280px\" \/><\/p>\n<p>O Mosteiro da Luz, em S\u00e3o Paulo (SP), ficou repleto de devotos de Frei Galv\u00e3o na \u00faltima sexta-feira, 25 de outubro. Desde \u00e0s 7h, homens e mulheres de diferentes localidades passaram pelo local onde hoje abriga os restos mortais do primeiro Santo brasileiro.<\/p>\n<p>Como o Mosteiro fica pr\u00f3ximo \u00e0 Esta\u00e7\u00e3o Luz do metr\u00f4, tamb\u00e9m foi comum observar a passagem de devotos que quebraram um pouco a rotina para uma parada especial no principal dia de louvor a Frei Galv\u00e3o.<\/p>\n<p>Foram 9 celebra\u00e7\u00f5es ao longo do dia, que contaram com a presen\u00e7a do Cardeal Odilo Pedro Scherer; Dom Jo\u00e3o Bosco, bispo da Diocese de Osasco e \u00a0Dom Rog\u00e9rio Augusto das Neves, bispo auxiliar da Regi\u00e3o S\u00e9, al\u00e9m de padres da Arquidiocese de S\u00e3o Paulo e frades da Prov\u00edncia Franciscana da Imaculada Concei\u00e7\u00e3o do Brasil.<\/p>\n\n\t\t<style type=\"text\/css\">\n\t\t\t#gallery-1 {\n\t\t\t\tmargin: auto;\n\t\t\t}\n\t\t\t#gallery-1 .gallery-item {\n\t\t\t\tfloat: left;\n\t\t\t\tmargin-top: 10px;\n\t\t\t\ttext-align: center;\n\t\t\t\twidth: 25%;\n\t\t\t}\n\t\t\t#gallery-1 img {\n\t\t\t\tborder: 2px solid #cfcfcf;\n\t\t\t}\n\t\t\t#gallery-1 .gallery-caption {\n\t\t\t\tmargin-left: 0;\n\t\t\t}\n\t\t\t\/* see gallery_shortcode() in wp-includes\/media.php *\/\n\t\t<\/style>\n\t\t<div id='gallery-1' class='gallery galleryid-251812 gallery-columns-4 gallery-size-thumbnail'><dl class='gallery-item'>\n\t\t\t<dt class='gallery-icon landscape'>\n\t\t\t\t<a href='https:\/\/franciscanos.org.br\/noticias\/wp-content\/uploads\/2024\/10\/WhatsApp-Image-2024-10-28-at-15.17.11-2.jpeg'><img width=\"300\" height=\"300\" src=\"https:\/\/franciscanos.org.br\/noticias\/wp-content\/uploads\/2024\/10\/WhatsApp-Image-2024-10-28-at-15.17.11-2-300x300.jpeg\" class=\"attachment-thumbnail size-thumbnail\" alt=\"\" loading=\"lazy\" srcset=\"https:\/\/franciscanos.org.br\/noticias\/wp-content\/uploads\/2024\/10\/WhatsApp-Image-2024-10-28-at-15.17.11-2-300x300.jpeg 300w, https:\/\/franciscanos.org.br\/noticias\/wp-content\/uploads\/2024\/10\/WhatsApp-Image-2024-10-28-at-15.17.11-2-100x100.jpeg 100w\" sizes=\"(max-width: 300px) 100vw, 300px\" \/><\/a>\n\t\t\t<\/dt><\/dl><dl class='gallery-item'>\n\t\t\t<dt class='gallery-icon landscape'>\n\t\t\t\t<a href='https:\/\/franciscanos.org.br\/noticias\/wp-content\/uploads\/2024\/10\/WhatsApp-Image-2024-10-28-at-15.17.11.jpeg'><img width=\"300\" height=\"300\" src=\"https:\/\/franciscanos.org.br\/noticias\/wp-content\/uploads\/2024\/10\/WhatsApp-Image-2024-10-28-at-15.17.11-300x300.jpeg\" class=\"attachment-thumbnail size-thumbnail\" alt=\"\" loading=\"lazy\" srcset=\"https:\/\/franciscanos.org.br\/noticias\/wp-content\/uploads\/2024\/10\/WhatsApp-Image-2024-10-28-at-15.17.11-300x300.jpeg 300w, https:\/\/franciscanos.org.br\/noticias\/wp-content\/uploads\/2024\/10\/WhatsApp-Image-2024-10-28-at-15.17.11-100x100.jpeg 100w\" sizes=\"(max-width: 300px) 100vw, 300px\" \/><\/a>\n\t\t\t<\/dt><\/dl><dl class='gallery-item'>\n\t\t\t<dt class='gallery-icon landscape'>\n\t\t\t\t<a href='https:\/\/franciscanos.org.br\/noticias\/wp-content\/uploads\/2024\/10\/WhatsApp-Image-2024-10-28-at-16.26.20-1.jpeg'><img width=\"300\" height=\"300\" src=\"https:\/\/franciscanos.org.br\/noticias\/wp-content\/uploads\/2024\/10\/WhatsApp-Image-2024-10-28-at-16.26.20-1-300x300.jpeg\" class=\"attachment-thumbnail size-thumbnail\" alt=\"\" loading=\"lazy\" srcset=\"https:\/\/franciscanos.org.br\/noticias\/wp-content\/uploads\/2024\/10\/WhatsApp-Image-2024-10-28-at-16.26.20-1-300x300.jpeg 300w, https:\/\/franciscanos.org.br\/noticias\/wp-content\/uploads\/2024\/10\/WhatsApp-Image-2024-10-28-at-16.26.20-1-100x100.jpeg 100w\" sizes=\"(max-width: 300px) 100vw, 300px\" \/><\/a>\n\t\t\t<\/dt><\/dl><dl class='gallery-item'>\n\t\t\t<dt class='gallery-icon landscape'>\n\t\t\t\t<a href='https:\/\/franciscanos.org.br\/noticias\/wp-content\/uploads\/2024\/10\/WhatsApp-Image-2024-10-28-at-16.28.37-1.jpeg'><img width=\"300\" height=\"300\" src=\"https:\/\/franciscanos.org.br\/noticias\/wp-content\/uploads\/2024\/10\/WhatsApp-Image-2024-10-28-at-16.28.37-1-300x300.jpeg\" class=\"attachment-thumbnail size-thumbnail\" alt=\"\" loading=\"lazy\" srcset=\"https:\/\/franciscanos.org.br\/noticias\/wp-content\/uploads\/2024\/10\/WhatsApp-Image-2024-10-28-at-16.28.37-1-300x300.jpeg 300w, https:\/\/franciscanos.org.br\/noticias\/wp-content\/uploads\/2024\/10\/WhatsApp-Image-2024-10-28-at-16.28.37-1-100x100.jpeg 100w\" sizes=\"(max-width: 300px) 100vw, 300px\" \/><\/a>\n\t\t\t<\/dt><\/dl><br style=\"clear: both\" \/>\n\t\t<\/div>\n\n<p>A celebra\u00e7\u00e3o das 16h foi presidida pelo Cardeal Odilo Pedro Scherer. \u201cPela intercess\u00e3o de Santo Antonio de Sant\u2019Anna Galv\u00e3o, queremos pedir por nossa prote\u00e7\u00e3o, por nossas fam\u00edlias, pelos pobres da nossa cidade, tamb\u00e9m pelos doentes e pessoas aflitas\u201d, afirmou o Arcebispo de S\u00e3o Paulo no come\u00e7o da missa, recordando, ainda, que o frade franciscano \u201cmarcou a nossa cidade com sua presen\u00e7a, com seus passos, de modo particular neste lugar, o Mosteiro da Luz\u201d.<\/p>\n<p><img loading=\"lazy\" class=\"size-medium wp-image-251818 alignright\" src=\"https:\/\/franciscanos.org.br\/noticias\/wp-content\/uploads\/2024\/10\/WhatsApp-Image-2024-10-28-at-16.24.58-2-450x335.jpeg\" alt=\"\" width=\"450\" height=\"335\" srcset=\"https:\/\/franciscanos.org.br\/noticias\/wp-content\/uploads\/2024\/10\/WhatsApp-Image-2024-10-28-at-16.24.58-2-450x335.jpeg 450w, https:\/\/franciscanos.org.br\/noticias\/wp-content\/uploads\/2024\/10\/WhatsApp-Image-2024-10-28-at-16.24.58-2-1024x762.jpeg 1024w, https:\/\/franciscanos.org.br\/noticias\/wp-content\/uploads\/2024\/10\/WhatsApp-Image-2024-10-28-at-16.24.58-2-768x571.jpeg 768w, https:\/\/franciscanos.org.br\/noticias\/wp-content\/uploads\/2024\/10\/WhatsApp-Image-2024-10-28-at-16.24.58-2-150x112.jpeg 150w, https:\/\/franciscanos.org.br\/noticias\/wp-content\/uploads\/2024\/10\/WhatsApp-Image-2024-10-28-at-16.24.58-2.jpeg 1344w\" sizes=\"(max-width: 450px) 100vw, 450px\" \/>Dom Odilo recordou que Santo Ant\u00f4nio de Sant\u2019Anna Galv\u00e3o deixou em S\u00e3o Paulo \u201cuma marca inconfund\u00edvel, indel\u00e9vel\u201d, e que sua canoniza\u00e7\u00e3o ocorreu na cidade, em 11 de maio de 2007, presidida pelo Papa Bento XVI.<\/p>\n<p>O Arcebispo enfatizou que o Santo teve uma vida voltada \u00e0 fraternidade e \u00e0 caridade, tendo \u201cintensa dedica\u00e7\u00e3o a Deus, a Jesus Cristo e \u00e0 Igreja; e, socialmente, grande aten\u00e7\u00e3o aos pobres, \u00e0s pessoas aflitas e doentes\u201d. Tamanha dedica\u00e7\u00e3o aos mais vulner\u00e1veis chegou a incomodar os poderosos de sua \u00e9poca que, assim, passaram a articular para que ele fosse expulso da cidade. \u201cQuiseram mand\u00e1-lo embora, mas o povo n\u00e3o deixou que ele partisse e, assim, n\u00e3o houve outra solu\u00e7\u00e3o para aqueles que tinham tomado a decis\u00e3o sen\u00e3o a de voltar atr\u00e1s, e Frei Galv\u00e3o aqui continuou\u201d, disse o Arcebispo, recordando que tamb\u00e9m Jesus Cristo foi perseguido, condenado e morto por fazer o bem.<\/p>\n<p>Nesse sentido, Dom Odilo destacou que a persegui\u00e7\u00e3o faz parte da vida dos crist\u00e3os, os quais jamais devem tem\u00ea-la. \u201cLembremos de Frei Galv\u00e3o e lembremos do que Jesus avisou: \u2018quem est\u00e1 do meu lado, que esteja pronto para sofrer persegui\u00e7\u00e3o\u2019\u201d.<\/p>\n<p>Dom Odilo comentou, ainda, que Frei Galv\u00e3o viveu a virtude da humildade, que \u00e9 recomenda a todo o crist\u00e3o. \u201cJesus diz no Evangelho, \u2018aprendei de mim que sou manso e humilde de cora\u00e7\u00e3o\u2019. Ele \u00e9 o primeiro que nos d\u00e1 o exemplo de mansid\u00e3o e humildade\u201d, comentou.<\/p>\n<p>\u201cA humildade \u00e9 uma qualidade exaltada ao longo de toda a Sagrada Escritura. \u00c9 preciso ter humildade, antes de tudo, diante de Deus\u201d, enfatizou o Arcebispo, recomendando que esta virtude tamb\u00e9m seja vivenciada por todos nos relacionamentos interpessoais.<\/p>\n<p>\u201cAprendamos estas virtudes de Frei Galv\u00e3o que est\u00e3o baseadas na Palavra de Deus e no caminho de santidade que Jesus nos indica. Deus resiste aos soberbos, mas d\u00e1 sua gra\u00e7a aos humildes. Que tamb\u00e9m n\u00f3s exercitemos a humildade e a caridade, com o cora\u00e7\u00e3o sens\u00edvel \u00e0s necessidades do pr\u00f3ximo, como fez Frei Galv\u00e3o\u201d, exortou Dom Odilo, na missa que teve entre os concelebrantes o Padre Fabiano Fel\u00edcio da Silva, maronita, com atua\u00e7\u00e3o na Catedral Nossa Senhora do L\u00edbano, no bairro da Liberdade.<\/p>\n<p>As festividades foram encerradas \u00e0s 19h, com uma prociss\u00e3o que marcou mais um dia de louvor S\u00e3o Frei Galv\u00e3o.<\/p>\n<p><strong>Convento e Santu\u00e1rio S\u00e3o Francisco de Assis<\/strong><\/p>\n<p>O dia dedicado a S\u00e3o Frei Galv\u00e3o no Convento e Santu\u00e1rio S\u00e3o Francisco de Assis, em S\u00e3o Paulo (SP), local onde o primeiro Santo brasileiro viveu por mais de 60 anos, tamb\u00e9m foi repleto de manifesta\u00e7\u00f5es de f\u00e9 dos devotos.<\/p>\n\n\t\t<style type=\"text\/css\">\n\t\t\t#gallery-2 {\n\t\t\t\tmargin: auto;\n\t\t\t}\n\t\t\t#gallery-2 .gallery-item {\n\t\t\t\tfloat: left;\n\t\t\t\tmargin-top: 10px;\n\t\t\t\ttext-align: center;\n\t\t\t\twidth: 25%;\n\t\t\t}\n\t\t\t#gallery-2 img {\n\t\t\t\tborder: 2px solid #cfcfcf;\n\t\t\t}\n\t\t\t#gallery-2 .gallery-caption {\n\t\t\t\tmargin-left: 0;\n\t\t\t}\n\t\t\t\/* see gallery_shortcode() in wp-includes\/media.php *\/\n\t\t<\/style>\n\t\t<div id='gallery-2' class='gallery galleryid-251812 gallery-columns-4 gallery-size-thumbnail'><dl class='gallery-item'>\n\t\t\t<dt class='gallery-icon landscape'>\n\t\t\t\t<a href='https:\/\/franciscanos.org.br\/noticias\/wp-content\/uploads\/2024\/10\/WhatsApp-Image-2024-10-28-at-08.52.37-2.jpeg'><img width=\"300\" height=\"300\" src=\"https:\/\/franciscanos.org.br\/noticias\/wp-content\/uploads\/2024\/10\/WhatsApp-Image-2024-10-28-at-08.52.37-2-300x300.jpeg\" class=\"attachment-thumbnail size-thumbnail\" alt=\"\" loading=\"lazy\" srcset=\"https:\/\/franciscanos.org.br\/noticias\/wp-content\/uploads\/2024\/10\/WhatsApp-Image-2024-10-28-at-08.52.37-2-300x300.jpeg 300w, https:\/\/franciscanos.org.br\/noticias\/wp-content\/uploads\/2024\/10\/WhatsApp-Image-2024-10-28-at-08.52.37-2-450x450.jpeg 450w, https:\/\/franciscanos.org.br\/noticias\/wp-content\/uploads\/2024\/10\/WhatsApp-Image-2024-10-28-at-08.52.37-2-1024x1024.jpeg 1024w, https:\/\/franciscanos.org.br\/noticias\/wp-content\/uploads\/2024\/10\/WhatsApp-Image-2024-10-28-at-08.52.37-2-768x768.jpeg 768w, https:\/\/franciscanos.org.br\/noticias\/wp-content\/uploads\/2024\/10\/WhatsApp-Image-2024-10-28-at-08.52.37-2-150x150.jpeg 150w, https:\/\/franciscanos.org.br\/noticias\/wp-content\/uploads\/2024\/10\/WhatsApp-Image-2024-10-28-at-08.52.37-2-100x100.jpeg 100w, https:\/\/franciscanos.org.br\/noticias\/wp-content\/uploads\/2024\/10\/WhatsApp-Image-2024-10-28-at-08.52.37-2.jpeg 1080w\" sizes=\"(max-width: 300px) 100vw, 300px\" \/><\/a>\n\t\t\t<\/dt><\/dl><dl class='gallery-item'>\n\t\t\t<dt class='gallery-icon landscape'>\n\t\t\t\t<a href='https:\/\/franciscanos.org.br\/noticias\/wp-content\/uploads\/2024\/10\/WhatsApp-Image-2024-10-28-at-08.52.37-1.jpeg'><img width=\"300\" height=\"300\" src=\"https:\/\/franciscanos.org.br\/noticias\/wp-content\/uploads\/2024\/10\/WhatsApp-Image-2024-10-28-at-08.52.37-1-300x300.jpeg\" class=\"attachment-thumbnail size-thumbnail\" alt=\"\" loading=\"lazy\" srcset=\"https:\/\/franciscanos.org.br\/noticias\/wp-content\/uploads\/2024\/10\/WhatsApp-Image-2024-10-28-at-08.52.37-1-300x300.jpeg 300w, https:\/\/franciscanos.org.br\/noticias\/wp-content\/uploads\/2024\/10\/WhatsApp-Image-2024-10-28-at-08.52.37-1-450x450.jpeg 450w, https:\/\/franciscanos.org.br\/noticias\/wp-content\/uploads\/2024\/10\/WhatsApp-Image-2024-10-28-at-08.52.37-1-1024x1024.jpeg 1024w, https:\/\/franciscanos.org.br\/noticias\/wp-content\/uploads\/2024\/10\/WhatsApp-Image-2024-10-28-at-08.52.37-1-768x768.jpeg 768w, https:\/\/franciscanos.org.br\/noticias\/wp-content\/uploads\/2024\/10\/WhatsApp-Image-2024-10-28-at-08.52.37-1-150x150.jpeg 150w, https:\/\/franciscanos.org.br\/noticias\/wp-content\/uploads\/2024\/10\/WhatsApp-Image-2024-10-28-at-08.52.37-1-100x100.jpeg 100w, https:\/\/franciscanos.org.br\/noticias\/wp-content\/uploads\/2024\/10\/WhatsApp-Image-2024-10-28-at-08.52.37-1.jpeg 1080w\" sizes=\"(max-width: 300px) 100vw, 300px\" \/><\/a>\n\t\t\t<\/dt><\/dl><dl class='gallery-item'>\n\t\t\t<dt class='gallery-icon landscape'>\n\t\t\t\t<a href='https:\/\/franciscanos.org.br\/noticias\/wp-content\/uploads\/2024\/10\/WhatsApp-Image-2024-10-28-at-08.52.35.jpeg'><img width=\"300\" height=\"300\" src=\"https:\/\/franciscanos.org.br\/noticias\/wp-content\/uploads\/2024\/10\/WhatsApp-Image-2024-10-28-at-08.52.35-300x300.jpeg\" class=\"attachment-thumbnail size-thumbnail\" alt=\"\" loading=\"lazy\" srcset=\"https:\/\/franciscanos.org.br\/noticias\/wp-content\/uploads\/2024\/10\/WhatsApp-Image-2024-10-28-at-08.52.35-300x300.jpeg 300w, https:\/\/franciscanos.org.br\/noticias\/wp-content\/uploads\/2024\/10\/WhatsApp-Image-2024-10-28-at-08.52.35-450x450.jpeg 450w, https:\/\/franciscanos.org.br\/noticias\/wp-content\/uploads\/2024\/10\/WhatsApp-Image-2024-10-28-at-08.52.35-1024x1024.jpeg 1024w, https:\/\/franciscanos.org.br\/noticias\/wp-content\/uploads\/2024\/10\/WhatsApp-Image-2024-10-28-at-08.52.35-768x768.jpeg 768w, https:\/\/franciscanos.org.br\/noticias\/wp-content\/uploads\/2024\/10\/WhatsApp-Image-2024-10-28-at-08.52.35-150x150.jpeg 150w, https:\/\/franciscanos.org.br\/noticias\/wp-content\/uploads\/2024\/10\/WhatsApp-Image-2024-10-28-at-08.52.35-100x100.jpeg 100w, https:\/\/franciscanos.org.br\/noticias\/wp-content\/uploads\/2024\/10\/WhatsApp-Image-2024-10-28-at-08.52.35.jpeg 1080w\" sizes=\"(max-width: 300px) 100vw, 300px\" \/><\/a>\n\t\t\t<\/dt><\/dl><dl class='gallery-item'>\n\t\t\t<dt class='gallery-icon landscape'>\n\t\t\t\t<a href='https:\/\/franciscanos.org.br\/noticias\/wp-content\/uploads\/2024\/10\/WhatsApp-Image-2024-10-28-at-08.52.36-1.jpeg'><img width=\"300\" height=\"300\" src=\"https:\/\/franciscanos.org.br\/noticias\/wp-content\/uploads\/2024\/10\/WhatsApp-Image-2024-10-28-at-08.52.36-1-300x300.jpeg\" class=\"attachment-thumbnail size-thumbnail\" alt=\"\" loading=\"lazy\" srcset=\"https:\/\/franciscanos.org.br\/noticias\/wp-content\/uploads\/2024\/10\/WhatsApp-Image-2024-10-28-at-08.52.36-1-300x300.jpeg 300w, https:\/\/franciscanos.org.br\/noticias\/wp-content\/uploads\/2024\/10\/WhatsApp-Image-2024-10-28-at-08.52.36-1-450x450.jpeg 450w, https:\/\/franciscanos.org.br\/noticias\/wp-content\/uploads\/2024\/10\/WhatsApp-Image-2024-10-28-at-08.52.36-1-1024x1024.jpeg 1024w, https:\/\/franciscanos.org.br\/noticias\/wp-content\/uploads\/2024\/10\/WhatsApp-Image-2024-10-28-at-08.52.36-1-768x768.jpeg 768w, https:\/\/franciscanos.org.br\/noticias\/wp-content\/uploads\/2024\/10\/WhatsApp-Image-2024-10-28-at-08.52.36-1-150x150.jpeg 150w, https:\/\/franciscanos.org.br\/noticias\/wp-content\/uploads\/2024\/10\/WhatsApp-Image-2024-10-28-at-08.52.36-1-100x100.jpeg 100w, https:\/\/franciscanos.org.br\/noticias\/wp-content\/uploads\/2024\/10\/WhatsApp-Image-2024-10-28-at-08.52.36-1.jpeg 1080w\" sizes=\"(max-width: 300px) 100vw, 300px\" \/><\/a>\n\t\t\t<\/dt><\/dl><br style=\"clear: both\" \/>\n\t\t<\/div>\n\n<p>Ao longo do dia, os fi\u00e9is puderam acompanhar quatro Celebra\u00e7\u00f5es Eucar\u00edsticas. Desde, desde \u00e0s 7h30, o povo compareceu ao Santu\u00e1rio para rezar e pedir intercess\u00e3o do Santo junto a Deus.<\/p>\n<p>Na celebra\u00e7\u00e3o das 10h, presidida por Frei Edvaldo Batista Soares, a pastoral das disc\u00edpulas de Frei Galv\u00e3o, que \u00e9 respons\u00e1vel pela confec\u00e7\u00e3o e distribui\u00e7\u00e3o das p\u00edlulas devocionais, recebeu mais uma participante. Ap\u00f3s um ano de prepara\u00e7\u00e3o e ora\u00e7\u00e3o, Maria Rita recebeu das m\u00e3os do frade a fita que representa as disc\u00edpulas.<\/p>\n<p>Durante todo o dia os devotos puderam se aproximar e rezar diante da rel\u00edquia do Santo que ficou exposta no altar, assim como receber a b\u00ean\u00e7\u00e3o da sa\u00fade e a p\u00edlula de Frei Galv\u00e3o.<\/p>\n<hr \/>\n<p>Adriana Rabelo e Pastoral da Comunica\u00e7\u00e3o Santu\u00e1rio S\u00e3o Francisco<\/p>\n<p>Fonte: Daniel Gomes- \u00a0https:\/\/arquisp.org.br\/<\/p>\n","protected":false},"excerpt":{"rendered":"<p>Festa de Frei Galv\u00e3o<\/p>\n","protected":false},"author":11,"featured_media":251821,"comment_status":"open","ping_status":"open","sticky":false,"template":"","format":"standard","meta":[],"categories":[1],"tags":[1923,2201,1369],"acf":[],"yoast_head":"<!-- This site is optimized with the Yoast SEO plugin v19.2 - https:\/\/yoast.com\/wordpress\/plugins\/seo\/ -->\n<title>Devotos celebram Frei Galv\u00e3o em S\u00e3o Paulo - Not\u00edcias - Franciscanos<\/title>\n<meta name=\"robots\" content=\"index, follow, max-snippet:-1, max-image-preview:large, max-video-preview:-1\" \/>\n<link rel=\"canonical\" href=\"https:\/\/franciscanos.org.br\/noticias\/devotos-celebram-frei-galvao-em-sao-paulo.html\" \/>\n<meta property=\"og:locale\" content=\"pt_BR\" \/>\n<meta property=\"og:type\" content=\"article\" \/>\n<meta property=\"og:title\" content=\"Devotos celebram Frei Galv\u00e3o em S\u00e3o Paulo - Not\u00edcias - Franciscanos\" \/>\n<meta property=\"og:description\" content=\"Festa de Frei Galv\u00e3o\" \/>\n<meta property=\"og:url\" content=\"https:\/\/franciscanos.org.br\/noticias\/devotos-celebram-frei-galvao-em-sao-paulo.html\" \/>\n<meta property=\"og:site_name\" content=\"Not\u00edcias - Franciscanos\" \/>\n<meta property=\"article:published_time\" content=\"2024-10-28T20:13:16+00:00\" \/>\n<meta property=\"article:modified_time\" content=\"2024-10-28T20:21:40+00:00\" \/>\n<meta property=\"og:image\" content=\"https:\/\/franciscanos.org.br\/noticias\/wp-content\/uploads\/2024\/10\/CHAMADA-FREI-GALVAO-SP.jpg\" \/>\n\t<meta property=\"og:image:width\" content=\"800\" \/>\n\t<meta property=\"og:image:height\" content=\"550\" \/>\n\t<meta property=\"og:image:type\" content=\"image\/jpeg\" \/>\n<meta name=\"author\" content=\"Adriana Rabelo\" \/>\n<meta name=\"twitter:card\" content=\"summary_large_image\" \/>\n<meta name=\"twitter:label1\" content=\"Escrito por\" \/>\n\t<meta name=\"twitter:data1\" content=\"Adriana Rabelo\" \/>\n\t<meta name=\"twitter:label2\" content=\"Est. tempo de leitura\" \/>\n\t<meta name=\"twitter:data2\" content=\"4 minutos\" \/>\n<script type=\"application\/ld+json\" class=\"yoast-schema-graph\">{\"@context\":\"https:\/\/schema.org\",\"@graph\":[{\"@type\":\"WebSite\",\"@id\":\"https:\/\/franciscanos.org.br\/noticias\/#website\",\"url\":\"https:\/\/franciscanos.org.br\/noticias\/\",\"name\":\"Not\u00edcias - Franciscanos\",\"description\":\"Prov\u00edncia Franciscana da Imaculada Concei\u00e7\u00e3o do Brasil - Ordem dos Frades Menores - OFM\",\"potentialAction\":[{\"@type\":\"SearchAction\",\"target\":{\"@type\":\"EntryPoint\",\"urlTemplate\":\"https:\/\/franciscanos.org.br\/noticias\/?s={search_term_string}\"},\"query-input\":\"required name=search_term_string\"}],\"inLanguage\":\"pt-BR\"},{\"@type\":\"ImageObject\",\"inLanguage\":\"pt-BR\",\"@id\":\"https:\/\/franciscanos.org.br\/noticias\/devotos-celebram-frei-galvao-em-sao-paulo.html#primaryimage\",\"url\":\"https:\/\/franciscanos.org.br\/noticias\/wp-content\/uploads\/2024\/10\/CHAMADA-FREI-GALVAO-SP.jpg\",\"contentUrl\":\"https:\/\/franciscanos.org.br\/noticias\/wp-content\/uploads\/2024\/10\/CHAMADA-FREI-GALVAO-SP.jpg\",\"width\":800,\"height\":550},{\"@type\":\"WebPage\",\"@id\":\"https:\/\/franciscanos.org.br\/noticias\/devotos-celebram-frei-galvao-em-sao-paulo.html#webpage\",\"url\":\"https:\/\/franciscanos.org.br\/noticias\/devotos-celebram-frei-galvao-em-sao-paulo.html\",\"name\":\"Devotos celebram Frei Galv\u00e3o em S\u00e3o Paulo - Not\u00edcias - Franciscanos\",\"isPartOf\":{\"@id\":\"https:\/\/franciscanos.org.br\/noticias\/#website\"},\"primaryImageOfPage\":{\"@id\":\"https:\/\/franciscanos.org.br\/noticias\/devotos-celebram-frei-galvao-em-sao-paulo.html#primaryimage\"},\"datePublished\":\"2024-10-28T20:13:16+00:00\",\"dateModified\":\"2024-10-28T20:21:40+00:00\",\"author\":{\"@id\":\"https:\/\/franciscanos.org.br\/noticias\/#\/schema\/person\/d9422e83121c3ad3b0f423d195f5bb25\"},\"breadcrumb\":{\"@id\":\"https:\/\/franciscanos.org.br\/noticias\/devotos-celebram-frei-galvao-em-sao-paulo.html#breadcrumb\"},\"inLanguage\":\"pt-BR\",\"potentialAction\":[{\"@type\":\"ReadAction\",\"target\":[\"https:\/\/franciscanos.org.br\/noticias\/devotos-celebram-frei-galvao-em-sao-paulo.html\"]}]},{\"@type\":\"BreadcrumbList\",\"@id\":\"https:\/\/franciscanos.org.br\/noticias\/devotos-celebram-frei-galvao-em-sao-paulo.html#breadcrumb\",\"itemListElement\":[{\"@type\":\"ListItem\",\"position\":1,\"name\":\"Home\",\"item\":\"https:\/\/franciscanos.org.br\/noticias\"},{\"@type\":\"ListItem\",\"position\":2,\"name\":\"Devotos celebram Frei Galv\u00e3o em S\u00e3o Paulo\"}]},{\"@type\":\"Person\",\"@id\":\"https:\/\/franciscanos.org.br\/noticias\/#\/schema\/person\/d9422e83121c3ad3b0f423d195f5bb25\",\"name\":\"Adriana Rabelo\",\"image\":{\"@type\":\"ImageObject\",\"inLanguage\":\"pt-BR\",\"@id\":\"https:\/\/franciscanos.org.br\/noticias\/#\/schema\/person\/image\/\",\"url\":\"https:\/\/secure.gravatar.com\/avatar\/0a937b7500cd7df77540cfb8bede877d?s=96&d=mm&r=g\",\"contentUrl\":\"https:\/\/secure.gravatar.com\/avatar\/0a937b7500cd7df77540cfb8bede877d?s=96&d=mm&r=g\",\"caption\":\"Adriana Rabelo\"},\"url\":\"https:\/\/franciscanos.org.br\/noticias\/author\/adrianarabelo\"}]}<\/script>\n<!-- \/ Yoast SEO plugin. -->","yoast_head_json":{"title":"Devotos celebram Frei Galv\u00e3o em S\u00e3o Paulo - Not\u00edcias - Franciscanos","robots":{"index":"index","follow":"follow","max-snippet":"max-snippet:-1","max-image-preview":"max-image-preview:large","max-video-preview":"max-video-preview:-1"},"canonical":"https:\/\/franciscanos.org.br\/noticias\/devotos-celebram-frei-galvao-em-sao-paulo.html","og_locale":"pt_BR","og_type":"article","og_title":"Devotos celebram Frei Galv\u00e3o em S\u00e3o Paulo - Not\u00edcias - Franciscanos","og_description":"Festa de Frei Galv\u00e3o","og_url":"https:\/\/franciscanos.org.br\/noticias\/devotos-celebram-frei-galvao-em-sao-paulo.html","og_site_name":"Not\u00edcias - Franciscanos","article_published_time":"2024-10-28T20:13:16+00:00","article_modified_time":"2024-10-28T20:21:40+00:00","og_image":[{"width":800,"height":550,"url":"https:\/\/franciscanos.org.br\/noticias\/wp-content\/uploads\/2024\/10\/CHAMADA-FREI-GALVAO-SP.jpg","type":"image\/jpeg"}],"author":"Adriana Rabelo","twitter_card":"summary_large_image","twitter_misc":{"Escrito por":"Adriana Rabelo","Est. tempo de leitura":"4 minutos"},"schema":{"@context":"https:\/\/schema.org","@graph":[{"@type":"WebSite","@id":"https:\/\/franciscanos.org.br\/noticias\/#website","url":"https:\/\/franciscanos.org.br\/noticias\/","name":"Not\u00edcias - Franciscanos","description":"Prov\u00edncia Franciscana da Imaculada Concei\u00e7\u00e3o do Brasil - Ordem dos Frades Menores - OFM","potentialAction":[{"@type":"SearchAction","target":{"@type":"EntryPoint","urlTemplate":"https:\/\/franciscanos.org.br\/noticias\/?s={search_term_string}"},"query-input":"required name=search_term_string"}],"inLanguage":"pt-BR"},{"@type":"ImageObject","inLanguage":"pt-BR","@id":"https:\/\/franciscanos.org.br\/noticias\/devotos-celebram-frei-galvao-em-sao-paulo.html#primaryimage","url":"https:\/\/franciscanos.org.br\/noticias\/wp-content\/uploads\/2024\/10\/CHAMADA-FREI-GALVAO-SP.jpg","contentUrl":"https:\/\/franciscanos.org.br\/noticias\/wp-content\/uploads\/2024\/10\/CHAMADA-FREI-GALVAO-SP.jpg","width":800,"height":550},{"@type":"WebPage","@id":"https:\/\/franciscanos.org.br\/noticias\/devotos-celebram-frei-galvao-em-sao-paulo.html#webpage","url":"https:\/\/franciscanos.org.br\/noticias\/devotos-celebram-frei-galvao-em-sao-paulo.html","name":"Devotos celebram Frei Galv\u00e3o em S\u00e3o Paulo - Not\u00edcias - Franciscanos","isPartOf":{"@id":"https:\/\/franciscanos.org.br\/noticias\/#website"},"primaryImageOfPage":{"@id":"https:\/\/franciscanos.org.br\/noticias\/devotos-celebram-frei-galvao-em-sao-paulo.html#primaryimage"},"datePublished":"2024-10-28T20:13:16+00:00","dateModified":"2024-10-28T20:21:40+00:00","author":{"@id":"https:\/\/franciscanos.org.br\/noticias\/#\/schema\/person\/d9422e83121c3ad3b0f423d195f5bb25"},"breadcrumb":{"@id":"https:\/\/franciscanos.org.br\/noticias\/devotos-celebram-frei-galvao-em-sao-paulo.html#breadcrumb"},"inLanguage":"pt-BR","potentialAction":[{"@type":"ReadAction","target":["https:\/\/franciscanos.org.br\/noticias\/devotos-celebram-frei-galvao-em-sao-paulo.html"]}]},{"@type":"BreadcrumbList","@id":"https:\/\/franciscanos.org.br\/noticias\/devotos-celebram-frei-galvao-em-sao-paulo.html#breadcrumb","itemListElement":[{"@type":"ListItem","position":1,"name":"Home","item":"https:\/\/franciscanos.org.br\/noticias"},{"@type":"ListItem","position":2,"name":"Devotos celebram Frei Galv\u00e3o em S\u00e3o Paulo"}]},{"@type":"Person","@id":"https:\/\/franciscanos.org.br\/noticias\/#\/schema\/person\/d9422e83121c3ad3b0f423d195f5bb25","name":"Adriana Rabelo","image":{"@type":"ImageObject","inLanguage":"pt-BR","@id":"https:\/\/franciscanos.org.br\/noticias\/#\/schema\/person\/image\/","url":"https:\/\/secure.gravatar.com\/avatar\/0a937b7500cd7df77540cfb8bede877d?s=96&d=mm&r=g","contentUrl":"https:\/\/secure.gravatar.com\/avatar\/0a937b7500cd7df77540cfb8bede877d?s=96&d=mm&r=g","caption":"Adriana Rabelo"},"url":"https:\/\/franciscanos.org.br\/noticias\/author\/adrianarabelo"}]}},"_links":{"self":[{"href":"https:\/\/franciscanos.org.br\/noticias\/wp-json\/wp\/v2\/posts\/251812"}],"collection":[{"href":"https:\/\/franciscanos.org.br\/noticias\/wp-json\/wp\/v2\/posts"}],"about":[{"href":"https:\/\/franciscanos.org.br\/noticias\/wp-json\/wp\/v2\/types\/post"}],"author":[{"embeddable":true,"href":"https:\/\/franciscanos.org.br\/noticias\/wp-json\/wp\/v2\/users\/11"}],"replies":[{"embeddable":true,"href":"https:\/\/franciscanos.org.br\/noticias\/wp-json\/wp\/v2\/comments?post=251812"}],"version-history":[{"count":4,"href":"https:\/\/franciscanos.org.br\/noticias\/wp-json\/wp\/v2\/posts\/251812\/revisions"}],"predecessor-version":[{"id":251834,"href":"https:\/\/franciscanos.org.br\/noticias\/wp-json\/wp\/v2\/posts\/251812\/revisions\/251834"}],"wp:featuredmedia":[{"embeddable":true,"href":"https:\/\/franciscanos.org.br\/noticias\/wp-json\/wp\/v2\/media\/251821"}],"wp:attachment":[{"href":"https:\/\/franciscanos.org.br\/noticias\/wp-json\/wp\/v2\/media?parent=251812"}],"wp:term":[{"taxonomy":"category","embeddable":true,"href":"https:\/\/franciscanos.org.br\/noticias\/wp-json\/wp\/v2\/categories?post=251812"},{"taxonomy":"post_tag","embeddable":true,"href":"https:\/\/franciscanos.org.br\/noticias\/wp-json\/wp\/v2\/tags?post=251812"}],"curies":[{"name":"wp","href":"https:\/\/api.w.org\/{rel}","templated":true}]}}