{"id":251788,"date":"2024-10-25T14:30:09","date_gmt":"2024-10-25T17:30:09","guid":{"rendered":"https:\/\/franciscanos.org.br\/noticias\/?p=251788"},"modified":"2024-10-25T16:18:24","modified_gmt":"2024-10-25T19:18:24","slug":"dialogo-inter-religioso-marca-o-dia-do-espirito-de-assis","status":"publish","type":"post","link":"https:\/\/franciscanos.org.br\/noticias\/dialogo-inter-religioso-marca-o-dia-do-espirito-de-assis.html","title":{"rendered":"Di\u00e1logo Inter-religioso marca o Dia do Esp\u00edrito de Assis"},"content":{"rendered":"<p><img loading=\"lazy\" class=\"aligncenter wp-image-251792 size-full\" src=\"https:\/\/franciscanos.org.br\/noticias\/wp-content\/uploads\/2024\/10\/MATERIA-SEFRAS.jpg\" alt=\"\" width=\"1280\" height=\"720\" srcset=\"https:\/\/franciscanos.org.br\/noticias\/wp-content\/uploads\/2024\/10\/MATERIA-SEFRAS.jpg 1280w, https:\/\/franciscanos.org.br\/noticias\/wp-content\/uploads\/2024\/10\/MATERIA-SEFRAS-450x253.jpg 450w, https:\/\/franciscanos.org.br\/noticias\/wp-content\/uploads\/2024\/10\/MATERIA-SEFRAS-1024x576.jpg 1024w, https:\/\/franciscanos.org.br\/noticias\/wp-content\/uploads\/2024\/10\/MATERIA-SEFRAS-768x432.jpg 768w, https:\/\/franciscanos.org.br\/noticias\/wp-content\/uploads\/2024\/10\/MATERIA-SEFRAS-150x84.jpg 150w\" sizes=\"(max-width: 1280px) 100vw, 1280px\" \/><\/p>\n<p>A celebra\u00e7\u00e3o do Dia do Esp\u00edrito de Assis \u00e9 um evento inter-religioso realizado em diversas partes do mundo. Em S\u00e3o Paulo, um dos encontros mais aguardados ocorreu nesta quinta-feira, 24, no Convento e Santu\u00e1rio S\u00e3o Francisco, na regi\u00e3o central da capital paulistana.<\/p>\n<p>O Sefras esteve presente na celebra\u00e7\u00e3o, que promoveu uma mensagem de unidade, espiritualidade e respeito \u00e0 diversidade religiosa, honrando o legado de S\u00e3o Francisco de Assis e sua mensagem de paz e fraternidade universal.<\/p>\n<p>Este evento \u00e9 um importante marco para o Sefras, que se dedica \u00e0 promo\u00e7\u00e3o de valores franciscanos de justi\u00e7a social e acolhimento. Este ano, o tema escolhido foi: \u201cOnde houver exclus\u00e3o, que eu leve acolhimento\u201d, destacando a import\u00e2ncia de enfrentar os conflitos gerados pela exclus\u00e3o social, econ\u00f4mica e pol\u00edtica.<\/p>\n<p>Para o Frei Marx Rodrigues dos Reis, Diretor Secret\u00e1rio do Sefras, que esteve presente na celebra\u00e7\u00e3o ecum\u00eanica: \u201cCelebramos o Dia do Esp\u00edrito de Assis, um dia de paz e unidade, onde diversas f\u00e9s e cren\u00e7as, l\u00edderes religiosos, popula\u00e7\u00f5es em situa\u00e7\u00e3o de rua, crian\u00e7as e adolescentes, migrantes, refugiados e tamb\u00e9m a popula\u00e7\u00e3o idosa transformaram este lugar de f\u00e9 em um verdadeiro palco de esperan\u00e7a. Foi emocionante perceber o quanto, por meio da arte e da f\u00e9, podemos construir um mundo de solidariedade e paz. O tema de hoje nos lembrou da import\u00e2ncia de levar acolhimento ao mundo dos exclu\u00eddos. Foi bonito ver que, neste altar onde celebramos o Corpo de Cristo, a popula\u00e7\u00e3o de rua p\u00f4de cantar, expressando sua voz e sua busca pela paz\u201d.<\/p>\n<p>A edi\u00e7\u00e3o deste ano contou com a participa\u00e7\u00e3o de diversos grupos atendidos pelos servi\u00e7os do Sefras, como a Casa de Clara do Bel\u00e9m, que encantou a todos com uma apresenta\u00e7\u00e3o em coral; a Casa Franciscana do Cambuci, que trouxe a m\u00fasica de paz atrav\u00e9s de instrumentos de samba; o Ch\u00e1 do Padre, que cantou e falou sobre a necessidade de paz para a popula\u00e7\u00e3o em situa\u00e7\u00e3o de rua; e as crian\u00e7as da Casa de Assis, que se apresentaram em uma dan\u00e7a especial. Essas apresenta\u00e7\u00f5es culturais enriqueceram o evento e refor\u00e7aram o valor do respeito m\u00fatuo e da empatia entre as diferentes comunidades presentes.<\/p>\n<p>Estiveram tamb\u00e9m presentes l\u00edderes religiosos de diversas tradi\u00e7\u00f5es, que responderam ao questionamento: Como podemos ser uma sociedade que acolhe e n\u00e3o exclui?<\/p>\n<p>Afonso, representante da religi\u00e3o esp\u00edrita com base nos ensinamentos de Allan Kardec, mencionou: \u201cSe abrirmos o Evangelho, iremos ver sobre ensinamentos fundamentais, como amar o pr\u00f3ximo e respeitar o pr\u00f3ximo. \u201d<\/p>\n<p>Iara, da Casa do Z\u00e9 Pilintra da Umbanda, compartilhou: \u201cEu acredito que Deus \u00e9 uma grande rede invis\u00edvel e cada um tem a sua import\u00e2ncia dentro desse segmento. Enquanto n\u00e3o houver essa rede, haver\u00e1 a diferen\u00e7a; enquanto houver a diferen\u00e7a, haver\u00e1 fome, e a gente n\u00e3o pode ter paz enquanto houver diferen\u00e7a e fome. \u201d<\/p>\n<p>O Monge Ryozan, do Zen Budismo, destacou: \u201cO nosso dever \u00e9 acolher sempre, ainda mais quando houver exclus\u00e3o. A quest\u00e3o \u00e9 como a sociedade pode colocar isso em pr\u00e1tica. A maior fraternidade que temos \u00e9 a diversidade; \u00e9 o que nos une. \u201d<\/p>\n\n\t\t<style type=\"text\/css\">\n\t\t\t#gallery-1 {\n\t\t\t\tmargin: auto;\n\t\t\t}\n\t\t\t#gallery-1 .gallery-item {\n\t\t\t\tfloat: left;\n\t\t\t\tmargin-top: 10px;\n\t\t\t\ttext-align: center;\n\t\t\t\twidth: 33%;\n\t\t\t}\n\t\t\t#gallery-1 img {\n\t\t\t\tborder: 2px solid #cfcfcf;\n\t\t\t}\n\t\t\t#gallery-1 .gallery-caption {\n\t\t\t\tmargin-left: 0;\n\t\t\t}\n\t\t\t\/* see gallery_shortcode() in wp-includes\/media.php *\/\n\t\t<\/style>\n\t\t<div id='gallery-1' class='gallery galleryid-251788 gallery-columns-3 gallery-size-thumbnail'><dl class='gallery-item'>\n\t\t\t<dt class='gallery-icon landscape'>\n\t\t\t\t<a href='https:\/\/franciscanos.org.br\/noticias\/wp-content\/uploads\/2024\/10\/SEFRAS5.webp'><img width=\"300\" height=\"300\" src=\"https:\/\/franciscanos.org.br\/noticias\/wp-content\/uploads\/2024\/10\/SEFRAS5-300x300.webp\" class=\"attachment-thumbnail size-thumbnail\" alt=\"\" loading=\"lazy\" aria-describedby=\"gallery-1-251789\" srcset=\"https:\/\/franciscanos.org.br\/noticias\/wp-content\/uploads\/2024\/10\/SEFRAS5-300x300.webp 300w, https:\/\/franciscanos.org.br\/noticias\/wp-content\/uploads\/2024\/10\/SEFRAS5-100x100.webp 100w\" sizes=\"(max-width: 300px) 100vw, 300px\" \/><\/a>\n\t\t\t<\/dt>\n\t\t\t\t<dd class='wp-caption-text gallery-caption' id='gallery-1-251789'>\n\t\t\t\tAfonso\n\t\t\t\t<\/dd><\/dl><dl class='gallery-item'>\n\t\t\t<dt class='gallery-icon landscape'>\n\t\t\t\t<a href='https:\/\/franciscanos.org.br\/noticias\/wp-content\/uploads\/2024\/10\/SEFRAS6.webp'><img width=\"300\" height=\"300\" src=\"https:\/\/franciscanos.org.br\/noticias\/wp-content\/uploads\/2024\/10\/SEFRAS6-300x300.webp\" class=\"attachment-thumbnail size-thumbnail\" alt=\"\" loading=\"lazy\" aria-describedby=\"gallery-1-251790\" srcset=\"https:\/\/franciscanos.org.br\/noticias\/wp-content\/uploads\/2024\/10\/SEFRAS6-300x300.webp 300w, https:\/\/franciscanos.org.br\/noticias\/wp-content\/uploads\/2024\/10\/SEFRAS6-100x100.webp 100w\" sizes=\"(max-width: 300px) 100vw, 300px\" \/><\/a>\n\t\t\t<\/dt>\n\t\t\t\t<dd class='wp-caption-text gallery-caption' id='gallery-1-251790'>\n\t\t\t\tIara\n\t\t\t\t<\/dd><\/dl><dl class='gallery-item'>\n\t\t\t<dt class='gallery-icon landscape'>\n\t\t\t\t<a href='https:\/\/franciscanos.org.br\/noticias\/wp-content\/uploads\/2024\/10\/SEFRAS7.webp'><img width=\"300\" height=\"300\" src=\"https:\/\/franciscanos.org.br\/noticias\/wp-content\/uploads\/2024\/10\/SEFRAS7-300x300.webp\" class=\"attachment-thumbnail size-thumbnail\" alt=\"\" loading=\"lazy\" aria-describedby=\"gallery-1-251791\" srcset=\"https:\/\/franciscanos.org.br\/noticias\/wp-content\/uploads\/2024\/10\/SEFRAS7-300x300.webp 300w, https:\/\/franciscanos.org.br\/noticias\/wp-content\/uploads\/2024\/10\/SEFRAS7-100x100.webp 100w\" sizes=\"(max-width: 300px) 100vw, 300px\" \/><\/a>\n\t\t\t<\/dt>\n\t\t\t\t<dd class='wp-caption-text gallery-caption' id='gallery-1-251791'>\n\t\t\t\tMonge Ryozan\n\t\t\t\t<\/dd><\/dl><br style=\"clear: both\" \/>\n\t\t<\/div>\n\n<p><strong>Como surgiu o \u201cDia do Esp\u00edrito de Assis\u201d<\/strong><\/p>\n<p>O Dia do Esp\u00edrito de Assis remonta a 1986, quando o Papa Jo\u00e3o Paulo II reuniu l\u00edderes de v\u00e1rias religi\u00f5es em Assis, na It\u00e1lia, para orarem pela paz mundial. Desde ent\u00e3o, essa data se tornou um s\u00edmbolo de encontro ecum\u00eanico e inter-religioso, promovendo o respeito e a conviv\u00eancia pac\u00edfica entre diferentes cren\u00e7as.<\/p>\n<p>Para al\u00e9m da celebra\u00e7\u00e3o religiosa, o Dia do Esp\u00edrito de Assis se configura como um espa\u00e7o de promo\u00e7\u00e3o de di\u00e1logo inter-religioso, onde diferentes cren\u00e7as compartilham suas vis\u00f5es de mundo, criando pontes em um contexto cada vez mais polarizado. Este encontro serve para refor\u00e7ar a import\u00e2ncia da paz e da fraternidade, conceitos centrais no ensinamento de S\u00e3o Francisco.<\/p>\n<p>A celebra\u00e7\u00e3o inter-religiosa do Dia do Esp\u00edrito de Assis refor\u00e7a o compromisso da A\u00e7\u00e3o Social Franciscana em promover a paz, o di\u00e1logo e o acolhimento, especialmente para as popula\u00e7\u00f5es mais vulner\u00e1veis. Em tempos de desafios globais e tens\u00f5es sociais, eventos como esse nos lembram da for\u00e7a da unidade e da colabora\u00e7\u00e3o entre diferentes tradi\u00e7\u00f5es religiosas em prol do bem comum.<\/p>\n<hr \/>\n<p><em>Melissa Galdino<\/em><\/p>\n\n\t\t<style type=\"text\/css\">\n\t\t\t#gallery-2 {\n\t\t\t\tmargin: auto;\n\t\t\t}\n\t\t\t#gallery-2 .gallery-item {\n\t\t\t\tfloat: left;\n\t\t\t\tmargin-top: 10px;\n\t\t\t\ttext-align: center;\n\t\t\t\twidth: 33%;\n\t\t\t}\n\t\t\t#gallery-2 img {\n\t\t\t\tborder: 2px solid #cfcfcf;\n\t\t\t}\n\t\t\t#gallery-2 .gallery-caption {\n\t\t\t\tmargin-left: 0;\n\t\t\t}\n\t\t\t\/* see gallery_shortcode() in wp-includes\/media.php *\/\n\t\t<\/style>\n\t\t<div id='gallery-2' class='gallery galleryid-251788 gallery-columns-3 gallery-size-thumbnail'><dl class='gallery-item'>\n\t\t\t<dt class='gallery-icon landscape'>\n\t\t\t\t<a href='https:\/\/franciscanos.org.br\/noticias\/wp-content\/uploads\/2024\/10\/SEFRAS-2.webp'><img width=\"300\" height=\"300\" src=\"https:\/\/franciscanos.org.br\/noticias\/wp-content\/uploads\/2024\/10\/SEFRAS-2-300x300.webp\" class=\"attachment-thumbnail size-thumbnail\" alt=\"\" loading=\"lazy\" srcset=\"https:\/\/franciscanos.org.br\/noticias\/wp-content\/uploads\/2024\/10\/SEFRAS-2-300x300.webp 300w, https:\/\/franciscanos.org.br\/noticias\/wp-content\/uploads\/2024\/10\/SEFRAS-2-100x100.webp 100w\" sizes=\"(max-width: 300px) 100vw, 300px\" \/><\/a>\n\t\t\t<\/dt><\/dl><dl class='gallery-item'>\n\t\t\t<dt class='gallery-icon landscape'>\n\t\t\t\t<a href='https:\/\/franciscanos.org.br\/noticias\/wp-content\/uploads\/2024\/10\/SEFRAS-4.webp'><img width=\"300\" height=\"300\" src=\"https:\/\/franciscanos.org.br\/noticias\/wp-content\/uploads\/2024\/10\/SEFRAS-4-300x300.webp\" class=\"attachment-thumbnail size-thumbnail\" alt=\"\" loading=\"lazy\" srcset=\"https:\/\/franciscanos.org.br\/noticias\/wp-content\/uploads\/2024\/10\/SEFRAS-4-300x300.webp 300w, https:\/\/franciscanos.org.br\/noticias\/wp-content\/uploads\/2024\/10\/SEFRAS-4-100x100.webp 100w\" sizes=\"(max-width: 300px) 100vw, 300px\" \/><\/a>\n\t\t\t<\/dt><\/dl><dl class='gallery-item'>\n\t\t\t<dt class='gallery-icon landscape'>\n\t\t\t\t<a href='https:\/\/franciscanos.org.br\/noticias\/wp-content\/uploads\/2024\/10\/SEFRAS3.webp'><img width=\"300\" height=\"300\" src=\"https:\/\/franciscanos.org.br\/noticias\/wp-content\/uploads\/2024\/10\/SEFRAS3-300x300.webp\" class=\"attachment-thumbnail size-thumbnail\" alt=\"\" loading=\"lazy\" srcset=\"https:\/\/franciscanos.org.br\/noticias\/wp-content\/uploads\/2024\/10\/SEFRAS3-300x300.webp 300w, https:\/\/franciscanos.org.br\/noticias\/wp-content\/uploads\/2024\/10\/SEFRAS3-100x100.webp 100w\" sizes=\"(max-width: 300px) 100vw, 300px\" \/><\/a>\n\t\t\t<\/dt><\/dl><br style=\"clear: both\" \/><dl class='gallery-item'>\n\t\t\t<dt class='gallery-icon landscape'>\n\t\t\t\t<a href='https:\/\/franciscanos.org.br\/noticias\/wp-content\/uploads\/2024\/10\/IMG_8830-scaled.jpg'><img width=\"300\" height=\"300\" src=\"https:\/\/franciscanos.org.br\/noticias\/wp-content\/uploads\/2024\/10\/IMG_8830-300x300.jpg\" class=\"attachment-thumbnail size-thumbnail\" alt=\"\" loading=\"lazy\" srcset=\"https:\/\/franciscanos.org.br\/noticias\/wp-content\/uploads\/2024\/10\/IMG_8830-300x300.jpg 300w, https:\/\/franciscanos.org.br\/noticias\/wp-content\/uploads\/2024\/10\/IMG_8830-100x100.jpg 100w\" sizes=\"(max-width: 300px) 100vw, 300px\" \/><\/a>\n\t\t\t<\/dt><\/dl><dl class='gallery-item'>\n\t\t\t<dt class='gallery-icon landscape'>\n\t\t\t\t<a href='https:\/\/franciscanos.org.br\/noticias\/wp-content\/uploads\/2024\/10\/IMG_8837-1-scaled.jpg'><img width=\"300\" height=\"300\" src=\"https:\/\/franciscanos.org.br\/noticias\/wp-content\/uploads\/2024\/10\/IMG_8837-1-300x300.jpg\" class=\"attachment-thumbnail size-thumbnail\" alt=\"\" loading=\"lazy\" srcset=\"https:\/\/franciscanos.org.br\/noticias\/wp-content\/uploads\/2024\/10\/IMG_8837-1-300x300.jpg 300w, https:\/\/franciscanos.org.br\/noticias\/wp-content\/uploads\/2024\/10\/IMG_8837-1-100x100.jpg 100w\" sizes=\"(max-width: 300px) 100vw, 300px\" \/><\/a>\n\t\t\t<\/dt><\/dl><dl class='gallery-item'>\n\t\t\t<dt class='gallery-icon portrait'>\n\t\t\t\t<a href='https:\/\/franciscanos.org.br\/noticias\/wp-content\/uploads\/2024\/10\/IMG_8775-scaled.jpg'><img width=\"300\" height=\"300\" src=\"https:\/\/franciscanos.org.br\/noticias\/wp-content\/uploads\/2024\/10\/IMG_8775-300x300.jpg\" class=\"attachment-thumbnail size-thumbnail\" alt=\"\" loading=\"lazy\" srcset=\"https:\/\/franciscanos.org.br\/noticias\/wp-content\/uploads\/2024\/10\/IMG_8775-300x300.jpg 300w, https:\/\/franciscanos.org.br\/noticias\/wp-content\/uploads\/2024\/10\/IMG_8775-100x100.jpg 100w\" sizes=\"(max-width: 300px) 100vw, 300px\" \/><\/a>\n\t\t\t<\/dt><\/dl><br style=\"clear: both\" \/>\n\t\t<\/div>\n\n","protected":false},"excerpt":{"rendered":"<p>Celebra\u00e7\u00e3o ecum\u00eanica pela paz e unidade<\/p>\n","protected":false},"author":11,"featured_media":251793,"comment_status":"open","ping_status":"open","sticky":false,"template":"","format":"standard","meta":[],"categories":[1],"tags":[2253,228],"acf":[],"yoast_head":"<!-- This site is optimized with the Yoast SEO plugin v19.2 - https:\/\/yoast.com\/wordpress\/plugins\/seo\/ -->\n<title>Di\u00e1logo Inter-religioso marca o Dia do Esp\u00edrito de Assis - Not\u00edcias - Franciscanos<\/title>\n<meta name=\"robots\" content=\"index, follow, max-snippet:-1, max-image-preview:large, max-video-preview:-1\" \/>\n<link rel=\"canonical\" href=\"https:\/\/franciscanos.org.br\/noticias\/dialogo-inter-religioso-marca-o-dia-do-espirito-de-assis.html\" \/>\n<meta property=\"og:locale\" content=\"pt_BR\" \/>\n<meta property=\"og:type\" content=\"article\" \/>\n<meta property=\"og:title\" content=\"Di\u00e1logo Inter-religioso marca o Dia do Esp\u00edrito de Assis - Not\u00edcias - Franciscanos\" \/>\n<meta property=\"og:description\" content=\"Celebra\u00e7\u00e3o ecum\u00eanica pela paz e unidade\" \/>\n<meta property=\"og:url\" content=\"https:\/\/franciscanos.org.br\/noticias\/dialogo-inter-religioso-marca-o-dia-do-espirito-de-assis.html\" \/>\n<meta property=\"og:site_name\" content=\"Not\u00edcias - Franciscanos\" \/>\n<meta property=\"article:published_time\" content=\"2024-10-25T17:30:09+00:00\" \/>\n<meta property=\"article:modified_time\" content=\"2024-10-25T19:18:24+00:00\" \/>\n<meta property=\"og:image\" content=\"https:\/\/franciscanos.org.br\/noticias\/wp-content\/uploads\/2024\/10\/CHAMADA-SEFRAS.jpg\" \/>\n\t<meta property=\"og:image:width\" content=\"800\" \/>\n\t<meta property=\"og:image:height\" content=\"550\" \/>\n\t<meta property=\"og:image:type\" content=\"image\/jpeg\" \/>\n<meta name=\"author\" content=\"Adriana Rabelo\" \/>\n<meta name=\"twitter:card\" content=\"summary_large_image\" \/>\n<meta name=\"twitter:label1\" content=\"Escrito por\" \/>\n\t<meta name=\"twitter:data1\" content=\"Adriana Rabelo\" \/>\n\t<meta name=\"twitter:label2\" content=\"Est. tempo de leitura\" \/>\n\t<meta name=\"twitter:data2\" content=\"4 minutos\" \/>\n<script type=\"application\/ld+json\" class=\"yoast-schema-graph\">{\"@context\":\"https:\/\/schema.org\",\"@graph\":[{\"@type\":\"WebSite\",\"@id\":\"https:\/\/franciscanos.org.br\/noticias\/#website\",\"url\":\"https:\/\/franciscanos.org.br\/noticias\/\",\"name\":\"Not\u00edcias - Franciscanos\",\"description\":\"Prov\u00edncia Franciscana da Imaculada Concei\u00e7\u00e3o do Brasil - Ordem dos Frades Menores - OFM\",\"potentialAction\":[{\"@type\":\"SearchAction\",\"target\":{\"@type\":\"EntryPoint\",\"urlTemplate\":\"https:\/\/franciscanos.org.br\/noticias\/?s={search_term_string}\"},\"query-input\":\"required name=search_term_string\"}],\"inLanguage\":\"pt-BR\"},{\"@type\":\"ImageObject\",\"inLanguage\":\"pt-BR\",\"@id\":\"https:\/\/franciscanos.org.br\/noticias\/dialogo-inter-religioso-marca-o-dia-do-espirito-de-assis.html#primaryimage\",\"url\":\"https:\/\/franciscanos.org.br\/noticias\/wp-content\/uploads\/2024\/10\/CHAMADA-SEFRAS.jpg\",\"contentUrl\":\"https:\/\/franciscanos.org.br\/noticias\/wp-content\/uploads\/2024\/10\/CHAMADA-SEFRAS.jpg\",\"width\":800,\"height\":550},{\"@type\":\"WebPage\",\"@id\":\"https:\/\/franciscanos.org.br\/noticias\/dialogo-inter-religioso-marca-o-dia-do-espirito-de-assis.html#webpage\",\"url\":\"https:\/\/franciscanos.org.br\/noticias\/dialogo-inter-religioso-marca-o-dia-do-espirito-de-assis.html\",\"name\":\"Di\u00e1logo Inter-religioso marca o Dia do Esp\u00edrito de Assis - Not\u00edcias - Franciscanos\",\"isPartOf\":{\"@id\":\"https:\/\/franciscanos.org.br\/noticias\/#website\"},\"primaryImageOfPage\":{\"@id\":\"https:\/\/franciscanos.org.br\/noticias\/dialogo-inter-religioso-marca-o-dia-do-espirito-de-assis.html#primaryimage\"},\"datePublished\":\"2024-10-25T17:30:09+00:00\",\"dateModified\":\"2024-10-25T19:18:24+00:00\",\"author\":{\"@id\":\"https:\/\/franciscanos.org.br\/noticias\/#\/schema\/person\/d9422e83121c3ad3b0f423d195f5bb25\"},\"breadcrumb\":{\"@id\":\"https:\/\/franciscanos.org.br\/noticias\/dialogo-inter-religioso-marca-o-dia-do-espirito-de-assis.html#breadcrumb\"},\"inLanguage\":\"pt-BR\",\"potentialAction\":[{\"@type\":\"ReadAction\",\"target\":[\"https:\/\/franciscanos.org.br\/noticias\/dialogo-inter-religioso-marca-o-dia-do-espirito-de-assis.html\"]}]},{\"@type\":\"BreadcrumbList\",\"@id\":\"https:\/\/franciscanos.org.br\/noticias\/dialogo-inter-religioso-marca-o-dia-do-espirito-de-assis.html#breadcrumb\",\"itemListElement\":[{\"@type\":\"ListItem\",\"position\":1,\"name\":\"Home\",\"item\":\"https:\/\/franciscanos.org.br\/noticias\"},{\"@type\":\"ListItem\",\"position\":2,\"name\":\"Di\u00e1logo Inter-religioso marca o Dia do Esp\u00edrito de Assis\"}]},{\"@type\":\"Person\",\"@id\":\"https:\/\/franciscanos.org.br\/noticias\/#\/schema\/person\/d9422e83121c3ad3b0f423d195f5bb25\",\"name\":\"Adriana Rabelo\",\"image\":{\"@type\":\"ImageObject\",\"inLanguage\":\"pt-BR\",\"@id\":\"https:\/\/franciscanos.org.br\/noticias\/#\/schema\/person\/image\/\",\"url\":\"https:\/\/secure.gravatar.com\/avatar\/0a937b7500cd7df77540cfb8bede877d?s=96&d=mm&r=g\",\"contentUrl\":\"https:\/\/secure.gravatar.com\/avatar\/0a937b7500cd7df77540cfb8bede877d?s=96&d=mm&r=g\",\"caption\":\"Adriana Rabelo\"},\"url\":\"https:\/\/franciscanos.org.br\/noticias\/author\/adrianarabelo\"}]}<\/script>\n<!-- \/ Yoast SEO plugin. -->","yoast_head_json":{"title":"Di\u00e1logo Inter-religioso marca o Dia do Esp\u00edrito de Assis - Not\u00edcias - Franciscanos","robots":{"index":"index","follow":"follow","max-snippet":"max-snippet:-1","max-image-preview":"max-image-preview:large","max-video-preview":"max-video-preview:-1"},"canonical":"https:\/\/franciscanos.org.br\/noticias\/dialogo-inter-religioso-marca-o-dia-do-espirito-de-assis.html","og_locale":"pt_BR","og_type":"article","og_title":"Di\u00e1logo Inter-religioso marca o Dia do Esp\u00edrito de Assis - Not\u00edcias - Franciscanos","og_description":"Celebra\u00e7\u00e3o ecum\u00eanica pela paz e unidade","og_url":"https:\/\/franciscanos.org.br\/noticias\/dialogo-inter-religioso-marca-o-dia-do-espirito-de-assis.html","og_site_name":"Not\u00edcias - Franciscanos","article_published_time":"2024-10-25T17:30:09+00:00","article_modified_time":"2024-10-25T19:18:24+00:00","og_image":[{"width":800,"height":550,"url":"https:\/\/franciscanos.org.br\/noticias\/wp-content\/uploads\/2024\/10\/CHAMADA-SEFRAS.jpg","type":"image\/jpeg"}],"author":"Adriana Rabelo","twitter_card":"summary_large_image","twitter_misc":{"Escrito por":"Adriana Rabelo","Est. tempo de leitura":"4 minutos"},"schema":{"@context":"https:\/\/schema.org","@graph":[{"@type":"WebSite","@id":"https:\/\/franciscanos.org.br\/noticias\/#website","url":"https:\/\/franciscanos.org.br\/noticias\/","name":"Not\u00edcias - Franciscanos","description":"Prov\u00edncia Franciscana da Imaculada Concei\u00e7\u00e3o do Brasil - Ordem dos Frades Menores - OFM","potentialAction":[{"@type":"SearchAction","target":{"@type":"EntryPoint","urlTemplate":"https:\/\/franciscanos.org.br\/noticias\/?s={search_term_string}"},"query-input":"required name=search_term_string"}],"inLanguage":"pt-BR"},{"@type":"ImageObject","inLanguage":"pt-BR","@id":"https:\/\/franciscanos.org.br\/noticias\/dialogo-inter-religioso-marca-o-dia-do-espirito-de-assis.html#primaryimage","url":"https:\/\/franciscanos.org.br\/noticias\/wp-content\/uploads\/2024\/10\/CHAMADA-SEFRAS.jpg","contentUrl":"https:\/\/franciscanos.org.br\/noticias\/wp-content\/uploads\/2024\/10\/CHAMADA-SEFRAS.jpg","width":800,"height":550},{"@type":"WebPage","@id":"https:\/\/franciscanos.org.br\/noticias\/dialogo-inter-religioso-marca-o-dia-do-espirito-de-assis.html#webpage","url":"https:\/\/franciscanos.org.br\/noticias\/dialogo-inter-religioso-marca-o-dia-do-espirito-de-assis.html","name":"Di\u00e1logo Inter-religioso marca o Dia do Esp\u00edrito de Assis - Not\u00edcias - Franciscanos","isPartOf":{"@id":"https:\/\/franciscanos.org.br\/noticias\/#website"},"primaryImageOfPage":{"@id":"https:\/\/franciscanos.org.br\/noticias\/dialogo-inter-religioso-marca-o-dia-do-espirito-de-assis.html#primaryimage"},"datePublished":"2024-10-25T17:30:09+00:00","dateModified":"2024-10-25T19:18:24+00:00","author":{"@id":"https:\/\/franciscanos.org.br\/noticias\/#\/schema\/person\/d9422e83121c3ad3b0f423d195f5bb25"},"breadcrumb":{"@id":"https:\/\/franciscanos.org.br\/noticias\/dialogo-inter-religioso-marca-o-dia-do-espirito-de-assis.html#breadcrumb"},"inLanguage":"pt-BR","potentialAction":[{"@type":"ReadAction","target":["https:\/\/franciscanos.org.br\/noticias\/dialogo-inter-religioso-marca-o-dia-do-espirito-de-assis.html"]}]},{"@type":"BreadcrumbList","@id":"https:\/\/franciscanos.org.br\/noticias\/dialogo-inter-religioso-marca-o-dia-do-espirito-de-assis.html#breadcrumb","itemListElement":[{"@type":"ListItem","position":1,"name":"Home","item":"https:\/\/franciscanos.org.br\/noticias"},{"@type":"ListItem","position":2,"name":"Di\u00e1logo Inter-religioso marca o Dia do Esp\u00edrito de Assis"}]},{"@type":"Person","@id":"https:\/\/franciscanos.org.br\/noticias\/#\/schema\/person\/d9422e83121c3ad3b0f423d195f5bb25","name":"Adriana Rabelo","image":{"@type":"ImageObject","inLanguage":"pt-BR","@id":"https:\/\/franciscanos.org.br\/noticias\/#\/schema\/person\/image\/","url":"https:\/\/secure.gravatar.com\/avatar\/0a937b7500cd7df77540cfb8bede877d?s=96&d=mm&r=g","contentUrl":"https:\/\/secure.gravatar.com\/avatar\/0a937b7500cd7df77540cfb8bede877d?s=96&d=mm&r=g","caption":"Adriana Rabelo"},"url":"https:\/\/franciscanos.org.br\/noticias\/author\/adrianarabelo"}]}},"_links":{"self":[{"href":"https:\/\/franciscanos.org.br\/noticias\/wp-json\/wp\/v2\/posts\/251788"}],"collection":[{"href":"https:\/\/franciscanos.org.br\/noticias\/wp-json\/wp\/v2\/posts"}],"about":[{"href":"https:\/\/franciscanos.org.br\/noticias\/wp-json\/wp\/v2\/types\/post"}],"author":[{"embeddable":true,"href":"https:\/\/franciscanos.org.br\/noticias\/wp-json\/wp\/v2\/users\/11"}],"replies":[{"embeddable":true,"href":"https:\/\/franciscanos.org.br\/noticias\/wp-json\/wp\/v2\/comments?post=251788"}],"version-history":[{"count":4,"href":"https:\/\/franciscanos.org.br\/noticias\/wp-json\/wp\/v2\/posts\/251788\/revisions"}],"predecessor-version":[{"id":251804,"href":"https:\/\/franciscanos.org.br\/noticias\/wp-json\/wp\/v2\/posts\/251788\/revisions\/251804"}],"wp:featuredmedia":[{"embeddable":true,"href":"https:\/\/franciscanos.org.br\/noticias\/wp-json\/wp\/v2\/media\/251793"}],"wp:attachment":[{"href":"https:\/\/franciscanos.org.br\/noticias\/wp-json\/wp\/v2\/media?parent=251788"}],"wp:term":[{"taxonomy":"category","embeddable":true,"href":"https:\/\/franciscanos.org.br\/noticias\/wp-json\/wp\/v2\/categories?post=251788"},{"taxonomy":"post_tag","embeddable":true,"href":"https:\/\/franciscanos.org.br\/noticias\/wp-json\/wp\/v2\/tags?post=251788"}],"curies":[{"name":"wp","href":"https:\/\/api.w.org\/{rel}","templated":true}]}}