{"id":251776,"date":"2024-10-25T15:19:07","date_gmt":"2024-10-25T18:19:07","guid":{"rendered":"https:\/\/franciscanos.org.br\/noticias\/?p=251776"},"modified":"2024-10-25T15:40:35","modified_gmt":"2024-10-25T18:40:35","slug":"deixe-se-carregar-por-deus-ele-esta-com-voce","status":"publish","type":"post","link":"https:\/\/franciscanos.org.br\/noticias\/deixe-se-carregar-por-deus-ele-esta-com-voce.html","title":{"rendered":"Festa de Frei Galv\u00e3o: &#8220;Deixe-se carregar por Deus, Ele est\u00e1 com voc\u00ea!&#8221;"},"content":{"rendered":"<p><img loading=\"lazy\" class=\"aligncenter wp-image-251777 size-full\" src=\"https:\/\/franciscanos.org.br\/noticias\/wp-content\/uploads\/2024\/10\/CHAMADA-MATERIA.jpg\" alt=\"\" width=\"1280\" height=\"720\" srcset=\"https:\/\/franciscanos.org.br\/noticias\/wp-content\/uploads\/2024\/10\/CHAMADA-MATERIA.jpg 1280w, https:\/\/franciscanos.org.br\/noticias\/wp-content\/uploads\/2024\/10\/CHAMADA-MATERIA-450x253.jpg 450w, https:\/\/franciscanos.org.br\/noticias\/wp-content\/uploads\/2024\/10\/CHAMADA-MATERIA-1024x576.jpg 1024w, https:\/\/franciscanos.org.br\/noticias\/wp-content\/uploads\/2024\/10\/CHAMADA-MATERIA-768x432.jpg 768w, https:\/\/franciscanos.org.br\/noticias\/wp-content\/uploads\/2024\/10\/CHAMADA-MATERIA-150x84.jpg 150w\" sizes=\"(max-width: 1280px) 100vw, 1280px\" \/><\/p>\n<p>O Santu\u00e1rio de Santo Ant\u00f4nio de Sant&#8217;Anna Galv\u00e3o, carinhosamente chamado de S\u00e3o Frei Galv\u00e3o pelos devotos, amanheceu repleto de louvores dos filhos e filhas de Deus que, nesta sexta-feira, 25 de outubro, dia do Primeiro Santo Brasileiro, chegaram de diferentes localidades para agradecer pelas gra\u00e7as alcan\u00e7adas, pela vida, pela sa\u00fade, pela fam\u00edlia e rezar por dias melhores.<\/p>\n<p>A presen\u00e7a dos fi\u00e9is no Santu\u00e1rio \u00e9 uma express\u00e3o de f\u00e9 e de gratid\u00e3o, um encontro de almas que buscam fortalecer-se no exemplo deste Santo. Celebrar com os devotos \u00e9 tamb\u00e9m uma forma de reconhecer o quanto o amor de Deus se faz presente na comunidade, nas gra\u00e7as testemunhadas e nas ora\u00e7\u00f5es.<\/p>\n<p>A Santa Missa das 9h, contou com a presen\u00e7a de diversos frades, presb\u00edteros da Arquidiocese de Aparecida, religiosos e religiosas, al\u00e9m de fi\u00e9is que est\u00e3o no Santu\u00e1rio neste dia para sentirem-se ainda mais pr\u00f3ximos de Frei Galv\u00e3o e poder expressar a sua gratid\u00e3o.\u00a0 A celebra\u00e7\u00e3o foi presidida pelo Padre Renan Rangel, Reitor do Semin\u00e1rio Bom Jesus, em Aparecida, em virtude de um problema de sa\u00fade de Dom Orlando Brades, arcebispo da Arquidiocese de Aparecida (SP).<\/p>\n<p><img loading=\"lazy\" class=\"size-medium wp-image-251780 alignright\" src=\"https:\/\/franciscanos.org.br\/noticias\/wp-content\/uploads\/2024\/10\/WhatsApp-Image-2024-10-25-at-10.57.26-2-450x299.jpeg\" alt=\"\" width=\"450\" height=\"299\" srcset=\"https:\/\/franciscanos.org.br\/noticias\/wp-content\/uploads\/2024\/10\/WhatsApp-Image-2024-10-25-at-10.57.26-2-450x299.jpeg 450w, https:\/\/franciscanos.org.br\/noticias\/wp-content\/uploads\/2024\/10\/WhatsApp-Image-2024-10-25-at-10.57.26-2-1024x681.jpeg 1024w, https:\/\/franciscanos.org.br\/noticias\/wp-content\/uploads\/2024\/10\/WhatsApp-Image-2024-10-25-at-10.57.26-2-768x511.jpeg 768w, https:\/\/franciscanos.org.br\/noticias\/wp-content\/uploads\/2024\/10\/WhatsApp-Image-2024-10-25-at-10.57.26-2-1536x1021.jpeg 1536w, https:\/\/franciscanos.org.br\/noticias\/wp-content\/uploads\/2024\/10\/WhatsApp-Image-2024-10-25-at-10.57.26-2-150x100.jpeg 150w, https:\/\/franciscanos.org.br\/noticias\/wp-content\/uploads\/2024\/10\/WhatsApp-Image-2024-10-25-at-10.57.26-2.jpeg 1600w\" sizes=\"(max-width: 450px) 100vw, 450px\" \/>A uni\u00e3o de tantas pessoas e voca\u00e7\u00f5es diferentes nos lembram do car\u00e1ter universal e inclusivo da Igreja. Independente de onde venham, todos buscam em Frei Galv\u00e3o um intercessor e em Deus um Pai misericordioso. Cada celebra\u00e7\u00e3o \u00e9 um testemunho de que o amor divino n\u00e3o tem barreiras e une a todos em f\u00e9 e esperan\u00e7a.<\/p>\n<p>&#8220;Vinde a mim v\u00f3s todos que estais cansados\u2026 Quem nesta Igreja que nos escuta n\u00e3o se sente bombardeado pelo peso da vida, pelo peso das dificuldades, do mal, da corrup\u00e7\u00e3o, da morte, das drogas, da prostitui\u00e7\u00e3o, das crises no matrim\u00f4nio, das dificuldades de pais com filhos, de filhos com os pais, do desemprego, da falta de sa\u00fade, de tanta situa\u00e7\u00e3o que nos pesa, que nos bombardeia, que nos tira a vida? Viemos a este Santu\u00e1rio como peregrinos, caminhantes, para buscar vida, para buscar esperan\u00e7a&#8221;, lembrou Padre Renan.<\/p>\n<p>Em nossa caminhada de f\u00e9, a Igreja nos acolhe e alivia os fardos que carregamos. Esta busca por esperan\u00e7a \u00e9 uma caminhada de renova\u00e7\u00e3o: reconhecer as dificuldades nos ajuda a entreg\u00e1-las a Deus, confiando que, ao lado Dele, nossos fardos se tornam mais leves e nossos caminhos mais claros.<\/p>\n<p><img loading=\"lazy\" class=\"size-medium wp-image-251781 alignleft\" src=\"https:\/\/franciscanos.org.br\/noticias\/wp-content\/uploads\/2024\/10\/WhatsApp-Image-2024-10-25-at-10.57.26-3-450x299.jpeg\" alt=\"\" width=\"450\" height=\"299\" srcset=\"https:\/\/franciscanos.org.br\/noticias\/wp-content\/uploads\/2024\/10\/WhatsApp-Image-2024-10-25-at-10.57.26-3-450x299.jpeg 450w, https:\/\/franciscanos.org.br\/noticias\/wp-content\/uploads\/2024\/10\/WhatsApp-Image-2024-10-25-at-10.57.26-3-1024x681.jpeg 1024w, https:\/\/franciscanos.org.br\/noticias\/wp-content\/uploads\/2024\/10\/WhatsApp-Image-2024-10-25-at-10.57.26-3-768x511.jpeg 768w, https:\/\/franciscanos.org.br\/noticias\/wp-content\/uploads\/2024\/10\/WhatsApp-Image-2024-10-25-at-10.57.26-3-1536x1021.jpeg 1536w, https:\/\/franciscanos.org.br\/noticias\/wp-content\/uploads\/2024\/10\/WhatsApp-Image-2024-10-25-at-10.57.26-3-150x100.jpeg 150w, https:\/\/franciscanos.org.br\/noticias\/wp-content\/uploads\/2024\/10\/WhatsApp-Image-2024-10-25-at-10.57.26-3.jpeg 1600w\" sizes=\"(max-width: 450px) 100vw, 450px\" \/>&#8220;Onde houver desespero que eu leve a esperan\u00e7a, em outras palavras, que eu seja capaz de olhar o meu irm\u00e3o, sentir o meu irm\u00e3o e ser para o meu irm\u00e3o sinal de Deus.&#8221; As palavras de S\u00e3o Francisco, recordadas pelo presidente da celebra\u00e7\u00e3o, ecoam como um chamado para cada um de n\u00f3s: onde a escurid\u00e3o tentar prevalecer, que sejamos a chama que ilumina e consola. Que possamos ver no pr\u00f3ximo um irm\u00e3o em Cristo e agir com empatia e compaix\u00e3o, sendo presen\u00e7a de Deus na vida daqueles que mais precisam.<\/p>\n<p>A morte \u00e9 uma realidade e se manifesta de tantas formas, como recordou o sacerdote: &#8220;Muitos est\u00e3o morrendo bombardeados pelo mundo, e morrem porque eu estou de bra\u00e7os cruzados. Frei Galv\u00e3o serviu, amou, fez o bem, levou esperan\u00e7a, transformou o seu tempo. Frei Galv\u00e3o nos ajude ent\u00e3o a transformarmos o nosso cora\u00e7\u00e3o, para que sejamos hoje l\u00e2mpadas, sinais, luzes de f\u00e9, de esperan\u00e7a, de amor e de vida&#8221;.<\/p>\n<p>Inspirados pelo exemplo de Frei Galv\u00e3o, somos chamados a deixar de lado a indiferen\u00e7a e nos comprometer com a transforma\u00e7\u00e3o do mundo. Ao seguir o caminho do servi\u00e7o e da caridade, permitimos que a luz de Deus brilhe atrav\u00e9s de n\u00f3s, iluminando os cantos mais escuros e oferecendo aos outros a esperan\u00e7a e a f\u00e9 que tamb\u00e9m recebemos.<\/p>\n<p>Ao longo do dia ser\u00e3o realizadas outras celebra\u00e7\u00f5es. A prociss\u00e3o ser\u00e1 \u00e0s 16h. \u00c1s 19h, haver\u00e1 a Santa Missa de encerramento.<\/p>\n<p>As festividades em louvor a Santo Ant\u00f4nio de Sant&#8217; Anna Galv\u00e3o ser\u00e3o encerradas no dia 27, com muitas celebra\u00e7\u00f5es e divers\u00e3o para o povo de Deus.<\/p>\n<hr \/>\n<p>Texto: Luiz Fernando Miguel, Adriana Rabelo\/ Fotos: Nathan.Massahiro<\/p>\n","protected":false},"excerpt":{"rendered":"<p>Festa de Frei Galv\u00e3o<\/p>\n","protected":false},"author":11,"featured_media":251782,"comment_status":"open","ping_status":"open","sticky":false,"template":"","format":"standard","meta":[],"categories":[1],"tags":[1923],"acf":[],"yoast_head":"<!-- This site is optimized with the Yoast SEO plugin v19.2 - https:\/\/yoast.com\/wordpress\/plugins\/seo\/ -->\n<title>Festa de Frei Galv\u00e3o: &quot;Deixe-se carregar por Deus, Ele est\u00e1 com voc\u00ea!&quot; - Not\u00edcias - Franciscanos<\/title>\n<meta name=\"robots\" content=\"index, follow, max-snippet:-1, max-image-preview:large, max-video-preview:-1\" \/>\n<link rel=\"canonical\" href=\"https:\/\/franciscanos.org.br\/noticias\/deixe-se-carregar-por-deus-ele-esta-com-voce.html\" \/>\n<meta property=\"og:locale\" content=\"pt_BR\" \/>\n<meta property=\"og:type\" content=\"article\" \/>\n<meta property=\"og:title\" content=\"Festa de Frei Galv\u00e3o: &quot;Deixe-se carregar por Deus, Ele est\u00e1 com voc\u00ea!&quot; - Not\u00edcias - Franciscanos\" \/>\n<meta property=\"og:description\" content=\"Festa de Frei Galv\u00e3o\" \/>\n<meta property=\"og:url\" content=\"https:\/\/franciscanos.org.br\/noticias\/deixe-se-carregar-por-deus-ele-esta-com-voce.html\" \/>\n<meta property=\"og:site_name\" content=\"Not\u00edcias - Franciscanos\" \/>\n<meta property=\"article:published_time\" content=\"2024-10-25T18:19:07+00:00\" \/>\n<meta property=\"article:modified_time\" content=\"2024-10-25T18:40:35+00:00\" \/>\n<meta property=\"og:image\" content=\"https:\/\/franciscanos.org.br\/noticias\/wp-content\/uploads\/2024\/10\/CHAMADA-2-4.jpg\" \/>\n\t<meta property=\"og:image:width\" content=\"800\" \/>\n\t<meta property=\"og:image:height\" content=\"550\" \/>\n\t<meta property=\"og:image:type\" content=\"image\/jpeg\" \/>\n<meta name=\"author\" content=\"Adriana Rabelo\" \/>\n<meta name=\"twitter:card\" content=\"summary_large_image\" \/>\n<meta name=\"twitter:label1\" content=\"Escrito por\" \/>\n\t<meta name=\"twitter:data1\" content=\"Adriana Rabelo\" \/>\n\t<meta name=\"twitter:label2\" content=\"Est. tempo de leitura\" \/>\n\t<meta name=\"twitter:data2\" content=\"4 minutos\" \/>\n<script type=\"application\/ld+json\" class=\"yoast-schema-graph\">{\"@context\":\"https:\/\/schema.org\",\"@graph\":[{\"@type\":\"WebSite\",\"@id\":\"https:\/\/franciscanos.org.br\/noticias\/#website\",\"url\":\"https:\/\/franciscanos.org.br\/noticias\/\",\"name\":\"Not\u00edcias - Franciscanos\",\"description\":\"Prov\u00edncia Franciscana da Imaculada Concei\u00e7\u00e3o do Brasil - Ordem dos Frades Menores - OFM\",\"potentialAction\":[{\"@type\":\"SearchAction\",\"target\":{\"@type\":\"EntryPoint\",\"urlTemplate\":\"https:\/\/franciscanos.org.br\/noticias\/?s={search_term_string}\"},\"query-input\":\"required name=search_term_string\"}],\"inLanguage\":\"pt-BR\"},{\"@type\":\"ImageObject\",\"inLanguage\":\"pt-BR\",\"@id\":\"https:\/\/franciscanos.org.br\/noticias\/deixe-se-carregar-por-deus-ele-esta-com-voce.html#primaryimage\",\"url\":\"https:\/\/franciscanos.org.br\/noticias\/wp-content\/uploads\/2024\/10\/CHAMADA-2-4.jpg\",\"contentUrl\":\"https:\/\/franciscanos.org.br\/noticias\/wp-content\/uploads\/2024\/10\/CHAMADA-2-4.jpg\",\"width\":800,\"height\":550},{\"@type\":\"WebPage\",\"@id\":\"https:\/\/franciscanos.org.br\/noticias\/deixe-se-carregar-por-deus-ele-esta-com-voce.html#webpage\",\"url\":\"https:\/\/franciscanos.org.br\/noticias\/deixe-se-carregar-por-deus-ele-esta-com-voce.html\",\"name\":\"Festa de Frei Galv\u00e3o: \\\"Deixe-se carregar por Deus, Ele est\u00e1 com voc\u00ea!\\\" - Not\u00edcias - Franciscanos\",\"isPartOf\":{\"@id\":\"https:\/\/franciscanos.org.br\/noticias\/#website\"},\"primaryImageOfPage\":{\"@id\":\"https:\/\/franciscanos.org.br\/noticias\/deixe-se-carregar-por-deus-ele-esta-com-voce.html#primaryimage\"},\"datePublished\":\"2024-10-25T18:19:07+00:00\",\"dateModified\":\"2024-10-25T18:40:35+00:00\",\"author\":{\"@id\":\"https:\/\/franciscanos.org.br\/noticias\/#\/schema\/person\/d9422e83121c3ad3b0f423d195f5bb25\"},\"breadcrumb\":{\"@id\":\"https:\/\/franciscanos.org.br\/noticias\/deixe-se-carregar-por-deus-ele-esta-com-voce.html#breadcrumb\"},\"inLanguage\":\"pt-BR\",\"potentialAction\":[{\"@type\":\"ReadAction\",\"target\":[\"https:\/\/franciscanos.org.br\/noticias\/deixe-se-carregar-por-deus-ele-esta-com-voce.html\"]}]},{\"@type\":\"BreadcrumbList\",\"@id\":\"https:\/\/franciscanos.org.br\/noticias\/deixe-se-carregar-por-deus-ele-esta-com-voce.html#breadcrumb\",\"itemListElement\":[{\"@type\":\"ListItem\",\"position\":1,\"name\":\"Home\",\"item\":\"https:\/\/franciscanos.org.br\/noticias\"},{\"@type\":\"ListItem\",\"position\":2,\"name\":\"Festa de Frei Galv\u00e3o: &#8220;Deixe-se carregar por Deus, Ele est\u00e1 com voc\u00ea!&#8221;\"}]},{\"@type\":\"Person\",\"@id\":\"https:\/\/franciscanos.org.br\/noticias\/#\/schema\/person\/d9422e83121c3ad3b0f423d195f5bb25\",\"name\":\"Adriana Rabelo\",\"image\":{\"@type\":\"ImageObject\",\"inLanguage\":\"pt-BR\",\"@id\":\"https:\/\/franciscanos.org.br\/noticias\/#\/schema\/person\/image\/\",\"url\":\"https:\/\/secure.gravatar.com\/avatar\/0a937b7500cd7df77540cfb8bede877d?s=96&d=mm&r=g\",\"contentUrl\":\"https:\/\/secure.gravatar.com\/avatar\/0a937b7500cd7df77540cfb8bede877d?s=96&d=mm&r=g\",\"caption\":\"Adriana Rabelo\"},\"url\":\"https:\/\/franciscanos.org.br\/noticias\/author\/adrianarabelo\"}]}<\/script>\n<!-- \/ Yoast SEO plugin. -->","yoast_head_json":{"title":"Festa de Frei Galv\u00e3o: \"Deixe-se carregar por Deus, Ele est\u00e1 com voc\u00ea!\" - Not\u00edcias - Franciscanos","robots":{"index":"index","follow":"follow","max-snippet":"max-snippet:-1","max-image-preview":"max-image-preview:large","max-video-preview":"max-video-preview:-1"},"canonical":"https:\/\/franciscanos.org.br\/noticias\/deixe-se-carregar-por-deus-ele-esta-com-voce.html","og_locale":"pt_BR","og_type":"article","og_title":"Festa de Frei Galv\u00e3o: \"Deixe-se carregar por Deus, Ele est\u00e1 com voc\u00ea!\" - Not\u00edcias - Franciscanos","og_description":"Festa de Frei Galv\u00e3o","og_url":"https:\/\/franciscanos.org.br\/noticias\/deixe-se-carregar-por-deus-ele-esta-com-voce.html","og_site_name":"Not\u00edcias - Franciscanos","article_published_time":"2024-10-25T18:19:07+00:00","article_modified_time":"2024-10-25T18:40:35+00:00","og_image":[{"width":800,"height":550,"url":"https:\/\/franciscanos.org.br\/noticias\/wp-content\/uploads\/2024\/10\/CHAMADA-2-4.jpg","type":"image\/jpeg"}],"author":"Adriana Rabelo","twitter_card":"summary_large_image","twitter_misc":{"Escrito por":"Adriana Rabelo","Est. tempo de leitura":"4 minutos"},"schema":{"@context":"https:\/\/schema.org","@graph":[{"@type":"WebSite","@id":"https:\/\/franciscanos.org.br\/noticias\/#website","url":"https:\/\/franciscanos.org.br\/noticias\/","name":"Not\u00edcias - Franciscanos","description":"Prov\u00edncia Franciscana da Imaculada Concei\u00e7\u00e3o do Brasil - Ordem dos Frades Menores - OFM","potentialAction":[{"@type":"SearchAction","target":{"@type":"EntryPoint","urlTemplate":"https:\/\/franciscanos.org.br\/noticias\/?s={search_term_string}"},"query-input":"required name=search_term_string"}],"inLanguage":"pt-BR"},{"@type":"ImageObject","inLanguage":"pt-BR","@id":"https:\/\/franciscanos.org.br\/noticias\/deixe-se-carregar-por-deus-ele-esta-com-voce.html#primaryimage","url":"https:\/\/franciscanos.org.br\/noticias\/wp-content\/uploads\/2024\/10\/CHAMADA-2-4.jpg","contentUrl":"https:\/\/franciscanos.org.br\/noticias\/wp-content\/uploads\/2024\/10\/CHAMADA-2-4.jpg","width":800,"height":550},{"@type":"WebPage","@id":"https:\/\/franciscanos.org.br\/noticias\/deixe-se-carregar-por-deus-ele-esta-com-voce.html#webpage","url":"https:\/\/franciscanos.org.br\/noticias\/deixe-se-carregar-por-deus-ele-esta-com-voce.html","name":"Festa de Frei Galv\u00e3o: \"Deixe-se carregar por Deus, Ele est\u00e1 com voc\u00ea!\" - Not\u00edcias - Franciscanos","isPartOf":{"@id":"https:\/\/franciscanos.org.br\/noticias\/#website"},"primaryImageOfPage":{"@id":"https:\/\/franciscanos.org.br\/noticias\/deixe-se-carregar-por-deus-ele-esta-com-voce.html#primaryimage"},"datePublished":"2024-10-25T18:19:07+00:00","dateModified":"2024-10-25T18:40:35+00:00","author":{"@id":"https:\/\/franciscanos.org.br\/noticias\/#\/schema\/person\/d9422e83121c3ad3b0f423d195f5bb25"},"breadcrumb":{"@id":"https:\/\/franciscanos.org.br\/noticias\/deixe-se-carregar-por-deus-ele-esta-com-voce.html#breadcrumb"},"inLanguage":"pt-BR","potentialAction":[{"@type":"ReadAction","target":["https:\/\/franciscanos.org.br\/noticias\/deixe-se-carregar-por-deus-ele-esta-com-voce.html"]}]},{"@type":"BreadcrumbList","@id":"https:\/\/franciscanos.org.br\/noticias\/deixe-se-carregar-por-deus-ele-esta-com-voce.html#breadcrumb","itemListElement":[{"@type":"ListItem","position":1,"name":"Home","item":"https:\/\/franciscanos.org.br\/noticias"},{"@type":"ListItem","position":2,"name":"Festa de Frei Galv\u00e3o: &#8220;Deixe-se carregar por Deus, Ele est\u00e1 com voc\u00ea!&#8221;"}]},{"@type":"Person","@id":"https:\/\/franciscanos.org.br\/noticias\/#\/schema\/person\/d9422e83121c3ad3b0f423d195f5bb25","name":"Adriana Rabelo","image":{"@type":"ImageObject","inLanguage":"pt-BR","@id":"https:\/\/franciscanos.org.br\/noticias\/#\/schema\/person\/image\/","url":"https:\/\/secure.gravatar.com\/avatar\/0a937b7500cd7df77540cfb8bede877d?s=96&d=mm&r=g","contentUrl":"https:\/\/secure.gravatar.com\/avatar\/0a937b7500cd7df77540cfb8bede877d?s=96&d=mm&r=g","caption":"Adriana Rabelo"},"url":"https:\/\/franciscanos.org.br\/noticias\/author\/adrianarabelo"}]}},"_links":{"self":[{"href":"https:\/\/franciscanos.org.br\/noticias\/wp-json\/wp\/v2\/posts\/251776"}],"collection":[{"href":"https:\/\/franciscanos.org.br\/noticias\/wp-json\/wp\/v2\/posts"}],"about":[{"href":"https:\/\/franciscanos.org.br\/noticias\/wp-json\/wp\/v2\/types\/post"}],"author":[{"embeddable":true,"href":"https:\/\/franciscanos.org.br\/noticias\/wp-json\/wp\/v2\/users\/11"}],"replies":[{"embeddable":true,"href":"https:\/\/franciscanos.org.br\/noticias\/wp-json\/wp\/v2\/comments?post=251776"}],"version-history":[{"count":5,"href":"https:\/\/franciscanos.org.br\/noticias\/wp-json\/wp\/v2\/posts\/251776\/revisions"}],"predecessor-version":[{"id":251787,"href":"https:\/\/franciscanos.org.br\/noticias\/wp-json\/wp\/v2\/posts\/251776\/revisions\/251787"}],"wp:featuredmedia":[{"embeddable":true,"href":"https:\/\/franciscanos.org.br\/noticias\/wp-json\/wp\/v2\/media\/251782"}],"wp:attachment":[{"href":"https:\/\/franciscanos.org.br\/noticias\/wp-json\/wp\/v2\/media?parent=251776"}],"wp:term":[{"taxonomy":"category","embeddable":true,"href":"https:\/\/franciscanos.org.br\/noticias\/wp-json\/wp\/v2\/categories?post=251776"},{"taxonomy":"post_tag","embeddable":true,"href":"https:\/\/franciscanos.org.br\/noticias\/wp-json\/wp\/v2\/tags?post=251776"}],"curies":[{"name":"wp","href":"https:\/\/api.w.org\/{rel}","templated":true}]}}