{"id":251741,"date":"2024-10-24T09:16:24","date_gmt":"2024-10-24T12:16:24","guid":{"rendered":"https:\/\/franciscanos.org.br\/noticias\/?p=251741"},"modified":"2024-10-24T15:27:55","modified_gmt":"2024-10-24T18:27:55","slug":"frei-galvao-peregrino-da-caridade-onde-houver-desespero-que-eu-leve-a-esperanca","status":"publish","type":"post","link":"https:\/\/franciscanos.org.br\/noticias\/frei-galvao-peregrino-da-caridade-onde-houver-desespero-que-eu-leve-a-esperanca.html","title":{"rendered":"&#8220;Frei Galv\u00e3o, peregrino da caridade: &#8216;Onde houver desespero, que eu leve a Esperan\u00e7a'&#8221;"},"content":{"rendered":"<p><img loading=\"lazy\" class=\"aligncenter wp-image-251743 size-full\" src=\"https:\/\/franciscanos.org.br\/noticias\/wp-content\/uploads\/2024\/10\/MATERIA-2-3.jpg\" alt=\"\" width=\"1280\" height=\"720\" srcset=\"https:\/\/franciscanos.org.br\/noticias\/wp-content\/uploads\/2024\/10\/MATERIA-2-3.jpg 1280w, https:\/\/franciscanos.org.br\/noticias\/wp-content\/uploads\/2024\/10\/MATERIA-2-3-450x253.jpg 450w, https:\/\/franciscanos.org.br\/noticias\/wp-content\/uploads\/2024\/10\/MATERIA-2-3-1024x576.jpg 1024w, https:\/\/franciscanos.org.br\/noticias\/wp-content\/uploads\/2024\/10\/MATERIA-2-3-768x432.jpg 768w, https:\/\/franciscanos.org.br\/noticias\/wp-content\/uploads\/2024\/10\/MATERIA-2-3-150x84.jpg 150w\" sizes=\"(max-width: 1280px) 100vw, 1280px\" \/><\/p>\n<p><em>Santu\u00e1rio do primeiro santo brasileiro espera receber mais 60 mil devotos durante os festejos de 2024<\/em><\/p>\n<p>Neste dia 25 de outubro a Igreja celebra a festa de Frei Galv\u00e3o, primeiro santo brasileiro. Na cidade de Guaratinguet\u00e1 (SP), onde ele nasceu, o santu\u00e1rio espera receber milhares de fi\u00e9is a partir das 6h da manh\u00e3, na primeira missa. Os frades estimam receber cerca de 60 mil devotos durante o per\u00edodo dos festejos.<\/p>\n<p>O evento \u00e9 aberto a todos que desejam fazer sua experi\u00eancia com Deus, inspirados por Frei Galv\u00e3o, filho ilustre de Guaratinguet\u00e1. A festa externa contempla todas as faixas et\u00e1rias, para as crian\u00e7as, por exemplo, h\u00e1 uma grande pra\u00e7a de brincadeiras e brinquedos. Aos adultos, a agenda cultura e gastron\u00f4mica.<\/p>\n<p>O dia de Frei Galv\u00e3o \u00e9 uma importante celebra\u00e7\u00e3o para a Igreja do Brasil, uma vez que o santo celebrado \u00e9 o primeiro a receber as honras do altar, isto \u00e9, aquele que foi reconhecido como primeiro santo brasileiro. Sua vida e exemplo \u00e9 uma mensagem que recoloca o fiel na proposta evang\u00e9lica.<\/p>\n<p>Ao celebrar Frei Galv\u00e3o \u00e9 recordado o dia dos engenheiros e arquitetos. Os que est\u00e3o envolvidos na constru\u00e7\u00e3o civil, poder\u00e3o trazer para as suas inspira\u00e7\u00f5es os ensinamentos laborais de Frei Galv\u00e3o.<\/p>\n<p>Este ano, as inspira\u00e7\u00f5es para as reflex\u00f5es tocam a tem\u00e1tica da Esperan\u00e7a. \u201cFrei Galv\u00e3o, peregrino da caridade\u201d. Com o lema: \u201cOnde houver desespero que eu leve a Esperan\u00e7a\u201d. Cada fiel, conduzido pelas prega\u00e7\u00f5es dos padres, simbologias e gestos lit\u00fargicos, s\u00e3o convidados a fortalecerem sua f\u00e9, esperan\u00e7a e caridade.<\/p>\n<p><strong>O come\u00e7o dos festejos<\/strong><\/p>\n<p><img loading=\"lazy\" class=\"aligncenter wp-image-251742 size-full\" src=\"https:\/\/franciscanos.org.br\/noticias\/wp-content\/uploads\/2024\/10\/MATERIA-17.jpg\" alt=\"\" width=\"1280\" height=\"720\" srcset=\"https:\/\/franciscanos.org.br\/noticias\/wp-content\/uploads\/2024\/10\/MATERIA-17.jpg 1280w, https:\/\/franciscanos.org.br\/noticias\/wp-content\/uploads\/2024\/10\/MATERIA-17-450x253.jpg 450w, https:\/\/franciscanos.org.br\/noticias\/wp-content\/uploads\/2024\/10\/MATERIA-17-1024x576.jpg 1024w, https:\/\/franciscanos.org.br\/noticias\/wp-content\/uploads\/2024\/10\/MATERIA-17-768x432.jpg 768w, https:\/\/franciscanos.org.br\/noticias\/wp-content\/uploads\/2024\/10\/MATERIA-17-150x84.jpg 150w\" sizes=\"(max-width: 1280px) 100vw, 1280px\" \/><\/p>\n<p>A festa de Frei Galv\u00e3o teve in\u00edcio no dia 16 de outubro. Na manh\u00e3 do dia 14 de outubro, durante a celebra\u00e7\u00e3o Eucar\u00edstica das 10h, foi realizada a b\u00ean\u00e7\u00e3o de envio dos mission\u00e1rios. Freis, irm\u00e3s e leigos levar\u00e3o mensagens de esperan\u00e7a e caridade \u00e0queles que se encontram em situa\u00e7\u00f5es de desespero. Estes mission\u00e1rios visitar\u00e3o hospitais, casas de recupera\u00e7\u00e3o, asilos, entre outros locais. As visitas mission\u00e1rias ocorrer\u00e3o do dia 15 at\u00e9 o dia 22 de outubro, sempre no hor\u00e1rio da manh\u00e3.<\/p>\n<p>Frei Galv\u00e3o, peregrino da caridade e da esperan\u00e7a, move os p\u00e9s de seus mission\u00e1rios em dire\u00e7\u00e3o \u00e0s pessoas necessitadas!<\/p>\n<p>No per\u00edodo da tarde, ap\u00f3s a missa das 15h, aconteceu a tradicional carreata pelas ruas de Guaratinguet\u00e1, acompanhada por dezenas de carros, convidando os fi\u00e9is para a festa de seu conterr\u00e2neo. Seguindo o carro de som que anunciava os dias festivos, estavam os freis em cima de um pequeno caminh\u00e3o, badalando o tradicional sino do Santu\u00e1rio e aben\u00e7oando as pessoas ao longo do percurso.<\/p>\n<p>Na s\u00e9tima celebra\u00e7\u00e3o Eucar\u00edstica do dia, foi dada a b\u00ean\u00e7\u00e3o \u00e0s centenas de volunt\u00e1rios e volunt\u00e1rias da Festa de Frei Galv\u00e3o deste ano. Para caracterizar e revestir de espiritualidade o servi\u00e7o dos volunt\u00e1rios, todos receberam um botton com o desenho de uma margarida, flores que simbolizam a esperan\u00e7a. Frei Galv\u00e3o semeou esperan\u00e7a em muitas pessoas e lugares, cultivando f\u00e9, esperan\u00e7a e caridade na seara do Senhor.<\/p>\n<p><strong>Missa de abertura<\/strong><\/p>\n<p><strong><img loading=\"lazy\" class=\"size-medium wp-image-251744 alignright\" src=\"https:\/\/franciscanos.org.br\/noticias\/wp-content\/uploads\/2024\/10\/onde-houve-um-cristao-houve-justica-e-amor-67105e512dbc2-450x336.jpg\" alt=\"\" width=\"450\" height=\"336\" srcset=\"https:\/\/franciscanos.org.br\/noticias\/wp-content\/uploads\/2024\/10\/onde-houve-um-cristao-houve-justica-e-amor-67105e512dbc2-450x336.jpg 450w, https:\/\/franciscanos.org.br\/noticias\/wp-content\/uploads\/2024\/10\/onde-houve-um-cristao-houve-justica-e-amor-67105e512dbc2-1024x766.jpg 1024w, https:\/\/franciscanos.org.br\/noticias\/wp-content\/uploads\/2024\/10\/onde-houve-um-cristao-houve-justica-e-amor-67105e512dbc2-768x574.jpg 768w, https:\/\/franciscanos.org.br\/noticias\/wp-content\/uploads\/2024\/10\/onde-houve-um-cristao-houve-justica-e-amor-67105e512dbc2-1536x1149.jpg 1536w, https:\/\/franciscanos.org.br\/noticias\/wp-content\/uploads\/2024\/10\/onde-houve-um-cristao-houve-justica-e-amor-67105e512dbc2-2048x1531.jpg 2048w, https:\/\/franciscanos.org.br\/noticias\/wp-content\/uploads\/2024\/10\/onde-houve-um-cristao-houve-justica-e-amor-67105e512dbc2-150x112.jpg 150w, https:\/\/franciscanos.org.br\/noticias\/wp-content\/uploads\/2024\/10\/onde-houve-um-cristao-houve-justica-e-amor-67105e512dbc2-scaled.jpg 1920w\" sizes=\"(max-width: 450px) 100vw, 450px\" \/>Onde houver um crist\u00e3o, haver\u00e1 justi\u00e7a e amor<\/strong><\/p>\n<p>A celebra\u00e7\u00e3o da noite do 1\u00ba dia da Novena foi marcada pela presen\u00e7a do Padre Alo\u00edsio, da Par\u00f3quia S\u00e3o Pedro, quem presidiu a Santa Missa, concelebrada pelo padre Henrique e padre Leonardo, da Par\u00f3quia S\u00e3o Roque.<\/p>\n<p>A partir do tema: \u201cA Justi\u00e7a e o amor s\u00e3o o caminho do peregrino rumo ao Reino de Deus\u201d, o celebrante iniciou sua prega\u00e7\u00e3o lembrando as doen\u00e7as do mundo, como o \u00f3dio e as guerras, e ressaltou a import\u00e2ncia de manter viva a esperan\u00e7a, pois ela \u00e9 a cura de todas as doen\u00e7as. &#8220;A esperan\u00e7a nos mant\u00eam firmes, n\u00e3o permitindo que desist\u00edssemos&#8221;, partilhou padre Alo\u00edsio.<\/p>\n<p>Ainda citando o Evangelho do dia, ele destacou a import\u00e2ncia de sempre colocar amor em tudo o que se faz, dedicando-se ao m\u00e1ximo e por inteiro. Ele lembrou que Frei Galv\u00e3o foi um intensificador, que fazia tudo com amor, dando sentido e sabor \u00e0s a\u00e7\u00f5es, assim como o sal, parafraseando as palavras da B\u00edblia: \u201cV\u00f3s sois o sal da terra\u201d. O gesto concreto do dia foi a entrega de feij\u00e3o pelos devotos.<\/p>\n<p><strong>2\u00ba dia<\/strong><\/p>\n<p><strong>O Perd\u00e3o \u00e9 o Caminho para a Liberdade<\/strong><\/p>\n<p><img loading=\"lazy\" class=\"size-medium wp-image-251745 alignleft\" src=\"https:\/\/franciscanos.org.br\/noticias\/wp-content\/uploads\/2024\/10\/2o-DIA-450x300.jpeg\" alt=\"\" width=\"450\" height=\"300\" srcset=\"https:\/\/franciscanos.org.br\/noticias\/wp-content\/uploads\/2024\/10\/2o-DIA-450x300.jpeg 450w, https:\/\/franciscanos.org.br\/noticias\/wp-content\/uploads\/2024\/10\/2o-DIA-1024x682.jpeg 1024w, https:\/\/franciscanos.org.br\/noticias\/wp-content\/uploads\/2024\/10\/2o-DIA-768x512.jpeg 768w, https:\/\/franciscanos.org.br\/noticias\/wp-content\/uploads\/2024\/10\/2o-DIA-1536x1024.jpeg 1536w, https:\/\/franciscanos.org.br\/noticias\/wp-content\/uploads\/2024\/10\/2o-DIA-2048x1365.jpeg 2048w, https:\/\/franciscanos.org.br\/noticias\/wp-content\/uploads\/2024\/10\/2o-DIA-150x100.jpeg 150w, https:\/\/franciscanos.org.br\/noticias\/wp-content\/uploads\/2024\/10\/2o-DIA-scaled.jpeg 1920w\" sizes=\"(max-width: 450px) 100vw, 450px\" \/>A celebra\u00e7\u00e3o do 2\u00ba dia da Novena em prepara\u00e7\u00e3o \u00e0 festa em louvor ao primeiro santo brasileiro foi presidida pelo Padre Leo, da Par\u00f3quia Nossa Senhora da Gl\u00f3ria, em Guaratinguet\u00e1. O gesto concreto da celebra\u00e7\u00e3o foi a oferta de arroz.<\/p>\n<p>O celebrante iniciou sua reflex\u00e3o lembrando que estamos de passagem pela vida. Segundo ele, para alcan\u00e7armos a eternidade, \u00e9 fundamental superarmos a apar\u00eancia do rito e da superficialidade, tornando-nos crist\u00e3os na ess\u00eancia do que Jesus espera de n\u00f3s, por meio de uma verdadeira mudan\u00e7a de mentalidade e atitudes.<\/p>\n<p>Citando o tema da noite, \u201cO Perd\u00e3o \u00e9 o Caminho do Peregrino rumo \u00e0 Liberdade\u201d, Padre Leo enfatizou a import\u00e2ncia de reconhecermos nosso papel como peregrinos. Somente assim a palavra de Deus poder\u00e1 nos transformar e libertar, para que possamos levar esperan\u00e7a a todos os cora\u00e7\u00f5es, encontrando a verdadeira ess\u00eancia do amor.<\/p>\n<p>Que Santo Ant\u00f4nio de Sant\u2019Anna Galv\u00e3o nos inspire a ser bons disc\u00edpulos, grandes aprendizes de Jesus e praticantes de seus ensinamentos. Que possamos sempre escolher o caminho da eternidade e da liberdade, que \u00e9 Jesus.<\/p>\n<p><strong>3\u00ba Dia<\/strong><\/p>\n<p><strong>A paz \u00e9 o an\u00fancio do peregrino na miss\u00e3o de evangelizar<\/strong><\/p>\n<p>O terceiro dia da novena foi marcado pelo tema: \u201c A paz \u00e9 o an\u00fancio do peregrino na miss\u00e3o de evangelizar\u201d.<\/p>\n<p>A celebra\u00e7\u00e3o das 15h, foi presidida pelo Padre Eduardo Catalfo, Reitor do Santu\u00e1rio Nacional de Nossa Senhora Aparecida. E \u00e0s 19h30, a Santa Missa da novena foi conduzida pelo Padre Fernando Sampaio, Reitor do Santu\u00e1rio S\u00e3o Miguem Arcanjo, de Piquete (SP).<\/p>\n<p><strong>4\u00ba dia<\/strong><\/p>\n<p><strong>O Esp\u00edrito Santo acompanha o peregrino<\/strong><\/p>\n<p>O Esp\u00edrito Santo age no cora\u00e7\u00e3o do fiel, fortalecendo-o nas adversidades e inspirando-o a seguir em frente com coragem e esperan\u00e7a.<\/p>\n<p>Frei Galv\u00e3o buscava sempre levar o Evangelho ao pr\u00f3ximo por meio da sua peregrina\u00e7\u00e3o. Onde somos chamados a percorrer somos chamados a produzir frutos em n\u00f3s para aqueles que querem viver a santidade. No Evangelho nos mostra Cristo que peregrina em sua cidade ao caminho do calv\u00e1rio peregrina com amor contribuindo o c\u00e9u para n\u00f3s.<\/p>\n<p>Foi segundo essa reflex\u00e3o que Frei Cl\u00e1udio C\u00e9sar Broca, do Convento Santo Ant\u00f4nio, do Rio de Janeiro (RJ), conduziu a novena das 15h. Seguindo os mesmos passos, o C\u00f4nego Marcos, Reitor do Santu\u00e1rio Nh\u00e1 Chica, de Baependi (MG), presidiu a celebra\u00e7\u00e3o da novena das 19h.<\/p>\n<p>O Esp\u00edrito Santo \u00e9 o guia invis\u00edvel que acompanha todo peregrino em sua jornada de f\u00e9. Assim como o vento que sopra e direciona o caminho, Ele age no cora\u00e7\u00e3o do fiel, fortalecendo-o nas adversidades e inspirando-o a seguir em frente com coragem e esperan\u00e7a. No percurso da vida, o peregrino encontra desafios e incertezas, mas \u00e9 pela a\u00e7\u00e3o do Esp\u00edrito que ele recebe discernimento, sabedoria e for\u00e7a. A presen\u00e7a do Esp\u00edrito Santo \u00e9 constante, iluminando a mente e o cora\u00e7\u00e3o para que o viajante espiritual n\u00e3o se desvie da verdade e da vontade de Deus. Em cada passo, o Esp\u00edrito Santo \u00e9 o consolo e a for\u00e7a que sustenta o peregrino rumo \u00e0 sua meta final: a uni\u00e3o plena com Deus.<\/p>\n<p><strong>5\u00ba dia<\/strong><\/p>\n<p><strong>A humildade \u00e9 o verdadeiro lugar do peregrino<\/strong><\/p>\n<p>Viver com mais humildade no nosso dia a dia, reconhecer nossos limites, enfrentar as adversidades e nos dispor a servir ao pr\u00f3ximo com amor e dedica\u00e7\u00e3o.<\/p>\n<p>Reconhecer a pr\u00f3pria fragilidade e a necessidade de Deus. A humildade, no contexto espiritual, abre espa\u00e7o para que o Senhor conduza a jornada de cada um de n\u00f3s por este mundo. O peregrino humilde n\u00e3o se vangloria de suas conquistas, n\u00e3o busca destaque; ele simplesmente confia na provid\u00eancia divina e se deixa guiar por ela.<\/p>\n<p><img loading=\"lazy\" class=\"size-medium wp-image-251747 alignleft\" src=\"https:\/\/franciscanos.org.br\/noticias\/wp-content\/uploads\/2024\/10\/a-humildade-como-meio-de-transformacao-interior-67165bc5d22a1-450x338.jpeg\" alt=\"\" width=\"450\" height=\"338\" srcset=\"https:\/\/franciscanos.org.br\/noticias\/wp-content\/uploads\/2024\/10\/a-humildade-como-meio-de-transformacao-interior-67165bc5d22a1-450x338.jpeg 450w, https:\/\/franciscanos.org.br\/noticias\/wp-content\/uploads\/2024\/10\/a-humildade-como-meio-de-transformacao-interior-67165bc5d22a1-1024x768.jpeg 1024w, https:\/\/franciscanos.org.br\/noticias\/wp-content\/uploads\/2024\/10\/a-humildade-como-meio-de-transformacao-interior-67165bc5d22a1-768x576.jpeg 768w, https:\/\/franciscanos.org.br\/noticias\/wp-content\/uploads\/2024\/10\/a-humildade-como-meio-de-transformacao-interior-67165bc5d22a1-1536x1152.jpeg 1536w, https:\/\/franciscanos.org.br\/noticias\/wp-content\/uploads\/2024\/10\/a-humildade-como-meio-de-transformacao-interior-67165bc5d22a1-2048x1536.jpeg 2048w, https:\/\/franciscanos.org.br\/noticias\/wp-content\/uploads\/2024\/10\/a-humildade-como-meio-de-transformacao-interior-67165bc5d22a1-150x113.jpeg 150w, https:\/\/franciscanos.org.br\/noticias\/wp-content\/uploads\/2024\/10\/a-humildade-como-meio-de-transformacao-interior-67165bc5d22a1-600x450.jpeg 600w, https:\/\/franciscanos.org.br\/noticias\/wp-content\/uploads\/2024\/10\/a-humildade-como-meio-de-transformacao-interior-67165bc5d22a1-scaled.jpeg 1920w\" sizes=\"(max-width: 450px) 100vw, 450px\" \/>Na condi\u00e7\u00e3o de peregrino, o caminho a percorrer em dire\u00e7\u00e3o \u00e0 salva\u00e7\u00e3o n\u00e3o \u00e9 apenas f\u00edsico, mas, sobretudo, de transforma\u00e7\u00e3o interior. Na novena preparat\u00f3ria para a festa de Frei Galv\u00e3o, durante a missa das 19h30, o Padre Paulinho, ordenado sacerdote h\u00e1 cinco meses, convidou os fi\u00e9is a se tornarem pequenos, a partir do tema &#8220;A humildade \u00e9 o verdadeiro lugar do peregrino&#8221;.<\/p>\n<p>O sacerdote convidou todos a refletirem sobre a import\u00e2ncia da humildade na vida crist\u00e3 e na caminhada espiritual. Em sua homilia, referindo-se ao Evangelho de Marcos 9,35, no qual Jesus destaca a postura de servi\u00e7o e ren\u00fancia. \u201cSe algu\u00e9m quiser ser o primeiro, seja o \u00faltimo de todos, o servo de todos!\u201d. Ele aconselhou a n\u00e3o temermos o mist\u00e9rio da cruz, lembrando que esta simboliza n\u00e3o apenas dor e sacrif\u00edcio, mas tamb\u00e9m amor incondicional.<\/p>\n<p>Por fim, Padre Paulinho prop\u00f4s uma reflex\u00e3o pessoal. &#8220;Estar\u00edamos dispostos a beber o c\u00e1lice de Cristo? Esse desafio nos leva a pensar sobre nossa disposi\u00e7\u00e3o em seguir o exemplo de Jesus, sendo sinais de f\u00e9, n\u00e3o importando o quanto possamos sofrer, pois a humildade \u00e9 o caminho para o fortalecimento da nossa f\u00e9.<\/p>\n<p>Frei Galv\u00e3o, conhecido por sua vida de simplicidade e servi\u00e7o aos outros, nos ensina que a humildade \u00e9 essencial para viver uma f\u00e9 aut\u00eantica. Quem se coloca em atitude de humildade se aproxima do verdadeiro prop\u00f3sito de nossa peregrina\u00e7\u00e3o: crescer na comunh\u00e3o com Deus e com os irm\u00e3os. Fica para n\u00f3s o principal questionamento da reflex\u00e3o sobre o tema da humildade: estamos realmente dispostos a nos sacrificar, a servir os outros e a enfrentar nossos pr\u00f3prios sofrimentos com a mesma entrega de Cristo? A proposta \u00e9 um chamado para viver a f\u00e9 de maneira mais profunda e comprometida.<\/p>\n<p>Diante disso, somos convidados a seguir o exemplo de Frei Galv\u00e3o. Viver com mais humildade no nosso dia a dia, reconhecer nossos limites, enfrentar as adversidades e nos dispor a servir ao pr\u00f3ximo com amor e dedica\u00e7\u00e3o. Esse \u00e9 o verdadeiro caminho do peregrino crist\u00e3o: um caminho de entrega, confian\u00e7a e, principalmente, de transforma\u00e7\u00e3o interior.<\/p>\n<p><strong>6\u00ba dia<\/strong><\/p>\n<p><strong>O maior tesouro do peregrino \u00e9 ser rico diante de Deus<\/strong><\/p>\n<p>No sexto dia da Novena em louvor a Santo Ant\u00f4nio de Sant&#8217;Anna Galv\u00e3o fi\u00e9is foram convidados a refletirem sobre suas vidas envolvidas com a heran\u00e7a celeste, e n\u00e3o com as coisas que s\u00e3o devoradas pelas tra\u00e7as e ferrugem.<\/p>\n<p><img loading=\"lazy\" class=\"size-medium wp-image-251749 alignright\" src=\"https:\/\/franciscanos.org.br\/noticias\/wp-content\/uploads\/2024\/10\/6o-DIA-450x300.jpeg\" alt=\"\" width=\"450\" height=\"300\" srcset=\"https:\/\/franciscanos.org.br\/noticias\/wp-content\/uploads\/2024\/10\/6o-DIA-450x300.jpeg 450w, https:\/\/franciscanos.org.br\/noticias\/wp-content\/uploads\/2024\/10\/6o-DIA-1024x682.jpeg 1024w, https:\/\/franciscanos.org.br\/noticias\/wp-content\/uploads\/2024\/10\/6o-DIA-768x512.jpeg 768w, https:\/\/franciscanos.org.br\/noticias\/wp-content\/uploads\/2024\/10\/6o-DIA-1536x1024.jpeg 1536w, https:\/\/franciscanos.org.br\/noticias\/wp-content\/uploads\/2024\/10\/6o-DIA-2048x1365.jpeg 2048w, https:\/\/franciscanos.org.br\/noticias\/wp-content\/uploads\/2024\/10\/6o-DIA-150x100.jpeg 150w, https:\/\/franciscanos.org.br\/noticias\/wp-content\/uploads\/2024\/10\/6o-DIA-scaled.jpeg 1920w\" sizes=\"(max-width: 450px) 100vw, 450px\" \/>A celebra\u00e7\u00e3o das 15h foi presidida por Dom Frei Luiz Fl\u00e1vio Cappio, de Rodeio (SC). E \u00e0s 19h, a reflex\u00e3o ficou sob os cuidados do Padre Ederson Iarochevski, de Friburgo, tamb\u00e9m em Santa Catarina.<\/p>\n<p>\u201cEra t\u00e3o pobre que tudo o que tinha na vida era dinheiro\u201d. A frase elucida bem o quanto a riqueza pode ser uma grande ilus\u00e3o enquanto desacompanhada da generosidade. Por mais conforto que o dinheiro possa oferecer, \u00e9 incapaz de preencher o vazio existencial ou dar sentido \u00e0 vida. Neste contexto, qual \u00e9 a verdadeira riqueza a ser considerada diante de Deus?<\/p>\n<p>Padre Ederson falou sobre a import\u00e2ncia de adquirir o verdadeiro tesouro do peregrino: ser rico diante de Deus. Para isto, fez quest\u00e3o de destacar que o acesso ao maior tesouro de Deus, o Reino dos c\u00e9us, n\u00e3o se d\u00e1 pelas nossas obras, mas pela infinita miseric\u00f3rdia divina.<\/p>\n<p>Na perspectiva crist\u00e3, ser &#8220;rico diante de Deus&#8221; significa possuir uma vida cheia de virtudes, f\u00e9 e compromisso com os ensinamentos divinos. Trata-se de cultivar um tesouro que n\u00e3o \u00e9 mensur\u00e1vel em termos materiais, mas que se manifesta em uma rela\u00e7\u00e3o aut\u00eantica com Deus na viv\u00eancia do amor, da caridade e da miseric\u00f3rdia. \u201cOnde a miseric\u00f3rdia de Deus se estabelece, ali se destina ao c\u00e9u\u201d, lembrou o Padre.<\/p>\n<p>Ele disse ainda que a heran\u00e7a que vai permanecer \u00e9 a heran\u00e7a da f\u00e9: \u201cneste mundo temos a pretens\u00e3o das riquezas que Jesus condenou. O pr\u00f3prio senhor vai dizer que n\u00e3o podemos servir a Deus e ao dinheiro\u201d.<\/p>\n<p>Como exemplo, citou a vida de Frei Galv\u00e3o e de S\u00e3o Francisco, que, embora tenham tido origem em fam\u00edlias ricas, optaram por renunciar \u00e0s riquezas materiais e se dedicarem \u00e0 f\u00e9. \u201cA literatura atual diz que a mente brilhante \u00e9 a que constr\u00f3i riqueza. Algo que Francisco e Galv\u00e3o poderiam ter tido. Mas a op\u00e7\u00e3o pela heran\u00e7a religiosa ambos se tornaram santos importantes para o mundo.\u201d, explicou.<\/p>\n<p>Por fim, citou o vel\u00f3rio como uma das mais importantes catequeses para o aprimoramento espiritual do crist\u00e3o ao dar a percep\u00e7\u00e3o de que &#8220;daqui n\u00e3o levamos nada&#8221;. \u201cOlhando para a situa\u00e7\u00e3o que se encontra naquele ambiente percebemos que a vida vale muito mais\u201d, pontuou.<\/p>\n<p>Diante da realidade da morte, fica evidente que a vida vale muito mais do que tudo o que se pode adquirir com dinheiro. O vel\u00f3rio nos faz refletir sobre o que realmente permanece: os gestos de amor, as mem\u00f3rias que deixamos nos cora\u00e7\u00f5es daqueles que nos cercam e a maneira como vivemos nossa f\u00e9 e nossos valores. Ele nos recorda que o verdadeiro tesouro s\u00e3o as experi\u00eancias que cultivamos, os relacionamentos que constru\u00edmos e a nossa conex\u00e3o com o divino.<\/p>\n<p>Ao refletirmos sobre a inevitabilidade da morte, percebemos a import\u00e2ncia de investir no que \u00e9 eterno e duradouro como as virtudes, a compaix\u00e3o e a busca pela santidade, em vez do que \u00e9 passageiro. No vel\u00f3rio, temos a oportunidade de perceber que para sermos &#8220;ricos diante de Deus&#8221; \u00e9 preciso priorizar o que realmente tem valor espiritual, a fim de deixar como heran\u00e7a o legado de Paz e Bem.<\/p>\n<p><strong>7\u00ba Dia<\/strong><\/p>\n<p><strong>A unidade integra todos a Jesus Cristo<\/strong><\/p>\n<p>O s\u00e9timo dia da novena celebrativa ao primeiro santo brasileiro tamb\u00e9m contou com a presen\u00e7a do Padre Ederson Iarochevski, na Santa Missa das 15h. J\u00e1 a novena das 19h foi conduzida pelo Padre Omar Raposo, Reitor do Santu\u00e1rio Cristo Redentor, pertencente a Arquidiocese do Rio de Janeiro. A partir do tema: &#8220;A unidade integra todos a Jesus Cristo&#8221;, os devotos celebraram e louvam a unidade em Cristo e o amor ao pr\u00f3ximo.<\/p>\n<p><strong>8\u00ba Dia<\/strong><\/p>\n<p><strong>O peregrino conhece a vontade de Deus<\/strong><\/p>\n<p>Todo peregrino sente a presen\u00e7a de Deus em sua vida e sabe que o Pai nunca o desampara. \u201c O Senhor lhe confiar\u00e1 a administra\u00e7\u00e3o de todos os seus bens\u201d (Lc 12,47).<\/p>\n<p>Foi a partir do tema e das reflex\u00f5es da quarta-feira, 23 de outubro, que os devotos de Frei Galv\u00e3o lotaram o santu\u00e1rio para celebrar o santo. A novena das 15h, foi conduzida pelo Frei Vit\u00f3rio Mazzuco Filho, de Itatiba (SP). J\u00e1 a Santa Missa das 19h, foi presidida pelo Frei Gabriel Dellandrea.<\/p>\n<p><strong>9\u00ba Dia<\/strong><\/p>\n<p><strong>Peregrino da Caridade<\/strong><\/p>\n<p>Nesta quinta-feira, 24, \u00faltimo dia da novena em louvor a Santo Ant\u00f4nio de Sant&#8217; Anna Galv\u00e3o, a celebra\u00e7\u00e3o das 15 ser\u00e1 presidida por Padre Renan, do Semin\u00e1rio Arquidiocesano de Aparecida (SP). No per\u00edodo da noite, \u00e0s 19, a condu\u00e7\u00e3o ser\u00e1 do Padre Marcos Aur\u00e9lio, Reitor do Santu\u00e1rio do Divino Pai Eterno, de Trindade (GO). O tema ser\u00e1: \u201cPeregrino da Caridade\u201d.<\/p>\n<hr \/>\n<p>Fonte: www.santuariofreigalvao.com<\/p>\n\n\t\t<style type=\"text\/css\">\n\t\t\t#gallery-1 {\n\t\t\t\tmargin: auto;\n\t\t\t}\n\t\t\t#gallery-1 .gallery-item {\n\t\t\t\tfloat: left;\n\t\t\t\tmargin-top: 10px;\n\t\t\t\ttext-align: center;\n\t\t\t\twidth: 33%;\n\t\t\t}\n\t\t\t#gallery-1 img {\n\t\t\t\tborder: 2px solid #cfcfcf;\n\t\t\t}\n\t\t\t#gallery-1 .gallery-caption {\n\t\t\t\tmargin-left: 0;\n\t\t\t}\n\t\t\t\/* see gallery_shortcode() in wp-includes\/media.php *\/\n\t\t<\/style>\n\t\t<div id='gallery-1' class='gallery galleryid-251741 gallery-columns-3 gallery-size-thumbnail'><dl class='gallery-item'>\n\t\t\t<dt class='gallery-icon landscape'>\n\t\t\t\t<a href='https:\/\/franciscanos.org.br\/noticias\/wp-content\/uploads\/2024\/10\/4SlRhNY-scaled.jpeg'><img width=\"300\" height=\"300\" src=\"https:\/\/franciscanos.org.br\/noticias\/wp-content\/uploads\/2024\/10\/4SlRhNY-300x300.jpeg\" class=\"attachment-thumbnail size-thumbnail\" alt=\"\" loading=\"lazy\" srcset=\"https:\/\/franciscanos.org.br\/noticias\/wp-content\/uploads\/2024\/10\/4SlRhNY-300x300.jpeg 300w, https:\/\/franciscanos.org.br\/noticias\/wp-content\/uploads\/2024\/10\/4SlRhNY-100x100.jpeg 100w\" sizes=\"(max-width: 300px) 100vw, 300px\" \/><\/a>\n\t\t\t<\/dt><\/dl><dl class='gallery-item'>\n\t\t\t<dt class='gallery-icon landscape'>\n\t\t\t\t<a href='https:\/\/franciscanos.org.br\/noticias\/wp-content\/uploads\/2024\/10\/5dLewPJ-scaled.jpeg'><img width=\"300\" height=\"300\" src=\"https:\/\/franciscanos.org.br\/noticias\/wp-content\/uploads\/2024\/10\/5dLewPJ-300x300.jpeg\" class=\"attachment-thumbnail size-thumbnail\" alt=\"\" loading=\"lazy\" srcset=\"https:\/\/franciscanos.org.br\/noticias\/wp-content\/uploads\/2024\/10\/5dLewPJ-300x300.jpeg 300w, https:\/\/franciscanos.org.br\/noticias\/wp-content\/uploads\/2024\/10\/5dLewPJ-100x100.jpeg 100w\" sizes=\"(max-width: 300px) 100vw, 300px\" \/><\/a>\n\t\t\t<\/dt><\/dl><dl class='gallery-item'>\n\t\t\t<dt class='gallery-icon landscape'>\n\t\t\t\t<a href='https:\/\/franciscanos.org.br\/noticias\/wp-content\/uploads\/2024\/10\/6p4Bwig-scaled.jpeg'><img width=\"300\" height=\"300\" src=\"https:\/\/franciscanos.org.br\/noticias\/wp-content\/uploads\/2024\/10\/6p4Bwig-300x300.jpeg\" class=\"attachment-thumbnail size-thumbnail\" alt=\"\" loading=\"lazy\" srcset=\"https:\/\/franciscanos.org.br\/noticias\/wp-content\/uploads\/2024\/10\/6p4Bwig-300x300.jpeg 300w, https:\/\/franciscanos.org.br\/noticias\/wp-content\/uploads\/2024\/10\/6p4Bwig-100x100.jpeg 100w\" sizes=\"(max-width: 300px) 100vw, 300px\" \/><\/a>\n\t\t\t<\/dt><\/dl><br style=\"clear: both\" \/><dl class='gallery-item'>\n\t\t\t<dt class='gallery-icon landscape'>\n\t\t\t\t<a href='https:\/\/franciscanos.org.br\/noticias\/wp-content\/uploads\/2024\/10\/iK3uuQC-scaled.jpeg'><img width=\"300\" height=\"300\" src=\"https:\/\/franciscanos.org.br\/noticias\/wp-content\/uploads\/2024\/10\/iK3uuQC-300x300.jpeg\" class=\"attachment-thumbnail size-thumbnail\" alt=\"\" loading=\"lazy\" srcset=\"https:\/\/franciscanos.org.br\/noticias\/wp-content\/uploads\/2024\/10\/iK3uuQC-300x300.jpeg 300w, https:\/\/franciscanos.org.br\/noticias\/wp-content\/uploads\/2024\/10\/iK3uuQC-100x100.jpeg 100w\" sizes=\"(max-width: 300px) 100vw, 300px\" \/><\/a>\n\t\t\t<\/dt><\/dl><dl class='gallery-item'>\n\t\t\t<dt class='gallery-icon landscape'>\n\t\t\t\t<a href='https:\/\/franciscanos.org.br\/noticias\/wp-content\/uploads\/2024\/10\/r1TECSM-scaled.jpeg'><img width=\"300\" height=\"300\" src=\"https:\/\/franciscanos.org.br\/noticias\/wp-content\/uploads\/2024\/10\/r1TECSM-300x300.jpeg\" class=\"attachment-thumbnail size-thumbnail\" alt=\"\" loading=\"lazy\" srcset=\"https:\/\/franciscanos.org.br\/noticias\/wp-content\/uploads\/2024\/10\/r1TECSM-300x300.jpeg 300w, https:\/\/franciscanos.org.br\/noticias\/wp-content\/uploads\/2024\/10\/r1TECSM-100x100.jpeg 100w\" sizes=\"(max-width: 300px) 100vw, 300px\" \/><\/a>\n\t\t\t<\/dt><\/dl><dl class='gallery-item'>\n\t\t\t<dt class='gallery-icon landscape'>\n\t\t\t\t<a href='https:\/\/franciscanos.org.br\/noticias\/wp-content\/uploads\/2024\/10\/zEhjCcy-1-scaled.jpeg'><img width=\"300\" height=\"300\" src=\"https:\/\/franciscanos.org.br\/noticias\/wp-content\/uploads\/2024\/10\/zEhjCcy-1-300x300.jpeg\" class=\"attachment-thumbnail size-thumbnail\" alt=\"\" loading=\"lazy\" srcset=\"https:\/\/franciscanos.org.br\/noticias\/wp-content\/uploads\/2024\/10\/zEhjCcy-1-300x300.jpeg 300w, https:\/\/franciscanos.org.br\/noticias\/wp-content\/uploads\/2024\/10\/zEhjCcy-1-100x100.jpeg 100w\" sizes=\"(max-width: 300px) 100vw, 300px\" \/><\/a>\n\t\t\t<\/dt><\/dl><br style=\"clear: both\" \/>\n\t\t<\/div>\n\n<p>&nbsp;<\/p>\n","protected":false},"excerpt":{"rendered":"<p>S\u00e3o esperados 60 mil devotos<\/p>\n","protected":false},"author":11,"featured_media":251758,"comment_status":"open","ping_status":"open","sticky":false,"template":"","format":"standard","meta":[],"categories":[1],"tags":[1923],"acf":[],"yoast_head":"<!-- This site is optimized with the Yoast SEO plugin v19.2 - https:\/\/yoast.com\/wordpress\/plugins\/seo\/ -->\n<title>&quot;Frei Galv\u00e3o, peregrino da caridade: &#039;Onde houver desespero, que eu leve a Esperan\u00e7a&#039;&quot; - Not\u00edcias - Franciscanos<\/title>\n<meta name=\"robots\" content=\"index, follow, max-snippet:-1, max-image-preview:large, max-video-preview:-1\" \/>\n<link rel=\"canonical\" href=\"https:\/\/franciscanos.org.br\/noticias\/frei-galvao-peregrino-da-caridade-onde-houver-desespero-que-eu-leve-a-esperanca.html\" \/>\n<meta property=\"og:locale\" content=\"pt_BR\" \/>\n<meta property=\"og:type\" content=\"article\" \/>\n<meta property=\"og:title\" content=\"&quot;Frei Galv\u00e3o, peregrino da caridade: &#039;Onde houver desespero, que eu leve a Esperan\u00e7a&#039;&quot; - Not\u00edcias - Franciscanos\" \/>\n<meta property=\"og:description\" content=\"S\u00e3o esperados 60 mil devotos\" \/>\n<meta property=\"og:url\" content=\"https:\/\/franciscanos.org.br\/noticias\/frei-galvao-peregrino-da-caridade-onde-houver-desespero-que-eu-leve-a-esperanca.html\" \/>\n<meta property=\"og:site_name\" content=\"Not\u00edcias - Franciscanos\" \/>\n<meta property=\"article:published_time\" content=\"2024-10-24T12:16:24+00:00\" \/>\n<meta property=\"article:modified_time\" content=\"2024-10-24T18:27:55+00:00\" \/>\n<meta property=\"og:image\" content=\"https:\/\/franciscanos.org.br\/noticias\/wp-content\/uploads\/2024\/10\/CHAMADA-21.jpg\" \/>\n\t<meta property=\"og:image:width\" content=\"800\" \/>\n\t<meta property=\"og:image:height\" content=\"550\" \/>\n\t<meta property=\"og:image:type\" content=\"image\/jpeg\" \/>\n<meta name=\"author\" content=\"Adriana Rabelo\" \/>\n<meta name=\"twitter:card\" content=\"summary_large_image\" \/>\n<meta name=\"twitter:label1\" content=\"Escrito por\" \/>\n\t<meta name=\"twitter:data1\" content=\"Adriana Rabelo\" \/>\n\t<meta name=\"twitter:label2\" content=\"Est. tempo de leitura\" \/>\n\t<meta name=\"twitter:data2\" content=\"13 minutos\" \/>\n<script type=\"application\/ld+json\" class=\"yoast-schema-graph\">{\"@context\":\"https:\/\/schema.org\",\"@graph\":[{\"@type\":\"WebSite\",\"@id\":\"https:\/\/franciscanos.org.br\/noticias\/#website\",\"url\":\"https:\/\/franciscanos.org.br\/noticias\/\",\"name\":\"Not\u00edcias - Franciscanos\",\"description\":\"Prov\u00edncia Franciscana da Imaculada Concei\u00e7\u00e3o do Brasil - Ordem dos Frades Menores - OFM\",\"potentialAction\":[{\"@type\":\"SearchAction\",\"target\":{\"@type\":\"EntryPoint\",\"urlTemplate\":\"https:\/\/franciscanos.org.br\/noticias\/?s={search_term_string}\"},\"query-input\":\"required name=search_term_string\"}],\"inLanguage\":\"pt-BR\"},{\"@type\":\"ImageObject\",\"inLanguage\":\"pt-BR\",\"@id\":\"https:\/\/franciscanos.org.br\/noticias\/frei-galvao-peregrino-da-caridade-onde-houver-desespero-que-eu-leve-a-esperanca.html#primaryimage\",\"url\":\"https:\/\/franciscanos.org.br\/noticias\/wp-content\/uploads\/2024\/10\/CHAMADA-21.jpg\",\"contentUrl\":\"https:\/\/franciscanos.org.br\/noticias\/wp-content\/uploads\/2024\/10\/CHAMADA-21.jpg\",\"width\":800,\"height\":550},{\"@type\":\"WebPage\",\"@id\":\"https:\/\/franciscanos.org.br\/noticias\/frei-galvao-peregrino-da-caridade-onde-houver-desespero-que-eu-leve-a-esperanca.html#webpage\",\"url\":\"https:\/\/franciscanos.org.br\/noticias\/frei-galvao-peregrino-da-caridade-onde-houver-desespero-que-eu-leve-a-esperanca.html\",\"name\":\"\\\"Frei Galv\u00e3o, peregrino da caridade: 'Onde houver desespero, que eu leve a Esperan\u00e7a'\\\" - Not\u00edcias - Franciscanos\",\"isPartOf\":{\"@id\":\"https:\/\/franciscanos.org.br\/noticias\/#website\"},\"primaryImageOfPage\":{\"@id\":\"https:\/\/franciscanos.org.br\/noticias\/frei-galvao-peregrino-da-caridade-onde-houver-desespero-que-eu-leve-a-esperanca.html#primaryimage\"},\"datePublished\":\"2024-10-24T12:16:24+00:00\",\"dateModified\":\"2024-10-24T18:27:55+00:00\",\"author\":{\"@id\":\"https:\/\/franciscanos.org.br\/noticias\/#\/schema\/person\/d9422e83121c3ad3b0f423d195f5bb25\"},\"breadcrumb\":{\"@id\":\"https:\/\/franciscanos.org.br\/noticias\/frei-galvao-peregrino-da-caridade-onde-houver-desespero-que-eu-leve-a-esperanca.html#breadcrumb\"},\"inLanguage\":\"pt-BR\",\"potentialAction\":[{\"@type\":\"ReadAction\",\"target\":[\"https:\/\/franciscanos.org.br\/noticias\/frei-galvao-peregrino-da-caridade-onde-houver-desespero-que-eu-leve-a-esperanca.html\"]}]},{\"@type\":\"BreadcrumbList\",\"@id\":\"https:\/\/franciscanos.org.br\/noticias\/frei-galvao-peregrino-da-caridade-onde-houver-desespero-que-eu-leve-a-esperanca.html#breadcrumb\",\"itemListElement\":[{\"@type\":\"ListItem\",\"position\":1,\"name\":\"Home\",\"item\":\"https:\/\/franciscanos.org.br\/noticias\"},{\"@type\":\"ListItem\",\"position\":2,\"name\":\"&#8220;Frei Galv\u00e3o, peregrino da caridade: &#8216;Onde houver desespero, que eu leve a Esperan\u00e7a'&#8221;\"}]},{\"@type\":\"Person\",\"@id\":\"https:\/\/franciscanos.org.br\/noticias\/#\/schema\/person\/d9422e83121c3ad3b0f423d195f5bb25\",\"name\":\"Adriana Rabelo\",\"image\":{\"@type\":\"ImageObject\",\"inLanguage\":\"pt-BR\",\"@id\":\"https:\/\/franciscanos.org.br\/noticias\/#\/schema\/person\/image\/\",\"url\":\"https:\/\/secure.gravatar.com\/avatar\/0a937b7500cd7df77540cfb8bede877d?s=96&d=mm&r=g\",\"contentUrl\":\"https:\/\/secure.gravatar.com\/avatar\/0a937b7500cd7df77540cfb8bede877d?s=96&d=mm&r=g\",\"caption\":\"Adriana Rabelo\"},\"url\":\"https:\/\/franciscanos.org.br\/noticias\/author\/adrianarabelo\"}]}<\/script>\n<!-- \/ Yoast SEO plugin. -->","yoast_head_json":{"title":"\"Frei Galv\u00e3o, peregrino da caridade: 'Onde houver desespero, que eu leve a Esperan\u00e7a'\" - Not\u00edcias - Franciscanos","robots":{"index":"index","follow":"follow","max-snippet":"max-snippet:-1","max-image-preview":"max-image-preview:large","max-video-preview":"max-video-preview:-1"},"canonical":"https:\/\/franciscanos.org.br\/noticias\/frei-galvao-peregrino-da-caridade-onde-houver-desespero-que-eu-leve-a-esperanca.html","og_locale":"pt_BR","og_type":"article","og_title":"\"Frei Galv\u00e3o, peregrino da caridade: 'Onde houver desespero, que eu leve a Esperan\u00e7a'\" - Not\u00edcias - Franciscanos","og_description":"S\u00e3o esperados 60 mil devotos","og_url":"https:\/\/franciscanos.org.br\/noticias\/frei-galvao-peregrino-da-caridade-onde-houver-desespero-que-eu-leve-a-esperanca.html","og_site_name":"Not\u00edcias - Franciscanos","article_published_time":"2024-10-24T12:16:24+00:00","article_modified_time":"2024-10-24T18:27:55+00:00","og_image":[{"width":800,"height":550,"url":"https:\/\/franciscanos.org.br\/noticias\/wp-content\/uploads\/2024\/10\/CHAMADA-21.jpg","type":"image\/jpeg"}],"author":"Adriana Rabelo","twitter_card":"summary_large_image","twitter_misc":{"Escrito por":"Adriana Rabelo","Est. tempo de leitura":"13 minutos"},"schema":{"@context":"https:\/\/schema.org","@graph":[{"@type":"WebSite","@id":"https:\/\/franciscanos.org.br\/noticias\/#website","url":"https:\/\/franciscanos.org.br\/noticias\/","name":"Not\u00edcias - Franciscanos","description":"Prov\u00edncia Franciscana da Imaculada Concei\u00e7\u00e3o do Brasil - Ordem dos Frades Menores - OFM","potentialAction":[{"@type":"SearchAction","target":{"@type":"EntryPoint","urlTemplate":"https:\/\/franciscanos.org.br\/noticias\/?s={search_term_string}"},"query-input":"required name=search_term_string"}],"inLanguage":"pt-BR"},{"@type":"ImageObject","inLanguage":"pt-BR","@id":"https:\/\/franciscanos.org.br\/noticias\/frei-galvao-peregrino-da-caridade-onde-houver-desespero-que-eu-leve-a-esperanca.html#primaryimage","url":"https:\/\/franciscanos.org.br\/noticias\/wp-content\/uploads\/2024\/10\/CHAMADA-21.jpg","contentUrl":"https:\/\/franciscanos.org.br\/noticias\/wp-content\/uploads\/2024\/10\/CHAMADA-21.jpg","width":800,"height":550},{"@type":"WebPage","@id":"https:\/\/franciscanos.org.br\/noticias\/frei-galvao-peregrino-da-caridade-onde-houver-desespero-que-eu-leve-a-esperanca.html#webpage","url":"https:\/\/franciscanos.org.br\/noticias\/frei-galvao-peregrino-da-caridade-onde-houver-desespero-que-eu-leve-a-esperanca.html","name":"\"Frei Galv\u00e3o, peregrino da caridade: 'Onde houver desespero, que eu leve a Esperan\u00e7a'\" - Not\u00edcias - Franciscanos","isPartOf":{"@id":"https:\/\/franciscanos.org.br\/noticias\/#website"},"primaryImageOfPage":{"@id":"https:\/\/franciscanos.org.br\/noticias\/frei-galvao-peregrino-da-caridade-onde-houver-desespero-que-eu-leve-a-esperanca.html#primaryimage"},"datePublished":"2024-10-24T12:16:24+00:00","dateModified":"2024-10-24T18:27:55+00:00","author":{"@id":"https:\/\/franciscanos.org.br\/noticias\/#\/schema\/person\/d9422e83121c3ad3b0f423d195f5bb25"},"breadcrumb":{"@id":"https:\/\/franciscanos.org.br\/noticias\/frei-galvao-peregrino-da-caridade-onde-houver-desespero-que-eu-leve-a-esperanca.html#breadcrumb"},"inLanguage":"pt-BR","potentialAction":[{"@type":"ReadAction","target":["https:\/\/franciscanos.org.br\/noticias\/frei-galvao-peregrino-da-caridade-onde-houver-desespero-que-eu-leve-a-esperanca.html"]}]},{"@type":"BreadcrumbList","@id":"https:\/\/franciscanos.org.br\/noticias\/frei-galvao-peregrino-da-caridade-onde-houver-desespero-que-eu-leve-a-esperanca.html#breadcrumb","itemListElement":[{"@type":"ListItem","position":1,"name":"Home","item":"https:\/\/franciscanos.org.br\/noticias"},{"@type":"ListItem","position":2,"name":"&#8220;Frei Galv\u00e3o, peregrino da caridade: &#8216;Onde houver desespero, que eu leve a Esperan\u00e7a'&#8221;"}]},{"@type":"Person","@id":"https:\/\/franciscanos.org.br\/noticias\/#\/schema\/person\/d9422e83121c3ad3b0f423d195f5bb25","name":"Adriana Rabelo","image":{"@type":"ImageObject","inLanguage":"pt-BR","@id":"https:\/\/franciscanos.org.br\/noticias\/#\/schema\/person\/image\/","url":"https:\/\/secure.gravatar.com\/avatar\/0a937b7500cd7df77540cfb8bede877d?s=96&d=mm&r=g","contentUrl":"https:\/\/secure.gravatar.com\/avatar\/0a937b7500cd7df77540cfb8bede877d?s=96&d=mm&r=g","caption":"Adriana Rabelo"},"url":"https:\/\/franciscanos.org.br\/noticias\/author\/adrianarabelo"}]}},"_links":{"self":[{"href":"https:\/\/franciscanos.org.br\/noticias\/wp-json\/wp\/v2\/posts\/251741"}],"collection":[{"href":"https:\/\/franciscanos.org.br\/noticias\/wp-json\/wp\/v2\/posts"}],"about":[{"href":"https:\/\/franciscanos.org.br\/noticias\/wp-json\/wp\/v2\/types\/post"}],"author":[{"embeddable":true,"href":"https:\/\/franciscanos.org.br\/noticias\/wp-json\/wp\/v2\/users\/11"}],"replies":[{"embeddable":true,"href":"https:\/\/franciscanos.org.br\/noticias\/wp-json\/wp\/v2\/comments?post=251741"}],"version-history":[{"count":18,"href":"https:\/\/franciscanos.org.br\/noticias\/wp-json\/wp\/v2\/posts\/251741\/revisions"}],"predecessor-version":[{"id":251774,"href":"https:\/\/franciscanos.org.br\/noticias\/wp-json\/wp\/v2\/posts\/251741\/revisions\/251774"}],"wp:featuredmedia":[{"embeddable":true,"href":"https:\/\/franciscanos.org.br\/noticias\/wp-json\/wp\/v2\/media\/251758"}],"wp:attachment":[{"href":"https:\/\/franciscanos.org.br\/noticias\/wp-json\/wp\/v2\/media?parent=251741"}],"wp:term":[{"taxonomy":"category","embeddable":true,"href":"https:\/\/franciscanos.org.br\/noticias\/wp-json\/wp\/v2\/categories?post=251741"},{"taxonomy":"post_tag","embeddable":true,"href":"https:\/\/franciscanos.org.br\/noticias\/wp-json\/wp\/v2\/tags?post=251741"}],"curies":[{"name":"wp","href":"https:\/\/api.w.org\/{rel}","templated":true}]}}