{"id":251604,"date":"2024-10-18T15:06:11","date_gmt":"2024-10-18T18:06:11","guid":{"rendered":"https:\/\/franciscanos.org.br\/noticias\/?p=251604"},"modified":"2024-10-18T15:10:15","modified_gmt":"2024-10-18T18:10:15","slug":"provincia-franciscana-santa-cruz-em-minas-gerais-e-a-primeira-do-brasil-a-eleger-um-irmao-leigo-como-ministro-provincial","status":"publish","type":"post","link":"https:\/\/franciscanos.org.br\/noticias\/provincia-franciscana-santa-cruz-em-minas-gerais-e-a-primeira-do-brasil-a-eleger-um-irmao-leigo-como-ministro-provincial.html","title":{"rendered":"Prov\u00edncia Santa Cruz, em Minas Gerais, \u00e9 a primeira do Brasil a eleger um irm\u00e3o leigo como Ministro Provincial"},"content":{"rendered":"<p><img loading=\"lazy\" class=\"aligncenter wp-image-251614 size-full\" src=\"https:\/\/franciscanos.org.br\/noticias\/wp-content\/uploads\/2024\/10\/CHAMADA-17.jpg\" alt=\"\" width=\"1280\" height=\"720\" srcset=\"https:\/\/franciscanos.org.br\/noticias\/wp-content\/uploads\/2024\/10\/CHAMADA-17.jpg 1280w, https:\/\/franciscanos.org.br\/noticias\/wp-content\/uploads\/2024\/10\/CHAMADA-17-450x253.jpg 450w, https:\/\/franciscanos.org.br\/noticias\/wp-content\/uploads\/2024\/10\/CHAMADA-17-1024x576.jpg 1024w, https:\/\/franciscanos.org.br\/noticias\/wp-content\/uploads\/2024\/10\/CHAMADA-17-768x432.jpg 768w, https:\/\/franciscanos.org.br\/noticias\/wp-content\/uploads\/2024\/10\/CHAMADA-17-150x84.jpg 150w\" sizes=\"(max-width: 1280px) 100vw, 1280px\" \/><\/p>\n<p>Frei Vicente Paulo do Nascimento, de 53 anos, foi eleito Ministro Provincial da Prov\u00edncia Santa Cruz (MG), na noite desta quinta-feira, dia 17 de outubro. \u00a0\u00c9 o primeiro irm\u00e3o leigo da Ordem dos Frades Menores a assumir o servi\u00e7o de Ministro Provincial no Brasil. Tamb\u00e9m \u00e9 pioneiro na Confer\u00eancia dos Frades Menores do Brasil e Cone Sul, que abrange a Argentina, o Chile e o Paraguai.<\/p>\n<p><img loading=\"lazy\" class=\"size-medium wp-image-251606 alignright\" src=\"https:\/\/franciscanos.org.br\/noticias\/wp-content\/uploads\/2024\/10\/PHOTO-2024-10-18-09-052-29-338x450.jpg\" alt=\"\" width=\"338\" height=\"450\" srcset=\"https:\/\/franciscanos.org.br\/noticias\/wp-content\/uploads\/2024\/10\/PHOTO-2024-10-18-09-052-29-338x450.jpg 338w, https:\/\/franciscanos.org.br\/noticias\/wp-content\/uploads\/2024\/10\/PHOTO-2024-10-18-09-052-29-768x1024.jpg 768w, https:\/\/franciscanos.org.br\/noticias\/wp-content\/uploads\/2024\/10\/PHOTO-2024-10-18-09-052-29-1152x1536.jpg 1152w, https:\/\/franciscanos.org.br\/noticias\/wp-content\/uploads\/2024\/10\/PHOTO-2024-10-18-09-052-29-150x200.jpg 150w, https:\/\/franciscanos.org.br\/noticias\/wp-content\/uploads\/2024\/10\/PHOTO-2024-10-18-09-052-29.jpg 810w\" sizes=\"(max-width: 338px) 100vw, 338px\" \/>O frade obteve, no primeiro escrut\u00ednio, 33 votos entre os 60 frades votantes. Por se tratar de um religioso irm\u00e3o, o Dicast\u00e9rio para os Institutos de Vida Consagrada e as Sociedades de Vida Apost\u00f3lica, em Roma, precisou ser informado. A confirma\u00e7\u00e3o chegou na manh\u00e3 desta sexta-feira, 18 de outubro.<\/p>\n<p>Frei Vicente Paulo do Nascimento nasceu no dia 29 de julho de 1971 (53 anos), em Governador Valadres (MG). Ingressou no Noviciado da Ordem dos Frades Menores em 04 de fevereiro de 1994, fez a Primeira Profiss\u00e3o em 21 de janeiro de 1995 (29 anos de Vida Religiosa) e a Profiss\u00e3o Solene, em 02 de fevereiro de 2000.<\/p>\n<p>\u00c9 licenciado em Filosofia e Teologia pelo Instituto Santo Tom\u00e1s de Aquino (ISTA), de Belo Horizonte (MG). Tem longa experi\u00eancia da Forma\u00e7\u00e3o Inicial, sendo Mestre de Postulantes por seis anos (2007-2012). Mestre de Professos Tempor\u00e1rios por mais de dez anos (2013-2021; 2023-2024), Secret\u00e1rio para a Forma\u00e7\u00e3o e os Estudos (2016-2018). Atualmente, \u00e9 Definidor Provincial, assumido pela quarta vez, e Moderador da Forma\u00e7\u00e3o Permanente (2022-2014). Foi mission\u00e1rio na Amaz\u00f4nia (AM), em Roraima (RR) (2005-2006) e Visitador da Cust\u00f3dia S\u00e3o Benedito da Amaz\u00f4nia (2018).<\/p>\n<p>O Vig\u00e1rio provincial da Prov\u00edncia Franciscana da Imaculada Concei\u00e7\u00e3o do Brasil, Frei Gustavo Wayand Medella, est\u00e1 no Semin\u00e1rio Santo Ant\u00f4nio, em Santos Dumont (MG), acompanhando as elei\u00e7\u00f5es do Cap\u00edtulo Provincial da Prov\u00edncia Santa Cruz.<\/p>\n<p><img loading=\"lazy\" class=\"alignleft wp-image-251607 size-thumbnail\" src=\"https:\/\/franciscanos.org.br\/noticias\/wp-content\/uploads\/2024\/10\/eleicao-02-300x300.jpg\" alt=\"\" width=\"300\" height=\"300\" srcset=\"https:\/\/franciscanos.org.br\/noticias\/wp-content\/uploads\/2024\/10\/eleicao-02-300x300.jpg 300w, https:\/\/franciscanos.org.br\/noticias\/wp-content\/uploads\/2024\/10\/eleicao-02-100x100.jpg 100w\" sizes=\"(max-width: 300px) 100vw, 300px\" \/>A pedido do Ministro geral, Frei Massimo Fusarelli, desde meados de 2023, o frade assumiu a miss\u00e3o de visitar as Fraternidades da Prov\u00edncia Santa Cruz, nas quais conversou com os frades e ouviu o povo das localidades onde os franciscanos est\u00e3o presentes. \u201c\u00c9 costume da Ordem dos Frades Menores que quando uma Prov\u00edncia, em Cap\u00edtulo, vai eleger o seu Ministro provincial, Vig\u00e1rio e Definidores, receba a visita de um irm\u00e3o de outra entidade. Com a elei\u00e7\u00e3o concluo essa miss\u00e3o que assumi\u201d, explicou.<\/p>\n<p>Segundo Frei Gustavo, a elei\u00e7\u00e3o de um irm\u00e3o leigo como Ministro provincial \u00e9 um marco hist\u00f3rico para a Ordem dos Frades Menores no Brasil, tendo em vista que a Prov\u00edncia Santa Cruz \u00e9 a primeira a dar esse passo no pa\u00eds. \u201cEsta elei\u00e7\u00e3o coloca em evid\u00eancia o valor da fraternidade, revelando que, conforme S\u00e3o Francisco, \u2018todos somos irm\u00e3os\u2019\u201d, disse.<\/p>\n<p>O frade explicou que este momento \u00e9 tamb\u00e9m uma oportunidade para a supera\u00e7\u00e3o do clericalismo, que nada mais \u00e9 do que uma compreens\u00e3o equivocada do que significa o Minist\u00e9rio Ordenado. \u201cS\u00e3o Francisco n\u00e3o era sacerdote e sua insist\u00eancia era que, na Ordem por ele fundada, ningu\u00e9m possu\u00edsse privil\u00e9gios pelo fato de ser sacerdote, pelo grau de instru\u00e7\u00e3o, nem pelas habilidades que possu\u00edsse, mas todos se considerassem irm\u00e3os a servi\u00e7o uns dos outros e de toda a humanidade\u201d, concluiu.<\/p>\n\n\t\t<style type=\"text\/css\">\n\t\t\t#gallery-1 {\n\t\t\t\tmargin: auto;\n\t\t\t}\n\t\t\t#gallery-1 .gallery-item {\n\t\t\t\tfloat: left;\n\t\t\t\tmargin-top: 10px;\n\t\t\t\ttext-align: center;\n\t\t\t\twidth: 33%;\n\t\t\t}\n\t\t\t#gallery-1 img {\n\t\t\t\tborder: 2px solid #cfcfcf;\n\t\t\t}\n\t\t\t#gallery-1 .gallery-caption {\n\t\t\t\tmargin-left: 0;\n\t\t\t}\n\t\t\t\/* see gallery_shortcode() in wp-includes\/media.php *\/\n\t\t<\/style>\n\t\t<div id='gallery-1' class='gallery galleryid-251604 gallery-columns-3 gallery-size-thumbnail'><dl class='gallery-item'>\n\t\t\t<dt class='gallery-icon landscape'>\n\t\t\t\t<a href='https:\/\/franciscanos.org.br\/noticias\/wp-content\/uploads\/2024\/10\/eleicao-03-1536x709-1.jpg'><img width=\"300\" height=\"300\" src=\"https:\/\/franciscanos.org.br\/noticias\/wp-content\/uploads\/2024\/10\/eleicao-03-1536x709-1-300x300.jpg\" class=\"attachment-thumbnail size-thumbnail\" alt=\"\" loading=\"lazy\" srcset=\"https:\/\/franciscanos.org.br\/noticias\/wp-content\/uploads\/2024\/10\/eleicao-03-1536x709-1-300x300.jpg 300w, https:\/\/franciscanos.org.br\/noticias\/wp-content\/uploads\/2024\/10\/eleicao-03-1536x709-1-100x100.jpg 100w\" sizes=\"(max-width: 300px) 100vw, 300px\" \/><\/a>\n\t\t\t<\/dt><\/dl><dl class='gallery-item'>\n\t\t\t<dt class='gallery-icon landscape'>\n\t\t\t\t<a href='https:\/\/franciscanos.org.br\/noticias\/wp-content\/uploads\/2024\/10\/eleicao-05-1536x709-1.jpg'><img width=\"300\" height=\"300\" src=\"https:\/\/franciscanos.org.br\/noticias\/wp-content\/uploads\/2024\/10\/eleicao-05-1536x709-1-300x300.jpg\" class=\"attachment-thumbnail size-thumbnail\" alt=\"\" loading=\"lazy\" srcset=\"https:\/\/franciscanos.org.br\/noticias\/wp-content\/uploads\/2024\/10\/eleicao-05-1536x709-1-300x300.jpg 300w, https:\/\/franciscanos.org.br\/noticias\/wp-content\/uploads\/2024\/10\/eleicao-05-1536x709-1-100x100.jpg 100w\" sizes=\"(max-width: 300px) 100vw, 300px\" \/><\/a>\n\t\t\t<\/dt><\/dl><dl class='gallery-item'>\n\t\t\t<dt class='gallery-icon landscape'>\n\t\t\t\t<a href='https:\/\/franciscanos.org.br\/noticias\/wp-content\/uploads\/2024\/10\/eleicao-01-1536x709-1.jpg'><img width=\"300\" height=\"300\" src=\"https:\/\/franciscanos.org.br\/noticias\/wp-content\/uploads\/2024\/10\/eleicao-01-1536x709-1-300x300.jpg\" class=\"attachment-thumbnail size-thumbnail\" alt=\"\" loading=\"lazy\" srcset=\"https:\/\/franciscanos.org.br\/noticias\/wp-content\/uploads\/2024\/10\/eleicao-01-1536x709-1-300x300.jpg 300w, https:\/\/franciscanos.org.br\/noticias\/wp-content\/uploads\/2024\/10\/eleicao-01-1536x709-1-100x100.jpg 100w\" sizes=\"(max-width: 300px) 100vw, 300px\" \/><\/a>\n\t\t\t<\/dt><\/dl><br style=\"clear: both\" \/>\n\t\t<\/div>\n\n<p><strong>Prov\u00edncia Santa Cruz<\/strong><\/p>\n<p>Sediada em Belo Horizonte, a Prov\u00edncia Santa Cruz, mant\u00e9m uma forte atua\u00e7\u00e3o evangelizadora e social baseadas na f\u00e9 crist\u00e3 e nos ensinamentos e valores difundidos por S\u00e3o Francisco de Assis.<\/p>\n<p>Essa Prov\u00edncia tem suas ra\u00edzes na cria\u00e7\u00e3o do Comissariado da Santa Cruz no estado do Rio de Janeiro, estabelecido por frades holandeses em 1900. Depois de passarem por Manaus (AM), em 1899, Frei Adalberto Woolderink, Frei Gonzaga Governeur e Frei Oto Vervoort seguiram para Niter\u00f3i (RJ), onde instalaram a primeira resid\u00eancia e sede do Comissariado.<\/p>\n<p>At\u00e9 o ano de 1950, o Comissariado esteve ligado juridicamente e dependia diretamente da Prov\u00edncia dos Santos M\u00e1rtires Gorcumienses, na Holanda. Ap\u00f3s esse per\u00edodo de meio s\u00e9culo, foi criada a Prov\u00edncia Santa Cruz, em 1950, que passou a atuar independente e abrange, atualmente, os franciscanos de Minas Gerais e Sul da Bahia. No dia 18 de dezembro de 1899, chegaram a Manaus, provenientes da Holanda, os tr\u00eas primeiros frades daquela que viria a se constituir a Prov\u00edncia Santa Cruz (PSC): Frei Adalberto Woolderink, Frei Gonzaga Gouverneur e Frei Oto Vervoort. Esse in\u00edcio de presen\u00e7a na regi\u00e3o amaz\u00f4nica foi frustrado pelas doen\u00e7as tropicais contra\u00eddas pelos frades.<\/p>\n<p>No dia 7 de maio de 1900, chegou ao Rio de Janeiro Frei Rog\u00e9rio Burgers, um dos fundadores e primeiro comiss\u00e1rio do Comissariado Imaculada Concei\u00e7\u00e3o, hoje PSC, juntamente com Frei Frederico Voorvelt.<\/p>\n<p>Em 1901, juntou-se a eles Frei Oto Vervoort, proveniente de Manaus (AM). Nesse mesmo ano, ocorreu a instala\u00e7\u00e3o da primeira resid\u00eancia e sede do Comissariado, em Niter\u00f3i, e, em 1903, a instala\u00e7\u00e3o da primeira resid\u00eancia dos frades em Minas Gerais, em Ouro Preto. No ano de 1912, a sede do Comissariado foi transferida de Niter\u00f3i (RJ) para S\u00e3o Jo\u00e3o Del-Rei (MG). Em 15 de novembro de 1925, a sede do Comissariado foi transferida, mais uma vez, para Divin\u00f3polis (MG).<\/p>\n<p>Em 1926, o Comissariado foi estendido ao Rio Grande do Sul (Vila F\u00e3o) e, dez anos mais tarde, ao Extremo Sul da Bahia (Caravelas, Nova Vi\u00e7osa e Mucuri).<\/p>\n<p>No ano de 1931, teve in\u00edcio o Curso de Teologia em Divin\u00f3polis com a chegada dos primeiros frades estudantes da Holanda. Em 1941, ocorreu a mudan\u00e7a do nome Comissariado Imaculada Concei\u00e7\u00e3o para Comissariado Santa Cruz.<\/p>\n<p>Esse per\u00edodo foi marcado pela consolida\u00e7\u00e3o da presen\u00e7a dos frades em Minas Gerais, no Rio Grande do Sul e no Sul da Bahia, al\u00e9m da presen\u00e7a nas cidades do Rio de Janeiro e Niter\u00f3i. No dia 8 de janeiro de 1949, o Comissariado Santa Cruz foi elevado \u00e0 condi\u00e7\u00e3o de Prov\u00edncia aut\u00f4noma da Prov\u00edncia Holandesa, passando a designar-se Prov\u00edncia Santa Cruz. Em 1959, a sede da Prov\u00edncia foi transferida de Divin\u00f3polis para Belo Horizonte. No dia 22 de fevereiro de 1966, os frades no Rio Grande do Sul adquiriram autonomia em rela\u00e7\u00e3o \u00e0 Prov\u00edncia Santa Cruz, tendo sido constitu\u00eddos como Prov\u00edncia S\u00e3o Francisco de Assis do Rio Grande do Sul no dia 4 de outubro de 1976, dia de S\u00e3o Francisco.<\/p>\n<p>Atualmente, a Prov\u00edncia Santa Cruz \u00e9 composta por mais de 100 frades, alguns em per\u00edodo de forma\u00e7\u00e3o e estudos. S\u00e3o 14 fraternidades, sendo 8 par\u00f3quias. As fraternidades e par\u00f3quias est\u00e3o espalhadas por 10 munic\u00edpios distribu\u00eddos entre Minas Gerais e o sul da Bahia, al\u00e9m de presen\u00e7as em miss\u00f5es no exterior. Nesses locais, atuam na pastoral paroquial, educa\u00e7\u00e3o, projetos de a\u00e7\u00e3o social e de forma\u00e7\u00e3o de lideran\u00e7as crist\u00e3s.<\/p>\n<hr \/>\n<p>Fonte: Prov\u00edncia Santa Cruz &#8211; <a href=\"https:\/\/ofm.org.br\/\">https:\/\/ofm.org.br\/<\/a><\/p>\n","protected":false},"excerpt":{"rendered":"<p>Frei Vicente Paulo do Nascimento<\/p>\n","protected":false},"author":11,"featured_media":251614,"comment_status":"open","ping_status":"open","sticky":false,"template":"","format":"standard","meta":[],"categories":[1],"tags":[323,2251],"acf":[],"yoast_head":"<!-- This site is optimized with the Yoast SEO plugin v19.2 - https:\/\/yoast.com\/wordpress\/plugins\/seo\/ -->\n<title>Prov\u00edncia Santa Cruz, em Minas Gerais, \u00e9 a primeira do Brasil a eleger um irm\u00e3o leigo como Ministro Provincial - Not\u00edcias - Franciscanos<\/title>\n<meta name=\"robots\" content=\"index, follow, max-snippet:-1, max-image-preview:large, max-video-preview:-1\" \/>\n<link rel=\"canonical\" href=\"https:\/\/franciscanos.org.br\/noticias\/provincia-franciscana-santa-cruz-em-minas-gerais-e-a-primeira-do-brasil-a-eleger-um-irmao-leigo-como-ministro-provincial.html\" \/>\n<meta property=\"og:locale\" content=\"pt_BR\" \/>\n<meta property=\"og:type\" content=\"article\" \/>\n<meta property=\"og:title\" content=\"Prov\u00edncia Santa Cruz, em Minas Gerais, \u00e9 a primeira do Brasil a eleger um irm\u00e3o leigo como Ministro Provincial - Not\u00edcias - Franciscanos\" \/>\n<meta property=\"og:description\" content=\"Frei Vicente Paulo do Nascimento\" \/>\n<meta property=\"og:url\" content=\"https:\/\/franciscanos.org.br\/noticias\/provincia-franciscana-santa-cruz-em-minas-gerais-e-a-primeira-do-brasil-a-eleger-um-irmao-leigo-como-ministro-provincial.html\" \/>\n<meta property=\"og:site_name\" content=\"Not\u00edcias - Franciscanos\" \/>\n<meta property=\"article:published_time\" content=\"2024-10-18T18:06:11+00:00\" \/>\n<meta property=\"article:modified_time\" content=\"2024-10-18T18:10:15+00:00\" \/>\n<meta property=\"og:image\" content=\"https:\/\/franciscanos.org.br\/noticias\/wp-content\/uploads\/2024\/10\/CHAMADA-17.jpg\" \/>\n\t<meta property=\"og:image:width\" content=\"1280\" \/>\n\t<meta property=\"og:image:height\" content=\"720\" \/>\n\t<meta property=\"og:image:type\" content=\"image\/jpeg\" \/>\n<meta name=\"author\" content=\"Adriana Rabelo\" \/>\n<meta name=\"twitter:card\" content=\"summary_large_image\" \/>\n<meta name=\"twitter:label1\" content=\"Escrito por\" \/>\n\t<meta name=\"twitter:data1\" content=\"Adriana Rabelo\" \/>\n\t<meta name=\"twitter:label2\" content=\"Est. tempo de leitura\" \/>\n\t<meta name=\"twitter:data2\" content=\"6 minutos\" \/>\n<script type=\"application\/ld+json\" class=\"yoast-schema-graph\">{\"@context\":\"https:\/\/schema.org\",\"@graph\":[{\"@type\":\"WebSite\",\"@id\":\"https:\/\/franciscanos.org.br\/noticias\/#website\",\"url\":\"https:\/\/franciscanos.org.br\/noticias\/\",\"name\":\"Not\u00edcias - Franciscanos\",\"description\":\"Prov\u00edncia Franciscana da Imaculada Concei\u00e7\u00e3o do Brasil - Ordem dos Frades Menores - OFM\",\"potentialAction\":[{\"@type\":\"SearchAction\",\"target\":{\"@type\":\"EntryPoint\",\"urlTemplate\":\"https:\/\/franciscanos.org.br\/noticias\/?s={search_term_string}\"},\"query-input\":\"required name=search_term_string\"}],\"inLanguage\":\"pt-BR\"},{\"@type\":\"ImageObject\",\"inLanguage\":\"pt-BR\",\"@id\":\"https:\/\/franciscanos.org.br\/noticias\/provincia-franciscana-santa-cruz-em-minas-gerais-e-a-primeira-do-brasil-a-eleger-um-irmao-leigo-como-ministro-provincial.html#primaryimage\",\"url\":\"https:\/\/franciscanos.org.br\/noticias\/wp-content\/uploads\/2024\/10\/CHAMADA-17.jpg\",\"contentUrl\":\"https:\/\/franciscanos.org.br\/noticias\/wp-content\/uploads\/2024\/10\/CHAMADA-17.jpg\",\"width\":1280,\"height\":720},{\"@type\":\"WebPage\",\"@id\":\"https:\/\/franciscanos.org.br\/noticias\/provincia-franciscana-santa-cruz-em-minas-gerais-e-a-primeira-do-brasil-a-eleger-um-irmao-leigo-como-ministro-provincial.html#webpage\",\"url\":\"https:\/\/franciscanos.org.br\/noticias\/provincia-franciscana-santa-cruz-em-minas-gerais-e-a-primeira-do-brasil-a-eleger-um-irmao-leigo-como-ministro-provincial.html\",\"name\":\"Prov\u00edncia Santa Cruz, em Minas Gerais, \u00e9 a primeira do Brasil a eleger um irm\u00e3o leigo como Ministro Provincial - Not\u00edcias - Franciscanos\",\"isPartOf\":{\"@id\":\"https:\/\/franciscanos.org.br\/noticias\/#website\"},\"primaryImageOfPage\":{\"@id\":\"https:\/\/franciscanos.org.br\/noticias\/provincia-franciscana-santa-cruz-em-minas-gerais-e-a-primeira-do-brasil-a-eleger-um-irmao-leigo-como-ministro-provincial.html#primaryimage\"},\"datePublished\":\"2024-10-18T18:06:11+00:00\",\"dateModified\":\"2024-10-18T18:10:15+00:00\",\"author\":{\"@id\":\"https:\/\/franciscanos.org.br\/noticias\/#\/schema\/person\/d9422e83121c3ad3b0f423d195f5bb25\"},\"breadcrumb\":{\"@id\":\"https:\/\/franciscanos.org.br\/noticias\/provincia-franciscana-santa-cruz-em-minas-gerais-e-a-primeira-do-brasil-a-eleger-um-irmao-leigo-como-ministro-provincial.html#breadcrumb\"},\"inLanguage\":\"pt-BR\",\"potentialAction\":[{\"@type\":\"ReadAction\",\"target\":[\"https:\/\/franciscanos.org.br\/noticias\/provincia-franciscana-santa-cruz-em-minas-gerais-e-a-primeira-do-brasil-a-eleger-um-irmao-leigo-como-ministro-provincial.html\"]}]},{\"@type\":\"BreadcrumbList\",\"@id\":\"https:\/\/franciscanos.org.br\/noticias\/provincia-franciscana-santa-cruz-em-minas-gerais-e-a-primeira-do-brasil-a-eleger-um-irmao-leigo-como-ministro-provincial.html#breadcrumb\",\"itemListElement\":[{\"@type\":\"ListItem\",\"position\":1,\"name\":\"Home\",\"item\":\"https:\/\/franciscanos.org.br\/noticias\"},{\"@type\":\"ListItem\",\"position\":2,\"name\":\"Prov\u00edncia Santa Cruz, em Minas Gerais, \u00e9 a primeira do Brasil a eleger um irm\u00e3o leigo como Ministro Provincial\"}]},{\"@type\":\"Person\",\"@id\":\"https:\/\/franciscanos.org.br\/noticias\/#\/schema\/person\/d9422e83121c3ad3b0f423d195f5bb25\",\"name\":\"Adriana Rabelo\",\"image\":{\"@type\":\"ImageObject\",\"inLanguage\":\"pt-BR\",\"@id\":\"https:\/\/franciscanos.org.br\/noticias\/#\/schema\/person\/image\/\",\"url\":\"https:\/\/secure.gravatar.com\/avatar\/0a937b7500cd7df77540cfb8bede877d?s=96&d=mm&r=g\",\"contentUrl\":\"https:\/\/secure.gravatar.com\/avatar\/0a937b7500cd7df77540cfb8bede877d?s=96&d=mm&r=g\",\"caption\":\"Adriana Rabelo\"},\"url\":\"https:\/\/franciscanos.org.br\/noticias\/author\/adrianarabelo\"}]}<\/script>\n<!-- \/ Yoast SEO plugin. -->","yoast_head_json":{"title":"Prov\u00edncia Santa Cruz, em Minas Gerais, \u00e9 a primeira do Brasil a eleger um irm\u00e3o leigo como Ministro Provincial - Not\u00edcias - Franciscanos","robots":{"index":"index","follow":"follow","max-snippet":"max-snippet:-1","max-image-preview":"max-image-preview:large","max-video-preview":"max-video-preview:-1"},"canonical":"https:\/\/franciscanos.org.br\/noticias\/provincia-franciscana-santa-cruz-em-minas-gerais-e-a-primeira-do-brasil-a-eleger-um-irmao-leigo-como-ministro-provincial.html","og_locale":"pt_BR","og_type":"article","og_title":"Prov\u00edncia Santa Cruz, em Minas Gerais, \u00e9 a primeira do Brasil a eleger um irm\u00e3o leigo como Ministro Provincial - Not\u00edcias - Franciscanos","og_description":"Frei Vicente Paulo do Nascimento","og_url":"https:\/\/franciscanos.org.br\/noticias\/provincia-franciscana-santa-cruz-em-minas-gerais-e-a-primeira-do-brasil-a-eleger-um-irmao-leigo-como-ministro-provincial.html","og_site_name":"Not\u00edcias - Franciscanos","article_published_time":"2024-10-18T18:06:11+00:00","article_modified_time":"2024-10-18T18:10:15+00:00","og_image":[{"width":1280,"height":720,"url":"https:\/\/franciscanos.org.br\/noticias\/wp-content\/uploads\/2024\/10\/CHAMADA-17.jpg","type":"image\/jpeg"}],"author":"Adriana Rabelo","twitter_card":"summary_large_image","twitter_misc":{"Escrito por":"Adriana Rabelo","Est. tempo de leitura":"6 minutos"},"schema":{"@context":"https:\/\/schema.org","@graph":[{"@type":"WebSite","@id":"https:\/\/franciscanos.org.br\/noticias\/#website","url":"https:\/\/franciscanos.org.br\/noticias\/","name":"Not\u00edcias - Franciscanos","description":"Prov\u00edncia Franciscana da Imaculada Concei\u00e7\u00e3o do Brasil - Ordem dos Frades Menores - OFM","potentialAction":[{"@type":"SearchAction","target":{"@type":"EntryPoint","urlTemplate":"https:\/\/franciscanos.org.br\/noticias\/?s={search_term_string}"},"query-input":"required name=search_term_string"}],"inLanguage":"pt-BR"},{"@type":"ImageObject","inLanguage":"pt-BR","@id":"https:\/\/franciscanos.org.br\/noticias\/provincia-franciscana-santa-cruz-em-minas-gerais-e-a-primeira-do-brasil-a-eleger-um-irmao-leigo-como-ministro-provincial.html#primaryimage","url":"https:\/\/franciscanos.org.br\/noticias\/wp-content\/uploads\/2024\/10\/CHAMADA-17.jpg","contentUrl":"https:\/\/franciscanos.org.br\/noticias\/wp-content\/uploads\/2024\/10\/CHAMADA-17.jpg","width":1280,"height":720},{"@type":"WebPage","@id":"https:\/\/franciscanos.org.br\/noticias\/provincia-franciscana-santa-cruz-em-minas-gerais-e-a-primeira-do-brasil-a-eleger-um-irmao-leigo-como-ministro-provincial.html#webpage","url":"https:\/\/franciscanos.org.br\/noticias\/provincia-franciscana-santa-cruz-em-minas-gerais-e-a-primeira-do-brasil-a-eleger-um-irmao-leigo-como-ministro-provincial.html","name":"Prov\u00edncia Santa Cruz, em Minas Gerais, \u00e9 a primeira do Brasil a eleger um irm\u00e3o leigo como Ministro Provincial - Not\u00edcias - Franciscanos","isPartOf":{"@id":"https:\/\/franciscanos.org.br\/noticias\/#website"},"primaryImageOfPage":{"@id":"https:\/\/franciscanos.org.br\/noticias\/provincia-franciscana-santa-cruz-em-minas-gerais-e-a-primeira-do-brasil-a-eleger-um-irmao-leigo-como-ministro-provincial.html#primaryimage"},"datePublished":"2024-10-18T18:06:11+00:00","dateModified":"2024-10-18T18:10:15+00:00","author":{"@id":"https:\/\/franciscanos.org.br\/noticias\/#\/schema\/person\/d9422e83121c3ad3b0f423d195f5bb25"},"breadcrumb":{"@id":"https:\/\/franciscanos.org.br\/noticias\/provincia-franciscana-santa-cruz-em-minas-gerais-e-a-primeira-do-brasil-a-eleger-um-irmao-leigo-como-ministro-provincial.html#breadcrumb"},"inLanguage":"pt-BR","potentialAction":[{"@type":"ReadAction","target":["https:\/\/franciscanos.org.br\/noticias\/provincia-franciscana-santa-cruz-em-minas-gerais-e-a-primeira-do-brasil-a-eleger-um-irmao-leigo-como-ministro-provincial.html"]}]},{"@type":"BreadcrumbList","@id":"https:\/\/franciscanos.org.br\/noticias\/provincia-franciscana-santa-cruz-em-minas-gerais-e-a-primeira-do-brasil-a-eleger-um-irmao-leigo-como-ministro-provincial.html#breadcrumb","itemListElement":[{"@type":"ListItem","position":1,"name":"Home","item":"https:\/\/franciscanos.org.br\/noticias"},{"@type":"ListItem","position":2,"name":"Prov\u00edncia Santa Cruz, em Minas Gerais, \u00e9 a primeira do Brasil a eleger um irm\u00e3o leigo como Ministro Provincial"}]},{"@type":"Person","@id":"https:\/\/franciscanos.org.br\/noticias\/#\/schema\/person\/d9422e83121c3ad3b0f423d195f5bb25","name":"Adriana Rabelo","image":{"@type":"ImageObject","inLanguage":"pt-BR","@id":"https:\/\/franciscanos.org.br\/noticias\/#\/schema\/person\/image\/","url":"https:\/\/secure.gravatar.com\/avatar\/0a937b7500cd7df77540cfb8bede877d?s=96&d=mm&r=g","contentUrl":"https:\/\/secure.gravatar.com\/avatar\/0a937b7500cd7df77540cfb8bede877d?s=96&d=mm&r=g","caption":"Adriana Rabelo"},"url":"https:\/\/franciscanos.org.br\/noticias\/author\/adrianarabelo"}]}},"_links":{"self":[{"href":"https:\/\/franciscanos.org.br\/noticias\/wp-json\/wp\/v2\/posts\/251604"}],"collection":[{"href":"https:\/\/franciscanos.org.br\/noticias\/wp-json\/wp\/v2\/posts"}],"about":[{"href":"https:\/\/franciscanos.org.br\/noticias\/wp-json\/wp\/v2\/types\/post"}],"author":[{"embeddable":true,"href":"https:\/\/franciscanos.org.br\/noticias\/wp-json\/wp\/v2\/users\/11"}],"replies":[{"embeddable":true,"href":"https:\/\/franciscanos.org.br\/noticias\/wp-json\/wp\/v2\/comments?post=251604"}],"version-history":[{"count":5,"href":"https:\/\/franciscanos.org.br\/noticias\/wp-json\/wp\/v2\/posts\/251604\/revisions"}],"predecessor-version":[{"id":251618,"href":"https:\/\/franciscanos.org.br\/noticias\/wp-json\/wp\/v2\/posts\/251604\/revisions\/251618"}],"wp:featuredmedia":[{"embeddable":true,"href":"https:\/\/franciscanos.org.br\/noticias\/wp-json\/wp\/v2\/media\/251614"}],"wp:attachment":[{"href":"https:\/\/franciscanos.org.br\/noticias\/wp-json\/wp\/v2\/media?parent=251604"}],"wp:term":[{"taxonomy":"category","embeddable":true,"href":"https:\/\/franciscanos.org.br\/noticias\/wp-json\/wp\/v2\/categories?post=251604"},{"taxonomy":"post_tag","embeddable":true,"href":"https:\/\/franciscanos.org.br\/noticias\/wp-json\/wp\/v2\/tags?post=251604"}],"curies":[{"name":"wp","href":"https:\/\/api.w.org\/{rel}","templated":true}]}}