{"id":251592,"date":"2024-10-17T14:35:46","date_gmt":"2024-10-17T17:35:46","guid":{"rendered":"https:\/\/franciscanos.org.br\/noticias\/?p=251592"},"modified":"2024-10-18T11:50:42","modified_gmt":"2024-10-18T14:50:42","slug":"sefras-e-cnbb-estabelecem-parceria-diante-da-crise-socioambiental","status":"publish","type":"post","link":"https:\/\/franciscanos.org.br\/noticias\/sefras-e-cnbb-estabelecem-parceria-diante-da-crise-socioambiental.html","title":{"rendered":"Sefras e CNBB estabelecem parceria diante da crise socioambiental"},"content":{"rendered":"<p><img loading=\"lazy\" class=\"aligncenter wp-image-251593 size-full\" src=\"https:\/\/franciscanos.org.br\/noticias\/wp-content\/uploads\/2024\/10\/casa-comum.jpg\" alt=\"\" width=\"1280\" height=\"720\" srcset=\"https:\/\/franciscanos.org.br\/noticias\/wp-content\/uploads\/2024\/10\/casa-comum.jpg 1280w, https:\/\/franciscanos.org.br\/noticias\/wp-content\/uploads\/2024\/10\/casa-comum-450x253.jpg 450w, https:\/\/franciscanos.org.br\/noticias\/wp-content\/uploads\/2024\/10\/casa-comum-1024x576.jpg 1024w, https:\/\/franciscanos.org.br\/noticias\/wp-content\/uploads\/2024\/10\/casa-comum-768x432.jpg 768w, https:\/\/franciscanos.org.br\/noticias\/wp-content\/uploads\/2024\/10\/casa-comum-150x84.jpg 150w\" sizes=\"(max-width: 1280px) 100vw, 1280px\" \/><\/p>\n<p>Voc\u00ea sabia que, desde 1985, quase um quarto do Brasil foi queimado? Isso equivale a 199 milh\u00f5es de hectares ou 23% do territ\u00f3rio nacional. Apenas no primeiro semestre de 2024, mais de mil cidades brasileiras estiveram sob a classifica\u00e7\u00e3o de seca extrema e severa.<\/p>\n<p>Por outro lado, o excesso de chuvas tamb\u00e9m causou estragos e incont\u00e1veis perdas: quase 95% das cidades ga\u00fachas foram afetadas pelas chuvas em abril e maio de 2024, segundo dados da Defesa Civil do estado.<\/p>\n<p>Esse \u00e9 apenas um exemplo de situa\u00e7\u00f5es extremas que, a cada dia, tornam-se mais e mais comuns no Brasil e no mundo. Tudo isso por conta da crise socioambiental que produz efeitos e consequ\u00eancias mais graves n\u00e3o s\u00f3 para seres humanos, mas para os animais, para os biomas e para o pr\u00f3prio Planeta. O cen\u00e1rio \u00e9 t\u00e3o alarmante que cientistas estimam que mais de 100 milh\u00f5es de pessoas no mundo ser\u00e3o empurradas para a pobreza at\u00e9 2030 devido \u00e0s mudan\u00e7as clim\u00e1ticas.<\/p>\n<p>\u00c9 diante deste cen\u00e1rio de intensa crise socioambiental que o Sefras &#8211; A\u00e7\u00e3o Social Franciscana e a Confer\u00eancia Nacional dos Bispos do Brasil (CNBB) se unem para refletir e dar luz \u00e0 urgente necessidade de a\u00e7\u00e3o para reverter esse quadro.<\/p>\n<p>Uma das primeiras a\u00e7\u00f5es da parceria foi o apoio por parte da Campanha da Fraternidade, uma iniciativa anual da CNBB com mais de 60 anos, na concep\u00e7\u00e3o e realiza\u00e7\u00e3o da <a href=\"https:\/\/revistacasacomum.com.br\/revista-casa-comum\/\">10\u00aa edi\u00e7\u00e3o da Revista Casa Comum<\/a>, iniciativa de comunica\u00e7\u00e3o multiplataforma com foco em direitos humanos e socioambientais criada pelo Sefras.<\/p>\n<p>A parceria \u00e9 pautada no valor franciscano do di\u00e1logo, um dos pilares da atua\u00e7\u00e3o da Revista Casa Comum, que adota em suas a\u00e7\u00f5es e pr\u00e1ticas, os ensinamentos de S\u00e3o Francisco de Assis.<\/p>\n<p>O tema de 2025 da Campanha &#8211; Fraternidade e Ecologia Integral, juntamente com o lema \u201cDeus viu que tudo era muito bom!\u201d (Gn 1,31) &#8211; inspirou o volume especial da revista, que trouxe como tema \u201cSomos Natureza: a necess\u00e1ria convers\u00e3o ecol\u00f3gica\u201d e foi lan\u00e7ada em setembro.<\/p>\n<p>O volume especial foi planejado pela equipe da Revista Casa Comum e, al\u00e9m da CF, contou com a colabora\u00e7\u00e3o de um comit\u00ea externo, formado por diversas pessoas conectadas \u00e0 tem\u00e1tica do meio ambiente e outros especialistas.<\/p>\n<p>\u201cEssa parceria com a CF 2025 \u00e9 um marco para a agenda de mobiliza\u00e7\u00e3o da justi\u00e7a socioambiental e o fortalecimento de iniciativas locais para o pa\u00eds. Para n\u00f3s, franciscanos, essa \u00e9 uma forma de promover os valores do di\u00e1logo, fraternidade e bem comum em uma iniciativa hist\u00f3rica em parceria com a Igreja no Brasil\u201d, analisa F\u00e1bio Paes, coordenador de incid\u00eancia pol\u00edtica do Sefras \u2013 A\u00e7\u00e3o Social Franciscana e da Revista Casa Comum.<\/p>\n<p>Gra\u00e7as \u00e0 parceria tamb\u00e9m com a PAULUS Social, ser\u00e3o impressos e distribu\u00eddos por todo o Brasil, em car\u00e1ter extraordin\u00e1rio, 135 mil exemplares da edi\u00e7\u00e3o.<\/p>\n<p><strong>Volume especial<\/strong><\/p>\n<p>A 10\u00aa edi\u00e7\u00e3o da Revista conta com um leque de motivos para ser um volume especial. Al\u00e9m de se inspirar na tem\u00e1tica da Campanha da Fraternidade 2025, a Revista Casa Comum tamb\u00e9m considerou outros acontecimentos importantes em 2025 para escolher o tema desta nova edi\u00e7\u00e3o.<\/p>\n<p>O ano que vem marca, por exemplo, os 10 anos da publica\u00e7\u00e3o da Carta Enc\u00edclica Laudato Si\u2019, a carta ecol\u00f3gica do Papa Francisco, onde clama a todos pelo cuidado com a Casa Comum.<\/p>\n<p>\u00c9 tamb\u00e9m em 2025 que se completam 800 anos do C\u00e2ntico das Criaturas, poema escrito em 1225 por S\u00e3o Francisco de Assis que exalta e expressa uma profunda conex\u00e3o com todos os elementos naturais e criaturas, colocando sol, lua, vento, \u00e1gua, fogo, a morte e, finalmente, a M\u00e3e Terra na posi\u00e7\u00e3o de irm\u00e3os e irm\u00e3s. Inclusive, a 10\u00aa edi\u00e7\u00e3o traz um texto especial sobre este tema.<\/p>\n<p>Quando o assunto s\u00e3o os grandes eventos e confer\u00eancias, a cidade de Bel\u00e9m, no Par\u00e1, ser\u00e1 palco da Confer\u00eancia das Partes da Conven\u00e7\u00e3o-Quadro das Na\u00e7\u00f5es Unidas sobre a Mudan\u00e7a do Clima (UNFCCC), a COP 30, entre os dias 10 e 21 de novembro de 2025. \u00c9 a primeira vez que o evento acontecer\u00e1 na Amaz\u00f4nia brasileira.<\/p>\n<p>Isso sem falar que, em 2025, o Sefras completa 25 anos de atua\u00e7\u00e3o no pa\u00eds.<\/p>\n<p><strong>Ecologia Integral<\/strong><\/p>\n<p>O conceito de convers\u00e3o ecol\u00f3gica &#8211; que aparece no t\u00edtulo da 10\u00aa edi\u00e7\u00e3o da Revista Casa Comum &#8211; engloba a necessidade de mudan\u00e7as radicais de estilo de vida, do modelo econ\u00f4mico vigente, da forma de ser e estar no mundo e no modo de relacionar-se com o Planeta.<\/p>\n<p>O objetivo \u00e9 que, com mudan\u00e7as de atitude e nas formas de produzir e consumir, os seres humanos possam resgatar e reestabelecer uma rela\u00e7\u00e3o de respeito com os outros seres, com os elementos constituintes da Natureza e com a pr\u00f3pria M\u00e3e Terra, a Casa Comum. Esse apelo se faz cada dia mais urgente diante dos efeitos das mudan\u00e7as clim\u00e1ticas e da crise socioambiental que se agravam e produzem efeitos extremos.<\/p>\n<p>Jean Poul Hansen, secret\u00e1rio executivo de Campanhas da CNBB, destaca que, embora essa conceitua\u00e7\u00e3o ainda n\u00e3o existisse h\u00e1 v\u00e1rios s\u00e9culos, a Igreja Cat\u00f3lica j\u00e1 abordava, em seus documentos internos e externos, a import\u00e2ncia da Ecologia Integral e ess\u00eancia, e apontava os desafios para a humanidade neste aspecto.<\/p>\n<p>A Campanha de 2025 representa a nona vez que o termo Ecologia aparece, de alguma forma, na Campanha da Fraternidade, sendo o tema mais abordado pela iniciativa.<\/p>\n<p>\u201cPrecisamos ouvir as vozes e os gritos dos pobres e da Terra porque s\u00e3o os que mais sofrem. Os gritos da Terra podem ser ouvidos diante dos inc\u00eandios, desmatamentos e polui\u00e7\u00e3o,\u201d enumera o Padre.<\/p>\n<p><strong>Casa Comum em Bras\u00edlia<\/strong><\/p>\n<p>Dando continuidade \u00e0 parceria entre revista e CNBB, a <a href=\"https:\/\/revistacasacomum.com.br\/10a-edicao-da-revista-casa-comum-e-lancada-durante-seminario-nacional-da-campanha-da-fraternidade-em-brasilia\/\">10\u00aa edi\u00e7\u00e3o foi lan\u00e7ada durante o Semin\u00e1rio Nacional da Campanha da Fraternidade 2025<\/a>, que aconteceu em Bras\u00edlia entre 26 e 29 de setembro, e contou com a participa\u00e7\u00e3o de cerca de 100 pessoas.<\/p>\n<p>Parte da equipe da Revista Casa Comum esteve presente e acompanhou os debates sobre a urg\u00eancia de uma Ecologia Integral.<\/p>\n<p>\u201cLan\u00e7ar a Revista Casa Comum juntamente com a CNBB \u00e9 um marco para n\u00f3s franciscanos, para o Sefras e para a equipe da publica\u00e7\u00e3o, frente a esse momento de necess\u00e1ria visibilidade e incid\u00eancia para a agenda socioambiental\u201d, analisou F\u00e1bio.<\/p>\n<p><strong>Mutir\u00e3o em Defesa da Casa Comum<\/strong><\/p>\n<p><img loading=\"lazy\" class=\"size-medium wp-image-251595 alignright\" src=\"https:\/\/franciscanos.org.br\/noticias\/wp-content\/uploads\/2024\/10\/logomarca-1-1-428x450.jpg\" alt=\"\" width=\"428\" height=\"450\" srcset=\"https:\/\/franciscanos.org.br\/noticias\/wp-content\/uploads\/2024\/10\/logomarca-1-1-428x450.jpg 428w, https:\/\/franciscanos.org.br\/noticias\/wp-content\/uploads\/2024\/10\/logomarca-1-1-975x1024.jpg 975w, https:\/\/franciscanos.org.br\/noticias\/wp-content\/uploads\/2024\/10\/logomarca-1-1-768x807.jpg 768w, https:\/\/franciscanos.org.br\/noticias\/wp-content\/uploads\/2024\/10\/logomarca-1-1-1463x1536.jpg 1463w, https:\/\/franciscanos.org.br\/noticias\/wp-content\/uploads\/2024\/10\/logomarca-1-1-1950x2048.jpg 1950w, https:\/\/franciscanos.org.br\/noticias\/wp-content\/uploads\/2024\/10\/logomarca-1-1-150x158.jpg 150w, https:\/\/franciscanos.org.br\/noticias\/wp-content\/uploads\/2024\/10\/logomarca-1-1-scaled.jpg 1028w\" sizes=\"(max-width: 428px) 100vw, 428px\" \/>Mais uma a\u00e7\u00e3o resultante da parceria \u00e9 o curso Mutir\u00e3o em Defesa da Casa Comum.<\/p>\n<p>Com o tema \u201ctudo o que existe e vive precisa ser cuidado\u201d, o Mutir\u00e3o prev\u00ea o uso do conte\u00fado da 10\u00aa edi\u00e7\u00e3o da Revista Casa Comum e da Trilha de Saberes que a acompanha como base para as discuss\u00f5es, debates e trocas de experi\u00eancias entre os(as) inscritos(as).<\/p>\n<p>A iniciativa tem como objetivo capacitar animadores(as) e multiplicadores(as) para a defesa e o cuidado da Casa Comum, e pretende contribuir para o despertar da consci\u00eancia cr\u00edtica e ecol\u00f3gica diante da grave crise socioambiental no Brasil e no mundo, a promo\u00e7\u00e3o da justi\u00e7a social e clim\u00e1tica e o exerc\u00edcio da cidadania.<\/p>\n<p>O novo curso foi inspirado pelo Mutir\u00e3o pela Democracia, iniciativa da Revista Casa Comum em parceria com o Projeto Encantar a Pol\u00edtica realizado no in\u00edcio de 2024, com base nas reportagens da 8\u00aa edi\u00e7\u00e3o da Revista Casa Comum \u2013 que pautou o tema \u201cReencantar a pol\u00edtica: pela mobiliza\u00e7\u00e3o das urnas e das ruas\u201d \u2013 e tamb\u00e9m na Trilha de Saberes.<\/p>\n<p>Com o objetivo de possibilitar a participa\u00e7\u00e3o de pessoas de diferentes regi\u00f5es do pa\u00eds, o Mutir\u00e3o acontece, em sua totalidade, no formato virtual e gratuito. As forma\u00e7\u00f5es, di\u00e1logos e rodas de conversa s\u00e3o realizadas na plataforma Zoom, al\u00e9m dos comunicados e materiais enviados por e-mail e nos grupos de WhatsApp.<\/p>\n<p>O curso ter\u00e1 validade de extens\u00e3o universit\u00e1ria e ser\u00e1 certificado pela C\u00e1tedra Unesco de Juventude da Universidade Cat\u00f3lica de Bras\u00edlia, em parceria com o Vida e Juventude. O recebimento do certificado depender\u00e1 da participa\u00e7\u00e3o em pelo menos cinco das sete rodas de conversas e da realiza\u00e7\u00e3o das atividades avaliativas com aproveitamento m\u00ednimo de 60%.<\/p>\n<p>Al\u00e9m disso, cada participante deve assumir o compromisso de multiplicar a forma\u00e7\u00e3o recebida para sete novas lideran\u00e7as, que, por sua vez, devem mobilizar outras sete pessoas em suas localidades, multiplicando, assim, o efeito e alcance da forma\u00e7\u00e3o.<\/p>\n<p>O Mutir\u00e3o em Defesa da Casa Comum ser\u00e1 composto por duas turmas. A primeira, com inscri\u00e7\u00f5es abertas, tem in\u00edcio previsto para 28 de outubro. J\u00e1 a segunda ser\u00e1 realizada entre janeiro e mar\u00e7o de 2025. Juntas, t\u00eam como objetivo formar cerca de 1.300 pessoas.<\/p>\n<p>Para participar, basta realizar a inscri\u00e7\u00e3o por <a href=\"https:\/\/app.ciaticket.com.br\/e\/MUTIRAOCUIDADOCASACOMUM?ingresso_1562=1\"><strong>este link<\/strong><\/a>.<\/p>\n<p><strong>Sobre a Revista Casa Comum<\/strong><\/p>\n<p>Com o lema \u201cCuidar de si, do outro e do planeta\u201d, a Revista Casa Comum \u00e9 uma iniciativa de comunica\u00e7\u00e3o multiplataformas, com uma atua\u00e7\u00e3o diversificada e pensada para diferentes m\u00eddias: impressa, digital e audiovisual, com foco em direitos humanos e socioambientais.<\/p>\n<p><img loading=\"lazy\" class=\"size-medium wp-image-251597 alignleft\" src=\"https:\/\/franciscanos.org.br\/noticias\/wp-content\/uploads\/2024\/10\/Mockup_CasaComum10-1-337x450.jpg\" alt=\"\" width=\"337\" height=\"450\" srcset=\"https:\/\/franciscanos.org.br\/noticias\/wp-content\/uploads\/2024\/10\/Mockup_CasaComum10-1-337x450.jpg 337w, https:\/\/franciscanos.org.br\/noticias\/wp-content\/uploads\/2024\/10\/Mockup_CasaComum10-1-768x1024.jpg 768w, https:\/\/franciscanos.org.br\/noticias\/wp-content\/uploads\/2024\/10\/Mockup_CasaComum10-1-1152x1536.jpg 1152w, https:\/\/franciscanos.org.br\/noticias\/wp-content\/uploads\/2024\/10\/Mockup_CasaComum10-1-1536x2048.jpg 1536w, https:\/\/franciscanos.org.br\/noticias\/wp-content\/uploads\/2024\/10\/Mockup_CasaComum10-1-150x200.jpg 150w, https:\/\/franciscanos.org.br\/noticias\/wp-content\/uploads\/2024\/10\/Mockup_CasaComum10-1-scaled.jpg 810w\" sizes=\"(max-width: 337px) 100vw, 337px\" \/>O projeto foi criado em 2022 pelo Sefras &#8211; A\u00e7\u00e3o Social Franciscana e conta com coordena\u00e7\u00e3o editorial do Est\u00fadio Cais &#8211; Projetos de Interesse P\u00fablico.<\/p>\n<p>Enquanto projeto de comunica\u00e7\u00e3o, a Revista Casa Comum visa articular e convergir as a\u00e7\u00f5es e as agendas de incid\u00eancia pol\u00edtica de organiza\u00e7\u00f5es, coaliz\u00f5es, movimentos, coletivos e redes que atuam em defesa de direitos humanos e ambientais.<\/p>\n<p>A perspectiva \u00e9 o fortalecimento das a\u00e7\u00f5es populares, produ\u00e7\u00e3o de conte\u00fado cr\u00edtico e dissemina\u00e7\u00e3o de informa\u00e7\u00f5es qualificadas referentes aos direitos humanos e ambientais, a fim de gerar conhecimento e incentivar o engajamento e a mobiliza\u00e7\u00e3o social em torno de temas urgentes do pa\u00eds.<\/p>\n<p>Seu principal produto, a revista impressa tem periodicidade trimestral e traz debates da agenda de direitos socioambientais em diferentes formatos: desde grandes reportagens, passando por entrevistas em profundidade com especialistas, estudiosos(as) e ativistas, infogr\u00e1ficos e ensaios fotogr\u00e1ficos.<\/p>\n<p>Todas as edi\u00e7\u00f5es da revista s\u00e3o acompanhadas pela Trilha de Saberes. Desenvolvido com apoio institucional da Associa\u00e7\u00e3o Brasileira de Pesquisadores e Profissionais de Educomunica\u00e7\u00e3o (ABPEducom) e de impress\u00e3o e dissemina\u00e7\u00e3o da PAULUS Social, o material \u00e9 direcionado aos educadores e educadoras, ou seja, todos e todas que promovem atividades com grupos, coletivos, movimentos, espa\u00e7os escolares etc. a fim de que possam explorar todo o conte\u00fado da revista em momentos de encontros, rodas de conversa e forma\u00e7\u00f5es, incentivando a reflex\u00e3o e o engajamento de cidad\u00e3os e cidad\u00e3s em iniciativas de transforma\u00e7\u00e3o social.<\/p>\n<p>A Revista Casa Comum conta, ainda, com produ\u00e7\u00f5es exclusivas do site &#8211; <a href=\"https:\/\/revistacasacomum.com.br\/\">www.revistacasacomum.com.br<\/a> -, e presen\u00e7a nas redes sociais &#8211; Instagram e LinkedIn -, canais no YouTube e Spotify, al\u00e9m de uma comunidade no WhatsApp. Todos os canais contam com a divulga\u00e7\u00e3o de tem\u00e1ticas da agenda socioambiental brasileira em diferentes formatos: textos, v\u00eddeos, podcast, e mais.<\/p>\n<p>Para receber todos os materiais da revista, basta fazer o cadastro no site na aba inscreva-se. <a href=\"https:\/\/revistacasacomum.com.br\/inscreva-se\/\"><strong>Acesse aqui<\/strong><\/a>.<\/p>\n<hr \/>\n<p><em><span class=\"qu\" tabindex=\"-1\" role=\"gridcell\" translate=\"no\"><span class=\"gD\" data-hovercard-id=\"daniele@estudiocais.com.br\" data-hovercard-owner-id=\"49\">Daniele Pr\u00f3spero<\/span><\/span><\/em><\/p>\n","protected":false},"excerpt":{"rendered":"<p>Campanha da Fraternidade 2025<\/p>\n","protected":false},"author":11,"featured_media":251594,"comment_status":"open","ping_status":"open","sticky":false,"template":"","format":"standard","meta":[],"categories":[1],"tags":[29,228],"acf":[],"yoast_head":"<!-- This site is optimized with the Yoast SEO plugin v19.2 - https:\/\/yoast.com\/wordpress\/plugins\/seo\/ -->\n<title>Sefras e CNBB estabelecem parceria diante da crise socioambiental - Not\u00edcias - Franciscanos<\/title>\n<meta name=\"robots\" content=\"index, follow, max-snippet:-1, max-image-preview:large, max-video-preview:-1\" \/>\n<link rel=\"canonical\" href=\"https:\/\/franciscanos.org.br\/noticias\/sefras-e-cnbb-estabelecem-parceria-diante-da-crise-socioambiental.html\" \/>\n<meta property=\"og:locale\" content=\"pt_BR\" \/>\n<meta property=\"og:type\" content=\"article\" \/>\n<meta property=\"og:title\" content=\"Sefras e CNBB estabelecem parceria diante da crise socioambiental - Not\u00edcias - Franciscanos\" \/>\n<meta property=\"og:description\" content=\"Campanha da Fraternidade 2025\" \/>\n<meta property=\"og:url\" content=\"https:\/\/franciscanos.org.br\/noticias\/sefras-e-cnbb-estabelecem-parceria-diante-da-crise-socioambiental.html\" \/>\n<meta property=\"og:site_name\" content=\"Not\u00edcias - Franciscanos\" \/>\n<meta property=\"article:published_time\" content=\"2024-10-17T17:35:46+00:00\" \/>\n<meta property=\"article:modified_time\" content=\"2024-10-18T14:50:42+00:00\" \/>\n<meta property=\"og:image\" content=\"https:\/\/franciscanos.org.br\/noticias\/wp-content\/uploads\/2024\/10\/chamada-casa-comum-1.jpg\" \/>\n\t<meta property=\"og:image:width\" content=\"800\" \/>\n\t<meta property=\"og:image:height\" content=\"550\" \/>\n\t<meta property=\"og:image:type\" content=\"image\/jpeg\" \/>\n<meta name=\"author\" content=\"Adriana Rabelo\" \/>\n<meta name=\"twitter:card\" content=\"summary_large_image\" \/>\n<meta name=\"twitter:label1\" content=\"Escrito por\" \/>\n\t<meta name=\"twitter:data1\" content=\"Adriana Rabelo\" \/>\n\t<meta name=\"twitter:label2\" content=\"Est. tempo de leitura\" \/>\n\t<meta name=\"twitter:data2\" content=\"9 minutos\" \/>\n<script type=\"application\/ld+json\" class=\"yoast-schema-graph\">{\"@context\":\"https:\/\/schema.org\",\"@graph\":[{\"@type\":\"WebSite\",\"@id\":\"https:\/\/franciscanos.org.br\/noticias\/#website\",\"url\":\"https:\/\/franciscanos.org.br\/noticias\/\",\"name\":\"Not\u00edcias - Franciscanos\",\"description\":\"Prov\u00edncia Franciscana da Imaculada Concei\u00e7\u00e3o do Brasil - Ordem dos Frades Menores - OFM\",\"potentialAction\":[{\"@type\":\"SearchAction\",\"target\":{\"@type\":\"EntryPoint\",\"urlTemplate\":\"https:\/\/franciscanos.org.br\/noticias\/?s={search_term_string}\"},\"query-input\":\"required name=search_term_string\"}],\"inLanguage\":\"pt-BR\"},{\"@type\":\"ImageObject\",\"inLanguage\":\"pt-BR\",\"@id\":\"https:\/\/franciscanos.org.br\/noticias\/sefras-e-cnbb-estabelecem-parceria-diante-da-crise-socioambiental.html#primaryimage\",\"url\":\"https:\/\/franciscanos.org.br\/noticias\/wp-content\/uploads\/2024\/10\/chamada-casa-comum-1.jpg\",\"contentUrl\":\"https:\/\/franciscanos.org.br\/noticias\/wp-content\/uploads\/2024\/10\/chamada-casa-comum-1.jpg\",\"width\":800,\"height\":550},{\"@type\":\"WebPage\",\"@id\":\"https:\/\/franciscanos.org.br\/noticias\/sefras-e-cnbb-estabelecem-parceria-diante-da-crise-socioambiental.html#webpage\",\"url\":\"https:\/\/franciscanos.org.br\/noticias\/sefras-e-cnbb-estabelecem-parceria-diante-da-crise-socioambiental.html\",\"name\":\"Sefras e CNBB estabelecem parceria diante da crise socioambiental - Not\u00edcias - Franciscanos\",\"isPartOf\":{\"@id\":\"https:\/\/franciscanos.org.br\/noticias\/#website\"},\"primaryImageOfPage\":{\"@id\":\"https:\/\/franciscanos.org.br\/noticias\/sefras-e-cnbb-estabelecem-parceria-diante-da-crise-socioambiental.html#primaryimage\"},\"datePublished\":\"2024-10-17T17:35:46+00:00\",\"dateModified\":\"2024-10-18T14:50:42+00:00\",\"author\":{\"@id\":\"https:\/\/franciscanos.org.br\/noticias\/#\/schema\/person\/d9422e83121c3ad3b0f423d195f5bb25\"},\"breadcrumb\":{\"@id\":\"https:\/\/franciscanos.org.br\/noticias\/sefras-e-cnbb-estabelecem-parceria-diante-da-crise-socioambiental.html#breadcrumb\"},\"inLanguage\":\"pt-BR\",\"potentialAction\":[{\"@type\":\"ReadAction\",\"target\":[\"https:\/\/franciscanos.org.br\/noticias\/sefras-e-cnbb-estabelecem-parceria-diante-da-crise-socioambiental.html\"]}]},{\"@type\":\"BreadcrumbList\",\"@id\":\"https:\/\/franciscanos.org.br\/noticias\/sefras-e-cnbb-estabelecem-parceria-diante-da-crise-socioambiental.html#breadcrumb\",\"itemListElement\":[{\"@type\":\"ListItem\",\"position\":1,\"name\":\"Home\",\"item\":\"https:\/\/franciscanos.org.br\/noticias\"},{\"@type\":\"ListItem\",\"position\":2,\"name\":\"Sefras e CNBB estabelecem parceria diante da crise socioambiental\"}]},{\"@type\":\"Person\",\"@id\":\"https:\/\/franciscanos.org.br\/noticias\/#\/schema\/person\/d9422e83121c3ad3b0f423d195f5bb25\",\"name\":\"Adriana Rabelo\",\"image\":{\"@type\":\"ImageObject\",\"inLanguage\":\"pt-BR\",\"@id\":\"https:\/\/franciscanos.org.br\/noticias\/#\/schema\/person\/image\/\",\"url\":\"https:\/\/secure.gravatar.com\/avatar\/0a937b7500cd7df77540cfb8bede877d?s=96&d=mm&r=g\",\"contentUrl\":\"https:\/\/secure.gravatar.com\/avatar\/0a937b7500cd7df77540cfb8bede877d?s=96&d=mm&r=g\",\"caption\":\"Adriana Rabelo\"},\"url\":\"https:\/\/franciscanos.org.br\/noticias\/author\/adrianarabelo\"}]}<\/script>\n<!-- \/ Yoast SEO plugin. -->","yoast_head_json":{"title":"Sefras e CNBB estabelecem parceria diante da crise socioambiental - Not\u00edcias - Franciscanos","robots":{"index":"index","follow":"follow","max-snippet":"max-snippet:-1","max-image-preview":"max-image-preview:large","max-video-preview":"max-video-preview:-1"},"canonical":"https:\/\/franciscanos.org.br\/noticias\/sefras-e-cnbb-estabelecem-parceria-diante-da-crise-socioambiental.html","og_locale":"pt_BR","og_type":"article","og_title":"Sefras e CNBB estabelecem parceria diante da crise socioambiental - Not\u00edcias - Franciscanos","og_description":"Campanha da Fraternidade 2025","og_url":"https:\/\/franciscanos.org.br\/noticias\/sefras-e-cnbb-estabelecem-parceria-diante-da-crise-socioambiental.html","og_site_name":"Not\u00edcias - Franciscanos","article_published_time":"2024-10-17T17:35:46+00:00","article_modified_time":"2024-10-18T14:50:42+00:00","og_image":[{"width":800,"height":550,"url":"https:\/\/franciscanos.org.br\/noticias\/wp-content\/uploads\/2024\/10\/chamada-casa-comum-1.jpg","type":"image\/jpeg"}],"author":"Adriana Rabelo","twitter_card":"summary_large_image","twitter_misc":{"Escrito por":"Adriana Rabelo","Est. tempo de leitura":"9 minutos"},"schema":{"@context":"https:\/\/schema.org","@graph":[{"@type":"WebSite","@id":"https:\/\/franciscanos.org.br\/noticias\/#website","url":"https:\/\/franciscanos.org.br\/noticias\/","name":"Not\u00edcias - Franciscanos","description":"Prov\u00edncia Franciscana da Imaculada Concei\u00e7\u00e3o do Brasil - Ordem dos Frades Menores - OFM","potentialAction":[{"@type":"SearchAction","target":{"@type":"EntryPoint","urlTemplate":"https:\/\/franciscanos.org.br\/noticias\/?s={search_term_string}"},"query-input":"required name=search_term_string"}],"inLanguage":"pt-BR"},{"@type":"ImageObject","inLanguage":"pt-BR","@id":"https:\/\/franciscanos.org.br\/noticias\/sefras-e-cnbb-estabelecem-parceria-diante-da-crise-socioambiental.html#primaryimage","url":"https:\/\/franciscanos.org.br\/noticias\/wp-content\/uploads\/2024\/10\/chamada-casa-comum-1.jpg","contentUrl":"https:\/\/franciscanos.org.br\/noticias\/wp-content\/uploads\/2024\/10\/chamada-casa-comum-1.jpg","width":800,"height":550},{"@type":"WebPage","@id":"https:\/\/franciscanos.org.br\/noticias\/sefras-e-cnbb-estabelecem-parceria-diante-da-crise-socioambiental.html#webpage","url":"https:\/\/franciscanos.org.br\/noticias\/sefras-e-cnbb-estabelecem-parceria-diante-da-crise-socioambiental.html","name":"Sefras e CNBB estabelecem parceria diante da crise socioambiental - Not\u00edcias - Franciscanos","isPartOf":{"@id":"https:\/\/franciscanos.org.br\/noticias\/#website"},"primaryImageOfPage":{"@id":"https:\/\/franciscanos.org.br\/noticias\/sefras-e-cnbb-estabelecem-parceria-diante-da-crise-socioambiental.html#primaryimage"},"datePublished":"2024-10-17T17:35:46+00:00","dateModified":"2024-10-18T14:50:42+00:00","author":{"@id":"https:\/\/franciscanos.org.br\/noticias\/#\/schema\/person\/d9422e83121c3ad3b0f423d195f5bb25"},"breadcrumb":{"@id":"https:\/\/franciscanos.org.br\/noticias\/sefras-e-cnbb-estabelecem-parceria-diante-da-crise-socioambiental.html#breadcrumb"},"inLanguage":"pt-BR","potentialAction":[{"@type":"ReadAction","target":["https:\/\/franciscanos.org.br\/noticias\/sefras-e-cnbb-estabelecem-parceria-diante-da-crise-socioambiental.html"]}]},{"@type":"BreadcrumbList","@id":"https:\/\/franciscanos.org.br\/noticias\/sefras-e-cnbb-estabelecem-parceria-diante-da-crise-socioambiental.html#breadcrumb","itemListElement":[{"@type":"ListItem","position":1,"name":"Home","item":"https:\/\/franciscanos.org.br\/noticias"},{"@type":"ListItem","position":2,"name":"Sefras e CNBB estabelecem parceria diante da crise socioambiental"}]},{"@type":"Person","@id":"https:\/\/franciscanos.org.br\/noticias\/#\/schema\/person\/d9422e83121c3ad3b0f423d195f5bb25","name":"Adriana Rabelo","image":{"@type":"ImageObject","inLanguage":"pt-BR","@id":"https:\/\/franciscanos.org.br\/noticias\/#\/schema\/person\/image\/","url":"https:\/\/secure.gravatar.com\/avatar\/0a937b7500cd7df77540cfb8bede877d?s=96&d=mm&r=g","contentUrl":"https:\/\/secure.gravatar.com\/avatar\/0a937b7500cd7df77540cfb8bede877d?s=96&d=mm&r=g","caption":"Adriana Rabelo"},"url":"https:\/\/franciscanos.org.br\/noticias\/author\/adrianarabelo"}]}},"_links":{"self":[{"href":"https:\/\/franciscanos.org.br\/noticias\/wp-json\/wp\/v2\/posts\/251592"}],"collection":[{"href":"https:\/\/franciscanos.org.br\/noticias\/wp-json\/wp\/v2\/posts"}],"about":[{"href":"https:\/\/franciscanos.org.br\/noticias\/wp-json\/wp\/v2\/types\/post"}],"author":[{"embeddable":true,"href":"https:\/\/franciscanos.org.br\/noticias\/wp-json\/wp\/v2\/users\/11"}],"replies":[{"embeddable":true,"href":"https:\/\/franciscanos.org.br\/noticias\/wp-json\/wp\/v2\/comments?post=251592"}],"version-history":[{"count":6,"href":"https:\/\/franciscanos.org.br\/noticias\/wp-json\/wp\/v2\/posts\/251592\/revisions"}],"predecessor-version":[{"id":251602,"href":"https:\/\/franciscanos.org.br\/noticias\/wp-json\/wp\/v2\/posts\/251592\/revisions\/251602"}],"wp:featuredmedia":[{"embeddable":true,"href":"https:\/\/franciscanos.org.br\/noticias\/wp-json\/wp\/v2\/media\/251594"}],"wp:attachment":[{"href":"https:\/\/franciscanos.org.br\/noticias\/wp-json\/wp\/v2\/media?parent=251592"}],"wp:term":[{"taxonomy":"category","embeddable":true,"href":"https:\/\/franciscanos.org.br\/noticias\/wp-json\/wp\/v2\/categories?post=251592"},{"taxonomy":"post_tag","embeddable":true,"href":"https:\/\/franciscanos.org.br\/noticias\/wp-json\/wp\/v2\/tags?post=251592"}],"curies":[{"name":"wp","href":"https:\/\/api.w.org\/{rel}","templated":true}]}}