{"id":251569,"date":"2024-10-16T08:35:15","date_gmt":"2024-10-16T11:35:15","guid":{"rendered":"https:\/\/franciscanos.org.br\/noticias\/?p=251569"},"modified":"2024-10-16T09:33:07","modified_gmt":"2024-10-16T12:33:07","slug":"o-espirito-santo-nos-liberta-do-horror-da-morte-e-da-injustica","status":"publish","type":"post","link":"https:\/\/franciscanos.org.br\/noticias\/o-espirito-santo-nos-liberta-do-horror-da-morte-e-da-injustica.html","title":{"rendered":"O Esp\u00edrito Santo nos liberta do horror da morte e da injusti\u00e7a"},"content":{"rendered":"<p>&nbsp;<\/p>\n<p><img loading=\"lazy\" class=\"aligncenter wp-image-251571 size-full\" src=\"https:\/\/franciscanos.org.br\/noticias\/wp-content\/uploads\/2024\/10\/materia-audiencia-16.10.jpg\" alt=\"\" width=\"1280\" height=\"720\" srcset=\"https:\/\/franciscanos.org.br\/noticias\/wp-content\/uploads\/2024\/10\/materia-audiencia-16.10.jpg 1280w, https:\/\/franciscanos.org.br\/noticias\/wp-content\/uploads\/2024\/10\/materia-audiencia-16.10-450x253.jpg 450w, https:\/\/franciscanos.org.br\/noticias\/wp-content\/uploads\/2024\/10\/materia-audiencia-16.10-1024x576.jpg 1024w, https:\/\/franciscanos.org.br\/noticias\/wp-content\/uploads\/2024\/10\/materia-audiencia-16.10-768x432.jpg 768w, https:\/\/franciscanos.org.br\/noticias\/wp-content\/uploads\/2024\/10\/materia-audiencia-16.10-150x84.jpg 150w\" sizes=\"(max-width: 1280px) 100vw, 1280px\" \/><\/p>\n<p>Na catequese desta quarta-feira, 16 de outubro, o Papa Francisco continuou o ciclo de ensinamentos sobre o Esp\u00edrito Santo, concentrando-se em como Ele se manifesta nas Escrituras e atua na Igreja ao longo da hist\u00f3ria. O Santo Padre, ao falar para os milhares de fi\u00e9is reunidos na Pra\u00e7a S\u00e3o Pedro, destacou que, durante os primeiros tr\u00eas s\u00e9culos, a Igreja n\u00e3o havia formulado explicitamente sua f\u00e9 no Esp\u00edrito Santo, at\u00e9 que as heresias obrigaram os conc\u00edlios a esclarecer a doutrina.<\/p>\n<p>Francisco relembrou o Conc\u00edlio de Constantinopla, em 381, que definiu a divindade do Esp\u00edrito Santo, afirmando: \u201cCreio no Esp\u00edrito Santo, Senhor que d\u00e1 a vida, e procede do Pai [e do Filho]; e com o Pai e o Filho \u00e9 adorado e glorificado\u201d. Com isso, o Papa sublinhou a import\u00e2ncia de reconhecer que o Esp\u00edrito Santo compartilha da mesma divindade do Pai e do Filho, sendo Ele adorado e glorificado na mesma medida.<\/p>\n<p><strong>O Esp\u00edrito Santo \u00e9 vivificante<\/strong><\/p>\n<p>Francisco enfatizou que a afirma\u00e7\u00e3o central sobre o Esp\u00edrito Santo no Credo \u00e9 que Ele \u00e9 &#8220;vivificante&#8221;, ou seja, &#8220;d\u00e1 a vida&#8221;. Ao explicar esse ponto, o Papa mencionou que, no in\u00edcio da cria\u00e7\u00e3o, o sopro de Deus deu vida a Ad\u00e3o, transformando-o de um homem de barro em um ser vivente. &#8220;Na nova cria\u00e7\u00e3o, o Esp\u00edrito Santo \u00e9 Aquele que d\u00e1 aos crentes a vida nova, a vida de Cristo, uma vida sobrenatural, a vida dos filhos de Deus&#8221;, disse o Pont\u00edfice, citando S\u00e3o Paulo: \u201cA lei do Esp\u00edrito de Vida me libertou, em Jesus Cristo, da lei do pecado e da morte\u201d (Rm 8,2).<\/p>\n<p><strong>Esperan\u00e7a na vida eterna<\/strong><\/p>\n<p>A vida nova no Esp\u00edrito, segundo o Papa, \u00e9 a grande esperan\u00e7a dos crist\u00e3os, pois se trata de vida eterna. Francisco destacou que o Esp\u00edrito Santo liberta os fi\u00e9is do medo de que tudo termine com a morte terrena:<\/p>\n<p>\u201cOnde est\u00e1 a grande e consoladora not\u00edcia para n\u00f3s em tudo isto? \u00c9 que a vida que nos foi dada pelo Esp\u00edrito Santo \u00e9 vida eterna! A f\u00e9 liberta-nos do horror de ter de admitir que tudo termina aqui, que n\u00e3o h\u00e1 reden\u00e7\u00e3o para o sofrimento e a injusti\u00e7a que reinam soberanos na terra.\u201d<\/p>\n<p><strong>Cultivar a f\u00e9 e a gratid\u00e3o<\/strong><\/p>\n<p>Ao concluir, o Santo Padre incentivou os fi\u00e9is a conservar a f\u00e9 no Esp\u00edrito Santo, principalmente em tempos de d\u00favida e dificuldade, e a agradecer pelo dom da vida eterna que Jesus nos concedeu com sua morte e ressurrei\u00e7\u00e3o:<\/p>\n<p>&#8220;Cultivemos esta f\u00e9 tamb\u00e9m para aqueles que, muitas vezes sem culpa pr\u00f3pria, dela carecem e s\u00e3o incapazes de dar sentido \u00e0 vida. E n\u00e3o nos esque\u00e7amos de agradecer \u00c0quele que, com a sua morte, nos obteve este dom inestim\u00e1vel!&#8221;<\/p>\n<hr \/>\n<p><em>Thulio Fonseca &#8211; Vatican News\u00a0<\/em><\/p>\n","protected":false},"excerpt":{"rendered":"<p>Audi\u00eancia Geral<\/p>\n","protected":false},"author":11,"featured_media":251572,"comment_status":"open","ping_status":"open","sticky":false,"template":"","format":"standard","meta":[],"categories":[1,1428],"tags":[487,55],"acf":[],"yoast_head":"<!-- This site is optimized with the Yoast SEO plugin v19.2 - https:\/\/yoast.com\/wordpress\/plugins\/seo\/ -->\n<title>O Esp\u00edrito Santo nos liberta do horror da morte e da injusti\u00e7a - Not\u00edcias - Franciscanos<\/title>\n<meta name=\"robots\" content=\"index, follow, max-snippet:-1, max-image-preview:large, max-video-preview:-1\" \/>\n<link rel=\"canonical\" href=\"https:\/\/franciscanos.org.br\/noticias\/o-espirito-santo-nos-liberta-do-horror-da-morte-e-da-injustica.html\" \/>\n<meta property=\"og:locale\" content=\"pt_BR\" \/>\n<meta property=\"og:type\" content=\"article\" \/>\n<meta property=\"og:title\" content=\"O Esp\u00edrito Santo nos liberta do horror da morte e da injusti\u00e7a - Not\u00edcias - Franciscanos\" \/>\n<meta property=\"og:description\" content=\"Audi\u00eancia Geral\" \/>\n<meta property=\"og:url\" content=\"https:\/\/franciscanos.org.br\/noticias\/o-espirito-santo-nos-liberta-do-horror-da-morte-e-da-injustica.html\" \/>\n<meta property=\"og:site_name\" content=\"Not\u00edcias - Franciscanos\" \/>\n<meta property=\"article:published_time\" content=\"2024-10-16T11:35:15+00:00\" \/>\n<meta property=\"article:modified_time\" content=\"2024-10-16T12:33:07+00:00\" \/>\n<meta property=\"og:image\" content=\"https:\/\/franciscanos.org.br\/noticias\/wp-content\/uploads\/2024\/10\/CHAMADA-AUDIENCIA-16.10.jpg\" \/>\n\t<meta property=\"og:image:width\" content=\"800\" \/>\n\t<meta property=\"og:image:height\" content=\"550\" \/>\n\t<meta property=\"og:image:type\" content=\"image\/jpeg\" \/>\n<meta name=\"author\" content=\"Adriana Rabelo\" \/>\n<meta name=\"twitter:card\" content=\"summary_large_image\" \/>\n<meta name=\"twitter:label1\" content=\"Escrito por\" \/>\n\t<meta name=\"twitter:data1\" content=\"Adriana Rabelo\" \/>\n\t<meta name=\"twitter:label2\" content=\"Est. tempo de leitura\" \/>\n\t<meta name=\"twitter:data2\" content=\"2 minutos\" \/>\n<script type=\"application\/ld+json\" class=\"yoast-schema-graph\">{\"@context\":\"https:\/\/schema.org\",\"@graph\":[{\"@type\":\"WebSite\",\"@id\":\"https:\/\/franciscanos.org.br\/noticias\/#website\",\"url\":\"https:\/\/franciscanos.org.br\/noticias\/\",\"name\":\"Not\u00edcias - Franciscanos\",\"description\":\"Prov\u00edncia Franciscana da Imaculada Concei\u00e7\u00e3o do Brasil - Ordem dos Frades Menores - OFM\",\"potentialAction\":[{\"@type\":\"SearchAction\",\"target\":{\"@type\":\"EntryPoint\",\"urlTemplate\":\"https:\/\/franciscanos.org.br\/noticias\/?s={search_term_string}\"},\"query-input\":\"required name=search_term_string\"}],\"inLanguage\":\"pt-BR\"},{\"@type\":\"ImageObject\",\"inLanguage\":\"pt-BR\",\"@id\":\"https:\/\/franciscanos.org.br\/noticias\/o-espirito-santo-nos-liberta-do-horror-da-morte-e-da-injustica.html#primaryimage\",\"url\":\"https:\/\/franciscanos.org.br\/noticias\/wp-content\/uploads\/2024\/10\/CHAMADA-AUDIENCIA-16.10.jpg\",\"contentUrl\":\"https:\/\/franciscanos.org.br\/noticias\/wp-content\/uploads\/2024\/10\/CHAMADA-AUDIENCIA-16.10.jpg\",\"width\":800,\"height\":550},{\"@type\":\"WebPage\",\"@id\":\"https:\/\/franciscanos.org.br\/noticias\/o-espirito-santo-nos-liberta-do-horror-da-morte-e-da-injustica.html#webpage\",\"url\":\"https:\/\/franciscanos.org.br\/noticias\/o-espirito-santo-nos-liberta-do-horror-da-morte-e-da-injustica.html\",\"name\":\"O Esp\u00edrito Santo nos liberta do horror da morte e da injusti\u00e7a - Not\u00edcias - Franciscanos\",\"isPartOf\":{\"@id\":\"https:\/\/franciscanos.org.br\/noticias\/#website\"},\"primaryImageOfPage\":{\"@id\":\"https:\/\/franciscanos.org.br\/noticias\/o-espirito-santo-nos-liberta-do-horror-da-morte-e-da-injustica.html#primaryimage\"},\"datePublished\":\"2024-10-16T11:35:15+00:00\",\"dateModified\":\"2024-10-16T12:33:07+00:00\",\"author\":{\"@id\":\"https:\/\/franciscanos.org.br\/noticias\/#\/schema\/person\/d9422e83121c3ad3b0f423d195f5bb25\"},\"breadcrumb\":{\"@id\":\"https:\/\/franciscanos.org.br\/noticias\/o-espirito-santo-nos-liberta-do-horror-da-morte-e-da-injustica.html#breadcrumb\"},\"inLanguage\":\"pt-BR\",\"potentialAction\":[{\"@type\":\"ReadAction\",\"target\":[\"https:\/\/franciscanos.org.br\/noticias\/o-espirito-santo-nos-liberta-do-horror-da-morte-e-da-injustica.html\"]}]},{\"@type\":\"BreadcrumbList\",\"@id\":\"https:\/\/franciscanos.org.br\/noticias\/o-espirito-santo-nos-liberta-do-horror-da-morte-e-da-injustica.html#breadcrumb\",\"itemListElement\":[{\"@type\":\"ListItem\",\"position\":1,\"name\":\"Home\",\"item\":\"https:\/\/franciscanos.org.br\/noticias\"},{\"@type\":\"ListItem\",\"position\":2,\"name\":\"O Esp\u00edrito Santo nos liberta do horror da morte e da injusti\u00e7a\"}]},{\"@type\":\"Person\",\"@id\":\"https:\/\/franciscanos.org.br\/noticias\/#\/schema\/person\/d9422e83121c3ad3b0f423d195f5bb25\",\"name\":\"Adriana Rabelo\",\"image\":{\"@type\":\"ImageObject\",\"inLanguage\":\"pt-BR\",\"@id\":\"https:\/\/franciscanos.org.br\/noticias\/#\/schema\/person\/image\/\",\"url\":\"https:\/\/secure.gravatar.com\/avatar\/0a937b7500cd7df77540cfb8bede877d?s=96&d=mm&r=g\",\"contentUrl\":\"https:\/\/secure.gravatar.com\/avatar\/0a937b7500cd7df77540cfb8bede877d?s=96&d=mm&r=g\",\"caption\":\"Adriana Rabelo\"},\"url\":\"https:\/\/franciscanos.org.br\/noticias\/author\/adrianarabelo\"}]}<\/script>\n<!-- \/ Yoast SEO plugin. -->","yoast_head_json":{"title":"O Esp\u00edrito Santo nos liberta do horror da morte e da injusti\u00e7a - Not\u00edcias - Franciscanos","robots":{"index":"index","follow":"follow","max-snippet":"max-snippet:-1","max-image-preview":"max-image-preview:large","max-video-preview":"max-video-preview:-1"},"canonical":"https:\/\/franciscanos.org.br\/noticias\/o-espirito-santo-nos-liberta-do-horror-da-morte-e-da-injustica.html","og_locale":"pt_BR","og_type":"article","og_title":"O Esp\u00edrito Santo nos liberta do horror da morte e da injusti\u00e7a - Not\u00edcias - Franciscanos","og_description":"Audi\u00eancia Geral","og_url":"https:\/\/franciscanos.org.br\/noticias\/o-espirito-santo-nos-liberta-do-horror-da-morte-e-da-injustica.html","og_site_name":"Not\u00edcias - Franciscanos","article_published_time":"2024-10-16T11:35:15+00:00","article_modified_time":"2024-10-16T12:33:07+00:00","og_image":[{"width":800,"height":550,"url":"https:\/\/franciscanos.org.br\/noticias\/wp-content\/uploads\/2024\/10\/CHAMADA-AUDIENCIA-16.10.jpg","type":"image\/jpeg"}],"author":"Adriana Rabelo","twitter_card":"summary_large_image","twitter_misc":{"Escrito por":"Adriana Rabelo","Est. tempo de leitura":"2 minutos"},"schema":{"@context":"https:\/\/schema.org","@graph":[{"@type":"WebSite","@id":"https:\/\/franciscanos.org.br\/noticias\/#website","url":"https:\/\/franciscanos.org.br\/noticias\/","name":"Not\u00edcias - Franciscanos","description":"Prov\u00edncia Franciscana da Imaculada Concei\u00e7\u00e3o do Brasil - Ordem dos Frades Menores - OFM","potentialAction":[{"@type":"SearchAction","target":{"@type":"EntryPoint","urlTemplate":"https:\/\/franciscanos.org.br\/noticias\/?s={search_term_string}"},"query-input":"required name=search_term_string"}],"inLanguage":"pt-BR"},{"@type":"ImageObject","inLanguage":"pt-BR","@id":"https:\/\/franciscanos.org.br\/noticias\/o-espirito-santo-nos-liberta-do-horror-da-morte-e-da-injustica.html#primaryimage","url":"https:\/\/franciscanos.org.br\/noticias\/wp-content\/uploads\/2024\/10\/CHAMADA-AUDIENCIA-16.10.jpg","contentUrl":"https:\/\/franciscanos.org.br\/noticias\/wp-content\/uploads\/2024\/10\/CHAMADA-AUDIENCIA-16.10.jpg","width":800,"height":550},{"@type":"WebPage","@id":"https:\/\/franciscanos.org.br\/noticias\/o-espirito-santo-nos-liberta-do-horror-da-morte-e-da-injustica.html#webpage","url":"https:\/\/franciscanos.org.br\/noticias\/o-espirito-santo-nos-liberta-do-horror-da-morte-e-da-injustica.html","name":"O Esp\u00edrito Santo nos liberta do horror da morte e da injusti\u00e7a - Not\u00edcias - Franciscanos","isPartOf":{"@id":"https:\/\/franciscanos.org.br\/noticias\/#website"},"primaryImageOfPage":{"@id":"https:\/\/franciscanos.org.br\/noticias\/o-espirito-santo-nos-liberta-do-horror-da-morte-e-da-injustica.html#primaryimage"},"datePublished":"2024-10-16T11:35:15+00:00","dateModified":"2024-10-16T12:33:07+00:00","author":{"@id":"https:\/\/franciscanos.org.br\/noticias\/#\/schema\/person\/d9422e83121c3ad3b0f423d195f5bb25"},"breadcrumb":{"@id":"https:\/\/franciscanos.org.br\/noticias\/o-espirito-santo-nos-liberta-do-horror-da-morte-e-da-injustica.html#breadcrumb"},"inLanguage":"pt-BR","potentialAction":[{"@type":"ReadAction","target":["https:\/\/franciscanos.org.br\/noticias\/o-espirito-santo-nos-liberta-do-horror-da-morte-e-da-injustica.html"]}]},{"@type":"BreadcrumbList","@id":"https:\/\/franciscanos.org.br\/noticias\/o-espirito-santo-nos-liberta-do-horror-da-morte-e-da-injustica.html#breadcrumb","itemListElement":[{"@type":"ListItem","position":1,"name":"Home","item":"https:\/\/franciscanos.org.br\/noticias"},{"@type":"ListItem","position":2,"name":"O Esp\u00edrito Santo nos liberta do horror da morte e da injusti\u00e7a"}]},{"@type":"Person","@id":"https:\/\/franciscanos.org.br\/noticias\/#\/schema\/person\/d9422e83121c3ad3b0f423d195f5bb25","name":"Adriana Rabelo","image":{"@type":"ImageObject","inLanguage":"pt-BR","@id":"https:\/\/franciscanos.org.br\/noticias\/#\/schema\/person\/image\/","url":"https:\/\/secure.gravatar.com\/avatar\/0a937b7500cd7df77540cfb8bede877d?s=96&d=mm&r=g","contentUrl":"https:\/\/secure.gravatar.com\/avatar\/0a937b7500cd7df77540cfb8bede877d?s=96&d=mm&r=g","caption":"Adriana Rabelo"},"url":"https:\/\/franciscanos.org.br\/noticias\/author\/adrianarabelo"}]}},"_links":{"self":[{"href":"https:\/\/franciscanos.org.br\/noticias\/wp-json\/wp\/v2\/posts\/251569"}],"collection":[{"href":"https:\/\/franciscanos.org.br\/noticias\/wp-json\/wp\/v2\/posts"}],"about":[{"href":"https:\/\/franciscanos.org.br\/noticias\/wp-json\/wp\/v2\/types\/post"}],"author":[{"embeddable":true,"href":"https:\/\/franciscanos.org.br\/noticias\/wp-json\/wp\/v2\/users\/11"}],"replies":[{"embeddable":true,"href":"https:\/\/franciscanos.org.br\/noticias\/wp-json\/wp\/v2\/comments?post=251569"}],"version-history":[{"count":2,"href":"https:\/\/franciscanos.org.br\/noticias\/wp-json\/wp\/v2\/posts\/251569\/revisions"}],"predecessor-version":[{"id":251574,"href":"https:\/\/franciscanos.org.br\/noticias\/wp-json\/wp\/v2\/posts\/251569\/revisions\/251574"}],"wp:featuredmedia":[{"embeddable":true,"href":"https:\/\/franciscanos.org.br\/noticias\/wp-json\/wp\/v2\/media\/251572"}],"wp:attachment":[{"href":"https:\/\/franciscanos.org.br\/noticias\/wp-json\/wp\/v2\/media?parent=251569"}],"wp:term":[{"taxonomy":"category","embeddable":true,"href":"https:\/\/franciscanos.org.br\/noticias\/wp-json\/wp\/v2\/categories?post=251569"},{"taxonomy":"post_tag","embeddable":true,"href":"https:\/\/franciscanos.org.br\/noticias\/wp-json\/wp\/v2\/tags?post=251569"}],"curies":[{"name":"wp","href":"https:\/\/api.w.org\/{rel}","templated":true}]}}