{"id":251536,"date":"2024-10-15T10:54:17","date_gmt":"2024-10-15T13:54:17","guid":{"rendered":"https:\/\/franciscanos.org.br\/noticias\/?p=251536"},"modified":"2024-10-15T10:55:37","modified_gmt":"2024-10-15T13:55:37","slug":"canonizacao-dos-beatos-martires-de-damasco","status":"publish","type":"post","link":"https:\/\/franciscanos.org.br\/noticias\/canonizacao-dos-beatos-martires-de-damasco.html","title":{"rendered":"Canoniza\u00e7\u00e3o dos Beatos M\u00e1rtires de Damasco"},"content":{"rendered":"<p><img loading=\"lazy\" class=\"aligncenter wp-image-251537 size-full\" src=\"https:\/\/franciscanos.org.br\/noticias\/wp-content\/uploads\/2024\/10\/MARTIRES.jpg\" alt=\"\" width=\"1280\" height=\"720\" srcset=\"https:\/\/franciscanos.org.br\/noticias\/wp-content\/uploads\/2024\/10\/MARTIRES.jpg 1280w, https:\/\/franciscanos.org.br\/noticias\/wp-content\/uploads\/2024\/10\/MARTIRES-450x253.jpg 450w, https:\/\/franciscanos.org.br\/noticias\/wp-content\/uploads\/2024\/10\/MARTIRES-1024x576.jpg 1024w, https:\/\/franciscanos.org.br\/noticias\/wp-content\/uploads\/2024\/10\/MARTIRES-768x432.jpg 768w, https:\/\/franciscanos.org.br\/noticias\/wp-content\/uploads\/2024\/10\/MARTIRES-150x84.jpg 150w\" sizes=\"(max-width: 1280px) 100vw, 1280px\" \/><\/p>\n<p>No contexto das celebra\u00e7\u00f5es do VIII Centen\u00e1rio da morte de S\u00e3o Francisco (1226-2026), durante o ano comemorativo dos Estigmas (2024), no domingo, 20 de outubro, o Papa Francisco proclamar\u00e1 santos oito frades menores da Cust\u00f3dia da Terra Santa, m\u00e1rtires da f\u00e9 em Damasco em 1860. Os tr\u00eas bem-aventurados irm\u00e3os Massabki, leigos maronitas, tamb\u00e9m compartilham do mart\u00edrio e da gl\u00f3ria.<\/p>\n<p>Em julho de 1860, a persegui\u00e7\u00e3o contra crist\u00e3os promovida pelos drusos xiitas no L\u00edbano se estendeu \u00e0 S\u00edria. Em 9 de julho, o bairro crist\u00e3o de Damasco foi incendiado, e crist\u00e3os de diferentes confiss\u00f5es e ritos sofreram atrocidades. Naquela noite, o convento franciscano de S\u00e3o Paulo foi atacado. Os oito religiosos que ali residiam \u2014 sete espanh\u00f3is e um austr\u00edaco \u2014, junto com tr\u00eas colaboradores leigos maronitas que buscaram ref\u00fagio no convento, foram assassinados por se recusarem a renunciar \u00e0 f\u00e9 crist\u00e3 e abra\u00e7ar o Isl\u00e3. Os corpos dos m\u00e1rtires, recuperados alguns dias ap\u00f3s o massacre, foram sepultados em uma vala comum. Quando a igreja do convento foi reconstru\u00edda e consagrada em 1866, o local tornou-se destino de peregrina\u00e7\u00e3o dos crist\u00e3os de Damasco.<\/p>\n<p><strong>Novos santos da Ordem dos Frades Menores e da Igreja Cat\u00f3lica Maronita:<\/strong><\/p>\n<p><strong>Manuel Ruiz L\u00f3pez<\/strong> <em>\u2013 <\/em>Superior do convento, nascido em 1804 em San Mart\u00edn de las Ollas, Burgos, Espanha. Ingressou nos Frades Menores em 1825 e foi ordenado sacerdote em 1830. Enviado \u00e0 Terra Santa em 1831, desenvolveu um importante apostolado ap\u00f3s aprender as l\u00ednguas locais. Retornou \u00e0 Europa em 1847 por motivos de sa\u00fade, mas regressou \u00e0 Terra Santa em 1858. Durante o massacre, foi morto aos p\u00e9s do altar ao tentar consumir as esp\u00e9cies eucar\u00edsticas para evitar sua profana\u00e7\u00e3o.<\/p>\n<p><strong>Carmelo Bolta Ba\u00f1uls<\/strong> <em>\u2013 <\/em>P\u00e1roco, nascido em 1803 em Real de Gand\u00eda, Val\u00eancia, Espanha. Ingressou nos Frades Menores em 1825 e foi ordenado sacerdote em 1829. Enviado \u00e0 Terra Santa em 1831, viveu em conventos de Jaffa, Damasco e Ain Karem. Em 1851, assumiu o cargo de p\u00e1roco e professor de \u00e1rabe em Damasco.<\/p>\n<p><strong>Engelbert Kolland<\/strong> <em>\u2013 <\/em>Vig\u00e1rio paroquial, nascido em 1827 em Ramsau, Salzburgo, \u00c1ustria. Ingressou nos Frades Menores em 1847 e foi ordenado sacerdote em 1851. Chegou \u00e0 Terra Santa em 1855 e atuou no Santo Sepulcro antes de ser transferido para Damasco, onde conquistou a estima da popula\u00e7\u00e3o.<\/p>\n<p><strong>Nicanor Ascanio Soria<\/strong> <em>\u2013<\/em>Nascido em 1814 em Villarejo de Salvan\u00e9s, Madrid, Espanha. Ingressou na ordem em 1830 e foi ordenado sacerdote durante a supress\u00e3o religiosa. Em 1858, voltou aos Frades Menores e chegou \u00e0 Terra Santa em 1859, com uma espiritualidade marcada pela disposi\u00e7\u00e3o ao mart\u00edrio.<\/p>\n<p><strong>Nicol\u00e1s Mar\u00eda Alberca Torres<\/strong> <em>\u2013<\/em> Nascido em 1830 em Aguilar de la Frontera, C\u00f3rdoba, Espanha. Religioso dos Irm\u00e3os do Hospital Jes\u00fas Nazareno de C\u00f3rdoba antes de ingressar nos Frades Menores em 1856 e ser ordenado sacerdote em 1858. Chegou \u00e0 Terra Santa em 1859 e foi enviado ao convento de Damasco.<\/p>\n<p><strong>Pedro Nolasco Soler M\u00e9ndez<\/strong> <em>\u2013 <\/em>Nascido em 1827 em Lorca, M\u00farcia, Espanha. Ingressou nos Frades Menores em 1856 e foi ordenado sacerdote em 1857. Em 1859, foi designado ao convento de S\u00e3o Paulo em Damasco.<\/p>\n<p><strong>Francisco Pinazo Pe\u00f1alver<\/strong> <em>\u2013 <\/em>Nascido em 1802 em El Chopo de Alpuente, Val\u00eancia, Espanha. Ingressou nos Frades Menores em 1831 como irm\u00e3o leigo e serviu como sacrist\u00e3o e cozinheiro. Atuou na Terra Santa por 17 anos, incluindo o per\u00edodo do mart\u00edrio em Damasco.<\/p>\n<p><strong>Juan Jacob Fern\u00e1ndez<\/strong> <em>\u2013 <\/em>Nascido em 1808 em Moire, Ourense, Espanha. Entrou nos Frades Menores como irm\u00e3o leigo em 1831. Ap\u00f3s uma interrup\u00e7\u00e3o causada pela supress\u00e3o religiosa, juntou-se \u00e0 Cust\u00f3dia da Terra Santa em 1858 e serviu como cozinheiro em Damasco.<\/p>\n<p><strong>Os Bem-Aventurados Irm\u00e3os Massabki, M\u00e1rtires Maronitas:<\/strong><\/p>\n<p><strong>Francis Massabki<\/strong> <em>\u2013 <\/em>Comerciante de seda e pai de oito filhos, era muito estimado em Damasco por sua generosidade. Atuava como procurador dos franciscanos e foi martirizado no convento junto com seus irm\u00e3os.<\/p>\n<p><strong>Mooti Massabki<\/strong> <em>\u2013 <\/em>Casado e pai de cinco filhos, era catequista na escola do convento e frequentava diariamente a igreja. Ofereceu sua vida em nome da f\u00e9, junto com seus irm\u00e3os.<\/p>\n<p><strong>Raffaele Massabki<\/strong> <em>\u2013<\/em>Irm\u00e3o mais novo de Francis e Mooti, era muito devoto e ajudava os frades. Foi martirizado com seus irm\u00e3os na noite de 9 para 10 de julho de 1860.<\/p>\n<p>A Ordem dos Frades Menores iniciou o processo de beatifica\u00e7\u00e3o dos oito frades em 1872. A cerim\u00f4nia foi celebrada na Bas\u00edlica de S\u00e3o Pedro, no Vaticano, em 10 de outubro de 1926.<\/p>\n<p>O renascimento da causa ocorreu devido \u00e0 crescente fama do mart\u00edrio dos onze m\u00e1rtires de Damasco e \u00e0 propaga\u00e7\u00e3o de sua devo\u00e7\u00e3o, especialmente na Igreja Maronita. A canoniza\u00e7\u00e3o foi considerada uma mensagem de di\u00e1logo, paz e unidade para o Oriente M\u00e9dio, frequentemente afetado por conflitos. Em 2022, o Santo S\u00ednodo dos Bispos Maronitas solicitou ao Papa Francisco a canoniza\u00e7\u00e3o dos irm\u00e3os Massabki, enfatizando sua santidade como leigos maronitas. O Ministro Geral da Ordem dos Frades Menores e o Cust\u00f3dio da Terra Santa uniram-se ao pedido em homenagem ao VIII Centen\u00e1rio de S\u00e3o Francisco.<\/p>\n<p>Em 1\u00ba de julho de 2024, o Papa Francisco anunciou a canoniza\u00e7\u00e3o dos m\u00e1rtires, marcada para o <strong>Dia Mundial das Miss\u00f5es,<\/strong> em 20 de outubro de 2024, pr\u00f3ximo domingo, na Pra\u00e7a de S\u00e3o Pedro.<\/p>\n<hr \/>\n<p>Fonte:<a href=\"https:\/\/www.ofm.org\/canonizzazione-dei-beati-martiri-di-damasco.html\"> https:\/\/www.ofm.org\/canonizzazione-dei-beati-martiri-di-damasco.html<\/a><\/p>\n","protected":false},"excerpt":{"rendered":"<p>20 de outubro<\/p>\n","protected":false},"author":11,"featured_media":251538,"comment_status":"open","ping_status":"open","sticky":false,"template":"","format":"standard","meta":[],"categories":[1],"tags":[480,128],"acf":[],"yoast_head":"<!-- This site is optimized with the Yoast SEO plugin v19.2 - https:\/\/yoast.com\/wordpress\/plugins\/seo\/ -->\n<title>Canoniza\u00e7\u00e3o dos Beatos M\u00e1rtires de Damasco - Not\u00edcias - Franciscanos<\/title>\n<meta name=\"robots\" content=\"index, follow, max-snippet:-1, max-image-preview:large, max-video-preview:-1\" \/>\n<link rel=\"canonical\" href=\"https:\/\/franciscanos.org.br\/noticias\/canonizacao-dos-beatos-martires-de-damasco.html\" \/>\n<meta property=\"og:locale\" content=\"pt_BR\" \/>\n<meta property=\"og:type\" content=\"article\" \/>\n<meta property=\"og:title\" content=\"Canoniza\u00e7\u00e3o dos Beatos M\u00e1rtires de Damasco - Not\u00edcias - Franciscanos\" \/>\n<meta property=\"og:description\" content=\"20 de outubro\" \/>\n<meta property=\"og:url\" content=\"https:\/\/franciscanos.org.br\/noticias\/canonizacao-dos-beatos-martires-de-damasco.html\" \/>\n<meta property=\"og:site_name\" content=\"Not\u00edcias - Franciscanos\" \/>\n<meta property=\"article:published_time\" content=\"2024-10-15T13:54:17+00:00\" \/>\n<meta property=\"article:modified_time\" content=\"2024-10-15T13:55:37+00:00\" \/>\n<meta property=\"og:image\" content=\"https:\/\/franciscanos.org.br\/noticias\/wp-content\/uploads\/2024\/10\/CHAMADA-MARTIRES.jpg\" \/>\n\t<meta property=\"og:image:width\" content=\"800\" \/>\n\t<meta property=\"og:image:height\" content=\"550\" \/>\n\t<meta property=\"og:image:type\" content=\"image\/jpeg\" \/>\n<meta name=\"author\" content=\"Adriana Rabelo\" \/>\n<meta name=\"twitter:card\" content=\"summary_large_image\" \/>\n<meta name=\"twitter:label1\" content=\"Escrito por\" \/>\n\t<meta name=\"twitter:data1\" content=\"Adriana Rabelo\" \/>\n\t<meta name=\"twitter:label2\" content=\"Est. tempo de leitura\" \/>\n\t<meta name=\"twitter:data2\" content=\"4 minutos\" \/>\n<script type=\"application\/ld+json\" class=\"yoast-schema-graph\">{\"@context\":\"https:\/\/schema.org\",\"@graph\":[{\"@type\":\"WebSite\",\"@id\":\"https:\/\/franciscanos.org.br\/noticias\/#website\",\"url\":\"https:\/\/franciscanos.org.br\/noticias\/\",\"name\":\"Not\u00edcias - Franciscanos\",\"description\":\"Prov\u00edncia Franciscana da Imaculada Concei\u00e7\u00e3o do Brasil - Ordem dos Frades Menores - OFM\",\"potentialAction\":[{\"@type\":\"SearchAction\",\"target\":{\"@type\":\"EntryPoint\",\"urlTemplate\":\"https:\/\/franciscanos.org.br\/noticias\/?s={search_term_string}\"},\"query-input\":\"required name=search_term_string\"}],\"inLanguage\":\"pt-BR\"},{\"@type\":\"ImageObject\",\"inLanguage\":\"pt-BR\",\"@id\":\"https:\/\/franciscanos.org.br\/noticias\/canonizacao-dos-beatos-martires-de-damasco.html#primaryimage\",\"url\":\"https:\/\/franciscanos.org.br\/noticias\/wp-content\/uploads\/2024\/10\/CHAMADA-MARTIRES.jpg\",\"contentUrl\":\"https:\/\/franciscanos.org.br\/noticias\/wp-content\/uploads\/2024\/10\/CHAMADA-MARTIRES.jpg\",\"width\":800,\"height\":550},{\"@type\":\"WebPage\",\"@id\":\"https:\/\/franciscanos.org.br\/noticias\/canonizacao-dos-beatos-martires-de-damasco.html#webpage\",\"url\":\"https:\/\/franciscanos.org.br\/noticias\/canonizacao-dos-beatos-martires-de-damasco.html\",\"name\":\"Canoniza\u00e7\u00e3o dos Beatos M\u00e1rtires de Damasco - Not\u00edcias - Franciscanos\",\"isPartOf\":{\"@id\":\"https:\/\/franciscanos.org.br\/noticias\/#website\"},\"primaryImageOfPage\":{\"@id\":\"https:\/\/franciscanos.org.br\/noticias\/canonizacao-dos-beatos-martires-de-damasco.html#primaryimage\"},\"datePublished\":\"2024-10-15T13:54:17+00:00\",\"dateModified\":\"2024-10-15T13:55:37+00:00\",\"author\":{\"@id\":\"https:\/\/franciscanos.org.br\/noticias\/#\/schema\/person\/d9422e83121c3ad3b0f423d195f5bb25\"},\"breadcrumb\":{\"@id\":\"https:\/\/franciscanos.org.br\/noticias\/canonizacao-dos-beatos-martires-de-damasco.html#breadcrumb\"},\"inLanguage\":\"pt-BR\",\"potentialAction\":[{\"@type\":\"ReadAction\",\"target\":[\"https:\/\/franciscanos.org.br\/noticias\/canonizacao-dos-beatos-martires-de-damasco.html\"]}]},{\"@type\":\"BreadcrumbList\",\"@id\":\"https:\/\/franciscanos.org.br\/noticias\/canonizacao-dos-beatos-martires-de-damasco.html#breadcrumb\",\"itemListElement\":[{\"@type\":\"ListItem\",\"position\":1,\"name\":\"Home\",\"item\":\"https:\/\/franciscanos.org.br\/noticias\"},{\"@type\":\"ListItem\",\"position\":2,\"name\":\"Canoniza\u00e7\u00e3o dos Beatos M\u00e1rtires de Damasco\"}]},{\"@type\":\"Person\",\"@id\":\"https:\/\/franciscanos.org.br\/noticias\/#\/schema\/person\/d9422e83121c3ad3b0f423d195f5bb25\",\"name\":\"Adriana Rabelo\",\"image\":{\"@type\":\"ImageObject\",\"inLanguage\":\"pt-BR\",\"@id\":\"https:\/\/franciscanos.org.br\/noticias\/#\/schema\/person\/image\/\",\"url\":\"https:\/\/secure.gravatar.com\/avatar\/0a937b7500cd7df77540cfb8bede877d?s=96&d=mm&r=g\",\"contentUrl\":\"https:\/\/secure.gravatar.com\/avatar\/0a937b7500cd7df77540cfb8bede877d?s=96&d=mm&r=g\",\"caption\":\"Adriana Rabelo\"},\"url\":\"https:\/\/franciscanos.org.br\/noticias\/author\/adrianarabelo\"}]}<\/script>\n<!-- \/ Yoast SEO plugin. -->","yoast_head_json":{"title":"Canoniza\u00e7\u00e3o dos Beatos M\u00e1rtires de Damasco - Not\u00edcias - Franciscanos","robots":{"index":"index","follow":"follow","max-snippet":"max-snippet:-1","max-image-preview":"max-image-preview:large","max-video-preview":"max-video-preview:-1"},"canonical":"https:\/\/franciscanos.org.br\/noticias\/canonizacao-dos-beatos-martires-de-damasco.html","og_locale":"pt_BR","og_type":"article","og_title":"Canoniza\u00e7\u00e3o dos Beatos M\u00e1rtires de Damasco - Not\u00edcias - Franciscanos","og_description":"20 de outubro","og_url":"https:\/\/franciscanos.org.br\/noticias\/canonizacao-dos-beatos-martires-de-damasco.html","og_site_name":"Not\u00edcias - Franciscanos","article_published_time":"2024-10-15T13:54:17+00:00","article_modified_time":"2024-10-15T13:55:37+00:00","og_image":[{"width":800,"height":550,"url":"https:\/\/franciscanos.org.br\/noticias\/wp-content\/uploads\/2024\/10\/CHAMADA-MARTIRES.jpg","type":"image\/jpeg"}],"author":"Adriana Rabelo","twitter_card":"summary_large_image","twitter_misc":{"Escrito por":"Adriana Rabelo","Est. tempo de leitura":"4 minutos"},"schema":{"@context":"https:\/\/schema.org","@graph":[{"@type":"WebSite","@id":"https:\/\/franciscanos.org.br\/noticias\/#website","url":"https:\/\/franciscanos.org.br\/noticias\/","name":"Not\u00edcias - Franciscanos","description":"Prov\u00edncia Franciscana da Imaculada Concei\u00e7\u00e3o do Brasil - Ordem dos Frades Menores - OFM","potentialAction":[{"@type":"SearchAction","target":{"@type":"EntryPoint","urlTemplate":"https:\/\/franciscanos.org.br\/noticias\/?s={search_term_string}"},"query-input":"required name=search_term_string"}],"inLanguage":"pt-BR"},{"@type":"ImageObject","inLanguage":"pt-BR","@id":"https:\/\/franciscanos.org.br\/noticias\/canonizacao-dos-beatos-martires-de-damasco.html#primaryimage","url":"https:\/\/franciscanos.org.br\/noticias\/wp-content\/uploads\/2024\/10\/CHAMADA-MARTIRES.jpg","contentUrl":"https:\/\/franciscanos.org.br\/noticias\/wp-content\/uploads\/2024\/10\/CHAMADA-MARTIRES.jpg","width":800,"height":550},{"@type":"WebPage","@id":"https:\/\/franciscanos.org.br\/noticias\/canonizacao-dos-beatos-martires-de-damasco.html#webpage","url":"https:\/\/franciscanos.org.br\/noticias\/canonizacao-dos-beatos-martires-de-damasco.html","name":"Canoniza\u00e7\u00e3o dos Beatos M\u00e1rtires de Damasco - Not\u00edcias - Franciscanos","isPartOf":{"@id":"https:\/\/franciscanos.org.br\/noticias\/#website"},"primaryImageOfPage":{"@id":"https:\/\/franciscanos.org.br\/noticias\/canonizacao-dos-beatos-martires-de-damasco.html#primaryimage"},"datePublished":"2024-10-15T13:54:17+00:00","dateModified":"2024-10-15T13:55:37+00:00","author":{"@id":"https:\/\/franciscanos.org.br\/noticias\/#\/schema\/person\/d9422e83121c3ad3b0f423d195f5bb25"},"breadcrumb":{"@id":"https:\/\/franciscanos.org.br\/noticias\/canonizacao-dos-beatos-martires-de-damasco.html#breadcrumb"},"inLanguage":"pt-BR","potentialAction":[{"@type":"ReadAction","target":["https:\/\/franciscanos.org.br\/noticias\/canonizacao-dos-beatos-martires-de-damasco.html"]}]},{"@type":"BreadcrumbList","@id":"https:\/\/franciscanos.org.br\/noticias\/canonizacao-dos-beatos-martires-de-damasco.html#breadcrumb","itemListElement":[{"@type":"ListItem","position":1,"name":"Home","item":"https:\/\/franciscanos.org.br\/noticias"},{"@type":"ListItem","position":2,"name":"Canoniza\u00e7\u00e3o dos Beatos M\u00e1rtires de Damasco"}]},{"@type":"Person","@id":"https:\/\/franciscanos.org.br\/noticias\/#\/schema\/person\/d9422e83121c3ad3b0f423d195f5bb25","name":"Adriana Rabelo","image":{"@type":"ImageObject","inLanguage":"pt-BR","@id":"https:\/\/franciscanos.org.br\/noticias\/#\/schema\/person\/image\/","url":"https:\/\/secure.gravatar.com\/avatar\/0a937b7500cd7df77540cfb8bede877d?s=96&d=mm&r=g","contentUrl":"https:\/\/secure.gravatar.com\/avatar\/0a937b7500cd7df77540cfb8bede877d?s=96&d=mm&r=g","caption":"Adriana Rabelo"},"url":"https:\/\/franciscanos.org.br\/noticias\/author\/adrianarabelo"}]}},"_links":{"self":[{"href":"https:\/\/franciscanos.org.br\/noticias\/wp-json\/wp\/v2\/posts\/251536"}],"collection":[{"href":"https:\/\/franciscanos.org.br\/noticias\/wp-json\/wp\/v2\/posts"}],"about":[{"href":"https:\/\/franciscanos.org.br\/noticias\/wp-json\/wp\/v2\/types\/post"}],"author":[{"embeddable":true,"href":"https:\/\/franciscanos.org.br\/noticias\/wp-json\/wp\/v2\/users\/11"}],"replies":[{"embeddable":true,"href":"https:\/\/franciscanos.org.br\/noticias\/wp-json\/wp\/v2\/comments?post=251536"}],"version-history":[{"count":3,"href":"https:\/\/franciscanos.org.br\/noticias\/wp-json\/wp\/v2\/posts\/251536\/revisions"}],"predecessor-version":[{"id":251541,"href":"https:\/\/franciscanos.org.br\/noticias\/wp-json\/wp\/v2\/posts\/251536\/revisions\/251541"}],"wp:featuredmedia":[{"embeddable":true,"href":"https:\/\/franciscanos.org.br\/noticias\/wp-json\/wp\/v2\/media\/251538"}],"wp:attachment":[{"href":"https:\/\/franciscanos.org.br\/noticias\/wp-json\/wp\/v2\/media?parent=251536"}],"wp:term":[{"taxonomy":"category","embeddable":true,"href":"https:\/\/franciscanos.org.br\/noticias\/wp-json\/wp\/v2\/categories?post=251536"},{"taxonomy":"post_tag","embeddable":true,"href":"https:\/\/franciscanos.org.br\/noticias\/wp-json\/wp\/v2\/tags?post=251536"}],"curies":[{"name":"wp","href":"https:\/\/api.w.org\/{rel}","templated":true}]}}