{"id":251504,"date":"2024-10-14T12:28:36","date_gmt":"2024-10-14T15:28:36","guid":{"rendered":"https:\/\/franciscanos.org.br\/noticias\/?p=251504"},"modified":"2025-03-10T16:12:51","modified_gmt":"2025-03-10T19:12:51","slug":"251504","status":"publish","type":"post","link":"https:\/\/franciscanos.org.br\/noticias\/251504.html","title":{"rendered":"Caminho e Dedica\u00e7\u00e3o: Profiss\u00e3o Solene de Frei Franklin e Frei Gabriel ser\u00e1 neste s\u00e1bado"},"content":{"rendered":"<div id=\"attachment_251505\" style=\"width: 1290px\" class=\"wp-caption alignnone\"><img aria-describedby=\"caption-attachment-251505\" loading=\"lazy\" class=\"wp-image-251505 size-full\" src=\"https:\/\/franciscanos.org.br\/noticias\/wp-content\/uploads\/2024\/10\/MATERIA-12.jpg\" alt=\"\" width=\"1280\" height=\"720\" srcset=\"https:\/\/franciscanos.org.br\/noticias\/wp-content\/uploads\/2024\/10\/MATERIA-12.jpg 1280w, https:\/\/franciscanos.org.br\/noticias\/wp-content\/uploads\/2024\/10\/MATERIA-12-450x253.jpg 450w, https:\/\/franciscanos.org.br\/noticias\/wp-content\/uploads\/2024\/10\/MATERIA-12-1024x576.jpg 1024w, https:\/\/franciscanos.org.br\/noticias\/wp-content\/uploads\/2024\/10\/MATERIA-12-768x432.jpg 768w, https:\/\/franciscanos.org.br\/noticias\/wp-content\/uploads\/2024\/10\/MATERIA-12-150x84.jpg 150w\" sizes=\"(max-width: 1280px) 100vw, 1280px\" \/><p id=\"caption-attachment-251505\" class=\"wp-caption-text\">Da esquerda para a direita: Frei Gabriel e Frei Franklin<\/p><\/div>\n<p>Na vida religiosa franciscana, a Profiss\u00e3o Solene \u00e9 o compromisso definitivo e irrevog\u00e1vel assumido por um membro da Ordem dos Frades Menores, que se vincula pelos votos de obedi\u00eancia, castidade e sem nada de pr\u00f3prio. Essa etapa de compromisso com a vida religiosa e com Deus representa uma entrega completa \u00e0 espiritualidade franciscana, com dedica\u00e7\u00e3o no servi\u00e7o ao pr\u00f3ximo e na viv\u00eancia dos ensinamentos de S\u00e3o Francisco de Assis.<\/p>\n<p>O ato solene simboliza a dedica\u00e7\u00e3o permanente de um frade ou de uma religiosa franciscana \u00e0 busca da santidade e ao compromisso de viver o Evangelho, em esp\u00edrito de pobreza, obedi\u00eancia e castidade.<\/p>\n<p><img loading=\"lazy\" class=\"aligncenter wp-image-251506 size-full\" src=\"https:\/\/franciscanos.org.br\/noticias\/wp-content\/uploads\/2024\/10\/MATERIA-2-2.jpg\" alt=\"\" width=\"1280\" height=\"720\" srcset=\"https:\/\/franciscanos.org.br\/noticias\/wp-content\/uploads\/2024\/10\/MATERIA-2-2.jpg 1280w, https:\/\/franciscanos.org.br\/noticias\/wp-content\/uploads\/2024\/10\/MATERIA-2-2-450x253.jpg 450w, https:\/\/franciscanos.org.br\/noticias\/wp-content\/uploads\/2024\/10\/MATERIA-2-2-1024x576.jpg 1024w, https:\/\/franciscanos.org.br\/noticias\/wp-content\/uploads\/2024\/10\/MATERIA-2-2-768x432.jpg 768w, https:\/\/franciscanos.org.br\/noticias\/wp-content\/uploads\/2024\/10\/MATERIA-2-2-150x84.jpg 150w\" sizes=\"(max-width: 1280px) 100vw, 1280px\" \/><\/p>\n<p>No pr\u00f3ximo s\u00e1bado, <strong>dia 19 de outubro<\/strong>, na Igreja do Sagrado Cora\u00e7\u00e3o de Jesus, em Petr\u00f3polis (RJ), Frei Franklin Matheus da Costa e Frei Gabriel Nogueira Alves ir\u00e3o confirmar o compromisso que assumiram em diferentes momentos da caminhada religiosa, como os ocorridos durante o Tempo da Profiss\u00e3o Tempor\u00e1ria. Nesse per\u00edodo, os frades em forma\u00e7\u00e3o inicial renovam anualmente seus votos, aprofundando sua experi\u00eancia vocacional at\u00e9 estarem prontos para confirmar esse compromisso para toda a vida.<\/p>\n<p><strong> Frei Franklin Matheus da Costa<\/strong>, de 25 anos, \u00e9 natural de Heliodora (MG). Ingressou na forma\u00e7\u00e3o para a vida religiosa franciscana em 2014, no Semin\u00e1rio S\u00e3o Francisco de Assis, em Ituporanga (SC), para o estudo do Ensino M\u00e9dio. Professou os primeiros votos em 10 de janeiro de 2019. Atualmente, reside na Fraternidade do Sagrado Cora\u00e7\u00e3o de Jesus, em Petr\u00f3polis, e est\u00e1 em seu quinto ano de Profiss\u00e3o Tempor\u00e1ria.<\/p>\n<p><strong>Frei Gabriel Nogueira Alves,<\/strong> de 27 anos, \u00e9 natural de S\u00e3o Paulo (SP). Sua caminhada na Ordem dos Frades Menores come\u00e7ou em 2015, na experi\u00eancia do aspirantado, tamb\u00e9m na Fraternidade S\u00e3o Francisco de Assis, em Ituporanga. Professou seus primeiros votos na vida religiosa em 10 de janeiro de 2019. Reside na Fraternidade do Sagrado Cora\u00e7\u00e3o de Jesus, onde est\u00e1 no quinto ano de Profiss\u00e3o Tempor\u00e1ria.<\/p>\n<p>Inspirados na passagem dos Fontes Franciscanas: \u201cBem-aventurados aqueles que forem perseverantes no bem que iniciaram\u201d (Juliano de Espira 68,8), celebremos juntos a voca\u00e7\u00e3o desses irm\u00e3os neste momento de confirma\u00e7\u00e3o de seu prop\u00f3sito de vida.<\/p>\n<p>Voc\u00ea poder\u00e1 acompanhar a celebra\u00e7\u00e3o eucar\u00edstica, na qual se dar\u00e1 o ato de Profiss\u00e3o Solene, pela TVFranciscanos, no pr\u00f3ximo s\u00e1bado, dia 19 de outubro, \u00e0s 16h15. Acesse:<span style=\"color: #0000ff;\"> <a style=\"color: #0000ff;\" href=\"https:\/\/youtube.com\/live\/h_f5OIeVD-U?feature=share\" target=\"_new\" rel=\"noopener\">https:\/\/youtube.com\/live\/h_f5OIeVD-U?feature=share<\/a><\/span><\/p>\n<hr \/>\n<p>&nbsp;<\/p>\n<p><em>Frei Bruno Gon\u00e7alves Cez\u00e1rio<\/em><\/p>\n","protected":false},"excerpt":{"rendered":"<p>19 de outubro<\/p>\n","protected":false},"author":11,"featured_media":251507,"comment_status":"open","ping_status":"open","sticky":false,"template":"","format":"standard","meta":[],"categories":[1],"tags":[2249,2182,190,2056],"acf":[],"yoast_head":"<!-- This site is optimized with the Yoast SEO plugin v19.2 - https:\/\/yoast.com\/wordpress\/plugins\/seo\/ -->\n<title>Caminho e Dedica\u00e7\u00e3o: Profiss\u00e3o Solene de Frei Franklin e Frei Gabriel ser\u00e1 neste s\u00e1bado - Not\u00edcias - Franciscanos<\/title>\n<meta name=\"robots\" content=\"index, follow, max-snippet:-1, max-image-preview:large, max-video-preview:-1\" \/>\n<link rel=\"canonical\" href=\"https:\/\/franciscanos.org.br\/noticias\/251504.html\" \/>\n<meta property=\"og:locale\" content=\"pt_BR\" \/>\n<meta property=\"og:type\" content=\"article\" \/>\n<meta property=\"og:title\" content=\"Caminho e Dedica\u00e7\u00e3o: Profiss\u00e3o Solene de Frei Franklin e Frei Gabriel ser\u00e1 neste s\u00e1bado - Not\u00edcias - Franciscanos\" \/>\n<meta property=\"og:description\" content=\"19 de outubro\" \/>\n<meta property=\"og:url\" content=\"https:\/\/franciscanos.org.br\/noticias\/251504.html\" \/>\n<meta property=\"og:site_name\" content=\"Not\u00edcias - Franciscanos\" \/>\n<meta property=\"article:published_time\" content=\"2024-10-14T15:28:36+00:00\" \/>\n<meta property=\"article:modified_time\" content=\"2025-03-10T19:12:51+00:00\" \/>\n<meta property=\"og:image\" content=\"https:\/\/franciscanos.org.br\/noticias\/wp-content\/uploads\/2024\/10\/CHAMADA-13.jpg\" \/>\n\t<meta property=\"og:image:width\" content=\"800\" \/>\n\t<meta property=\"og:image:height\" content=\"550\" \/>\n\t<meta property=\"og:image:type\" content=\"image\/jpeg\" \/>\n<meta name=\"author\" content=\"Adriana Rabelo\" \/>\n<meta name=\"twitter:card\" content=\"summary_large_image\" \/>\n<meta name=\"twitter:label1\" content=\"Escrito por\" \/>\n\t<meta name=\"twitter:data1\" content=\"Adriana Rabelo\" \/>\n\t<meta name=\"twitter:label2\" content=\"Est. tempo de leitura\" \/>\n\t<meta name=\"twitter:data2\" content=\"2 minutos\" \/>\n<script type=\"application\/ld+json\" class=\"yoast-schema-graph\">{\"@context\":\"https:\/\/schema.org\",\"@graph\":[{\"@type\":\"WebSite\",\"@id\":\"https:\/\/franciscanos.org.br\/noticias\/#website\",\"url\":\"https:\/\/franciscanos.org.br\/noticias\/\",\"name\":\"Not\u00edcias - Franciscanos\",\"description\":\"Prov\u00edncia Franciscana da Imaculada Concei\u00e7\u00e3o do Brasil - Ordem dos Frades Menores - OFM\",\"potentialAction\":[{\"@type\":\"SearchAction\",\"target\":{\"@type\":\"EntryPoint\",\"urlTemplate\":\"https:\/\/franciscanos.org.br\/noticias\/?s={search_term_string}\"},\"query-input\":\"required name=search_term_string\"}],\"inLanguage\":\"pt-BR\"},{\"@type\":\"ImageObject\",\"inLanguage\":\"pt-BR\",\"@id\":\"https:\/\/franciscanos.org.br\/noticias\/251504.html#primaryimage\",\"url\":\"https:\/\/franciscanos.org.br\/noticias\/wp-content\/uploads\/2024\/10\/CHAMADA-13.jpg\",\"contentUrl\":\"https:\/\/franciscanos.org.br\/noticias\/wp-content\/uploads\/2024\/10\/CHAMADA-13.jpg\",\"width\":800,\"height\":550},{\"@type\":\"WebPage\",\"@id\":\"https:\/\/franciscanos.org.br\/noticias\/251504.html#webpage\",\"url\":\"https:\/\/franciscanos.org.br\/noticias\/251504.html\",\"name\":\"Caminho e Dedica\u00e7\u00e3o: Profiss\u00e3o Solene de Frei Franklin e Frei Gabriel ser\u00e1 neste s\u00e1bado - Not\u00edcias - Franciscanos\",\"isPartOf\":{\"@id\":\"https:\/\/franciscanos.org.br\/noticias\/#website\"},\"primaryImageOfPage\":{\"@id\":\"https:\/\/franciscanos.org.br\/noticias\/251504.html#primaryimage\"},\"datePublished\":\"2024-10-14T15:28:36+00:00\",\"dateModified\":\"2025-03-10T19:12:51+00:00\",\"author\":{\"@id\":\"https:\/\/franciscanos.org.br\/noticias\/#\/schema\/person\/d9422e83121c3ad3b0f423d195f5bb25\"},\"breadcrumb\":{\"@id\":\"https:\/\/franciscanos.org.br\/noticias\/251504.html#breadcrumb\"},\"inLanguage\":\"pt-BR\",\"potentialAction\":[{\"@type\":\"ReadAction\",\"target\":[\"https:\/\/franciscanos.org.br\/noticias\/251504.html\"]}]},{\"@type\":\"BreadcrumbList\",\"@id\":\"https:\/\/franciscanos.org.br\/noticias\/251504.html#breadcrumb\",\"itemListElement\":[{\"@type\":\"ListItem\",\"position\":1,\"name\":\"Home\",\"item\":\"https:\/\/franciscanos.org.br\/noticias\"},{\"@type\":\"ListItem\",\"position\":2,\"name\":\"Caminho e Dedica\u00e7\u00e3o: Profiss\u00e3o Solene de Frei Franklin e Frei Gabriel ser\u00e1 neste s\u00e1bado\"}]},{\"@type\":\"Person\",\"@id\":\"https:\/\/franciscanos.org.br\/noticias\/#\/schema\/person\/d9422e83121c3ad3b0f423d195f5bb25\",\"name\":\"Adriana Rabelo\",\"image\":{\"@type\":\"ImageObject\",\"inLanguage\":\"pt-BR\",\"@id\":\"https:\/\/franciscanos.org.br\/noticias\/#\/schema\/person\/image\/\",\"url\":\"https:\/\/secure.gravatar.com\/avatar\/0a937b7500cd7df77540cfb8bede877d?s=96&d=mm&r=g\",\"contentUrl\":\"https:\/\/secure.gravatar.com\/avatar\/0a937b7500cd7df77540cfb8bede877d?s=96&d=mm&r=g\",\"caption\":\"Adriana Rabelo\"},\"url\":\"https:\/\/franciscanos.org.br\/noticias\/author\/adrianarabelo\"}]}<\/script>\n<!-- \/ Yoast SEO plugin. -->","yoast_head_json":{"title":"Caminho e Dedica\u00e7\u00e3o: Profiss\u00e3o Solene de Frei Franklin e Frei Gabriel ser\u00e1 neste s\u00e1bado - Not\u00edcias - Franciscanos","robots":{"index":"index","follow":"follow","max-snippet":"max-snippet:-1","max-image-preview":"max-image-preview:large","max-video-preview":"max-video-preview:-1"},"canonical":"https:\/\/franciscanos.org.br\/noticias\/251504.html","og_locale":"pt_BR","og_type":"article","og_title":"Caminho e Dedica\u00e7\u00e3o: Profiss\u00e3o Solene de Frei Franklin e Frei Gabriel ser\u00e1 neste s\u00e1bado - Not\u00edcias - Franciscanos","og_description":"19 de outubro","og_url":"https:\/\/franciscanos.org.br\/noticias\/251504.html","og_site_name":"Not\u00edcias - Franciscanos","article_published_time":"2024-10-14T15:28:36+00:00","article_modified_time":"2025-03-10T19:12:51+00:00","og_image":[{"width":800,"height":550,"url":"https:\/\/franciscanos.org.br\/noticias\/wp-content\/uploads\/2024\/10\/CHAMADA-13.jpg","type":"image\/jpeg"}],"author":"Adriana Rabelo","twitter_card":"summary_large_image","twitter_misc":{"Escrito por":"Adriana Rabelo","Est. tempo de leitura":"2 minutos"},"schema":{"@context":"https:\/\/schema.org","@graph":[{"@type":"WebSite","@id":"https:\/\/franciscanos.org.br\/noticias\/#website","url":"https:\/\/franciscanos.org.br\/noticias\/","name":"Not\u00edcias - Franciscanos","description":"Prov\u00edncia Franciscana da Imaculada Concei\u00e7\u00e3o do Brasil - Ordem dos Frades Menores - OFM","potentialAction":[{"@type":"SearchAction","target":{"@type":"EntryPoint","urlTemplate":"https:\/\/franciscanos.org.br\/noticias\/?s={search_term_string}"},"query-input":"required name=search_term_string"}],"inLanguage":"pt-BR"},{"@type":"ImageObject","inLanguage":"pt-BR","@id":"https:\/\/franciscanos.org.br\/noticias\/251504.html#primaryimage","url":"https:\/\/franciscanos.org.br\/noticias\/wp-content\/uploads\/2024\/10\/CHAMADA-13.jpg","contentUrl":"https:\/\/franciscanos.org.br\/noticias\/wp-content\/uploads\/2024\/10\/CHAMADA-13.jpg","width":800,"height":550},{"@type":"WebPage","@id":"https:\/\/franciscanos.org.br\/noticias\/251504.html#webpage","url":"https:\/\/franciscanos.org.br\/noticias\/251504.html","name":"Caminho e Dedica\u00e7\u00e3o: Profiss\u00e3o Solene de Frei Franklin e Frei Gabriel ser\u00e1 neste s\u00e1bado - Not\u00edcias - Franciscanos","isPartOf":{"@id":"https:\/\/franciscanos.org.br\/noticias\/#website"},"primaryImageOfPage":{"@id":"https:\/\/franciscanos.org.br\/noticias\/251504.html#primaryimage"},"datePublished":"2024-10-14T15:28:36+00:00","dateModified":"2025-03-10T19:12:51+00:00","author":{"@id":"https:\/\/franciscanos.org.br\/noticias\/#\/schema\/person\/d9422e83121c3ad3b0f423d195f5bb25"},"breadcrumb":{"@id":"https:\/\/franciscanos.org.br\/noticias\/251504.html#breadcrumb"},"inLanguage":"pt-BR","potentialAction":[{"@type":"ReadAction","target":["https:\/\/franciscanos.org.br\/noticias\/251504.html"]}]},{"@type":"BreadcrumbList","@id":"https:\/\/franciscanos.org.br\/noticias\/251504.html#breadcrumb","itemListElement":[{"@type":"ListItem","position":1,"name":"Home","item":"https:\/\/franciscanos.org.br\/noticias"},{"@type":"ListItem","position":2,"name":"Caminho e Dedica\u00e7\u00e3o: Profiss\u00e3o Solene de Frei Franklin e Frei Gabriel ser\u00e1 neste s\u00e1bado"}]},{"@type":"Person","@id":"https:\/\/franciscanos.org.br\/noticias\/#\/schema\/person\/d9422e83121c3ad3b0f423d195f5bb25","name":"Adriana Rabelo","image":{"@type":"ImageObject","inLanguage":"pt-BR","@id":"https:\/\/franciscanos.org.br\/noticias\/#\/schema\/person\/image\/","url":"https:\/\/secure.gravatar.com\/avatar\/0a937b7500cd7df77540cfb8bede877d?s=96&d=mm&r=g","contentUrl":"https:\/\/secure.gravatar.com\/avatar\/0a937b7500cd7df77540cfb8bede877d?s=96&d=mm&r=g","caption":"Adriana Rabelo"},"url":"https:\/\/franciscanos.org.br\/noticias\/author\/adrianarabelo"}]}},"_links":{"self":[{"href":"https:\/\/franciscanos.org.br\/noticias\/wp-json\/wp\/v2\/posts\/251504"}],"collection":[{"href":"https:\/\/franciscanos.org.br\/noticias\/wp-json\/wp\/v2\/posts"}],"about":[{"href":"https:\/\/franciscanos.org.br\/noticias\/wp-json\/wp\/v2\/types\/post"}],"author":[{"embeddable":true,"href":"https:\/\/franciscanos.org.br\/noticias\/wp-json\/wp\/v2\/users\/11"}],"replies":[{"embeddable":true,"href":"https:\/\/franciscanos.org.br\/noticias\/wp-json\/wp\/v2\/comments?post=251504"}],"version-history":[{"count":10,"href":"https:\/\/franciscanos.org.br\/noticias\/wp-json\/wp\/v2\/posts\/251504\/revisions"}],"predecessor-version":[{"id":251519,"href":"https:\/\/franciscanos.org.br\/noticias\/wp-json\/wp\/v2\/posts\/251504\/revisions\/251519"}],"wp:featuredmedia":[{"embeddable":true,"href":"https:\/\/franciscanos.org.br\/noticias\/wp-json\/wp\/v2\/media\/251507"}],"wp:attachment":[{"href":"https:\/\/franciscanos.org.br\/noticias\/wp-json\/wp\/v2\/media?parent=251504"}],"wp:term":[{"taxonomy":"category","embeddable":true,"href":"https:\/\/franciscanos.org.br\/noticias\/wp-json\/wp\/v2\/categories?post=251504"},{"taxonomy":"post_tag","embeddable":true,"href":"https:\/\/franciscanos.org.br\/noticias\/wp-json\/wp\/v2\/tags?post=251504"}],"curies":[{"name":"wp","href":"https:\/\/api.w.org\/{rel}","templated":true}]}}