{"id":251470,"date":"2024-10-11T17:54:05","date_gmt":"2024-10-11T20:54:05","guid":{"rendered":"https:\/\/franciscanos.org.br\/noticias\/?p=251470"},"modified":"2024-10-23T09:18:13","modified_gmt":"2024-10-23T12:18:13","slug":"reliquia-de-sao-francisco-e-o-encontro-com-a-fe-no-brasil","status":"publish","type":"post","link":"https:\/\/franciscanos.org.br\/noticias\/reliquia-de-sao-francisco-e-o-encontro-com-a-fe-no-brasil.html","title":{"rendered":"Rel\u00edquia de S\u00e3o Francisco e o encontro com a f\u00e9 no Brasil"},"content":{"rendered":"<p><img loading=\"lazy\" class=\"aligncenter wp-image-251471 size-full\" src=\"https:\/\/franciscanos.org.br\/noticias\/wp-content\/uploads\/2024\/10\/MATERIA-10.jpg\" alt=\"\" width=\"1280\" height=\"720\" srcset=\"https:\/\/franciscanos.org.br\/noticias\/wp-content\/uploads\/2024\/10\/MATERIA-10.jpg 1280w, https:\/\/franciscanos.org.br\/noticias\/wp-content\/uploads\/2024\/10\/MATERIA-10-450x253.jpg 450w, https:\/\/franciscanos.org.br\/noticias\/wp-content\/uploads\/2024\/10\/MATERIA-10-1024x576.jpg 1024w, https:\/\/franciscanos.org.br\/noticias\/wp-content\/uploads\/2024\/10\/MATERIA-10-768x432.jpg 768w, https:\/\/franciscanos.org.br\/noticias\/wp-content\/uploads\/2024\/10\/MATERIA-10-150x84.jpg 150w\" sizes=\"(max-width: 1280px) 100vw, 1280px\" \/><\/p>\n<p>Em cada manifesta\u00e7\u00e3o de f\u00e9, havia a certeza de que a presen\u00e7a do amor incondicional de Deus estava presente. Nos olhos marejados, na contempla\u00e7\u00e3o, homens e mulheres, jovens e aqueles mais calejados pelo tempo ocuparam com fervor o Santu\u00e1rio de Frei Galv\u00e3o, em Guaratinguet\u00e1 (SP), e o Santu\u00e1rio de S\u00e3o Francisco, em S\u00e3o Paulo (SP), durante a visita da Rel\u00edquia de S\u00e3o Francisco, neste m\u00eas de outubro.<\/p>\n<p>Antes de chegar a S\u00e3o Paulo,\u00a0 em um movimento de uma Igreja em sa\u00edda a Rel\u00edquia tamb\u00e9m esteve, no come\u00e7o deste m\u00eas, no Santu\u00e1rio de S\u00e3o Francisco das Chagas, em Canind\u00e9 (CE).<img loading=\"lazy\" class=\"alignright wp-image-251472 size-thumbnail\" src=\"https:\/\/franciscanos.org.br\/noticias\/wp-content\/uploads\/2024\/10\/IMG_20241008_110033451-300x300.jpg\" alt=\"\" width=\"300\" height=\"300\" srcset=\"https:\/\/franciscanos.org.br\/noticias\/wp-content\/uploads\/2024\/10\/IMG_20241008_110033451-300x300.jpg 300w, https:\/\/franciscanos.org.br\/noticias\/wp-content\/uploads\/2024\/10\/IMG_20241008_110033451-100x100.jpg 100w\" sizes=\"(max-width: 300px) 100vw, 300px\" \/><\/p>\n<p>Segundo Frei Giuseppe Caro, um dos guardi\u00f5es da rel\u00edquia, a passagem pelo Brasil foi r\u00e1pida, mas a experi\u00eancia foi marcante. \u201cPara n\u00f3s, \u00e9 uma grande gra\u00e7a ter assumido o compromisso de cuidar da Rel\u00edquia de S\u00e3o Francisco, e poder visitar este pa\u00eds trazendo um fragmento do sangue do Santo Ser\u00e1fico \u00e9 uma gra\u00e7a ainda maior. Vimos a esperan\u00e7a de paz brotar nos cora\u00e7\u00f5es das pessoas&#8221;, salientou.<\/p>\n<p>Ele e Frei Martino Chiaramonte sa\u00edram, em janeiro deste ano, da Prov\u00edncia Toscana de S\u00e3o Francisco Estigmatizado, localizada no Monte Alverne, na It\u00e1lia, onde, h\u00e1 800 anos, em 14 de setembro de 1224, S\u00e3o Francisco recebeu os estigmas do Cristo crucificado. A Rel\u00edquia \u00e9 um peda\u00e7o do h\u00e1bito que S\u00e3o Francisco usava no dia em que recebeu os estigmas, marcado pelo seu sangue.<\/p>\n<p>Antes de chegarem ao Brasil, os frades estiveram na Turquia, Egito, Litu\u00e2nia, Malta e Alb\u00e2nia. Na Am\u00e9rica Latina, passaram primeiro pela Bol\u00edvia e encerraram a peregrina\u00e7\u00e3o deste ano em terras brasileiras. \u201cNessa caminhada, encontramos muitas pessoas que fizeram a experi\u00eancia do amor profundo de Deus. Tivemos a oportunidade de estar com pessoas acolhedoras e de ora\u00e7\u00e3o sincera. Diante de tantas situa\u00e7\u00f5es vividas, percebo que o grande milagre de S\u00e3o Francisco \u00e9 a promo\u00e7\u00e3o do sentimento de paz, por onde sua Rel\u00edquia passou\u201d, afirmou o frade.<\/p>\n<p><strong>Visita a espa\u00e7os da Prov\u00edncia<\/strong><\/p>\n<p>A visita da Rel\u00edquia ao Santu\u00e1rio de Frei Galv\u00e3o, nos dias 5 e 6 de outubro, mobilizou muitos devotos do Santo Ser\u00e1fico, que se aglomeraram para tocar naquele pequeno fragmento repleto de significados, pois nele conseguiram sentir ainda mais a presen\u00e7a daquele que seguiu os passos de Jesus Cristo e deixou exemplos marcantes da import\u00e2ncia de se entregar ao amor pelos que sofrem e por todas as criaturas de Deus.<\/p>\n<p>Na ocasi\u00e3o, mais de 40 frades da Prov\u00edncia Franciscana da Imaculada Concei\u00e7\u00e3o do Brasil, que estavam na cidade para o Encontro Regional S\u00e3o Paulo, tamb\u00e9m participaram das celebra\u00e7\u00f5es. Os devotos de S\u00e3o Francisco tamb\u00e9m tiveram a oportunidade de receber um cart\u00e3o com uma ora\u00e7\u00e3o e um pequeno fragmento que representa a Rel\u00edquia em visita ao Brasil.<\/p>\n<p>Na ter\u00e7a-feira, 8 de outubro, a Rel\u00edquia de S\u00e3o Francisco chegou \u00e0 capital paulista, no Convento e Santu\u00e1rio que leva o nome do santo. A programa\u00e7\u00e3o com a rel\u00edquia come\u00e7ou com a ora\u00e7\u00e3o das Laudes, \u00e0s 7h10, seguida de uma celebra\u00e7\u00e3o Eucar\u00edstica. Depois, \u00e0s 10h, outra Santa Missa foi presidida por Dom Rog\u00e9rio Augusto das Neves, Bispo Auxiliar da Arquidiocese na Regi\u00e3o S\u00e9.<\/p>\n\n\t\t<style type=\"text\/css\">\n\t\t\t#gallery-1 {\n\t\t\t\tmargin: auto;\n\t\t\t}\n\t\t\t#gallery-1 .gallery-item {\n\t\t\t\tfloat: left;\n\t\t\t\tmargin-top: 10px;\n\t\t\t\ttext-align: center;\n\t\t\t\twidth: 25%;\n\t\t\t}\n\t\t\t#gallery-1 img {\n\t\t\t\tborder: 2px solid #cfcfcf;\n\t\t\t}\n\t\t\t#gallery-1 .gallery-caption {\n\t\t\t\tmargin-left: 0;\n\t\t\t}\n\t\t\t\/* see gallery_shortcode() in wp-includes\/media.php *\/\n\t\t<\/style>\n\t\t<div id='gallery-1' class='gallery galleryid-251470 gallery-columns-4 gallery-size-thumbnail'><dl class='gallery-item'>\n\t\t\t<dt class='gallery-icon landscape'>\n\t\t\t\t<a href='https:\/\/franciscanos.org.br\/noticias\/wp-content\/uploads\/2024\/10\/IMG_20241008_110457171-scaled.jpg'><img width=\"300\" height=\"300\" src=\"https:\/\/franciscanos.org.br\/noticias\/wp-content\/uploads\/2024\/10\/IMG_20241008_110457171-300x300.jpg\" class=\"attachment-thumbnail size-thumbnail\" alt=\"\" loading=\"lazy\" srcset=\"https:\/\/franciscanos.org.br\/noticias\/wp-content\/uploads\/2024\/10\/IMG_20241008_110457171-300x300.jpg 300w, https:\/\/franciscanos.org.br\/noticias\/wp-content\/uploads\/2024\/10\/IMG_20241008_110457171-100x100.jpg 100w\" sizes=\"(max-width: 300px) 100vw, 300px\" \/><\/a>\n\t\t\t<\/dt><\/dl><dl class='gallery-item'>\n\t\t\t<dt class='gallery-icon landscape'>\n\t\t\t\t<a href='https:\/\/franciscanos.org.br\/noticias\/wp-content\/uploads\/2024\/10\/IMG_20241008_111723355_BURST001-scaled.jpg'><img width=\"300\" height=\"300\" src=\"https:\/\/franciscanos.org.br\/noticias\/wp-content\/uploads\/2024\/10\/IMG_20241008_111723355_BURST001-300x300.jpg\" class=\"attachment-thumbnail size-thumbnail\" alt=\"\" loading=\"lazy\" srcset=\"https:\/\/franciscanos.org.br\/noticias\/wp-content\/uploads\/2024\/10\/IMG_20241008_111723355_BURST001-300x300.jpg 300w, https:\/\/franciscanos.org.br\/noticias\/wp-content\/uploads\/2024\/10\/IMG_20241008_111723355_BURST001-100x100.jpg 100w\" sizes=\"(max-width: 300px) 100vw, 300px\" \/><\/a>\n\t\t\t<\/dt><\/dl><dl class='gallery-item'>\n\t\t\t<dt class='gallery-icon portrait'>\n\t\t\t\t<a href='https:\/\/franciscanos.org.br\/noticias\/wp-content\/uploads\/2024\/10\/IMG_20241008_120027894-scaled.jpg'><img width=\"300\" height=\"300\" src=\"https:\/\/franciscanos.org.br\/noticias\/wp-content\/uploads\/2024\/10\/IMG_20241008_120027894-300x300.jpg\" class=\"attachment-thumbnail size-thumbnail\" alt=\"\" loading=\"lazy\" srcset=\"https:\/\/franciscanos.org.br\/noticias\/wp-content\/uploads\/2024\/10\/IMG_20241008_120027894-300x300.jpg 300w, https:\/\/franciscanos.org.br\/noticias\/wp-content\/uploads\/2024\/10\/IMG_20241008_120027894-100x100.jpg 100w\" sizes=\"(max-width: 300px) 100vw, 300px\" \/><\/a>\n\t\t\t<\/dt><\/dl><dl class='gallery-item'>\n\t\t\t<dt class='gallery-icon portrait'>\n\t\t\t\t<a href='https:\/\/franciscanos.org.br\/noticias\/wp-content\/uploads\/2024\/10\/IMG_20241008_121008691-scaled.jpg'><img width=\"300\" height=\"300\" src=\"https:\/\/franciscanos.org.br\/noticias\/wp-content\/uploads\/2024\/10\/IMG_20241008_121008691-300x300.jpg\" class=\"attachment-thumbnail size-thumbnail\" alt=\"\" loading=\"lazy\" srcset=\"https:\/\/franciscanos.org.br\/noticias\/wp-content\/uploads\/2024\/10\/IMG_20241008_121008691-300x300.jpg 300w, https:\/\/franciscanos.org.br\/noticias\/wp-content\/uploads\/2024\/10\/IMG_20241008_121008691-100x100.jpg 100w\" sizes=\"(max-width: 300px) 100vw, 300px\" \/><\/a>\n\t\t\t<\/dt><\/dl><br style=\"clear: both\" \/>\n\t\t<\/div>\n\n<p>\u201cA vinda dessa Rel\u00edquia \u00e9 um sinal maravilhoso que nos d\u00e1 a oportunidade de nos unirmos ainda mais a S\u00e3o Francisco, n\u00e3o apenas atrav\u00e9s dos nossos sentidos, pelo fato de podermos ver e tocar em algo que fez parte da vida desse santo, mas tamb\u00e9m de reviver o sentimento de amor que nos une a ele\u201d, disse o Bispo.<\/p>\n<p>De acordo com Dom Rog\u00e9rio, S\u00e3o Francisco continua desafiando o mundo, as pessoas, o sistema e a nossa organiza\u00e7\u00e3o humana, que nos conduz a girarmos em torno de n\u00f3s mesmos. \u201cS\u00e3o Francisco se diminui, a exemplo do que ele aprendeu no Evangelho e tamb\u00e9m a partir de Jesus Cristo, que tamb\u00e9m se humilhou e se diminuiu. Desta forma, ele p\u00f4de experimentar a profundidade do que \u00e9 conhecer Deus. Para se aproximar do Pai, o ser humano precisa vencer a idolatria do eu. Francisco teve a gra\u00e7a de servir como sinal e permitiu que Deus agisse sobre ele\u201d, concluiu.<\/p>\n<p><strong>Espa\u00e7o sagrado de devo\u00e7\u00e3o a S\u00e3o Francisco<\/strong><\/p>\n<p><img loading=\"lazy\" class=\"size-medium wp-image-251481 alignleft\" src=\"https:\/\/franciscanos.org.br\/noticias\/wp-content\/uploads\/2024\/10\/WhatsApp-Image-2024-10-11-at-17.50.52-450x338.jpeg\" alt=\"\" width=\"450\" height=\"338\" srcset=\"https:\/\/franciscanos.org.br\/noticias\/wp-content\/uploads\/2024\/10\/WhatsApp-Image-2024-10-11-at-17.50.52-450x338.jpeg 450w, https:\/\/franciscanos.org.br\/noticias\/wp-content\/uploads\/2024\/10\/WhatsApp-Image-2024-10-11-at-17.50.52-1024x768.jpeg 1024w, https:\/\/franciscanos.org.br\/noticias\/wp-content\/uploads\/2024\/10\/WhatsApp-Image-2024-10-11-at-17.50.52-768x576.jpeg 768w, https:\/\/franciscanos.org.br\/noticias\/wp-content\/uploads\/2024\/10\/WhatsApp-Image-2024-10-11-at-17.50.52-1536x1152.jpeg 1536w, https:\/\/franciscanos.org.br\/noticias\/wp-content\/uploads\/2024\/10\/WhatsApp-Image-2024-10-11-at-17.50.52-150x113.jpeg 150w, https:\/\/franciscanos.org.br\/noticias\/wp-content\/uploads\/2024\/10\/WhatsApp-Image-2024-10-11-at-17.50.52-600x450.jpeg 600w, https:\/\/franciscanos.org.br\/noticias\/wp-content\/uploads\/2024\/10\/WhatsApp-Image-2024-10-11-at-17.50.52.jpeg 1440w\" sizes=\"(max-width: 450px) 100vw, 450px\" \/>Segundo Frei M\u00e1rio Luiz Tagliari, reitor do Santu\u00e1rio S\u00e3o Francisco, o espa\u00e7o sagrado, localizado no cora\u00e7\u00e3o de S\u00e3o Paulo, tem 377 anos, e, nesta igreja, os frades, desde sempre, apresentaram o santo como um amigo da natureza, das pessoas, e tamb\u00e9m como aquele que, desde o in\u00edcio, encontrou nos pobres e nos doentes, nos crucificados do seu tempo, no abra\u00e7o e no beijo no leproso o mesmo Cristo que tamb\u00e9m havia encontrado na cruz de S\u00e3o Dami\u00e3o. \u201cPara n\u00f3s, a vinda da Rel\u00edquia tem um significado muito especial. Que todos n\u00f3s, que participamos do Santu\u00e1rio de S\u00e3o Francisco, possamos tamb\u00e9m encontrar, como Francisco, os crucificados do nosso tempo e ver neles o pr\u00f3prio Cristo, para que possamos abra\u00e7ar, cuidar deles e de toda a Cria\u00e7\u00e3o, que tamb\u00e9m est\u00e1 muito ferida\u201d, salientou.<\/p>\n<p>Ap\u00f3s a Santa Missa das 10h, os fi\u00e9is formaram uma grande fila para tocar e rezar diante da Rel\u00edquia de S\u00e3o Francisco. Enquanto caminhavam lentamente at\u00e9 a Rel\u00edquia, era poss\u00edvel perceber a grande expectativa para ter a oportunidade de sentir a proximidade do santo. Era\u00a0 a certeza de estar diante daquele que \u00e9 capaz de interceder pelos seus pedidos junto a Deus,\u00a0 assim como era clara e forte a presen\u00e7a da f\u00e9, manifestada pelo gesto de amor expresso pelo toque e pelas muitas l\u00e1grimas de emo\u00e7\u00e3o.<\/p>\n\n\t\t<style type=\"text\/css\">\n\t\t\t#gallery-2 {\n\t\t\t\tmargin: auto;\n\t\t\t}\n\t\t\t#gallery-2 .gallery-item {\n\t\t\t\tfloat: left;\n\t\t\t\tmargin-top: 10px;\n\t\t\t\ttext-align: center;\n\t\t\t\twidth: 25%;\n\t\t\t}\n\t\t\t#gallery-2 img {\n\t\t\t\tborder: 2px solid #cfcfcf;\n\t\t\t}\n\t\t\t#gallery-2 .gallery-caption {\n\t\t\t\tmargin-left: 0;\n\t\t\t}\n\t\t\t\/* see gallery_shortcode() in wp-includes\/media.php *\/\n\t\t<\/style>\n\t\t<div id='gallery-2' class='gallery galleryid-251470 gallery-columns-4 gallery-size-thumbnail'><dl class='gallery-item'>\n\t\t\t<dt class='gallery-icon portrait'>\n\t\t\t\t<a href='https:\/\/franciscanos.org.br\/noticias\/wp-content\/uploads\/2024\/10\/IMG_20241008_121230504-scaled.jpg'><img width=\"300\" height=\"300\" src=\"https:\/\/franciscanos.org.br\/noticias\/wp-content\/uploads\/2024\/10\/IMG_20241008_121230504-300x300.jpg\" class=\"attachment-thumbnail size-thumbnail\" alt=\"\" loading=\"lazy\" srcset=\"https:\/\/franciscanos.org.br\/noticias\/wp-content\/uploads\/2024\/10\/IMG_20241008_121230504-300x300.jpg 300w, https:\/\/franciscanos.org.br\/noticias\/wp-content\/uploads\/2024\/10\/IMG_20241008_121230504-100x100.jpg 100w\" sizes=\"(max-width: 300px) 100vw, 300px\" \/><\/a>\n\t\t\t<\/dt><\/dl><dl class='gallery-item'>\n\t\t\t<dt class='gallery-icon portrait'>\n\t\t\t\t<a href='https:\/\/franciscanos.org.br\/noticias\/wp-content\/uploads\/2024\/10\/IMG_20241008_124337026-scaled.jpg'><img width=\"300\" height=\"300\" src=\"https:\/\/franciscanos.org.br\/noticias\/wp-content\/uploads\/2024\/10\/IMG_20241008_124337026-300x300.jpg\" class=\"attachment-thumbnail size-thumbnail\" alt=\"\" loading=\"lazy\" srcset=\"https:\/\/franciscanos.org.br\/noticias\/wp-content\/uploads\/2024\/10\/IMG_20241008_124337026-300x300.jpg 300w, https:\/\/franciscanos.org.br\/noticias\/wp-content\/uploads\/2024\/10\/IMG_20241008_124337026-100x100.jpg 100w\" sizes=\"(max-width: 300px) 100vw, 300px\" \/><\/a>\n\t\t\t<\/dt><\/dl><dl class='gallery-item'>\n\t\t\t<dt class='gallery-icon portrait'>\n\t\t\t\t<a href='https:\/\/franciscanos.org.br\/noticias\/wp-content\/uploads\/2024\/10\/IMG_20241008_130542955-scaled.jpg'><img width=\"300\" height=\"300\" src=\"https:\/\/franciscanos.org.br\/noticias\/wp-content\/uploads\/2024\/10\/IMG_20241008_130542955-300x300.jpg\" class=\"attachment-thumbnail size-thumbnail\" alt=\"\" loading=\"lazy\" srcset=\"https:\/\/franciscanos.org.br\/noticias\/wp-content\/uploads\/2024\/10\/IMG_20241008_130542955-300x300.jpg 300w, https:\/\/franciscanos.org.br\/noticias\/wp-content\/uploads\/2024\/10\/IMG_20241008_130542955-100x100.jpg 100w\" sizes=\"(max-width: 300px) 100vw, 300px\" \/><\/a>\n\t\t\t<\/dt><\/dl><dl class='gallery-item'>\n\t\t\t<dt class='gallery-icon portrait'>\n\t\t\t\t<a href='https:\/\/franciscanos.org.br\/noticias\/wp-content\/uploads\/2024\/10\/IMG_20241008_124711446-1-scaled.jpg'><img width=\"300\" height=\"300\" src=\"https:\/\/franciscanos.org.br\/noticias\/wp-content\/uploads\/2024\/10\/IMG_20241008_124711446-1-300x300.jpg\" class=\"attachment-thumbnail size-thumbnail\" alt=\"\" loading=\"lazy\" srcset=\"https:\/\/franciscanos.org.br\/noticias\/wp-content\/uploads\/2024\/10\/IMG_20241008_124711446-1-300x300.jpg 300w, https:\/\/franciscanos.org.br\/noticias\/wp-content\/uploads\/2024\/10\/IMG_20241008_124711446-1-100x100.jpg 100w\" sizes=\"(max-width: 300px) 100vw, 300px\" \/><\/a>\n\t\t\t<\/dt><\/dl><br style=\"clear: both\" \/>\n\t\t<\/div>\n\n<p>A missa de encerramento ocorreu \u00e0s 12h, na Igreja das Chagas de S\u00e3o Francisco, da Ordem Franciscana Secular, e foi presidida pelo Frei Estev\u00e3o Ottenbreit, capel\u00e3o do Mosteiro da Luz, em S\u00e3o Paulo. A homilia foi conduzida pelo Frei Giuseppe, que mais uma vez ressaltou a import\u00e2ncia de S\u00e3o Francisco de Assis no mundo atual e a gra\u00e7a de trazer a Rel\u00edquia ao Brasil.<\/p>\n<p>Ao final, a Ministra da Fraternidade das Chagas, Maria Aparecida Crepaldi, agradeceu a presen\u00e7a da Rel\u00edquia na igreja, que traz em seu altar a representa\u00e7\u00e3o do momento em que S\u00e3o Francisco recebe os estigmas no Monte Alverne.<\/p>\n<p>Ainda na ter\u00e7a-feira, 8, os frades guardi\u00f5es da Rel\u00edquia de S\u00e3o Francisco voltaram para a It\u00e1lia, levando para o Monte Alverne as experi\u00eancias de f\u00e9 ao santo vividas no Brasil. Em suas mem\u00f3rias estar\u00e1 sempre viva a certeza de que o Santo Ser\u00e1fico deixou marcas profundas e amor no povo cat\u00f3lico brasileiro, que permanecem vivas na devo\u00e7\u00e3o e nos atos concretos a favor dos mais pobres e exclu\u00eddos, os crucificados da atualidade.<\/p>\n<hr \/>\n<p><em>Adriana Rabelo<\/em><\/p>\n","protected":false},"excerpt":{"rendered":"<p>Fi\u00e9is lotaram santu\u00e1rios franciscanos<\/p>\n","protected":false},"author":11,"featured_media":0,"comment_status":"open","ping_status":"open","sticky":false,"template":"","format":"standard","meta":[],"categories":[1],"tags":[],"acf":[],"yoast_head":"<!-- This site is optimized with the Yoast SEO plugin v19.2 - https:\/\/yoast.com\/wordpress\/plugins\/seo\/ -->\n<title>Rel\u00edquia de S\u00e3o Francisco e o encontro com a f\u00e9 no Brasil - Not\u00edcias - Franciscanos<\/title>\n<meta name=\"robots\" content=\"index, follow, max-snippet:-1, max-image-preview:large, max-video-preview:-1\" \/>\n<link rel=\"canonical\" href=\"https:\/\/franciscanos.org.br\/noticias\/reliquia-de-sao-francisco-e-o-encontro-com-a-fe-no-brasil.html\" \/>\n<meta property=\"og:locale\" content=\"pt_BR\" \/>\n<meta property=\"og:type\" content=\"article\" \/>\n<meta property=\"og:title\" content=\"Rel\u00edquia de S\u00e3o Francisco e o encontro com a f\u00e9 no Brasil - Not\u00edcias - Franciscanos\" \/>\n<meta property=\"og:description\" content=\"Fi\u00e9is lotaram santu\u00e1rios franciscanos\" \/>\n<meta property=\"og:url\" content=\"https:\/\/franciscanos.org.br\/noticias\/reliquia-de-sao-francisco-e-o-encontro-com-a-fe-no-brasil.html\" \/>\n<meta property=\"og:site_name\" content=\"Not\u00edcias - Franciscanos\" \/>\n<meta property=\"article:published_time\" content=\"2024-10-11T20:54:05+00:00\" \/>\n<meta property=\"article:modified_time\" content=\"2024-10-23T12:18:13+00:00\" \/>\n<meta property=\"og:image\" content=\"https:\/\/franciscanos.org.br\/noticias\/wp-content\/uploads\/2024\/10\/IMG_20241008_110457171-300x300.jpg\" \/>\n<meta name=\"author\" content=\"Adriana Rabelo\" \/>\n<meta name=\"twitter:card\" content=\"summary_large_image\" \/>\n<meta name=\"twitter:label1\" content=\"Escrito por\" \/>\n\t<meta name=\"twitter:data1\" content=\"Adriana Rabelo\" \/>\n\t<meta name=\"twitter:label2\" content=\"Est. tempo de leitura\" \/>\n\t<meta name=\"twitter:data2\" content=\"6 minutos\" \/>\n<script type=\"application\/ld+json\" class=\"yoast-schema-graph\">{\"@context\":\"https:\/\/schema.org\",\"@graph\":[{\"@type\":\"WebSite\",\"@id\":\"https:\/\/franciscanos.org.br\/noticias\/#website\",\"url\":\"https:\/\/franciscanos.org.br\/noticias\/\",\"name\":\"Not\u00edcias - Franciscanos\",\"description\":\"Prov\u00edncia Franciscana da Imaculada Concei\u00e7\u00e3o do Brasil - Ordem dos Frades Menores - OFM\",\"potentialAction\":[{\"@type\":\"SearchAction\",\"target\":{\"@type\":\"EntryPoint\",\"urlTemplate\":\"https:\/\/franciscanos.org.br\/noticias\/?s={search_term_string}\"},\"query-input\":\"required name=search_term_string\"}],\"inLanguage\":\"pt-BR\"},{\"@type\":\"ImageObject\",\"inLanguage\":\"pt-BR\",\"@id\":\"https:\/\/franciscanos.org.br\/noticias\/reliquia-de-sao-francisco-e-o-encontro-com-a-fe-no-brasil.html#primaryimage\",\"url\":\"https:\/\/franciscanos.org.br\/noticias\/wp-content\/uploads\/2024\/10\/MATERIA-10.jpg\",\"contentUrl\":\"https:\/\/franciscanos.org.br\/noticias\/wp-content\/uploads\/2024\/10\/MATERIA-10.jpg\",\"width\":1280,\"height\":720},{\"@type\":\"WebPage\",\"@id\":\"https:\/\/franciscanos.org.br\/noticias\/reliquia-de-sao-francisco-e-o-encontro-com-a-fe-no-brasil.html#webpage\",\"url\":\"https:\/\/franciscanos.org.br\/noticias\/reliquia-de-sao-francisco-e-o-encontro-com-a-fe-no-brasil.html\",\"name\":\"Rel\u00edquia de S\u00e3o Francisco e o encontro com a f\u00e9 no Brasil - Not\u00edcias - Franciscanos\",\"isPartOf\":{\"@id\":\"https:\/\/franciscanos.org.br\/noticias\/#website\"},\"primaryImageOfPage\":{\"@id\":\"https:\/\/franciscanos.org.br\/noticias\/reliquia-de-sao-francisco-e-o-encontro-com-a-fe-no-brasil.html#primaryimage\"},\"datePublished\":\"2024-10-11T20:54:05+00:00\",\"dateModified\":\"2024-10-23T12:18:13+00:00\",\"author\":{\"@id\":\"https:\/\/franciscanos.org.br\/noticias\/#\/schema\/person\/d9422e83121c3ad3b0f423d195f5bb25\"},\"breadcrumb\":{\"@id\":\"https:\/\/franciscanos.org.br\/noticias\/reliquia-de-sao-francisco-e-o-encontro-com-a-fe-no-brasil.html#breadcrumb\"},\"inLanguage\":\"pt-BR\",\"potentialAction\":[{\"@type\":\"ReadAction\",\"target\":[\"https:\/\/franciscanos.org.br\/noticias\/reliquia-de-sao-francisco-e-o-encontro-com-a-fe-no-brasil.html\"]}]},{\"@type\":\"BreadcrumbList\",\"@id\":\"https:\/\/franciscanos.org.br\/noticias\/reliquia-de-sao-francisco-e-o-encontro-com-a-fe-no-brasil.html#breadcrumb\",\"itemListElement\":[{\"@type\":\"ListItem\",\"position\":1,\"name\":\"Home\",\"item\":\"https:\/\/franciscanos.org.br\/noticias\"},{\"@type\":\"ListItem\",\"position\":2,\"name\":\"Rel\u00edquia de S\u00e3o Francisco e o encontro com a f\u00e9 no Brasil\"}]},{\"@type\":\"Person\",\"@id\":\"https:\/\/franciscanos.org.br\/noticias\/#\/schema\/person\/d9422e83121c3ad3b0f423d195f5bb25\",\"name\":\"Adriana Rabelo\",\"image\":{\"@type\":\"ImageObject\",\"inLanguage\":\"pt-BR\",\"@id\":\"https:\/\/franciscanos.org.br\/noticias\/#\/schema\/person\/image\/\",\"url\":\"https:\/\/secure.gravatar.com\/avatar\/0a937b7500cd7df77540cfb8bede877d?s=96&d=mm&r=g\",\"contentUrl\":\"https:\/\/secure.gravatar.com\/avatar\/0a937b7500cd7df77540cfb8bede877d?s=96&d=mm&r=g\",\"caption\":\"Adriana Rabelo\"},\"url\":\"https:\/\/franciscanos.org.br\/noticias\/author\/adrianarabelo\"}]}<\/script>\n<!-- \/ Yoast SEO plugin. -->","yoast_head_json":{"title":"Rel\u00edquia de S\u00e3o Francisco e o encontro com a f\u00e9 no Brasil - Not\u00edcias - Franciscanos","robots":{"index":"index","follow":"follow","max-snippet":"max-snippet:-1","max-image-preview":"max-image-preview:large","max-video-preview":"max-video-preview:-1"},"canonical":"https:\/\/franciscanos.org.br\/noticias\/reliquia-de-sao-francisco-e-o-encontro-com-a-fe-no-brasil.html","og_locale":"pt_BR","og_type":"article","og_title":"Rel\u00edquia de S\u00e3o Francisco e o encontro com a f\u00e9 no Brasil - Not\u00edcias - Franciscanos","og_description":"Fi\u00e9is lotaram santu\u00e1rios franciscanos","og_url":"https:\/\/franciscanos.org.br\/noticias\/reliquia-de-sao-francisco-e-o-encontro-com-a-fe-no-brasil.html","og_site_name":"Not\u00edcias - Franciscanos","article_published_time":"2024-10-11T20:54:05+00:00","article_modified_time":"2024-10-23T12:18:13+00:00","og_image":[{"url":"https:\/\/franciscanos.org.br\/noticias\/wp-content\/uploads\/2024\/10\/IMG_20241008_110457171-300x300.jpg"}],"author":"Adriana Rabelo","twitter_card":"summary_large_image","twitter_misc":{"Escrito por":"Adriana Rabelo","Est. tempo de leitura":"6 minutos"},"schema":{"@context":"https:\/\/schema.org","@graph":[{"@type":"WebSite","@id":"https:\/\/franciscanos.org.br\/noticias\/#website","url":"https:\/\/franciscanos.org.br\/noticias\/","name":"Not\u00edcias - Franciscanos","description":"Prov\u00edncia Franciscana da Imaculada Concei\u00e7\u00e3o do Brasil - Ordem dos Frades Menores - OFM","potentialAction":[{"@type":"SearchAction","target":{"@type":"EntryPoint","urlTemplate":"https:\/\/franciscanos.org.br\/noticias\/?s={search_term_string}"},"query-input":"required name=search_term_string"}],"inLanguage":"pt-BR"},{"@type":"ImageObject","inLanguage":"pt-BR","@id":"https:\/\/franciscanos.org.br\/noticias\/reliquia-de-sao-francisco-e-o-encontro-com-a-fe-no-brasil.html#primaryimage","url":"https:\/\/franciscanos.org.br\/noticias\/wp-content\/uploads\/2024\/10\/MATERIA-10.jpg","contentUrl":"https:\/\/franciscanos.org.br\/noticias\/wp-content\/uploads\/2024\/10\/MATERIA-10.jpg","width":1280,"height":720},{"@type":"WebPage","@id":"https:\/\/franciscanos.org.br\/noticias\/reliquia-de-sao-francisco-e-o-encontro-com-a-fe-no-brasil.html#webpage","url":"https:\/\/franciscanos.org.br\/noticias\/reliquia-de-sao-francisco-e-o-encontro-com-a-fe-no-brasil.html","name":"Rel\u00edquia de S\u00e3o Francisco e o encontro com a f\u00e9 no Brasil - Not\u00edcias - Franciscanos","isPartOf":{"@id":"https:\/\/franciscanos.org.br\/noticias\/#website"},"primaryImageOfPage":{"@id":"https:\/\/franciscanos.org.br\/noticias\/reliquia-de-sao-francisco-e-o-encontro-com-a-fe-no-brasil.html#primaryimage"},"datePublished":"2024-10-11T20:54:05+00:00","dateModified":"2024-10-23T12:18:13+00:00","author":{"@id":"https:\/\/franciscanos.org.br\/noticias\/#\/schema\/person\/d9422e83121c3ad3b0f423d195f5bb25"},"breadcrumb":{"@id":"https:\/\/franciscanos.org.br\/noticias\/reliquia-de-sao-francisco-e-o-encontro-com-a-fe-no-brasil.html#breadcrumb"},"inLanguage":"pt-BR","potentialAction":[{"@type":"ReadAction","target":["https:\/\/franciscanos.org.br\/noticias\/reliquia-de-sao-francisco-e-o-encontro-com-a-fe-no-brasil.html"]}]},{"@type":"BreadcrumbList","@id":"https:\/\/franciscanos.org.br\/noticias\/reliquia-de-sao-francisco-e-o-encontro-com-a-fe-no-brasil.html#breadcrumb","itemListElement":[{"@type":"ListItem","position":1,"name":"Home","item":"https:\/\/franciscanos.org.br\/noticias"},{"@type":"ListItem","position":2,"name":"Rel\u00edquia de S\u00e3o Francisco e o encontro com a f\u00e9 no Brasil"}]},{"@type":"Person","@id":"https:\/\/franciscanos.org.br\/noticias\/#\/schema\/person\/d9422e83121c3ad3b0f423d195f5bb25","name":"Adriana Rabelo","image":{"@type":"ImageObject","inLanguage":"pt-BR","@id":"https:\/\/franciscanos.org.br\/noticias\/#\/schema\/person\/image\/","url":"https:\/\/secure.gravatar.com\/avatar\/0a937b7500cd7df77540cfb8bede877d?s=96&d=mm&r=g","contentUrl":"https:\/\/secure.gravatar.com\/avatar\/0a937b7500cd7df77540cfb8bede877d?s=96&d=mm&r=g","caption":"Adriana Rabelo"},"url":"https:\/\/franciscanos.org.br\/noticias\/author\/adrianarabelo"}]}},"_links":{"self":[{"href":"https:\/\/franciscanos.org.br\/noticias\/wp-json\/wp\/v2\/posts\/251470"}],"collection":[{"href":"https:\/\/franciscanos.org.br\/noticias\/wp-json\/wp\/v2\/posts"}],"about":[{"href":"https:\/\/franciscanos.org.br\/noticias\/wp-json\/wp\/v2\/types\/post"}],"author":[{"embeddable":true,"href":"https:\/\/franciscanos.org.br\/noticias\/wp-json\/wp\/v2\/users\/11"}],"replies":[{"embeddable":true,"href":"https:\/\/franciscanos.org.br\/noticias\/wp-json\/wp\/v2\/comments?post=251470"}],"version-history":[{"count":4,"href":"https:\/\/franciscanos.org.br\/noticias\/wp-json\/wp\/v2\/posts\/251470\/revisions"}],"predecessor-version":[{"id":251738,"href":"https:\/\/franciscanos.org.br\/noticias\/wp-json\/wp\/v2\/posts\/251470\/revisions\/251738"}],"wp:attachment":[{"href":"https:\/\/franciscanos.org.br\/noticias\/wp-json\/wp\/v2\/media?parent=251470"}],"wp:term":[{"taxonomy":"category","embeddable":true,"href":"https:\/\/franciscanos.org.br\/noticias\/wp-json\/wp\/v2\/categories?post=251470"},{"taxonomy":"post_tag","embeddable":true,"href":"https:\/\/franciscanos.org.br\/noticias\/wp-json\/wp\/v2\/tags?post=251470"}],"curies":[{"name":"wp","href":"https:\/\/api.w.org\/{rel}","templated":true}]}}