{"id":251459,"date":"2024-10-09T11:09:25","date_gmt":"2024-10-09T14:09:25","guid":{"rendered":"https:\/\/franciscanos.org.br\/noticias\/?p=251459"},"modified":"2024-10-09T11:13:02","modified_gmt":"2024-10-09T14:13:02","slug":"estao-abertas-as-inscricoes-ao-mutirao-em-defesa-da-casa-comum-curso-lancado-durante-o-seminario-nacional-de-campanhas","status":"publish","type":"post","link":"https:\/\/franciscanos.org.br\/noticias\/estao-abertas-as-inscricoes-ao-mutirao-em-defesa-da-casa-comum-curso-lancado-durante-o-seminario-nacional-de-campanhas.html","title":{"rendered":"Abertas as inscri\u00e7\u00f5es para o curso do Mutir\u00e3o em Defesa da Casa Comum"},"content":{"rendered":"<p data-beyondwords-marker=\"c5d60667-a726-4ceb-8589-357cf7ae83d4\"><img loading=\"lazy\" class=\"aligncenter wp-image-251460 size-full\" src=\"https:\/\/franciscanos.org.br\/noticias\/wp-content\/uploads\/2024\/10\/casa-comum-materia.jpg\" alt=\"\" width=\"1280\" height=\"720\" srcset=\"https:\/\/franciscanos.org.br\/noticias\/wp-content\/uploads\/2024\/10\/casa-comum-materia.jpg 1280w, https:\/\/franciscanos.org.br\/noticias\/wp-content\/uploads\/2024\/10\/casa-comum-materia-450x253.jpg 450w, https:\/\/franciscanos.org.br\/noticias\/wp-content\/uploads\/2024\/10\/casa-comum-materia-1024x576.jpg 1024w, https:\/\/franciscanos.org.br\/noticias\/wp-content\/uploads\/2024\/10\/casa-comum-materia-768x432.jpg 768w, https:\/\/franciscanos.org.br\/noticias\/wp-content\/uploads\/2024\/10\/casa-comum-materia-150x84.jpg 150w\" sizes=\"(max-width: 1280px) 100vw, 1280px\" \/><\/p>\n<p>Est\u00e3o abertas at\u00e9 do dia 25 de outubro as inscri\u00e7\u00f5es para o Mutir\u00e3o em Defesa da Casa Comum. O curso foi lan\u00e7ado durante o Semin\u00e1rio Nacional da Campanha da Fraternidade, em Bras\u00edlia, em setembro. As inscri\u00e7\u00f5es s\u00e3o gratuitas, e podem ser feitas at\u00e9 o dia 25 de outubro.<\/p>\n<p>O Mutir\u00e3o em Defesa da Casa Comum foi apresentado ao p\u00fablico participante \u2013 cerca de 100 pessoas \u2013 do Semin\u00e1rio Nacional da Campanha da Fraternidade 2025, realizado pela Confer\u00eancia Nacional dos Bispos do Brasil (CNBB), entre os dias 26 e 29 de setembro, na Casa Dom Luciano, em Bras\u00edlia (DF).<\/p>\n<p>Participaram do lan\u00e7amento da iniciativa Alex Bastos, Jussara e Daniel Seidel, todos respons\u00e1veis pelo desenvolvimento do Mutir\u00e3o, e o padre Jean Poul Hansen, secret\u00e1rio Executivo de Campanhas da CNBB.<\/p>\n<p>\u201c\u00c9 uma alegria, agora, o Mutir\u00e3o estar junto com a Campanha da Fraternidade, pois acredito que teremos um bom espa\u00e7o e p\u00fablico para avan\u00e7armos no estudo dessa tem\u00e1tica, da defesa da Casa Comum\u201d, manifestou Jussara, pedagoga e uma das coordenadoras do curso, durante o evento.<\/p>\n<div id=\"attachment_251464\" style=\"width: 460px\" class=\"wp-caption alignnone\"><img aria-describedby=\"caption-attachment-251464\" loading=\"lazy\" class=\"wp-image-251464 size-medium\" src=\"https:\/\/franciscanos.org.br\/noticias\/wp-content\/uploads\/2024\/10\/MUTIRAO-CASA-COMUM-450x303.jpg\" alt=\"\" width=\"450\" height=\"303\" srcset=\"https:\/\/franciscanos.org.br\/noticias\/wp-content\/uploads\/2024\/10\/MUTIRAO-CASA-COMUM-450x303.jpg 450w, https:\/\/franciscanos.org.br\/noticias\/wp-content\/uploads\/2024\/10\/MUTIRAO-CASA-COMUM-768x517.jpg 768w, https:\/\/franciscanos.org.br\/noticias\/wp-content\/uploads\/2024\/10\/MUTIRAO-CASA-COMUM-150x101.jpg 150w, https:\/\/franciscanos.org.br\/noticias\/wp-content\/uploads\/2024\/10\/MUTIRAO-CASA-COMUM.jpg 852w\" sizes=\"(max-width: 450px) 100vw, 450px\" \/><p id=\"caption-attachment-251464\" class=\"wp-caption-text\">Na foto acima, Fl\u00e1via Aparecida, integrante da Arquidiocese de Mariana (MG) e secret\u00e1ria da Universidade Federal de Ouro Preto (UFOP), compartilhou, durante o lan\u00e7amento da forma\u00e7\u00e3o, a sua experi\u00eancia com o Mutir\u00e3o pela Democracia, primeira forma\u00e7\u00e3o desenvolvida pela Revista Casa Comum em parceria com o Projeto Encantar a Pol\u00edtica, que foi baseada na 8\u00aa edi\u00e7\u00e3o da Revista.<\/p><\/div>\n<p><strong>Arte diversa<\/strong><\/p>\n<p>Marcela Weigert Braga, ilustradora e\u00a0designer, colocou a sua arte \u00e0 disposi\u00e7\u00e3o da defesa da Casa Comum. \u00c9 dela o desenho que embala e d\u00e1 o tom \u00e0s pe\u00e7as de comunica\u00e7\u00e3o do Mutir\u00e3o.<\/p>\n<p>A ideia da arte foi mostrar a import\u00e2ncia de todos(as) unidos(as) \u2013 pessoas, fauna, flora, e S\u00e3o Francisco -, cuidando da Terra, seja na cidade ou no campo.<\/p>\n<p>A imagem faz refer\u00eancia ainda ao C\u00e2ntico das Criaturas, poema de S\u00e3o Francisco de Assis que completa 800 anos em 2025 e que expressa uma profunda conex\u00e3o com os elementos naturais \u2013 vistos como irm\u00e3os.<\/p>\n<p>Com o tema \u201ctudo o que existe e vive precisa ser cuidado\u201d, o Mutir\u00e3o formativo resulta de uma parceria do Projeto Encantar a Pol\u00edtica com o Sefras \u2013 A\u00e7\u00e3o Social Franciscana, Revista Casa Comum e a\u00a0Campanha da Fraternidade.<\/p>\n<p><strong>Entenda o Mutir\u00e3o e saiba como participar<\/strong><\/p>\n<p>O novo curso foi inspirado pelo\u00a0Mutir\u00e3o pela Democracia, iniciativa da Revista Casa Comum em parceria com o Projeto Encantar a Pol\u00edtica realizada no in\u00edcio de 2024, com base nas reportagens da 8\u00aa edi\u00e7\u00e3o da Revista Casa Comum \u2013 que pautou o tema Reencantar a pol\u00edtica: pela mobiliza\u00e7\u00e3o das urnas e das ruas \u2013 e tamb\u00e9m na Trilha de Saberes.<\/p>\n<p>A metodologia da nova forma\u00e7\u00e3o prev\u00ea a utiliza\u00e7\u00e3o do conte\u00fado da 10\u00aa edi\u00e7\u00e3o da Revista e a Trilha de Saberes que a acompanha como base para as discuss\u00f5es, debates e trocas de experi\u00eancias entre os(as) inscritos(as).<\/p>\n<p>Duas turmas devem compor o Mutir\u00e3o em Defesa da Casa Comum, sendo a primeira com in\u00edcio no dia 28 de outubro e t\u00e9rmino previsto para 12 de dezembro, e a segunda ser\u00e1 realizada entre janeiro e mar\u00e7o de 2025. Juntas, as duas t\u00eam como objetivo formar cerca de 1.300 pessoas.<\/p>\n<p><strong>Qual o objetivo do Mutir\u00e3o em Defesa da Casa Comum?<\/strong><\/p>\n<p>A forma\u00e7\u00e3o nasce a partir da experi\u00eancia do <span style=\"color: #000080;\"><strong><a style=\"color: #000080;\" href=\"https:\/\/revistacasacomum.com.br\/curso-mutirao-pela-democracia-revista-casa-comum-e-projeto-encantar-a-politica-celebram-encerramento-da-formacao-que-capacitou-mil-multiplicadores-de-todo-o-pais\/\">Mutir\u00e3o pela Democracia<\/a><\/strong><\/span>, realizado pelas mesmas organiza\u00e7\u00f5es do atual Mutir\u00e3o. O curso tem como objetivo capacitar animadores(as) e multiplicadores(as) para a defesa e o cuidado da Casa Comum, proposto pela Campanha da Fraternidade de 2025, com o tema Fraternidade e Ecologia Integral e o lema \u201cDeus viu que tudo era muito bom!\u201d (Gn 1,31).<\/p>\n<p>Com isso, o Mutir\u00e3o pretende contribuir para o despertar da consci\u00eancia cr\u00edtica e ecol\u00f3gica, a promo\u00e7\u00e3o da justi\u00e7a socioambiental e o exerc\u00edcio da cidadania.<\/p>\n<p><strong>O curso \u00e9 gratuito?\u00a0<\/strong><\/p>\n<p>Sim. Mas cada participante deve assumir o compromisso de multiplicar a forma\u00e7\u00e3o recebida para sete novas lideran\u00e7as, que, por sua vez, devem mobilizar outras sete pessoas em suas localidades, multiplicando, assim, o efeito e alcance da forma\u00e7\u00e3o.<\/p>\n<p><strong>Onde ser\u00e3o realizados os encontros do Mutir\u00e3o?<\/strong><\/p>\n<p>O Mutir\u00e3o acontece totalmente \u00e0 dist\u00e2ncia e em formato virtual, sendo necess\u00e1ria a participa\u00e7\u00e3o ao vivo nas rodas de conversa. Para as forma\u00e7\u00f5es e di\u00e1logos ser\u00e3o utilizadas as plataformas do Zoom, al\u00e9m de e-mail e grupos de aplicativo de mensagens (WhatsApp).<\/p>\n<p>Tamb\u00e9m ser\u00e1 necess\u00e1ria a dedica\u00e7\u00e3o de, ao menos, uma hora diariamente\u00a0ou de cinco horas semanais para estudos e realiza\u00e7\u00e3o das atividades.<\/p>\n<p><strong>Qual a metodologia do Mutir\u00e3o?<\/strong><\/p>\n<ul>\n<li>Cada pessoa precisar\u00e1 dedicar sete semanas para participar de sete Rodas de Conversas nas segundas ou quintas-feiras, conforme a escolha ao fazer a inscri\u00e7\u00e3o;<\/li>\n<li>Estudar os conte\u00fados da 10\u00aa Edi\u00e7\u00e3o da Revista Casa Comum, al\u00e9m de outros materiais indicados;<\/li>\n<li>Responder aos question\u00e1rios referentes a cada conte\u00fado, que ser\u00e3o indicados nos grupos de WhatsApp das turmas;<\/li>\n<li>Escrever um plano de multiplica\u00e7\u00e3o do que foi aprendido no Mutir\u00e3o a ser aplicado com sete novas lideran\u00e7as de sua rede de rela\u00e7\u00f5es.<\/li>\n<\/ul>\n<p><strong>Tem certifica\u00e7\u00e3o?<\/strong><\/p>\n<p>O curso ter\u00e1 validade de extens\u00e3o universit\u00e1ria e ser\u00e1 certificado pela\u00a0C\u00e1tedra Unesco de Juventude da Universidade Cat\u00f3lica de Bras\u00edlia, em parceria com o\u00a0Vida e Juventude.<\/p>\n<p>O recebimento do certificado depender\u00e1 da participa\u00e7\u00e3o em pelo menos cinco das sete rodas de conversas e da realiza\u00e7\u00e3o das atividades avaliativas com aproveitamento m\u00ednimo de 60%.<\/p>\n<p>Aten\u00e7\u00e3o! As inscri\u00e7\u00f5es para quem deseja participar da primeira turma do Mutir\u00e3o est\u00e3o abertas at\u00e9 o dia 25 de outubro de 2024. Ap\u00f3s se inscrever no link abaixo, a pessoa receber\u00e1 por e-mail a confirma\u00e7\u00e3o da sua participa\u00e7\u00e3o e demais informa\u00e7\u00f5es.<\/p>\n<p>Fa\u00e7a sua inscri\u00e7\u00e3o:\u00a0(<span style=\"color: #000080;\"><strong><a style=\"color: #000080;\" href=\"https:\/\/app.ciaticket.com.br\/e\/MUTIRAOCUIDADOCASACOMUM?ingresso_1562=1\">aqui<\/a><\/strong><\/span>)<\/p>\n<hr \/>\n<p>Com informa\u00e7\u00f5es da<a href=\"https:\/\/revistacasacomum.com.br\/estao-abertas-as-inscricoes-para-o-mutirao-em-defesa-da-casa-comum\/\" target=\"_blank\" rel=\"noopener\">\u00a0<strong>Revista Casa Comum<\/strong>\u00a0<\/a><\/p>\n","protected":false},"excerpt":{"rendered":"<p>Inscri\u00e7\u00f5es gratuitas at\u00e9 25 de outubro<\/p>\n","protected":false},"author":11,"featured_media":251461,"comment_status":"open","ping_status":"open","sticky":false,"template":"","format":"standard","meta":[],"categories":[1],"tags":[29,2248,228],"acf":[],"yoast_head":"<!-- This site is optimized with the Yoast SEO plugin v19.2 - https:\/\/yoast.com\/wordpress\/plugins\/seo\/ -->\n<title>Abertas as inscri\u00e7\u00f5es para o curso do Mutir\u00e3o em Defesa da Casa Comum - Not\u00edcias - Franciscanos<\/title>\n<meta name=\"robots\" content=\"index, follow, max-snippet:-1, max-image-preview:large, max-video-preview:-1\" \/>\n<link rel=\"canonical\" href=\"https:\/\/franciscanos.org.br\/noticias\/estao-abertas-as-inscricoes-ao-mutirao-em-defesa-da-casa-comum-curso-lancado-durante-o-seminario-nacional-de-campanhas.html\" \/>\n<meta property=\"og:locale\" content=\"pt_BR\" \/>\n<meta property=\"og:type\" content=\"article\" \/>\n<meta property=\"og:title\" content=\"Abertas as inscri\u00e7\u00f5es para o curso do Mutir\u00e3o em Defesa da Casa Comum - Not\u00edcias - Franciscanos\" \/>\n<meta property=\"og:description\" content=\"Inscri\u00e7\u00f5es gratuitas at\u00e9 25 de outubro\" \/>\n<meta property=\"og:url\" content=\"https:\/\/franciscanos.org.br\/noticias\/estao-abertas-as-inscricoes-ao-mutirao-em-defesa-da-casa-comum-curso-lancado-durante-o-seminario-nacional-de-campanhas.html\" \/>\n<meta property=\"og:site_name\" content=\"Not\u00edcias - Franciscanos\" \/>\n<meta property=\"article:published_time\" content=\"2024-10-09T14:09:25+00:00\" \/>\n<meta property=\"article:modified_time\" content=\"2024-10-09T14:13:02+00:00\" \/>\n<meta property=\"og:image\" content=\"https:\/\/franciscanos.org.br\/noticias\/wp-content\/uploads\/2024\/10\/CHAMADA-CASA-COMUM.jpg\" \/>\n\t<meta property=\"og:image:width\" content=\"800\" \/>\n\t<meta property=\"og:image:height\" content=\"550\" \/>\n\t<meta property=\"og:image:type\" content=\"image\/jpeg\" \/>\n<meta name=\"author\" content=\"Adriana Rabelo\" \/>\n<meta name=\"twitter:card\" content=\"summary_large_image\" \/>\n<meta name=\"twitter:label1\" content=\"Escrito por\" \/>\n\t<meta name=\"twitter:data1\" content=\"Adriana Rabelo\" \/>\n\t<meta name=\"twitter:label2\" content=\"Est. tempo de leitura\" \/>\n\t<meta name=\"twitter:data2\" content=\"5 minutos\" \/>\n<script type=\"application\/ld+json\" class=\"yoast-schema-graph\">{\"@context\":\"https:\/\/schema.org\",\"@graph\":[{\"@type\":\"WebSite\",\"@id\":\"https:\/\/franciscanos.org.br\/noticias\/#website\",\"url\":\"https:\/\/franciscanos.org.br\/noticias\/\",\"name\":\"Not\u00edcias - Franciscanos\",\"description\":\"Prov\u00edncia Franciscana da Imaculada Concei\u00e7\u00e3o do Brasil - Ordem dos Frades Menores - OFM\",\"potentialAction\":[{\"@type\":\"SearchAction\",\"target\":{\"@type\":\"EntryPoint\",\"urlTemplate\":\"https:\/\/franciscanos.org.br\/noticias\/?s={search_term_string}\"},\"query-input\":\"required name=search_term_string\"}],\"inLanguage\":\"pt-BR\"},{\"@type\":\"ImageObject\",\"inLanguage\":\"pt-BR\",\"@id\":\"https:\/\/franciscanos.org.br\/noticias\/estao-abertas-as-inscricoes-ao-mutirao-em-defesa-da-casa-comum-curso-lancado-durante-o-seminario-nacional-de-campanhas.html#primaryimage\",\"url\":\"https:\/\/franciscanos.org.br\/noticias\/wp-content\/uploads\/2024\/10\/CHAMADA-CASA-COMUM.jpg\",\"contentUrl\":\"https:\/\/franciscanos.org.br\/noticias\/wp-content\/uploads\/2024\/10\/CHAMADA-CASA-COMUM.jpg\",\"width\":800,\"height\":550},{\"@type\":\"WebPage\",\"@id\":\"https:\/\/franciscanos.org.br\/noticias\/estao-abertas-as-inscricoes-ao-mutirao-em-defesa-da-casa-comum-curso-lancado-durante-o-seminario-nacional-de-campanhas.html#webpage\",\"url\":\"https:\/\/franciscanos.org.br\/noticias\/estao-abertas-as-inscricoes-ao-mutirao-em-defesa-da-casa-comum-curso-lancado-durante-o-seminario-nacional-de-campanhas.html\",\"name\":\"Abertas as inscri\u00e7\u00f5es para o curso do Mutir\u00e3o em Defesa da Casa Comum - Not\u00edcias - Franciscanos\",\"isPartOf\":{\"@id\":\"https:\/\/franciscanos.org.br\/noticias\/#website\"},\"primaryImageOfPage\":{\"@id\":\"https:\/\/franciscanos.org.br\/noticias\/estao-abertas-as-inscricoes-ao-mutirao-em-defesa-da-casa-comum-curso-lancado-durante-o-seminario-nacional-de-campanhas.html#primaryimage\"},\"datePublished\":\"2024-10-09T14:09:25+00:00\",\"dateModified\":\"2024-10-09T14:13:02+00:00\",\"author\":{\"@id\":\"https:\/\/franciscanos.org.br\/noticias\/#\/schema\/person\/d9422e83121c3ad3b0f423d195f5bb25\"},\"breadcrumb\":{\"@id\":\"https:\/\/franciscanos.org.br\/noticias\/estao-abertas-as-inscricoes-ao-mutirao-em-defesa-da-casa-comum-curso-lancado-durante-o-seminario-nacional-de-campanhas.html#breadcrumb\"},\"inLanguage\":\"pt-BR\",\"potentialAction\":[{\"@type\":\"ReadAction\",\"target\":[\"https:\/\/franciscanos.org.br\/noticias\/estao-abertas-as-inscricoes-ao-mutirao-em-defesa-da-casa-comum-curso-lancado-durante-o-seminario-nacional-de-campanhas.html\"]}]},{\"@type\":\"BreadcrumbList\",\"@id\":\"https:\/\/franciscanos.org.br\/noticias\/estao-abertas-as-inscricoes-ao-mutirao-em-defesa-da-casa-comum-curso-lancado-durante-o-seminario-nacional-de-campanhas.html#breadcrumb\",\"itemListElement\":[{\"@type\":\"ListItem\",\"position\":1,\"name\":\"Home\",\"item\":\"https:\/\/franciscanos.org.br\/noticias\"},{\"@type\":\"ListItem\",\"position\":2,\"name\":\"Abertas as inscri\u00e7\u00f5es para o curso do Mutir\u00e3o em Defesa da Casa Comum\"}]},{\"@type\":\"Person\",\"@id\":\"https:\/\/franciscanos.org.br\/noticias\/#\/schema\/person\/d9422e83121c3ad3b0f423d195f5bb25\",\"name\":\"Adriana Rabelo\",\"image\":{\"@type\":\"ImageObject\",\"inLanguage\":\"pt-BR\",\"@id\":\"https:\/\/franciscanos.org.br\/noticias\/#\/schema\/person\/image\/\",\"url\":\"https:\/\/secure.gravatar.com\/avatar\/0a937b7500cd7df77540cfb8bede877d?s=96&d=mm&r=g\",\"contentUrl\":\"https:\/\/secure.gravatar.com\/avatar\/0a937b7500cd7df77540cfb8bede877d?s=96&d=mm&r=g\",\"caption\":\"Adriana Rabelo\"},\"url\":\"https:\/\/franciscanos.org.br\/noticias\/author\/adrianarabelo\"}]}<\/script>\n<!-- \/ Yoast SEO plugin. -->","yoast_head_json":{"title":"Abertas as inscri\u00e7\u00f5es para o curso do Mutir\u00e3o em Defesa da Casa Comum - Not\u00edcias - Franciscanos","robots":{"index":"index","follow":"follow","max-snippet":"max-snippet:-1","max-image-preview":"max-image-preview:large","max-video-preview":"max-video-preview:-1"},"canonical":"https:\/\/franciscanos.org.br\/noticias\/estao-abertas-as-inscricoes-ao-mutirao-em-defesa-da-casa-comum-curso-lancado-durante-o-seminario-nacional-de-campanhas.html","og_locale":"pt_BR","og_type":"article","og_title":"Abertas as inscri\u00e7\u00f5es para o curso do Mutir\u00e3o em Defesa da Casa Comum - Not\u00edcias - Franciscanos","og_description":"Inscri\u00e7\u00f5es gratuitas at\u00e9 25 de outubro","og_url":"https:\/\/franciscanos.org.br\/noticias\/estao-abertas-as-inscricoes-ao-mutirao-em-defesa-da-casa-comum-curso-lancado-durante-o-seminario-nacional-de-campanhas.html","og_site_name":"Not\u00edcias - Franciscanos","article_published_time":"2024-10-09T14:09:25+00:00","article_modified_time":"2024-10-09T14:13:02+00:00","og_image":[{"width":800,"height":550,"url":"https:\/\/franciscanos.org.br\/noticias\/wp-content\/uploads\/2024\/10\/CHAMADA-CASA-COMUM.jpg","type":"image\/jpeg"}],"author":"Adriana Rabelo","twitter_card":"summary_large_image","twitter_misc":{"Escrito por":"Adriana Rabelo","Est. tempo de leitura":"5 minutos"},"schema":{"@context":"https:\/\/schema.org","@graph":[{"@type":"WebSite","@id":"https:\/\/franciscanos.org.br\/noticias\/#website","url":"https:\/\/franciscanos.org.br\/noticias\/","name":"Not\u00edcias - Franciscanos","description":"Prov\u00edncia Franciscana da Imaculada Concei\u00e7\u00e3o do Brasil - Ordem dos Frades Menores - OFM","potentialAction":[{"@type":"SearchAction","target":{"@type":"EntryPoint","urlTemplate":"https:\/\/franciscanos.org.br\/noticias\/?s={search_term_string}"},"query-input":"required name=search_term_string"}],"inLanguage":"pt-BR"},{"@type":"ImageObject","inLanguage":"pt-BR","@id":"https:\/\/franciscanos.org.br\/noticias\/estao-abertas-as-inscricoes-ao-mutirao-em-defesa-da-casa-comum-curso-lancado-durante-o-seminario-nacional-de-campanhas.html#primaryimage","url":"https:\/\/franciscanos.org.br\/noticias\/wp-content\/uploads\/2024\/10\/CHAMADA-CASA-COMUM.jpg","contentUrl":"https:\/\/franciscanos.org.br\/noticias\/wp-content\/uploads\/2024\/10\/CHAMADA-CASA-COMUM.jpg","width":800,"height":550},{"@type":"WebPage","@id":"https:\/\/franciscanos.org.br\/noticias\/estao-abertas-as-inscricoes-ao-mutirao-em-defesa-da-casa-comum-curso-lancado-durante-o-seminario-nacional-de-campanhas.html#webpage","url":"https:\/\/franciscanos.org.br\/noticias\/estao-abertas-as-inscricoes-ao-mutirao-em-defesa-da-casa-comum-curso-lancado-durante-o-seminario-nacional-de-campanhas.html","name":"Abertas as inscri\u00e7\u00f5es para o curso do Mutir\u00e3o em Defesa da Casa Comum - Not\u00edcias - Franciscanos","isPartOf":{"@id":"https:\/\/franciscanos.org.br\/noticias\/#website"},"primaryImageOfPage":{"@id":"https:\/\/franciscanos.org.br\/noticias\/estao-abertas-as-inscricoes-ao-mutirao-em-defesa-da-casa-comum-curso-lancado-durante-o-seminario-nacional-de-campanhas.html#primaryimage"},"datePublished":"2024-10-09T14:09:25+00:00","dateModified":"2024-10-09T14:13:02+00:00","author":{"@id":"https:\/\/franciscanos.org.br\/noticias\/#\/schema\/person\/d9422e83121c3ad3b0f423d195f5bb25"},"breadcrumb":{"@id":"https:\/\/franciscanos.org.br\/noticias\/estao-abertas-as-inscricoes-ao-mutirao-em-defesa-da-casa-comum-curso-lancado-durante-o-seminario-nacional-de-campanhas.html#breadcrumb"},"inLanguage":"pt-BR","potentialAction":[{"@type":"ReadAction","target":["https:\/\/franciscanos.org.br\/noticias\/estao-abertas-as-inscricoes-ao-mutirao-em-defesa-da-casa-comum-curso-lancado-durante-o-seminario-nacional-de-campanhas.html"]}]},{"@type":"BreadcrumbList","@id":"https:\/\/franciscanos.org.br\/noticias\/estao-abertas-as-inscricoes-ao-mutirao-em-defesa-da-casa-comum-curso-lancado-durante-o-seminario-nacional-de-campanhas.html#breadcrumb","itemListElement":[{"@type":"ListItem","position":1,"name":"Home","item":"https:\/\/franciscanos.org.br\/noticias"},{"@type":"ListItem","position":2,"name":"Abertas as inscri\u00e7\u00f5es para o curso do Mutir\u00e3o em Defesa da Casa Comum"}]},{"@type":"Person","@id":"https:\/\/franciscanos.org.br\/noticias\/#\/schema\/person\/d9422e83121c3ad3b0f423d195f5bb25","name":"Adriana Rabelo","image":{"@type":"ImageObject","inLanguage":"pt-BR","@id":"https:\/\/franciscanos.org.br\/noticias\/#\/schema\/person\/image\/","url":"https:\/\/secure.gravatar.com\/avatar\/0a937b7500cd7df77540cfb8bede877d?s=96&d=mm&r=g","contentUrl":"https:\/\/secure.gravatar.com\/avatar\/0a937b7500cd7df77540cfb8bede877d?s=96&d=mm&r=g","caption":"Adriana Rabelo"},"url":"https:\/\/franciscanos.org.br\/noticias\/author\/adrianarabelo"}]}},"_links":{"self":[{"href":"https:\/\/franciscanos.org.br\/noticias\/wp-json\/wp\/v2\/posts\/251459"}],"collection":[{"href":"https:\/\/franciscanos.org.br\/noticias\/wp-json\/wp\/v2\/posts"}],"about":[{"href":"https:\/\/franciscanos.org.br\/noticias\/wp-json\/wp\/v2\/types\/post"}],"author":[{"embeddable":true,"href":"https:\/\/franciscanos.org.br\/noticias\/wp-json\/wp\/v2\/users\/11"}],"replies":[{"embeddable":true,"href":"https:\/\/franciscanos.org.br\/noticias\/wp-json\/wp\/v2\/comments?post=251459"}],"version-history":[{"count":6,"href":"https:\/\/franciscanos.org.br\/noticias\/wp-json\/wp\/v2\/posts\/251459\/revisions"}],"predecessor-version":[{"id":251468,"href":"https:\/\/franciscanos.org.br\/noticias\/wp-json\/wp\/v2\/posts\/251459\/revisions\/251468"}],"wp:featuredmedia":[{"embeddable":true,"href":"https:\/\/franciscanos.org.br\/noticias\/wp-json\/wp\/v2\/media\/251461"}],"wp:attachment":[{"href":"https:\/\/franciscanos.org.br\/noticias\/wp-json\/wp\/v2\/media?parent=251459"}],"wp:term":[{"taxonomy":"category","embeddable":true,"href":"https:\/\/franciscanos.org.br\/noticias\/wp-json\/wp\/v2\/categories?post=251459"},{"taxonomy":"post_tag","embeddable":true,"href":"https:\/\/franciscanos.org.br\/noticias\/wp-json\/wp\/v2\/tags?post=251459"}],"curies":[{"name":"wp","href":"https:\/\/api.w.org\/{rel}","templated":true}]}}