{"id":251451,"date":"2024-10-09T09:38:01","date_gmt":"2024-10-09T12:38:01","guid":{"rendered":"https:\/\/franciscanos.org.br\/noticias\/?p=251451"},"modified":"2024-10-09T09:59:07","modified_gmt":"2024-10-09T12:59:07","slug":"o-espirito-santo-garante-a-unidade-e-universalidade-da-igreja","status":"publish","type":"post","link":"https:\/\/franciscanos.org.br\/noticias\/o-espirito-santo-garante-a-unidade-e-universalidade-da-igreja.html","title":{"rendered":"O Esp\u00edrito Santo garante a unidade e universalidade da Igreja"},"content":{"rendered":"<p><img loading=\"lazy\" class=\"aligncenter wp-image-251452 size-full\" src=\"https:\/\/franciscanos.org.br\/noticias\/wp-content\/uploads\/2024\/10\/AUDIENCIA-GERAL-09.10.jpeg\" alt=\"\" width=\"750\" height=\"422\" srcset=\"https:\/\/franciscanos.org.br\/noticias\/wp-content\/uploads\/2024\/10\/AUDIENCIA-GERAL-09.10.jpeg 750w, https:\/\/franciscanos.org.br\/noticias\/wp-content\/uploads\/2024\/10\/AUDIENCIA-GERAL-09.10-450x253.jpeg 450w, https:\/\/franciscanos.org.br\/noticias\/wp-content\/uploads\/2024\/10\/AUDIENCIA-GERAL-09.10-150x84.jpeg 150w\" sizes=\"(max-width: 750px) 100vw, 750px\" \/><\/p>\n<p>O Papa Francisco, nesta quarta-feira, 09 de outubro, deu continuidade ao ciclo de catequeses sobre o tema &#8220;O Esp\u00edrito e a Esposa&#8221;. Referindo-se ao relato da descida do Esp\u00edrito Santo em Pentecostes, conforme descrito no Livro dos Atos dos Ap\u00f3stolos (At 2, 4), o Pont\u00edfice refletiu, diante dos milhares de fi\u00e9is e peregrinos reunidos na Pra\u00e7a S\u00e3o Pedro, sobre o papel do Esp\u00edrito Santo na universalidade e na unidade da Igreja.<\/p>\n<p><strong>A\u00e7\u00e3o universal e unificadora do Esp\u00edrito Santo<\/strong><\/p>\n<p><img loading=\"lazy\" class=\"size-medium wp-image-251454 alignright\" src=\"https:\/\/franciscanos.org.br\/noticias\/wp-content\/uploads\/2024\/10\/audiencia-3-09.10-450x253.jpeg\" alt=\"\" width=\"450\" height=\"253\" srcset=\"https:\/\/franciscanos.org.br\/noticias\/wp-content\/uploads\/2024\/10\/audiencia-3-09.10-450x253.jpeg 450w, https:\/\/franciscanos.org.br\/noticias\/wp-content\/uploads\/2024\/10\/audiencia-3-09.10-150x84.jpeg 150w, https:\/\/franciscanos.org.br\/noticias\/wp-content\/uploads\/2024\/10\/audiencia-3-09.10.jpeg 500w\" sizes=\"(max-width: 450px) 100vw, 450px\" \/>O Santo Padre explicou que o Esp\u00edrito Santo \u00e9 aquele que &#8220;empurra a Igreja para fora&#8221;, para acolher um n\u00famero crescente de povos, mas ao mesmo tempo a re\u00fane em si, consolidando a unidade alcan\u00e7ada. &#8220;O Pentecostes n\u00e3o foi apenas o in\u00edcio da miss\u00e3o da Igreja entre os judeus, mas tamb\u00e9m o pren\u00fancio da miss\u00e3o entre os gentios&#8221;, afirmou Francisco, mencionando a convers\u00e3o do centuri\u00e3o Corn\u00e9lio (cf. At 10-11) como um novo \u201cPentecostes\u201d que quebrou barreiras entre judeus e pag\u00e3os.<\/p>\n<p><strong>A import\u00e2ncia da sinodalidade e do di\u00e1logo<\/strong><\/p>\n<p>O Papa tamb\u00e9m destacou que o Esp\u00edrito Santo n\u00e3o realiza a unidade de forma abrupta, mas sim atrav\u00e9s de um trabalho discreto, respeitando o tempo e as diferen\u00e7as humanas. O Conc\u00edlio de Jerusal\u00e9m (cf. At 15,28), mencionou o Pont\u00edfice, foi um exemplo de como a unidade foi buscada de maneira sinodal, atrav\u00e9s de ora\u00e7\u00e3o, debate e discernimento conjunto- Santo Agostinho, recordou o Pont\u00edfice, explica a unidade realizada pelo Esp\u00edrito Santo com uma imagem que se tornou cl\u00e1ssica: \u201cO que a alma \u00e9 para o corpo humano, o Esp\u00edrito Santo \u00e9 para o corpo de Cristo, ou a Igreja\u201d. A imagem ajuda-nos a compreender algo importante:<\/p>\n<p>&#8220;O Esp\u00edrito Santo n\u00e3o realiza a unidade da Igreja a partir do exterior; n\u00e3o nos ordena simplesmente que estejamos unidos. Ele pr\u00f3prio \u00e9 o &#8216;v\u00ednculo de unidade&#8217;.&#8221;<\/p>\n<p><strong>Unidade dos crist\u00e3os<\/strong><\/p>\n<p>Ao concluir sua reflex\u00e3o, Francisco pediu que o Esp\u00edrito Santo nos ajude a ser instrumentos de unidade e paz, n\u00e3o apenas na Igreja, mas tamb\u00e9m nas nossas rela\u00e7\u00f5es pessoais. &#8220;Todos desejamos a unidade, mas ela s\u00f3 pode ser alcan\u00e7ada quando colocamos Deus no centro, e n\u00e3o n\u00f3s mesmos. A unidade \u00e9 caminhar juntos em dire\u00e7\u00e3o a Cristo, e n\u00e3o esperar que os outros venham at\u00e9 onde estamos&#8221;, lembrou o Papa, convidando os crist\u00e3os a seguir o exemplo de Pentecostes:<\/p>\n<p>&#8220;Pe\u00e7amos ao Esp\u00edrito Santo que nos ajude a ser instrumentos de unidade e de paz.&#8221;<\/p>\n<p><img loading=\"lazy\" class=\"aligncenter wp-image-251453 size-full\" src=\"https:\/\/franciscanos.org.br\/noticias\/wp-content\/uploads\/2024\/10\/AUDIENCIA-GERAL-2-09.10.jpeg\" alt=\"\" width=\"750\" height=\"422\" srcset=\"https:\/\/franciscanos.org.br\/noticias\/wp-content\/uploads\/2024\/10\/AUDIENCIA-GERAL-2-09.10.jpeg 750w, https:\/\/franciscanos.org.br\/noticias\/wp-content\/uploads\/2024\/10\/AUDIENCIA-GERAL-2-09.10-450x253.jpeg 450w, https:\/\/franciscanos.org.br\/noticias\/wp-content\/uploads\/2024\/10\/AUDIENCIA-GERAL-2-09.10-150x84.jpeg 150w\" sizes=\"(max-width: 750px) 100vw, 750px\" \/><\/p>\n<p><strong>Rezem o Ros\u00e1rio pela paz no mundo<\/strong><\/p>\n<p>O Papa Francisco convidou mais uma vez\u00a0 os fi\u00e9is a rezarem pelo fim de todos os conflitos no mundo no final da Audi\u00eancia Geral, desta quarta-feira. No \u00faltimo domingo(06\/10), na Bas\u00edlica de Santa Maria Maior, Francisco pediu a intercess\u00e3o da <em>Salus Populi Romani<\/em>, durante a ora\u00e7\u00e3o do Ros\u00e1rio suplicando a paz t\u00e3o desejada. Hoje, durante a sauda\u00e7\u00e3o aos peregrinos de l\u00edngua italiana, o Papa pediu a todos para \u201cvalorizarem\u201d a \u201ctradicional ora\u00e7\u00e3o mariana\u201d neste m\u00eas a ela dedicado.<\/p>\n<p>&#8220;Exorto todos voc\u00eas a rezarem o Ros\u00e1rio todos os dias, abandonando-se com confian\u00e7a nas m\u00e3os de Maria. A ela, m\u00e3e carinhosa, confiamos o sofrimento e o desejo de paz das popula\u00e7\u00f5es que sofrem a loucura da guerra, em particular a martirizada Ucr\u00e2nia, Palestina, Israel, Mianmar e Sud\u00e3o&#8221;.<\/p>\n<p>Na sauda\u00e7\u00e3o aos peregrinos alem\u00e3es, o Papa convidou a deixar-se &#8220;conduzir por Maria em dire\u00e7\u00e3o ao seu filho Jesus, e a rezar juntos pela paz no mundo e pela unidade da Igreja\u201d.<\/p>\n<hr \/>\n<p><em>Tiziana Campisi\u00a0 e Thulio Fonseca\u2013 Vatican News<\/em><\/p>\n","protected":false},"excerpt":{"rendered":"<p>Audi\u00eancia Geral<\/p>\n","protected":false},"author":11,"featured_media":251452,"comment_status":"open","ping_status":"open","sticky":false,"template":"","format":"standard","meta":[],"categories":[1,1428],"tags":[487,55],"acf":[],"yoast_head":"<!-- This site is optimized with the Yoast SEO plugin v19.2 - https:\/\/yoast.com\/wordpress\/plugins\/seo\/ -->\n<title>O Esp\u00edrito Santo garante a unidade e universalidade da Igreja - Not\u00edcias - Franciscanos<\/title>\n<meta name=\"robots\" content=\"index, follow, max-snippet:-1, max-image-preview:large, max-video-preview:-1\" \/>\n<link rel=\"canonical\" href=\"https:\/\/franciscanos.org.br\/noticias\/o-espirito-santo-garante-a-unidade-e-universalidade-da-igreja.html\" \/>\n<meta property=\"og:locale\" content=\"pt_BR\" \/>\n<meta property=\"og:type\" content=\"article\" \/>\n<meta property=\"og:title\" content=\"O Esp\u00edrito Santo garante a unidade e universalidade da Igreja - Not\u00edcias - Franciscanos\" \/>\n<meta property=\"og:description\" content=\"Audi\u00eancia Geral\" \/>\n<meta property=\"og:url\" content=\"https:\/\/franciscanos.org.br\/noticias\/o-espirito-santo-garante-a-unidade-e-universalidade-da-igreja.html\" \/>\n<meta property=\"og:site_name\" content=\"Not\u00edcias - Franciscanos\" \/>\n<meta property=\"article:published_time\" content=\"2024-10-09T12:38:01+00:00\" \/>\n<meta property=\"article:modified_time\" content=\"2024-10-09T12:59:07+00:00\" \/>\n<meta property=\"og:image\" content=\"https:\/\/franciscanos.org.br\/noticias\/wp-content\/uploads\/2024\/10\/AUDIENCIA-GERAL-09.10.jpeg\" \/>\n\t<meta property=\"og:image:width\" content=\"750\" \/>\n\t<meta property=\"og:image:height\" content=\"422\" \/>\n\t<meta property=\"og:image:type\" content=\"image\/jpeg\" \/>\n<meta name=\"author\" content=\"Adriana Rabelo\" \/>\n<meta name=\"twitter:card\" content=\"summary_large_image\" \/>\n<meta name=\"twitter:label1\" content=\"Escrito por\" \/>\n\t<meta name=\"twitter:data1\" content=\"Adriana Rabelo\" \/>\n\t<meta name=\"twitter:label2\" content=\"Est. tempo de leitura\" \/>\n\t<meta name=\"twitter:data2\" content=\"3 minutos\" \/>\n<script type=\"application\/ld+json\" class=\"yoast-schema-graph\">{\"@context\":\"https:\/\/schema.org\",\"@graph\":[{\"@type\":\"WebSite\",\"@id\":\"https:\/\/franciscanos.org.br\/noticias\/#website\",\"url\":\"https:\/\/franciscanos.org.br\/noticias\/\",\"name\":\"Not\u00edcias - Franciscanos\",\"description\":\"Prov\u00edncia Franciscana da Imaculada Concei\u00e7\u00e3o do Brasil - Ordem dos Frades Menores - OFM\",\"potentialAction\":[{\"@type\":\"SearchAction\",\"target\":{\"@type\":\"EntryPoint\",\"urlTemplate\":\"https:\/\/franciscanos.org.br\/noticias\/?s={search_term_string}\"},\"query-input\":\"required name=search_term_string\"}],\"inLanguage\":\"pt-BR\"},{\"@type\":\"ImageObject\",\"inLanguage\":\"pt-BR\",\"@id\":\"https:\/\/franciscanos.org.br\/noticias\/o-espirito-santo-garante-a-unidade-e-universalidade-da-igreja.html#primaryimage\",\"url\":\"https:\/\/franciscanos.org.br\/noticias\/wp-content\/uploads\/2024\/10\/AUDIENCIA-GERAL-09.10.jpeg\",\"contentUrl\":\"https:\/\/franciscanos.org.br\/noticias\/wp-content\/uploads\/2024\/10\/AUDIENCIA-GERAL-09.10.jpeg\",\"width\":750,\"height\":422},{\"@type\":\"WebPage\",\"@id\":\"https:\/\/franciscanos.org.br\/noticias\/o-espirito-santo-garante-a-unidade-e-universalidade-da-igreja.html#webpage\",\"url\":\"https:\/\/franciscanos.org.br\/noticias\/o-espirito-santo-garante-a-unidade-e-universalidade-da-igreja.html\",\"name\":\"O Esp\u00edrito Santo garante a unidade e universalidade da Igreja - Not\u00edcias - Franciscanos\",\"isPartOf\":{\"@id\":\"https:\/\/franciscanos.org.br\/noticias\/#website\"},\"primaryImageOfPage\":{\"@id\":\"https:\/\/franciscanos.org.br\/noticias\/o-espirito-santo-garante-a-unidade-e-universalidade-da-igreja.html#primaryimage\"},\"datePublished\":\"2024-10-09T12:38:01+00:00\",\"dateModified\":\"2024-10-09T12:59:07+00:00\",\"author\":{\"@id\":\"https:\/\/franciscanos.org.br\/noticias\/#\/schema\/person\/d9422e83121c3ad3b0f423d195f5bb25\"},\"breadcrumb\":{\"@id\":\"https:\/\/franciscanos.org.br\/noticias\/o-espirito-santo-garante-a-unidade-e-universalidade-da-igreja.html#breadcrumb\"},\"inLanguage\":\"pt-BR\",\"potentialAction\":[{\"@type\":\"ReadAction\",\"target\":[\"https:\/\/franciscanos.org.br\/noticias\/o-espirito-santo-garante-a-unidade-e-universalidade-da-igreja.html\"]}]},{\"@type\":\"BreadcrumbList\",\"@id\":\"https:\/\/franciscanos.org.br\/noticias\/o-espirito-santo-garante-a-unidade-e-universalidade-da-igreja.html#breadcrumb\",\"itemListElement\":[{\"@type\":\"ListItem\",\"position\":1,\"name\":\"Home\",\"item\":\"https:\/\/franciscanos.org.br\/noticias\"},{\"@type\":\"ListItem\",\"position\":2,\"name\":\"O Esp\u00edrito Santo garante a unidade e universalidade da Igreja\"}]},{\"@type\":\"Person\",\"@id\":\"https:\/\/franciscanos.org.br\/noticias\/#\/schema\/person\/d9422e83121c3ad3b0f423d195f5bb25\",\"name\":\"Adriana Rabelo\",\"image\":{\"@type\":\"ImageObject\",\"inLanguage\":\"pt-BR\",\"@id\":\"https:\/\/franciscanos.org.br\/noticias\/#\/schema\/person\/image\/\",\"url\":\"https:\/\/secure.gravatar.com\/avatar\/0a937b7500cd7df77540cfb8bede877d?s=96&d=mm&r=g\",\"contentUrl\":\"https:\/\/secure.gravatar.com\/avatar\/0a937b7500cd7df77540cfb8bede877d?s=96&d=mm&r=g\",\"caption\":\"Adriana Rabelo\"},\"url\":\"https:\/\/franciscanos.org.br\/noticias\/author\/adrianarabelo\"}]}<\/script>\n<!-- \/ Yoast SEO plugin. -->","yoast_head_json":{"title":"O Esp\u00edrito Santo garante a unidade e universalidade da Igreja - Not\u00edcias - Franciscanos","robots":{"index":"index","follow":"follow","max-snippet":"max-snippet:-1","max-image-preview":"max-image-preview:large","max-video-preview":"max-video-preview:-1"},"canonical":"https:\/\/franciscanos.org.br\/noticias\/o-espirito-santo-garante-a-unidade-e-universalidade-da-igreja.html","og_locale":"pt_BR","og_type":"article","og_title":"O Esp\u00edrito Santo garante a unidade e universalidade da Igreja - Not\u00edcias - Franciscanos","og_description":"Audi\u00eancia Geral","og_url":"https:\/\/franciscanos.org.br\/noticias\/o-espirito-santo-garante-a-unidade-e-universalidade-da-igreja.html","og_site_name":"Not\u00edcias - Franciscanos","article_published_time":"2024-10-09T12:38:01+00:00","article_modified_time":"2024-10-09T12:59:07+00:00","og_image":[{"width":750,"height":422,"url":"https:\/\/franciscanos.org.br\/noticias\/wp-content\/uploads\/2024\/10\/AUDIENCIA-GERAL-09.10.jpeg","type":"image\/jpeg"}],"author":"Adriana Rabelo","twitter_card":"summary_large_image","twitter_misc":{"Escrito por":"Adriana Rabelo","Est. tempo de leitura":"3 minutos"},"schema":{"@context":"https:\/\/schema.org","@graph":[{"@type":"WebSite","@id":"https:\/\/franciscanos.org.br\/noticias\/#website","url":"https:\/\/franciscanos.org.br\/noticias\/","name":"Not\u00edcias - Franciscanos","description":"Prov\u00edncia Franciscana da Imaculada Concei\u00e7\u00e3o do Brasil - Ordem dos Frades Menores - OFM","potentialAction":[{"@type":"SearchAction","target":{"@type":"EntryPoint","urlTemplate":"https:\/\/franciscanos.org.br\/noticias\/?s={search_term_string}"},"query-input":"required name=search_term_string"}],"inLanguage":"pt-BR"},{"@type":"ImageObject","inLanguage":"pt-BR","@id":"https:\/\/franciscanos.org.br\/noticias\/o-espirito-santo-garante-a-unidade-e-universalidade-da-igreja.html#primaryimage","url":"https:\/\/franciscanos.org.br\/noticias\/wp-content\/uploads\/2024\/10\/AUDIENCIA-GERAL-09.10.jpeg","contentUrl":"https:\/\/franciscanos.org.br\/noticias\/wp-content\/uploads\/2024\/10\/AUDIENCIA-GERAL-09.10.jpeg","width":750,"height":422},{"@type":"WebPage","@id":"https:\/\/franciscanos.org.br\/noticias\/o-espirito-santo-garante-a-unidade-e-universalidade-da-igreja.html#webpage","url":"https:\/\/franciscanos.org.br\/noticias\/o-espirito-santo-garante-a-unidade-e-universalidade-da-igreja.html","name":"O Esp\u00edrito Santo garante a unidade e universalidade da Igreja - Not\u00edcias - Franciscanos","isPartOf":{"@id":"https:\/\/franciscanos.org.br\/noticias\/#website"},"primaryImageOfPage":{"@id":"https:\/\/franciscanos.org.br\/noticias\/o-espirito-santo-garante-a-unidade-e-universalidade-da-igreja.html#primaryimage"},"datePublished":"2024-10-09T12:38:01+00:00","dateModified":"2024-10-09T12:59:07+00:00","author":{"@id":"https:\/\/franciscanos.org.br\/noticias\/#\/schema\/person\/d9422e83121c3ad3b0f423d195f5bb25"},"breadcrumb":{"@id":"https:\/\/franciscanos.org.br\/noticias\/o-espirito-santo-garante-a-unidade-e-universalidade-da-igreja.html#breadcrumb"},"inLanguage":"pt-BR","potentialAction":[{"@type":"ReadAction","target":["https:\/\/franciscanos.org.br\/noticias\/o-espirito-santo-garante-a-unidade-e-universalidade-da-igreja.html"]}]},{"@type":"BreadcrumbList","@id":"https:\/\/franciscanos.org.br\/noticias\/o-espirito-santo-garante-a-unidade-e-universalidade-da-igreja.html#breadcrumb","itemListElement":[{"@type":"ListItem","position":1,"name":"Home","item":"https:\/\/franciscanos.org.br\/noticias"},{"@type":"ListItem","position":2,"name":"O Esp\u00edrito Santo garante a unidade e universalidade da Igreja"}]},{"@type":"Person","@id":"https:\/\/franciscanos.org.br\/noticias\/#\/schema\/person\/d9422e83121c3ad3b0f423d195f5bb25","name":"Adriana Rabelo","image":{"@type":"ImageObject","inLanguage":"pt-BR","@id":"https:\/\/franciscanos.org.br\/noticias\/#\/schema\/person\/image\/","url":"https:\/\/secure.gravatar.com\/avatar\/0a937b7500cd7df77540cfb8bede877d?s=96&d=mm&r=g","contentUrl":"https:\/\/secure.gravatar.com\/avatar\/0a937b7500cd7df77540cfb8bede877d?s=96&d=mm&r=g","caption":"Adriana Rabelo"},"url":"https:\/\/franciscanos.org.br\/noticias\/author\/adrianarabelo"}]}},"_links":{"self":[{"href":"https:\/\/franciscanos.org.br\/noticias\/wp-json\/wp\/v2\/posts\/251451"}],"collection":[{"href":"https:\/\/franciscanos.org.br\/noticias\/wp-json\/wp\/v2\/posts"}],"about":[{"href":"https:\/\/franciscanos.org.br\/noticias\/wp-json\/wp\/v2\/types\/post"}],"author":[{"embeddable":true,"href":"https:\/\/franciscanos.org.br\/noticias\/wp-json\/wp\/v2\/users\/11"}],"replies":[{"embeddable":true,"href":"https:\/\/franciscanos.org.br\/noticias\/wp-json\/wp\/v2\/comments?post=251451"}],"version-history":[{"count":4,"href":"https:\/\/franciscanos.org.br\/noticias\/wp-json\/wp\/v2\/posts\/251451\/revisions"}],"predecessor-version":[{"id":251458,"href":"https:\/\/franciscanos.org.br\/noticias\/wp-json\/wp\/v2\/posts\/251451\/revisions\/251458"}],"wp:featuredmedia":[{"embeddable":true,"href":"https:\/\/franciscanos.org.br\/noticias\/wp-json\/wp\/v2\/media\/251452"}],"wp:attachment":[{"href":"https:\/\/franciscanos.org.br\/noticias\/wp-json\/wp\/v2\/media?parent=251451"}],"wp:term":[{"taxonomy":"category","embeddable":true,"href":"https:\/\/franciscanos.org.br\/noticias\/wp-json\/wp\/v2\/categories?post=251451"},{"taxonomy":"post_tag","embeddable":true,"href":"https:\/\/franciscanos.org.br\/noticias\/wp-json\/wp\/v2\/tags?post=251451"}],"curies":[{"name":"wp","href":"https:\/\/api.w.org\/{rel}","templated":true}]}}