{"id":251429,"date":"2024-10-08T10:07:29","date_gmt":"2024-10-08T13:07:29","guid":{"rendered":"https:\/\/franciscanos.org.br\/noticias\/?p=251429"},"modified":"2024-10-08T14:50:36","modified_gmt":"2024-10-08T17:50:36","slug":"paroquia-da-vila-clementino-sao-francisco-marcado-pelo-amor","status":"publish","type":"post","link":"https:\/\/franciscanos.org.br\/noticias\/paroquia-da-vila-clementino-sao-francisco-marcado-pelo-amor.html","title":{"rendered":"Par\u00f3quia da Vila Clementino: \u201cS\u00e3o Francisco, marcado pelo amor! \u201d"},"content":{"rendered":"<p><img loading=\"lazy\" class=\"aligncenter wp-image-251431 size-full\" src=\"https:\/\/franciscanos.org.br\/noticias\/wp-content\/uploads\/2024\/10\/MATERIA-9.jpg\" alt=\"\" width=\"1280\" height=\"720\" srcset=\"https:\/\/franciscanos.org.br\/noticias\/wp-content\/uploads\/2024\/10\/MATERIA-9.jpg 1280w, https:\/\/franciscanos.org.br\/noticias\/wp-content\/uploads\/2024\/10\/MATERIA-9-450x253.jpg 450w, https:\/\/franciscanos.org.br\/noticias\/wp-content\/uploads\/2024\/10\/MATERIA-9-1024x576.jpg 1024w, https:\/\/franciscanos.org.br\/noticias\/wp-content\/uploads\/2024\/10\/MATERIA-9-768x432.jpg 768w, https:\/\/franciscanos.org.br\/noticias\/wp-content\/uploads\/2024\/10\/MATERIA-9-150x84.jpg 150w\" sizes=\"(max-width: 1280px) 100vw, 1280px\" \/><\/p>\n<p>No \u00faltimo domingo de setembro (29\/09), as festividades em honra a S\u00e3o Francisco de Assis foram iniciadas na par\u00f3quia da Vila Clementino, em S\u00e3o Paulo (SP), que leva o nome do santo. O per\u00edodo, que tamb\u00e9m marcou a mem\u00f3ria das celebra\u00e7\u00f5es dos 800 anos da Impress\u00e3o das Chagas do Santo Ser\u00e1fico, teve como tema: &#8220;O amor deixa marcas&#8221;.<br \/>\nA celebra\u00e7\u00e3o de abertura, presidida pelo Ministro Provincial, Frei Paulo Roberto Pereira, foi um momento de grande espiritualidade, no qual a comunidade se uniu para reverenciar o legado de S\u00e3o Francisco, reconhecendo sua profunda identifica\u00e7\u00e3o com Cristo e seu compromisso com o amor e a fraternidade.<\/p>\n<p><img loading=\"lazy\" class=\"size-medium wp-image-251432 alignright\" src=\"https:\/\/franciscanos.org.br\/noticias\/wp-content\/uploads\/2024\/10\/IMG-20241007-WA0004-450x300.jpg\" alt=\"\" width=\"450\" height=\"300\" srcset=\"https:\/\/franciscanos.org.br\/noticias\/wp-content\/uploads\/2024\/10\/IMG-20241007-WA0004-450x300.jpg 450w, https:\/\/franciscanos.org.br\/noticias\/wp-content\/uploads\/2024\/10\/IMG-20241007-WA0004-1024x682.jpg 1024w, https:\/\/franciscanos.org.br\/noticias\/wp-content\/uploads\/2024\/10\/IMG-20241007-WA0004-768x512.jpg 768w, https:\/\/franciscanos.org.br\/noticias\/wp-content\/uploads\/2024\/10\/IMG-20241007-WA0004-150x100.jpg 150w, https:\/\/franciscanos.org.br\/noticias\/wp-content\/uploads\/2024\/10\/IMG-20241007-WA0004.jpg 1280w\" sizes=\"(max-width: 450px) 100vw, 450px\" \/>Ap\u00f3s a Santa Missa, uma emocionante prociss\u00e3o percorreu as ruas ao redor da par\u00f3quia, onde os fi\u00e9is carregaram velas acesas, seguindo o Crucifixo de S\u00e3o Dami\u00e3o e a imagem de S\u00e3o Francisco. O ato foi marcado por ora\u00e7\u00f5es e c\u00e2nticos, simbolizando o compromisso da comunidade em viver o amor de forma concreta, assim como o santo de Assis. A participa\u00e7\u00e3o de fam\u00edlias, jovens e idosos demonstrou a renova\u00e7\u00e3o do compromisso com os ensinamentos de Francisco: amar a Deus e aos outros sem medida.<br \/>\nAs festividades continuaram com o Tr\u00edduo, que teve in\u00edcio na segunda-feira (30\/09). O primeiro dia enfatizou a import\u00e2ncia do encontro com o Crucificado. Na ocasi\u00e3o, Frei Roberto Ishara iniciou a celebra\u00e7\u00e3o destacando o encontro de S\u00e3o Francisco com o Cristo Crucificado, momento que o transformou radicalmente.<\/p>\n<p>O frade enfatizou que, assim como Francisco, somos chamados a reconhecer o amor de Deus em nossas vidas, que nos deixa marcas n\u00e3o apenas em nosso ser, mas tamb\u00e9m em nossas a\u00e7\u00f5es. \u201cAo refletirmos sobre esse encontro, somos levados a perguntar: Como o amor de Deus nos marca e nos chama a agir em um mundo que precisa de amor e compaix\u00e3o?\u201d, questionou.<\/p>\n\n\t\t<style type=\"text\/css\">\n\t\t\t#gallery-1 {\n\t\t\t\tmargin: auto;\n\t\t\t}\n\t\t\t#gallery-1 .gallery-item {\n\t\t\t\tfloat: left;\n\t\t\t\tmargin-top: 10px;\n\t\t\t\ttext-align: center;\n\t\t\t\twidth: 33%;\n\t\t\t}\n\t\t\t#gallery-1 img {\n\t\t\t\tborder: 2px solid #cfcfcf;\n\t\t\t}\n\t\t\t#gallery-1 .gallery-caption {\n\t\t\t\tmargin-left: 0;\n\t\t\t}\n\t\t\t\/* see gallery_shortcode() in wp-includes\/media.php *\/\n\t\t<\/style>\n\t\t<div id='gallery-1' class='gallery galleryid-251429 gallery-columns-3 gallery-size-thumbnail'><dl class='gallery-item'>\n\t\t\t<dt class='gallery-icon portrait'>\n\t\t\t\t<a href='https:\/\/franciscanos.org.br\/noticias\/wp-content\/uploads\/2024\/10\/Imagem-do-WhatsApp-de-2024-10-07-as-11.48.58_19578107.jpg'><img width=\"300\" height=\"300\" src=\"https:\/\/franciscanos.org.br\/noticias\/wp-content\/uploads\/2024\/10\/Imagem-do-WhatsApp-de-2024-10-07-as-11.48.58_19578107-300x300.jpg\" class=\"attachment-thumbnail size-thumbnail\" alt=\"\" loading=\"lazy\" aria-describedby=\"gallery-1-251433\" srcset=\"https:\/\/franciscanos.org.br\/noticias\/wp-content\/uploads\/2024\/10\/Imagem-do-WhatsApp-de-2024-10-07-as-11.48.58_19578107-300x300.jpg 300w, https:\/\/franciscanos.org.br\/noticias\/wp-content\/uploads\/2024\/10\/Imagem-do-WhatsApp-de-2024-10-07-as-11.48.58_19578107-100x100.jpg 100w\" sizes=\"(max-width: 300px) 100vw, 300px\" \/><\/a>\n\t\t\t<\/dt>\n\t\t\t\t<dd class='wp-caption-text gallery-caption' id='gallery-1-251433'>\n\t\t\t\tFrei Roberto\n\t\t\t\t<\/dd><\/dl><dl class='gallery-item'>\n\t\t\t<dt class='gallery-icon portrait'>\n\t\t\t\t<a href='https:\/\/franciscanos.org.br\/noticias\/wp-content\/uploads\/2024\/10\/Imagem-do-WhatsApp-de-2024-10-07-as-11.49.44_a4d9562d.jpg'><img width=\"300\" height=\"300\" src=\"https:\/\/franciscanos.org.br\/noticias\/wp-content\/uploads\/2024\/10\/Imagem-do-WhatsApp-de-2024-10-07-as-11.49.44_a4d9562d-300x300.jpg\" class=\"attachment-thumbnail size-thumbnail\" alt=\"\" loading=\"lazy\" aria-describedby=\"gallery-1-251434\" srcset=\"https:\/\/franciscanos.org.br\/noticias\/wp-content\/uploads\/2024\/10\/Imagem-do-WhatsApp-de-2024-10-07-as-11.49.44_a4d9562d-300x300.jpg 300w, https:\/\/franciscanos.org.br\/noticias\/wp-content\/uploads\/2024\/10\/Imagem-do-WhatsApp-de-2024-10-07-as-11.49.44_a4d9562d-100x100.jpg 100w\" sizes=\"(max-width: 300px) 100vw, 300px\" \/><\/a>\n\t\t\t<\/dt>\n\t\t\t\t<dd class='wp-caption-text gallery-caption' id='gallery-1-251434'>\n\t\t\t\tFrei M\u00e1rio\n\t\t\t\t<\/dd><\/dl><dl class='gallery-item'>\n\t\t\t<dt class='gallery-icon portrait'>\n\t\t\t\t<a href='https:\/\/franciscanos.org.br\/noticias\/wp-content\/uploads\/2024\/10\/Imagem-do-WhatsApp-de-2024-10-07-as-11.51.08_37cfa326.jpg'><img width=\"300\" height=\"300\" src=\"https:\/\/franciscanos.org.br\/noticias\/wp-content\/uploads\/2024\/10\/Imagem-do-WhatsApp-de-2024-10-07-as-11.51.08_37cfa326-300x300.jpg\" class=\"attachment-thumbnail size-thumbnail\" alt=\"\" loading=\"lazy\" aria-describedby=\"gallery-1-251435\" srcset=\"https:\/\/franciscanos.org.br\/noticias\/wp-content\/uploads\/2024\/10\/Imagem-do-WhatsApp-de-2024-10-07-as-11.51.08_37cfa326-300x300.jpg 300w, https:\/\/franciscanos.org.br\/noticias\/wp-content\/uploads\/2024\/10\/Imagem-do-WhatsApp-de-2024-10-07-as-11.51.08_37cfa326-100x100.jpg 100w\" sizes=\"(max-width: 300px) 100vw, 300px\" \/><\/a>\n\t\t\t<\/dt>\n\t\t\t\t<dd class='wp-caption-text gallery-caption' id='gallery-1-251435'>\n\t\t\t\tFrei Carlos\n\t\t\t\t<\/dd><\/dl><br style=\"clear: both\" \/>\n\t\t<\/div>\n\n<p>No segundo dia, Frei Mario Luiz Tagliari, reitor do Santu\u00e1rio S\u00e3o Francisco, em S\u00e3o Paulo, conduziu a comunidade a uma reflex\u00e3o sobre o encontro de Francisco com o leproso, que desafiou normas sociais e demonstrou um amor que vai al\u00e9m da compaix\u00e3o. \u201cAssim como Francisco abra\u00e7ou o leproso, somos convidados a considerar quem s\u00e3o os \u2018leprosos\u2019 em nossas vidas e como podemos ser agentes de transforma\u00e7\u00e3o. Esse amor que se materializa em a\u00e7\u00e3o \u00e9 um eco do que celebramos no Tr\u00e2nsito, o legado de Francisco, que ao longo de sua vida deixou marcas indel\u00e9veis de amor, solidariedade e cuidado.\u201d<br \/>\nFrei Carlos L\u00facio Nunes Correa, p\u00e1roco da Par\u00f3quia Santa Cruz, localizada no Jardim Santa Cruz, em S\u00e3o Paulo, trouxe \u00e0 luz o encontro de Francisco com o Evangelho, ressaltando a humildade e a simplicidade como marcas de verdadeira grandeza. Ele nos lembrou que as chagas de Francisco n\u00e3o eram apenas s\u00edmbolos de dor, mas tamb\u00e9m testemunhos de um amor que transforma. \u201cAo refletir sobre esse momento, chegam a n\u00f3s as perguntas: \u2018Estamos abertos a viver esse amor que cura e que se expressa em nosso cotidiano?\u2019 Como podemos permitir que as marcas do amor de Cristo se manifestem em nossas vidas e nos inspirem a agir com bondade e acolhimento?\u201d<br \/>\n<img loading=\"lazy\" class=\"size-medium wp-image-251437 alignleft\" src=\"https:\/\/franciscanos.org.br\/noticias\/wp-content\/uploads\/2024\/10\/IMG-20241007-WA0002-338x450.jpg\" alt=\"\" width=\"338\" height=\"450\" srcset=\"https:\/\/franciscanos.org.br\/noticias\/wp-content\/uploads\/2024\/10\/IMG-20241007-WA0002-338x450.jpg 338w, https:\/\/franciscanos.org.br\/noticias\/wp-content\/uploads\/2024\/10\/IMG-20241007-WA0002-768x1024.jpg 768w, https:\/\/franciscanos.org.br\/noticias\/wp-content\/uploads\/2024\/10\/IMG-20241007-WA0002-150x200.jpg 150w, https:\/\/franciscanos.org.br\/noticias\/wp-content\/uploads\/2024\/10\/IMG-20241007-WA0002.jpg 810w\" sizes=\"(max-width: 338px) 100vw, 338px\" \/>Na noite do dia 3 de outubro, foi celebrado o Tr\u00e2nsito de S\u00e3o Francisco de Assis, um momento especial que n\u00e3o apenas rememorou a vida do santo entre os presentes, como tamb\u00e9m suas contribui\u00e7\u00f5es e legados. A celebra\u00e7\u00e3o foi presidida pelo p\u00e1roco, Frei Valdecir Schwambach, e a homilia foi proferida pelo Frei Fid\u00eancio Vanboemmel, que enfatizou o tema: \u201cO amor deixa marcas\u201d.<br \/>\nO frade lembrou a todos que S\u00e3o Francisco, ao longo de sua vida, tornou-se um reflexo do amor de Cristo, carregando em seu corpo os sinais da cruz e as marcas do amor sublime e transformador. Ele destacou que a vida do santo foi uma resposta ao chamado de Cristo, um convite \u00e0 reconstru\u00e7\u00e3o da Igreja e ao amor pr\u00e1tico, que cura e renova.<br \/>\nConvidando os presentes a refletirem sobre as marcas invis\u00edveis que o amor de Deus deixa em nossas vidas, Frei Fid\u00eancio destacou a import\u00e2ncia das experi\u00eancias de sofrimento e prova\u00e7\u00e3o, que moldam e transformam nossas almas, assim como as chagas marcaram a vida de S\u00e3o Francisco. Ele ressaltou que \u201co amor de Cristo n\u00e3o \u00e9 apenas te\u00f3rico, mas sim um amor que nos impulsiona a servir e a viver com simplicidade, seguindo o exemplo do santo\u201d.<br \/>\nO frade tamb\u00e9m afirmou que, ao enfrentarmos lutas e desafios, n\u00e3o estamos sozinhos. \u201cDeus est\u00e1 sempre presente em nossa hist\u00f3ria, transformando dor e sofrimento em oportunidades de gra\u00e7a.\u201d Ele lembrou a todos que as marcas que o amor de Deus deixa s\u00e3o lembretes de que, mesmo nas dificuldades, podemos encontrar renova\u00e7\u00e3o e vida nova em Cristo.<br \/>\nAo abordar a morte de S\u00e3o Francisco, Frei Fid\u00eancio ressaltou que, para o Santo de Assis, a morte n\u00e3o foi um momento de temor, mas de acolhimento. \u201cFrancisco via a morte como uma \u2018irm\u00e3\u2019, uma passagem para o reencontro definitivo com o Senhor. Essa perspectiva nos convida a olhar para a nossa pr\u00f3pria vida, perguntando como estamos permitindo que o amor de Cristo deixe marcas em n\u00f3s.\u201d<br \/>\nEle concluiu sua homilia com um chamado \u00e0 convers\u00e3o e \u00e0 entrega total ao amor de Deus, lembrando que as marcas que deixamos no mundo s\u00e3o sinais de esperan\u00e7a. A celebra\u00e7\u00e3o, ent\u00e3o, se transformou em um momento de reflex\u00e3o e ora\u00e7\u00e3o, onde todos puderam reconhecer suas pr\u00f3prias marcas deixadas pelo amor divino e se comprometer a viver uma vida que espelhe essas marcas de compaix\u00e3o, miseric\u00f3rdia e paz.<br \/>\nAo final, os fi\u00e9is uniram-se em um canto de louvor, celebrando n\u00e3o apenas a vida de S\u00e3o Francisco, mas tamb\u00e9m a for\u00e7a e a esperan\u00e7a que o amor de Deus nos oferece.<\/p>\n<p><strong>Encerramento dos festejos<\/strong><br \/>\nJ\u00e1 no dia 4 de outubro, a par\u00f3quia celebrou com grande alegria a festa do santo. A Santa Missa das 12h foi presidida pelo p\u00e1roco, Frei Valdecir, que, em sua homilia, convidou os presentes a refletirem sobre a vida de S\u00e3o Francisco como um testemunho do amor que deixa marcas profundas.<\/p>\n<p>Logo no in\u00edcio da homilia, ele ressaltou que S\u00e3o Francisco, apesar de viver de forma simples, teve uma vida que deixou um impacto duradouro na hist\u00f3ria e nas vidas de muitos. Mencionou tamb\u00e9m que as chagas de Francisco s\u00e3o um sinal poderoso de que o amor verdadeiro sempre se manifesta e deixa marcas. \u201cA vida de S\u00e3o Francisco nos convida a uma transforma\u00e7\u00e3o interior, \u00e0 simplicidade e a viver o Evangelho de forma concreta\u201d, disse.<br \/>\nFrei Valdecir destacou a passagem de S\u00e3o Paulo, que nos lembra da import\u00e2ncia de nos glorificarmos apenas na cruz de Nosso Senhor Jesus Cristo. Essa reflex\u00e3o levou todos a entenderem que, muitas vezes, nos deixamos levar pela busca de reconhecimento e status, enquanto o que realmente importa \u00e9 o amor que recebemos e oferecemos. \u201cS\u00e3o Francisco, ao deixar para tr\u00e1s a vida de luxo, abra\u00e7ou a pobreza e encontrou beleza no amor de Deus, que se manifesta nas pequenas coisas da natureza e no cuidado com os mais necessitados.&#8221;<br \/>\n<img loading=\"lazy\" class=\"size-medium wp-image-251444 alignright\" src=\"https:\/\/franciscanos.org.br\/noticias\/wp-content\/uploads\/2024\/10\/CHAMADA-12-450x309.jpg\" alt=\"\" width=\"450\" height=\"309\" srcset=\"https:\/\/franciscanos.org.br\/noticias\/wp-content\/uploads\/2024\/10\/CHAMADA-12-450x309.jpg 450w, https:\/\/franciscanos.org.br\/noticias\/wp-content\/uploads\/2024\/10\/CHAMADA-12-768x528.jpg 768w, https:\/\/franciscanos.org.br\/noticias\/wp-content\/uploads\/2024\/10\/CHAMADA-12-150x103.jpg 150w, https:\/\/franciscanos.org.br\/noticias\/wp-content\/uploads\/2024\/10\/CHAMADA-12-320x220.jpg 320w, https:\/\/franciscanos.org.br\/noticias\/wp-content\/uploads\/2024\/10\/CHAMADA-12.jpg 800w\" sizes=\"(max-width: 450px) 100vw, 450px\" \/>Segundo o frade, todos n\u00f3s enfrentamos desafios e preocupa\u00e7\u00f5es di\u00e1rias com trabalho, sa\u00fade e relacionamentos. A partir desse contexto, ele explicou que o exemplo de S\u00e3o Francisco se torna um farol, mostrando-nos que, ao nos colocarmos nas m\u00e3os de Deus e reconhecermos que viver o amor de Cristo \u00e9 o que realmente importa, encontramos a verdadeira paz. \u201cAs marcas que as experi\u00eancias de vida deixaram em S\u00e3o Francisco foram n\u00e3o apenas f\u00edsicas, mas tamb\u00e9m espirituais, tornando-o um sinal vivo de Cristo para todos ao seu redor\u201d, salientou.<br \/>\nFrei Valdecir ent\u00e3o trouxe \u00e0 tona o Evangelho do dia, no qual Jesus nos convida a ir a Ele para encontrar al\u00edvio nas nossas lutas. Ele lembrou que, frequentemente, buscamos for\u00e7as em fontes temporais, mas devemos lembrar que Jesus \u00e9 a verdadeira fonte de paz. A simplicidade e humildade de S\u00e3o Francisco foram fundamentais para que ele encontrasse essa paz. O frade desafiou a todos a uma reflex\u00e3o sobre o significado da nossa permiss\u00e3o em deixar que o amor de Cristo marque nossas vidas hoje.<br \/>\nO p\u00e1roco concluiu sua homilia enfatizando que viver o amor de Deus significa cuidar uns dos outros, expressando esse amor atrav\u00e9s de gestos de solidariedade e presen\u00e7a. Ele tamb\u00e9m lembrou que S\u00e3o Francisco, como padroeiro da ecologia, nos ensina a respeitar e cuidar da cria\u00e7\u00e3o de Deus, deixando um mundo melhor para as futuras gera\u00e7\u00f5es.<\/p>\n\n\t\t<style type=\"text\/css\">\n\t\t\t#gallery-2 {\n\t\t\t\tmargin: auto;\n\t\t\t}\n\t\t\t#gallery-2 .gallery-item {\n\t\t\t\tfloat: left;\n\t\t\t\tmargin-top: 10px;\n\t\t\t\ttext-align: center;\n\t\t\t\twidth: 25%;\n\t\t\t}\n\t\t\t#gallery-2 img {\n\t\t\t\tborder: 2px solid #cfcfcf;\n\t\t\t}\n\t\t\t#gallery-2 .gallery-caption {\n\t\t\t\tmargin-left: 0;\n\t\t\t}\n\t\t\t\/* see gallery_shortcode() in wp-includes\/media.php *\/\n\t\t<\/style>\n\t\t<div id='gallery-2' class='gallery galleryid-251429 gallery-columns-4 gallery-size-thumbnail'><dl class='gallery-item'>\n\t\t\t<dt class='gallery-icon landscape'>\n\t\t\t\t<a href='https:\/\/franciscanos.org.br\/noticias\/wp-content\/uploads\/2024\/10\/Imagem-do-WhatsApp-de-2024-10-07-as-11.55.04_ee3e9967.jpg'><img width=\"300\" height=\"300\" src=\"https:\/\/franciscanos.org.br\/noticias\/wp-content\/uploads\/2024\/10\/Imagem-do-WhatsApp-de-2024-10-07-as-11.55.04_ee3e9967-300x300.jpg\" class=\"attachment-thumbnail size-thumbnail\" alt=\"\" loading=\"lazy\" srcset=\"https:\/\/franciscanos.org.br\/noticias\/wp-content\/uploads\/2024\/10\/Imagem-do-WhatsApp-de-2024-10-07-as-11.55.04_ee3e9967-300x300.jpg 300w, https:\/\/franciscanos.org.br\/noticias\/wp-content\/uploads\/2024\/10\/Imagem-do-WhatsApp-de-2024-10-07-as-11.55.04_ee3e9967-100x100.jpg 100w\" sizes=\"(max-width: 300px) 100vw, 300px\" \/><\/a>\n\t\t\t<\/dt><\/dl><dl class='gallery-item'>\n\t\t\t<dt class='gallery-icon portrait'>\n\t\t\t\t<a href='https:\/\/franciscanos.org.br\/noticias\/wp-content\/uploads\/2024\/10\/IMG-20241007-WA0003.jpg'><img width=\"300\" height=\"300\" src=\"https:\/\/franciscanos.org.br\/noticias\/wp-content\/uploads\/2024\/10\/IMG-20241007-WA0003-300x300.jpg\" class=\"attachment-thumbnail size-thumbnail\" alt=\"\" loading=\"lazy\" srcset=\"https:\/\/franciscanos.org.br\/noticias\/wp-content\/uploads\/2024\/10\/IMG-20241007-WA0003-300x300.jpg 300w, https:\/\/franciscanos.org.br\/noticias\/wp-content\/uploads\/2024\/10\/IMG-20241007-WA0003-100x100.jpg 100w\" sizes=\"(max-width: 300px) 100vw, 300px\" \/><\/a>\n\t\t\t<\/dt><\/dl><dl class='gallery-item'>\n\t\t\t<dt class='gallery-icon portrait'>\n\t\t\t\t<a href='https:\/\/franciscanos.org.br\/noticias\/wp-content\/uploads\/2024\/10\/IMG-20241007-WA0007.jpg'><img width=\"300\" height=\"300\" src=\"https:\/\/franciscanos.org.br\/noticias\/wp-content\/uploads\/2024\/10\/IMG-20241007-WA0007-300x300.jpg\" class=\"attachment-thumbnail size-thumbnail\" alt=\"\" loading=\"lazy\" srcset=\"https:\/\/franciscanos.org.br\/noticias\/wp-content\/uploads\/2024\/10\/IMG-20241007-WA0007-300x300.jpg 300w, https:\/\/franciscanos.org.br\/noticias\/wp-content\/uploads\/2024\/10\/IMG-20241007-WA0007-100x100.jpg 100w\" sizes=\"(max-width: 300px) 100vw, 300px\" \/><\/a>\n\t\t\t<\/dt><\/dl><dl class='gallery-item'>\n\t\t\t<dt class='gallery-icon portrait'>\n\t\t\t\t<a href='https:\/\/franciscanos.org.br\/noticias\/wp-content\/uploads\/2024\/10\/Imagem-do-WhatsApp-de-2024-10-07-as-11.57.07_850d522b-1.jpg'><img width=\"300\" height=\"300\" src=\"https:\/\/franciscanos.org.br\/noticias\/wp-content\/uploads\/2024\/10\/Imagem-do-WhatsApp-de-2024-10-07-as-11.57.07_850d522b-1-300x300.jpg\" class=\"attachment-thumbnail size-thumbnail\" alt=\"\" loading=\"lazy\" srcset=\"https:\/\/franciscanos.org.br\/noticias\/wp-content\/uploads\/2024\/10\/Imagem-do-WhatsApp-de-2024-10-07-as-11.57.07_850d522b-1-300x300.jpg 300w, https:\/\/franciscanos.org.br\/noticias\/wp-content\/uploads\/2024\/10\/Imagem-do-WhatsApp-de-2024-10-07-as-11.57.07_850d522b-1-100x100.jpg 100w\" sizes=\"(max-width: 300px) 100vw, 300px\" \/><\/a>\n\t\t\t<\/dt><\/dl><br style=\"clear: both\" \/>\n\t\t<\/div>\n\n<p>A festa se estendeu por todo o dia, com a presen\u00e7a dos freis na porta da igreja, dando b\u00ean\u00e7\u00e3os e acolhendo pessoas e animais, em um gesto que reflete a alegria e compaix\u00e3o franciscana. A festividade incluiu tamb\u00e9m o tradicional bolo de S\u00e3o Francisco e outras iguarias, proporcionando um momento de comunh\u00e3o e alegria entre todos os presentes.<br \/>\nQue a vida e os ensinamentos de S\u00e3o Francisco continuem a inspirar cada um de n\u00f3s a deixar marcas de amor e compaix\u00e3o em nossas comunidades, seguindo seu exemplo de simplicidade e cuidado pela cria\u00e7\u00e3o e pelos mais necessitados.<\/p>\n<hr \/>\n<p><em>Texto:Diego Bello Doze<\/em><\/p>\n","protected":false},"excerpt":{"rendered":"<p>Celebra\u00e7\u00f5es marcaram festejos<\/p>\n","protected":false},"author":11,"featured_media":251430,"comment_status":"open","ping_status":"open","sticky":false,"template":"","format":"standard","meta":[],"categories":[1],"tags":[1537,2030],"acf":[],"yoast_head":"<!-- This site is optimized with the Yoast SEO plugin v19.2 - https:\/\/yoast.com\/wordpress\/plugins\/seo\/ -->\n<title>Par\u00f3quia da Vila Clementino: \u201cS\u00e3o Francisco, marcado pelo amor! \u201d - Not\u00edcias - Franciscanos<\/title>\n<meta name=\"robots\" content=\"index, follow, max-snippet:-1, max-image-preview:large, max-video-preview:-1\" \/>\n<link rel=\"canonical\" href=\"https:\/\/franciscanos.org.br\/noticias\/paroquia-da-vila-clementino-sao-francisco-marcado-pelo-amor.html\" \/>\n<meta property=\"og:locale\" content=\"pt_BR\" \/>\n<meta property=\"og:type\" content=\"article\" \/>\n<meta property=\"og:title\" content=\"Par\u00f3quia da Vila Clementino: \u201cS\u00e3o Francisco, marcado pelo amor! \u201d - Not\u00edcias - Franciscanos\" \/>\n<meta property=\"og:description\" content=\"Celebra\u00e7\u00f5es marcaram festejos\" \/>\n<meta property=\"og:url\" content=\"https:\/\/franciscanos.org.br\/noticias\/paroquia-da-vila-clementino-sao-francisco-marcado-pelo-amor.html\" \/>\n<meta property=\"og:site_name\" content=\"Not\u00edcias - Franciscanos\" \/>\n<meta property=\"article:published_time\" content=\"2024-10-08T13:07:29+00:00\" \/>\n<meta property=\"article:modified_time\" content=\"2024-10-08T17:50:36+00:00\" \/>\n<meta property=\"og:image\" content=\"https:\/\/franciscanos.org.br\/noticias\/wp-content\/uploads\/2024\/10\/CHAMADA-11.jpg\" \/>\n\t<meta property=\"og:image:width\" content=\"800\" \/>\n\t<meta property=\"og:image:height\" content=\"550\" \/>\n\t<meta property=\"og:image:type\" content=\"image\/jpeg\" \/>\n<meta name=\"author\" content=\"Adriana Rabelo\" \/>\n<meta name=\"twitter:card\" content=\"summary_large_image\" \/>\n<meta name=\"twitter:label1\" content=\"Escrito por\" \/>\n\t<meta name=\"twitter:data1\" content=\"Adriana Rabelo\" \/>\n\t<meta name=\"twitter:label2\" content=\"Est. tempo de leitura\" \/>\n\t<meta name=\"twitter:data2\" content=\"8 minutos\" \/>\n<script type=\"application\/ld+json\" class=\"yoast-schema-graph\">{\"@context\":\"https:\/\/schema.org\",\"@graph\":[{\"@type\":\"WebSite\",\"@id\":\"https:\/\/franciscanos.org.br\/noticias\/#website\",\"url\":\"https:\/\/franciscanos.org.br\/noticias\/\",\"name\":\"Not\u00edcias - Franciscanos\",\"description\":\"Prov\u00edncia Franciscana da Imaculada Concei\u00e7\u00e3o do Brasil - Ordem dos Frades Menores - OFM\",\"potentialAction\":[{\"@type\":\"SearchAction\",\"target\":{\"@type\":\"EntryPoint\",\"urlTemplate\":\"https:\/\/franciscanos.org.br\/noticias\/?s={search_term_string}\"},\"query-input\":\"required name=search_term_string\"}],\"inLanguage\":\"pt-BR\"},{\"@type\":\"ImageObject\",\"inLanguage\":\"pt-BR\",\"@id\":\"https:\/\/franciscanos.org.br\/noticias\/paroquia-da-vila-clementino-sao-francisco-marcado-pelo-amor.html#primaryimage\",\"url\":\"https:\/\/franciscanos.org.br\/noticias\/wp-content\/uploads\/2024\/10\/CHAMADA-11.jpg\",\"contentUrl\":\"https:\/\/franciscanos.org.br\/noticias\/wp-content\/uploads\/2024\/10\/CHAMADA-11.jpg\",\"width\":800,\"height\":550},{\"@type\":\"WebPage\",\"@id\":\"https:\/\/franciscanos.org.br\/noticias\/paroquia-da-vila-clementino-sao-francisco-marcado-pelo-amor.html#webpage\",\"url\":\"https:\/\/franciscanos.org.br\/noticias\/paroquia-da-vila-clementino-sao-francisco-marcado-pelo-amor.html\",\"name\":\"Par\u00f3quia da Vila Clementino: \u201cS\u00e3o Francisco, marcado pelo amor! \u201d - Not\u00edcias - Franciscanos\",\"isPartOf\":{\"@id\":\"https:\/\/franciscanos.org.br\/noticias\/#website\"},\"primaryImageOfPage\":{\"@id\":\"https:\/\/franciscanos.org.br\/noticias\/paroquia-da-vila-clementino-sao-francisco-marcado-pelo-amor.html#primaryimage\"},\"datePublished\":\"2024-10-08T13:07:29+00:00\",\"dateModified\":\"2024-10-08T17:50:36+00:00\",\"author\":{\"@id\":\"https:\/\/franciscanos.org.br\/noticias\/#\/schema\/person\/d9422e83121c3ad3b0f423d195f5bb25\"},\"breadcrumb\":{\"@id\":\"https:\/\/franciscanos.org.br\/noticias\/paroquia-da-vila-clementino-sao-francisco-marcado-pelo-amor.html#breadcrumb\"},\"inLanguage\":\"pt-BR\",\"potentialAction\":[{\"@type\":\"ReadAction\",\"target\":[\"https:\/\/franciscanos.org.br\/noticias\/paroquia-da-vila-clementino-sao-francisco-marcado-pelo-amor.html\"]}]},{\"@type\":\"BreadcrumbList\",\"@id\":\"https:\/\/franciscanos.org.br\/noticias\/paroquia-da-vila-clementino-sao-francisco-marcado-pelo-amor.html#breadcrumb\",\"itemListElement\":[{\"@type\":\"ListItem\",\"position\":1,\"name\":\"Home\",\"item\":\"https:\/\/franciscanos.org.br\/noticias\"},{\"@type\":\"ListItem\",\"position\":2,\"name\":\"Par\u00f3quia da Vila Clementino: \u201cS\u00e3o Francisco, marcado pelo amor! \u201d\"}]},{\"@type\":\"Person\",\"@id\":\"https:\/\/franciscanos.org.br\/noticias\/#\/schema\/person\/d9422e83121c3ad3b0f423d195f5bb25\",\"name\":\"Adriana Rabelo\",\"image\":{\"@type\":\"ImageObject\",\"inLanguage\":\"pt-BR\",\"@id\":\"https:\/\/franciscanos.org.br\/noticias\/#\/schema\/person\/image\/\",\"url\":\"https:\/\/secure.gravatar.com\/avatar\/0a937b7500cd7df77540cfb8bede877d?s=96&d=mm&r=g\",\"contentUrl\":\"https:\/\/secure.gravatar.com\/avatar\/0a937b7500cd7df77540cfb8bede877d?s=96&d=mm&r=g\",\"caption\":\"Adriana Rabelo\"},\"url\":\"https:\/\/franciscanos.org.br\/noticias\/author\/adrianarabelo\"}]}<\/script>\n<!-- \/ Yoast SEO plugin. -->","yoast_head_json":{"title":"Par\u00f3quia da Vila Clementino: \u201cS\u00e3o Francisco, marcado pelo amor! \u201d - Not\u00edcias - Franciscanos","robots":{"index":"index","follow":"follow","max-snippet":"max-snippet:-1","max-image-preview":"max-image-preview:large","max-video-preview":"max-video-preview:-1"},"canonical":"https:\/\/franciscanos.org.br\/noticias\/paroquia-da-vila-clementino-sao-francisco-marcado-pelo-amor.html","og_locale":"pt_BR","og_type":"article","og_title":"Par\u00f3quia da Vila Clementino: \u201cS\u00e3o Francisco, marcado pelo amor! \u201d - Not\u00edcias - Franciscanos","og_description":"Celebra\u00e7\u00f5es marcaram festejos","og_url":"https:\/\/franciscanos.org.br\/noticias\/paroquia-da-vila-clementino-sao-francisco-marcado-pelo-amor.html","og_site_name":"Not\u00edcias - Franciscanos","article_published_time":"2024-10-08T13:07:29+00:00","article_modified_time":"2024-10-08T17:50:36+00:00","og_image":[{"width":800,"height":550,"url":"https:\/\/franciscanos.org.br\/noticias\/wp-content\/uploads\/2024\/10\/CHAMADA-11.jpg","type":"image\/jpeg"}],"author":"Adriana Rabelo","twitter_card":"summary_large_image","twitter_misc":{"Escrito por":"Adriana Rabelo","Est. tempo de leitura":"8 minutos"},"schema":{"@context":"https:\/\/schema.org","@graph":[{"@type":"WebSite","@id":"https:\/\/franciscanos.org.br\/noticias\/#website","url":"https:\/\/franciscanos.org.br\/noticias\/","name":"Not\u00edcias - Franciscanos","description":"Prov\u00edncia Franciscana da Imaculada Concei\u00e7\u00e3o do Brasil - Ordem dos Frades Menores - OFM","potentialAction":[{"@type":"SearchAction","target":{"@type":"EntryPoint","urlTemplate":"https:\/\/franciscanos.org.br\/noticias\/?s={search_term_string}"},"query-input":"required name=search_term_string"}],"inLanguage":"pt-BR"},{"@type":"ImageObject","inLanguage":"pt-BR","@id":"https:\/\/franciscanos.org.br\/noticias\/paroquia-da-vila-clementino-sao-francisco-marcado-pelo-amor.html#primaryimage","url":"https:\/\/franciscanos.org.br\/noticias\/wp-content\/uploads\/2024\/10\/CHAMADA-11.jpg","contentUrl":"https:\/\/franciscanos.org.br\/noticias\/wp-content\/uploads\/2024\/10\/CHAMADA-11.jpg","width":800,"height":550},{"@type":"WebPage","@id":"https:\/\/franciscanos.org.br\/noticias\/paroquia-da-vila-clementino-sao-francisco-marcado-pelo-amor.html#webpage","url":"https:\/\/franciscanos.org.br\/noticias\/paroquia-da-vila-clementino-sao-francisco-marcado-pelo-amor.html","name":"Par\u00f3quia da Vila Clementino: \u201cS\u00e3o Francisco, marcado pelo amor! \u201d - Not\u00edcias - Franciscanos","isPartOf":{"@id":"https:\/\/franciscanos.org.br\/noticias\/#website"},"primaryImageOfPage":{"@id":"https:\/\/franciscanos.org.br\/noticias\/paroquia-da-vila-clementino-sao-francisco-marcado-pelo-amor.html#primaryimage"},"datePublished":"2024-10-08T13:07:29+00:00","dateModified":"2024-10-08T17:50:36+00:00","author":{"@id":"https:\/\/franciscanos.org.br\/noticias\/#\/schema\/person\/d9422e83121c3ad3b0f423d195f5bb25"},"breadcrumb":{"@id":"https:\/\/franciscanos.org.br\/noticias\/paroquia-da-vila-clementino-sao-francisco-marcado-pelo-amor.html#breadcrumb"},"inLanguage":"pt-BR","potentialAction":[{"@type":"ReadAction","target":["https:\/\/franciscanos.org.br\/noticias\/paroquia-da-vila-clementino-sao-francisco-marcado-pelo-amor.html"]}]},{"@type":"BreadcrumbList","@id":"https:\/\/franciscanos.org.br\/noticias\/paroquia-da-vila-clementino-sao-francisco-marcado-pelo-amor.html#breadcrumb","itemListElement":[{"@type":"ListItem","position":1,"name":"Home","item":"https:\/\/franciscanos.org.br\/noticias"},{"@type":"ListItem","position":2,"name":"Par\u00f3quia da Vila Clementino: \u201cS\u00e3o Francisco, marcado pelo amor! \u201d"}]},{"@type":"Person","@id":"https:\/\/franciscanos.org.br\/noticias\/#\/schema\/person\/d9422e83121c3ad3b0f423d195f5bb25","name":"Adriana Rabelo","image":{"@type":"ImageObject","inLanguage":"pt-BR","@id":"https:\/\/franciscanos.org.br\/noticias\/#\/schema\/person\/image\/","url":"https:\/\/secure.gravatar.com\/avatar\/0a937b7500cd7df77540cfb8bede877d?s=96&d=mm&r=g","contentUrl":"https:\/\/secure.gravatar.com\/avatar\/0a937b7500cd7df77540cfb8bede877d?s=96&d=mm&r=g","caption":"Adriana Rabelo"},"url":"https:\/\/franciscanos.org.br\/noticias\/author\/adrianarabelo"}]}},"_links":{"self":[{"href":"https:\/\/franciscanos.org.br\/noticias\/wp-json\/wp\/v2\/posts\/251429"}],"collection":[{"href":"https:\/\/franciscanos.org.br\/noticias\/wp-json\/wp\/v2\/posts"}],"about":[{"href":"https:\/\/franciscanos.org.br\/noticias\/wp-json\/wp\/v2\/types\/post"}],"author":[{"embeddable":true,"href":"https:\/\/franciscanos.org.br\/noticias\/wp-json\/wp\/v2\/users\/11"}],"replies":[{"embeddable":true,"href":"https:\/\/franciscanos.org.br\/noticias\/wp-json\/wp\/v2\/comments?post=251429"}],"version-history":[{"count":7,"href":"https:\/\/franciscanos.org.br\/noticias\/wp-json\/wp\/v2\/posts\/251429\/revisions"}],"predecessor-version":[{"id":251450,"href":"https:\/\/franciscanos.org.br\/noticias\/wp-json\/wp\/v2\/posts\/251429\/revisions\/251450"}],"wp:featuredmedia":[{"embeddable":true,"href":"https:\/\/franciscanos.org.br\/noticias\/wp-json\/wp\/v2\/media\/251430"}],"wp:attachment":[{"href":"https:\/\/franciscanos.org.br\/noticias\/wp-json\/wp\/v2\/media?parent=251429"}],"wp:term":[{"taxonomy":"category","embeddable":true,"href":"https:\/\/franciscanos.org.br\/noticias\/wp-json\/wp\/v2\/categories?post=251429"},{"taxonomy":"post_tag","embeddable":true,"href":"https:\/\/franciscanos.org.br\/noticias\/wp-json\/wp\/v2\/tags?post=251429"}],"curies":[{"name":"wp","href":"https:\/\/api.w.org\/{rel}","templated":true}]}}