{"id":251364,"date":"2024-10-07T16:51:15","date_gmt":"2024-10-07T19:51:15","guid":{"rendered":"https:\/\/franciscanos.org.br\/noticias\/?p=251364"},"modified":"2024-10-07T16:52:18","modified_gmt":"2024-10-07T19:52:18","slug":"colatina-celebra-o-legado-de-sao-francisco-de-assis-nas-festividades-franciscanas","status":"publish","type":"post","link":"https:\/\/franciscanos.org.br\/noticias\/colatina-celebra-o-legado-de-sao-francisco-de-assis-nas-festividades-franciscanas.html","title":{"rendered":"Colatina celebra o legado de S\u00e3o Francisco de Assis nas festividades franciscanas"},"content":{"rendered":"<p><img loading=\"lazy\" class=\"aligncenter wp-image-251366 size-full\" src=\"https:\/\/franciscanos.org.br\/noticias\/wp-content\/uploads\/2024\/10\/MATERIA-8.jpg\" alt=\"\" width=\"1280\" height=\"720\" srcset=\"https:\/\/franciscanos.org.br\/noticias\/wp-content\/uploads\/2024\/10\/MATERIA-8.jpg 1280w, https:\/\/franciscanos.org.br\/noticias\/wp-content\/uploads\/2024\/10\/MATERIA-8-450x253.jpg 450w, https:\/\/franciscanos.org.br\/noticias\/wp-content\/uploads\/2024\/10\/MATERIA-8-1024x576.jpg 1024w, https:\/\/franciscanos.org.br\/noticias\/wp-content\/uploads\/2024\/10\/MATERIA-8-768x432.jpg 768w, https:\/\/franciscanos.org.br\/noticias\/wp-content\/uploads\/2024\/10\/MATERIA-8-150x84.jpg 150w\" sizes=\"(max-width: 1280px) 100vw, 1280px\" \/><\/p>\n<p>Na manh\u00e3 do dia 4 de outubro, Dom Lauro S\u00e9rgio Versiani Barbosa, bispo de Colatina, presidiu a Celebra\u00e7\u00e3o Eucar\u00edstica da Solenidade de S\u00e3o Francisco de Assis no Mosteiro Sant\u00edssima Trindade, das Irm\u00e3s Clarissas, em Colatina (ES). A celebra\u00e7\u00e3o ocorreu \u00e0s 7h e contou com a concelebra\u00e7\u00e3o de Frei Pedro de Oliveira Rodrigues, p\u00e1roco da Par\u00f3quia Santa Clara de Assis, e de Frei Augusto Luiz Gabriel, vig\u00e1rio paroquial.<\/p>\n<p><img loading=\"lazy\" class=\"alignright wp-image-251367 size-thumbnail\" src=\"https:\/\/franciscanos.org.br\/noticias\/wp-content\/uploads\/2024\/10\/693b3582-4b29-4783-ae7b-1696c16e88c2-300x300.jpg\" alt=\"\" width=\"300\" height=\"300\" srcset=\"https:\/\/franciscanos.org.br\/noticias\/wp-content\/uploads\/2024\/10\/693b3582-4b29-4783-ae7b-1696c16e88c2-300x300.jpg 300w, https:\/\/franciscanos.org.br\/noticias\/wp-content\/uploads\/2024\/10\/693b3582-4b29-4783-ae7b-1696c16e88c2-100x100.jpg 100w\" sizes=\"(max-width: 300px) 100vw, 300px\" \/>Durante sua homilia, Dom Lauro destacou a vida de S\u00e3o Francisco como uma resposta de Deus a uma \u00e9poca de desafios na Igreja, marcando sua fala com a lembran\u00e7a da autenticidade e fidelidade ao Evangelho. Ele iniciou refletindo sobre a import\u00e2ncia de S\u00e3o Francisco para a hist\u00f3ria da Igreja: \u201cNos alegremos hoje com essa imensa gra\u00e7a que Deus concedeu \u00e0 nossa igreja, a vida de S\u00e3o Francisco de Assis, que continua na hist\u00f3ria, marcando a vida da igreja, nos desafiando sempre na fidelidade, na autenticidade e no seguimento de Nosso Senhor Jesus Cristo.\u201d<\/p>\n<p>O bispo contextualizou o tempo em que Francisco viveu, quando a Igreja enfrentava tenta\u00e7\u00f5es de poder e riqueza, e como Deus levantou Francisco para trazer um novo caminho de simplicidade e humildade. Ele comparou as aspira\u00e7\u00f5es iniciais de Francisco, como o desejo por gl\u00f3ria e riqueza, com os desafios espirituais que todos enfrentam: \u201cVejam, s\u00e3o todas as nossas tenta\u00e7\u00f5es: poder, riqueza, prazer. O problema n\u00e3o \u00e9 poder, riqueza e prazer, \u00e9 quando eles se tornam os objetivos da nossa vida e nos afastam da finalidade para a qual n\u00f3s fomos criados.\u201d<\/p>\n\n\t\t<style type=\"text\/css\">\n\t\t\t#gallery-1 {\n\t\t\t\tmargin: auto;\n\t\t\t}\n\t\t\t#gallery-1 .gallery-item {\n\t\t\t\tfloat: left;\n\t\t\t\tmargin-top: 10px;\n\t\t\t\ttext-align: center;\n\t\t\t\twidth: 25%;\n\t\t\t}\n\t\t\t#gallery-1 img {\n\t\t\t\tborder: 2px solid #cfcfcf;\n\t\t\t}\n\t\t\t#gallery-1 .gallery-caption {\n\t\t\t\tmargin-left: 0;\n\t\t\t}\n\t\t\t\/* see gallery_shortcode() in wp-includes\/media.php *\/\n\t\t<\/style>\n\t\t<div id='gallery-1' class='gallery galleryid-251364 gallery-columns-4 gallery-size-thumbnail'><dl class='gallery-item'>\n\t\t\t<dt class='gallery-icon portrait'>\n\t\t\t\t<a href='https:\/\/franciscanos.org.br\/noticias\/wp-content\/uploads\/2024\/10\/07bbe794-594f-420c-81ed-8819b57b4377-scaled.jpg'><img width=\"300\" height=\"300\" src=\"https:\/\/franciscanos.org.br\/noticias\/wp-content\/uploads\/2024\/10\/07bbe794-594f-420c-81ed-8819b57b4377-300x300.jpg\" class=\"attachment-thumbnail size-thumbnail\" alt=\"\" loading=\"lazy\" srcset=\"https:\/\/franciscanos.org.br\/noticias\/wp-content\/uploads\/2024\/10\/07bbe794-594f-420c-81ed-8819b57b4377-300x300.jpg 300w, https:\/\/franciscanos.org.br\/noticias\/wp-content\/uploads\/2024\/10\/07bbe794-594f-420c-81ed-8819b57b4377-100x100.jpg 100w\" sizes=\"(max-width: 300px) 100vw, 300px\" \/><\/a>\n\t\t\t<\/dt><\/dl><dl class='gallery-item'>\n\t\t\t<dt class='gallery-icon portrait'>\n\t\t\t\t<a href='https:\/\/franciscanos.org.br\/noticias\/wp-content\/uploads\/2024\/10\/8b9ed2f8-1980-40c6-b4eb-07faa7aa432d-scaled.jpg'><img width=\"300\" height=\"300\" src=\"https:\/\/franciscanos.org.br\/noticias\/wp-content\/uploads\/2024\/10\/8b9ed2f8-1980-40c6-b4eb-07faa7aa432d-300x300.jpg\" class=\"attachment-thumbnail size-thumbnail\" alt=\"\" loading=\"lazy\" srcset=\"https:\/\/franciscanos.org.br\/noticias\/wp-content\/uploads\/2024\/10\/8b9ed2f8-1980-40c6-b4eb-07faa7aa432d-300x300.jpg 300w, https:\/\/franciscanos.org.br\/noticias\/wp-content\/uploads\/2024\/10\/8b9ed2f8-1980-40c6-b4eb-07faa7aa432d-100x100.jpg 100w\" sizes=\"(max-width: 300px) 100vw, 300px\" \/><\/a>\n\t\t\t<\/dt><\/dl><dl class='gallery-item'>\n\t\t\t<dt class='gallery-icon portrait'>\n\t\t\t\t<a href='https:\/\/franciscanos.org.br\/noticias\/wp-content\/uploads\/2024\/10\/67e4570d-79e9-46a6-aaef-010a668a07e9-scaled.jpg'><img width=\"300\" height=\"300\" src=\"https:\/\/franciscanos.org.br\/noticias\/wp-content\/uploads\/2024\/10\/67e4570d-79e9-46a6-aaef-010a668a07e9-300x300.jpg\" class=\"attachment-thumbnail size-thumbnail\" alt=\"\" loading=\"lazy\" srcset=\"https:\/\/franciscanos.org.br\/noticias\/wp-content\/uploads\/2024\/10\/67e4570d-79e9-46a6-aaef-010a668a07e9-300x300.jpg 300w, https:\/\/franciscanos.org.br\/noticias\/wp-content\/uploads\/2024\/10\/67e4570d-79e9-46a6-aaef-010a668a07e9-100x100.jpg 100w\" sizes=\"(max-width: 300px) 100vw, 300px\" \/><\/a>\n\t\t\t<\/dt><\/dl><dl class='gallery-item'>\n\t\t\t<dt class='gallery-icon portrait'>\n\t\t\t\t<a href='https:\/\/franciscanos.org.br\/noticias\/wp-content\/uploads\/2024\/10\/8145d151-3ecd-49ab-af3b-5582dd936095-scaled.jpg'><img width=\"300\" height=\"300\" src=\"https:\/\/franciscanos.org.br\/noticias\/wp-content\/uploads\/2024\/10\/8145d151-3ecd-49ab-af3b-5582dd936095-300x300.jpg\" class=\"attachment-thumbnail size-thumbnail\" alt=\"\" loading=\"lazy\" srcset=\"https:\/\/franciscanos.org.br\/noticias\/wp-content\/uploads\/2024\/10\/8145d151-3ecd-49ab-af3b-5582dd936095-300x300.jpg 300w, https:\/\/franciscanos.org.br\/noticias\/wp-content\/uploads\/2024\/10\/8145d151-3ecd-49ab-af3b-5582dd936095-100x100.jpg 100w\" sizes=\"(max-width: 300px) 100vw, 300px\" \/><\/a>\n\t\t\t<\/dt><\/dl><br style=\"clear: both\" \/>\n\t\t<\/div>\n\n<p>Dom Lauro enfatizou que o chamado de S\u00e3o Francisco n\u00e3o era apenas para reconstruir igrejas fisicamente, mas para restaurar a Igreja espiritual, em sua ess\u00eancia. Ele mencionou o momento em que Francisco ouviu o chamado de Deus para reconstruir a Igreja, destacando como a vida do santo se tornou um testemunho de entrega total: \u201cA Francisco foi pedido: reconstr\u00f3i a minha igreja. Veja o que est\u00e1 fazendo o Papa Francisco. Vejam todos os seus documentos, seus testemunhos\u201d, relembrou.<\/p>\n<p>Na homilia, Dom Lauro tamb\u00e9m abordou as dificuldades que Francisco enfrentou, n\u00e3o apenas com sua fam\u00edlia, mas tamb\u00e9m com as pessoas ao seu redor, que muitas vezes n\u00e3o compreendiam suas a\u00e7\u00f5es. O bispo ressaltou como S\u00e3o Francisco transformou essas experi\u00eancias em ocasi\u00f5es de crescimento espiritual.<\/p>\n<p>A humildade e o amor de S\u00e3o Francisco por Cristo, em todas as fases da vida de Jesus, tamb\u00e9m foram destacados. Dom Lauro explicou que Francisco n\u00e3o escolhia apenas os aspectos mais f\u00e1ceis do Evangelho, mas abra\u00e7ava todo o seu ensinamento, sem suaviza\u00e7\u00f5es: \u201cFrancisco \u00e9 um apaixonado por Nosso Senhor Jesus Cristo, em todos os mist\u00e9rios da vida do Cristo. Ele n\u00e3o seleciona uma parte do Evangelho, \u00e9 o Evangelho inteiro. O Evangelho sem glosas, sem coment\u00e1rios que o suavizem ou facilitem.\u201d<\/p>\n<p>Encerrando sua homilia, Dom Lauro chamou a aten\u00e7\u00e3o para o impacto do testemunho de S\u00e3o Francisco na Igreja at\u00e9 os dias de hoje, especialmente sob a lideran\u00e7a do Papa Francisco, que escolheu o nome do santo como inspira\u00e7\u00e3o para seu pontificado. Ele refor\u00e7ou a mensagem de que S\u00e3o Francisco de Assis \u00e9 um exemplo perene para todos os crist\u00e3os: \u201cFrancisco de Assis ajuda a Igreja a se repensar com seu testemunho. S\u00e3o tantos os epis\u00f3dios, mas ele recobre justamente a harmonia. Ele diz com sua vida: tudo est\u00e1 interligado.\u201d<\/p>\n<p>A Solenidade de S\u00e3o Francisco \u00e9 uma das datas mais importantes para a Ordem Franciscana e para as Irm\u00e3s Clarissas, que seguem os passos de Santa Clara de Assis, contempor\u00e2nea e disc\u00edpula espiritual de Francisco. O Mosteiro Sant\u00edssima Trindade, que acolheu a celebra\u00e7\u00e3o, \u00e9 um lugar de ora\u00e7\u00e3o e sil\u00eancio, dedicado \u00e0 vida contemplativa na Diocese de Colatina.<\/p>\n<h3>Celebra\u00e7\u00e3o franciscana em Baunilha<\/h3>\n<p>A Comunidade Nossa Senhora da Sa\u00fade, em Baunilha, pertencente \u00e0 Par\u00f3quia Santa Clara de Assis, tamb\u00e9m homenageou S\u00e3o Francisco de Assis com uma linda celebra\u00e7\u00e3o presidida por Frei Pedro de Oliveira Rodrigues. O evento teve in\u00edcio com a tradicional b\u00ean\u00e7\u00e3o dos animais nas comunidades vizinhas do Setor Rural, durante a tarde, simbolizando o cuidado com a cria\u00e7\u00e3o, uma das grandes marcas do santo de Assis. \u00c0 noite, a comunidade se reuniu para a Santa Missa, que contou com momentos de reflex\u00e3o sobre a vida e o legado de S\u00e3o Francisco.<\/p>\n\n\t\t<style type=\"text\/css\">\n\t\t\t#gallery-2 {\n\t\t\t\tmargin: auto;\n\t\t\t}\n\t\t\t#gallery-2 .gallery-item {\n\t\t\t\tfloat: left;\n\t\t\t\tmargin-top: 10px;\n\t\t\t\ttext-align: center;\n\t\t\t\twidth: 33%;\n\t\t\t}\n\t\t\t#gallery-2 img {\n\t\t\t\tborder: 2px solid #cfcfcf;\n\t\t\t}\n\t\t\t#gallery-2 .gallery-caption {\n\t\t\t\tmargin-left: 0;\n\t\t\t}\n\t\t\t\/* see gallery_shortcode() in wp-includes\/media.php *\/\n\t\t<\/style>\n\t\t<div id='gallery-2' class='gallery galleryid-251364 gallery-columns-3 gallery-size-thumbnail'><dl class='gallery-item'>\n\t\t\t<dt class='gallery-icon landscape'>\n\t\t\t\t<a href='https:\/\/franciscanos.org.br\/noticias\/wp-content\/uploads\/2024\/10\/86608f6b-b805-444b-884c-d4337af4c37c-1-scaled.jpg'><img width=\"300\" height=\"300\" src=\"https:\/\/franciscanos.org.br\/noticias\/wp-content\/uploads\/2024\/10\/86608f6b-b805-444b-884c-d4337af4c37c-1-300x300.jpg\" class=\"attachment-thumbnail size-thumbnail\" alt=\"\" loading=\"lazy\" srcset=\"https:\/\/franciscanos.org.br\/noticias\/wp-content\/uploads\/2024\/10\/86608f6b-b805-444b-884c-d4337af4c37c-1-300x300.jpg 300w, https:\/\/franciscanos.org.br\/noticias\/wp-content\/uploads\/2024\/10\/86608f6b-b805-444b-884c-d4337af4c37c-1-100x100.jpg 100w\" sizes=\"(max-width: 300px) 100vw, 300px\" \/><\/a>\n\t\t\t<\/dt><\/dl><dl class='gallery-item'>\n\t\t\t<dt class='gallery-icon landscape'>\n\t\t\t\t<a href='https:\/\/franciscanos.org.br\/noticias\/wp-content\/uploads\/2024\/10\/CHAMADA-9.jpg'><img width=\"300\" height=\"300\" src=\"https:\/\/franciscanos.org.br\/noticias\/wp-content\/uploads\/2024\/10\/CHAMADA-9-300x300.jpg\" class=\"attachment-thumbnail size-thumbnail\" alt=\"\" loading=\"lazy\" srcset=\"https:\/\/franciscanos.org.br\/noticias\/wp-content\/uploads\/2024\/10\/CHAMADA-9-300x300.jpg 300w, https:\/\/franciscanos.org.br\/noticias\/wp-content\/uploads\/2024\/10\/CHAMADA-9-100x100.jpg 100w\" sizes=\"(max-width: 300px) 100vw, 300px\" \/><\/a>\n\t\t\t<\/dt><\/dl><dl class='gallery-item'>\n\t\t\t<dt class='gallery-icon landscape'>\n\t\t\t\t<a href='https:\/\/franciscanos.org.br\/noticias\/wp-content\/uploads\/2024\/10\/e43c7c7c-3ddc-4f60-9131-e965f35005ec-scaled.jpg'><img width=\"300\" height=\"300\" src=\"https:\/\/franciscanos.org.br\/noticias\/wp-content\/uploads\/2024\/10\/e43c7c7c-3ddc-4f60-9131-e965f35005ec-300x300.jpg\" class=\"attachment-thumbnail size-thumbnail\" alt=\"\" loading=\"lazy\" srcset=\"https:\/\/franciscanos.org.br\/noticias\/wp-content\/uploads\/2024\/10\/e43c7c7c-3ddc-4f60-9131-e965f35005ec-300x300.jpg 300w, https:\/\/franciscanos.org.br\/noticias\/wp-content\/uploads\/2024\/10\/e43c7c7c-3ddc-4f60-9131-e965f35005ec-100x100.jpg 100w\" sizes=\"(max-width: 300px) 100vw, 300px\" \/><\/a>\n\t\t\t<\/dt><\/dl><br style=\"clear: both\" \/>\n\t\t<\/div>\n\n<p>Durante a homilia, Frei Pedro destacou a import\u00e2ncia do exemplo franciscano nos dias atuais, especialmente no que diz respeito \u00e0 simplicidade, \u00e0 ecologia e ao amor ao pr\u00f3ximo. \u201cO mundo tem saudade deste humilde santo\u201d, afirmou o frade, lembrando o impacto duradouro da vida de Francisco de Assis, um jovem que, apesar de ser filho de um comerciante rico, decidiu abandonar tudo para seguir uma vida de pobreza e servi\u00e7o a Deus.<\/p>\n<p>A hist\u00f3ria de S\u00e3o Francisco foi revisitada, desde sua juventude festiva at\u00e9 sua convers\u00e3o espiritual, marcada pela ren\u00fancia aos bens materiais e o compromisso com os pobres. Frei Pedro enfatizou a coragem de Francisco ao enfrentar as expectativas sociais de sua \u00e9poca e se entregar totalmente ao Evangelho: \u201cFrancisco era um jovem comum, que gostava de festas e sonhava com grandes feitos. No entanto, sua guinada espiritual o levou a se tornar um dos maiores santos da Igreja, reconhecido por sua dedica\u00e7\u00e3o \u00e0 paz, ao bem e ao cuidado com a cria\u00e7\u00e3o.\u201d<\/p>\n<p>O frade tamb\u00e9m mencionou a rela\u00e7\u00e3o \u00edntima de S\u00e3o Francisco com a natureza, destacando o <em>C\u00e2ntico das Criaturas<\/em>, escrito pelo santo enquanto j\u00e1 enfrentava a cegueira nos \u00faltimos dias de sua vida. \u201cEle louvava a Deus por toda a cria\u00e7\u00e3o, pelo sol, pela lua, pelas estrelas. Esse c\u00e2ntico \u00e9 uma prece que ecoa at\u00e9 hoje, em um momento em que o mundo clama por cuidado com o meio ambiente\u201d, disse Frei Pedro.<\/p>\n<p>Outro ponto alto da homilia foi a men\u00e7\u00e3o \u00e0 presen\u00e7a cont\u00ednua da Ordem Franciscana na Terra Santa, uma heran\u00e7a direta do compromisso de S\u00e3o Francisco com a peregrina\u00e7\u00e3o e o di\u00e1logo inter-religioso. Em tempos de conflito naquela regi\u00e3o, Frei Pedro lembrou que a mensagem de paz de S\u00e3o Francisco se faz ainda mais necess\u00e1ria e que a ordem franciscana continua a ser um sinal de esperan\u00e7a e reconcilia\u00e7\u00e3o.<\/p>\n<p>Ao fim da celebra\u00e7\u00e3o, Frei Pedro convidou os fi\u00e9is a seguirem o exemplo de S\u00e3o Francisco no cuidado com o meio ambiente e na busca por uma vida simples e dedicada ao servi\u00e7o ao pr\u00f3ximo: \u201cQue S\u00e3o Francisco de Assis olhe por n\u00f3s e caminhe conosco, especialmente neste tempo de tantas crises e desafios\u201d, finalizou o frade, refor\u00e7ando o compromisso da comunidade franciscana com a paz e o bem.<\/p>\n<p>A celebra\u00e7\u00e3o foi encerrada com a tradicional can\u00e7\u00e3o <em>Senhor, fazei de mim um instrumento de vossa paz<\/em>, um dos hinos mais conhecidos da espiritualidade franciscana, que refor\u00e7a o chamado \u00e0 transforma\u00e7\u00e3o do mundo atrav\u00e9s do amor e da paz.<\/p>\n<h3>B\u00ean\u00e7\u00e3os aos animais e reflex\u00f5es sobre a cria\u00e7\u00e3o<\/h3>\n<p>J\u00e1 as comunidades do Setor Urbano viveram um dia especial de celebra\u00e7\u00f5es em honra a S\u00e3o Francisco de Assis, marcado pela b\u00ean\u00e7\u00e3o dos animais durante todo o dia na Comunidade S\u00e3o Vicente de Paulo e uma missa solene na Comunidade Nossa Senhora Auxiliadora. Frei Augusto Luiz Gabriel, que conduziu as atividades, destacou a import\u00e2ncia da simplicidade e do amor \u00e0 cria\u00e7\u00e3o, caracter\u00edsticas essenciais do santo que inspiram gera\u00e7\u00f5es.<\/p>\n\n\t\t<style type=\"text\/css\">\n\t\t\t#gallery-3 {\n\t\t\t\tmargin: auto;\n\t\t\t}\n\t\t\t#gallery-3 .gallery-item {\n\t\t\t\tfloat: left;\n\t\t\t\tmargin-top: 10px;\n\t\t\t\ttext-align: center;\n\t\t\t\twidth: 33%;\n\t\t\t}\n\t\t\t#gallery-3 img {\n\t\t\t\tborder: 2px solid #cfcfcf;\n\t\t\t}\n\t\t\t#gallery-3 .gallery-caption {\n\t\t\t\tmargin-left: 0;\n\t\t\t}\n\t\t\t\/* see gallery_shortcode() in wp-includes\/media.php *\/\n\t\t<\/style>\n\t\t<div id='gallery-3' class='gallery galleryid-251364 gallery-columns-3 gallery-size-medium'><dl class='gallery-item'>\n\t\t\t<dt class='gallery-icon portrait'>\n\t\t\t\t<a href='https:\/\/franciscanos.org.br\/noticias\/wp-content\/uploads\/2024\/10\/IMG_5693-scaled.jpg'><img width=\"338\" height=\"450\" src=\"https:\/\/franciscanos.org.br\/noticias\/wp-content\/uploads\/2024\/10\/IMG_5693-338x450.jpg\" class=\"attachment-medium size-medium\" alt=\"\" loading=\"lazy\" srcset=\"https:\/\/franciscanos.org.br\/noticias\/wp-content\/uploads\/2024\/10\/IMG_5693-338x450.jpg 338w, https:\/\/franciscanos.org.br\/noticias\/wp-content\/uploads\/2024\/10\/IMG_5693-768x1024.jpg 768w, https:\/\/franciscanos.org.br\/noticias\/wp-content\/uploads\/2024\/10\/IMG_5693-1152x1536.jpg 1152w, https:\/\/franciscanos.org.br\/noticias\/wp-content\/uploads\/2024\/10\/IMG_5693-1536x2048.jpg 1536w, https:\/\/franciscanos.org.br\/noticias\/wp-content\/uploads\/2024\/10\/IMG_5693-150x200.jpg 150w, https:\/\/franciscanos.org.br\/noticias\/wp-content\/uploads\/2024\/10\/IMG_5693-scaled.jpg 810w\" sizes=\"(max-width: 338px) 100vw, 338px\" \/><\/a>\n\t\t\t<\/dt><\/dl><dl class='gallery-item'>\n\t\t\t<dt class='gallery-icon portrait'>\n\t\t\t\t<a href='https:\/\/franciscanos.org.br\/noticias\/wp-content\/uploads\/2024\/10\/IMG_5700-scaled.jpg'><img width=\"338\" height=\"450\" src=\"https:\/\/franciscanos.org.br\/noticias\/wp-content\/uploads\/2024\/10\/IMG_5700-338x450.jpg\" class=\"attachment-medium size-medium\" alt=\"\" loading=\"lazy\" srcset=\"https:\/\/franciscanos.org.br\/noticias\/wp-content\/uploads\/2024\/10\/IMG_5700-338x450.jpg 338w, https:\/\/franciscanos.org.br\/noticias\/wp-content\/uploads\/2024\/10\/IMG_5700-768x1024.jpg 768w, https:\/\/franciscanos.org.br\/noticias\/wp-content\/uploads\/2024\/10\/IMG_5700-1152x1536.jpg 1152w, https:\/\/franciscanos.org.br\/noticias\/wp-content\/uploads\/2024\/10\/IMG_5700-1536x2048.jpg 1536w, https:\/\/franciscanos.org.br\/noticias\/wp-content\/uploads\/2024\/10\/IMG_5700-150x200.jpg 150w, https:\/\/franciscanos.org.br\/noticias\/wp-content\/uploads\/2024\/10\/IMG_5700-scaled.jpg 810w\" sizes=\"(max-width: 338px) 100vw, 338px\" \/><\/a>\n\t\t\t<\/dt><\/dl><dl class='gallery-item'>\n\t\t\t<dt class='gallery-icon portrait'>\n\t\t\t\t<a href='https:\/\/franciscanos.org.br\/noticias\/wp-content\/uploads\/2024\/10\/c3e876e8-1123-485b-bdcf-2dba6a34b186-scaled.jpg'><img width=\"338\" height=\"450\" src=\"https:\/\/franciscanos.org.br\/noticias\/wp-content\/uploads\/2024\/10\/c3e876e8-1123-485b-bdcf-2dba6a34b186-338x450.jpg\" class=\"attachment-medium size-medium\" alt=\"\" loading=\"lazy\" srcset=\"https:\/\/franciscanos.org.br\/noticias\/wp-content\/uploads\/2024\/10\/c3e876e8-1123-485b-bdcf-2dba6a34b186-338x450.jpg 338w, https:\/\/franciscanos.org.br\/noticias\/wp-content\/uploads\/2024\/10\/c3e876e8-1123-485b-bdcf-2dba6a34b186-768x1024.jpg 768w, https:\/\/franciscanos.org.br\/noticias\/wp-content\/uploads\/2024\/10\/c3e876e8-1123-485b-bdcf-2dba6a34b186-1152x1536.jpg 1152w, https:\/\/franciscanos.org.br\/noticias\/wp-content\/uploads\/2024\/10\/c3e876e8-1123-485b-bdcf-2dba6a34b186-1536x2048.jpg 1536w, https:\/\/franciscanos.org.br\/noticias\/wp-content\/uploads\/2024\/10\/c3e876e8-1123-485b-bdcf-2dba6a34b186-150x200.jpg 150w, https:\/\/franciscanos.org.br\/noticias\/wp-content\/uploads\/2024\/10\/c3e876e8-1123-485b-bdcf-2dba6a34b186-scaled.jpg 810w\" sizes=\"(max-width: 338px) 100vw, 338px\" \/><\/a>\n\t\t\t<\/dt><\/dl><br style=\"clear: both\" \/>\n\t\t<\/div>\n\n<p>Durante o dia, Frei Augusto aben\u00e7oou os animais, enfatizando a liga\u00e7\u00e3o de S\u00e3o Francisco com toda a cria\u00e7\u00e3o e a responsabilidade que os seres humanos t\u00eam em cuidar do mundo que Deus confiou a n\u00f3s. Cada participante que trouxe seu animal de estima\u00e7\u00e3o para ser aben\u00e7oado recebeu tamb\u00e9m uma muda de girassol. A atividade foi planejada pela Pastoral da Ecologia.<\/p>\n<p>\u00c0 noite, na missa solene, com a presen\u00e7a da Ordem Franciscana Secular, a Fraternidade Sagrado Cora\u00e7\u00e3o de Jesus trouxe um clima de fraternidade e celebra\u00e7\u00e3o \u00e0 comunidade.<\/p>\n<p><img loading=\"lazy\" class=\"alignright wp-image-251381 size-thumbnail\" src=\"https:\/\/franciscanos.org.br\/noticias\/wp-content\/uploads\/2024\/10\/IMG_5886-300x300.jpg\" alt=\"\" width=\"300\" height=\"300\" srcset=\"https:\/\/franciscanos.org.br\/noticias\/wp-content\/uploads\/2024\/10\/IMG_5886-300x300.jpg 300w, https:\/\/franciscanos.org.br\/noticias\/wp-content\/uploads\/2024\/10\/IMG_5886-100x100.jpg 100w\" sizes=\"(max-width: 300px) 100vw, 300px\" \/>Na sua homilia, Frei Augusto convidou os fi\u00e9is a refletirem sobre a vida de S\u00e3o Francisco, que viveu com humildade e entregou-se totalmente nas m\u00e3os de Deus. Ele destacou a passagem do Evangelho de Mateus (11, 25-30), onde Jesus louva o Pai por revelar os mist\u00e9rios do Reino aos humildes de cora\u00e7\u00e3o. O Frei lembrou que Francisco, conhecido como o &#8220;Pobrezinho de Assis&#8221;, compreendeu profundamente essa mensagem e n\u00e3o buscou riquezas ou poder, mas sim a proximidade com Deus.<\/p>\n<p>\u201cFrancisco nos ensina que a verdadeira liberdade s\u00f3 \u00e9 encontrada quando nos colocamos completamente a servi\u00e7o de Deus e dos outros\u201d, afirmou Frei Augusto, ressaltando o chamado do santo para \u201creconstruir a Igreja\u201d e viver o Evangelho de forma aut\u00eantica. Ele destacou que, em um mundo marcado pelo consumismo e pela busca por status, S\u00e3o Francisco nos desafia a abra\u00e7ar a simplicidade e o cuidado com o pr\u00f3ximo e o meio ambiente.<\/p>\n<p>O frade tamb\u00e9m mencionou a Enc\u00edclica <em>Laudato Si&#8217;<\/em> do Papa Francisco, que inspira a cuidar da \u201ccasa comum\u201d e a ouvir o clamor dos pobres e da terra. \u201cPrecisamos encontrar maneiras de viver de forma mais sustent\u00e1vel, justa e solid\u00e1ria\u201d, enfatizou, fazendo eco \u00e0 mensagem de S\u00e3o Francisco sobre a fraternidade universal e a conex\u00e3o com todos os seres.<\/p>\n<p>Ao final da celebra\u00e7\u00e3o, Frei Augusto deixou uma mensagem de esperan\u00e7a: \u201cQue o esp\u00edrito franciscano nos inspire a sermos promotores da paz, da fraternidade e do cuidado com toda a cria\u00e7\u00e3o. Que S\u00e3o Francisco nos aben\u00e7oe e inspire sempre! Am\u00e9m.\u201d<\/p>\n<p>As festividades em Colatina reafirmaram o compromisso das tr\u00eas ordens franciscanas de viver virtuosamente os valores do Evangelho, regra de vida.<\/p>\n<hr \/>\n<p><i><span style=\"font-weight: 400;\">Frei Augusto Luiz Gabriel e PASCOM da Par\u00f3quia Santa Clara de Assis<\/span><\/i><\/p>\n\n\t\t<style type=\"text\/css\">\n\t\t\t#gallery-4 {\n\t\t\t\tmargin: auto;\n\t\t\t}\n\t\t\t#gallery-4 .gallery-item {\n\t\t\t\tfloat: left;\n\t\t\t\tmargin-top: 10px;\n\t\t\t\ttext-align: center;\n\t\t\t\twidth: 25%;\n\t\t\t}\n\t\t\t#gallery-4 img {\n\t\t\t\tborder: 2px solid #cfcfcf;\n\t\t\t}\n\t\t\t#gallery-4 .gallery-caption {\n\t\t\t\tmargin-left: 0;\n\t\t\t}\n\t\t\t\/* see gallery_shortcode() in wp-includes\/media.php *\/\n\t\t<\/style>\n\t\t<div id='gallery-4' class='gallery galleryid-251364 gallery-columns-4 gallery-size-thumbnail'><dl class='gallery-item'>\n\t\t\t<dt class='gallery-icon portrait'>\n\t\t\t\t<a href='https:\/\/franciscanos.org.br\/noticias\/wp-content\/uploads\/2024\/10\/1abf68da-760c-4dac-a5f5-2a02162137ba-scaled.jpg'><img width=\"300\" height=\"300\" src=\"https:\/\/franciscanos.org.br\/noticias\/wp-content\/uploads\/2024\/10\/1abf68da-760c-4dac-a5f5-2a02162137ba-300x300.jpg\" class=\"attachment-thumbnail size-thumbnail\" alt=\"\" loading=\"lazy\" srcset=\"https:\/\/franciscanos.org.br\/noticias\/wp-content\/uploads\/2024\/10\/1abf68da-760c-4dac-a5f5-2a02162137ba-300x300.jpg 300w, https:\/\/franciscanos.org.br\/noticias\/wp-content\/uploads\/2024\/10\/1abf68da-760c-4dac-a5f5-2a02162137ba-100x100.jpg 100w\" sizes=\"(max-width: 300px) 100vw, 300px\" \/><\/a>\n\t\t\t<\/dt><\/dl><dl class='gallery-item'>\n\t\t\t<dt class='gallery-icon portrait'>\n\t\t\t\t<a href='https:\/\/franciscanos.org.br\/noticias\/wp-content\/uploads\/2024\/10\/67e4570d-79e9-46a6-aaef-010a668a07e9-1-scaled.jpg'><img width=\"300\" height=\"300\" src=\"https:\/\/franciscanos.org.br\/noticias\/wp-content\/uploads\/2024\/10\/67e4570d-79e9-46a6-aaef-010a668a07e9-1-300x300.jpg\" class=\"attachment-thumbnail size-thumbnail\" alt=\"\" loading=\"lazy\" srcset=\"https:\/\/franciscanos.org.br\/noticias\/wp-content\/uploads\/2024\/10\/67e4570d-79e9-46a6-aaef-010a668a07e9-1-300x300.jpg 300w, https:\/\/franciscanos.org.br\/noticias\/wp-content\/uploads\/2024\/10\/67e4570d-79e9-46a6-aaef-010a668a07e9-1-100x100.jpg 100w\" sizes=\"(max-width: 300px) 100vw, 300px\" \/><\/a>\n\t\t\t<\/dt><\/dl><dl class='gallery-item'>\n\t\t\t<dt class='gallery-icon portrait'>\n\t\t\t\t<a href='https:\/\/franciscanos.org.br\/noticias\/wp-content\/uploads\/2024\/10\/69afc72a-93bb-4f1a-b67d-a7c87d79c643-scaled.jpg'><img width=\"300\" height=\"300\" src=\"https:\/\/franciscanos.org.br\/noticias\/wp-content\/uploads\/2024\/10\/69afc72a-93bb-4f1a-b67d-a7c87d79c643-300x300.jpg\" class=\"attachment-thumbnail size-thumbnail\" alt=\"\" loading=\"lazy\" srcset=\"https:\/\/franciscanos.org.br\/noticias\/wp-content\/uploads\/2024\/10\/69afc72a-93bb-4f1a-b67d-a7c87d79c643-300x300.jpg 300w, https:\/\/franciscanos.org.br\/noticias\/wp-content\/uploads\/2024\/10\/69afc72a-93bb-4f1a-b67d-a7c87d79c643-100x100.jpg 100w\" sizes=\"(max-width: 300px) 100vw, 300px\" \/><\/a>\n\t\t\t<\/dt><\/dl><dl class='gallery-item'>\n\t\t\t<dt class='gallery-icon portrait'>\n\t\t\t\t<a href='https:\/\/franciscanos.org.br\/noticias\/wp-content\/uploads\/2024\/10\/711b5263-a1b8-4c2b-9890-10418ecef66b-1-scaled.jpg'><img width=\"300\" height=\"300\" src=\"https:\/\/franciscanos.org.br\/noticias\/wp-content\/uploads\/2024\/10\/711b5263-a1b8-4c2b-9890-10418ecef66b-1-300x300.jpg\" class=\"attachment-thumbnail size-thumbnail\" alt=\"\" loading=\"lazy\" srcset=\"https:\/\/franciscanos.org.br\/noticias\/wp-content\/uploads\/2024\/10\/711b5263-a1b8-4c2b-9890-10418ecef66b-1-300x300.jpg 300w, https:\/\/franciscanos.org.br\/noticias\/wp-content\/uploads\/2024\/10\/711b5263-a1b8-4c2b-9890-10418ecef66b-1-100x100.jpg 100w\" sizes=\"(max-width: 300px) 100vw, 300px\" \/><\/a>\n\t\t\t<\/dt><\/dl><br style=\"clear: both\" \/><dl class='gallery-item'>\n\t\t\t<dt class='gallery-icon portrait'>\n\t\t\t\t<a href='https:\/\/franciscanos.org.br\/noticias\/wp-content\/uploads\/2024\/10\/8145d151-3ecd-49ab-af3b-5582dd936095-1-scaled.jpg'><img width=\"300\" height=\"300\" src=\"https:\/\/franciscanos.org.br\/noticias\/wp-content\/uploads\/2024\/10\/8145d151-3ecd-49ab-af3b-5582dd936095-1-300x300.jpg\" class=\"attachment-thumbnail size-thumbnail\" alt=\"\" loading=\"lazy\" srcset=\"https:\/\/franciscanos.org.br\/noticias\/wp-content\/uploads\/2024\/10\/8145d151-3ecd-49ab-af3b-5582dd936095-1-300x300.jpg 300w, https:\/\/franciscanos.org.br\/noticias\/wp-content\/uploads\/2024\/10\/8145d151-3ecd-49ab-af3b-5582dd936095-1-100x100.jpg 100w\" sizes=\"(max-width: 300px) 100vw, 300px\" \/><\/a>\n\t\t\t<\/dt><\/dl><dl class='gallery-item'>\n\t\t\t<dt class='gallery-icon portrait'>\n\t\t\t\t<a href='https:\/\/franciscanos.org.br\/noticias\/wp-content\/uploads\/2024\/10\/c0fcd428-9c21-4f8f-ad71-229764242336-1-scaled.jpg'><img width=\"300\" height=\"300\" src=\"https:\/\/franciscanos.org.br\/noticias\/wp-content\/uploads\/2024\/10\/c0fcd428-9c21-4f8f-ad71-229764242336-1-300x300.jpg\" class=\"attachment-thumbnail size-thumbnail\" alt=\"\" loading=\"lazy\" srcset=\"https:\/\/franciscanos.org.br\/noticias\/wp-content\/uploads\/2024\/10\/c0fcd428-9c21-4f8f-ad71-229764242336-1-300x300.jpg 300w, https:\/\/franciscanos.org.br\/noticias\/wp-content\/uploads\/2024\/10\/c0fcd428-9c21-4f8f-ad71-229764242336-1-100x100.jpg 100w\" sizes=\"(max-width: 300px) 100vw, 300px\" \/><\/a>\n\t\t\t<\/dt><\/dl><dl class='gallery-item'>\n\t\t\t<dt class='gallery-icon portrait'>\n\t\t\t\t<a href='https:\/\/franciscanos.org.br\/noticias\/wp-content\/uploads\/2024\/10\/c3dfe413-9e69-4e19-a8b7-9f29de60f8d8-scaled.jpg'><img width=\"300\" height=\"300\" src=\"https:\/\/franciscanos.org.br\/noticias\/wp-content\/uploads\/2024\/10\/c3dfe413-9e69-4e19-a8b7-9f29de60f8d8-300x300.jpg\" class=\"attachment-thumbnail size-thumbnail\" alt=\"\" loading=\"lazy\" srcset=\"https:\/\/franciscanos.org.br\/noticias\/wp-content\/uploads\/2024\/10\/c3dfe413-9e69-4e19-a8b7-9f29de60f8d8-300x300.jpg 300w, https:\/\/franciscanos.org.br\/noticias\/wp-content\/uploads\/2024\/10\/c3dfe413-9e69-4e19-a8b7-9f29de60f8d8-100x100.jpg 100w\" sizes=\"(max-width: 300px) 100vw, 300px\" \/><\/a>\n\t\t\t<\/dt><\/dl><dl class='gallery-item'>\n\t\t\t<dt class='gallery-icon portrait'>\n\t\t\t\t<a href='https:\/\/franciscanos.org.br\/noticias\/wp-content\/uploads\/2024\/10\/cb472cb1-ad9c-4f3c-b77d-6f97df7a1939-scaled.jpg'><img width=\"300\" height=\"300\" src=\"https:\/\/franciscanos.org.br\/noticias\/wp-content\/uploads\/2024\/10\/cb472cb1-ad9c-4f3c-b77d-6f97df7a1939-300x300.jpg\" class=\"attachment-thumbnail size-thumbnail\" alt=\"\" loading=\"lazy\" srcset=\"https:\/\/franciscanos.org.br\/noticias\/wp-content\/uploads\/2024\/10\/cb472cb1-ad9c-4f3c-b77d-6f97df7a1939-300x300.jpg 300w, https:\/\/franciscanos.org.br\/noticias\/wp-content\/uploads\/2024\/10\/cb472cb1-ad9c-4f3c-b77d-6f97df7a1939-100x100.jpg 100w\" sizes=\"(max-width: 300px) 100vw, 300px\" \/><\/a>\n\t\t\t<\/dt><\/dl><br style=\"clear: both\" \/><dl class='gallery-item'>\n\t\t\t<dt class='gallery-icon portrait'>\n\t\t\t\t<a href='https:\/\/franciscanos.org.br\/noticias\/wp-content\/uploads\/2024\/10\/cd478b06-417c-4b23-b8e5-a96223e7bcbd-scaled.jpg'><img width=\"300\" height=\"300\" src=\"https:\/\/franciscanos.org.br\/noticias\/wp-content\/uploads\/2024\/10\/cd478b06-417c-4b23-b8e5-a96223e7bcbd-300x300.jpg\" class=\"attachment-thumbnail size-thumbnail\" alt=\"\" loading=\"lazy\" srcset=\"https:\/\/franciscanos.org.br\/noticias\/wp-content\/uploads\/2024\/10\/cd478b06-417c-4b23-b8e5-a96223e7bcbd-300x300.jpg 300w, https:\/\/franciscanos.org.br\/noticias\/wp-content\/uploads\/2024\/10\/cd478b06-417c-4b23-b8e5-a96223e7bcbd-100x100.jpg 100w\" sizes=\"(max-width: 300px) 100vw, 300px\" \/><\/a>\n\t\t\t<\/dt><\/dl><dl class='gallery-item'>\n\t\t\t<dt class='gallery-icon landscape'>\n\t\t\t\t<a href='https:\/\/franciscanos.org.br\/noticias\/wp-content\/uploads\/2024\/10\/CHAMADA-10.jpg'><img width=\"300\" height=\"300\" src=\"https:\/\/franciscanos.org.br\/noticias\/wp-content\/uploads\/2024\/10\/CHAMADA-10-300x300.jpg\" class=\"attachment-thumbnail size-thumbnail\" alt=\"\" loading=\"lazy\" srcset=\"https:\/\/franciscanos.org.br\/noticias\/wp-content\/uploads\/2024\/10\/CHAMADA-10-300x300.jpg 300w, https:\/\/franciscanos.org.br\/noticias\/wp-content\/uploads\/2024\/10\/CHAMADA-10-100x100.jpg 100w\" sizes=\"(max-width: 300px) 100vw, 300px\" \/><\/a>\n\t\t\t<\/dt><\/dl><dl class='gallery-item'>\n\t\t\t<dt class='gallery-icon landscape'>\n\t\t\t\t<a href='https:\/\/franciscanos.org.br\/noticias\/wp-content\/uploads\/2024\/10\/d0df0b3e-2fe2-46c0-a7b5-e9bb84535dea-1.jpg'><img width=\"300\" height=\"300\" src=\"https:\/\/franciscanos.org.br\/noticias\/wp-content\/uploads\/2024\/10\/d0df0b3e-2fe2-46c0-a7b5-e9bb84535dea-1-300x300.jpg\" class=\"attachment-thumbnail size-thumbnail\" alt=\"\" loading=\"lazy\" srcset=\"https:\/\/franciscanos.org.br\/noticias\/wp-content\/uploads\/2024\/10\/d0df0b3e-2fe2-46c0-a7b5-e9bb84535dea-1-300x300.jpg 300w, https:\/\/franciscanos.org.br\/noticias\/wp-content\/uploads\/2024\/10\/d0df0b3e-2fe2-46c0-a7b5-e9bb84535dea-1-100x100.jpg 100w\" sizes=\"(max-width: 300px) 100vw, 300px\" \/><\/a>\n\t\t\t<\/dt><\/dl><dl class='gallery-item'>\n\t\t\t<dt class='gallery-icon landscape'>\n\t\t\t\t<a href='https:\/\/franciscanos.org.br\/noticias\/wp-content\/uploads\/2024\/10\/IMG_5717-scaled.jpg'><img width=\"300\" height=\"300\" src=\"https:\/\/franciscanos.org.br\/noticias\/wp-content\/uploads\/2024\/10\/IMG_5717-300x300.jpg\" class=\"attachment-thumbnail size-thumbnail\" alt=\"\" loading=\"lazy\" srcset=\"https:\/\/franciscanos.org.br\/noticias\/wp-content\/uploads\/2024\/10\/IMG_5717-300x300.jpg 300w, https:\/\/franciscanos.org.br\/noticias\/wp-content\/uploads\/2024\/10\/IMG_5717-100x100.jpg 100w\" sizes=\"(max-width: 300px) 100vw, 300px\" \/><\/a>\n\t\t\t<\/dt><\/dl><br style=\"clear: both\" \/><dl class='gallery-item'>\n\t\t\t<dt class='gallery-icon portrait'>\n\t\t\t\t<a href='https:\/\/franciscanos.org.br\/noticias\/wp-content\/uploads\/2024\/10\/IMG_5722-scaled.jpg'><img width=\"300\" height=\"300\" src=\"https:\/\/franciscanos.org.br\/noticias\/wp-content\/uploads\/2024\/10\/IMG_5722-300x300.jpg\" class=\"attachment-thumbnail size-thumbnail\" alt=\"\" loading=\"lazy\" srcset=\"https:\/\/franciscanos.org.br\/noticias\/wp-content\/uploads\/2024\/10\/IMG_5722-300x300.jpg 300w, https:\/\/franciscanos.org.br\/noticias\/wp-content\/uploads\/2024\/10\/IMG_5722-100x100.jpg 100w\" sizes=\"(max-width: 300px) 100vw, 300px\" \/><\/a>\n\t\t\t<\/dt><\/dl><dl class='gallery-item'>\n\t\t\t<dt class='gallery-icon portrait'>\n\t\t\t\t<a href='https:\/\/franciscanos.org.br\/noticias\/wp-content\/uploads\/2024\/10\/IMG_5767-scaled.jpg'><img width=\"300\" height=\"300\" src=\"https:\/\/franciscanos.org.br\/noticias\/wp-content\/uploads\/2024\/10\/IMG_5767-300x300.jpg\" class=\"attachment-thumbnail size-thumbnail\" alt=\"\" loading=\"lazy\" srcset=\"https:\/\/franciscanos.org.br\/noticias\/wp-content\/uploads\/2024\/10\/IMG_5767-300x300.jpg 300w, https:\/\/franciscanos.org.br\/noticias\/wp-content\/uploads\/2024\/10\/IMG_5767-100x100.jpg 100w\" sizes=\"(max-width: 300px) 100vw, 300px\" \/><\/a>\n\t\t\t<\/dt><\/dl><dl class='gallery-item'>\n\t\t\t<dt class='gallery-icon portrait'>\n\t\t\t\t<a href='https:\/\/franciscanos.org.br\/noticias\/wp-content\/uploads\/2024\/10\/IMG_5910-scaled.jpg'><img width=\"300\" height=\"300\" src=\"https:\/\/franciscanos.org.br\/noticias\/wp-content\/uploads\/2024\/10\/IMG_5910-300x300.jpg\" class=\"attachment-thumbnail size-thumbnail\" alt=\"\" loading=\"lazy\" srcset=\"https:\/\/franciscanos.org.br\/noticias\/wp-content\/uploads\/2024\/10\/IMG_5910-300x300.jpg 300w, https:\/\/franciscanos.org.br\/noticias\/wp-content\/uploads\/2024\/10\/IMG_5910-100x100.jpg 100w\" sizes=\"(max-width: 300px) 100vw, 300px\" \/><\/a>\n\t\t\t<\/dt><\/dl><dl class='gallery-item'>\n\t\t\t<dt class='gallery-icon portrait'>\n\t\t\t\t<a href='https:\/\/franciscanos.org.br\/noticias\/wp-content\/uploads\/2024\/10\/IMG_5939-scaled.jpg'><img width=\"300\" height=\"300\" src=\"https:\/\/franciscanos.org.br\/noticias\/wp-content\/uploads\/2024\/10\/IMG_5939-300x300.jpg\" class=\"attachment-thumbnail size-thumbnail\" alt=\"\" loading=\"lazy\" srcset=\"https:\/\/franciscanos.org.br\/noticias\/wp-content\/uploads\/2024\/10\/IMG_5939-300x300.jpg 300w, https:\/\/franciscanos.org.br\/noticias\/wp-content\/uploads\/2024\/10\/IMG_5939-100x100.jpg 100w\" sizes=\"(max-width: 300px) 100vw, 300px\" \/><\/a>\n\t\t\t<\/dt><\/dl><br style=\"clear: both\" \/>\n\t\t<\/div>\n\n","protected":false},"excerpt":{"rendered":"<p>Festa franciscana<\/p>\n","protected":false},"author":11,"featured_media":251365,"comment_status":"open","ping_status":"open","sticky":false,"template":"","format":"standard","meta":[],"categories":[1],"tags":[2171,1896],"acf":[],"yoast_head":"<!-- This site is optimized with the Yoast SEO plugin v19.2 - https:\/\/yoast.com\/wordpress\/plugins\/seo\/ -->\n<title>Colatina celebra o legado de S\u00e3o Francisco de Assis nas festividades franciscanas - Not\u00edcias - Franciscanos<\/title>\n<meta name=\"robots\" content=\"index, follow, max-snippet:-1, max-image-preview:large, max-video-preview:-1\" \/>\n<link rel=\"canonical\" href=\"https:\/\/franciscanos.org.br\/noticias\/colatina-celebra-o-legado-de-sao-francisco-de-assis-nas-festividades-franciscanas.html\" \/>\n<meta property=\"og:locale\" content=\"pt_BR\" \/>\n<meta property=\"og:type\" content=\"article\" \/>\n<meta property=\"og:title\" content=\"Colatina celebra o legado de S\u00e3o Francisco de Assis nas festividades franciscanas - Not\u00edcias - Franciscanos\" \/>\n<meta property=\"og:description\" content=\"Festa franciscana\" \/>\n<meta property=\"og:url\" content=\"https:\/\/franciscanos.org.br\/noticias\/colatina-celebra-o-legado-de-sao-francisco-de-assis-nas-festividades-franciscanas.html\" \/>\n<meta property=\"og:site_name\" content=\"Not\u00edcias - Franciscanos\" \/>\n<meta property=\"article:published_time\" content=\"2024-10-07T19:51:15+00:00\" \/>\n<meta property=\"article:modified_time\" content=\"2024-10-07T19:52:18+00:00\" \/>\n<meta property=\"og:image\" content=\"https:\/\/franciscanos.org.br\/noticias\/wp-content\/uploads\/2024\/10\/CHAMADA-2-1.jpg\" \/>\n\t<meta property=\"og:image:width\" content=\"800\" \/>\n\t<meta property=\"og:image:height\" content=\"550\" \/>\n\t<meta property=\"og:image:type\" content=\"image\/jpeg\" \/>\n<meta name=\"author\" content=\"Adriana Rabelo\" \/>\n<meta name=\"twitter:card\" content=\"summary_large_image\" \/>\n<meta name=\"twitter:label1\" content=\"Escrito por\" \/>\n\t<meta name=\"twitter:data1\" content=\"Adriana Rabelo\" \/>\n\t<meta name=\"twitter:label2\" content=\"Est. tempo de leitura\" \/>\n\t<meta name=\"twitter:data2\" content=\"9 minutos\" \/>\n<script type=\"application\/ld+json\" class=\"yoast-schema-graph\">{\"@context\":\"https:\/\/schema.org\",\"@graph\":[{\"@type\":\"WebSite\",\"@id\":\"https:\/\/franciscanos.org.br\/noticias\/#website\",\"url\":\"https:\/\/franciscanos.org.br\/noticias\/\",\"name\":\"Not\u00edcias - Franciscanos\",\"description\":\"Prov\u00edncia Franciscana da Imaculada Concei\u00e7\u00e3o do Brasil - Ordem dos Frades Menores - OFM\",\"potentialAction\":[{\"@type\":\"SearchAction\",\"target\":{\"@type\":\"EntryPoint\",\"urlTemplate\":\"https:\/\/franciscanos.org.br\/noticias\/?s={search_term_string}\"},\"query-input\":\"required name=search_term_string\"}],\"inLanguage\":\"pt-BR\"},{\"@type\":\"ImageObject\",\"inLanguage\":\"pt-BR\",\"@id\":\"https:\/\/franciscanos.org.br\/noticias\/colatina-celebra-o-legado-de-sao-francisco-de-assis-nas-festividades-franciscanas.html#primaryimage\",\"url\":\"https:\/\/franciscanos.org.br\/noticias\/wp-content\/uploads\/2024\/10\/CHAMADA-2-1.jpg\",\"contentUrl\":\"https:\/\/franciscanos.org.br\/noticias\/wp-content\/uploads\/2024\/10\/CHAMADA-2-1.jpg\",\"width\":800,\"height\":550},{\"@type\":\"WebPage\",\"@id\":\"https:\/\/franciscanos.org.br\/noticias\/colatina-celebra-o-legado-de-sao-francisco-de-assis-nas-festividades-franciscanas.html#webpage\",\"url\":\"https:\/\/franciscanos.org.br\/noticias\/colatina-celebra-o-legado-de-sao-francisco-de-assis-nas-festividades-franciscanas.html\",\"name\":\"Colatina celebra o legado de S\u00e3o Francisco de Assis nas festividades franciscanas - Not\u00edcias - Franciscanos\",\"isPartOf\":{\"@id\":\"https:\/\/franciscanos.org.br\/noticias\/#website\"},\"primaryImageOfPage\":{\"@id\":\"https:\/\/franciscanos.org.br\/noticias\/colatina-celebra-o-legado-de-sao-francisco-de-assis-nas-festividades-franciscanas.html#primaryimage\"},\"datePublished\":\"2024-10-07T19:51:15+00:00\",\"dateModified\":\"2024-10-07T19:52:18+00:00\",\"author\":{\"@id\":\"https:\/\/franciscanos.org.br\/noticias\/#\/schema\/person\/d9422e83121c3ad3b0f423d195f5bb25\"},\"breadcrumb\":{\"@id\":\"https:\/\/franciscanos.org.br\/noticias\/colatina-celebra-o-legado-de-sao-francisco-de-assis-nas-festividades-franciscanas.html#breadcrumb\"},\"inLanguage\":\"pt-BR\",\"potentialAction\":[{\"@type\":\"ReadAction\",\"target\":[\"https:\/\/franciscanos.org.br\/noticias\/colatina-celebra-o-legado-de-sao-francisco-de-assis-nas-festividades-franciscanas.html\"]}]},{\"@type\":\"BreadcrumbList\",\"@id\":\"https:\/\/franciscanos.org.br\/noticias\/colatina-celebra-o-legado-de-sao-francisco-de-assis-nas-festividades-franciscanas.html#breadcrumb\",\"itemListElement\":[{\"@type\":\"ListItem\",\"position\":1,\"name\":\"Home\",\"item\":\"https:\/\/franciscanos.org.br\/noticias\"},{\"@type\":\"ListItem\",\"position\":2,\"name\":\"Colatina celebra o legado de S\u00e3o Francisco de Assis nas festividades franciscanas\"}]},{\"@type\":\"Person\",\"@id\":\"https:\/\/franciscanos.org.br\/noticias\/#\/schema\/person\/d9422e83121c3ad3b0f423d195f5bb25\",\"name\":\"Adriana Rabelo\",\"image\":{\"@type\":\"ImageObject\",\"inLanguage\":\"pt-BR\",\"@id\":\"https:\/\/franciscanos.org.br\/noticias\/#\/schema\/person\/image\/\",\"url\":\"https:\/\/secure.gravatar.com\/avatar\/0a937b7500cd7df77540cfb8bede877d?s=96&d=mm&r=g\",\"contentUrl\":\"https:\/\/secure.gravatar.com\/avatar\/0a937b7500cd7df77540cfb8bede877d?s=96&d=mm&r=g\",\"caption\":\"Adriana Rabelo\"},\"url\":\"https:\/\/franciscanos.org.br\/noticias\/author\/adrianarabelo\"}]}<\/script>\n<!-- \/ Yoast SEO plugin. -->","yoast_head_json":{"title":"Colatina celebra o legado de S\u00e3o Francisco de Assis nas festividades franciscanas - Not\u00edcias - Franciscanos","robots":{"index":"index","follow":"follow","max-snippet":"max-snippet:-1","max-image-preview":"max-image-preview:large","max-video-preview":"max-video-preview:-1"},"canonical":"https:\/\/franciscanos.org.br\/noticias\/colatina-celebra-o-legado-de-sao-francisco-de-assis-nas-festividades-franciscanas.html","og_locale":"pt_BR","og_type":"article","og_title":"Colatina celebra o legado de S\u00e3o Francisco de Assis nas festividades franciscanas - Not\u00edcias - Franciscanos","og_description":"Festa franciscana","og_url":"https:\/\/franciscanos.org.br\/noticias\/colatina-celebra-o-legado-de-sao-francisco-de-assis-nas-festividades-franciscanas.html","og_site_name":"Not\u00edcias - Franciscanos","article_published_time":"2024-10-07T19:51:15+00:00","article_modified_time":"2024-10-07T19:52:18+00:00","og_image":[{"width":800,"height":550,"url":"https:\/\/franciscanos.org.br\/noticias\/wp-content\/uploads\/2024\/10\/CHAMADA-2-1.jpg","type":"image\/jpeg"}],"author":"Adriana Rabelo","twitter_card":"summary_large_image","twitter_misc":{"Escrito por":"Adriana Rabelo","Est. tempo de leitura":"9 minutos"},"schema":{"@context":"https:\/\/schema.org","@graph":[{"@type":"WebSite","@id":"https:\/\/franciscanos.org.br\/noticias\/#website","url":"https:\/\/franciscanos.org.br\/noticias\/","name":"Not\u00edcias - Franciscanos","description":"Prov\u00edncia Franciscana da Imaculada Concei\u00e7\u00e3o do Brasil - Ordem dos Frades Menores - OFM","potentialAction":[{"@type":"SearchAction","target":{"@type":"EntryPoint","urlTemplate":"https:\/\/franciscanos.org.br\/noticias\/?s={search_term_string}"},"query-input":"required name=search_term_string"}],"inLanguage":"pt-BR"},{"@type":"ImageObject","inLanguage":"pt-BR","@id":"https:\/\/franciscanos.org.br\/noticias\/colatina-celebra-o-legado-de-sao-francisco-de-assis-nas-festividades-franciscanas.html#primaryimage","url":"https:\/\/franciscanos.org.br\/noticias\/wp-content\/uploads\/2024\/10\/CHAMADA-2-1.jpg","contentUrl":"https:\/\/franciscanos.org.br\/noticias\/wp-content\/uploads\/2024\/10\/CHAMADA-2-1.jpg","width":800,"height":550},{"@type":"WebPage","@id":"https:\/\/franciscanos.org.br\/noticias\/colatina-celebra-o-legado-de-sao-francisco-de-assis-nas-festividades-franciscanas.html#webpage","url":"https:\/\/franciscanos.org.br\/noticias\/colatina-celebra-o-legado-de-sao-francisco-de-assis-nas-festividades-franciscanas.html","name":"Colatina celebra o legado de S\u00e3o Francisco de Assis nas festividades franciscanas - Not\u00edcias - Franciscanos","isPartOf":{"@id":"https:\/\/franciscanos.org.br\/noticias\/#website"},"primaryImageOfPage":{"@id":"https:\/\/franciscanos.org.br\/noticias\/colatina-celebra-o-legado-de-sao-francisco-de-assis-nas-festividades-franciscanas.html#primaryimage"},"datePublished":"2024-10-07T19:51:15+00:00","dateModified":"2024-10-07T19:52:18+00:00","author":{"@id":"https:\/\/franciscanos.org.br\/noticias\/#\/schema\/person\/d9422e83121c3ad3b0f423d195f5bb25"},"breadcrumb":{"@id":"https:\/\/franciscanos.org.br\/noticias\/colatina-celebra-o-legado-de-sao-francisco-de-assis-nas-festividades-franciscanas.html#breadcrumb"},"inLanguage":"pt-BR","potentialAction":[{"@type":"ReadAction","target":["https:\/\/franciscanos.org.br\/noticias\/colatina-celebra-o-legado-de-sao-francisco-de-assis-nas-festividades-franciscanas.html"]}]},{"@type":"BreadcrumbList","@id":"https:\/\/franciscanos.org.br\/noticias\/colatina-celebra-o-legado-de-sao-francisco-de-assis-nas-festividades-franciscanas.html#breadcrumb","itemListElement":[{"@type":"ListItem","position":1,"name":"Home","item":"https:\/\/franciscanos.org.br\/noticias"},{"@type":"ListItem","position":2,"name":"Colatina celebra o legado de S\u00e3o Francisco de Assis nas festividades franciscanas"}]},{"@type":"Person","@id":"https:\/\/franciscanos.org.br\/noticias\/#\/schema\/person\/d9422e83121c3ad3b0f423d195f5bb25","name":"Adriana Rabelo","image":{"@type":"ImageObject","inLanguage":"pt-BR","@id":"https:\/\/franciscanos.org.br\/noticias\/#\/schema\/person\/image\/","url":"https:\/\/secure.gravatar.com\/avatar\/0a937b7500cd7df77540cfb8bede877d?s=96&d=mm&r=g","contentUrl":"https:\/\/secure.gravatar.com\/avatar\/0a937b7500cd7df77540cfb8bede877d?s=96&d=mm&r=g","caption":"Adriana Rabelo"},"url":"https:\/\/franciscanos.org.br\/noticias\/author\/adrianarabelo"}]}},"_links":{"self":[{"href":"https:\/\/franciscanos.org.br\/noticias\/wp-json\/wp\/v2\/posts\/251364"}],"collection":[{"href":"https:\/\/franciscanos.org.br\/noticias\/wp-json\/wp\/v2\/posts"}],"about":[{"href":"https:\/\/franciscanos.org.br\/noticias\/wp-json\/wp\/v2\/types\/post"}],"author":[{"embeddable":true,"href":"https:\/\/franciscanos.org.br\/noticias\/wp-json\/wp\/v2\/users\/11"}],"replies":[{"embeddable":true,"href":"https:\/\/franciscanos.org.br\/noticias\/wp-json\/wp\/v2\/comments?post=251364"}],"version-history":[{"count":3,"href":"https:\/\/franciscanos.org.br\/noticias\/wp-json\/wp\/v2\/posts\/251364\/revisions"}],"predecessor-version":[{"id":251421,"href":"https:\/\/franciscanos.org.br\/noticias\/wp-json\/wp\/v2\/posts\/251364\/revisions\/251421"}],"wp:featuredmedia":[{"embeddable":true,"href":"https:\/\/franciscanos.org.br\/noticias\/wp-json\/wp\/v2\/media\/251365"}],"wp:attachment":[{"href":"https:\/\/franciscanos.org.br\/noticias\/wp-json\/wp\/v2\/media?parent=251364"}],"wp:term":[{"taxonomy":"category","embeddable":true,"href":"https:\/\/franciscanos.org.br\/noticias\/wp-json\/wp\/v2\/categories?post=251364"},{"taxonomy":"post_tag","embeddable":true,"href":"https:\/\/franciscanos.org.br\/noticias\/wp-json\/wp\/v2\/tags?post=251364"}],"curies":[{"name":"wp","href":"https:\/\/api.w.org\/{rel}","templated":true}]}}